{"id":1537,"date":"2012-02-02T10:39:01","date_gmt":"2012-02-02T09:39:01","guid":{"rendered":"http:\/\/fjala.shkoder.net\/?p=1537"},"modified":"2012-02-02T10:39:01","modified_gmt":"2012-02-02T09:39:01","slug":"perqeshja-aktoreske-per-gjykaten-kushtetuese","status":"publish","type":"post","link":"https:\/\/fjala.info\/2009-2015\/perqeshja-aktoreske-per-gjykaten-kushtetuese\/","title":{"rendered":"P\u00ebrqeshja aktoreske p\u00ebr Gjykat\u00ebn Kushtetuese"},"content":{"rendered":"<p><img decoding=\"async\" class=\"alignright size-thumbnail wp-image-7236\" title=\"Myslim Pasha\" src=\"http:\/\/www.shkoder.net\/images\/fjala\/2010\/myslym_pasha.jpg\" alt=\"\" width=\"200\" \/> <strong>Myslim Pasha<\/strong><br \/>\n(<em>kolonel n\u00eb lirim<\/em>)<\/p>\n<p>Ajo q\u00eb ndodh me Ministrat e sot\u00ebm shqiptar\u00eb \u00ebsht\u00eb nj\u00eb dukuri vart\u00ebsie e r\u00ebndomt\u00eb dhe mjerane, vart\u00ebsie prej nj\u00eb z\u00ebri unik t\u00eb detyruesh\u00ebm q\u00eb rrjedh prej kolon\u00ebs zanore t\u00eb Kryeministrit. \u00cbsht\u00eb nj\u00eb gj\u00eb tanim\u00eb e njohur, e nj\u00eb disipline tipike e Kryez\u00ebrit, jasht\u00eb t\u00eb cilit nuk mund t\u00eb mbijetoj\u00eb \u00e7do mendim apo gjykim q\u00eb lidhet me p\u00ebrgjegj\u00ebsin\u00eb e detyr\u00ebs, q\u00eb mund ta mbroj\u00eb, aksh Minist\u00ebr.<\/p>\n<p>N\u00eb nj\u00eb intervist\u00eb t\u00eb gjat\u00eb, por edhe ballafaquese me gazetar\u00eb, n\u00eb \u201cOra News\u201d Ministri i Mbrojtjes, Arben Imami, pati disa ndryshime nga gjuha e Kryez\u00ebrit t\u00eb tij, ai u p\u00ebrpoq q\u00eb n\u00ebp\u00ebrmjet mjeteve shpreh\u00ebse, t\u00eb ishte pak m\u00eb ndrysh\u00ebm, p\u00ebr t\u2019u dukur sa m\u00eb origjinal, gatuar me gjeste aktoriale, por si kurdoher\u00eb\u2026 kur ai ka d\u00ebshtuar n\u00eb kumtesat e tij edhe k\u00ebsaj radhe jo vet\u00ebm q\u00eb d\u00ebshtoi, por \u201cpa dashje\u2026\u201d n\u00eb pyetjen p\u00ebr Paktin Detar, u paraqit si me nj\u00eb habi, gjase \u201csi mund t\u00eb b\u00ebhet kjo pyetje\u2026\u201d duke treguar se sa posht\u00eb kish r\u00ebn\u00eb gjykimi i Kushtetueses\u2026 ai tha:<\/p>\n<p>\u201c \u2026\u00cbh\u00eb\u2026 Gjykata Kushtetuese!?\u201d p\u00ebr t\u00eb kuptuar ne t\u00eb tjer\u00ebt se \u2026dihet se \u00e7\u2019katranosi ajo\u2026 Pastaj l\u00ebshoi fraz\u00ebn e Kryez\u00ebrit: \u201cQeveria ka b\u00ebr\u00eb mir\u00eb pun\u00ebn e saj!\u201d<\/p>\n<p>Kjo ishte edhe mbyllja, p\u00ebr t\u00eb kuptuar, se ajo Marr\u00ebveshje ka qen\u00eb korrekte, dhe meqen\u00ebse ka qen\u00eb e till\u00eb, do t\u00eb mbetet po e k\u00ebsillojt\u00eb, prandaj s\u2019kemi se ku t\u00eb shkojm\u00eb, po ve\u00e7se n\u00eb at\u00eb vij\u00eb fatale, t\u00eb cil\u00ebn e kish hedhur posht\u00eb, ajo, Gjykata Kushtetuese.<\/p>\n<p>E t\u00ebra, kjo, \u00ebsht\u00eb e rrezikshme. Ul\u00ebrit\u00ebse! Nj\u00eb kamban\u00eb alarmi. Prandaj, ka muaj me radh\u00eb, q\u00eb l\u00ebvizin n\u00eb rrethina, si n\u00ebp\u00ebr vrima, p\u00ebr t\u00eb gjetur specialist\u00eb; trokasin edhe s\u00eb fundmi edhe n\u00eb Akademin\u00eb e Shkencave, apo Institute t\u00eb tjera p\u00ebr t\u00eb pasur nj\u00eb ekip, i cili t\u00eb mbroj\u00eb Projektin e Qeveris\u00eb\u2026<\/p>\n<p>Prandaj dhe Ministri me nj\u00eb indiferenc\u00eb tha n\u00eb intervist\u00eb me gjysm\u00eb z\u00ebri:<\/p>\n<p>\u201c \u2026 ne do t\u00eb \u00e7ojm\u00eb specialistin ton\u00eb\u201d<\/p>\n<p>Po \u00e7\u2019b\u00ebhet vall\u00eb me Shqip\u00ebrin\u00eb? T\u00eb kesh nj\u00eb Institut Komb\u00ebtar (Instituti Gjeografik Ushtarak i Shqip\u00ebris\u00eb), i cili si detyra par\u00ebsore t\u00eb tij, ka hartografin\u00eb e kufijve shtet\u00ebror\u00eb dhe p\u00ebr t\u00eb p\u00ebrgjigjet, t\u00eb k\u00ebrkosh specialist\u00eb, kur ishte dashur q\u00eb n\u00eb k\u00ebta tre vjet t\u00eb b\u00ebheshin diskutime, analiza, trajtesa dhe argumente p\u00ebr t\u2019i dh\u00ebn\u00eb nj\u00eb p\u00ebrgjigje teknike dhe ligjore nj\u00eb Marr\u00ebveshjeje detare q\u00eb solli aq shum\u00eb probleme, kjo \u00ebsht\u00eb e papranueshme.<\/p>\n<p>U botua nj\u00eb lib\u00ebr i gjat\u00eb dhe i holl\u00ebsish\u00ebm, \u201cDeti q\u00eb nuk falet\u201d, nga oponenti i Paktit dhe askush nuk u kujtua q\u00eb t\u2019i kund\u00ebrvihej argumenteve q\u00eb u soll\u00ebn. Kjo do t\u00eb leht\u00ebsonte pun\u00ebn n\u00eb t\u00eb ardhmen\u2026 U tregua se institucionet shqiptare e kan\u00eb ndar\u00eb mendjen q\u00eb nuk do t\u00eb merren me k\u00ebt\u00eb problem, pasi \u201c\u2026nuk do t\u00eb diskutohet me oponentin, sepse kur je kund\u00ebr Qeveris\u00eb, s\u2019mund t\u00eb kesh tipizim tjet\u00ebr ve\u00e7se nj\u00eb armik\u2026\u201d<\/p>\n<p>K\u00ebtu fillon krimi\u2026 nd\u00ebrsa \u00ebsht\u00eb kryer nj\u00eb vep\u00ebr q\u00eb nuk dihet se si u gatua, dhe u kalua n\u00ebp\u00ebr duar, e \u00e7\u2019gjurm\u00eb la ajo n\u00eb politik\u00ebn dhe demokracin\u00eb shqiptare.<\/p>\n<p>Pas nj\u00eb oponence dhe nj\u00eb diskutimi shum\u00eb t\u00eb gjer\u00eb n\u00eb opinion, Gjykata Kushtetuese e Shqip\u00ebris\u00eb e hodhi posht\u00eb. Pas k\u00ebsaj edhe pse mund t\u00eb mos jesh i bindur, ai \u00ebsht\u00eb nj\u00eb vendim q\u00eb do t\u00eb t\u00eb v\u00ebr\u00eb n\u00eb mendim dhe analiz\u00eb, duke t\u00eb t\u00eb sjell\u00eb g\u00ebrryerjen e nd\u00ebrgjegjes, deri n\u00eb hulumtim t\u00eb holl\u00ebsish\u00ebm se \u00e7\u2019ka ndodhi e si ndodhi? Aq m\u00eb tep\u00ebr, kjo nuk \u00ebsht\u00eb nj\u00eb \u00e7\u00ebshtje, aq e thjesht\u00eb, sepse ka t\u00eb b\u00ebj\u00eb me interesa t\u00eb m\u00ebdha komb\u00ebtare, politike, ekonomike, strategjike dhe gjeopolitike, gjithashtu.<\/p>\n<p>K\u00ebsilloj, n\u00ebse ngrihesh kund\u00ebr k\u00ebtij vendimi (dhe Ministri pothuajse u ngrit n\u00eb at\u00eb intervist\u00eb kund\u00ebr Gjykat\u00ebs) k\u00ebtu fillon krimi.<\/p>\n<p>Po p\u00ebr cilin krim jemi duke folur!? Se ne jemi m\u00ebsuar me krime t\u00eb ep\u00ebrme q\u00eb ndodhin n\u00eb Shqip\u00ebri, dhe q\u00eb nuk nd\u00ebshkohen. Ato jan\u00eb t\u00eb shumta dhe shokuese, p\u00ebr shqiptarin e sot\u00ebm po edhe at\u00eb n\u00eb nes\u00ebrm, kur do t\u00eb shkruhet historia e v\u00ebrtet\u00eb e koh\u00ebs q\u00eb po jetojm\u00eb.<\/p>\n<p>Nd\u00ebrkaq, ky krim i p\u00ebrgatitur, ishte ndaj kombit, se k\u00ebtu, more tungjatjeta, nuk ke b\u00ebr\u00eb nj\u00eb matje t\u00eb gabuar, t\u00eb pron\u00ebs t\u00eb ish-pronarit, q\u00eb ia dhe padrejt\u00ebsisht nj\u00eb tjetri, n\u00eb m\u00ebnyr\u00eb antiligjore (si\u00e7 ka ndodhur r\u00ebndom), por ke b\u00ebr\u00eb nj\u00eb vep\u00ebr, me pasoja t\u00eb m\u00ebdha, n\u00eb shp\u00ebrfilljen komb\u00ebtare, duke cenuar gjeohap\u00ebsirat iliro-arb\u00ebrore.<\/p>\n<p>U b\u00eb nj\u00eb nder i madh, shp\u00ebtues, prej Gjykat\u00ebs Kushtetuese, sepse ajo vep\u00ebr nuk shkoi n\u00eb ratifikim, n\u00eb Athin\u00eb. A nuk mjaftoi kjo, p\u00ebr t\u00eb marr\u00eb frym\u00eb t\u00eb leht\u00ebsuar, edhe pse si aktor, e pat\u00ebt harruar tekstin dhe nuk po d\u00ebgjohej as sufleri n\u00eb vrim\u00ebz\u00ebn e tij!?<\/p>\n<p>Kushtetuesja solli liri zoti Minist\u00ebr i Mbrojtjes, por edhe p\u00ebr at\u00eb pararend\u00ebsin tuaj, i cili nuk u ndodh n\u00eb faz\u00ebn, kur jepej shfaqja e fundit e tragjedis\u00eb, Gazmend Oket\u00ebs. Ai gjeti nj\u00eb shprehje matematike p\u00ebr qes\u00ebndi, ndaj oponent\u00ebve duke iu th\u00ebn\u00eb atyre se \u201cnuk dinin se kush ishte rr\u00ebnja katrore e \u201c1\u201d.<\/p>\n<p>Ndaj jush dhe nj\u00eb zinxhiri t\u00eb t\u00ebr\u00eb pas tij: ministra, gjeneral\u00eb, diplomat\u00eb t\u00eb lart\u00eb, nuk i zuri asnj\u00eb er\u00eb e asnj\u00eb shenj\u00eb nd\u00ebshkimore, por p\u00ebrkund\u00ebr, t\u00eb gjith\u00eb ju, ec\u00ebt, u ngrit\u00ebt dhe u ngjit\u00ebt n\u00eb shkall\u00eb t\u00eb ep\u00ebrme nderimi dhe karriere, si\u00e7 e di gjith\u00eb opinioni shqiptar, e ashtu pa z\u00eb, por vet\u00ebm nd\u00ebn simbole prepotence, keni l\u00ebn\u00eb t\u00eb n\u00ebnkuptohet, se \u201cKushtetuesja ka b\u00ebr\u00eb pun\u00eb e saj, por ama edhe Qeveria ka b\u00ebr\u00eb pun\u00ebn e saj me pik\u00eb e me presje\u2026\u201d, p\u00ebr t\u00eb kujtuar se kjo Qeveria juaj nuk ka gabuar.<\/p>\n<p>At\u00ebher\u00eb kush ka gabuar? K\u00ebtu q\u00ebndron edhe drama e turpit t\u00eb madh, brenda humbell\u00ebs, q\u00eb \u00ebsht\u00eb hapur ndaj interesave komb\u00ebtare. Se si\u00e7 mund t\u00eb kuptojm\u00eb ne t\u00eb tjer\u00ebt, q\u00eb nuk jemi n\u00eb ato lart\u00ebsi, n\u00ebse Qeveria do t\u00eb pranonte se kish gabuar, s\u2019kish rrug\u00eb tjet\u00ebr, ve\u00e7se t\u00eb nes\u00ebrmen e vendimit t\u00eb Gjykat\u00ebs, ky Kryeministri, duhet t\u00eb kish dh\u00ebn\u00eb dor\u00ebheqjen dhe pas k\u00ebsaj do t\u00eb vinin nj\u00ebra pas tjetr\u00ebs edhe p\u00ebrgjegj\u00ebsit\u00eb q\u00eb ju t\u00eb tjer\u00ebt mbanit\u2026 Pastaj, n\u00eb kronika do t\u00eb shfaqeshin njollat e turpit q\u00eb s\u2019mund t\u00eb fshiheshin kurr\u00eb. Mir\u00ebpo, ju, mesa duket, edhe me thonj do t\u00eb mbaheni tek \u201c\u2026drejt\u00ebsia e vepr\u00ebs suaj\u2026\u201d dhe p\u00ebr k\u00ebt\u00eb jeni gati q\u00eb t\u00eb sillni avokat\u00eb nga Jasht\u00ebtok\u00ebsor\u00eb, q\u00eb t\u2019u nxjerrin ball\u00ebhapur n\u00eb \u201cperformanc\u00ebn\u201d tuaj. Deri k\u00ebtu keni arritur!!<\/p>\n<p>Si nuk u kujtuat q\u00eb t\u00eb shihnit, n\u00eb heshtjen tuaj hulumtuese dhe aktoreske, q\u00eb n\u00eb kronik\u00ebn e asaj dite d\u00ebshtuese, kur jepte vendim Gjykata Kushtetuese, t\u00eb d\u00ebgjonit se \u00e7\u2019thosh nj\u00eb Admiral Shqiptar, por edhe nj\u00eb Juriste e s\u00eb Drejt\u00ebs Nd\u00ebrkomb\u00ebtare. Do t\u00eb \u00e7aplonit syt\u00eb dhe nuk do t\u2019u besonit ndijimit tuaj dhe po ashtu z\u00ebrit t\u00eb regjistruar, kur Admirali deklaroi n\u00eb sy dhe vesh\u00eb t\u00eb Gjykat\u00ebs Kushtetuese se \u201cGreqia meritoi m\u00eb shum\u00eb det, se ajo ka nj\u00eb Flot\u00eb detare m\u00eb t\u00eb madhe\u2026\u201d<\/p>\n<p>Gjyqtar\u00ebt u shkreh\u00ebn dhe u skandalizuan n\u00eb k\u00ebt\u00eb p\u00ebrgjigje, e cila u p\u00ebrs\u00ebrit edhe nga Juristja, \u00e7ka tregoi se n\u00eb \u00e7\u2019derexhe kish arritur Qeveria, t\u00eb mbronte vepr\u00ebn e turpit. Kurrkujt nuk ia merrte mendja q\u00eb do t\u00eb binte n\u00eb k\u00ebt\u00eb \u201cgjiriz\u201d t\u00eb madh.<\/p>\n<p>(K\u00ebrkojeni kronik\u00ebn\u2026 dhe do ta gjeni n\u00eb Procesverbalet e Gjykat\u00ebs Kushtetuese ose n\u00eb mediumet e asaj dite\u2026)<\/p>\n<p>Si mund t\u00eb ndodh\u00eb k\u00ebshtu !? N\u00eb hark t\u00eb tre vjet\u00ebve q\u00eb ndodhi ai Pakt Detar fam\u00ebkeq dhe ju vijoni Minist\u00ebr, sikund\u00ebr dhe Lul\u00ebzim Basha firm\u00ebtari, vijon t\u00eb \u201cndrij\u00eb\u2019 n\u00eb karrier\u00ebn e tij politike, dhe Ilir Meta edhe pse \u201ci dh..r\u00eb\u201d nj\u00ebmij\u00eb her\u00eb, llapashit s\u00ebrish n\u00eb uj\u00ebra, p\u00ebr t\u00eb dal\u00eb n\u00eb lart\u00ebsit\u00eb e qeveris\u00ebse\u2026si vall\u00eb mund t\u00eb luani kaq lirsh\u00ebm me dinjitetin komb\u00ebtar q\u00eb e mbrojti Gjykata Kushtetuese? Ju n\u00eb vij\u00ebn e mullirit tuaj t\u00eb prishur e \u00e7oni ujin n\u00eb hauzin e kujt vall\u00eb!? Ju, sot e k\u00ebsaj dite nuk doni t\u2019ia dini, dhe filloni t\u00eb \u00e7elni gjethe t\u00eb reja n\u00eb secil\u00ebn pranver\u00eb, po ato jan\u00eb \u201cLule t\u00eb s\u00eb keqes\u201d po t\u00eb perifrazojm\u00eb poetin Sharl Bodler. Pala greke (n\u00eb k\u00ebt\u00eb rast e pafajshme) pret ratifikimin n\u00eb Athin\u00eb.<\/p>\n<p>Historia e atij Pakti Detar, nuk \u00ebsht\u00eb thjesht nj\u00eb d\u00ebshmi tekniko-ligjore-diplomatike e ushtarake, por nj\u00eb vep\u00ebr, e cila nxori n\u00eb drit\u00eb t\u00eb diellit, nj\u00eb doktrin\u00eb qeverisjeje antikomb\u00ebtare, si kurr\u00eb ndonj\u00ebher\u00eb tjet\u00ebr.<\/p>\n","protected":false},"excerpt":{"rendered":"<p>Myslim Pasha (kolonel n\u00eb lirim) Ajo q\u00eb ndodh me Ministrat e sot\u00ebm shqiptar\u00eb \u00ebsht\u00eb nj\u00eb dukuri vart\u00ebsie e r\u00ebndomt\u00eb dhe mjerane, vart\u00ebsie prej nj\u00eb z\u00ebri unik t\u00eb detyruesh\u00ebm q\u00eb rrjedh prej kolon\u00ebs zanore t\u00eb Kryeministrit. \u00cbsht\u00eb nj\u00eb gj\u00eb tanim\u00eb e njohur, e nj\u00eb disipline tipike e Kryez\u00ebrit, jasht\u00eb t\u00eb cilit nuk mund t\u00eb mbijetoj\u00eb \u00e7do [&hellip;]<\/p>\n","protected":false},"author":1,"featured_media":0,"comment_status":"open","ping_status":"closed","sticky":false,"template":"","format":"standard","meta":{"footnotes":""},"categories":[2],"tags":[],"class_list":{"0":"post-1537","1":"post","2":"type-post","3":"status-publish","4":"format-standard","6":"category-artikuj"},"yoast_head":"<!-- This site is optimized with the Yoast SEO plugin v27.4 - https:\/\/yoast.com\/product\/yoast-seo-wordpress\/ -->\n<title>P\u00ebrqeshja aktoreske p\u00ebr Gjykat\u00ebn Kushtetuese - FjALA e LIR\u00cb - Arkivi<\/title>\n<meta name=\"robots\" content=\"index, follow, max-snippet:-1, max-image-preview:large, max-video-preview:-1\" \/>\n<link rel=\"canonical\" href=\"https:\/\/fjala.info\/2009-2015\/perqeshja-aktoreske-per-gjykaten-kushtetuese\/\" \/>\n<meta property=\"og:locale\" content=\"sq_AL\" \/>\n<meta property=\"og:type\" content=\"article\" \/>\n<meta property=\"og:title\" content=\"P\u00ebrqeshja aktoreske p\u00ebr Gjykat\u00ebn Kushtetuese - FjALA e LIR\u00cb - Arkivi\" \/>\n<meta property=\"og:description\" content=\"Myslim Pasha (kolonel n\u00eb lirim) Ajo q\u00eb ndodh me Ministrat e sot\u00ebm shqiptar\u00eb \u00ebsht\u00eb nj\u00eb dukuri vart\u00ebsie e r\u00ebndomt\u00eb dhe mjerane, vart\u00ebsie prej nj\u00eb z\u00ebri unik t\u00eb detyruesh\u00ebm q\u00eb rrjedh prej kolon\u00ebs zanore t\u00eb Kryeministrit. \u00cbsht\u00eb nj\u00eb gj\u00eb tanim\u00eb e njohur, e nj\u00eb disipline tipike e Kryez\u00ebrit, jasht\u00eb t\u00eb cilit nuk mund t\u00eb mbijetoj\u00eb \u00e7do [&hellip;]\" \/>\n<meta property=\"og:url\" content=\"https:\/\/fjala.info\/2009-2015\/perqeshja-aktoreske-per-gjykaten-kushtetuese\/\" \/>\n<meta property=\"og:site_name\" content=\"FjALA e LIR\u00cb - Arkivi\" \/>\n<meta property=\"article:published_time\" content=\"2012-02-02T09:39:01+00:00\" \/>\n<meta property=\"og:image\" content=\"http:\/\/www.shkoder.net\/images\/fjala\/2010\/myslym_pasha.jpg\" \/>\n<meta name=\"author\" content=\"admin\" \/>\n<meta name=\"twitter:card\" content=\"summary_large_image\" \/>\n<meta name=\"twitter:label1\" content=\"Written by\" \/>\n\t<meta name=\"twitter:data1\" content=\"admin\" \/>\n\t<meta name=\"twitter:label2\" content=\"Est. reading time\" \/>\n\t<meta name=\"twitter:data2\" content=\"8 minutes\" \/>\n<script type=\"application\/ld+json\" class=\"yoast-schema-graph\">{\"@context\":\"https:\\\/\\\/schema.org\",\"@graph\":[{\"@type\":\"Article\",\"@id\":\"https:\\\/\\\/fjala.info\\\/2009-2015\\\/perqeshja-aktoreske-per-gjykaten-kushtetuese\\\/#article\",\"isPartOf\":{\"@id\":\"https:\\\/\\\/fjala.info\\\/2009-2015\\\/perqeshja-aktoreske-per-gjykaten-kushtetuese\\\/\"},\"author\":{\"name\":\"admin\",\"@id\":\"https:\\\/\\\/fjala.info\\\/2009-2015\\\/#\\\/schema\\\/person\\\/3aa1163ef05469c496fc94e77611ada2\"},\"headline\":\"P\u00ebrqeshja aktoreske p\u00ebr Gjykat\u00ebn Kushtetuese\",\"datePublished\":\"2012-02-02T09:39:01+00:00\",\"mainEntityOfPage\":{\"@id\":\"https:\\\/\\\/fjala.info\\\/2009-2015\\\/perqeshja-aktoreske-per-gjykaten-kushtetuese\\\/\"},\"wordCount\":1555,\"commentCount\":0,\"publisher\":{\"@id\":\"https:\\\/\\\/fjala.info\\\/2009-2015\\\/#organization\"},\"image\":{\"@id\":\"https:\\\/\\\/fjala.info\\\/2009-2015\\\/perqeshja-aktoreske-per-gjykaten-kushtetuese\\\/#primaryimage\"},\"thumbnailUrl\":\"http:\\\/\\\/www.shkoder.net\\\/images\\\/fjala\\\/2010\\\/myslym_pasha.jpg\",\"articleSection\":[\"Artikuj\"],\"inLanguage\":\"sq-AL\",\"potentialAction\":[{\"@type\":\"CommentAction\",\"name\":\"Comment\",\"target\":[\"https:\\\/\\\/fjala.info\\\/2009-2015\\\/perqeshja-aktoreske-per-gjykaten-kushtetuese\\\/#respond\"]}]},{\"@type\":\"WebPage\",\"@id\":\"https:\\\/\\\/fjala.info\\\/2009-2015\\\/perqeshja-aktoreske-per-gjykaten-kushtetuese\\\/\",\"url\":\"https:\\\/\\\/fjala.info\\\/2009-2015\\\/perqeshja-aktoreske-per-gjykaten-kushtetuese\\\/\",\"name\":\"P\u00ebrqeshja aktoreske p\u00ebr Gjykat\u00ebn Kushtetuese - FjALA e LIR\u00cb - Arkivi\",\"isPartOf\":{\"@id\":\"https:\\\/\\\/fjala.info\\\/2009-2015\\\/#website\"},\"primaryImageOfPage\":{\"@id\":\"https:\\\/\\\/fjala.info\\\/2009-2015\\\/perqeshja-aktoreske-per-gjykaten-kushtetuese\\\/#primaryimage\"},\"image\":{\"@id\":\"https:\\\/\\\/fjala.info\\\/2009-2015\\\/perqeshja-aktoreske-per-gjykaten-kushtetuese\\\/#primaryimage\"},\"thumbnailUrl\":\"http:\\\/\\\/www.shkoder.net\\\/images\\\/fjala\\\/2010\\\/myslym_pasha.jpg\",\"datePublished\":\"2012-02-02T09:39:01+00:00\",\"breadcrumb\":{\"@id\":\"https:\\\/\\\/fjala.info\\\/2009-2015\\\/perqeshja-aktoreske-per-gjykaten-kushtetuese\\\/#breadcrumb\"},\"inLanguage\":\"sq-AL\",\"potentialAction\":[{\"@type\":\"ReadAction\",\"target\":[\"https:\\\/\\\/fjala.info\\\/2009-2015\\\/perqeshja-aktoreske-per-gjykaten-kushtetuese\\\/\"]}]},{\"@type\":\"ImageObject\",\"inLanguage\":\"sq-AL\",\"@id\":\"https:\\\/\\\/fjala.info\\\/2009-2015\\\/perqeshja-aktoreske-per-gjykaten-kushtetuese\\\/#primaryimage\",\"url\":\"http:\\\/\\\/www.shkoder.net\\\/images\\\/fjala\\\/2010\\\/myslym_pasha.jpg\",\"contentUrl\":\"http:\\\/\\\/www.shkoder.net\\\/images\\\/fjala\\\/2010\\\/myslym_pasha.jpg\"},{\"@type\":\"BreadcrumbList\",\"@id\":\"https:\\\/\\\/fjala.info\\\/2009-2015\\\/perqeshja-aktoreske-per-gjykaten-kushtetuese\\\/#breadcrumb\",\"itemListElement\":[{\"@type\":\"ListItem\",\"position\":1,\"name\":\"Home\",\"item\":\"https:\\\/\\\/fjala.info\\\/2009-2015\\\/\"},{\"@type\":\"ListItem\",\"position\":2,\"name\":\"P\u00ebrqeshja aktoreske p\u00ebr Gjykat\u00ebn Kushtetuese\"}]},{\"@type\":\"WebSite\",\"@id\":\"https:\\\/\\\/fjala.info\\\/2009-2015\\\/#website\",\"url\":\"https:\\\/\\\/fjala.info\\\/2009-2015\\\/\",\"name\":\"FjALA e LIR\u00cb - Arkivi\",\"description\":\"Arkivi 2009-2015\",\"publisher\":{\"@id\":\"https:\\\/\\\/fjala.info\\\/2009-2015\\\/#organization\"},\"potentialAction\":[{\"@type\":\"SearchAction\",\"target\":{\"@type\":\"EntryPoint\",\"urlTemplate\":\"https:\\\/\\\/fjala.info\\\/2009-2015\\\/?s={search_term_string}\"},\"query-input\":{\"@type\":\"PropertyValueSpecification\",\"valueRequired\":true,\"valueName\":\"search_term_string\"}}],\"inLanguage\":\"sq-AL\"},{\"@type\":\"Organization\",\"@id\":\"https:\\\/\\\/fjala.info\\\/2009-2015\\\/#organization\",\"name\":\"FjALA e LIR\u00cb - Arkivi\",\"url\":\"https:\\\/\\\/fjala.info\\\/2009-2015\\\/\",\"logo\":{\"@type\":\"ImageObject\",\"inLanguage\":\"sq-AL\",\"@id\":\"https:\\\/\\\/fjala.info\\\/2009-2015\\\/#\\\/schema\\\/logo\\\/image\\\/\",\"url\":\"\",\"contentUrl\":\"\",\"caption\":\"FjALA e LIR\u00cb - Arkivi\"},\"image\":{\"@id\":\"https:\\\/\\\/fjala.info\\\/2009-2015\\\/#\\\/schema\\\/logo\\\/image\\\/\"}},{\"@type\":\"Person\",\"@id\":\"https:\\\/\\\/fjala.info\\\/2009-2015\\\/#\\\/schema\\\/person\\\/3aa1163ef05469c496fc94e77611ada2\",\"name\":\"admin\",\"image\":{\"@type\":\"ImageObject\",\"inLanguage\":\"sq-AL\",\"@id\":\"https:\\\/\\\/fjala.info\\\/2009-2015\\\/wp-content\\\/uploads\\\/2012\\\/02\\\/arben_cokaj-120x150.jpg\",\"url\":\"https:\\\/\\\/fjala.info\\\/2009-2015\\\/wp-content\\\/uploads\\\/2012\\\/02\\\/arben_cokaj-120x150.jpg\",\"contentUrl\":\"https:\\\/\\\/fjala.info\\\/2009-2015\\\/wp-content\\\/uploads\\\/2012\\\/02\\\/arben_cokaj-120x150.jpg\",\"caption\":\"admin\"},\"description\":\"Admin, Fjala e Lir\u00eb\",\"sameAs\":[\"https:\\\/\\\/fjala.info\\\/\"],\"url\":\"https:\\\/\\\/fjala.info\\\/2009-2015\\\/author\\\/admin\\\/\"}]}<\/script>\n<!-- \/ Yoast SEO plugin. -->","yoast_head_json":{"title":"P\u00ebrqeshja aktoreske p\u00ebr Gjykat\u00ebn Kushtetuese - FjALA e LIR\u00cb - Arkivi","robots":{"index":"index","follow":"follow","max-snippet":"max-snippet:-1","max-image-preview":"max-image-preview:large","max-video-preview":"max-video-preview:-1"},"canonical":"https:\/\/fjala.info\/2009-2015\/perqeshja-aktoreske-per-gjykaten-kushtetuese\/","og_locale":"sq_AL","og_type":"article","og_title":"P\u00ebrqeshja aktoreske p\u00ebr Gjykat\u00ebn Kushtetuese - FjALA e LIR\u00cb - Arkivi","og_description":"Myslim Pasha (kolonel n\u00eb lirim) Ajo q\u00eb ndodh me Ministrat e sot\u00ebm shqiptar\u00eb \u00ebsht\u00eb nj\u00eb dukuri vart\u00ebsie e r\u00ebndomt\u00eb dhe mjerane, vart\u00ebsie prej nj\u00eb z\u00ebri unik t\u00eb detyruesh\u00ebm q\u00eb rrjedh prej kolon\u00ebs zanore t\u00eb Kryeministrit. \u00cbsht\u00eb nj\u00eb gj\u00eb tanim\u00eb e njohur, e nj\u00eb disipline tipike e Kryez\u00ebrit, jasht\u00eb t\u00eb cilit nuk mund t\u00eb mbijetoj\u00eb \u00e7do [&hellip;]","og_url":"https:\/\/fjala.info\/2009-2015\/perqeshja-aktoreske-per-gjykaten-kushtetuese\/","og_site_name":"FjALA e LIR\u00cb - Arkivi","article_published_time":"2012-02-02T09:39:01+00:00","og_image":[{"url":"http:\/\/www.shkoder.net\/images\/fjala\/2010\/myslym_pasha.jpg","type":"","width":"","height":""}],"author":"admin","twitter_card":"summary_large_image","twitter_misc":{"Written by":"admin","Est. reading time":"8 minutes"},"schema":{"@context":"https:\/\/schema.org","@graph":[{"@type":"Article","@id":"https:\/\/fjala.info\/2009-2015\/perqeshja-aktoreske-per-gjykaten-kushtetuese\/#article","isPartOf":{"@id":"https:\/\/fjala.info\/2009-2015\/perqeshja-aktoreske-per-gjykaten-kushtetuese\/"},"author":{"name":"admin","@id":"https:\/\/fjala.info\/2009-2015\/#\/schema\/person\/3aa1163ef05469c496fc94e77611ada2"},"headline":"P\u00ebrqeshja aktoreske p\u00ebr Gjykat\u00ebn Kushtetuese","datePublished":"2012-02-02T09:39:01+00:00","mainEntityOfPage":{"@id":"https:\/\/fjala.info\/2009-2015\/perqeshja-aktoreske-per-gjykaten-kushtetuese\/"},"wordCount":1555,"commentCount":0,"publisher":{"@id":"https:\/\/fjala.info\/2009-2015\/#organization"},"image":{"@id":"https:\/\/fjala.info\/2009-2015\/perqeshja-aktoreske-per-gjykaten-kushtetuese\/#primaryimage"},"thumbnailUrl":"http:\/\/www.shkoder.net\/images\/fjala\/2010\/myslym_pasha.jpg","articleSection":["Artikuj"],"inLanguage":"sq-AL","potentialAction":[{"@type":"CommentAction","name":"Comment","target":["https:\/\/fjala.info\/2009-2015\/perqeshja-aktoreske-per-gjykaten-kushtetuese\/#respond"]}]},{"@type":"WebPage","@id":"https:\/\/fjala.info\/2009-2015\/perqeshja-aktoreske-per-gjykaten-kushtetuese\/","url":"https:\/\/fjala.info\/2009-2015\/perqeshja-aktoreske-per-gjykaten-kushtetuese\/","name":"P\u00ebrqeshja aktoreske p\u00ebr Gjykat\u00ebn Kushtetuese - FjALA e LIR\u00cb - Arkivi","isPartOf":{"@id":"https:\/\/fjala.info\/2009-2015\/#website"},"primaryImageOfPage":{"@id":"https:\/\/fjala.info\/2009-2015\/perqeshja-aktoreske-per-gjykaten-kushtetuese\/#primaryimage"},"image":{"@id":"https:\/\/fjala.info\/2009-2015\/perqeshja-aktoreske-per-gjykaten-kushtetuese\/#primaryimage"},"thumbnailUrl":"http:\/\/www.shkoder.net\/images\/fjala\/2010\/myslym_pasha.jpg","datePublished":"2012-02-02T09:39:01+00:00","breadcrumb":{"@id":"https:\/\/fjala.info\/2009-2015\/perqeshja-aktoreske-per-gjykaten-kushtetuese\/#breadcrumb"},"inLanguage":"sq-AL","potentialAction":[{"@type":"ReadAction","target":["https:\/\/fjala.info\/2009-2015\/perqeshja-aktoreske-per-gjykaten-kushtetuese\/"]}]},{"@type":"ImageObject","inLanguage":"sq-AL","@id":"https:\/\/fjala.info\/2009-2015\/perqeshja-aktoreske-per-gjykaten-kushtetuese\/#primaryimage","url":"http:\/\/www.shkoder.net\/images\/fjala\/2010\/myslym_pasha.jpg","contentUrl":"http:\/\/www.shkoder.net\/images\/fjala\/2010\/myslym_pasha.jpg"},{"@type":"BreadcrumbList","@id":"https:\/\/fjala.info\/2009-2015\/perqeshja-aktoreske-per-gjykaten-kushtetuese\/#breadcrumb","itemListElement":[{"@type":"ListItem","position":1,"name":"Home","item":"https:\/\/fjala.info\/2009-2015\/"},{"@type":"ListItem","position":2,"name":"P\u00ebrqeshja aktoreske p\u00ebr Gjykat\u00ebn Kushtetuese"}]},{"@type":"WebSite","@id":"https:\/\/fjala.info\/2009-2015\/#website","url":"https:\/\/fjala.info\/2009-2015\/","name":"FjALA e LIR\u00cb - Arkivi","description":"Arkivi 2009-2015","publisher":{"@id":"https:\/\/fjala.info\/2009-2015\/#organization"},"potentialAction":[{"@type":"SearchAction","target":{"@type":"EntryPoint","urlTemplate":"https:\/\/fjala.info\/2009-2015\/?s={search_term_string}"},"query-input":{"@type":"PropertyValueSpecification","valueRequired":true,"valueName":"search_term_string"}}],"inLanguage":"sq-AL"},{"@type":"Organization","@id":"https:\/\/fjala.info\/2009-2015\/#organization","name":"FjALA e LIR\u00cb - Arkivi","url":"https:\/\/fjala.info\/2009-2015\/","logo":{"@type":"ImageObject","inLanguage":"sq-AL","@id":"https:\/\/fjala.info\/2009-2015\/#\/schema\/logo\/image\/","url":"","contentUrl":"","caption":"FjALA e LIR\u00cb - Arkivi"},"image":{"@id":"https:\/\/fjala.info\/2009-2015\/#\/schema\/logo\/image\/"}},{"@type":"Person","@id":"https:\/\/fjala.info\/2009-2015\/#\/schema\/person\/3aa1163ef05469c496fc94e77611ada2","name":"admin","image":{"@type":"ImageObject","inLanguage":"sq-AL","@id":"https:\/\/fjala.info\/2009-2015\/wp-content\/uploads\/2012\/02\/arben_cokaj-120x150.jpg","url":"https:\/\/fjala.info\/2009-2015\/wp-content\/uploads\/2012\/02\/arben_cokaj-120x150.jpg","contentUrl":"https:\/\/fjala.info\/2009-2015\/wp-content\/uploads\/2012\/02\/arben_cokaj-120x150.jpg","caption":"admin"},"description":"Admin, Fjala e Lir\u00eb","sameAs":["https:\/\/fjala.info\/"],"url":"https:\/\/fjala.info\/2009-2015\/author\/admin\/"}]}},"_links":{"self":[{"href":"https:\/\/fjala.info\/2009-2015\/wp-json\/wp\/v2\/posts\/1537","targetHints":{"allow":["GET"]}}],"collection":[{"href":"https:\/\/fjala.info\/2009-2015\/wp-json\/wp\/v2\/posts"}],"about":[{"href":"https:\/\/fjala.info\/2009-2015\/wp-json\/wp\/v2\/types\/post"}],"author":[{"embeddable":true,"href":"https:\/\/fjala.info\/2009-2015\/wp-json\/wp\/v2\/users\/1"}],"replies":[{"embeddable":true,"href":"https:\/\/fjala.info\/2009-2015\/wp-json\/wp\/v2\/comments?post=1537"}],"version-history":[{"count":0,"href":"https:\/\/fjala.info\/2009-2015\/wp-json\/wp\/v2\/posts\/1537\/revisions"}],"wp:attachment":[{"href":"https:\/\/fjala.info\/2009-2015\/wp-json\/wp\/v2\/media?parent=1537"}],"wp:term":[{"taxonomy":"category","embeddable":true,"href":"https:\/\/fjala.info\/2009-2015\/wp-json\/wp\/v2\/categories?post=1537"},{"taxonomy":"post_tag","embeddable":true,"href":"https:\/\/fjala.info\/2009-2015\/wp-json\/wp\/v2\/tags?post=1537"}],"curies":[{"name":"wp","href":"https:\/\/api.w.org\/{rel}","templated":true}]}}