{"id":1531,"date":"2012-01-31T12:44:41","date_gmt":"2012-01-31T11:44:41","guid":{"rendered":"http:\/\/fjala.shkoder.net\/?p=1531"},"modified":"2012-01-31T12:44:41","modified_gmt":"2012-01-31T11:44:41","slug":"duke-bere-letrat","status":"publish","type":"post","link":"https:\/\/fjala.info\/2009-2015\/duke-bere-letrat\/","title":{"rendered":"Duke b\u00ebr\u00eb letrat"},"content":{"rendered":"<p><img decoding=\"async\" class=\"alignright size-thumbnail wp-image-7236\" title=\"Mero Baze\" src=\"http:\/\/www.shkoder.net\/images\/fjala\/mero_baze1.jpg\" alt=\"\" width=\"150\" \/> Nga <strong>Mero Baze<\/strong>, <em>30 Janar 2012<\/em><\/p>\n<p>Sali Berisha nuk \u00ebsht\u00eb nj\u00eb kryeminist\u00ebr q\u00eb investohet kot. Njoftimi i dy dit\u00ebve m\u00eb par\u00eb kur ai priti dy shqiptar\u00eb emigrant\u00eb n\u00eb SHBA, nj\u00ebri prej t\u00eb cil\u00ebve me mbiemrin Frangaj, si p\u00ebrfaq\u00ebsues t\u00eb nj\u00eb kompanie q\u00eb do t\u00eb investonte miliarda n\u00eb Shqip\u00ebri, duhet t\u00eb jet\u00eb nj\u00eb hall i madh p\u00ebr t\u00eb. Kompania, e cila pretendon t\u00eb jet\u00eb e madhe, ka shpallur falimentin para pes\u00eb vjet\u00ebsh dhe kjo mund t\u00eb verifikohet nga nj\u00eb k\u00ebrkim i thjesht\u00eb n\u00eb Google. Ajo \u00ebsht\u00eb thjesht\u00eb nj\u00eb kart\u00ebvizit\u00eb, e cila p\u00ebrdoret p\u00ebr t\u00eb krijuar autor\u00ebsin\u00eb anonime t\u00eb bizneseve t\u00eb familjes Berisha.<\/p>\n<p>Berisha nuk hyn tek kryeministrat naiv\u00eb, q\u00eb nuk di k\u00eb pret n\u00eb zyr\u00eb apo q\u00eb g\u00ebnjehet nga d\u00ebnglat e investitor\u00ebve piramidal\u00eb. Ai tani ka nj\u00eb problem serioz. Pushteti po i degradon dita- dit\u00ebs dhe fuqia politike p\u00ebr t\u00eb mbrojtur bizneset dhe operacionet e gllab\u00ebrimit t\u00eb Shqip\u00ebris\u00eb, po i bie. Mekanizmi m\u00eb i ri q\u00eb ai ka gjetur p\u00ebr t\u00eb fshehur gjurm\u00ebt e familjes s\u00eb vet n\u00eb biznese, jan\u00eb fondet anonime t\u00eb investimeve, q\u00eb tashm\u00eb nuk po vijn\u00eb m\u00eb nga Qiproja, si\u00e7 ja nisi Argita dhe Fazlli\u00e7i n\u00eb fillime t\u00eb pushtetit, por nga Anglia apo SHBA, me emra anonim\u00eb ose shqiptar\u00eb emigrant\u00eb. K\u00ebshtu ata hapin nj\u00eb faqe interneti, v\u00ebn\u00eb si lajm t\u00eb par\u00eb takimin me Berish\u00ebn dhe pastaj turren nga Gjiri i Lal\u00ebzit, n\u00eb Vlor\u00eb, p\u00ebr t\u00eb justifikuar planin e tyre t\u00eb biznesit. Po t\u00eb shikosh tokat ku vendosen, jan\u00eb fiks tokat e p\u00ebrfolura si t\u00eb blera nga sekser\u00ebt e Familjes, duke shpikur ose gjetur pronar\u00eb t\u00eb dyshimt\u00eb dhe pastaj duke ua dh\u00ebn\u00eb p\u00ebr ta rikthyer kundrejt nj\u00eb fitimi pasurin\u00eb ton\u00eb komb\u00ebtare.<\/p>\n<p>N\u00eb funksion t\u00eb k\u00ebsaj manovre Berisha ka v\u00ebn\u00eb n\u00eb l\u00ebvizje gjith\u00eb legjislacionin e shtetit shqiptar, duke b\u00ebr\u00eb nj\u00eb ligj p\u00ebr mbrojtjen t\u00eb investimeve t\u00eb huaja n\u00ebse del problem me pron\u00ebsin\u00eb n\u00eb t\u00eb ardhmen, apo duke privatizuar dhe dh\u00ebn\u00eb me koncesion \u00e7do pik\u00eb turistike t\u00eb Shqip\u00ebris\u00eb, qoft\u00eb ky repart ushtarak, kala e vjet\u00ebr apo sht\u00ebpi t\u00eb sh\u00ebrbimit qeveritar. P\u00ebr tua hequr nga duart pronar\u00ebve real\u00eb vilat qeveritare n\u00eb bregdet, po shpiken emigrant\u00eb q\u00eb japin emrin me qera duke i marr\u00eb ato n\u00eb p\u00ebrdorim p\u00ebr 30 vjet dhe pas tyre q\u00ebndron n\u00eb t\u00eb v\u00ebrtet\u00eb Familja, e cila ka gjetur k\u00ebshtu nj\u00eb m\u00ebnyr\u00eb p\u00ebr t\u2019i marr\u00eb k\u00ebto pasuri pa asnj\u00eb lek, dhe nd\u00ebrkoh\u00eb t\u2019ua heq\u00eb nga duart pronar\u00ebve. Nj\u00eb rast tipik i k\u00ebsaj natyre \u00ebsht\u00eb ish- vila e Mehmet Shehut n\u00eb Vlor\u00eb dhe nj\u00eb s\u00ebr\u00eb vilash t\u00eb tjera qeveritare nga Durr\u00ebsi n\u00eb Sarand\u00eb q\u00eb po p\u00ebrgatiten t\u00eb hidhen n\u00eb treg.<\/p>\n<p>Pas koncesioneve dhe privatizimeve realisht q\u00ebndrojn\u00eb tre- kat\u00ebr biznesmen\u00eb t\u00eb oborrit dhe vet\u00eb Familja Berisha q\u00eb drejton k\u00ebt\u00eb operacion, duke p\u00ebrdorur dhe asetin e tyre kryesor, Sali Berish\u00ebn.<\/p>\n<p>P\u00ebr gjith\u00eb ata q\u00eb e njohin v\u00ebshtir\u00ebsin\u00eb q\u00eb ekziston p\u00ebr ta takuar at\u00eb p\u00ebr nj\u00eb vizit\u00eb biznesi, e kupton fare qart\u00eb se n\u00eb \u00e7far\u00eb halli \u00ebsht\u00eb kur ka pritur nj\u00eb biznesmen si ai q\u00eb priti dit\u00ebn e shtun\u00eb, i cili nuk ka jo m\u00eb pare, por as kompani dhe as pun\u00ebtor\u00eb, por vet\u00ebm kart\u00ebvizit\u00eb. P\u00ebrpjekja p\u00ebr t\u00eb prodhuar fonde investimi fantazm\u00eb, ku derdhen paret e fituara n\u00eb m\u00ebnyr\u00eb t\u00eb paligjshme n\u00eb Shqip\u00ebri, \u00ebsht\u00eb tregues i qart\u00eb se Berisha po e zgjat q\u00ebndrimin n\u00eb pushtet p\u00ebr t\u00eb rregulluar letrat e bizneseve t\u00eb veta.<\/p>\n<p>Eg\u00ebrsia me t\u00eb cil\u00ebn ai flet p\u00ebr kryeprokuroren, k\u00ebrc\u00ebnimet q\u00eb ai b\u00ebn p\u00ebr presidentin dhe marrjen e gjith\u00eb pushteteve, futja e qart\u00eb n\u00eb konflikt me Per\u00ebndimin dhe rritja e retorik\u00ebs anti-per\u00ebndimore, ka vet\u00ebm nj\u00eb arsye. Ai do q\u00eb askush t\u2019ia rris\u00eb stek\u00ebn betej\u00ebs kund\u00ebr tij duke u p\u00ebrqendruar tek politika, nd\u00ebrsa vet\u00eb bashk\u00eb me oborrin e tij, nat\u00eb e dit\u00eb po rrin\u00eb t\u00eb rregullojn\u00eb letrat e miliardave q\u00eb kan\u00eb fituar duke i pastruar ato n\u00eb fonde investimesh fantazm\u00eb dhe n\u00eb investitor\u00eb q\u00eb n\u00eb SHBA i kan\u00eb zyrat n\u00eb pallate me qera, dhe n\u00eb Shqip\u00ebri marrin makina me qera p\u00ebr tu dukur q\u00eb kan\u00eb vetura.<\/p>\n<p>I futur n\u00eb spiralen e panikut t\u00eb humbjes s\u00eb pushtetit pas 21 Janarit, dhe sidomos pas fillimit t\u00eb procedimit t\u00eb vras\u00ebsve, Berisha duket se \u00ebsht\u00eb duke b\u00ebr\u00eb nj\u00eb p\u00ebrpjekje qesharake t\u00eb zhvendos\u00eb v\u00ebmendjen tek problemet ekonomike, duke mbajtur fjalime si ai i djeshmi, ku Evropa duhet t\u00eb marr\u00eb shembull at\u00eb se si qeveriset. I futur n\u00eb makth p\u00ebr t\u00eb ardhmen e miliardave t\u00eb paligj\u00ebruara t\u00eb Familjes s\u00eb tij, ai mendon se duke vizatuar nj\u00eb Shqip\u00ebri t\u00eb pasur dhe nj\u00eb ekonomi t\u00eb suksesshme, njer\u00ebzit do t\u00eb besojn\u00eb pastrimin e milionave t\u00eb pushtetit t\u00eb tij p\u00ebrmes fondeve fantazm\u00eb dhe rikthimit t\u00eb pareve t\u00eb tij n\u00eb form\u00ebn e investitor\u00ebve t\u00eb huaj qesharak\u00eb, q\u00eb her\u00eb pas here harrojn\u00eb t\u2019i thon\u00eb zoti Kryeminist\u00ebr dhe i thon\u00eb \u201cBabi i Zenit\u201d.<\/p>\n<p>Makthi i tij mbizot\u00ebrues k\u00ebto koh\u00eb, nuk i ngjan makthit t\u00eb vitit 1997. At\u00ebher\u00eb ai ishte i interesuar t\u00eb ruante pushtetin me \u00e7do kusht, kurse tani do t\u00eb shp\u00ebtoj\u00eb milionat me \u00e7do kusht. Dhe ashtu si m\u00eb 21 Janar, q\u00eb pasi vrau e kishte mendjen si t\u00eb fshihte gjurm\u00ebt, dhe tani q\u00eb i duket se pushteti \u00ebsht\u00eb n\u00eb rrezik, po nxiton t\u00eb b\u00ebj\u00eb letrat e tyre. Ndaj mos u \u00e7udisni ta shikoni me emigrant\u00eb shqiptar\u00eb n\u00eb SHBA, q\u00eb mund t\u00eb ken\u00eb mbiemrin Frangaj, Mane, Ulaj, etj.<\/p>\n<p>Mos u \u00e7udisni ta shikoni t\u00eb flas\u00eb dhe p\u00ebr arsyet qesharake pse k\u00ebta investitor\u00eb kan\u00eb besim dhe vijn\u00eb n\u00eb Shqip\u00ebri. \u00cbsht\u00eb pak i panatyrsh\u00ebm fjalori i tij, por e ka p\u00ebr her\u00eb t\u00eb par\u00eb q\u00eb ka miliona dhe s\u2019di ku t\u2019i fsheh\u00eb dhe si t\u2019i fsheh\u00eb. Ndaj mos u nevrikosni kur flet p\u00ebr arritje ekonomike dhe as p\u00ebr Shqip\u00ebrin\u00eb si fanar ndri\u00e7ues n\u00eb Evrop\u00eb. \u00cbsht\u00eb n\u00eb nj\u00eb hall t\u00eb panjohur m\u00eb par\u00eb p\u00ebr t\u00eb. \u00cbsht\u00eb duke b\u00ebr\u00eb letrat e milionave t\u00eb pushtetit t\u00eb tij me shpres\u00eb se mund t\u2019i shp\u00ebtoj\u00eb.<\/p>\n","protected":false},"excerpt":{"rendered":"<p>Nga Mero Baze, 30 Janar 2012 Sali Berisha nuk \u00ebsht\u00eb nj\u00eb kryeminist\u00ebr q\u00eb investohet kot. Njoftimi i dy dit\u00ebve m\u00eb par\u00eb kur ai priti dy shqiptar\u00eb emigrant\u00eb n\u00eb SHBA, nj\u00ebri prej t\u00eb cil\u00ebve me mbiemrin Frangaj, si p\u00ebrfaq\u00ebsues t\u00eb nj\u00eb kompanie q\u00eb do t\u00eb investonte miliarda n\u00eb Shqip\u00ebri, duhet t\u00eb jet\u00eb nj\u00eb hall i madh [&hellip;]<\/p>\n","protected":false},"author":1,"featured_media":0,"comment_status":"open","ping_status":"closed","sticky":false,"template":"","format":"standard","meta":{"footnotes":""},"categories":[2],"tags":[],"class_list":{"0":"post-1531","1":"post","2":"type-post","3":"status-publish","4":"format-standard","6":"category-artikuj"},"yoast_head":"<!-- This site is optimized with the Yoast SEO plugin v27.4 - https:\/\/yoast.com\/product\/yoast-seo-wordpress\/ -->\n<title>Duke b\u00ebr\u00eb letrat - FjALA e LIR\u00cb - Arkivi<\/title>\n<meta name=\"robots\" content=\"index, follow, max-snippet:-1, max-image-preview:large, max-video-preview:-1\" \/>\n<link rel=\"canonical\" href=\"https:\/\/fjala.info\/2009-2015\/duke-bere-letrat\/\" \/>\n<meta property=\"og:locale\" content=\"sq_AL\" \/>\n<meta property=\"og:type\" content=\"article\" \/>\n<meta property=\"og:title\" content=\"Duke b\u00ebr\u00eb letrat - FjALA e LIR\u00cb - Arkivi\" \/>\n<meta property=\"og:description\" content=\"Nga Mero Baze, 30 Janar 2012 Sali Berisha nuk \u00ebsht\u00eb nj\u00eb kryeminist\u00ebr q\u00eb investohet kot. Njoftimi i dy dit\u00ebve m\u00eb par\u00eb kur ai priti dy shqiptar\u00eb emigrant\u00eb n\u00eb SHBA, nj\u00ebri prej t\u00eb cil\u00ebve me mbiemrin Frangaj, si p\u00ebrfaq\u00ebsues t\u00eb nj\u00eb kompanie q\u00eb do t\u00eb investonte miliarda n\u00eb Shqip\u00ebri, duhet t\u00eb jet\u00eb nj\u00eb hall i madh [&hellip;]\" \/>\n<meta property=\"og:url\" content=\"https:\/\/fjala.info\/2009-2015\/duke-bere-letrat\/\" \/>\n<meta property=\"og:site_name\" content=\"FjALA e LIR\u00cb - Arkivi\" \/>\n<meta property=\"article:published_time\" content=\"2012-01-31T11:44:41+00:00\" \/>\n<meta property=\"og:image\" content=\"http:\/\/www.shkoder.net\/images\/fjala\/mero_baze1.jpg\" \/>\n<meta name=\"author\" content=\"admin\" \/>\n<meta name=\"twitter:card\" content=\"summary_large_image\" \/>\n<meta name=\"twitter:label1\" content=\"Written by\" \/>\n\t<meta name=\"twitter:data1\" content=\"admin\" \/>\n\t<meta name=\"twitter:label2\" content=\"Est. reading time\" \/>\n\t<meta name=\"twitter:data2\" content=\"5 minutes\" \/>\n<script type=\"application\/ld+json\" class=\"yoast-schema-graph\">{\"@context\":\"https:\\\/\\\/schema.org\",\"@graph\":[{\"@type\":\"Article\",\"@id\":\"https:\\\/\\\/fjala.info\\\/2009-2015\\\/duke-bere-letrat\\\/#article\",\"isPartOf\":{\"@id\":\"https:\\\/\\\/fjala.info\\\/2009-2015\\\/duke-bere-letrat\\\/\"},\"author\":{\"name\":\"admin\",\"@id\":\"https:\\\/\\\/fjala.info\\\/2009-2015\\\/#\\\/schema\\\/person\\\/3aa1163ef05469c496fc94e77611ada2\"},\"headline\":\"Duke b\u00ebr\u00eb letrat\",\"datePublished\":\"2012-01-31T11:44:41+00:00\",\"mainEntityOfPage\":{\"@id\":\"https:\\\/\\\/fjala.info\\\/2009-2015\\\/duke-bere-letrat\\\/\"},\"wordCount\":1079,\"commentCount\":0,\"publisher\":{\"@id\":\"https:\\\/\\\/fjala.info\\\/2009-2015\\\/#organization\"},\"image\":{\"@id\":\"https:\\\/\\\/fjala.info\\\/2009-2015\\\/duke-bere-letrat\\\/#primaryimage\"},\"thumbnailUrl\":\"http:\\\/\\\/www.shkoder.net\\\/images\\\/fjala\\\/mero_baze1.jpg\",\"articleSection\":[\"Artikuj\"],\"inLanguage\":\"sq-AL\",\"potentialAction\":[{\"@type\":\"CommentAction\",\"name\":\"Comment\",\"target\":[\"https:\\\/\\\/fjala.info\\\/2009-2015\\\/duke-bere-letrat\\\/#respond\"]}]},{\"@type\":\"WebPage\",\"@id\":\"https:\\\/\\\/fjala.info\\\/2009-2015\\\/duke-bere-letrat\\\/\",\"url\":\"https:\\\/\\\/fjala.info\\\/2009-2015\\\/duke-bere-letrat\\\/\",\"name\":\"Duke b\u00ebr\u00eb letrat - FjALA e LIR\u00cb - Arkivi\",\"isPartOf\":{\"@id\":\"https:\\\/\\\/fjala.info\\\/2009-2015\\\/#website\"},\"primaryImageOfPage\":{\"@id\":\"https:\\\/\\\/fjala.info\\\/2009-2015\\\/duke-bere-letrat\\\/#primaryimage\"},\"image\":{\"@id\":\"https:\\\/\\\/fjala.info\\\/2009-2015\\\/duke-bere-letrat\\\/#primaryimage\"},\"thumbnailUrl\":\"http:\\\/\\\/www.shkoder.net\\\/images\\\/fjala\\\/mero_baze1.jpg\",\"datePublished\":\"2012-01-31T11:44:41+00:00\",\"breadcrumb\":{\"@id\":\"https:\\\/\\\/fjala.info\\\/2009-2015\\\/duke-bere-letrat\\\/#breadcrumb\"},\"inLanguage\":\"sq-AL\",\"potentialAction\":[{\"@type\":\"ReadAction\",\"target\":[\"https:\\\/\\\/fjala.info\\\/2009-2015\\\/duke-bere-letrat\\\/\"]}]},{\"@type\":\"ImageObject\",\"inLanguage\":\"sq-AL\",\"@id\":\"https:\\\/\\\/fjala.info\\\/2009-2015\\\/duke-bere-letrat\\\/#primaryimage\",\"url\":\"http:\\\/\\\/www.shkoder.net\\\/images\\\/fjala\\\/mero_baze1.jpg\",\"contentUrl\":\"http:\\\/\\\/www.shkoder.net\\\/images\\\/fjala\\\/mero_baze1.jpg\"},{\"@type\":\"BreadcrumbList\",\"@id\":\"https:\\\/\\\/fjala.info\\\/2009-2015\\\/duke-bere-letrat\\\/#breadcrumb\",\"itemListElement\":[{\"@type\":\"ListItem\",\"position\":1,\"name\":\"Home\",\"item\":\"https:\\\/\\\/fjala.info\\\/2009-2015\\\/\"},{\"@type\":\"ListItem\",\"position\":2,\"name\":\"Duke b\u00ebr\u00eb letrat\"}]},{\"@type\":\"WebSite\",\"@id\":\"https:\\\/\\\/fjala.info\\\/2009-2015\\\/#website\",\"url\":\"https:\\\/\\\/fjala.info\\\/2009-2015\\\/\",\"name\":\"FjALA e LIR\u00cb - Arkivi\",\"description\":\"Arkivi 2009-2015\",\"publisher\":{\"@id\":\"https:\\\/\\\/fjala.info\\\/2009-2015\\\/#organization\"},\"potentialAction\":[{\"@type\":\"SearchAction\",\"target\":{\"@type\":\"EntryPoint\",\"urlTemplate\":\"https:\\\/\\\/fjala.info\\\/2009-2015\\\/?s={search_term_string}\"},\"query-input\":{\"@type\":\"PropertyValueSpecification\",\"valueRequired\":true,\"valueName\":\"search_term_string\"}}],\"inLanguage\":\"sq-AL\"},{\"@type\":\"Organization\",\"@id\":\"https:\\\/\\\/fjala.info\\\/2009-2015\\\/#organization\",\"name\":\"FjALA e LIR\u00cb - Arkivi\",\"url\":\"https:\\\/\\\/fjala.info\\\/2009-2015\\\/\",\"logo\":{\"@type\":\"ImageObject\",\"inLanguage\":\"sq-AL\",\"@id\":\"https:\\\/\\\/fjala.info\\\/2009-2015\\\/#\\\/schema\\\/logo\\\/image\\\/\",\"url\":\"\",\"contentUrl\":\"\",\"caption\":\"FjALA e LIR\u00cb - Arkivi\"},\"image\":{\"@id\":\"https:\\\/\\\/fjala.info\\\/2009-2015\\\/#\\\/schema\\\/logo\\\/image\\\/\"}},{\"@type\":\"Person\",\"@id\":\"https:\\\/\\\/fjala.info\\\/2009-2015\\\/#\\\/schema\\\/person\\\/3aa1163ef05469c496fc94e77611ada2\",\"name\":\"admin\",\"image\":{\"@type\":\"ImageObject\",\"inLanguage\":\"sq-AL\",\"@id\":\"https:\\\/\\\/fjala.info\\\/2009-2015\\\/wp-content\\\/uploads\\\/2012\\\/02\\\/arben_cokaj-120x150.jpg\",\"url\":\"https:\\\/\\\/fjala.info\\\/2009-2015\\\/wp-content\\\/uploads\\\/2012\\\/02\\\/arben_cokaj-120x150.jpg\",\"contentUrl\":\"https:\\\/\\\/fjala.info\\\/2009-2015\\\/wp-content\\\/uploads\\\/2012\\\/02\\\/arben_cokaj-120x150.jpg\",\"caption\":\"admin\"},\"description\":\"Admin, Fjala e Lir\u00eb\",\"sameAs\":[\"https:\\\/\\\/fjala.info\\\/\"],\"url\":\"https:\\\/\\\/fjala.info\\\/2009-2015\\\/author\\\/admin\\\/\"}]}<\/script>\n<!-- \/ Yoast SEO plugin. -->","yoast_head_json":{"title":"Duke b\u00ebr\u00eb letrat - FjALA e LIR\u00cb - Arkivi","robots":{"index":"index","follow":"follow","max-snippet":"max-snippet:-1","max-image-preview":"max-image-preview:large","max-video-preview":"max-video-preview:-1"},"canonical":"https:\/\/fjala.info\/2009-2015\/duke-bere-letrat\/","og_locale":"sq_AL","og_type":"article","og_title":"Duke b\u00ebr\u00eb letrat - FjALA e LIR\u00cb - Arkivi","og_description":"Nga Mero Baze, 30 Janar 2012 Sali Berisha nuk \u00ebsht\u00eb nj\u00eb kryeminist\u00ebr q\u00eb investohet kot. Njoftimi i dy dit\u00ebve m\u00eb par\u00eb kur ai priti dy shqiptar\u00eb emigrant\u00eb n\u00eb SHBA, nj\u00ebri prej t\u00eb cil\u00ebve me mbiemrin Frangaj, si p\u00ebrfaq\u00ebsues t\u00eb nj\u00eb kompanie q\u00eb do t\u00eb investonte miliarda n\u00eb Shqip\u00ebri, duhet t\u00eb jet\u00eb nj\u00eb hall i madh [&hellip;]","og_url":"https:\/\/fjala.info\/2009-2015\/duke-bere-letrat\/","og_site_name":"FjALA e LIR\u00cb - Arkivi","article_published_time":"2012-01-31T11:44:41+00:00","og_image":[{"url":"http:\/\/www.shkoder.net\/images\/fjala\/mero_baze1.jpg","type":"","width":"","height":""}],"author":"admin","twitter_card":"summary_large_image","twitter_misc":{"Written by":"admin","Est. reading time":"5 minutes"},"schema":{"@context":"https:\/\/schema.org","@graph":[{"@type":"Article","@id":"https:\/\/fjala.info\/2009-2015\/duke-bere-letrat\/#article","isPartOf":{"@id":"https:\/\/fjala.info\/2009-2015\/duke-bere-letrat\/"},"author":{"name":"admin","@id":"https:\/\/fjala.info\/2009-2015\/#\/schema\/person\/3aa1163ef05469c496fc94e77611ada2"},"headline":"Duke b\u00ebr\u00eb letrat","datePublished":"2012-01-31T11:44:41+00:00","mainEntityOfPage":{"@id":"https:\/\/fjala.info\/2009-2015\/duke-bere-letrat\/"},"wordCount":1079,"commentCount":0,"publisher":{"@id":"https:\/\/fjala.info\/2009-2015\/#organization"},"image":{"@id":"https:\/\/fjala.info\/2009-2015\/duke-bere-letrat\/#primaryimage"},"thumbnailUrl":"http:\/\/www.shkoder.net\/images\/fjala\/mero_baze1.jpg","articleSection":["Artikuj"],"inLanguage":"sq-AL","potentialAction":[{"@type":"CommentAction","name":"Comment","target":["https:\/\/fjala.info\/2009-2015\/duke-bere-letrat\/#respond"]}]},{"@type":"WebPage","@id":"https:\/\/fjala.info\/2009-2015\/duke-bere-letrat\/","url":"https:\/\/fjala.info\/2009-2015\/duke-bere-letrat\/","name":"Duke b\u00ebr\u00eb letrat - FjALA e LIR\u00cb - Arkivi","isPartOf":{"@id":"https:\/\/fjala.info\/2009-2015\/#website"},"primaryImageOfPage":{"@id":"https:\/\/fjala.info\/2009-2015\/duke-bere-letrat\/#primaryimage"},"image":{"@id":"https:\/\/fjala.info\/2009-2015\/duke-bere-letrat\/#primaryimage"},"thumbnailUrl":"http:\/\/www.shkoder.net\/images\/fjala\/mero_baze1.jpg","datePublished":"2012-01-31T11:44:41+00:00","breadcrumb":{"@id":"https:\/\/fjala.info\/2009-2015\/duke-bere-letrat\/#breadcrumb"},"inLanguage":"sq-AL","potentialAction":[{"@type":"ReadAction","target":["https:\/\/fjala.info\/2009-2015\/duke-bere-letrat\/"]}]},{"@type":"ImageObject","inLanguage":"sq-AL","@id":"https:\/\/fjala.info\/2009-2015\/duke-bere-letrat\/#primaryimage","url":"http:\/\/www.shkoder.net\/images\/fjala\/mero_baze1.jpg","contentUrl":"http:\/\/www.shkoder.net\/images\/fjala\/mero_baze1.jpg"},{"@type":"BreadcrumbList","@id":"https:\/\/fjala.info\/2009-2015\/duke-bere-letrat\/#breadcrumb","itemListElement":[{"@type":"ListItem","position":1,"name":"Home","item":"https:\/\/fjala.info\/2009-2015\/"},{"@type":"ListItem","position":2,"name":"Duke b\u00ebr\u00eb letrat"}]},{"@type":"WebSite","@id":"https:\/\/fjala.info\/2009-2015\/#website","url":"https:\/\/fjala.info\/2009-2015\/","name":"FjALA e LIR\u00cb - Arkivi","description":"Arkivi 2009-2015","publisher":{"@id":"https:\/\/fjala.info\/2009-2015\/#organization"},"potentialAction":[{"@type":"SearchAction","target":{"@type":"EntryPoint","urlTemplate":"https:\/\/fjala.info\/2009-2015\/?s={search_term_string}"},"query-input":{"@type":"PropertyValueSpecification","valueRequired":true,"valueName":"search_term_string"}}],"inLanguage":"sq-AL"},{"@type":"Organization","@id":"https:\/\/fjala.info\/2009-2015\/#organization","name":"FjALA e LIR\u00cb - Arkivi","url":"https:\/\/fjala.info\/2009-2015\/","logo":{"@type":"ImageObject","inLanguage":"sq-AL","@id":"https:\/\/fjala.info\/2009-2015\/#\/schema\/logo\/image\/","url":"","contentUrl":"","caption":"FjALA e LIR\u00cb - Arkivi"},"image":{"@id":"https:\/\/fjala.info\/2009-2015\/#\/schema\/logo\/image\/"}},{"@type":"Person","@id":"https:\/\/fjala.info\/2009-2015\/#\/schema\/person\/3aa1163ef05469c496fc94e77611ada2","name":"admin","image":{"@type":"ImageObject","inLanguage":"sq-AL","@id":"https:\/\/fjala.info\/2009-2015\/wp-content\/uploads\/2012\/02\/arben_cokaj-120x150.jpg","url":"https:\/\/fjala.info\/2009-2015\/wp-content\/uploads\/2012\/02\/arben_cokaj-120x150.jpg","contentUrl":"https:\/\/fjala.info\/2009-2015\/wp-content\/uploads\/2012\/02\/arben_cokaj-120x150.jpg","caption":"admin"},"description":"Admin, Fjala e Lir\u00eb","sameAs":["https:\/\/fjala.info\/"],"url":"https:\/\/fjala.info\/2009-2015\/author\/admin\/"}]}},"_links":{"self":[{"href":"https:\/\/fjala.info\/2009-2015\/wp-json\/wp\/v2\/posts\/1531","targetHints":{"allow":["GET"]}}],"collection":[{"href":"https:\/\/fjala.info\/2009-2015\/wp-json\/wp\/v2\/posts"}],"about":[{"href":"https:\/\/fjala.info\/2009-2015\/wp-json\/wp\/v2\/types\/post"}],"author":[{"embeddable":true,"href":"https:\/\/fjala.info\/2009-2015\/wp-json\/wp\/v2\/users\/1"}],"replies":[{"embeddable":true,"href":"https:\/\/fjala.info\/2009-2015\/wp-json\/wp\/v2\/comments?post=1531"}],"version-history":[{"count":0,"href":"https:\/\/fjala.info\/2009-2015\/wp-json\/wp\/v2\/posts\/1531\/revisions"}],"wp:attachment":[{"href":"https:\/\/fjala.info\/2009-2015\/wp-json\/wp\/v2\/media?parent=1531"}],"wp:term":[{"taxonomy":"category","embeddable":true,"href":"https:\/\/fjala.info\/2009-2015\/wp-json\/wp\/v2\/categories?post=1531"},{"taxonomy":"post_tag","embeddable":true,"href":"https:\/\/fjala.info\/2009-2015\/wp-json\/wp\/v2\/tags?post=1531"}],"curies":[{"name":"wp","href":"https:\/\/api.w.org\/{rel}","templated":true}]}}