{"id":1529,"date":"2012-01-31T12:35:55","date_gmt":"2012-01-31T11:35:55","guid":{"rendered":"http:\/\/fjala.shkoder.net\/?p=1529"},"modified":"2012-01-31T12:35:55","modified_gmt":"2012-01-31T11:35:55","slug":"re-te-zeza-ne-uashington-per-berishen","status":"publish","type":"post","link":"https:\/\/fjala.info\/2009-2015\/re-te-zeza-ne-uashington-per-berishen\/","title":{"rendered":"Re t\u00eb zeza n\u00eb Uashington p\u00ebr Berish\u00ebn"},"content":{"rendered":"<p><img decoding=\"async\" class=\"alignright size-thumbnail wp-image-7236\" title=\"Berisha - Arvizu\" src=\"http:\/\/www.shkoder.net\/2012\/berisha_arvizu.jpg\" alt=\"\" width=\"300\" \/> Nga <strong>Eduard Zaloshnja<\/strong>, <em>31 janar 2012<\/em><\/p>\n<p>Fill pas takimit t\u00eb Presidentit Klinton me Presidentin Berisha n\u00eb vitin 1995, z\u00ebdh\u00ebn\u00ebsi i Sht\u00ebpis\u00eb s\u00eb Bardh\u00eb u deklaroi gazetar\u00ebve se presidenti shqiptar e kishte garantuar homologun e tij se ishte i p\u00ebrkushtuar p\u00ebr respektimin e pavar\u00ebsis\u00eb s\u00eb pushtetit gjyq\u00ebsor. Arsyeja pse iu k\u00ebrkua ky premtim ishte sepse Gjykata e Lart\u00eb shqiptare, nd\u00ebrkoh\u00eb q\u00eb Berisha ishte n\u00eb Uashington, liroi minoritar\u00ebt grek\u00eb q\u00eb ishin arrestuar p\u00ebr incidentin e post\u00ebs kufitare t\u00eb Peshk\u00ebpis\u00eb n\u00eb Gjirokast\u00ebr (Greqia ia kishte k\u00ebrkuar fort k\u00ebt\u00eb gj\u00eb Uashingtonit, n\u00eb shk\u00ebmbim t\u00eb mosp\u00ebrdorimit t\u00eb vetos s\u00eb saj ndaj nd\u00ebrhyrjes s\u00eb forcave t\u00eb NATO-s n\u00eb Bosnj\u00eb).<\/p>\n<p>Por \u00e7\u2019b\u00ebri Berisha sapo u kthye n\u00eb Tiran\u00eb? Shkarkoi Zef Brozin, Kryetarin e Gjykat\u00ebs s\u00eb Lart\u00eb! Dhe ambasad\u00ebs amerikane iu desh ta nxjerr\u00eb k\u00ebt\u00eb t\u00eb fundit fshehurazi nga Shqip\u00ebria, p\u00ebr t\u2019i shp\u00ebtuar ndjekjes s\u00eb SHIK-ut. Nj\u00eb shuplak\u00eb e till\u00eb publike ndaj presidentit amerikan kuptohet q\u00eb do t\u00eb regjistrohej fort n\u00eb Uashington (10 vjet m\u00eb von\u00eb Berisha do t\u00eb pranonte n\u00eb emisionin \u201cOpinion\u201d t\u00eb Fevziut se kishte gabuar n\u00eb lidhje me ata minoritar\u00ebt n\u00eb vitin 1995 \u2013 ky ishte nj\u00ebri nga vet\u00ebm dy gabimet q\u00eb ai p\u00ebrmendi p\u00ebr koh\u00ebn kur kishte qen\u00eb President i Republik\u00ebs). N\u00eb fakt, p\u00ebrplasja rreth shkarkimit t\u00eb Brozit sh\u00ebnoi dhe fundin e muajit t\u00eb gjat\u00eb t\u00eb mjaltit mes Berish\u00ebs dhe Uashingtonit, q\u00eb kishte filluar q\u00eb n\u00eb vitin 1991. Sesi vazhduan marr\u00ebdh\u00ebniet e Berish\u00ebs me Uashingtonin deri sa ai u largua nga pushteti n\u00eb vitin 1997, e di i madh e i vog\u00ebl&#8230;<\/p>\n<p>Ecim p\u00ebrpara n\u00eb koh\u00eb: Vet\u00ebm nj\u00eb or\u00eb para se ambasadori aktual amerikan n\u00eb Tiran\u00eb t\u00eb dilte n\u00eb nj\u00eb konferenc\u00eb t\u00eb p\u00ebrbashk\u00ebt shtypi me kryeprokuroren shqiptare, p\u00ebr t\u00eb njoftuar publikun rreth rezultateve t\u00eb ekspertiz\u00ebs zyrtare t\u00eb FBI-s\u00eb mbi vrasjet e 21 janarit 2011, z\u00ebdh\u00ebn\u00ebsja e Berish\u00ebs deklaroi se \u201cKryeministri, ndon\u00ebse ka denoncuar publikisht q\u00ebndrimin politik dhe bashk\u00ebpunimin direkt t\u00eb kryeprokurores n\u00eb skenarin e p\u00ebrmbysjes me dhun\u00eb t\u00eb qeveris\u00eb legjitime t\u00eb vendit, ka besim t\u00eb plot\u00eb te sistemi yn\u00eb i drejt\u00ebsis\u00eb\u201d. Kuptohet q\u00eb kjo shuplak\u00eb publike e Berish\u00ebs ndaj amabasadorit Arvizu nuk \u00ebsht\u00eb aq e r\u00ebnd\u00eb sa ajo q\u00eb i dha Presidentit Klinton 17 vjet m\u00eb par\u00eb, por \u00ebsht\u00eb m\u00eb e drejt\u00ebp\u00ebrdrejt\u00eb. Praktikisht, p\u00ebrfaq\u00ebsuesi i shtetit amerikan n\u00eb Shqip\u00ebri u paralajm\u00ebrua se po i dilte n\u00eb krah nj\u00eb bashk\u00ebpuntoreje n\u00eb komplot p\u00ebr p\u00ebrmbysjen me dhun\u00eb t\u00eb qeveris\u00eb shqiptare!<\/p>\n<p>Dhe p\u00ebrgjigjia zyrtare nga Uashingtoni nuk vonoi t\u00eb vinte: N\u00eb nj\u00eb intervist\u00eb dh\u00ebn\u00eb para disa dit\u00ebsh Z\u00ebrit t\u00eb Amerik\u00ebs, Bob Hand tha: \u201dT\u00eb ngresh akuza p\u00ebr grusht shteti apo t\u00eb k\u00ebrc\u00ebnosh se do t\u00eb ndjek\u00ebsh ligj\u00ebrisht zyrtar\u00ebt pasi t\u00eb jen\u00eb larguar nga posti, sigurisht q\u00eb nuk \u00ebsht\u00eb e dobishme. Mendoj se, duke vepruar k\u00ebshtu, Kryeministri dhe zyrtar\u00ebt e qeveris\u00eb nuk do t\u00eb b\u00ebjn\u00eb tjet\u00ebr ve\u00e7se do t\u00eb krijojn\u00eb m\u00eb tep\u00ebr mosbesim n\u00eb aft\u00ebsin\u00eb q\u00eb kan\u00eb p\u00ebr t\u00eb drejtuar Shqip\u00ebrin\u00eb\u201d Por kush \u00ebsht\u00eb Bob Hand (emri i plot\u00eb: Robert A. Hand)? Ai \u00ebsht\u00eb k\u00ebshilltar politik n\u00eb Komisionin e Helsinkit t\u00eb SHBA-s\u00eb q\u00eb prej vitit 1983. Komisioni p\u00ebrb\u00ebhet nga 9 senator\u00eb, 9 kongresmen\u00eb, nj\u00eb p\u00ebrfaq\u00ebsues i Departamentit t\u00eb Shtetit, nj\u00eb p\u00ebrfaq\u00ebsues i Pentagonit dhe nj\u00eb i Departamentit t\u00eb Tregtis\u00eb. N\u00eb k\u00ebt\u00eb komision, Bob Hand \u00ebsht\u00eb specialist i Ballkanit, q\u00eb ndjek dhe raporton p\u00ebr zhvillimet n\u00eb Shqip\u00ebri, Bosnj\u00eb, Kroaci, Maqedoni, Mal t\u00eb Zi dhe Serbi. Ai ka q\u00ebn\u00eb organizator i t\u00eb gjitha seancave d\u00ebgjimore rreth Shqip\u00ebris\u00eb t\u00eb zhvilluara nga Komisioni i Helsinkit t\u00eb SHBA-s\u00eb. P\u00ebrfundimet e k\u00ebtyre seancave d\u00ebgjimore i d\u00ebrgohen Sht\u00ebpis\u00eb s\u00eb Bardh\u00eb, Departamentit t\u00eb Shtetit, Pentagonit dhe Departamentit t\u00eb Tregtis\u00eb.<\/p>\n<p>P\u00ebr t\u00eb dh\u00ebn\u00eb kontekstin historik t\u00eb deklarat\u00ebs s\u00eb sip\u00ebrcituar t\u00eb Bob Hand-it, vlen t\u00eb kujtojm\u00eb se, pas seanc\u00ebs d\u00ebgjimore t\u00eb qershorit 1996, ai tha k\u00ebshtu n\u00eb nj\u00eb intervist\u00eb dh\u00ebn\u00eb Z\u00ebrit t\u00eb Amerik\u00ebs: \u201cNga q\u00ebndrimi q\u00eb mbajti presidenti Berisha p\u00ebr zgjedhjet, vihet n\u00eb dyshim t\u00eb madh n\u00ebse ai ka ende ideale demokratike\u201d. Nd\u00ebrsa pas seanc\u00ebs d\u00ebgjimore t\u00eb korrikut 2004, Bob Hand-i tha k\u00ebshtu n\u00eb nj\u00eb intervist\u00eb dh\u00ebn\u00eb Z\u00ebrit t\u00eb Amerik\u00ebs: \u201cEm\u00ebrimi n\u00eb poste t\u00eb larta nga Kryeministri Nano i njer\u00ebzve q\u00eb ai vet\u00eb i kishte akuzuar m\u00eb par\u00eb p\u00ebr korrupsion, v\u00eb n\u00eb dyshim t\u00eb madh kredibilitetin e qeveris\u00eb s\u00eb tij\u201d.<\/p>\n<p>E par\u00eb n\u00eb k\u00ebt\u00eb kontekst, deklarata e dit\u00ebve t\u00eb fundit t\u00eb Bob Hand-it mund t\u00eb konsiderohet pa m\u00ebdyshje si nj\u00eb sinjal i reve t\u00eb zeza q\u00eb po mblidhen n\u00eb Uashington p\u00ebr Berish\u00ebn. Dhe duke ditur rolin e r\u00ebnd\u00ebsish\u00ebm q\u00eb ka luajtur Uashingtoni n\u00eb nd\u00ebrrimin e pushtetit n\u00eb Shqip\u00ebri n\u00eb vitet 1992, 1997 dhe 2005, pyetja q\u00eb t\u00eb vjen vetiu n\u00eb mendje \u00ebsht\u00eb n\u00ebse k\u00ebto re t\u00eb zeza do t\u00eb p\u00ebrkthehen n\u00eb nj\u00eb nd\u00ebrrim t\u00eb ri t\u00eb pushtetit n\u00eb vitin 2013. Por p\u00ebrgjigjia p\u00ebr k\u00ebt\u00eb pyetje, fatkeq\u00ebsisht, nuk mund t\u00eb jet\u00eb ve\u00e7se evazive. Mos t\u00eb harrojm\u00eb se n\u00eb vitet 1992 dhe 2005, n\u00eb krye t\u00eb pushtetit ishte Fatos Nano, i cili ka provuar m\u00eb se nj\u00eb her\u00eb se mund t\u00eb zbythet kur i ushtrohet trysni e fort\u00eb. Nd\u00ebrsa n\u00eb vitin 1997, n\u00eb krye t\u00eb pushtetit ishte Berisha, i cili u t\u00ebrhoq vet\u00ebm pasi vendi shkoi n\u00eb prag t\u00eb gremin\u00ebs\u2026<\/p>\n","protected":false},"excerpt":{"rendered":"<p>Nga Eduard Zaloshnja, 31 janar 2012 Fill pas takimit t\u00eb Presidentit Klinton me Presidentin Berisha n\u00eb vitin 1995, z\u00ebdh\u00ebn\u00ebsi i Sht\u00ebpis\u00eb s\u00eb Bardh\u00eb u deklaroi gazetar\u00ebve se presidenti shqiptar e kishte garantuar homologun e tij se ishte i p\u00ebrkushtuar p\u00ebr respektimin e pavar\u00ebsis\u00eb s\u00eb pushtetit gjyq\u00ebsor. Arsyeja pse iu k\u00ebrkua ky premtim ishte sepse Gjykata [&hellip;]<\/p>\n","protected":false},"author":1,"featured_media":0,"comment_status":"open","ping_status":"closed","sticky":false,"template":"","format":"standard","meta":{"footnotes":""},"categories":[2],"tags":[],"class_list":{"0":"post-1529","1":"post","2":"type-post","3":"status-publish","4":"format-standard","6":"category-artikuj"},"yoast_head":"<!-- This site is optimized with the Yoast SEO plugin v27.4 - https:\/\/yoast.com\/product\/yoast-seo-wordpress\/ -->\n<title>Re t\u00eb zeza n\u00eb Uashington p\u00ebr Berish\u00ebn - FjALA e LIR\u00cb - Arkivi<\/title>\n<meta name=\"robots\" content=\"index, follow, max-snippet:-1, max-image-preview:large, max-video-preview:-1\" \/>\n<link rel=\"canonical\" href=\"https:\/\/fjala.info\/2009-2015\/re-te-zeza-ne-uashington-per-berishen\/\" \/>\n<meta property=\"og:locale\" content=\"sq_AL\" \/>\n<meta property=\"og:type\" content=\"article\" \/>\n<meta property=\"og:title\" content=\"Re t\u00eb zeza n\u00eb Uashington p\u00ebr Berish\u00ebn - FjALA e LIR\u00cb - Arkivi\" \/>\n<meta property=\"og:description\" content=\"Nga Eduard Zaloshnja, 31 janar 2012 Fill pas takimit t\u00eb Presidentit Klinton me Presidentin Berisha n\u00eb vitin 1995, z\u00ebdh\u00ebn\u00ebsi i Sht\u00ebpis\u00eb s\u00eb Bardh\u00eb u deklaroi gazetar\u00ebve se presidenti shqiptar e kishte garantuar homologun e tij se ishte i p\u00ebrkushtuar p\u00ebr respektimin e pavar\u00ebsis\u00eb s\u00eb pushtetit gjyq\u00ebsor. Arsyeja pse iu k\u00ebrkua ky premtim ishte sepse Gjykata [&hellip;]\" \/>\n<meta property=\"og:url\" content=\"https:\/\/fjala.info\/2009-2015\/re-te-zeza-ne-uashington-per-berishen\/\" \/>\n<meta property=\"og:site_name\" content=\"FjALA e LIR\u00cb - Arkivi\" \/>\n<meta property=\"article:published_time\" content=\"2012-01-31T11:35:55+00:00\" \/>\n<meta property=\"og:image\" content=\"http:\/\/www.shkoder.net\/2012\/berisha_arvizu.jpg\" \/>\n<meta name=\"author\" content=\"admin\" \/>\n<meta name=\"twitter:card\" content=\"summary_large_image\" \/>\n<meta name=\"twitter:label1\" content=\"Written by\" \/>\n\t<meta name=\"twitter:data1\" content=\"admin\" \/>\n\t<meta name=\"twitter:label2\" content=\"Est. reading time\" \/>\n\t<meta name=\"twitter:data2\" content=\"5 minutes\" \/>\n<script type=\"application\/ld+json\" class=\"yoast-schema-graph\">{\"@context\":\"https:\\\/\\\/schema.org\",\"@graph\":[{\"@type\":\"Article\",\"@id\":\"https:\\\/\\\/fjala.info\\\/2009-2015\\\/re-te-zeza-ne-uashington-per-berishen\\\/#article\",\"isPartOf\":{\"@id\":\"https:\\\/\\\/fjala.info\\\/2009-2015\\\/re-te-zeza-ne-uashington-per-berishen\\\/\"},\"author\":{\"name\":\"admin\",\"@id\":\"https:\\\/\\\/fjala.info\\\/2009-2015\\\/#\\\/schema\\\/person\\\/3aa1163ef05469c496fc94e77611ada2\"},\"headline\":\"Re t\u00eb zeza n\u00eb Uashington p\u00ebr Berish\u00ebn\",\"datePublished\":\"2012-01-31T11:35:55+00:00\",\"mainEntityOfPage\":{\"@id\":\"https:\\\/\\\/fjala.info\\\/2009-2015\\\/re-te-zeza-ne-uashington-per-berishen\\\/\"},\"wordCount\":959,\"commentCount\":0,\"publisher\":{\"@id\":\"https:\\\/\\\/fjala.info\\\/2009-2015\\\/#organization\"},\"image\":{\"@id\":\"https:\\\/\\\/fjala.info\\\/2009-2015\\\/re-te-zeza-ne-uashington-per-berishen\\\/#primaryimage\"},\"thumbnailUrl\":\"http:\\\/\\\/www.shkoder.net\\\/2012\\\/berisha_arvizu.jpg\",\"articleSection\":[\"Artikuj\"],\"inLanguage\":\"sq-AL\",\"potentialAction\":[{\"@type\":\"CommentAction\",\"name\":\"Comment\",\"target\":[\"https:\\\/\\\/fjala.info\\\/2009-2015\\\/re-te-zeza-ne-uashington-per-berishen\\\/#respond\"]}]},{\"@type\":\"WebPage\",\"@id\":\"https:\\\/\\\/fjala.info\\\/2009-2015\\\/re-te-zeza-ne-uashington-per-berishen\\\/\",\"url\":\"https:\\\/\\\/fjala.info\\\/2009-2015\\\/re-te-zeza-ne-uashington-per-berishen\\\/\",\"name\":\"Re t\u00eb zeza n\u00eb Uashington p\u00ebr Berish\u00ebn - FjALA e LIR\u00cb - Arkivi\",\"isPartOf\":{\"@id\":\"https:\\\/\\\/fjala.info\\\/2009-2015\\\/#website\"},\"primaryImageOfPage\":{\"@id\":\"https:\\\/\\\/fjala.info\\\/2009-2015\\\/re-te-zeza-ne-uashington-per-berishen\\\/#primaryimage\"},\"image\":{\"@id\":\"https:\\\/\\\/fjala.info\\\/2009-2015\\\/re-te-zeza-ne-uashington-per-berishen\\\/#primaryimage\"},\"thumbnailUrl\":\"http:\\\/\\\/www.shkoder.net\\\/2012\\\/berisha_arvizu.jpg\",\"datePublished\":\"2012-01-31T11:35:55+00:00\",\"breadcrumb\":{\"@id\":\"https:\\\/\\\/fjala.info\\\/2009-2015\\\/re-te-zeza-ne-uashington-per-berishen\\\/#breadcrumb\"},\"inLanguage\":\"sq-AL\",\"potentialAction\":[{\"@type\":\"ReadAction\",\"target\":[\"https:\\\/\\\/fjala.info\\\/2009-2015\\\/re-te-zeza-ne-uashington-per-berishen\\\/\"]}]},{\"@type\":\"ImageObject\",\"inLanguage\":\"sq-AL\",\"@id\":\"https:\\\/\\\/fjala.info\\\/2009-2015\\\/re-te-zeza-ne-uashington-per-berishen\\\/#primaryimage\",\"url\":\"http:\\\/\\\/www.shkoder.net\\\/2012\\\/berisha_arvizu.jpg\",\"contentUrl\":\"http:\\\/\\\/www.shkoder.net\\\/2012\\\/berisha_arvizu.jpg\"},{\"@type\":\"BreadcrumbList\",\"@id\":\"https:\\\/\\\/fjala.info\\\/2009-2015\\\/re-te-zeza-ne-uashington-per-berishen\\\/#breadcrumb\",\"itemListElement\":[{\"@type\":\"ListItem\",\"position\":1,\"name\":\"Home\",\"item\":\"https:\\\/\\\/fjala.info\\\/2009-2015\\\/\"},{\"@type\":\"ListItem\",\"position\":2,\"name\":\"Re t\u00eb zeza n\u00eb Uashington p\u00ebr Berish\u00ebn\"}]},{\"@type\":\"WebSite\",\"@id\":\"https:\\\/\\\/fjala.info\\\/2009-2015\\\/#website\",\"url\":\"https:\\\/\\\/fjala.info\\\/2009-2015\\\/\",\"name\":\"FjALA e LIR\u00cb - Arkivi\",\"description\":\"Arkivi 2009-2015\",\"publisher\":{\"@id\":\"https:\\\/\\\/fjala.info\\\/2009-2015\\\/#organization\"},\"potentialAction\":[{\"@type\":\"SearchAction\",\"target\":{\"@type\":\"EntryPoint\",\"urlTemplate\":\"https:\\\/\\\/fjala.info\\\/2009-2015\\\/?s={search_term_string}\"},\"query-input\":{\"@type\":\"PropertyValueSpecification\",\"valueRequired\":true,\"valueName\":\"search_term_string\"}}],\"inLanguage\":\"sq-AL\"},{\"@type\":\"Organization\",\"@id\":\"https:\\\/\\\/fjala.info\\\/2009-2015\\\/#organization\",\"name\":\"FjALA e LIR\u00cb - Arkivi\",\"url\":\"https:\\\/\\\/fjala.info\\\/2009-2015\\\/\",\"logo\":{\"@type\":\"ImageObject\",\"inLanguage\":\"sq-AL\",\"@id\":\"https:\\\/\\\/fjala.info\\\/2009-2015\\\/#\\\/schema\\\/logo\\\/image\\\/\",\"url\":\"\",\"contentUrl\":\"\",\"caption\":\"FjALA e LIR\u00cb - Arkivi\"},\"image\":{\"@id\":\"https:\\\/\\\/fjala.info\\\/2009-2015\\\/#\\\/schema\\\/logo\\\/image\\\/\"}},{\"@type\":\"Person\",\"@id\":\"https:\\\/\\\/fjala.info\\\/2009-2015\\\/#\\\/schema\\\/person\\\/3aa1163ef05469c496fc94e77611ada2\",\"name\":\"admin\",\"image\":{\"@type\":\"ImageObject\",\"inLanguage\":\"sq-AL\",\"@id\":\"https:\\\/\\\/fjala.info\\\/2009-2015\\\/wp-content\\\/uploads\\\/2012\\\/02\\\/arben_cokaj-120x150.jpg\",\"url\":\"https:\\\/\\\/fjala.info\\\/2009-2015\\\/wp-content\\\/uploads\\\/2012\\\/02\\\/arben_cokaj-120x150.jpg\",\"contentUrl\":\"https:\\\/\\\/fjala.info\\\/2009-2015\\\/wp-content\\\/uploads\\\/2012\\\/02\\\/arben_cokaj-120x150.jpg\",\"caption\":\"admin\"},\"description\":\"Admin, Fjala e Lir\u00eb\",\"sameAs\":[\"https:\\\/\\\/fjala.info\\\/\"],\"url\":\"https:\\\/\\\/fjala.info\\\/2009-2015\\\/author\\\/admin\\\/\"}]}<\/script>\n<!-- \/ Yoast SEO plugin. -->","yoast_head_json":{"title":"Re t\u00eb zeza n\u00eb Uashington p\u00ebr Berish\u00ebn - FjALA e LIR\u00cb - Arkivi","robots":{"index":"index","follow":"follow","max-snippet":"max-snippet:-1","max-image-preview":"max-image-preview:large","max-video-preview":"max-video-preview:-1"},"canonical":"https:\/\/fjala.info\/2009-2015\/re-te-zeza-ne-uashington-per-berishen\/","og_locale":"sq_AL","og_type":"article","og_title":"Re t\u00eb zeza n\u00eb Uashington p\u00ebr Berish\u00ebn - FjALA e LIR\u00cb - Arkivi","og_description":"Nga Eduard Zaloshnja, 31 janar 2012 Fill pas takimit t\u00eb Presidentit Klinton me Presidentin Berisha n\u00eb vitin 1995, z\u00ebdh\u00ebn\u00ebsi i Sht\u00ebpis\u00eb s\u00eb Bardh\u00eb u deklaroi gazetar\u00ebve se presidenti shqiptar e kishte garantuar homologun e tij se ishte i p\u00ebrkushtuar p\u00ebr respektimin e pavar\u00ebsis\u00eb s\u00eb pushtetit gjyq\u00ebsor. Arsyeja pse iu k\u00ebrkua ky premtim ishte sepse Gjykata [&hellip;]","og_url":"https:\/\/fjala.info\/2009-2015\/re-te-zeza-ne-uashington-per-berishen\/","og_site_name":"FjALA e LIR\u00cb - Arkivi","article_published_time":"2012-01-31T11:35:55+00:00","og_image":[{"url":"http:\/\/www.shkoder.net\/2012\/berisha_arvizu.jpg","type":"","width":"","height":""}],"author":"admin","twitter_card":"summary_large_image","twitter_misc":{"Written by":"admin","Est. reading time":"5 minutes"},"schema":{"@context":"https:\/\/schema.org","@graph":[{"@type":"Article","@id":"https:\/\/fjala.info\/2009-2015\/re-te-zeza-ne-uashington-per-berishen\/#article","isPartOf":{"@id":"https:\/\/fjala.info\/2009-2015\/re-te-zeza-ne-uashington-per-berishen\/"},"author":{"name":"admin","@id":"https:\/\/fjala.info\/2009-2015\/#\/schema\/person\/3aa1163ef05469c496fc94e77611ada2"},"headline":"Re t\u00eb zeza n\u00eb Uashington p\u00ebr Berish\u00ebn","datePublished":"2012-01-31T11:35:55+00:00","mainEntityOfPage":{"@id":"https:\/\/fjala.info\/2009-2015\/re-te-zeza-ne-uashington-per-berishen\/"},"wordCount":959,"commentCount":0,"publisher":{"@id":"https:\/\/fjala.info\/2009-2015\/#organization"},"image":{"@id":"https:\/\/fjala.info\/2009-2015\/re-te-zeza-ne-uashington-per-berishen\/#primaryimage"},"thumbnailUrl":"http:\/\/www.shkoder.net\/2012\/berisha_arvizu.jpg","articleSection":["Artikuj"],"inLanguage":"sq-AL","potentialAction":[{"@type":"CommentAction","name":"Comment","target":["https:\/\/fjala.info\/2009-2015\/re-te-zeza-ne-uashington-per-berishen\/#respond"]}]},{"@type":"WebPage","@id":"https:\/\/fjala.info\/2009-2015\/re-te-zeza-ne-uashington-per-berishen\/","url":"https:\/\/fjala.info\/2009-2015\/re-te-zeza-ne-uashington-per-berishen\/","name":"Re t\u00eb zeza n\u00eb Uashington p\u00ebr Berish\u00ebn - FjALA e LIR\u00cb - Arkivi","isPartOf":{"@id":"https:\/\/fjala.info\/2009-2015\/#website"},"primaryImageOfPage":{"@id":"https:\/\/fjala.info\/2009-2015\/re-te-zeza-ne-uashington-per-berishen\/#primaryimage"},"image":{"@id":"https:\/\/fjala.info\/2009-2015\/re-te-zeza-ne-uashington-per-berishen\/#primaryimage"},"thumbnailUrl":"http:\/\/www.shkoder.net\/2012\/berisha_arvizu.jpg","datePublished":"2012-01-31T11:35:55+00:00","breadcrumb":{"@id":"https:\/\/fjala.info\/2009-2015\/re-te-zeza-ne-uashington-per-berishen\/#breadcrumb"},"inLanguage":"sq-AL","potentialAction":[{"@type":"ReadAction","target":["https:\/\/fjala.info\/2009-2015\/re-te-zeza-ne-uashington-per-berishen\/"]}]},{"@type":"ImageObject","inLanguage":"sq-AL","@id":"https:\/\/fjala.info\/2009-2015\/re-te-zeza-ne-uashington-per-berishen\/#primaryimage","url":"http:\/\/www.shkoder.net\/2012\/berisha_arvizu.jpg","contentUrl":"http:\/\/www.shkoder.net\/2012\/berisha_arvizu.jpg"},{"@type":"BreadcrumbList","@id":"https:\/\/fjala.info\/2009-2015\/re-te-zeza-ne-uashington-per-berishen\/#breadcrumb","itemListElement":[{"@type":"ListItem","position":1,"name":"Home","item":"https:\/\/fjala.info\/2009-2015\/"},{"@type":"ListItem","position":2,"name":"Re t\u00eb zeza n\u00eb Uashington p\u00ebr Berish\u00ebn"}]},{"@type":"WebSite","@id":"https:\/\/fjala.info\/2009-2015\/#website","url":"https:\/\/fjala.info\/2009-2015\/","name":"FjALA e LIR\u00cb - Arkivi","description":"Arkivi 2009-2015","publisher":{"@id":"https:\/\/fjala.info\/2009-2015\/#organization"},"potentialAction":[{"@type":"SearchAction","target":{"@type":"EntryPoint","urlTemplate":"https:\/\/fjala.info\/2009-2015\/?s={search_term_string}"},"query-input":{"@type":"PropertyValueSpecification","valueRequired":true,"valueName":"search_term_string"}}],"inLanguage":"sq-AL"},{"@type":"Organization","@id":"https:\/\/fjala.info\/2009-2015\/#organization","name":"FjALA e LIR\u00cb - Arkivi","url":"https:\/\/fjala.info\/2009-2015\/","logo":{"@type":"ImageObject","inLanguage":"sq-AL","@id":"https:\/\/fjala.info\/2009-2015\/#\/schema\/logo\/image\/","url":"","contentUrl":"","caption":"FjALA e LIR\u00cb - Arkivi"},"image":{"@id":"https:\/\/fjala.info\/2009-2015\/#\/schema\/logo\/image\/"}},{"@type":"Person","@id":"https:\/\/fjala.info\/2009-2015\/#\/schema\/person\/3aa1163ef05469c496fc94e77611ada2","name":"admin","image":{"@type":"ImageObject","inLanguage":"sq-AL","@id":"https:\/\/fjala.info\/2009-2015\/wp-content\/uploads\/2012\/02\/arben_cokaj-120x150.jpg","url":"https:\/\/fjala.info\/2009-2015\/wp-content\/uploads\/2012\/02\/arben_cokaj-120x150.jpg","contentUrl":"https:\/\/fjala.info\/2009-2015\/wp-content\/uploads\/2012\/02\/arben_cokaj-120x150.jpg","caption":"admin"},"description":"Admin, Fjala e Lir\u00eb","sameAs":["https:\/\/fjala.info\/"],"url":"https:\/\/fjala.info\/2009-2015\/author\/admin\/"}]}},"_links":{"self":[{"href":"https:\/\/fjala.info\/2009-2015\/wp-json\/wp\/v2\/posts\/1529","targetHints":{"allow":["GET"]}}],"collection":[{"href":"https:\/\/fjala.info\/2009-2015\/wp-json\/wp\/v2\/posts"}],"about":[{"href":"https:\/\/fjala.info\/2009-2015\/wp-json\/wp\/v2\/types\/post"}],"author":[{"embeddable":true,"href":"https:\/\/fjala.info\/2009-2015\/wp-json\/wp\/v2\/users\/1"}],"replies":[{"embeddable":true,"href":"https:\/\/fjala.info\/2009-2015\/wp-json\/wp\/v2\/comments?post=1529"}],"version-history":[{"count":0,"href":"https:\/\/fjala.info\/2009-2015\/wp-json\/wp\/v2\/posts\/1529\/revisions"}],"wp:attachment":[{"href":"https:\/\/fjala.info\/2009-2015\/wp-json\/wp\/v2\/media?parent=1529"}],"wp:term":[{"taxonomy":"category","embeddable":true,"href":"https:\/\/fjala.info\/2009-2015\/wp-json\/wp\/v2\/categories?post=1529"},{"taxonomy":"post_tag","embeddable":true,"href":"https:\/\/fjala.info\/2009-2015\/wp-json\/wp\/v2\/tags?post=1529"}],"curies":[{"name":"wp","href":"https:\/\/api.w.org\/{rel}","templated":true}]}}