{"id":1527,"date":"2012-01-31T12:19:04","date_gmt":"2012-01-31T11:19:04","guid":{"rendered":"http:\/\/fjala.shkoder.net\/?p=1527"},"modified":"2012-01-31T12:19:04","modified_gmt":"2012-01-31T11:19:04","slug":"gjeke-marinaj-merr-cmimin-albanian-bookerman-nga-nacional-group-dhe-gazeta-nacional","status":"publish","type":"post","link":"https:\/\/fjala.info\/2009-2015\/gjeke-marinaj-merr-cmimin-albanian-bookerman-nga-nacional-group-dhe-gazeta-nacional\/","title":{"rendered":"Gjek\u00eb Marinaj merr \u00c7mimin \u201cAlbanian BookerMan\u201d nga \u201cNacional Group\u201d, dhe gazeta \u201cNacional&#8221;"},"content":{"rendered":"<p><img decoding=\"async\" class=\"alignright size-thumbnail wp-image-7236\" title=\"Gjek\u00eb Marinaj\" src=\"http:\/\/www.shkoder.net\/images\/fjala\/gjeke_marinaj.jpg\" alt=\"\" width=\"200\" \/> <em>28 janar 2012<\/em><\/p>\n<p><strong><em>\u201djapin \u00e7mimin vjetor \u201cAlbanian BookerMan,\u201d p\u00ebr arritjen m\u00eb t\u00eb shquar vjetore n\u00eb fush\u00eb t\u00eb kritik\u00ebs<\/em><\/strong><\/p>\n<p><em>Gjek\u00eb Marinaj merr \u00c7mimin \u201cAlbanian BookerMan\u201d<\/em><\/p>\n<p>Nj\u00eb juri e ngritur pran\u00eb redaksis\u00eb ka menduar q\u00eb fitues i \u00e7mimit \u201cAlbanian BookerMan\u201d, p\u00ebr vitin 2011 t\u00eb jet\u00eb Gjek\u00eb Marinaj, p\u00ebr promovimin e nj\u00eb l\u00ebvizje t\u00eb re letrare n\u00eb bot\u00eb, t\u00eb njohur me termin \u201cProtoniz\u00ebm.\u201d<\/p>\n<p>\u201cNacional grup\u201d, dhe gazeta \u201cNacional\u201d si pjes\u00eb e k\u00ebsaj sip\u00ebrmarrje mediatike dhe botimesh , nisur nga nj\u00eb praktik\u00eb e njohur nd\u00ebrkomb\u00ebtare kan\u00eb vendosur q\u00eb t\u00eb japin \u00e7mimin vjetor \u201cAlbanian BookerMan\u201d , p\u00ebr arritjen m\u00eb t\u00eb shquar vjetore n\u00eb fush\u00eb t\u00eb krijimtaris\u00eb letrare, studimeve, p\u00ebrkthimeve dhe kritik\u00ebs.<\/p>\n<p>Nj\u00eb juri e ngritur pran\u00eb redaksis\u00eb ka menduar q\u00eb fitues i \u00e7mimit \u201cAlbanian BookerMan\u201d, p\u00ebr vitin 2011 t\u00eb jet\u00eb Gjek\u00eb Marinaj, p\u00ebr promovimin e nj\u00eb l\u00ebvizje t\u00eb re letrare n\u00eb bot\u00eb, t\u00eb njohur me termin \u201cProtoniz\u00ebm\u201d).<\/p>\n<p>Marinaj \u00ebsht\u00eb pedagog i gjuh\u00ebs dhe komunikimeve Angleze dhe i l\u00ebnd\u00ebs s\u00eb Let\u00ebrsis\u00eb Bot\u00ebrore n\u00eb Richland College n\u00eb Dallas t\u00eb Teksasit, (Master of Arts in Humanities\u2014Studies in Literature) n\u00eb UT Dallas, nd\u00ebrsa \u00ebsht\u00eb Kandidat p\u00ebr Ph.D (Doktor i Filozofis\u00eb) po n\u00eb Universitetin e Teksasit n\u00eb Dallas.\u201d<\/p>\n<p>Protonism (n\u00eb shqip \u201cProtoniz\u00ebm\u201d) \u00ebsht\u00eb emri q\u00eb Marinaj ka propozuar p\u00ebr miratim n\u00eb Konferenc\u00ebn e Profesor\u00ebve t\u00eb Let\u00ebrsis\u00eb Bot\u00ebrore n\u00eb Des Moines, Iowa, n\u00eb dhjetor t\u00eb vitit 2005, si nj\u00eb lloji i ve\u00e7ant\u00eb k\u00ebndv\u00ebshtrimi kritik, i njohur zyrtarisht nga ky institucion, n\u00eb vitin 2011.<\/p>\n<p>S\u00eb dyti , Marinaj \u00ebsht\u00eb nj\u00ebri prej kontribuesve m\u00eb t\u00eb r\u00ebnd\u00ebsish\u00ebm n\u00eb suksesin e gazetes \u201cNacional\u201d, me shum\u00eb kritika dhe studime t\u00eb nj\u00eb niveli shum\u00eb t\u00eb lart\u00eb, t\u00eb p\u00ebrfshira edhe n\u00eb librin \u201cProtonizmi : Nga teoria n\u00eb praktik\u00eb, Vizione letare\u201d(Shtepia Botuese \u201cNacional\u201d, Tiran\u00eb 2011), por edhe pse konsiderohet si ambasador i letersis\u00eb shqipe ne SHBA.<\/p>\n<p>Marinaj ka ndermjet\u00ebsuar botimin e disa poet\u00ebve shqiptar\u00eb n\u00eb SHBA, ka futur Kadaren\u00eb n\u00eb programet universitare amerikane, ka botuar n\u00eb anglisht bashk\u00eb me Frederik Turner tekstin e \u201cEpika legjendare shqiptare\u201d q\u00eb do t\u00eb hyj\u00eb si tekst i rekomanduar universitar n\u00eb vitin 2013, si dhe ka publikuar shum\u00eb kritika dhe studime p\u00ebr let\u00ebrsin\u00eb bashk\u00ebkohore shqiptare n\u00eb shtypin prestigjioz, letrar t\u00eb SHBA-ve. Ka p\u00ebrkthyer keto dit\u00eb dhe botuar n\u00eb anglisht poetin Pre\u00e7 Zogaj, si dhe \u00ebsht\u00eb duke vijuar me shum\u00eb pasion p\u00ebrkthimin dhe botimin n\u00eb SHBA t\u00eb poet\u00ebve tjer\u00eb shqiptar\u00eb.<\/p>\n<p>P\u00ebr t\u00eb promovuar k\u00ebt\u00eb sukses nd\u00ebrkomb\u00ebtar t\u00eb zotit Marinaj, gazeta Nacional ka menduar q\u00eb k\u00ebt\u00eb num\u00ebr t\u2019ia dedikoj\u00eb k\u00ebtij evenimenti nw mwnyrw tw zgjeruar. Me kwtw rast mw kwrkesw tw redaksisw nj\u00eb num\u00ebr poet\u00ebsh, shkrimtar\u00ebsh dhe studiuesish t\u00eb let\u00ebrsis\u00eb kan\u00eb shprehur mendimin e tyre p\u00ebr k\u00ebt\u00eb vizion t\u00eb ri t\u00eb kritik\u00ebs letrare, t\u00eb njohur si protoniz\u00ebm, si dhe p\u00ebr rolin e zotit Marinaj, n\u00eb fush\u00eb t\u00eb kritik\u00ebs bashk\u00ebkohore .<\/p>\n<p>Gazeta Nacional \u00ebsht\u00eb shum\u00eb e nderuar nga pjes\u00ebmarrja nw debatin rreth protonizmit, tw shumw kritikwve, studiuesve dhe shkrimtarwve tw mir\u00ebnjohur nga tw gjitha hap\u00ebsirat shqiptare si dhe atyre tw huaj.<\/p>\n<p>Gjek\u00eb Marinaj, ka njw meritw tw madhe p\u00ebr promovimin e nj\u00eb l\u00ebvizje t\u00eb re letrare n\u00eb bot\u00eb, t\u00eb njohur me termin \u201cProtoniz\u00ebm\u201d, e cila ka gjetur jehonw edhe nw shtypin amerikan.<\/p>\n<p>Revista Amerikane \u201cTransparent Eyeball\u201d e cil\u00ebson Protonizmin si nj\u00eb teori letrare q\u00eb po t\u00eb zbatohet n\u00eb potencialin e plot\u00eb q\u00eb ka, do t\u00eb ndihmonte n\u00eb p\u00ebrmir\u00ebsimin jo vet\u00ebm t\u00eb fush\u00ebs s\u00eb let\u00ebrsis\u00eb por edhe t\u00eb shum\u00eb fushave t\u00eb tjera t\u00eb artit dhe shkenc\u00ebs.<\/p>\n<p>Protonizmi nxit dhe frym\u00ebzon nj\u00eb dialog tw hapur ankoruar n\u00eb seriozitetin e q\u00ebndrimit filozofik t\u00eb kritik\u00ebs n\u00eb let\u00ebrsin\u00eb globale bashk\u00ebkohore.<\/p>\n<p>Posa\u00e7wrisht p\u00ebr kultur\u00ebn letrare shqiptare Protonizmi thekson fuqish\u00ebm faktin se kritika letrare duhet t\u00eb ket\u00eb gjithmon\u00eb n\u00eb mendje ata lexues dhe studiues t\u00eb cil\u00ebt jan\u00eb t\u00eb orientuar kundrejt ndershm\u00ebris\u00eb intelektuale dhe impulseve etike. Nisur nga kjo teori e re, Protoniste, pyetja qw shtrohet wshtw nwse duhet t\u2019i rishikoj\u00eb kritika letrare nocionet tradicionale t\u00eb kultur\u00ebs dhe kriteret q\u00eb p\u00ebrcaktojn\u00eb fatin e lexuesit n\u00eb kultur\u00ebs ton\u00eb?<\/p>\n<p>Protonizmi sugjeron nj\u00eb intensitet n\u00eb rritje kundrejt p\u00ebrpjekjeve tona p\u00ebr t\u00eb shqyrtuar, artikuluar dhe harmonizuar, nj\u00eb konglomerat idesh n\u00eb ndihm\u00eb t\u00eb esenc\u00ebn historike t\u00eb let\u00ebrsis\u00eb s\u00eb vendeve t\u00eb ndryshme t\u00eb bot\u00ebs. Pwr shembull, si mund t\u2019i sh\u00ebrbej\u00eb Protonizmi t\u00ebr\u00eb njer\u00ebzimit n\u00ebse ky sugjerim implimentohet sa e si duhet n\u00eb trajtimin e aspekteve historike t\u00eb ngjarjeve t\u00eb tyre m\u00eb t\u00eb spikatura?<\/p>\n<p>Por Protonizmi \u00ebsht\u00eb i aplikuesh\u00ebm edhe n\u00eb fushat e ndjeshme e t\u00eb mprehta p\u00ebr \u00e7\u00ebshtjet e kultur\u00ebs s\u00eb etnicitetit. Pwr shembull let\u00ebrsia e e Kosov\u00ebs wshtw thell\u00ebsisht tw p\u00ebrfshirw n\u00eb procesin e zhurmsh\u00ebm t\u00eb k\u00ebtij p\u00ebrkufizimi. N\u00eb k\u00ebt\u00eb kolektiv kombetar t\u00eb p\u00ebrbashk\u00ebt historia nuk \u00ebsht\u00eb aq e zakonshme. Pyetja wshtw se si mund t\u00eb p\u00ebrfitojn\u00eb kritika e re shqiptare n\u00ebse e v\u00eb n\u00eb veprim filozofin\u00eb e Protonizmit p\u00ebr t\u2019i trajtuar t\u00eb gjith\u00eb krijuesit dhe lexuesit e tyre n\u00eb nivelin individual duke u mb\u00ebshtetur n\u00eb veprimet m\u00eb t\u00eb mira t\u00eb shoq\u00ebris\u00eb qoft\u00eb edhe duke sakrifikuar qet\u00ebsin\u00eb apo principet personale ?<\/p>\n<p>Po k\u00ebshtu intensiteti i veprimtaris\u00eb letrare si reflektim kritik mund t\u00eb marr\u00eb zanafill\u00ebn e vet edhe n\u00eb artin e muzik\u00ebs mbar\u00eb shqiptare. Sipas teoris\u00eb s\u00eb Protonizmit, muzika \u00ebsht\u00eb nj\u00eb art i shk\u00eblqyer q\u00eb mund t\u00eb luaj nj\u00eb rol instrumental n\u00eb segmentet e edukimit dhe arg\u00ebtimit t\u00eb popujve.<\/p>\n<p>\u00cbsht\u00eb e qart\u00eb se p\u00ebr arsye praktike dhe logjike revistat letrare shpesh p\u00ebrputhen me revistat akademike, por \u00ebsht\u00eb gjithashtu e v\u00ebrtet\u00eb se ngushtimi i distanc\u00ebs n\u00eb mes tyre \u00ebsht\u00eb n\u00eb m\u00ebnyr\u00eb periodike n\u00eb sh\u00ebnjest\u00ebr t\u00eb kritikave.<\/p>\n<p>Mendoj se \u201cNacional\u201d si botuese dhe rekomanduese e librit t\u00eb Marinajt \u201cProtonizmi: nga teoria n\u00eb praktik\u00eb\u201d dhe k\u00ebsaj teorie n\u00eb p\u00ebrgjith\u00ebsi i ka justifikuar sa duhet m\u00ebsimet e Protonizmit n\u00eb pik\u00ebn e nd\u00ebrthurjes s\u00eb krijuesve dhe gazetar\u00ebve pa em\u00ebr t\u00eb madh me ata q\u00eb jan\u00eb figura t\u00eb njohura t\u00eb let\u00ebrsis\u00eb dhe gazetaris\u00eb ton\u00eb gjat\u00eb k\u00ebtyre 4 viteve t\u00eb botimit?<\/p>\n<p>Protonizmi, n\u00eb fund t\u00eb fundit, \u00ebsht\u00eb nj\u00eb teori letrare q\u00eb k\u00ebrkon nga kritik\u00ebt letrar t\u00eb bazohen n\u00eb vepr\u00ebn e autorit dhe jo n\u00eb reputacionin q\u00eb ka ai fal\u00eb rrethanave t\u00eb ndryshme n\u00eb favor apo disfavor t\u00eb tij. A \u00ebsht\u00eb aplikuar sa duhet teoria dhe filozofia e Protonizmit n\u00eb kritik\u00ebn ton\u00eb n\u00eb Shqip\u00ebri dhe hap\u00ebsirat shqiptare, apo edhe n\u00eb artet e tjera shqiptare, kjo mbetwt pwr t\u2019u parw, sidomos a tregojn\u00eb Protoniz\u00ebm ndaj arteve politikan\u00ebt e vendeve ku banojn\u00eb shqiptar\u00ebt?<\/p>\n<p>N\u00eb shum\u00eb vende t\u00eb bot\u00ebs Shkencat Humane dhe Sociale kan\u00eb kthyer syt\u00eb nga qeverit\u00eb e tyre respektive p\u00ebr ndihm\u00eb financiare dhe reklamuese t\u00eb veprave me t\u00eb mira t\u00eb artit. Protonizmi jep nj\u00eb nxitje indirekte t\u00eb k\u00ebtij problemi si nj\u00eb kategori analitike q\u00eb duhet t\u00eb t\u00ebrheq v\u00ebmendjen e votuesve p\u00ebr marr\u00ebdh\u00ebniet e tyre t\u00eb brendshme midis pushtetit dhe krijuesve.<\/p>\n<p>Dhe mw tej \u00e7far\u00eb e b\u00ebn nj\u00eb kritik letrar apo qoft\u00eb edhe nj\u00eb shoq\u00ebri t\u00eb mos gjendet brenda kuadratit t\u00eb Protonizmit? Ngat\u00ebrruar n\u00eb nj\u00eb grup m\u00eb t\u00eb madh t\u00eb nocioneve q\u00eb shpesh grop\u00eb shoq\u00ebrore ndaj individit, normative kund\u00ebr tabu, dhe pritet kund\u00ebr habitshme, kuriozitete gjeneruar pyetje n\u00eb lidhje me d\u00ebshir\u00ebn, shijet, njohuritw, biles edhe nw hetimin ndaj sw kaluarws.<\/p>\n<p>Protonizmi shtron nevoj\u00ebn p\u00ebr t\u00eb interpretuar t\u00eb kaluar\u00ebn, t\u00eb tashmen dhe t\u00eb ardhmen letrare me dashamir\u00ebsi dhe jo vrer. Si mund t\u00eb Protonizohet nj\u00eb shtys\u00eb p\u00ebr aktivitet letrar dhe nj\u00eb p\u00ebrshkrim p\u00ebr aktivitetet filozofike n\u00eb t\u00eb mir\u00eb t\u00eb jet\u00ebs gjith\u00ebnjer\u00ebzore?<\/p>\n<p><strong>Muj\u00eb Bu\u00e7papaj<\/strong><\/p>\n<p>&#8212;&#8212;&#8212;&#8212;&#8212;&#8212;&#8212;&#8212;&#8212;&#8212;<\/p>\n<p><strong>N\u00ebn ombrell\u00ebn e protonizmit<\/strong><\/p>\n<p>Gjek\u00eb marinaj ka zbatuar m\u00eb shum\u00eb ide t\u00eb protonizmit se \u00e7do lloj tjet\u00ebr t\u00eb kritik\u00ebs letrare. dhe t\u00eb shpjegimit te tij si mekaniz\u00ebm p\u00ebr t\u2019u dh\u00ebn\u00eb jet\u00eb ideve t\u00eb tij n\u00eb lidhje me vlerat n\u00eb let\u00ebrsi, \u00ebsht\u00eb me vend t\u00eb shpjegojm\u00eb se Marinaj ka nj\u00eb rol individual si nj\u00eb kritik letrar i nivelit boteror, lidhur me t\u00ebr\u00ebsin\u00eb e let\u00ebrsis\u00eb q\u00eb prodhohet n\u00eb bot\u00eb.<\/p>\n<p>Sic thote vete Marinaj, \u201cpar\u00eb nga ky k\u00ebnd, edhe kritika letrare, si fizika, e ka \u201catomiken\u201d e vet dhe kjo \u201catomik\u00eb\u201d \u00ebsht\u00eb e pranueshme p\u00ebr sa t\u2019u p\u00ebrmbahet ligjeve p\u00ebrkat\u00ebse. Pra rreth b\u00ebrtham\u00ebs s\u00eb let\u00ebrsis\u00eb shqipe, si edhe asaj bot\u00ebrore, kemi par\u00eb plot kritik\u00eb letrar\u00eb q\u00eb sillen tamam si elektrone, t\u00eb predispozuar t\u00eb p\u00ebr\u00e7ojn\u00eb gjith\u00eb jet\u00ebn vet\u00ebm energji negative. Ata shpesh jan\u00eb t\u00eb zymt\u00eb nga pozicioni q\u00eb g\u00ebzojn\u00eb profesionalisht, nga shijet q\u00eb kan\u00eb p\u00ebr artin dhe fjal\u00ebn e shkruar artistike, vuajn\u00eb shpirt\u00ebrisht ngaq\u00eb nd\u00ebrgjegjen nuk e kan\u00eb kurr\u00eb t\u00eb qet\u00eb, dhe m\u00eb e keqja, n\u00eb syrin e shumic\u00ebs jetojn\u00eb n\u00ebn etiket\u00ebn e letrar\u00ebve t\u00eb d\u00ebshtuar. Kjo ndodh se kur shkruajn\u00eb p\u00ebr nj\u00eb lib\u00ebr, apo komentojn\u00eb rreth filanit, jo rreth nj\u00eb autori, ata nuk shkruajn\u00eb duke gjykuar vepr\u00ebn e tij, por veten e tyre, smir\u00ebn q\u00eb kan\u00eb fituar nga sukseset e t\u00eb tjer\u00ebve, d\u00ebshtimet e veta n\u00eb jet\u00eb, e nganj\u00ebher\u00eb, zbulojn\u00eb veten duke u orvatur t\u00eb t\u00ebrheqin t\u00eb tjet\u00ebr posht\u00eb ngaq\u00eb nuk arrijn\u00eb dot t\u00eb ngjiten n\u00eb nivelin e tyre.<\/p>\n<p>Po k\u00ebshtu t\u00eb gjith\u00eb jemi d\u00ebshmitar\u00eb t\u00eb asaj pjese t\u00eb kritik\u00ebs q\u00eb brenda b\u00ebrtham\u00ebs letrare vepron me ngadalshm\u00ebri pa ndonj\u00eb ngarkes\u00eb elektrike pozitive apo negative. Ata mundohen t\u00eb japin e t\u00eb marrin duke u p\u00ebrpjekur t\u00eb jen\u00eb sa m\u00eb racionalist\u00eb. Tradicionalisht k\u00ebta soj kritik\u00ebsh kan\u00eb mbetur si m\u00eb t\u00eb respektuarit. Ata mundohen t\u00eb gjykojn\u00eb sa artin aq edhe autorin. T\u00eb zhveshur nga \u00e7do barrier\u00eb e jashtme, punojn\u00eb me librin duke zgjedhur p\u00ebr lexuesin ato gj\u00ebra q\u00eb ata mendojn\u00eb se kan\u00eb m\u00eb vlera, pa l\u00ebn\u00eb pas as mang\u00ebsit\u00eb.<\/p>\n<p>P\u00ebr fat t\u00eb mir\u00eb, protonist\u00ebt veprojn\u00eb apo reagojn\u00eb drejt let\u00ebrsis\u00eb me ngarkesa t\u00eb mjaftueshme \u201celektrike\u201d te karakterit pozitiv sa t\u00eb mbajn\u00eb n\u00eb ekuilib\u00ebr apo t\u00eb barazojn\u00eb numrin e \u201cngarkesave \u201c negative t\u00eb \u201celektroneve\u201d. tek protonist\u00ebt,<\/p>\n<p>mbizot\u00ebron thelbi njer\u00ebzor, shpirti human, d\u00ebshira p\u00ebr t\u00eb inkurajuar t\u00eb tjer\u00ebt, p\u00ebr t\u00eb dalluar vet\u00ebm t\u00eb bukur\u00ebn n\u00eb gjith\u00e7ka e n\u00eb k\u00ebdo, pra mbizot\u00ebron ajo pjes\u00eb e shkrimtarit q\u00eb e ka b\u00ebr\u00eb bot\u00ebn letrare kaq moderne sa \u00e7\u2019e kemi sot.<\/p>\n<p>Protonisti gjen di\u00e7ka t\u00eb mir\u00eb p\u00ebr t\u00eb th\u00ebn\u00eb p\u00ebr nj\u00eb num\u00ebr t\u00eb konsideruesh\u00ebm shkrimtar\u00ebsh e poet\u00ebsh , si nj\u00eb kritik letrar i tipit t\u00eb ri, si nj\u00eb kritik protonist.<\/p>\n<p>Kjo, jo se ai nuk \u00ebsht\u00eb n\u00eb gjendje ta dalloj\u00eb t\u00eb mir\u00ebn prej t\u00eb keqes n\u00eb let\u00ebrsi. Kur ai ka ditur t\u00eb dalloj\u00eb t\u00eb mir\u00ebn, do t\u00eb thot\u00eb se bagazhi i tij ka njohuri t\u00eb mjaftueshme p\u00ebr etik\u00ebn n\u00eb let\u00ebrsi. Kur ai ka aft\u00ebsit\u00eb t\u00eb komentoj\u00eb me aq pasion e kompetenc\u00eb p\u00ebr t\u00eb bukur\u00ebn, do t\u00eb thot\u00eb se horizonti kulturor i tij i plot\u00ebson k\u00ebrkesat e nj\u00eb gjykuesi t\u00eb denj\u00eb t\u00eb estetik\u00ebs letrare.<\/p>\n<p>Ne e dime se jo t\u00eb gjith\u00eb autor\u00ebt kan\u00eb arritur p\u00ebrsosje n\u00eb krijimtarin\u00eb e tyre. Por ai \u00ebsht\u00eb i vet\u00ebdijsh\u00ebm se koha, talenti, e mbi t\u00eb gjitha shpirti madh\u00ebshtor i tij si njeri, jan\u00eb shum\u00eb m\u00eb efektive n\u00eb k\u00ebrkim t\u00eb s\u00eb bukur\u00ebs se sa t\u00eb s\u00eb sh\u00ebmtuar\u00ebs n\u00eb let\u00ebrsi.<\/p>\n<p>N\u00eb k\u00ebt\u00eb pik\u00eb ai do t\u00eb respektohet jo vet\u00ebm nga krijuesit, por edhe nga kritik\u00ebt, sidomos nga ata kritik\u00eb q\u00eb e gjykojn\u00eb let\u00ebrsin\u00eb n\u00eb aspektin ekokritikal (ecocritical). Ekokritik\u00ebt i k\u00ebrkojn\u00eb rr\u00ebnj\u00ebt e veta jo n\u00eb momentet politike, jasht\u00eb sferave t\u00eb studimit t\u00eb let\u00ebrsis\u00eb, si\u00e7 b\u00ebnin marksist\u00ebt e nganj\u00ebher\u00eb feminist\u00ebt, por tek l\u00ebvizjet ambientale dhe tek historia e gjat\u00eb e let\u00ebrsis\u00eb s\u00eb shkruar me subjekt kryesor natyr\u00ebn. Ajo q\u00eb do t\u00eb d\u00ebshiroja q\u00eb t\u00eb mbanin mend lexuesit e k\u00ebtij shkrimi \u00ebsht\u00eb fakti se edhe tek natyra, dhe tek njer\u00ebzit, pavar\u00ebsisht nga p\u00ebrzgjedhja e tyre, po t\u00eb k\u00ebrkosh n\u00eb brend\u00ebsi t\u00eb tyre do t\u00eb gjesh si gj\u00ebra q\u00eb mbajn\u00eb er\u00eb t\u00eb mir\u00eb ashtu edhe gj\u00ebra q\u00eb mbajn\u00eb er\u00eb t\u00eb keqe. Shumica e njer\u00ebzve do u bashkohen ekokritik\u00ebve dhe protonist\u00ebve.\u201d<\/p>\n<p>&#8212;&#8212;&#8212;&#8212;&#8212;-<\/p>\n<p><strong>PROTONIZMI SI VIZION LETRAR<\/strong><\/p>\n<p>Nga <strong>Gjek\u00eb Marinaj<\/strong><\/p>\n<p>Protonizmi \u00ebsht\u00eb nj\u00eb teori e re letrare si p\u00ebr let\u00ebrsin\u00eb shqipe ashtu edhe p\u00ebr at\u00eb bot\u00ebrore. Si perceptim linguistik e p\u00ebrshtatje terminologjike \u00ebsht\u00eb bazuar n\u00eb linjat shkencore t\u00eb kimis\u00eb dhe fizik\u00ebs, m\u00eb sakt\u00eb n\u00eb fjal\u00ebn Proton q\u00eb si pjes\u00eb p\u00ebrb\u00ebr\u00ebse e b\u00ebrtham\u00ebs s\u00eb atomit ka ngarkes\u00eb elektrike pozitive +1. Protoniz\u00ebm, n\u00eb kuptimin m\u00eb t\u00eb thjesht\u00eb, do t\u00eb thot\u00eb t\u00eb shkruash rreth nj\u00eb vepre letrare apo artistike me q\u00ebllim pozitiv, i shtyr\u00eb nga dashamir\u00ebsia jo nga vreri. N\u00eb nivele m\u00eb t\u00eb thella letrare, natyrisht, Protonizmi \u00ebsht\u00eb interpretimi i hipotez\u00ebs t\u00eb s\u00eb njohur\u00ebs n\u00eb kuptimin metafizik dhe i t\u00eb njohur\u00ebs jo deri n\u00eb fund n\u00eb kuptimin filozofik. Ai \u00ebsht\u00eb pjes\u00eb esenciale e parametrave t\u00eb etik\u00ebs, dhe sh\u00ebrben si orientim q\u00eb i besojm\u00eb tek nd\u00ebrmarrim udh\u00ebtime instinktive apo t\u00eb menduara drejt sferave t\u00eb s\u00eb v\u00ebrtet\u00ebs objektive n\u00eb let\u00ebrsi dhe art.<\/p>\n<p>Pik\u00ebrisht kjo pik\u00eb e mendimit e ndan\u00eb Protenizmin si vizion letrar nga arti tradicional i kritik\u00ebs letrare e artistike. Protonizmi \u00ebsht\u00eb deg\u00eb e arteve dhe humanizmit, jo patjet\u00ebr deg\u00eb e shkenc\u00ebs mbi let\u00ebrsin\u00eb dhe artin. Ndon\u00ebse t\u00eb dyja merren seriozisht me analizimin e gjithansh\u00ebm t\u00eb veprave letrare e artistike, kritika letrare e tradit\u00ebs tenton ta analizoj\u00eb dhe ta vler\u00ebsoj\u00eb let\u00ebrsin\u00eb e artin nisur nga ana ideore n\u00eb baz\u00eb t\u00eb parimeve t\u00eb miratuara nga nj\u00eb ideologji e caktuar n\u00eb nj\u00eb koh\u00eb t\u00eb caktuar, duke u p\u00ebrqendruar si n\u00eb an\u00ebt pozitive ashtu edhe n\u00eb ato negative t\u00eb nj\u00eb vepre. Protonizmi, n\u00eb kontrast, \u00ebsht\u00eb gjithmon\u00eb n\u00eb ekuilib\u00ebr jo me ideologjit\u00eb politike, por me k\u00ebrkesat ideore e artistike t\u00eb koh\u00ebs, duke mos u ndalur fare tek mang\u00ebsit\u00eb p\u00ebr t\u2019u p\u00ebrqendruar plot\u00ebsisht vet\u00ebm n\u00eb analizimin dhe nxjerrjen n\u00eb pah t\u00eb an\u00ebve pozitive dhe t\u00eb s\u00eb bukur\u00ebs n\u00eb let\u00ebrsin\u00eb dhe artin q\u00eb trajton.<\/p>\n<p>Shpresoj q\u00eb duke ofruar Protenizmin si nj\u00eb alternative t\u00eb re p\u00ebr trajtimin letrar, do t\u00eb v\u00ebm\u00eb re se m\u00ebnjanimi i negatives merr kahe pozitive n\u00eb rolin estetik, n\u00eb subjektivizmin dhe objektivizmin e observimit t\u00eb realitetit, si dhe n\u00eb molimfesin e shum\u00ebfisht\u00eb t\u00eb humanizmit. P\u00ebrqendrimi im akademik ka si epiqend\u00ebr p\u00ebrpjekjen p\u00ebr t\u2019i dh\u00ebn\u00eb jet\u00eb k\u00ebtij tabani t\u00eb ri teorik. Nj\u00eb l\u00ebvizje e till\u00eb, natyrisht, duhet t\u00eb mb\u00ebshtetet n\u00eb nj\u00ebfar\u00eb filozofie t\u00eb para-supozuar, dhe zbulimet e b\u00ebra duhet t\u00eb t\u00ebrheqin pas vete implikimet metafizike dhe epistemologjike q\u00eb mbart n\u00eb vetvete Protenizmi.<\/p>\n<p>Gjek\u00eb Marinaj, pedagog i gjuh\u00ebs dhe komunikimeve Angleze dhe i l\u00ebnd\u00ebs s\u00eb Let\u00ebrsis\u00eb Bot\u00ebrore n\u00eb Richland College n\u00eb Dallas<\/p>\n<p>Gjek\u00eb Marinaj (1965) u lind n\u00eb Brrut t\u00eb Mal\u00ebsis\u00eb s\u00eb Madhe. Ka botuar disa libra me poezi, proz\u00eb dhe p\u00ebrkthime. N\u00eb vitin 2001 ka mbaruar Fakultetin e Shkencave t\u00eb P\u00ebrgjithshme (Associate in Science) n\u00eb Brookhaven College. Kat\u00ebr vjet m\u00eb von\u00eb, mbaroi Shkoll\u00ebn e Arteve dhe Humanizmit (Bachelor of Arts in Literary Studies: Magna Cum Laude) n\u00eb Universitetin e Teksasit n\u00eb Dallas. Shkoll\u00ebn e Arteve dhe Humanizmit (Master of Arts in Humanities\u2014Studies in Literature) e mbaroi n\u00eb vitin 2008 n\u00eb UT Dallas. Aktualisht vazhdon Doktoratur\u00ebn: ku \u00ebsht\u00eb Kandidat p\u00ebr Ph.D (Doktor i Filozofis\u00eb) po n\u00eb Universitetin e Teksasit n\u00eb Dallas. N\u00eb vitin 2003 \u00ebsht\u00eb nderuar me \u00c7mimin Pena e Art\u00eb nga SHSHSHA. \u00c7mimin e Par\u00eb n\u00eb poezi, akorduar nga revista letrare amerikane Sojourn, e pranoi n\u00eb vitin 2006. QNK (Qendra Nd\u00ebrkomb\u00ebtare e Kultur\u00ebs) e nderoi me \u00e7mimin Pjet\u00ebr Arbnori n\u00eb Let\u00ebrsi n\u00eb vitin 2008. Marinaj \u00ebsht\u00eb pedagog i gjuh\u00ebs dhe komunikimeve Angleze dhe i l\u00ebnd\u00ebs s\u00eb Let\u00ebrsis\u00eb Bot\u00ebrore n\u00eb Richland College n\u00eb Dallas t\u00eb Teksasit ku jeton me gruan e tij Dusita.<\/p>\n<p><strong>DIPLOMA<\/strong><\/p>\n<p>National Media Group, Tirana, Albania<\/p>\n<p>The Albanian BookerMan Prize for Literature 2011<\/p>\n<p>Is Awarded to the Albanian-American Academician<\/p>\n<p>Gjek\u00eb Marinaj<\/p>\n<p>For his achievement in Literary Criticism<\/p>\n<p>With his book Protonism: Theory into Practice<\/p>\n<p>Presented at Tirana, Albania, on Monday, January 30, 2012<\/p>\n<p>Media Nacional Group, Tiran\u00eb, Shqip\u00ebri<\/p>\n<p>\u00c7mimi The Albanian BookerMan p\u00ebr Let\u00ebrsin\u00eb<\/p>\n<p>I jepet akademikut Shqiptaro-Amerikan<\/p>\n<p><strong>Gjek\u00eb Marinaj<\/strong><\/p>\n<p>P\u00ebr arritjet e tij n\u00eb Kritik\u00ebn Letrare<\/p>\n<p>Me librin Protonizmi: Nga teoria n\u00eb Praktik\u00eb<\/p>\n<p>Dh\u00ebn\u00eb n\u00eb Tiran\u00eb, Shqip\u00ebri, t\u00eb h\u00ebn\u00ebn, m\u00eb 28 Janar, 2012<\/p>\n","protected":false},"excerpt":{"rendered":"<p>28 janar 2012 \u201djapin \u00e7mimin vjetor \u201cAlbanian BookerMan,\u201d p\u00ebr arritjen m\u00eb t\u00eb shquar vjetore n\u00eb fush\u00eb t\u00eb kritik\u00ebs Gjek\u00eb Marinaj merr \u00c7mimin \u201cAlbanian BookerMan\u201d Nj\u00eb juri e ngritur pran\u00eb redaksis\u00eb ka menduar q\u00eb fitues i \u00e7mimit \u201cAlbanian BookerMan\u201d, p\u00ebr vitin 2011 t\u00eb jet\u00eb Gjek\u00eb Marinaj, p\u00ebr promovimin e nj\u00eb l\u00ebvizje t\u00eb re letrare n\u00eb bot\u00eb, [&hellip;]<\/p>\n","protected":false},"author":1,"featured_media":0,"comment_status":"open","ping_status":"closed","sticky":false,"template":"","format":"standard","meta":{"footnotes":""},"categories":[2],"tags":[],"class_list":{"0":"post-1527","1":"post","2":"type-post","3":"status-publish","4":"format-standard","6":"category-artikuj"},"yoast_head":"<!-- This site is optimized with the Yoast SEO plugin v27.4 - https:\/\/yoast.com\/product\/yoast-seo-wordpress\/ -->\n<title>Gjek\u00eb Marinaj merr \u00c7mimin \u201cAlbanian BookerMan\u201d nga \u201cNacional Group\u201d, dhe gazeta \u201cNacional&quot; - FjALA e LIR\u00cb - Arkivi<\/title>\n<meta name=\"robots\" content=\"index, follow, max-snippet:-1, max-image-preview:large, max-video-preview:-1\" \/>\n<link rel=\"canonical\" href=\"https:\/\/fjala.info\/2009-2015\/gjeke-marinaj-merr-cmimin-albanian-bookerman-nga-nacional-group-dhe-gazeta-nacional\/\" \/>\n<meta property=\"og:locale\" content=\"sq_AL\" \/>\n<meta property=\"og:type\" content=\"article\" \/>\n<meta property=\"og:title\" content=\"Gjek\u00eb Marinaj merr \u00c7mimin \u201cAlbanian BookerMan\u201d nga \u201cNacional Group\u201d, dhe gazeta \u201cNacional&quot; - FjALA e LIR\u00cb - Arkivi\" \/>\n<meta property=\"og:description\" content=\"28 janar 2012 \u201djapin \u00e7mimin vjetor \u201cAlbanian BookerMan,\u201d p\u00ebr arritjen m\u00eb t\u00eb shquar vjetore n\u00eb fush\u00eb t\u00eb kritik\u00ebs Gjek\u00eb Marinaj merr \u00c7mimin \u201cAlbanian BookerMan\u201d Nj\u00eb juri e ngritur pran\u00eb redaksis\u00eb ka menduar q\u00eb fitues i \u00e7mimit \u201cAlbanian BookerMan\u201d, p\u00ebr vitin 2011 t\u00eb jet\u00eb Gjek\u00eb Marinaj, p\u00ebr promovimin e nj\u00eb l\u00ebvizje t\u00eb re letrare n\u00eb bot\u00eb, [&hellip;]\" \/>\n<meta property=\"og:url\" content=\"https:\/\/fjala.info\/2009-2015\/gjeke-marinaj-merr-cmimin-albanian-bookerman-nga-nacional-group-dhe-gazeta-nacional\/\" \/>\n<meta property=\"og:site_name\" content=\"FjALA e LIR\u00cb - Arkivi\" \/>\n<meta property=\"article:published_time\" content=\"2012-01-31T11:19:04+00:00\" \/>\n<meta property=\"og:image\" content=\"http:\/\/www.shkoder.net\/images\/fjala\/gjeke_marinaj.jpg\" \/>\n<meta name=\"author\" content=\"admin\" \/>\n<meta name=\"twitter:card\" content=\"summary_large_image\" \/>\n<meta name=\"twitter:label1\" content=\"Written by\" \/>\n\t<meta name=\"twitter:data1\" content=\"admin\" \/>\n\t<meta name=\"twitter:label2\" content=\"Est. reading time\" \/>\n\t<meta name=\"twitter:data2\" content=\"14 minutes\" \/>\n<script type=\"application\/ld+json\" class=\"yoast-schema-graph\">{\"@context\":\"https:\\\/\\\/schema.org\",\"@graph\":[{\"@type\":\"Article\",\"@id\":\"https:\\\/\\\/fjala.info\\\/2009-2015\\\/gjeke-marinaj-merr-cmimin-albanian-bookerman-nga-nacional-group-dhe-gazeta-nacional\\\/#article\",\"isPartOf\":{\"@id\":\"https:\\\/\\\/fjala.info\\\/2009-2015\\\/gjeke-marinaj-merr-cmimin-albanian-bookerman-nga-nacional-group-dhe-gazeta-nacional\\\/\"},\"author\":{\"name\":\"admin\",\"@id\":\"https:\\\/\\\/fjala.info\\\/2009-2015\\\/#\\\/schema\\\/person\\\/3aa1163ef05469c496fc94e77611ada2\"},\"headline\":\"Gjek\u00eb Marinaj merr \u00c7mimin \u201cAlbanian BookerMan\u201d nga \u201cNacional Group\u201d, dhe gazeta \u201cNacional&#8221;\",\"datePublished\":\"2012-01-31T11:19:04+00:00\",\"mainEntityOfPage\":{\"@id\":\"https:\\\/\\\/fjala.info\\\/2009-2015\\\/gjeke-marinaj-merr-cmimin-albanian-bookerman-nga-nacional-group-dhe-gazeta-nacional\\\/\"},\"wordCount\":2905,\"commentCount\":0,\"publisher\":{\"@id\":\"https:\\\/\\\/fjala.info\\\/2009-2015\\\/#organization\"},\"image\":{\"@id\":\"https:\\\/\\\/fjala.info\\\/2009-2015\\\/gjeke-marinaj-merr-cmimin-albanian-bookerman-nga-nacional-group-dhe-gazeta-nacional\\\/#primaryimage\"},\"thumbnailUrl\":\"http:\\\/\\\/www.shkoder.net\\\/images\\\/fjala\\\/gjeke_marinaj.jpg\",\"articleSection\":[\"Artikuj\"],\"inLanguage\":\"sq-AL\",\"potentialAction\":[{\"@type\":\"CommentAction\",\"name\":\"Comment\",\"target\":[\"https:\\\/\\\/fjala.info\\\/2009-2015\\\/gjeke-marinaj-merr-cmimin-albanian-bookerman-nga-nacional-group-dhe-gazeta-nacional\\\/#respond\"]}]},{\"@type\":\"WebPage\",\"@id\":\"https:\\\/\\\/fjala.info\\\/2009-2015\\\/gjeke-marinaj-merr-cmimin-albanian-bookerman-nga-nacional-group-dhe-gazeta-nacional\\\/\",\"url\":\"https:\\\/\\\/fjala.info\\\/2009-2015\\\/gjeke-marinaj-merr-cmimin-albanian-bookerman-nga-nacional-group-dhe-gazeta-nacional\\\/\",\"name\":\"Gjek\u00eb Marinaj merr \u00c7mimin \u201cAlbanian BookerMan\u201d nga \u201cNacional Group\u201d, dhe gazeta \u201cNacional\\\" - FjALA e LIR\u00cb - Arkivi\",\"isPartOf\":{\"@id\":\"https:\\\/\\\/fjala.info\\\/2009-2015\\\/#website\"},\"primaryImageOfPage\":{\"@id\":\"https:\\\/\\\/fjala.info\\\/2009-2015\\\/gjeke-marinaj-merr-cmimin-albanian-bookerman-nga-nacional-group-dhe-gazeta-nacional\\\/#primaryimage\"},\"image\":{\"@id\":\"https:\\\/\\\/fjala.info\\\/2009-2015\\\/gjeke-marinaj-merr-cmimin-albanian-bookerman-nga-nacional-group-dhe-gazeta-nacional\\\/#primaryimage\"},\"thumbnailUrl\":\"http:\\\/\\\/www.shkoder.net\\\/images\\\/fjala\\\/gjeke_marinaj.jpg\",\"datePublished\":\"2012-01-31T11:19:04+00:00\",\"breadcrumb\":{\"@id\":\"https:\\\/\\\/fjala.info\\\/2009-2015\\\/gjeke-marinaj-merr-cmimin-albanian-bookerman-nga-nacional-group-dhe-gazeta-nacional\\\/#breadcrumb\"},\"inLanguage\":\"sq-AL\",\"potentialAction\":[{\"@type\":\"ReadAction\",\"target\":[\"https:\\\/\\\/fjala.info\\\/2009-2015\\\/gjeke-marinaj-merr-cmimin-albanian-bookerman-nga-nacional-group-dhe-gazeta-nacional\\\/\"]}]},{\"@type\":\"ImageObject\",\"inLanguage\":\"sq-AL\",\"@id\":\"https:\\\/\\\/fjala.info\\\/2009-2015\\\/gjeke-marinaj-merr-cmimin-albanian-bookerman-nga-nacional-group-dhe-gazeta-nacional\\\/#primaryimage\",\"url\":\"http:\\\/\\\/www.shkoder.net\\\/images\\\/fjala\\\/gjeke_marinaj.jpg\",\"contentUrl\":\"http:\\\/\\\/www.shkoder.net\\\/images\\\/fjala\\\/gjeke_marinaj.jpg\"},{\"@type\":\"BreadcrumbList\",\"@id\":\"https:\\\/\\\/fjala.info\\\/2009-2015\\\/gjeke-marinaj-merr-cmimin-albanian-bookerman-nga-nacional-group-dhe-gazeta-nacional\\\/#breadcrumb\",\"itemListElement\":[{\"@type\":\"ListItem\",\"position\":1,\"name\":\"Home\",\"item\":\"https:\\\/\\\/fjala.info\\\/2009-2015\\\/\"},{\"@type\":\"ListItem\",\"position\":2,\"name\":\"Gjek\u00eb Marinaj merr \u00c7mimin \u201cAlbanian BookerMan\u201d nga \u201cNacional Group\u201d, dhe gazeta \u201cNacional&#8221;\"}]},{\"@type\":\"WebSite\",\"@id\":\"https:\\\/\\\/fjala.info\\\/2009-2015\\\/#website\",\"url\":\"https:\\\/\\\/fjala.info\\\/2009-2015\\\/\",\"name\":\"FjALA e LIR\u00cb - Arkivi\",\"description\":\"Arkivi 2009-2015\",\"publisher\":{\"@id\":\"https:\\\/\\\/fjala.info\\\/2009-2015\\\/#organization\"},\"potentialAction\":[{\"@type\":\"SearchAction\",\"target\":{\"@type\":\"EntryPoint\",\"urlTemplate\":\"https:\\\/\\\/fjala.info\\\/2009-2015\\\/?s={search_term_string}\"},\"query-input\":{\"@type\":\"PropertyValueSpecification\",\"valueRequired\":true,\"valueName\":\"search_term_string\"}}],\"inLanguage\":\"sq-AL\"},{\"@type\":\"Organization\",\"@id\":\"https:\\\/\\\/fjala.info\\\/2009-2015\\\/#organization\",\"name\":\"FjALA e LIR\u00cb - Arkivi\",\"url\":\"https:\\\/\\\/fjala.info\\\/2009-2015\\\/\",\"logo\":{\"@type\":\"ImageObject\",\"inLanguage\":\"sq-AL\",\"@id\":\"https:\\\/\\\/fjala.info\\\/2009-2015\\\/#\\\/schema\\\/logo\\\/image\\\/\",\"url\":\"\",\"contentUrl\":\"\",\"caption\":\"FjALA e LIR\u00cb - Arkivi\"},\"image\":{\"@id\":\"https:\\\/\\\/fjala.info\\\/2009-2015\\\/#\\\/schema\\\/logo\\\/image\\\/\"}},{\"@type\":\"Person\",\"@id\":\"https:\\\/\\\/fjala.info\\\/2009-2015\\\/#\\\/schema\\\/person\\\/3aa1163ef05469c496fc94e77611ada2\",\"name\":\"admin\",\"image\":{\"@type\":\"ImageObject\",\"inLanguage\":\"sq-AL\",\"@id\":\"https:\\\/\\\/fjala.info\\\/2009-2015\\\/wp-content\\\/uploads\\\/2012\\\/02\\\/arben_cokaj-120x150.jpg\",\"url\":\"https:\\\/\\\/fjala.info\\\/2009-2015\\\/wp-content\\\/uploads\\\/2012\\\/02\\\/arben_cokaj-120x150.jpg\",\"contentUrl\":\"https:\\\/\\\/fjala.info\\\/2009-2015\\\/wp-content\\\/uploads\\\/2012\\\/02\\\/arben_cokaj-120x150.jpg\",\"caption\":\"admin\"},\"description\":\"Admin, Fjala e Lir\u00eb\",\"sameAs\":[\"https:\\\/\\\/fjala.info\\\/\"],\"url\":\"https:\\\/\\\/fjala.info\\\/2009-2015\\\/author\\\/admin\\\/\"}]}<\/script>\n<!-- \/ Yoast SEO plugin. -->","yoast_head_json":{"title":"Gjek\u00eb Marinaj merr \u00c7mimin \u201cAlbanian BookerMan\u201d nga \u201cNacional Group\u201d, dhe gazeta \u201cNacional\" - FjALA e LIR\u00cb - Arkivi","robots":{"index":"index","follow":"follow","max-snippet":"max-snippet:-1","max-image-preview":"max-image-preview:large","max-video-preview":"max-video-preview:-1"},"canonical":"https:\/\/fjala.info\/2009-2015\/gjeke-marinaj-merr-cmimin-albanian-bookerman-nga-nacional-group-dhe-gazeta-nacional\/","og_locale":"sq_AL","og_type":"article","og_title":"Gjek\u00eb Marinaj merr \u00c7mimin \u201cAlbanian BookerMan\u201d nga \u201cNacional Group\u201d, dhe gazeta \u201cNacional\" - FjALA e LIR\u00cb - Arkivi","og_description":"28 janar 2012 \u201djapin \u00e7mimin vjetor \u201cAlbanian BookerMan,\u201d p\u00ebr arritjen m\u00eb t\u00eb shquar vjetore n\u00eb fush\u00eb t\u00eb kritik\u00ebs Gjek\u00eb Marinaj merr \u00c7mimin \u201cAlbanian BookerMan\u201d Nj\u00eb juri e ngritur pran\u00eb redaksis\u00eb ka menduar q\u00eb fitues i \u00e7mimit \u201cAlbanian BookerMan\u201d, p\u00ebr vitin 2011 t\u00eb jet\u00eb Gjek\u00eb Marinaj, p\u00ebr promovimin e nj\u00eb l\u00ebvizje t\u00eb re letrare n\u00eb bot\u00eb, [&hellip;]","og_url":"https:\/\/fjala.info\/2009-2015\/gjeke-marinaj-merr-cmimin-albanian-bookerman-nga-nacional-group-dhe-gazeta-nacional\/","og_site_name":"FjALA e LIR\u00cb - Arkivi","article_published_time":"2012-01-31T11:19:04+00:00","og_image":[{"url":"http:\/\/www.shkoder.net\/images\/fjala\/gjeke_marinaj.jpg","type":"","width":"","height":""}],"author":"admin","twitter_card":"summary_large_image","twitter_misc":{"Written by":"admin","Est. reading time":"14 minutes"},"schema":{"@context":"https:\/\/schema.org","@graph":[{"@type":"Article","@id":"https:\/\/fjala.info\/2009-2015\/gjeke-marinaj-merr-cmimin-albanian-bookerman-nga-nacional-group-dhe-gazeta-nacional\/#article","isPartOf":{"@id":"https:\/\/fjala.info\/2009-2015\/gjeke-marinaj-merr-cmimin-albanian-bookerman-nga-nacional-group-dhe-gazeta-nacional\/"},"author":{"name":"admin","@id":"https:\/\/fjala.info\/2009-2015\/#\/schema\/person\/3aa1163ef05469c496fc94e77611ada2"},"headline":"Gjek\u00eb Marinaj merr \u00c7mimin \u201cAlbanian BookerMan\u201d nga \u201cNacional Group\u201d, dhe gazeta \u201cNacional&#8221;","datePublished":"2012-01-31T11:19:04+00:00","mainEntityOfPage":{"@id":"https:\/\/fjala.info\/2009-2015\/gjeke-marinaj-merr-cmimin-albanian-bookerman-nga-nacional-group-dhe-gazeta-nacional\/"},"wordCount":2905,"commentCount":0,"publisher":{"@id":"https:\/\/fjala.info\/2009-2015\/#organization"},"image":{"@id":"https:\/\/fjala.info\/2009-2015\/gjeke-marinaj-merr-cmimin-albanian-bookerman-nga-nacional-group-dhe-gazeta-nacional\/#primaryimage"},"thumbnailUrl":"http:\/\/www.shkoder.net\/images\/fjala\/gjeke_marinaj.jpg","articleSection":["Artikuj"],"inLanguage":"sq-AL","potentialAction":[{"@type":"CommentAction","name":"Comment","target":["https:\/\/fjala.info\/2009-2015\/gjeke-marinaj-merr-cmimin-albanian-bookerman-nga-nacional-group-dhe-gazeta-nacional\/#respond"]}]},{"@type":"WebPage","@id":"https:\/\/fjala.info\/2009-2015\/gjeke-marinaj-merr-cmimin-albanian-bookerman-nga-nacional-group-dhe-gazeta-nacional\/","url":"https:\/\/fjala.info\/2009-2015\/gjeke-marinaj-merr-cmimin-albanian-bookerman-nga-nacional-group-dhe-gazeta-nacional\/","name":"Gjek\u00eb Marinaj merr \u00c7mimin \u201cAlbanian BookerMan\u201d nga \u201cNacional Group\u201d, dhe gazeta \u201cNacional\" - FjALA e LIR\u00cb - Arkivi","isPartOf":{"@id":"https:\/\/fjala.info\/2009-2015\/#website"},"primaryImageOfPage":{"@id":"https:\/\/fjala.info\/2009-2015\/gjeke-marinaj-merr-cmimin-albanian-bookerman-nga-nacional-group-dhe-gazeta-nacional\/#primaryimage"},"image":{"@id":"https:\/\/fjala.info\/2009-2015\/gjeke-marinaj-merr-cmimin-albanian-bookerman-nga-nacional-group-dhe-gazeta-nacional\/#primaryimage"},"thumbnailUrl":"http:\/\/www.shkoder.net\/images\/fjala\/gjeke_marinaj.jpg","datePublished":"2012-01-31T11:19:04+00:00","breadcrumb":{"@id":"https:\/\/fjala.info\/2009-2015\/gjeke-marinaj-merr-cmimin-albanian-bookerman-nga-nacional-group-dhe-gazeta-nacional\/#breadcrumb"},"inLanguage":"sq-AL","potentialAction":[{"@type":"ReadAction","target":["https:\/\/fjala.info\/2009-2015\/gjeke-marinaj-merr-cmimin-albanian-bookerman-nga-nacional-group-dhe-gazeta-nacional\/"]}]},{"@type":"ImageObject","inLanguage":"sq-AL","@id":"https:\/\/fjala.info\/2009-2015\/gjeke-marinaj-merr-cmimin-albanian-bookerman-nga-nacional-group-dhe-gazeta-nacional\/#primaryimage","url":"http:\/\/www.shkoder.net\/images\/fjala\/gjeke_marinaj.jpg","contentUrl":"http:\/\/www.shkoder.net\/images\/fjala\/gjeke_marinaj.jpg"},{"@type":"BreadcrumbList","@id":"https:\/\/fjala.info\/2009-2015\/gjeke-marinaj-merr-cmimin-albanian-bookerman-nga-nacional-group-dhe-gazeta-nacional\/#breadcrumb","itemListElement":[{"@type":"ListItem","position":1,"name":"Home","item":"https:\/\/fjala.info\/2009-2015\/"},{"@type":"ListItem","position":2,"name":"Gjek\u00eb Marinaj merr \u00c7mimin \u201cAlbanian BookerMan\u201d nga \u201cNacional Group\u201d, dhe gazeta \u201cNacional&#8221;"}]},{"@type":"WebSite","@id":"https:\/\/fjala.info\/2009-2015\/#website","url":"https:\/\/fjala.info\/2009-2015\/","name":"FjALA e LIR\u00cb - Arkivi","description":"Arkivi 2009-2015","publisher":{"@id":"https:\/\/fjala.info\/2009-2015\/#organization"},"potentialAction":[{"@type":"SearchAction","target":{"@type":"EntryPoint","urlTemplate":"https:\/\/fjala.info\/2009-2015\/?s={search_term_string}"},"query-input":{"@type":"PropertyValueSpecification","valueRequired":true,"valueName":"search_term_string"}}],"inLanguage":"sq-AL"},{"@type":"Organization","@id":"https:\/\/fjala.info\/2009-2015\/#organization","name":"FjALA e LIR\u00cb - Arkivi","url":"https:\/\/fjala.info\/2009-2015\/","logo":{"@type":"ImageObject","inLanguage":"sq-AL","@id":"https:\/\/fjala.info\/2009-2015\/#\/schema\/logo\/image\/","url":"","contentUrl":"","caption":"FjALA e LIR\u00cb - Arkivi"},"image":{"@id":"https:\/\/fjala.info\/2009-2015\/#\/schema\/logo\/image\/"}},{"@type":"Person","@id":"https:\/\/fjala.info\/2009-2015\/#\/schema\/person\/3aa1163ef05469c496fc94e77611ada2","name":"admin","image":{"@type":"ImageObject","inLanguage":"sq-AL","@id":"https:\/\/fjala.info\/2009-2015\/wp-content\/uploads\/2012\/02\/arben_cokaj-120x150.jpg","url":"https:\/\/fjala.info\/2009-2015\/wp-content\/uploads\/2012\/02\/arben_cokaj-120x150.jpg","contentUrl":"https:\/\/fjala.info\/2009-2015\/wp-content\/uploads\/2012\/02\/arben_cokaj-120x150.jpg","caption":"admin"},"description":"Admin, Fjala e Lir\u00eb","sameAs":["https:\/\/fjala.info\/"],"url":"https:\/\/fjala.info\/2009-2015\/author\/admin\/"}]}},"_links":{"self":[{"href":"https:\/\/fjala.info\/2009-2015\/wp-json\/wp\/v2\/posts\/1527","targetHints":{"allow":["GET"]}}],"collection":[{"href":"https:\/\/fjala.info\/2009-2015\/wp-json\/wp\/v2\/posts"}],"about":[{"href":"https:\/\/fjala.info\/2009-2015\/wp-json\/wp\/v2\/types\/post"}],"author":[{"embeddable":true,"href":"https:\/\/fjala.info\/2009-2015\/wp-json\/wp\/v2\/users\/1"}],"replies":[{"embeddable":true,"href":"https:\/\/fjala.info\/2009-2015\/wp-json\/wp\/v2\/comments?post=1527"}],"version-history":[{"count":0,"href":"https:\/\/fjala.info\/2009-2015\/wp-json\/wp\/v2\/posts\/1527\/revisions"}],"wp:attachment":[{"href":"https:\/\/fjala.info\/2009-2015\/wp-json\/wp\/v2\/media?parent=1527"}],"wp:term":[{"taxonomy":"category","embeddable":true,"href":"https:\/\/fjala.info\/2009-2015\/wp-json\/wp\/v2\/categories?post=1527"},{"taxonomy":"post_tag","embeddable":true,"href":"https:\/\/fjala.info\/2009-2015\/wp-json\/wp\/v2\/tags?post=1527"}],"curies":[{"name":"wp","href":"https:\/\/api.w.org\/{rel}","templated":true}]}}