{"id":1519,"date":"2014-07-03T18:27:38","date_gmt":"2014-07-03T17:27:38","guid":{"rendered":"http:\/\/www.fjala.info\/?p=1519"},"modified":"2014-07-03T18:27:38","modified_gmt":"2014-07-03T17:27:38","slug":"urti-osmani-mesuese-e-popullit-boton-librin-e-trete-per-bashkeshortin","status":"publish","type":"post","link":"https:\/\/fjala.info\/2009-2015\/urti-osmani-mesuese-e-popullit-boton-librin-e-trete-per-bashkeshortin\/","title":{"rendered":"URTI OSMANI-\u201cM\u00cbSUESE E POPULLIT\u201d: BOTON LIBRIN E TRET\u00cb, P\u00cbR BASHK\u00cbSHORTIN\u2026"},"content":{"rendered":"<p>Nga: <strong>Prof. Murat Gecaj<\/strong>, publicist e studiues-Tiran\u00eb<\/p>\n<p><strong>1<\/strong>.<br \/>\nN\u00eb janar t\u00eb ktij viti, publikova nj\u00eb shkrim informues p\u00ebr nj\u00eb lib\u00ebr, me autore Urti Osmanin-\u201cM\u00ebsuese e Popullit\u201d. Pas ndarjes p\u00ebrgjithnj\u00eb nga jeta t\u00eb bashk\u00ebshortit, prof. Shefik Osmani (shkod\u00ebr, 20 maj 1923-Tiran\u00eb, 21 korrik 2013), n\u00eb kujtim t\u00eb tij, ajo shkroi e publikoi librin e par\u00eb, me titullin \u201cP\u00ebrjet\u00eb me Shefikun\u201d, Tiran\u00eb, 2013. Nd\u00ebrsa, pas nj\u00eb konference p\u00ebrkujtimore, organizuar n\u00eb Akademin\u00eb e Shkencave t\u00eb Shqip\u00ebris\u00eb (Tiran\u00eb, 4 mars 2013), temat e paraqitura ty, por dhe punime t\u00eb tjera, ajo i mblodhi e i botoi n\u00eb librin tjet\u00ebr, \u201cVler\u00ebsime p\u00ebr prof.dr. Shefik Osmanin\u201d(Tiran\u00eb, 2014).<br \/>\n<img decoding=\"async\" class=\"aligncenter size-thumbnail wp-image-7236\" title=\"Shefik Osmani - lib\u00ebr\" src=\"http:\/\/www.fjala.info\/2014\/shefik_osmani.jpg\" alt=\"\" width=\"500\" \/><br \/>\nPor meraku e kujdesi i k\u00ebsaj bashk\u00ebshorteje shembullore, studiueseje dhe botueseje t\u00eb disa librave, nuk mbaroi me kaq. Me p\u00ebrkushtim e durim, megjith\u00ebse vet\u00eb \u00ebsht\u00eb n\u00eb mosh\u00eb t\u00eb thyer, e vazhdoi m\u00eb tej pun\u00ebn p\u00ebr t\u00eb mbledhur shkrime e studime, ende t\u00eb pabotuara n\u00eb ndonj\u00eb lib\u00ebr, q\u00eb ishin l\u00ebn\u00eb nga prof. Shefik Osmani. K\u00ebshtu, pas nj\u00eb pune t\u00eb lodh\u00ebshme e k\u00ebmb\u00ebngul\u00ebse, ajo tuboi e b\u00ebri gati p\u00ebr botim librin e tret\u00eb. Ai ka dal\u00eb k\u00ebto dit\u00eb nga shtypi dhe e ka titullin \u201cFigura t\u00eb shquara t\u00eb arsimit dhe t\u00eb pedagogjis\u00eb\u201d(Tiran\u00eb, 2014), me autor prof. Sh.Osmanin (pas vdekjes).<br \/>\n<strong>2<\/strong>.<br \/>\nSigurisht, ky botim i ri meriton nj\u00eb shkrim t\u00eb zgjaruar e analitik. Nd\u00ebrsa k\u00ebtu po japim vet\u00ebm nj\u00eb informacion t\u00eb shkurt\u00ebr p\u00ebr p\u00ebrmbajtjen e tij, i cili ka redaktor prof.dr. Tomor Osmanin-\u201cMjesht\u00ebr i Madh\u201d. Libri ka gjith\u00ebsej 400 faqe dhe \u00ebsht\u00eb ven\u00eb n\u00eb qarfkullim nga SHB \u201cFilara\u201d-Tiran\u00eb. \u00cbsht\u00eb i ndar\u00eb n\u00eb k\u00ebta kapituj: \u201cShkrime t\u00eb hershme:1940-1943\u201d, \u201cFigura t\u00eb shquara t\u00eb arsimit dhe t\u00eb pedagogjis\u00eb shqiptare\u201d, \u201cNga trash\u00ebgimia e mendimit pedagogjik bot\u00ebror\u201d, \u201cRecensione, kumtesa e artikuj\u201d dhe \u201cKumtesa e shkrime etnokulturore\u201d.<\/p>\n<p>N\u00eb pjes\u00ebn e dyt\u00eb t\u00eb k\u00ebtij libri, flitet p\u00ebr: Pjet\u00ebr Bogdanin, Muhamed \u00c7amin-Ky\u00e7yku, Hsan Tahsinin, Kristoforidhin, Naim Frash\u00ebrin e Sami Frash\u00ebrin, Dora D\u2019Istrian, Pandeli Sotirin, Petro N.Luarasin, Motrat Qiriazi, Luigj Gurakuqin, Hasan Pishtin\u00ebn, Aleksand\u00ebr Xhuvanin, Vehbi Dibr\u00ebn, Simon Shuteriqin, Gasp\u00ebr Beltoj\u00ebn, Mati Logorecin, Ahmet Gashin, Luigj Marlekajn, Migjenin, Lasgush Poradecin, Siri Shapllon, Kol\u00eb Kocin, Henrik Lac\u00ebn, Stefan Priftin, Kahreman Yllin, Fatbardha Geg\u00ebn, Faik Lulin e Hysni Myzyrin.<\/p>\n<p>Nd\u00ebrsa n\u00eb pjes\u00ebn e tret\u00eb, si\u00e7 \u00ebsht\u00eb e kuptushme, prof.Sh.Osmani ka shkruar p\u00ebr figura t\u00eb njohura t\u00eb mendimit pedagogjik bot\u00ebror, si El Gazaliu, J.A.Komenski dhe zvicerianen Jacqueline Cornez Besson. N\u00eb pjes\u00ebt e fundit t\u00eb k\u00ebtij libri jan\u00eb p\u00ebrfshir\u00eb shkrime t\u00eb tjera, q\u00eb paraqesin interes dhe q\u00eb i kushtohen p\u00ebrfmbajtjes s\u00eb disa librave, nga Shqip\u00ebria dhe vende t\u00eb tjera.<br \/>\nDuke e p\u00ebrg\u00ebzuar dhe uruar sinqerisht Urti Osmanin-\u2018M\u00ebsuese e Popullit\u201d, p\u00ebr k\u00ebt\u00eb pun\u00eb mjaft t\u00eb \u00e7muar, q\u00eb ajo po b\u00ebn, shprehim k\u00ebnaq\u00ebsin\u00eb, nga pohimi i saj, se k\u00ebto dit\u00eb d\u00ebrgoi n\u00eb shtyp edhe librin e kat\u00ebrt, me shkrime t\u00eb tjer\u00eb, q\u00eb kan\u00eb autor bashk\u00ebshortin e paharruar, prof.Shefik Osmanin-\u201cLaureat i \u00c7mimit t\u00eb Republik\u00ebs\u201d.<\/p>\n<p><em>Tiran\u00eb, 2 korrik 2014 <\/em><\/p>\n","protected":false},"excerpt":{"rendered":"<p>Nga: Prof. Murat Gecaj, publicist e studiues-Tiran\u00eb 1. N\u00eb janar t\u00eb ktij viti, publikova nj\u00eb shkrim informues p\u00ebr nj\u00eb lib\u00ebr, me autore Urti Osmanin-\u201cM\u00ebsuese e Popullit\u201d. Pas ndarjes p\u00ebrgjithnj\u00eb nga jeta t\u00eb bashk\u00ebshortit, prof. Shefik Osmani (shkod\u00ebr, 20 maj 1923-Tiran\u00eb, 21 korrik 2013), n\u00eb kujtim t\u00eb tij, ajo shkroi e publikoi librin e par\u00eb, me [&hellip;]<\/p>\n","protected":false},"author":1,"featured_media":0,"comment_status":"open","ping_status":"closed","sticky":false,"template":"","format":"standard","meta":{"footnotes":""},"categories":[2],"tags":[],"class_list":{"0":"post-1519","1":"post","2":"type-post","3":"status-publish","4":"format-standard","6":"category-artikuj"},"yoast_head":"<!-- This site is optimized with the Yoast SEO plugin v27.4 - https:\/\/yoast.com\/product\/yoast-seo-wordpress\/ -->\n<title>URTI OSMANI-\u201cM\u00cbSUESE E POPULLIT\u201d: BOTON LIBRIN E TRET\u00cb, P\u00cbR BASHK\u00cbSHORTIN\u2026 - FjALA e LIR\u00cb - Arkivi<\/title>\n<meta name=\"robots\" content=\"index, follow, max-snippet:-1, max-image-preview:large, max-video-preview:-1\" \/>\n<link rel=\"canonical\" href=\"https:\/\/fjala.info\/2009-2015\/urti-osmani-mesuese-e-popullit-boton-librin-e-trete-per-bashkeshortin\/\" \/>\n<meta property=\"og:locale\" content=\"sq_AL\" \/>\n<meta property=\"og:type\" content=\"article\" \/>\n<meta property=\"og:title\" content=\"URTI OSMANI-\u201cM\u00cbSUESE E POPULLIT\u201d: BOTON LIBRIN E TRET\u00cb, P\u00cbR BASHK\u00cbSHORTIN\u2026 - FjALA e LIR\u00cb - Arkivi\" \/>\n<meta property=\"og:description\" content=\"Nga: Prof. Murat Gecaj, publicist e studiues-Tiran\u00eb 1. N\u00eb janar t\u00eb ktij viti, publikova nj\u00eb shkrim informues p\u00ebr nj\u00eb lib\u00ebr, me autore Urti Osmanin-\u201cM\u00ebsuese e Popullit\u201d. Pas ndarjes p\u00ebrgjithnj\u00eb nga jeta t\u00eb bashk\u00ebshortit, prof. Shefik Osmani (shkod\u00ebr, 20 maj 1923-Tiran\u00eb, 21 korrik 2013), n\u00eb kujtim t\u00eb tij, ajo shkroi e publikoi librin e par\u00eb, me [&hellip;]\" \/>\n<meta property=\"og:url\" content=\"https:\/\/fjala.info\/2009-2015\/urti-osmani-mesuese-e-popullit-boton-librin-e-trete-per-bashkeshortin\/\" \/>\n<meta property=\"og:site_name\" content=\"FjALA e LIR\u00cb - Arkivi\" \/>\n<meta property=\"article:published_time\" content=\"2014-07-03T17:27:38+00:00\" \/>\n<meta property=\"og:image\" content=\"http:\/\/www.fjala.info\/2014\/shefik_osmani.jpg\" \/>\n<meta name=\"author\" content=\"admin\" \/>\n<meta name=\"twitter:card\" content=\"summary_large_image\" \/>\n<meta name=\"twitter:label1\" content=\"Written by\" \/>\n\t<meta name=\"twitter:data1\" content=\"admin\" \/>\n\t<meta name=\"twitter:label2\" content=\"Est. reading time\" \/>\n\t<meta name=\"twitter:data2\" content=\"3 minutes\" \/>\n<script type=\"application\/ld+json\" class=\"yoast-schema-graph\">{\"@context\":\"https:\\\/\\\/schema.org\",\"@graph\":[{\"@type\":\"Article\",\"@id\":\"https:\\\/\\\/fjala.info\\\/2009-2015\\\/urti-osmani-mesuese-e-popullit-boton-librin-e-trete-per-bashkeshortin\\\/#article\",\"isPartOf\":{\"@id\":\"https:\\\/\\\/fjala.info\\\/2009-2015\\\/urti-osmani-mesuese-e-popullit-boton-librin-e-trete-per-bashkeshortin\\\/\"},\"author\":{\"name\":\"admin\",\"@id\":\"https:\\\/\\\/fjala.info\\\/2009-2015\\\/#\\\/schema\\\/person\\\/3aa1163ef05469c496fc94e77611ada2\"},\"headline\":\"URTI OSMANI-\u201cM\u00cbSUESE E POPULLIT\u201d: BOTON LIBRIN E TRET\u00cb, P\u00cbR BASHK\u00cbSHORTIN\u2026\",\"datePublished\":\"2014-07-03T17:27:38+00:00\",\"mainEntityOfPage\":{\"@id\":\"https:\\\/\\\/fjala.info\\\/2009-2015\\\/urti-osmani-mesuese-e-popullit-boton-librin-e-trete-per-bashkeshortin\\\/\"},\"wordCount\":555,\"commentCount\":0,\"publisher\":{\"@id\":\"https:\\\/\\\/fjala.info\\\/2009-2015\\\/#organization\"},\"image\":{\"@id\":\"https:\\\/\\\/fjala.info\\\/2009-2015\\\/urti-osmani-mesuese-e-popullit-boton-librin-e-trete-per-bashkeshortin\\\/#primaryimage\"},\"thumbnailUrl\":\"http:\\\/\\\/www.fjala.info\\\/2014\\\/shefik_osmani.jpg\",\"articleSection\":[\"Artikuj\"],\"inLanguage\":\"sq-AL\",\"potentialAction\":[{\"@type\":\"CommentAction\",\"name\":\"Comment\",\"target\":[\"https:\\\/\\\/fjala.info\\\/2009-2015\\\/urti-osmani-mesuese-e-popullit-boton-librin-e-trete-per-bashkeshortin\\\/#respond\"]}]},{\"@type\":\"WebPage\",\"@id\":\"https:\\\/\\\/fjala.info\\\/2009-2015\\\/urti-osmani-mesuese-e-popullit-boton-librin-e-trete-per-bashkeshortin\\\/\",\"url\":\"https:\\\/\\\/fjala.info\\\/2009-2015\\\/urti-osmani-mesuese-e-popullit-boton-librin-e-trete-per-bashkeshortin\\\/\",\"name\":\"URTI OSMANI-\u201cM\u00cbSUESE E POPULLIT\u201d: BOTON LIBRIN E TRET\u00cb, P\u00cbR BASHK\u00cbSHORTIN\u2026 - FjALA e LIR\u00cb - Arkivi\",\"isPartOf\":{\"@id\":\"https:\\\/\\\/fjala.info\\\/2009-2015\\\/#website\"},\"primaryImageOfPage\":{\"@id\":\"https:\\\/\\\/fjala.info\\\/2009-2015\\\/urti-osmani-mesuese-e-popullit-boton-librin-e-trete-per-bashkeshortin\\\/#primaryimage\"},\"image\":{\"@id\":\"https:\\\/\\\/fjala.info\\\/2009-2015\\\/urti-osmani-mesuese-e-popullit-boton-librin-e-trete-per-bashkeshortin\\\/#primaryimage\"},\"thumbnailUrl\":\"http:\\\/\\\/www.fjala.info\\\/2014\\\/shefik_osmani.jpg\",\"datePublished\":\"2014-07-03T17:27:38+00:00\",\"breadcrumb\":{\"@id\":\"https:\\\/\\\/fjala.info\\\/2009-2015\\\/urti-osmani-mesuese-e-popullit-boton-librin-e-trete-per-bashkeshortin\\\/#breadcrumb\"},\"inLanguage\":\"sq-AL\",\"potentialAction\":[{\"@type\":\"ReadAction\",\"target\":[\"https:\\\/\\\/fjala.info\\\/2009-2015\\\/urti-osmani-mesuese-e-popullit-boton-librin-e-trete-per-bashkeshortin\\\/\"]}]},{\"@type\":\"ImageObject\",\"inLanguage\":\"sq-AL\",\"@id\":\"https:\\\/\\\/fjala.info\\\/2009-2015\\\/urti-osmani-mesuese-e-popullit-boton-librin-e-trete-per-bashkeshortin\\\/#primaryimage\",\"url\":\"http:\\\/\\\/www.fjala.info\\\/2014\\\/shefik_osmani.jpg\",\"contentUrl\":\"http:\\\/\\\/www.fjala.info\\\/2014\\\/shefik_osmani.jpg\"},{\"@type\":\"BreadcrumbList\",\"@id\":\"https:\\\/\\\/fjala.info\\\/2009-2015\\\/urti-osmani-mesuese-e-popullit-boton-librin-e-trete-per-bashkeshortin\\\/#breadcrumb\",\"itemListElement\":[{\"@type\":\"ListItem\",\"position\":1,\"name\":\"Home\",\"item\":\"https:\\\/\\\/fjala.info\\\/2009-2015\\\/\"},{\"@type\":\"ListItem\",\"position\":2,\"name\":\"URTI OSMANI-\u201cM\u00cbSUESE E POPULLIT\u201d: BOTON LIBRIN E TRET\u00cb, P\u00cbR BASHK\u00cbSHORTIN\u2026\"}]},{\"@type\":\"WebSite\",\"@id\":\"https:\\\/\\\/fjala.info\\\/2009-2015\\\/#website\",\"url\":\"https:\\\/\\\/fjala.info\\\/2009-2015\\\/\",\"name\":\"FjALA e LIR\u00cb - Arkivi\",\"description\":\"Arkivi 2009-2015\",\"publisher\":{\"@id\":\"https:\\\/\\\/fjala.info\\\/2009-2015\\\/#organization\"},\"potentialAction\":[{\"@type\":\"SearchAction\",\"target\":{\"@type\":\"EntryPoint\",\"urlTemplate\":\"https:\\\/\\\/fjala.info\\\/2009-2015\\\/?s={search_term_string}\"},\"query-input\":{\"@type\":\"PropertyValueSpecification\",\"valueRequired\":true,\"valueName\":\"search_term_string\"}}],\"inLanguage\":\"sq-AL\"},{\"@type\":\"Organization\",\"@id\":\"https:\\\/\\\/fjala.info\\\/2009-2015\\\/#organization\",\"name\":\"FjALA e LIR\u00cb - Arkivi\",\"url\":\"https:\\\/\\\/fjala.info\\\/2009-2015\\\/\",\"logo\":{\"@type\":\"ImageObject\",\"inLanguage\":\"sq-AL\",\"@id\":\"https:\\\/\\\/fjala.info\\\/2009-2015\\\/#\\\/schema\\\/logo\\\/image\\\/\",\"url\":\"\",\"contentUrl\":\"\",\"caption\":\"FjALA e LIR\u00cb - Arkivi\"},\"image\":{\"@id\":\"https:\\\/\\\/fjala.info\\\/2009-2015\\\/#\\\/schema\\\/logo\\\/image\\\/\"}},{\"@type\":\"Person\",\"@id\":\"https:\\\/\\\/fjala.info\\\/2009-2015\\\/#\\\/schema\\\/person\\\/3aa1163ef05469c496fc94e77611ada2\",\"name\":\"admin\",\"image\":{\"@type\":\"ImageObject\",\"inLanguage\":\"sq-AL\",\"@id\":\"https:\\\/\\\/fjala.info\\\/2009-2015\\\/wp-content\\\/uploads\\\/2012\\\/02\\\/arben_cokaj-120x150.jpg\",\"url\":\"https:\\\/\\\/fjala.info\\\/2009-2015\\\/wp-content\\\/uploads\\\/2012\\\/02\\\/arben_cokaj-120x150.jpg\",\"contentUrl\":\"https:\\\/\\\/fjala.info\\\/2009-2015\\\/wp-content\\\/uploads\\\/2012\\\/02\\\/arben_cokaj-120x150.jpg\",\"caption\":\"admin\"},\"description\":\"Admin, Fjala e Lir\u00eb\",\"sameAs\":[\"https:\\\/\\\/fjala.info\\\/\"],\"url\":\"https:\\\/\\\/fjala.info\\\/2009-2015\\\/author\\\/admin\\\/\"}]}<\/script>\n<!-- \/ Yoast SEO plugin. -->","yoast_head_json":{"title":"URTI OSMANI-\u201cM\u00cbSUESE E POPULLIT\u201d: BOTON LIBRIN E TRET\u00cb, P\u00cbR BASHK\u00cbSHORTIN\u2026 - FjALA e LIR\u00cb - Arkivi","robots":{"index":"index","follow":"follow","max-snippet":"max-snippet:-1","max-image-preview":"max-image-preview:large","max-video-preview":"max-video-preview:-1"},"canonical":"https:\/\/fjala.info\/2009-2015\/urti-osmani-mesuese-e-popullit-boton-librin-e-trete-per-bashkeshortin\/","og_locale":"sq_AL","og_type":"article","og_title":"URTI OSMANI-\u201cM\u00cbSUESE E POPULLIT\u201d: BOTON LIBRIN E TRET\u00cb, P\u00cbR BASHK\u00cbSHORTIN\u2026 - FjALA e LIR\u00cb - Arkivi","og_description":"Nga: Prof. Murat Gecaj, publicist e studiues-Tiran\u00eb 1. N\u00eb janar t\u00eb ktij viti, publikova nj\u00eb shkrim informues p\u00ebr nj\u00eb lib\u00ebr, me autore Urti Osmanin-\u201cM\u00ebsuese e Popullit\u201d. Pas ndarjes p\u00ebrgjithnj\u00eb nga jeta t\u00eb bashk\u00ebshortit, prof. Shefik Osmani (shkod\u00ebr, 20 maj 1923-Tiran\u00eb, 21 korrik 2013), n\u00eb kujtim t\u00eb tij, ajo shkroi e publikoi librin e par\u00eb, me [&hellip;]","og_url":"https:\/\/fjala.info\/2009-2015\/urti-osmani-mesuese-e-popullit-boton-librin-e-trete-per-bashkeshortin\/","og_site_name":"FjALA e LIR\u00cb - Arkivi","article_published_time":"2014-07-03T17:27:38+00:00","og_image":[{"url":"http:\/\/www.fjala.info\/2014\/shefik_osmani.jpg","type":"","width":"","height":""}],"author":"admin","twitter_card":"summary_large_image","twitter_misc":{"Written by":"admin","Est. reading time":"3 minutes"},"schema":{"@context":"https:\/\/schema.org","@graph":[{"@type":"Article","@id":"https:\/\/fjala.info\/2009-2015\/urti-osmani-mesuese-e-popullit-boton-librin-e-trete-per-bashkeshortin\/#article","isPartOf":{"@id":"https:\/\/fjala.info\/2009-2015\/urti-osmani-mesuese-e-popullit-boton-librin-e-trete-per-bashkeshortin\/"},"author":{"name":"admin","@id":"https:\/\/fjala.info\/2009-2015\/#\/schema\/person\/3aa1163ef05469c496fc94e77611ada2"},"headline":"URTI OSMANI-\u201cM\u00cbSUESE E POPULLIT\u201d: BOTON LIBRIN E TRET\u00cb, P\u00cbR BASHK\u00cbSHORTIN\u2026","datePublished":"2014-07-03T17:27:38+00:00","mainEntityOfPage":{"@id":"https:\/\/fjala.info\/2009-2015\/urti-osmani-mesuese-e-popullit-boton-librin-e-trete-per-bashkeshortin\/"},"wordCount":555,"commentCount":0,"publisher":{"@id":"https:\/\/fjala.info\/2009-2015\/#organization"},"image":{"@id":"https:\/\/fjala.info\/2009-2015\/urti-osmani-mesuese-e-popullit-boton-librin-e-trete-per-bashkeshortin\/#primaryimage"},"thumbnailUrl":"http:\/\/www.fjala.info\/2014\/shefik_osmani.jpg","articleSection":["Artikuj"],"inLanguage":"sq-AL","potentialAction":[{"@type":"CommentAction","name":"Comment","target":["https:\/\/fjala.info\/2009-2015\/urti-osmani-mesuese-e-popullit-boton-librin-e-trete-per-bashkeshortin\/#respond"]}]},{"@type":"WebPage","@id":"https:\/\/fjala.info\/2009-2015\/urti-osmani-mesuese-e-popullit-boton-librin-e-trete-per-bashkeshortin\/","url":"https:\/\/fjala.info\/2009-2015\/urti-osmani-mesuese-e-popullit-boton-librin-e-trete-per-bashkeshortin\/","name":"URTI OSMANI-\u201cM\u00cbSUESE E POPULLIT\u201d: BOTON LIBRIN E TRET\u00cb, P\u00cbR BASHK\u00cbSHORTIN\u2026 - FjALA e LIR\u00cb - Arkivi","isPartOf":{"@id":"https:\/\/fjala.info\/2009-2015\/#website"},"primaryImageOfPage":{"@id":"https:\/\/fjala.info\/2009-2015\/urti-osmani-mesuese-e-popullit-boton-librin-e-trete-per-bashkeshortin\/#primaryimage"},"image":{"@id":"https:\/\/fjala.info\/2009-2015\/urti-osmani-mesuese-e-popullit-boton-librin-e-trete-per-bashkeshortin\/#primaryimage"},"thumbnailUrl":"http:\/\/www.fjala.info\/2014\/shefik_osmani.jpg","datePublished":"2014-07-03T17:27:38+00:00","breadcrumb":{"@id":"https:\/\/fjala.info\/2009-2015\/urti-osmani-mesuese-e-popullit-boton-librin-e-trete-per-bashkeshortin\/#breadcrumb"},"inLanguage":"sq-AL","potentialAction":[{"@type":"ReadAction","target":["https:\/\/fjala.info\/2009-2015\/urti-osmani-mesuese-e-popullit-boton-librin-e-trete-per-bashkeshortin\/"]}]},{"@type":"ImageObject","inLanguage":"sq-AL","@id":"https:\/\/fjala.info\/2009-2015\/urti-osmani-mesuese-e-popullit-boton-librin-e-trete-per-bashkeshortin\/#primaryimage","url":"http:\/\/www.fjala.info\/2014\/shefik_osmani.jpg","contentUrl":"http:\/\/www.fjala.info\/2014\/shefik_osmani.jpg"},{"@type":"BreadcrumbList","@id":"https:\/\/fjala.info\/2009-2015\/urti-osmani-mesuese-e-popullit-boton-librin-e-trete-per-bashkeshortin\/#breadcrumb","itemListElement":[{"@type":"ListItem","position":1,"name":"Home","item":"https:\/\/fjala.info\/2009-2015\/"},{"@type":"ListItem","position":2,"name":"URTI OSMANI-\u201cM\u00cbSUESE E POPULLIT\u201d: BOTON LIBRIN E TRET\u00cb, P\u00cbR BASHK\u00cbSHORTIN\u2026"}]},{"@type":"WebSite","@id":"https:\/\/fjala.info\/2009-2015\/#website","url":"https:\/\/fjala.info\/2009-2015\/","name":"FjALA e LIR\u00cb - Arkivi","description":"Arkivi 2009-2015","publisher":{"@id":"https:\/\/fjala.info\/2009-2015\/#organization"},"potentialAction":[{"@type":"SearchAction","target":{"@type":"EntryPoint","urlTemplate":"https:\/\/fjala.info\/2009-2015\/?s={search_term_string}"},"query-input":{"@type":"PropertyValueSpecification","valueRequired":true,"valueName":"search_term_string"}}],"inLanguage":"sq-AL"},{"@type":"Organization","@id":"https:\/\/fjala.info\/2009-2015\/#organization","name":"FjALA e LIR\u00cb - Arkivi","url":"https:\/\/fjala.info\/2009-2015\/","logo":{"@type":"ImageObject","inLanguage":"sq-AL","@id":"https:\/\/fjala.info\/2009-2015\/#\/schema\/logo\/image\/","url":"","contentUrl":"","caption":"FjALA e LIR\u00cb - Arkivi"},"image":{"@id":"https:\/\/fjala.info\/2009-2015\/#\/schema\/logo\/image\/"}},{"@type":"Person","@id":"https:\/\/fjala.info\/2009-2015\/#\/schema\/person\/3aa1163ef05469c496fc94e77611ada2","name":"admin","image":{"@type":"ImageObject","inLanguage":"sq-AL","@id":"https:\/\/fjala.info\/2009-2015\/wp-content\/uploads\/2012\/02\/arben_cokaj-120x150.jpg","url":"https:\/\/fjala.info\/2009-2015\/wp-content\/uploads\/2012\/02\/arben_cokaj-120x150.jpg","contentUrl":"https:\/\/fjala.info\/2009-2015\/wp-content\/uploads\/2012\/02\/arben_cokaj-120x150.jpg","caption":"admin"},"description":"Admin, Fjala e Lir\u00eb","sameAs":["https:\/\/fjala.info\/"],"url":"https:\/\/fjala.info\/2009-2015\/author\/admin\/"}]}},"_links":{"self":[{"href":"https:\/\/fjala.info\/2009-2015\/wp-json\/wp\/v2\/posts\/1519","targetHints":{"allow":["GET"]}}],"collection":[{"href":"https:\/\/fjala.info\/2009-2015\/wp-json\/wp\/v2\/posts"}],"about":[{"href":"https:\/\/fjala.info\/2009-2015\/wp-json\/wp\/v2\/types\/post"}],"author":[{"embeddable":true,"href":"https:\/\/fjala.info\/2009-2015\/wp-json\/wp\/v2\/users\/1"}],"replies":[{"embeddable":true,"href":"https:\/\/fjala.info\/2009-2015\/wp-json\/wp\/v2\/comments?post=1519"}],"version-history":[{"count":0,"href":"https:\/\/fjala.info\/2009-2015\/wp-json\/wp\/v2\/posts\/1519\/revisions"}],"wp:attachment":[{"href":"https:\/\/fjala.info\/2009-2015\/wp-json\/wp\/v2\/media?parent=1519"}],"wp:term":[{"taxonomy":"category","embeddable":true,"href":"https:\/\/fjala.info\/2009-2015\/wp-json\/wp\/v2\/categories?post=1519"},{"taxonomy":"post_tag","embeddable":true,"href":"https:\/\/fjala.info\/2009-2015\/wp-json\/wp\/v2\/tags?post=1519"}],"curies":[{"name":"wp","href":"https:\/\/api.w.org\/{rel}","templated":true}]}}