{"id":1514,"date":"2012-01-30T21:14:40","date_gmt":"2012-01-30T20:14:40","guid":{"rendered":"http:\/\/fjala.shkoder.net\/?p=1514"},"modified":"2012-01-30T21:14:40","modified_gmt":"2012-01-30T20:14:40","slug":"vetem-ne-nje-gje-ia-marrim-botes-kemi-nje-kryeminister-si-ky-qe-kemi","status":"publish","type":"post","link":"https:\/\/fjala.info\/2009-2015\/vetem-ne-nje-gje-ia-marrim-botes-kemi-nje-kryeminister-si-ky-qe-kemi\/","title":{"rendered":"Vet\u00ebm n\u00eb nj\u00eb gj\u00eb ia marrim bot\u00ebs: Kemi nj\u00eb kryeminist\u00ebr si ky q\u00eb kemi"},"content":{"rendered":"<p><img decoding=\"async\" class=\"alignright size-thumbnail wp-image-7236\" title=\"Sali Berisha\" src=\"http:\/\/www.shkoder.net\/2012\/sali_berisha1.jpg\" alt=\"\" width=\"300\" \/> Nga <strong>Mustafa Nano<\/strong>, <em>30 Janar 2012<\/em><\/p>\n<p>N\u00eb mbledhjen e sotme t\u00eb grupit parlamentar t\u00eb PD-s\u00eb, Berisha mbajti fjalimin e radh\u00ebs, dhe mufkat nuk kishin t\u00eb sosur. Do krahasime me bot\u00ebn i b\u00ebri p\u00ebr ta nxjerr\u00eb Shqip\u00ebrin\u00eb e tij t\u00eb par\u00ebn ose t\u00eb dyt\u00ebn. Mir\u00ebpo ne vet\u00ebm n\u00eb nj\u00eb pik\u00eb ia marrim bot\u00ebs; kemi kryeminist\u00ebr k\u00ebt\u00eb q\u00eb kemi, i cili arrin t\u00eb thot\u00eb gj\u00ebra si k\u00ebto m\u00eb posht\u00eb:<\/p>\n<p>&#8211; Ky vend \u00ebsht\u00eb nd\u00ebr t\u00eb pakt\u00ebt n\u00eb Europ\u00eb q\u00eb publikon online shpenzimet qeveritare. Dhjet\u00ebra vende kan\u00eb pasur mund\u00ebsi ta b\u00ebjn\u00eb k\u00ebt\u00eb gj\u00eb, por ne pat\u00ebm vullnetin dhe e b\u00ebm\u00eb. Ne do b\u00ebjm\u00eb gjith\u00e7ka q\u00eb rrezja e transparenc\u00ebs t\u00eb penetroj\u00eb n\u00eb \u00e7do qeliz\u00eb t\u00eb k\u00ebsaj administrate dhe t\u00eb k\u00ebtij shteti.<\/p>\n<p>&#8211; N\u00eb rast se e ndiqni kriz\u00ebn e sotme evropiane dhe bot\u00ebrore, kjo kriz\u00eb n\u00eb themelin e v\u00ebrtet\u00eb t\u00eb saj ka munges\u00ebn e reformave, me t\u00eb cilat ekonomit\u00eb e vendeve t\u00eb lira duhej t\u00eb p\u00ebrshtateshin me globalizmin. Rezulton se sot qeverit\u00eb n\u00eb Europ\u00eb po nd\u00ebrmarrin masa q\u00eb ne i nd\u00ebrmor\u00ebm koh\u00eb m\u00eb par\u00eb, liberalizim t\u00eb lejeve, licencave, standarde t\u00eb reja. Ju garantoj se kjo frym\u00eb do nxjerr\u00eb k\u00ebto vende nga kriza.<\/p>\n<p>&#8211; Sot nuk ka nj\u00eb vend t\u00eb dyt\u00eb privat si\u00e7 \u00ebsht\u00eb Shqip\u00ebria, e ne prap\u00eb kemi nevoj\u00eb t\u00eb privatizojm\u00eb. Ne do ecim me vendosm\u00ebri drejt privatizimit t\u00eb plot\u00eb. P\u00ebr k\u00ebt\u00eb arsye kam k\u00ebrkuar q\u00eb t\u00eb nd\u00ebrmarrim privatizimin m\u00eb t\u00eb thell\u00eb t\u00eb pyjeve. Shqip\u00ebria ka 1.6 milion hektar\u00eb pyje e shkurre q\u00eb mund t\u00eb p\u00ebrdoren gjer\u00ebsisht p\u00ebr arror\u00eb n\u00eb shkall\u00ebn m\u00eb t\u00eb gjer\u00eb.<\/p>\n<p><em>respublica.al<\/em><\/p>\n<p>http:\/\/respublica.al\/artikuj\/2012\/1\/30\/vetem-ne-nje-gje-ia-marrim-botes-kemi-nje-kryeminister-si-ky-qe-kemi<\/p>\n","protected":false},"excerpt":{"rendered":"<p>Nga Mustafa Nano, 30 Janar 2012 N\u00eb mbledhjen e sotme t\u00eb grupit parlamentar t\u00eb PD-s\u00eb, Berisha mbajti fjalimin e radh\u00ebs, dhe mufkat nuk kishin t\u00eb sosur. Do krahasime me bot\u00ebn i b\u00ebri p\u00ebr ta nxjerr\u00eb Shqip\u00ebrin\u00eb e tij t\u00eb par\u00ebn ose t\u00eb dyt\u00ebn. Mir\u00ebpo ne vet\u00ebm n\u00eb nj\u00eb pik\u00eb ia marrim bot\u00ebs; kemi kryeminist\u00ebr k\u00ebt\u00eb [&hellip;]<\/p>\n","protected":false},"author":1,"featured_media":0,"comment_status":"open","ping_status":"closed","sticky":false,"template":"","format":"standard","meta":{"footnotes":""},"categories":[2,5],"tags":[],"class_list":{"0":"post-1514","1":"post","2":"type-post","3":"status-publish","4":"format-standard","6":"category-artikuj","7":"category-lajme"},"yoast_head":"<!-- This site is optimized with the Yoast SEO plugin v27.4 - https:\/\/yoast.com\/product\/yoast-seo-wordpress\/ -->\n<title>Vet\u00ebm n\u00eb nj\u00eb gj\u00eb ia marrim bot\u00ebs: Kemi nj\u00eb kryeminist\u00ebr si ky q\u00eb kemi - FjALA e LIR\u00cb - Arkivi<\/title>\n<meta name=\"robots\" content=\"index, follow, max-snippet:-1, max-image-preview:large, max-video-preview:-1\" \/>\n<link rel=\"canonical\" href=\"https:\/\/fjala.info\/2009-2015\/vetem-ne-nje-gje-ia-marrim-botes-kemi-nje-kryeminister-si-ky-qe-kemi\/\" \/>\n<meta property=\"og:locale\" content=\"sq_AL\" \/>\n<meta property=\"og:type\" content=\"article\" \/>\n<meta property=\"og:title\" content=\"Vet\u00ebm n\u00eb nj\u00eb gj\u00eb ia marrim bot\u00ebs: Kemi nj\u00eb kryeminist\u00ebr si ky q\u00eb kemi - FjALA e LIR\u00cb - Arkivi\" \/>\n<meta property=\"og:description\" content=\"Nga Mustafa Nano, 30 Janar 2012 N\u00eb mbledhjen e sotme t\u00eb grupit parlamentar t\u00eb PD-s\u00eb, Berisha mbajti fjalimin e radh\u00ebs, dhe mufkat nuk kishin t\u00eb sosur. Do krahasime me bot\u00ebn i b\u00ebri p\u00ebr ta nxjerr\u00eb Shqip\u00ebrin\u00eb e tij t\u00eb par\u00ebn ose t\u00eb dyt\u00ebn. Mir\u00ebpo ne vet\u00ebm n\u00eb nj\u00eb pik\u00eb ia marrim bot\u00ebs; kemi kryeminist\u00ebr k\u00ebt\u00eb [&hellip;]\" \/>\n<meta property=\"og:url\" content=\"https:\/\/fjala.info\/2009-2015\/vetem-ne-nje-gje-ia-marrim-botes-kemi-nje-kryeminister-si-ky-qe-kemi\/\" \/>\n<meta property=\"og:site_name\" content=\"FjALA e LIR\u00cb - Arkivi\" \/>\n<meta property=\"article:published_time\" content=\"2012-01-30T20:14:40+00:00\" \/>\n<meta property=\"og:image\" content=\"http:\/\/www.shkoder.net\/2012\/sali_berisha1.jpg\" \/>\n<meta name=\"author\" content=\"admin\" \/>\n<meta name=\"twitter:card\" content=\"summary_large_image\" \/>\n<meta name=\"twitter:label1\" content=\"Written by\" \/>\n\t<meta name=\"twitter:data1\" content=\"admin\" \/>\n\t<meta name=\"twitter:label2\" content=\"Est. reading time\" \/>\n\t<meta name=\"twitter:data2\" content=\"2 minutes\" \/>\n<script type=\"application\/ld+json\" class=\"yoast-schema-graph\">{\"@context\":\"https:\\\/\\\/schema.org\",\"@graph\":[{\"@type\":\"Article\",\"@id\":\"https:\\\/\\\/fjala.info\\\/2009-2015\\\/vetem-ne-nje-gje-ia-marrim-botes-kemi-nje-kryeminister-si-ky-qe-kemi\\\/#article\",\"isPartOf\":{\"@id\":\"https:\\\/\\\/fjala.info\\\/2009-2015\\\/vetem-ne-nje-gje-ia-marrim-botes-kemi-nje-kryeminister-si-ky-qe-kemi\\\/\"},\"author\":{\"name\":\"admin\",\"@id\":\"https:\\\/\\\/fjala.info\\\/2009-2015\\\/#\\\/schema\\\/person\\\/3aa1163ef05469c496fc94e77611ada2\"},\"headline\":\"Vet\u00ebm n\u00eb nj\u00eb gj\u00eb ia marrim bot\u00ebs: Kemi nj\u00eb kryeminist\u00ebr si ky q\u00eb kemi\",\"datePublished\":\"2012-01-30T20:14:40+00:00\",\"mainEntityOfPage\":{\"@id\":\"https:\\\/\\\/fjala.info\\\/2009-2015\\\/vetem-ne-nje-gje-ia-marrim-botes-kemi-nje-kryeminister-si-ky-qe-kemi\\\/\"},\"wordCount\":318,\"commentCount\":0,\"publisher\":{\"@id\":\"https:\\\/\\\/fjala.info\\\/2009-2015\\\/#organization\"},\"image\":{\"@id\":\"https:\\\/\\\/fjala.info\\\/2009-2015\\\/vetem-ne-nje-gje-ia-marrim-botes-kemi-nje-kryeminister-si-ky-qe-kemi\\\/#primaryimage\"},\"thumbnailUrl\":\"http:\\\/\\\/www.shkoder.net\\\/2012\\\/sali_berisha1.jpg\",\"articleSection\":[\"Artikuj\",\"Lajme\"],\"inLanguage\":\"sq-AL\",\"potentialAction\":[{\"@type\":\"CommentAction\",\"name\":\"Comment\",\"target\":[\"https:\\\/\\\/fjala.info\\\/2009-2015\\\/vetem-ne-nje-gje-ia-marrim-botes-kemi-nje-kryeminister-si-ky-qe-kemi\\\/#respond\"]}]},{\"@type\":\"WebPage\",\"@id\":\"https:\\\/\\\/fjala.info\\\/2009-2015\\\/vetem-ne-nje-gje-ia-marrim-botes-kemi-nje-kryeminister-si-ky-qe-kemi\\\/\",\"url\":\"https:\\\/\\\/fjala.info\\\/2009-2015\\\/vetem-ne-nje-gje-ia-marrim-botes-kemi-nje-kryeminister-si-ky-qe-kemi\\\/\",\"name\":\"Vet\u00ebm n\u00eb nj\u00eb gj\u00eb ia marrim bot\u00ebs: Kemi nj\u00eb kryeminist\u00ebr si ky q\u00eb kemi - FjALA e LIR\u00cb - Arkivi\",\"isPartOf\":{\"@id\":\"https:\\\/\\\/fjala.info\\\/2009-2015\\\/#website\"},\"primaryImageOfPage\":{\"@id\":\"https:\\\/\\\/fjala.info\\\/2009-2015\\\/vetem-ne-nje-gje-ia-marrim-botes-kemi-nje-kryeminister-si-ky-qe-kemi\\\/#primaryimage\"},\"image\":{\"@id\":\"https:\\\/\\\/fjala.info\\\/2009-2015\\\/vetem-ne-nje-gje-ia-marrim-botes-kemi-nje-kryeminister-si-ky-qe-kemi\\\/#primaryimage\"},\"thumbnailUrl\":\"http:\\\/\\\/www.shkoder.net\\\/2012\\\/sali_berisha1.jpg\",\"datePublished\":\"2012-01-30T20:14:40+00:00\",\"breadcrumb\":{\"@id\":\"https:\\\/\\\/fjala.info\\\/2009-2015\\\/vetem-ne-nje-gje-ia-marrim-botes-kemi-nje-kryeminister-si-ky-qe-kemi\\\/#breadcrumb\"},\"inLanguage\":\"sq-AL\",\"potentialAction\":[{\"@type\":\"ReadAction\",\"target\":[\"https:\\\/\\\/fjala.info\\\/2009-2015\\\/vetem-ne-nje-gje-ia-marrim-botes-kemi-nje-kryeminister-si-ky-qe-kemi\\\/\"]}]},{\"@type\":\"ImageObject\",\"inLanguage\":\"sq-AL\",\"@id\":\"https:\\\/\\\/fjala.info\\\/2009-2015\\\/vetem-ne-nje-gje-ia-marrim-botes-kemi-nje-kryeminister-si-ky-qe-kemi\\\/#primaryimage\",\"url\":\"http:\\\/\\\/www.shkoder.net\\\/2012\\\/sali_berisha1.jpg\",\"contentUrl\":\"http:\\\/\\\/www.shkoder.net\\\/2012\\\/sali_berisha1.jpg\"},{\"@type\":\"BreadcrumbList\",\"@id\":\"https:\\\/\\\/fjala.info\\\/2009-2015\\\/vetem-ne-nje-gje-ia-marrim-botes-kemi-nje-kryeminister-si-ky-qe-kemi\\\/#breadcrumb\",\"itemListElement\":[{\"@type\":\"ListItem\",\"position\":1,\"name\":\"Home\",\"item\":\"https:\\\/\\\/fjala.info\\\/2009-2015\\\/\"},{\"@type\":\"ListItem\",\"position\":2,\"name\":\"Vet\u00ebm n\u00eb nj\u00eb gj\u00eb ia marrim bot\u00ebs: Kemi nj\u00eb kryeminist\u00ebr si ky q\u00eb kemi\"}]},{\"@type\":\"WebSite\",\"@id\":\"https:\\\/\\\/fjala.info\\\/2009-2015\\\/#website\",\"url\":\"https:\\\/\\\/fjala.info\\\/2009-2015\\\/\",\"name\":\"FjALA e LIR\u00cb - Arkivi\",\"description\":\"Arkivi 2009-2015\",\"publisher\":{\"@id\":\"https:\\\/\\\/fjala.info\\\/2009-2015\\\/#organization\"},\"potentialAction\":[{\"@type\":\"SearchAction\",\"target\":{\"@type\":\"EntryPoint\",\"urlTemplate\":\"https:\\\/\\\/fjala.info\\\/2009-2015\\\/?s={search_term_string}\"},\"query-input\":{\"@type\":\"PropertyValueSpecification\",\"valueRequired\":true,\"valueName\":\"search_term_string\"}}],\"inLanguage\":\"sq-AL\"},{\"@type\":\"Organization\",\"@id\":\"https:\\\/\\\/fjala.info\\\/2009-2015\\\/#organization\",\"name\":\"FjALA e LIR\u00cb - Arkivi\",\"url\":\"https:\\\/\\\/fjala.info\\\/2009-2015\\\/\",\"logo\":{\"@type\":\"ImageObject\",\"inLanguage\":\"sq-AL\",\"@id\":\"https:\\\/\\\/fjala.info\\\/2009-2015\\\/#\\\/schema\\\/logo\\\/image\\\/\",\"url\":\"\",\"contentUrl\":\"\",\"caption\":\"FjALA e LIR\u00cb - Arkivi\"},\"image\":{\"@id\":\"https:\\\/\\\/fjala.info\\\/2009-2015\\\/#\\\/schema\\\/logo\\\/image\\\/\"}},{\"@type\":\"Person\",\"@id\":\"https:\\\/\\\/fjala.info\\\/2009-2015\\\/#\\\/schema\\\/person\\\/3aa1163ef05469c496fc94e77611ada2\",\"name\":\"admin\",\"image\":{\"@type\":\"ImageObject\",\"inLanguage\":\"sq-AL\",\"@id\":\"https:\\\/\\\/fjala.info\\\/2009-2015\\\/wp-content\\\/uploads\\\/2012\\\/02\\\/arben_cokaj-120x150.jpg\",\"url\":\"https:\\\/\\\/fjala.info\\\/2009-2015\\\/wp-content\\\/uploads\\\/2012\\\/02\\\/arben_cokaj-120x150.jpg\",\"contentUrl\":\"https:\\\/\\\/fjala.info\\\/2009-2015\\\/wp-content\\\/uploads\\\/2012\\\/02\\\/arben_cokaj-120x150.jpg\",\"caption\":\"admin\"},\"description\":\"Admin, Fjala e Lir\u00eb\",\"sameAs\":[\"https:\\\/\\\/fjala.info\\\/\"],\"url\":\"https:\\\/\\\/fjala.info\\\/2009-2015\\\/author\\\/admin\\\/\"}]}<\/script>\n<!-- \/ Yoast SEO plugin. -->","yoast_head_json":{"title":"Vet\u00ebm n\u00eb nj\u00eb gj\u00eb ia marrim bot\u00ebs: Kemi nj\u00eb kryeminist\u00ebr si ky q\u00eb kemi - FjALA e LIR\u00cb - Arkivi","robots":{"index":"index","follow":"follow","max-snippet":"max-snippet:-1","max-image-preview":"max-image-preview:large","max-video-preview":"max-video-preview:-1"},"canonical":"https:\/\/fjala.info\/2009-2015\/vetem-ne-nje-gje-ia-marrim-botes-kemi-nje-kryeminister-si-ky-qe-kemi\/","og_locale":"sq_AL","og_type":"article","og_title":"Vet\u00ebm n\u00eb nj\u00eb gj\u00eb ia marrim bot\u00ebs: Kemi nj\u00eb kryeminist\u00ebr si ky q\u00eb kemi - FjALA e LIR\u00cb - Arkivi","og_description":"Nga Mustafa Nano, 30 Janar 2012 N\u00eb mbledhjen e sotme t\u00eb grupit parlamentar t\u00eb PD-s\u00eb, Berisha mbajti fjalimin e radh\u00ebs, dhe mufkat nuk kishin t\u00eb sosur. Do krahasime me bot\u00ebn i b\u00ebri p\u00ebr ta nxjerr\u00eb Shqip\u00ebrin\u00eb e tij t\u00eb par\u00ebn ose t\u00eb dyt\u00ebn. Mir\u00ebpo ne vet\u00ebm n\u00eb nj\u00eb pik\u00eb ia marrim bot\u00ebs; kemi kryeminist\u00ebr k\u00ebt\u00eb [&hellip;]","og_url":"https:\/\/fjala.info\/2009-2015\/vetem-ne-nje-gje-ia-marrim-botes-kemi-nje-kryeminister-si-ky-qe-kemi\/","og_site_name":"FjALA e LIR\u00cb - Arkivi","article_published_time":"2012-01-30T20:14:40+00:00","og_image":[{"url":"http:\/\/www.shkoder.net\/2012\/sali_berisha1.jpg","type":"","width":"","height":""}],"author":"admin","twitter_card":"summary_large_image","twitter_misc":{"Written by":"admin","Est. reading time":"2 minutes"},"schema":{"@context":"https:\/\/schema.org","@graph":[{"@type":"Article","@id":"https:\/\/fjala.info\/2009-2015\/vetem-ne-nje-gje-ia-marrim-botes-kemi-nje-kryeminister-si-ky-qe-kemi\/#article","isPartOf":{"@id":"https:\/\/fjala.info\/2009-2015\/vetem-ne-nje-gje-ia-marrim-botes-kemi-nje-kryeminister-si-ky-qe-kemi\/"},"author":{"name":"admin","@id":"https:\/\/fjala.info\/2009-2015\/#\/schema\/person\/3aa1163ef05469c496fc94e77611ada2"},"headline":"Vet\u00ebm n\u00eb nj\u00eb gj\u00eb ia marrim bot\u00ebs: Kemi nj\u00eb kryeminist\u00ebr si ky q\u00eb kemi","datePublished":"2012-01-30T20:14:40+00:00","mainEntityOfPage":{"@id":"https:\/\/fjala.info\/2009-2015\/vetem-ne-nje-gje-ia-marrim-botes-kemi-nje-kryeminister-si-ky-qe-kemi\/"},"wordCount":318,"commentCount":0,"publisher":{"@id":"https:\/\/fjala.info\/2009-2015\/#organization"},"image":{"@id":"https:\/\/fjala.info\/2009-2015\/vetem-ne-nje-gje-ia-marrim-botes-kemi-nje-kryeminister-si-ky-qe-kemi\/#primaryimage"},"thumbnailUrl":"http:\/\/www.shkoder.net\/2012\/sali_berisha1.jpg","articleSection":["Artikuj","Lajme"],"inLanguage":"sq-AL","potentialAction":[{"@type":"CommentAction","name":"Comment","target":["https:\/\/fjala.info\/2009-2015\/vetem-ne-nje-gje-ia-marrim-botes-kemi-nje-kryeminister-si-ky-qe-kemi\/#respond"]}]},{"@type":"WebPage","@id":"https:\/\/fjala.info\/2009-2015\/vetem-ne-nje-gje-ia-marrim-botes-kemi-nje-kryeminister-si-ky-qe-kemi\/","url":"https:\/\/fjala.info\/2009-2015\/vetem-ne-nje-gje-ia-marrim-botes-kemi-nje-kryeminister-si-ky-qe-kemi\/","name":"Vet\u00ebm n\u00eb nj\u00eb gj\u00eb ia marrim bot\u00ebs: Kemi nj\u00eb kryeminist\u00ebr si ky q\u00eb kemi - FjALA e LIR\u00cb - Arkivi","isPartOf":{"@id":"https:\/\/fjala.info\/2009-2015\/#website"},"primaryImageOfPage":{"@id":"https:\/\/fjala.info\/2009-2015\/vetem-ne-nje-gje-ia-marrim-botes-kemi-nje-kryeminister-si-ky-qe-kemi\/#primaryimage"},"image":{"@id":"https:\/\/fjala.info\/2009-2015\/vetem-ne-nje-gje-ia-marrim-botes-kemi-nje-kryeminister-si-ky-qe-kemi\/#primaryimage"},"thumbnailUrl":"http:\/\/www.shkoder.net\/2012\/sali_berisha1.jpg","datePublished":"2012-01-30T20:14:40+00:00","breadcrumb":{"@id":"https:\/\/fjala.info\/2009-2015\/vetem-ne-nje-gje-ia-marrim-botes-kemi-nje-kryeminister-si-ky-qe-kemi\/#breadcrumb"},"inLanguage":"sq-AL","potentialAction":[{"@type":"ReadAction","target":["https:\/\/fjala.info\/2009-2015\/vetem-ne-nje-gje-ia-marrim-botes-kemi-nje-kryeminister-si-ky-qe-kemi\/"]}]},{"@type":"ImageObject","inLanguage":"sq-AL","@id":"https:\/\/fjala.info\/2009-2015\/vetem-ne-nje-gje-ia-marrim-botes-kemi-nje-kryeminister-si-ky-qe-kemi\/#primaryimage","url":"http:\/\/www.shkoder.net\/2012\/sali_berisha1.jpg","contentUrl":"http:\/\/www.shkoder.net\/2012\/sali_berisha1.jpg"},{"@type":"BreadcrumbList","@id":"https:\/\/fjala.info\/2009-2015\/vetem-ne-nje-gje-ia-marrim-botes-kemi-nje-kryeminister-si-ky-qe-kemi\/#breadcrumb","itemListElement":[{"@type":"ListItem","position":1,"name":"Home","item":"https:\/\/fjala.info\/2009-2015\/"},{"@type":"ListItem","position":2,"name":"Vet\u00ebm n\u00eb nj\u00eb gj\u00eb ia marrim bot\u00ebs: Kemi nj\u00eb kryeminist\u00ebr si ky q\u00eb kemi"}]},{"@type":"WebSite","@id":"https:\/\/fjala.info\/2009-2015\/#website","url":"https:\/\/fjala.info\/2009-2015\/","name":"FjALA e LIR\u00cb - Arkivi","description":"Arkivi 2009-2015","publisher":{"@id":"https:\/\/fjala.info\/2009-2015\/#organization"},"potentialAction":[{"@type":"SearchAction","target":{"@type":"EntryPoint","urlTemplate":"https:\/\/fjala.info\/2009-2015\/?s={search_term_string}"},"query-input":{"@type":"PropertyValueSpecification","valueRequired":true,"valueName":"search_term_string"}}],"inLanguage":"sq-AL"},{"@type":"Organization","@id":"https:\/\/fjala.info\/2009-2015\/#organization","name":"FjALA e LIR\u00cb - Arkivi","url":"https:\/\/fjala.info\/2009-2015\/","logo":{"@type":"ImageObject","inLanguage":"sq-AL","@id":"https:\/\/fjala.info\/2009-2015\/#\/schema\/logo\/image\/","url":"","contentUrl":"","caption":"FjALA e LIR\u00cb - Arkivi"},"image":{"@id":"https:\/\/fjala.info\/2009-2015\/#\/schema\/logo\/image\/"}},{"@type":"Person","@id":"https:\/\/fjala.info\/2009-2015\/#\/schema\/person\/3aa1163ef05469c496fc94e77611ada2","name":"admin","image":{"@type":"ImageObject","inLanguage":"sq-AL","@id":"https:\/\/fjala.info\/2009-2015\/wp-content\/uploads\/2012\/02\/arben_cokaj-120x150.jpg","url":"https:\/\/fjala.info\/2009-2015\/wp-content\/uploads\/2012\/02\/arben_cokaj-120x150.jpg","contentUrl":"https:\/\/fjala.info\/2009-2015\/wp-content\/uploads\/2012\/02\/arben_cokaj-120x150.jpg","caption":"admin"},"description":"Admin, Fjala e Lir\u00eb","sameAs":["https:\/\/fjala.info\/"],"url":"https:\/\/fjala.info\/2009-2015\/author\/admin\/"}]}},"_links":{"self":[{"href":"https:\/\/fjala.info\/2009-2015\/wp-json\/wp\/v2\/posts\/1514","targetHints":{"allow":["GET"]}}],"collection":[{"href":"https:\/\/fjala.info\/2009-2015\/wp-json\/wp\/v2\/posts"}],"about":[{"href":"https:\/\/fjala.info\/2009-2015\/wp-json\/wp\/v2\/types\/post"}],"author":[{"embeddable":true,"href":"https:\/\/fjala.info\/2009-2015\/wp-json\/wp\/v2\/users\/1"}],"replies":[{"embeddable":true,"href":"https:\/\/fjala.info\/2009-2015\/wp-json\/wp\/v2\/comments?post=1514"}],"version-history":[{"count":0,"href":"https:\/\/fjala.info\/2009-2015\/wp-json\/wp\/v2\/posts\/1514\/revisions"}],"wp:attachment":[{"href":"https:\/\/fjala.info\/2009-2015\/wp-json\/wp\/v2\/media?parent=1514"}],"wp:term":[{"taxonomy":"category","embeddable":true,"href":"https:\/\/fjala.info\/2009-2015\/wp-json\/wp\/v2\/categories?post=1514"},{"taxonomy":"post_tag","embeddable":true,"href":"https:\/\/fjala.info\/2009-2015\/wp-json\/wp\/v2\/tags?post=1514"}],"curies":[{"name":"wp","href":"https:\/\/api.w.org\/{rel}","templated":true}]}}