{"id":1512,"date":"2012-01-30T21:12:49","date_gmt":"2012-01-30T20:12:49","guid":{"rendered":"http:\/\/fjala.shkoder.net\/?p=1512"},"modified":"2012-01-30T21:12:49","modified_gmt":"2012-01-30T20:12:49","slug":"ambasadorja-gjermane-smund-te-kete-devijime-nga-perfundimet-e-fbi-se","status":"publish","type":"post","link":"https:\/\/fjala.info\/2009-2015\/ambasadorja-gjermane-smund-te-kete-devijime-nga-perfundimet-e-fbi-se\/","title":{"rendered":"Ambasadorja gjermane: S\u2019mund t\u00eb ket\u00eb devijime nga p\u00ebrfundimet e FBI-s\u00eb"},"content":{"rendered":"<p><img decoding=\"async\" class=\"alignleft size-thumbnail wp-image-7236\" title=\"Ambasadorja gjermane\" src=\"http:\/\/www.shkoder.net\/2012\/ambasadorja_gjermane.jpg\" alt=\"\" width=\"300\" \/> <strong>TemA Online<\/strong>, <em>30 Janar 2012<\/em><\/p>\n<p>\u201cNd\u00ebrtimi i shtetit ligjor \u00ebsht\u00eb kriteri m\u00eb i r\u00ebnd\u00ebsish\u00ebm n\u00eb kuadrin e procesit t\u00eb integrimit evropian\u201d, shprehet ambasadorja gjermane n\u00eb Tiran\u00eb, Carola M\u00fcller-Holtkemper.<\/p>\n<p>Znj. M\u00fcller-Holtkemper si e vler\u00ebson faktin q\u00eb edhe pse ka kaluar nj\u00eb vit nga protesta antiqeveritare e 21 janarit, kur u vran\u00eb 4 persona dhe u plagos\u00ebn dhjetra t\u00eb tjer\u00eb ende nuk \u00ebsht\u00eb zbardhur kjo c\u00ebshtje?<\/p>\n<p>Pjes\u00eb e nj\u00eb procesi ligjor \u00ebsht\u00eb edhe p\u00ebrcaktimi i nj\u00eb kuadri kohor t\u00eb p\u00ebrshtatsh\u00ebm, brenda t\u00eb cilit drejt\u00ebsia do t\u00eb duhet t\u00eb vendos\u00eb. Ju e dini tanim\u00eb se Komuniteti Nd\u00ebrkomb\u00ebtar i ndjek me shqet\u00ebsim ato procese gjyq\u00ebsore, q\u00eb zvarriten me vite t\u00eb t\u00ebra. N\u00eb rastin e ngjarjeve t\u00eb 21 janarit b\u00ebhet fjal\u00eb p\u00ebr procese komplekse, t\u00eb cilat pjes\u00ebrisht duhet t\u00eb vazhdojn\u00eb t\u00eb hetohen ende apo p\u00ebr sqarimin e t\u00eb cilave \u00ebsht\u00eb marr\u00eb edhe ekspertiz\u00eb teknike e huaj.<\/p>\n<p>Lidhur me shkaqjet e vdekjes ekziston tanim\u00eb nj\u00eb ekspertiz\u00eb voluminoze e FBI-s\u00eb dhe mbetet vet\u00ebm t\u00eb shpresojm\u00eb, q\u00eb t\u00eb mund t\u00eb hidhen hapa t\u00eb m\u00ebtejshme duke u nisur nga kjo baz\u00eb solide e krijuar. FBI-ja ka mb\u00ebrritur n\u00eb konkluzionet e veta mb\u00ebshtetur n\u00eb ligje t\u00eb njohura t\u00eb fizik\u00ebs. N\u00ebse k\u00ebta ekspert\u00eb nisur prej ligjesh fizike me vlefshm\u00ebri absolute, sikurse \u00ebsht\u00eb ai i gravitetit apo l\u00ebkundja e frekuencave t\u00eb rrjeteve elektrike, kan\u00eb mb\u00ebrritur n\u00eb p\u00ebrfundime t\u00eb caktuara, at\u00ebher\u00eb nuk besoj se n\u00eb k\u00ebt\u00eb drejtim do t\u00eb ket\u00eb devijime t\u00eb m\u00ebdha \u2013n\u00eb fund t\u00eb fundit k\u00ebtu nuk b\u00ebhet fjal\u00eb p\u00ebr \u00e7\u00ebshtje shijesh.<\/p>\n<p>N\u00eb nj\u00eb koh\u00eb q\u00eb nga forcat politike ka q\u00ebndrime t\u00eb ndryshme p\u00ebr rolin e Prokuroris\u00eb s\u00eb Republik\u00ebs n\u00eb procesin e hetimit t\u00eb k\u00ebsaj ngjarjeje, \u00e7far\u00eb mendoni Ju znj. Ambasadore p\u00ebr at\u00eb se \u00e7\u2019pritet lidhur me hetimin e plot\u00eb t\u00eb k\u00ebsaj ngjarjeje?<\/p>\n<p>Organi kompetent p\u00ebr hetimet \u00ebsht\u00eb Prokuroria e P\u00ebrgjithshme, dhe mb\u00ebshtetur n\u00eb parimet e shtetit ligjor hetimi duhet t\u00eb jet\u00eb i pandikuar politikisht.<\/p>\n<p>Sa i r\u00ebnd\u00ebsish\u00ebm \u00ebsht\u00eb n\u00eb procesin e integrimit europian t\u00eb Shqip\u00ebris\u00eb profesionalizmi dhe pavar\u00ebsia e sistemit t\u00eb drejt\u00ebsis\u00eb?<\/p>\n<p>Nd\u00ebrtimi i shtetit ligjor \u00ebsht\u00eb kriteri m\u00eb i r\u00ebnd\u00ebsish\u00ebm n\u00eb kuadrin e procesit t\u00eb integrimit evropian. N\u00eb k\u00ebt\u00eb kuptim strategjia e integrimit p\u00ebr t\u00eb gjitha shtetet kandidate p\u00ebr an\u00ebtar\u00ebsim u p\u00ebrshtat n\u00eb at\u00eb m\u00ebnyr\u00eb, q\u00eb puna t\u00eb niste pik\u00ebrisht me k\u00ebta kapituj. Por p\u00ebrtej r\u00ebnd\u00ebsis\u00eb q\u00eb ka p\u00ebr procesin e integrimit shteti ligjor i sh\u00ebrben bashk\u00ebjetes\u00ebs harmonike t\u00eb nj\u00eb shoq\u00ebrie, bashk\u00ebpunimit efektiv dhe zhvillimit ekonomik.<\/p>\n<p>\/DW<\/p>\n","protected":false},"excerpt":{"rendered":"<p>TemA Online, 30 Janar 2012 \u201cNd\u00ebrtimi i shtetit ligjor \u00ebsht\u00eb kriteri m\u00eb i r\u00ebnd\u00ebsish\u00ebm n\u00eb kuadrin e procesit t\u00eb integrimit evropian\u201d, shprehet ambasadorja gjermane n\u00eb Tiran\u00eb, Carola M\u00fcller-Holtkemper. Znj. M\u00fcller-Holtkemper si e vler\u00ebson faktin q\u00eb edhe pse ka kaluar nj\u00eb vit nga protesta antiqeveritare e 21 janarit, kur u vran\u00eb 4 persona dhe u plagos\u00ebn [&hellip;]<\/p>\n","protected":false},"author":1,"featured_media":0,"comment_status":"open","ping_status":"closed","sticky":false,"template":"","format":"standard","meta":{"footnotes":""},"categories":[2],"tags":[],"class_list":{"0":"post-1512","1":"post","2":"type-post","3":"status-publish","4":"format-standard","6":"category-artikuj"},"yoast_head":"<!-- This site is optimized with the Yoast SEO plugin v27.4 - https:\/\/yoast.com\/product\/yoast-seo-wordpress\/ -->\n<title>Ambasadorja gjermane: S\u2019mund t\u00eb ket\u00eb devijime nga p\u00ebrfundimet e FBI-s\u00eb - FjALA e LIR\u00cb - Arkivi<\/title>\n<meta name=\"robots\" content=\"index, follow, max-snippet:-1, max-image-preview:large, max-video-preview:-1\" \/>\n<link rel=\"canonical\" href=\"https:\/\/fjala.info\/2009-2015\/ambasadorja-gjermane-smund-te-kete-devijime-nga-perfundimet-e-fbi-se\/\" \/>\n<meta property=\"og:locale\" content=\"sq_AL\" \/>\n<meta property=\"og:type\" content=\"article\" \/>\n<meta property=\"og:title\" content=\"Ambasadorja gjermane: S\u2019mund t\u00eb ket\u00eb devijime nga p\u00ebrfundimet e FBI-s\u00eb - FjALA e LIR\u00cb - Arkivi\" \/>\n<meta property=\"og:description\" content=\"TemA Online, 30 Janar 2012 \u201cNd\u00ebrtimi i shtetit ligjor \u00ebsht\u00eb kriteri m\u00eb i r\u00ebnd\u00ebsish\u00ebm n\u00eb kuadrin e procesit t\u00eb integrimit evropian\u201d, shprehet ambasadorja gjermane n\u00eb Tiran\u00eb, Carola M\u00fcller-Holtkemper. Znj. M\u00fcller-Holtkemper si e vler\u00ebson faktin q\u00eb edhe pse ka kaluar nj\u00eb vit nga protesta antiqeveritare e 21 janarit, kur u vran\u00eb 4 persona dhe u plagos\u00ebn [&hellip;]\" \/>\n<meta property=\"og:url\" content=\"https:\/\/fjala.info\/2009-2015\/ambasadorja-gjermane-smund-te-kete-devijime-nga-perfundimet-e-fbi-se\/\" \/>\n<meta property=\"og:site_name\" content=\"FjALA e LIR\u00cb - Arkivi\" \/>\n<meta property=\"article:published_time\" content=\"2012-01-30T20:12:49+00:00\" \/>\n<meta property=\"og:image\" content=\"http:\/\/www.shkoder.net\/2012\/ambasadorja_gjermane.jpg\" \/>\n<meta name=\"author\" content=\"admin\" \/>\n<meta name=\"twitter:card\" content=\"summary_large_image\" \/>\n<meta name=\"twitter:label1\" content=\"Written by\" \/>\n\t<meta name=\"twitter:data1\" content=\"admin\" \/>\n\t<meta name=\"twitter:label2\" content=\"Est. reading time\" \/>\n\t<meta name=\"twitter:data2\" content=\"2 minutes\" \/>\n<script type=\"application\/ld+json\" class=\"yoast-schema-graph\">{\"@context\":\"https:\\\/\\\/schema.org\",\"@graph\":[{\"@type\":\"Article\",\"@id\":\"https:\\\/\\\/fjala.info\\\/2009-2015\\\/ambasadorja-gjermane-smund-te-kete-devijime-nga-perfundimet-e-fbi-se\\\/#article\",\"isPartOf\":{\"@id\":\"https:\\\/\\\/fjala.info\\\/2009-2015\\\/ambasadorja-gjermane-smund-te-kete-devijime-nga-perfundimet-e-fbi-se\\\/\"},\"author\":{\"name\":\"admin\",\"@id\":\"https:\\\/\\\/fjala.info\\\/2009-2015\\\/#\\\/schema\\\/person\\\/3aa1163ef05469c496fc94e77611ada2\"},\"headline\":\"Ambasadorja gjermane: S\u2019mund t\u00eb ket\u00eb devijime nga p\u00ebrfundimet e FBI-s\u00eb\",\"datePublished\":\"2012-01-30T20:12:49+00:00\",\"mainEntityOfPage\":{\"@id\":\"https:\\\/\\\/fjala.info\\\/2009-2015\\\/ambasadorja-gjermane-smund-te-kete-devijime-nga-perfundimet-e-fbi-se\\\/\"},\"wordCount\":471,\"commentCount\":0,\"publisher\":{\"@id\":\"https:\\\/\\\/fjala.info\\\/2009-2015\\\/#organization\"},\"image\":{\"@id\":\"https:\\\/\\\/fjala.info\\\/2009-2015\\\/ambasadorja-gjermane-smund-te-kete-devijime-nga-perfundimet-e-fbi-se\\\/#primaryimage\"},\"thumbnailUrl\":\"http:\\\/\\\/www.shkoder.net\\\/2012\\\/ambasadorja_gjermane.jpg\",\"articleSection\":[\"Artikuj\"],\"inLanguage\":\"sq-AL\",\"potentialAction\":[{\"@type\":\"CommentAction\",\"name\":\"Comment\",\"target\":[\"https:\\\/\\\/fjala.info\\\/2009-2015\\\/ambasadorja-gjermane-smund-te-kete-devijime-nga-perfundimet-e-fbi-se\\\/#respond\"]}]},{\"@type\":\"WebPage\",\"@id\":\"https:\\\/\\\/fjala.info\\\/2009-2015\\\/ambasadorja-gjermane-smund-te-kete-devijime-nga-perfundimet-e-fbi-se\\\/\",\"url\":\"https:\\\/\\\/fjala.info\\\/2009-2015\\\/ambasadorja-gjermane-smund-te-kete-devijime-nga-perfundimet-e-fbi-se\\\/\",\"name\":\"Ambasadorja gjermane: S\u2019mund t\u00eb ket\u00eb devijime nga p\u00ebrfundimet e FBI-s\u00eb - FjALA e LIR\u00cb - Arkivi\",\"isPartOf\":{\"@id\":\"https:\\\/\\\/fjala.info\\\/2009-2015\\\/#website\"},\"primaryImageOfPage\":{\"@id\":\"https:\\\/\\\/fjala.info\\\/2009-2015\\\/ambasadorja-gjermane-smund-te-kete-devijime-nga-perfundimet-e-fbi-se\\\/#primaryimage\"},\"image\":{\"@id\":\"https:\\\/\\\/fjala.info\\\/2009-2015\\\/ambasadorja-gjermane-smund-te-kete-devijime-nga-perfundimet-e-fbi-se\\\/#primaryimage\"},\"thumbnailUrl\":\"http:\\\/\\\/www.shkoder.net\\\/2012\\\/ambasadorja_gjermane.jpg\",\"datePublished\":\"2012-01-30T20:12:49+00:00\",\"breadcrumb\":{\"@id\":\"https:\\\/\\\/fjala.info\\\/2009-2015\\\/ambasadorja-gjermane-smund-te-kete-devijime-nga-perfundimet-e-fbi-se\\\/#breadcrumb\"},\"inLanguage\":\"sq-AL\",\"potentialAction\":[{\"@type\":\"ReadAction\",\"target\":[\"https:\\\/\\\/fjala.info\\\/2009-2015\\\/ambasadorja-gjermane-smund-te-kete-devijime-nga-perfundimet-e-fbi-se\\\/\"]}]},{\"@type\":\"ImageObject\",\"inLanguage\":\"sq-AL\",\"@id\":\"https:\\\/\\\/fjala.info\\\/2009-2015\\\/ambasadorja-gjermane-smund-te-kete-devijime-nga-perfundimet-e-fbi-se\\\/#primaryimage\",\"url\":\"http:\\\/\\\/www.shkoder.net\\\/2012\\\/ambasadorja_gjermane.jpg\",\"contentUrl\":\"http:\\\/\\\/www.shkoder.net\\\/2012\\\/ambasadorja_gjermane.jpg\"},{\"@type\":\"BreadcrumbList\",\"@id\":\"https:\\\/\\\/fjala.info\\\/2009-2015\\\/ambasadorja-gjermane-smund-te-kete-devijime-nga-perfundimet-e-fbi-se\\\/#breadcrumb\",\"itemListElement\":[{\"@type\":\"ListItem\",\"position\":1,\"name\":\"Home\",\"item\":\"https:\\\/\\\/fjala.info\\\/2009-2015\\\/\"},{\"@type\":\"ListItem\",\"position\":2,\"name\":\"Ambasadorja gjermane: S\u2019mund t\u00eb ket\u00eb devijime nga p\u00ebrfundimet e FBI-s\u00eb\"}]},{\"@type\":\"WebSite\",\"@id\":\"https:\\\/\\\/fjala.info\\\/2009-2015\\\/#website\",\"url\":\"https:\\\/\\\/fjala.info\\\/2009-2015\\\/\",\"name\":\"FjALA e LIR\u00cb - Arkivi\",\"description\":\"Arkivi 2009-2015\",\"publisher\":{\"@id\":\"https:\\\/\\\/fjala.info\\\/2009-2015\\\/#organization\"},\"potentialAction\":[{\"@type\":\"SearchAction\",\"target\":{\"@type\":\"EntryPoint\",\"urlTemplate\":\"https:\\\/\\\/fjala.info\\\/2009-2015\\\/?s={search_term_string}\"},\"query-input\":{\"@type\":\"PropertyValueSpecification\",\"valueRequired\":true,\"valueName\":\"search_term_string\"}}],\"inLanguage\":\"sq-AL\"},{\"@type\":\"Organization\",\"@id\":\"https:\\\/\\\/fjala.info\\\/2009-2015\\\/#organization\",\"name\":\"FjALA e LIR\u00cb - Arkivi\",\"url\":\"https:\\\/\\\/fjala.info\\\/2009-2015\\\/\",\"logo\":{\"@type\":\"ImageObject\",\"inLanguage\":\"sq-AL\",\"@id\":\"https:\\\/\\\/fjala.info\\\/2009-2015\\\/#\\\/schema\\\/logo\\\/image\\\/\",\"url\":\"\",\"contentUrl\":\"\",\"caption\":\"FjALA e LIR\u00cb - Arkivi\"},\"image\":{\"@id\":\"https:\\\/\\\/fjala.info\\\/2009-2015\\\/#\\\/schema\\\/logo\\\/image\\\/\"}},{\"@type\":\"Person\",\"@id\":\"https:\\\/\\\/fjala.info\\\/2009-2015\\\/#\\\/schema\\\/person\\\/3aa1163ef05469c496fc94e77611ada2\",\"name\":\"admin\",\"image\":{\"@type\":\"ImageObject\",\"inLanguage\":\"sq-AL\",\"@id\":\"https:\\\/\\\/fjala.info\\\/2009-2015\\\/wp-content\\\/uploads\\\/2012\\\/02\\\/arben_cokaj-120x150.jpg\",\"url\":\"https:\\\/\\\/fjala.info\\\/2009-2015\\\/wp-content\\\/uploads\\\/2012\\\/02\\\/arben_cokaj-120x150.jpg\",\"contentUrl\":\"https:\\\/\\\/fjala.info\\\/2009-2015\\\/wp-content\\\/uploads\\\/2012\\\/02\\\/arben_cokaj-120x150.jpg\",\"caption\":\"admin\"},\"description\":\"Admin, Fjala e Lir\u00eb\",\"sameAs\":[\"https:\\\/\\\/fjala.info\\\/\"],\"url\":\"https:\\\/\\\/fjala.info\\\/2009-2015\\\/author\\\/admin\\\/\"}]}<\/script>\n<!-- \/ Yoast SEO plugin. -->","yoast_head_json":{"title":"Ambasadorja gjermane: S\u2019mund t\u00eb ket\u00eb devijime nga p\u00ebrfundimet e FBI-s\u00eb - FjALA e LIR\u00cb - Arkivi","robots":{"index":"index","follow":"follow","max-snippet":"max-snippet:-1","max-image-preview":"max-image-preview:large","max-video-preview":"max-video-preview:-1"},"canonical":"https:\/\/fjala.info\/2009-2015\/ambasadorja-gjermane-smund-te-kete-devijime-nga-perfundimet-e-fbi-se\/","og_locale":"sq_AL","og_type":"article","og_title":"Ambasadorja gjermane: S\u2019mund t\u00eb ket\u00eb devijime nga p\u00ebrfundimet e FBI-s\u00eb - FjALA e LIR\u00cb - Arkivi","og_description":"TemA Online, 30 Janar 2012 \u201cNd\u00ebrtimi i shtetit ligjor \u00ebsht\u00eb kriteri m\u00eb i r\u00ebnd\u00ebsish\u00ebm n\u00eb kuadrin e procesit t\u00eb integrimit evropian\u201d, shprehet ambasadorja gjermane n\u00eb Tiran\u00eb, Carola M\u00fcller-Holtkemper. Znj. M\u00fcller-Holtkemper si e vler\u00ebson faktin q\u00eb edhe pse ka kaluar nj\u00eb vit nga protesta antiqeveritare e 21 janarit, kur u vran\u00eb 4 persona dhe u plagos\u00ebn [&hellip;]","og_url":"https:\/\/fjala.info\/2009-2015\/ambasadorja-gjermane-smund-te-kete-devijime-nga-perfundimet-e-fbi-se\/","og_site_name":"FjALA e LIR\u00cb - Arkivi","article_published_time":"2012-01-30T20:12:49+00:00","og_image":[{"url":"http:\/\/www.shkoder.net\/2012\/ambasadorja_gjermane.jpg","type":"","width":"","height":""}],"author":"admin","twitter_card":"summary_large_image","twitter_misc":{"Written by":"admin","Est. reading time":"2 minutes"},"schema":{"@context":"https:\/\/schema.org","@graph":[{"@type":"Article","@id":"https:\/\/fjala.info\/2009-2015\/ambasadorja-gjermane-smund-te-kete-devijime-nga-perfundimet-e-fbi-se\/#article","isPartOf":{"@id":"https:\/\/fjala.info\/2009-2015\/ambasadorja-gjermane-smund-te-kete-devijime-nga-perfundimet-e-fbi-se\/"},"author":{"name":"admin","@id":"https:\/\/fjala.info\/2009-2015\/#\/schema\/person\/3aa1163ef05469c496fc94e77611ada2"},"headline":"Ambasadorja gjermane: S\u2019mund t\u00eb ket\u00eb devijime nga p\u00ebrfundimet e FBI-s\u00eb","datePublished":"2012-01-30T20:12:49+00:00","mainEntityOfPage":{"@id":"https:\/\/fjala.info\/2009-2015\/ambasadorja-gjermane-smund-te-kete-devijime-nga-perfundimet-e-fbi-se\/"},"wordCount":471,"commentCount":0,"publisher":{"@id":"https:\/\/fjala.info\/2009-2015\/#organization"},"image":{"@id":"https:\/\/fjala.info\/2009-2015\/ambasadorja-gjermane-smund-te-kete-devijime-nga-perfundimet-e-fbi-se\/#primaryimage"},"thumbnailUrl":"http:\/\/www.shkoder.net\/2012\/ambasadorja_gjermane.jpg","articleSection":["Artikuj"],"inLanguage":"sq-AL","potentialAction":[{"@type":"CommentAction","name":"Comment","target":["https:\/\/fjala.info\/2009-2015\/ambasadorja-gjermane-smund-te-kete-devijime-nga-perfundimet-e-fbi-se\/#respond"]}]},{"@type":"WebPage","@id":"https:\/\/fjala.info\/2009-2015\/ambasadorja-gjermane-smund-te-kete-devijime-nga-perfundimet-e-fbi-se\/","url":"https:\/\/fjala.info\/2009-2015\/ambasadorja-gjermane-smund-te-kete-devijime-nga-perfundimet-e-fbi-se\/","name":"Ambasadorja gjermane: S\u2019mund t\u00eb ket\u00eb devijime nga p\u00ebrfundimet e FBI-s\u00eb - FjALA e LIR\u00cb - Arkivi","isPartOf":{"@id":"https:\/\/fjala.info\/2009-2015\/#website"},"primaryImageOfPage":{"@id":"https:\/\/fjala.info\/2009-2015\/ambasadorja-gjermane-smund-te-kete-devijime-nga-perfundimet-e-fbi-se\/#primaryimage"},"image":{"@id":"https:\/\/fjala.info\/2009-2015\/ambasadorja-gjermane-smund-te-kete-devijime-nga-perfundimet-e-fbi-se\/#primaryimage"},"thumbnailUrl":"http:\/\/www.shkoder.net\/2012\/ambasadorja_gjermane.jpg","datePublished":"2012-01-30T20:12:49+00:00","breadcrumb":{"@id":"https:\/\/fjala.info\/2009-2015\/ambasadorja-gjermane-smund-te-kete-devijime-nga-perfundimet-e-fbi-se\/#breadcrumb"},"inLanguage":"sq-AL","potentialAction":[{"@type":"ReadAction","target":["https:\/\/fjala.info\/2009-2015\/ambasadorja-gjermane-smund-te-kete-devijime-nga-perfundimet-e-fbi-se\/"]}]},{"@type":"ImageObject","inLanguage":"sq-AL","@id":"https:\/\/fjala.info\/2009-2015\/ambasadorja-gjermane-smund-te-kete-devijime-nga-perfundimet-e-fbi-se\/#primaryimage","url":"http:\/\/www.shkoder.net\/2012\/ambasadorja_gjermane.jpg","contentUrl":"http:\/\/www.shkoder.net\/2012\/ambasadorja_gjermane.jpg"},{"@type":"BreadcrumbList","@id":"https:\/\/fjala.info\/2009-2015\/ambasadorja-gjermane-smund-te-kete-devijime-nga-perfundimet-e-fbi-se\/#breadcrumb","itemListElement":[{"@type":"ListItem","position":1,"name":"Home","item":"https:\/\/fjala.info\/2009-2015\/"},{"@type":"ListItem","position":2,"name":"Ambasadorja gjermane: S\u2019mund t\u00eb ket\u00eb devijime nga p\u00ebrfundimet e FBI-s\u00eb"}]},{"@type":"WebSite","@id":"https:\/\/fjala.info\/2009-2015\/#website","url":"https:\/\/fjala.info\/2009-2015\/","name":"FjALA e LIR\u00cb - Arkivi","description":"Arkivi 2009-2015","publisher":{"@id":"https:\/\/fjala.info\/2009-2015\/#organization"},"potentialAction":[{"@type":"SearchAction","target":{"@type":"EntryPoint","urlTemplate":"https:\/\/fjala.info\/2009-2015\/?s={search_term_string}"},"query-input":{"@type":"PropertyValueSpecification","valueRequired":true,"valueName":"search_term_string"}}],"inLanguage":"sq-AL"},{"@type":"Organization","@id":"https:\/\/fjala.info\/2009-2015\/#organization","name":"FjALA e LIR\u00cb - Arkivi","url":"https:\/\/fjala.info\/2009-2015\/","logo":{"@type":"ImageObject","inLanguage":"sq-AL","@id":"https:\/\/fjala.info\/2009-2015\/#\/schema\/logo\/image\/","url":"","contentUrl":"","caption":"FjALA e LIR\u00cb - Arkivi"},"image":{"@id":"https:\/\/fjala.info\/2009-2015\/#\/schema\/logo\/image\/"}},{"@type":"Person","@id":"https:\/\/fjala.info\/2009-2015\/#\/schema\/person\/3aa1163ef05469c496fc94e77611ada2","name":"admin","image":{"@type":"ImageObject","inLanguage":"sq-AL","@id":"https:\/\/fjala.info\/2009-2015\/wp-content\/uploads\/2012\/02\/arben_cokaj-120x150.jpg","url":"https:\/\/fjala.info\/2009-2015\/wp-content\/uploads\/2012\/02\/arben_cokaj-120x150.jpg","contentUrl":"https:\/\/fjala.info\/2009-2015\/wp-content\/uploads\/2012\/02\/arben_cokaj-120x150.jpg","caption":"admin"},"description":"Admin, Fjala e Lir\u00eb","sameAs":["https:\/\/fjala.info\/"],"url":"https:\/\/fjala.info\/2009-2015\/author\/admin\/"}]}},"_links":{"self":[{"href":"https:\/\/fjala.info\/2009-2015\/wp-json\/wp\/v2\/posts\/1512","targetHints":{"allow":["GET"]}}],"collection":[{"href":"https:\/\/fjala.info\/2009-2015\/wp-json\/wp\/v2\/posts"}],"about":[{"href":"https:\/\/fjala.info\/2009-2015\/wp-json\/wp\/v2\/types\/post"}],"author":[{"embeddable":true,"href":"https:\/\/fjala.info\/2009-2015\/wp-json\/wp\/v2\/users\/1"}],"replies":[{"embeddable":true,"href":"https:\/\/fjala.info\/2009-2015\/wp-json\/wp\/v2\/comments?post=1512"}],"version-history":[{"count":0,"href":"https:\/\/fjala.info\/2009-2015\/wp-json\/wp\/v2\/posts\/1512\/revisions"}],"wp:attachment":[{"href":"https:\/\/fjala.info\/2009-2015\/wp-json\/wp\/v2\/media?parent=1512"}],"wp:term":[{"taxonomy":"category","embeddable":true,"href":"https:\/\/fjala.info\/2009-2015\/wp-json\/wp\/v2\/categories?post=1512"},{"taxonomy":"post_tag","embeddable":true,"href":"https:\/\/fjala.info\/2009-2015\/wp-json\/wp\/v2\/tags?post=1512"}],"curies":[{"name":"wp","href":"https:\/\/api.w.org\/{rel}","templated":true}]}}