{"id":1510,"date":"2012-01-30T21:07:54","date_gmt":"2012-01-30T20:07:54","guid":{"rendered":"http:\/\/fjala.shkoder.net\/?p=1510"},"modified":"2012-01-30T21:07:54","modified_gmt":"2012-01-30T20:07:54","slug":"nje-kryeprokurore-qe-kosova-se-ka","status":"publish","type":"post","link":"https:\/\/fjala.info\/2009-2015\/nje-kryeprokurore-qe-kosova-se-ka\/","title":{"rendered":"Nj\u00eb kryeprokurore \u2013 q\u00eb Kosova s\u2019e ka!"},"content":{"rendered":"<p><img decoding=\"async\" class=\"alignright size-thumbnail wp-image-7236\" title=\"Ina Rama\" src=\"http:\/\/www.shkoder.net\/2012\/ina_rama1.jpg\" alt=\"\" width=\"300\" \/> Nga <strong>Beq\u00eb Cufaj<\/strong>, <em>30 Janar 2012<\/em><\/p>\n<p>Rrjet\u00ebzimi medial dhe me k\u00ebt\u00eb edhe publik mes Kosov\u00ebs dhe Shqip\u00ebris\u00eb, \u00ebsht\u00eb b\u00ebr\u00eb aq i fort\u00eb sa viteve t\u00eb fundit jan\u00eb t\u00eb rralla, p\u00ebr t\u00eb mos th\u00ebn\u00eb t\u00eb paikshme, qasjet her\u00eb komparativiste e her\u00eb intervencioniste rreth diskurseve, dukurive e n\u00eb t\u00eb shumt\u00ebn anomalive politike, ekonomike, financiare, kulturore n\u00eb t\u00eb dy shtetet e k\u00ebtij kombi. Pa e zgjatur shum\u00eb, nuk del nj\u00eb ngjarje a fenomen politik p\u00ebr t\u00eb cilin nuk provohet t\u00eb gjykohet nga Prishtina p\u00ebr Tiran\u00ebn apo kjo e dyta p\u00ebr t\u00eb par\u00ebn.<\/p>\n<p>Sidoqoft\u00eb, nganj\u00ebher\u00eb ngjet q\u00eb \u201cnj\u00ebra\u201d apo pala \u201ctjet\u00ebr\u201d o t\u00eb mos e kuptoj\u00eb o t\u00eb mos provoj\u00eb t\u00eb kuptoj\u00eb ndonj\u00eb fenomen t\u00eb fort\u00eb q\u00eb sken\u00ebn e ak\u00ebcilit kryeqytet e godet. Thuhet q\u00eb heshtja \u00ebsht\u00eb (si) ar. Por edhe ari si i till\u00eb \u2013 para se t\u00eb marr\u00eb at\u00eb shk\u00eblqim duhet t\u00eb kaloj\u00eb n\u00ebp\u00ebr ca sita lla\u00e7i e shoshitjeje n\u00eb m\u00ebnyr\u00eb q\u00eb fare n\u00eb fund ta ket\u00eb at\u00eb fuqi q\u00eb e ka\u2026 Kjo p\u00ebr marr\u00ebdh\u00ebniet e nd\u00ebrsjella.<\/p>\n<p>Kurse, p\u00ebr shembullin e heshtjes s\u00eb Kosov\u00ebs p\u00ebr nj\u00eb trandje politike, publicistike e n\u00ebse doni edhe historike t\u00eb Tiran\u00ebs, nuk po e vonojm\u00eb aspak por po e themi menj\u00ebher\u00eb: Ina Rama. Paraqitja e jav\u00ebs s\u00eb kaluar e kryeprokurores n\u00eb k\u00ebshtjell\u00ebn mediale t\u00eb doktorit- \u201cOpinion\u201d t\u00eb TV Klan, ishte nj\u00eb leksion \u2013 p\u00ebr dik\u00eb shkat\u00ebrrues e p\u00ebr dik\u00eb tjet\u00ebr adhurues\u2026 sesi flitet, gjykohet dhe para s\u00eb gjithash punohet. N\u00eb pun\u00ebn e prokuroris\u00eb n\u00eb ve\u00e7anti dhe drejt\u00ebsis\u00eb n\u00eb p\u00ebrgjith\u00ebsi.<\/p>\n<p>E nd\u00ebr shqiptar\u00eb \u2013 kudo q\u00eb ata jan\u00eb, t\u00eb jesh profesionist n\u00eb k\u00ebt\u00eb fush\u00eb dhe jo vet\u00ebm k\u00ebt\u00eb \u2013 do t\u00eb thot\u00eb q\u00eb paraprakisht je ose i rreshtuar politikisht ose i shitur pafytyr\u00ebsisht. Neutraliteti profesional perceptohet si defekt. Di\u00e7ka pra, q\u00eb p\u00ebr konceptin modern dhe thell\u00ebsisht demokratik n\u00eb mentalitetin per\u00ebndimor t\u00eb shtetmbajtjes \u00ebsht\u00eb thjesht e paimagjinueshme.<\/p>\n<p>Me sprov\u00ebn p\u00ebr t\u00eb mbajtur distanc\u00ebn e duhur me Tiran\u00ebn e rraskapitur nga (vet\u00eb)rrahjet politike n\u00eb vjedhjen e vot\u00ebs, mosrespektimin e gjyq\u00ebsorit dhe pandemin\u00eb e korrupsionit, nuk ka si t\u00eb mos konstatohet q\u00eb n\u00eb t\u00eb tre k\u00ebto fusha ngecin edhe siv\u00ebllez\u00ebrit e tyre n\u00eb Kosov\u00eb \u2013 e n\u00ebse doni edhe n\u00eb Maqedoni. Pra, gjithandej ku ka politikan\u00eb shqiptar\u00eb t\u00eb tre k\u00ebto fenomene jan\u00eb pjes\u00eb e pashk\u00ebputshme e politik\u00ebs dhe p\u00ebrditshm\u00ebris\u00eb.<\/p>\n<p>P\u00ebr \u201cG\u00ebrdecin\u201d e \u201cMet\u00ebn\u201d e \u201c21 janarin\u201d e Tiran\u00ebs as t\u00eb mos flasim k\u00ebtu sepse t\u00eb gjitha k\u00ebto, dit\u00eb p\u00ebr dit\u00eb n\u00eb metastazat e tyre ngjajn\u00eb n\u00eb \u00e7do mejhane Tirane, Prishtine, Prizreni, Shkupi e Tetove. Kurse jan\u00eb vet\u00eb politikan\u00ebt ata q\u00eb luajn\u00eb rolin edhe t\u00eb xhelatit edhe viktim\u00ebs. Kadiut dhe Myftiut. Ky \u00ebsht\u00eb mentaliteti i tyre, i cili k\u00ebtij kombi po i kushton aq shum\u00eb dhe po e l\u00eb aq larg \u201cproceseve integruese\u201d e q\u00eb i bie n\u00eb periferin\u00eb e Per\u00ebndimit dhe me k\u00ebt\u00eb edhe t\u00eb Evrop\u00ebs.<\/p>\n<p>Natyrisht q\u00eb kalkulimi i Ina Ram\u00ebs n\u00eb at\u00eb paraqitje thell\u00ebsisht jopolitike ishte m\u00eb tep\u00ebr se politik. Sepse ajo, dhe sidomos ajo, e di fare mir\u00eb q\u00eb as n\u00eb SHBA e as n\u00eb Gjermani, por as n\u00eb shtete shum\u00eb t\u00eb vogla por p\u00ebr k\u00ebt\u00eb demokratike \u00ebsht\u00eb e pamundshme q\u00eb nj\u00eb prokuror(e) shteti t\u00eb ulet n\u00eb studio televizive t\u00eb nj\u00eb gazetari dhe t\u00eb flas\u00eb e flas\u00eb p\u00ebr gati dy or\u00eb p\u00ebr pun\u00ebn e saj. Sidoqoft\u00eb, si\u00e7 edhe ajo vet\u00eb e pranoi, kjo gj\u00eb (m\u00eb n\u00eb fund) duhej b\u00ebr\u00eb\u2026 N\u00eb \u00e7astin dhe koh\u00ebn e duhur. Q\u00eb do t\u00eb thot\u00eb t\u2019i jepej nj\u00eb dru i fort\u00eb lukunis\u00eb s\u00eb t\u00eb \u00e7mendurve t\u00eb politik\u00ebs s\u00eb Kadiut e Myftiut.<\/p>\n<p>Edhe prokurorja shqiptare e di me siguri q\u00eb betejat e saj t\u00eb hapura nga \u201cMeta\u201d p\u00ebrmes \u201cG\u00ebrdecit\u201d e deri tek 21 janari do t\u00eb humbasin sepse jan\u00eb hallkat zinxhirore n\u00eb forma \u201cShpresash\u201d ato q\u00eb n\u00eb fund sh\u00ebnojn\u00eb \u201cpes\u00eb me zero\u201d. Por, fitorja e Ina Ram\u00ebs \u00ebsht\u00eb e padiskutueshme: ajo ka v\u00ebn\u00eb kritere dhe masa t\u00eb reja n\u00eb mentalitetin shqiptar.<\/p>\n<p>Dhe, n\u00ebse deri pardje ishte \u201clavirja\u201d e nga e diela \u201cshoqja\u201d e Bulevardit, pik\u00ebrisht ata q\u00eb i japin asaj k\u00ebso epitetesh e din\u00eb fare mir\u00eb q\u00eb e h\u00ebna nuk do jet\u00eb dita as java e n\u00ebse doni as viti i tyre\u2026 por i Ina Ram\u00ebs dhe koleg\u00ebve t\u00eb saj\u2026 Shqip\u00ebria, dhe me k\u00ebt\u00eb edhe Kosova dhe krejt shqiptar\u00ebt, jan\u00eb ngopur nga politikan\u00ebt e tyre. Tirana e ka nj\u00eb Ina Rama. Prishtina do t\u00eb duhej ta \u00ebnd\u00ebrronte dhe siguronte nj\u00eb t\u00eb till\u00eb.<\/p>\n<p>Viti 2012 nuk do t\u00eb duhej t\u00eb ishte viti i politikan\u00ebve t\u00eb pacip\u00eb, t\u00eb pangopur dhe plangprish\u00ebs shqiptar\u00eb \u2013 kudo q\u00eb ata jan\u00eb.<\/p>\n<p>Nj\u00ebqindvjetori i shtetit t\u00eb shqiptar\u00ebve do t\u00eb duhej t\u00eb ishte viti i prokurore\/\u00ebve shqiptar\u00eb, t\u00eb cil\u00ebt do t\u00eb duhej t\u00eb ndjekin e burgosin kryeharbut\u00ebt dhe kryehajnat e politik\u00ebs shqiptare\u2026<\/p>\n","protected":false},"excerpt":{"rendered":"<p>Nga Beq\u00eb Cufaj, 30 Janar 2012 Rrjet\u00ebzimi medial dhe me k\u00ebt\u00eb edhe publik mes Kosov\u00ebs dhe Shqip\u00ebris\u00eb, \u00ebsht\u00eb b\u00ebr\u00eb aq i fort\u00eb sa viteve t\u00eb fundit jan\u00eb t\u00eb rralla, p\u00ebr t\u00eb mos th\u00ebn\u00eb t\u00eb paikshme, qasjet her\u00eb komparativiste e her\u00eb intervencioniste rreth diskurseve, dukurive e n\u00eb t\u00eb shumt\u00ebn anomalive politike, ekonomike, financiare, kulturore n\u00eb t\u00eb [&hellip;]<\/p>\n","protected":false},"author":1,"featured_media":0,"comment_status":"open","ping_status":"closed","sticky":false,"template":"","format":"standard","meta":{"footnotes":""},"categories":[2],"tags":[],"class_list":{"0":"post-1510","1":"post","2":"type-post","3":"status-publish","4":"format-standard","6":"category-artikuj"},"yoast_head":"<!-- This site is optimized with the Yoast SEO plugin v27.4 - https:\/\/yoast.com\/product\/yoast-seo-wordpress\/ -->\n<title>Nj\u00eb kryeprokurore \u2013 q\u00eb Kosova s\u2019e ka! - FjALA e LIR\u00cb - Arkivi<\/title>\n<meta name=\"robots\" content=\"index, follow, max-snippet:-1, max-image-preview:large, max-video-preview:-1\" \/>\n<link rel=\"canonical\" href=\"https:\/\/fjala.info\/2009-2015\/nje-kryeprokurore-qe-kosova-se-ka\/\" \/>\n<meta property=\"og:locale\" content=\"sq_AL\" \/>\n<meta property=\"og:type\" content=\"article\" \/>\n<meta property=\"og:title\" content=\"Nj\u00eb kryeprokurore \u2013 q\u00eb Kosova s\u2019e ka! - FjALA e LIR\u00cb - Arkivi\" \/>\n<meta property=\"og:description\" content=\"Nga Beq\u00eb Cufaj, 30 Janar 2012 Rrjet\u00ebzimi medial dhe me k\u00ebt\u00eb edhe publik mes Kosov\u00ebs dhe Shqip\u00ebris\u00eb, \u00ebsht\u00eb b\u00ebr\u00eb aq i fort\u00eb sa viteve t\u00eb fundit jan\u00eb t\u00eb rralla, p\u00ebr t\u00eb mos th\u00ebn\u00eb t\u00eb paikshme, qasjet her\u00eb komparativiste e her\u00eb intervencioniste rreth diskurseve, dukurive e n\u00eb t\u00eb shumt\u00ebn anomalive politike, ekonomike, financiare, kulturore n\u00eb t\u00eb [&hellip;]\" \/>\n<meta property=\"og:url\" content=\"https:\/\/fjala.info\/2009-2015\/nje-kryeprokurore-qe-kosova-se-ka\/\" \/>\n<meta property=\"og:site_name\" content=\"FjALA e LIR\u00cb - Arkivi\" \/>\n<meta property=\"article:published_time\" content=\"2012-01-30T20:07:54+00:00\" \/>\n<meta property=\"og:image\" content=\"http:\/\/www.shkoder.net\/2012\/ina_rama1.jpg\" \/>\n<meta name=\"author\" content=\"admin\" \/>\n<meta name=\"twitter:card\" content=\"summary_large_image\" \/>\n<meta name=\"twitter:label1\" content=\"Written by\" \/>\n\t<meta name=\"twitter:data1\" content=\"admin\" \/>\n\t<meta name=\"twitter:label2\" content=\"Est. reading time\" \/>\n\t<meta name=\"twitter:data2\" content=\"4 minutes\" \/>\n<script type=\"application\/ld+json\" class=\"yoast-schema-graph\">{\"@context\":\"https:\\\/\\\/schema.org\",\"@graph\":[{\"@type\":\"Article\",\"@id\":\"https:\\\/\\\/fjala.info\\\/2009-2015\\\/nje-kryeprokurore-qe-kosova-se-ka\\\/#article\",\"isPartOf\":{\"@id\":\"https:\\\/\\\/fjala.info\\\/2009-2015\\\/nje-kryeprokurore-qe-kosova-se-ka\\\/\"},\"author\":{\"name\":\"admin\",\"@id\":\"https:\\\/\\\/fjala.info\\\/2009-2015\\\/#\\\/schema\\\/person\\\/3aa1163ef05469c496fc94e77611ada2\"},\"headline\":\"Nj\u00eb kryeprokurore \u2013 q\u00eb Kosova s\u2019e ka!\",\"datePublished\":\"2012-01-30T20:07:54+00:00\",\"mainEntityOfPage\":{\"@id\":\"https:\\\/\\\/fjala.info\\\/2009-2015\\\/nje-kryeprokurore-qe-kosova-se-ka\\\/\"},\"wordCount\":877,\"commentCount\":0,\"publisher\":{\"@id\":\"https:\\\/\\\/fjala.info\\\/2009-2015\\\/#organization\"},\"image\":{\"@id\":\"https:\\\/\\\/fjala.info\\\/2009-2015\\\/nje-kryeprokurore-qe-kosova-se-ka\\\/#primaryimage\"},\"thumbnailUrl\":\"http:\\\/\\\/www.shkoder.net\\\/2012\\\/ina_rama1.jpg\",\"articleSection\":[\"Artikuj\"],\"inLanguage\":\"sq-AL\",\"potentialAction\":[{\"@type\":\"CommentAction\",\"name\":\"Comment\",\"target\":[\"https:\\\/\\\/fjala.info\\\/2009-2015\\\/nje-kryeprokurore-qe-kosova-se-ka\\\/#respond\"]}]},{\"@type\":\"WebPage\",\"@id\":\"https:\\\/\\\/fjala.info\\\/2009-2015\\\/nje-kryeprokurore-qe-kosova-se-ka\\\/\",\"url\":\"https:\\\/\\\/fjala.info\\\/2009-2015\\\/nje-kryeprokurore-qe-kosova-se-ka\\\/\",\"name\":\"Nj\u00eb kryeprokurore \u2013 q\u00eb Kosova s\u2019e ka! - FjALA e LIR\u00cb - Arkivi\",\"isPartOf\":{\"@id\":\"https:\\\/\\\/fjala.info\\\/2009-2015\\\/#website\"},\"primaryImageOfPage\":{\"@id\":\"https:\\\/\\\/fjala.info\\\/2009-2015\\\/nje-kryeprokurore-qe-kosova-se-ka\\\/#primaryimage\"},\"image\":{\"@id\":\"https:\\\/\\\/fjala.info\\\/2009-2015\\\/nje-kryeprokurore-qe-kosova-se-ka\\\/#primaryimage\"},\"thumbnailUrl\":\"http:\\\/\\\/www.shkoder.net\\\/2012\\\/ina_rama1.jpg\",\"datePublished\":\"2012-01-30T20:07:54+00:00\",\"breadcrumb\":{\"@id\":\"https:\\\/\\\/fjala.info\\\/2009-2015\\\/nje-kryeprokurore-qe-kosova-se-ka\\\/#breadcrumb\"},\"inLanguage\":\"sq-AL\",\"potentialAction\":[{\"@type\":\"ReadAction\",\"target\":[\"https:\\\/\\\/fjala.info\\\/2009-2015\\\/nje-kryeprokurore-qe-kosova-se-ka\\\/\"]}]},{\"@type\":\"ImageObject\",\"inLanguage\":\"sq-AL\",\"@id\":\"https:\\\/\\\/fjala.info\\\/2009-2015\\\/nje-kryeprokurore-qe-kosova-se-ka\\\/#primaryimage\",\"url\":\"http:\\\/\\\/www.shkoder.net\\\/2012\\\/ina_rama1.jpg\",\"contentUrl\":\"http:\\\/\\\/www.shkoder.net\\\/2012\\\/ina_rama1.jpg\"},{\"@type\":\"BreadcrumbList\",\"@id\":\"https:\\\/\\\/fjala.info\\\/2009-2015\\\/nje-kryeprokurore-qe-kosova-se-ka\\\/#breadcrumb\",\"itemListElement\":[{\"@type\":\"ListItem\",\"position\":1,\"name\":\"Home\",\"item\":\"https:\\\/\\\/fjala.info\\\/2009-2015\\\/\"},{\"@type\":\"ListItem\",\"position\":2,\"name\":\"Nj\u00eb kryeprokurore \u2013 q\u00eb Kosova s\u2019e ka!\"}]},{\"@type\":\"WebSite\",\"@id\":\"https:\\\/\\\/fjala.info\\\/2009-2015\\\/#website\",\"url\":\"https:\\\/\\\/fjala.info\\\/2009-2015\\\/\",\"name\":\"FjALA e LIR\u00cb - Arkivi\",\"description\":\"Arkivi 2009-2015\",\"publisher\":{\"@id\":\"https:\\\/\\\/fjala.info\\\/2009-2015\\\/#organization\"},\"potentialAction\":[{\"@type\":\"SearchAction\",\"target\":{\"@type\":\"EntryPoint\",\"urlTemplate\":\"https:\\\/\\\/fjala.info\\\/2009-2015\\\/?s={search_term_string}\"},\"query-input\":{\"@type\":\"PropertyValueSpecification\",\"valueRequired\":true,\"valueName\":\"search_term_string\"}}],\"inLanguage\":\"sq-AL\"},{\"@type\":\"Organization\",\"@id\":\"https:\\\/\\\/fjala.info\\\/2009-2015\\\/#organization\",\"name\":\"FjALA e LIR\u00cb - Arkivi\",\"url\":\"https:\\\/\\\/fjala.info\\\/2009-2015\\\/\",\"logo\":{\"@type\":\"ImageObject\",\"inLanguage\":\"sq-AL\",\"@id\":\"https:\\\/\\\/fjala.info\\\/2009-2015\\\/#\\\/schema\\\/logo\\\/image\\\/\",\"url\":\"\",\"contentUrl\":\"\",\"caption\":\"FjALA e LIR\u00cb - Arkivi\"},\"image\":{\"@id\":\"https:\\\/\\\/fjala.info\\\/2009-2015\\\/#\\\/schema\\\/logo\\\/image\\\/\"}},{\"@type\":\"Person\",\"@id\":\"https:\\\/\\\/fjala.info\\\/2009-2015\\\/#\\\/schema\\\/person\\\/3aa1163ef05469c496fc94e77611ada2\",\"name\":\"admin\",\"image\":{\"@type\":\"ImageObject\",\"inLanguage\":\"sq-AL\",\"@id\":\"https:\\\/\\\/fjala.info\\\/2009-2015\\\/wp-content\\\/uploads\\\/2012\\\/02\\\/arben_cokaj-120x150.jpg\",\"url\":\"https:\\\/\\\/fjala.info\\\/2009-2015\\\/wp-content\\\/uploads\\\/2012\\\/02\\\/arben_cokaj-120x150.jpg\",\"contentUrl\":\"https:\\\/\\\/fjala.info\\\/2009-2015\\\/wp-content\\\/uploads\\\/2012\\\/02\\\/arben_cokaj-120x150.jpg\",\"caption\":\"admin\"},\"description\":\"Admin, Fjala e Lir\u00eb\",\"sameAs\":[\"https:\\\/\\\/fjala.info\\\/\"],\"url\":\"https:\\\/\\\/fjala.info\\\/2009-2015\\\/author\\\/admin\\\/\"}]}<\/script>\n<!-- \/ Yoast SEO plugin. -->","yoast_head_json":{"title":"Nj\u00eb kryeprokurore \u2013 q\u00eb Kosova s\u2019e ka! - FjALA e LIR\u00cb - Arkivi","robots":{"index":"index","follow":"follow","max-snippet":"max-snippet:-1","max-image-preview":"max-image-preview:large","max-video-preview":"max-video-preview:-1"},"canonical":"https:\/\/fjala.info\/2009-2015\/nje-kryeprokurore-qe-kosova-se-ka\/","og_locale":"sq_AL","og_type":"article","og_title":"Nj\u00eb kryeprokurore \u2013 q\u00eb Kosova s\u2019e ka! - FjALA e LIR\u00cb - Arkivi","og_description":"Nga Beq\u00eb Cufaj, 30 Janar 2012 Rrjet\u00ebzimi medial dhe me k\u00ebt\u00eb edhe publik mes Kosov\u00ebs dhe Shqip\u00ebris\u00eb, \u00ebsht\u00eb b\u00ebr\u00eb aq i fort\u00eb sa viteve t\u00eb fundit jan\u00eb t\u00eb rralla, p\u00ebr t\u00eb mos th\u00ebn\u00eb t\u00eb paikshme, qasjet her\u00eb komparativiste e her\u00eb intervencioniste rreth diskurseve, dukurive e n\u00eb t\u00eb shumt\u00ebn anomalive politike, ekonomike, financiare, kulturore n\u00eb t\u00eb [&hellip;]","og_url":"https:\/\/fjala.info\/2009-2015\/nje-kryeprokurore-qe-kosova-se-ka\/","og_site_name":"FjALA e LIR\u00cb - Arkivi","article_published_time":"2012-01-30T20:07:54+00:00","og_image":[{"url":"http:\/\/www.shkoder.net\/2012\/ina_rama1.jpg","type":"","width":"","height":""}],"author":"admin","twitter_card":"summary_large_image","twitter_misc":{"Written by":"admin","Est. reading time":"4 minutes"},"schema":{"@context":"https:\/\/schema.org","@graph":[{"@type":"Article","@id":"https:\/\/fjala.info\/2009-2015\/nje-kryeprokurore-qe-kosova-se-ka\/#article","isPartOf":{"@id":"https:\/\/fjala.info\/2009-2015\/nje-kryeprokurore-qe-kosova-se-ka\/"},"author":{"name":"admin","@id":"https:\/\/fjala.info\/2009-2015\/#\/schema\/person\/3aa1163ef05469c496fc94e77611ada2"},"headline":"Nj\u00eb kryeprokurore \u2013 q\u00eb Kosova s\u2019e ka!","datePublished":"2012-01-30T20:07:54+00:00","mainEntityOfPage":{"@id":"https:\/\/fjala.info\/2009-2015\/nje-kryeprokurore-qe-kosova-se-ka\/"},"wordCount":877,"commentCount":0,"publisher":{"@id":"https:\/\/fjala.info\/2009-2015\/#organization"},"image":{"@id":"https:\/\/fjala.info\/2009-2015\/nje-kryeprokurore-qe-kosova-se-ka\/#primaryimage"},"thumbnailUrl":"http:\/\/www.shkoder.net\/2012\/ina_rama1.jpg","articleSection":["Artikuj"],"inLanguage":"sq-AL","potentialAction":[{"@type":"CommentAction","name":"Comment","target":["https:\/\/fjala.info\/2009-2015\/nje-kryeprokurore-qe-kosova-se-ka\/#respond"]}]},{"@type":"WebPage","@id":"https:\/\/fjala.info\/2009-2015\/nje-kryeprokurore-qe-kosova-se-ka\/","url":"https:\/\/fjala.info\/2009-2015\/nje-kryeprokurore-qe-kosova-se-ka\/","name":"Nj\u00eb kryeprokurore \u2013 q\u00eb Kosova s\u2019e ka! - FjALA e LIR\u00cb - Arkivi","isPartOf":{"@id":"https:\/\/fjala.info\/2009-2015\/#website"},"primaryImageOfPage":{"@id":"https:\/\/fjala.info\/2009-2015\/nje-kryeprokurore-qe-kosova-se-ka\/#primaryimage"},"image":{"@id":"https:\/\/fjala.info\/2009-2015\/nje-kryeprokurore-qe-kosova-se-ka\/#primaryimage"},"thumbnailUrl":"http:\/\/www.shkoder.net\/2012\/ina_rama1.jpg","datePublished":"2012-01-30T20:07:54+00:00","breadcrumb":{"@id":"https:\/\/fjala.info\/2009-2015\/nje-kryeprokurore-qe-kosova-se-ka\/#breadcrumb"},"inLanguage":"sq-AL","potentialAction":[{"@type":"ReadAction","target":["https:\/\/fjala.info\/2009-2015\/nje-kryeprokurore-qe-kosova-se-ka\/"]}]},{"@type":"ImageObject","inLanguage":"sq-AL","@id":"https:\/\/fjala.info\/2009-2015\/nje-kryeprokurore-qe-kosova-se-ka\/#primaryimage","url":"http:\/\/www.shkoder.net\/2012\/ina_rama1.jpg","contentUrl":"http:\/\/www.shkoder.net\/2012\/ina_rama1.jpg"},{"@type":"BreadcrumbList","@id":"https:\/\/fjala.info\/2009-2015\/nje-kryeprokurore-qe-kosova-se-ka\/#breadcrumb","itemListElement":[{"@type":"ListItem","position":1,"name":"Home","item":"https:\/\/fjala.info\/2009-2015\/"},{"@type":"ListItem","position":2,"name":"Nj\u00eb kryeprokurore \u2013 q\u00eb Kosova s\u2019e ka!"}]},{"@type":"WebSite","@id":"https:\/\/fjala.info\/2009-2015\/#website","url":"https:\/\/fjala.info\/2009-2015\/","name":"FjALA e LIR\u00cb - Arkivi","description":"Arkivi 2009-2015","publisher":{"@id":"https:\/\/fjala.info\/2009-2015\/#organization"},"potentialAction":[{"@type":"SearchAction","target":{"@type":"EntryPoint","urlTemplate":"https:\/\/fjala.info\/2009-2015\/?s={search_term_string}"},"query-input":{"@type":"PropertyValueSpecification","valueRequired":true,"valueName":"search_term_string"}}],"inLanguage":"sq-AL"},{"@type":"Organization","@id":"https:\/\/fjala.info\/2009-2015\/#organization","name":"FjALA e LIR\u00cb - Arkivi","url":"https:\/\/fjala.info\/2009-2015\/","logo":{"@type":"ImageObject","inLanguage":"sq-AL","@id":"https:\/\/fjala.info\/2009-2015\/#\/schema\/logo\/image\/","url":"","contentUrl":"","caption":"FjALA e LIR\u00cb - Arkivi"},"image":{"@id":"https:\/\/fjala.info\/2009-2015\/#\/schema\/logo\/image\/"}},{"@type":"Person","@id":"https:\/\/fjala.info\/2009-2015\/#\/schema\/person\/3aa1163ef05469c496fc94e77611ada2","name":"admin","image":{"@type":"ImageObject","inLanguage":"sq-AL","@id":"https:\/\/fjala.info\/2009-2015\/wp-content\/uploads\/2012\/02\/arben_cokaj-120x150.jpg","url":"https:\/\/fjala.info\/2009-2015\/wp-content\/uploads\/2012\/02\/arben_cokaj-120x150.jpg","contentUrl":"https:\/\/fjala.info\/2009-2015\/wp-content\/uploads\/2012\/02\/arben_cokaj-120x150.jpg","caption":"admin"},"description":"Admin, Fjala e Lir\u00eb","sameAs":["https:\/\/fjala.info\/"],"url":"https:\/\/fjala.info\/2009-2015\/author\/admin\/"}]}},"_links":{"self":[{"href":"https:\/\/fjala.info\/2009-2015\/wp-json\/wp\/v2\/posts\/1510","targetHints":{"allow":["GET"]}}],"collection":[{"href":"https:\/\/fjala.info\/2009-2015\/wp-json\/wp\/v2\/posts"}],"about":[{"href":"https:\/\/fjala.info\/2009-2015\/wp-json\/wp\/v2\/types\/post"}],"author":[{"embeddable":true,"href":"https:\/\/fjala.info\/2009-2015\/wp-json\/wp\/v2\/users\/1"}],"replies":[{"embeddable":true,"href":"https:\/\/fjala.info\/2009-2015\/wp-json\/wp\/v2\/comments?post=1510"}],"version-history":[{"count":0,"href":"https:\/\/fjala.info\/2009-2015\/wp-json\/wp\/v2\/posts\/1510\/revisions"}],"wp:attachment":[{"href":"https:\/\/fjala.info\/2009-2015\/wp-json\/wp\/v2\/media?parent=1510"}],"wp:term":[{"taxonomy":"category","embeddable":true,"href":"https:\/\/fjala.info\/2009-2015\/wp-json\/wp\/v2\/categories?post=1510"},{"taxonomy":"post_tag","embeddable":true,"href":"https:\/\/fjala.info\/2009-2015\/wp-json\/wp\/v2\/tags?post=1510"}],"curies":[{"name":"wp","href":"https:\/\/api.w.org\/{rel}","templated":true}]}}