{"id":151,"date":"2011-11-15T08:59:51","date_gmt":"2011-11-15T07:59:51","guid":{"rendered":"http:\/\/fjala.shkoder.net\/?p=151"},"modified":"2011-11-15T08:59:51","modified_gmt":"2011-11-15T07:59:51","slug":"ambasadorja-britanike-drejtesia-eshte-ne-themel-te-vlerave-te-be-pa-te-nuk-ka-integrim","status":"publish","type":"post","link":"https:\/\/fjala.info\/2009-2015\/ambasadorja-britanike-drejtesia-eshte-ne-themel-te-vlerave-te-be-pa-te-nuk-ka-integrim\/","title":{"rendered":"Ambasadorja britanike: Drejt\u00ebsia \u00ebsht\u00eb n\u00eb themel t\u00eb vlerave t\u00eb BE, pa t\u00eb nuk ka integrim"},"content":{"rendered":"<p><img decoding=\"async\" class=\"alignright size-thumbnail wp-image-7236\" title=\"Fiona McIlwham\" src=\"http:\/\/www.shkoder.net\/images\/fjala\/2011\/fiona_mcilwham.jpg\" alt=\"\" width=\"200\" \/> <strong>TemA<\/strong>, <em>14 N\u00ebntor 2011<\/em><\/p>\n<p>Ambasadorja britanike n\u00eb Tiran\u00eb, Fiona Mak\u00eblluem, deklaroi sot gjat\u00eb nj\u00eb takimi n\u00eb Shkoll\u00ebn e Magjistratur\u00ebs, se drejt\u00ebsia e fort\u00eb dhe e pavarur \u00ebsht\u00eb nj\u00eb kusht p\u00ebr t\u00eb ecur p\u00ebrpara drejt BE. Ajo tha se nuk duhet t\u00eb b\u00ebhet vet\u00ebm drejt\u00ebsi, por duhet par\u00eb q\u00eb po b\u00ebhet drejt\u00ebsi, duke n\u00ebnkuptuar k\u00ebtu dh\u00ebnien e shembujve t\u00eb fort\u00eb. Deklaratat e saj u b\u00ebn\u00eb gjat\u00eb prezantimit t\u00eb nj\u00eb projekti p\u00ebr trajnime n\u00eb Shkoll\u00ebn e Magjistratur\u00ebs nga ekspert\u00eb t\u00eb njohur t\u00eb sistemit t\u00eb drejt\u00ebsis\u00eb britanike.<\/p>\n<p>\u201cShteti i s\u00eb drejt\u00ebs dhe drejt\u00ebsia jan\u00eb n\u00eb themel t\u00eb vlerave t\u00eb Mbret\u00ebris\u00eb s\u00eb Bashkuar dhe BE-s\u00eb dhe zemra e nj\u00eb demokracie funksionale dhe t\u00eb suksesshme. Nj\u00eb sistem gjyq\u00ebsor i fort\u00eb dhe i pavarur \u00ebsht\u00eb nj\u00eb k\u00ebrkes\u00eb q\u00eb Shqip\u00ebria t\u00eb perparoj\u00eb n\u00eb rrug\u00ebn drejt an\u00ebtar\u00ebsimit n\u00eb BE. P\u00ebr gjith\u00eb k\u00ebto arsye, ne kemi dhe do vazhdojm\u00eb t\u00eb fokusojm\u00eb mb\u00ebshtetjen ton\u00eb n\u00eb reform\u00ebn e drejt\u00ebsis\u00eb n\u00eb Shqip\u00ebri.<\/p>\n<p>Meritokracia, pavar\u00ebsia, profesionalizmi dhe respekti p\u00ebr t\u00eb drejtat e njeriut jan\u00eb k\u00ebrkesa t\u00eb detyrueshme p\u00ebr \u00e7do gjyqtar, apo aktor t\u00eb sistemit t\u00eb drejt\u00ebsis\u00eb. Mungesa e ndonj\u00ebr\u00ebs prej tyre ka nj\u00eb impakt negativ mbi besimin e publikut tek sistemi i drejt\u00ebsis\u00eb. Nuk duhet vet\u00ebm t\u00eb b\u00ebhet drejt\u00ebsi, duhet par\u00eb q\u00eb po b\u00ebhet drejt\u00ebsi,\u201d tha Mak\u00eblluem.<\/p>\n","protected":false},"excerpt":{"rendered":"<p>TemA, 14 N\u00ebntor 2011 Ambasadorja britanike n\u00eb Tiran\u00eb, Fiona Mak\u00eblluem, deklaroi sot gjat\u00eb nj\u00eb takimi n\u00eb Shkoll\u00ebn e Magjistratur\u00ebs, se drejt\u00ebsia e fort\u00eb dhe e pavarur \u00ebsht\u00eb nj\u00eb kusht p\u00ebr t\u00eb ecur p\u00ebrpara drejt BE. Ajo tha se nuk duhet t\u00eb b\u00ebhet vet\u00ebm drejt\u00ebsi, por duhet par\u00eb q\u00eb po b\u00ebhet drejt\u00ebsi, duke n\u00ebnkuptuar k\u00ebtu dh\u00ebnien [&hellip;]<\/p>\n","protected":false},"author":1,"featured_media":0,"comment_status":"open","ping_status":"closed","sticky":false,"template":"","format":"standard","meta":{"footnotes":""},"categories":[5],"tags":[],"class_list":{"0":"post-151","1":"post","2":"type-post","3":"status-publish","4":"format-standard","6":"category-lajme"},"yoast_head":"<!-- This site is optimized with the Yoast SEO plugin v27.4 - https:\/\/yoast.com\/product\/yoast-seo-wordpress\/ -->\n<title>Ambasadorja britanike: Drejt\u00ebsia \u00ebsht\u00eb n\u00eb themel t\u00eb vlerave t\u00eb BE, pa t\u00eb nuk ka integrim - FjALA e LIR\u00cb - Arkivi<\/title>\n<meta name=\"robots\" content=\"index, follow, max-snippet:-1, max-image-preview:large, max-video-preview:-1\" \/>\n<link rel=\"canonical\" href=\"https:\/\/fjala.info\/2009-2015\/ambasadorja-britanike-drejtesia-eshte-ne-themel-te-vlerave-te-be-pa-te-nuk-ka-integrim\/\" \/>\n<meta property=\"og:locale\" content=\"sq_AL\" \/>\n<meta property=\"og:type\" content=\"article\" \/>\n<meta property=\"og:title\" content=\"Ambasadorja britanike: Drejt\u00ebsia \u00ebsht\u00eb n\u00eb themel t\u00eb vlerave t\u00eb BE, pa t\u00eb nuk ka integrim - FjALA e LIR\u00cb - Arkivi\" \/>\n<meta property=\"og:description\" content=\"TemA, 14 N\u00ebntor 2011 Ambasadorja britanike n\u00eb Tiran\u00eb, Fiona Mak\u00eblluem, deklaroi sot gjat\u00eb nj\u00eb takimi n\u00eb Shkoll\u00ebn e Magjistratur\u00ebs, se drejt\u00ebsia e fort\u00eb dhe e pavarur \u00ebsht\u00eb nj\u00eb kusht p\u00ebr t\u00eb ecur p\u00ebrpara drejt BE. Ajo tha se nuk duhet t\u00eb b\u00ebhet vet\u00ebm drejt\u00ebsi, por duhet par\u00eb q\u00eb po b\u00ebhet drejt\u00ebsi, duke n\u00ebnkuptuar k\u00ebtu dh\u00ebnien [&hellip;]\" \/>\n<meta property=\"og:url\" content=\"https:\/\/fjala.info\/2009-2015\/ambasadorja-britanike-drejtesia-eshte-ne-themel-te-vlerave-te-be-pa-te-nuk-ka-integrim\/\" \/>\n<meta property=\"og:site_name\" content=\"FjALA e LIR\u00cb - Arkivi\" \/>\n<meta property=\"article:published_time\" content=\"2011-11-15T07:59:51+00:00\" \/>\n<meta property=\"og:image\" content=\"http:\/\/www.shkoder.net\/images\/fjala\/2011\/fiona_mcilwham.jpg\" \/>\n<meta name=\"author\" content=\"admin\" \/>\n<meta name=\"twitter:card\" content=\"summary_large_image\" \/>\n<meta name=\"twitter:label1\" content=\"Written by\" \/>\n\t<meta name=\"twitter:data1\" content=\"admin\" \/>\n\t<meta name=\"twitter:label2\" content=\"Est. reading time\" \/>\n\t<meta name=\"twitter:data2\" content=\"1 minute\" \/>\n<script type=\"application\/ld+json\" class=\"yoast-schema-graph\">{\"@context\":\"https:\\\/\\\/schema.org\",\"@graph\":[{\"@type\":\"Article\",\"@id\":\"https:\\\/\\\/fjala.info\\\/2009-2015\\\/ambasadorja-britanike-drejtesia-eshte-ne-themel-te-vlerave-te-be-pa-te-nuk-ka-integrim\\\/#article\",\"isPartOf\":{\"@id\":\"https:\\\/\\\/fjala.info\\\/2009-2015\\\/ambasadorja-britanike-drejtesia-eshte-ne-themel-te-vlerave-te-be-pa-te-nuk-ka-integrim\\\/\"},\"author\":{\"name\":\"admin\",\"@id\":\"https:\\\/\\\/fjala.info\\\/2009-2015\\\/#\\\/schema\\\/person\\\/3aa1163ef05469c496fc94e77611ada2\"},\"headline\":\"Ambasadorja britanike: Drejt\u00ebsia \u00ebsht\u00eb n\u00eb themel t\u00eb vlerave t\u00eb BE, pa t\u00eb nuk ka integrim\",\"datePublished\":\"2011-11-15T07:59:51+00:00\",\"mainEntityOfPage\":{\"@id\":\"https:\\\/\\\/fjala.info\\\/2009-2015\\\/ambasadorja-britanike-drejtesia-eshte-ne-themel-te-vlerave-te-be-pa-te-nuk-ka-integrim\\\/\"},\"wordCount\":267,\"commentCount\":0,\"publisher\":{\"@id\":\"https:\\\/\\\/fjala.info\\\/2009-2015\\\/#organization\"},\"image\":{\"@id\":\"https:\\\/\\\/fjala.info\\\/2009-2015\\\/ambasadorja-britanike-drejtesia-eshte-ne-themel-te-vlerave-te-be-pa-te-nuk-ka-integrim\\\/#primaryimage\"},\"thumbnailUrl\":\"http:\\\/\\\/www.shkoder.net\\\/images\\\/fjala\\\/2011\\\/fiona_mcilwham.jpg\",\"articleSection\":[\"Lajme\"],\"inLanguage\":\"sq-AL\",\"potentialAction\":[{\"@type\":\"CommentAction\",\"name\":\"Comment\",\"target\":[\"https:\\\/\\\/fjala.info\\\/2009-2015\\\/ambasadorja-britanike-drejtesia-eshte-ne-themel-te-vlerave-te-be-pa-te-nuk-ka-integrim\\\/#respond\"]}]},{\"@type\":\"WebPage\",\"@id\":\"https:\\\/\\\/fjala.info\\\/2009-2015\\\/ambasadorja-britanike-drejtesia-eshte-ne-themel-te-vlerave-te-be-pa-te-nuk-ka-integrim\\\/\",\"url\":\"https:\\\/\\\/fjala.info\\\/2009-2015\\\/ambasadorja-britanike-drejtesia-eshte-ne-themel-te-vlerave-te-be-pa-te-nuk-ka-integrim\\\/\",\"name\":\"Ambasadorja britanike: Drejt\u00ebsia \u00ebsht\u00eb n\u00eb themel t\u00eb vlerave t\u00eb BE, pa t\u00eb nuk ka integrim - FjALA e LIR\u00cb - Arkivi\",\"isPartOf\":{\"@id\":\"https:\\\/\\\/fjala.info\\\/2009-2015\\\/#website\"},\"primaryImageOfPage\":{\"@id\":\"https:\\\/\\\/fjala.info\\\/2009-2015\\\/ambasadorja-britanike-drejtesia-eshte-ne-themel-te-vlerave-te-be-pa-te-nuk-ka-integrim\\\/#primaryimage\"},\"image\":{\"@id\":\"https:\\\/\\\/fjala.info\\\/2009-2015\\\/ambasadorja-britanike-drejtesia-eshte-ne-themel-te-vlerave-te-be-pa-te-nuk-ka-integrim\\\/#primaryimage\"},\"thumbnailUrl\":\"http:\\\/\\\/www.shkoder.net\\\/images\\\/fjala\\\/2011\\\/fiona_mcilwham.jpg\",\"datePublished\":\"2011-11-15T07:59:51+00:00\",\"breadcrumb\":{\"@id\":\"https:\\\/\\\/fjala.info\\\/2009-2015\\\/ambasadorja-britanike-drejtesia-eshte-ne-themel-te-vlerave-te-be-pa-te-nuk-ka-integrim\\\/#breadcrumb\"},\"inLanguage\":\"sq-AL\",\"potentialAction\":[{\"@type\":\"ReadAction\",\"target\":[\"https:\\\/\\\/fjala.info\\\/2009-2015\\\/ambasadorja-britanike-drejtesia-eshte-ne-themel-te-vlerave-te-be-pa-te-nuk-ka-integrim\\\/\"]}]},{\"@type\":\"ImageObject\",\"inLanguage\":\"sq-AL\",\"@id\":\"https:\\\/\\\/fjala.info\\\/2009-2015\\\/ambasadorja-britanike-drejtesia-eshte-ne-themel-te-vlerave-te-be-pa-te-nuk-ka-integrim\\\/#primaryimage\",\"url\":\"http:\\\/\\\/www.shkoder.net\\\/images\\\/fjala\\\/2011\\\/fiona_mcilwham.jpg\",\"contentUrl\":\"http:\\\/\\\/www.shkoder.net\\\/images\\\/fjala\\\/2011\\\/fiona_mcilwham.jpg\"},{\"@type\":\"BreadcrumbList\",\"@id\":\"https:\\\/\\\/fjala.info\\\/2009-2015\\\/ambasadorja-britanike-drejtesia-eshte-ne-themel-te-vlerave-te-be-pa-te-nuk-ka-integrim\\\/#breadcrumb\",\"itemListElement\":[{\"@type\":\"ListItem\",\"position\":1,\"name\":\"Home\",\"item\":\"https:\\\/\\\/fjala.info\\\/2009-2015\\\/\"},{\"@type\":\"ListItem\",\"position\":2,\"name\":\"Ambasadorja britanike: Drejt\u00ebsia \u00ebsht\u00eb n\u00eb themel t\u00eb vlerave t\u00eb BE, pa t\u00eb nuk ka integrim\"}]},{\"@type\":\"WebSite\",\"@id\":\"https:\\\/\\\/fjala.info\\\/2009-2015\\\/#website\",\"url\":\"https:\\\/\\\/fjala.info\\\/2009-2015\\\/\",\"name\":\"FjALA e LIR\u00cb - Arkivi\",\"description\":\"Arkivi 2009-2015\",\"publisher\":{\"@id\":\"https:\\\/\\\/fjala.info\\\/2009-2015\\\/#organization\"},\"potentialAction\":[{\"@type\":\"SearchAction\",\"target\":{\"@type\":\"EntryPoint\",\"urlTemplate\":\"https:\\\/\\\/fjala.info\\\/2009-2015\\\/?s={search_term_string}\"},\"query-input\":{\"@type\":\"PropertyValueSpecification\",\"valueRequired\":true,\"valueName\":\"search_term_string\"}}],\"inLanguage\":\"sq-AL\"},{\"@type\":\"Organization\",\"@id\":\"https:\\\/\\\/fjala.info\\\/2009-2015\\\/#organization\",\"name\":\"FjALA e LIR\u00cb - Arkivi\",\"url\":\"https:\\\/\\\/fjala.info\\\/2009-2015\\\/\",\"logo\":{\"@type\":\"ImageObject\",\"inLanguage\":\"sq-AL\",\"@id\":\"https:\\\/\\\/fjala.info\\\/2009-2015\\\/#\\\/schema\\\/logo\\\/image\\\/\",\"url\":\"\",\"contentUrl\":\"\",\"caption\":\"FjALA e LIR\u00cb - Arkivi\"},\"image\":{\"@id\":\"https:\\\/\\\/fjala.info\\\/2009-2015\\\/#\\\/schema\\\/logo\\\/image\\\/\"}},{\"@type\":\"Person\",\"@id\":\"https:\\\/\\\/fjala.info\\\/2009-2015\\\/#\\\/schema\\\/person\\\/3aa1163ef05469c496fc94e77611ada2\",\"name\":\"admin\",\"image\":{\"@type\":\"ImageObject\",\"inLanguage\":\"sq-AL\",\"@id\":\"https:\\\/\\\/fjala.info\\\/2009-2015\\\/wp-content\\\/uploads\\\/2012\\\/02\\\/arben_cokaj-120x150.jpg\",\"url\":\"https:\\\/\\\/fjala.info\\\/2009-2015\\\/wp-content\\\/uploads\\\/2012\\\/02\\\/arben_cokaj-120x150.jpg\",\"contentUrl\":\"https:\\\/\\\/fjala.info\\\/2009-2015\\\/wp-content\\\/uploads\\\/2012\\\/02\\\/arben_cokaj-120x150.jpg\",\"caption\":\"admin\"},\"description\":\"Admin, Fjala e Lir\u00eb\",\"sameAs\":[\"https:\\\/\\\/fjala.info\\\/\"],\"url\":\"https:\\\/\\\/fjala.info\\\/2009-2015\\\/author\\\/admin\\\/\"}]}<\/script>\n<!-- \/ Yoast SEO plugin. -->","yoast_head_json":{"title":"Ambasadorja britanike: Drejt\u00ebsia \u00ebsht\u00eb n\u00eb themel t\u00eb vlerave t\u00eb BE, pa t\u00eb nuk ka integrim - FjALA e LIR\u00cb - Arkivi","robots":{"index":"index","follow":"follow","max-snippet":"max-snippet:-1","max-image-preview":"max-image-preview:large","max-video-preview":"max-video-preview:-1"},"canonical":"https:\/\/fjala.info\/2009-2015\/ambasadorja-britanike-drejtesia-eshte-ne-themel-te-vlerave-te-be-pa-te-nuk-ka-integrim\/","og_locale":"sq_AL","og_type":"article","og_title":"Ambasadorja britanike: Drejt\u00ebsia \u00ebsht\u00eb n\u00eb themel t\u00eb vlerave t\u00eb BE, pa t\u00eb nuk ka integrim - FjALA e LIR\u00cb - Arkivi","og_description":"TemA, 14 N\u00ebntor 2011 Ambasadorja britanike n\u00eb Tiran\u00eb, Fiona Mak\u00eblluem, deklaroi sot gjat\u00eb nj\u00eb takimi n\u00eb Shkoll\u00ebn e Magjistratur\u00ebs, se drejt\u00ebsia e fort\u00eb dhe e pavarur \u00ebsht\u00eb nj\u00eb kusht p\u00ebr t\u00eb ecur p\u00ebrpara drejt BE. Ajo tha se nuk duhet t\u00eb b\u00ebhet vet\u00ebm drejt\u00ebsi, por duhet par\u00eb q\u00eb po b\u00ebhet drejt\u00ebsi, duke n\u00ebnkuptuar k\u00ebtu dh\u00ebnien [&hellip;]","og_url":"https:\/\/fjala.info\/2009-2015\/ambasadorja-britanike-drejtesia-eshte-ne-themel-te-vlerave-te-be-pa-te-nuk-ka-integrim\/","og_site_name":"FjALA e LIR\u00cb - Arkivi","article_published_time":"2011-11-15T07:59:51+00:00","og_image":[{"url":"http:\/\/www.shkoder.net\/images\/fjala\/2011\/fiona_mcilwham.jpg","type":"","width":"","height":""}],"author":"admin","twitter_card":"summary_large_image","twitter_misc":{"Written by":"admin","Est. reading time":"1 minute"},"schema":{"@context":"https:\/\/schema.org","@graph":[{"@type":"Article","@id":"https:\/\/fjala.info\/2009-2015\/ambasadorja-britanike-drejtesia-eshte-ne-themel-te-vlerave-te-be-pa-te-nuk-ka-integrim\/#article","isPartOf":{"@id":"https:\/\/fjala.info\/2009-2015\/ambasadorja-britanike-drejtesia-eshte-ne-themel-te-vlerave-te-be-pa-te-nuk-ka-integrim\/"},"author":{"name":"admin","@id":"https:\/\/fjala.info\/2009-2015\/#\/schema\/person\/3aa1163ef05469c496fc94e77611ada2"},"headline":"Ambasadorja britanike: Drejt\u00ebsia \u00ebsht\u00eb n\u00eb themel t\u00eb vlerave t\u00eb BE, pa t\u00eb nuk ka integrim","datePublished":"2011-11-15T07:59:51+00:00","mainEntityOfPage":{"@id":"https:\/\/fjala.info\/2009-2015\/ambasadorja-britanike-drejtesia-eshte-ne-themel-te-vlerave-te-be-pa-te-nuk-ka-integrim\/"},"wordCount":267,"commentCount":0,"publisher":{"@id":"https:\/\/fjala.info\/2009-2015\/#organization"},"image":{"@id":"https:\/\/fjala.info\/2009-2015\/ambasadorja-britanike-drejtesia-eshte-ne-themel-te-vlerave-te-be-pa-te-nuk-ka-integrim\/#primaryimage"},"thumbnailUrl":"http:\/\/www.shkoder.net\/images\/fjala\/2011\/fiona_mcilwham.jpg","articleSection":["Lajme"],"inLanguage":"sq-AL","potentialAction":[{"@type":"CommentAction","name":"Comment","target":["https:\/\/fjala.info\/2009-2015\/ambasadorja-britanike-drejtesia-eshte-ne-themel-te-vlerave-te-be-pa-te-nuk-ka-integrim\/#respond"]}]},{"@type":"WebPage","@id":"https:\/\/fjala.info\/2009-2015\/ambasadorja-britanike-drejtesia-eshte-ne-themel-te-vlerave-te-be-pa-te-nuk-ka-integrim\/","url":"https:\/\/fjala.info\/2009-2015\/ambasadorja-britanike-drejtesia-eshte-ne-themel-te-vlerave-te-be-pa-te-nuk-ka-integrim\/","name":"Ambasadorja britanike: Drejt\u00ebsia \u00ebsht\u00eb n\u00eb themel t\u00eb vlerave t\u00eb BE, pa t\u00eb nuk ka integrim - FjALA e LIR\u00cb - Arkivi","isPartOf":{"@id":"https:\/\/fjala.info\/2009-2015\/#website"},"primaryImageOfPage":{"@id":"https:\/\/fjala.info\/2009-2015\/ambasadorja-britanike-drejtesia-eshte-ne-themel-te-vlerave-te-be-pa-te-nuk-ka-integrim\/#primaryimage"},"image":{"@id":"https:\/\/fjala.info\/2009-2015\/ambasadorja-britanike-drejtesia-eshte-ne-themel-te-vlerave-te-be-pa-te-nuk-ka-integrim\/#primaryimage"},"thumbnailUrl":"http:\/\/www.shkoder.net\/images\/fjala\/2011\/fiona_mcilwham.jpg","datePublished":"2011-11-15T07:59:51+00:00","breadcrumb":{"@id":"https:\/\/fjala.info\/2009-2015\/ambasadorja-britanike-drejtesia-eshte-ne-themel-te-vlerave-te-be-pa-te-nuk-ka-integrim\/#breadcrumb"},"inLanguage":"sq-AL","potentialAction":[{"@type":"ReadAction","target":["https:\/\/fjala.info\/2009-2015\/ambasadorja-britanike-drejtesia-eshte-ne-themel-te-vlerave-te-be-pa-te-nuk-ka-integrim\/"]}]},{"@type":"ImageObject","inLanguage":"sq-AL","@id":"https:\/\/fjala.info\/2009-2015\/ambasadorja-britanike-drejtesia-eshte-ne-themel-te-vlerave-te-be-pa-te-nuk-ka-integrim\/#primaryimage","url":"http:\/\/www.shkoder.net\/images\/fjala\/2011\/fiona_mcilwham.jpg","contentUrl":"http:\/\/www.shkoder.net\/images\/fjala\/2011\/fiona_mcilwham.jpg"},{"@type":"BreadcrumbList","@id":"https:\/\/fjala.info\/2009-2015\/ambasadorja-britanike-drejtesia-eshte-ne-themel-te-vlerave-te-be-pa-te-nuk-ka-integrim\/#breadcrumb","itemListElement":[{"@type":"ListItem","position":1,"name":"Home","item":"https:\/\/fjala.info\/2009-2015\/"},{"@type":"ListItem","position":2,"name":"Ambasadorja britanike: Drejt\u00ebsia \u00ebsht\u00eb n\u00eb themel t\u00eb vlerave t\u00eb BE, pa t\u00eb nuk ka integrim"}]},{"@type":"WebSite","@id":"https:\/\/fjala.info\/2009-2015\/#website","url":"https:\/\/fjala.info\/2009-2015\/","name":"FjALA e LIR\u00cb - Arkivi","description":"Arkivi 2009-2015","publisher":{"@id":"https:\/\/fjala.info\/2009-2015\/#organization"},"potentialAction":[{"@type":"SearchAction","target":{"@type":"EntryPoint","urlTemplate":"https:\/\/fjala.info\/2009-2015\/?s={search_term_string}"},"query-input":{"@type":"PropertyValueSpecification","valueRequired":true,"valueName":"search_term_string"}}],"inLanguage":"sq-AL"},{"@type":"Organization","@id":"https:\/\/fjala.info\/2009-2015\/#organization","name":"FjALA e LIR\u00cb - Arkivi","url":"https:\/\/fjala.info\/2009-2015\/","logo":{"@type":"ImageObject","inLanguage":"sq-AL","@id":"https:\/\/fjala.info\/2009-2015\/#\/schema\/logo\/image\/","url":"","contentUrl":"","caption":"FjALA e LIR\u00cb - Arkivi"},"image":{"@id":"https:\/\/fjala.info\/2009-2015\/#\/schema\/logo\/image\/"}},{"@type":"Person","@id":"https:\/\/fjala.info\/2009-2015\/#\/schema\/person\/3aa1163ef05469c496fc94e77611ada2","name":"admin","image":{"@type":"ImageObject","inLanguage":"sq-AL","@id":"https:\/\/fjala.info\/2009-2015\/wp-content\/uploads\/2012\/02\/arben_cokaj-120x150.jpg","url":"https:\/\/fjala.info\/2009-2015\/wp-content\/uploads\/2012\/02\/arben_cokaj-120x150.jpg","contentUrl":"https:\/\/fjala.info\/2009-2015\/wp-content\/uploads\/2012\/02\/arben_cokaj-120x150.jpg","caption":"admin"},"description":"Admin, Fjala e Lir\u00eb","sameAs":["https:\/\/fjala.info\/"],"url":"https:\/\/fjala.info\/2009-2015\/author\/admin\/"}]}},"_links":{"self":[{"href":"https:\/\/fjala.info\/2009-2015\/wp-json\/wp\/v2\/posts\/151","targetHints":{"allow":["GET"]}}],"collection":[{"href":"https:\/\/fjala.info\/2009-2015\/wp-json\/wp\/v2\/posts"}],"about":[{"href":"https:\/\/fjala.info\/2009-2015\/wp-json\/wp\/v2\/types\/post"}],"author":[{"embeddable":true,"href":"https:\/\/fjala.info\/2009-2015\/wp-json\/wp\/v2\/users\/1"}],"replies":[{"embeddable":true,"href":"https:\/\/fjala.info\/2009-2015\/wp-json\/wp\/v2\/comments?post=151"}],"version-history":[{"count":0,"href":"https:\/\/fjala.info\/2009-2015\/wp-json\/wp\/v2\/posts\/151\/revisions"}],"wp:attachment":[{"href":"https:\/\/fjala.info\/2009-2015\/wp-json\/wp\/v2\/media?parent=151"}],"wp:term":[{"taxonomy":"category","embeddable":true,"href":"https:\/\/fjala.info\/2009-2015\/wp-json\/wp\/v2\/categories?post=151"},{"taxonomy":"post_tag","embeddable":true,"href":"https:\/\/fjala.info\/2009-2015\/wp-json\/wp\/v2\/tags?post=151"}],"curies":[{"name":"wp","href":"https:\/\/api.w.org\/{rel}","templated":true}]}}