{"id":1503,"date":"2012-01-30T11:09:35","date_gmt":"2012-01-30T10:09:35","guid":{"rendered":"http:\/\/fjala.shkoder.net\/?p=1503"},"modified":"2012-01-30T11:09:35","modified_gmt":"2012-01-30T10:09:35","slug":"pse-u-rrenua-besimi-i-popullit-te-drejtesia","status":"publish","type":"post","link":"https:\/\/fjala.info\/2009-2015\/pse-u-rrenua-besimi-i-popullit-te-drejtesia\/","title":{"rendered":"PSE U RR\u00cbNUA BESIMI I POPULLIT TE DREJT\u00cbSIA?"},"content":{"rendered":"<p><strong>Bajram Pe\u00e7i<\/strong>, <em>30.01.2012<\/em><\/p>\n<p>Nga Roma e lasht\u00eb e k\u00ebtej, ligjet jan\u00eb vler\u00ebsuar si gur\u00eb themeli mbi t\u00eb cil\u00ebt ngrihet shoq\u00ebria. Vet\u00ebm nj\u00eb gur po l\u00ebvizi, mund t\u00eb shembet e gjith\u00eb godina. Mjafton p\u00ebr k\u00ebt\u00eb nj\u00eb vendim gjykate, ku e v\u00ebrteta t\u00eb shtremb\u00ebrohet, q\u00eb e drejta natyrore, nga edhe rrjedhin ligjet njer\u00ebzore, t\u00eb jap\u00eb ato plasaritje n\u00eb ngrehin\u00ebn e drejt\u00ebsis\u00eb p\u00ebr t\u00eb rr\u00ebnuar besimin. N\u00ebse l\u00ebviz guri \u201cpara ligjit jan\u00eb t\u00eb gjith\u00eb t\u00eb barabart\u00eb\u201d, nuk do vonoj\u00eb t\u00eb shembet e gjith\u00eb ngrehina me emrin drejt\u00ebsi.<\/p>\n<p>T\u00ebr\u00eb gjyqtar\u00ebt; t\u00eb Faktit, t\u00eb Apelit e deri n\u00eb nivelet m\u00eb t\u00eb larta t\u00eb hierarkis\u00eb institucionale, e din\u00eb mir\u00eb, e njohin nga librat, nga p\u00ebrvoja e veprimtaria, parimin kushtetues t\u00eb shtetit t\u00eb s\u00eb drejt\u00ebs: \u201cBarazin\u00eb para ligjit\u201d. K\u00ebt\u00eb parim e kan\u00eb pothuaj t\u00eb gjith\u00eb popujt e shtetet demokratike. V\u00ebrtet\u00eb kodifikimi i tyre \u00ebsht\u00eb i nj\u00ebllojt\u00eb ose i p\u00ebraf\u00ebrt, por zbatimi \u00ebsht\u00eb i ndrysh\u00ebm.<\/p>\n<p>P\u00ebr nj\u00eb varg arsyesh, duket qartazi se shumica e shqiptar\u00ebve nuk kan\u00eb besim te drejt\u00ebsia dhe institucionet e saj n\u00eb zbatimin e parimit \u201cBarazia para ligjit\u201d. Le t\u00eb shohim disa prej tyre, n\u00ebp\u00ebrmjet argumentesh q\u00eb na mund\u00ebsojn\u00eb t\u00eb mos g\u00ebnjejm\u00eb veten, duke u mbajtur si demokraci p\u00ebr shkak t\u00eb ligjeve t\u00eb shkruara, por q\u00eb n\u00eb temperamentin e pushtetit mbajn\u00eb er\u00eb autokratiz\u00ebm.<\/p>\n<p>* * *<\/p>\n<p>S\u00eb pari, zbatimi i parimit: \u201cT\u00eb barabart\u00eb para ligjit\u201d, p\u00ebrcaktohet e varet nga edukata dhe formimi i shtres\u00ebs s\u00eb punonj\u00ebsve e drejtuesve t\u00eb aparatit t\u00eb drejt\u00ebsis\u00eb. Shtypi i shkruar, ai q\u00eb ende nuk \u00ebsht\u00eb v\u00ebn\u00eb n\u00eb sh\u00ebrbim t\u00eb pushtetit, sheh, di, por nuk shkruan p\u00ebr gjyqtar\u00eb e prokuror\u00eb t\u00eb p\u00ebrve\u00e7\u00ebm, p\u00ebr t\u2019i p\u00ebrmendur me emra t\u00eb korruptuarit, jo se nuk do, por nuk marrin p\u00ebrsip\u00ebr t\u00eb b\u00ebjn\u00eb budallain, pra b\u00ebjn\u00eb autocensur\u00eb, sa koh\u00eb q\u00eb e din\u00eb se do p\u00ebrfundojn\u00eb n\u00ebn akuz\u00ebn e \u201cshpifjes\u201d e p\u00ebr rrjedhoj\u00eb, aleanca gjykat\u00ebs-prokuror do ta \u00e7oj\u00eb n\u00eb kufizim lirie.<\/p>\n<p>Ata shohin vilat hijer\u00ebnda, makinat luksoze, distanc\u00ebn e tyre me njer\u00ebzit e thjesht\u00eb dhe jan\u00eb t\u00eb aft\u00eb t\u00eb b\u00ebjn\u00eb disa llogari t\u00eb thjeshta mes absurdit q\u00eb ekziston n\u00eb pagat q\u00eb marrin, pasurive q\u00eb zot\u00ebrojn\u00eb dhe \u201cFrym\u00ebs s\u00eb Ligjeve\u201d t\u00eb Monteskje. Si t\u00ebr\u00eb shqiptar\u00ebt, edhe punonj\u00ebsit e drejt\u00ebsis\u00eb vinin, ose erdh\u00ebn nga varf\u00ebria, me arsimim t\u00eb gjymtuar dhe formim t\u00eb kufizuar. Nuk m\u00ebngoi q\u00eb nj\u00eb shumic\u00eb syresh, pasurimin, mund\u00ebsisht t\u00eb shpejt\u00eb, ta kishin motiv udh\u00ebheq\u00ebs e nxit\u00ebs.<\/p>\n<p>Sa p\u00ebr edukimin e arsimimin, do ishte e mjaft\u00eb t\u2019ju binim n\u00eb v\u00ebmendje faktin se Shqip\u00ebria diplomon n\u00eb nj\u00eb vit pothuaj aq \u201cjurist\u00eb\u201d sa t\u00eb plot\u00ebsoj\u00eb nevojat e t\u00eb t\u00ebr\u00eb shteteve t\u00eb komunitetit europian. Prirja e rinis\u00eb shqiptare p\u00ebr t\u00eb ndjekur Fakultetin Juridik e ka zanafill\u00ebn te bindja se ky \u201cfakultet i leht\u00eb\u201d t\u00eb pasuron. Pas k\u00ebsaj prirjeje, rend n\u00eb nj\u00eb hap me t\u00eb, ngritja e dhjet\u00ebra fakulteteve juridike private. Mjafton t\u00eb regjistrohesh n\u00eb to, t\u00eb b\u00ebsh pages\u00ebn dhe diplomimi \u00ebsht\u00eb i sigurt. Deri tani nuk ka ndodhur q\u00eb ndonj\u00eb i regjistruar n\u00eb k\u00ebto fakultete private t\u00eb ket\u00eb ngelur, ndon\u00ebse atje shkojn\u00eb si rregull nx\u00ebn\u00ebsit q\u00eb kan\u00eb qen\u00eb me rezultatet m\u00eb t\u00eb dob\u00ebta n\u00eb t\u00eb mesme.<\/p>\n<p>Edukata dhe formimi i shtresave t\u00eb ve\u00e7anta t\u00eb k\u00ebsaj drejt\u00ebsie, thjesht ilustron prapambetjen e pashembullt t\u00eb saj dhe njeriut shqiptar, nj\u00eb pjes\u00eb e t\u00eb cilit jeton ende n\u00ebn pushtetin e kanunit.<\/p>\n<p>* * *<\/p>\n<p>S\u00eb dyti, barazia para ligjit varet nga mjedisi moral. T\u00eb t\u00ebr\u00eb e shohin se vendi \u00ebsht\u00eb i zhytur n\u00eb urrejtje dhe i ndar\u00eb deri n\u00eb armiq\u00ebsi. Kjo \u00ebsht\u00eb Shqip\u00ebria sot, si s\u2019ka qen\u00eb asnj\u00ebher\u00eb e ndar\u00eb n\u00eb historin\u00eb e saj. Urrejtja, m\u00eb shum\u00eb se n\u00eb \u00e7do koh\u00eb tjet\u00ebr, \u00ebsht\u00eb m\u00eb e dukshme n\u00eb periudhat zgjedhore. \u00c7do pal\u00eb zgjedhjesh n\u00eb Shqip\u00ebri ndihmon p\u00ebr p\u00ebr\u00e7arjen m\u00eb tej t\u00eb kombit n\u00eb demokrat\u00eb e socialist\u00eb. T\u00eb par\u00ebt u thon\u00eb t\u00eb dyt\u00ebve \u201dkomunist\u00eb\u201d dhe t\u00eb dyt\u00ebt u thon\u00eb t\u00eb par\u00ebve \u201d\u00e7e\u00e7en\u00eb\u201d ose \u201dmalok\u00eb\u201d.<\/p>\n<p>Gjith\u00eb urrejtja zien dhe nd\u00ebrsa zjarri e flaka mbahen ndezur n\u00ebn kujdesin e kryeministrave, politika punon pa pushim p\u00ebr ngjalljen pareshtur t\u00eb saj. Pas zgjedhjeve, t\u00eb ndar\u00ebt nga urrejtja sjellin n\u00eb organet e larta t\u00eb p\u00ebrfaq\u00ebsimit mazhoranc\u00ebn dhe minoranc\u00ebn parlamentare, nga ku orvaten t\u2019i nxjerrin syt\u00eb nj\u00ebri-tjetrit. Nga k\u00ebtu marrin rrug\u00eb p\u00ebrb\u00ebrjet e institucioneve t\u00eb larta t\u00eb drejt\u00ebsis\u00eb, q\u00eb duhet t\u00eb vendosin, duke p\u00ebrfaq\u00ebsuar popullin, por q\u00eb nuk p\u00ebrb\u00ebhen nga populli i thjesht\u00eb.<\/p>\n<p>A \u00ebsht\u00eb Gjykata e Lart\u00eb nj\u00eb institucion i depolitizuar? Po Gjykata Kushtetuese, a mund t\u00eb jet\u00eb e till\u00eb? Ligji thot\u00eb: Po, ashtu duhet t\u00eb jet\u00eb! Por, n\u00eb realitet nuk mund t\u00eb arrihet, p\u00ebr sa koh\u00eb politika ndikon mbi p\u00ebrb\u00ebrjet. P\u00ebrcaktimi n\u00eb Kushtetut\u00eb se: \u201d&#8230;An\u00ebtari i Gjykat\u00ebs s\u00eb Lart\u00eb em\u00ebrohet nga Presidenti i Republik\u00ebs\u201d, merr nj\u00eb karakter t\u00ebr\u00ebsisht formal, sepse n\u00eb fakt miratimi b\u00ebhet vet\u00ebm me shumic\u00eb t\u00eb thjesht\u00eb nga Parlamenti. \u201dGjyqtari i Gjykat\u00ebs s\u00eb Lart\u00eb em\u00ebrohet nga Presidenti i Republik\u00ebs, por pasi \u00ebsht\u00eb marr\u00eb m\u00eb par\u00eb p\u00eblqimi i Kuvendit\u201d, \u2013 thot\u00eb ligji. Pra, institucionet e larta t\u00eb pushtetit gjyq\u00ebsor nuk mund t\u00eb mos jen\u00eb politike. E drejta kushtetuese v\u00eb n\u00eb dukje se, efektiviteti i sistemit demokratik dhe garancia e liris\u00eb lidhen me ndarjen strikte dhe t\u00eb baraspeshuar t\u00eb pushteteve brenda shtetit.<\/p>\n<p>Ato, thot\u00eb e drejta kushtetuese, duhet t\u00eb jen\u00eb t\u00eb organizuara n\u00eb at\u00eb m\u00ebnyr\u00eb q\u00eb nj\u00ebri pushtet t\u00eb mund t\u00eb frenoj\u00eb fuqin\u00eb e tjetrit. Po, si mund t\u00eb arrihet kjo n\u00eb mjedisin moral shqiptar, n\u00eb rrethanat kur organet m\u00eb t\u00eb larta t\u00eb drejt\u00ebsis\u00eb jan\u00eb produkt politik? K\u00ebt\u00eb, tekstet nuk e thon\u00eb. Nga k\u00ebtej merr rrug\u00eb anabasi i Kryeministrit p\u00ebr t\u00eb shprehur qartazi vullnetin e tij se Ilir Meta nuk duhet d\u00ebnuar. N\u00eb funksion t\u00eb k\u00ebsaj nd\u00ebrmerr turin e stisur t\u00eb konferencave t\u00eb ashtuquajtura \u201dt\u00eb shtypit\u201d, ku, mes t\u00eb tjerash, gjen koh\u00eb t\u00eb flas\u00eb edhe p\u00ebr cil\u00ebsin\u00eb e lart\u00eb t\u00eb ver\u00ebrave t\u00eb pira n\u00eb darkat me njeriun q\u00eb e mban n\u00eb pushtet.<\/p>\n<p>Nuk vonon q\u00eb ligjv\u00ebn\u00ebs e vendimmarr\u00ebs, t\u00eb cil\u00ebt duan t\u00eb shesin p\u00ebr rrept\u00ebsi ligjore at\u00eb krekosjen e tyre meskine, arrijn\u00eb deri n\u00eb at\u00eb pik\u00eb t\u00eb verb\u00ebr e t\u00eb shurdh\u00ebr, sa t\u00eb posht\u00ebrojn\u00eb veten, duke k\u00ebnaqur elit\u00ebn e tyre drejtuese, ata q\u00eb i kan\u00eb sjell\u00eb n\u00eb ato poste, q\u00eb u japin rrogat e nj\u00eb ministri, q\u00eb u mund\u00ebsojn\u00eb arsimimin e f\u00ebmij\u00ebve n\u00eb profilin e et\u00ebrve, q\u00eb ua em\u00ebrojn\u00eb pjellat e tyre n\u00eb diplomaci apo poste fitimprur\u00ebse, q\u00eb t\u00eb qet\u00eb e t\u00eb matur, pa asnj\u00eb shenj\u00eb hutimi apo l\u00ebvizje t\u00eb nxituar, t\u00eb shpallin vendimin: \u201cI pafajsh\u00ebm. Nuk ka prova\u201d.<\/p>\n<p>* * *<\/p>\n<p>S\u00eb treti, zbatimi i parimit \u201cBarazia para ligjit\u201d varet edhe nga struktura e shoq\u00ebris\u00eb. \u201dKur drithi dhe metalet, \u2013 thoshte Rusoi, \u2013 hyn\u00eb n\u00eb historin\u00eb e njeriut, barazia q\u00eb kish ekzistuar n\u00eb shoq\u00ebrin\u00eb e natyrshme mori fund, e u nda n\u00eb t\u00eb pasur e t\u00eb varf\u00ebr, zot\u00ebrinj e skllev\u00ebr\u201d. Kjo struktur\u00eb sociale, pavar\u00ebsisht p\u00ebrparimeve, nuk \u00ebsht\u00eb se e ka ndryshuar shum\u00eb natyr\u00ebn nga koha e Rusoit, e para 200 vjet\u00ebve, por n\u00eb mjedisin shqiptar \u00ebsht\u00eb edhe m\u00eb i spikatur. N\u00eb 20 vjet nga \u201cstarti i barabart\u00eb n\u00eb nisje\u201d, hendeku mes t\u00eb pasurve e t\u00eb varf\u00ebrve vazhdon thellohet. Privilegjin p\u00ebr t\u2019u b\u00ebr\u00eb pronar\u00eb t\u00eb pronave publike e pati ve\u00e7 nj\u00eb kategori individ\u00ebsh e familjesh, t\u00ebr\u00eb koh\u00ebn t\u00eb lidhur me pushtetin.<\/p>\n<p>Zot\u00ebrinjt\u00eb jan\u00eb n\u00eb p\u00ebrmbajtje ata q\u00eb kan\u00eb qen\u00eb, nd\u00ebrsa skllev\u00ebrit nuk i th\u00ebrrasin m\u00eb me k\u00ebt\u00eb em\u00ebr, por i quajn\u00eb \u201ct\u00eb varf\u00ebr\u201d, ose t\u00eb p\u00ebrcaktuar n\u00eb formular\u00ebt statistikor\u00eb t\u00eb Ministris\u00eb s\u00eb Pun\u00ebs e t\u00eb Shanseve t\u00eb Barabarta (vini re ndajshtojc\u00ebn t\u00eb \u00e7uditshme e tall\u00ebse, \u201cShanse t\u00eb Barabarta\u201d), si \u201cshtresa n\u00eb nevoj\u00eb\u201d. N\u00eb t\u00eb v\u00ebrtet\u00eb, nuk ndesh n\u00eb asnj\u00eb l\u00ebvizje apo program serioz q\u00eb t\u00eb ngushtohet hap\u00ebsira mes t\u00eb pasurve e t\u00eb varf\u00ebrve.<\/p>\n<p>Sa m\u00eb i varf\u00ebr t\u00eb jet\u00eb nj\u00eb shtet e nj\u00eb popull, aq m\u00eb i korruptuar \u00ebsht\u00eb sistemi i drejt\u00ebsis\u00eb. Vet\u00ebm frika mund t\u00eb frenoj\u00eb sadopak korrupsionin n\u00eb drejt\u00ebsi dhe autoritetin p\u00ebr t\u00eb t\u00eb b\u00ebr\u00eb gogolin e kan\u00eb organet m\u00eb t\u00eb larta t\u00eb p\u00ebrfaq\u00ebsimit t\u00eb popullit. Kur k\u00ebt\u00eb rol ka dashur ta b\u00ebj\u00eb media, s\u2019ka vonuar t\u00eb shohim t\u00eb dal\u00eb n\u00eb konferenc\u00eb shtypi ndonj\u00eb p\u00ebrfaq\u00ebsues i organeve t\u00eb drejt\u00ebsis\u00eb, i cili \u00ebsht\u00eb ankuar n\u00eb em\u00ebr t\u00eb koleg\u00ebve dhe institucionit q\u00eb p\u00ebrfaq\u00ebson se, ndaj tyre po b\u00ebhet presion dhe orvatje p\u00ebr t\u2019i denigruar.<\/p>\n<p>Asnj\u00eb vend q\u00eb ka respekt p\u00ebr veten nuk lejon q\u00eb drejt\u00ebsia t\u00eb p\u00ebrfundoj\u00eb n\u00eb k\u00ebt\u00eb rr\u00ebnim, ku xhepistit, produkt i mjerimit, me drejt\u00ebsi i tregohet vendi &#8211; d\u00ebnimi me burg p\u00ebr vjedhjen e portofolit me 200 lek\u00eb, dhe u jepet pafaj\u00ebsia vjedh\u00ebsve miliona eurosh (shifra q\u00eb fluturonin n\u00eb hap\u00ebsir\u00ebn e sall\u00ebs, ku Prifti jepte d\u00ebshmin\u00eb), q\u00eb, duke qen\u00eb t\u00eb lir\u00eb, duke u lejuar t\u00eb jetojn\u00eb mes nesh, helmojn\u00eb ajrin. K\u00ebto jan\u00eb, as m\u00eb pak e as m\u00eb shum\u00eb se veprime tipike t\u00eb feudeve fisnore e primitive, \u00e7ka si sjellje, nuk b\u00ebn shum\u00eb p\u00ebrjashtim nga vet\u00eb struktura e shoq\u00ebris\u00eb ton\u00eb. Rastet \u201cPresident\u201d e \u201cProkuror i P\u00ebrgjithsh\u00ebm\u201d, ndon\u00ebse p\u00ebrb\u00ebnin zgjedhje politike t\u00eb partis\u00eb n\u00eb pushtet, kur individ\u00ebt nuk pranuan t\u00eb b\u00ebhen lolo oborri t\u00eb Kryeministrit, u b\u00ebn\u00eb hasha, u anatemuan, u k\u00ebrc\u00ebnuan.<\/p>\n<p>Populli po mban frym\u00ebn e pret, i bindur se stuhia s\u2019do vonoj\u00eb t\u00eb shp\u00ebrthej\u00eb, ndon\u00ebse shumica e njer\u00ebzve tek ne, jan\u00eb aq dembel\u00eb e frikacak\u00eb, sa pranojn\u00eb m\u00eb mir\u00eb t\u00eb rrin\u00eb larg e t\u2019i hapin rrug\u00eb mashtrimit \u201cn\u00eb em\u00ebr t\u00eb drejt\u00ebsis\u00eb\u201d, n\u00eb vend q\u00eb t\u00eb tregohen t\u00eb vendosur e t\u00eb fort\u00eb dhe t\u2019ia presin rrug\u00ebn k\u00ebsaj t\u00eb keqeje nj\u00ebher\u00eb e p\u00ebrgjithmon\u00eb. Por, tunelit po i vjen fundi.<\/p>\n<p>Po shihet nga shumica vag\u00ebllim drite, \u00e7ka tregon se ai po mbaron. T\u00eb zhytur n\u00eb err\u00ebsir\u00ebn e munges\u00ebs s\u00eb energjis\u00eb elektrike, prej 20 vjet\u00ebsh, me argumentin se sistemi i transmetimit nuk mban ngarkesat e d\u00ebngla t\u00eb tjera t\u00eb atyre q\u00eb kullosin pronat publike, nuk pengohemi t\u00eb shohim se drit\u00ebn q\u00eb ndri\u00e7on na e sjell, si paradoks, i ashtuquajturi institucion i drejt\u00ebsis\u00eb. \u00cbsht\u00eb drit\u00eb p\u00ebr t\u00eb par\u00eb se deri n\u00eb \u00e7\u2019llum \u00ebsht\u00eb zhytur administrata e lart\u00eb shtet\u00ebrore. Gj\u00ebrat vijn\u00eb edhe m\u00eb t\u00eb qarta pas vendimit t\u00eb Gjykat\u00ebs s\u00eb Lart\u00eb p\u00ebr Ilir Met\u00ebn, pas k\u00ebrc\u00ebnimit t\u00eb Kryeministrit se do hetoj\u00eb vet\u00eb organin e akuz\u00ebs, pas orvatjeve q\u00eb pushteti b\u00ebn n\u00ebp\u00ebrmjet interpretimeve, p\u00ebr kufizimin e liris\u00eb dhe t\u00eb drejt\u00ebs s\u00eb protest\u00ebs.<\/p>\n<p>Por jo pak ndihmes\u00eb, p\u00ebr t\u00eb par\u00eb makin\u00ebn e drejt\u00ebsis\u00eb jasht\u00eb funksionit dhe se si vendi kridhet n\u00eb pangop\u00ebsin\u00eb pleq\u00ebrore gjithnj\u00eb n\u00eb rritje, kan\u00eb dh\u00ebn\u00eb e japin televizione e gazeta t\u00eb p\u00ebrmbytura nga gazetaria servile ndaj pushtetit, t\u00eb cilat p\u00ebrpiqen t\u00eb veshin lig\u00ebsin\u00eb me petkun e idhullit \u201cDominus Albania\u201d, titull p\u00ebrmes t\u00eb cilit Republika Serenisima nderonte Sk\u00ebnderbeun.<\/p>\n","protected":false},"excerpt":{"rendered":"<p>Bajram Pe\u00e7i, 30.01.2012 Nga Roma e lasht\u00eb e k\u00ebtej, ligjet jan\u00eb vler\u00ebsuar si gur\u00eb themeli mbi t\u00eb cil\u00ebt ngrihet shoq\u00ebria. Vet\u00ebm nj\u00eb gur po l\u00ebvizi, mund t\u00eb shembet e gjith\u00eb godina. Mjafton p\u00ebr k\u00ebt\u00eb nj\u00eb vendim gjykate, ku e v\u00ebrteta t\u00eb shtremb\u00ebrohet, q\u00eb e drejta natyrore, nga edhe rrjedhin ligjet njer\u00ebzore, t\u00eb jap\u00eb ato plasaritje [&hellip;]<\/p>\n","protected":false},"author":1,"featured_media":0,"comment_status":"open","ping_status":"closed","sticky":false,"template":"","format":"standard","meta":{"footnotes":""},"categories":[2],"tags":[],"class_list":{"0":"post-1503","1":"post","2":"type-post","3":"status-publish","4":"format-standard","6":"category-artikuj"},"yoast_head":"<!-- This site is optimized with the Yoast SEO plugin v27.4 - https:\/\/yoast.com\/product\/yoast-seo-wordpress\/ -->\n<title>PSE U RR\u00cbNUA BESIMI I POPULLIT TE DREJT\u00cbSIA? - FjALA e LIR\u00cb - Arkivi<\/title>\n<meta name=\"robots\" content=\"index, follow, max-snippet:-1, max-image-preview:large, max-video-preview:-1\" \/>\n<link rel=\"canonical\" href=\"https:\/\/fjala.info\/2009-2015\/pse-u-rrenua-besimi-i-popullit-te-drejtesia\/\" \/>\n<meta property=\"og:locale\" content=\"sq_AL\" \/>\n<meta property=\"og:type\" content=\"article\" \/>\n<meta property=\"og:title\" content=\"PSE U RR\u00cbNUA BESIMI I POPULLIT TE DREJT\u00cbSIA? - FjALA e LIR\u00cb - Arkivi\" \/>\n<meta property=\"og:description\" content=\"Bajram Pe\u00e7i, 30.01.2012 Nga Roma e lasht\u00eb e k\u00ebtej, ligjet jan\u00eb vler\u00ebsuar si gur\u00eb themeli mbi t\u00eb cil\u00ebt ngrihet shoq\u00ebria. Vet\u00ebm nj\u00eb gur po l\u00ebvizi, mund t\u00eb shembet e gjith\u00eb godina. Mjafton p\u00ebr k\u00ebt\u00eb nj\u00eb vendim gjykate, ku e v\u00ebrteta t\u00eb shtremb\u00ebrohet, q\u00eb e drejta natyrore, nga edhe rrjedhin ligjet njer\u00ebzore, t\u00eb jap\u00eb ato plasaritje [&hellip;]\" \/>\n<meta property=\"og:url\" content=\"https:\/\/fjala.info\/2009-2015\/pse-u-rrenua-besimi-i-popullit-te-drejtesia\/\" \/>\n<meta property=\"og:site_name\" content=\"FjALA e LIR\u00cb - Arkivi\" \/>\n<meta property=\"article:published_time\" content=\"2012-01-30T10:09:35+00:00\" \/>\n<meta name=\"author\" content=\"admin\" \/>\n<meta name=\"twitter:card\" content=\"summary_large_image\" \/>\n<meta name=\"twitter:label1\" content=\"Written by\" \/>\n\t<meta name=\"twitter:data1\" content=\"admin\" \/>\n\t<meta name=\"twitter:label2\" content=\"Est. reading time\" \/>\n\t<meta name=\"twitter:data2\" content=\"10 minutes\" \/>\n<script type=\"application\/ld+json\" class=\"yoast-schema-graph\">{\"@context\":\"https:\\\/\\\/schema.org\",\"@graph\":[{\"@type\":\"Article\",\"@id\":\"https:\\\/\\\/fjala.info\\\/2009-2015\\\/pse-u-rrenua-besimi-i-popullit-te-drejtesia\\\/#article\",\"isPartOf\":{\"@id\":\"https:\\\/\\\/fjala.info\\\/2009-2015\\\/pse-u-rrenua-besimi-i-popullit-te-drejtesia\\\/\"},\"author\":{\"name\":\"admin\",\"@id\":\"https:\\\/\\\/fjala.info\\\/2009-2015\\\/#\\\/schema\\\/person\\\/3aa1163ef05469c496fc94e77611ada2\"},\"headline\":\"PSE U RR\u00cbNUA BESIMI I POPULLIT TE DREJT\u00cbSIA?\",\"datePublished\":\"2012-01-30T10:09:35+00:00\",\"mainEntityOfPage\":{\"@id\":\"https:\\\/\\\/fjala.info\\\/2009-2015\\\/pse-u-rrenua-besimi-i-popullit-te-drejtesia\\\/\"},\"wordCount\":1988,\"commentCount\":0,\"publisher\":{\"@id\":\"https:\\\/\\\/fjala.info\\\/2009-2015\\\/#organization\"},\"articleSection\":[\"Artikuj\"],\"inLanguage\":\"sq-AL\",\"potentialAction\":[{\"@type\":\"CommentAction\",\"name\":\"Comment\",\"target\":[\"https:\\\/\\\/fjala.info\\\/2009-2015\\\/pse-u-rrenua-besimi-i-popullit-te-drejtesia\\\/#respond\"]}]},{\"@type\":\"WebPage\",\"@id\":\"https:\\\/\\\/fjala.info\\\/2009-2015\\\/pse-u-rrenua-besimi-i-popullit-te-drejtesia\\\/\",\"url\":\"https:\\\/\\\/fjala.info\\\/2009-2015\\\/pse-u-rrenua-besimi-i-popullit-te-drejtesia\\\/\",\"name\":\"PSE U RR\u00cbNUA BESIMI I POPULLIT TE DREJT\u00cbSIA? - FjALA e LIR\u00cb - Arkivi\",\"isPartOf\":{\"@id\":\"https:\\\/\\\/fjala.info\\\/2009-2015\\\/#website\"},\"datePublished\":\"2012-01-30T10:09:35+00:00\",\"breadcrumb\":{\"@id\":\"https:\\\/\\\/fjala.info\\\/2009-2015\\\/pse-u-rrenua-besimi-i-popullit-te-drejtesia\\\/#breadcrumb\"},\"inLanguage\":\"sq-AL\",\"potentialAction\":[{\"@type\":\"ReadAction\",\"target\":[\"https:\\\/\\\/fjala.info\\\/2009-2015\\\/pse-u-rrenua-besimi-i-popullit-te-drejtesia\\\/\"]}]},{\"@type\":\"BreadcrumbList\",\"@id\":\"https:\\\/\\\/fjala.info\\\/2009-2015\\\/pse-u-rrenua-besimi-i-popullit-te-drejtesia\\\/#breadcrumb\",\"itemListElement\":[{\"@type\":\"ListItem\",\"position\":1,\"name\":\"Home\",\"item\":\"https:\\\/\\\/fjala.info\\\/2009-2015\\\/\"},{\"@type\":\"ListItem\",\"position\":2,\"name\":\"PSE U RR\u00cbNUA BESIMI I POPULLIT TE DREJT\u00cbSIA?\"}]},{\"@type\":\"WebSite\",\"@id\":\"https:\\\/\\\/fjala.info\\\/2009-2015\\\/#website\",\"url\":\"https:\\\/\\\/fjala.info\\\/2009-2015\\\/\",\"name\":\"FjALA e LIR\u00cb - Arkivi\",\"description\":\"Arkivi 2009-2015\",\"publisher\":{\"@id\":\"https:\\\/\\\/fjala.info\\\/2009-2015\\\/#organization\"},\"potentialAction\":[{\"@type\":\"SearchAction\",\"target\":{\"@type\":\"EntryPoint\",\"urlTemplate\":\"https:\\\/\\\/fjala.info\\\/2009-2015\\\/?s={search_term_string}\"},\"query-input\":{\"@type\":\"PropertyValueSpecification\",\"valueRequired\":true,\"valueName\":\"search_term_string\"}}],\"inLanguage\":\"sq-AL\"},{\"@type\":\"Organization\",\"@id\":\"https:\\\/\\\/fjala.info\\\/2009-2015\\\/#organization\",\"name\":\"FjALA e LIR\u00cb - Arkivi\",\"url\":\"https:\\\/\\\/fjala.info\\\/2009-2015\\\/\",\"logo\":{\"@type\":\"ImageObject\",\"inLanguage\":\"sq-AL\",\"@id\":\"https:\\\/\\\/fjala.info\\\/2009-2015\\\/#\\\/schema\\\/logo\\\/image\\\/\",\"url\":\"\",\"contentUrl\":\"\",\"caption\":\"FjALA e LIR\u00cb - Arkivi\"},\"image\":{\"@id\":\"https:\\\/\\\/fjala.info\\\/2009-2015\\\/#\\\/schema\\\/logo\\\/image\\\/\"}},{\"@type\":\"Person\",\"@id\":\"https:\\\/\\\/fjala.info\\\/2009-2015\\\/#\\\/schema\\\/person\\\/3aa1163ef05469c496fc94e77611ada2\",\"name\":\"admin\",\"image\":{\"@type\":\"ImageObject\",\"inLanguage\":\"sq-AL\",\"@id\":\"https:\\\/\\\/fjala.info\\\/2009-2015\\\/wp-content\\\/uploads\\\/2012\\\/02\\\/arben_cokaj-120x150.jpg\",\"url\":\"https:\\\/\\\/fjala.info\\\/2009-2015\\\/wp-content\\\/uploads\\\/2012\\\/02\\\/arben_cokaj-120x150.jpg\",\"contentUrl\":\"https:\\\/\\\/fjala.info\\\/2009-2015\\\/wp-content\\\/uploads\\\/2012\\\/02\\\/arben_cokaj-120x150.jpg\",\"caption\":\"admin\"},\"description\":\"Admin, Fjala e Lir\u00eb\",\"sameAs\":[\"https:\\\/\\\/fjala.info\\\/\"],\"url\":\"https:\\\/\\\/fjala.info\\\/2009-2015\\\/author\\\/admin\\\/\"}]}<\/script>\n<!-- \/ Yoast SEO plugin. -->","yoast_head_json":{"title":"PSE U RR\u00cbNUA BESIMI I POPULLIT TE DREJT\u00cbSIA? - FjALA e LIR\u00cb - Arkivi","robots":{"index":"index","follow":"follow","max-snippet":"max-snippet:-1","max-image-preview":"max-image-preview:large","max-video-preview":"max-video-preview:-1"},"canonical":"https:\/\/fjala.info\/2009-2015\/pse-u-rrenua-besimi-i-popullit-te-drejtesia\/","og_locale":"sq_AL","og_type":"article","og_title":"PSE U RR\u00cbNUA BESIMI I POPULLIT TE DREJT\u00cbSIA? - FjALA e LIR\u00cb - Arkivi","og_description":"Bajram Pe\u00e7i, 30.01.2012 Nga Roma e lasht\u00eb e k\u00ebtej, ligjet jan\u00eb vler\u00ebsuar si gur\u00eb themeli mbi t\u00eb cil\u00ebt ngrihet shoq\u00ebria. Vet\u00ebm nj\u00eb gur po l\u00ebvizi, mund t\u00eb shembet e gjith\u00eb godina. Mjafton p\u00ebr k\u00ebt\u00eb nj\u00eb vendim gjykate, ku e v\u00ebrteta t\u00eb shtremb\u00ebrohet, q\u00eb e drejta natyrore, nga edhe rrjedhin ligjet njer\u00ebzore, t\u00eb jap\u00eb ato plasaritje [&hellip;]","og_url":"https:\/\/fjala.info\/2009-2015\/pse-u-rrenua-besimi-i-popullit-te-drejtesia\/","og_site_name":"FjALA e LIR\u00cb - Arkivi","article_published_time":"2012-01-30T10:09:35+00:00","author":"admin","twitter_card":"summary_large_image","twitter_misc":{"Written by":"admin","Est. reading time":"10 minutes"},"schema":{"@context":"https:\/\/schema.org","@graph":[{"@type":"Article","@id":"https:\/\/fjala.info\/2009-2015\/pse-u-rrenua-besimi-i-popullit-te-drejtesia\/#article","isPartOf":{"@id":"https:\/\/fjala.info\/2009-2015\/pse-u-rrenua-besimi-i-popullit-te-drejtesia\/"},"author":{"name":"admin","@id":"https:\/\/fjala.info\/2009-2015\/#\/schema\/person\/3aa1163ef05469c496fc94e77611ada2"},"headline":"PSE U RR\u00cbNUA BESIMI I POPULLIT TE DREJT\u00cbSIA?","datePublished":"2012-01-30T10:09:35+00:00","mainEntityOfPage":{"@id":"https:\/\/fjala.info\/2009-2015\/pse-u-rrenua-besimi-i-popullit-te-drejtesia\/"},"wordCount":1988,"commentCount":0,"publisher":{"@id":"https:\/\/fjala.info\/2009-2015\/#organization"},"articleSection":["Artikuj"],"inLanguage":"sq-AL","potentialAction":[{"@type":"CommentAction","name":"Comment","target":["https:\/\/fjala.info\/2009-2015\/pse-u-rrenua-besimi-i-popullit-te-drejtesia\/#respond"]}]},{"@type":"WebPage","@id":"https:\/\/fjala.info\/2009-2015\/pse-u-rrenua-besimi-i-popullit-te-drejtesia\/","url":"https:\/\/fjala.info\/2009-2015\/pse-u-rrenua-besimi-i-popullit-te-drejtesia\/","name":"PSE U RR\u00cbNUA BESIMI I POPULLIT TE DREJT\u00cbSIA? - FjALA e LIR\u00cb - Arkivi","isPartOf":{"@id":"https:\/\/fjala.info\/2009-2015\/#website"},"datePublished":"2012-01-30T10:09:35+00:00","breadcrumb":{"@id":"https:\/\/fjala.info\/2009-2015\/pse-u-rrenua-besimi-i-popullit-te-drejtesia\/#breadcrumb"},"inLanguage":"sq-AL","potentialAction":[{"@type":"ReadAction","target":["https:\/\/fjala.info\/2009-2015\/pse-u-rrenua-besimi-i-popullit-te-drejtesia\/"]}]},{"@type":"BreadcrumbList","@id":"https:\/\/fjala.info\/2009-2015\/pse-u-rrenua-besimi-i-popullit-te-drejtesia\/#breadcrumb","itemListElement":[{"@type":"ListItem","position":1,"name":"Home","item":"https:\/\/fjala.info\/2009-2015\/"},{"@type":"ListItem","position":2,"name":"PSE U RR\u00cbNUA BESIMI I POPULLIT TE DREJT\u00cbSIA?"}]},{"@type":"WebSite","@id":"https:\/\/fjala.info\/2009-2015\/#website","url":"https:\/\/fjala.info\/2009-2015\/","name":"FjALA e LIR\u00cb - Arkivi","description":"Arkivi 2009-2015","publisher":{"@id":"https:\/\/fjala.info\/2009-2015\/#organization"},"potentialAction":[{"@type":"SearchAction","target":{"@type":"EntryPoint","urlTemplate":"https:\/\/fjala.info\/2009-2015\/?s={search_term_string}"},"query-input":{"@type":"PropertyValueSpecification","valueRequired":true,"valueName":"search_term_string"}}],"inLanguage":"sq-AL"},{"@type":"Organization","@id":"https:\/\/fjala.info\/2009-2015\/#organization","name":"FjALA e LIR\u00cb - Arkivi","url":"https:\/\/fjala.info\/2009-2015\/","logo":{"@type":"ImageObject","inLanguage":"sq-AL","@id":"https:\/\/fjala.info\/2009-2015\/#\/schema\/logo\/image\/","url":"","contentUrl":"","caption":"FjALA e LIR\u00cb - Arkivi"},"image":{"@id":"https:\/\/fjala.info\/2009-2015\/#\/schema\/logo\/image\/"}},{"@type":"Person","@id":"https:\/\/fjala.info\/2009-2015\/#\/schema\/person\/3aa1163ef05469c496fc94e77611ada2","name":"admin","image":{"@type":"ImageObject","inLanguage":"sq-AL","@id":"https:\/\/fjala.info\/2009-2015\/wp-content\/uploads\/2012\/02\/arben_cokaj-120x150.jpg","url":"https:\/\/fjala.info\/2009-2015\/wp-content\/uploads\/2012\/02\/arben_cokaj-120x150.jpg","contentUrl":"https:\/\/fjala.info\/2009-2015\/wp-content\/uploads\/2012\/02\/arben_cokaj-120x150.jpg","caption":"admin"},"description":"Admin, Fjala e Lir\u00eb","sameAs":["https:\/\/fjala.info\/"],"url":"https:\/\/fjala.info\/2009-2015\/author\/admin\/"}]}},"_links":{"self":[{"href":"https:\/\/fjala.info\/2009-2015\/wp-json\/wp\/v2\/posts\/1503","targetHints":{"allow":["GET"]}}],"collection":[{"href":"https:\/\/fjala.info\/2009-2015\/wp-json\/wp\/v2\/posts"}],"about":[{"href":"https:\/\/fjala.info\/2009-2015\/wp-json\/wp\/v2\/types\/post"}],"author":[{"embeddable":true,"href":"https:\/\/fjala.info\/2009-2015\/wp-json\/wp\/v2\/users\/1"}],"replies":[{"embeddable":true,"href":"https:\/\/fjala.info\/2009-2015\/wp-json\/wp\/v2\/comments?post=1503"}],"version-history":[{"count":0,"href":"https:\/\/fjala.info\/2009-2015\/wp-json\/wp\/v2\/posts\/1503\/revisions"}],"wp:attachment":[{"href":"https:\/\/fjala.info\/2009-2015\/wp-json\/wp\/v2\/media?parent=1503"}],"wp:term":[{"taxonomy":"category","embeddable":true,"href":"https:\/\/fjala.info\/2009-2015\/wp-json\/wp\/v2\/categories?post=1503"},{"taxonomy":"post_tag","embeddable":true,"href":"https:\/\/fjala.info\/2009-2015\/wp-json\/wp\/v2\/tags?post=1503"}],"curies":[{"name":"wp","href":"https:\/\/api.w.org\/{rel}","templated":true}]}}