{"id":1492,"date":"2012-01-29T22:25:25","date_gmt":"2012-01-29T21:25:25","guid":{"rendered":"http:\/\/fjala.shkoder.net\/?p=1492"},"modified":"2012-01-29T22:25:25","modified_gmt":"2012-01-29T21:25:25","slug":"korniza-e-dashurise-dhe-dritat-e-dardanise","status":"publish","type":"post","link":"https:\/\/fjala.info\/2009-2015\/korniza-e-dashurise-dhe-dritat-e-dardanise\/","title":{"rendered":"Korniza e dashuris\u00eb dhe dritat e Dardanis\u00eb"},"content":{"rendered":"<p><img decoding=\"async\" class=\"alignleft size-thumbnail wp-image-7236\" title=\"Miradije Ramiqi me Elena Kadare, Prishtin\u00eb 1999\" src=\"http:\/\/www.shkoder.net\/2012\/miradije_ramiqi_elena_kadare99.jpg\" alt=\"\" width=\"300\" \/> <em>Aft\u00ebsia e <strong>Miradije Ramiqit<\/strong> p\u00ebr t\u00eb kornizuar artistikisht bot\u00ebn, lart\u00ebson cakun e zgjedhur s\u00eb bashku me petkun me t\u00eb cilin ballafaqohet n\u00eb \u00e7do takim me Universin. Duke udh\u00ebtuar n\u00eb p\u00ebrfytyrime, ajo tashm\u00eb ka p\u00ebrfituar p\u00ebrvoj\u00eb dhe ka krijuar nj\u00eb bagazh t\u00eb pregaditur, duke v\u00ebn\u00eb n\u00eb t\u00eb bes\u00ebn q\u00eb \u00ebsht\u00eb shnd\u00ebrruar n\u00eb pasion dhe drejtime e q\u00ebllime t\u00eb shnd\u00ebrruara n\u00eb principe. N\u00eb t\u00eb dy rastet qeveris z\u00ebri i nd\u00ebrgjegjes prej artisti dhe gruaje me identitet social dhe komb\u00ebtar. Mu p\u00ebr k\u00ebt\u00eb, identiteti i saj nuk \u00ebsht\u00eb ndonj\u00eb kostumografi secrete, por art i mir\u00ebfillt\u00eb.<\/em><\/p>\n<p><strong>Baki Ymeri<\/strong><\/p>\n<p>V\u00ebllimin \u201c<em>Hir\u00ebsi p\u00ebrrallore<\/em>\u201d, botim i Lidhjes s\u00eb Shkrimtar\u00ebve t\u00eb Kosov\u00ebs (duke patur p\u00ebr redaktor Ibrahim Kadriun dhe re\u00e7ensent Ramadan Musliun), autorja ua kushton prind\u00ebrve t\u00eb saj, p\u00ebr jet\u00ebn, edukat\u00ebn, moralin dhe etik\u00ebn njer\u00ebzore q\u00eb e jetuan dhe e kultivuan, duke e p\u00ebrcjellur at\u00eb n\u00eb shpirtin e saj. Miradije Ramiqi derdh n\u00eb k\u00ebt\u00eb album poetik k\u00ebng\u00ebn me lotin e dhembjes dhe \u00ebmb\u00eblsin\u00eb e zjarrt\u00eb, si nj\u00eb piktur\u00eb lemerit\u00ebse me zem\u00ebr t\u00eb vrar\u00eb, duke ledhatuar qiellin e h\u00ebn\u00ebn me vetmin\u00eb q\u00eb e kemi t\u00eb p\u00ebrbashk\u00ebt, duke e p\u00ebrjetuar n\u00eb heshtje dashurin\u00eb, me shk\u00eblqim e buz\u00ebqeshje, me mesazhe paqe dhe me vet\u00ebtim\u00eb q\u00eb digjet me rrufen\u00eb.<\/p>\n<p><img decoding=\"async\" class=\"aligncenter size-thumbnail wp-image-7236\" title=\"Ballina e Shqiptarit me poet\u00ebt Miradije Ramiqi me Ion Scorobete\" src=\"http:\/\/www.shkoder.net\/2012\/shqiptarit_me_poetet_miradije_ramiqi_ion_scorobete.jpg\" alt=\"\" width=\"450\" \/><\/p>\n<p>Autorja anashkalon err\u00ebsir\u00ebn duke u b\u00ebr\u00eb drit\u00eb e syve tan\u00eb, duke e p\u00ebrkujtuar Parisim magjik dhe dimrin n\u00eb Prishtin\u00eb, duke na ledhatuar me vargun e saj si nj\u00eb dashuri e rrall\u00eb q\u00eb rrug\u00ebton p\u00ebrmallsh\u00ebm me vap\u00ebn e diellit, duke vazhduar rrug\u00ebtimin e fatamorganave si nj\u00eb dashuri n\u00eb p\u00ebrjet\u00ebsi, duke e p\u00ebrkujtuar atdheun, antik\u00ebn dardane dhe Kosov\u00ebn e dit\u00ebve tona.<\/p>\n<p>Kjo aft\u00ebsi p\u00ebr t\u00eb kornizuar artistikisht bot\u00ebn, lart\u00ebson cakun e zgjedhur nga autorja, s\u00eb bashku me petkun me t\u00eb cilin ballafaqohet n\u00eb \u00e7do takim, me Universin. Duke udh\u00ebtuar n\u00eb p\u00ebrfytyrime, ajo tashm\u00eb ka p\u00ebrfituar p\u00ebrvoj\u00eb dhe ka krijuar nj\u00eb bagazh t\u00eb pregaditur, duke v\u00ebn\u00eb n\u00eb t\u00eb bes\u00ebn q\u00eb \u00ebsht\u00eb shnd\u00ebrruar n\u00eb pasion dhe drejtime e q\u00ebllime t\u00eb shnd\u00ebrruara n\u00eb principe. N\u00eb t\u00eb dy rastet qeveris, nd\u00ebrkaq, z\u00ebri i nd\u00ebrgjegjes prej artisti dhe gruaje me identitet social dhe komb\u00ebtar. Mu p\u00ebr k\u00ebt\u00eb, identiteti i saj nuk \u00ebsht\u00eb ndonj\u00eb kostumografi sekrete por art i mir\u00ebfillt\u00eb, thekson Monika Mureshani n\u00eb Bukuresht.<\/p>\n<p><img decoding=\"async\" class=\"aligncenter size-thumbnail wp-image-7236\" title=\"Ballina e librit t\u00eb Miradijes\" src=\"http:\/\/www.shkoder.net\/2012\/ballina_librit_miradijes.jpg\" alt=\"\" width=\"450\" \/><\/p>\n<p>Sipas Miradijes, \u201cdhimbja \u00ebsht\u00eb aq e thell\u00eb\/ plog\u00ebshti zemre mbjell\u00eb\/ nga af\u00ebr e nga larg\/ fjal\u00eb t\u00eb ngrohta e t\u00eb larta\/ por asnj\u00eb nuk e peshonte\/ feniksin e dashuris\u00eb t\u00eb paqes\/ i zoti me d\u00ebshir\u00eb t\u00eb Zotit\/ me zem\u00ebr e shpirt\/ atdheun atdhetar\u00ebt\/ me mendje t\u00eb ndritur\/ sakrific\u00eb p\u00ebr vet\u00ebn\/ dashuri p\u00ebr t\u00eb tjer\u00eb.\u201d<\/p>\n<p>Paralelisht me Sabile Bash\u00ebn q\u00eb komunikon me Zemr\u00ebn Shqiptare dhe Bot\u00ebn e bubullimave t\u00eb bot\u00ebs, me Flora Brovin\u00ebn e heshtur, me Edi Shukriun e arkeologjis\u00eb s\u00eb n\u00ebntok\u00ebs dardane, e me disa vlera tjera t\u00eb bot\u00ebs fem\u00ebrore, Miradije Ramiqi shk\u00eblqen si poete dhe piktore, duke na prur\u00eb dhimbje, pik\u00ebllim e dashuri, n\u00eb Rugov\u00eb e Prishtin\u00eb, dit\u00ebve t\u00eb janarit t\u00eb ngarkuara me acar, me shpirtin n\u00eb ankand dhe mallin e bardh\u00eb, t\u00eb p\u00ebrsh\u00ebndetjes shpirt\u00ebrore, n\u00eb sheshin me homazhe kur Kosova dhe feniksi, rilindin nga zjarri, me miq e bashk\u00ebudh\u00ebtar\u00eb, t\u00eb shnd\u00ebrruar n\u00eb betim e n\u00eb p\u00ebrkulje ndaj atdheut, \u201crrug\u00ebs s\u00eb v\u00ebrtet\u00ebs, n\u00eb p\u00ebrcjellje t\u00eb amanetit.\u201d<\/p>\n<p><img decoding=\"async\" class=\"aligncenter size-thumbnail wp-image-7236\" title=\"BALLINA E LIBRIT HIR\u00cbSI P\u00cbRRALLORE\" src=\"http:\/\/www.shkoder.net\/2012\/ballina_librit_hiresi_perrallore.jpg\" alt=\"\" width=\"450\" \/><\/p>\n<p>\u201cE kam njohur Zonj\u00ebn e dashuris\u00eb dhe etjes p\u00ebr liri p\u00ebrmes rik\u00ebndimit t\u00eb vargjeve t\u00eb saj n\u00eb gjuh\u00ebn rumune, dhe e \u00e7moj sidomos p\u00ebr simbolet e vjersh\u00ebrimit t\u00eb saj, me aq mjesht\u00ebri, guxim dhe shpirt t\u00eb hapur, t\u00eb shprehura n\u00eb v\u00ebllimin Shpirt i p\u00ebrflakur. Jan\u00eb sublime idet\u00eb e k\u00ebtij libri q\u00eb b\u00ebn fjal\u00eb p\u00ebr fjal\u00ebt e shpirtit t\u00eb mbujtur me zjarrin e dashuris\u00eb. Miradije Ramiqi i p\u00ebrket gjenerat\u00ebs s\u00eb militant\u00ebve t\u00eb ndezur me art dhe fjal\u00eb p\u00ebr q\u00ebndres\u00ebn e progresit dhe harmonis\u00eb n\u00eb sken\u00ebn fatale dhe absurde d\u00eb k\u00ebsaj bote spektakulare (spectaculum mundi).<\/p>\n<p>Mua nuk m\u00eb mbetet tjet\u00ebr t\u00eb them p\u00ebrve\u00e7 admirimit tim t\u00eb sinqert\u00eb p\u00ebr personalitetin e saj polivalent, t\u00eb cil\u00ebn guxoj ta konsideroj si nj\u00eb hero lirik t\u00eb ilir\u00ebve t\u00eb lasht\u00eb. Pse? Ngase fati i nj\u00eb krijuesi sh\u00ebmb\u00ebllen me fatin e udh\u00ebheqsit t\u00eb shtetit. Po qe se nga vetit\u00eb e personalitetit t\u00eb saj nuk mungon ndjenja e perspektiv\u00ebs, mu p\u00ebr shkak t\u00eb k\u00ebtij fakti, ajo do ta p\u00ebrfitoj\u00eb nj\u00eb vend t\u00eb merituar n\u00eb historin\u00eb e let\u00ebrsis\u00eb shqipe, e pasur dhe e bukur si nj\u00eb legjend\u00eb, thekson Marilena Lika nga Parisi.<\/p>\n<p>Libri Miradijes dinamizohet me disa piktura t\u00eb bukura dhe strukturohet n\u00eb disa cikle (P\u00ebrjet\u00ebsi n\u00eb Paris , Dashuri p\u00ebr t\u00eb tjer\u00eb, Dheshkronja, T\u00ebhuaj\u00ebsim i vonuar, Hir\u00ebsi p\u00ebrrallore, Shpalosje, Heshtja n\u00eb mes). N\u00ebse ka dy filozof\u00eb q\u00eb nuk gabojn\u00eb, nj\u00eb nga k\u00ebta \u00ebsht\u00eb eksperienca, thekson Sami Frash\u00ebri, nd\u00ebrsa Miradija p\u00ebrsh\u00ebndet \u201cdjemt\u00eb e djemve t\u00eb mi\u201d, me \u201cbuk\u00eb e krip\u00eb\/ p\u00ebr zemr\u00ebn e bardh\u00eb\/ fjal\u00eb n\u00eb pergamen\u00eb\u201d, n\u00eb korniz\u00eb me dashuri p\u00ebrtej dhembjes \u201cn\u00eb portat e pik\u00ebllimit shpres\u00eb\u201d.<\/p>\n<p>\u00cbsht\u00eb interesant, shkruan Monika Mureshani n\u00eb monografin\u00eb \u201cKosova letrare\u201d, se si ka arritur kjo autore ta rikonvertoj\u00eb n\u00eb m\u00ebnyr\u00eb sublime gjendjen e p\u00ebrvuajtur n\u00eb nj\u00eb totalitet t\u00eb shpirtit t\u00eb \u00e7rob\u00ebruar nga prangat e sundimit t\u00eb huaj. Nga ky pik\u00ebshikim, poemat e saj jan\u00eb filozofike e jo fetare, madje dhe mistike deri diku. Ekuivalenca n\u00eb plan estetik do t\u00eb ishte, terminologjikisht, psalmi poetik q\u00eb deshifrohet nga vet\u00eb intuita e poetes. Nd\u00ebrmjet trishtimit dhe shk\u00eblqimit me p\u00ebrjetime intime dhe prekje universale\/humane, Miradija impresionon me \u201cpsalmet plot ngjyra\u201d, p\u00ebrmes sintagmave t\u00eb koncentruara si nj\u00eb \u201cklithje n\u00eb koh\u00eb\u201d.<\/p>\n<p>Autorja p\u00ebrkujton gjysh e st\u00ebrgjysh q\u00eb i \u201cb\u00ebn\u00eb nder sofr\u00ebs\/ me t\u00eb lashtat antike\/ p\u00ebr miq\u00ebsi t\u00eb re\u201d dhe ardhm\u00ebrin\u00eb ton\u00eb t\u00eb larg\u00ebt dardane\/ n\u00eb piktur\u00eb t\u00eb bardh\u00eb\u201d, q\u00ebndisur me shkronja t\u00eb arta: Kosov\u00eb Dardani\/ me shekuj nd\u00ebr troje\/ mall e dashuri\u201d. P\u00ebrmes v\u00ebllimit \u201cHir\u00ebsi p\u00ebrrallore\u201d, Miradije Ramiqi d\u00ebshmon se din t\u00eb krijoj\u00eb vlera t\u00eb reja, lirike e metaforike, meditative e filozofike, ku defilon klithja e heshtjes \u201cme Oh-et e jet\u00ebs\u201d, me koh\u00ebn \u201ce kthyer n\u00eb ur\u00eb\/ n\u00eb rrasat e Hasit t\u00eb That\u00eb\u201d ku flasin hieroglif\u00ebt e k\u00ebsaj ane, ku prehet n\u00eb qet\u00ebsi emrin e Anton Pashkut, dhe kujtimi q\u00eb th\u00ebrret. Sipas eseistik\u00ebs rumune, \u201cngjyra e preferuar e Miradije Ramiqit \u00ebsht\u00eb e bardha, simbol i \u00e7iltris\u00eb dhe sintez\u00eb q\u00eb p\u00ebrmban krejt spektrin e ngjyrave.<\/p>\n<p>Kur rrezaton p\u00ebrreth teje me hijeshi dhe mir\u00ebsi p\u00ebrmes fuqis\u00eb s\u00eb mendimit, err\u00ebsira transformohet, b\u00ebhet e bardh\u00eb, ngase njeriu i mir\u00eb nuk rri n\u00eb terr, por n\u00eb drit\u00eb. Ideja e korniz\u00ebs \u00ebsht\u00eb vet\u00eb ajo aureol\u00eb drite q\u00eb konturon nj\u00eb sh\u00ebmb\u00eblltyr\u00eb apo nj\u00eb peisazh q\u00eb rritet n\u00eb drit\u00eb, q\u00eb ushqehet me drit\u00eb. P\u00ebrfytyrimi i korniz\u00ebs kaplon valenca speciale dhe konotacione transfigurimi n\u00eb p\u00ebrmasa t\u00eb transndri\u00e7imit t\u00eb brendsh\u00ebm q\u00eb del n\u00eb sip\u00ebrfaqe n\u00ebp\u00ebrmjet receptimit t\u00eb kuptimeve dhe transmetimeve apo asociacioneve t\u00eb ideve dhe p\u00ebrfytyrimeve, pra, t\u00eb instrumenteve konotative stilistike t\u00eb shfryt\u00ebzuara me artin e fjal\u00ebs ku z\u00ebt\u00ebrojn\u00eb epitetet dhe metaforat e ky\u00e7ura n\u00eb korniz\u00ebn e dashuris\u00eb.\u201d<\/p>\n<p><strong>T\u00eb jesh i mir\u00eb do t\u00eb thot\u00eb t\u00eb jesh n\u00eb harmoni me vetveten<\/strong><\/p>\n<p>Shpirti yn\u00eb \u00ebsht\u00eb \u00ebndrra jon\u00eb m\u00eb e mir\u00eb, thekson M. Jursenar, cituar nga Miradija n\u00eb kuadrin e nj\u00eb poeme t\u00eb q\u00ebndisur me shekujt e dashurit\u00eb dhe p\u00ebrplasjet e mosh\u00ebs, me muret e kalas\u00eb s\u00eb Ulqinit, ku flen\u00eb e zgjohen t\u00eb puthitur\/ n\u00eb koh\u00eb enigmatike\/ piktur\u00eb e lasht\u00eb\/ bukuri e trazuar\/ me val\u00ebt e detit\u201d kur vjen e kthehet n\u00eb koh\u00eb, arkeologjia e pazbuluar. Potpuri jete dhe potpuri frym\u00ebzimesh, dashuri e harruar dhe pritje n\u00eb nat\u00eb, thyerje shikimesh n\u00eb ekstaz\u00eb, p\u00ebrk\u00ebdhelje flok\u00ebsh kur \u201cshkrihen puthjet\/ n\u00eb buz\u00eb \u00ebmb\u00eblsi\/ shprehet ndjenja\/ p\u00ebshp\u00ebritje n\u00eb nostalgji\/ pritje e mall\/ deri tek ti.\u201d.<\/p>\n<p>Pason Dheshkronja me ofsham\u00eb shpirti deri n\u00eb themb\u00ebr, \u201ckthimi yt, me mall e drith\u00ebrim\/ deri n\u00eb antik\u00eb\u201d. Dhe vjen shiu e malli n\u00eb Arb\u00ebri, me ngroht\u00ebsin\u00eb e frym\u00ebmarrjes, me but\u00ebsin\u00eb e pikave t\u00eb shiut, \u201cshpirti im piktur\u00eb e lagur\/ p\u00ebrk\u00ebdheljet me ajrin\/ ndjeshm\u00ebrisht n\u00ebp\u00ebr fytyr\u00eb e flok\u00eb\/ val\u00ebve t\u00eb detit kal\u00ebron\/ dashuri mbjell n\u00eb thell\u00ebsi\/&#8230;\/ n\u00eb piktur\u00eb t\u00eb pakryer takohen\/ trishtim e bukuri\u201d, cep m\u00eb cep t\u00eb k\u00ebsaj bote. Vargu i saj shnd\u00ebrrohet n\u00eb nj\u00eb lasht\u00ebsi t\u00eb vizatuar n\u00eb mur, n\u00eb gur\u00eb t\u00eb balsamuar, n\u00eb figur\u00eb ku dhembja n\u00eb shekujve e mbuloi shkronj\u00ebn e par\u00eb, dashuri mbolli p\u00ebrtej vargu, q\u00eb \u201cec e ec n\u00ebp\u00ebr vite drite\/ n\u00eb mend t\u2019i mbani k\u00ebto shkronja\/ deri n\u00eb k\u00eblthitje.\u201d<\/p>\n<p>N\u00eb kontekstin e poezis\u00eb Shteg\u00ebtime Mir\u00ebsie, Miradije Ramiqi na e p\u00ebrkujton Gonxhe Bojaxhiun p\u00ebrmes nj\u00eb maksime t\u00eb O. Weildit: \u201cT\u00eb jesh i mir\u00eb do t\u00eb thot\u00eb t\u00eb jesh n\u00eb harmoni me vetveten.\u201d Sipas saj, T\u00eb rrahurat e zemrave\/ gjat\u00eb do t\u00eb d\u00ebgjohen\/ nga larg\u00ebsit\u00eb\/ z\u00ebrat n\u00eb thell\u00ebsi\/ thyhen n\u00eb korniz\u00eb\/ n\u00eb p\u00eblhur\u00eb picture\/ shpirt\u00ebrohet ndjenja\/ shtrihet n\u00eb pafund\u00ebsi\/ n\u00eb koh\u00eb e hap\u00ebsir\u00eb\/ ngjyrat dhe ndjenjat\/ shkrihen n\u00eb mallin p\u00ebr Ty\/ n\u00eb krah\u00ebt e amshimit\/ dashuria rritet p\u00ebr Ty\/ kur shkon e vjen malli\/ dhembja mbyllet n\u00eb korniz\u00eb\/ shtegtimet rrit\u00ebn n\u00eb parakalim\/ Ti jet\u00eb-vdekje\/ Jetojm\u00eb me Ty\u201d.<\/p>\n<p>Po ia japim p\u00ebrs\u00ebri fjal\u00ebn Marilena Lik\u00ebs: \u201cNdjej se poezia e Miradijes, e modeluar sipas modeleve tredimensionale (historiografike, pikturale dhe erotike), e shk\u00ebput l\u00ebngun nga dheu i Pozharanit t\u00eb saj dhe nga problematika e Arb\u00ebris\u00eb misterioze, Miradija e meriton nj\u00eb vend t\u00eb ve\u00e7ant\u00eb n\u00eb kujtes\u00ebn e patrimonit kulturor t\u00eb universit.\u201d<\/p>\n<p>Ka edhe shum\u00eb poema tjera p\u00ebr nj\u00eb analiz\u00eb t\u00eb mir\u00ebfillt\u00eb kritike, por k\u00ebt\u00eb po e l\u00ebm\u00eb p\u00ebr kritik\u00ebt e kalibrit t\u00eb lart\u00eb. Dikush mund t\u00eb preket pse s\u2019I kemi p\u00ebrmendur, gj\u00eb q\u00eb d\u00ebshmon se t\u00eb jetosh n\u00eb m\u00ebrgim, nuk don t\u00eb thot\u00eb t\u00eb jesh mosnjoh\u00ebs i vlerave t\u00eb mir\u00ebfillta kosovare, por kjo don t\u00eb thot\u00eb njohje e asaj q\u00eb e njeh n\u00eb baz\u00eb t\u00eb dashamir\u00ebve me t\u00eb cil\u00ebt komunikon, e t\u00eb cil\u00ebt e kundrojn\u00eb me admirim ishkryeqendr\u00ebn e kultur\u00ebs shqiptare, Bukureshtin e t\u00eb par\u00ebve tan\u00eb, p\u00ebr t\u00eb cil\u00ebt gjuha shqipe ishte nj\u00eb burim i pashtersh\u00ebm energjish\u00eb.<\/p>\n<p><strong>BIOBIBLIOGRAFI<\/strong><\/p>\n<p><strong>Miradije Ramiqi<\/strong> u lind m\u00eb 11 shtator 1953, n\u00eb Pozharan t\u00eb Vitis\u00eb, ku kreu filloren, kurse normalen n\u00eb Ferizaj e Gjilan. Studioi n\u00eb Akademin\u00eb e arteve (piktur\u00eb), gjat\u00eb studimeve ishte an\u00ebtare e Pleq\u00ebsis\u00eb s\u00eb Fakultetit, nj\u00ebher\u00ebsh edhe an\u00ebtare e Senatit t\u00eb Universiteti t\u00eb Prishtin\u00ebs, p\u00ebrfaq\u00ebsuese e student\u00ebve t\u00eb Akademis\u00eb s\u00eb Arteve. Ka p\u00ebrfaq\u00ebsuar student\u00ebt e Kosov\u00ebs n\u00eb disa vende t\u00eb hauaja dhe ka b\u00ebr\u00eb specializimin tremujor n\u00eb Paris , n\u00eb artet figurative. M\u00eb von\u00eb kreu studimet pasuniversitare n\u00eb Prishtin\u00eb dhe mbrojti Tem\u00ebn e Magjistratur\u00ebs (&#8220;Arti n\u00eb udh\u00ebtim rreth rikuptim\u00ebsis\u00eb s\u00eb tij&#8221;).<\/p>\n<p>Jeton dhe punon n\u00eb Prishtin\u00eb si kuad\u00ebr universitare n\u00eb Fakultetin e Arteve t\u00eb Kosov\u00ebs pran\u00eb Universitetit t\u00eb Prishtin\u00ebs. Autore e disa v\u00ebllimeve poetike dhe ekspozitash dhe shp\u00ebrblimesh t\u00eb panum\u00ebrta letrare dhe artistike. An\u00ebtare e nj\u00eb numri t\u00eb konsideruar shoqatash komb\u00ebtare e nd\u00ebrkomb\u00ebtare p\u00ebr art, kultur\u00eb dhe let\u00ebrsi. Ka n\u00eb dor\u00ebshkrim disa v\u00ebllime me krijime q\u00eb presin botimin. \u00cbsht\u00eb e p\u00ebrfshir\u00eb n\u00eb disa antologji poetike n\u00eb gjuhen shqipe dhe t\u00eb p\u00ebrkthyera n\u00eb disa gjuh\u00eb t\u00eb huaja. Me veprat e saj ka nderuar personalitete t\u00eb artit, shkenc\u00ebs e t\u00eb kultur\u00ebs, brenda dhe jasht\u00eb vendit.<\/p>\n<p>Vepra e saj artistike \u2013 letrare, vler\u00ebsohet lart edhe nga shum\u00eb kritik\u00eb t\u00eb artit brenda dhe jasht\u00eb vendit. Poezia dhe piktura jan\u00eb preokupimi i saj elementar. \u00cbsht\u00eb an\u00ebtare e rregullt e Shoqat\u00ebs s\u00eb Artist\u00ebve Figurativ\u00eb dhe Aplikativ\u00eb t\u00eb Kosov\u00ebs, e Akdemis\u00eb Europiane t\u00eb Arteve me seli n\u00eb Bruksel, e Lidhjes s\u00eb Shkrimtar\u00ebv\u00eb t\u00eb Kosov\u00ebs dhe Lidhjes s\u00eb Poet\u00ebve, Shkrimtar\u00ebve dhe Artist\u00ebve Nd\u00ebrkomb\u00ebtar\u00eb \u201dPEGASI\u201d Albania.<\/p>\n","protected":false},"excerpt":{"rendered":"<p>Aft\u00ebsia e Miradije Ramiqit p\u00ebr t\u00eb kornizuar artistikisht bot\u00ebn, lart\u00ebson cakun e zgjedhur s\u00eb bashku me petkun me t\u00eb cilin ballafaqohet n\u00eb \u00e7do takim me Universin. Duke udh\u00ebtuar n\u00eb p\u00ebrfytyrime, ajo tashm\u00eb ka p\u00ebrfituar p\u00ebrvoj\u00eb dhe ka krijuar nj\u00eb bagazh t\u00eb pregaditur, duke v\u00ebn\u00eb n\u00eb t\u00eb bes\u00ebn q\u00eb \u00ebsht\u00eb shnd\u00ebrruar n\u00eb pasion dhe drejtime e [&hellip;]<\/p>\n","protected":false},"author":1,"featured_media":0,"comment_status":"open","ping_status":"closed","sticky":false,"template":"","format":"standard","meta":{"footnotes":""},"categories":[2,7],"tags":[],"class_list":{"0":"post-1492","1":"post","2":"type-post","3":"status-publish","4":"format-standard","6":"category-artikuj","7":"category-letersi"},"yoast_head":"<!-- This site is optimized with the Yoast SEO plugin v27.4 - https:\/\/yoast.com\/product\/yoast-seo-wordpress\/ -->\n<title>Korniza e dashuris\u00eb dhe dritat e Dardanis\u00eb - FjALA e LIR\u00cb - Arkivi<\/title>\n<meta name=\"robots\" content=\"index, follow, max-snippet:-1, max-image-preview:large, max-video-preview:-1\" \/>\n<link rel=\"canonical\" href=\"https:\/\/fjala.info\/2009-2015\/korniza-e-dashurise-dhe-dritat-e-dardanise\/\" \/>\n<meta property=\"og:locale\" content=\"sq_AL\" \/>\n<meta property=\"og:type\" content=\"article\" \/>\n<meta property=\"og:title\" content=\"Korniza e dashuris\u00eb dhe dritat e Dardanis\u00eb - FjALA e LIR\u00cb - Arkivi\" \/>\n<meta property=\"og:description\" content=\"Aft\u00ebsia e Miradije Ramiqit p\u00ebr t\u00eb kornizuar artistikisht bot\u00ebn, lart\u00ebson cakun e zgjedhur s\u00eb bashku me petkun me t\u00eb cilin ballafaqohet n\u00eb \u00e7do takim me Universin. Duke udh\u00ebtuar n\u00eb p\u00ebrfytyrime, ajo tashm\u00eb ka p\u00ebrfituar p\u00ebrvoj\u00eb dhe ka krijuar nj\u00eb bagazh t\u00eb pregaditur, duke v\u00ebn\u00eb n\u00eb t\u00eb bes\u00ebn q\u00eb \u00ebsht\u00eb shnd\u00ebrruar n\u00eb pasion dhe drejtime e [&hellip;]\" \/>\n<meta property=\"og:url\" content=\"https:\/\/fjala.info\/2009-2015\/korniza-e-dashurise-dhe-dritat-e-dardanise\/\" \/>\n<meta property=\"og:site_name\" content=\"FjALA e LIR\u00cb - Arkivi\" \/>\n<meta property=\"article:published_time\" content=\"2012-01-29T21:25:25+00:00\" \/>\n<meta property=\"og:image\" content=\"http:\/\/www.shkoder.net\/2012\/miradije_ramiqi_elena_kadare99.jpg\" \/>\n<meta name=\"author\" content=\"admin\" \/>\n<meta name=\"twitter:card\" content=\"summary_large_image\" \/>\n<meta name=\"twitter:label1\" content=\"Written by\" \/>\n\t<meta name=\"twitter:data1\" content=\"admin\" \/>\n\t<meta name=\"twitter:label2\" content=\"Est. reading time\" \/>\n\t<meta name=\"twitter:data2\" content=\"11 minutes\" \/>\n<script type=\"application\/ld+json\" class=\"yoast-schema-graph\">{\"@context\":\"https:\\\/\\\/schema.org\",\"@graph\":[{\"@type\":\"Article\",\"@id\":\"https:\\\/\\\/fjala.info\\\/2009-2015\\\/korniza-e-dashurise-dhe-dritat-e-dardanise\\\/#article\",\"isPartOf\":{\"@id\":\"https:\\\/\\\/fjala.info\\\/2009-2015\\\/korniza-e-dashurise-dhe-dritat-e-dardanise\\\/\"},\"author\":{\"name\":\"admin\",\"@id\":\"https:\\\/\\\/fjala.info\\\/2009-2015\\\/#\\\/schema\\\/person\\\/3aa1163ef05469c496fc94e77611ada2\"},\"headline\":\"Korniza e dashuris\u00eb dhe dritat e Dardanis\u00eb\",\"datePublished\":\"2012-01-29T21:25:25+00:00\",\"mainEntityOfPage\":{\"@id\":\"https:\\\/\\\/fjala.info\\\/2009-2015\\\/korniza-e-dashurise-dhe-dritat-e-dardanise\\\/\"},\"wordCount\":2159,\"commentCount\":0,\"publisher\":{\"@id\":\"https:\\\/\\\/fjala.info\\\/2009-2015\\\/#organization\"},\"image\":{\"@id\":\"https:\\\/\\\/fjala.info\\\/2009-2015\\\/korniza-e-dashurise-dhe-dritat-e-dardanise\\\/#primaryimage\"},\"thumbnailUrl\":\"http:\\\/\\\/www.shkoder.net\\\/2012\\\/miradije_ramiqi_elena_kadare99.jpg\",\"articleSection\":[\"Artikuj\",\"Let\u00ebrsi\"],\"inLanguage\":\"sq-AL\",\"potentialAction\":[{\"@type\":\"CommentAction\",\"name\":\"Comment\",\"target\":[\"https:\\\/\\\/fjala.info\\\/2009-2015\\\/korniza-e-dashurise-dhe-dritat-e-dardanise\\\/#respond\"]}]},{\"@type\":\"WebPage\",\"@id\":\"https:\\\/\\\/fjala.info\\\/2009-2015\\\/korniza-e-dashurise-dhe-dritat-e-dardanise\\\/\",\"url\":\"https:\\\/\\\/fjala.info\\\/2009-2015\\\/korniza-e-dashurise-dhe-dritat-e-dardanise\\\/\",\"name\":\"Korniza e dashuris\u00eb dhe dritat e Dardanis\u00eb - FjALA e LIR\u00cb - Arkivi\",\"isPartOf\":{\"@id\":\"https:\\\/\\\/fjala.info\\\/2009-2015\\\/#website\"},\"primaryImageOfPage\":{\"@id\":\"https:\\\/\\\/fjala.info\\\/2009-2015\\\/korniza-e-dashurise-dhe-dritat-e-dardanise\\\/#primaryimage\"},\"image\":{\"@id\":\"https:\\\/\\\/fjala.info\\\/2009-2015\\\/korniza-e-dashurise-dhe-dritat-e-dardanise\\\/#primaryimage\"},\"thumbnailUrl\":\"http:\\\/\\\/www.shkoder.net\\\/2012\\\/miradije_ramiqi_elena_kadare99.jpg\",\"datePublished\":\"2012-01-29T21:25:25+00:00\",\"breadcrumb\":{\"@id\":\"https:\\\/\\\/fjala.info\\\/2009-2015\\\/korniza-e-dashurise-dhe-dritat-e-dardanise\\\/#breadcrumb\"},\"inLanguage\":\"sq-AL\",\"potentialAction\":[{\"@type\":\"ReadAction\",\"target\":[\"https:\\\/\\\/fjala.info\\\/2009-2015\\\/korniza-e-dashurise-dhe-dritat-e-dardanise\\\/\"]}]},{\"@type\":\"ImageObject\",\"inLanguage\":\"sq-AL\",\"@id\":\"https:\\\/\\\/fjala.info\\\/2009-2015\\\/korniza-e-dashurise-dhe-dritat-e-dardanise\\\/#primaryimage\",\"url\":\"http:\\\/\\\/www.shkoder.net\\\/2012\\\/miradije_ramiqi_elena_kadare99.jpg\",\"contentUrl\":\"http:\\\/\\\/www.shkoder.net\\\/2012\\\/miradije_ramiqi_elena_kadare99.jpg\"},{\"@type\":\"BreadcrumbList\",\"@id\":\"https:\\\/\\\/fjala.info\\\/2009-2015\\\/korniza-e-dashurise-dhe-dritat-e-dardanise\\\/#breadcrumb\",\"itemListElement\":[{\"@type\":\"ListItem\",\"position\":1,\"name\":\"Home\",\"item\":\"https:\\\/\\\/fjala.info\\\/2009-2015\\\/\"},{\"@type\":\"ListItem\",\"position\":2,\"name\":\"Korniza e dashuris\u00eb dhe dritat e Dardanis\u00eb\"}]},{\"@type\":\"WebSite\",\"@id\":\"https:\\\/\\\/fjala.info\\\/2009-2015\\\/#website\",\"url\":\"https:\\\/\\\/fjala.info\\\/2009-2015\\\/\",\"name\":\"FjALA e LIR\u00cb - Arkivi\",\"description\":\"Arkivi 2009-2015\",\"publisher\":{\"@id\":\"https:\\\/\\\/fjala.info\\\/2009-2015\\\/#organization\"},\"potentialAction\":[{\"@type\":\"SearchAction\",\"target\":{\"@type\":\"EntryPoint\",\"urlTemplate\":\"https:\\\/\\\/fjala.info\\\/2009-2015\\\/?s={search_term_string}\"},\"query-input\":{\"@type\":\"PropertyValueSpecification\",\"valueRequired\":true,\"valueName\":\"search_term_string\"}}],\"inLanguage\":\"sq-AL\"},{\"@type\":\"Organization\",\"@id\":\"https:\\\/\\\/fjala.info\\\/2009-2015\\\/#organization\",\"name\":\"FjALA e LIR\u00cb - Arkivi\",\"url\":\"https:\\\/\\\/fjala.info\\\/2009-2015\\\/\",\"logo\":{\"@type\":\"ImageObject\",\"inLanguage\":\"sq-AL\",\"@id\":\"https:\\\/\\\/fjala.info\\\/2009-2015\\\/#\\\/schema\\\/logo\\\/image\\\/\",\"url\":\"\",\"contentUrl\":\"\",\"caption\":\"FjALA e LIR\u00cb - Arkivi\"},\"image\":{\"@id\":\"https:\\\/\\\/fjala.info\\\/2009-2015\\\/#\\\/schema\\\/logo\\\/image\\\/\"}},{\"@type\":\"Person\",\"@id\":\"https:\\\/\\\/fjala.info\\\/2009-2015\\\/#\\\/schema\\\/person\\\/3aa1163ef05469c496fc94e77611ada2\",\"name\":\"admin\",\"image\":{\"@type\":\"ImageObject\",\"inLanguage\":\"sq-AL\",\"@id\":\"https:\\\/\\\/fjala.info\\\/2009-2015\\\/wp-content\\\/uploads\\\/2012\\\/02\\\/arben_cokaj-120x150.jpg\",\"url\":\"https:\\\/\\\/fjala.info\\\/2009-2015\\\/wp-content\\\/uploads\\\/2012\\\/02\\\/arben_cokaj-120x150.jpg\",\"contentUrl\":\"https:\\\/\\\/fjala.info\\\/2009-2015\\\/wp-content\\\/uploads\\\/2012\\\/02\\\/arben_cokaj-120x150.jpg\",\"caption\":\"admin\"},\"description\":\"Admin, Fjala e Lir\u00eb\",\"sameAs\":[\"https:\\\/\\\/fjala.info\\\/\"],\"url\":\"https:\\\/\\\/fjala.info\\\/2009-2015\\\/author\\\/admin\\\/\"}]}<\/script>\n<!-- \/ Yoast SEO plugin. -->","yoast_head_json":{"title":"Korniza e dashuris\u00eb dhe dritat e Dardanis\u00eb - FjALA e LIR\u00cb - Arkivi","robots":{"index":"index","follow":"follow","max-snippet":"max-snippet:-1","max-image-preview":"max-image-preview:large","max-video-preview":"max-video-preview:-1"},"canonical":"https:\/\/fjala.info\/2009-2015\/korniza-e-dashurise-dhe-dritat-e-dardanise\/","og_locale":"sq_AL","og_type":"article","og_title":"Korniza e dashuris\u00eb dhe dritat e Dardanis\u00eb - FjALA e LIR\u00cb - Arkivi","og_description":"Aft\u00ebsia e Miradije Ramiqit p\u00ebr t\u00eb kornizuar artistikisht bot\u00ebn, lart\u00ebson cakun e zgjedhur s\u00eb bashku me petkun me t\u00eb cilin ballafaqohet n\u00eb \u00e7do takim me Universin. Duke udh\u00ebtuar n\u00eb p\u00ebrfytyrime, ajo tashm\u00eb ka p\u00ebrfituar p\u00ebrvoj\u00eb dhe ka krijuar nj\u00eb bagazh t\u00eb pregaditur, duke v\u00ebn\u00eb n\u00eb t\u00eb bes\u00ebn q\u00eb \u00ebsht\u00eb shnd\u00ebrruar n\u00eb pasion dhe drejtime e [&hellip;]","og_url":"https:\/\/fjala.info\/2009-2015\/korniza-e-dashurise-dhe-dritat-e-dardanise\/","og_site_name":"FjALA e LIR\u00cb - Arkivi","article_published_time":"2012-01-29T21:25:25+00:00","og_image":[{"url":"http:\/\/www.shkoder.net\/2012\/miradije_ramiqi_elena_kadare99.jpg","type":"","width":"","height":""}],"author":"admin","twitter_card":"summary_large_image","twitter_misc":{"Written by":"admin","Est. reading time":"11 minutes"},"schema":{"@context":"https:\/\/schema.org","@graph":[{"@type":"Article","@id":"https:\/\/fjala.info\/2009-2015\/korniza-e-dashurise-dhe-dritat-e-dardanise\/#article","isPartOf":{"@id":"https:\/\/fjala.info\/2009-2015\/korniza-e-dashurise-dhe-dritat-e-dardanise\/"},"author":{"name":"admin","@id":"https:\/\/fjala.info\/2009-2015\/#\/schema\/person\/3aa1163ef05469c496fc94e77611ada2"},"headline":"Korniza e dashuris\u00eb dhe dritat e Dardanis\u00eb","datePublished":"2012-01-29T21:25:25+00:00","mainEntityOfPage":{"@id":"https:\/\/fjala.info\/2009-2015\/korniza-e-dashurise-dhe-dritat-e-dardanise\/"},"wordCount":2159,"commentCount":0,"publisher":{"@id":"https:\/\/fjala.info\/2009-2015\/#organization"},"image":{"@id":"https:\/\/fjala.info\/2009-2015\/korniza-e-dashurise-dhe-dritat-e-dardanise\/#primaryimage"},"thumbnailUrl":"http:\/\/www.shkoder.net\/2012\/miradije_ramiqi_elena_kadare99.jpg","articleSection":["Artikuj","Let\u00ebrsi"],"inLanguage":"sq-AL","potentialAction":[{"@type":"CommentAction","name":"Comment","target":["https:\/\/fjala.info\/2009-2015\/korniza-e-dashurise-dhe-dritat-e-dardanise\/#respond"]}]},{"@type":"WebPage","@id":"https:\/\/fjala.info\/2009-2015\/korniza-e-dashurise-dhe-dritat-e-dardanise\/","url":"https:\/\/fjala.info\/2009-2015\/korniza-e-dashurise-dhe-dritat-e-dardanise\/","name":"Korniza e dashuris\u00eb dhe dritat e Dardanis\u00eb - FjALA e LIR\u00cb - Arkivi","isPartOf":{"@id":"https:\/\/fjala.info\/2009-2015\/#website"},"primaryImageOfPage":{"@id":"https:\/\/fjala.info\/2009-2015\/korniza-e-dashurise-dhe-dritat-e-dardanise\/#primaryimage"},"image":{"@id":"https:\/\/fjala.info\/2009-2015\/korniza-e-dashurise-dhe-dritat-e-dardanise\/#primaryimage"},"thumbnailUrl":"http:\/\/www.shkoder.net\/2012\/miradije_ramiqi_elena_kadare99.jpg","datePublished":"2012-01-29T21:25:25+00:00","breadcrumb":{"@id":"https:\/\/fjala.info\/2009-2015\/korniza-e-dashurise-dhe-dritat-e-dardanise\/#breadcrumb"},"inLanguage":"sq-AL","potentialAction":[{"@type":"ReadAction","target":["https:\/\/fjala.info\/2009-2015\/korniza-e-dashurise-dhe-dritat-e-dardanise\/"]}]},{"@type":"ImageObject","inLanguage":"sq-AL","@id":"https:\/\/fjala.info\/2009-2015\/korniza-e-dashurise-dhe-dritat-e-dardanise\/#primaryimage","url":"http:\/\/www.shkoder.net\/2012\/miradije_ramiqi_elena_kadare99.jpg","contentUrl":"http:\/\/www.shkoder.net\/2012\/miradije_ramiqi_elena_kadare99.jpg"},{"@type":"BreadcrumbList","@id":"https:\/\/fjala.info\/2009-2015\/korniza-e-dashurise-dhe-dritat-e-dardanise\/#breadcrumb","itemListElement":[{"@type":"ListItem","position":1,"name":"Home","item":"https:\/\/fjala.info\/2009-2015\/"},{"@type":"ListItem","position":2,"name":"Korniza e dashuris\u00eb dhe dritat e Dardanis\u00eb"}]},{"@type":"WebSite","@id":"https:\/\/fjala.info\/2009-2015\/#website","url":"https:\/\/fjala.info\/2009-2015\/","name":"FjALA e LIR\u00cb - Arkivi","description":"Arkivi 2009-2015","publisher":{"@id":"https:\/\/fjala.info\/2009-2015\/#organization"},"potentialAction":[{"@type":"SearchAction","target":{"@type":"EntryPoint","urlTemplate":"https:\/\/fjala.info\/2009-2015\/?s={search_term_string}"},"query-input":{"@type":"PropertyValueSpecification","valueRequired":true,"valueName":"search_term_string"}}],"inLanguage":"sq-AL"},{"@type":"Organization","@id":"https:\/\/fjala.info\/2009-2015\/#organization","name":"FjALA e LIR\u00cb - Arkivi","url":"https:\/\/fjala.info\/2009-2015\/","logo":{"@type":"ImageObject","inLanguage":"sq-AL","@id":"https:\/\/fjala.info\/2009-2015\/#\/schema\/logo\/image\/","url":"","contentUrl":"","caption":"FjALA e LIR\u00cb - Arkivi"},"image":{"@id":"https:\/\/fjala.info\/2009-2015\/#\/schema\/logo\/image\/"}},{"@type":"Person","@id":"https:\/\/fjala.info\/2009-2015\/#\/schema\/person\/3aa1163ef05469c496fc94e77611ada2","name":"admin","image":{"@type":"ImageObject","inLanguage":"sq-AL","@id":"https:\/\/fjala.info\/2009-2015\/wp-content\/uploads\/2012\/02\/arben_cokaj-120x150.jpg","url":"https:\/\/fjala.info\/2009-2015\/wp-content\/uploads\/2012\/02\/arben_cokaj-120x150.jpg","contentUrl":"https:\/\/fjala.info\/2009-2015\/wp-content\/uploads\/2012\/02\/arben_cokaj-120x150.jpg","caption":"admin"},"description":"Admin, Fjala e Lir\u00eb","sameAs":["https:\/\/fjala.info\/"],"url":"https:\/\/fjala.info\/2009-2015\/author\/admin\/"}]}},"_links":{"self":[{"href":"https:\/\/fjala.info\/2009-2015\/wp-json\/wp\/v2\/posts\/1492","targetHints":{"allow":["GET"]}}],"collection":[{"href":"https:\/\/fjala.info\/2009-2015\/wp-json\/wp\/v2\/posts"}],"about":[{"href":"https:\/\/fjala.info\/2009-2015\/wp-json\/wp\/v2\/types\/post"}],"author":[{"embeddable":true,"href":"https:\/\/fjala.info\/2009-2015\/wp-json\/wp\/v2\/users\/1"}],"replies":[{"embeddable":true,"href":"https:\/\/fjala.info\/2009-2015\/wp-json\/wp\/v2\/comments?post=1492"}],"version-history":[{"count":0,"href":"https:\/\/fjala.info\/2009-2015\/wp-json\/wp\/v2\/posts\/1492\/revisions"}],"wp:attachment":[{"href":"https:\/\/fjala.info\/2009-2015\/wp-json\/wp\/v2\/media?parent=1492"}],"wp:term":[{"taxonomy":"category","embeddable":true,"href":"https:\/\/fjala.info\/2009-2015\/wp-json\/wp\/v2\/categories?post=1492"},{"taxonomy":"post_tag","embeddable":true,"href":"https:\/\/fjala.info\/2009-2015\/wp-json\/wp\/v2\/tags?post=1492"}],"curies":[{"name":"wp","href":"https:\/\/api.w.org\/{rel}","templated":true}]}}