{"id":149,"date":"2011-11-15T08:53:44","date_gmt":"2011-11-15T07:53:44","guid":{"rendered":"http:\/\/fjala.shkoder.net\/?p=149"},"modified":"2011-11-15T08:53:44","modified_gmt":"2011-11-15T07:53:44","slug":"103-vjet-me-pare-ne-manastir-lindi-alfabeti-i-sotem-i-shqipes","status":"publish","type":"post","link":"https:\/\/fjala.info\/2009-2015\/103-vjet-me-pare-ne-manastir-lindi-alfabeti-i-sotem-i-shqipes\/","title":{"rendered":"103-vjet m\u00eb par\u00eb n\u00eb Manastir lindi alfabeti i sot\u00ebm i shqipes"},"content":{"rendered":"<p>Nga 14 deri m\u00eb 22 n\u00ebntor 1908 u mblodh Kongresi i Manastirit p\u00ebr t\u00eb vendosur p\u00ebr problemin e nd\u00ebrlikuar t\u00eb alfabetit.<\/p>\n<p style=\"text-align: center;\"><img decoding=\"async\" class=\"aligncenter size-thumbnail wp-image-7236\" title=\"Komisioni i gjuh\u00ebs shqipe\" src=\"http:\/\/www.shkoder.net\/images\/fjala\/2011\/komisioni_manastirit.jpg\" alt=\"\" width=\"450\" \/>\u00a0(<em>Foto e Marubit mbi Komisionin e Manastirit<\/em>)<\/p>\n<p>U organizua nga shoq\u00ebria Bashkimi dhe u propagandua nga Mid&#8217;hat bej Frash\u00ebri n\u00eb revist\u00ebn e tij Lirija: &#8220;&#8230; ardhi nj\u00eb dit\u00eb e p\u00eblqyer\u00eb p\u00ebr istorin\u00eb ton\u00eb, q\u00eb t\u00eb nisim liruar&#8217; e papengim t\u00eb punojm\u00eb p\u00ebr mbrodh\u00ebsin&#8217; e lumt\u00ebrin&#8217; e kombit ton\u00eb, jo me barut edhe me arm\u00eb, po me kart\u00eb e p\u00ebnd\u00eb, andaj kjo \u00e7\u00ebshtje e Abeces\u00eb lipset\u00eb t\u00eb jet\u00eb fillim, q\u00eb pa at\u00eb nuku do mundim t\u00eb harijm\u00eb q\u00ebllimet\u00eb tona t\u00eb lart\u00ebra p\u00ebr mbrodh\u00ebsi t\u00eb gjuh\u00ebs\u00eb.&#8221; &#8211; K\u00ebshtu shkruante Mid&#8217;hat bej Frash\u00ebri, q\u00eb e drejtoi k\u00ebt\u00eb mbledhje, ku mor\u00ebn pjes\u00eb delegat\u00eb t\u00eb t\u00eb gjitha besimeve nga mbar\u00eb Shqip\u00ebria dhe kolonit\u00eb shqiptare jasht\u00eb.<\/p>\n<p>Nd\u00ebr pjes\u00ebmarr\u00ebsit e shquar qen\u00eb at\u00eb Gjergj Fishta, dom Ndre Mjeda, Mati Logoreci, Luigj Gurakuqi dhe Hil\u00eb Mosi nga Shkodra; Shahin bej Kolonja dhe Petro Nini Luarasi nga Kolonja; Thoma Abrami nga Kor\u00e7a; Sotir Peci nga Bostoni, dhe Bajo Topulli e familja Qiriazi nga Manastiri.<\/p>\n<p>Kongresi zgjodhi nj\u00eb komision prej nj\u00ebmb\u00ebdhjet\u00eb an\u00ebtar\u00ebsh n\u00ebn kryesin\u00eb e At\u00eb Gjergj Fisht\u00ebs p\u00ebr t\u00eb studiuar problemin e alfabetit e p\u00ebr t\u00eb dal\u00eb me propozime. U arrit menj\u00ebher\u00eb n\u00eb mendimin e p\u00ebrbashk\u00ebt q\u00eb alfabeti t\u2019i sh\u00ebrbente kryesisht forcimit t\u00eb unitetit komb\u00ebtar. Nism\u00ebtar i k\u00ebsaj fryme qe fran\u00e7eskani At\u00eb Fishta i cili shpjegoi se sido q\u00eb ishte i d\u00ebrguar prej shoq\u00ebris\u00eb Bashkimi, s\u2019 ishte aty thjesht\u00eb p\u00ebr t\u00eb mbrojtur abece-n\u00eb, por p\u00ebr t\u00eb gjetur nj\u00eb rrug\u00eb q\u00eb \u00e7onte n\u00eb bashkimin e p\u00ebrgjithsh\u00ebm.<\/p>\n<p>Tre alfabetet kryesor\u00eb q\u00eb u mor\u00ebn n\u00eb shqyrtim qen\u00eb: alfabeti i shoq\u00ebris\u00eb letrare Agimi t\u00eb Shkodr\u00ebs i propozuar nga dom Ndre Mjeda; alfabeti i shoq\u00ebris\u00eb letrare Bashkimi t\u00eb Shkodr\u00ebs, i hartuar nga imzot Prenk\u00eb Do\u00e7i dhe alfabeti i Stambollit, i hartuar nga Sami bej Frash\u00ebri. Tosk\u00ebt ishin m\u00eb fort p\u00ebr alfabetin tradicional t\u00eb Stambollit, kurse geg\u00ebt zakonisht p\u00eblqenin alfabetin e Bashkimit, i cili ishte m\u00eb praktik p\u00ebr botimet, sepse nuk kishte shkronja jolatine.<\/p>\n<p>U shqyrtuan gjithashtu edhe dy alfabete t\u00eb tjer\u00eb, alfabeti grek i p\u00ebrdorur nga Kostandin Kristoforidhi, dhe alfabeti arab, t\u00eb cilin shum\u00eb mysliman\u00eb t\u00eb devotsh\u00ebm, sidomos n\u00eb Maqedoni e Kosov\u00eb, vazhduan ta shohin si t\u00eb vetmen zgjidhje edhe p\u00ebr shum\u00eb koh\u00eb pas Kongresit. Komisioni vendosi t\u00eb pranoj\u00eb variantet e modifikuara t\u00eb alfabeteve t\u00eb Bashkimit e t\u00eb Stambollit.<\/p>\n<p>T\u00eb dy mund t\u00eb p\u00ebrdoreshin n\u00eb shkolla e n\u00eb botime. Pranimi nga t\u00eb gjith\u00eb i vendimit t\u00eb komisionit do t\u00eb donte ende shum\u00eb koh\u00eb, por, me vendimin p\u00ebr t\u00eb mb\u00ebshtetur nj\u00eb zgjidhje kompromisi, kongresi shtroi rrug\u00ebn p\u00ebr kalimin shkall\u00eb-shkall\u00eb nga alfabeti i respektuar i Stambollit, te alfabeti i tanish\u00ebm i shqipes i bazuar n\u00eb shkronja latine, duke m\u00ebnjanuar k\u00ebshtu polemika e kund\u00ebrshtime e duke hedhur bazat p\u00ebr formimin e gjuh\u00ebs letrare shqipe. (<em>Radio Vatikani<\/em>)<\/p>\n<p><em>Dergoi <strong>Paul Tedeschini<\/strong><\/em><\/p>\n","protected":false},"excerpt":{"rendered":"<p>Nga 14 deri m\u00eb 22 n\u00ebntor 1908 u mblodh Kongresi i Manastirit p\u00ebr t\u00eb vendosur p\u00ebr problemin e nd\u00ebrlikuar t\u00eb alfabetit. \u00a0(Foto e Marubit mbi Komisionin e Manastirit) U organizua nga shoq\u00ebria Bashkimi dhe u propagandua nga Mid&#8217;hat bej Frash\u00ebri n\u00eb revist\u00ebn e tij Lirija: &#8220;&#8230; ardhi nj\u00eb dit\u00eb e p\u00eblqyer\u00eb p\u00ebr istorin\u00eb ton\u00eb, q\u00eb [&hellip;]<\/p>\n","protected":false},"author":1,"featured_media":0,"comment_status":"open","ping_status":"closed","sticky":false,"template":"","format":"standard","meta":{"footnotes":""},"categories":[2],"tags":[],"class_list":{"0":"post-149","1":"post","2":"type-post","3":"status-publish","4":"format-standard","6":"category-artikuj"},"yoast_head":"<!-- This site is optimized with the Yoast SEO plugin v27.4 - https:\/\/yoast.com\/product\/yoast-seo-wordpress\/ -->\n<title>103-vjet m\u00eb par\u00eb n\u00eb Manastir lindi alfabeti i sot\u00ebm i shqipes - FjALA e LIR\u00cb - Arkivi<\/title>\n<meta name=\"robots\" content=\"index, follow, max-snippet:-1, max-image-preview:large, max-video-preview:-1\" \/>\n<link rel=\"canonical\" href=\"https:\/\/fjala.info\/2009-2015\/103-vjet-me-pare-ne-manastir-lindi-alfabeti-i-sotem-i-shqipes\/\" \/>\n<meta property=\"og:locale\" content=\"sq_AL\" \/>\n<meta property=\"og:type\" content=\"article\" \/>\n<meta property=\"og:title\" content=\"103-vjet m\u00eb par\u00eb n\u00eb Manastir lindi alfabeti i sot\u00ebm i shqipes - FjALA e LIR\u00cb - Arkivi\" \/>\n<meta property=\"og:description\" content=\"Nga 14 deri m\u00eb 22 n\u00ebntor 1908 u mblodh Kongresi i Manastirit p\u00ebr t\u00eb vendosur p\u00ebr problemin e nd\u00ebrlikuar t\u00eb alfabetit. \u00a0(Foto e Marubit mbi Komisionin e Manastirit) U organizua nga shoq\u00ebria Bashkimi dhe u propagandua nga Mid&#8217;hat bej Frash\u00ebri n\u00eb revist\u00ebn e tij Lirija: &#8220;&#8230; ardhi nj\u00eb dit\u00eb e p\u00eblqyer\u00eb p\u00ebr istorin\u00eb ton\u00eb, q\u00eb [&hellip;]\" \/>\n<meta property=\"og:url\" content=\"https:\/\/fjala.info\/2009-2015\/103-vjet-me-pare-ne-manastir-lindi-alfabeti-i-sotem-i-shqipes\/\" \/>\n<meta property=\"og:site_name\" content=\"FjALA e LIR\u00cb - Arkivi\" \/>\n<meta property=\"article:published_time\" content=\"2011-11-15T07:53:44+00:00\" \/>\n<meta property=\"og:image\" content=\"http:\/\/www.shkoder.net\/images\/fjala\/2011\/komisioni_manastirit.jpg\" \/>\n<meta name=\"author\" content=\"admin\" \/>\n<meta name=\"twitter:card\" content=\"summary_large_image\" \/>\n<meta name=\"twitter:label1\" content=\"Written by\" \/>\n\t<meta name=\"twitter:data1\" content=\"admin\" \/>\n\t<meta name=\"twitter:label2\" content=\"Est. reading time\" \/>\n\t<meta name=\"twitter:data2\" content=\"3 minutes\" \/>\n<script type=\"application\/ld+json\" class=\"yoast-schema-graph\">{\"@context\":\"https:\\\/\\\/schema.org\",\"@graph\":[{\"@type\":\"Article\",\"@id\":\"https:\\\/\\\/fjala.info\\\/2009-2015\\\/103-vjet-me-pare-ne-manastir-lindi-alfabeti-i-sotem-i-shqipes\\\/#article\",\"isPartOf\":{\"@id\":\"https:\\\/\\\/fjala.info\\\/2009-2015\\\/103-vjet-me-pare-ne-manastir-lindi-alfabeti-i-sotem-i-shqipes\\\/\"},\"author\":{\"name\":\"admin\",\"@id\":\"https:\\\/\\\/fjala.info\\\/2009-2015\\\/#\\\/schema\\\/person\\\/3aa1163ef05469c496fc94e77611ada2\"},\"headline\":\"103-vjet m\u00eb par\u00eb n\u00eb Manastir lindi alfabeti i sot\u00ebm i shqipes\",\"datePublished\":\"2011-11-15T07:53:44+00:00\",\"mainEntityOfPage\":{\"@id\":\"https:\\\/\\\/fjala.info\\\/2009-2015\\\/103-vjet-me-pare-ne-manastir-lindi-alfabeti-i-sotem-i-shqipes\\\/\"},\"wordCount\":550,\"commentCount\":0,\"publisher\":{\"@id\":\"https:\\\/\\\/fjala.info\\\/2009-2015\\\/#organization\"},\"image\":{\"@id\":\"https:\\\/\\\/fjala.info\\\/2009-2015\\\/103-vjet-me-pare-ne-manastir-lindi-alfabeti-i-sotem-i-shqipes\\\/#primaryimage\"},\"thumbnailUrl\":\"http:\\\/\\\/www.shkoder.net\\\/images\\\/fjala\\\/2011\\\/komisioni_manastirit.jpg\",\"articleSection\":[\"Artikuj\"],\"inLanguage\":\"sq-AL\",\"potentialAction\":[{\"@type\":\"CommentAction\",\"name\":\"Comment\",\"target\":[\"https:\\\/\\\/fjala.info\\\/2009-2015\\\/103-vjet-me-pare-ne-manastir-lindi-alfabeti-i-sotem-i-shqipes\\\/#respond\"]}]},{\"@type\":\"WebPage\",\"@id\":\"https:\\\/\\\/fjala.info\\\/2009-2015\\\/103-vjet-me-pare-ne-manastir-lindi-alfabeti-i-sotem-i-shqipes\\\/\",\"url\":\"https:\\\/\\\/fjala.info\\\/2009-2015\\\/103-vjet-me-pare-ne-manastir-lindi-alfabeti-i-sotem-i-shqipes\\\/\",\"name\":\"103-vjet m\u00eb par\u00eb n\u00eb Manastir lindi alfabeti i sot\u00ebm i shqipes - FjALA e LIR\u00cb - Arkivi\",\"isPartOf\":{\"@id\":\"https:\\\/\\\/fjala.info\\\/2009-2015\\\/#website\"},\"primaryImageOfPage\":{\"@id\":\"https:\\\/\\\/fjala.info\\\/2009-2015\\\/103-vjet-me-pare-ne-manastir-lindi-alfabeti-i-sotem-i-shqipes\\\/#primaryimage\"},\"image\":{\"@id\":\"https:\\\/\\\/fjala.info\\\/2009-2015\\\/103-vjet-me-pare-ne-manastir-lindi-alfabeti-i-sotem-i-shqipes\\\/#primaryimage\"},\"thumbnailUrl\":\"http:\\\/\\\/www.shkoder.net\\\/images\\\/fjala\\\/2011\\\/komisioni_manastirit.jpg\",\"datePublished\":\"2011-11-15T07:53:44+00:00\",\"breadcrumb\":{\"@id\":\"https:\\\/\\\/fjala.info\\\/2009-2015\\\/103-vjet-me-pare-ne-manastir-lindi-alfabeti-i-sotem-i-shqipes\\\/#breadcrumb\"},\"inLanguage\":\"sq-AL\",\"potentialAction\":[{\"@type\":\"ReadAction\",\"target\":[\"https:\\\/\\\/fjala.info\\\/2009-2015\\\/103-vjet-me-pare-ne-manastir-lindi-alfabeti-i-sotem-i-shqipes\\\/\"]}]},{\"@type\":\"ImageObject\",\"inLanguage\":\"sq-AL\",\"@id\":\"https:\\\/\\\/fjala.info\\\/2009-2015\\\/103-vjet-me-pare-ne-manastir-lindi-alfabeti-i-sotem-i-shqipes\\\/#primaryimage\",\"url\":\"http:\\\/\\\/www.shkoder.net\\\/images\\\/fjala\\\/2011\\\/komisioni_manastirit.jpg\",\"contentUrl\":\"http:\\\/\\\/www.shkoder.net\\\/images\\\/fjala\\\/2011\\\/komisioni_manastirit.jpg\"},{\"@type\":\"BreadcrumbList\",\"@id\":\"https:\\\/\\\/fjala.info\\\/2009-2015\\\/103-vjet-me-pare-ne-manastir-lindi-alfabeti-i-sotem-i-shqipes\\\/#breadcrumb\",\"itemListElement\":[{\"@type\":\"ListItem\",\"position\":1,\"name\":\"Home\",\"item\":\"https:\\\/\\\/fjala.info\\\/2009-2015\\\/\"},{\"@type\":\"ListItem\",\"position\":2,\"name\":\"103-vjet m\u00eb par\u00eb n\u00eb Manastir lindi alfabeti i sot\u00ebm i shqipes\"}]},{\"@type\":\"WebSite\",\"@id\":\"https:\\\/\\\/fjala.info\\\/2009-2015\\\/#website\",\"url\":\"https:\\\/\\\/fjala.info\\\/2009-2015\\\/\",\"name\":\"FjALA e LIR\u00cb - Arkivi\",\"description\":\"Arkivi 2009-2015\",\"publisher\":{\"@id\":\"https:\\\/\\\/fjala.info\\\/2009-2015\\\/#organization\"},\"potentialAction\":[{\"@type\":\"SearchAction\",\"target\":{\"@type\":\"EntryPoint\",\"urlTemplate\":\"https:\\\/\\\/fjala.info\\\/2009-2015\\\/?s={search_term_string}\"},\"query-input\":{\"@type\":\"PropertyValueSpecification\",\"valueRequired\":true,\"valueName\":\"search_term_string\"}}],\"inLanguage\":\"sq-AL\"},{\"@type\":\"Organization\",\"@id\":\"https:\\\/\\\/fjala.info\\\/2009-2015\\\/#organization\",\"name\":\"FjALA e LIR\u00cb - Arkivi\",\"url\":\"https:\\\/\\\/fjala.info\\\/2009-2015\\\/\",\"logo\":{\"@type\":\"ImageObject\",\"inLanguage\":\"sq-AL\",\"@id\":\"https:\\\/\\\/fjala.info\\\/2009-2015\\\/#\\\/schema\\\/logo\\\/image\\\/\",\"url\":\"\",\"contentUrl\":\"\",\"caption\":\"FjALA e LIR\u00cb - Arkivi\"},\"image\":{\"@id\":\"https:\\\/\\\/fjala.info\\\/2009-2015\\\/#\\\/schema\\\/logo\\\/image\\\/\"}},{\"@type\":\"Person\",\"@id\":\"https:\\\/\\\/fjala.info\\\/2009-2015\\\/#\\\/schema\\\/person\\\/3aa1163ef05469c496fc94e77611ada2\",\"name\":\"admin\",\"image\":{\"@type\":\"ImageObject\",\"inLanguage\":\"sq-AL\",\"@id\":\"https:\\\/\\\/fjala.info\\\/2009-2015\\\/wp-content\\\/uploads\\\/2012\\\/02\\\/arben_cokaj-120x150.jpg\",\"url\":\"https:\\\/\\\/fjala.info\\\/2009-2015\\\/wp-content\\\/uploads\\\/2012\\\/02\\\/arben_cokaj-120x150.jpg\",\"contentUrl\":\"https:\\\/\\\/fjala.info\\\/2009-2015\\\/wp-content\\\/uploads\\\/2012\\\/02\\\/arben_cokaj-120x150.jpg\",\"caption\":\"admin\"},\"description\":\"Admin, Fjala e Lir\u00eb\",\"sameAs\":[\"https:\\\/\\\/fjala.info\\\/\"],\"url\":\"https:\\\/\\\/fjala.info\\\/2009-2015\\\/author\\\/admin\\\/\"}]}<\/script>\n<!-- \/ Yoast SEO plugin. -->","yoast_head_json":{"title":"103-vjet m\u00eb par\u00eb n\u00eb Manastir lindi alfabeti i sot\u00ebm i shqipes - FjALA e LIR\u00cb - Arkivi","robots":{"index":"index","follow":"follow","max-snippet":"max-snippet:-1","max-image-preview":"max-image-preview:large","max-video-preview":"max-video-preview:-1"},"canonical":"https:\/\/fjala.info\/2009-2015\/103-vjet-me-pare-ne-manastir-lindi-alfabeti-i-sotem-i-shqipes\/","og_locale":"sq_AL","og_type":"article","og_title":"103-vjet m\u00eb par\u00eb n\u00eb Manastir lindi alfabeti i sot\u00ebm i shqipes - FjALA e LIR\u00cb - Arkivi","og_description":"Nga 14 deri m\u00eb 22 n\u00ebntor 1908 u mblodh Kongresi i Manastirit p\u00ebr t\u00eb vendosur p\u00ebr problemin e nd\u00ebrlikuar t\u00eb alfabetit. \u00a0(Foto e Marubit mbi Komisionin e Manastirit) U organizua nga shoq\u00ebria Bashkimi dhe u propagandua nga Mid&#8217;hat bej Frash\u00ebri n\u00eb revist\u00ebn e tij Lirija: &#8220;&#8230; ardhi nj\u00eb dit\u00eb e p\u00eblqyer\u00eb p\u00ebr istorin\u00eb ton\u00eb, q\u00eb [&hellip;]","og_url":"https:\/\/fjala.info\/2009-2015\/103-vjet-me-pare-ne-manastir-lindi-alfabeti-i-sotem-i-shqipes\/","og_site_name":"FjALA e LIR\u00cb - Arkivi","article_published_time":"2011-11-15T07:53:44+00:00","og_image":[{"url":"http:\/\/www.shkoder.net\/images\/fjala\/2011\/komisioni_manastirit.jpg","type":"","width":"","height":""}],"author":"admin","twitter_card":"summary_large_image","twitter_misc":{"Written by":"admin","Est. reading time":"3 minutes"},"schema":{"@context":"https:\/\/schema.org","@graph":[{"@type":"Article","@id":"https:\/\/fjala.info\/2009-2015\/103-vjet-me-pare-ne-manastir-lindi-alfabeti-i-sotem-i-shqipes\/#article","isPartOf":{"@id":"https:\/\/fjala.info\/2009-2015\/103-vjet-me-pare-ne-manastir-lindi-alfabeti-i-sotem-i-shqipes\/"},"author":{"name":"admin","@id":"https:\/\/fjala.info\/2009-2015\/#\/schema\/person\/3aa1163ef05469c496fc94e77611ada2"},"headline":"103-vjet m\u00eb par\u00eb n\u00eb Manastir lindi alfabeti i sot\u00ebm i shqipes","datePublished":"2011-11-15T07:53:44+00:00","mainEntityOfPage":{"@id":"https:\/\/fjala.info\/2009-2015\/103-vjet-me-pare-ne-manastir-lindi-alfabeti-i-sotem-i-shqipes\/"},"wordCount":550,"commentCount":0,"publisher":{"@id":"https:\/\/fjala.info\/2009-2015\/#organization"},"image":{"@id":"https:\/\/fjala.info\/2009-2015\/103-vjet-me-pare-ne-manastir-lindi-alfabeti-i-sotem-i-shqipes\/#primaryimage"},"thumbnailUrl":"http:\/\/www.shkoder.net\/images\/fjala\/2011\/komisioni_manastirit.jpg","articleSection":["Artikuj"],"inLanguage":"sq-AL","potentialAction":[{"@type":"CommentAction","name":"Comment","target":["https:\/\/fjala.info\/2009-2015\/103-vjet-me-pare-ne-manastir-lindi-alfabeti-i-sotem-i-shqipes\/#respond"]}]},{"@type":"WebPage","@id":"https:\/\/fjala.info\/2009-2015\/103-vjet-me-pare-ne-manastir-lindi-alfabeti-i-sotem-i-shqipes\/","url":"https:\/\/fjala.info\/2009-2015\/103-vjet-me-pare-ne-manastir-lindi-alfabeti-i-sotem-i-shqipes\/","name":"103-vjet m\u00eb par\u00eb n\u00eb Manastir lindi alfabeti i sot\u00ebm i shqipes - FjALA e LIR\u00cb - Arkivi","isPartOf":{"@id":"https:\/\/fjala.info\/2009-2015\/#website"},"primaryImageOfPage":{"@id":"https:\/\/fjala.info\/2009-2015\/103-vjet-me-pare-ne-manastir-lindi-alfabeti-i-sotem-i-shqipes\/#primaryimage"},"image":{"@id":"https:\/\/fjala.info\/2009-2015\/103-vjet-me-pare-ne-manastir-lindi-alfabeti-i-sotem-i-shqipes\/#primaryimage"},"thumbnailUrl":"http:\/\/www.shkoder.net\/images\/fjala\/2011\/komisioni_manastirit.jpg","datePublished":"2011-11-15T07:53:44+00:00","breadcrumb":{"@id":"https:\/\/fjala.info\/2009-2015\/103-vjet-me-pare-ne-manastir-lindi-alfabeti-i-sotem-i-shqipes\/#breadcrumb"},"inLanguage":"sq-AL","potentialAction":[{"@type":"ReadAction","target":["https:\/\/fjala.info\/2009-2015\/103-vjet-me-pare-ne-manastir-lindi-alfabeti-i-sotem-i-shqipes\/"]}]},{"@type":"ImageObject","inLanguage":"sq-AL","@id":"https:\/\/fjala.info\/2009-2015\/103-vjet-me-pare-ne-manastir-lindi-alfabeti-i-sotem-i-shqipes\/#primaryimage","url":"http:\/\/www.shkoder.net\/images\/fjala\/2011\/komisioni_manastirit.jpg","contentUrl":"http:\/\/www.shkoder.net\/images\/fjala\/2011\/komisioni_manastirit.jpg"},{"@type":"BreadcrumbList","@id":"https:\/\/fjala.info\/2009-2015\/103-vjet-me-pare-ne-manastir-lindi-alfabeti-i-sotem-i-shqipes\/#breadcrumb","itemListElement":[{"@type":"ListItem","position":1,"name":"Home","item":"https:\/\/fjala.info\/2009-2015\/"},{"@type":"ListItem","position":2,"name":"103-vjet m\u00eb par\u00eb n\u00eb Manastir lindi alfabeti i sot\u00ebm i shqipes"}]},{"@type":"WebSite","@id":"https:\/\/fjala.info\/2009-2015\/#website","url":"https:\/\/fjala.info\/2009-2015\/","name":"FjALA e LIR\u00cb - Arkivi","description":"Arkivi 2009-2015","publisher":{"@id":"https:\/\/fjala.info\/2009-2015\/#organization"},"potentialAction":[{"@type":"SearchAction","target":{"@type":"EntryPoint","urlTemplate":"https:\/\/fjala.info\/2009-2015\/?s={search_term_string}"},"query-input":{"@type":"PropertyValueSpecification","valueRequired":true,"valueName":"search_term_string"}}],"inLanguage":"sq-AL"},{"@type":"Organization","@id":"https:\/\/fjala.info\/2009-2015\/#organization","name":"FjALA e LIR\u00cb - Arkivi","url":"https:\/\/fjala.info\/2009-2015\/","logo":{"@type":"ImageObject","inLanguage":"sq-AL","@id":"https:\/\/fjala.info\/2009-2015\/#\/schema\/logo\/image\/","url":"","contentUrl":"","caption":"FjALA e LIR\u00cb - Arkivi"},"image":{"@id":"https:\/\/fjala.info\/2009-2015\/#\/schema\/logo\/image\/"}},{"@type":"Person","@id":"https:\/\/fjala.info\/2009-2015\/#\/schema\/person\/3aa1163ef05469c496fc94e77611ada2","name":"admin","image":{"@type":"ImageObject","inLanguage":"sq-AL","@id":"https:\/\/fjala.info\/2009-2015\/wp-content\/uploads\/2012\/02\/arben_cokaj-120x150.jpg","url":"https:\/\/fjala.info\/2009-2015\/wp-content\/uploads\/2012\/02\/arben_cokaj-120x150.jpg","contentUrl":"https:\/\/fjala.info\/2009-2015\/wp-content\/uploads\/2012\/02\/arben_cokaj-120x150.jpg","caption":"admin"},"description":"Admin, Fjala e Lir\u00eb","sameAs":["https:\/\/fjala.info\/"],"url":"https:\/\/fjala.info\/2009-2015\/author\/admin\/"}]}},"_links":{"self":[{"href":"https:\/\/fjala.info\/2009-2015\/wp-json\/wp\/v2\/posts\/149","targetHints":{"allow":["GET"]}}],"collection":[{"href":"https:\/\/fjala.info\/2009-2015\/wp-json\/wp\/v2\/posts"}],"about":[{"href":"https:\/\/fjala.info\/2009-2015\/wp-json\/wp\/v2\/types\/post"}],"author":[{"embeddable":true,"href":"https:\/\/fjala.info\/2009-2015\/wp-json\/wp\/v2\/users\/1"}],"replies":[{"embeddable":true,"href":"https:\/\/fjala.info\/2009-2015\/wp-json\/wp\/v2\/comments?post=149"}],"version-history":[{"count":0,"href":"https:\/\/fjala.info\/2009-2015\/wp-json\/wp\/v2\/posts\/149\/revisions"}],"wp:attachment":[{"href":"https:\/\/fjala.info\/2009-2015\/wp-json\/wp\/v2\/media?parent=149"}],"wp:term":[{"taxonomy":"category","embeddable":true,"href":"https:\/\/fjala.info\/2009-2015\/wp-json\/wp\/v2\/categories?post=149"},{"taxonomy":"post_tag","embeddable":true,"href":"https:\/\/fjala.info\/2009-2015\/wp-json\/wp\/v2\/tags?post=149"}],"curies":[{"name":"wp","href":"https:\/\/api.w.org\/{rel}","templated":true}]}}