{"id":1488,"date":"2012-01-29T22:04:33","date_gmt":"2012-01-29T21:04:33","guid":{"rendered":"http:\/\/fjala.shkoder.net\/?p=1488"},"modified":"2012-01-29T22:04:33","modified_gmt":"2012-01-29T21:04:33","slug":"historia-e-kosoves-me-tri-vellime-te-autorit-jusuf-buxhovi","status":"publish","type":"post","link":"https:\/\/fjala.info\/2009-2015\/historia-e-kosoves-me-tri-vellime-te-autorit-jusuf-buxhovi\/","title":{"rendered":"\u201dHistoria e Kosov\u00ebs\u201d me tri v\u00ebllime, t\u00eb autorit Jusuf Buxhovi"},"content":{"rendered":"<p><img decoding=\"async\" class=\"aligncenter size-thumbnail wp-image-7236\" title=\"Stema e shoqat\u00ebs\" src=\"http:\/\/www.shkoder.net\/2012\/shoqata_shkrimt_suedi_stema.jpg\" alt=\"\" width=\"200\" \/><br \/>\n<strong>z. Jusuf Buxhovi me sukses nxori n\u00eb drit\u00eb t\u00eb kaluar\u00ebn autentike dhe hedh\u00eb posht\u00eb popaganden grekofile q\u00eb u p\u00ebrpoq\u00ebn p\u00ebr t\u00eb shtremb\u00ebruar dhe gjymtuar historin\u00eb e popullit ton\u00eb \u2013 shkruan Hysen Ibrahimi, kryetar i Shoqat\u00ebs s\u00eb Shkrimtar\u00ebve, Artist\u00ebve dhe Krijuesve Shqiptar\u00eb \u201dPapa Klementi XI Albani\u201d n\u00eb Suedi<\/strong>.<\/p>\n<p>N\u00eb janar 2012, doli libri i par\u00eb \u201dHistoria e Kosov\u00ebs\u201d me tri v\u00ebllime, t\u00eb autorit Jusuf Buxhovi, i cili po d\u00ebshmon bindsh\u00ebm p\u00ebr prirjen e tij t\u00eb nj\u00eb historiani t\u00eb devotsh\u00ebm. K\u00ebto tri v\u00ebllime p\u00ebrfshijn\u00eb periudh\u00ebn Antike e deri te konferenca e Londr\u00ebs, duke p\u00ebrbushur nj\u00eb zbraz\u00ebtir\u00eb komb\u00ebtare n\u00eb ve\u00e7anti t\u00eb Dardanis\u00eb Antike.<\/p>\n<p><img decoding=\"async\" class=\"alignleft size-thumbnail wp-image-7236\" title=\"Historia e Kosov\u00ebs\" src=\"http:\/\/www.shkoder.net\/2012\/historia_kosoves.jpg\" alt=\"\" width=\"300\" \/> Padyshim, se libri i historianit Buxhovi, me k\u00ebt\u00eb lib\u00ebr zgj\u00ebron horizontin e vet n\u00eb krijimtari, me ide t\u00eb reja, ngjarje dhe nostalgji t\u00eb reja q\u00eb sjellin nj\u00eb mori faktesh me pikpamje t\u00eb reja. P\u00ebrfshirja e historis\u00eb shqiptare nga antikiteti e gjer m\u00eb sot, \u00ebsht\u00eb rezultat i prirjes p\u00ebr pasqyrimin real t\u00eb historis\u00eb nga vet autori, por n\u00eb esenc\u00eb me k\u00ebt\u00eb lib\u00ebr zbulon shum\u00eb\u00e7ka q\u00eb nuk \u00ebsht\u00eb zbuluar gjer m\u00eb tani.<\/p>\n<p>K\u00ebtu shofim, se dominon prirja p\u00ebr zbulime t\u00eb reja t\u00eb historis\u00eb nga z. Buxhovi, p\u00ebr konkretizimin e historis\u00eb s\u00eb mir\u00ebfillt shqiptare. Duhet pranuar se, libri n\u00eb fjal\u00eb, tematikisht i ngjan\u00eb nj\u00eb enciklopedie shqiptare, por edhe t\u00eb p\u00ebrvojes historike t\u00eb bot\u00ebs s\u00eb qytet\u00ebruar. Autori na b\u00ebn me dije, se me p\u00ebrshkrimin e historis\u00eb shqiptare synon t\u00eb shtrihet n\u00eb t\u00eb ardhmen m\u00eb gj\u00ebrsisht\u00eb me tema q\u00eb p\u00ebrqafojn\u00eb teorin\u00eb historike me cikle kohore p\u00ebr ruajtjen e ekzistenc\u00ebs komb\u00ebtare shqiptare.<\/p>\n<p>E kaluara historike n\u00eb k\u00ebt\u00eb lib\u00ebr \u201dHistoria e Kosov\u00ebs\u201d \u00ebsht\u00eb si d\u00ebshmi q\u00eb zbulon dhe e mund\u00ebson ruajtjen e ekzistenc\u00ebs faktike t\u00eb popullit Shqiptar, kurse p\u00ebr koh\u00ebn e sotshme \u00ebsht\u00eb vep\u00ebr e cila ruan dhe qetson identitetin shpirt\u00ebror t\u00eb shqiptarit kudo q\u00eb ai ndodhet. Pse? Sepse autori z. Jusuf Buxhovi me sukses nxori n\u00eb drit\u00eb t\u00eb kaluar\u00ebn autentike dhe hedh\u00eb posht\u00eb popaganden grekofile q\u00eb u p\u00ebrpoq\u00ebn p\u00ebr t\u00eb shtremb\u00ebruar dhe gjymtuar historin\u00eb e popullit ton\u00eb. Historia e Kosov\u00ebs, tani e tutje fal\u00eb k\u00ebtij botimi, \u00ebsht\u00eb me nj\u00eb drit\u00eb t\u00eb re q\u00eb p\u00ebrfshin\u00eb nj\u00eb periudh\u00eb kohore t\u00eb historis\u00eb nga Antika deri n\u00eb koh\u00ebrat e sotme.<br \/>\nPara se gjithash, mund t\u00eb themi se vepra \u201dHistoria e Kosov\u00ebs\u201d e historianit Jusuf Buxhovi \u00ebsht\u00eb autentike dhe e argumentuar. Kjo e fuqizon edhe m\u00eb bindsh\u00ebm kur e dim\u00eb se autori ka koh\u00eb q\u00eb mirret me historin\u00eb antike, duke botuar libra me variante sa historike aq edhe shkencore, por pa ndryshuar temen dhe motivin p\u00ebr historin\u00eb ton\u00eb komb\u00ebtare duke u fokusuar nga Pellazg\u00ebt dhe deri te Dardania Antike si trung q\u00ebndror, e q\u00eb m\u00eb von\u00eb sh\u00ebndrrohet n\u00eb vazdim\u00ebsin\u00eb iliro-shqiptare.<\/p>\n<p>Si vep\u00ebr historiografike \u201dHistoria e Kosov\u00ebs\u201d, bindsh\u00ebm trajton lasht\u00ebsin\u00eb historike, \u00ebsht\u00eb nj\u00eb argument tejet i r\u00ebnd\u00ebsish\u00ebm dhe me nj\u00eb pesh\u00eb tejet t\u00eb ve\u00e7ant\u00eb p\u00ebr Kosov\u00ebn, duke u sh\u00ebndrruar si baz\u00eb e aktit t\u00eb njohjes dhe vet\u00ebnjohjes.<\/p>\n<p>Me nj\u00eb fjal\u00eb, autori Jusuf Buxhovi, n\u00eb k\u00ebt\u00eb lib\u00ebr historiografik \u201dHistoria e Kosov\u00ebs\u201d me tri v\u00ebllime, krahas pun\u00ebs s\u00eb tij n\u00eb krijimtari me nj\u00eb p\u00ebrvoj\u00eb t\u00eb shk\u00eblqyer nga librat e m\u00ebhersh\u00ebm, pasuron me sukses me elmente t\u00eb reja historin\u00eb e Dardanis\u00eb.<br \/>\n&#8212;&#8212;&#8212;&#8212;&#8212;&#8212;&#8212;&#8212;&#8212;&#8212;&#8212;&#8212;&#8212;&#8212;&#8212;-<br \/>\n<strong>Shoqata e Shkrimtar\u00ebve,<br \/>\nArtist\u00ebve dhe Krijuesve<br \/>\nShqiptar\u00eb n\u00eb Suedi,<br \/>\n\u201cPapa Klementi XI Albani\u201d<\/strong><\/p>\n<p><strong>Nr. Organizativ<\/strong>:<br \/>\n802463-7921<br \/>\n+46 (o) 431-450817<br \/>\n+46 (0) 7 37663756<\/p>\n<p><strong>E-Mail<\/strong>:<br \/>\nhysenib@yahoo.com<br \/>\nkoli284@hotmail.com<br \/>\ndebati@hotmail.se<\/p>\n<p><strong>Adresa<\/strong>:<br \/>\nc\/o Hysen Ibrahimi<br \/>\nL\u00e5ngag\u00e4rdsv\u00e4gen 29<br \/>\n269 73 F\u00f6rsl\u00f6v-Suedi<\/p>\n<p><strong>Kontonumri<\/strong>:<br \/>\n4008 17 07505<br \/>\nNordea Bank<br \/>\n+46(0)739961480<\/p>\n","protected":false},"excerpt":{"rendered":"<p>z. Jusuf Buxhovi me sukses nxori n\u00eb drit\u00eb t\u00eb kaluar\u00ebn autentike dhe hedh\u00eb posht\u00eb popaganden grekofile q\u00eb u p\u00ebrpoq\u00ebn p\u00ebr t\u00eb shtremb\u00ebruar dhe gjymtuar historin\u00eb e popullit ton\u00eb \u2013 shkruan Hysen Ibrahimi, kryetar i Shoqat\u00ebs s\u00eb Shkrimtar\u00ebve, Artist\u00ebve dhe Krijuesve Shqiptar\u00eb \u201dPapa Klementi XI Albani\u201d n\u00eb Suedi. N\u00eb janar 2012, doli libri i par\u00eb \u201dHistoria [&hellip;]<\/p>\n","protected":false},"author":1,"featured_media":0,"comment_status":"open","ping_status":"closed","sticky":false,"template":"","format":"standard","meta":{"footnotes":""},"categories":[2],"tags":[],"class_list":{"0":"post-1488","1":"post","2":"type-post","3":"status-publish","4":"format-standard","6":"category-artikuj"},"yoast_head":"<!-- This site is optimized with the Yoast SEO plugin v27.4 - https:\/\/yoast.com\/product\/yoast-seo-wordpress\/ -->\n<title>\u201dHistoria e Kosov\u00ebs\u201d me tri v\u00ebllime, t\u00eb autorit Jusuf Buxhovi - FjALA e LIR\u00cb - Arkivi<\/title>\n<meta name=\"robots\" content=\"index, follow, max-snippet:-1, max-image-preview:large, max-video-preview:-1\" \/>\n<link rel=\"canonical\" href=\"https:\/\/fjala.info\/2009-2015\/historia-e-kosoves-me-tri-vellime-te-autorit-jusuf-buxhovi\/\" \/>\n<meta property=\"og:locale\" content=\"sq_AL\" \/>\n<meta property=\"og:type\" content=\"article\" \/>\n<meta property=\"og:title\" content=\"\u201dHistoria e Kosov\u00ebs\u201d me tri v\u00ebllime, t\u00eb autorit Jusuf Buxhovi - FjALA e LIR\u00cb - Arkivi\" \/>\n<meta property=\"og:description\" content=\"z. Jusuf Buxhovi me sukses nxori n\u00eb drit\u00eb t\u00eb kaluar\u00ebn autentike dhe hedh\u00eb posht\u00eb popaganden grekofile q\u00eb u p\u00ebrpoq\u00ebn p\u00ebr t\u00eb shtremb\u00ebruar dhe gjymtuar historin\u00eb e popullit ton\u00eb \u2013 shkruan Hysen Ibrahimi, kryetar i Shoqat\u00ebs s\u00eb Shkrimtar\u00ebve, Artist\u00ebve dhe Krijuesve Shqiptar\u00eb \u201dPapa Klementi XI Albani\u201d n\u00eb Suedi. N\u00eb janar 2012, doli libri i par\u00eb \u201dHistoria [&hellip;]\" \/>\n<meta property=\"og:url\" content=\"https:\/\/fjala.info\/2009-2015\/historia-e-kosoves-me-tri-vellime-te-autorit-jusuf-buxhovi\/\" \/>\n<meta property=\"og:site_name\" content=\"FjALA e LIR\u00cb - Arkivi\" \/>\n<meta property=\"article:published_time\" content=\"2012-01-29T21:04:33+00:00\" \/>\n<meta property=\"og:image\" content=\"http:\/\/www.shkoder.net\/2012\/shoqata_shkrimt_suedi_stema.jpg\" \/>\n<meta name=\"author\" content=\"admin\" \/>\n<meta name=\"twitter:card\" content=\"summary_large_image\" \/>\n<meta name=\"twitter:label1\" content=\"Written by\" \/>\n\t<meta name=\"twitter:data1\" content=\"admin\" \/>\n\t<meta name=\"twitter:label2\" content=\"Est. reading time\" \/>\n\t<meta name=\"twitter:data2\" content=\"3 minutes\" \/>\n<script type=\"application\/ld+json\" class=\"yoast-schema-graph\">{\"@context\":\"https:\\\/\\\/schema.org\",\"@graph\":[{\"@type\":\"Article\",\"@id\":\"https:\\\/\\\/fjala.info\\\/2009-2015\\\/historia-e-kosoves-me-tri-vellime-te-autorit-jusuf-buxhovi\\\/#article\",\"isPartOf\":{\"@id\":\"https:\\\/\\\/fjala.info\\\/2009-2015\\\/historia-e-kosoves-me-tri-vellime-te-autorit-jusuf-buxhovi\\\/\"},\"author\":{\"name\":\"admin\",\"@id\":\"https:\\\/\\\/fjala.info\\\/2009-2015\\\/#\\\/schema\\\/person\\\/3aa1163ef05469c496fc94e77611ada2\"},\"headline\":\"\u201dHistoria e Kosov\u00ebs\u201d me tri v\u00ebllime, t\u00eb autorit Jusuf Buxhovi\",\"datePublished\":\"2012-01-29T21:04:33+00:00\",\"mainEntityOfPage\":{\"@id\":\"https:\\\/\\\/fjala.info\\\/2009-2015\\\/historia-e-kosoves-me-tri-vellime-te-autorit-jusuf-buxhovi\\\/\"},\"wordCount\":655,\"commentCount\":2,\"publisher\":{\"@id\":\"https:\\\/\\\/fjala.info\\\/2009-2015\\\/#organization\"},\"image\":{\"@id\":\"https:\\\/\\\/fjala.info\\\/2009-2015\\\/historia-e-kosoves-me-tri-vellime-te-autorit-jusuf-buxhovi\\\/#primaryimage\"},\"thumbnailUrl\":\"http:\\\/\\\/www.shkoder.net\\\/2012\\\/shoqata_shkrimt_suedi_stema.jpg\",\"articleSection\":[\"Artikuj\"],\"inLanguage\":\"sq-AL\",\"potentialAction\":[{\"@type\":\"CommentAction\",\"name\":\"Comment\",\"target\":[\"https:\\\/\\\/fjala.info\\\/2009-2015\\\/historia-e-kosoves-me-tri-vellime-te-autorit-jusuf-buxhovi\\\/#respond\"]}]},{\"@type\":\"WebPage\",\"@id\":\"https:\\\/\\\/fjala.info\\\/2009-2015\\\/historia-e-kosoves-me-tri-vellime-te-autorit-jusuf-buxhovi\\\/\",\"url\":\"https:\\\/\\\/fjala.info\\\/2009-2015\\\/historia-e-kosoves-me-tri-vellime-te-autorit-jusuf-buxhovi\\\/\",\"name\":\"\u201dHistoria e Kosov\u00ebs\u201d me tri v\u00ebllime, t\u00eb autorit Jusuf Buxhovi - FjALA e LIR\u00cb - Arkivi\",\"isPartOf\":{\"@id\":\"https:\\\/\\\/fjala.info\\\/2009-2015\\\/#website\"},\"primaryImageOfPage\":{\"@id\":\"https:\\\/\\\/fjala.info\\\/2009-2015\\\/historia-e-kosoves-me-tri-vellime-te-autorit-jusuf-buxhovi\\\/#primaryimage\"},\"image\":{\"@id\":\"https:\\\/\\\/fjala.info\\\/2009-2015\\\/historia-e-kosoves-me-tri-vellime-te-autorit-jusuf-buxhovi\\\/#primaryimage\"},\"thumbnailUrl\":\"http:\\\/\\\/www.shkoder.net\\\/2012\\\/shoqata_shkrimt_suedi_stema.jpg\",\"datePublished\":\"2012-01-29T21:04:33+00:00\",\"breadcrumb\":{\"@id\":\"https:\\\/\\\/fjala.info\\\/2009-2015\\\/historia-e-kosoves-me-tri-vellime-te-autorit-jusuf-buxhovi\\\/#breadcrumb\"},\"inLanguage\":\"sq-AL\",\"potentialAction\":[{\"@type\":\"ReadAction\",\"target\":[\"https:\\\/\\\/fjala.info\\\/2009-2015\\\/historia-e-kosoves-me-tri-vellime-te-autorit-jusuf-buxhovi\\\/\"]}]},{\"@type\":\"ImageObject\",\"inLanguage\":\"sq-AL\",\"@id\":\"https:\\\/\\\/fjala.info\\\/2009-2015\\\/historia-e-kosoves-me-tri-vellime-te-autorit-jusuf-buxhovi\\\/#primaryimage\",\"url\":\"http:\\\/\\\/www.shkoder.net\\\/2012\\\/shoqata_shkrimt_suedi_stema.jpg\",\"contentUrl\":\"http:\\\/\\\/www.shkoder.net\\\/2012\\\/shoqata_shkrimt_suedi_stema.jpg\"},{\"@type\":\"BreadcrumbList\",\"@id\":\"https:\\\/\\\/fjala.info\\\/2009-2015\\\/historia-e-kosoves-me-tri-vellime-te-autorit-jusuf-buxhovi\\\/#breadcrumb\",\"itemListElement\":[{\"@type\":\"ListItem\",\"position\":1,\"name\":\"Home\",\"item\":\"https:\\\/\\\/fjala.info\\\/2009-2015\\\/\"},{\"@type\":\"ListItem\",\"position\":2,\"name\":\"\u201dHistoria e Kosov\u00ebs\u201d me tri v\u00ebllime, t\u00eb autorit Jusuf Buxhovi\"}]},{\"@type\":\"WebSite\",\"@id\":\"https:\\\/\\\/fjala.info\\\/2009-2015\\\/#website\",\"url\":\"https:\\\/\\\/fjala.info\\\/2009-2015\\\/\",\"name\":\"FjALA e LIR\u00cb - Arkivi\",\"description\":\"Arkivi 2009-2015\",\"publisher\":{\"@id\":\"https:\\\/\\\/fjala.info\\\/2009-2015\\\/#organization\"},\"potentialAction\":[{\"@type\":\"SearchAction\",\"target\":{\"@type\":\"EntryPoint\",\"urlTemplate\":\"https:\\\/\\\/fjala.info\\\/2009-2015\\\/?s={search_term_string}\"},\"query-input\":{\"@type\":\"PropertyValueSpecification\",\"valueRequired\":true,\"valueName\":\"search_term_string\"}}],\"inLanguage\":\"sq-AL\"},{\"@type\":\"Organization\",\"@id\":\"https:\\\/\\\/fjala.info\\\/2009-2015\\\/#organization\",\"name\":\"FjALA e LIR\u00cb - Arkivi\",\"url\":\"https:\\\/\\\/fjala.info\\\/2009-2015\\\/\",\"logo\":{\"@type\":\"ImageObject\",\"inLanguage\":\"sq-AL\",\"@id\":\"https:\\\/\\\/fjala.info\\\/2009-2015\\\/#\\\/schema\\\/logo\\\/image\\\/\",\"url\":\"\",\"contentUrl\":\"\",\"caption\":\"FjALA e LIR\u00cb - Arkivi\"},\"image\":{\"@id\":\"https:\\\/\\\/fjala.info\\\/2009-2015\\\/#\\\/schema\\\/logo\\\/image\\\/\"}},{\"@type\":\"Person\",\"@id\":\"https:\\\/\\\/fjala.info\\\/2009-2015\\\/#\\\/schema\\\/person\\\/3aa1163ef05469c496fc94e77611ada2\",\"name\":\"admin\",\"image\":{\"@type\":\"ImageObject\",\"inLanguage\":\"sq-AL\",\"@id\":\"https:\\\/\\\/fjala.info\\\/2009-2015\\\/wp-content\\\/uploads\\\/2012\\\/02\\\/arben_cokaj-120x150.jpg\",\"url\":\"https:\\\/\\\/fjala.info\\\/2009-2015\\\/wp-content\\\/uploads\\\/2012\\\/02\\\/arben_cokaj-120x150.jpg\",\"contentUrl\":\"https:\\\/\\\/fjala.info\\\/2009-2015\\\/wp-content\\\/uploads\\\/2012\\\/02\\\/arben_cokaj-120x150.jpg\",\"caption\":\"admin\"},\"description\":\"Admin, Fjala e Lir\u00eb\",\"sameAs\":[\"https:\\\/\\\/fjala.info\\\/\"],\"url\":\"https:\\\/\\\/fjala.info\\\/2009-2015\\\/author\\\/admin\\\/\"}]}<\/script>\n<!-- \/ Yoast SEO plugin. -->","yoast_head_json":{"title":"\u201dHistoria e Kosov\u00ebs\u201d me tri v\u00ebllime, t\u00eb autorit Jusuf Buxhovi - FjALA e LIR\u00cb - Arkivi","robots":{"index":"index","follow":"follow","max-snippet":"max-snippet:-1","max-image-preview":"max-image-preview:large","max-video-preview":"max-video-preview:-1"},"canonical":"https:\/\/fjala.info\/2009-2015\/historia-e-kosoves-me-tri-vellime-te-autorit-jusuf-buxhovi\/","og_locale":"sq_AL","og_type":"article","og_title":"\u201dHistoria e Kosov\u00ebs\u201d me tri v\u00ebllime, t\u00eb autorit Jusuf Buxhovi - FjALA e LIR\u00cb - Arkivi","og_description":"z. Jusuf Buxhovi me sukses nxori n\u00eb drit\u00eb t\u00eb kaluar\u00ebn autentike dhe hedh\u00eb posht\u00eb popaganden grekofile q\u00eb u p\u00ebrpoq\u00ebn p\u00ebr t\u00eb shtremb\u00ebruar dhe gjymtuar historin\u00eb e popullit ton\u00eb \u2013 shkruan Hysen Ibrahimi, kryetar i Shoqat\u00ebs s\u00eb Shkrimtar\u00ebve, Artist\u00ebve dhe Krijuesve Shqiptar\u00eb \u201dPapa Klementi XI Albani\u201d n\u00eb Suedi. N\u00eb janar 2012, doli libri i par\u00eb \u201dHistoria [&hellip;]","og_url":"https:\/\/fjala.info\/2009-2015\/historia-e-kosoves-me-tri-vellime-te-autorit-jusuf-buxhovi\/","og_site_name":"FjALA e LIR\u00cb - Arkivi","article_published_time":"2012-01-29T21:04:33+00:00","og_image":[{"url":"http:\/\/www.shkoder.net\/2012\/shoqata_shkrimt_suedi_stema.jpg","type":"","width":"","height":""}],"author":"admin","twitter_card":"summary_large_image","twitter_misc":{"Written by":"admin","Est. reading time":"3 minutes"},"schema":{"@context":"https:\/\/schema.org","@graph":[{"@type":"Article","@id":"https:\/\/fjala.info\/2009-2015\/historia-e-kosoves-me-tri-vellime-te-autorit-jusuf-buxhovi\/#article","isPartOf":{"@id":"https:\/\/fjala.info\/2009-2015\/historia-e-kosoves-me-tri-vellime-te-autorit-jusuf-buxhovi\/"},"author":{"name":"admin","@id":"https:\/\/fjala.info\/2009-2015\/#\/schema\/person\/3aa1163ef05469c496fc94e77611ada2"},"headline":"\u201dHistoria e Kosov\u00ebs\u201d me tri v\u00ebllime, t\u00eb autorit Jusuf Buxhovi","datePublished":"2012-01-29T21:04:33+00:00","mainEntityOfPage":{"@id":"https:\/\/fjala.info\/2009-2015\/historia-e-kosoves-me-tri-vellime-te-autorit-jusuf-buxhovi\/"},"wordCount":655,"commentCount":2,"publisher":{"@id":"https:\/\/fjala.info\/2009-2015\/#organization"},"image":{"@id":"https:\/\/fjala.info\/2009-2015\/historia-e-kosoves-me-tri-vellime-te-autorit-jusuf-buxhovi\/#primaryimage"},"thumbnailUrl":"http:\/\/www.shkoder.net\/2012\/shoqata_shkrimt_suedi_stema.jpg","articleSection":["Artikuj"],"inLanguage":"sq-AL","potentialAction":[{"@type":"CommentAction","name":"Comment","target":["https:\/\/fjala.info\/2009-2015\/historia-e-kosoves-me-tri-vellime-te-autorit-jusuf-buxhovi\/#respond"]}]},{"@type":"WebPage","@id":"https:\/\/fjala.info\/2009-2015\/historia-e-kosoves-me-tri-vellime-te-autorit-jusuf-buxhovi\/","url":"https:\/\/fjala.info\/2009-2015\/historia-e-kosoves-me-tri-vellime-te-autorit-jusuf-buxhovi\/","name":"\u201dHistoria e Kosov\u00ebs\u201d me tri v\u00ebllime, t\u00eb autorit Jusuf Buxhovi - FjALA e LIR\u00cb - Arkivi","isPartOf":{"@id":"https:\/\/fjala.info\/2009-2015\/#website"},"primaryImageOfPage":{"@id":"https:\/\/fjala.info\/2009-2015\/historia-e-kosoves-me-tri-vellime-te-autorit-jusuf-buxhovi\/#primaryimage"},"image":{"@id":"https:\/\/fjala.info\/2009-2015\/historia-e-kosoves-me-tri-vellime-te-autorit-jusuf-buxhovi\/#primaryimage"},"thumbnailUrl":"http:\/\/www.shkoder.net\/2012\/shoqata_shkrimt_suedi_stema.jpg","datePublished":"2012-01-29T21:04:33+00:00","breadcrumb":{"@id":"https:\/\/fjala.info\/2009-2015\/historia-e-kosoves-me-tri-vellime-te-autorit-jusuf-buxhovi\/#breadcrumb"},"inLanguage":"sq-AL","potentialAction":[{"@type":"ReadAction","target":["https:\/\/fjala.info\/2009-2015\/historia-e-kosoves-me-tri-vellime-te-autorit-jusuf-buxhovi\/"]}]},{"@type":"ImageObject","inLanguage":"sq-AL","@id":"https:\/\/fjala.info\/2009-2015\/historia-e-kosoves-me-tri-vellime-te-autorit-jusuf-buxhovi\/#primaryimage","url":"http:\/\/www.shkoder.net\/2012\/shoqata_shkrimt_suedi_stema.jpg","contentUrl":"http:\/\/www.shkoder.net\/2012\/shoqata_shkrimt_suedi_stema.jpg"},{"@type":"BreadcrumbList","@id":"https:\/\/fjala.info\/2009-2015\/historia-e-kosoves-me-tri-vellime-te-autorit-jusuf-buxhovi\/#breadcrumb","itemListElement":[{"@type":"ListItem","position":1,"name":"Home","item":"https:\/\/fjala.info\/2009-2015\/"},{"@type":"ListItem","position":2,"name":"\u201dHistoria e Kosov\u00ebs\u201d me tri v\u00ebllime, t\u00eb autorit Jusuf Buxhovi"}]},{"@type":"WebSite","@id":"https:\/\/fjala.info\/2009-2015\/#website","url":"https:\/\/fjala.info\/2009-2015\/","name":"FjALA e LIR\u00cb - Arkivi","description":"Arkivi 2009-2015","publisher":{"@id":"https:\/\/fjala.info\/2009-2015\/#organization"},"potentialAction":[{"@type":"SearchAction","target":{"@type":"EntryPoint","urlTemplate":"https:\/\/fjala.info\/2009-2015\/?s={search_term_string}"},"query-input":{"@type":"PropertyValueSpecification","valueRequired":true,"valueName":"search_term_string"}}],"inLanguage":"sq-AL"},{"@type":"Organization","@id":"https:\/\/fjala.info\/2009-2015\/#organization","name":"FjALA e LIR\u00cb - Arkivi","url":"https:\/\/fjala.info\/2009-2015\/","logo":{"@type":"ImageObject","inLanguage":"sq-AL","@id":"https:\/\/fjala.info\/2009-2015\/#\/schema\/logo\/image\/","url":"","contentUrl":"","caption":"FjALA e LIR\u00cb - Arkivi"},"image":{"@id":"https:\/\/fjala.info\/2009-2015\/#\/schema\/logo\/image\/"}},{"@type":"Person","@id":"https:\/\/fjala.info\/2009-2015\/#\/schema\/person\/3aa1163ef05469c496fc94e77611ada2","name":"admin","image":{"@type":"ImageObject","inLanguage":"sq-AL","@id":"https:\/\/fjala.info\/2009-2015\/wp-content\/uploads\/2012\/02\/arben_cokaj-120x150.jpg","url":"https:\/\/fjala.info\/2009-2015\/wp-content\/uploads\/2012\/02\/arben_cokaj-120x150.jpg","contentUrl":"https:\/\/fjala.info\/2009-2015\/wp-content\/uploads\/2012\/02\/arben_cokaj-120x150.jpg","caption":"admin"},"description":"Admin, Fjala e Lir\u00eb","sameAs":["https:\/\/fjala.info\/"],"url":"https:\/\/fjala.info\/2009-2015\/author\/admin\/"}]}},"_links":{"self":[{"href":"https:\/\/fjala.info\/2009-2015\/wp-json\/wp\/v2\/posts\/1488","targetHints":{"allow":["GET"]}}],"collection":[{"href":"https:\/\/fjala.info\/2009-2015\/wp-json\/wp\/v2\/posts"}],"about":[{"href":"https:\/\/fjala.info\/2009-2015\/wp-json\/wp\/v2\/types\/post"}],"author":[{"embeddable":true,"href":"https:\/\/fjala.info\/2009-2015\/wp-json\/wp\/v2\/users\/1"}],"replies":[{"embeddable":true,"href":"https:\/\/fjala.info\/2009-2015\/wp-json\/wp\/v2\/comments?post=1488"}],"version-history":[{"count":0,"href":"https:\/\/fjala.info\/2009-2015\/wp-json\/wp\/v2\/posts\/1488\/revisions"}],"wp:attachment":[{"href":"https:\/\/fjala.info\/2009-2015\/wp-json\/wp\/v2\/media?parent=1488"}],"wp:term":[{"taxonomy":"category","embeddable":true,"href":"https:\/\/fjala.info\/2009-2015\/wp-json\/wp\/v2\/categories?post=1488"},{"taxonomy":"post_tag","embeddable":true,"href":"https:\/\/fjala.info\/2009-2015\/wp-json\/wp\/v2\/tags?post=1488"}],"curies":[{"name":"wp","href":"https:\/\/api.w.org\/{rel}","templated":true}]}}