{"id":1484,"date":"2012-01-29T21:45:53","date_gmt":"2012-01-29T20:45:53","guid":{"rendered":"http:\/\/fjala.shkoder.net\/?p=1484"},"modified":"2012-01-29T21:45:53","modified_gmt":"2012-01-29T20:45:53","slug":"40-vjet-nga-ndarja-me-prozatorin-e-madh-italian","status":"publish","type":"post","link":"https:\/\/fjala.info\/2009-2015\/40-vjet-nga-ndarja-me-prozatorin-e-madh-italian\/","title":{"rendered":"40 vjet nga ndarja me prozatorin e madh italian"},"content":{"rendered":"<p><img decoding=\"async\" class=\"alignright size-thumbnail wp-image-7236\" title=\"Arjan Th. Kall\u00e7o\" src=\"http:\/\/www.shkoder.net\/images\/fjala\/2011\/arjan_kallco.jpg\" alt=\"\" width=\"150\" \/> <strong>Arjan Th. Kall\u00e7o<\/strong><\/p>\n<p>M\u00eb 28 janar 1972 nd\u00ebroi jet\u00eb nj\u00eb prej figurave m\u00eb t\u00eb shquara t\u00eb let\u00ebrsis\u00eb italiane dhe q\u00eb shum\u00eb prej nesh e njohim nga veprat e tij t\u00eb mrekullueshme q\u00eb ai shkroi. Buzzati nuk ishte vet\u00ebm nj\u00eb gazetar i njohur p\u00ebr pen\u00ebn e tij, por ishte gazetar, shkrimtar, dramaturg, libretist dhe piktor. Nuk po ndalem tek jeta e tij dhe veprat, shpresoj t\u00eb kem koh\u00eb p\u00ebr nj\u00eb shkrim tjet\u00ebr, por tek nj\u00eb prej m\u00ebsimeve t\u00eb tij m\u00eb t\u00eb vyera, modestin\u00eb dhe thjesht\u00ebsin\u00eb, pik\u00ebrisht kur k\u00ebrkonte me k\u00ebmb\u00ebngulje nj\u00eb mendim t\u00eb nj\u00eb miku dhe shkrimtari tjet\u00ebr, lidhur me botimet e ndryshme q\u00eb kishte nd\u00ebrmend t\u00eb realizonte.<\/p>\n<p>Buzzati nuk ishte shkrimtari q\u00eb nuk kishte nevoj\u00eb p\u00ebr nj\u00eb k\u00ebshill\u00eb t\u00eb mir\u00eb, p\u00ebr nj\u00eb z\u00eb q\u00eb t\u00eb mund t\u00eb vinte n\u00eb dukje an\u00ebt pozitive dhe difektet e vepr\u00ebs, por njeriu shkrimtar dhe gazetar q\u00eb e vler\u00ebsonte dhe e merrte n\u00eb konsiderat\u00eb at\u00eb. E n\u00eb nj\u00eb ballafaqim me koh\u00ebn e sotme, edhe tek ne kur botimet e librave jan\u00eb shtuar me nj\u00eb rit\u00ebm marramend\u00ebs dhe kur promovimet nuk kan\u00eb n\u00eb qend\u00ebr t\u00eb v\u00ebmendjes kritik\u00ebn mbi librin, ky leksion i nxjerr\u00eb nga nj\u00eb let\u00ebr, \u00ebsht\u00eb testamenti m\u00eb i vyer q\u00eb ai ka l\u00ebn\u00eb.<\/p>\n<p>Kush t\u00eb doj\u00eb, natyrisht brenda kufijve t\u00eb d\u00ebshir\u00ebs p\u00ebr t\u00eb patur kritik\u00ebn si udh\u00ebrr\u00ebfyese n\u00eb krijimtarin\u00eb e vet, duhet t\u00eb m\u00ebsoj\u00eb prej modestis\u00eb s\u00eb tij dhe ta marr\u00eb at\u00eb si shembull, q\u00eb t\u00eb mos thot\u00eb m\u00eb pas se nuk e dija, apo nuk e mendoja k\u00ebshtu, apo nuk na m\u00eb duhet kritika. M\u00eb posht\u00eb po sjell letr\u00ebn q\u00eb ai ia d\u00ebrgoi mikut t\u00eb tij Vittorio Sereni, shkrimtar dhe poet. Italian i shekullit t\u00eb kaluar&#8230;<\/p>\n<p>I dashur Sereni,<\/p>\n<p>para s\u00eb gjithash, shum\u00eb urime nga zemra p\u00ebr vitin e ri. Kam q\u00ebn\u00eb larg gati nj\u00eb muaj, n\u00eb Amerik\u00eb, i ngarkuar nga gazeta. Duke u kthyer, shpresoja q\u00eb t\u00eb gjeja p\u00ebrgjigjen t\u00ebnde p\u00ebr letr\u00ebn time q\u00eb ta d\u00ebrgova rreth nj\u00eb muaj m\u00eb par\u00eb, q\u00eb lidhet me pun\u00ebn q\u00eb synoj t\u00eb b\u00ebj : librin, romanin, poem\u00ebn me vizatime. E di mir\u00eb, ndoshta nuk do t\u2019ia dal mban\u00eb, ndoshta edhe do t\u00eb gaboj. Por n\u00ebse ia dal mban\u00eb, jam i sigurt\u00eb se do t\u00eb jet\u00eb nj\u00eb gj\u00eb interesante dhe e denj\u00eb : pse jo, si\u00e7 \u00ebsht\u00eb aspirata ime e fsheht\u00eb, nj\u00eb vep\u00ebr e v\u00ebrtet\u00eb me poezi. Mir\u00eb. Heshtja jote m\u00eb ka ngjallur dyshimin se ideja, e miratuar prej teje, ka gjetur objeksione gjetk\u00eb. A ka mund\u00ebsi? Nga ana tjet\u00ebr do t\u00eb ma kishe th\u00ebn\u00eb, mendoj.<\/p>\n<p>Megjithat\u00eb, duke e shmangur a priori k\u00ebt\u00eb hipotez\u00eb ogurzez\u00eb, po ta p\u00ebrs\u00ebrit k\u00ebrkes\u00ebn p\u00ebr sqarime, pa t\u00eb cilat nuk mund t\u2019i futem pun\u00ebs. .. Po t\u00eb mos zgjidhen t\u00eb gjitha k\u00ebto \u00e7\u00ebshtje me let\u00ebr, t\u00eb lutem t\u00eb m\u00eb ftosh q\u00eb t\u00eb flasim gojarisht p\u00ebr t\u00eb. Mbi t\u00eb gjitha t\u00eb lutem t\u00eb mos qesh\u00ebsh, t\u00eb mos besosh n\u00eb nj\u00eb shaka apo loj\u00eb. \u00cbsht\u00eb puna q\u00eb tash m\u00eb intereson m\u00eb shum\u00eb se \u00e7do gj\u00eb tjet\u00ebr. T\u00eb p\u00ebrsh\u00ebndet dhe t\u00eb falenderoj. Pres urdh\u00ebra.<\/p>\n<p>Me dashuri<\/p>\n<p>Dino Buzzati<\/p>\n","protected":false},"excerpt":{"rendered":"<p>Arjan Th. Kall\u00e7o M\u00eb 28 janar 1972 nd\u00ebroi jet\u00eb nj\u00eb prej figurave m\u00eb t\u00eb shquara t\u00eb let\u00ebrsis\u00eb italiane dhe q\u00eb shum\u00eb prej nesh e njohim nga veprat e tij t\u00eb mrekullueshme q\u00eb ai shkroi. Buzzati nuk ishte vet\u00ebm nj\u00eb gazetar i njohur p\u00ebr pen\u00ebn e tij, por ishte gazetar, shkrimtar, dramaturg, libretist dhe piktor. Nuk [&hellip;]<\/p>\n","protected":false},"author":1,"featured_media":0,"comment_status":"closed","ping_status":"closed","sticky":false,"template":"","format":"standard","meta":{"footnotes":""},"categories":[2,7],"tags":[],"class_list":{"0":"post-1484","1":"post","2":"type-post","3":"status-publish","4":"format-standard","6":"category-artikuj","7":"category-letersi"},"yoast_head":"<!-- This site is optimized with the Yoast SEO plugin v27.4 - https:\/\/yoast.com\/product\/yoast-seo-wordpress\/ -->\n<title>40 vjet nga ndarja me prozatorin e madh italian - FjALA e LIR\u00cb - Arkivi<\/title>\n<meta name=\"robots\" content=\"index, follow, max-snippet:-1, max-image-preview:large, max-video-preview:-1\" \/>\n<link rel=\"canonical\" href=\"https:\/\/fjala.info\/2009-2015\/40-vjet-nga-ndarja-me-prozatorin-e-madh-italian\/\" \/>\n<meta property=\"og:locale\" content=\"sq_AL\" \/>\n<meta property=\"og:type\" content=\"article\" \/>\n<meta property=\"og:title\" content=\"40 vjet nga ndarja me prozatorin e madh italian - FjALA e LIR\u00cb - Arkivi\" \/>\n<meta property=\"og:description\" content=\"Arjan Th. Kall\u00e7o M\u00eb 28 janar 1972 nd\u00ebroi jet\u00eb nj\u00eb prej figurave m\u00eb t\u00eb shquara t\u00eb let\u00ebrsis\u00eb italiane dhe q\u00eb shum\u00eb prej nesh e njohim nga veprat e tij t\u00eb mrekullueshme q\u00eb ai shkroi. Buzzati nuk ishte vet\u00ebm nj\u00eb gazetar i njohur p\u00ebr pen\u00ebn e tij, por ishte gazetar, shkrimtar, dramaturg, libretist dhe piktor. Nuk [&hellip;]\" \/>\n<meta property=\"og:url\" content=\"https:\/\/fjala.info\/2009-2015\/40-vjet-nga-ndarja-me-prozatorin-e-madh-italian\/\" \/>\n<meta property=\"og:site_name\" content=\"FjALA e LIR\u00cb - Arkivi\" \/>\n<meta property=\"article:published_time\" content=\"2012-01-29T20:45:53+00:00\" \/>\n<meta property=\"og:image\" content=\"http:\/\/www.shkoder.net\/images\/fjala\/2011\/arjan_kallco.jpg\" \/>\n<meta name=\"author\" content=\"admin\" \/>\n<meta name=\"twitter:card\" content=\"summary_large_image\" \/>\n<meta name=\"twitter:label1\" content=\"Written by\" \/>\n\t<meta name=\"twitter:data1\" content=\"admin\" \/>\n\t<meta name=\"twitter:label2\" content=\"Est. reading time\" \/>\n\t<meta name=\"twitter:data2\" content=\"3 minutes\" \/>\n<script type=\"application\/ld+json\" class=\"yoast-schema-graph\">{\"@context\":\"https:\\\/\\\/schema.org\",\"@graph\":[{\"@type\":\"Article\",\"@id\":\"https:\\\/\\\/fjala.info\\\/2009-2015\\\/40-vjet-nga-ndarja-me-prozatorin-e-madh-italian\\\/#article\",\"isPartOf\":{\"@id\":\"https:\\\/\\\/fjala.info\\\/2009-2015\\\/40-vjet-nga-ndarja-me-prozatorin-e-madh-italian\\\/\"},\"author\":{\"name\":\"admin\",\"@id\":\"https:\\\/\\\/fjala.info\\\/2009-2015\\\/#\\\/schema\\\/person\\\/3aa1163ef05469c496fc94e77611ada2\"},\"headline\":\"40 vjet nga ndarja me prozatorin e madh italian\",\"datePublished\":\"2012-01-29T20:45:53+00:00\",\"mainEntityOfPage\":{\"@id\":\"https:\\\/\\\/fjala.info\\\/2009-2015\\\/40-vjet-nga-ndarja-me-prozatorin-e-madh-italian\\\/\"},\"wordCount\":569,\"publisher\":{\"@id\":\"https:\\\/\\\/fjala.info\\\/2009-2015\\\/#organization\"},\"image\":{\"@id\":\"https:\\\/\\\/fjala.info\\\/2009-2015\\\/40-vjet-nga-ndarja-me-prozatorin-e-madh-italian\\\/#primaryimage\"},\"thumbnailUrl\":\"http:\\\/\\\/www.shkoder.net\\\/images\\\/fjala\\\/2011\\\/arjan_kallco.jpg\",\"articleSection\":[\"Artikuj\",\"Let\u00ebrsi\"],\"inLanguage\":\"sq-AL\"},{\"@type\":\"WebPage\",\"@id\":\"https:\\\/\\\/fjala.info\\\/2009-2015\\\/40-vjet-nga-ndarja-me-prozatorin-e-madh-italian\\\/\",\"url\":\"https:\\\/\\\/fjala.info\\\/2009-2015\\\/40-vjet-nga-ndarja-me-prozatorin-e-madh-italian\\\/\",\"name\":\"40 vjet nga ndarja me prozatorin e madh italian - FjALA e LIR\u00cb - Arkivi\",\"isPartOf\":{\"@id\":\"https:\\\/\\\/fjala.info\\\/2009-2015\\\/#website\"},\"primaryImageOfPage\":{\"@id\":\"https:\\\/\\\/fjala.info\\\/2009-2015\\\/40-vjet-nga-ndarja-me-prozatorin-e-madh-italian\\\/#primaryimage\"},\"image\":{\"@id\":\"https:\\\/\\\/fjala.info\\\/2009-2015\\\/40-vjet-nga-ndarja-me-prozatorin-e-madh-italian\\\/#primaryimage\"},\"thumbnailUrl\":\"http:\\\/\\\/www.shkoder.net\\\/images\\\/fjala\\\/2011\\\/arjan_kallco.jpg\",\"datePublished\":\"2012-01-29T20:45:53+00:00\",\"breadcrumb\":{\"@id\":\"https:\\\/\\\/fjala.info\\\/2009-2015\\\/40-vjet-nga-ndarja-me-prozatorin-e-madh-italian\\\/#breadcrumb\"},\"inLanguage\":\"sq-AL\",\"potentialAction\":[{\"@type\":\"ReadAction\",\"target\":[\"https:\\\/\\\/fjala.info\\\/2009-2015\\\/40-vjet-nga-ndarja-me-prozatorin-e-madh-italian\\\/\"]}]},{\"@type\":\"ImageObject\",\"inLanguage\":\"sq-AL\",\"@id\":\"https:\\\/\\\/fjala.info\\\/2009-2015\\\/40-vjet-nga-ndarja-me-prozatorin-e-madh-italian\\\/#primaryimage\",\"url\":\"http:\\\/\\\/www.shkoder.net\\\/images\\\/fjala\\\/2011\\\/arjan_kallco.jpg\",\"contentUrl\":\"http:\\\/\\\/www.shkoder.net\\\/images\\\/fjala\\\/2011\\\/arjan_kallco.jpg\"},{\"@type\":\"BreadcrumbList\",\"@id\":\"https:\\\/\\\/fjala.info\\\/2009-2015\\\/40-vjet-nga-ndarja-me-prozatorin-e-madh-italian\\\/#breadcrumb\",\"itemListElement\":[{\"@type\":\"ListItem\",\"position\":1,\"name\":\"Home\",\"item\":\"https:\\\/\\\/fjala.info\\\/2009-2015\\\/\"},{\"@type\":\"ListItem\",\"position\":2,\"name\":\"40 vjet nga ndarja me prozatorin e madh italian\"}]},{\"@type\":\"WebSite\",\"@id\":\"https:\\\/\\\/fjala.info\\\/2009-2015\\\/#website\",\"url\":\"https:\\\/\\\/fjala.info\\\/2009-2015\\\/\",\"name\":\"FjALA e LIR\u00cb - Arkivi\",\"description\":\"Arkivi 2009-2015\",\"publisher\":{\"@id\":\"https:\\\/\\\/fjala.info\\\/2009-2015\\\/#organization\"},\"potentialAction\":[{\"@type\":\"SearchAction\",\"target\":{\"@type\":\"EntryPoint\",\"urlTemplate\":\"https:\\\/\\\/fjala.info\\\/2009-2015\\\/?s={search_term_string}\"},\"query-input\":{\"@type\":\"PropertyValueSpecification\",\"valueRequired\":true,\"valueName\":\"search_term_string\"}}],\"inLanguage\":\"sq-AL\"},{\"@type\":\"Organization\",\"@id\":\"https:\\\/\\\/fjala.info\\\/2009-2015\\\/#organization\",\"name\":\"FjALA e LIR\u00cb - Arkivi\",\"url\":\"https:\\\/\\\/fjala.info\\\/2009-2015\\\/\",\"logo\":{\"@type\":\"ImageObject\",\"inLanguage\":\"sq-AL\",\"@id\":\"https:\\\/\\\/fjala.info\\\/2009-2015\\\/#\\\/schema\\\/logo\\\/image\\\/\",\"url\":\"\",\"contentUrl\":\"\",\"caption\":\"FjALA e LIR\u00cb - Arkivi\"},\"image\":{\"@id\":\"https:\\\/\\\/fjala.info\\\/2009-2015\\\/#\\\/schema\\\/logo\\\/image\\\/\"}},{\"@type\":\"Person\",\"@id\":\"https:\\\/\\\/fjala.info\\\/2009-2015\\\/#\\\/schema\\\/person\\\/3aa1163ef05469c496fc94e77611ada2\",\"name\":\"admin\",\"image\":{\"@type\":\"ImageObject\",\"inLanguage\":\"sq-AL\",\"@id\":\"https:\\\/\\\/fjala.info\\\/2009-2015\\\/wp-content\\\/uploads\\\/2012\\\/02\\\/arben_cokaj-120x150.jpg\",\"url\":\"https:\\\/\\\/fjala.info\\\/2009-2015\\\/wp-content\\\/uploads\\\/2012\\\/02\\\/arben_cokaj-120x150.jpg\",\"contentUrl\":\"https:\\\/\\\/fjala.info\\\/2009-2015\\\/wp-content\\\/uploads\\\/2012\\\/02\\\/arben_cokaj-120x150.jpg\",\"caption\":\"admin\"},\"description\":\"Admin, Fjala e Lir\u00eb\",\"sameAs\":[\"https:\\\/\\\/fjala.info\\\/\"],\"url\":\"https:\\\/\\\/fjala.info\\\/2009-2015\\\/author\\\/admin\\\/\"}]}<\/script>\n<!-- \/ Yoast SEO plugin. -->","yoast_head_json":{"title":"40 vjet nga ndarja me prozatorin e madh italian - FjALA e LIR\u00cb - Arkivi","robots":{"index":"index","follow":"follow","max-snippet":"max-snippet:-1","max-image-preview":"max-image-preview:large","max-video-preview":"max-video-preview:-1"},"canonical":"https:\/\/fjala.info\/2009-2015\/40-vjet-nga-ndarja-me-prozatorin-e-madh-italian\/","og_locale":"sq_AL","og_type":"article","og_title":"40 vjet nga ndarja me prozatorin e madh italian - FjALA e LIR\u00cb - Arkivi","og_description":"Arjan Th. Kall\u00e7o M\u00eb 28 janar 1972 nd\u00ebroi jet\u00eb nj\u00eb prej figurave m\u00eb t\u00eb shquara t\u00eb let\u00ebrsis\u00eb italiane dhe q\u00eb shum\u00eb prej nesh e njohim nga veprat e tij t\u00eb mrekullueshme q\u00eb ai shkroi. Buzzati nuk ishte vet\u00ebm nj\u00eb gazetar i njohur p\u00ebr pen\u00ebn e tij, por ishte gazetar, shkrimtar, dramaturg, libretist dhe piktor. Nuk [&hellip;]","og_url":"https:\/\/fjala.info\/2009-2015\/40-vjet-nga-ndarja-me-prozatorin-e-madh-italian\/","og_site_name":"FjALA e LIR\u00cb - Arkivi","article_published_time":"2012-01-29T20:45:53+00:00","og_image":[{"url":"http:\/\/www.shkoder.net\/images\/fjala\/2011\/arjan_kallco.jpg","type":"","width":"","height":""}],"author":"admin","twitter_card":"summary_large_image","twitter_misc":{"Written by":"admin","Est. reading time":"3 minutes"},"schema":{"@context":"https:\/\/schema.org","@graph":[{"@type":"Article","@id":"https:\/\/fjala.info\/2009-2015\/40-vjet-nga-ndarja-me-prozatorin-e-madh-italian\/#article","isPartOf":{"@id":"https:\/\/fjala.info\/2009-2015\/40-vjet-nga-ndarja-me-prozatorin-e-madh-italian\/"},"author":{"name":"admin","@id":"https:\/\/fjala.info\/2009-2015\/#\/schema\/person\/3aa1163ef05469c496fc94e77611ada2"},"headline":"40 vjet nga ndarja me prozatorin e madh italian","datePublished":"2012-01-29T20:45:53+00:00","mainEntityOfPage":{"@id":"https:\/\/fjala.info\/2009-2015\/40-vjet-nga-ndarja-me-prozatorin-e-madh-italian\/"},"wordCount":569,"publisher":{"@id":"https:\/\/fjala.info\/2009-2015\/#organization"},"image":{"@id":"https:\/\/fjala.info\/2009-2015\/40-vjet-nga-ndarja-me-prozatorin-e-madh-italian\/#primaryimage"},"thumbnailUrl":"http:\/\/www.shkoder.net\/images\/fjala\/2011\/arjan_kallco.jpg","articleSection":["Artikuj","Let\u00ebrsi"],"inLanguage":"sq-AL"},{"@type":"WebPage","@id":"https:\/\/fjala.info\/2009-2015\/40-vjet-nga-ndarja-me-prozatorin-e-madh-italian\/","url":"https:\/\/fjala.info\/2009-2015\/40-vjet-nga-ndarja-me-prozatorin-e-madh-italian\/","name":"40 vjet nga ndarja me prozatorin e madh italian - FjALA e LIR\u00cb - Arkivi","isPartOf":{"@id":"https:\/\/fjala.info\/2009-2015\/#website"},"primaryImageOfPage":{"@id":"https:\/\/fjala.info\/2009-2015\/40-vjet-nga-ndarja-me-prozatorin-e-madh-italian\/#primaryimage"},"image":{"@id":"https:\/\/fjala.info\/2009-2015\/40-vjet-nga-ndarja-me-prozatorin-e-madh-italian\/#primaryimage"},"thumbnailUrl":"http:\/\/www.shkoder.net\/images\/fjala\/2011\/arjan_kallco.jpg","datePublished":"2012-01-29T20:45:53+00:00","breadcrumb":{"@id":"https:\/\/fjala.info\/2009-2015\/40-vjet-nga-ndarja-me-prozatorin-e-madh-italian\/#breadcrumb"},"inLanguage":"sq-AL","potentialAction":[{"@type":"ReadAction","target":["https:\/\/fjala.info\/2009-2015\/40-vjet-nga-ndarja-me-prozatorin-e-madh-italian\/"]}]},{"@type":"ImageObject","inLanguage":"sq-AL","@id":"https:\/\/fjala.info\/2009-2015\/40-vjet-nga-ndarja-me-prozatorin-e-madh-italian\/#primaryimage","url":"http:\/\/www.shkoder.net\/images\/fjala\/2011\/arjan_kallco.jpg","contentUrl":"http:\/\/www.shkoder.net\/images\/fjala\/2011\/arjan_kallco.jpg"},{"@type":"BreadcrumbList","@id":"https:\/\/fjala.info\/2009-2015\/40-vjet-nga-ndarja-me-prozatorin-e-madh-italian\/#breadcrumb","itemListElement":[{"@type":"ListItem","position":1,"name":"Home","item":"https:\/\/fjala.info\/2009-2015\/"},{"@type":"ListItem","position":2,"name":"40 vjet nga ndarja me prozatorin e madh italian"}]},{"@type":"WebSite","@id":"https:\/\/fjala.info\/2009-2015\/#website","url":"https:\/\/fjala.info\/2009-2015\/","name":"FjALA e LIR\u00cb - Arkivi","description":"Arkivi 2009-2015","publisher":{"@id":"https:\/\/fjala.info\/2009-2015\/#organization"},"potentialAction":[{"@type":"SearchAction","target":{"@type":"EntryPoint","urlTemplate":"https:\/\/fjala.info\/2009-2015\/?s={search_term_string}"},"query-input":{"@type":"PropertyValueSpecification","valueRequired":true,"valueName":"search_term_string"}}],"inLanguage":"sq-AL"},{"@type":"Organization","@id":"https:\/\/fjala.info\/2009-2015\/#organization","name":"FjALA e LIR\u00cb - Arkivi","url":"https:\/\/fjala.info\/2009-2015\/","logo":{"@type":"ImageObject","inLanguage":"sq-AL","@id":"https:\/\/fjala.info\/2009-2015\/#\/schema\/logo\/image\/","url":"","contentUrl":"","caption":"FjALA e LIR\u00cb - Arkivi"},"image":{"@id":"https:\/\/fjala.info\/2009-2015\/#\/schema\/logo\/image\/"}},{"@type":"Person","@id":"https:\/\/fjala.info\/2009-2015\/#\/schema\/person\/3aa1163ef05469c496fc94e77611ada2","name":"admin","image":{"@type":"ImageObject","inLanguage":"sq-AL","@id":"https:\/\/fjala.info\/2009-2015\/wp-content\/uploads\/2012\/02\/arben_cokaj-120x150.jpg","url":"https:\/\/fjala.info\/2009-2015\/wp-content\/uploads\/2012\/02\/arben_cokaj-120x150.jpg","contentUrl":"https:\/\/fjala.info\/2009-2015\/wp-content\/uploads\/2012\/02\/arben_cokaj-120x150.jpg","caption":"admin"},"description":"Admin, Fjala e Lir\u00eb","sameAs":["https:\/\/fjala.info\/"],"url":"https:\/\/fjala.info\/2009-2015\/author\/admin\/"}]}},"_links":{"self":[{"href":"https:\/\/fjala.info\/2009-2015\/wp-json\/wp\/v2\/posts\/1484","targetHints":{"allow":["GET"]}}],"collection":[{"href":"https:\/\/fjala.info\/2009-2015\/wp-json\/wp\/v2\/posts"}],"about":[{"href":"https:\/\/fjala.info\/2009-2015\/wp-json\/wp\/v2\/types\/post"}],"author":[{"embeddable":true,"href":"https:\/\/fjala.info\/2009-2015\/wp-json\/wp\/v2\/users\/1"}],"replies":[{"embeddable":true,"href":"https:\/\/fjala.info\/2009-2015\/wp-json\/wp\/v2\/comments?post=1484"}],"version-history":[{"count":0,"href":"https:\/\/fjala.info\/2009-2015\/wp-json\/wp\/v2\/posts\/1484\/revisions"}],"wp:attachment":[{"href":"https:\/\/fjala.info\/2009-2015\/wp-json\/wp\/v2\/media?parent=1484"}],"wp:term":[{"taxonomy":"category","embeddable":true,"href":"https:\/\/fjala.info\/2009-2015\/wp-json\/wp\/v2\/categories?post=1484"},{"taxonomy":"post_tag","embeddable":true,"href":"https:\/\/fjala.info\/2009-2015\/wp-json\/wp\/v2\/tags?post=1484"}],"curies":[{"name":"wp","href":"https:\/\/api.w.org\/{rel}","templated":true}]}}