{"id":1473,"date":"2012-01-28T23:50:17","date_gmt":"2012-01-28T22:50:17","guid":{"rendered":"http:\/\/fjala.shkoder.net\/?p=1473"},"modified":"2012-01-28T23:50:17","modified_gmt":"2012-01-28T22:50:17","slug":"priteni-lulezim-bashen-ne-uashington","status":"publish","type":"post","link":"https:\/\/fjala.info\/2009-2015\/priteni-lulezim-bashen-ne-uashington\/","title":{"rendered":"Priteni Lul\u00ebzim Bash\u00ebn n\u00eb Uashington!"},"content":{"rendered":"<p><img decoding=\"async\" class=\"alignright size-thumbnail wp-image-7236\" title=\"Mero Baze\" src=\"http:\/\/www.shkoder.net\/images\/fjala\/mero_baze1.jpg\" alt=\"\" width=\"150\" \/> Nga <strong>Mero Baze<\/strong>, <em>28 Janar 2012<\/em><\/p>\n<p>Lul\u00ebzim Basha do t\u00eb jet\u00eb dit\u00ebn e h\u00ebn\u00eb n\u00eb nj\u00eb simpozium n\u00eb Universitetin \u2018John Hopkins\u2019 p\u00ebr t\u00eb folur mbi takimet q\u00eb ka pasur me qytetar\u00ebt n\u00eb Tiran\u00eb, mbi ndryshimin e sistemit t\u00eb taksave dhe hartimin e nj\u00eb plani t\u00eb ri urbanistik. Udh\u00ebtimi i tij m\u00eb kujton nj\u00eb detaj q\u00eb Fatos Lubonja ma ka th\u00ebn\u00eb vite m\u00eb par\u00eb, duke besuar se Lul\u00ebzim Basha ishte ndryshe nga Berisha. \u201cE takova n\u00eb paradhom\u00ebn e Berish\u00ebs, tha, nd\u00ebrsa po hyja n\u00eb zyr\u00eb t\u00eb Berish\u00ebs, kur po m\u00eb em\u00ebronin Drejtor t\u00eb Bordit t\u00eb RTVSH. Basha sapo doli nga zyra e Berish\u00ebs, m\u00eb shtr\u00ebngoi dor\u00ebn dhe m\u00eb tha: rezistoi atij, q\u00ebndroji fort, po u dor\u00ebzove dhe ti, s\u2019ka m\u00eb shpres\u00eb\u201d. Lubonja e kishte d\u00ebgjuar me admirim dhe nuk kishte faj. P\u00ebr disa vite m\u00eb pas i ishte mbushur mendja p\u00ebr shkak t\u00eb \u201csekretit\u201d t\u00eb tij se ky njeri e ka di\u00e7ka ndryshe nga Berisha.<\/p>\n<p>Simpoziumi i sajuar \u00ebsht\u00eb nj\u00eb \u201cqok\u00eb\u201d e nj\u00eb qendre studimore pran\u00eb k\u00ebtij universiteti, e cila duket se u ka borxh di\u00e7ka lobist\u00ebve t\u00eb Berish\u00ebs n\u00eb Uashington. N\u00eb k\u00ebto dit\u00eb t\u00eb v\u00ebshtira p\u00ebr qeverin\u00eb e Sali Berish\u00ebs, kur Uashingtoni po \u201cv\u00eb n\u00eb dyshim aft\u00ebsin\u00eb e Berish\u00ebs p\u00ebr t\u00eb drejtuar vendin\u201d si\u00e7 u shpreh Bob Hand, udh\u00ebtimi i Lul\u00ebzim Bash\u00ebs privatisht n\u00eb Uashington \u00ebsht\u00eb nj\u00eb lajm i r\u00ebnd\u00ebsish\u00ebm.<\/p>\n<p>Nuk ka r\u00ebnd\u00ebsi si e trukoi marrjen e viz\u00ebs n\u00eb Tiran\u00eb. Nuk ka r\u00ebnd\u00ebsi fotoja e tij me ambasadorin amerikan dhe kryelajmi se do t\u00eb takoj\u00eb dhe kryebashkiakun e Uashingtonit. Edhe sikur t\u00eb mos e takoj\u00eb, nuk prish asnj\u00eb pun\u00eb. E r\u00ebnd\u00ebsishme k\u00ebtu \u00ebsht\u00eb fakti q\u00eb Berisha \u00ebsht\u00eb shqet\u00ebsuar seriozisht nga ftohja me Uashingtonin dhe ka nisur atje \u201ct\u00eb d\u00ebrguarin\u201d e tij.<\/p>\n<p>Tema mediok\u00ebr n\u00eb t\u00eb cil\u00ebn do t\u00eb ligj\u00ebroj\u00eb n\u00eb universitet \u00ebsht\u00eb aq banale sa me siguri do t\u00eb uroj\u00eb t\u00eb mos ia d\u00ebgjoj\u00eb dikush. Axhenda e tij ende e bardh\u00eb \u00ebsht\u00eb e gjitha n\u00eb m\u00ebshir\u00eb t\u00eb lobist\u00ebve q\u00eb po marrin miliona nga Berisha. Ata po punojn\u00eb k\u00ebto dit\u00eb ta fusin tek M\u00ebngjesi i Lutjeve, me shpres\u00eb se b\u00ebn ndonj\u00eb foto me Hillarin, ta fusin n\u00eb Departament t\u00eb Shtetit me shpres\u00eb se u mbush mendjen atyre t\u00eb thon\u00eb ndonj\u00eb fjal\u00eb pozitive, ta nxjerrin tek Z\u00ebri i Amerik\u00ebs, me shpres\u00eb se do t\u00eb shitet k\u00ebtu p\u00ebr mb\u00ebshtetje, ta citoj\u00eb ndonj\u00eb gazet\u00eb lagjeje, dhe t\u00eb thuhet se fjalimi i tij p\u00ebr kioskat dhe taksat q\u00eb ka dhjet\u00ebfishuar, pati jehon\u00eb. Udh\u00ebtimi i tij n\u00eb Uashington \u00ebsht\u00eb n\u00eb t\u00eb v\u00ebrtet\u00eb udh\u00ebtimi i makthit p\u00ebr Sali Berish\u00ebn. Ai po e nis atje, si\u00e7 nis nj\u00eb tutor ofert\u00ebn e fundit p\u00ebr kund\u00ebrshtar\u00ebt. <\/p>\n<p>E nis me p\u00ebrkushtimin e madh q\u00eb ta pranojn\u00eb me \u00e7do \u00e7mim si ofert\u00eb p\u00ebr paqe. N\u00ebse duhet q\u00eb Lul\u00ebzimi t\u00eb kritikoj\u00eb Sali Berish\u00ebn, ka leje ta b\u00ebj\u00eb, n\u00ebse duhet t\u00eb thot\u00eb q\u00eb ne t\u00eb rinjt\u00eb jemi ndryshe nga ai, ka leje ta b\u00ebj\u00eb, n\u00ebse duhet tu thot\u00eb na jepni dhe nj\u00eb shans pas presidentit se do ta izolojm\u00eb Berish\u00ebn, ai ka leje ta b\u00ebj\u00eb, n\u00ebse duhet t\u00eb thot\u00eb Berisha \u00ebsht\u00eb nervoz dhe i nd\u00ebrlikon pun\u00ebt me retorik\u00ebn e tij, ai ka leje ta b\u00ebj\u00eb, n\u00ebse duhet t\u00eb k\u00ebrkoj\u00eb falje pse Berisha nuk pranon vrasjet e FBI, ai ka leje ta b\u00ebj\u00eb, dhe n\u00eb fund fare n\u00ebse duhet t\u00eb sillet si i penduar dhe t\u00eb tregoj\u00eb si ai bodigardi i Berish\u00ebs fotot e vras\u00ebsve, dhe at\u00eb ka leje ta b\u00ebj\u00eb. Misioni i tij \u00ebsht\u00eb thjesht t\u2019i g\u00ebnjej\u00eb ata q\u00eb ta shtyjn\u00eb dhe pak luft\u00ebn, ta shtyjn\u00eb dhe pak besimin tek Berisha, ta l\u00ebn\u00eb t\u00eb marr\u00eb dhe Presidentin dhe kryeprokurorin e SHISH. Pastaj s\u2019ka r\u00ebnd\u00ebsi se fiton vet\u00eb.<\/p>\n<p>Ky \u00ebsht\u00eb misioni q\u00eb i shkon shum\u00eb p\u00ebr shtat k\u00ebtij njeriu. Si nj\u00eb \u201cdandy\u201d q\u00eb Berisha e nxjerr n\u00eb treg sa her\u00eb nuk ia del dot si burr\u00eb me kund\u00ebrshtar\u00ebt e tij n\u00eb Per\u00ebndim, Lul\u00ebzim Basha ka leje t\u00eb thot\u00eb gjith\u00e7ka duan t\u00eb d\u00ebgjojn\u00eb n\u00eb Uashington p\u00ebr Berish\u00ebn, mjafton q\u00eb ata ta falin duke menduar se kan\u00eb nj\u00eb njeri q\u00eb i d\u00ebgjon dhe i kupton af\u00ebr Berish\u00ebs. E ka luajtur k\u00ebt\u00eb rol kur shkoi n\u00eb gjyq p\u00ebr milionat e segmentit Rr\u00ebshen- Kalimash dhe t\u00eb huajve ua paraqiste veten si \u201cviktim\u00eb\u201d e Berish\u00ebs. Pati plot q\u00eb e besuan dhe pse ishte \u201cviktim\u00eb\u201d me leje. Po e b\u00ebn k\u00ebt\u00eb dhe me 21 Janarin, ku u shpjegon t\u00eb huajve se at\u00eb dit\u00eb ka qen\u00eb tejet i tronditur dhe gjith\u00e7ka e ka vendosur Berisha. \u00cbsht\u00eb po ashtu viktim\u00eb me leje. <\/p>\n<p>Tashm\u00eb ka shkuar n\u00eb Uashington n\u00eb nj\u00eb koh\u00eb t\u00eb keqe p\u00ebr Berish\u00ebn. \u00cbsht\u00eb i qart\u00eb \u00e7\u2019do t\u00eb d\u00ebgjoj\u00eb p\u00ebr t\u00eb, por shpreson se atje nuk jan\u00eb t\u00eb qart\u00eb \u00e7\u2019do d\u00ebgjojn\u00eb prej tij dhe mund t\u00eb g\u00ebnjehen. T\u00eb gjith\u00eb e mbajm\u00eb mend fushat\u00ebn e tij qesharake, por q\u00eb ka g\u00ebnjyer s\u00eb paku ambasadorin amerikan kur thoshte se un\u00eb jam i distancuar nga Berisha! Shikojeni sa i distancuar \u00ebsht\u00eb! Berisha n\u00eb \u00e7do mbledhje qeverie tregon dhe flet se si po punon n\u00eb Bashki, se si ka hequr disa tarifa dhe ka dhjet\u00ebfishuar shum\u00eb taksa, si Lul\u00ebzim Basha pret qytetar\u00eb dhe si b\u00ebn panaire me Kunatin e vet. Lul\u00ebzim Basha as q\u00eb nuk skuqet p\u00ebr k\u00ebt\u00eb. <\/p>\n<p>Atij nuk i intereson shum\u00eb p\u00ebrdorimi nga Berisha, nuk i intereson shum\u00eb pse g\u00ebnjen qytetar\u00ebt, apo pse s\u2019ka turp ta kthej\u00eb Bashkin\u00eb n\u00eb pron\u00eb private t\u00eb familjes s\u00eb gruas tij. Ai ka vet\u00ebm nj\u00eb aft\u00ebsi n\u00eb jet\u00eb, t\u00eb jet\u00eb n\u00eb dispozicion t\u00eb dikujt. Ka koh\u00eb q\u00eb e ka gjetur tutorin. Prej 2005 \u00ebsht\u00eb n\u00eb dispozicion t\u00eb tij. Detyra e tij e vetme \u00ebsht\u00eb t\u00eb josh\u00eb armiqt\u00eb e Berish\u00ebs, t\u2019i zbus\u00eb ata, t\u2019i g\u00ebnjej\u00eb n\u00eb mund, t\u2019i qet\u00ebsoj\u00eb duke u shkelur syrin, t\u00eb ulen t\u00eb pin\u00eb nga nj\u00eb birr\u00eb dhe t\u00eb flasin kund\u00ebr Berish\u00ebs, t\u00eb qajn\u00eb hallin se \u201cs\u2019kan\u00eb \u00e7\u2019i b\u00ebjn\u00eb, por ja dhe nj\u00eb vit do t\u00eb jet\u00eb\u201d, dhe n\u00eb fund t\u00eb kthehet buzagaz tek Berisha dhe t\u2019i thot\u00eb \u201cua hodh\u00ebm\u201d.<\/p>\n<p>Axhenda e tij n\u00eb Uashington \u00ebsht\u00eb t\u00ebr\u00ebsisht bosh. Kjo p\u00ebr t\u00eb ndoshta \u00ebsht\u00eb leht\u00ebsi e madhe. Un\u00eb uroj q\u00eb ajo axhend\u00eb t\u00eb mbushet deri t\u00eb h\u00ebn\u00ebn. Takimi i dyshimt\u00eb me kryebashkiakun e Uashingtonit nuk ka asnj\u00eb r\u00ebnd\u00ebsi. Un\u00eb uroj ta takojn\u00eb zyrtar\u00eb t\u00eb Departamentit t\u00eb Shtetit. Uroj biles ta takojn\u00eb zyrtar\u00eb t\u00eb lart\u00eb dhe t\u2019i thon\u00eb hapur \u00e7\u2019po b\u00ebhet me rr\u00ebshqitjen e Shqip\u00ebris\u00eb. \u00cbsht\u00eb m\u00eb mir\u00eb ta fiksojn\u00eb si nj\u00eb burr\u00eb i ofruar p\u00ebr t\u2019i g\u00ebnjyer, si nj\u00eb sekser privat i pun\u00ebve t\u00eb Berish\u00ebs. \u00cbsht\u00eb m\u00eb mir\u00eb ta ken\u00eb n\u00eb mendje k\u00ebt\u00eb mashtrues ordiner kur ta shikojn\u00eb se Berisha ua punoi p\u00ebrs\u00ebri. At\u00ebher\u00eb do t\u00eb jen\u00eb m\u00eb t\u00eb qart\u00eb se i ka g\u00ebnjyer p\u00ebrs\u00ebri Berisha.<\/p>\n","protected":false},"excerpt":{"rendered":"<p>Nga Mero Baze, 28 Janar 2012 Lul\u00ebzim Basha do t\u00eb jet\u00eb dit\u00ebn e h\u00ebn\u00eb n\u00eb nj\u00eb simpozium n\u00eb Universitetin \u2018John Hopkins\u2019 p\u00ebr t\u00eb folur mbi takimet q\u00eb ka pasur me qytetar\u00ebt n\u00eb Tiran\u00eb, mbi ndryshimin e sistemit t\u00eb taksave dhe hartimin e nj\u00eb plani t\u00eb ri urbanistik. Udh\u00ebtimi i tij m\u00eb kujton nj\u00eb detaj q\u00eb [&hellip;]<\/p>\n","protected":false},"author":1,"featured_media":0,"comment_status":"open","ping_status":"closed","sticky":false,"template":"","format":"standard","meta":{"footnotes":""},"categories":[2],"tags":[],"class_list":{"0":"post-1473","1":"post","2":"type-post","3":"status-publish","4":"format-standard","6":"category-artikuj"},"yoast_head":"<!-- This site is optimized with the Yoast SEO plugin v27.4 - https:\/\/yoast.com\/product\/yoast-seo-wordpress\/ -->\n<title>Priteni Lul\u00ebzim Bash\u00ebn n\u00eb Uashington! - FjALA e LIR\u00cb - Arkivi<\/title>\n<meta name=\"robots\" content=\"index, follow, max-snippet:-1, max-image-preview:large, max-video-preview:-1\" \/>\n<link rel=\"canonical\" href=\"https:\/\/fjala.info\/2009-2015\/priteni-lulezim-bashen-ne-uashington\/\" \/>\n<meta property=\"og:locale\" content=\"sq_AL\" \/>\n<meta property=\"og:type\" content=\"article\" \/>\n<meta property=\"og:title\" content=\"Priteni Lul\u00ebzim Bash\u00ebn n\u00eb Uashington! - FjALA e LIR\u00cb - Arkivi\" \/>\n<meta property=\"og:description\" content=\"Nga Mero Baze, 28 Janar 2012 Lul\u00ebzim Basha do t\u00eb jet\u00eb dit\u00ebn e h\u00ebn\u00eb n\u00eb nj\u00eb simpozium n\u00eb Universitetin \u2018John Hopkins\u2019 p\u00ebr t\u00eb folur mbi takimet q\u00eb ka pasur me qytetar\u00ebt n\u00eb Tiran\u00eb, mbi ndryshimin e sistemit t\u00eb taksave dhe hartimin e nj\u00eb plani t\u00eb ri urbanistik. Udh\u00ebtimi i tij m\u00eb kujton nj\u00eb detaj q\u00eb [&hellip;]\" \/>\n<meta property=\"og:url\" content=\"https:\/\/fjala.info\/2009-2015\/priteni-lulezim-bashen-ne-uashington\/\" \/>\n<meta property=\"og:site_name\" content=\"FjALA e LIR\u00cb - Arkivi\" \/>\n<meta property=\"article:published_time\" content=\"2012-01-28T22:50:17+00:00\" \/>\n<meta property=\"og:image\" content=\"http:\/\/www.shkoder.net\/images\/fjala\/mero_baze1.jpg\" \/>\n<meta name=\"author\" content=\"admin\" \/>\n<meta name=\"twitter:card\" content=\"summary_large_image\" \/>\n<meta name=\"twitter:label1\" content=\"Written by\" \/>\n\t<meta name=\"twitter:data1\" content=\"admin\" \/>\n\t<meta name=\"twitter:label2\" content=\"Est. reading time\" \/>\n\t<meta name=\"twitter:data2\" content=\"6 minutes\" \/>\n<script type=\"application\/ld+json\" class=\"yoast-schema-graph\">{\"@context\":\"https:\\\/\\\/schema.org\",\"@graph\":[{\"@type\":\"Article\",\"@id\":\"https:\\\/\\\/fjala.info\\\/2009-2015\\\/priteni-lulezim-bashen-ne-uashington\\\/#article\",\"isPartOf\":{\"@id\":\"https:\\\/\\\/fjala.info\\\/2009-2015\\\/priteni-lulezim-bashen-ne-uashington\\\/\"},\"author\":{\"name\":\"admin\",\"@id\":\"https:\\\/\\\/fjala.info\\\/2009-2015\\\/#\\\/schema\\\/person\\\/3aa1163ef05469c496fc94e77611ada2\"},\"headline\":\"Priteni Lul\u00ebzim Bash\u00ebn n\u00eb Uashington!\",\"datePublished\":\"2012-01-28T22:50:17+00:00\",\"mainEntityOfPage\":{\"@id\":\"https:\\\/\\\/fjala.info\\\/2009-2015\\\/priteni-lulezim-bashen-ne-uashington\\\/\"},\"wordCount\":1263,\"commentCount\":0,\"publisher\":{\"@id\":\"https:\\\/\\\/fjala.info\\\/2009-2015\\\/#organization\"},\"image\":{\"@id\":\"https:\\\/\\\/fjala.info\\\/2009-2015\\\/priteni-lulezim-bashen-ne-uashington\\\/#primaryimage\"},\"thumbnailUrl\":\"http:\\\/\\\/www.shkoder.net\\\/images\\\/fjala\\\/mero_baze1.jpg\",\"articleSection\":[\"Artikuj\"],\"inLanguage\":\"sq-AL\",\"potentialAction\":[{\"@type\":\"CommentAction\",\"name\":\"Comment\",\"target\":[\"https:\\\/\\\/fjala.info\\\/2009-2015\\\/priteni-lulezim-bashen-ne-uashington\\\/#respond\"]}]},{\"@type\":\"WebPage\",\"@id\":\"https:\\\/\\\/fjala.info\\\/2009-2015\\\/priteni-lulezim-bashen-ne-uashington\\\/\",\"url\":\"https:\\\/\\\/fjala.info\\\/2009-2015\\\/priteni-lulezim-bashen-ne-uashington\\\/\",\"name\":\"Priteni Lul\u00ebzim Bash\u00ebn n\u00eb Uashington! - FjALA e LIR\u00cb - Arkivi\",\"isPartOf\":{\"@id\":\"https:\\\/\\\/fjala.info\\\/2009-2015\\\/#website\"},\"primaryImageOfPage\":{\"@id\":\"https:\\\/\\\/fjala.info\\\/2009-2015\\\/priteni-lulezim-bashen-ne-uashington\\\/#primaryimage\"},\"image\":{\"@id\":\"https:\\\/\\\/fjala.info\\\/2009-2015\\\/priteni-lulezim-bashen-ne-uashington\\\/#primaryimage\"},\"thumbnailUrl\":\"http:\\\/\\\/www.shkoder.net\\\/images\\\/fjala\\\/mero_baze1.jpg\",\"datePublished\":\"2012-01-28T22:50:17+00:00\",\"breadcrumb\":{\"@id\":\"https:\\\/\\\/fjala.info\\\/2009-2015\\\/priteni-lulezim-bashen-ne-uashington\\\/#breadcrumb\"},\"inLanguage\":\"sq-AL\",\"potentialAction\":[{\"@type\":\"ReadAction\",\"target\":[\"https:\\\/\\\/fjala.info\\\/2009-2015\\\/priteni-lulezim-bashen-ne-uashington\\\/\"]}]},{\"@type\":\"ImageObject\",\"inLanguage\":\"sq-AL\",\"@id\":\"https:\\\/\\\/fjala.info\\\/2009-2015\\\/priteni-lulezim-bashen-ne-uashington\\\/#primaryimage\",\"url\":\"http:\\\/\\\/www.shkoder.net\\\/images\\\/fjala\\\/mero_baze1.jpg\",\"contentUrl\":\"http:\\\/\\\/www.shkoder.net\\\/images\\\/fjala\\\/mero_baze1.jpg\"},{\"@type\":\"BreadcrumbList\",\"@id\":\"https:\\\/\\\/fjala.info\\\/2009-2015\\\/priteni-lulezim-bashen-ne-uashington\\\/#breadcrumb\",\"itemListElement\":[{\"@type\":\"ListItem\",\"position\":1,\"name\":\"Home\",\"item\":\"https:\\\/\\\/fjala.info\\\/2009-2015\\\/\"},{\"@type\":\"ListItem\",\"position\":2,\"name\":\"Priteni Lul\u00ebzim Bash\u00ebn n\u00eb Uashington!\"}]},{\"@type\":\"WebSite\",\"@id\":\"https:\\\/\\\/fjala.info\\\/2009-2015\\\/#website\",\"url\":\"https:\\\/\\\/fjala.info\\\/2009-2015\\\/\",\"name\":\"FjALA e LIR\u00cb - Arkivi\",\"description\":\"Arkivi 2009-2015\",\"publisher\":{\"@id\":\"https:\\\/\\\/fjala.info\\\/2009-2015\\\/#organization\"},\"potentialAction\":[{\"@type\":\"SearchAction\",\"target\":{\"@type\":\"EntryPoint\",\"urlTemplate\":\"https:\\\/\\\/fjala.info\\\/2009-2015\\\/?s={search_term_string}\"},\"query-input\":{\"@type\":\"PropertyValueSpecification\",\"valueRequired\":true,\"valueName\":\"search_term_string\"}}],\"inLanguage\":\"sq-AL\"},{\"@type\":\"Organization\",\"@id\":\"https:\\\/\\\/fjala.info\\\/2009-2015\\\/#organization\",\"name\":\"FjALA e LIR\u00cb - Arkivi\",\"url\":\"https:\\\/\\\/fjala.info\\\/2009-2015\\\/\",\"logo\":{\"@type\":\"ImageObject\",\"inLanguage\":\"sq-AL\",\"@id\":\"https:\\\/\\\/fjala.info\\\/2009-2015\\\/#\\\/schema\\\/logo\\\/image\\\/\",\"url\":\"\",\"contentUrl\":\"\",\"caption\":\"FjALA e LIR\u00cb - Arkivi\"},\"image\":{\"@id\":\"https:\\\/\\\/fjala.info\\\/2009-2015\\\/#\\\/schema\\\/logo\\\/image\\\/\"}},{\"@type\":\"Person\",\"@id\":\"https:\\\/\\\/fjala.info\\\/2009-2015\\\/#\\\/schema\\\/person\\\/3aa1163ef05469c496fc94e77611ada2\",\"name\":\"admin\",\"image\":{\"@type\":\"ImageObject\",\"inLanguage\":\"sq-AL\",\"@id\":\"https:\\\/\\\/fjala.info\\\/2009-2015\\\/wp-content\\\/uploads\\\/2012\\\/02\\\/arben_cokaj-120x150.jpg\",\"url\":\"https:\\\/\\\/fjala.info\\\/2009-2015\\\/wp-content\\\/uploads\\\/2012\\\/02\\\/arben_cokaj-120x150.jpg\",\"contentUrl\":\"https:\\\/\\\/fjala.info\\\/2009-2015\\\/wp-content\\\/uploads\\\/2012\\\/02\\\/arben_cokaj-120x150.jpg\",\"caption\":\"admin\"},\"description\":\"Admin, Fjala e Lir\u00eb\",\"sameAs\":[\"https:\\\/\\\/fjala.info\\\/\"],\"url\":\"https:\\\/\\\/fjala.info\\\/2009-2015\\\/author\\\/admin\\\/\"}]}<\/script>\n<!-- \/ Yoast SEO plugin. -->","yoast_head_json":{"title":"Priteni Lul\u00ebzim Bash\u00ebn n\u00eb Uashington! - FjALA e LIR\u00cb - Arkivi","robots":{"index":"index","follow":"follow","max-snippet":"max-snippet:-1","max-image-preview":"max-image-preview:large","max-video-preview":"max-video-preview:-1"},"canonical":"https:\/\/fjala.info\/2009-2015\/priteni-lulezim-bashen-ne-uashington\/","og_locale":"sq_AL","og_type":"article","og_title":"Priteni Lul\u00ebzim Bash\u00ebn n\u00eb Uashington! - FjALA e LIR\u00cb - Arkivi","og_description":"Nga Mero Baze, 28 Janar 2012 Lul\u00ebzim Basha do t\u00eb jet\u00eb dit\u00ebn e h\u00ebn\u00eb n\u00eb nj\u00eb simpozium n\u00eb Universitetin \u2018John Hopkins\u2019 p\u00ebr t\u00eb folur mbi takimet q\u00eb ka pasur me qytetar\u00ebt n\u00eb Tiran\u00eb, mbi ndryshimin e sistemit t\u00eb taksave dhe hartimin e nj\u00eb plani t\u00eb ri urbanistik. Udh\u00ebtimi i tij m\u00eb kujton nj\u00eb detaj q\u00eb [&hellip;]","og_url":"https:\/\/fjala.info\/2009-2015\/priteni-lulezim-bashen-ne-uashington\/","og_site_name":"FjALA e LIR\u00cb - Arkivi","article_published_time":"2012-01-28T22:50:17+00:00","og_image":[{"url":"http:\/\/www.shkoder.net\/images\/fjala\/mero_baze1.jpg","type":"","width":"","height":""}],"author":"admin","twitter_card":"summary_large_image","twitter_misc":{"Written by":"admin","Est. reading time":"6 minutes"},"schema":{"@context":"https:\/\/schema.org","@graph":[{"@type":"Article","@id":"https:\/\/fjala.info\/2009-2015\/priteni-lulezim-bashen-ne-uashington\/#article","isPartOf":{"@id":"https:\/\/fjala.info\/2009-2015\/priteni-lulezim-bashen-ne-uashington\/"},"author":{"name":"admin","@id":"https:\/\/fjala.info\/2009-2015\/#\/schema\/person\/3aa1163ef05469c496fc94e77611ada2"},"headline":"Priteni Lul\u00ebzim Bash\u00ebn n\u00eb Uashington!","datePublished":"2012-01-28T22:50:17+00:00","mainEntityOfPage":{"@id":"https:\/\/fjala.info\/2009-2015\/priteni-lulezim-bashen-ne-uashington\/"},"wordCount":1263,"commentCount":0,"publisher":{"@id":"https:\/\/fjala.info\/2009-2015\/#organization"},"image":{"@id":"https:\/\/fjala.info\/2009-2015\/priteni-lulezim-bashen-ne-uashington\/#primaryimage"},"thumbnailUrl":"http:\/\/www.shkoder.net\/images\/fjala\/mero_baze1.jpg","articleSection":["Artikuj"],"inLanguage":"sq-AL","potentialAction":[{"@type":"CommentAction","name":"Comment","target":["https:\/\/fjala.info\/2009-2015\/priteni-lulezim-bashen-ne-uashington\/#respond"]}]},{"@type":"WebPage","@id":"https:\/\/fjala.info\/2009-2015\/priteni-lulezim-bashen-ne-uashington\/","url":"https:\/\/fjala.info\/2009-2015\/priteni-lulezim-bashen-ne-uashington\/","name":"Priteni Lul\u00ebzim Bash\u00ebn n\u00eb Uashington! - FjALA e LIR\u00cb - Arkivi","isPartOf":{"@id":"https:\/\/fjala.info\/2009-2015\/#website"},"primaryImageOfPage":{"@id":"https:\/\/fjala.info\/2009-2015\/priteni-lulezim-bashen-ne-uashington\/#primaryimage"},"image":{"@id":"https:\/\/fjala.info\/2009-2015\/priteni-lulezim-bashen-ne-uashington\/#primaryimage"},"thumbnailUrl":"http:\/\/www.shkoder.net\/images\/fjala\/mero_baze1.jpg","datePublished":"2012-01-28T22:50:17+00:00","breadcrumb":{"@id":"https:\/\/fjala.info\/2009-2015\/priteni-lulezim-bashen-ne-uashington\/#breadcrumb"},"inLanguage":"sq-AL","potentialAction":[{"@type":"ReadAction","target":["https:\/\/fjala.info\/2009-2015\/priteni-lulezim-bashen-ne-uashington\/"]}]},{"@type":"ImageObject","inLanguage":"sq-AL","@id":"https:\/\/fjala.info\/2009-2015\/priteni-lulezim-bashen-ne-uashington\/#primaryimage","url":"http:\/\/www.shkoder.net\/images\/fjala\/mero_baze1.jpg","contentUrl":"http:\/\/www.shkoder.net\/images\/fjala\/mero_baze1.jpg"},{"@type":"BreadcrumbList","@id":"https:\/\/fjala.info\/2009-2015\/priteni-lulezim-bashen-ne-uashington\/#breadcrumb","itemListElement":[{"@type":"ListItem","position":1,"name":"Home","item":"https:\/\/fjala.info\/2009-2015\/"},{"@type":"ListItem","position":2,"name":"Priteni Lul\u00ebzim Bash\u00ebn n\u00eb Uashington!"}]},{"@type":"WebSite","@id":"https:\/\/fjala.info\/2009-2015\/#website","url":"https:\/\/fjala.info\/2009-2015\/","name":"FjALA e LIR\u00cb - Arkivi","description":"Arkivi 2009-2015","publisher":{"@id":"https:\/\/fjala.info\/2009-2015\/#organization"},"potentialAction":[{"@type":"SearchAction","target":{"@type":"EntryPoint","urlTemplate":"https:\/\/fjala.info\/2009-2015\/?s={search_term_string}"},"query-input":{"@type":"PropertyValueSpecification","valueRequired":true,"valueName":"search_term_string"}}],"inLanguage":"sq-AL"},{"@type":"Organization","@id":"https:\/\/fjala.info\/2009-2015\/#organization","name":"FjALA e LIR\u00cb - Arkivi","url":"https:\/\/fjala.info\/2009-2015\/","logo":{"@type":"ImageObject","inLanguage":"sq-AL","@id":"https:\/\/fjala.info\/2009-2015\/#\/schema\/logo\/image\/","url":"","contentUrl":"","caption":"FjALA e LIR\u00cb - Arkivi"},"image":{"@id":"https:\/\/fjala.info\/2009-2015\/#\/schema\/logo\/image\/"}},{"@type":"Person","@id":"https:\/\/fjala.info\/2009-2015\/#\/schema\/person\/3aa1163ef05469c496fc94e77611ada2","name":"admin","image":{"@type":"ImageObject","inLanguage":"sq-AL","@id":"https:\/\/fjala.info\/2009-2015\/wp-content\/uploads\/2012\/02\/arben_cokaj-120x150.jpg","url":"https:\/\/fjala.info\/2009-2015\/wp-content\/uploads\/2012\/02\/arben_cokaj-120x150.jpg","contentUrl":"https:\/\/fjala.info\/2009-2015\/wp-content\/uploads\/2012\/02\/arben_cokaj-120x150.jpg","caption":"admin"},"description":"Admin, Fjala e Lir\u00eb","sameAs":["https:\/\/fjala.info\/"],"url":"https:\/\/fjala.info\/2009-2015\/author\/admin\/"}]}},"_links":{"self":[{"href":"https:\/\/fjala.info\/2009-2015\/wp-json\/wp\/v2\/posts\/1473","targetHints":{"allow":["GET"]}}],"collection":[{"href":"https:\/\/fjala.info\/2009-2015\/wp-json\/wp\/v2\/posts"}],"about":[{"href":"https:\/\/fjala.info\/2009-2015\/wp-json\/wp\/v2\/types\/post"}],"author":[{"embeddable":true,"href":"https:\/\/fjala.info\/2009-2015\/wp-json\/wp\/v2\/users\/1"}],"replies":[{"embeddable":true,"href":"https:\/\/fjala.info\/2009-2015\/wp-json\/wp\/v2\/comments?post=1473"}],"version-history":[{"count":0,"href":"https:\/\/fjala.info\/2009-2015\/wp-json\/wp\/v2\/posts\/1473\/revisions"}],"wp:attachment":[{"href":"https:\/\/fjala.info\/2009-2015\/wp-json\/wp\/v2\/media?parent=1473"}],"wp:term":[{"taxonomy":"category","embeddable":true,"href":"https:\/\/fjala.info\/2009-2015\/wp-json\/wp\/v2\/categories?post=1473"},{"taxonomy":"post_tag","embeddable":true,"href":"https:\/\/fjala.info\/2009-2015\/wp-json\/wp\/v2\/tags?post=1473"}],"curies":[{"name":"wp","href":"https:\/\/api.w.org\/{rel}","templated":true}]}}