{"id":1471,"date":"2012-01-28T23:48:41","date_gmt":"2012-01-28T22:48:41","guid":{"rendered":"http:\/\/fjala.shkoder.net\/?p=1471"},"modified":"2012-01-28T23:48:41","modified_gmt":"2012-01-28T22:48:41","slug":"e-shkruar-nga-perendimi","status":"publish","type":"post","link":"https:\/\/fjala.info\/2009-2015\/e-shkruar-nga-perendimi\/","title":{"rendered":"\u201cE shkruar\u201d nga per\u00ebndi(mi)!"},"content":{"rendered":"<p><img decoding=\"async\" class=\"alignleft size-thumbnail wp-image-7236\" title=\"Djali me flamur\" src=\"http:\/\/www.shkoder.net\/2012\/21janar11_djali_me_flamur.jpg\" alt=\"\" width=\"300\" \/> Nga <strong>Artan Xh. Duka<\/strong>, <em>28 Janar 2012<\/em><\/p>\n<p>\u2018Gropa thith\u00ebse\u2019 e 21 janarit u rihap p\u00ebrs\u00ebri dhe paniku \u00ebsht\u00eb evident. Me FBI \u2018dor\u00ebzan\u00ebs\u2019, pritshm\u00ebrit\u00eb k\u00ebsaj rradhe jan\u00eb q\u00eb \u2018mali i mbarsur t\u00eb mos pjell\u00eb nj\u00eb mi\u2019 dhe gj\u00ebrat t\u00eb shkojn\u00eb n\u00eb v\u00ebndin e vet\u00eb. P\u00ebr shum\u00ebk\u00ebnd dhe vet\u00eb per\u00ebndimin koha \u2018ul\u00ebret\u2019 p\u00ebr drejt\u00ebsi dhe nd\u00ebrsa demokracia nuk garanton imunitet nga abuzimi, ky i fundit nuk duhet t\u00eb jet\u00eb i imunizuar nga drejt\u00ebsia.<\/p>\n<p><strong>D\u00ebshmor\u00eb t\u00eb demokracis\u00eb<\/strong><\/p>\n<p>\u2018Mesha\u2019 p\u00ebrkujtimore p\u00ebr 21 janarin ishte nj\u00eb k\u00ebmban\u00eb \u2018heshtjeje\u2019 q\u00eb n\u00eb m\u00ebnyr\u00ebn sesi u organizua, kumboi shum\u00eb m\u00eb fort se \u00e7do alternativ\u00eb tjet\u00ebr e sensibilizimit mbar\u00ebkomb\u00ebtar dhe partner\u00ebve per\u00ebndimor\u00eb p\u00ebr respekt solemn dhe drejt\u00ebsi pa kompromis. Mbar\u00eb shoq\u00ebria u p\u00ebrul p\u00ebrpara kujtimit t\u00eb kat\u00ebr burrave dhe do t\u00eb ishte n\u00eb nderin e k\u00ebsaj Presidence t\u2019i shpallte \u2018D\u00ebshmor\u00eb t\u00eb Demokracis\u00eb\u2019 tashm\u00eb q\u00eb jan\u00eb t\u00eb till\u00eb n\u00eb syt\u00eb e nj\u00eb shoq\u00ebrie q\u00eb p\u00ebr fat t\u00eb keq, ende pas 20 vjet\u00ebve t\u00eb divorcit me monizmin, nxjerr t\u00eb till\u00eb n\u00eb em\u00ebr t\u00eb demokracis\u00eb.<\/p>\n<p><strong>Utopia e dor\u00ebheqjes<\/strong><\/p>\n<p>P\u00ebrvjetori i 21 janarit, ekspozoi s\u00ebrisht ndjeshm\u00ebrin\u00eb e p\u00ebrgjegjshm\u00ebrin\u00eb e politik\u00ebs ndaj t\u00eb drejt\u00ebs hyjnore t\u00eb jet\u00ebs n\u00eb demokraci. Ngarkesa politike, sociale, humane dhe patriotike q\u00eb provokojn\u00eb ngjarje tragjike si ajo G\u00ebrdecit, financimi jotransparent i rrug\u00ebs s\u00eb Kombit, zgjedhjet 2009 dhe ato t\u00eb majit 2011, kryeujdia e ujrave dhe t\u00eb tjera me Greqin\u00eb, 21 janari i p\u00ebrgjakur etj, gjetk\u00eb n\u00eb per\u00ebndimin ku pretendojm\u00eb t\u00eb shkojm\u00eb, shpien natyrsh\u00ebm jo vet\u00ebm n\u00eb zbatimin pa vones\u00eb t\u00eb drejt\u00ebsis\u00eb por dhe n\u00eb zgjidhje politike, zgjedhje t\u00eb parakoh\u00ebshme p\u00ebrfshir\u00eb.<\/p>\n<p>Do t\u00eb ishte n\u00eb nderin e mazhoranc\u00ebs q\u00eb pavar\u00ebsisht dhe paralelisht trajtimit ligjor t\u00eb 21 janarit, t\u00eb rikonfirmonte popullaritetin e saj p\u00ebrmes sfidimit t\u00eb \u2018bllofit\u2019 opozitar (si\u00e7 mund t\u00eb konsideroj\u00eb ajo) dhe ftes\u00ebs p\u00ebr zgjedhje t\u00eb parakoh\u00ebshme p\u00ebr t\u00eb qet\u00ebsuar nj\u00ebher\u00eb e mir\u00eb vorbull\u00ebn e antagonizmit politik q\u00eb ka ng\u00ebrthyer sken\u00ebn politike shqiptare dhe konfirmuar identitetin e saj si parti e dhjetorit demokratik. Ndryshe, n\u00ebse nuk ofrohet dor\u00ebheqja p\u00ebr asnj\u00eb ngjarje t\u00eb k\u00ebsaj natyre, p\u00ebrkufizimi i nocioneve \u2018dor\u00ebheqje\u2019 dhe \u2018zgjedhje t\u00eb parakoh\u00ebshme\u2019, do t\u00eb shnd\u00ebrroheshin n\u00eb koncepte abstrakte dhe nonsense pa asnj\u00eb referenc\u00eb n\u00eb realitetin politik.<\/p>\n<p><strong>2013 pran\u00eb dhe larg!<\/strong><\/p>\n<p>Nd\u00ebrsa mazhoranca po humbet n\u00eb vijim\u00ebsi shansin e konfirmimit t\u00eb standartit t\u00eb dor\u00ebheqjes p\u00ebrball\u00eb situatave q\u00eb provokojn\u00eb \u2018overdraft\u2019 politik q\u00eb rrit koston politike t\u00eb zgjidhjes me pasoj\u00eb marrjen peng t\u00eb jet\u00ebs politike dhe sociale, lidershipi opozitar, q\u00eb m\u00eb n\u00eb fund po angazhohet me korrekt\u00ebsi n\u00eb partnership me faktorin anglo-sakson, ka shpallur de-fakto fushat\u00ebn duke q\u00ebn\u00eb i gatsh\u00ebm p\u00ebr zgjedhje t\u00eb parakoh\u00ebshme me pritshm\u00ebrin\u00eb m\u00eb t\u00eb af\u00ebrt mbarimin e mandatit presidencial dhe riformatimin pasues t\u00eb skakier\u00ebs s\u00eb politik\u00ebs n\u00eb kampin e djatht\u00eb. Prirjet e diktuara nga nevojat e br\u00ebnd\u00ebshme t\u00eb shoq\u00ebris\u00eb dhe dinamika e gjeopolitik\u00ebs dhe ndjeshm\u00ebrit\u00eb strategjike t\u00eb partner\u00ebve t\u00eb \u00e7muar anglo-sakson\u00eb, supozohet se \u00ebsht\u00eb lexuar drejt prej opozit\u00ebs por ndonse koha punon p\u00ebr t\u00eb, ajo nuk pret p\u00ebr nj\u00eb shoq\u00ebri t\u00eb etur p\u00ebr normalitet demokratik.<\/p>\n<p>2013 \u00ebsht\u00eb pran\u00eb p\u00ebr nj\u00eb v\u00ebnd ku demokracia funksionale, respekti ndaj institucioneve dhe p\u00ebrgjegjshm\u00ebria politike jan\u00eb norm\u00eb por mbetet larg, shum\u00eb larg, p\u00ebr t\u00eb rrezikuar deri boomerangun e \u2018patates s\u00eb nxeht\u00eb\u2019 (p\u00ebr opozit\u00ebn n\u00ebse fituese), kur opozita dhe faktori per\u00ebndimor gjykon se perceptimi degradues demokratik \u00ebsht\u00eb i till\u00eb q\u00eb zgjedhjet e parakoh\u00ebshme nuk jan\u00eb opsion por zgjidhja e vetme ku i humbur nuk del askush. E artikuluar publikisht prej opozit\u00ebs apo n\u00ebn z\u00eb prej per\u00ebndimit (konfidencialiteti i t\u00eb cilit duhet respektuar nga t\u00eb gjith\u00eb), topi mbetet n\u00eb fush\u00ebn e mazhoranc\u00ebs.<\/p>\n<p><strong>Dilema pa v\u00ebnd<\/strong><\/p>\n<p>Obsesioni m\u00eb i fundit i politik\u00ebs \u00ebsht\u00eb emri i presidentit t\u00eb rradh\u00ebs. Mazhoranca e ethshme p\u00ebr nj\u00eb \u2018dishepull\u2019 besnik dhe opozita n\u00eb merak p\u00ebr monopolizimin absolut t\u00eb pushteteve. Q\u00ebndrime dhe rezerva k\u00ebto q\u00eb e kaluara nuk i ka konfirmuar teksa kushdoqoft\u00eb personi n\u00eb fjal\u00eb, n\u00eb momentin q\u00eb kuror\u00ebzohet president, nuk ka sesi t\u00eb jet\u00eb ve\u00e7se i pavarur jo vet\u00ebm sepse t\u00eb till\u00eb e presupozon Kushtetuta dhe shoq\u00ebria por dhe pritshm\u00ebria e faktorit per\u00ebndimor, n\u00eb rradh\u00eb t\u00eb par\u00eb ai amerikan.<\/p>\n<p>P\u00ebrball\u00eb dilemave t\u00eb besnik\u00ebris\u00eb ndaj partis\u00eb dhe kostove p\u00ebrkat\u00ebse politike nga nj\u00ebra an\u00eb dhe obligimit ndaj Kushtetut\u00ebs, shansit p\u00ebr t\u00eb hyr\u00eb n\u00eb histori dhe partnershipit strategjik me per\u00ebndimin, dilema e zgjedhjes nuk ekziston dhe presidencat post-97 (sikurse dhe precedent\u00ebt e prokuror\u00ebve t\u00eb p\u00ebrgjithsh\u00ebm) e kan\u00eb konfirmuar n\u00eb vijim\u00ebsi.<\/p>\n<p><strong>Paradoks kushtetues<\/strong><\/p>\n<p>N\u00ebse n\u00eb Kushtetut\u00eb Presidenti \u00ebsht\u00eb simbol i unitetit t\u00eb Kombit, ai duhet t\u00eb zgjidhet nga shumica t\u00eb cil\u00ebsuara, qofshin ato popullore apo parlamentare. Rrjedhimisht n\u00eb thelbin e saj formula \u201c70+1\u201d nuk mund t\u00eb mos perceptohet si antikushtetuese teksa bie ndesh me pritshm\u00ebrin\u00eb kushtetuese t\u00eb unitetit t\u00eb kombit. Opozita, q\u00eb n\u00eb origjin\u00eb m\u00ebkatoi me vet\u00ebdije kur nd\u00ebrmori ndryshimet kushtetuese, duhet t\u00eb konsideroj\u00eb, krahas dilem\u00ebs s\u00eb kuorumit t\u00eb votimit, edhe interpretimin p\u00ebrkat\u00ebs n\u00eb Gjykat\u00ebn Kushtetuese p\u00ebr t\u00eb rikthyer dinjitetin dhe integritetin e postit t\u00eb presidentit q\u00eb n\u00eb thelb \u00ebsht\u00eb dhe i vet\u00eb kombit.<\/p>\n<p><strong>Vota e lir\u00eb dhe starti i barabart\u00eb<\/strong><\/p>\n<p>E fundit ishte q\u00eb partit\u00eb e m\u00ebdha ran\u00eb dakort q\u00eb financimet p\u00ebr fushat\u00eb t\u00eb jen\u00eb proporcionale me numrin e votuesve p\u00ebrkat\u00ebs. Nj\u00eb arbitraritet q\u00eb diskriminon pozitivisht partit\u00eb e m\u00ebdha apriori p\u00ebr fushatat n\u00eb vijim zgjedhore dhe q\u00eb do t\u00eb ishte paralelja e uljes s\u00eb taksave p\u00ebr bizneset e m\u00ebdha (!) sepse ato fitojn\u00eb m\u00eb shum\u00eb(!) duke kompromentuar si terrenin e gar\u00ebs s\u00eb barabart\u00eb politike por dhe p\u00ebrfitimet p\u00ebr votuesin.<\/p>\n<p>Sistemi zgjedhor duhet amenduar dhe n\u00eb thelb duhet t\u00eb garantojn\u00eb lirin\u00eb e gar\u00ebs dhe mos intimidimin e votuesit. Vota nuk abuzohet vet\u00ebm kur num\u00ebrohet por shum\u00eb m\u00eb her\u00ebt kur \u2018orientohet\u2019 si p\u00ebrmes shp\u00ebrpjestimit t\u00eb pranis\u00eb n\u00eb media ashtu dhe nxitjes s\u00eb vot\u00ebs taktike (votuesi nuk voton p\u00ebr preferenc\u00ebn e par\u00eb sepse sugjestionohet prej medias se shumica nuk do veproj\u00eb nj\u00ebsoj duke q\u00ebn\u00eb rrjedhimisht nj\u00eb vot\u00eb e humbur q\u00eb indirekt shp\u00ebrdorohet).<\/p>\n<p>Vota taktike \u00ebsht\u00eb penges\u00eb serioze p\u00ebr vot\u00ebn e lir\u00eb dhe minimizimi i saj n\u00ebnkupton si mbulim mediatik m\u00eb t\u00eb balancuar mes forcave politike (ndryshe elektorati sugjestionohet se partit\u00eb q\u00eb shfaqen m\u00eb shpesh jan\u00eb favorite dhe \u00e7do vot\u00eb alternativ\u00eb do t\u00eb ishte shp\u00ebrdorim) ashtu dhe amendime t\u00eb formul\u00ebs prezente zgjedhore ku vota ushtrohet n\u00eb lista t\u00eb hapura dhe korrektohet n\u00eb nivel komb\u00ebtar apo formula t\u00eb reja si\u00e7 mund t\u00eb jet\u00eb STV (single transferable voting apo vota e transferueshme).<\/p>\n<p>V\u00ebrtet elektorati mund t\u00eb paragjykohet se shfaq sindrom\u00ebn \u2018Barabbas\u2019 (ku ishte \u2018shumica\u2019 q\u00eb mes Jezusit q\u00eb ofronte shp\u00ebtimin dhe cubit Barabbas, zgjodh\u00ebn t\u00eb lironin t\u00eb dytin duke kryq\u00ebzuar t\u00eb parin) por n\u00ebse partit\u00eb politike dhe ve\u00e7an\u00ebrisht opozita, e kan\u00eb seriozisht demokracin\u00eb, \u00ebsht\u00eb rasti ta d\u00ebshmojn\u00eb duke l\u00ebn\u00eb pas alibit\u00eb 20 vjecare p\u00ebrball\u00eb nj\u00eb elektorati q\u00eb meriton paras\u00ebgjithash respekt.<\/p>\n","protected":false},"excerpt":{"rendered":"<p>Nga Artan Xh. Duka, 28 Janar 2012 \u2018Gropa thith\u00ebse\u2019 e 21 janarit u rihap p\u00ebrs\u00ebri dhe paniku \u00ebsht\u00eb evident. Me FBI \u2018dor\u00ebzan\u00ebs\u2019, pritshm\u00ebrit\u00eb k\u00ebsaj rradhe jan\u00eb q\u00eb \u2018mali i mbarsur t\u00eb mos pjell\u00eb nj\u00eb mi\u2019 dhe gj\u00ebrat t\u00eb shkojn\u00eb n\u00eb v\u00ebndin e vet\u00eb. P\u00ebr shum\u00ebk\u00ebnd dhe vet\u00eb per\u00ebndimin koha \u2018ul\u00ebret\u2019 p\u00ebr drejt\u00ebsi dhe nd\u00ebrsa demokracia [&hellip;]<\/p>\n","protected":false},"author":1,"featured_media":0,"comment_status":"open","ping_status":"closed","sticky":false,"template":"","format":"standard","meta":{"footnotes":""},"categories":[2],"tags":[],"class_list":{"0":"post-1471","1":"post","2":"type-post","3":"status-publish","4":"format-standard","6":"category-artikuj"},"yoast_head":"<!-- This site is optimized with the Yoast SEO plugin v27.4 - https:\/\/yoast.com\/product\/yoast-seo-wordpress\/ -->\n<title>\u201cE shkruar\u201d nga per\u00ebndi(mi)! - FjALA e LIR\u00cb - Arkivi<\/title>\n<meta name=\"robots\" content=\"index, follow, max-snippet:-1, max-image-preview:large, max-video-preview:-1\" \/>\n<link rel=\"canonical\" href=\"https:\/\/fjala.info\/2009-2015\/e-shkruar-nga-perendimi\/\" \/>\n<meta property=\"og:locale\" content=\"sq_AL\" \/>\n<meta property=\"og:type\" content=\"article\" \/>\n<meta property=\"og:title\" content=\"\u201cE shkruar\u201d nga per\u00ebndi(mi)! - FjALA e LIR\u00cb - Arkivi\" \/>\n<meta property=\"og:description\" content=\"Nga Artan Xh. Duka, 28 Janar 2012 \u2018Gropa thith\u00ebse\u2019 e 21 janarit u rihap p\u00ebrs\u00ebri dhe paniku \u00ebsht\u00eb evident. Me FBI \u2018dor\u00ebzan\u00ebs\u2019, pritshm\u00ebrit\u00eb k\u00ebsaj rradhe jan\u00eb q\u00eb \u2018mali i mbarsur t\u00eb mos pjell\u00eb nj\u00eb mi\u2019 dhe gj\u00ebrat t\u00eb shkojn\u00eb n\u00eb v\u00ebndin e vet\u00eb. P\u00ebr shum\u00ebk\u00ebnd dhe vet\u00eb per\u00ebndimin koha \u2018ul\u00ebret\u2019 p\u00ebr drejt\u00ebsi dhe nd\u00ebrsa demokracia [&hellip;]\" \/>\n<meta property=\"og:url\" content=\"https:\/\/fjala.info\/2009-2015\/e-shkruar-nga-perendimi\/\" \/>\n<meta property=\"og:site_name\" content=\"FjALA e LIR\u00cb - Arkivi\" \/>\n<meta property=\"article:published_time\" content=\"2012-01-28T22:48:41+00:00\" \/>\n<meta property=\"og:image\" content=\"http:\/\/www.shkoder.net\/2012\/21janar11_djali_me_flamur.jpg\" \/>\n<meta name=\"author\" content=\"admin\" \/>\n<meta name=\"twitter:card\" content=\"summary_large_image\" \/>\n<meta name=\"twitter:label1\" content=\"Written by\" \/>\n\t<meta name=\"twitter:data1\" content=\"admin\" \/>\n\t<meta name=\"twitter:label2\" content=\"Est. reading time\" \/>\n\t<meta name=\"twitter:data2\" content=\"6 minutes\" \/>\n<script type=\"application\/ld+json\" class=\"yoast-schema-graph\">{\"@context\":\"https:\\\/\\\/schema.org\",\"@graph\":[{\"@type\":\"Article\",\"@id\":\"https:\\\/\\\/fjala.info\\\/2009-2015\\\/e-shkruar-nga-perendimi\\\/#article\",\"isPartOf\":{\"@id\":\"https:\\\/\\\/fjala.info\\\/2009-2015\\\/e-shkruar-nga-perendimi\\\/\"},\"author\":{\"name\":\"admin\",\"@id\":\"https:\\\/\\\/fjala.info\\\/2009-2015\\\/#\\\/schema\\\/person\\\/3aa1163ef05469c496fc94e77611ada2\"},\"headline\":\"\u201cE shkruar\u201d nga per\u00ebndi(mi)!\",\"datePublished\":\"2012-01-28T22:48:41+00:00\",\"mainEntityOfPage\":{\"@id\":\"https:\\\/\\\/fjala.info\\\/2009-2015\\\/e-shkruar-nga-perendimi\\\/\"},\"wordCount\":1260,\"commentCount\":0,\"publisher\":{\"@id\":\"https:\\\/\\\/fjala.info\\\/2009-2015\\\/#organization\"},\"image\":{\"@id\":\"https:\\\/\\\/fjala.info\\\/2009-2015\\\/e-shkruar-nga-perendimi\\\/#primaryimage\"},\"thumbnailUrl\":\"http:\\\/\\\/www.shkoder.net\\\/2012\\\/21janar11_djali_me_flamur.jpg\",\"articleSection\":[\"Artikuj\"],\"inLanguage\":\"sq-AL\",\"potentialAction\":[{\"@type\":\"CommentAction\",\"name\":\"Comment\",\"target\":[\"https:\\\/\\\/fjala.info\\\/2009-2015\\\/e-shkruar-nga-perendimi\\\/#respond\"]}]},{\"@type\":\"WebPage\",\"@id\":\"https:\\\/\\\/fjala.info\\\/2009-2015\\\/e-shkruar-nga-perendimi\\\/\",\"url\":\"https:\\\/\\\/fjala.info\\\/2009-2015\\\/e-shkruar-nga-perendimi\\\/\",\"name\":\"\u201cE shkruar\u201d nga per\u00ebndi(mi)! - FjALA e LIR\u00cb - Arkivi\",\"isPartOf\":{\"@id\":\"https:\\\/\\\/fjala.info\\\/2009-2015\\\/#website\"},\"primaryImageOfPage\":{\"@id\":\"https:\\\/\\\/fjala.info\\\/2009-2015\\\/e-shkruar-nga-perendimi\\\/#primaryimage\"},\"image\":{\"@id\":\"https:\\\/\\\/fjala.info\\\/2009-2015\\\/e-shkruar-nga-perendimi\\\/#primaryimage\"},\"thumbnailUrl\":\"http:\\\/\\\/www.shkoder.net\\\/2012\\\/21janar11_djali_me_flamur.jpg\",\"datePublished\":\"2012-01-28T22:48:41+00:00\",\"breadcrumb\":{\"@id\":\"https:\\\/\\\/fjala.info\\\/2009-2015\\\/e-shkruar-nga-perendimi\\\/#breadcrumb\"},\"inLanguage\":\"sq-AL\",\"potentialAction\":[{\"@type\":\"ReadAction\",\"target\":[\"https:\\\/\\\/fjala.info\\\/2009-2015\\\/e-shkruar-nga-perendimi\\\/\"]}]},{\"@type\":\"ImageObject\",\"inLanguage\":\"sq-AL\",\"@id\":\"https:\\\/\\\/fjala.info\\\/2009-2015\\\/e-shkruar-nga-perendimi\\\/#primaryimage\",\"url\":\"http:\\\/\\\/www.shkoder.net\\\/2012\\\/21janar11_djali_me_flamur.jpg\",\"contentUrl\":\"http:\\\/\\\/www.shkoder.net\\\/2012\\\/21janar11_djali_me_flamur.jpg\"},{\"@type\":\"BreadcrumbList\",\"@id\":\"https:\\\/\\\/fjala.info\\\/2009-2015\\\/e-shkruar-nga-perendimi\\\/#breadcrumb\",\"itemListElement\":[{\"@type\":\"ListItem\",\"position\":1,\"name\":\"Home\",\"item\":\"https:\\\/\\\/fjala.info\\\/2009-2015\\\/\"},{\"@type\":\"ListItem\",\"position\":2,\"name\":\"\u201cE shkruar\u201d nga per\u00ebndi(mi)!\"}]},{\"@type\":\"WebSite\",\"@id\":\"https:\\\/\\\/fjala.info\\\/2009-2015\\\/#website\",\"url\":\"https:\\\/\\\/fjala.info\\\/2009-2015\\\/\",\"name\":\"FjALA e LIR\u00cb - Arkivi\",\"description\":\"Arkivi 2009-2015\",\"publisher\":{\"@id\":\"https:\\\/\\\/fjala.info\\\/2009-2015\\\/#organization\"},\"potentialAction\":[{\"@type\":\"SearchAction\",\"target\":{\"@type\":\"EntryPoint\",\"urlTemplate\":\"https:\\\/\\\/fjala.info\\\/2009-2015\\\/?s={search_term_string}\"},\"query-input\":{\"@type\":\"PropertyValueSpecification\",\"valueRequired\":true,\"valueName\":\"search_term_string\"}}],\"inLanguage\":\"sq-AL\"},{\"@type\":\"Organization\",\"@id\":\"https:\\\/\\\/fjala.info\\\/2009-2015\\\/#organization\",\"name\":\"FjALA e LIR\u00cb - Arkivi\",\"url\":\"https:\\\/\\\/fjala.info\\\/2009-2015\\\/\",\"logo\":{\"@type\":\"ImageObject\",\"inLanguage\":\"sq-AL\",\"@id\":\"https:\\\/\\\/fjala.info\\\/2009-2015\\\/#\\\/schema\\\/logo\\\/image\\\/\",\"url\":\"\",\"contentUrl\":\"\",\"caption\":\"FjALA e LIR\u00cb - Arkivi\"},\"image\":{\"@id\":\"https:\\\/\\\/fjala.info\\\/2009-2015\\\/#\\\/schema\\\/logo\\\/image\\\/\"}},{\"@type\":\"Person\",\"@id\":\"https:\\\/\\\/fjala.info\\\/2009-2015\\\/#\\\/schema\\\/person\\\/3aa1163ef05469c496fc94e77611ada2\",\"name\":\"admin\",\"image\":{\"@type\":\"ImageObject\",\"inLanguage\":\"sq-AL\",\"@id\":\"https:\\\/\\\/fjala.info\\\/2009-2015\\\/wp-content\\\/uploads\\\/2012\\\/02\\\/arben_cokaj-120x150.jpg\",\"url\":\"https:\\\/\\\/fjala.info\\\/2009-2015\\\/wp-content\\\/uploads\\\/2012\\\/02\\\/arben_cokaj-120x150.jpg\",\"contentUrl\":\"https:\\\/\\\/fjala.info\\\/2009-2015\\\/wp-content\\\/uploads\\\/2012\\\/02\\\/arben_cokaj-120x150.jpg\",\"caption\":\"admin\"},\"description\":\"Admin, Fjala e Lir\u00eb\",\"sameAs\":[\"https:\\\/\\\/fjala.info\\\/\"],\"url\":\"https:\\\/\\\/fjala.info\\\/2009-2015\\\/author\\\/admin\\\/\"}]}<\/script>\n<!-- \/ Yoast SEO plugin. -->","yoast_head_json":{"title":"\u201cE shkruar\u201d nga per\u00ebndi(mi)! - FjALA e LIR\u00cb - Arkivi","robots":{"index":"index","follow":"follow","max-snippet":"max-snippet:-1","max-image-preview":"max-image-preview:large","max-video-preview":"max-video-preview:-1"},"canonical":"https:\/\/fjala.info\/2009-2015\/e-shkruar-nga-perendimi\/","og_locale":"sq_AL","og_type":"article","og_title":"\u201cE shkruar\u201d nga per\u00ebndi(mi)! - FjALA e LIR\u00cb - Arkivi","og_description":"Nga Artan Xh. Duka, 28 Janar 2012 \u2018Gropa thith\u00ebse\u2019 e 21 janarit u rihap p\u00ebrs\u00ebri dhe paniku \u00ebsht\u00eb evident. Me FBI \u2018dor\u00ebzan\u00ebs\u2019, pritshm\u00ebrit\u00eb k\u00ebsaj rradhe jan\u00eb q\u00eb \u2018mali i mbarsur t\u00eb mos pjell\u00eb nj\u00eb mi\u2019 dhe gj\u00ebrat t\u00eb shkojn\u00eb n\u00eb v\u00ebndin e vet\u00eb. P\u00ebr shum\u00ebk\u00ebnd dhe vet\u00eb per\u00ebndimin koha \u2018ul\u00ebret\u2019 p\u00ebr drejt\u00ebsi dhe nd\u00ebrsa demokracia [&hellip;]","og_url":"https:\/\/fjala.info\/2009-2015\/e-shkruar-nga-perendimi\/","og_site_name":"FjALA e LIR\u00cb - Arkivi","article_published_time":"2012-01-28T22:48:41+00:00","og_image":[{"url":"http:\/\/www.shkoder.net\/2012\/21janar11_djali_me_flamur.jpg","type":"","width":"","height":""}],"author":"admin","twitter_card":"summary_large_image","twitter_misc":{"Written by":"admin","Est. reading time":"6 minutes"},"schema":{"@context":"https:\/\/schema.org","@graph":[{"@type":"Article","@id":"https:\/\/fjala.info\/2009-2015\/e-shkruar-nga-perendimi\/#article","isPartOf":{"@id":"https:\/\/fjala.info\/2009-2015\/e-shkruar-nga-perendimi\/"},"author":{"name":"admin","@id":"https:\/\/fjala.info\/2009-2015\/#\/schema\/person\/3aa1163ef05469c496fc94e77611ada2"},"headline":"\u201cE shkruar\u201d nga per\u00ebndi(mi)!","datePublished":"2012-01-28T22:48:41+00:00","mainEntityOfPage":{"@id":"https:\/\/fjala.info\/2009-2015\/e-shkruar-nga-perendimi\/"},"wordCount":1260,"commentCount":0,"publisher":{"@id":"https:\/\/fjala.info\/2009-2015\/#organization"},"image":{"@id":"https:\/\/fjala.info\/2009-2015\/e-shkruar-nga-perendimi\/#primaryimage"},"thumbnailUrl":"http:\/\/www.shkoder.net\/2012\/21janar11_djali_me_flamur.jpg","articleSection":["Artikuj"],"inLanguage":"sq-AL","potentialAction":[{"@type":"CommentAction","name":"Comment","target":["https:\/\/fjala.info\/2009-2015\/e-shkruar-nga-perendimi\/#respond"]}]},{"@type":"WebPage","@id":"https:\/\/fjala.info\/2009-2015\/e-shkruar-nga-perendimi\/","url":"https:\/\/fjala.info\/2009-2015\/e-shkruar-nga-perendimi\/","name":"\u201cE shkruar\u201d nga per\u00ebndi(mi)! - FjALA e LIR\u00cb - Arkivi","isPartOf":{"@id":"https:\/\/fjala.info\/2009-2015\/#website"},"primaryImageOfPage":{"@id":"https:\/\/fjala.info\/2009-2015\/e-shkruar-nga-perendimi\/#primaryimage"},"image":{"@id":"https:\/\/fjala.info\/2009-2015\/e-shkruar-nga-perendimi\/#primaryimage"},"thumbnailUrl":"http:\/\/www.shkoder.net\/2012\/21janar11_djali_me_flamur.jpg","datePublished":"2012-01-28T22:48:41+00:00","breadcrumb":{"@id":"https:\/\/fjala.info\/2009-2015\/e-shkruar-nga-perendimi\/#breadcrumb"},"inLanguage":"sq-AL","potentialAction":[{"@type":"ReadAction","target":["https:\/\/fjala.info\/2009-2015\/e-shkruar-nga-perendimi\/"]}]},{"@type":"ImageObject","inLanguage":"sq-AL","@id":"https:\/\/fjala.info\/2009-2015\/e-shkruar-nga-perendimi\/#primaryimage","url":"http:\/\/www.shkoder.net\/2012\/21janar11_djali_me_flamur.jpg","contentUrl":"http:\/\/www.shkoder.net\/2012\/21janar11_djali_me_flamur.jpg"},{"@type":"BreadcrumbList","@id":"https:\/\/fjala.info\/2009-2015\/e-shkruar-nga-perendimi\/#breadcrumb","itemListElement":[{"@type":"ListItem","position":1,"name":"Home","item":"https:\/\/fjala.info\/2009-2015\/"},{"@type":"ListItem","position":2,"name":"\u201cE shkruar\u201d nga per\u00ebndi(mi)!"}]},{"@type":"WebSite","@id":"https:\/\/fjala.info\/2009-2015\/#website","url":"https:\/\/fjala.info\/2009-2015\/","name":"FjALA e LIR\u00cb - Arkivi","description":"Arkivi 2009-2015","publisher":{"@id":"https:\/\/fjala.info\/2009-2015\/#organization"},"potentialAction":[{"@type":"SearchAction","target":{"@type":"EntryPoint","urlTemplate":"https:\/\/fjala.info\/2009-2015\/?s={search_term_string}"},"query-input":{"@type":"PropertyValueSpecification","valueRequired":true,"valueName":"search_term_string"}}],"inLanguage":"sq-AL"},{"@type":"Organization","@id":"https:\/\/fjala.info\/2009-2015\/#organization","name":"FjALA e LIR\u00cb - Arkivi","url":"https:\/\/fjala.info\/2009-2015\/","logo":{"@type":"ImageObject","inLanguage":"sq-AL","@id":"https:\/\/fjala.info\/2009-2015\/#\/schema\/logo\/image\/","url":"","contentUrl":"","caption":"FjALA e LIR\u00cb - Arkivi"},"image":{"@id":"https:\/\/fjala.info\/2009-2015\/#\/schema\/logo\/image\/"}},{"@type":"Person","@id":"https:\/\/fjala.info\/2009-2015\/#\/schema\/person\/3aa1163ef05469c496fc94e77611ada2","name":"admin","image":{"@type":"ImageObject","inLanguage":"sq-AL","@id":"https:\/\/fjala.info\/2009-2015\/wp-content\/uploads\/2012\/02\/arben_cokaj-120x150.jpg","url":"https:\/\/fjala.info\/2009-2015\/wp-content\/uploads\/2012\/02\/arben_cokaj-120x150.jpg","contentUrl":"https:\/\/fjala.info\/2009-2015\/wp-content\/uploads\/2012\/02\/arben_cokaj-120x150.jpg","caption":"admin"},"description":"Admin, Fjala e Lir\u00eb","sameAs":["https:\/\/fjala.info\/"],"url":"https:\/\/fjala.info\/2009-2015\/author\/admin\/"}]}},"_links":{"self":[{"href":"https:\/\/fjala.info\/2009-2015\/wp-json\/wp\/v2\/posts\/1471","targetHints":{"allow":["GET"]}}],"collection":[{"href":"https:\/\/fjala.info\/2009-2015\/wp-json\/wp\/v2\/posts"}],"about":[{"href":"https:\/\/fjala.info\/2009-2015\/wp-json\/wp\/v2\/types\/post"}],"author":[{"embeddable":true,"href":"https:\/\/fjala.info\/2009-2015\/wp-json\/wp\/v2\/users\/1"}],"replies":[{"embeddable":true,"href":"https:\/\/fjala.info\/2009-2015\/wp-json\/wp\/v2\/comments?post=1471"}],"version-history":[{"count":0,"href":"https:\/\/fjala.info\/2009-2015\/wp-json\/wp\/v2\/posts\/1471\/revisions"}],"wp:attachment":[{"href":"https:\/\/fjala.info\/2009-2015\/wp-json\/wp\/v2\/media?parent=1471"}],"wp:term":[{"taxonomy":"category","embeddable":true,"href":"https:\/\/fjala.info\/2009-2015\/wp-json\/wp\/v2\/categories?post=1471"},{"taxonomy":"post_tag","embeddable":true,"href":"https:\/\/fjala.info\/2009-2015\/wp-json\/wp\/v2\/tags?post=1471"}],"curies":[{"name":"wp","href":"https:\/\/api.w.org\/{rel}","templated":true}]}}