{"id":1467,"date":"2012-01-28T23:37:14","date_gmt":"2012-01-28T22:37:14","guid":{"rendered":"http:\/\/fjala.shkoder.net\/?p=1467"},"modified":"2012-01-28T23:37:14","modified_gmt":"2012-01-28T22:37:14","slug":"prokuroria-gjen-prova-ne-banesen-e-it-se-se-kryeministrise-per-21-janarin","status":"publish","type":"post","link":"https:\/\/fjala.info\/2009-2015\/prokuroria-gjen-prova-ne-banesen-e-it-se-se-kryeministrise-per-21-janarin\/","title":{"rendered":"Prokuroria gjen prova n\u00eb banes\u00ebn e IT-s\u00eb s\u00eb Kryeministris\u00eb p\u00ebr 21 janarin"},"content":{"rendered":"<p><img decoding=\"async\" class=\"alignleft size-thumbnail wp-image-7236\" title=\"Armando Kasaj\" src=\"http:\/\/www.shkoder.net\/2012\/armando_kasaj.jpg\" alt=\"\" width=\"300\" \/> <strong>TemA Online<\/strong>, <em>28 Janar 2012<\/em><\/p>\n<p>Prokuroria gjen prova n\u00eb banes\u00ebn e Armando Kas\u00ebs, IT-ja i Kryeministris\u00eb q\u00eb akuzohet se ka fshir\u00eb pamjet filmike t\u00eb 21 janarit, nga serveri i kamerave t\u00eb siguris\u00eb, i instaluar n\u00eb godin\u00ebn e K\u00ebshillit t\u00eb Ministrave. Gjat\u00eb kontrollit t\u00eb banes\u00ebs, e cila ndodhet n\u00eb rrug\u00ebn \u201cJordan Misja\u201d n\u00eb Tiran\u00eb, jan\u00eb gjetur disa pajisje elektronike ku mund t\u00eb jen\u00eb filmimet e 21 janarit, raporton gazeta Shqip. <\/p>\n<p>\u201c<em>N\u00eb banes\u00ebn e Armando Kas\u00ebs jan\u00eb sekuestruar nj\u00eb lap-top, nj\u00eb kompjuter, USB dhe telefoni personal i 27-vje\u00e7arit. Provat jan\u00eb sekuestruar me urdh\u00ebr t\u00eb policis\u00eb gjyq\u00ebsore dhe i kan\u00eb kaluar grupit hetimor<\/em>\u201d, than\u00eb burimet nga Prokuroria e P\u00ebrgjithshme, t\u00eb cilat pohojn\u00eb se kan\u00eb dyshime se disa filmime t\u00eb kamerave t\u00eb siguris\u00eb s\u00eb Kryeministris\u00eb mund t\u00eb gjenden n\u00eb k\u00ebto pajisje. Sekuestrimi \u00ebsht\u00eb realizuar n\u00eb dat\u00ebn 23 janar t\u00eb k\u00ebtij viti, menj\u00ebher\u00eb pasi Kasa u njoh me vendimin e gjykat\u00ebs.<\/p>\n<p>Dy oficer\u00eb t\u00eb policis\u00eb gjyq\u00ebsore i komunikuan 27-vje\u00e7arit vendimin e gjykat\u00ebs. Ekzekutimi \u00ebsht\u00eb kryer n\u00eb godin\u00ebn e K\u00ebshillit t\u00eb Ministrave. M\u00eb pas, po k\u00ebta hetues kan\u00eb shkuar n\u00eb banes\u00ebn e k\u00ebtij personi, me nj\u00eb urdh\u00ebr gjykate dhe kan\u00eb kontrolluar p\u00ebr prova. Jan\u00eb sekuestruar vet\u00ebm pajisje elektronike q\u00eb mund t\u00eb ken\u00eb gjurm\u00eb t\u00eb vras\u00ebsve t\u00eb demonstruesve.<\/p>\n","protected":false},"excerpt":{"rendered":"<p>TemA Online, 28 Janar 2012 Prokuroria gjen prova n\u00eb banes\u00ebn e Armando Kas\u00ebs, IT-ja i Kryeministris\u00eb q\u00eb akuzohet se ka fshir\u00eb pamjet filmike t\u00eb 21 janarit, nga serveri i kamerave t\u00eb siguris\u00eb, i instaluar n\u00eb godin\u00ebn e K\u00ebshillit t\u00eb Ministrave. Gjat\u00eb kontrollit t\u00eb banes\u00ebs, e cila ndodhet n\u00eb rrug\u00ebn \u201cJordan Misja\u201d n\u00eb Tiran\u00eb, jan\u00eb gjetur [&hellip;]<\/p>\n","protected":false},"author":1,"featured_media":0,"comment_status":"open","ping_status":"closed","sticky":false,"template":"","format":"standard","meta":{"footnotes":""},"categories":[5],"tags":[],"class_list":{"0":"post-1467","1":"post","2":"type-post","3":"status-publish","4":"format-standard","6":"category-lajme"},"yoast_head":"<!-- This site is optimized with the Yoast SEO plugin v27.4 - https:\/\/yoast.com\/product\/yoast-seo-wordpress\/ -->\n<title>Prokuroria gjen prova n\u00eb banes\u00ebn e IT-s\u00eb s\u00eb Kryeministris\u00eb p\u00ebr 21 janarin - FjALA e LIR\u00cb - Arkivi<\/title>\n<meta name=\"robots\" content=\"index, follow, max-snippet:-1, max-image-preview:large, max-video-preview:-1\" \/>\n<link rel=\"canonical\" href=\"https:\/\/fjala.info\/2009-2015\/prokuroria-gjen-prova-ne-banesen-e-it-se-se-kryeministrise-per-21-janarin\/\" \/>\n<meta property=\"og:locale\" content=\"sq_AL\" \/>\n<meta property=\"og:type\" content=\"article\" \/>\n<meta property=\"og:title\" content=\"Prokuroria gjen prova n\u00eb banes\u00ebn e IT-s\u00eb s\u00eb Kryeministris\u00eb p\u00ebr 21 janarin - FjALA e LIR\u00cb - Arkivi\" \/>\n<meta property=\"og:description\" content=\"TemA Online, 28 Janar 2012 Prokuroria gjen prova n\u00eb banes\u00ebn e Armando Kas\u00ebs, IT-ja i Kryeministris\u00eb q\u00eb akuzohet se ka fshir\u00eb pamjet filmike t\u00eb 21 janarit, nga serveri i kamerave t\u00eb siguris\u00eb, i instaluar n\u00eb godin\u00ebn e K\u00ebshillit t\u00eb Ministrave. Gjat\u00eb kontrollit t\u00eb banes\u00ebs, e cila ndodhet n\u00eb rrug\u00ebn \u201cJordan Misja\u201d n\u00eb Tiran\u00eb, jan\u00eb gjetur [&hellip;]\" \/>\n<meta property=\"og:url\" content=\"https:\/\/fjala.info\/2009-2015\/prokuroria-gjen-prova-ne-banesen-e-it-se-se-kryeministrise-per-21-janarin\/\" \/>\n<meta property=\"og:site_name\" content=\"FjALA e LIR\u00cb - Arkivi\" \/>\n<meta property=\"article:published_time\" content=\"2012-01-28T22:37:14+00:00\" \/>\n<meta property=\"og:image\" content=\"http:\/\/www.shkoder.net\/2012\/armando_kasaj.jpg\" \/>\n<meta name=\"author\" content=\"admin\" \/>\n<meta name=\"twitter:card\" content=\"summary_large_image\" \/>\n<meta name=\"twitter:label1\" content=\"Written by\" \/>\n\t<meta name=\"twitter:data1\" content=\"admin\" \/>\n\t<meta name=\"twitter:label2\" content=\"Est. reading time\" \/>\n\t<meta name=\"twitter:data2\" content=\"1 minute\" \/>\n<script type=\"application\/ld+json\" class=\"yoast-schema-graph\">{\"@context\":\"https:\\\/\\\/schema.org\",\"@graph\":[{\"@type\":\"Article\",\"@id\":\"https:\\\/\\\/fjala.info\\\/2009-2015\\\/prokuroria-gjen-prova-ne-banesen-e-it-se-se-kryeministrise-per-21-janarin\\\/#article\",\"isPartOf\":{\"@id\":\"https:\\\/\\\/fjala.info\\\/2009-2015\\\/prokuroria-gjen-prova-ne-banesen-e-it-se-se-kryeministrise-per-21-janarin\\\/\"},\"author\":{\"name\":\"admin\",\"@id\":\"https:\\\/\\\/fjala.info\\\/2009-2015\\\/#\\\/schema\\\/person\\\/3aa1163ef05469c496fc94e77611ada2\"},\"headline\":\"Prokuroria gjen prova n\u00eb banes\u00ebn e IT-s\u00eb s\u00eb Kryeministris\u00eb p\u00ebr 21 janarin\",\"datePublished\":\"2012-01-28T22:37:14+00:00\",\"mainEntityOfPage\":{\"@id\":\"https:\\\/\\\/fjala.info\\\/2009-2015\\\/prokuroria-gjen-prova-ne-banesen-e-it-se-se-kryeministrise-per-21-janarin\\\/\"},\"wordCount\":238,\"commentCount\":0,\"publisher\":{\"@id\":\"https:\\\/\\\/fjala.info\\\/2009-2015\\\/#organization\"},\"image\":{\"@id\":\"https:\\\/\\\/fjala.info\\\/2009-2015\\\/prokuroria-gjen-prova-ne-banesen-e-it-se-se-kryeministrise-per-21-janarin\\\/#primaryimage\"},\"thumbnailUrl\":\"http:\\\/\\\/www.shkoder.net\\\/2012\\\/armando_kasaj.jpg\",\"articleSection\":[\"Lajme\"],\"inLanguage\":\"sq-AL\",\"potentialAction\":[{\"@type\":\"CommentAction\",\"name\":\"Comment\",\"target\":[\"https:\\\/\\\/fjala.info\\\/2009-2015\\\/prokuroria-gjen-prova-ne-banesen-e-it-se-se-kryeministrise-per-21-janarin\\\/#respond\"]}]},{\"@type\":\"WebPage\",\"@id\":\"https:\\\/\\\/fjala.info\\\/2009-2015\\\/prokuroria-gjen-prova-ne-banesen-e-it-se-se-kryeministrise-per-21-janarin\\\/\",\"url\":\"https:\\\/\\\/fjala.info\\\/2009-2015\\\/prokuroria-gjen-prova-ne-banesen-e-it-se-se-kryeministrise-per-21-janarin\\\/\",\"name\":\"Prokuroria gjen prova n\u00eb banes\u00ebn e IT-s\u00eb s\u00eb Kryeministris\u00eb p\u00ebr 21 janarin - FjALA e LIR\u00cb - Arkivi\",\"isPartOf\":{\"@id\":\"https:\\\/\\\/fjala.info\\\/2009-2015\\\/#website\"},\"primaryImageOfPage\":{\"@id\":\"https:\\\/\\\/fjala.info\\\/2009-2015\\\/prokuroria-gjen-prova-ne-banesen-e-it-se-se-kryeministrise-per-21-janarin\\\/#primaryimage\"},\"image\":{\"@id\":\"https:\\\/\\\/fjala.info\\\/2009-2015\\\/prokuroria-gjen-prova-ne-banesen-e-it-se-se-kryeministrise-per-21-janarin\\\/#primaryimage\"},\"thumbnailUrl\":\"http:\\\/\\\/www.shkoder.net\\\/2012\\\/armando_kasaj.jpg\",\"datePublished\":\"2012-01-28T22:37:14+00:00\",\"breadcrumb\":{\"@id\":\"https:\\\/\\\/fjala.info\\\/2009-2015\\\/prokuroria-gjen-prova-ne-banesen-e-it-se-se-kryeministrise-per-21-janarin\\\/#breadcrumb\"},\"inLanguage\":\"sq-AL\",\"potentialAction\":[{\"@type\":\"ReadAction\",\"target\":[\"https:\\\/\\\/fjala.info\\\/2009-2015\\\/prokuroria-gjen-prova-ne-banesen-e-it-se-se-kryeministrise-per-21-janarin\\\/\"]}]},{\"@type\":\"ImageObject\",\"inLanguage\":\"sq-AL\",\"@id\":\"https:\\\/\\\/fjala.info\\\/2009-2015\\\/prokuroria-gjen-prova-ne-banesen-e-it-se-se-kryeministrise-per-21-janarin\\\/#primaryimage\",\"url\":\"http:\\\/\\\/www.shkoder.net\\\/2012\\\/armando_kasaj.jpg\",\"contentUrl\":\"http:\\\/\\\/www.shkoder.net\\\/2012\\\/armando_kasaj.jpg\"},{\"@type\":\"BreadcrumbList\",\"@id\":\"https:\\\/\\\/fjala.info\\\/2009-2015\\\/prokuroria-gjen-prova-ne-banesen-e-it-se-se-kryeministrise-per-21-janarin\\\/#breadcrumb\",\"itemListElement\":[{\"@type\":\"ListItem\",\"position\":1,\"name\":\"Home\",\"item\":\"https:\\\/\\\/fjala.info\\\/2009-2015\\\/\"},{\"@type\":\"ListItem\",\"position\":2,\"name\":\"Prokuroria gjen prova n\u00eb banes\u00ebn e IT-s\u00eb s\u00eb Kryeministris\u00eb p\u00ebr 21 janarin\"}]},{\"@type\":\"WebSite\",\"@id\":\"https:\\\/\\\/fjala.info\\\/2009-2015\\\/#website\",\"url\":\"https:\\\/\\\/fjala.info\\\/2009-2015\\\/\",\"name\":\"FjALA e LIR\u00cb - Arkivi\",\"description\":\"Arkivi 2009-2015\",\"publisher\":{\"@id\":\"https:\\\/\\\/fjala.info\\\/2009-2015\\\/#organization\"},\"potentialAction\":[{\"@type\":\"SearchAction\",\"target\":{\"@type\":\"EntryPoint\",\"urlTemplate\":\"https:\\\/\\\/fjala.info\\\/2009-2015\\\/?s={search_term_string}\"},\"query-input\":{\"@type\":\"PropertyValueSpecification\",\"valueRequired\":true,\"valueName\":\"search_term_string\"}}],\"inLanguage\":\"sq-AL\"},{\"@type\":\"Organization\",\"@id\":\"https:\\\/\\\/fjala.info\\\/2009-2015\\\/#organization\",\"name\":\"FjALA e LIR\u00cb - Arkivi\",\"url\":\"https:\\\/\\\/fjala.info\\\/2009-2015\\\/\",\"logo\":{\"@type\":\"ImageObject\",\"inLanguage\":\"sq-AL\",\"@id\":\"https:\\\/\\\/fjala.info\\\/2009-2015\\\/#\\\/schema\\\/logo\\\/image\\\/\",\"url\":\"\",\"contentUrl\":\"\",\"caption\":\"FjALA e LIR\u00cb - Arkivi\"},\"image\":{\"@id\":\"https:\\\/\\\/fjala.info\\\/2009-2015\\\/#\\\/schema\\\/logo\\\/image\\\/\"}},{\"@type\":\"Person\",\"@id\":\"https:\\\/\\\/fjala.info\\\/2009-2015\\\/#\\\/schema\\\/person\\\/3aa1163ef05469c496fc94e77611ada2\",\"name\":\"admin\",\"image\":{\"@type\":\"ImageObject\",\"inLanguage\":\"sq-AL\",\"@id\":\"https:\\\/\\\/fjala.info\\\/2009-2015\\\/wp-content\\\/uploads\\\/2012\\\/02\\\/arben_cokaj-120x150.jpg\",\"url\":\"https:\\\/\\\/fjala.info\\\/2009-2015\\\/wp-content\\\/uploads\\\/2012\\\/02\\\/arben_cokaj-120x150.jpg\",\"contentUrl\":\"https:\\\/\\\/fjala.info\\\/2009-2015\\\/wp-content\\\/uploads\\\/2012\\\/02\\\/arben_cokaj-120x150.jpg\",\"caption\":\"admin\"},\"description\":\"Admin, Fjala e Lir\u00eb\",\"sameAs\":[\"https:\\\/\\\/fjala.info\\\/\"],\"url\":\"https:\\\/\\\/fjala.info\\\/2009-2015\\\/author\\\/admin\\\/\"}]}<\/script>\n<!-- \/ Yoast SEO plugin. -->","yoast_head_json":{"title":"Prokuroria gjen prova n\u00eb banes\u00ebn e IT-s\u00eb s\u00eb Kryeministris\u00eb p\u00ebr 21 janarin - FjALA e LIR\u00cb - Arkivi","robots":{"index":"index","follow":"follow","max-snippet":"max-snippet:-1","max-image-preview":"max-image-preview:large","max-video-preview":"max-video-preview:-1"},"canonical":"https:\/\/fjala.info\/2009-2015\/prokuroria-gjen-prova-ne-banesen-e-it-se-se-kryeministrise-per-21-janarin\/","og_locale":"sq_AL","og_type":"article","og_title":"Prokuroria gjen prova n\u00eb banes\u00ebn e IT-s\u00eb s\u00eb Kryeministris\u00eb p\u00ebr 21 janarin - FjALA e LIR\u00cb - Arkivi","og_description":"TemA Online, 28 Janar 2012 Prokuroria gjen prova n\u00eb banes\u00ebn e Armando Kas\u00ebs, IT-ja i Kryeministris\u00eb q\u00eb akuzohet se ka fshir\u00eb pamjet filmike t\u00eb 21 janarit, nga serveri i kamerave t\u00eb siguris\u00eb, i instaluar n\u00eb godin\u00ebn e K\u00ebshillit t\u00eb Ministrave. Gjat\u00eb kontrollit t\u00eb banes\u00ebs, e cila ndodhet n\u00eb rrug\u00ebn \u201cJordan Misja\u201d n\u00eb Tiran\u00eb, jan\u00eb gjetur [&hellip;]","og_url":"https:\/\/fjala.info\/2009-2015\/prokuroria-gjen-prova-ne-banesen-e-it-se-se-kryeministrise-per-21-janarin\/","og_site_name":"FjALA e LIR\u00cb - Arkivi","article_published_time":"2012-01-28T22:37:14+00:00","og_image":[{"url":"http:\/\/www.shkoder.net\/2012\/armando_kasaj.jpg","type":"","width":"","height":""}],"author":"admin","twitter_card":"summary_large_image","twitter_misc":{"Written by":"admin","Est. reading time":"1 minute"},"schema":{"@context":"https:\/\/schema.org","@graph":[{"@type":"Article","@id":"https:\/\/fjala.info\/2009-2015\/prokuroria-gjen-prova-ne-banesen-e-it-se-se-kryeministrise-per-21-janarin\/#article","isPartOf":{"@id":"https:\/\/fjala.info\/2009-2015\/prokuroria-gjen-prova-ne-banesen-e-it-se-se-kryeministrise-per-21-janarin\/"},"author":{"name":"admin","@id":"https:\/\/fjala.info\/2009-2015\/#\/schema\/person\/3aa1163ef05469c496fc94e77611ada2"},"headline":"Prokuroria gjen prova n\u00eb banes\u00ebn e IT-s\u00eb s\u00eb Kryeministris\u00eb p\u00ebr 21 janarin","datePublished":"2012-01-28T22:37:14+00:00","mainEntityOfPage":{"@id":"https:\/\/fjala.info\/2009-2015\/prokuroria-gjen-prova-ne-banesen-e-it-se-se-kryeministrise-per-21-janarin\/"},"wordCount":238,"commentCount":0,"publisher":{"@id":"https:\/\/fjala.info\/2009-2015\/#organization"},"image":{"@id":"https:\/\/fjala.info\/2009-2015\/prokuroria-gjen-prova-ne-banesen-e-it-se-se-kryeministrise-per-21-janarin\/#primaryimage"},"thumbnailUrl":"http:\/\/www.shkoder.net\/2012\/armando_kasaj.jpg","articleSection":["Lajme"],"inLanguage":"sq-AL","potentialAction":[{"@type":"CommentAction","name":"Comment","target":["https:\/\/fjala.info\/2009-2015\/prokuroria-gjen-prova-ne-banesen-e-it-se-se-kryeministrise-per-21-janarin\/#respond"]}]},{"@type":"WebPage","@id":"https:\/\/fjala.info\/2009-2015\/prokuroria-gjen-prova-ne-banesen-e-it-se-se-kryeministrise-per-21-janarin\/","url":"https:\/\/fjala.info\/2009-2015\/prokuroria-gjen-prova-ne-banesen-e-it-se-se-kryeministrise-per-21-janarin\/","name":"Prokuroria gjen prova n\u00eb banes\u00ebn e IT-s\u00eb s\u00eb Kryeministris\u00eb p\u00ebr 21 janarin - FjALA e LIR\u00cb - Arkivi","isPartOf":{"@id":"https:\/\/fjala.info\/2009-2015\/#website"},"primaryImageOfPage":{"@id":"https:\/\/fjala.info\/2009-2015\/prokuroria-gjen-prova-ne-banesen-e-it-se-se-kryeministrise-per-21-janarin\/#primaryimage"},"image":{"@id":"https:\/\/fjala.info\/2009-2015\/prokuroria-gjen-prova-ne-banesen-e-it-se-se-kryeministrise-per-21-janarin\/#primaryimage"},"thumbnailUrl":"http:\/\/www.shkoder.net\/2012\/armando_kasaj.jpg","datePublished":"2012-01-28T22:37:14+00:00","breadcrumb":{"@id":"https:\/\/fjala.info\/2009-2015\/prokuroria-gjen-prova-ne-banesen-e-it-se-se-kryeministrise-per-21-janarin\/#breadcrumb"},"inLanguage":"sq-AL","potentialAction":[{"@type":"ReadAction","target":["https:\/\/fjala.info\/2009-2015\/prokuroria-gjen-prova-ne-banesen-e-it-se-se-kryeministrise-per-21-janarin\/"]}]},{"@type":"ImageObject","inLanguage":"sq-AL","@id":"https:\/\/fjala.info\/2009-2015\/prokuroria-gjen-prova-ne-banesen-e-it-se-se-kryeministrise-per-21-janarin\/#primaryimage","url":"http:\/\/www.shkoder.net\/2012\/armando_kasaj.jpg","contentUrl":"http:\/\/www.shkoder.net\/2012\/armando_kasaj.jpg"},{"@type":"BreadcrumbList","@id":"https:\/\/fjala.info\/2009-2015\/prokuroria-gjen-prova-ne-banesen-e-it-se-se-kryeministrise-per-21-janarin\/#breadcrumb","itemListElement":[{"@type":"ListItem","position":1,"name":"Home","item":"https:\/\/fjala.info\/2009-2015\/"},{"@type":"ListItem","position":2,"name":"Prokuroria gjen prova n\u00eb banes\u00ebn e IT-s\u00eb s\u00eb Kryeministris\u00eb p\u00ebr 21 janarin"}]},{"@type":"WebSite","@id":"https:\/\/fjala.info\/2009-2015\/#website","url":"https:\/\/fjala.info\/2009-2015\/","name":"FjALA e LIR\u00cb - Arkivi","description":"Arkivi 2009-2015","publisher":{"@id":"https:\/\/fjala.info\/2009-2015\/#organization"},"potentialAction":[{"@type":"SearchAction","target":{"@type":"EntryPoint","urlTemplate":"https:\/\/fjala.info\/2009-2015\/?s={search_term_string}"},"query-input":{"@type":"PropertyValueSpecification","valueRequired":true,"valueName":"search_term_string"}}],"inLanguage":"sq-AL"},{"@type":"Organization","@id":"https:\/\/fjala.info\/2009-2015\/#organization","name":"FjALA e LIR\u00cb - Arkivi","url":"https:\/\/fjala.info\/2009-2015\/","logo":{"@type":"ImageObject","inLanguage":"sq-AL","@id":"https:\/\/fjala.info\/2009-2015\/#\/schema\/logo\/image\/","url":"","contentUrl":"","caption":"FjALA e LIR\u00cb - Arkivi"},"image":{"@id":"https:\/\/fjala.info\/2009-2015\/#\/schema\/logo\/image\/"}},{"@type":"Person","@id":"https:\/\/fjala.info\/2009-2015\/#\/schema\/person\/3aa1163ef05469c496fc94e77611ada2","name":"admin","image":{"@type":"ImageObject","inLanguage":"sq-AL","@id":"https:\/\/fjala.info\/2009-2015\/wp-content\/uploads\/2012\/02\/arben_cokaj-120x150.jpg","url":"https:\/\/fjala.info\/2009-2015\/wp-content\/uploads\/2012\/02\/arben_cokaj-120x150.jpg","contentUrl":"https:\/\/fjala.info\/2009-2015\/wp-content\/uploads\/2012\/02\/arben_cokaj-120x150.jpg","caption":"admin"},"description":"Admin, Fjala e Lir\u00eb","sameAs":["https:\/\/fjala.info\/"],"url":"https:\/\/fjala.info\/2009-2015\/author\/admin\/"}]}},"_links":{"self":[{"href":"https:\/\/fjala.info\/2009-2015\/wp-json\/wp\/v2\/posts\/1467","targetHints":{"allow":["GET"]}}],"collection":[{"href":"https:\/\/fjala.info\/2009-2015\/wp-json\/wp\/v2\/posts"}],"about":[{"href":"https:\/\/fjala.info\/2009-2015\/wp-json\/wp\/v2\/types\/post"}],"author":[{"embeddable":true,"href":"https:\/\/fjala.info\/2009-2015\/wp-json\/wp\/v2\/users\/1"}],"replies":[{"embeddable":true,"href":"https:\/\/fjala.info\/2009-2015\/wp-json\/wp\/v2\/comments?post=1467"}],"version-history":[{"count":0,"href":"https:\/\/fjala.info\/2009-2015\/wp-json\/wp\/v2\/posts\/1467\/revisions"}],"wp:attachment":[{"href":"https:\/\/fjala.info\/2009-2015\/wp-json\/wp\/v2\/media?parent=1467"}],"wp:term":[{"taxonomy":"category","embeddable":true,"href":"https:\/\/fjala.info\/2009-2015\/wp-json\/wp\/v2\/categories?post=1467"},{"taxonomy":"post_tag","embeddable":true,"href":"https:\/\/fjala.info\/2009-2015\/wp-json\/wp\/v2\/tags?post=1467"}],"curies":[{"name":"wp","href":"https:\/\/api.w.org\/{rel}","templated":true}]}}