{"id":1457,"date":"2012-01-28T12:10:17","date_gmt":"2012-01-28T11:10:17","guid":{"rendered":"http:\/\/fjala.shkoder.net\/?p=1457"},"modified":"2012-01-28T12:10:17","modified_gmt":"2012-01-28T11:10:17","slug":"rama-sot-ne-presheve-ministria-e-jashtme-perpiqet-te-zbehe-viziten","status":"publish","type":"post","link":"https:\/\/fjala.info\/2009-2015\/rama-sot-ne-presheve-ministria-e-jashtme-perpiqet-te-zbehe-viziten\/","title":{"rendered":"Rama sot n\u00eb Preshev\u00eb, Ministria e Jashtme p\u00ebrpiqet t\u00eb zbeh\u00eb vizit\u00ebn"},"content":{"rendered":"<p><img decoding=\"async\" class=\"alignleft size-thumbnail wp-image-7236\" title=\"Edi Rama po vjen\" src=\"http:\/\/www.shkoder.net\/2012\/rama_po_vjen.jpg\" alt=\"\" width=\"300\" \/> <strong>TemA Online<\/strong>, <em>28 Janar 2012<\/em><\/p>\n<p>Kreu i PS-s\u00eb, Edi Rama, do t\u00eb zhvilloj\u00eb nj\u00eb vizit\u00eb n\u00eb Preshev\u00eb gjat\u00eb dit\u00ebs s\u00eb sotme, duke u b\u00ebr\u00eb nj\u00eb prej politikan\u00ebve t\u00eb vet\u00ebm shqiptar\u00eb, q\u00eb takon shqiptar\u00ebt e Lugin\u00ebs s\u00eb Preshev\u00ebs. Ai do t\u00eb ket\u00eb takime me shqiptar\u00ebt e Lugin\u00ebs dhe do t\u00eb promovoj\u00eb librin e tij \u201cKurban\u201d.<\/p>\n<p>Por, nd\u00ebrsa Rama viziton Preshev\u00ebn, Ministria e Jashtme e Shqip\u00ebris\u00eb ka njoftuar p\u00ebr nj\u00eb takim q\u00eb do t\u00eb mbahet pik\u00ebrisht me p\u00ebrfaq\u00ebsuesit e k\u00ebtij komuniteti nga Lugina e Preshev\u00ebs n\u00eb Tiran\u00eb n\u00eb t\u00eb nj\u00ebjt\u00ebn dit\u00eb, sot e shtun\u00eb.<\/p>\n<p>Ministria e Pun\u00ebve t\u00eb Jashtme ka konfirmuar pranin\u00eb e deputetit shqiptar n\u00eb parlamentin e Serbis\u00eb Riza Halimi, kryetarit t\u00eb Partis\u00eb p\u00ebr Veprim Demokratik, Galip Beqiri dhe kreun e komun\u00ebs s\u00eb Bujanovcit, Shaip Kamberi.<\/p>\n<p>\u201cT\u00eb shtun\u00ebn, ora 10.00, zv.Kryeministri dhe Ministri i Pun\u00ebve t\u00eb Jashtme, z. Edmond Haxhinasto pret p\u00ebrfaq\u00ebsues shqiptar\u00eb nga Lugina e Preshev\u00ebs. Konkretisht do t\u00eb jet\u00eb i pranish\u00ebm z. Riza Halimi, deputet n\u00eb Parlamentin e Serbis\u00eb dhe kryetar i Partis\u00eb p\u00ebr Veprim Demokratik; Galip Beqiri, kryetar i KNSH dhe Shaip Kamberi, kryetar i Komun\u00ebs s\u00eb Bujanovcit. N\u00eb takim do t\u00eb diskutohet p\u00ebr thellimin e komunikimit me autoritetet shqiptare t\u00eb Preshev\u00ebs, ve\u00e7an\u00ebrisht p\u00ebr mb\u00ebshtetjen q\u00eb Qeveria shqiptare jep n\u00eb drejtim t\u00eb arsimit dhe kultur\u00ebs\u201d, njofton zyrat e shtypit e Ministris\u00eb s\u00eb Jashtme.<\/p>\n<p>Me k\u00ebt\u00eb veprim, Ministria e Jashtme \u00ebsht\u00eb p\u00ebrpjekur t\u00eb dekonspiroj\u00eb vizit\u00ebn e Ram\u00ebs, me q\u00ebllim q\u00eb ai most \u00eb takoj\u00eb p\u00ebrfaq\u00ebsuesit politik\u00eb t\u00eb Lugin\u00ebs s\u00eb Preshev\u00ebs.<\/p>\n<p>Pas Preshev\u00ebs, Rama pritet q\u00eb t\u00eb vizitoj\u00eb edhe Vien\u00ebn, ku edhe atje do t\u00eb promovoj\u00eb librin e tij.<\/p>\n","protected":false},"excerpt":{"rendered":"<p>TemA Online, 28 Janar 2012 Kreu i PS-s\u00eb, Edi Rama, do t\u00eb zhvilloj\u00eb nj\u00eb vizit\u00eb n\u00eb Preshev\u00eb gjat\u00eb dit\u00ebs s\u00eb sotme, duke u b\u00ebr\u00eb nj\u00eb prej politikan\u00ebve t\u00eb vet\u00ebm shqiptar\u00eb, q\u00eb takon shqiptar\u00ebt e Lugin\u00ebs s\u00eb Preshev\u00ebs. Ai do t\u00eb ket\u00eb takime me shqiptar\u00ebt e Lugin\u00ebs dhe do t\u00eb promovoj\u00eb librin e tij \u201cKurban\u201d. Por, [&hellip;]<\/p>\n","protected":false},"author":1,"featured_media":0,"comment_status":"open","ping_status":"closed","sticky":false,"template":"","format":"standard","meta":{"footnotes":""},"categories":[2,5],"tags":[],"class_list":{"0":"post-1457","1":"post","2":"type-post","3":"status-publish","4":"format-standard","6":"category-artikuj","7":"category-lajme"},"yoast_head":"<!-- This site is optimized with the Yoast SEO plugin v27.4 - https:\/\/yoast.com\/product\/yoast-seo-wordpress\/ -->\n<title>Rama sot n\u00eb Preshev\u00eb, Ministria e Jashtme p\u00ebrpiqet t\u00eb zbeh\u00eb vizit\u00ebn - FjALA e LIR\u00cb - Arkivi<\/title>\n<meta name=\"robots\" content=\"index, follow, max-snippet:-1, max-image-preview:large, max-video-preview:-1\" \/>\n<link rel=\"canonical\" href=\"https:\/\/fjala.info\/2009-2015\/rama-sot-ne-presheve-ministria-e-jashtme-perpiqet-te-zbehe-viziten\/\" \/>\n<meta property=\"og:locale\" content=\"sq_AL\" \/>\n<meta property=\"og:type\" content=\"article\" \/>\n<meta property=\"og:title\" content=\"Rama sot n\u00eb Preshev\u00eb, Ministria e Jashtme p\u00ebrpiqet t\u00eb zbeh\u00eb vizit\u00ebn - FjALA e LIR\u00cb - Arkivi\" \/>\n<meta property=\"og:description\" content=\"TemA Online, 28 Janar 2012 Kreu i PS-s\u00eb, Edi Rama, do t\u00eb zhvilloj\u00eb nj\u00eb vizit\u00eb n\u00eb Preshev\u00eb gjat\u00eb dit\u00ebs s\u00eb sotme, duke u b\u00ebr\u00eb nj\u00eb prej politikan\u00ebve t\u00eb vet\u00ebm shqiptar\u00eb, q\u00eb takon shqiptar\u00ebt e Lugin\u00ebs s\u00eb Preshev\u00ebs. Ai do t\u00eb ket\u00eb takime me shqiptar\u00ebt e Lugin\u00ebs dhe do t\u00eb promovoj\u00eb librin e tij \u201cKurban\u201d. Por, [&hellip;]\" \/>\n<meta property=\"og:url\" content=\"https:\/\/fjala.info\/2009-2015\/rama-sot-ne-presheve-ministria-e-jashtme-perpiqet-te-zbehe-viziten\/\" \/>\n<meta property=\"og:site_name\" content=\"FjALA e LIR\u00cb - Arkivi\" \/>\n<meta property=\"article:published_time\" content=\"2012-01-28T11:10:17+00:00\" \/>\n<meta property=\"og:image\" content=\"http:\/\/www.shkoder.net\/2012\/rama_po_vjen.jpg\" \/>\n<meta name=\"author\" content=\"admin\" \/>\n<meta name=\"twitter:card\" content=\"summary_large_image\" \/>\n<meta name=\"twitter:label1\" content=\"Written by\" \/>\n\t<meta name=\"twitter:data1\" content=\"admin\" \/>\n\t<meta name=\"twitter:label2\" content=\"Est. reading time\" \/>\n\t<meta name=\"twitter:data2\" content=\"2 minutes\" \/>\n<script type=\"application\/ld+json\" class=\"yoast-schema-graph\">{\"@context\":\"https:\\\/\\\/schema.org\",\"@graph\":[{\"@type\":\"Article\",\"@id\":\"https:\\\/\\\/fjala.info\\\/2009-2015\\\/rama-sot-ne-presheve-ministria-e-jashtme-perpiqet-te-zbehe-viziten\\\/#article\",\"isPartOf\":{\"@id\":\"https:\\\/\\\/fjala.info\\\/2009-2015\\\/rama-sot-ne-presheve-ministria-e-jashtme-perpiqet-te-zbehe-viziten\\\/\"},\"author\":{\"name\":\"admin\",\"@id\":\"https:\\\/\\\/fjala.info\\\/2009-2015\\\/#\\\/schema\\\/person\\\/3aa1163ef05469c496fc94e77611ada2\"},\"headline\":\"Rama sot n\u00eb Preshev\u00eb, Ministria e Jashtme p\u00ebrpiqet t\u00eb zbeh\u00eb vizit\u00ebn\",\"datePublished\":\"2012-01-28T11:10:17+00:00\",\"mainEntityOfPage\":{\"@id\":\"https:\\\/\\\/fjala.info\\\/2009-2015\\\/rama-sot-ne-presheve-ministria-e-jashtme-perpiqet-te-zbehe-viziten\\\/\"},\"wordCount\":318,\"commentCount\":0,\"publisher\":{\"@id\":\"https:\\\/\\\/fjala.info\\\/2009-2015\\\/#organization\"},\"image\":{\"@id\":\"https:\\\/\\\/fjala.info\\\/2009-2015\\\/rama-sot-ne-presheve-ministria-e-jashtme-perpiqet-te-zbehe-viziten\\\/#primaryimage\"},\"thumbnailUrl\":\"http:\\\/\\\/www.shkoder.net\\\/2012\\\/rama_po_vjen.jpg\",\"articleSection\":[\"Artikuj\",\"Lajme\"],\"inLanguage\":\"sq-AL\",\"potentialAction\":[{\"@type\":\"CommentAction\",\"name\":\"Comment\",\"target\":[\"https:\\\/\\\/fjala.info\\\/2009-2015\\\/rama-sot-ne-presheve-ministria-e-jashtme-perpiqet-te-zbehe-viziten\\\/#respond\"]}]},{\"@type\":\"WebPage\",\"@id\":\"https:\\\/\\\/fjala.info\\\/2009-2015\\\/rama-sot-ne-presheve-ministria-e-jashtme-perpiqet-te-zbehe-viziten\\\/\",\"url\":\"https:\\\/\\\/fjala.info\\\/2009-2015\\\/rama-sot-ne-presheve-ministria-e-jashtme-perpiqet-te-zbehe-viziten\\\/\",\"name\":\"Rama sot n\u00eb Preshev\u00eb, Ministria e Jashtme p\u00ebrpiqet t\u00eb zbeh\u00eb vizit\u00ebn - FjALA e LIR\u00cb - Arkivi\",\"isPartOf\":{\"@id\":\"https:\\\/\\\/fjala.info\\\/2009-2015\\\/#website\"},\"primaryImageOfPage\":{\"@id\":\"https:\\\/\\\/fjala.info\\\/2009-2015\\\/rama-sot-ne-presheve-ministria-e-jashtme-perpiqet-te-zbehe-viziten\\\/#primaryimage\"},\"image\":{\"@id\":\"https:\\\/\\\/fjala.info\\\/2009-2015\\\/rama-sot-ne-presheve-ministria-e-jashtme-perpiqet-te-zbehe-viziten\\\/#primaryimage\"},\"thumbnailUrl\":\"http:\\\/\\\/www.shkoder.net\\\/2012\\\/rama_po_vjen.jpg\",\"datePublished\":\"2012-01-28T11:10:17+00:00\",\"breadcrumb\":{\"@id\":\"https:\\\/\\\/fjala.info\\\/2009-2015\\\/rama-sot-ne-presheve-ministria-e-jashtme-perpiqet-te-zbehe-viziten\\\/#breadcrumb\"},\"inLanguage\":\"sq-AL\",\"potentialAction\":[{\"@type\":\"ReadAction\",\"target\":[\"https:\\\/\\\/fjala.info\\\/2009-2015\\\/rama-sot-ne-presheve-ministria-e-jashtme-perpiqet-te-zbehe-viziten\\\/\"]}]},{\"@type\":\"ImageObject\",\"inLanguage\":\"sq-AL\",\"@id\":\"https:\\\/\\\/fjala.info\\\/2009-2015\\\/rama-sot-ne-presheve-ministria-e-jashtme-perpiqet-te-zbehe-viziten\\\/#primaryimage\",\"url\":\"http:\\\/\\\/www.shkoder.net\\\/2012\\\/rama_po_vjen.jpg\",\"contentUrl\":\"http:\\\/\\\/www.shkoder.net\\\/2012\\\/rama_po_vjen.jpg\"},{\"@type\":\"BreadcrumbList\",\"@id\":\"https:\\\/\\\/fjala.info\\\/2009-2015\\\/rama-sot-ne-presheve-ministria-e-jashtme-perpiqet-te-zbehe-viziten\\\/#breadcrumb\",\"itemListElement\":[{\"@type\":\"ListItem\",\"position\":1,\"name\":\"Home\",\"item\":\"https:\\\/\\\/fjala.info\\\/2009-2015\\\/\"},{\"@type\":\"ListItem\",\"position\":2,\"name\":\"Rama sot n\u00eb Preshev\u00eb, Ministria e Jashtme p\u00ebrpiqet t\u00eb zbeh\u00eb vizit\u00ebn\"}]},{\"@type\":\"WebSite\",\"@id\":\"https:\\\/\\\/fjala.info\\\/2009-2015\\\/#website\",\"url\":\"https:\\\/\\\/fjala.info\\\/2009-2015\\\/\",\"name\":\"FjALA e LIR\u00cb - Arkivi\",\"description\":\"Arkivi 2009-2015\",\"publisher\":{\"@id\":\"https:\\\/\\\/fjala.info\\\/2009-2015\\\/#organization\"},\"potentialAction\":[{\"@type\":\"SearchAction\",\"target\":{\"@type\":\"EntryPoint\",\"urlTemplate\":\"https:\\\/\\\/fjala.info\\\/2009-2015\\\/?s={search_term_string}\"},\"query-input\":{\"@type\":\"PropertyValueSpecification\",\"valueRequired\":true,\"valueName\":\"search_term_string\"}}],\"inLanguage\":\"sq-AL\"},{\"@type\":\"Organization\",\"@id\":\"https:\\\/\\\/fjala.info\\\/2009-2015\\\/#organization\",\"name\":\"FjALA e LIR\u00cb - Arkivi\",\"url\":\"https:\\\/\\\/fjala.info\\\/2009-2015\\\/\",\"logo\":{\"@type\":\"ImageObject\",\"inLanguage\":\"sq-AL\",\"@id\":\"https:\\\/\\\/fjala.info\\\/2009-2015\\\/#\\\/schema\\\/logo\\\/image\\\/\",\"url\":\"\",\"contentUrl\":\"\",\"caption\":\"FjALA e LIR\u00cb - Arkivi\"},\"image\":{\"@id\":\"https:\\\/\\\/fjala.info\\\/2009-2015\\\/#\\\/schema\\\/logo\\\/image\\\/\"}},{\"@type\":\"Person\",\"@id\":\"https:\\\/\\\/fjala.info\\\/2009-2015\\\/#\\\/schema\\\/person\\\/3aa1163ef05469c496fc94e77611ada2\",\"name\":\"admin\",\"image\":{\"@type\":\"ImageObject\",\"inLanguage\":\"sq-AL\",\"@id\":\"https:\\\/\\\/fjala.info\\\/2009-2015\\\/wp-content\\\/uploads\\\/2012\\\/02\\\/arben_cokaj-120x150.jpg\",\"url\":\"https:\\\/\\\/fjala.info\\\/2009-2015\\\/wp-content\\\/uploads\\\/2012\\\/02\\\/arben_cokaj-120x150.jpg\",\"contentUrl\":\"https:\\\/\\\/fjala.info\\\/2009-2015\\\/wp-content\\\/uploads\\\/2012\\\/02\\\/arben_cokaj-120x150.jpg\",\"caption\":\"admin\"},\"description\":\"Admin, Fjala e Lir\u00eb\",\"sameAs\":[\"https:\\\/\\\/fjala.info\\\/\"],\"url\":\"https:\\\/\\\/fjala.info\\\/2009-2015\\\/author\\\/admin\\\/\"}]}<\/script>\n<!-- \/ Yoast SEO plugin. -->","yoast_head_json":{"title":"Rama sot n\u00eb Preshev\u00eb, Ministria e Jashtme p\u00ebrpiqet t\u00eb zbeh\u00eb vizit\u00ebn - FjALA e LIR\u00cb - Arkivi","robots":{"index":"index","follow":"follow","max-snippet":"max-snippet:-1","max-image-preview":"max-image-preview:large","max-video-preview":"max-video-preview:-1"},"canonical":"https:\/\/fjala.info\/2009-2015\/rama-sot-ne-presheve-ministria-e-jashtme-perpiqet-te-zbehe-viziten\/","og_locale":"sq_AL","og_type":"article","og_title":"Rama sot n\u00eb Preshev\u00eb, Ministria e Jashtme p\u00ebrpiqet t\u00eb zbeh\u00eb vizit\u00ebn - FjALA e LIR\u00cb - Arkivi","og_description":"TemA Online, 28 Janar 2012 Kreu i PS-s\u00eb, Edi Rama, do t\u00eb zhvilloj\u00eb nj\u00eb vizit\u00eb n\u00eb Preshev\u00eb gjat\u00eb dit\u00ebs s\u00eb sotme, duke u b\u00ebr\u00eb nj\u00eb prej politikan\u00ebve t\u00eb vet\u00ebm shqiptar\u00eb, q\u00eb takon shqiptar\u00ebt e Lugin\u00ebs s\u00eb Preshev\u00ebs. Ai do t\u00eb ket\u00eb takime me shqiptar\u00ebt e Lugin\u00ebs dhe do t\u00eb promovoj\u00eb librin e tij \u201cKurban\u201d. Por, [&hellip;]","og_url":"https:\/\/fjala.info\/2009-2015\/rama-sot-ne-presheve-ministria-e-jashtme-perpiqet-te-zbehe-viziten\/","og_site_name":"FjALA e LIR\u00cb - Arkivi","article_published_time":"2012-01-28T11:10:17+00:00","og_image":[{"url":"http:\/\/www.shkoder.net\/2012\/rama_po_vjen.jpg","type":"","width":"","height":""}],"author":"admin","twitter_card":"summary_large_image","twitter_misc":{"Written by":"admin","Est. reading time":"2 minutes"},"schema":{"@context":"https:\/\/schema.org","@graph":[{"@type":"Article","@id":"https:\/\/fjala.info\/2009-2015\/rama-sot-ne-presheve-ministria-e-jashtme-perpiqet-te-zbehe-viziten\/#article","isPartOf":{"@id":"https:\/\/fjala.info\/2009-2015\/rama-sot-ne-presheve-ministria-e-jashtme-perpiqet-te-zbehe-viziten\/"},"author":{"name":"admin","@id":"https:\/\/fjala.info\/2009-2015\/#\/schema\/person\/3aa1163ef05469c496fc94e77611ada2"},"headline":"Rama sot n\u00eb Preshev\u00eb, Ministria e Jashtme p\u00ebrpiqet t\u00eb zbeh\u00eb vizit\u00ebn","datePublished":"2012-01-28T11:10:17+00:00","mainEntityOfPage":{"@id":"https:\/\/fjala.info\/2009-2015\/rama-sot-ne-presheve-ministria-e-jashtme-perpiqet-te-zbehe-viziten\/"},"wordCount":318,"commentCount":0,"publisher":{"@id":"https:\/\/fjala.info\/2009-2015\/#organization"},"image":{"@id":"https:\/\/fjala.info\/2009-2015\/rama-sot-ne-presheve-ministria-e-jashtme-perpiqet-te-zbehe-viziten\/#primaryimage"},"thumbnailUrl":"http:\/\/www.shkoder.net\/2012\/rama_po_vjen.jpg","articleSection":["Artikuj","Lajme"],"inLanguage":"sq-AL","potentialAction":[{"@type":"CommentAction","name":"Comment","target":["https:\/\/fjala.info\/2009-2015\/rama-sot-ne-presheve-ministria-e-jashtme-perpiqet-te-zbehe-viziten\/#respond"]}]},{"@type":"WebPage","@id":"https:\/\/fjala.info\/2009-2015\/rama-sot-ne-presheve-ministria-e-jashtme-perpiqet-te-zbehe-viziten\/","url":"https:\/\/fjala.info\/2009-2015\/rama-sot-ne-presheve-ministria-e-jashtme-perpiqet-te-zbehe-viziten\/","name":"Rama sot n\u00eb Preshev\u00eb, Ministria e Jashtme p\u00ebrpiqet t\u00eb zbeh\u00eb vizit\u00ebn - FjALA e LIR\u00cb - Arkivi","isPartOf":{"@id":"https:\/\/fjala.info\/2009-2015\/#website"},"primaryImageOfPage":{"@id":"https:\/\/fjala.info\/2009-2015\/rama-sot-ne-presheve-ministria-e-jashtme-perpiqet-te-zbehe-viziten\/#primaryimage"},"image":{"@id":"https:\/\/fjala.info\/2009-2015\/rama-sot-ne-presheve-ministria-e-jashtme-perpiqet-te-zbehe-viziten\/#primaryimage"},"thumbnailUrl":"http:\/\/www.shkoder.net\/2012\/rama_po_vjen.jpg","datePublished":"2012-01-28T11:10:17+00:00","breadcrumb":{"@id":"https:\/\/fjala.info\/2009-2015\/rama-sot-ne-presheve-ministria-e-jashtme-perpiqet-te-zbehe-viziten\/#breadcrumb"},"inLanguage":"sq-AL","potentialAction":[{"@type":"ReadAction","target":["https:\/\/fjala.info\/2009-2015\/rama-sot-ne-presheve-ministria-e-jashtme-perpiqet-te-zbehe-viziten\/"]}]},{"@type":"ImageObject","inLanguage":"sq-AL","@id":"https:\/\/fjala.info\/2009-2015\/rama-sot-ne-presheve-ministria-e-jashtme-perpiqet-te-zbehe-viziten\/#primaryimage","url":"http:\/\/www.shkoder.net\/2012\/rama_po_vjen.jpg","contentUrl":"http:\/\/www.shkoder.net\/2012\/rama_po_vjen.jpg"},{"@type":"BreadcrumbList","@id":"https:\/\/fjala.info\/2009-2015\/rama-sot-ne-presheve-ministria-e-jashtme-perpiqet-te-zbehe-viziten\/#breadcrumb","itemListElement":[{"@type":"ListItem","position":1,"name":"Home","item":"https:\/\/fjala.info\/2009-2015\/"},{"@type":"ListItem","position":2,"name":"Rama sot n\u00eb Preshev\u00eb, Ministria e Jashtme p\u00ebrpiqet t\u00eb zbeh\u00eb vizit\u00ebn"}]},{"@type":"WebSite","@id":"https:\/\/fjala.info\/2009-2015\/#website","url":"https:\/\/fjala.info\/2009-2015\/","name":"FjALA e LIR\u00cb - Arkivi","description":"Arkivi 2009-2015","publisher":{"@id":"https:\/\/fjala.info\/2009-2015\/#organization"},"potentialAction":[{"@type":"SearchAction","target":{"@type":"EntryPoint","urlTemplate":"https:\/\/fjala.info\/2009-2015\/?s={search_term_string}"},"query-input":{"@type":"PropertyValueSpecification","valueRequired":true,"valueName":"search_term_string"}}],"inLanguage":"sq-AL"},{"@type":"Organization","@id":"https:\/\/fjala.info\/2009-2015\/#organization","name":"FjALA e LIR\u00cb - Arkivi","url":"https:\/\/fjala.info\/2009-2015\/","logo":{"@type":"ImageObject","inLanguage":"sq-AL","@id":"https:\/\/fjala.info\/2009-2015\/#\/schema\/logo\/image\/","url":"","contentUrl":"","caption":"FjALA e LIR\u00cb - Arkivi"},"image":{"@id":"https:\/\/fjala.info\/2009-2015\/#\/schema\/logo\/image\/"}},{"@type":"Person","@id":"https:\/\/fjala.info\/2009-2015\/#\/schema\/person\/3aa1163ef05469c496fc94e77611ada2","name":"admin","image":{"@type":"ImageObject","inLanguage":"sq-AL","@id":"https:\/\/fjala.info\/2009-2015\/wp-content\/uploads\/2012\/02\/arben_cokaj-120x150.jpg","url":"https:\/\/fjala.info\/2009-2015\/wp-content\/uploads\/2012\/02\/arben_cokaj-120x150.jpg","contentUrl":"https:\/\/fjala.info\/2009-2015\/wp-content\/uploads\/2012\/02\/arben_cokaj-120x150.jpg","caption":"admin"},"description":"Admin, Fjala e Lir\u00eb","sameAs":["https:\/\/fjala.info\/"],"url":"https:\/\/fjala.info\/2009-2015\/author\/admin\/"}]}},"_links":{"self":[{"href":"https:\/\/fjala.info\/2009-2015\/wp-json\/wp\/v2\/posts\/1457","targetHints":{"allow":["GET"]}}],"collection":[{"href":"https:\/\/fjala.info\/2009-2015\/wp-json\/wp\/v2\/posts"}],"about":[{"href":"https:\/\/fjala.info\/2009-2015\/wp-json\/wp\/v2\/types\/post"}],"author":[{"embeddable":true,"href":"https:\/\/fjala.info\/2009-2015\/wp-json\/wp\/v2\/users\/1"}],"replies":[{"embeddable":true,"href":"https:\/\/fjala.info\/2009-2015\/wp-json\/wp\/v2\/comments?post=1457"}],"version-history":[{"count":0,"href":"https:\/\/fjala.info\/2009-2015\/wp-json\/wp\/v2\/posts\/1457\/revisions"}],"wp:attachment":[{"href":"https:\/\/fjala.info\/2009-2015\/wp-json\/wp\/v2\/media?parent=1457"}],"wp:term":[{"taxonomy":"category","embeddable":true,"href":"https:\/\/fjala.info\/2009-2015\/wp-json\/wp\/v2\/categories?post=1457"},{"taxonomy":"post_tag","embeddable":true,"href":"https:\/\/fjala.info\/2009-2015\/wp-json\/wp\/v2\/tags?post=1457"}],"curies":[{"name":"wp","href":"https:\/\/api.w.org\/{rel}","templated":true}]}}