{"id":14452,"date":"2015-12-10T11:10:32","date_gmt":"2015-12-10T10:10:32","guid":{"rendered":"http:\/\/www.fjala.info\/?p=4981"},"modified":"2015-12-10T11:10:32","modified_gmt":"2015-12-10T10:10:32","slug":"ldk-zvicer-promovim-i-librit-ministria-e-mbrojtjes-e-republikes-se-kosoves-1991-1995","status":"publish","type":"post","link":"https:\/\/fjala.info\/2009-2015\/ldk-zvicer-promovim-i-librit-ministria-e-mbrojtjes-e-republikes-se-kosoves-1991-1995\/","title":{"rendered":"LDK-Zvic\u00ebr, promovim i librit: MINISTRIA E MBROJTJES E REPUBLIK\u00cbS S\u00cb KOSOV\u00cbS 1991 \u2013 1995"},"content":{"rendered":"<p><img decoding=\"async\" class=\"alignright\" title=\"Nik\u00eb Ggjeloshi - Ministria e mbrojtjes s\u00eb Kosov\u00ebs\" src=\"http:\/\/www.fjala.info\/2015\/nike_gjeloshi_ministria_e_mbrojtjes_ks.jpg\" alt=\"\" width=\"220\" \/> Dega e LDK-s\u00eb n\u00eb Zvic\u00ebr b\u00ebn\u00eb promovimin e librit:<br \/>\nDr.sc. Nik\u00eb Gjeloshi: \u201cMINISTRIA E MBROJTJES E REPUBLIK\u00cbS S\u00cb KOSOV\u00cbS 1991 \u2013 1995\u201c<\/p>\n<p><strong>Promovimi do t\u00eb mbahet<br \/>\ndit\u00ebn e diel m\u00eb 13 dhjetor 2015 n\u00eb Zofingen.<\/strong><\/p>\n<p>P\u00ebr librin do t\u00eb flasin: Hamz\u00eb Morina, Abas Fejzullahi dhe Shefqet Dibrani \u2013 kritik letrar.<br \/>\nT\u00eb ftuar jan\u00eb aktivist, veprimtar dhe shkrimtar si dhe autori i librit me t\u00eb cilin do t\u00eb zhvillohet edhe nj\u00eb bashk\u00ebbisedim rreth k\u00ebtij libri dhe k\u00ebtyre ngjarjeve n\u00eb p\u00ebrvijim t\u00eb asaj kohe.<br \/>\nFtoheni t\u00eb merrni pjes\u00eb!&#8230;<\/p>\n<p><strong>Data: 13.12. 2015. Ora: 14:00<\/strong><br \/>\n<em>Adresa: Klubi Kosovar &#8220;DARDANIA&#8221;, Bleicheweg 4800 Zofingen<\/em><\/p>\n","protected":false},"excerpt":{"rendered":"<p>Dega e LDK-s\u00eb n\u00eb Zvic\u00ebr b\u00ebn\u00eb promovimin e librit: Dr.sc. Nik\u00eb Gjeloshi: \u201cMINISTRIA E MBROJTJES E REPUBLIK\u00cbS S\u00cb KOSOV\u00cbS 1991 \u2013 1995\u201c Promovimi do t\u00eb mbahet dit\u00ebn e diel m\u00eb 13 dhjetor 2015 n\u00eb Zofingen. P\u00ebr librin do t\u00eb flasin: Hamz\u00eb Morina, Abas Fejzullahi dhe Shefqet Dibrani \u2013 kritik letrar. T\u00eb ftuar jan\u00eb aktivist, veprimtar [&hellip;]<\/p>\n","protected":false},"author":1,"featured_media":0,"comment_status":"open","ping_status":"closed","sticky":false,"template":"","format":"standard","meta":{"footnotes":""},"categories":[5,6],"tags":[],"class_list":{"0":"post-14452","1":"post","2":"type-post","3":"status-publish","4":"format-standard","6":"category-lajme","7":"category-lajmerime"},"yoast_head":"<!-- This site is optimized with the Yoast SEO plugin v27.4 - https:\/\/yoast.com\/product\/yoast-seo-wordpress\/ -->\n<title>LDK-Zvic\u00ebr, promovim i librit: MINISTRIA E MBROJTJES E REPUBLIK\u00cbS S\u00cb KOSOV\u00cbS 1991 \u2013 1995 - FjALA e LIR\u00cb - Arkivi<\/title>\n<meta name=\"robots\" content=\"index, follow, max-snippet:-1, max-image-preview:large, max-video-preview:-1\" \/>\n<link rel=\"canonical\" href=\"https:\/\/fjala.info\/2009-2015\/ldk-zvicer-promovim-i-librit-ministria-e-mbrojtjes-e-republikes-se-kosoves-1991-1995\/\" \/>\n<meta property=\"og:locale\" content=\"sq_AL\" \/>\n<meta property=\"og:type\" content=\"article\" \/>\n<meta property=\"og:title\" content=\"LDK-Zvic\u00ebr, promovim i librit: MINISTRIA E MBROJTJES E REPUBLIK\u00cbS S\u00cb KOSOV\u00cbS 1991 \u2013 1995 - FjALA e LIR\u00cb - Arkivi\" \/>\n<meta property=\"og:description\" content=\"Dega e LDK-s\u00eb n\u00eb Zvic\u00ebr b\u00ebn\u00eb promovimin e librit: Dr.sc. Nik\u00eb Gjeloshi: \u201cMINISTRIA E MBROJTJES E REPUBLIK\u00cbS S\u00cb KOSOV\u00cbS 1991 \u2013 1995\u201c Promovimi do t\u00eb mbahet dit\u00ebn e diel m\u00eb 13 dhjetor 2015 n\u00eb Zofingen. P\u00ebr librin do t\u00eb flasin: Hamz\u00eb Morina, Abas Fejzullahi dhe Shefqet Dibrani \u2013 kritik letrar. T\u00eb ftuar jan\u00eb aktivist, veprimtar [&hellip;]\" \/>\n<meta property=\"og:url\" content=\"https:\/\/fjala.info\/2009-2015\/ldk-zvicer-promovim-i-librit-ministria-e-mbrojtjes-e-republikes-se-kosoves-1991-1995\/\" \/>\n<meta property=\"og:site_name\" content=\"FjALA e LIR\u00cb - Arkivi\" \/>\n<meta property=\"article:published_time\" content=\"2015-12-10T10:10:32+00:00\" \/>\n<meta property=\"og:image\" content=\"http:\/\/www.fjala.info\/2015\/nike_gjeloshi_ministria_e_mbrojtjes_ks.jpg\" \/>\n<meta name=\"author\" content=\"admin\" \/>\n<meta name=\"twitter:card\" content=\"summary_large_image\" \/>\n<meta name=\"twitter:label1\" content=\"Written by\" \/>\n\t<meta name=\"twitter:data1\" content=\"admin\" \/>\n<script type=\"application\/ld+json\" class=\"yoast-schema-graph\">{\"@context\":\"https:\\\/\\\/schema.org\",\"@graph\":[{\"@type\":\"Article\",\"@id\":\"https:\\\/\\\/fjala.info\\\/2009-2015\\\/ldk-zvicer-promovim-i-librit-ministria-e-mbrojtjes-e-republikes-se-kosoves-1991-1995\\\/#article\",\"isPartOf\":{\"@id\":\"https:\\\/\\\/fjala.info\\\/2009-2015\\\/ldk-zvicer-promovim-i-librit-ministria-e-mbrojtjes-e-republikes-se-kosoves-1991-1995\\\/\"},\"author\":{\"name\":\"admin\",\"@id\":\"https:\\\/\\\/fjala.info\\\/2009-2015\\\/#\\\/schema\\\/person\\\/3aa1163ef05469c496fc94e77611ada2\"},\"headline\":\"LDK-Zvic\u00ebr, promovim i librit: MINISTRIA E MBROJTJES E REPUBLIK\u00cbS S\u00cb KOSOV\u00cbS 1991 \u2013 1995\",\"datePublished\":\"2015-12-10T10:10:32+00:00\",\"mainEntityOfPage\":{\"@id\":\"https:\\\/\\\/fjala.info\\\/2009-2015\\\/ldk-zvicer-promovim-i-librit-ministria-e-mbrojtjes-e-republikes-se-kosoves-1991-1995\\\/\"},\"wordCount\":113,\"commentCount\":2,\"publisher\":{\"@id\":\"https:\\\/\\\/fjala.info\\\/2009-2015\\\/#organization\"},\"image\":{\"@id\":\"https:\\\/\\\/fjala.info\\\/2009-2015\\\/ldk-zvicer-promovim-i-librit-ministria-e-mbrojtjes-e-republikes-se-kosoves-1991-1995\\\/#primaryimage\"},\"thumbnailUrl\":\"http:\\\/\\\/www.fjala.info\\\/2015\\\/nike_gjeloshi_ministria_e_mbrojtjes_ks.jpg\",\"articleSection\":[\"Lajme\",\"Lajm\u00ebrime\"],\"inLanguage\":\"sq-AL\",\"potentialAction\":[{\"@type\":\"CommentAction\",\"name\":\"Comment\",\"target\":[\"https:\\\/\\\/fjala.info\\\/2009-2015\\\/ldk-zvicer-promovim-i-librit-ministria-e-mbrojtjes-e-republikes-se-kosoves-1991-1995\\\/#respond\"]}]},{\"@type\":\"WebPage\",\"@id\":\"https:\\\/\\\/fjala.info\\\/2009-2015\\\/ldk-zvicer-promovim-i-librit-ministria-e-mbrojtjes-e-republikes-se-kosoves-1991-1995\\\/\",\"url\":\"https:\\\/\\\/fjala.info\\\/2009-2015\\\/ldk-zvicer-promovim-i-librit-ministria-e-mbrojtjes-e-republikes-se-kosoves-1991-1995\\\/\",\"name\":\"LDK-Zvic\u00ebr, promovim i librit: MINISTRIA E MBROJTJES E REPUBLIK\u00cbS S\u00cb KOSOV\u00cbS 1991 \u2013 1995 - FjALA e LIR\u00cb - Arkivi\",\"isPartOf\":{\"@id\":\"https:\\\/\\\/fjala.info\\\/2009-2015\\\/#website\"},\"primaryImageOfPage\":{\"@id\":\"https:\\\/\\\/fjala.info\\\/2009-2015\\\/ldk-zvicer-promovim-i-librit-ministria-e-mbrojtjes-e-republikes-se-kosoves-1991-1995\\\/#primaryimage\"},\"image\":{\"@id\":\"https:\\\/\\\/fjala.info\\\/2009-2015\\\/ldk-zvicer-promovim-i-librit-ministria-e-mbrojtjes-e-republikes-se-kosoves-1991-1995\\\/#primaryimage\"},\"thumbnailUrl\":\"http:\\\/\\\/www.fjala.info\\\/2015\\\/nike_gjeloshi_ministria_e_mbrojtjes_ks.jpg\",\"datePublished\":\"2015-12-10T10:10:32+00:00\",\"breadcrumb\":{\"@id\":\"https:\\\/\\\/fjala.info\\\/2009-2015\\\/ldk-zvicer-promovim-i-librit-ministria-e-mbrojtjes-e-republikes-se-kosoves-1991-1995\\\/#breadcrumb\"},\"inLanguage\":\"sq-AL\",\"potentialAction\":[{\"@type\":\"ReadAction\",\"target\":[\"https:\\\/\\\/fjala.info\\\/2009-2015\\\/ldk-zvicer-promovim-i-librit-ministria-e-mbrojtjes-e-republikes-se-kosoves-1991-1995\\\/\"]}]},{\"@type\":\"ImageObject\",\"inLanguage\":\"sq-AL\",\"@id\":\"https:\\\/\\\/fjala.info\\\/2009-2015\\\/ldk-zvicer-promovim-i-librit-ministria-e-mbrojtjes-e-republikes-se-kosoves-1991-1995\\\/#primaryimage\",\"url\":\"http:\\\/\\\/www.fjala.info\\\/2015\\\/nike_gjeloshi_ministria_e_mbrojtjes_ks.jpg\",\"contentUrl\":\"http:\\\/\\\/www.fjala.info\\\/2015\\\/nike_gjeloshi_ministria_e_mbrojtjes_ks.jpg\"},{\"@type\":\"BreadcrumbList\",\"@id\":\"https:\\\/\\\/fjala.info\\\/2009-2015\\\/ldk-zvicer-promovim-i-librit-ministria-e-mbrojtjes-e-republikes-se-kosoves-1991-1995\\\/#breadcrumb\",\"itemListElement\":[{\"@type\":\"ListItem\",\"position\":1,\"name\":\"Home\",\"item\":\"https:\\\/\\\/fjala.info\\\/2009-2015\\\/\"},{\"@type\":\"ListItem\",\"position\":2,\"name\":\"LDK-Zvic\u00ebr, promovim i librit: MINISTRIA E MBROJTJES E REPUBLIK\u00cbS S\u00cb KOSOV\u00cbS 1991 \u2013 1995\"}]},{\"@type\":\"WebSite\",\"@id\":\"https:\\\/\\\/fjala.info\\\/2009-2015\\\/#website\",\"url\":\"https:\\\/\\\/fjala.info\\\/2009-2015\\\/\",\"name\":\"FjALA e LIR\u00cb - Arkivi\",\"description\":\"Arkivi 2009-2015\",\"publisher\":{\"@id\":\"https:\\\/\\\/fjala.info\\\/2009-2015\\\/#organization\"},\"potentialAction\":[{\"@type\":\"SearchAction\",\"target\":{\"@type\":\"EntryPoint\",\"urlTemplate\":\"https:\\\/\\\/fjala.info\\\/2009-2015\\\/?s={search_term_string}\"},\"query-input\":{\"@type\":\"PropertyValueSpecification\",\"valueRequired\":true,\"valueName\":\"search_term_string\"}}],\"inLanguage\":\"sq-AL\"},{\"@type\":\"Organization\",\"@id\":\"https:\\\/\\\/fjala.info\\\/2009-2015\\\/#organization\",\"name\":\"FjALA e LIR\u00cb - Arkivi\",\"url\":\"https:\\\/\\\/fjala.info\\\/2009-2015\\\/\",\"logo\":{\"@type\":\"ImageObject\",\"inLanguage\":\"sq-AL\",\"@id\":\"https:\\\/\\\/fjala.info\\\/2009-2015\\\/#\\\/schema\\\/logo\\\/image\\\/\",\"url\":\"\",\"contentUrl\":\"\",\"caption\":\"FjALA e LIR\u00cb - Arkivi\"},\"image\":{\"@id\":\"https:\\\/\\\/fjala.info\\\/2009-2015\\\/#\\\/schema\\\/logo\\\/image\\\/\"}},{\"@type\":\"Person\",\"@id\":\"https:\\\/\\\/fjala.info\\\/2009-2015\\\/#\\\/schema\\\/person\\\/3aa1163ef05469c496fc94e77611ada2\",\"name\":\"admin\",\"image\":{\"@type\":\"ImageObject\",\"inLanguage\":\"sq-AL\",\"@id\":\"https:\\\/\\\/fjala.info\\\/2009-2015\\\/wp-content\\\/uploads\\\/2012\\\/02\\\/arben_cokaj-120x150.jpg\",\"url\":\"https:\\\/\\\/fjala.info\\\/2009-2015\\\/wp-content\\\/uploads\\\/2012\\\/02\\\/arben_cokaj-120x150.jpg\",\"contentUrl\":\"https:\\\/\\\/fjala.info\\\/2009-2015\\\/wp-content\\\/uploads\\\/2012\\\/02\\\/arben_cokaj-120x150.jpg\",\"caption\":\"admin\"},\"description\":\"Admin, Fjala e Lir\u00eb\",\"sameAs\":[\"https:\\\/\\\/fjala.info\\\/\"],\"url\":\"https:\\\/\\\/fjala.info\\\/2009-2015\\\/author\\\/admin\\\/\"}]}<\/script>\n<!-- \/ Yoast SEO plugin. -->","yoast_head_json":{"title":"LDK-Zvic\u00ebr, promovim i librit: MINISTRIA E MBROJTJES E REPUBLIK\u00cbS S\u00cb KOSOV\u00cbS 1991 \u2013 1995 - FjALA e LIR\u00cb - Arkivi","robots":{"index":"index","follow":"follow","max-snippet":"max-snippet:-1","max-image-preview":"max-image-preview:large","max-video-preview":"max-video-preview:-1"},"canonical":"https:\/\/fjala.info\/2009-2015\/ldk-zvicer-promovim-i-librit-ministria-e-mbrojtjes-e-republikes-se-kosoves-1991-1995\/","og_locale":"sq_AL","og_type":"article","og_title":"LDK-Zvic\u00ebr, promovim i librit: MINISTRIA E MBROJTJES E REPUBLIK\u00cbS S\u00cb KOSOV\u00cbS 1991 \u2013 1995 - FjALA e LIR\u00cb - Arkivi","og_description":"Dega e LDK-s\u00eb n\u00eb Zvic\u00ebr b\u00ebn\u00eb promovimin e librit: Dr.sc. Nik\u00eb Gjeloshi: \u201cMINISTRIA E MBROJTJES E REPUBLIK\u00cbS S\u00cb KOSOV\u00cbS 1991 \u2013 1995\u201c Promovimi do t\u00eb mbahet dit\u00ebn e diel m\u00eb 13 dhjetor 2015 n\u00eb Zofingen. P\u00ebr librin do t\u00eb flasin: Hamz\u00eb Morina, Abas Fejzullahi dhe Shefqet Dibrani \u2013 kritik letrar. T\u00eb ftuar jan\u00eb aktivist, veprimtar [&hellip;]","og_url":"https:\/\/fjala.info\/2009-2015\/ldk-zvicer-promovim-i-librit-ministria-e-mbrojtjes-e-republikes-se-kosoves-1991-1995\/","og_site_name":"FjALA e LIR\u00cb - Arkivi","article_published_time":"2015-12-10T10:10:32+00:00","og_image":[{"url":"http:\/\/www.fjala.info\/2015\/nike_gjeloshi_ministria_e_mbrojtjes_ks.jpg","type":"","width":"","height":""}],"author":"admin","twitter_card":"summary_large_image","twitter_misc":{"Written by":"admin"},"schema":{"@context":"https:\/\/schema.org","@graph":[{"@type":"Article","@id":"https:\/\/fjala.info\/2009-2015\/ldk-zvicer-promovim-i-librit-ministria-e-mbrojtjes-e-republikes-se-kosoves-1991-1995\/#article","isPartOf":{"@id":"https:\/\/fjala.info\/2009-2015\/ldk-zvicer-promovim-i-librit-ministria-e-mbrojtjes-e-republikes-se-kosoves-1991-1995\/"},"author":{"name":"admin","@id":"https:\/\/fjala.info\/2009-2015\/#\/schema\/person\/3aa1163ef05469c496fc94e77611ada2"},"headline":"LDK-Zvic\u00ebr, promovim i librit: MINISTRIA E MBROJTJES E REPUBLIK\u00cbS S\u00cb KOSOV\u00cbS 1991 \u2013 1995","datePublished":"2015-12-10T10:10:32+00:00","mainEntityOfPage":{"@id":"https:\/\/fjala.info\/2009-2015\/ldk-zvicer-promovim-i-librit-ministria-e-mbrojtjes-e-republikes-se-kosoves-1991-1995\/"},"wordCount":113,"commentCount":2,"publisher":{"@id":"https:\/\/fjala.info\/2009-2015\/#organization"},"image":{"@id":"https:\/\/fjala.info\/2009-2015\/ldk-zvicer-promovim-i-librit-ministria-e-mbrojtjes-e-republikes-se-kosoves-1991-1995\/#primaryimage"},"thumbnailUrl":"http:\/\/www.fjala.info\/2015\/nike_gjeloshi_ministria_e_mbrojtjes_ks.jpg","articleSection":["Lajme","Lajm\u00ebrime"],"inLanguage":"sq-AL","potentialAction":[{"@type":"CommentAction","name":"Comment","target":["https:\/\/fjala.info\/2009-2015\/ldk-zvicer-promovim-i-librit-ministria-e-mbrojtjes-e-republikes-se-kosoves-1991-1995\/#respond"]}]},{"@type":"WebPage","@id":"https:\/\/fjala.info\/2009-2015\/ldk-zvicer-promovim-i-librit-ministria-e-mbrojtjes-e-republikes-se-kosoves-1991-1995\/","url":"https:\/\/fjala.info\/2009-2015\/ldk-zvicer-promovim-i-librit-ministria-e-mbrojtjes-e-republikes-se-kosoves-1991-1995\/","name":"LDK-Zvic\u00ebr, promovim i librit: MINISTRIA E MBROJTJES E REPUBLIK\u00cbS S\u00cb KOSOV\u00cbS 1991 \u2013 1995 - FjALA e LIR\u00cb - Arkivi","isPartOf":{"@id":"https:\/\/fjala.info\/2009-2015\/#website"},"primaryImageOfPage":{"@id":"https:\/\/fjala.info\/2009-2015\/ldk-zvicer-promovim-i-librit-ministria-e-mbrojtjes-e-republikes-se-kosoves-1991-1995\/#primaryimage"},"image":{"@id":"https:\/\/fjala.info\/2009-2015\/ldk-zvicer-promovim-i-librit-ministria-e-mbrojtjes-e-republikes-se-kosoves-1991-1995\/#primaryimage"},"thumbnailUrl":"http:\/\/www.fjala.info\/2015\/nike_gjeloshi_ministria_e_mbrojtjes_ks.jpg","datePublished":"2015-12-10T10:10:32+00:00","breadcrumb":{"@id":"https:\/\/fjala.info\/2009-2015\/ldk-zvicer-promovim-i-librit-ministria-e-mbrojtjes-e-republikes-se-kosoves-1991-1995\/#breadcrumb"},"inLanguage":"sq-AL","potentialAction":[{"@type":"ReadAction","target":["https:\/\/fjala.info\/2009-2015\/ldk-zvicer-promovim-i-librit-ministria-e-mbrojtjes-e-republikes-se-kosoves-1991-1995\/"]}]},{"@type":"ImageObject","inLanguage":"sq-AL","@id":"https:\/\/fjala.info\/2009-2015\/ldk-zvicer-promovim-i-librit-ministria-e-mbrojtjes-e-republikes-se-kosoves-1991-1995\/#primaryimage","url":"http:\/\/www.fjala.info\/2015\/nike_gjeloshi_ministria_e_mbrojtjes_ks.jpg","contentUrl":"http:\/\/www.fjala.info\/2015\/nike_gjeloshi_ministria_e_mbrojtjes_ks.jpg"},{"@type":"BreadcrumbList","@id":"https:\/\/fjala.info\/2009-2015\/ldk-zvicer-promovim-i-librit-ministria-e-mbrojtjes-e-republikes-se-kosoves-1991-1995\/#breadcrumb","itemListElement":[{"@type":"ListItem","position":1,"name":"Home","item":"https:\/\/fjala.info\/2009-2015\/"},{"@type":"ListItem","position":2,"name":"LDK-Zvic\u00ebr, promovim i librit: MINISTRIA E MBROJTJES E REPUBLIK\u00cbS S\u00cb KOSOV\u00cbS 1991 \u2013 1995"}]},{"@type":"WebSite","@id":"https:\/\/fjala.info\/2009-2015\/#website","url":"https:\/\/fjala.info\/2009-2015\/","name":"FjALA e LIR\u00cb - Arkivi","description":"Arkivi 2009-2015","publisher":{"@id":"https:\/\/fjala.info\/2009-2015\/#organization"},"potentialAction":[{"@type":"SearchAction","target":{"@type":"EntryPoint","urlTemplate":"https:\/\/fjala.info\/2009-2015\/?s={search_term_string}"},"query-input":{"@type":"PropertyValueSpecification","valueRequired":true,"valueName":"search_term_string"}}],"inLanguage":"sq-AL"},{"@type":"Organization","@id":"https:\/\/fjala.info\/2009-2015\/#organization","name":"FjALA e LIR\u00cb - Arkivi","url":"https:\/\/fjala.info\/2009-2015\/","logo":{"@type":"ImageObject","inLanguage":"sq-AL","@id":"https:\/\/fjala.info\/2009-2015\/#\/schema\/logo\/image\/","url":"","contentUrl":"","caption":"FjALA e LIR\u00cb - Arkivi"},"image":{"@id":"https:\/\/fjala.info\/2009-2015\/#\/schema\/logo\/image\/"}},{"@type":"Person","@id":"https:\/\/fjala.info\/2009-2015\/#\/schema\/person\/3aa1163ef05469c496fc94e77611ada2","name":"admin","image":{"@type":"ImageObject","inLanguage":"sq-AL","@id":"https:\/\/fjala.info\/2009-2015\/wp-content\/uploads\/2012\/02\/arben_cokaj-120x150.jpg","url":"https:\/\/fjala.info\/2009-2015\/wp-content\/uploads\/2012\/02\/arben_cokaj-120x150.jpg","contentUrl":"https:\/\/fjala.info\/2009-2015\/wp-content\/uploads\/2012\/02\/arben_cokaj-120x150.jpg","caption":"admin"},"description":"Admin, Fjala e Lir\u00eb","sameAs":["https:\/\/fjala.info\/"],"url":"https:\/\/fjala.info\/2009-2015\/author\/admin\/"}]}},"_links":{"self":[{"href":"https:\/\/fjala.info\/2009-2015\/wp-json\/wp\/v2\/posts\/14452","targetHints":{"allow":["GET"]}}],"collection":[{"href":"https:\/\/fjala.info\/2009-2015\/wp-json\/wp\/v2\/posts"}],"about":[{"href":"https:\/\/fjala.info\/2009-2015\/wp-json\/wp\/v2\/types\/post"}],"author":[{"embeddable":true,"href":"https:\/\/fjala.info\/2009-2015\/wp-json\/wp\/v2\/users\/1"}],"replies":[{"embeddable":true,"href":"https:\/\/fjala.info\/2009-2015\/wp-json\/wp\/v2\/comments?post=14452"}],"version-history":[{"count":0,"href":"https:\/\/fjala.info\/2009-2015\/wp-json\/wp\/v2\/posts\/14452\/revisions"}],"wp:attachment":[{"href":"https:\/\/fjala.info\/2009-2015\/wp-json\/wp\/v2\/media?parent=14452"}],"wp:term":[{"taxonomy":"category","embeddable":true,"href":"https:\/\/fjala.info\/2009-2015\/wp-json\/wp\/v2\/categories?post=14452"},{"taxonomy":"post_tag","embeddable":true,"href":"https:\/\/fjala.info\/2009-2015\/wp-json\/wp\/v2\/tags?post=14452"}],"curies":[{"name":"wp","href":"https:\/\/api.w.org\/{rel}","templated":true}]}}