{"id":144,"date":"2011-11-14T22:02:11","date_gmt":"2011-11-14T21:02:11","guid":{"rendered":"http:\/\/fjala.shkoder.net\/?p=144"},"modified":"2011-11-14T22:02:11","modified_gmt":"2011-11-14T21:02:11","slug":"dy-demokraci-balle-per-balle","status":"publish","type":"post","link":"https:\/\/fjala.info\/2009-2015\/dy-demokraci-balle-per-balle\/","title":{"rendered":"Dy demokraci ball\u00eb p\u00ebr ball\u00eb"},"content":{"rendered":"<p><img decoding=\"async\" class=\"alignleft size-thumbnail wp-image-7236\" title=\"Marin Mema\" src=\"http:\/\/www.shkoder.net\/images\/fjala\/2011\/marin_mema.jpg\" alt=\"\" width=\"150\" \/> <strong>Marin Mema<\/strong><\/p>\n<p>\u00cbsht\u00eb e v\u00ebshtir\u00eb t\u00eb vizitosh Asamblen\u00eb Parlamentare Franceze, t\u00eb ndjek\u00ebsh debatet q\u00eb zhvillohen k\u00ebto dit\u00eb t\u00eb nxehta p\u00ebr politik\u00ebn komb\u00ebtare e nd\u00ebrkomb\u00ebtare e t\u00eb mos i n\u00ebnshtrohesh me pas nj\u00eb analiz\u00eb p\u00ebr at\u00eb \u00e7far\u00eb na ka ofruar e na ofron prej vitesh institucioni ligjv\u00ebn\u00ebs shqiptar, ku p\u00ebrplasen fort dy pal\u00eb politike, q\u00eb duket se z\u00ebvend\u00ebsojn\u00eb n\u00eb karrige thjesht dhe vet\u00ebm nj\u00ebra-tjetr\u00ebn, pa mundur t\u00eb kthejn\u00eb k\u00ebt\u00eb institucion n\u00eb tempullin e v\u00ebrtet\u00eb t\u00eb nj\u00eb demokracie e komunikimi t\u00eb qen\u00ebsish\u00ebm politik.<\/p>\n<p>Nuk \u00ebsht\u00eb e nevojshme t\u00eb shoh\u00ebsh majtas apo djathtas p\u00ebr t\u00eb dal\u00eb n\u00eb p\u00ebrfundimin se Kuvendi i Shqip\u00ebris\u00eb \u00ebsht\u00eb ende larg s\u00eb qeni nj\u00eb faltore e demokracis\u00eb, tempull civilizimi apo debati konstruktiv q\u00eb do t\u2019i jepte udh\u00eb jo p\u00ebrplasjeve t\u00eb ul\u00ebta politike, por makineris\u00eb s\u00eb zhvillimit e integrimit per\u00ebndimor. Kjo nuk ka ndodhur, p\u00ebr shum\u00eb arsye dhe shum\u00eb fajtor\u00eb. Askush nuk mund t\u00eb t\u00ebrhiqet sot, e t\u00eb laj\u00eb duart p\u00ebrball\u00eb degradimit t\u00eb k\u00ebtij institucioni dhe kthimit t\u00eb tij n\u00eb nj\u00eb mejhane t\u00eb r\u00ebndomt\u00eb.<\/p>\n<p>N\u00eb munges\u00eb t\u00eb nj\u00eb demokracie funksionale t\u00eb brendshme, sharjet, fyerjet, ofendimet e deri k\u00ebrc\u00ebnimet fizike jan\u00eb prej vitesh i vetmi oksigjen i tij. Edhe pse shpesh citohen rreshta rregulloresh europiane, ligjesh e nenesh q\u00eb renditet \u00e7rregullt mes fjalime kuvendar\u00ebsh, ajo \u00e7ka realiteti shqiptar na servir \u00ebsht\u00eb krejt tjet\u00ebr.<\/p>\n<p>M\u00ebnyrat e funksionimit mes institucionit \u201cmade in Albania\u201d dhe parlamenteve t\u00eb vendeve t\u00eb tjera europiane ndahet nga nj\u00eb \u00e7arje e thell\u00eb, konceptuale dhe praktike. Duke ndjekur qoft\u00eb edhe nj\u00eb seanc\u00eb t\u00eb vetme n\u00eb Asamblen\u00eb Komb\u00ebtare Franceze &#8211; nga ku do t\u00eb nis\u00eb edhe asistenca p\u00ebr p\u00ebrmir\u00ebsimin e jet\u00ebs parlamentare shqiptare &#8211; mund t\u00eb kuptosh diferencat marramend\u00ebse, q\u00eb nxjerrin zbuluar jo thjesht d\u00ebshtimin e nj\u00eb institucioni baz\u00eb t\u00eb shtetit shqiptar, por edhe katandisjen e tij n\u00eb nj\u00eb aul rruga\u00e7\u00ebrie q\u00eb pak ose aspak ka t\u00eb b\u00ebj\u00eb me q\u00ebllimet e v\u00ebrteta p\u00ebr t\u00eb cilat ai \u00ebsht\u00eb n\u00eb jet\u00eb.<\/p>\n<p>Pika e par\u00eb ka t\u00eb b\u00ebj\u00eb, sigurisht, me barasndarjen e koh\u00ebs e t\u00eb drejt\u00ebs s\u00eb fjal\u00ebs e trajtimit t\u00eb institucionit jo si nj\u00eb pron\u00eb personale, por si nj\u00eb sall\u00eb ku duhet t\u00eb lind\u00eb jo thjesht procesi ligjor, por edhe ai njer\u00ebzor e human. Sigurisht, krahasimi p\u00ebr nivelin e demokracis\u00eb e tradit\u00ebs midis Shqip\u00ebris\u00eb dhe Franc\u00ebs \u00ebsht\u00eb i v\u00ebshtir\u00eb, thuajse i pamundur, por gjithsesi ai vjen natyrsh\u00ebm p\u00ebr shkak t\u00eb citimit t\u00eb shpesht\u00eb q\u00eb i b\u00ebjn\u00eb k\u00ebtij institucioni ligjv\u00ebn\u00ebsit tan\u00eb. Sipas tyre, Parlamenti shqiptar funksionon po ashtu si n\u00eb Franc\u00eb apo edhe si parlamente t\u00eb tjer\u00eb n\u00eb Europ\u00eb. Fajtor i vet\u00ebm i mosfunksionimit b\u00ebhet thjesht nj\u00eb grupim politik q\u00eb cil\u00ebsohet penges\u00eb n\u00eb jet\u00ebn parlamentare normale, e n\u00eb k\u00ebt\u00eb logjik\u00eb, e djathta z\u00ebvend\u00ebsohet me t\u00eb majt\u00ebn, e majta me t\u00eb djatht\u00ebn, nj\u00eb loj\u00eb ngjyrash q\u00eb po t\u00ebrheq prej m\u00eb shum\u00eb se 20 vjet\u00ebsh nj\u00eb institucion &#8211; q\u00eb mbas r\u00ebnies s\u00eb komunizmit &#8211; duhet t\u00eb ishte tempulli i v\u00ebrtet\u00eb i demokracis\u00eb.<\/p>\n<p>P\u00ebrtej fjal\u00ebve e refreneve politike, krahasimi mes dy realiteteve b\u00ebhet i domosdosh\u00ebm t\u00eb pakt\u00ebn p\u00ebr t\u00eb matur nivelin apo larg\u00ebsin\u00eb mes dy krah\u00ebve, nj\u00eb demokracie e kulture europiane e nj\u00eb demokracie e kulture alla shqiptare. N\u00eb Parlamentin Francez nuk mungojn\u00eb debatet, her\u00ebher\u00eb edhe shum\u00eb t\u00eb ashpra, por kurrsesi motivi i tyre nuk \u00ebsht\u00eb dhunimi e posht\u00ebrimi i kolegut. Ata jan\u00eb aty n\u00eb at\u00eb sall\u00eb, p\u00ebr t\u00eb dh\u00ebn\u00eb alternativa, ide, zgjidhje.<\/p>\n<p>Q\u00eb k\u00ebtu nis diferenca me Shqip\u00ebrin\u00eb, ku k\u00ebrc\u00ebllitja e dh\u00ebmb\u00ebve dhe gjestikulacioni nervoz shoq\u00ebrojn\u00eb edhe aksionin m\u00eb t\u00eb vog\u00ebl. Jo m\u00eb larg se n\u00eb seanc\u00ebn e fundit, \u201cpleh\u00ebr\u201d duket se u b\u00eb n\u00eb komunikimin mes t\u00eb zgjedhurve t\u00eb popullit, fjala m\u00eb e p\u00ebrdorshme; p\u00ebr t\u00eb mos shkuar m\u00eb tej n\u00eb ato seanca ku koloriti leksikologjik ka kap\u00ebrcyer \u00e7do cak.<\/p>\n<p>Ndarja e koh\u00ebs, sigurisht n\u00eb Franc\u00eb nuk fshihet pas ngjyrave partiake. Gjith\u00e7ka \u00ebsht\u00eb e p\u00ebrcaktuar qart\u00eb e m\u00eb s\u00eb miri: Rregullorja, kurrsesi nuk mund t\u00eb shkelet nga askush e p\u00ebr asgj\u00eb! Mazhoranca dhe opozita hedhin idet\u00eb e tyre, zhvillojn\u00eb argumente politike n\u00eb nj\u00eb klim\u00eb m\u00eb shum\u00eb se konstruktive. Roli i kreut t\u00eb Parlamentit francez \u00ebsht\u00eb thjesht kontrollimi, por pa ndikuar n\u00eb debat: Nd\u00ebrprerja e nj\u00ebanshme e fjal\u00ebs apo nd\u00ebrhyrjet pa kriter nuk mund t\u00eb jen\u00eb kurrsesi pjes\u00eb e kultur\u00ebs politike n\u00eb nj\u00eb vend demokratik europian. N\u00eb sall\u00ebn e Asambles\u00eb Parlamentare Franceze &#8211; t\u00eb dyja pal\u00ebt ose t\u00eb gjitha pal\u00ebt e p\u00ebrfaq\u00ebsuara &#8211; jan\u00eb t\u00eb barabart\u00eb, vet\u00ebm nj\u00ebra qeveris, por n\u00eb at\u00eb sall\u00eb politike nuk ka komandant\u00eb apo perandor\u00eb, nuk ka ndarje nivelesh e pushteti.<\/p>\n<p>N\u00eb Shqip\u00ebri, ku aq shpesh flasim p\u00ebr sistemin parlamentar, jo vet\u00ebm at\u00eb francez, por edhe at\u00eb t\u00eb vendeve t\u00eb tjera europiane k\u00ebto norma politike \u201casnjan\u00ebse\u201d as nuk mund t\u00eb konceptohen. N\u00eb sistemin alla shqiptar\u00e7e, ato q\u00eb dominojn\u00eb jan\u00eb vet\u00ebm dy ngjyra, bardh\u00eb e zi N\u00eb Shqip\u00ebri pushteti duhet t\u00eb udh\u00ebheq\u00eb, t\u00eb drejtoj\u00eb me imponim fjal\u00ebn e tij jo pak her\u00eb t\u00eb pacip\u00eb e bosh, duke harruar gjith\u00e7ka e duke u kthyer shpesh n\u00eb nj\u00eb grusht diktatorial q\u00eb frenon apo godet t\u00eb drejtat e lirit\u00eb m\u00eb themelore t\u00eb fjal\u00ebs, ides\u00eb e mendimit. E megjithat\u00eb, sa her\u00eb b\u00ebjm\u00eb analiza e komente, s\u00ebrish ne guxojm\u00eb. Guxojm\u00eb t\u00eb k\u00ebrkojm\u00eb, t\u00eb risjellim e t\u00eb arnojm\u00eb ngjashm\u00ebri mes dy fronteve, dy sistemeve ende larg nj\u00ebri-tjetrit, duke mos nguruar aspak p\u00ebr ta p\u00ebrdorur m\u00eb pas si nj\u00eb leukoplast t\u00eb pis\u00ebt me t\u00eb cilin politika shqiptare k\u00ebrkon t\u00eb mbyll\u00eb plag\u00ebt e shkaktuara nga ajo vet\u00eb.<\/p>\n<p>Jo vet\u00ebm n\u00eb sall\u00eb, por edhe n\u00eb televizionin p\u00ebrkat\u00ebs t\u00eb Parlamentit e Senatit Francez, nj\u00eb staf i t\u00ebr\u00eb punon vet\u00ebm p\u00ebr t\u00eb ruajtur balancat mes pal\u00ebve. Gjith\u00e7ka e pasqyruar n\u00eb grafik\u00ebt p\u00ebrkat\u00ebs, jo vet\u00ebm t\u00eb forcave politike, por edhe t\u00eb individ\u00ebve t\u00eb ve\u00e7ant\u00eb. Gjith\u00e7ka pasqyrohet e shoq\u00ebrohet me broshurat analitike t\u00eb detajuara, me t\u00eb cilat mund t\u00eb pajisen mediat, por edhe deputet\u00eb e senator\u00eb. Nj\u00eb m\u00ebnyr\u00eb kjo jo vet\u00ebm p\u00ebr t\u00eb realizuar nj\u00eb debat dhe pasqyrim t\u00eb barabart\u00eb, por edhe p\u00ebr t\u2019ia servirur at\u00eb t\u00eb gjitha pal\u00ebve t\u00eb interesuara. Koncepti francez nuk ndan t\u00eb majt\u00eb e t\u00eb djatht\u00eb. T\u00eb ulur n\u00eb at\u00eb poltron, ata jan\u00eb mbi t\u00eb gjitha p\u00ebrfaq\u00ebsues t\u00eb popullit, ndryshe nga Shqip\u00ebria, ku peshorja thuajse thyhet nga nj\u00ebri krah.<\/p>\n<p>Dikush, dikur, sot u harrua, lajm\u00ebroi edhe krijimin e v\u00ebnien n\u00eb pun\u00eb t\u00eb nj\u00eb teknologjie moderne n\u00eb Kuvendin shqiptar, ku gazetar\u00ebt do t\u00eb kishin mund\u00ebsin\u00eb p\u00ebrmes nj\u00eb regjie qendrore, t\u00eb ndiqnin punimet e komisioneve parlamentare. Nj\u00eb projekt q\u00eb nuk dihet se ku humbi a ku u hodh, ndoshta sepse ofronte m\u00eb shum\u00eb transparenc\u00eb se\u00e7 duhet n\u00eb sallat ku diskutohen ligjet. \u00cbsht\u00eb folur edhe p\u00ebr nj\u00eb televizion t\u00eb Parlamentit shqiptar, t\u00eb ngjash\u00ebm me at\u00eb t\u00eb shum\u00eb vendeve demokratike t\u00eb bot\u00ebs. Sot p\u00ebr sot, n\u00eb munges\u00eb t\u00eb nj\u00eb ekrani t\u00eb till\u00eb, punimet jepen shpesh drejtp\u00ebrdrejt\u00eb nga televizioni publik, por si\u00e7 dihet, jo pak here sinjali shk\u00ebputet a shkon tjet\u00ebrkund kur ka fjalime t\u00eb forta politike nga krahu tjet\u00ebr. N\u00eb legjislativin francez, sigurisht nuk b\u00ebhet fjal\u00eb p\u00ebr gardist\u00eb n\u00eb krye t\u00eb vendit, n\u00eb mes t\u00eb sall\u00ebs s\u00eb Parlamentit, pasi sikurse m\u00eb tha edhe nj\u00eb zyrtar atje: \u201cL\u2019Assemblee nationale \u2013 c\u2019est pas une prison\u201d (Asambleja Komb\u00ebtare nuk \u00ebsht\u00eb burg). Nd\u00ebrkoh\u00eb q\u00eb sipas konceptit alla shqiptar, ata jan\u00eb t\u00eb domosdosh\u00ebm si nj\u00eb arm\u00eb e fort\u00eb p\u00ebr t\u00eb mbajtur e p\u00ebrmbajtur opozitar\u00eb e gazetar\u00eb e p\u00ebr t\u00eb mbrojtur shtetar\u00ebt q\u00eb ndihen kaq shum\u00eb t\u00eb rrezikuar nga pala tjet\u00ebr. Dy forma t\u00eb konceptimit t\u00eb demokracis\u00eb, nj\u00ebra me fjal\u00eb e pasthirrma, e tjetra mbi baz\u00eb t\u00eb nj\u00eb koncepti zhvillimi t\u00eb qen\u00ebsish\u00ebm shoq\u00ebror, politik e social. P\u00ebr nj\u00eb gazetar q\u00eb ndeshet \u00e7do dit\u00eb me retorik\u00ebn boshe t\u00eb p\u00ebraf\u00ebrsive, n\u00eb t\u00eb gjitha k\u00ebndv\u00ebshtrimet \u00ebsht\u00eb e v\u00ebshtir\u00eb t\u00eb gjesh ndonj\u00eb p\u00ebrqasje e krahasim, Franca dhe Shqip\u00ebria &#8211; dy demokraci q\u00eb kan\u00eb thell\u00ebsi t\u00eb ndryshme rr\u00ebnj\u00ebsh, por q\u00eb politikan\u00ebt tan\u00eb t\u00eb sprovuar ia lejojn\u00eb vetes leht\u00ebsisht t\u2019i krahasojn\u00eb.<\/p>\n<p>Megjithat\u00eb, le t\u00eb shpresojm\u00eb q\u00eb n\u00eb rrug\u00ebn e v\u00ebshtir\u00eb t\u00eb k\u00ebrkimit dhe njohjes s\u00eb demokracis\u00eb edhe Shqip\u00ebria t\u00eb kap\u00eb at\u00eb q\u00eb k\u00ebrkojm\u00eb t\u00eb arrijm\u00eb. Parlamenti Francez, p\u00ebrmes disa t\u00eb zgjedhurve t\u00eb tij ka p\u00ebrgatitur nj\u00eb dokument t\u00eb zgjeruar teknikisht, i cili do t\u00eb shqyrtohet me homolog\u00eb e deputet\u00eb shqiptar\u00eb. Ky material synon ngritjen e nj\u00eb forme t\u00eb re politike n\u00eb Kuvendin e Shqip\u00ebris\u00eb, n\u00eb at\u00eb kuvend q\u00eb aq shum\u00eb vet\u00ebkrahasohet me t\u00eb, por q\u00eb n\u00eb t\u00eb nj\u00ebjt\u00ebn koh\u00eb realisht q\u00ebndron shum\u00eb, shum\u00eb m\u00eb larg se ai. Dokumenti voluminoz mbi 500 faqe i francez\u00ebve t\u00eb b\u00ebn t\u00eb kuptosh d\u00ebshtimin e servirur si sukses apo hipokrizin\u00eb me t\u00eb cil\u00ebn \u00ebsht\u00eb brumuar politika shqiptare.<\/p>\n<p>Parlamenti shqiptar nuk \u00ebsht\u00eb ai francez, as ai gjerman, as ai britanik, spanjoll a cilido tjet\u00ebr\u2026 Parlamenti shqiptar ka qen\u00eb e \u00ebsht\u00eb Parlamenti shqiptar, salla ku pak ose aspak \u00ebsht\u00eb b\u00ebr\u00eb e b\u00ebhet politik\u00eb, salla ku m\u00eb shum\u00eb se kudo mund t\u00eb kuptosh diferencat tona me bot\u00ebn per\u00ebndimore. Diferenca q\u00eb sot po na mbajn\u00eb gjithnj\u00eb e m\u00eb larg saj.<\/p>\n<p><em>Franc\u00eb, n\u00ebntor 2011<\/em><\/p>\n","protected":false},"excerpt":{"rendered":"<p>Marin Mema \u00cbsht\u00eb e v\u00ebshtir\u00eb t\u00eb vizitosh Asamblen\u00eb Parlamentare Franceze, t\u00eb ndjek\u00ebsh debatet q\u00eb zhvillohen k\u00ebto dit\u00eb t\u00eb nxehta p\u00ebr politik\u00ebn komb\u00ebtare e nd\u00ebrkomb\u00ebtare e t\u00eb mos i n\u00ebnshtrohesh me pas nj\u00eb analiz\u00eb p\u00ebr at\u00eb \u00e7far\u00eb na ka ofruar e na ofron prej vitesh institucioni ligjv\u00ebn\u00ebs shqiptar, ku p\u00ebrplasen fort dy pal\u00eb politike, q\u00eb duket [&hellip;]<\/p>\n","protected":false},"author":1,"featured_media":0,"comment_status":"open","ping_status":"closed","sticky":false,"template":"","format":"standard","meta":{"footnotes":""},"categories":[2],"tags":[],"class_list":{"0":"post-144","1":"post","2":"type-post","3":"status-publish","4":"format-standard","6":"category-artikuj"},"yoast_head":"<!-- This site is optimized with the Yoast SEO plugin v27.4 - https:\/\/yoast.com\/product\/yoast-seo-wordpress\/ -->\n<title>Dy demokraci ball\u00eb p\u00ebr ball\u00eb - FjALA e LIR\u00cb - Arkivi<\/title>\n<meta name=\"robots\" content=\"index, follow, max-snippet:-1, max-image-preview:large, max-video-preview:-1\" \/>\n<link rel=\"canonical\" href=\"https:\/\/fjala.info\/2009-2015\/dy-demokraci-balle-per-balle\/\" \/>\n<meta property=\"og:locale\" content=\"sq_AL\" \/>\n<meta property=\"og:type\" content=\"article\" \/>\n<meta property=\"og:title\" content=\"Dy demokraci ball\u00eb p\u00ebr ball\u00eb - FjALA e LIR\u00cb - Arkivi\" \/>\n<meta property=\"og:description\" content=\"Marin Mema \u00cbsht\u00eb e v\u00ebshtir\u00eb t\u00eb vizitosh Asamblen\u00eb Parlamentare Franceze, t\u00eb ndjek\u00ebsh debatet q\u00eb zhvillohen k\u00ebto dit\u00eb t\u00eb nxehta p\u00ebr politik\u00ebn komb\u00ebtare e nd\u00ebrkomb\u00ebtare e t\u00eb mos i n\u00ebnshtrohesh me pas nj\u00eb analiz\u00eb p\u00ebr at\u00eb \u00e7far\u00eb na ka ofruar e na ofron prej vitesh institucioni ligjv\u00ebn\u00ebs shqiptar, ku p\u00ebrplasen fort dy pal\u00eb politike, q\u00eb duket [&hellip;]\" \/>\n<meta property=\"og:url\" content=\"https:\/\/fjala.info\/2009-2015\/dy-demokraci-balle-per-balle\/\" \/>\n<meta property=\"og:site_name\" content=\"FjALA e LIR\u00cb - Arkivi\" \/>\n<meta property=\"article:published_time\" content=\"2011-11-14T21:02:11+00:00\" \/>\n<meta property=\"og:image\" content=\"http:\/\/www.shkoder.net\/images\/fjala\/2011\/marin_mema.jpg\" \/>\n<meta name=\"author\" content=\"admin\" \/>\n<meta name=\"twitter:card\" content=\"summary_large_image\" \/>\n<meta name=\"twitter:label1\" content=\"Written by\" \/>\n\t<meta name=\"twitter:data1\" content=\"admin\" \/>\n\t<meta name=\"twitter:label2\" content=\"Est. reading time\" \/>\n\t<meta name=\"twitter:data2\" content=\"8 minutes\" \/>\n<script type=\"application\/ld+json\" class=\"yoast-schema-graph\">{\"@context\":\"https:\\\/\\\/schema.org\",\"@graph\":[{\"@type\":\"Article\",\"@id\":\"https:\\\/\\\/fjala.info\\\/2009-2015\\\/dy-demokraci-balle-per-balle\\\/#article\",\"isPartOf\":{\"@id\":\"https:\\\/\\\/fjala.info\\\/2009-2015\\\/dy-demokraci-balle-per-balle\\\/\"},\"author\":{\"name\":\"admin\",\"@id\":\"https:\\\/\\\/fjala.info\\\/2009-2015\\\/#\\\/schema\\\/person\\\/3aa1163ef05469c496fc94e77611ada2\"},\"headline\":\"Dy demokraci ball\u00eb p\u00ebr ball\u00eb\",\"datePublished\":\"2011-11-14T21:02:11+00:00\",\"mainEntityOfPage\":{\"@id\":\"https:\\\/\\\/fjala.info\\\/2009-2015\\\/dy-demokraci-balle-per-balle\\\/\"},\"wordCount\":1665,\"commentCount\":0,\"publisher\":{\"@id\":\"https:\\\/\\\/fjala.info\\\/2009-2015\\\/#organization\"},\"image\":{\"@id\":\"https:\\\/\\\/fjala.info\\\/2009-2015\\\/dy-demokraci-balle-per-balle\\\/#primaryimage\"},\"thumbnailUrl\":\"http:\\\/\\\/www.shkoder.net\\\/images\\\/fjala\\\/2011\\\/marin_mema.jpg\",\"articleSection\":[\"Artikuj\"],\"inLanguage\":\"sq-AL\",\"potentialAction\":[{\"@type\":\"CommentAction\",\"name\":\"Comment\",\"target\":[\"https:\\\/\\\/fjala.info\\\/2009-2015\\\/dy-demokraci-balle-per-balle\\\/#respond\"]}]},{\"@type\":\"WebPage\",\"@id\":\"https:\\\/\\\/fjala.info\\\/2009-2015\\\/dy-demokraci-balle-per-balle\\\/\",\"url\":\"https:\\\/\\\/fjala.info\\\/2009-2015\\\/dy-demokraci-balle-per-balle\\\/\",\"name\":\"Dy demokraci ball\u00eb p\u00ebr ball\u00eb - FjALA e LIR\u00cb - Arkivi\",\"isPartOf\":{\"@id\":\"https:\\\/\\\/fjala.info\\\/2009-2015\\\/#website\"},\"primaryImageOfPage\":{\"@id\":\"https:\\\/\\\/fjala.info\\\/2009-2015\\\/dy-demokraci-balle-per-balle\\\/#primaryimage\"},\"image\":{\"@id\":\"https:\\\/\\\/fjala.info\\\/2009-2015\\\/dy-demokraci-balle-per-balle\\\/#primaryimage\"},\"thumbnailUrl\":\"http:\\\/\\\/www.shkoder.net\\\/images\\\/fjala\\\/2011\\\/marin_mema.jpg\",\"datePublished\":\"2011-11-14T21:02:11+00:00\",\"breadcrumb\":{\"@id\":\"https:\\\/\\\/fjala.info\\\/2009-2015\\\/dy-demokraci-balle-per-balle\\\/#breadcrumb\"},\"inLanguage\":\"sq-AL\",\"potentialAction\":[{\"@type\":\"ReadAction\",\"target\":[\"https:\\\/\\\/fjala.info\\\/2009-2015\\\/dy-demokraci-balle-per-balle\\\/\"]}]},{\"@type\":\"ImageObject\",\"inLanguage\":\"sq-AL\",\"@id\":\"https:\\\/\\\/fjala.info\\\/2009-2015\\\/dy-demokraci-balle-per-balle\\\/#primaryimage\",\"url\":\"http:\\\/\\\/www.shkoder.net\\\/images\\\/fjala\\\/2011\\\/marin_mema.jpg\",\"contentUrl\":\"http:\\\/\\\/www.shkoder.net\\\/images\\\/fjala\\\/2011\\\/marin_mema.jpg\"},{\"@type\":\"BreadcrumbList\",\"@id\":\"https:\\\/\\\/fjala.info\\\/2009-2015\\\/dy-demokraci-balle-per-balle\\\/#breadcrumb\",\"itemListElement\":[{\"@type\":\"ListItem\",\"position\":1,\"name\":\"Home\",\"item\":\"https:\\\/\\\/fjala.info\\\/2009-2015\\\/\"},{\"@type\":\"ListItem\",\"position\":2,\"name\":\"Dy demokraci ball\u00eb p\u00ebr ball\u00eb\"}]},{\"@type\":\"WebSite\",\"@id\":\"https:\\\/\\\/fjala.info\\\/2009-2015\\\/#website\",\"url\":\"https:\\\/\\\/fjala.info\\\/2009-2015\\\/\",\"name\":\"FjALA e LIR\u00cb - Arkivi\",\"description\":\"Arkivi 2009-2015\",\"publisher\":{\"@id\":\"https:\\\/\\\/fjala.info\\\/2009-2015\\\/#organization\"},\"potentialAction\":[{\"@type\":\"SearchAction\",\"target\":{\"@type\":\"EntryPoint\",\"urlTemplate\":\"https:\\\/\\\/fjala.info\\\/2009-2015\\\/?s={search_term_string}\"},\"query-input\":{\"@type\":\"PropertyValueSpecification\",\"valueRequired\":true,\"valueName\":\"search_term_string\"}}],\"inLanguage\":\"sq-AL\"},{\"@type\":\"Organization\",\"@id\":\"https:\\\/\\\/fjala.info\\\/2009-2015\\\/#organization\",\"name\":\"FjALA e LIR\u00cb - Arkivi\",\"url\":\"https:\\\/\\\/fjala.info\\\/2009-2015\\\/\",\"logo\":{\"@type\":\"ImageObject\",\"inLanguage\":\"sq-AL\",\"@id\":\"https:\\\/\\\/fjala.info\\\/2009-2015\\\/#\\\/schema\\\/logo\\\/image\\\/\",\"url\":\"\",\"contentUrl\":\"\",\"caption\":\"FjALA e LIR\u00cb - Arkivi\"},\"image\":{\"@id\":\"https:\\\/\\\/fjala.info\\\/2009-2015\\\/#\\\/schema\\\/logo\\\/image\\\/\"}},{\"@type\":\"Person\",\"@id\":\"https:\\\/\\\/fjala.info\\\/2009-2015\\\/#\\\/schema\\\/person\\\/3aa1163ef05469c496fc94e77611ada2\",\"name\":\"admin\",\"image\":{\"@type\":\"ImageObject\",\"inLanguage\":\"sq-AL\",\"@id\":\"https:\\\/\\\/fjala.info\\\/2009-2015\\\/wp-content\\\/uploads\\\/2012\\\/02\\\/arben_cokaj-120x150.jpg\",\"url\":\"https:\\\/\\\/fjala.info\\\/2009-2015\\\/wp-content\\\/uploads\\\/2012\\\/02\\\/arben_cokaj-120x150.jpg\",\"contentUrl\":\"https:\\\/\\\/fjala.info\\\/2009-2015\\\/wp-content\\\/uploads\\\/2012\\\/02\\\/arben_cokaj-120x150.jpg\",\"caption\":\"admin\"},\"description\":\"Admin, Fjala e Lir\u00eb\",\"sameAs\":[\"https:\\\/\\\/fjala.info\\\/\"],\"url\":\"https:\\\/\\\/fjala.info\\\/2009-2015\\\/author\\\/admin\\\/\"}]}<\/script>\n<!-- \/ Yoast SEO plugin. -->","yoast_head_json":{"title":"Dy demokraci ball\u00eb p\u00ebr ball\u00eb - FjALA e LIR\u00cb - Arkivi","robots":{"index":"index","follow":"follow","max-snippet":"max-snippet:-1","max-image-preview":"max-image-preview:large","max-video-preview":"max-video-preview:-1"},"canonical":"https:\/\/fjala.info\/2009-2015\/dy-demokraci-balle-per-balle\/","og_locale":"sq_AL","og_type":"article","og_title":"Dy demokraci ball\u00eb p\u00ebr ball\u00eb - FjALA e LIR\u00cb - Arkivi","og_description":"Marin Mema \u00cbsht\u00eb e v\u00ebshtir\u00eb t\u00eb vizitosh Asamblen\u00eb Parlamentare Franceze, t\u00eb ndjek\u00ebsh debatet q\u00eb zhvillohen k\u00ebto dit\u00eb t\u00eb nxehta p\u00ebr politik\u00ebn komb\u00ebtare e nd\u00ebrkomb\u00ebtare e t\u00eb mos i n\u00ebnshtrohesh me pas nj\u00eb analiz\u00eb p\u00ebr at\u00eb \u00e7far\u00eb na ka ofruar e na ofron prej vitesh institucioni ligjv\u00ebn\u00ebs shqiptar, ku p\u00ebrplasen fort dy pal\u00eb politike, q\u00eb duket [&hellip;]","og_url":"https:\/\/fjala.info\/2009-2015\/dy-demokraci-balle-per-balle\/","og_site_name":"FjALA e LIR\u00cb - Arkivi","article_published_time":"2011-11-14T21:02:11+00:00","og_image":[{"url":"http:\/\/www.shkoder.net\/images\/fjala\/2011\/marin_mema.jpg","type":"","width":"","height":""}],"author":"admin","twitter_card":"summary_large_image","twitter_misc":{"Written by":"admin","Est. reading time":"8 minutes"},"schema":{"@context":"https:\/\/schema.org","@graph":[{"@type":"Article","@id":"https:\/\/fjala.info\/2009-2015\/dy-demokraci-balle-per-balle\/#article","isPartOf":{"@id":"https:\/\/fjala.info\/2009-2015\/dy-demokraci-balle-per-balle\/"},"author":{"name":"admin","@id":"https:\/\/fjala.info\/2009-2015\/#\/schema\/person\/3aa1163ef05469c496fc94e77611ada2"},"headline":"Dy demokraci ball\u00eb p\u00ebr ball\u00eb","datePublished":"2011-11-14T21:02:11+00:00","mainEntityOfPage":{"@id":"https:\/\/fjala.info\/2009-2015\/dy-demokraci-balle-per-balle\/"},"wordCount":1665,"commentCount":0,"publisher":{"@id":"https:\/\/fjala.info\/2009-2015\/#organization"},"image":{"@id":"https:\/\/fjala.info\/2009-2015\/dy-demokraci-balle-per-balle\/#primaryimage"},"thumbnailUrl":"http:\/\/www.shkoder.net\/images\/fjala\/2011\/marin_mema.jpg","articleSection":["Artikuj"],"inLanguage":"sq-AL","potentialAction":[{"@type":"CommentAction","name":"Comment","target":["https:\/\/fjala.info\/2009-2015\/dy-demokraci-balle-per-balle\/#respond"]}]},{"@type":"WebPage","@id":"https:\/\/fjala.info\/2009-2015\/dy-demokraci-balle-per-balle\/","url":"https:\/\/fjala.info\/2009-2015\/dy-demokraci-balle-per-balle\/","name":"Dy demokraci ball\u00eb p\u00ebr ball\u00eb - FjALA e LIR\u00cb - Arkivi","isPartOf":{"@id":"https:\/\/fjala.info\/2009-2015\/#website"},"primaryImageOfPage":{"@id":"https:\/\/fjala.info\/2009-2015\/dy-demokraci-balle-per-balle\/#primaryimage"},"image":{"@id":"https:\/\/fjala.info\/2009-2015\/dy-demokraci-balle-per-balle\/#primaryimage"},"thumbnailUrl":"http:\/\/www.shkoder.net\/images\/fjala\/2011\/marin_mema.jpg","datePublished":"2011-11-14T21:02:11+00:00","breadcrumb":{"@id":"https:\/\/fjala.info\/2009-2015\/dy-demokraci-balle-per-balle\/#breadcrumb"},"inLanguage":"sq-AL","potentialAction":[{"@type":"ReadAction","target":["https:\/\/fjala.info\/2009-2015\/dy-demokraci-balle-per-balle\/"]}]},{"@type":"ImageObject","inLanguage":"sq-AL","@id":"https:\/\/fjala.info\/2009-2015\/dy-demokraci-balle-per-balle\/#primaryimage","url":"http:\/\/www.shkoder.net\/images\/fjala\/2011\/marin_mema.jpg","contentUrl":"http:\/\/www.shkoder.net\/images\/fjala\/2011\/marin_mema.jpg"},{"@type":"BreadcrumbList","@id":"https:\/\/fjala.info\/2009-2015\/dy-demokraci-balle-per-balle\/#breadcrumb","itemListElement":[{"@type":"ListItem","position":1,"name":"Home","item":"https:\/\/fjala.info\/2009-2015\/"},{"@type":"ListItem","position":2,"name":"Dy demokraci ball\u00eb p\u00ebr ball\u00eb"}]},{"@type":"WebSite","@id":"https:\/\/fjala.info\/2009-2015\/#website","url":"https:\/\/fjala.info\/2009-2015\/","name":"FjALA e LIR\u00cb - Arkivi","description":"Arkivi 2009-2015","publisher":{"@id":"https:\/\/fjala.info\/2009-2015\/#organization"},"potentialAction":[{"@type":"SearchAction","target":{"@type":"EntryPoint","urlTemplate":"https:\/\/fjala.info\/2009-2015\/?s={search_term_string}"},"query-input":{"@type":"PropertyValueSpecification","valueRequired":true,"valueName":"search_term_string"}}],"inLanguage":"sq-AL"},{"@type":"Organization","@id":"https:\/\/fjala.info\/2009-2015\/#organization","name":"FjALA e LIR\u00cb - Arkivi","url":"https:\/\/fjala.info\/2009-2015\/","logo":{"@type":"ImageObject","inLanguage":"sq-AL","@id":"https:\/\/fjala.info\/2009-2015\/#\/schema\/logo\/image\/","url":"","contentUrl":"","caption":"FjALA e LIR\u00cb - Arkivi"},"image":{"@id":"https:\/\/fjala.info\/2009-2015\/#\/schema\/logo\/image\/"}},{"@type":"Person","@id":"https:\/\/fjala.info\/2009-2015\/#\/schema\/person\/3aa1163ef05469c496fc94e77611ada2","name":"admin","image":{"@type":"ImageObject","inLanguage":"sq-AL","@id":"https:\/\/fjala.info\/2009-2015\/wp-content\/uploads\/2012\/02\/arben_cokaj-120x150.jpg","url":"https:\/\/fjala.info\/2009-2015\/wp-content\/uploads\/2012\/02\/arben_cokaj-120x150.jpg","contentUrl":"https:\/\/fjala.info\/2009-2015\/wp-content\/uploads\/2012\/02\/arben_cokaj-120x150.jpg","caption":"admin"},"description":"Admin, Fjala e Lir\u00eb","sameAs":["https:\/\/fjala.info\/"],"url":"https:\/\/fjala.info\/2009-2015\/author\/admin\/"}]}},"_links":{"self":[{"href":"https:\/\/fjala.info\/2009-2015\/wp-json\/wp\/v2\/posts\/144","targetHints":{"allow":["GET"]}}],"collection":[{"href":"https:\/\/fjala.info\/2009-2015\/wp-json\/wp\/v2\/posts"}],"about":[{"href":"https:\/\/fjala.info\/2009-2015\/wp-json\/wp\/v2\/types\/post"}],"author":[{"embeddable":true,"href":"https:\/\/fjala.info\/2009-2015\/wp-json\/wp\/v2\/users\/1"}],"replies":[{"embeddable":true,"href":"https:\/\/fjala.info\/2009-2015\/wp-json\/wp\/v2\/comments?post=144"}],"version-history":[{"count":0,"href":"https:\/\/fjala.info\/2009-2015\/wp-json\/wp\/v2\/posts\/144\/revisions"}],"wp:attachment":[{"href":"https:\/\/fjala.info\/2009-2015\/wp-json\/wp\/v2\/media?parent=144"}],"wp:term":[{"taxonomy":"category","embeddable":true,"href":"https:\/\/fjala.info\/2009-2015\/wp-json\/wp\/v2\/categories?post=144"},{"taxonomy":"post_tag","embeddable":true,"href":"https:\/\/fjala.info\/2009-2015\/wp-json\/wp\/v2\/tags?post=144"}],"curies":[{"name":"wp","href":"https:\/\/api.w.org\/{rel}","templated":true}]}}