{"id":1438,"date":"2012-01-27T22:27:03","date_gmt":"2012-01-27T21:27:03","guid":{"rendered":"http:\/\/fjala.shkoder.net\/?p=1438"},"modified":"2012-01-27T22:27:03","modified_gmt":"2012-01-27T21:27:03","slug":"europa-dy-dekada-iken-edhe-sa","status":"publish","type":"post","link":"https:\/\/fjala.info\/2009-2015\/europa-dy-dekada-iken-edhe-sa\/","title":{"rendered":"Europa! Dy dekada ik\u00ebn. Edhe sa\u2026?"},"content":{"rendered":"<p><img decoding=\"async\" class=\"alignright size-thumbnail wp-image-7236\" title=\"Lutfi Dervishi\" src=\"http:\/\/www.shkoder.net\/images\/fjala\/lutfi_dervishi.jpg\" alt=\"\" width=\"200\" \/> <strong>Lutfi Dervishi<\/strong>, <em>27.01.2012<\/em><\/p>\n<p>Shqip\u00ebris\u00eb i duhen 10-15 vjet p\u00ebr t\u2019u b\u00ebr\u00eb si Europa. \u2013 Kjo deklarat\u00eb \u00ebsht\u00eb b\u00ebr\u00eb para pak jav\u00ebsh nga nj\u00eb zyrtar i Komisionit q\u00eb merret me Shqip\u00ebrin\u00eb. \u00cbsht\u00eb nj\u00eb nga variantet optimiste, por premtimi nuk \u00ebsht\u00eb i plot\u00eb. Pjesa e dyt\u00eb e fjalis\u00eb \u00ebsht\u00eb: \u201cN\u00ebse pun\u00ebt ecin mir\u00eb\u201d. Por ky \u201cpremtim\u201d \u00ebsht\u00eb b\u00ebr\u00eb edhe 20 vjet m\u00eb par\u00eb nga lideri i opozit\u00ebs s\u00eb asaj kohe, sot Kryeministri vendit n\u00eb nj\u00eb gazet\u00eb italiane.<\/p>\n<p>Deklarata e b\u00ebr\u00eb para 20 vjet\u00ebve, shkaktoi t\u00ebrmet! Gazeta e partis\u00eb n\u00eb pushtet e botoi me germa t\u00eb m\u00ebdha n\u00eb faqen e par\u00eb. N\u00eb prag t\u00eb fushat\u00ebs elektorale t\u00eb 1992, nj\u00eb premtim p\u00ebr t\u00eb shkuar n\u00eb Europ\u00eb pas 10-15 vjet\u00ebsh ishte nj\u00eb autogol politik. Entuziazmi p\u00ebr t\u00eb rr\u00ebzuar komunizmin dhe \u00ebndrra p\u00ebr t\u00eb qen\u00eb t\u00eb lir\u00eb, kishte krijuar p\u00ebrshtypjen se mjaft t\u00eb rr\u00ebzohej regjimi vjet\u00ebr dhe sa hap e mbyll syt\u00eb do t\u00eb ndodhte mrekullia! Nuk kishte njeri as nge, as nerva p\u00ebr t\u00eb pritur 20 vjet.<\/p>\n<p>Votat nuk merren duke premtuar se do t\u00eb b\u00ebsh realitet \u00ebndrr\u00ebn pas nj\u00eb gjenerate. Aspirata p\u00ebr t\u2019u b\u00ebr\u00eb Europ\u00eb u artikulua fuqish\u00ebm nga student\u00ebt q\u00eb dol\u00ebn n\u00eb rrug\u00eb n\u00eb dhjetor t\u00eb \u201890 p\u00ebr t\u00eb rr\u00ebzuar regjimin komunist. Se sa i madh ishte padurimi p\u00ebr t\u2019u b\u00ebr\u00eb \u201ceuropian\u00eb\u201d, p\u00ebr nj\u00eb jet\u00eb m\u00eb t\u00eb mir\u00eb, p\u00ebr t\u00eb shkuar n\u00eb Europ\u00eb, u shfaq me numrin e lart\u00eb t\u00eb emigrant\u00ebve. Pothuaj nj\u00eb n\u00eb \u00e7do tre shqiptar\u00eb u largua nga Shqip\u00ebria n\u00eb k\u00ebrkim t\u00eb Europ\u00ebs!<\/p>\n<p>Gjat\u00eb k\u00ebtyre dy dekadave, n\u00eb m\u00ebnyr\u00eb individuale mjaft shqiptar\u00eb provuan t\u00eb b\u00ebhen europian\u00eb. Dikush u p\u00ebrpoq t\u00eb b\u00ebhej grek, dikush italian, nj\u00eb tjet\u00ebr gjerman e k\u00ebshtu me radh\u00eb\u2026 Padurimi p\u00ebr t\u00eb ecur p\u00ebrpara i shtyu qindra mij\u00ebra shqiptar\u00eb n\u00eb k\u00ebrkim t\u00eb Europ\u00ebs. Energjia dhe dinamizmi i individit shqiptar q\u00eb shk\u00eblqen jasht\u00eb Shqip\u00ebris\u00eb u rishfaq edhe nj\u00eb her\u00eb pas viteve \u201890. (N\u00eb perandorin\u00eb osmane shqiptar\u00ebt thirreshin \u201carnaut\u00eb\u201d- q\u00eb do t\u00eb thot\u00eb njeri q\u00eb ec\u00ebn para dhe nuk kthehet pas).<\/p>\n<p>N\u00eb dhjetor t\u00eb \u201890-s student\u00ebt dol\u00ebn n\u00eb demonstrat\u00eb me thirrjen \u201cE duam Shqip\u00ebrin\u00eb si gjith\u00eb Europa\u201d. Pas dy dekadash, Europa prap\u00eb duket dekada larg. \u00c7far\u00eb ndodhi q\u00eb mbet\u00ebm t\u00eb fundit?! Si shpjegohet q\u00eb jemi t\u00eb fundit n\u00eb trenin e historis\u00eb?! T\u00eb fundit p\u00ebr t\u00eb shpallur pavar\u00ebsin\u00eb m\u00eb 1912, t\u00eb fundit p\u00ebr t\u00eb rr\u00ebzuar komunizmin n\u00eb 1990-n, t\u00eb fundit p\u00ebr t\u00eb qen\u00eb an\u00ebtar n\u00eb Bashkimin Europian. Dera e BE-s\u00eb mbetet e hapur dhe ne ngurrojm\u00eb t\u00eb afrohemi.<\/p>\n<p>Shqip\u00ebria humbi rastin e art\u00eb p\u00ebr t\u2019u afruar me BE-n\u00eb n\u00eb mesin e viteve \u201890. N\u00eb 1992, BE \u00e7el der\u00ebn (dhe fondet) me Marr\u00ebveshjen p\u00ebr Tregtin\u00eb dhe Bashk\u00ebpunimin. N\u00eb koh\u00ebn kur n\u00eb Ballkan vijonte lufta q\u00eb shoq\u00ebroi shp\u00ebrb\u00ebrjen e ish- Jugosllavis\u00eb, n\u00eb koh\u00ebn q\u00eb diplomacia amerikane dhe europiane ishin angazhuar p\u00ebr p\u00ebrfundimin e luft\u00ebs m\u00eb t\u00eb tmerrshme n\u00eb Europ\u00eb q\u00eb nga Lufta e Dyt\u00eb Bot\u00ebrore, Shqip\u00ebria mund t\u00eb ishte shembulli se si nj\u00eb vend korr frytet e reformave. BE i ofroi Shqip\u00ebris\u00eb statusin e vendit t\u00eb asociuar. N\u00ebse do t\u00eb kishim marr\u00eb llokumin q\u00eb na u ofrua n\u00eb goj\u00eb, do t\u00eb ishim me koh\u00eb an\u00ebtar\u00eb t\u00eb BE-s\u00eb.<\/p>\n<p>Por zgjedhjet problematike t\u00eb 1996-s t\u00eb pasuara nga prag-anarkia totale e 1997-s e vonuan t\u00eb pakt\u00ebn me 20 vjet procesin e integrimit. Pas trazirave n\u00eb Shqip\u00ebri, BE ofroi qasjen rajonale ndaj integrimit (1997) dhe dy vjet m\u00eb pas propozoi procesin e \u201cstabilizim \u2013 asociimit\u201d p\u00ebr pes\u00eb vende t\u00eb rajonit. Leksion i qart\u00eb. Stabilizohuni dhe m\u00eb pas asociohuni. U desh\u00ebn plot 10 vjet q\u00eb kjo marr\u00ebveshje t\u00eb hynte n\u00eb fuqi m\u00eb 1 Prill t\u00eb vitit 2009, vit kur dor\u00ebzojm\u00eb aplikimin p\u00ebr n\u00eb Bashkimin Europian! P\u00ebr dy vite rresht Komisioni Europian jep mendim negativ p\u00ebr shkak t\u00eb \u201cng\u00ebr\u00e7it politik\u201d. Komisioni Europian ka l\u00ebn\u00eb me shkrim plot\u00ebsimin e 12 kritereve, detyra q\u00eb nuk b\u00ebhen duke luajtur pingpongun e faj\u00ebsis\u00eb.<\/p>\n<p>Dy dekada m\u00eb par\u00eb ishim n\u00eb vend t\u00eb par\u00eb n\u00eb radh\u00ebn p\u00ebr t\u00eb hyr\u00eb n\u00eb BE. Tani me p\u00ebrpjekjet tona ia kemi dal\u00eb t\u00eb jemi n\u00eb fund. Vitin tjet\u00ebr Kroacia b\u00ebhet an\u00ebtari i 28 i BE-s\u00eb. N\u00eb koh\u00ebn q\u00eb ne nis\u00ebm procesin, Kroacia ishte n\u00eb luft\u00eb.<\/p>\n<p>Dy dekada m\u00eb par\u00eb, afro 100% e popullsis\u00eb p\u00ebr an\u00ebtar\u00ebsim, sot ky num\u00ebr \u00ebsht\u00eb afro 80%, ende shum\u00eb i lart\u00eb, por \u00e7do vit n\u00eb r\u00ebnie.<\/p>\n<p>Lajmi i mir\u00eb \u00ebsht\u00eb se dera e Bashkimit Europian mbetet e hapur. N\u00eb qershor t\u00eb 2003, n\u00eb Samitin e Selanikut u b\u00eb e qart\u00eb se t\u00eb gjitha vendet e rajonit t\u00eb Ballkanit mund t\u00eb b\u00ebhen vende an\u00ebtare t\u00eb Bashkimit Europian, n\u00eb momentin q\u00eb jan\u00eb gati. Kjo politik\u00eb e BE-s\u00eb nuk ka ndryshuar. Nuk ka ndryshuar as retorika n\u00eb Tiran\u00eb se an\u00ebtar\u00ebsimi mbetet objektivi madhor. Lajmi i keq \u00ebsht\u00eb se nuk jemi gati.<\/p>\n<p>Dhe lajm akoma m\u00eb i keq \u00ebsht\u00eb se duket se nuk ka d\u00ebshir\u00eb t\u00eb b\u00ebhemi gati. Politika shqiptare turbullohet nga cikli elektoral. \u00c7do dy apo tre vjet kemi zgjedhje dhe zgjedhjet mbeten thembra Akilit e demokracis\u00eb n\u00eb vend. Me pak p\u00ebrjashtim, zgjedhjet nuk kan\u00eb prodhuar stabilitet politik dhe institucional dhe interesat elektorale kan\u00eb prevaluar e prevalojn\u00eb deri n\u00eb at\u00eb shkall\u00eb sa duket se n\u00eb rrug\u00ebn p\u00ebr nd\u00ebrtimin e shtetit ligjor po nd\u00ebrtojm\u00eb shtet elektoral.<\/p>\n<p style=\"text-align: center;\">* * *<\/p>\n<p>Deklarata e b\u00ebr\u00eb para pak jav\u00ebsh se n\u00eb rastin m\u00eb t\u00eb mir\u00eb do t\u00eb na duhen 10-15 vjet p\u00ebr an\u00ebtar\u00ebsim nuk pati reagim n\u00eb shtyp, nuk u b\u00eb objekt diskutimi politik, pasi duket se ka nj\u00eb pajtim t\u00eb p\u00ebrgjithsh\u00ebm se rruga p\u00ebr n\u00eb BE do t\u00eb jet\u00eb e gjat\u00eb, e v\u00ebshtir\u00eb, e lodhshme. V\u00ebmendja dhe retorika tashm\u00eb \u00ebsht\u00eb p\u00ebrqendruar jo te lodhja jon\u00eb, por te \u201clodhja\u201d e Europ\u00ebs nga zgjerimi, problemet e m\u00ebdha me kriz\u00ebn ekonomike.<\/p>\n<p>Dy dekada kan\u00eb ikur dhe vendi ka ndryshuar n\u00eb m\u00ebnyr\u00eb spektakolare, por mbetemi larg dyerve t\u00eb BE-s\u00eb, sepse ndryshimi i dedikohet kryesisht individit dhe sektorit privat n\u00eb Shqip\u00ebri.<\/p>\n<p>K\u00ebt\u00eb vit, n\u00eb Shqip\u00ebri, festohet 100-vjetori i pavar\u00ebsis\u00eb, por nd\u00ebrtimi i shtetit ligjor, gjykatave t\u00eb pavarura, medias s\u00eb lir\u00eb, ekonomis\u00eb funksionale t\u00eb tregut, nd\u00ebrtimit dhe respektimit t\u00eb rregullave t\u00eb loj\u00ebs mbeten po aq sfiduese sa edhe n\u00eb vitin 1990.<\/p>\n<p>Kur do t\u00eb b\u00ebhet Shqip\u00ebria vend an\u00ebtar i Bashkimit Europian? Kan\u00eb kaluar 20 vite, do t\u00eb duhet (n\u00eb variantin m\u00eb t\u00eb mir\u00eb) edhe nj\u00eb dekad\u00eb tjet\u00ebr. 30 vjet p\u00ebrpjekje p\u00ebr t\u2019u afruar me Europ\u00ebn. M\u00ebsimi i madh \u00ebsht\u00eb se vendi nuk mund t\u00eb shkoj\u00eb n\u00eb BE, pa qen\u00eb gati, pa plot\u00ebsuar kushtet, pa b\u00ebr\u00eb reformat. An\u00ebtar\u00ebsimi \u00ebsht\u00eb mund, shum\u00eb mund dhe mundje me nj\u00ebri- tjetrin.<\/p>\n<p><em>Ky shkrim \u00ebsht\u00eb botuar fillimisht n\u00eb faqen e web t\u00eb Institutit Shqiptar t\u00eb Medias<\/em><\/p>\n","protected":false},"excerpt":{"rendered":"<p>Lutfi Dervishi, 27.01.2012 Shqip\u00ebris\u00eb i duhen 10-15 vjet p\u00ebr t\u2019u b\u00ebr\u00eb si Europa. \u2013 Kjo deklarat\u00eb \u00ebsht\u00eb b\u00ebr\u00eb para pak jav\u00ebsh nga nj\u00eb zyrtar i Komisionit q\u00eb merret me Shqip\u00ebrin\u00eb. \u00cbsht\u00eb nj\u00eb nga variantet optimiste, por premtimi nuk \u00ebsht\u00eb i plot\u00eb. Pjesa e dyt\u00eb e fjalis\u00eb \u00ebsht\u00eb: \u201cN\u00ebse pun\u00ebt ecin mir\u00eb\u201d. Por ky \u201cpremtim\u201d \u00ebsht\u00eb [&hellip;]<\/p>\n","protected":false},"author":1,"featured_media":0,"comment_status":"open","ping_status":"closed","sticky":false,"template":"","format":"standard","meta":{"footnotes":""},"categories":[2],"tags":[],"class_list":{"0":"post-1438","1":"post","2":"type-post","3":"status-publish","4":"format-standard","6":"category-artikuj"},"yoast_head":"<!-- This site is optimized with the Yoast SEO plugin v27.4 - https:\/\/yoast.com\/product\/yoast-seo-wordpress\/ -->\n<title>Europa! Dy dekada ik\u00ebn. Edhe sa\u2026? - FjALA e LIR\u00cb - Arkivi<\/title>\n<meta name=\"robots\" content=\"index, follow, max-snippet:-1, max-image-preview:large, max-video-preview:-1\" \/>\n<link rel=\"canonical\" href=\"https:\/\/fjala.info\/2009-2015\/europa-dy-dekada-iken-edhe-sa\/\" \/>\n<meta property=\"og:locale\" content=\"sq_AL\" \/>\n<meta property=\"og:type\" content=\"article\" \/>\n<meta property=\"og:title\" content=\"Europa! Dy dekada ik\u00ebn. Edhe sa\u2026? - FjALA e LIR\u00cb - Arkivi\" \/>\n<meta property=\"og:description\" content=\"Lutfi Dervishi, 27.01.2012 Shqip\u00ebris\u00eb i duhen 10-15 vjet p\u00ebr t\u2019u b\u00ebr\u00eb si Europa. \u2013 Kjo deklarat\u00eb \u00ebsht\u00eb b\u00ebr\u00eb para pak jav\u00ebsh nga nj\u00eb zyrtar i Komisionit q\u00eb merret me Shqip\u00ebrin\u00eb. \u00cbsht\u00eb nj\u00eb nga variantet optimiste, por premtimi nuk \u00ebsht\u00eb i plot\u00eb. Pjesa e dyt\u00eb e fjalis\u00eb \u00ebsht\u00eb: \u201cN\u00ebse pun\u00ebt ecin mir\u00eb\u201d. Por ky \u201cpremtim\u201d \u00ebsht\u00eb [&hellip;]\" \/>\n<meta property=\"og:url\" content=\"https:\/\/fjala.info\/2009-2015\/europa-dy-dekada-iken-edhe-sa\/\" \/>\n<meta property=\"og:site_name\" content=\"FjALA e LIR\u00cb - Arkivi\" \/>\n<meta property=\"article:published_time\" content=\"2012-01-27T21:27:03+00:00\" \/>\n<meta property=\"og:image\" content=\"http:\/\/www.shkoder.net\/images\/fjala\/lutfi_dervishi.jpg\" \/>\n<meta name=\"author\" content=\"admin\" \/>\n<meta name=\"twitter:card\" content=\"summary_large_image\" \/>\n<meta name=\"twitter:label1\" content=\"Written by\" \/>\n\t<meta name=\"twitter:data1\" content=\"admin\" \/>\n\t<meta name=\"twitter:label2\" content=\"Est. reading time\" \/>\n\t<meta name=\"twitter:data2\" content=\"6 minutes\" \/>\n<script type=\"application\/ld+json\" class=\"yoast-schema-graph\">{\"@context\":\"https:\\\/\\\/schema.org\",\"@graph\":[{\"@type\":\"Article\",\"@id\":\"https:\\\/\\\/fjala.info\\\/2009-2015\\\/europa-dy-dekada-iken-edhe-sa\\\/#article\",\"isPartOf\":{\"@id\":\"https:\\\/\\\/fjala.info\\\/2009-2015\\\/europa-dy-dekada-iken-edhe-sa\\\/\"},\"author\":{\"name\":\"admin\",\"@id\":\"https:\\\/\\\/fjala.info\\\/2009-2015\\\/#\\\/schema\\\/person\\\/3aa1163ef05469c496fc94e77611ada2\"},\"headline\":\"Europa! Dy dekada ik\u00ebn. Edhe sa\u2026?\",\"datePublished\":\"2012-01-27T21:27:03+00:00\",\"mainEntityOfPage\":{\"@id\":\"https:\\\/\\\/fjala.info\\\/2009-2015\\\/europa-dy-dekada-iken-edhe-sa\\\/\"},\"wordCount\":1206,\"commentCount\":0,\"publisher\":{\"@id\":\"https:\\\/\\\/fjala.info\\\/2009-2015\\\/#organization\"},\"image\":{\"@id\":\"https:\\\/\\\/fjala.info\\\/2009-2015\\\/europa-dy-dekada-iken-edhe-sa\\\/#primaryimage\"},\"thumbnailUrl\":\"http:\\\/\\\/www.shkoder.net\\\/images\\\/fjala\\\/lutfi_dervishi.jpg\",\"articleSection\":[\"Artikuj\"],\"inLanguage\":\"sq-AL\",\"potentialAction\":[{\"@type\":\"CommentAction\",\"name\":\"Comment\",\"target\":[\"https:\\\/\\\/fjala.info\\\/2009-2015\\\/europa-dy-dekada-iken-edhe-sa\\\/#respond\"]}]},{\"@type\":\"WebPage\",\"@id\":\"https:\\\/\\\/fjala.info\\\/2009-2015\\\/europa-dy-dekada-iken-edhe-sa\\\/\",\"url\":\"https:\\\/\\\/fjala.info\\\/2009-2015\\\/europa-dy-dekada-iken-edhe-sa\\\/\",\"name\":\"Europa! Dy dekada ik\u00ebn. Edhe sa\u2026? - FjALA e LIR\u00cb - Arkivi\",\"isPartOf\":{\"@id\":\"https:\\\/\\\/fjala.info\\\/2009-2015\\\/#website\"},\"primaryImageOfPage\":{\"@id\":\"https:\\\/\\\/fjala.info\\\/2009-2015\\\/europa-dy-dekada-iken-edhe-sa\\\/#primaryimage\"},\"image\":{\"@id\":\"https:\\\/\\\/fjala.info\\\/2009-2015\\\/europa-dy-dekada-iken-edhe-sa\\\/#primaryimage\"},\"thumbnailUrl\":\"http:\\\/\\\/www.shkoder.net\\\/images\\\/fjala\\\/lutfi_dervishi.jpg\",\"datePublished\":\"2012-01-27T21:27:03+00:00\",\"breadcrumb\":{\"@id\":\"https:\\\/\\\/fjala.info\\\/2009-2015\\\/europa-dy-dekada-iken-edhe-sa\\\/#breadcrumb\"},\"inLanguage\":\"sq-AL\",\"potentialAction\":[{\"@type\":\"ReadAction\",\"target\":[\"https:\\\/\\\/fjala.info\\\/2009-2015\\\/europa-dy-dekada-iken-edhe-sa\\\/\"]}]},{\"@type\":\"ImageObject\",\"inLanguage\":\"sq-AL\",\"@id\":\"https:\\\/\\\/fjala.info\\\/2009-2015\\\/europa-dy-dekada-iken-edhe-sa\\\/#primaryimage\",\"url\":\"http:\\\/\\\/www.shkoder.net\\\/images\\\/fjala\\\/lutfi_dervishi.jpg\",\"contentUrl\":\"http:\\\/\\\/www.shkoder.net\\\/images\\\/fjala\\\/lutfi_dervishi.jpg\"},{\"@type\":\"BreadcrumbList\",\"@id\":\"https:\\\/\\\/fjala.info\\\/2009-2015\\\/europa-dy-dekada-iken-edhe-sa\\\/#breadcrumb\",\"itemListElement\":[{\"@type\":\"ListItem\",\"position\":1,\"name\":\"Home\",\"item\":\"https:\\\/\\\/fjala.info\\\/2009-2015\\\/\"},{\"@type\":\"ListItem\",\"position\":2,\"name\":\"Europa! Dy dekada ik\u00ebn. Edhe sa\u2026?\"}]},{\"@type\":\"WebSite\",\"@id\":\"https:\\\/\\\/fjala.info\\\/2009-2015\\\/#website\",\"url\":\"https:\\\/\\\/fjala.info\\\/2009-2015\\\/\",\"name\":\"FjALA e LIR\u00cb - Arkivi\",\"description\":\"Arkivi 2009-2015\",\"publisher\":{\"@id\":\"https:\\\/\\\/fjala.info\\\/2009-2015\\\/#organization\"},\"potentialAction\":[{\"@type\":\"SearchAction\",\"target\":{\"@type\":\"EntryPoint\",\"urlTemplate\":\"https:\\\/\\\/fjala.info\\\/2009-2015\\\/?s={search_term_string}\"},\"query-input\":{\"@type\":\"PropertyValueSpecification\",\"valueRequired\":true,\"valueName\":\"search_term_string\"}}],\"inLanguage\":\"sq-AL\"},{\"@type\":\"Organization\",\"@id\":\"https:\\\/\\\/fjala.info\\\/2009-2015\\\/#organization\",\"name\":\"FjALA e LIR\u00cb - Arkivi\",\"url\":\"https:\\\/\\\/fjala.info\\\/2009-2015\\\/\",\"logo\":{\"@type\":\"ImageObject\",\"inLanguage\":\"sq-AL\",\"@id\":\"https:\\\/\\\/fjala.info\\\/2009-2015\\\/#\\\/schema\\\/logo\\\/image\\\/\",\"url\":\"\",\"contentUrl\":\"\",\"caption\":\"FjALA e LIR\u00cb - Arkivi\"},\"image\":{\"@id\":\"https:\\\/\\\/fjala.info\\\/2009-2015\\\/#\\\/schema\\\/logo\\\/image\\\/\"}},{\"@type\":\"Person\",\"@id\":\"https:\\\/\\\/fjala.info\\\/2009-2015\\\/#\\\/schema\\\/person\\\/3aa1163ef05469c496fc94e77611ada2\",\"name\":\"admin\",\"image\":{\"@type\":\"ImageObject\",\"inLanguage\":\"sq-AL\",\"@id\":\"https:\\\/\\\/fjala.info\\\/2009-2015\\\/wp-content\\\/uploads\\\/2012\\\/02\\\/arben_cokaj-120x150.jpg\",\"url\":\"https:\\\/\\\/fjala.info\\\/2009-2015\\\/wp-content\\\/uploads\\\/2012\\\/02\\\/arben_cokaj-120x150.jpg\",\"contentUrl\":\"https:\\\/\\\/fjala.info\\\/2009-2015\\\/wp-content\\\/uploads\\\/2012\\\/02\\\/arben_cokaj-120x150.jpg\",\"caption\":\"admin\"},\"description\":\"Admin, Fjala e Lir\u00eb\",\"sameAs\":[\"https:\\\/\\\/fjala.info\\\/\"],\"url\":\"https:\\\/\\\/fjala.info\\\/2009-2015\\\/author\\\/admin\\\/\"}]}<\/script>\n<!-- \/ Yoast SEO plugin. -->","yoast_head_json":{"title":"Europa! Dy dekada ik\u00ebn. Edhe sa\u2026? - FjALA e LIR\u00cb - Arkivi","robots":{"index":"index","follow":"follow","max-snippet":"max-snippet:-1","max-image-preview":"max-image-preview:large","max-video-preview":"max-video-preview:-1"},"canonical":"https:\/\/fjala.info\/2009-2015\/europa-dy-dekada-iken-edhe-sa\/","og_locale":"sq_AL","og_type":"article","og_title":"Europa! Dy dekada ik\u00ebn. Edhe sa\u2026? - FjALA e LIR\u00cb - Arkivi","og_description":"Lutfi Dervishi, 27.01.2012 Shqip\u00ebris\u00eb i duhen 10-15 vjet p\u00ebr t\u2019u b\u00ebr\u00eb si Europa. \u2013 Kjo deklarat\u00eb \u00ebsht\u00eb b\u00ebr\u00eb para pak jav\u00ebsh nga nj\u00eb zyrtar i Komisionit q\u00eb merret me Shqip\u00ebrin\u00eb. \u00cbsht\u00eb nj\u00eb nga variantet optimiste, por premtimi nuk \u00ebsht\u00eb i plot\u00eb. Pjesa e dyt\u00eb e fjalis\u00eb \u00ebsht\u00eb: \u201cN\u00ebse pun\u00ebt ecin mir\u00eb\u201d. Por ky \u201cpremtim\u201d \u00ebsht\u00eb [&hellip;]","og_url":"https:\/\/fjala.info\/2009-2015\/europa-dy-dekada-iken-edhe-sa\/","og_site_name":"FjALA e LIR\u00cb - Arkivi","article_published_time":"2012-01-27T21:27:03+00:00","og_image":[{"url":"http:\/\/www.shkoder.net\/images\/fjala\/lutfi_dervishi.jpg","type":"","width":"","height":""}],"author":"admin","twitter_card":"summary_large_image","twitter_misc":{"Written by":"admin","Est. reading time":"6 minutes"},"schema":{"@context":"https:\/\/schema.org","@graph":[{"@type":"Article","@id":"https:\/\/fjala.info\/2009-2015\/europa-dy-dekada-iken-edhe-sa\/#article","isPartOf":{"@id":"https:\/\/fjala.info\/2009-2015\/europa-dy-dekada-iken-edhe-sa\/"},"author":{"name":"admin","@id":"https:\/\/fjala.info\/2009-2015\/#\/schema\/person\/3aa1163ef05469c496fc94e77611ada2"},"headline":"Europa! Dy dekada ik\u00ebn. Edhe sa\u2026?","datePublished":"2012-01-27T21:27:03+00:00","mainEntityOfPage":{"@id":"https:\/\/fjala.info\/2009-2015\/europa-dy-dekada-iken-edhe-sa\/"},"wordCount":1206,"commentCount":0,"publisher":{"@id":"https:\/\/fjala.info\/2009-2015\/#organization"},"image":{"@id":"https:\/\/fjala.info\/2009-2015\/europa-dy-dekada-iken-edhe-sa\/#primaryimage"},"thumbnailUrl":"http:\/\/www.shkoder.net\/images\/fjala\/lutfi_dervishi.jpg","articleSection":["Artikuj"],"inLanguage":"sq-AL","potentialAction":[{"@type":"CommentAction","name":"Comment","target":["https:\/\/fjala.info\/2009-2015\/europa-dy-dekada-iken-edhe-sa\/#respond"]}]},{"@type":"WebPage","@id":"https:\/\/fjala.info\/2009-2015\/europa-dy-dekada-iken-edhe-sa\/","url":"https:\/\/fjala.info\/2009-2015\/europa-dy-dekada-iken-edhe-sa\/","name":"Europa! Dy dekada ik\u00ebn. Edhe sa\u2026? - FjALA e LIR\u00cb - Arkivi","isPartOf":{"@id":"https:\/\/fjala.info\/2009-2015\/#website"},"primaryImageOfPage":{"@id":"https:\/\/fjala.info\/2009-2015\/europa-dy-dekada-iken-edhe-sa\/#primaryimage"},"image":{"@id":"https:\/\/fjala.info\/2009-2015\/europa-dy-dekada-iken-edhe-sa\/#primaryimage"},"thumbnailUrl":"http:\/\/www.shkoder.net\/images\/fjala\/lutfi_dervishi.jpg","datePublished":"2012-01-27T21:27:03+00:00","breadcrumb":{"@id":"https:\/\/fjala.info\/2009-2015\/europa-dy-dekada-iken-edhe-sa\/#breadcrumb"},"inLanguage":"sq-AL","potentialAction":[{"@type":"ReadAction","target":["https:\/\/fjala.info\/2009-2015\/europa-dy-dekada-iken-edhe-sa\/"]}]},{"@type":"ImageObject","inLanguage":"sq-AL","@id":"https:\/\/fjala.info\/2009-2015\/europa-dy-dekada-iken-edhe-sa\/#primaryimage","url":"http:\/\/www.shkoder.net\/images\/fjala\/lutfi_dervishi.jpg","contentUrl":"http:\/\/www.shkoder.net\/images\/fjala\/lutfi_dervishi.jpg"},{"@type":"BreadcrumbList","@id":"https:\/\/fjala.info\/2009-2015\/europa-dy-dekada-iken-edhe-sa\/#breadcrumb","itemListElement":[{"@type":"ListItem","position":1,"name":"Home","item":"https:\/\/fjala.info\/2009-2015\/"},{"@type":"ListItem","position":2,"name":"Europa! Dy dekada ik\u00ebn. Edhe sa\u2026?"}]},{"@type":"WebSite","@id":"https:\/\/fjala.info\/2009-2015\/#website","url":"https:\/\/fjala.info\/2009-2015\/","name":"FjALA e LIR\u00cb - Arkivi","description":"Arkivi 2009-2015","publisher":{"@id":"https:\/\/fjala.info\/2009-2015\/#organization"},"potentialAction":[{"@type":"SearchAction","target":{"@type":"EntryPoint","urlTemplate":"https:\/\/fjala.info\/2009-2015\/?s={search_term_string}"},"query-input":{"@type":"PropertyValueSpecification","valueRequired":true,"valueName":"search_term_string"}}],"inLanguage":"sq-AL"},{"@type":"Organization","@id":"https:\/\/fjala.info\/2009-2015\/#organization","name":"FjALA e LIR\u00cb - Arkivi","url":"https:\/\/fjala.info\/2009-2015\/","logo":{"@type":"ImageObject","inLanguage":"sq-AL","@id":"https:\/\/fjala.info\/2009-2015\/#\/schema\/logo\/image\/","url":"","contentUrl":"","caption":"FjALA e LIR\u00cb - Arkivi"},"image":{"@id":"https:\/\/fjala.info\/2009-2015\/#\/schema\/logo\/image\/"}},{"@type":"Person","@id":"https:\/\/fjala.info\/2009-2015\/#\/schema\/person\/3aa1163ef05469c496fc94e77611ada2","name":"admin","image":{"@type":"ImageObject","inLanguage":"sq-AL","@id":"https:\/\/fjala.info\/2009-2015\/wp-content\/uploads\/2012\/02\/arben_cokaj-120x150.jpg","url":"https:\/\/fjala.info\/2009-2015\/wp-content\/uploads\/2012\/02\/arben_cokaj-120x150.jpg","contentUrl":"https:\/\/fjala.info\/2009-2015\/wp-content\/uploads\/2012\/02\/arben_cokaj-120x150.jpg","caption":"admin"},"description":"Admin, Fjala e Lir\u00eb","sameAs":["https:\/\/fjala.info\/"],"url":"https:\/\/fjala.info\/2009-2015\/author\/admin\/"}]}},"_links":{"self":[{"href":"https:\/\/fjala.info\/2009-2015\/wp-json\/wp\/v2\/posts\/1438","targetHints":{"allow":["GET"]}}],"collection":[{"href":"https:\/\/fjala.info\/2009-2015\/wp-json\/wp\/v2\/posts"}],"about":[{"href":"https:\/\/fjala.info\/2009-2015\/wp-json\/wp\/v2\/types\/post"}],"author":[{"embeddable":true,"href":"https:\/\/fjala.info\/2009-2015\/wp-json\/wp\/v2\/users\/1"}],"replies":[{"embeddable":true,"href":"https:\/\/fjala.info\/2009-2015\/wp-json\/wp\/v2\/comments?post=1438"}],"version-history":[{"count":0,"href":"https:\/\/fjala.info\/2009-2015\/wp-json\/wp\/v2\/posts\/1438\/revisions"}],"wp:attachment":[{"href":"https:\/\/fjala.info\/2009-2015\/wp-json\/wp\/v2\/media?parent=1438"}],"wp:term":[{"taxonomy":"category","embeddable":true,"href":"https:\/\/fjala.info\/2009-2015\/wp-json\/wp\/v2\/categories?post=1438"},{"taxonomy":"post_tag","embeddable":true,"href":"https:\/\/fjala.info\/2009-2015\/wp-json\/wp\/v2\/tags?post=1438"}],"curies":[{"name":"wp","href":"https:\/\/api.w.org\/{rel}","templated":true}]}}