{"id":14304,"date":"2015-10-02T08:02:09","date_gmt":"2015-10-02T07:02:09","guid":{"rendered":"http:\/\/www.fjala.info\/?p=4436"},"modified":"2015-10-02T08:02:09","modified_gmt":"2015-10-02T07:02:09","slug":"liber-me-vlera-te-shumanshme-per-lexues-qe-e-duan-letersine","status":"publish","type":"post","link":"https:\/\/fjala.info\/2009-2015\/liber-me-vlera-te-shumanshme-per-lexues-qe-e-duan-letersine\/","title":{"rendered":"LIB\u00cbR ME VLERA T\u00cb SHUMANSHME, P\u00cbR LEXUES Q\u00cb E DUAN LET\u00cbRSIN\u00cb\u2026"},"content":{"rendered":"<p><img decoding=\"async\" class=\"alignright\" title=\"Ibrahim Hajdarmataj\" src=\"http:\/\/www.fjala.info\/2015\/ibrahim_hajdarmataj.jpg\" alt=\"\" width=\"200\" \/> Nga: <strong>Ibrahim Hajdarmataj<\/strong>, <em>arsimtar e publicist, Zogaj-Tropoj\u00eb<\/em><\/p>\n<p>Para disa dit\u00ebsh, doli n\u00eb qarkullim libri i ri i arsimtarit, publicistit e studiuesit Sejdo Harka, \u201cModern\u00ebt e koh\u00ebs\u201d. At\u00eb e ka nxjerr\u00eb n\u00eb qarkullim Sht\u00ebpia Botuese \u201cEdlora\u201d, Tiran\u00eb dhe ka redaktor letrar prof.Murat Gecaj. Ky lib\u00ebr p\u00ebrmban analiza p\u00ebr vepra letrare t\u00eb poet\u00ebve e shkrimtarave shqiptar\u00eb, por dhe t\u00eb huaj; esse e portrete krijuesish t\u00eb ndrysh\u00ebm.<br \/>\nLibri hapet me nj\u00eb hyrje dometh\u00ebn\u00ebse, me autor shkrimtarin e publicistin Bardhyl X hama, \u201cM\u00ebsues i merituar\u201d. \u00cbsht\u00eb i ndar\u00eb n\u00eb tri pjes\u00eb dhe ka mjaft ballina t\u00eb librave dhe t\u00eb krijuesve, p\u00ebr t\u00eb cilat flitet aty.<br \/>\nN\u00eb pjes\u00ebn e par\u00eb jan\u00eb 40 shkrime, kryesisht analiza e sh\u00ebnime letrare. Pasi autori flet p\u00ebr poet\u00eb e shkrimtar\u00eb t\u00eb njohur, shqiptar\u00eb e t\u00eb huaj, si: Naim Frash\u00ebri, L.Poradeci e L.Kodra; Rumiu, Esenini e R.Savjano, mund t\u00eb ve\u00e7ojm\u00eb shkrimin \u201cMonarku i letrave shqipe, n\u00eb kujtimet e Helena Kadares\u00eb\u201d . Ajo ka n\u00ebnvizuar: \u201cMe Ismail Kadaren\u00eb ka ndodhur si me lumenjt\u00eb e fryr\u00eb nga sht\u00ebrngatat, t\u00eb cilat pasi kan\u00eb rendur vrullsh\u00ebm, e kan\u00eb nd\u00ebrruar shtratin\u201d. M\u00eb tej, \u00ebsht\u00eb studimi me vlera letrare \u201cMarr\u00ebzit\u00eb e koh\u00ebs, n\u00eb humorin e Drit\u00ebro Agollit\u201d, ku jan\u00eb edhe k\u00ebto radh\u00eb: \u201c\u2026Ka njer\u00ebz, q\u00eb puthin n\u00eb buz\u00eb,\/ ka edhe t\u00eb till\u00eb, q\u00eb me buz\u00eb ndyjn\u00eb!?\u201d Kur e lexova m\u00eb tej, solla n\u00eb kujtes\u00eb vizit\u00ebn e Drit\u00ebroit n\u00eb fshatin tim t\u00eb lindjes, Zogaj, n\u00eb vitet \u201980-t\u00eb t\u00eb shekullit t\u00eb kaluar. Me at\u00eb rast, ai bisedoi ngroht\u00ebsisht me m\u00ebsuesit, por dhe me fshatar\u00ebt, duke b\u00ebr\u00eb me ata edhe shaka t\u00eb bukura e dometh\u00ebn\u00ebse.<\/p>\n<p><img decoding=\"async\" class=\"aligncenter\" title=\"Sejdo Harka - Modern\u00ebt e koh\u00ebs\" src=\"http:\/\/www.fjala.info\/2015\/sejdo_harka_modernet_e_kohes.jpg\" alt=\"\" width=\"500\" \/><\/p>\n<p>Nga nj\u00eb pjes\u00eb e k\u00ebtij libri po shk\u00ebpusim edhe k\u00ebto radh\u00eb: \u201cAi shkoi t\u00eb fler\u00eb p\u00ebrjet\u00eb, por la zgjuar veprat e pavdekshme t\u00eb tij\u201d, q\u00eb jan\u00eb shkruar p\u00ebr prof.Bedri Dedjen-Akademik, p\u00ebr t\u00eb cilin prof.Murat Gecaj p\u00ebrgatiti e botoi antologjin\u00eb \u201cBedri Dedja, n\u00eb kujtes\u00ebn ton\u00eb\u201d(Tiran\u00eb,2010). N\u00eb vazhdim, \u00ebsht\u00eb studimi i S.Hark\u00ebs p\u00ebr dram\u00ebn \u201cT\u00eb mallkuarit\u201d, nga Enver Petrovci, ku thuhen edhe k\u00ebto radh\u00eb nga ai: \u201cMos lufto p\u00ebr ask\u00ebnd, sepse edhe fituesi, edhe humb\u00ebsi, jan\u00ebs t\u00eb nj\u00ebjt\u00eb!\u201d.<br \/>\nMendoj se punimi \u201cEngj\u00ebj t\u00eb armatosur\u201d, kushtuar romanit t\u00eb shkrimtares Diana \u00c7uli, \u00ebsht\u00eb nd\u00ebr m\u00eb t\u00eb arriturit, ku thuhet: \u201cAtje, ku kishte mbir\u00eb nj\u00eb moll\u00eb e bardh\u00eb, mbiu dhe nj\u00eb qiparis, q\u00eb do t\u00eb dij\u00eb t\u2019u tregoj\u00eb t\u00eb v\u00ebrtet\u00ebn brezave\u2026\u201d. Me ndjenj\u00eb \u00ebsht\u00eb hartuar edhe recensioni \u201cUra, q\u00eb lidhin brezat\u201d, p\u00ebr librin publicistik-letrar, \u201cDorela\u201d, me autor M.Gecaj. Aty theksohet se \u201cDashuria nd\u00ebrmjet brezave duhet t\u00eb ket\u00eb \u00ebmb\u00eblsin\u00eb e mjaltit dhe er\u00ebn e k\u00ebndshme t\u00eb luleve\u2026\u201d. Kur lexojm\u00eb studimin \u201cFunerali i fundm\u00eb\u201d, kushtuar romanit t\u00eb shkrimtarit disident Visar Zhiti, t\u00eb cilin edhe un\u00eb e kam njohur n\u00eb vitet e rinis\u00eb s\u00eb tij, n\u00eb zonat e thella t\u00eb Kuk\u00ebsit, sjellim n\u00eb kujtes\u00eb se ai e pa ferrin e vdekjen me sy, p\u00ebr s\u00eb gjalli, vet\u00ebm e vet\u00ebm se donte t\u00eb jetonte dhe t\u00eb krijonte i lir\u00eb.<br \/>\nP\u00ebr nj\u00eb vep\u00ebr me p\u00ebrmbajtje arsimore e pedagogjike t\u00eb prof.Musa Kraj\u00ebs, flet shkrimi rreth librit t\u00eb tij, p\u00ebr pedagog\u00eb e student\u00eb, \u201cPedagogji e zbatuar\u201d. Duke e shfletuar librin e S.Hark\u00ebs, lexuesi ndalet edhe n\u00eb punimin kushtuar vepr\u00ebs letrare t\u00eb Petraq Ristos, \u201cNj\u00eb grua, me urdh\u00ebrin e ujkut\u201d.<br \/>\nNd\u00ebrsa n\u00eb pjes\u00ebn e dyt\u00eb t\u00eb t\u00ebrheq v\u00ebmendjen shkrimi \u201cThoma Deliana, ministri q\u00eb guxoi ta kund\u00ebrshtonte Mehmet Shehun\u201d. Dhe dihet se ishte koha, kur cilido q\u00eb vepronte ashtu, ishte sikur t\u2019i bije murit me kok\u00eb!?<br \/>\nN\u00eb vazhdim, autori flet edhe p\u00ebr disa publicist\u00eb e studiues, si Murat Gecaj, \u201ct\u00eb artin\u201d Bardhyl Xhama e t\u00eb paharruarin Sk\u00ebnder Hasko dhe p\u00ebrfundon me shkrimin kushtuar publicistit e autorit t\u00eb mbi 30 librave, Viron Kona.<br \/>\nPjesa e tret\u00eb dhe e fundit mbyllet me tri esse, t\u00eb cilat jan\u00eb hartuar po me aq frym\u00ebzim e dashuri, pra ashtu si\u00e7 jan\u00eb dhe shkrimet e m\u00ebparshme t\u00eb k\u00ebtij libri, me autor kolegun e mikun Sejdo Harka.<br \/>\nN\u00eb t\u00ebr\u00ebsi, mendoj se ky botim i ri ng\u00ebrthen vlera t\u00eb shumanshme, si p\u00ebr mas\u00ebn e gjer\u00eb t\u00eb lexuesve t\u00eb interesuar, por sidomos p\u00ebr m\u00ebsues e pedagog\u00eb t\u00eb let\u00ebrsis\u00eb dhe p\u00ebr student\u00eb t\u00eb deg\u00ebve, q\u00eb p\u00ebrgatiten p\u00ebr m\u00ebsuesin\u00eb. Prandaj e urojm\u00eb at\u00eb p\u00ebrzem\u00ebrsisht dhe besojm\u00eb e shpresojm\u00eb q\u00eb, nga mendja e dora e tij, do t\u00eb shohim t\u00eb botuar libra t\u00eb tjer\u00eb, q\u00ebmtuar nga pasuria e madhe e shkrimeve, q\u00eb ai ka publikuar, sistematikisht nd\u00ebr vite, n\u00eb shtyp e n\u00eb faqe te ndryshme t\u00eb Internetit.<\/p>\n<p><em>Shtator, 2015<\/em><\/p>\n","protected":false},"excerpt":{"rendered":"<p>Nga: Ibrahim Hajdarmataj, arsimtar e publicist, Zogaj-Tropoj\u00eb Para disa dit\u00ebsh, doli n\u00eb qarkullim libri i ri i arsimtarit, publicistit e studiuesit Sejdo Harka, \u201cModern\u00ebt e koh\u00ebs\u201d. At\u00eb e ka nxjerr\u00eb n\u00eb qarkullim Sht\u00ebpia Botuese \u201cEdlora\u201d, Tiran\u00eb dhe ka redaktor letrar prof.Murat Gecaj. Ky lib\u00ebr p\u00ebrmban analiza p\u00ebr vepra letrare t\u00eb poet\u00ebve e shkrimtarave shqiptar\u00eb, por [&hellip;]<\/p>\n","protected":false},"author":1,"featured_media":0,"comment_status":"open","ping_status":"closed","sticky":false,"template":"","format":"standard","meta":{"footnotes":""},"categories":[2,7],"tags":[],"class_list":{"0":"post-14304","1":"post","2":"type-post","3":"status-publish","4":"format-standard","6":"category-artikuj","7":"category-letersi"},"yoast_head":"<!-- This site is optimized with the Yoast SEO plugin v27.4 - https:\/\/yoast.com\/product\/yoast-seo-wordpress\/ -->\n<title>LIB\u00cbR ME VLERA T\u00cb SHUMANSHME, P\u00cbR LEXUES Q\u00cb E DUAN LET\u00cbRSIN\u00cb\u2026 - FjALA e LIR\u00cb - Arkivi<\/title>\n<meta name=\"robots\" content=\"index, follow, max-snippet:-1, max-image-preview:large, max-video-preview:-1\" \/>\n<link rel=\"canonical\" href=\"https:\/\/fjala.info\/2009-2015\/liber-me-vlera-te-shumanshme-per-lexues-qe-e-duan-letersine\/\" \/>\n<meta property=\"og:locale\" content=\"sq_AL\" \/>\n<meta property=\"og:type\" content=\"article\" \/>\n<meta property=\"og:title\" content=\"LIB\u00cbR ME VLERA T\u00cb SHUMANSHME, P\u00cbR LEXUES Q\u00cb E DUAN LET\u00cbRSIN\u00cb\u2026 - FjALA e LIR\u00cb - Arkivi\" \/>\n<meta property=\"og:description\" content=\"Nga: Ibrahim Hajdarmataj, arsimtar e publicist, Zogaj-Tropoj\u00eb Para disa dit\u00ebsh, doli n\u00eb qarkullim libri i ri i arsimtarit, publicistit e studiuesit Sejdo Harka, \u201cModern\u00ebt e koh\u00ebs\u201d. At\u00eb e ka nxjerr\u00eb n\u00eb qarkullim Sht\u00ebpia Botuese \u201cEdlora\u201d, Tiran\u00eb dhe ka redaktor letrar prof.Murat Gecaj. Ky lib\u00ebr p\u00ebrmban analiza p\u00ebr vepra letrare t\u00eb poet\u00ebve e shkrimtarave shqiptar\u00eb, por [&hellip;]\" \/>\n<meta property=\"og:url\" content=\"https:\/\/fjala.info\/2009-2015\/liber-me-vlera-te-shumanshme-per-lexues-qe-e-duan-letersine\/\" \/>\n<meta property=\"og:site_name\" content=\"FjALA e LIR\u00cb - Arkivi\" \/>\n<meta property=\"article:published_time\" content=\"2015-10-02T07:02:09+00:00\" \/>\n<meta property=\"og:image\" content=\"http:\/\/www.fjala.info\/2015\/ibrahim_hajdarmataj.jpg\" \/>\n<meta name=\"author\" content=\"admin\" \/>\n<meta name=\"twitter:card\" content=\"summary_large_image\" \/>\n<meta name=\"twitter:label1\" content=\"Written by\" \/>\n\t<meta name=\"twitter:data1\" content=\"admin\" \/>\n\t<meta name=\"twitter:label2\" content=\"Est. reading time\" \/>\n\t<meta name=\"twitter:data2\" content=\"4 minutes\" \/>\n<script type=\"application\/ld+json\" class=\"yoast-schema-graph\">{\"@context\":\"https:\\\/\\\/schema.org\",\"@graph\":[{\"@type\":\"Article\",\"@id\":\"https:\\\/\\\/fjala.info\\\/2009-2015\\\/liber-me-vlera-te-shumanshme-per-lexues-qe-e-duan-letersine\\\/#article\",\"isPartOf\":{\"@id\":\"https:\\\/\\\/fjala.info\\\/2009-2015\\\/liber-me-vlera-te-shumanshme-per-lexues-qe-e-duan-letersine\\\/\"},\"author\":{\"name\":\"admin\",\"@id\":\"https:\\\/\\\/fjala.info\\\/2009-2015\\\/#\\\/schema\\\/person\\\/3aa1163ef05469c496fc94e77611ada2\"},\"headline\":\"LIB\u00cbR ME VLERA T\u00cb SHUMANSHME, P\u00cbR LEXUES Q\u00cb E DUAN LET\u00cbRSIN\u00cb\u2026\",\"datePublished\":\"2015-10-02T07:02:09+00:00\",\"mainEntityOfPage\":{\"@id\":\"https:\\\/\\\/fjala.info\\\/2009-2015\\\/liber-me-vlera-te-shumanshme-per-lexues-qe-e-duan-letersine\\\/\"},\"wordCount\":832,\"commentCount\":1,\"publisher\":{\"@id\":\"https:\\\/\\\/fjala.info\\\/2009-2015\\\/#organization\"},\"image\":{\"@id\":\"https:\\\/\\\/fjala.info\\\/2009-2015\\\/liber-me-vlera-te-shumanshme-per-lexues-qe-e-duan-letersine\\\/#primaryimage\"},\"thumbnailUrl\":\"http:\\\/\\\/www.fjala.info\\\/2015\\\/ibrahim_hajdarmataj.jpg\",\"articleSection\":[\"Artikuj\",\"Let\u00ebrsi\"],\"inLanguage\":\"sq-AL\",\"potentialAction\":[{\"@type\":\"CommentAction\",\"name\":\"Comment\",\"target\":[\"https:\\\/\\\/fjala.info\\\/2009-2015\\\/liber-me-vlera-te-shumanshme-per-lexues-qe-e-duan-letersine\\\/#respond\"]}]},{\"@type\":\"WebPage\",\"@id\":\"https:\\\/\\\/fjala.info\\\/2009-2015\\\/liber-me-vlera-te-shumanshme-per-lexues-qe-e-duan-letersine\\\/\",\"url\":\"https:\\\/\\\/fjala.info\\\/2009-2015\\\/liber-me-vlera-te-shumanshme-per-lexues-qe-e-duan-letersine\\\/\",\"name\":\"LIB\u00cbR ME VLERA T\u00cb SHUMANSHME, P\u00cbR LEXUES Q\u00cb E DUAN LET\u00cbRSIN\u00cb\u2026 - FjALA e LIR\u00cb - Arkivi\",\"isPartOf\":{\"@id\":\"https:\\\/\\\/fjala.info\\\/2009-2015\\\/#website\"},\"primaryImageOfPage\":{\"@id\":\"https:\\\/\\\/fjala.info\\\/2009-2015\\\/liber-me-vlera-te-shumanshme-per-lexues-qe-e-duan-letersine\\\/#primaryimage\"},\"image\":{\"@id\":\"https:\\\/\\\/fjala.info\\\/2009-2015\\\/liber-me-vlera-te-shumanshme-per-lexues-qe-e-duan-letersine\\\/#primaryimage\"},\"thumbnailUrl\":\"http:\\\/\\\/www.fjala.info\\\/2015\\\/ibrahim_hajdarmataj.jpg\",\"datePublished\":\"2015-10-02T07:02:09+00:00\",\"breadcrumb\":{\"@id\":\"https:\\\/\\\/fjala.info\\\/2009-2015\\\/liber-me-vlera-te-shumanshme-per-lexues-qe-e-duan-letersine\\\/#breadcrumb\"},\"inLanguage\":\"sq-AL\",\"potentialAction\":[{\"@type\":\"ReadAction\",\"target\":[\"https:\\\/\\\/fjala.info\\\/2009-2015\\\/liber-me-vlera-te-shumanshme-per-lexues-qe-e-duan-letersine\\\/\"]}]},{\"@type\":\"ImageObject\",\"inLanguage\":\"sq-AL\",\"@id\":\"https:\\\/\\\/fjala.info\\\/2009-2015\\\/liber-me-vlera-te-shumanshme-per-lexues-qe-e-duan-letersine\\\/#primaryimage\",\"url\":\"http:\\\/\\\/www.fjala.info\\\/2015\\\/ibrahim_hajdarmataj.jpg\",\"contentUrl\":\"http:\\\/\\\/www.fjala.info\\\/2015\\\/ibrahim_hajdarmataj.jpg\"},{\"@type\":\"BreadcrumbList\",\"@id\":\"https:\\\/\\\/fjala.info\\\/2009-2015\\\/liber-me-vlera-te-shumanshme-per-lexues-qe-e-duan-letersine\\\/#breadcrumb\",\"itemListElement\":[{\"@type\":\"ListItem\",\"position\":1,\"name\":\"Home\",\"item\":\"https:\\\/\\\/fjala.info\\\/2009-2015\\\/\"},{\"@type\":\"ListItem\",\"position\":2,\"name\":\"LIB\u00cbR ME VLERA T\u00cb SHUMANSHME, P\u00cbR LEXUES Q\u00cb E DUAN LET\u00cbRSIN\u00cb\u2026\"}]},{\"@type\":\"WebSite\",\"@id\":\"https:\\\/\\\/fjala.info\\\/2009-2015\\\/#website\",\"url\":\"https:\\\/\\\/fjala.info\\\/2009-2015\\\/\",\"name\":\"FjALA e LIR\u00cb - Arkivi\",\"description\":\"Arkivi 2009-2015\",\"publisher\":{\"@id\":\"https:\\\/\\\/fjala.info\\\/2009-2015\\\/#organization\"},\"potentialAction\":[{\"@type\":\"SearchAction\",\"target\":{\"@type\":\"EntryPoint\",\"urlTemplate\":\"https:\\\/\\\/fjala.info\\\/2009-2015\\\/?s={search_term_string}\"},\"query-input\":{\"@type\":\"PropertyValueSpecification\",\"valueRequired\":true,\"valueName\":\"search_term_string\"}}],\"inLanguage\":\"sq-AL\"},{\"@type\":\"Organization\",\"@id\":\"https:\\\/\\\/fjala.info\\\/2009-2015\\\/#organization\",\"name\":\"FjALA e LIR\u00cb - Arkivi\",\"url\":\"https:\\\/\\\/fjala.info\\\/2009-2015\\\/\",\"logo\":{\"@type\":\"ImageObject\",\"inLanguage\":\"sq-AL\",\"@id\":\"https:\\\/\\\/fjala.info\\\/2009-2015\\\/#\\\/schema\\\/logo\\\/image\\\/\",\"url\":\"\",\"contentUrl\":\"\",\"caption\":\"FjALA e LIR\u00cb - Arkivi\"},\"image\":{\"@id\":\"https:\\\/\\\/fjala.info\\\/2009-2015\\\/#\\\/schema\\\/logo\\\/image\\\/\"}},{\"@type\":\"Person\",\"@id\":\"https:\\\/\\\/fjala.info\\\/2009-2015\\\/#\\\/schema\\\/person\\\/3aa1163ef05469c496fc94e77611ada2\",\"name\":\"admin\",\"image\":{\"@type\":\"ImageObject\",\"inLanguage\":\"sq-AL\",\"@id\":\"https:\\\/\\\/fjala.info\\\/2009-2015\\\/wp-content\\\/uploads\\\/2012\\\/02\\\/arben_cokaj-120x150.jpg\",\"url\":\"https:\\\/\\\/fjala.info\\\/2009-2015\\\/wp-content\\\/uploads\\\/2012\\\/02\\\/arben_cokaj-120x150.jpg\",\"contentUrl\":\"https:\\\/\\\/fjala.info\\\/2009-2015\\\/wp-content\\\/uploads\\\/2012\\\/02\\\/arben_cokaj-120x150.jpg\",\"caption\":\"admin\"},\"description\":\"Admin, Fjala e Lir\u00eb\",\"sameAs\":[\"https:\\\/\\\/fjala.info\\\/\"],\"url\":\"https:\\\/\\\/fjala.info\\\/2009-2015\\\/author\\\/admin\\\/\"}]}<\/script>\n<!-- \/ Yoast SEO plugin. -->","yoast_head_json":{"title":"LIB\u00cbR ME VLERA T\u00cb SHUMANSHME, P\u00cbR LEXUES Q\u00cb E DUAN LET\u00cbRSIN\u00cb\u2026 - FjALA e LIR\u00cb - Arkivi","robots":{"index":"index","follow":"follow","max-snippet":"max-snippet:-1","max-image-preview":"max-image-preview:large","max-video-preview":"max-video-preview:-1"},"canonical":"https:\/\/fjala.info\/2009-2015\/liber-me-vlera-te-shumanshme-per-lexues-qe-e-duan-letersine\/","og_locale":"sq_AL","og_type":"article","og_title":"LIB\u00cbR ME VLERA T\u00cb SHUMANSHME, P\u00cbR LEXUES Q\u00cb E DUAN LET\u00cbRSIN\u00cb\u2026 - FjALA e LIR\u00cb - Arkivi","og_description":"Nga: Ibrahim Hajdarmataj, arsimtar e publicist, Zogaj-Tropoj\u00eb Para disa dit\u00ebsh, doli n\u00eb qarkullim libri i ri i arsimtarit, publicistit e studiuesit Sejdo Harka, \u201cModern\u00ebt e koh\u00ebs\u201d. At\u00eb e ka nxjerr\u00eb n\u00eb qarkullim Sht\u00ebpia Botuese \u201cEdlora\u201d, Tiran\u00eb dhe ka redaktor letrar prof.Murat Gecaj. Ky lib\u00ebr p\u00ebrmban analiza p\u00ebr vepra letrare t\u00eb poet\u00ebve e shkrimtarave shqiptar\u00eb, por [&hellip;]","og_url":"https:\/\/fjala.info\/2009-2015\/liber-me-vlera-te-shumanshme-per-lexues-qe-e-duan-letersine\/","og_site_name":"FjALA e LIR\u00cb - Arkivi","article_published_time":"2015-10-02T07:02:09+00:00","og_image":[{"url":"http:\/\/www.fjala.info\/2015\/ibrahim_hajdarmataj.jpg","type":"","width":"","height":""}],"author":"admin","twitter_card":"summary_large_image","twitter_misc":{"Written by":"admin","Est. reading time":"4 minutes"},"schema":{"@context":"https:\/\/schema.org","@graph":[{"@type":"Article","@id":"https:\/\/fjala.info\/2009-2015\/liber-me-vlera-te-shumanshme-per-lexues-qe-e-duan-letersine\/#article","isPartOf":{"@id":"https:\/\/fjala.info\/2009-2015\/liber-me-vlera-te-shumanshme-per-lexues-qe-e-duan-letersine\/"},"author":{"name":"admin","@id":"https:\/\/fjala.info\/2009-2015\/#\/schema\/person\/3aa1163ef05469c496fc94e77611ada2"},"headline":"LIB\u00cbR ME VLERA T\u00cb SHUMANSHME, P\u00cbR LEXUES Q\u00cb E DUAN LET\u00cbRSIN\u00cb\u2026","datePublished":"2015-10-02T07:02:09+00:00","mainEntityOfPage":{"@id":"https:\/\/fjala.info\/2009-2015\/liber-me-vlera-te-shumanshme-per-lexues-qe-e-duan-letersine\/"},"wordCount":832,"commentCount":1,"publisher":{"@id":"https:\/\/fjala.info\/2009-2015\/#organization"},"image":{"@id":"https:\/\/fjala.info\/2009-2015\/liber-me-vlera-te-shumanshme-per-lexues-qe-e-duan-letersine\/#primaryimage"},"thumbnailUrl":"http:\/\/www.fjala.info\/2015\/ibrahim_hajdarmataj.jpg","articleSection":["Artikuj","Let\u00ebrsi"],"inLanguage":"sq-AL","potentialAction":[{"@type":"CommentAction","name":"Comment","target":["https:\/\/fjala.info\/2009-2015\/liber-me-vlera-te-shumanshme-per-lexues-qe-e-duan-letersine\/#respond"]}]},{"@type":"WebPage","@id":"https:\/\/fjala.info\/2009-2015\/liber-me-vlera-te-shumanshme-per-lexues-qe-e-duan-letersine\/","url":"https:\/\/fjala.info\/2009-2015\/liber-me-vlera-te-shumanshme-per-lexues-qe-e-duan-letersine\/","name":"LIB\u00cbR ME VLERA T\u00cb SHUMANSHME, P\u00cbR LEXUES Q\u00cb E DUAN LET\u00cbRSIN\u00cb\u2026 - FjALA e LIR\u00cb - Arkivi","isPartOf":{"@id":"https:\/\/fjala.info\/2009-2015\/#website"},"primaryImageOfPage":{"@id":"https:\/\/fjala.info\/2009-2015\/liber-me-vlera-te-shumanshme-per-lexues-qe-e-duan-letersine\/#primaryimage"},"image":{"@id":"https:\/\/fjala.info\/2009-2015\/liber-me-vlera-te-shumanshme-per-lexues-qe-e-duan-letersine\/#primaryimage"},"thumbnailUrl":"http:\/\/www.fjala.info\/2015\/ibrahim_hajdarmataj.jpg","datePublished":"2015-10-02T07:02:09+00:00","breadcrumb":{"@id":"https:\/\/fjala.info\/2009-2015\/liber-me-vlera-te-shumanshme-per-lexues-qe-e-duan-letersine\/#breadcrumb"},"inLanguage":"sq-AL","potentialAction":[{"@type":"ReadAction","target":["https:\/\/fjala.info\/2009-2015\/liber-me-vlera-te-shumanshme-per-lexues-qe-e-duan-letersine\/"]}]},{"@type":"ImageObject","inLanguage":"sq-AL","@id":"https:\/\/fjala.info\/2009-2015\/liber-me-vlera-te-shumanshme-per-lexues-qe-e-duan-letersine\/#primaryimage","url":"http:\/\/www.fjala.info\/2015\/ibrahim_hajdarmataj.jpg","contentUrl":"http:\/\/www.fjala.info\/2015\/ibrahim_hajdarmataj.jpg"},{"@type":"BreadcrumbList","@id":"https:\/\/fjala.info\/2009-2015\/liber-me-vlera-te-shumanshme-per-lexues-qe-e-duan-letersine\/#breadcrumb","itemListElement":[{"@type":"ListItem","position":1,"name":"Home","item":"https:\/\/fjala.info\/2009-2015\/"},{"@type":"ListItem","position":2,"name":"LIB\u00cbR ME VLERA T\u00cb SHUMANSHME, P\u00cbR LEXUES Q\u00cb E DUAN LET\u00cbRSIN\u00cb\u2026"}]},{"@type":"WebSite","@id":"https:\/\/fjala.info\/2009-2015\/#website","url":"https:\/\/fjala.info\/2009-2015\/","name":"FjALA e LIR\u00cb - Arkivi","description":"Arkivi 2009-2015","publisher":{"@id":"https:\/\/fjala.info\/2009-2015\/#organization"},"potentialAction":[{"@type":"SearchAction","target":{"@type":"EntryPoint","urlTemplate":"https:\/\/fjala.info\/2009-2015\/?s={search_term_string}"},"query-input":{"@type":"PropertyValueSpecification","valueRequired":true,"valueName":"search_term_string"}}],"inLanguage":"sq-AL"},{"@type":"Organization","@id":"https:\/\/fjala.info\/2009-2015\/#organization","name":"FjALA e LIR\u00cb - Arkivi","url":"https:\/\/fjala.info\/2009-2015\/","logo":{"@type":"ImageObject","inLanguage":"sq-AL","@id":"https:\/\/fjala.info\/2009-2015\/#\/schema\/logo\/image\/","url":"","contentUrl":"","caption":"FjALA e LIR\u00cb - Arkivi"},"image":{"@id":"https:\/\/fjala.info\/2009-2015\/#\/schema\/logo\/image\/"}},{"@type":"Person","@id":"https:\/\/fjala.info\/2009-2015\/#\/schema\/person\/3aa1163ef05469c496fc94e77611ada2","name":"admin","image":{"@type":"ImageObject","inLanguage":"sq-AL","@id":"https:\/\/fjala.info\/2009-2015\/wp-content\/uploads\/2012\/02\/arben_cokaj-120x150.jpg","url":"https:\/\/fjala.info\/2009-2015\/wp-content\/uploads\/2012\/02\/arben_cokaj-120x150.jpg","contentUrl":"https:\/\/fjala.info\/2009-2015\/wp-content\/uploads\/2012\/02\/arben_cokaj-120x150.jpg","caption":"admin"},"description":"Admin, Fjala e Lir\u00eb","sameAs":["https:\/\/fjala.info\/"],"url":"https:\/\/fjala.info\/2009-2015\/author\/admin\/"}]}},"_links":{"self":[{"href":"https:\/\/fjala.info\/2009-2015\/wp-json\/wp\/v2\/posts\/14304","targetHints":{"allow":["GET"]}}],"collection":[{"href":"https:\/\/fjala.info\/2009-2015\/wp-json\/wp\/v2\/posts"}],"about":[{"href":"https:\/\/fjala.info\/2009-2015\/wp-json\/wp\/v2\/types\/post"}],"author":[{"embeddable":true,"href":"https:\/\/fjala.info\/2009-2015\/wp-json\/wp\/v2\/users\/1"}],"replies":[{"embeddable":true,"href":"https:\/\/fjala.info\/2009-2015\/wp-json\/wp\/v2\/comments?post=14304"}],"version-history":[{"count":0,"href":"https:\/\/fjala.info\/2009-2015\/wp-json\/wp\/v2\/posts\/14304\/revisions"}],"wp:attachment":[{"href":"https:\/\/fjala.info\/2009-2015\/wp-json\/wp\/v2\/media?parent=14304"}],"wp:term":[{"taxonomy":"category","embeddable":true,"href":"https:\/\/fjala.info\/2009-2015\/wp-json\/wp\/v2\/categories?post=14304"},{"taxonomy":"post_tag","embeddable":true,"href":"https:\/\/fjala.info\/2009-2015\/wp-json\/wp\/v2\/tags?post=14304"}],"curies":[{"name":"wp","href":"https:\/\/api.w.org\/{rel}","templated":true}]}}