{"id":14300,"date":"2015-09-30T09:35:49","date_gmt":"2015-09-30T08:35:49","guid":{"rendered":"http:\/\/www.fjala.info\/?p=4398"},"modified":"2015-09-30T09:35:49","modified_gmt":"2015-09-30T08:35:49","slug":"pse-ngreme-lart-ato-qe-na-ulin-dhe-ulim-ato-qe-na-ngrene-lart","status":"publish","type":"post","link":"https:\/\/fjala.info\/2009-2015\/pse-ngreme-lart-ato-qe-na-ulin-dhe-ulim-ato-qe-na-ngrene-lart\/","title":{"rendered":"Pse ngrem\u00eb lart ato q\u00eb na ulin, dhe ulim ato q\u00eb na ngren\u00eb lart!"},"content":{"rendered":"<p><img decoding=\"async\" class=\"alignright\" title=\"Artan Fuga\" src=\"http:\/\/www.fjala.info\/2015\/artan_fuga1.jpg\" alt=\"\" width=\"300\" \/> Nga <strong>ARTAN FUGA<\/strong>, voal.ch | <em>30 shtator 2015<\/em><\/p>\n<p>Ne e kemi t\u00eb nxir\u00eb imazhin ton\u00eb n\u00eb bot\u00eb. Keq m\u00eb vjen sepse e ndjen gjithandej nga shkon, ta thon\u00eb ose nuk ta thon\u00eb.<\/p>\n<p>Ka dy arsye madhore.<\/p>\n<p><em>E para<\/em>, konjukturale, ne jemi paraqitur si t\u00eb hurit e t\u00eb litarit se e kemi qejf t\u00eb dalim mbi t\u00eb tjer\u00ebt, e kur nuk mundemi p\u00ebr t\u00eb mir\u00eb, e kemi qejf p\u00ebr t\u00eb keq. Prishim shtetin si m\u00eb &#8217;97, ikim me anije nga syt\u00eb k\u00ebmb\u00ebt si m\u00eb \u201991, merremi me trafiqe drogash, l\u00ebre se \u00e7far\u00eb b\u00ebjm\u00eb! Por, edhe kur vjen Papa paraqitemi thjesht e vet\u00ebm si vras\u00ebs prift\u00ebrinjsh, duke ia nxjerr\u00eb ballazi fotot e martir\u00ebve para syve n\u00eb nj\u00eb skenografi apokaliptike, turiz\u00ebm duam t\u00eb b\u00ebjm\u00eb duke u paraqitur si vendi i bunker\u00ebve absurd\u00eb. Ja\u2026<\/p>\n<p><em>E dyta<\/em>, sepse edhe kur vjen puna p\u00ebr traditat tona t\u00eb s\u00eb kaluar\u00ebs nxjerrim ato tradita q\u00eb jan\u00eb vler\u00ebsuar gjat\u00eb koh\u00ebs totalitare, at\u00ebhere kur me an\u00eb t\u00eb tyre justifikohej izolimi. Edhe sot ashtu vazhdojm\u00eb, nd\u00ebrkoh\u00eb duhet shtruar pyetja: V\u00ebrtet\u00eb vet\u00ebm ato tradita jan\u00eb, q\u00eb duhet t\u00eb nxjerrim n\u00eb pah?<\/p>\n<p>Nd\u00ebrkoh\u00eb kemi edhe tradita t\u00eb tjera, q\u00eb jam i bindur se po t\u2019i nxirrnim n\u00eb hap do t\u00eb na jepnin shum\u00eb krah p\u00ebr identitetin ton\u00eb dhe p\u00ebr imazhin ton\u00eb p\u00ebrpara bot\u00ebs.<\/p>\n<p>Mir\u00ebpo shkollar\u00ebt q\u00eb merren me traditat jan\u00eb formuar n\u00eb shkoll\u00ebn e komunizmit dhe nuk kan\u00eb b\u00ebr\u00eb hap m\u00eb tutje p\u00ebr ta revolucionarizuar strategjin\u00eb komb\u00eatare t\u00eb krijimit t\u00eb imazhit t\u00eb kombit. Ose paraqitemi sikur jemi si Zvicra, ose sikur jemi kriminela. Duam ose t\u00eb par\u00ebt ose asgj\u00eb. E kjo na b\u00ebn q\u00eb pik\u00ebrisht ato tradita q\u00eb kemi shum\u00eb t\u00eb vlerta, t\u2019i censurojm\u00eb, t\u00eb kemi frik\u00eb dhe turp p\u00ebr to, sepse edhe popujt e tjer\u00eb na kan\u00eb b\u00ebr\u00eb n\u00eb shekuj t\u00eb kemi turp p\u00ebr an\u00ebt tona t\u00eb mira, pik\u00ebrisht p\u00ebr t\u00eb na ulur e p\u00ebrulur.<\/p>\n<p>\u00c7far\u00eb do t\u00eb thoja un\u00eb na mungon?<\/p>\n<p><em>E para<\/em>, nj\u00eb zinxhir muzesh dhe vlerash muzeale q\u00eb tregojn\u00eb se shqiptari jeton i p\u00ebrhapur n\u00eb t\u00eb gjitha kontinentet. Kemi rr\u00ebnj\u00ebt n\u00eb shtetin komb\u00ebtar, por jemi edhe diasporik\u00eb. Muze p\u00ebr arb\u00ebresh\u00ebt dhe nxjerrje nga hiri e historis\u00eb t\u00eb tyre, p\u00ebr arvanitasit, p\u00ebr gjith\u00eb diasporat shqiptare n\u00eb Ballkan, Europ\u00eb dhe n\u00eb bot\u00eb.<\/p>\n<p>Si nuk b\u00ebn\u00eb \u00e7am\u00ebt nj\u00eb muze p\u00ebr kultur\u00ebn e tyre dhe ta k\u00ebndonin me plot goj\u00ebn se jan\u00eb qytetar\u00eb grek\u00eb q\u00eb kan\u00eb p\u00ebsuar genocid. Jo, ore, heshtje si n\u00eb koh\u00ebrat e vjetra.<\/p>\n<p><em>E dyta<\/em>, qe ilir\u00ebt q\u00eb ne jemi pasardh\u00ebs sigurisht e nuk do as mend as kalem, bashk\u00ebjetonin me romak\u00ebt dhe grek\u00ebt helen\u00eb. Por, n\u00eb vend q\u00eb muzet\u00eb tona t\u00eb tregojn\u00eb kultur\u00ebn ilire, u duket se kan\u00eb turp prej saj, sepse nuk i kishte kolonadat e bot\u00ebs romake dhe greko-helene. Edhe n\u00eb muze po t\u00eb shkosh, t\u00eb premtojn\u00eb bot\u00ebn ilire dhe n\u00eb fakt t\u00eb tregojn\u00eb objekte romak\u00eb ose edhe m\u00eb par\u00eb helen\u00eb. Qeshin turist\u00ebt e huaj\u2026<\/p>\n<p>K\u00ebta nuk e din\u00eb se ilir\u00ebt ishin nga t\u00eb konvertuarit e par\u00eb n\u00eb kristianiz\u00ebm nga Sh\u00ebn Pali dhe nuk guxojn\u00eb t\u00eb ecin n\u00eb k\u00ebt\u00eb drejtim, sepse si dikur n\u00eb moniz\u00ebm feja ishte nj\u00eb gj\u00eb e keqe. K\u00ebta duan Perandorin Kostandin si ilir me origjin\u00eb kur at\u00eb nuk ta njeh njeri, nd\u00ebrsa ilir\u00ebt ishin krishter\u00eb qysh n\u00eb periudh\u00ebn e kristianizmit p\u00ebrpara se Roma ta njihte si fe\u00a0me ligj.<\/p>\n<p><em>S\u00eb treti<\/em>, nj\u00eb muze p\u00ebr Ali Pashan\u00eb, more se sado i eg\u00ebr q\u00eb ishte, nuk matej ajo koh\u00eb me nivelin e but\u00ebsis\u00eb t\u00eb robit. Po t\u00eb ishte p\u00ebr vrasje, gjith\u00eb monumentet e Europ\u00ebs do t\u00eb ishin rr\u00ebzuar, sepse mbret\u00ebrit e tyre nuk lan\u00eb v\u00eblla a nip pa vrar\u00eb. K\u00ebshtu e kishte at\u00ebher\u00eb sundimtaria.<\/p>\n<p><em>S\u00eb kat\u00ebrti<\/em>, p\u00ebr n\u00ebn\u00eb Terez\u00ebn q\u00eb kam frik\u00eb se do ta shtypi makina aty te rrotullamja e Rinasit ku ec\u00ebn rrug\u00ebs si plak\u00eb \u00e7mendanike q\u00eb ka humbur rrug\u00ebn p\u00ebr n\u00eb sht\u00ebpi.<\/p>\n<p><em>S\u00eb pesti<\/em>, \u00ebsht\u00eb zhytur n\u00eb dh\u00e9 kultura e Kanunit sepse gjoja ajo frym\u00ebzon sot ngujimin e f\u00ebmij\u00ebve. Harrohet se ajo \u00ebsht\u00eb nj\u00eb t\u00ebr\u00ebsi normash q\u00eb n\u00eb Mesjet\u00eb i kishim aq aq t\u00eb zhvilluara as popujt gjermanik\u00eb e anglosakson\u00eb nuk i kishin. Kurse ne i zhysim n\u00eb balt\u00eb. A thua se vet\u00ebgjyq\u00ebsia n\u00eb at\u00eb koh\u00eb nuk ishte rregull. \u00c7far\u00eb ishin dyluftimet me shpata t\u00eb fisnik\u00ebve!!! Nuk ishin vet\u00ebgjyq\u00ebsi n\u00eb mes pallateve europian\u00eb t\u00eb mbret\u00ebrve!!!<\/p>\n<p>Mos e zgjas, ne jemi b\u00ebr\u00eb kontrapedal\u00eb, jemi mazokista, ngrejm\u00eb lart ato q\u00eb bota na p\u00ebrbuz, bunkera, vrasje prift\u00ebrinjsh, shkat\u00ebrrime minaresh a kishash, dhe fshehim ato q\u00eb do t\u00eb na nderonin sikurse p\u00ebrmenda por edhe t\u00eb tjera.<\/p>\n<p>Ne kemi shum\u00eb se \u00e7far\u00eb t\u00eb tregojm\u00eb, por i kemi zhytur n\u00eb dh\u00e9, dhe tregojm\u00ea ato q\u00eb b\u00ebjn\u00eb t\u00eb qeshin turist\u00ebt me naivitetin ton\u00eb, kur u tregojm\u00eb ndonj\u00eb kish\u00eb q\u00eb p\u00ebr ta nuk \u00ebsht\u00eb m\u00eb shum\u00eb se nj\u00eb kish\u00eb katundi n\u00eb vendin e tyre.<\/p>\n<p>K\u00ebtu duhen nxjerr\u00eb vlerat, sepse censura ideologjike dhe amnezia nevrotike i kan\u00eb l\u00ebn\u00eb n\u00eb harres\u00eb.<\/p>\n<blockquote><p><strong>Sh\u00ebnim<\/strong>: Bravo Artan! <em>A\u00c7<\/em><\/p><\/blockquote>\n","protected":false},"excerpt":{"rendered":"<p>Nga ARTAN FUGA, voal.ch | 30 shtator 2015 Ne e kemi t\u00eb nxir\u00eb imazhin ton\u00eb n\u00eb bot\u00eb. Keq m\u00eb vjen sepse e ndjen gjithandej nga shkon, ta thon\u00eb ose nuk ta thon\u00eb. Ka dy arsye madhore. E para, konjukturale, ne jemi paraqitur si t\u00eb hurit e t\u00eb litarit se e kemi qejf t\u00eb dalim mbi [&hellip;]<\/p>\n","protected":false},"author":1,"featured_media":0,"comment_status":"open","ping_status":"closed","sticky":false,"template":"","format":"standard","meta":{"footnotes":""},"categories":[2],"tags":[],"class_list":{"0":"post-14300","1":"post","2":"type-post","3":"status-publish","4":"format-standard","6":"category-artikuj"},"yoast_head":"<!-- This site is optimized with the Yoast SEO plugin v27.4 - https:\/\/yoast.com\/product\/yoast-seo-wordpress\/ -->\n<title>Pse ngrem\u00eb lart ato q\u00eb na ulin, dhe ulim ato q\u00eb na ngren\u00eb lart! - FjALA e LIR\u00cb - Arkivi<\/title>\n<meta name=\"robots\" content=\"index, follow, max-snippet:-1, max-image-preview:large, max-video-preview:-1\" \/>\n<link rel=\"canonical\" href=\"https:\/\/fjala.info\/2009-2015\/pse-ngreme-lart-ato-qe-na-ulin-dhe-ulim-ato-qe-na-ngrene-lart\/\" \/>\n<meta property=\"og:locale\" content=\"sq_AL\" \/>\n<meta property=\"og:type\" content=\"article\" \/>\n<meta property=\"og:title\" content=\"Pse ngrem\u00eb lart ato q\u00eb na ulin, dhe ulim ato q\u00eb na ngren\u00eb lart! - FjALA e LIR\u00cb - Arkivi\" \/>\n<meta property=\"og:description\" content=\"Nga ARTAN FUGA, voal.ch | 30 shtator 2015 Ne e kemi t\u00eb nxir\u00eb imazhin ton\u00eb n\u00eb bot\u00eb. Keq m\u00eb vjen sepse e ndjen gjithandej nga shkon, ta thon\u00eb ose nuk ta thon\u00eb. Ka dy arsye madhore. E para, konjukturale, ne jemi paraqitur si t\u00eb hurit e t\u00eb litarit se e kemi qejf t\u00eb dalim mbi [&hellip;]\" \/>\n<meta property=\"og:url\" content=\"https:\/\/fjala.info\/2009-2015\/pse-ngreme-lart-ato-qe-na-ulin-dhe-ulim-ato-qe-na-ngrene-lart\/\" \/>\n<meta property=\"og:site_name\" content=\"FjALA e LIR\u00cb - Arkivi\" \/>\n<meta property=\"article:published_time\" content=\"2015-09-30T08:35:49+00:00\" \/>\n<meta property=\"og:image\" content=\"http:\/\/www.fjala.info\/2015\/artan_fuga1.jpg\" \/>\n<meta name=\"author\" content=\"admin\" \/>\n<meta name=\"twitter:card\" content=\"summary_large_image\" \/>\n<meta name=\"twitter:label1\" content=\"Written by\" \/>\n\t<meta name=\"twitter:data1\" content=\"admin\" \/>\n\t<meta name=\"twitter:label2\" content=\"Est. reading time\" \/>\n\t<meta name=\"twitter:data2\" content=\"5 minutes\" \/>\n<script type=\"application\/ld+json\" class=\"yoast-schema-graph\">{\"@context\":\"https:\\\/\\\/schema.org\",\"@graph\":[{\"@type\":\"Article\",\"@id\":\"https:\\\/\\\/fjala.info\\\/2009-2015\\\/pse-ngreme-lart-ato-qe-na-ulin-dhe-ulim-ato-qe-na-ngrene-lart\\\/#article\",\"isPartOf\":{\"@id\":\"https:\\\/\\\/fjala.info\\\/2009-2015\\\/pse-ngreme-lart-ato-qe-na-ulin-dhe-ulim-ato-qe-na-ngrene-lart\\\/\"},\"author\":{\"name\":\"admin\",\"@id\":\"https:\\\/\\\/fjala.info\\\/2009-2015\\\/#\\\/schema\\\/person\\\/3aa1163ef05469c496fc94e77611ada2\"},\"headline\":\"Pse ngrem\u00eb lart ato q\u00eb na ulin, dhe ulim ato q\u00eb na ngren\u00eb lart!\",\"datePublished\":\"2015-09-30T08:35:49+00:00\",\"mainEntityOfPage\":{\"@id\":\"https:\\\/\\\/fjala.info\\\/2009-2015\\\/pse-ngreme-lart-ato-qe-na-ulin-dhe-ulim-ato-qe-na-ngrene-lart\\\/\"},\"wordCount\":926,\"commentCount\":0,\"publisher\":{\"@id\":\"https:\\\/\\\/fjala.info\\\/2009-2015\\\/#organization\"},\"image\":{\"@id\":\"https:\\\/\\\/fjala.info\\\/2009-2015\\\/pse-ngreme-lart-ato-qe-na-ulin-dhe-ulim-ato-qe-na-ngrene-lart\\\/#primaryimage\"},\"thumbnailUrl\":\"http:\\\/\\\/www.fjala.info\\\/2015\\\/artan_fuga1.jpg\",\"articleSection\":[\"Artikuj\"],\"inLanguage\":\"sq-AL\",\"potentialAction\":[{\"@type\":\"CommentAction\",\"name\":\"Comment\",\"target\":[\"https:\\\/\\\/fjala.info\\\/2009-2015\\\/pse-ngreme-lart-ato-qe-na-ulin-dhe-ulim-ato-qe-na-ngrene-lart\\\/#respond\"]}]},{\"@type\":\"WebPage\",\"@id\":\"https:\\\/\\\/fjala.info\\\/2009-2015\\\/pse-ngreme-lart-ato-qe-na-ulin-dhe-ulim-ato-qe-na-ngrene-lart\\\/\",\"url\":\"https:\\\/\\\/fjala.info\\\/2009-2015\\\/pse-ngreme-lart-ato-qe-na-ulin-dhe-ulim-ato-qe-na-ngrene-lart\\\/\",\"name\":\"Pse ngrem\u00eb lart ato q\u00eb na ulin, dhe ulim ato q\u00eb na ngren\u00eb lart! - FjALA e LIR\u00cb - Arkivi\",\"isPartOf\":{\"@id\":\"https:\\\/\\\/fjala.info\\\/2009-2015\\\/#website\"},\"primaryImageOfPage\":{\"@id\":\"https:\\\/\\\/fjala.info\\\/2009-2015\\\/pse-ngreme-lart-ato-qe-na-ulin-dhe-ulim-ato-qe-na-ngrene-lart\\\/#primaryimage\"},\"image\":{\"@id\":\"https:\\\/\\\/fjala.info\\\/2009-2015\\\/pse-ngreme-lart-ato-qe-na-ulin-dhe-ulim-ato-qe-na-ngrene-lart\\\/#primaryimage\"},\"thumbnailUrl\":\"http:\\\/\\\/www.fjala.info\\\/2015\\\/artan_fuga1.jpg\",\"datePublished\":\"2015-09-30T08:35:49+00:00\",\"breadcrumb\":{\"@id\":\"https:\\\/\\\/fjala.info\\\/2009-2015\\\/pse-ngreme-lart-ato-qe-na-ulin-dhe-ulim-ato-qe-na-ngrene-lart\\\/#breadcrumb\"},\"inLanguage\":\"sq-AL\",\"potentialAction\":[{\"@type\":\"ReadAction\",\"target\":[\"https:\\\/\\\/fjala.info\\\/2009-2015\\\/pse-ngreme-lart-ato-qe-na-ulin-dhe-ulim-ato-qe-na-ngrene-lart\\\/\"]}]},{\"@type\":\"ImageObject\",\"inLanguage\":\"sq-AL\",\"@id\":\"https:\\\/\\\/fjala.info\\\/2009-2015\\\/pse-ngreme-lart-ato-qe-na-ulin-dhe-ulim-ato-qe-na-ngrene-lart\\\/#primaryimage\",\"url\":\"http:\\\/\\\/www.fjala.info\\\/2015\\\/artan_fuga1.jpg\",\"contentUrl\":\"http:\\\/\\\/www.fjala.info\\\/2015\\\/artan_fuga1.jpg\"},{\"@type\":\"BreadcrumbList\",\"@id\":\"https:\\\/\\\/fjala.info\\\/2009-2015\\\/pse-ngreme-lart-ato-qe-na-ulin-dhe-ulim-ato-qe-na-ngrene-lart\\\/#breadcrumb\",\"itemListElement\":[{\"@type\":\"ListItem\",\"position\":1,\"name\":\"Home\",\"item\":\"https:\\\/\\\/fjala.info\\\/2009-2015\\\/\"},{\"@type\":\"ListItem\",\"position\":2,\"name\":\"Pse ngrem\u00eb lart ato q\u00eb na ulin, dhe ulim ato q\u00eb na ngren\u00eb lart!\"}]},{\"@type\":\"WebSite\",\"@id\":\"https:\\\/\\\/fjala.info\\\/2009-2015\\\/#website\",\"url\":\"https:\\\/\\\/fjala.info\\\/2009-2015\\\/\",\"name\":\"FjALA e LIR\u00cb - Arkivi\",\"description\":\"Arkivi 2009-2015\",\"publisher\":{\"@id\":\"https:\\\/\\\/fjala.info\\\/2009-2015\\\/#organization\"},\"potentialAction\":[{\"@type\":\"SearchAction\",\"target\":{\"@type\":\"EntryPoint\",\"urlTemplate\":\"https:\\\/\\\/fjala.info\\\/2009-2015\\\/?s={search_term_string}\"},\"query-input\":{\"@type\":\"PropertyValueSpecification\",\"valueRequired\":true,\"valueName\":\"search_term_string\"}}],\"inLanguage\":\"sq-AL\"},{\"@type\":\"Organization\",\"@id\":\"https:\\\/\\\/fjala.info\\\/2009-2015\\\/#organization\",\"name\":\"FjALA e LIR\u00cb - Arkivi\",\"url\":\"https:\\\/\\\/fjala.info\\\/2009-2015\\\/\",\"logo\":{\"@type\":\"ImageObject\",\"inLanguage\":\"sq-AL\",\"@id\":\"https:\\\/\\\/fjala.info\\\/2009-2015\\\/#\\\/schema\\\/logo\\\/image\\\/\",\"url\":\"\",\"contentUrl\":\"\",\"caption\":\"FjALA e LIR\u00cb - Arkivi\"},\"image\":{\"@id\":\"https:\\\/\\\/fjala.info\\\/2009-2015\\\/#\\\/schema\\\/logo\\\/image\\\/\"}},{\"@type\":\"Person\",\"@id\":\"https:\\\/\\\/fjala.info\\\/2009-2015\\\/#\\\/schema\\\/person\\\/3aa1163ef05469c496fc94e77611ada2\",\"name\":\"admin\",\"image\":{\"@type\":\"ImageObject\",\"inLanguage\":\"sq-AL\",\"@id\":\"https:\\\/\\\/fjala.info\\\/2009-2015\\\/wp-content\\\/uploads\\\/2012\\\/02\\\/arben_cokaj-120x150.jpg\",\"url\":\"https:\\\/\\\/fjala.info\\\/2009-2015\\\/wp-content\\\/uploads\\\/2012\\\/02\\\/arben_cokaj-120x150.jpg\",\"contentUrl\":\"https:\\\/\\\/fjala.info\\\/2009-2015\\\/wp-content\\\/uploads\\\/2012\\\/02\\\/arben_cokaj-120x150.jpg\",\"caption\":\"admin\"},\"description\":\"Admin, Fjala e Lir\u00eb\",\"sameAs\":[\"https:\\\/\\\/fjala.info\\\/\"],\"url\":\"https:\\\/\\\/fjala.info\\\/2009-2015\\\/author\\\/admin\\\/\"}]}<\/script>\n<!-- \/ Yoast SEO plugin. -->","yoast_head_json":{"title":"Pse ngrem\u00eb lart ato q\u00eb na ulin, dhe ulim ato q\u00eb na ngren\u00eb lart! - FjALA e LIR\u00cb - Arkivi","robots":{"index":"index","follow":"follow","max-snippet":"max-snippet:-1","max-image-preview":"max-image-preview:large","max-video-preview":"max-video-preview:-1"},"canonical":"https:\/\/fjala.info\/2009-2015\/pse-ngreme-lart-ato-qe-na-ulin-dhe-ulim-ato-qe-na-ngrene-lart\/","og_locale":"sq_AL","og_type":"article","og_title":"Pse ngrem\u00eb lart ato q\u00eb na ulin, dhe ulim ato q\u00eb na ngren\u00eb lart! - FjALA e LIR\u00cb - Arkivi","og_description":"Nga ARTAN FUGA, voal.ch | 30 shtator 2015 Ne e kemi t\u00eb nxir\u00eb imazhin ton\u00eb n\u00eb bot\u00eb. Keq m\u00eb vjen sepse e ndjen gjithandej nga shkon, ta thon\u00eb ose nuk ta thon\u00eb. Ka dy arsye madhore. E para, konjukturale, ne jemi paraqitur si t\u00eb hurit e t\u00eb litarit se e kemi qejf t\u00eb dalim mbi [&hellip;]","og_url":"https:\/\/fjala.info\/2009-2015\/pse-ngreme-lart-ato-qe-na-ulin-dhe-ulim-ato-qe-na-ngrene-lart\/","og_site_name":"FjALA e LIR\u00cb - Arkivi","article_published_time":"2015-09-30T08:35:49+00:00","og_image":[{"url":"http:\/\/www.fjala.info\/2015\/artan_fuga1.jpg","type":"","width":"","height":""}],"author":"admin","twitter_card":"summary_large_image","twitter_misc":{"Written by":"admin","Est. reading time":"5 minutes"},"schema":{"@context":"https:\/\/schema.org","@graph":[{"@type":"Article","@id":"https:\/\/fjala.info\/2009-2015\/pse-ngreme-lart-ato-qe-na-ulin-dhe-ulim-ato-qe-na-ngrene-lart\/#article","isPartOf":{"@id":"https:\/\/fjala.info\/2009-2015\/pse-ngreme-lart-ato-qe-na-ulin-dhe-ulim-ato-qe-na-ngrene-lart\/"},"author":{"name":"admin","@id":"https:\/\/fjala.info\/2009-2015\/#\/schema\/person\/3aa1163ef05469c496fc94e77611ada2"},"headline":"Pse ngrem\u00eb lart ato q\u00eb na ulin, dhe ulim ato q\u00eb na ngren\u00eb lart!","datePublished":"2015-09-30T08:35:49+00:00","mainEntityOfPage":{"@id":"https:\/\/fjala.info\/2009-2015\/pse-ngreme-lart-ato-qe-na-ulin-dhe-ulim-ato-qe-na-ngrene-lart\/"},"wordCount":926,"commentCount":0,"publisher":{"@id":"https:\/\/fjala.info\/2009-2015\/#organization"},"image":{"@id":"https:\/\/fjala.info\/2009-2015\/pse-ngreme-lart-ato-qe-na-ulin-dhe-ulim-ato-qe-na-ngrene-lart\/#primaryimage"},"thumbnailUrl":"http:\/\/www.fjala.info\/2015\/artan_fuga1.jpg","articleSection":["Artikuj"],"inLanguage":"sq-AL","potentialAction":[{"@type":"CommentAction","name":"Comment","target":["https:\/\/fjala.info\/2009-2015\/pse-ngreme-lart-ato-qe-na-ulin-dhe-ulim-ato-qe-na-ngrene-lart\/#respond"]}]},{"@type":"WebPage","@id":"https:\/\/fjala.info\/2009-2015\/pse-ngreme-lart-ato-qe-na-ulin-dhe-ulim-ato-qe-na-ngrene-lart\/","url":"https:\/\/fjala.info\/2009-2015\/pse-ngreme-lart-ato-qe-na-ulin-dhe-ulim-ato-qe-na-ngrene-lart\/","name":"Pse ngrem\u00eb lart ato q\u00eb na ulin, dhe ulim ato q\u00eb na ngren\u00eb lart! - FjALA e LIR\u00cb - Arkivi","isPartOf":{"@id":"https:\/\/fjala.info\/2009-2015\/#website"},"primaryImageOfPage":{"@id":"https:\/\/fjala.info\/2009-2015\/pse-ngreme-lart-ato-qe-na-ulin-dhe-ulim-ato-qe-na-ngrene-lart\/#primaryimage"},"image":{"@id":"https:\/\/fjala.info\/2009-2015\/pse-ngreme-lart-ato-qe-na-ulin-dhe-ulim-ato-qe-na-ngrene-lart\/#primaryimage"},"thumbnailUrl":"http:\/\/www.fjala.info\/2015\/artan_fuga1.jpg","datePublished":"2015-09-30T08:35:49+00:00","breadcrumb":{"@id":"https:\/\/fjala.info\/2009-2015\/pse-ngreme-lart-ato-qe-na-ulin-dhe-ulim-ato-qe-na-ngrene-lart\/#breadcrumb"},"inLanguage":"sq-AL","potentialAction":[{"@type":"ReadAction","target":["https:\/\/fjala.info\/2009-2015\/pse-ngreme-lart-ato-qe-na-ulin-dhe-ulim-ato-qe-na-ngrene-lart\/"]}]},{"@type":"ImageObject","inLanguage":"sq-AL","@id":"https:\/\/fjala.info\/2009-2015\/pse-ngreme-lart-ato-qe-na-ulin-dhe-ulim-ato-qe-na-ngrene-lart\/#primaryimage","url":"http:\/\/www.fjala.info\/2015\/artan_fuga1.jpg","contentUrl":"http:\/\/www.fjala.info\/2015\/artan_fuga1.jpg"},{"@type":"BreadcrumbList","@id":"https:\/\/fjala.info\/2009-2015\/pse-ngreme-lart-ato-qe-na-ulin-dhe-ulim-ato-qe-na-ngrene-lart\/#breadcrumb","itemListElement":[{"@type":"ListItem","position":1,"name":"Home","item":"https:\/\/fjala.info\/2009-2015\/"},{"@type":"ListItem","position":2,"name":"Pse ngrem\u00eb lart ato q\u00eb na ulin, dhe ulim ato q\u00eb na ngren\u00eb lart!"}]},{"@type":"WebSite","@id":"https:\/\/fjala.info\/2009-2015\/#website","url":"https:\/\/fjala.info\/2009-2015\/","name":"FjALA e LIR\u00cb - Arkivi","description":"Arkivi 2009-2015","publisher":{"@id":"https:\/\/fjala.info\/2009-2015\/#organization"},"potentialAction":[{"@type":"SearchAction","target":{"@type":"EntryPoint","urlTemplate":"https:\/\/fjala.info\/2009-2015\/?s={search_term_string}"},"query-input":{"@type":"PropertyValueSpecification","valueRequired":true,"valueName":"search_term_string"}}],"inLanguage":"sq-AL"},{"@type":"Organization","@id":"https:\/\/fjala.info\/2009-2015\/#organization","name":"FjALA e LIR\u00cb - Arkivi","url":"https:\/\/fjala.info\/2009-2015\/","logo":{"@type":"ImageObject","inLanguage":"sq-AL","@id":"https:\/\/fjala.info\/2009-2015\/#\/schema\/logo\/image\/","url":"","contentUrl":"","caption":"FjALA e LIR\u00cb - Arkivi"},"image":{"@id":"https:\/\/fjala.info\/2009-2015\/#\/schema\/logo\/image\/"}},{"@type":"Person","@id":"https:\/\/fjala.info\/2009-2015\/#\/schema\/person\/3aa1163ef05469c496fc94e77611ada2","name":"admin","image":{"@type":"ImageObject","inLanguage":"sq-AL","@id":"https:\/\/fjala.info\/2009-2015\/wp-content\/uploads\/2012\/02\/arben_cokaj-120x150.jpg","url":"https:\/\/fjala.info\/2009-2015\/wp-content\/uploads\/2012\/02\/arben_cokaj-120x150.jpg","contentUrl":"https:\/\/fjala.info\/2009-2015\/wp-content\/uploads\/2012\/02\/arben_cokaj-120x150.jpg","caption":"admin"},"description":"Admin, Fjala e Lir\u00eb","sameAs":["https:\/\/fjala.info\/"],"url":"https:\/\/fjala.info\/2009-2015\/author\/admin\/"}]}},"_links":{"self":[{"href":"https:\/\/fjala.info\/2009-2015\/wp-json\/wp\/v2\/posts\/14300","targetHints":{"allow":["GET"]}}],"collection":[{"href":"https:\/\/fjala.info\/2009-2015\/wp-json\/wp\/v2\/posts"}],"about":[{"href":"https:\/\/fjala.info\/2009-2015\/wp-json\/wp\/v2\/types\/post"}],"author":[{"embeddable":true,"href":"https:\/\/fjala.info\/2009-2015\/wp-json\/wp\/v2\/users\/1"}],"replies":[{"embeddable":true,"href":"https:\/\/fjala.info\/2009-2015\/wp-json\/wp\/v2\/comments?post=14300"}],"version-history":[{"count":0,"href":"https:\/\/fjala.info\/2009-2015\/wp-json\/wp\/v2\/posts\/14300\/revisions"}],"wp:attachment":[{"href":"https:\/\/fjala.info\/2009-2015\/wp-json\/wp\/v2\/media?parent=14300"}],"wp:term":[{"taxonomy":"category","embeddable":true,"href":"https:\/\/fjala.info\/2009-2015\/wp-json\/wp\/v2\/categories?post=14300"},{"taxonomy":"post_tag","embeddable":true,"href":"https:\/\/fjala.info\/2009-2015\/wp-json\/wp\/v2\/tags?post=14300"}],"curies":[{"name":"wp","href":"https:\/\/api.w.org\/{rel}","templated":true}]}}