{"id":14260,"date":"2015-09-10T15:03:53","date_gmt":"2015-09-10T14:03:53","guid":{"rendered":"http:\/\/www.fjala.info\/?p=4249"},"modified":"2015-09-10T15:03:53","modified_gmt":"2015-09-10T14:03:53","slug":"ne-pritje-te-kryeministrit-edvin-rama","status":"publish","type":"post","link":"https:\/\/fjala.info\/2009-2015\/ne-pritje-te-kryeministrit-edvin-rama\/","title":{"rendered":"N\u00eb pritje t\u00eb kryeministrit Edvin Rama"},"content":{"rendered":"<p><img decoding=\"async\" class=\"alignright\" title=\"Sami Repishti\" src=\"http:\/\/www.fjala.info\/2015\/sami_repishti.jpg\" alt=\"\" width=\"300\" \/> <strong>V\u00ebshtrim dhe parashikim<\/strong><em> \u2013 E shkruar m\u00eb 9 shtator 2013 \u2013 Nga <strong>Sami Repishti<\/strong><\/em><\/p>\n<p>Ky opinion n\u00eb form\u00ebn e nj\u00eb letre \u00ebsht\u00eb shkruar nga Prof.Dr.Sami Repishti plot dy vjet m\u00eb par\u00eb, ku Profesor Repishti parasheh v\u00ebshtir\u00ebsit\u00eb q\u00eb i duhej t\u00eb tejkalonte kryeministri. P\u00ebr t\u00eb par\u00eb se ku ka arritur, ky opinion ia vlen shum\u00eb q\u00eb ta rilexojm\u00eb t\u00eb gjith\u00eb, p\u00ebrfshi edhe kryeministrin e Shqip\u00ebris\u00eb.<\/p>\n<p>I nderuem zotni Kryeminist\u00ebr,<br \/>\nMjetet shqiptare t\u00eb informimit njoftojn\u00eb marrjen p\u00ebr s\u00eb shpejti n\u00eb dor\u00ebzim nga ju, t\u00eb detyr\u00ebs s\u00eb Kryeministrit t\u00eb Republik\u00ebs s\u00eb Shqip\u00ebris\u00eb. Urime p\u00ebr nji fillim t\u00eb mir\u00eb e pun\u00eb t\u00eb mbar\u00eb gjat\u00eb k\u00ebtij mandati kat\u00ebrvje\u00e7ar. Detyra e re ju asht\u00eb besue nga vota e \u201csovranit\u201d dhe verdikti i tij n\u00eb zgjedhjet e 23 qershorit 2013. Ky verdikt u pranue edhe nga pala \u201chumb\u00ebse\u201d. Pranimi eliminoi konfuzionin e mundsh\u00ebm dhe leht\u00ebsoi ardhjen tuej n\u00eb postin e Kryeministrit, si dhe t\u00eb Aleanc\u00ebs p\u00ebr Shqip\u00ebrin\u00eb Europiane, q\u00eb ju drejtoni, n\u00eb rolin e partis\u00eb n\u00eb pushtet, me t\u00eb gjitha prerogativat q\u00eb njihen me ligje dhe p\u00ebrgjegj\u00ebsin\u00eb q\u00eb imponon detyra e re. P\u00ebr ma tep\u00ebr, fitorja e bindshme elektorale ju jep mund\u00ebsin\u00eb p\u00ebr vendime t\u00eb rand\u00ebsishme, dhe reforma thelb\u00ebsore q\u00eb siguron shumica pothuejse absolute e Kuvendit t\u00eb posaformuem. Votueset ushqejn\u00eb shpres\u00ebn se mir\u00ebbesimi i investuem n\u00eb ju do t\u00eb jap\u00eb frytet e d\u00ebshirueme dhe q\u00eb \u201cfitorja e shumic\u00ebs\u201d t\u00eb mos degjeneroj\u00eb n\u00eb \u201ctirani t\u00eb shumic\u00ebs\u201d.Votimet e cil\u00ebsueme si \u201cm\u00eb t\u00eb mirat\u201d n\u00eb Shqip\u00ebri k\u00ebto 23 vitet e fundit nuk kan\u00eb qen\u00eb perfekte, ashtu si\u00e7 nuk jemi edhe na perfekt\u00eb. N\u00eb fakt, ka aspekte shqet\u00ebsuese n\u00eb k\u00ebt\u00eb mes q\u00eb kan\u00eb krijue \u201cdyshime\u201d te qytetar\u00ebt shqiptar\u00eb\u2026 pa harrue se gjysma e popullsis\u00eb nuk votoi fare!<\/p>\n<p>Fakti se ASHE asht\u00eb nji konglomerat prej ma shum\u00eb se 36 partish politike, nuk frym\u00ebzon besim n\u00eb kohezionin politik dhe koherenc\u00eb n\u00eb veprimtarin\u00eb e saj. N\u00eb mesin e tyne, ka t\u00eb pakt\u00ebn 5 parti liliputiane q\u00eb k\u00ebrkojn\u00eb ringjalljen e \u201cparrizit komunist\u201d n\u00eb vendin ton\u00eb. P\u00ebr ju, si veprimtar antikomunist gjat\u00eb viteve t\u00eb transformimeve t\u00eb m\u00ebdha, kjo don t\u00eb thot\u00eb p\u00ebrs\u00ebritje e \u201c\u2026G\u00ebnjeshtr\u00ebs s\u00eb Madhe (q\u00eb) vriste, mbyste, izolonte, e d\u00ebrrmonte, deri n\u00eb cepin m\u00eb t\u00eb skajsh\u00ebm t\u00eb mendjes, \u00e7do t\u00eb v\u00ebrtet\u00eb t\u00eb lir\u00eb t\u00eb njeriut\u201d! (Citat nga Kurban) Don t\u00eb thot\u00eb p\u00ebrs\u00ebritje e koh\u00ebs kur njeriu p\u00ebrdorej si kafsh\u00eb pune! (Motra ime 14-vje\u00e7are, e ndjera Hadie, t\u00ebrhiqte si kafsh\u00eb karroc\u00ebn e buk\u00ebs p\u00ebr polic\u00eb n\u00eb kampin Veliqot t\u00eb Tepelen\u00ebs!\u2026)<\/p>\n<p>Ky d\u00ebnim pa kompromis i s\u00eb \u201ckeqes komuniste\u201d nga ju asht\u00eb n\u00eb vij\u00eb me k\u00ebrkesat e jueja fillestare \u201c\u2026n\u00eb ujdi me koh\u00ebn, si antikomunist\u201d, i revoltuem nga pamja e atyre q\u00eb \u201c\u2026agu i dit\u00ebs i gjente n\u00eb radh\u00ebt e qumshtit, e vet\u00ebm mbr\u00ebmja i siellte n\u00eb sht\u00ebpi\u2026 pas pun\u00ebs pa orar\u2026\u201d; i revoltuem kund\u00ebr nji sistemi totalitar q\u00eb nuk deshi t\u00eb dinte \u201c\u2026se si po kalbet shoq\u00ebria, as se si po rriten dhe edukohen m\u00eb te vegjlit e Shqip\u00ebris\u00eb n\u00eb kalb\u00ebzimin e saj \u00e7orodit\u00ebs\u201d. Sot, k\u00ebto \u201celemente\u201d jan\u00eb aleat\u00ebt e juej!<\/p>\n<p>ASHE q\u00eb ju drejtoni, arriti nji fitore t\u00eb papritun edhe p\u00ebr arsye t\u00eb koalicionit me LSI, q\u00eb para dy vitesh ishte nji grumullim \u201c\u2026kriminel\u00ebsh t\u00eb rangut m\u00eb t\u00eb par\u00eb, e rruga\u00e7\u00ebsh t\u00eb or\u00ebs m\u00eb t\u00eb fundit; me para, me ofiqe e ndere materialisht t\u00eb prekshme n\u00eb radh\u00eb t\u00eb par\u00eb\u2026\u201d. T\u00eb udh\u00ebhequn nga kush? Nga Z. Ilir Meta, \u201c\u2026.i cili ktheu partine e tij\u2026 n\u00eb pateric\u00ebn jetike t\u00eb pushtetit m\u00eb t\u00eb korruptuar n\u00eb historin\u00eb shqiptare; \u2026mjeshtri i lindur q\u00eb grumbulloi n\u00eb rrug\u00ebtimin e tij\u2026<\/p>\n<p>kriminele e rruga\u00e7e\u201d. Ju e njihni z. Meta p\u00ebr \u201c\u2026paq\u00ebndrueshm\u00ebrin\u00eb e tij, paranoj\u00ebn e tij se \u00e7do njeri q\u00eb ka pran\u00eb, k\u00ebrkon t\u2019ia hjedh\u00eb (me)\u2026shpur\u00ebn e pandar\u00eb t\u00eb servil\u00ebve t\u00eb tij, injorante deri n\u00eb dhembje e dallkauke deri n\u00eb bezdi, me t\u00eb cil\u00ebt \u00ebsht\u00eb rrethuar tradicionalisht\u2026\u201d Sot, kjo \u201cshpur\u00eb\u201d jan\u00eb ministrat e qeverise suej! Dhe, z. Ilir Meta, q\u00eb nuk len gjak pa marr\u00eb, u p\u00ebrgjegj: \u201cRama \u00ebsht\u00eb i kapur nga krimi i organizuar\u2026 nj\u00eb kryebandit me bllok korrupsioni n\u00eb dor\u00eb!\u201d Ju kryeminist\u00ebr e ai do t\u00eb jet\u00eb \u201cspeaker\u201d i Kuvendit t\u00eb ri! \u00c7do mendje normale, \u00e7do nd\u00ebrgjegje e past\u00ebr, revoltohet, n\u00eb shikimin e par\u00eb!\u2026<\/p>\n<p>Por do t\u00eb ishte gabim adoleshence sikur t\u00eb dhanat e masip\u00ebrme t\u00eb \u201cd\u00ebnojn\u00eb\u201d apriori qeverin\u00eb dhe udh\u00ebheqjen tuej. Un\u00eb nuk ia lejoj vetes!<\/p>\n<p>* * *<\/p>\n<p>K\u00ebto kohet e fundit, kam lexue me interesim narrativ\u00ebn tuej introspektive \u201cKurban\u201d, \u201c\u2026nji rr\u00ebfim i lir\u00eb\u2026 fund e krye subjektiv\u201d. Me nji fjal\u00eb, me zem\u00ebr t\u00eb hapun, nji q\u00ebndrim q\u00eb ju jep\u2026 lumturin\u00eb e t\u00eb qenit dometh\u00ebn\u00ebs n\u00eb histori\u2026 dhe d\u00ebshir\u00ebn e sinqert\u00eb \u201c\u2026p\u00ebr t\u00eb l\u00ebn\u00eb nj\u00eb gjurm\u00eb autentike n\u00eb k\u00ebt\u00eb moment dramatik\u201d. Me nji \u201c\u2026hyrje t\u00eb papritur, por i vendosur, pothuejse fanatik: \u2018O k\u00ebshtu ose krejt ndryshe!\u2019\u201d ju jepni p\u00ebrshtypjen e hymjes n\u00eb \u201caventur\u00eb\u201d (n\u00eb kuptimin pozitiv t\u00eb fjal\u00ebs!) t\u00eb p\u00ebr\u00e7mimit t\u00eb rrezikut dhe t\u00eb vdekjes q\u00eb, jo se e k\u00ebrkoni at\u00eb, por e d\u00ebshironi me jetue k\u00ebt\u00eb jet\u00eb sa ma intensivisht. Nji ve\u00e7ori kjo e shum\u00eb intelektual\u00ebve europiane! Ju p\u00ebrqafuet \u201caksionin\u201d si mjet i domosdosh\u00ebm me k\u00ebnaq\u00eb nevoj\u00ebn tuej t\u00eb mbrendshme me \u201cndryshue\u201d bot\u00ebn rreth jush, p\u00ebr di\u00e7ka \u201ckrejt ndryshe\u201d.<\/p>\n<p>Sigurisht, ju jeni i nd\u00ebrgjegjsh\u00ebm se \u201caksioni\u201d vet\u00ebm p\u00ebr hir t\u00eb aksionit asht\u00eb nji q\u00ebndrim q\u00eb n\u00eb Europ\u00ebn e mbas L1B p\u00ebrfundoi n\u00eb \u201cfashiz\u00ebm\u201d. At\u00ebher\u00eb, n\u00eb nji koh\u00eb kur \u201c\u2026kryetari i PS u vuri kazm\u00ebn\u2026 themeleve morale dhe etike t\u00eb debatit politik e shoq\u00ebror n\u00eb k\u00ebt\u00eb vend\u201d, ju vendoset t\u00eb ngriheni, kamb\u00ebngul\u00ebs me \u201c\u2026l\u00ebn\u00eb nj\u00eb shenj dalluese t\u00eb kalimit (tuej) n\u00eb qytetin ku ju takoi t\u00eb lindni dhe t\u00eb jetoni\u201d. K\u00ebshtu, keni shkrue nji faqe n\u00eb historin\u00eb e qytetit t\u00eb Tiran\u00ebs\u2026!<\/p>\n<p>Q\u00eb n\u00eb fillim, p\u00ebr ju ishte e qart\u00eb se \u201c\u2026njer\u00ebzit jo vet\u00ebm jetojn\u00eb, por edhe bashk\u00ebjetojn\u00eb me nj\u00ebri-tjetrin\u201d, nji sentiment fisnik e modern i bot\u00ebs son\u00eb. Q\u00eb n\u00eb fillim u p\u00ebrballuet me realitetin e hidhun, kur \u201c\u2026dita-dit\u00ebs (u krijue) ndjesia e pamund\u00ebsis\u00eb s\u00eb vazhdimit t\u00eb misionit p\u00ebr transformimin e Tiran\u00ebs jasht\u00eb Partis\u00eb Socialiste\u2026\u201d. At\u00ebher\u00eb, u transformuet n\u00eb partiak, \u201candrra\u201d u venit dhe \u201crealiteti\u201d fitoi!<\/p>\n<p>Ju i dhuruet aft\u00ebsit\u00eb tueja dhe entuziasmin tuej nji partie politike \u201c\u2026PS q\u00eb kishte r\u00ebn\u00eb n\u00eb nj\u00eb batak t\u00eb shpifur, era e t\u00eb cilit sot e k\u00ebsaj dite s\u2019ka ikur plot\u00ebsisht\u201d, nji partie q\u00eb nuk pranoi asnjiher\u00eb me u shk\u00ebput\u00eb nga PKSH dhe PPSH, aq sa ruejti edhe thesarin e \u201cG\u00ebnjeshtr\u00ebs s\u00eb Madhe\u201d, gazet\u00ebn Z\u00ebri i Popullit, nji parti politike q\u00eb refuzon t\u00eb d\u00ebnoj\u00eb satrapin aziatik q\u00eb vuri popullin\u2026 me kurrizin e shtrir\u00eb p\u00ebr tok\u00eb, me shqelma n\u00eb fyt, e gryken e pushk\u00ebs pas koke\u201d, si\u00e7 e p\u00ebrshkrueni ju mjesht\u00ebrisht, nji partie q\u00eb kurr\u00ebn e kurr\u00ebs nuk k\u00ebrkoi falje p\u00ebr krimet monstruzoe q\u00eb bani n\u00eb vendin ton\u00eb.<\/p>\n<p>Andrra e juej u zbeh e mbetet sot nji vegim i s\u00eb kaluemes!\u2026 U harruen kriminel\u00ebt, si ajo bankierka e kooperativ\u00ebs q\u00eb th\u00ebrriste: \u201cDua t\u00eb m\u00eb jepni edhe mua nj\u00eb lug\u00eb gjak t\u00eb ngroht\u00eb nga ky presori\u201d, kur u d\u00ebnue nji profesor. U harruen\u2026 \u201ct\u00eb t\u00ebr\u00eb shqiptar\u00ebt e qytetit e fshatit, ish-skllev\u00eb n\u00eb ara, fabrika, kantiere, apo ish-t\u00eb burgosur e t\u00eb p\u00ebrndjekur n\u00eb llagamet e luft\u00ebs s\u00eb klasave\u2026\u201d. U harrue ish-deputetja e PS q\u00eb piu bot\u00ebnisht gjakun e nji oficeri t\u00eb SHIK-ut, i vram\u00eb n\u00eb Vlor\u00ebn e vitit t\u00eb mbrapsht\u00eb 1997!\u2026 U harrue edhe i \u00e7menduni Aranit, p\u00ebrbind\u00ebshi q\u00eb d\u00ebnoi me vdekje ma shum\u00eb se 400 shqiptar\u00eb t\u00eb pafajsh\u00ebm!\u2026<\/p>\n<p>D\u00ebnimi i fajtorit ka gjithmon\u00eb di\u00e7ka tragjike, dhe kjo nuk p\u00ebrjashton kriminel\u00ebt komuniste\u2026 as edhe Aranitin mjeran! Sepse n\u00eb fund t\u00eb fundit, t\u00eb gjith\u00eb jemi qenie njer\u00ebzore me aft\u00ebsi t\u00eb kufizueme. Por mosd\u00ebnimi i tyne dhe braktisja e viktim\u00ebs s\u00eb pafajshme asht\u00eb nji tragjedi edhe ma e madhe. Ju shkrueni: \u201cPafaj\u00ebsia duhet t\u00eb mund krimin \u00e7doher\u00eb, \u00e7do dit\u00eb e p\u00ebrfundimisht, por gjithher\u00eb me mjete ligjore\u201d. Nji p\u00ebrcaktim monumental! Si\u00e7 shkruente pak dit\u00eb ma par\u00eb nji nan\u00eb kosovare p\u00ebr sjelljen e \u201cpolitikan\u00ebve\u201d n\u00eb lidhje me krimet serbe n\u00eb Kosov\u00eb, \u201c\u2026ata siellen sikur nuk ka ndodhur as lufta, as vrasje, as djegie, as pla\u00e7kitje, as dhunime, as gj\u00eb prej gj\u00ebje\u2026\u201d! Ashtu si n\u00eb Shqip\u00ebri! Kjo sjellje asht\u00eb vrasja e dyt\u00eb e viktim\u00ebs! Si viktim\u00eb e diktatur\u00ebs, un\u00eb ju lutem: mos e lejoni! Respektoni historin\u00eb!<\/p>\n<p>* * *<\/p>\n<p>Z.Kryeminist\u00ebr: PS asht\u00eb sot an\u00ebtare e Nd\u00ebrkomb\u00ebtares Socialiste, kryesisht europiane, dhe kjo ashte nji fitore p\u00ebr ju. Ju konsultoheni me laburistin Tony Blair, em\u00ebn i respektuem nga t\u00eb gjith\u00eb shqiptar\u00ebt. Dhe kjo ju ndihmon me forcue bindjen tuej se komunizmi, q\u00eb disa \u201caleat\u00eb\u201d tuej e d\u00ebshirojn\u00eb p\u00ebrs\u00ebri, ka qen\u00eb thjesht nji kombinacion fatal i nji totalitarizmi patologjik, monopolistik dhe tejskajsh\u00ebm brutal, q\u00eb shfryt\u00ebzoi kultur\u00ebn, ligjin, politik\u00ebn dhe psikologjin\u00eb e masave t\u00eb paarsimueme me mb\u00ebshtet\u00eb shtypjen ekstreme dhe padrejt\u00ebsin\u00eb gjith\u00ebp\u00ebrfshir\u00ebse.<\/p>\n<p>Pengesat q\u00eb do t\u00eb p\u00ebrballoni jan\u00eb t\u00eb m\u00ebdha, \u201cshpura\u201d e t\u00eb p\u00ebrjashtuarve q\u00eb akoma pretendojn\u00eb do t\u2019ju luftoj\u00eb, atmosfera rreth jush asht\u00eb helmuese, dhe puna q\u00eb ju pret asht\u00eb e rand\u00eb. E kaluemja e juej ju ven n\u00eb pozit\u00eb t\u00eb v\u00ebshtir\u00eb. Profili i juej tregon se keni lundrue n\u00eb mes dy rrym\u00ebsh antagoniste q\u00eb ju quejn\u00eb \u201ci kuq\u201d dhe \u201cjo mjaft i kuq\u201d. Ndoshta asht\u00eb koha p\u00ebr nji dialog komb\u00ebtar mbi rolin e udh\u00ebheq\u00ebsit dhe partizanshm\u00ebnin\u00eb e tij n\u00eb jet\u00ebn publike, n\u00eb krijimin e nji atmosfere q\u00eb sh\u00ebrben shoq\u00ebnin\u00eb shqiptare tejet t\u00eb traumatizueme, dhe p\u00ebrfundimisht n\u00eb nevoj\u00ebn absolute t\u00eb bashk\u00ebpunimit me \u201copozit\u00ebn\u201d fanatikisht intransigjente, me evitue nji ndamje akoma ma t\u00eb thell\u00eb se ajo q\u00eb sot na konsumon!<\/p>\n<p>Sot, PS p\u00ebrballet me nji Kuvend ku af\u00ebr nji e treta jan\u00eb milioner\u00eb me vul\u00eb dhe krenar\u00eb p\u00ebr milionat e grumulluem, q\u00eb shumica kan\u00eb trash\u00ebgue nga ish-elita komuniste e para viteve \u201990, ose t\u00eb af\u00ebrmit me mbizot\u00ebnuesit e poleve t\u00eb pushtetit (si\u00e7 shkruente nji ambasador amerikan) dhe sot, si deputet\u00eb, g\u00ebzojn\u00eb imunitet simbas ligjit. Nji seri skandalesh mbrenda elit\u00ebs krijon frik\u00ebn e pasiguris\u00eb n\u00eb psikologjin\u00eb ton\u00eb kolektive. PS asht\u00eb sot nji organizat\u00eb politike e \u201cprivatizueme\u201d!<\/p>\n<p>Kontrasti n\u00eb mes t\u00eb vorf\u00ebnve \u2013 ma t\u00eb vorf\u00ebnit n\u00eb Europ\u00eb! \u2013 dhe multi-milioner\u00ebve, numri i t\u00eb cil\u00ebve rritet \u00e7do dit\u00eb pa penges\u00eb nga ligji, ka hap\u00eb edhe ma shum\u00eb hendekun e dallimeve ekonomike, dhe, si rrjedhim, ka krijue nji mas\u00eb t\u00eb gjan\u00eb qytetar\u00ebsh q\u00eb, bashk\u00eb me munges\u00ebn e buk\u00ebs s\u00eb sotme, po humb edhe shpresat p\u00ebr t\u00eb nes\u00ebrmen. Shoq\u00ebnia shqiptare, sot e smur\u00eb, rrezikon t\u00eb jet\u00eb e pash\u00ebrueshme nes\u00ebr: n\u00eb vorf\u00ebni t\u00eb pashpres\u00eb, \u201csans-culotte\u201d, ajo asht\u00eb material eksploziv p\u00ebr shp\u00ebrthim t\u00eb pakontrolluesh\u00ebm!<\/p>\n<p>Duhet shkat\u00ebrrue oligarkia kleptokratike, dhe sa ma shpejt aq ma mir\u00eb!<\/p>\n<p>Kudo, mbrenda dhe jasht\u00eb vendit, ndigjohen thirrjet p\u00ebr reforma, shtet ligjor, luft\u00eb kund\u00ebr krimit t\u00eb organizuem e korrupsionit endemik t\u00eb administrat\u00ebs shtetnore. Kudo d\u00ebshirohet nji evolucion demokratik i shtetit dhe shoq\u00ebnis\u00eb shqiptare, dhe nji ngritje e shoq\u00ebnis\u00eb civile demokratike n\u00eb Shqip\u00ebri. Si socialist europian, shp\u00ebtoni vizionin tuej p\u00ebr nji Shqip\u00ebri ma t\u00eb mir\u00eb, ma njer\u00ebzore. Kujtoni Naimin: \u201cFaltore kemi njerin\u00eb!\u201d. Njeriu n\u00eb qend\u00ebr t\u00eb v\u00ebmendjes son\u00eb, njeriu i lir\u00eb shqiptar me dinjitet! Pa dallim, pa p\u00ebrjashtim! Shqiptar\u00ebt q\u00eb tremben nga frika e gjendjes fluide n\u00eb vend, ata q\u00eb vuejn\u00eb nga papun\u00ebsia dhe vorf\u00ebnia e paevitueshme, e k\u00ebrkojn\u00eb k\u00ebt\u00eb me kamb\u00ebngulje. Mos i zhg\u00ebnjeni ata dhe ato! Ofroni \u201cdor\u00ebn\u201d e shtetit q\u00eb ndihmon, jo \u201cgrushtin\u201d e shtetar\u00ebve q\u00eb grumullojn\u00eb pasuni prrallore e t\u00eb paligjshme!<\/p>\n<p>Dekada me radh\u00eb, mosbarazia e t\u00eb ardhunave p\u00ebr banor\u00ebt e vendit dhe konteksti i kriz\u00ebs ekonomike europiane, q\u00eb randon nga deficiti i friksh\u00ebm dhe keqadministrimi i tij, kan\u00eb \u00e7thur\u00eb p\u00eblhur\u00ebn sociale t\u00eb vendit dhe kan\u00eb dob\u00ebsue besimin e popullsis\u00eb n\u00eb nji t\u00eb ardhme ma t\u00eb mir\u00eb. Tat\u00ebpjeta vazhdon; por ajo nuk duhet t\u00eb jet\u00eb e ardhmja e atdheut ton\u00eb. Sot, paga minimale e shqiptarit asht\u00eb 12 her\u00eb ma e vog\u00ebl se ajo europiane, nd\u00ebrsa 581.000 pensioniste t\u00eb rregjistruem jetojn\u00eb t\u00eb uritun nga nji dit\u00eb n\u00eb tjetr\u00ebn\u2026! Na duhet sh\u00ebrbimi me nd\u00ebrgjegje! Arroganca e pushtetit dhe modelet autoritare sigurojn\u00eb vet\u00ebm disfata\u2026 edhe n\u00eb Shqip\u00ebrin\u00eb ton\u00eb. Korrupsioni endemik dhe krimi i organizuem triumfojn\u00eb aty ku ata perceptohen si \u201cShteti vet\u00eb\u201d e \u201cpercepsioni\u201d asht\u00eb, shpeshher\u00eb, ma efektiv se \u201ce v\u00ebrteta\u201d.<\/p>\n<p>* * *<\/p>\n<p>Z.Kryeminist\u00ebr: dalja n\u00eb sken\u00eb e elementit t\u00eb ri, t\u00eb edukuem n\u00eb Per\u00ebndim, megjith\u00ebse pa eksperienc\u00eb t\u00eb mjaftueshme pune, p\u00ebrfshirja n\u00eb Qeveri e \u201cverior\u00ebve\u201d deri tani t\u00eb pap\u00ebrfillun, theksi n\u00eb promovimin e grues shqiptare n\u00eb jet\u00ebn publike, kujdesi p\u00ebr imazhin e \u201cQeveris\u00eb s\u00eb re\u201d mbrenda dhe jasht\u00eb vendit (masakra e 2 prillit 1991, viti i mbrapsht\u00eb 1997, G\u00ebrdeci, vrasjet e 21 janarit, vet\u00ebflijimi i ish-t\u00eb persekutuemeve\u2026), theksi n\u00eb formacionin \u201cskuad\u00ebr\u201d dhe veprimtaria qeveritare si \u201cskuad\u00ebr\u201d, pa elemente \u201ct\u00eb paz\u00ebvend\u00ebsuesh\u00ebm\u201d dhe pa \u201ckaposh\u00eb\u201d partish nominale p\u00ebrgjith\u00ebsisht pa pesh\u00eb n\u00eb opinion publik; shqet\u00ebsimi ve\u00e7an\u00ebrisht p\u00ebr dikasteret e sh\u00ebndetsis\u00eb, arsimit dhe ushtrimit t\u00eb drejt\u00ebsis\u00eb, theksi n\u00eb \u201cprofesionaliz\u00ebm\u201d e jo n\u00eb \u201cbesnik\u00ebri\u201d ndaj shefit, si dhe transparenca e premtueme, jan\u00eb inkurajuese. Ka \u201cprofesionist\u00eb\u201d Shqip\u00ebria. K\u00ebrkojini dhe do t\u2019i gjeni. Mbrenda dhe jasht\u00eb shtetit!<\/p>\n<p>Zhvillimet n\u00eb k\u00ebt\u00eb drejtim zakonisht gjenerojn\u00eb aktivizimin e popullsis\u00eb q\u00eb p\u00ebrkrah ngjalljen e shpres\u00ebs. Qytetar\u00ebt e lir\u00eb e t\u00eb nd\u00ebrgjegjsh\u00ebm nuk presin \u201cmrekulli nga qielli\u201d. Ata duhet t\u00eb bajn\u00eb at\u00eb q\u00eb ban \u00e7do qytetar i lir\u00eb n\u00eb Bot\u00ebn e Lir\u00eb, respekt p\u00ebr ligjin dhe shtetin ligjor, p\u00ebrkrahje \u00e7do nisme qeveritare q\u00eb nd\u00ebrton dhe kund\u00ebrshtim atyne q\u00eb damtojn\u00eb, p\u00ebr\u00e7ajn\u00eb ose shkat\u00ebrrojn\u00eb. Kjo don t\u00eb thot\u00eb angazhim n\u00eb jet\u00ebn publike, paraqitje idesh t\u00eb reja, nd\u00ebrtim strukturash civile dhe zhvillim programesh q\u00eb vet\u00eb qytetar\u00ebt p\u00ebrpunojn\u00eb. Fusha e pun\u00ebs duhet t\u00eb mbetet e hapun p\u00ebr t\u00eb gjith\u00eb. Shqip\u00ebria ashte atdheu i t\u00eb gjith\u00ebve! Qeverit\u00eb shkojn\u00eb e vijn\u00eb; nd\u00ebrtoni administrat\u00ebn e q\u00ebndrueshme!<\/p>\n<p>Sot, t\u00eb flas\u00ebsh p\u00ebr nji \u201cpopull t\u00eb djatht\u00eb\u201d dhe nji \u201cpopull t\u00eb majt\u00eb\u201d ashte nji p\u00ebrpjekje koshiente me forcue ndamjet q\u00eb ekzistojn\u00eb dhe duhen braktis\u00eb. Ka vet\u00ebm nji popull: populli shqiptar me ideologji konkurruese! Un\u00eb ushqej shpres\u00ebn \u2013 tue imitue Rev.M.L.King, Jr.- se nji dit\u00eb shqiptar\u00ebt nuk do t\u00eb gjykohen nga ngjyra e tyne politike, por nga profesionalizmi dhe fort\u00ebsia e karakterit tyne.<\/p>\n<p>Shqip\u00ebria sot nuk ka anmiq q\u00eb e k\u00ebrc\u00ebnojn\u00eb; NATO na mbron, p\u00ebr sa koh\u00eb q\u00eb respektojm\u00eb parimet e k\u00ebsaj organizate mbrojtjeje! Shqip\u00ebria ka \u201ckund\u00ebrshtar\u00eb\u201d q\u00eb mendojn\u00eb ndryshe, nji e drejt\u00eb e shenjt\u00ebnueme n\u00eb Kushtetut\u00ebn e Republik\u00ebs s\u00eb Shqip\u00ebris\u00eb, nji e drejt\u00eb e patjet\u00ebrsueshme. Me akuzue PD-n\u00eb konkurruese si \u201c\u2026parti fashiste, zogiste, islamike, serbe, hajdute, bajraktare, nacionaliste, kriminele\u201d e tjera bab\u00ebzira, me k\u00ebrc\u00ebnue largimin nga puna t\u00eb PD-ist\u00ebve, ashtu si lexohet n\u00eb shtypin shqiptar, jan\u00eb shfaqje t\u00eb nji urrejtjeje primitive, kancer q\u00eb shkat\u00ebrron t\u00eb gjith\u00eb ata q\u00eb e ushqejn\u00eb; nuk ndihmon mir\u00ebkuptimin, frym\u00ebn e bashk\u00ebpunimit e respektin reciprok, cil\u00ebsi thelb\u00ebsore p\u00ebr nji shoq\u00ebni civile, dhe nuk len vend p\u00ebr nji dialog kuptimplot\u00eb, sidomos n\u00eb k\u00ebto dit\u00eb kur ky dialog ashte i nji rand\u00ebsie jet\u00ebsore.<\/p>\n<p>Sot, vendi i jon\u00eb ka nevoj\u00eb p\u00ebr nji sinkronizim t\u00eb mesazheve n\u00eb mes t\u00eb dy pal\u00ebve, mobilizimin e forcave shtetnore e private p\u00ebr pun\u00ebsim t\u00eb plot\u00eb n\u00eb rradh\u00eb t\u00eb par\u00eb! Sot, populli shqiptar asht\u00eb nd\u00ebrgjegjsue p\u00ebr \u201clirin\u00eb\u201d e fitueme, e refuzon trajtimin si nji kope bag\u00ebtish q\u00eb kullote n\u00eb fusha, ose automat fabrike n\u00ebn kamxhikun e policit, p\u00ebr nji cop\u00eb buk\u00eb, shpeshher\u00eb e pamjaftueshme me qet\u00ebsue stomakun e uritun t\u00eb pun\u00ebtorit e t\u00eb familjes s\u00eb tij. Koha e rreshtave t\u00eb gjat\u00eb p\u00ebr qumsht dhe grushteve para dritares me hekura t\u00eb furrave shtetnore ka kalue. Sot, siguria personale, prona private e ligjshme, pun\u00ebsimi, arsimi, sh\u00ebrbimet sh\u00ebndetsore nuk jan\u00eb privilegje; ato jan\u00eb t\u00eb drejta themelore p\u00ebr nji jet\u00eb njer\u00ebzore me dinjitet. Duhet nd\u00ebrtue nji shoq\u00ebni shqiptare bashk\u00ebjetese harmonike dhe vlerash e parimesh te gjith\u00ebpranueme!<\/p>\n<p>Nji lum\u00eb gjaku, nji mo\u00e7al \u00e7njer\u00ebzimi, nji mal vuejtjesh t\u00eb pameritueme, e nji frym\u00eb e thell\u00eb hakmarrje akoma ndan atdheun ton\u00eb dhe gozhdon n\u00eb vend p\u00ebrparimin e frym\u00ebn e qytetnueme t\u00eb shoq\u00ebnis\u00eb shqiptare.<\/p>\n<p>Duhet shtri dora e pajtimit, duhet kultivue fryma e pendimit p\u00ebr fajin dhe falja e fajit, duhet p\u00ebrqafue bashk\u00ebpunimi p\u00ebr t\u00eb mir\u00ebn e p\u00ebrbashk\u00ebt. E kund\u00ebrta do t\u00eb sjell\u00eb mallkimin e nji popullsie t\u00eb pafajshme p\u00ebr ju\u2026 dhe p\u00ebr t\u00eb gjith\u00eb ata q\u00eb sot heshtin!<\/p>\n<p>Z. Kryeminist\u00ebr: mos harroni k\u00ebshillat e gjyshes suej t\u00eb men\u00e7ur, n\u00eb Shkodr\u00ebn time t\u00eb qytetnueme, q\u00eb i lutej Zotit \u00e7do mbramje n\u00eb msheht\u00ebsi t\u00eb imponueme nga frika qeveritare, si t\u00eb krishten\u00ebt e katakombeve romake t\u00eb Neronit:<\/p>\n<p>\u201cJi gjithher\u00eb vetvetja, edhe sikur t\u00eb gabojsh, edhe sikur t\u00eb tjer\u00ebve mos t\u2019u p\u00eblqejn\u00eb gj\u00ebrat dhe fjal\u00ebt tuaja!\u201d<\/p>\n<p>Ji besnik ndaj vetes! T\u00eb vjetrit ton\u00eb k\u00ebt\u00eb cil\u00ebsi e quejshin \u201cburr\u00ebni\u201d: kuraj\u00eb civile e karakter, forca tradicionale e fisit tone arb\u00ebnor\u2026!<br \/>\n\u2014<br \/>\n* Ph.D. City University of New York(ret.)<br \/>\nIsh-i burgosun politik (1946-1956)<br \/>\n(Sh\u00ebnim: Citatet jan\u00eb nga libri \u201cKurban\u201d)<\/p>\n","protected":false},"excerpt":{"rendered":"<p>V\u00ebshtrim dhe parashikim \u2013 E shkruar m\u00eb 9 shtator 2013 \u2013 Nga Sami Repishti Ky opinion n\u00eb form\u00ebn e nj\u00eb letre \u00ebsht\u00eb shkruar nga Prof.Dr.Sami Repishti plot dy vjet m\u00eb par\u00eb, ku Profesor Repishti parasheh v\u00ebshtir\u00ebsit\u00eb q\u00eb i duhej t\u00eb tejkalonte kryeministri. P\u00ebr t\u00eb par\u00eb se ku ka arritur, ky opinion ia vlen shum\u00eb q\u00eb [&hellip;]<\/p>\n","protected":false},"author":1,"featured_media":0,"comment_status":"open","ping_status":"closed","sticky":false,"template":"","format":"standard","meta":{"footnotes":""},"categories":[2],"tags":[],"class_list":{"0":"post-14260","1":"post","2":"type-post","3":"status-publish","4":"format-standard","6":"category-artikuj"},"yoast_head":"<!-- This site is optimized with the Yoast SEO plugin v27.4 - https:\/\/yoast.com\/product\/yoast-seo-wordpress\/ -->\n<title>N\u00eb pritje t\u00eb kryeministrit Edvin Rama - FjALA e LIR\u00cb - Arkivi<\/title>\n<meta name=\"robots\" content=\"index, follow, max-snippet:-1, max-image-preview:large, max-video-preview:-1\" \/>\n<link rel=\"canonical\" href=\"https:\/\/fjala.info\/2009-2015\/ne-pritje-te-kryeministrit-edvin-rama\/\" \/>\n<meta property=\"og:locale\" content=\"sq_AL\" \/>\n<meta property=\"og:type\" content=\"article\" \/>\n<meta property=\"og:title\" content=\"N\u00eb pritje t\u00eb kryeministrit Edvin Rama - FjALA e LIR\u00cb - Arkivi\" \/>\n<meta property=\"og:description\" content=\"V\u00ebshtrim dhe parashikim \u2013 E shkruar m\u00eb 9 shtator 2013 \u2013 Nga Sami Repishti Ky opinion n\u00eb form\u00ebn e nj\u00eb letre \u00ebsht\u00eb shkruar nga Prof.Dr.Sami Repishti plot dy vjet m\u00eb par\u00eb, ku Profesor Repishti parasheh v\u00ebshtir\u00ebsit\u00eb q\u00eb i duhej t\u00eb tejkalonte kryeministri. P\u00ebr t\u00eb par\u00eb se ku ka arritur, ky opinion ia vlen shum\u00eb q\u00eb [&hellip;]\" \/>\n<meta property=\"og:url\" content=\"https:\/\/fjala.info\/2009-2015\/ne-pritje-te-kryeministrit-edvin-rama\/\" \/>\n<meta property=\"og:site_name\" content=\"FjALA e LIR\u00cb - Arkivi\" \/>\n<meta property=\"article:published_time\" content=\"2015-09-10T14:03:53+00:00\" \/>\n<meta property=\"og:image\" content=\"http:\/\/www.fjala.info\/2015\/sami_repishti.jpg\" \/>\n<meta name=\"author\" content=\"admin\" \/>\n<meta name=\"twitter:card\" content=\"summary_large_image\" \/>\n<meta name=\"twitter:label1\" content=\"Written by\" \/>\n\t<meta name=\"twitter:data1\" content=\"admin\" \/>\n\t<meta name=\"twitter:label2\" content=\"Est. reading time\" \/>\n\t<meta name=\"twitter:data2\" content=\"16 minutes\" \/>\n<script type=\"application\/ld+json\" class=\"yoast-schema-graph\">{\"@context\":\"https:\\\/\\\/schema.org\",\"@graph\":[{\"@type\":\"Article\",\"@id\":\"https:\\\/\\\/fjala.info\\\/2009-2015\\\/ne-pritje-te-kryeministrit-edvin-rama\\\/#article\",\"isPartOf\":{\"@id\":\"https:\\\/\\\/fjala.info\\\/2009-2015\\\/ne-pritje-te-kryeministrit-edvin-rama\\\/\"},\"author\":{\"name\":\"admin\",\"@id\":\"https:\\\/\\\/fjala.info\\\/2009-2015\\\/#\\\/schema\\\/person\\\/3aa1163ef05469c496fc94e77611ada2\"},\"headline\":\"N\u00eb pritje t\u00eb kryeministrit Edvin Rama\",\"datePublished\":\"2015-09-10T14:03:53+00:00\",\"mainEntityOfPage\":{\"@id\":\"https:\\\/\\\/fjala.info\\\/2009-2015\\\/ne-pritje-te-kryeministrit-edvin-rama\\\/\"},\"wordCount\":3114,\"commentCount\":0,\"publisher\":{\"@id\":\"https:\\\/\\\/fjala.info\\\/2009-2015\\\/#organization\"},\"image\":{\"@id\":\"https:\\\/\\\/fjala.info\\\/2009-2015\\\/ne-pritje-te-kryeministrit-edvin-rama\\\/#primaryimage\"},\"thumbnailUrl\":\"http:\\\/\\\/www.fjala.info\\\/2015\\\/sami_repishti.jpg\",\"articleSection\":[\"Artikuj\"],\"inLanguage\":\"sq-AL\",\"potentialAction\":[{\"@type\":\"CommentAction\",\"name\":\"Comment\",\"target\":[\"https:\\\/\\\/fjala.info\\\/2009-2015\\\/ne-pritje-te-kryeministrit-edvin-rama\\\/#respond\"]}]},{\"@type\":\"WebPage\",\"@id\":\"https:\\\/\\\/fjala.info\\\/2009-2015\\\/ne-pritje-te-kryeministrit-edvin-rama\\\/\",\"url\":\"https:\\\/\\\/fjala.info\\\/2009-2015\\\/ne-pritje-te-kryeministrit-edvin-rama\\\/\",\"name\":\"N\u00eb pritje t\u00eb kryeministrit Edvin Rama - FjALA e LIR\u00cb - Arkivi\",\"isPartOf\":{\"@id\":\"https:\\\/\\\/fjala.info\\\/2009-2015\\\/#website\"},\"primaryImageOfPage\":{\"@id\":\"https:\\\/\\\/fjala.info\\\/2009-2015\\\/ne-pritje-te-kryeministrit-edvin-rama\\\/#primaryimage\"},\"image\":{\"@id\":\"https:\\\/\\\/fjala.info\\\/2009-2015\\\/ne-pritje-te-kryeministrit-edvin-rama\\\/#primaryimage\"},\"thumbnailUrl\":\"http:\\\/\\\/www.fjala.info\\\/2015\\\/sami_repishti.jpg\",\"datePublished\":\"2015-09-10T14:03:53+00:00\",\"breadcrumb\":{\"@id\":\"https:\\\/\\\/fjala.info\\\/2009-2015\\\/ne-pritje-te-kryeministrit-edvin-rama\\\/#breadcrumb\"},\"inLanguage\":\"sq-AL\",\"potentialAction\":[{\"@type\":\"ReadAction\",\"target\":[\"https:\\\/\\\/fjala.info\\\/2009-2015\\\/ne-pritje-te-kryeministrit-edvin-rama\\\/\"]}]},{\"@type\":\"ImageObject\",\"inLanguage\":\"sq-AL\",\"@id\":\"https:\\\/\\\/fjala.info\\\/2009-2015\\\/ne-pritje-te-kryeministrit-edvin-rama\\\/#primaryimage\",\"url\":\"http:\\\/\\\/www.fjala.info\\\/2015\\\/sami_repishti.jpg\",\"contentUrl\":\"http:\\\/\\\/www.fjala.info\\\/2015\\\/sami_repishti.jpg\"},{\"@type\":\"BreadcrumbList\",\"@id\":\"https:\\\/\\\/fjala.info\\\/2009-2015\\\/ne-pritje-te-kryeministrit-edvin-rama\\\/#breadcrumb\",\"itemListElement\":[{\"@type\":\"ListItem\",\"position\":1,\"name\":\"Home\",\"item\":\"https:\\\/\\\/fjala.info\\\/2009-2015\\\/\"},{\"@type\":\"ListItem\",\"position\":2,\"name\":\"N\u00eb pritje t\u00eb kryeministrit Edvin Rama\"}]},{\"@type\":\"WebSite\",\"@id\":\"https:\\\/\\\/fjala.info\\\/2009-2015\\\/#website\",\"url\":\"https:\\\/\\\/fjala.info\\\/2009-2015\\\/\",\"name\":\"FjALA e LIR\u00cb - Arkivi\",\"description\":\"Arkivi 2009-2015\",\"publisher\":{\"@id\":\"https:\\\/\\\/fjala.info\\\/2009-2015\\\/#organization\"},\"potentialAction\":[{\"@type\":\"SearchAction\",\"target\":{\"@type\":\"EntryPoint\",\"urlTemplate\":\"https:\\\/\\\/fjala.info\\\/2009-2015\\\/?s={search_term_string}\"},\"query-input\":{\"@type\":\"PropertyValueSpecification\",\"valueRequired\":true,\"valueName\":\"search_term_string\"}}],\"inLanguage\":\"sq-AL\"},{\"@type\":\"Organization\",\"@id\":\"https:\\\/\\\/fjala.info\\\/2009-2015\\\/#organization\",\"name\":\"FjALA e LIR\u00cb - Arkivi\",\"url\":\"https:\\\/\\\/fjala.info\\\/2009-2015\\\/\",\"logo\":{\"@type\":\"ImageObject\",\"inLanguage\":\"sq-AL\",\"@id\":\"https:\\\/\\\/fjala.info\\\/2009-2015\\\/#\\\/schema\\\/logo\\\/image\\\/\",\"url\":\"\",\"contentUrl\":\"\",\"caption\":\"FjALA e LIR\u00cb - Arkivi\"},\"image\":{\"@id\":\"https:\\\/\\\/fjala.info\\\/2009-2015\\\/#\\\/schema\\\/logo\\\/image\\\/\"}},{\"@type\":\"Person\",\"@id\":\"https:\\\/\\\/fjala.info\\\/2009-2015\\\/#\\\/schema\\\/person\\\/3aa1163ef05469c496fc94e77611ada2\",\"name\":\"admin\",\"image\":{\"@type\":\"ImageObject\",\"inLanguage\":\"sq-AL\",\"@id\":\"https:\\\/\\\/fjala.info\\\/2009-2015\\\/wp-content\\\/uploads\\\/2012\\\/02\\\/arben_cokaj-120x150.jpg\",\"url\":\"https:\\\/\\\/fjala.info\\\/2009-2015\\\/wp-content\\\/uploads\\\/2012\\\/02\\\/arben_cokaj-120x150.jpg\",\"contentUrl\":\"https:\\\/\\\/fjala.info\\\/2009-2015\\\/wp-content\\\/uploads\\\/2012\\\/02\\\/arben_cokaj-120x150.jpg\",\"caption\":\"admin\"},\"description\":\"Admin, Fjala e Lir\u00eb\",\"sameAs\":[\"https:\\\/\\\/fjala.info\\\/\"],\"url\":\"https:\\\/\\\/fjala.info\\\/2009-2015\\\/author\\\/admin\\\/\"}]}<\/script>\n<!-- \/ Yoast SEO plugin. -->","yoast_head_json":{"title":"N\u00eb pritje t\u00eb kryeministrit Edvin Rama - FjALA e LIR\u00cb - Arkivi","robots":{"index":"index","follow":"follow","max-snippet":"max-snippet:-1","max-image-preview":"max-image-preview:large","max-video-preview":"max-video-preview:-1"},"canonical":"https:\/\/fjala.info\/2009-2015\/ne-pritje-te-kryeministrit-edvin-rama\/","og_locale":"sq_AL","og_type":"article","og_title":"N\u00eb pritje t\u00eb kryeministrit Edvin Rama - FjALA e LIR\u00cb - Arkivi","og_description":"V\u00ebshtrim dhe parashikim \u2013 E shkruar m\u00eb 9 shtator 2013 \u2013 Nga Sami Repishti Ky opinion n\u00eb form\u00ebn e nj\u00eb letre \u00ebsht\u00eb shkruar nga Prof.Dr.Sami Repishti plot dy vjet m\u00eb par\u00eb, ku Profesor Repishti parasheh v\u00ebshtir\u00ebsit\u00eb q\u00eb i duhej t\u00eb tejkalonte kryeministri. P\u00ebr t\u00eb par\u00eb se ku ka arritur, ky opinion ia vlen shum\u00eb q\u00eb [&hellip;]","og_url":"https:\/\/fjala.info\/2009-2015\/ne-pritje-te-kryeministrit-edvin-rama\/","og_site_name":"FjALA e LIR\u00cb - Arkivi","article_published_time":"2015-09-10T14:03:53+00:00","og_image":[{"url":"http:\/\/www.fjala.info\/2015\/sami_repishti.jpg","type":"","width":"","height":""}],"author":"admin","twitter_card":"summary_large_image","twitter_misc":{"Written by":"admin","Est. reading time":"16 minutes"},"schema":{"@context":"https:\/\/schema.org","@graph":[{"@type":"Article","@id":"https:\/\/fjala.info\/2009-2015\/ne-pritje-te-kryeministrit-edvin-rama\/#article","isPartOf":{"@id":"https:\/\/fjala.info\/2009-2015\/ne-pritje-te-kryeministrit-edvin-rama\/"},"author":{"name":"admin","@id":"https:\/\/fjala.info\/2009-2015\/#\/schema\/person\/3aa1163ef05469c496fc94e77611ada2"},"headline":"N\u00eb pritje t\u00eb kryeministrit Edvin Rama","datePublished":"2015-09-10T14:03:53+00:00","mainEntityOfPage":{"@id":"https:\/\/fjala.info\/2009-2015\/ne-pritje-te-kryeministrit-edvin-rama\/"},"wordCount":3114,"commentCount":0,"publisher":{"@id":"https:\/\/fjala.info\/2009-2015\/#organization"},"image":{"@id":"https:\/\/fjala.info\/2009-2015\/ne-pritje-te-kryeministrit-edvin-rama\/#primaryimage"},"thumbnailUrl":"http:\/\/www.fjala.info\/2015\/sami_repishti.jpg","articleSection":["Artikuj"],"inLanguage":"sq-AL","potentialAction":[{"@type":"CommentAction","name":"Comment","target":["https:\/\/fjala.info\/2009-2015\/ne-pritje-te-kryeministrit-edvin-rama\/#respond"]}]},{"@type":"WebPage","@id":"https:\/\/fjala.info\/2009-2015\/ne-pritje-te-kryeministrit-edvin-rama\/","url":"https:\/\/fjala.info\/2009-2015\/ne-pritje-te-kryeministrit-edvin-rama\/","name":"N\u00eb pritje t\u00eb kryeministrit Edvin Rama - FjALA e LIR\u00cb - Arkivi","isPartOf":{"@id":"https:\/\/fjala.info\/2009-2015\/#website"},"primaryImageOfPage":{"@id":"https:\/\/fjala.info\/2009-2015\/ne-pritje-te-kryeministrit-edvin-rama\/#primaryimage"},"image":{"@id":"https:\/\/fjala.info\/2009-2015\/ne-pritje-te-kryeministrit-edvin-rama\/#primaryimage"},"thumbnailUrl":"http:\/\/www.fjala.info\/2015\/sami_repishti.jpg","datePublished":"2015-09-10T14:03:53+00:00","breadcrumb":{"@id":"https:\/\/fjala.info\/2009-2015\/ne-pritje-te-kryeministrit-edvin-rama\/#breadcrumb"},"inLanguage":"sq-AL","potentialAction":[{"@type":"ReadAction","target":["https:\/\/fjala.info\/2009-2015\/ne-pritje-te-kryeministrit-edvin-rama\/"]}]},{"@type":"ImageObject","inLanguage":"sq-AL","@id":"https:\/\/fjala.info\/2009-2015\/ne-pritje-te-kryeministrit-edvin-rama\/#primaryimage","url":"http:\/\/www.fjala.info\/2015\/sami_repishti.jpg","contentUrl":"http:\/\/www.fjala.info\/2015\/sami_repishti.jpg"},{"@type":"BreadcrumbList","@id":"https:\/\/fjala.info\/2009-2015\/ne-pritje-te-kryeministrit-edvin-rama\/#breadcrumb","itemListElement":[{"@type":"ListItem","position":1,"name":"Home","item":"https:\/\/fjala.info\/2009-2015\/"},{"@type":"ListItem","position":2,"name":"N\u00eb pritje t\u00eb kryeministrit Edvin Rama"}]},{"@type":"WebSite","@id":"https:\/\/fjala.info\/2009-2015\/#website","url":"https:\/\/fjala.info\/2009-2015\/","name":"FjALA e LIR\u00cb - Arkivi","description":"Arkivi 2009-2015","publisher":{"@id":"https:\/\/fjala.info\/2009-2015\/#organization"},"potentialAction":[{"@type":"SearchAction","target":{"@type":"EntryPoint","urlTemplate":"https:\/\/fjala.info\/2009-2015\/?s={search_term_string}"},"query-input":{"@type":"PropertyValueSpecification","valueRequired":true,"valueName":"search_term_string"}}],"inLanguage":"sq-AL"},{"@type":"Organization","@id":"https:\/\/fjala.info\/2009-2015\/#organization","name":"FjALA e LIR\u00cb - Arkivi","url":"https:\/\/fjala.info\/2009-2015\/","logo":{"@type":"ImageObject","inLanguage":"sq-AL","@id":"https:\/\/fjala.info\/2009-2015\/#\/schema\/logo\/image\/","url":"","contentUrl":"","caption":"FjALA e LIR\u00cb - Arkivi"},"image":{"@id":"https:\/\/fjala.info\/2009-2015\/#\/schema\/logo\/image\/"}},{"@type":"Person","@id":"https:\/\/fjala.info\/2009-2015\/#\/schema\/person\/3aa1163ef05469c496fc94e77611ada2","name":"admin","image":{"@type":"ImageObject","inLanguage":"sq-AL","@id":"https:\/\/fjala.info\/2009-2015\/wp-content\/uploads\/2012\/02\/arben_cokaj-120x150.jpg","url":"https:\/\/fjala.info\/2009-2015\/wp-content\/uploads\/2012\/02\/arben_cokaj-120x150.jpg","contentUrl":"https:\/\/fjala.info\/2009-2015\/wp-content\/uploads\/2012\/02\/arben_cokaj-120x150.jpg","caption":"admin"},"description":"Admin, Fjala e Lir\u00eb","sameAs":["https:\/\/fjala.info\/"],"url":"https:\/\/fjala.info\/2009-2015\/author\/admin\/"}]}},"_links":{"self":[{"href":"https:\/\/fjala.info\/2009-2015\/wp-json\/wp\/v2\/posts\/14260","targetHints":{"allow":["GET"]}}],"collection":[{"href":"https:\/\/fjala.info\/2009-2015\/wp-json\/wp\/v2\/posts"}],"about":[{"href":"https:\/\/fjala.info\/2009-2015\/wp-json\/wp\/v2\/types\/post"}],"author":[{"embeddable":true,"href":"https:\/\/fjala.info\/2009-2015\/wp-json\/wp\/v2\/users\/1"}],"replies":[{"embeddable":true,"href":"https:\/\/fjala.info\/2009-2015\/wp-json\/wp\/v2\/comments?post=14260"}],"version-history":[{"count":0,"href":"https:\/\/fjala.info\/2009-2015\/wp-json\/wp\/v2\/posts\/14260\/revisions"}],"wp:attachment":[{"href":"https:\/\/fjala.info\/2009-2015\/wp-json\/wp\/v2\/media?parent=14260"}],"wp:term":[{"taxonomy":"category","embeddable":true,"href":"https:\/\/fjala.info\/2009-2015\/wp-json\/wp\/v2\/categories?post=14260"},{"taxonomy":"post_tag","embeddable":true,"href":"https:\/\/fjala.info\/2009-2015\/wp-json\/wp\/v2\/tags?post=14260"}],"curies":[{"name":"wp","href":"https:\/\/api.w.org\/{rel}","templated":true}]}}