{"id":1421,"date":"2012-01-27T21:54:52","date_gmt":"2012-01-27T20:54:52","guid":{"rendered":"http:\/\/fjala.shkoder.net\/?p=1421"},"modified":"2012-01-27T21:54:52","modified_gmt":"2012-01-27T20:54:52","slug":"nga-akademia-perkujtimore-kushtuar-dr-rugoves-qe-u-mbajt-ne-interlaken","status":"publish","type":"post","link":"https:\/\/fjala.info\/2009-2015\/nga-akademia-perkujtimore-kushtuar-dr-rugoves-qe-u-mbajt-ne-interlaken\/","title":{"rendered":"NGA AKADEMIA P\u00cbRKUJTIMORE, KUSHTUAR DR. RUGOV\u00cbS Q\u00cb U MBAJT N\u00cb INTERLAKEN"},"content":{"rendered":"<p><em><strong>PRESIDENTI RUGOVA KUR VIZITAT E TIJ I B\u00cbNTE JASHT\u00cb KOSOV\u00cbS \u00c7DO HER\u00cb DO T\u00cb NDALONTE EDHE N\u00cb ZVIC\u00cbR<\/strong><\/em><\/p>\n<p>Me rastin e 6 vjetorit t\u00eb ndarjes nga jeta t\u00eb Presidentit Historik t\u00eb Kosov\u00ebs Dr. Ibrahim Rugova, n\u00eb Interlaken (BE), u mbajt nj\u00eb akademi p\u00ebrkujtimore n\u00eb t\u00eb cil\u00ebn mor\u00ebn pjes\u00eb bashkatdhetar\u00eb t\u00eb shumt nga ky regjion dhe m\u00eb larg.<\/p>\n<p><img decoding=\"async\" class=\"aligncenter size-thumbnail wp-image-7236\" title=\"Akademi p\u00ebrkujtimore p\u00ebr Rugov\u00ebn\" src=\"http:\/\/www.shkoder.net\/2012\/akademi_rugova_ora12.jpg\" alt=\"\" width=\"450\" \/><\/p>\n<p>Akademin\u00eb e hapi aktivisti Gani Demi i cili pasi i p\u00ebrsh\u00ebndeti t\u00eb pranishmit tha se p\u00ebrkujtimet e tilla p\u00ebr personalitete t\u00eb r\u00ebnd\u00ebsishme t\u00eb kombit sjellin, emocione, dhembje, nostalgji dhe krenari, prandaj themi se: &#8220;Janaret gjat\u00eb historis\u00eb ishin dhembje dhe krenari komb\u00ebtare&#8221;.<\/p>\n<p><img decoding=\"async\" class=\"aligncenter size-thumbnail wp-image-7236\" title=\"Akademi p\u00ebrkujtimore p\u00ebr Rugov\u00ebn\" src=\"http:\/\/www.shkoder.net\/2012\/akademi_rugova_ora12_1.jpg\" alt=\"\" width=\"450\" \/><\/p>\n<p>Ne po i p\u00ebrkujtojm\u00eb t\u00eb gjith\u00eb ata, shtoi z. Demi, sepse duke i p\u00ebrkujtua t\u00eb r\u00ebn\u00ebt e janarve gjat\u00eb historis\u00eb ne vet\u00ebdijesohemi m\u00eb mir\u00eb. Si\u00e7 dihet Heroi Yn\u00eb Komb\u00ebtar, Gjergj Kastrioti Sk\u00ebnderbeu, vdiq m\u00eb 17 janar 1468, Heroin i kombit Isa Boletini me t\u00eb bijt\u00eb dhe shok\u00ebt kan\u00eb r\u00ebn\u00eb n\u00eb luftime n\u00eb af\u00ebrsi t\u00eb Podgoric\u00ebs m\u00eb 23 janar t\u00eb vitit 1916. Heronjt\u00eb e kombit, martir\u00ebt e frym\u00ebzimit p\u00ebr liri e demokraci si\u00e7 ishin v\u00ebllez\u00ebrit Jusuf e Bardhosh G\u00ebrvalla dhe Kadri Zeka jan\u00eb vrar\u00eb m\u00eb 17 janar 1982, n\u00eb Untergrupenbach t\u00eb Gjermanis\u00eb, kurse Heronjt\u00eb e lavdis\u00eb Rexhep Mala dhe Nuhi Berisha, n\u00eb luftime me forcat e policis\u00eb serbe do t\u00eb bien heroikisht m\u00eb 11 janar 1984 n\u00eb Prishtin\u00eb.<\/p>\n<p><img decoding=\"async\" class=\"aligncenter size-thumbnail wp-image-7236\" title=\"Akademi p\u00ebrkujtimore p\u00ebr Rugov\u00ebn\" src=\"http:\/\/www.shkoder.net\/2012\/akademi_rugova_ora12_2.jpg\" alt=\"\" width=\"450\" \/><\/p>\n<p>Heronjt\u00eb e par\u00eb t\u00eb gueriles shqiptare, ose m\u00eb mir\u00eb t\u00eb themi nism\u00ebtar\u00ebt e par\u00eb t\u00eb U\u00c7K-s\u00eb, Zahir Pajaziti, Edmon Hoxha dhe Hakif Zejnullahu, u vran\u00eb n\u00eb pusi n\u00eb fshatin Pestov\u00eb t\u00eb Vushtrris\u00eb m\u00eb 31 janar 1997. Edhe komandant\u00ebt e luft\u00ebs s\u00eb fundit \u00e7lirimtare, deputeti Smajl Hajdaraj, komandanti kolonel Tahir Zemaj me djal\u00eb dhe nip do t\u00eb vriten m\u00eb 4 janar 2003. Po n\u00eb janar vritet Enver Maloku (11.01.1999), dhe kat\u00ebr dit\u00eb m\u00eb von\u00eb do t\u00eb ndodh\u00eb edhe masakra e Re\u00e7akut, (14 janar 1999).<\/p>\n<p><img decoding=\"async\" class=\"aligncenter size-thumbnail wp-image-7236\" title=\"Akademi p\u00ebrkujtimore p\u00ebr Rugov\u00ebn\" src=\"http:\/\/www.shkoder.net\/2012\/akademi_rugova_ora12_3.jpg\" alt=\"\" width=\"450\" \/><\/p>\n<p>Prij\u00ebsi i Kish\u00ebs Katolike t\u00eb Kosov\u00ebs Imzot Mark Sopi, vdiq m\u00eb 11 janar 2006, si dhe profesori i nderuar Zekirja Cana dhe shum\u00eb t\u00eb tjer\u00eb, por shtoi z. Demi, se Janari ka simbolik\u00eb tjet\u00ebr pasi mbahet p\u00ebrkujtimi p\u00ebr Presidentin Historik, shpirt\u00ebror e moral, strategun e politik\u00ebs dhe diplomacis\u00eb shqiptare, vizionarin e kombit Dr. Ibrahim Rugova.<\/p>\n<p><img decoding=\"async\" class=\"aligncenter size-thumbnail wp-image-7236\" title=\"Akademi p\u00ebrkujtimore p\u00ebr Rugov\u00ebn\" src=\"http:\/\/www.shkoder.net\/2012\/akademi_rugova_ora12_4.jpg\" alt=\"\" width=\"450\" \/><\/p>\n<p>Dhe sikur t\u00eb mos ishte politika dhe diplomacia, e urt\u00eb e demokratike, p\u00ebr liri e presidentit historik, a do e kishim 4 vjetorin e pavar\u00ebsis\u00eb s\u00eb Kosov\u00ebs? Ishte Ai q\u00eb i vuri themelet e shtetit demokratik t\u00eb Kosov\u00ebs tha pos tjerash z. Gani Demi.<\/p>\n<p><img decoding=\"async\" class=\"aligncenter size-thumbnail wp-image-7236\" title=\"Akademi p\u00ebrkujtimore p\u00ebr Rugov\u00ebn\" src=\"http:\/\/www.shkoder.net\/2012\/akademi_rugova_ora12_5.jpg\" alt=\"\" width=\"450\" \/><\/p>\n<p>Nj\u00eb biografi t\u00eb Presidentit Historik dr. Ibrahim Rugova e lexoi Qamil \u00c7ekaj, kurse ish kryetari i LDK-s\u00eb n\u00eb Zvic\u00ebr dhe veprimtari shum\u00ebvje\u00e7ar z. Hajdar Sadrija evokoi kujtime nga takimet e tija t\u00eb shumta me dr. Ibrahim Rugov\u00ebn. Ai ishte mjaft\u00eb i mall\u00ebngjyer dhe nj\u00ebkoh\u00ebsisht i emocionuar kur tha se kam nderin, q\u00eb sot t\u00eb paraqes disa nga kujtimet e mia t\u00eb shumta q\u00eb i pata me m\u00eb t\u00eb madhin e kombit dr. Ibrahim Rugov\u00ebn. P\u00ebr mua k\u00ebto kujtime shtoi z. Sadrija, edhe sot e k\u00ebsaj dite jan\u00eb ngjarje t\u00eb fresk\u00ebta por se ishin takime t\u00eb shumta, s&#8217;ka dyshim prandaj i kujtoj dhe i rr\u00ebfej me krenari dhe p\u00ebrplot nostalgji.<\/p>\n<p><img decoding=\"async\" class=\"aligncenter size-thumbnail wp-image-7236\" title=\"Akademi p\u00ebrkujtimore p\u00ebr Rugov\u00ebn\" src=\"http:\/\/www.shkoder.net\/2012\/akademi_rugova_ora12_6.jpg\" alt=\"\" width=\"450\" \/><\/p>\n<p>Por mund t\u00eb shprehem lirish se me kalimin e koh\u00ebs takimet e mia me Presidentin Rugova u ben\u00eb t\u00eb zakonshme, dhe ishin t\u00eb shpeshta pasi si\u00e7 dihet presidenti Rugova, \u00e7do vizit\u00eb t\u00eb tij q\u00eb e b\u00ebnte jasht\u00eb Kosov\u00ebs do t\u00eb ndalonte edhe n\u00eb Zvic\u00ebr, k\u00ebshtu e pata fatin e mir\u00eb ta pres\u00eb dhe ta p\u00ebrcjell n\u00eb dhjet\u00ebra vizita e udh\u00ebtime t\u00eb tija. V\u00ebshtir\u00eb \u00ebsht\u00eb t&#8217;i p\u00ebrshkruaj t\u00eb gjitha ato takime, por z. Sadrija i p\u00ebrmendi disa t\u00eb tilla q\u00eb atij i kishin l\u00ebn\u00eb mbresa m\u00eb t\u00eb m\u00ebdha.<\/p>\n<p><img decoding=\"async\" class=\"aligncenter size-thumbnail wp-image-7236\" title=\"Akademi p\u00ebrkujtimore p\u00ebr Rugov\u00ebn\" src=\"http:\/\/www.shkoder.net\/2012\/akademi_rugova_ora12_7.jpg\" alt=\"\" width=\"450\" \/><\/p>\n<p>N\u00eb pjes\u00ebn e dyt\u00eb t\u00eb k\u00ebsaj akademi u b\u00eb edhe prezantimi i krijimtaris\u00eb letrare t\u00eb veprimtarit t\u00eb LDK-s\u00eb, shkrimtarit tashm\u00eb t\u00eb afirmuar z. Shefqet Dibrani. P\u00ebr librin e tij t\u00eb fundit &#8220;11 Minuta para or\u00ebs &#8217;00&#8221;, nj\u00eb analiz\u00eb t\u00eb thukt\u00eb q\u00eb e kishte shkruar veprimtari i LDK-s\u00eb Jusuf Demaj (n\u00eb munges\u00eb t\u00eb tij) e lexoi Hajdar Sadrija, kurse profesor Sallah Januzi i b\u00ebri nj\u00eb qasje kritike librit si t\u00ebr\u00ebsi. N\u00eb fund t\u00eb pranishmit dhe organizatorin i fal\u00ebnderoi vet autori, kurse me t\u00eb pranishmit b\u00eb nj\u00eb diskutim letrar i cili vazhdoi edhe gjat\u00eb koktej t\u00eb cilin e kishin organizuar me k\u00ebt\u00eb rast!<\/p>\n<p><em>Interlaken, 21 Janar 2012<\/em><\/p>\n<p><strong>Hajdar Sadrija<\/strong><\/p>\n<p>Fotograf: <strong>Rexhep Rifati<\/strong><\/p>\n","protected":false},"excerpt":{"rendered":"<p>PRESIDENTI RUGOVA KUR VIZITAT E TIJ I B\u00cbNTE JASHT\u00cb KOSOV\u00cbS \u00c7DO HER\u00cb DO T\u00cb NDALONTE EDHE N\u00cb ZVIC\u00cbR Me rastin e 6 vjetorit t\u00eb ndarjes nga jeta t\u00eb Presidentit Historik t\u00eb Kosov\u00ebs Dr. Ibrahim Rugova, n\u00eb Interlaken (BE), u mbajt nj\u00eb akademi p\u00ebrkujtimore n\u00eb t\u00eb cil\u00ebn mor\u00ebn pjes\u00eb bashkatdhetar\u00eb t\u00eb shumt nga ky regjion dhe [&hellip;]<\/p>\n","protected":false},"author":1,"featured_media":0,"comment_status":"open","ping_status":"closed","sticky":false,"template":"","format":"standard","meta":{"footnotes":""},"categories":[2],"tags":[],"class_list":{"0":"post-1421","1":"post","2":"type-post","3":"status-publish","4":"format-standard","6":"category-artikuj"},"yoast_head":"<!-- This site is optimized with the Yoast SEO plugin v27.4 - https:\/\/yoast.com\/product\/yoast-seo-wordpress\/ -->\n<title>NGA AKADEMIA P\u00cbRKUJTIMORE, KUSHTUAR DR. RUGOV\u00cbS Q\u00cb U MBAJT N\u00cb INTERLAKEN - FjALA e LIR\u00cb - Arkivi<\/title>\n<meta name=\"robots\" content=\"index, follow, max-snippet:-1, max-image-preview:large, max-video-preview:-1\" \/>\n<link rel=\"canonical\" href=\"https:\/\/fjala.info\/2009-2015\/nga-akademia-perkujtimore-kushtuar-dr-rugoves-qe-u-mbajt-ne-interlaken\/\" \/>\n<meta property=\"og:locale\" content=\"sq_AL\" \/>\n<meta property=\"og:type\" content=\"article\" \/>\n<meta property=\"og:title\" content=\"NGA AKADEMIA P\u00cbRKUJTIMORE, KUSHTUAR DR. RUGOV\u00cbS Q\u00cb U MBAJT N\u00cb INTERLAKEN - FjALA e LIR\u00cb - Arkivi\" \/>\n<meta property=\"og:description\" content=\"PRESIDENTI RUGOVA KUR VIZITAT E TIJ I B\u00cbNTE JASHT\u00cb KOSOV\u00cbS \u00c7DO HER\u00cb DO T\u00cb NDALONTE EDHE N\u00cb ZVIC\u00cbR Me rastin e 6 vjetorit t\u00eb ndarjes nga jeta t\u00eb Presidentit Historik t\u00eb Kosov\u00ebs Dr. Ibrahim Rugova, n\u00eb Interlaken (BE), u mbajt nj\u00eb akademi p\u00ebrkujtimore n\u00eb t\u00eb cil\u00ebn mor\u00ebn pjes\u00eb bashkatdhetar\u00eb t\u00eb shumt nga ky regjion dhe [&hellip;]\" \/>\n<meta property=\"og:url\" content=\"https:\/\/fjala.info\/2009-2015\/nga-akademia-perkujtimore-kushtuar-dr-rugoves-qe-u-mbajt-ne-interlaken\/\" \/>\n<meta property=\"og:site_name\" content=\"FjALA e LIR\u00cb - Arkivi\" \/>\n<meta property=\"article:published_time\" content=\"2012-01-27T20:54:52+00:00\" \/>\n<meta property=\"og:image\" content=\"http:\/\/www.shkoder.net\/2012\/akademi_rugova_ora12.jpg\" \/>\n<meta name=\"author\" content=\"admin\" \/>\n<meta name=\"twitter:card\" content=\"summary_large_image\" \/>\n<meta name=\"twitter:label1\" content=\"Written by\" \/>\n\t<meta name=\"twitter:data1\" content=\"admin\" \/>\n\t<meta name=\"twitter:label2\" content=\"Est. reading time\" \/>\n\t<meta name=\"twitter:data2\" content=\"4 minutes\" \/>\n<script type=\"application\/ld+json\" class=\"yoast-schema-graph\">{\"@context\":\"https:\\\/\\\/schema.org\",\"@graph\":[{\"@type\":\"Article\",\"@id\":\"https:\\\/\\\/fjala.info\\\/2009-2015\\\/nga-akademia-perkujtimore-kushtuar-dr-rugoves-qe-u-mbajt-ne-interlaken\\\/#article\",\"isPartOf\":{\"@id\":\"https:\\\/\\\/fjala.info\\\/2009-2015\\\/nga-akademia-perkujtimore-kushtuar-dr-rugoves-qe-u-mbajt-ne-interlaken\\\/\"},\"author\":{\"name\":\"admin\",\"@id\":\"https:\\\/\\\/fjala.info\\\/2009-2015\\\/#\\\/schema\\\/person\\\/3aa1163ef05469c496fc94e77611ada2\"},\"headline\":\"NGA AKADEMIA P\u00cbRKUJTIMORE, KUSHTUAR DR. RUGOV\u00cbS Q\u00cb U MBAJT N\u00cb INTERLAKEN\",\"datePublished\":\"2012-01-27T20:54:52+00:00\",\"mainEntityOfPage\":{\"@id\":\"https:\\\/\\\/fjala.info\\\/2009-2015\\\/nga-akademia-perkujtimore-kushtuar-dr-rugoves-qe-u-mbajt-ne-interlaken\\\/\"},\"wordCount\":781,\"commentCount\":0,\"publisher\":{\"@id\":\"https:\\\/\\\/fjala.info\\\/2009-2015\\\/#organization\"},\"image\":{\"@id\":\"https:\\\/\\\/fjala.info\\\/2009-2015\\\/nga-akademia-perkujtimore-kushtuar-dr-rugoves-qe-u-mbajt-ne-interlaken\\\/#primaryimage\"},\"thumbnailUrl\":\"http:\\\/\\\/www.shkoder.net\\\/2012\\\/akademi_rugova_ora12.jpg\",\"articleSection\":[\"Artikuj\"],\"inLanguage\":\"sq-AL\",\"potentialAction\":[{\"@type\":\"CommentAction\",\"name\":\"Comment\",\"target\":[\"https:\\\/\\\/fjala.info\\\/2009-2015\\\/nga-akademia-perkujtimore-kushtuar-dr-rugoves-qe-u-mbajt-ne-interlaken\\\/#respond\"]}]},{\"@type\":\"WebPage\",\"@id\":\"https:\\\/\\\/fjala.info\\\/2009-2015\\\/nga-akademia-perkujtimore-kushtuar-dr-rugoves-qe-u-mbajt-ne-interlaken\\\/\",\"url\":\"https:\\\/\\\/fjala.info\\\/2009-2015\\\/nga-akademia-perkujtimore-kushtuar-dr-rugoves-qe-u-mbajt-ne-interlaken\\\/\",\"name\":\"NGA AKADEMIA P\u00cbRKUJTIMORE, KUSHTUAR DR. RUGOV\u00cbS Q\u00cb U MBAJT N\u00cb INTERLAKEN - FjALA e LIR\u00cb - Arkivi\",\"isPartOf\":{\"@id\":\"https:\\\/\\\/fjala.info\\\/2009-2015\\\/#website\"},\"primaryImageOfPage\":{\"@id\":\"https:\\\/\\\/fjala.info\\\/2009-2015\\\/nga-akademia-perkujtimore-kushtuar-dr-rugoves-qe-u-mbajt-ne-interlaken\\\/#primaryimage\"},\"image\":{\"@id\":\"https:\\\/\\\/fjala.info\\\/2009-2015\\\/nga-akademia-perkujtimore-kushtuar-dr-rugoves-qe-u-mbajt-ne-interlaken\\\/#primaryimage\"},\"thumbnailUrl\":\"http:\\\/\\\/www.shkoder.net\\\/2012\\\/akademi_rugova_ora12.jpg\",\"datePublished\":\"2012-01-27T20:54:52+00:00\",\"breadcrumb\":{\"@id\":\"https:\\\/\\\/fjala.info\\\/2009-2015\\\/nga-akademia-perkujtimore-kushtuar-dr-rugoves-qe-u-mbajt-ne-interlaken\\\/#breadcrumb\"},\"inLanguage\":\"sq-AL\",\"potentialAction\":[{\"@type\":\"ReadAction\",\"target\":[\"https:\\\/\\\/fjala.info\\\/2009-2015\\\/nga-akademia-perkujtimore-kushtuar-dr-rugoves-qe-u-mbajt-ne-interlaken\\\/\"]}]},{\"@type\":\"ImageObject\",\"inLanguage\":\"sq-AL\",\"@id\":\"https:\\\/\\\/fjala.info\\\/2009-2015\\\/nga-akademia-perkujtimore-kushtuar-dr-rugoves-qe-u-mbajt-ne-interlaken\\\/#primaryimage\",\"url\":\"http:\\\/\\\/www.shkoder.net\\\/2012\\\/akademi_rugova_ora12.jpg\",\"contentUrl\":\"http:\\\/\\\/www.shkoder.net\\\/2012\\\/akademi_rugova_ora12.jpg\"},{\"@type\":\"BreadcrumbList\",\"@id\":\"https:\\\/\\\/fjala.info\\\/2009-2015\\\/nga-akademia-perkujtimore-kushtuar-dr-rugoves-qe-u-mbajt-ne-interlaken\\\/#breadcrumb\",\"itemListElement\":[{\"@type\":\"ListItem\",\"position\":1,\"name\":\"Home\",\"item\":\"https:\\\/\\\/fjala.info\\\/2009-2015\\\/\"},{\"@type\":\"ListItem\",\"position\":2,\"name\":\"NGA AKADEMIA P\u00cbRKUJTIMORE, KUSHTUAR DR. RUGOV\u00cbS Q\u00cb U MBAJT N\u00cb INTERLAKEN\"}]},{\"@type\":\"WebSite\",\"@id\":\"https:\\\/\\\/fjala.info\\\/2009-2015\\\/#website\",\"url\":\"https:\\\/\\\/fjala.info\\\/2009-2015\\\/\",\"name\":\"FjALA e LIR\u00cb - Arkivi\",\"description\":\"Arkivi 2009-2015\",\"publisher\":{\"@id\":\"https:\\\/\\\/fjala.info\\\/2009-2015\\\/#organization\"},\"potentialAction\":[{\"@type\":\"SearchAction\",\"target\":{\"@type\":\"EntryPoint\",\"urlTemplate\":\"https:\\\/\\\/fjala.info\\\/2009-2015\\\/?s={search_term_string}\"},\"query-input\":{\"@type\":\"PropertyValueSpecification\",\"valueRequired\":true,\"valueName\":\"search_term_string\"}}],\"inLanguage\":\"sq-AL\"},{\"@type\":\"Organization\",\"@id\":\"https:\\\/\\\/fjala.info\\\/2009-2015\\\/#organization\",\"name\":\"FjALA e LIR\u00cb - Arkivi\",\"url\":\"https:\\\/\\\/fjala.info\\\/2009-2015\\\/\",\"logo\":{\"@type\":\"ImageObject\",\"inLanguage\":\"sq-AL\",\"@id\":\"https:\\\/\\\/fjala.info\\\/2009-2015\\\/#\\\/schema\\\/logo\\\/image\\\/\",\"url\":\"\",\"contentUrl\":\"\",\"caption\":\"FjALA e LIR\u00cb - Arkivi\"},\"image\":{\"@id\":\"https:\\\/\\\/fjala.info\\\/2009-2015\\\/#\\\/schema\\\/logo\\\/image\\\/\"}},{\"@type\":\"Person\",\"@id\":\"https:\\\/\\\/fjala.info\\\/2009-2015\\\/#\\\/schema\\\/person\\\/3aa1163ef05469c496fc94e77611ada2\",\"name\":\"admin\",\"image\":{\"@type\":\"ImageObject\",\"inLanguage\":\"sq-AL\",\"@id\":\"https:\\\/\\\/fjala.info\\\/2009-2015\\\/wp-content\\\/uploads\\\/2012\\\/02\\\/arben_cokaj-120x150.jpg\",\"url\":\"https:\\\/\\\/fjala.info\\\/2009-2015\\\/wp-content\\\/uploads\\\/2012\\\/02\\\/arben_cokaj-120x150.jpg\",\"contentUrl\":\"https:\\\/\\\/fjala.info\\\/2009-2015\\\/wp-content\\\/uploads\\\/2012\\\/02\\\/arben_cokaj-120x150.jpg\",\"caption\":\"admin\"},\"description\":\"Admin, Fjala e Lir\u00eb\",\"sameAs\":[\"https:\\\/\\\/fjala.info\\\/\"],\"url\":\"https:\\\/\\\/fjala.info\\\/2009-2015\\\/author\\\/admin\\\/\"}]}<\/script>\n<!-- \/ Yoast SEO plugin. -->","yoast_head_json":{"title":"NGA AKADEMIA P\u00cbRKUJTIMORE, KUSHTUAR DR. RUGOV\u00cbS Q\u00cb U MBAJT N\u00cb INTERLAKEN - FjALA e LIR\u00cb - Arkivi","robots":{"index":"index","follow":"follow","max-snippet":"max-snippet:-1","max-image-preview":"max-image-preview:large","max-video-preview":"max-video-preview:-1"},"canonical":"https:\/\/fjala.info\/2009-2015\/nga-akademia-perkujtimore-kushtuar-dr-rugoves-qe-u-mbajt-ne-interlaken\/","og_locale":"sq_AL","og_type":"article","og_title":"NGA AKADEMIA P\u00cbRKUJTIMORE, KUSHTUAR DR. RUGOV\u00cbS Q\u00cb U MBAJT N\u00cb INTERLAKEN - FjALA e LIR\u00cb - Arkivi","og_description":"PRESIDENTI RUGOVA KUR VIZITAT E TIJ I B\u00cbNTE JASHT\u00cb KOSOV\u00cbS \u00c7DO HER\u00cb DO T\u00cb NDALONTE EDHE N\u00cb ZVIC\u00cbR Me rastin e 6 vjetorit t\u00eb ndarjes nga jeta t\u00eb Presidentit Historik t\u00eb Kosov\u00ebs Dr. Ibrahim Rugova, n\u00eb Interlaken (BE), u mbajt nj\u00eb akademi p\u00ebrkujtimore n\u00eb t\u00eb cil\u00ebn mor\u00ebn pjes\u00eb bashkatdhetar\u00eb t\u00eb shumt nga ky regjion dhe [&hellip;]","og_url":"https:\/\/fjala.info\/2009-2015\/nga-akademia-perkujtimore-kushtuar-dr-rugoves-qe-u-mbajt-ne-interlaken\/","og_site_name":"FjALA e LIR\u00cb - Arkivi","article_published_time":"2012-01-27T20:54:52+00:00","og_image":[{"url":"http:\/\/www.shkoder.net\/2012\/akademi_rugova_ora12.jpg","type":"","width":"","height":""}],"author":"admin","twitter_card":"summary_large_image","twitter_misc":{"Written by":"admin","Est. reading time":"4 minutes"},"schema":{"@context":"https:\/\/schema.org","@graph":[{"@type":"Article","@id":"https:\/\/fjala.info\/2009-2015\/nga-akademia-perkujtimore-kushtuar-dr-rugoves-qe-u-mbajt-ne-interlaken\/#article","isPartOf":{"@id":"https:\/\/fjala.info\/2009-2015\/nga-akademia-perkujtimore-kushtuar-dr-rugoves-qe-u-mbajt-ne-interlaken\/"},"author":{"name":"admin","@id":"https:\/\/fjala.info\/2009-2015\/#\/schema\/person\/3aa1163ef05469c496fc94e77611ada2"},"headline":"NGA AKADEMIA P\u00cbRKUJTIMORE, KUSHTUAR DR. RUGOV\u00cbS Q\u00cb U MBAJT N\u00cb INTERLAKEN","datePublished":"2012-01-27T20:54:52+00:00","mainEntityOfPage":{"@id":"https:\/\/fjala.info\/2009-2015\/nga-akademia-perkujtimore-kushtuar-dr-rugoves-qe-u-mbajt-ne-interlaken\/"},"wordCount":781,"commentCount":0,"publisher":{"@id":"https:\/\/fjala.info\/2009-2015\/#organization"},"image":{"@id":"https:\/\/fjala.info\/2009-2015\/nga-akademia-perkujtimore-kushtuar-dr-rugoves-qe-u-mbajt-ne-interlaken\/#primaryimage"},"thumbnailUrl":"http:\/\/www.shkoder.net\/2012\/akademi_rugova_ora12.jpg","articleSection":["Artikuj"],"inLanguage":"sq-AL","potentialAction":[{"@type":"CommentAction","name":"Comment","target":["https:\/\/fjala.info\/2009-2015\/nga-akademia-perkujtimore-kushtuar-dr-rugoves-qe-u-mbajt-ne-interlaken\/#respond"]}]},{"@type":"WebPage","@id":"https:\/\/fjala.info\/2009-2015\/nga-akademia-perkujtimore-kushtuar-dr-rugoves-qe-u-mbajt-ne-interlaken\/","url":"https:\/\/fjala.info\/2009-2015\/nga-akademia-perkujtimore-kushtuar-dr-rugoves-qe-u-mbajt-ne-interlaken\/","name":"NGA AKADEMIA P\u00cbRKUJTIMORE, KUSHTUAR DR. RUGOV\u00cbS Q\u00cb U MBAJT N\u00cb INTERLAKEN - FjALA e LIR\u00cb - Arkivi","isPartOf":{"@id":"https:\/\/fjala.info\/2009-2015\/#website"},"primaryImageOfPage":{"@id":"https:\/\/fjala.info\/2009-2015\/nga-akademia-perkujtimore-kushtuar-dr-rugoves-qe-u-mbajt-ne-interlaken\/#primaryimage"},"image":{"@id":"https:\/\/fjala.info\/2009-2015\/nga-akademia-perkujtimore-kushtuar-dr-rugoves-qe-u-mbajt-ne-interlaken\/#primaryimage"},"thumbnailUrl":"http:\/\/www.shkoder.net\/2012\/akademi_rugova_ora12.jpg","datePublished":"2012-01-27T20:54:52+00:00","breadcrumb":{"@id":"https:\/\/fjala.info\/2009-2015\/nga-akademia-perkujtimore-kushtuar-dr-rugoves-qe-u-mbajt-ne-interlaken\/#breadcrumb"},"inLanguage":"sq-AL","potentialAction":[{"@type":"ReadAction","target":["https:\/\/fjala.info\/2009-2015\/nga-akademia-perkujtimore-kushtuar-dr-rugoves-qe-u-mbajt-ne-interlaken\/"]}]},{"@type":"ImageObject","inLanguage":"sq-AL","@id":"https:\/\/fjala.info\/2009-2015\/nga-akademia-perkujtimore-kushtuar-dr-rugoves-qe-u-mbajt-ne-interlaken\/#primaryimage","url":"http:\/\/www.shkoder.net\/2012\/akademi_rugova_ora12.jpg","contentUrl":"http:\/\/www.shkoder.net\/2012\/akademi_rugova_ora12.jpg"},{"@type":"BreadcrumbList","@id":"https:\/\/fjala.info\/2009-2015\/nga-akademia-perkujtimore-kushtuar-dr-rugoves-qe-u-mbajt-ne-interlaken\/#breadcrumb","itemListElement":[{"@type":"ListItem","position":1,"name":"Home","item":"https:\/\/fjala.info\/2009-2015\/"},{"@type":"ListItem","position":2,"name":"NGA AKADEMIA P\u00cbRKUJTIMORE, KUSHTUAR DR. RUGOV\u00cbS Q\u00cb U MBAJT N\u00cb INTERLAKEN"}]},{"@type":"WebSite","@id":"https:\/\/fjala.info\/2009-2015\/#website","url":"https:\/\/fjala.info\/2009-2015\/","name":"FjALA e LIR\u00cb - Arkivi","description":"Arkivi 2009-2015","publisher":{"@id":"https:\/\/fjala.info\/2009-2015\/#organization"},"potentialAction":[{"@type":"SearchAction","target":{"@type":"EntryPoint","urlTemplate":"https:\/\/fjala.info\/2009-2015\/?s={search_term_string}"},"query-input":{"@type":"PropertyValueSpecification","valueRequired":true,"valueName":"search_term_string"}}],"inLanguage":"sq-AL"},{"@type":"Organization","@id":"https:\/\/fjala.info\/2009-2015\/#organization","name":"FjALA e LIR\u00cb - Arkivi","url":"https:\/\/fjala.info\/2009-2015\/","logo":{"@type":"ImageObject","inLanguage":"sq-AL","@id":"https:\/\/fjala.info\/2009-2015\/#\/schema\/logo\/image\/","url":"","contentUrl":"","caption":"FjALA e LIR\u00cb - Arkivi"},"image":{"@id":"https:\/\/fjala.info\/2009-2015\/#\/schema\/logo\/image\/"}},{"@type":"Person","@id":"https:\/\/fjala.info\/2009-2015\/#\/schema\/person\/3aa1163ef05469c496fc94e77611ada2","name":"admin","image":{"@type":"ImageObject","inLanguage":"sq-AL","@id":"https:\/\/fjala.info\/2009-2015\/wp-content\/uploads\/2012\/02\/arben_cokaj-120x150.jpg","url":"https:\/\/fjala.info\/2009-2015\/wp-content\/uploads\/2012\/02\/arben_cokaj-120x150.jpg","contentUrl":"https:\/\/fjala.info\/2009-2015\/wp-content\/uploads\/2012\/02\/arben_cokaj-120x150.jpg","caption":"admin"},"description":"Admin, Fjala e Lir\u00eb","sameAs":["https:\/\/fjala.info\/"],"url":"https:\/\/fjala.info\/2009-2015\/author\/admin\/"}]}},"_links":{"self":[{"href":"https:\/\/fjala.info\/2009-2015\/wp-json\/wp\/v2\/posts\/1421","targetHints":{"allow":["GET"]}}],"collection":[{"href":"https:\/\/fjala.info\/2009-2015\/wp-json\/wp\/v2\/posts"}],"about":[{"href":"https:\/\/fjala.info\/2009-2015\/wp-json\/wp\/v2\/types\/post"}],"author":[{"embeddable":true,"href":"https:\/\/fjala.info\/2009-2015\/wp-json\/wp\/v2\/users\/1"}],"replies":[{"embeddable":true,"href":"https:\/\/fjala.info\/2009-2015\/wp-json\/wp\/v2\/comments?post=1421"}],"version-history":[{"count":0,"href":"https:\/\/fjala.info\/2009-2015\/wp-json\/wp\/v2\/posts\/1421\/revisions"}],"wp:attachment":[{"href":"https:\/\/fjala.info\/2009-2015\/wp-json\/wp\/v2\/media?parent=1421"}],"wp:term":[{"taxonomy":"category","embeddable":true,"href":"https:\/\/fjala.info\/2009-2015\/wp-json\/wp\/v2\/categories?post=1421"},{"taxonomy":"post_tag","embeddable":true,"href":"https:\/\/fjala.info\/2009-2015\/wp-json\/wp\/v2\/tags?post=1421"}],"curies":[{"name":"wp","href":"https:\/\/api.w.org\/{rel}","templated":true}]}}