{"id":14126,"date":"2015-05-13T06:37:53","date_gmt":"2015-05-13T05:37:53","guid":{"rendered":"http:\/\/www.fjala.info\/?p=3638"},"modified":"2015-05-13T06:37:53","modified_gmt":"2015-05-13T05:37:53","slug":"te-renet-e-kumanoves-poezi-promemoriale","status":"publish","type":"post","link":"https:\/\/fjala.info\/2009-2015\/te-renet-e-kumanoves-poezi-promemoriale\/","title":{"rendered":"T\u00cb R\u00cbN\u00cbT E KUMANOV\u00cbS &#8211; poezi promemoriale"},"content":{"rendered":"<p><strong>T\u00cb R\u00cbN\u00cbT E KUMANOV\u00cbS &#8211; poezi promemoriale<\/strong><br \/>\n<img decoding=\"async\" class=\"alignright\" title=\"Rrustem Geci\" src=\"http:\/\/www.fjala.info\/2015\/rrustem_geci2.jpg\" alt=\"\" width=\"200\" \/><br \/>\n&#8211; <em>Liri, duam nj\u00eb t\u00eb bukur q\u00eb ka hijeshin\u00eb e vet<br \/>\ndhe nj\u00eb diell Kuq e Zi mbi t\u00ebr\u00eb atdheun!&#8230;<\/em><\/p>\n<p>Ju q\u00eb U\u00c7K-\u00ebn e Kumanov\u00ebs akuzoni<br \/>\ndhe vras\u00ebsit i mbroni q\u00eb k\u00ebtu vrasin<br \/>\nmos u b\u00ebni dor\u00eb e t\u00eb p\u00ebrgjakurit<\/p>\n<p>Maqedonia nuk ka histori t\u00eb veten<br \/>\ndhe vret tjetrin q\u00eb di t\u00eb dashuron<br \/>\nD\u00ebgjoni o shtetar t\u00eb t\u00eb p\u00ebrgjakurit<br \/>\nprej tan\u00ebve liris\u00eb goja po i merret,q\u00eb<br \/>\natdheun e jepni p\u00ebr t\u00eb ngr\u00ebn\u00eb e pir\u00eb<br \/>\nparaja p\u00ebr ju \u00ebsht\u00eb m\u00eb e shenjta, dhe<br \/>\ntrupat tuaj veshur me kostum mode<br \/>\nnuk ua mbulojn\u00eb krimin prej xhelati<\/p>\n<p>Shqiptar n\u00eb Qeverin\u00eb e Gruevskit<br \/>\nju jeni jasht\u00eb detyr\u00ebs q\u00eb k\u00ebrkon \u00e7asti<br \/>\nju q\u00eb i keni ra n\u00eb qaf\u00eb popullit tuaj<br \/>\nD\u00ebgjojeni U\u00c7K- n\u00eb n\u00eb Kumanov\u00eb<br \/>\nthirrjet e atyre q\u00eb po vdesin p\u00ebr liri<br \/>\nmos u frikoni nga eg\u00ebrsi e armikut<br \/>\nn\u00eb k\u00ebmb\u00eb burra, n\u00eb k\u00ebmb\u00eb Kosov\u00eb<br \/>\nkudo An\u00ebs Vardarit jan\u00eb tokat tona<\/p>\n<p>Ky \u00ebsht\u00eb z\u00ebri n\u00ebn lot i Kumanov\u00ebs<br \/>\nz\u00ebri n\u00ebn lot i Preshev\u00ebs, Medvegjes<br \/>\nBashkohuni shqiptar! Pa\u00e7ka se do<br \/>\nt\u00eb vdesim p\u00ebr nj\u00eb t\u00eb bukur t\u00eb dashur<br \/>\ndurimi n\u00eb histori nuk \u00ebsht\u00eb asgj\u00eb<br \/>\njet\u00eb e madhe quhet kur je n\u00eb betej\u00eb<\/p>\n<p>Popull, rr\u00ebxoj sulltan\u00ebt e korruptuar<br \/>\nprej tyre liris\u00eb goja sot po i merret<br \/>\nJu q\u00eb i keni ra n\u00eb qaf\u00eb \u00e7lirimtar\u00ebve<br \/>\ndhe atdheun e shitni p\u00ebr plancin tuaj<br \/>\ndhe i dhjeni n\u00eb dinjitet k\u00ebtij populli<br \/>\nn\u00eb k\u00ebmb\u00eb Shkup, n\u00eb k\u00ebmb\u00eb shqiptar<br \/>\nprej tuve liris\u00eb goja sot po i merret!..<\/p>\n<p><em>Rrustem Geci &#8211; Dortmund, Maj, 2015<\/em><\/p>\n","protected":false},"excerpt":{"rendered":"<p>T\u00cb R\u00cbN\u00cbT E KUMANOV\u00cbS &#8211; poezi promemoriale &#8211; Liri, duam nj\u00eb t\u00eb bukur q\u00eb ka hijeshin\u00eb e vet dhe nj\u00eb diell Kuq e Zi mbi t\u00ebr\u00eb atdheun!&#8230; Ju q\u00eb U\u00c7K-\u00ebn e Kumanov\u00ebs akuzoni dhe vras\u00ebsit i mbroni q\u00eb k\u00ebtu vrasin mos u b\u00ebni dor\u00eb e t\u00eb p\u00ebrgjakurit Maqedonia nuk ka histori t\u00eb veten dhe vret [&hellip;]<\/p>\n","protected":false},"author":1,"featured_media":0,"comment_status":"open","ping_status":"closed","sticky":false,"template":"","format":"standard","meta":{"footnotes":""},"categories":[7,9],"tags":[],"class_list":{"0":"post-14126","1":"post","2":"type-post","3":"status-publish","4":"format-standard","6":"category-letersi","7":"category-poezi"},"yoast_head":"<!-- This site is optimized with the Yoast SEO plugin v27.4 - https:\/\/yoast.com\/product\/yoast-seo-wordpress\/ -->\n<title>T\u00cb R\u00cbN\u00cbT E KUMANOV\u00cbS - poezi promemoriale - FjALA e LIR\u00cb - Arkivi<\/title>\n<meta name=\"robots\" content=\"index, follow, max-snippet:-1, max-image-preview:large, max-video-preview:-1\" \/>\n<link rel=\"canonical\" href=\"https:\/\/fjala.info\/2009-2015\/te-renet-e-kumanoves-poezi-promemoriale\/\" \/>\n<meta property=\"og:locale\" content=\"sq_AL\" \/>\n<meta property=\"og:type\" content=\"article\" \/>\n<meta property=\"og:title\" content=\"T\u00cb R\u00cbN\u00cbT E KUMANOV\u00cbS - poezi promemoriale - FjALA e LIR\u00cb - Arkivi\" \/>\n<meta property=\"og:description\" content=\"T\u00cb R\u00cbN\u00cbT E KUMANOV\u00cbS &#8211; poezi promemoriale &#8211; Liri, duam nj\u00eb t\u00eb bukur q\u00eb ka hijeshin\u00eb e vet dhe nj\u00eb diell Kuq e Zi mbi t\u00ebr\u00eb atdheun!&#8230; Ju q\u00eb U\u00c7K-\u00ebn e Kumanov\u00ebs akuzoni dhe vras\u00ebsit i mbroni q\u00eb k\u00ebtu vrasin mos u b\u00ebni dor\u00eb e t\u00eb p\u00ebrgjakurit Maqedonia nuk ka histori t\u00eb veten dhe vret [&hellip;]\" \/>\n<meta property=\"og:url\" content=\"https:\/\/fjala.info\/2009-2015\/te-renet-e-kumanoves-poezi-promemoriale\/\" \/>\n<meta property=\"og:site_name\" content=\"FjALA e LIR\u00cb - Arkivi\" \/>\n<meta property=\"article:published_time\" content=\"2015-05-13T05:37:53+00:00\" \/>\n<meta property=\"og:image\" content=\"http:\/\/www.fjala.info\/2015\/rrustem_geci2.jpg\" \/>\n<meta name=\"author\" content=\"admin\" \/>\n<meta name=\"twitter:card\" content=\"summary_large_image\" \/>\n<meta name=\"twitter:label1\" content=\"Written by\" \/>\n\t<meta name=\"twitter:data1\" content=\"admin\" \/>\n\t<meta name=\"twitter:label2\" content=\"Est. reading time\" \/>\n\t<meta name=\"twitter:data2\" content=\"1 minute\" \/>\n<script type=\"application\/ld+json\" class=\"yoast-schema-graph\">{\"@context\":\"https:\\\/\\\/schema.org\",\"@graph\":[{\"@type\":\"Article\",\"@id\":\"https:\\\/\\\/fjala.info\\\/2009-2015\\\/te-renet-e-kumanoves-poezi-promemoriale\\\/#article\",\"isPartOf\":{\"@id\":\"https:\\\/\\\/fjala.info\\\/2009-2015\\\/te-renet-e-kumanoves-poezi-promemoriale\\\/\"},\"author\":{\"name\":\"admin\",\"@id\":\"https:\\\/\\\/fjala.info\\\/2009-2015\\\/#\\\/schema\\\/person\\\/3aa1163ef05469c496fc94e77611ada2\"},\"headline\":\"T\u00cb R\u00cbN\u00cbT E KUMANOV\u00cbS &#8211; poezi promemoriale\",\"datePublished\":\"2015-05-13T05:37:53+00:00\",\"mainEntityOfPage\":{\"@id\":\"https:\\\/\\\/fjala.info\\\/2009-2015\\\/te-renet-e-kumanoves-poezi-promemoriale\\\/\"},\"wordCount\":300,\"commentCount\":0,\"publisher\":{\"@id\":\"https:\\\/\\\/fjala.info\\\/2009-2015\\\/#organization\"},\"image\":{\"@id\":\"https:\\\/\\\/fjala.info\\\/2009-2015\\\/te-renet-e-kumanoves-poezi-promemoriale\\\/#primaryimage\"},\"thumbnailUrl\":\"http:\\\/\\\/www.fjala.info\\\/2015\\\/rrustem_geci2.jpg\",\"articleSection\":[\"Let\u00ebrsi\",\"Poezi\"],\"inLanguage\":\"sq-AL\",\"potentialAction\":[{\"@type\":\"CommentAction\",\"name\":\"Comment\",\"target\":[\"https:\\\/\\\/fjala.info\\\/2009-2015\\\/te-renet-e-kumanoves-poezi-promemoriale\\\/#respond\"]}]},{\"@type\":\"WebPage\",\"@id\":\"https:\\\/\\\/fjala.info\\\/2009-2015\\\/te-renet-e-kumanoves-poezi-promemoriale\\\/\",\"url\":\"https:\\\/\\\/fjala.info\\\/2009-2015\\\/te-renet-e-kumanoves-poezi-promemoriale\\\/\",\"name\":\"T\u00cb R\u00cbN\u00cbT E KUMANOV\u00cbS - poezi promemoriale - FjALA e LIR\u00cb - Arkivi\",\"isPartOf\":{\"@id\":\"https:\\\/\\\/fjala.info\\\/2009-2015\\\/#website\"},\"primaryImageOfPage\":{\"@id\":\"https:\\\/\\\/fjala.info\\\/2009-2015\\\/te-renet-e-kumanoves-poezi-promemoriale\\\/#primaryimage\"},\"image\":{\"@id\":\"https:\\\/\\\/fjala.info\\\/2009-2015\\\/te-renet-e-kumanoves-poezi-promemoriale\\\/#primaryimage\"},\"thumbnailUrl\":\"http:\\\/\\\/www.fjala.info\\\/2015\\\/rrustem_geci2.jpg\",\"datePublished\":\"2015-05-13T05:37:53+00:00\",\"breadcrumb\":{\"@id\":\"https:\\\/\\\/fjala.info\\\/2009-2015\\\/te-renet-e-kumanoves-poezi-promemoriale\\\/#breadcrumb\"},\"inLanguage\":\"sq-AL\",\"potentialAction\":[{\"@type\":\"ReadAction\",\"target\":[\"https:\\\/\\\/fjala.info\\\/2009-2015\\\/te-renet-e-kumanoves-poezi-promemoriale\\\/\"]}]},{\"@type\":\"ImageObject\",\"inLanguage\":\"sq-AL\",\"@id\":\"https:\\\/\\\/fjala.info\\\/2009-2015\\\/te-renet-e-kumanoves-poezi-promemoriale\\\/#primaryimage\",\"url\":\"http:\\\/\\\/www.fjala.info\\\/2015\\\/rrustem_geci2.jpg\",\"contentUrl\":\"http:\\\/\\\/www.fjala.info\\\/2015\\\/rrustem_geci2.jpg\"},{\"@type\":\"BreadcrumbList\",\"@id\":\"https:\\\/\\\/fjala.info\\\/2009-2015\\\/te-renet-e-kumanoves-poezi-promemoriale\\\/#breadcrumb\",\"itemListElement\":[{\"@type\":\"ListItem\",\"position\":1,\"name\":\"Home\",\"item\":\"https:\\\/\\\/fjala.info\\\/2009-2015\\\/\"},{\"@type\":\"ListItem\",\"position\":2,\"name\":\"T\u00cb R\u00cbN\u00cbT E KUMANOV\u00cbS &#8211; poezi promemoriale\"}]},{\"@type\":\"WebSite\",\"@id\":\"https:\\\/\\\/fjala.info\\\/2009-2015\\\/#website\",\"url\":\"https:\\\/\\\/fjala.info\\\/2009-2015\\\/\",\"name\":\"FjALA e LIR\u00cb - Arkivi\",\"description\":\"Arkivi 2009-2015\",\"publisher\":{\"@id\":\"https:\\\/\\\/fjala.info\\\/2009-2015\\\/#organization\"},\"potentialAction\":[{\"@type\":\"SearchAction\",\"target\":{\"@type\":\"EntryPoint\",\"urlTemplate\":\"https:\\\/\\\/fjala.info\\\/2009-2015\\\/?s={search_term_string}\"},\"query-input\":{\"@type\":\"PropertyValueSpecification\",\"valueRequired\":true,\"valueName\":\"search_term_string\"}}],\"inLanguage\":\"sq-AL\"},{\"@type\":\"Organization\",\"@id\":\"https:\\\/\\\/fjala.info\\\/2009-2015\\\/#organization\",\"name\":\"FjALA e LIR\u00cb - Arkivi\",\"url\":\"https:\\\/\\\/fjala.info\\\/2009-2015\\\/\",\"logo\":{\"@type\":\"ImageObject\",\"inLanguage\":\"sq-AL\",\"@id\":\"https:\\\/\\\/fjala.info\\\/2009-2015\\\/#\\\/schema\\\/logo\\\/image\\\/\",\"url\":\"\",\"contentUrl\":\"\",\"caption\":\"FjALA e LIR\u00cb - Arkivi\"},\"image\":{\"@id\":\"https:\\\/\\\/fjala.info\\\/2009-2015\\\/#\\\/schema\\\/logo\\\/image\\\/\"}},{\"@type\":\"Person\",\"@id\":\"https:\\\/\\\/fjala.info\\\/2009-2015\\\/#\\\/schema\\\/person\\\/3aa1163ef05469c496fc94e77611ada2\",\"name\":\"admin\",\"image\":{\"@type\":\"ImageObject\",\"inLanguage\":\"sq-AL\",\"@id\":\"https:\\\/\\\/fjala.info\\\/2009-2015\\\/wp-content\\\/uploads\\\/2012\\\/02\\\/arben_cokaj-120x150.jpg\",\"url\":\"https:\\\/\\\/fjala.info\\\/2009-2015\\\/wp-content\\\/uploads\\\/2012\\\/02\\\/arben_cokaj-120x150.jpg\",\"contentUrl\":\"https:\\\/\\\/fjala.info\\\/2009-2015\\\/wp-content\\\/uploads\\\/2012\\\/02\\\/arben_cokaj-120x150.jpg\",\"caption\":\"admin\"},\"description\":\"Admin, Fjala e Lir\u00eb\",\"sameAs\":[\"https:\\\/\\\/fjala.info\\\/\"],\"url\":\"https:\\\/\\\/fjala.info\\\/2009-2015\\\/author\\\/admin\\\/\"}]}<\/script>\n<!-- \/ Yoast SEO plugin. -->","yoast_head_json":{"title":"T\u00cb R\u00cbN\u00cbT E KUMANOV\u00cbS - poezi promemoriale - FjALA e LIR\u00cb - Arkivi","robots":{"index":"index","follow":"follow","max-snippet":"max-snippet:-1","max-image-preview":"max-image-preview:large","max-video-preview":"max-video-preview:-1"},"canonical":"https:\/\/fjala.info\/2009-2015\/te-renet-e-kumanoves-poezi-promemoriale\/","og_locale":"sq_AL","og_type":"article","og_title":"T\u00cb R\u00cbN\u00cbT E KUMANOV\u00cbS - poezi promemoriale - FjALA e LIR\u00cb - Arkivi","og_description":"T\u00cb R\u00cbN\u00cbT E KUMANOV\u00cbS &#8211; poezi promemoriale &#8211; Liri, duam nj\u00eb t\u00eb bukur q\u00eb ka hijeshin\u00eb e vet dhe nj\u00eb diell Kuq e Zi mbi t\u00ebr\u00eb atdheun!&#8230; Ju q\u00eb U\u00c7K-\u00ebn e Kumanov\u00ebs akuzoni dhe vras\u00ebsit i mbroni q\u00eb k\u00ebtu vrasin mos u b\u00ebni dor\u00eb e t\u00eb p\u00ebrgjakurit Maqedonia nuk ka histori t\u00eb veten dhe vret [&hellip;]","og_url":"https:\/\/fjala.info\/2009-2015\/te-renet-e-kumanoves-poezi-promemoriale\/","og_site_name":"FjALA e LIR\u00cb - Arkivi","article_published_time":"2015-05-13T05:37:53+00:00","og_image":[{"url":"http:\/\/www.fjala.info\/2015\/rrustem_geci2.jpg","type":"","width":"","height":""}],"author":"admin","twitter_card":"summary_large_image","twitter_misc":{"Written by":"admin","Est. reading time":"1 minute"},"schema":{"@context":"https:\/\/schema.org","@graph":[{"@type":"Article","@id":"https:\/\/fjala.info\/2009-2015\/te-renet-e-kumanoves-poezi-promemoriale\/#article","isPartOf":{"@id":"https:\/\/fjala.info\/2009-2015\/te-renet-e-kumanoves-poezi-promemoriale\/"},"author":{"name":"admin","@id":"https:\/\/fjala.info\/2009-2015\/#\/schema\/person\/3aa1163ef05469c496fc94e77611ada2"},"headline":"T\u00cb R\u00cbN\u00cbT E KUMANOV\u00cbS &#8211; poezi promemoriale","datePublished":"2015-05-13T05:37:53+00:00","mainEntityOfPage":{"@id":"https:\/\/fjala.info\/2009-2015\/te-renet-e-kumanoves-poezi-promemoriale\/"},"wordCount":300,"commentCount":0,"publisher":{"@id":"https:\/\/fjala.info\/2009-2015\/#organization"},"image":{"@id":"https:\/\/fjala.info\/2009-2015\/te-renet-e-kumanoves-poezi-promemoriale\/#primaryimage"},"thumbnailUrl":"http:\/\/www.fjala.info\/2015\/rrustem_geci2.jpg","articleSection":["Let\u00ebrsi","Poezi"],"inLanguage":"sq-AL","potentialAction":[{"@type":"CommentAction","name":"Comment","target":["https:\/\/fjala.info\/2009-2015\/te-renet-e-kumanoves-poezi-promemoriale\/#respond"]}]},{"@type":"WebPage","@id":"https:\/\/fjala.info\/2009-2015\/te-renet-e-kumanoves-poezi-promemoriale\/","url":"https:\/\/fjala.info\/2009-2015\/te-renet-e-kumanoves-poezi-promemoriale\/","name":"T\u00cb R\u00cbN\u00cbT E KUMANOV\u00cbS - poezi promemoriale - FjALA e LIR\u00cb - Arkivi","isPartOf":{"@id":"https:\/\/fjala.info\/2009-2015\/#website"},"primaryImageOfPage":{"@id":"https:\/\/fjala.info\/2009-2015\/te-renet-e-kumanoves-poezi-promemoriale\/#primaryimage"},"image":{"@id":"https:\/\/fjala.info\/2009-2015\/te-renet-e-kumanoves-poezi-promemoriale\/#primaryimage"},"thumbnailUrl":"http:\/\/www.fjala.info\/2015\/rrustem_geci2.jpg","datePublished":"2015-05-13T05:37:53+00:00","breadcrumb":{"@id":"https:\/\/fjala.info\/2009-2015\/te-renet-e-kumanoves-poezi-promemoriale\/#breadcrumb"},"inLanguage":"sq-AL","potentialAction":[{"@type":"ReadAction","target":["https:\/\/fjala.info\/2009-2015\/te-renet-e-kumanoves-poezi-promemoriale\/"]}]},{"@type":"ImageObject","inLanguage":"sq-AL","@id":"https:\/\/fjala.info\/2009-2015\/te-renet-e-kumanoves-poezi-promemoriale\/#primaryimage","url":"http:\/\/www.fjala.info\/2015\/rrustem_geci2.jpg","contentUrl":"http:\/\/www.fjala.info\/2015\/rrustem_geci2.jpg"},{"@type":"BreadcrumbList","@id":"https:\/\/fjala.info\/2009-2015\/te-renet-e-kumanoves-poezi-promemoriale\/#breadcrumb","itemListElement":[{"@type":"ListItem","position":1,"name":"Home","item":"https:\/\/fjala.info\/2009-2015\/"},{"@type":"ListItem","position":2,"name":"T\u00cb R\u00cbN\u00cbT E KUMANOV\u00cbS &#8211; poezi promemoriale"}]},{"@type":"WebSite","@id":"https:\/\/fjala.info\/2009-2015\/#website","url":"https:\/\/fjala.info\/2009-2015\/","name":"FjALA e LIR\u00cb - Arkivi","description":"Arkivi 2009-2015","publisher":{"@id":"https:\/\/fjala.info\/2009-2015\/#organization"},"potentialAction":[{"@type":"SearchAction","target":{"@type":"EntryPoint","urlTemplate":"https:\/\/fjala.info\/2009-2015\/?s={search_term_string}"},"query-input":{"@type":"PropertyValueSpecification","valueRequired":true,"valueName":"search_term_string"}}],"inLanguage":"sq-AL"},{"@type":"Organization","@id":"https:\/\/fjala.info\/2009-2015\/#organization","name":"FjALA e LIR\u00cb - Arkivi","url":"https:\/\/fjala.info\/2009-2015\/","logo":{"@type":"ImageObject","inLanguage":"sq-AL","@id":"https:\/\/fjala.info\/2009-2015\/#\/schema\/logo\/image\/","url":"","contentUrl":"","caption":"FjALA e LIR\u00cb - Arkivi"},"image":{"@id":"https:\/\/fjala.info\/2009-2015\/#\/schema\/logo\/image\/"}},{"@type":"Person","@id":"https:\/\/fjala.info\/2009-2015\/#\/schema\/person\/3aa1163ef05469c496fc94e77611ada2","name":"admin","image":{"@type":"ImageObject","inLanguage":"sq-AL","@id":"https:\/\/fjala.info\/2009-2015\/wp-content\/uploads\/2012\/02\/arben_cokaj-120x150.jpg","url":"https:\/\/fjala.info\/2009-2015\/wp-content\/uploads\/2012\/02\/arben_cokaj-120x150.jpg","contentUrl":"https:\/\/fjala.info\/2009-2015\/wp-content\/uploads\/2012\/02\/arben_cokaj-120x150.jpg","caption":"admin"},"description":"Admin, Fjala e Lir\u00eb","sameAs":["https:\/\/fjala.info\/"],"url":"https:\/\/fjala.info\/2009-2015\/author\/admin\/"}]}},"_links":{"self":[{"href":"https:\/\/fjala.info\/2009-2015\/wp-json\/wp\/v2\/posts\/14126","targetHints":{"allow":["GET"]}}],"collection":[{"href":"https:\/\/fjala.info\/2009-2015\/wp-json\/wp\/v2\/posts"}],"about":[{"href":"https:\/\/fjala.info\/2009-2015\/wp-json\/wp\/v2\/types\/post"}],"author":[{"embeddable":true,"href":"https:\/\/fjala.info\/2009-2015\/wp-json\/wp\/v2\/users\/1"}],"replies":[{"embeddable":true,"href":"https:\/\/fjala.info\/2009-2015\/wp-json\/wp\/v2\/comments?post=14126"}],"version-history":[{"count":0,"href":"https:\/\/fjala.info\/2009-2015\/wp-json\/wp\/v2\/posts\/14126\/revisions"}],"wp:attachment":[{"href":"https:\/\/fjala.info\/2009-2015\/wp-json\/wp\/v2\/media?parent=14126"}],"wp:term":[{"taxonomy":"category","embeddable":true,"href":"https:\/\/fjala.info\/2009-2015\/wp-json\/wp\/v2\/categories?post=14126"},{"taxonomy":"post_tag","embeddable":true,"href":"https:\/\/fjala.info\/2009-2015\/wp-json\/wp\/v2\/tags?post=14126"}],"curies":[{"name":"wp","href":"https:\/\/api.w.org\/{rel}","templated":true}]}}