{"id":14112,"date":"2015-05-01T14:15:16","date_gmt":"2015-05-01T13:15:16","guid":{"rendered":"http:\/\/www.fjala.info\/?p=3567"},"modified":"2015-05-01T14:15:16","modified_gmt":"2015-05-01T13:15:16","slug":"u-kremtua-solemnisht-dita-e-shen-jozefit-punetor-patron-i-stublles","status":"publish","type":"post","link":"https:\/\/fjala.info\/2009-2015\/u-kremtua-solemnisht-dita-e-shen-jozefit-punetor-patron-i-stublles\/","title":{"rendered":"U KREMTUA SOLEMNISHT DITA E SH\u00cbN JOZEFIT PUN\u00cbTOR, PATRON I STUBLL\u00cbS"},"content":{"rendered":"<p><strong>N\u00eb kish\u00ebn famullitare n\u00eb Stub\u00ebll<\/strong>:<br \/>\n<img decoding=\"async\" class=\"aligncenter\" src=\"http:\/\/www.fjala.info\/2015\/meshe_stubell.jpg\" alt=\"Mesh\u00eb n\u00eb Stub\u00ebll\" width=\"500\" \/><br \/>\n<em>Mesh\u00ebs s\u00eb madhe solemne, bashk\u00eb me famullitarin ton\u00eb Dom Albert Jakaj, me Dom Aleksand\u00ebr Kola, Dom Dr Gjergj Gjergji dhe Dom Kastriot Gjoni, i priu famullitari i Ferizajit e drejtor i CARITAS-it t\u00eb Kosov\u00ebs, Dom Viktor Sopi. Dom Viktori ka folur p\u00ebr figur\u00ebn madhore t\u00eb Shenjtit t\u00eb mir\u00eb \u2013 pajtorit ton\u00eb, Sh\u00ebn Jozefit dhe iu sugjeroi besimtar\u00ebve q\u00eb ta ken\u00eb n\u00eb jet\u00eb si shembull p\u00ebrditshm\u00ebrie.<\/em><\/p>\n<p><img decoding=\"async\" class=\"alignright\" src=\"http:\/\/www.fjala.info\/2015\/engjell_koliqi1.jpg\" alt=\"Engj\u00ebll KOLIQI\" width=\"150\" \/> Shkruan: <strong>Engj\u00ebll KOLIQI<\/strong>, <em>Stub\u00ebll, 1 maj 2015<\/em><\/p>\n<p>Sot, m\u00eb 1 maj 2015, n\u00eb Dit\u00ebn Nd\u00ebrkomb\u00ebtare t\u00eb Pun\u00ebs, n\u00eb kish\u00ebn famullitare t\u00eb Stubll\u00ebs, u kremtua festa e pajtorit t\u00eb k\u00ebsaj famullie \u2013 Sh\u00ebn Jozefit Pun\u00ebtor. Kishin ardhur p\u00ebr k\u00ebt\u00eb fest\u00eb qind\u00ebra besimtar\u00eb, nga famullit\u00eb tjera t\u00eb Kosov\u00ebs, sa q\u00eb kisha dukej e vog\u00ebl t\u2019i z\u00ebj\u00eb t\u00eb gjith\u00eb besimtar\u00ebt. Mesh\u00ebn e madhe solemne e celebruan pes\u00eb prift\u00ebrinj\u00eb: Dom Aleksand\u00ebr Kola, Dom Dr Gjergj Gjergji, Dom Kastriot Gjoni, famullitari i Stubll\u00ebs Dom Albert Jakaj dhe Dom Viktor Sopi, i cili e udh\u00ebhoqi Mesh\u00ebn e Shenjt\u00eb.<br \/>\n<img decoding=\"async\" class=\"aligncenter\" src=\"http:\/\/www.fjala.info\/2015\/meshe_stubell1.jpg\" alt=\"Mesh\u00eb n\u00eb Stub\u00ebll\" width=\"230\" \/><br \/>\n<img decoding=\"async\" class=\"aligncenter\" src=\"http:\/\/www.fjala.info\/2015\/meshe_stubell2.jpg\" alt=\"Mesh\u00eb n\u00eb Stub\u00ebll\" width=\"230\" \/><br \/>\n<img decoding=\"async\" class=\"aligncenter\" src=\"http:\/\/www.fjala.info\/2015\/meshe_stubell3.jpg\" alt=\"Mesh\u00eb n\u00eb Stub\u00ebll\" width=\"230\" \/><br \/>\n<img decoding=\"async\" class=\"aligncenter\" src=\"http:\/\/www.fjala.info\/2015\/meshe_stubell4.jpg\" alt=\"Mesh\u00eb n\u00eb Stub\u00ebll\" width=\"230\" \/><br \/>\nT\u00eb rinjt\u00eb e Stubll\u00ebs lexuan leximet dhe lutjet n\u00eb mesh\u00eb, kurse leximi i ungjillit iu besua priftit m\u00eb t\u00eb ri, Dom Kastriot Gjoni. N\u00eb predkun special festiv, Dom Viktori foli gjer\u00eb e gjat\u00eb p\u00ebr jet\u00ebn e Shenjtit t\u00eb mir\u00eb e pun\u00ebtor, Sh\u00ebn Jozefit, emrin e t\u00eb cilit, me krenari dhe devocion t\u00eb madh, e mba famullia e Stubll\u00ebs. Ai pastaj apeloi te t\u00eb gjith\u00eb besimtar\u00ebt, q\u00eb t\u00eb kultivojn\u00eb sa m\u00eb mir\u00eb q\u00eb munden dashurin\u00eb e mir\u00ebfillt\u00eb njer\u00ebzore dhe mir\u00ebsin\u00eb, deri n\u00eb gatishm\u00ebrin\u00eb e flijimit p\u00ebr t\u00eb af\u00ebrmin nevojtar dhe p\u00ebr Zotin Ton\u00eb. K\u00ebt\u00eb porosi Ai e dha, edhe duke marrur shum\u00eb shembuj konkret\u00eb nga jeta jon\u00eb e p\u00ebrditshme.<\/p>\n<p style=\"text-align: center;\"><img decoding=\"async\" class=\"aligncenter\" src=\"http:\/\/www.fjala.info\/2015\/meshe_stubell_viktor_sopi.jpg\" alt=\"Mesh\u00eb n\u00eb Stub\u00ebll\" width=\"400\" \/><br \/>\n<img decoding=\"async\" class=\"aligncenter\" src=\"http:\/\/www.fjala.info\/2015\/meshe_stubell_viktor_sopi.jpg\" alt=\"Mesh\u00eb n\u00eb Stub\u00ebll\" width=\"400\" \/><strong>Dom Viktor Sopi duke predikuar<\/strong><\/p>\n<p>Ve\u00e7 tjerash, Dom Viktori i ftoi t\u00eb gjith\u00eb, q\u00eb t\u00eb ndjekin n\u00eb \u00e7do hap t\u00eb jet\u00ebs, shembullin e besnik\u00ebris\u00eb dhe t\u00eb pun\u00ebtorit t\u00eb devotsh\u00ebm t\u00eb Sh\u00ebn Jozefit, i cili me shum\u00eb sukses dhe me devotshm\u00ebri hyjnore luajti rolin e zotit t\u00eb sht\u00ebpis\u00eb s\u00eb Familjes s\u00eb Shenjt\u00eb. Theks t\u00eb posa\u00e7\u00ebm predikimit t\u00eb tij solemn, Dom Viktori i vuri r\u00ebnd\u00ebsis\u00eb s\u00eb devocionit dhe t\u00eb besnik\u00ebris\u00eb dhe frytshm\u00ebris\u00eb s\u00eb pun\u00ebtor\u00ebve, si t\u00eb atyre n\u00eb atdhe, poashtu edhe t\u00eb atyre n\u00eb diaspor\u00eb.<br \/>\n<img decoding=\"async\" class=\"aligncenter\" src=\"http:\/\/www.fjala.info\/2015\/meshe_stubell5.jpg\" alt=\"Mesh\u00eb n\u00eb Stub\u00ebll\" width=\"230\" \/><\/p>\n<p>N\u00eb fund, drejtuesi i mesh\u00ebs solemne fal\u00ebnderoi p\u00ebrzem\u00ebrsisht famullitarin Dom Albert Jakaj dhe v\u00ebllez\u00ebrit meshtar\u00eb, p\u00ebr angazhimin e Tij q\u00eb t\u00eb udh\u00ebheq\u00eb k\u00ebt\u00eb fest\u00eb t\u00eb madhe. Reciprokisht, edhe Dom Alberti e fal\u00ebnderoi at\u00eb, p\u00ebr pranimin e k\u00ebsaj detyre, si edhe t\u00eb gjith\u00eb besimtar\u00ebt shtegtar\u00eb, t\u00eb ardhur nga shum\u00eb famulli t\u00eb Kosov\u00ebs. Q\u00eb t\u00eb dy iu uruan k\u00ebt\u00eb fest\u00eb t\u00eb gjith\u00eb besimtar\u00ebve e sidomos dit\u00ebn e emrit, t\u00eb gjith\u00eb atyre q\u00eb mbajn\u00eb emrin Zef, Jozef, Joz\u00eb, Zefe, Jozefina.<br \/>\n<img decoding=\"async\" class=\"aligncenter\" src=\"http:\/\/www.fjala.info\/2015\/meshe_stubell6.jpg\" alt=\"Mesh\u00eb n\u00eb Stub\u00ebll\" width=\"400\" \/><br \/>\n<img decoding=\"async\" class=\"aligncenter\" src=\"http:\/\/www.fjala.info\/2015\/meshe_stubell7.jpg\" alt=\"Mesh\u00eb n\u00eb Stub\u00ebll\" width=\"400\" \/><br \/>\nShum\u00eb besimtar\u00eb kishin ardhur p\u00ebr k\u00ebt\u00eb kremte, edhe nga diaspora.<\/p>\n","protected":false},"excerpt":{"rendered":"<p>N\u00eb kish\u00ebn famullitare n\u00eb Stub\u00ebll: Mesh\u00ebs s\u00eb madhe solemne, bashk\u00eb me famullitarin ton\u00eb Dom Albert Jakaj, me Dom Aleksand\u00ebr Kola, Dom Dr Gjergj Gjergji dhe Dom Kastriot Gjoni, i priu famullitari i Ferizajit e drejtor i CARITAS-it t\u00eb Kosov\u00ebs, Dom Viktor Sopi. Dom Viktori ka folur p\u00ebr figur\u00ebn madhore t\u00eb Shenjtit t\u00eb mir\u00eb \u2013 pajtorit [&hellip;]<\/p>\n","protected":false},"author":1,"featured_media":0,"comment_status":"open","ping_status":"closed","sticky":false,"template":"","format":"standard","meta":{"footnotes":""},"categories":[2],"tags":[],"class_list":{"0":"post-14112","1":"post","2":"type-post","3":"status-publish","4":"format-standard","6":"category-artikuj"},"yoast_head":"<!-- This site is optimized with the Yoast SEO plugin v27.4 - https:\/\/yoast.com\/product\/yoast-seo-wordpress\/ -->\n<title>U KREMTUA SOLEMNISHT DITA E SH\u00cbN JOZEFIT PUN\u00cbTOR, PATRON I STUBLL\u00cbS - FjALA e LIR\u00cb - Arkivi<\/title>\n<meta name=\"robots\" content=\"index, follow, max-snippet:-1, max-image-preview:large, max-video-preview:-1\" \/>\n<link rel=\"canonical\" href=\"https:\/\/fjala.info\/2009-2015\/u-kremtua-solemnisht-dita-e-shen-jozefit-punetor-patron-i-stublles\/\" \/>\n<meta property=\"og:locale\" content=\"sq_AL\" \/>\n<meta property=\"og:type\" content=\"article\" \/>\n<meta property=\"og:title\" content=\"U KREMTUA SOLEMNISHT DITA E SH\u00cbN JOZEFIT PUN\u00cbTOR, PATRON I STUBLL\u00cbS - FjALA e LIR\u00cb - Arkivi\" \/>\n<meta property=\"og:description\" content=\"N\u00eb kish\u00ebn famullitare n\u00eb Stub\u00ebll: Mesh\u00ebs s\u00eb madhe solemne, bashk\u00eb me famullitarin ton\u00eb Dom Albert Jakaj, me Dom Aleksand\u00ebr Kola, Dom Dr Gjergj Gjergji dhe Dom Kastriot Gjoni, i priu famullitari i Ferizajit e drejtor i CARITAS-it t\u00eb Kosov\u00ebs, Dom Viktor Sopi. Dom Viktori ka folur p\u00ebr figur\u00ebn madhore t\u00eb Shenjtit t\u00eb mir\u00eb \u2013 pajtorit [&hellip;]\" \/>\n<meta property=\"og:url\" content=\"https:\/\/fjala.info\/2009-2015\/u-kremtua-solemnisht-dita-e-shen-jozefit-punetor-patron-i-stublles\/\" \/>\n<meta property=\"og:site_name\" content=\"FjALA e LIR\u00cb - Arkivi\" \/>\n<meta property=\"article:published_time\" content=\"2015-05-01T13:15:16+00:00\" \/>\n<meta property=\"og:image\" content=\"http:\/\/www.fjala.info\/2015\/meshe_stubell.jpg\" \/>\n<meta name=\"author\" content=\"admin\" \/>\n<meta name=\"twitter:card\" content=\"summary_large_image\" \/>\n<meta name=\"twitter:label1\" content=\"Written by\" \/>\n\t<meta name=\"twitter:data1\" content=\"admin\" \/>\n\t<meta name=\"twitter:label2\" content=\"Est. reading time\" \/>\n\t<meta name=\"twitter:data2\" content=\"3 minutes\" \/>\n<script type=\"application\/ld+json\" class=\"yoast-schema-graph\">{\"@context\":\"https:\\\/\\\/schema.org\",\"@graph\":[{\"@type\":\"Article\",\"@id\":\"https:\\\/\\\/fjala.info\\\/2009-2015\\\/u-kremtua-solemnisht-dita-e-shen-jozefit-punetor-patron-i-stublles\\\/#article\",\"isPartOf\":{\"@id\":\"https:\\\/\\\/fjala.info\\\/2009-2015\\\/u-kremtua-solemnisht-dita-e-shen-jozefit-punetor-patron-i-stublles\\\/\"},\"author\":{\"name\":\"admin\",\"@id\":\"https:\\\/\\\/fjala.info\\\/2009-2015\\\/#\\\/schema\\\/person\\\/3aa1163ef05469c496fc94e77611ada2\"},\"headline\":\"U KREMTUA SOLEMNISHT DITA E SH\u00cbN JOZEFIT PUN\u00cbTOR, PATRON I STUBLL\u00cbS\",\"datePublished\":\"2015-05-01T13:15:16+00:00\",\"mainEntityOfPage\":{\"@id\":\"https:\\\/\\\/fjala.info\\\/2009-2015\\\/u-kremtua-solemnisht-dita-e-shen-jozefit-punetor-patron-i-stublles\\\/\"},\"wordCount\":533,\"commentCount\":0,\"publisher\":{\"@id\":\"https:\\\/\\\/fjala.info\\\/2009-2015\\\/#organization\"},\"image\":{\"@id\":\"https:\\\/\\\/fjala.info\\\/2009-2015\\\/u-kremtua-solemnisht-dita-e-shen-jozefit-punetor-patron-i-stublles\\\/#primaryimage\"},\"thumbnailUrl\":\"http:\\\/\\\/www.fjala.info\\\/2015\\\/meshe_stubell.jpg\",\"articleSection\":[\"Artikuj\"],\"inLanguage\":\"sq-AL\",\"potentialAction\":[{\"@type\":\"CommentAction\",\"name\":\"Comment\",\"target\":[\"https:\\\/\\\/fjala.info\\\/2009-2015\\\/u-kremtua-solemnisht-dita-e-shen-jozefit-punetor-patron-i-stublles\\\/#respond\"]}]},{\"@type\":\"WebPage\",\"@id\":\"https:\\\/\\\/fjala.info\\\/2009-2015\\\/u-kremtua-solemnisht-dita-e-shen-jozefit-punetor-patron-i-stublles\\\/\",\"url\":\"https:\\\/\\\/fjala.info\\\/2009-2015\\\/u-kremtua-solemnisht-dita-e-shen-jozefit-punetor-patron-i-stublles\\\/\",\"name\":\"U KREMTUA SOLEMNISHT DITA E SH\u00cbN JOZEFIT PUN\u00cbTOR, PATRON I STUBLL\u00cbS - FjALA e LIR\u00cb - Arkivi\",\"isPartOf\":{\"@id\":\"https:\\\/\\\/fjala.info\\\/2009-2015\\\/#website\"},\"primaryImageOfPage\":{\"@id\":\"https:\\\/\\\/fjala.info\\\/2009-2015\\\/u-kremtua-solemnisht-dita-e-shen-jozefit-punetor-patron-i-stublles\\\/#primaryimage\"},\"image\":{\"@id\":\"https:\\\/\\\/fjala.info\\\/2009-2015\\\/u-kremtua-solemnisht-dita-e-shen-jozefit-punetor-patron-i-stublles\\\/#primaryimage\"},\"thumbnailUrl\":\"http:\\\/\\\/www.fjala.info\\\/2015\\\/meshe_stubell.jpg\",\"datePublished\":\"2015-05-01T13:15:16+00:00\",\"breadcrumb\":{\"@id\":\"https:\\\/\\\/fjala.info\\\/2009-2015\\\/u-kremtua-solemnisht-dita-e-shen-jozefit-punetor-patron-i-stublles\\\/#breadcrumb\"},\"inLanguage\":\"sq-AL\",\"potentialAction\":[{\"@type\":\"ReadAction\",\"target\":[\"https:\\\/\\\/fjala.info\\\/2009-2015\\\/u-kremtua-solemnisht-dita-e-shen-jozefit-punetor-patron-i-stublles\\\/\"]}]},{\"@type\":\"ImageObject\",\"inLanguage\":\"sq-AL\",\"@id\":\"https:\\\/\\\/fjala.info\\\/2009-2015\\\/u-kremtua-solemnisht-dita-e-shen-jozefit-punetor-patron-i-stublles\\\/#primaryimage\",\"url\":\"http:\\\/\\\/www.fjala.info\\\/2015\\\/meshe_stubell.jpg\",\"contentUrl\":\"http:\\\/\\\/www.fjala.info\\\/2015\\\/meshe_stubell.jpg\"},{\"@type\":\"BreadcrumbList\",\"@id\":\"https:\\\/\\\/fjala.info\\\/2009-2015\\\/u-kremtua-solemnisht-dita-e-shen-jozefit-punetor-patron-i-stublles\\\/#breadcrumb\",\"itemListElement\":[{\"@type\":\"ListItem\",\"position\":1,\"name\":\"Home\",\"item\":\"https:\\\/\\\/fjala.info\\\/2009-2015\\\/\"},{\"@type\":\"ListItem\",\"position\":2,\"name\":\"U KREMTUA SOLEMNISHT DITA E SH\u00cbN JOZEFIT PUN\u00cbTOR, PATRON I STUBLL\u00cbS\"}]},{\"@type\":\"WebSite\",\"@id\":\"https:\\\/\\\/fjala.info\\\/2009-2015\\\/#website\",\"url\":\"https:\\\/\\\/fjala.info\\\/2009-2015\\\/\",\"name\":\"FjALA e LIR\u00cb - Arkivi\",\"description\":\"Arkivi 2009-2015\",\"publisher\":{\"@id\":\"https:\\\/\\\/fjala.info\\\/2009-2015\\\/#organization\"},\"potentialAction\":[{\"@type\":\"SearchAction\",\"target\":{\"@type\":\"EntryPoint\",\"urlTemplate\":\"https:\\\/\\\/fjala.info\\\/2009-2015\\\/?s={search_term_string}\"},\"query-input\":{\"@type\":\"PropertyValueSpecification\",\"valueRequired\":true,\"valueName\":\"search_term_string\"}}],\"inLanguage\":\"sq-AL\"},{\"@type\":\"Organization\",\"@id\":\"https:\\\/\\\/fjala.info\\\/2009-2015\\\/#organization\",\"name\":\"FjALA e LIR\u00cb - Arkivi\",\"url\":\"https:\\\/\\\/fjala.info\\\/2009-2015\\\/\",\"logo\":{\"@type\":\"ImageObject\",\"inLanguage\":\"sq-AL\",\"@id\":\"https:\\\/\\\/fjala.info\\\/2009-2015\\\/#\\\/schema\\\/logo\\\/image\\\/\",\"url\":\"\",\"contentUrl\":\"\",\"caption\":\"FjALA e LIR\u00cb - Arkivi\"},\"image\":{\"@id\":\"https:\\\/\\\/fjala.info\\\/2009-2015\\\/#\\\/schema\\\/logo\\\/image\\\/\"}},{\"@type\":\"Person\",\"@id\":\"https:\\\/\\\/fjala.info\\\/2009-2015\\\/#\\\/schema\\\/person\\\/3aa1163ef05469c496fc94e77611ada2\",\"name\":\"admin\",\"image\":{\"@type\":\"ImageObject\",\"inLanguage\":\"sq-AL\",\"@id\":\"https:\\\/\\\/fjala.info\\\/2009-2015\\\/wp-content\\\/uploads\\\/2012\\\/02\\\/arben_cokaj-120x150.jpg\",\"url\":\"https:\\\/\\\/fjala.info\\\/2009-2015\\\/wp-content\\\/uploads\\\/2012\\\/02\\\/arben_cokaj-120x150.jpg\",\"contentUrl\":\"https:\\\/\\\/fjala.info\\\/2009-2015\\\/wp-content\\\/uploads\\\/2012\\\/02\\\/arben_cokaj-120x150.jpg\",\"caption\":\"admin\"},\"description\":\"Admin, Fjala e Lir\u00eb\",\"sameAs\":[\"https:\\\/\\\/fjala.info\\\/\"],\"url\":\"https:\\\/\\\/fjala.info\\\/2009-2015\\\/author\\\/admin\\\/\"}]}<\/script>\n<!-- \/ Yoast SEO plugin. -->","yoast_head_json":{"title":"U KREMTUA SOLEMNISHT DITA E SH\u00cbN JOZEFIT PUN\u00cbTOR, PATRON I STUBLL\u00cbS - FjALA e LIR\u00cb - Arkivi","robots":{"index":"index","follow":"follow","max-snippet":"max-snippet:-1","max-image-preview":"max-image-preview:large","max-video-preview":"max-video-preview:-1"},"canonical":"https:\/\/fjala.info\/2009-2015\/u-kremtua-solemnisht-dita-e-shen-jozefit-punetor-patron-i-stublles\/","og_locale":"sq_AL","og_type":"article","og_title":"U KREMTUA SOLEMNISHT DITA E SH\u00cbN JOZEFIT PUN\u00cbTOR, PATRON I STUBLL\u00cbS - FjALA e LIR\u00cb - Arkivi","og_description":"N\u00eb kish\u00ebn famullitare n\u00eb Stub\u00ebll: Mesh\u00ebs s\u00eb madhe solemne, bashk\u00eb me famullitarin ton\u00eb Dom Albert Jakaj, me Dom Aleksand\u00ebr Kola, Dom Dr Gjergj Gjergji dhe Dom Kastriot Gjoni, i priu famullitari i Ferizajit e drejtor i CARITAS-it t\u00eb Kosov\u00ebs, Dom Viktor Sopi. Dom Viktori ka folur p\u00ebr figur\u00ebn madhore t\u00eb Shenjtit t\u00eb mir\u00eb \u2013 pajtorit [&hellip;]","og_url":"https:\/\/fjala.info\/2009-2015\/u-kremtua-solemnisht-dita-e-shen-jozefit-punetor-patron-i-stublles\/","og_site_name":"FjALA e LIR\u00cb - Arkivi","article_published_time":"2015-05-01T13:15:16+00:00","og_image":[{"url":"http:\/\/www.fjala.info\/2015\/meshe_stubell.jpg","type":"","width":"","height":""}],"author":"admin","twitter_card":"summary_large_image","twitter_misc":{"Written by":"admin","Est. reading time":"3 minutes"},"schema":{"@context":"https:\/\/schema.org","@graph":[{"@type":"Article","@id":"https:\/\/fjala.info\/2009-2015\/u-kremtua-solemnisht-dita-e-shen-jozefit-punetor-patron-i-stublles\/#article","isPartOf":{"@id":"https:\/\/fjala.info\/2009-2015\/u-kremtua-solemnisht-dita-e-shen-jozefit-punetor-patron-i-stublles\/"},"author":{"name":"admin","@id":"https:\/\/fjala.info\/2009-2015\/#\/schema\/person\/3aa1163ef05469c496fc94e77611ada2"},"headline":"U KREMTUA SOLEMNISHT DITA E SH\u00cbN JOZEFIT PUN\u00cbTOR, PATRON I STUBLL\u00cbS","datePublished":"2015-05-01T13:15:16+00:00","mainEntityOfPage":{"@id":"https:\/\/fjala.info\/2009-2015\/u-kremtua-solemnisht-dita-e-shen-jozefit-punetor-patron-i-stublles\/"},"wordCount":533,"commentCount":0,"publisher":{"@id":"https:\/\/fjala.info\/2009-2015\/#organization"},"image":{"@id":"https:\/\/fjala.info\/2009-2015\/u-kremtua-solemnisht-dita-e-shen-jozefit-punetor-patron-i-stublles\/#primaryimage"},"thumbnailUrl":"http:\/\/www.fjala.info\/2015\/meshe_stubell.jpg","articleSection":["Artikuj"],"inLanguage":"sq-AL","potentialAction":[{"@type":"CommentAction","name":"Comment","target":["https:\/\/fjala.info\/2009-2015\/u-kremtua-solemnisht-dita-e-shen-jozefit-punetor-patron-i-stublles\/#respond"]}]},{"@type":"WebPage","@id":"https:\/\/fjala.info\/2009-2015\/u-kremtua-solemnisht-dita-e-shen-jozefit-punetor-patron-i-stublles\/","url":"https:\/\/fjala.info\/2009-2015\/u-kremtua-solemnisht-dita-e-shen-jozefit-punetor-patron-i-stublles\/","name":"U KREMTUA SOLEMNISHT DITA E SH\u00cbN JOZEFIT PUN\u00cbTOR, PATRON I STUBLL\u00cbS - FjALA e LIR\u00cb - Arkivi","isPartOf":{"@id":"https:\/\/fjala.info\/2009-2015\/#website"},"primaryImageOfPage":{"@id":"https:\/\/fjala.info\/2009-2015\/u-kremtua-solemnisht-dita-e-shen-jozefit-punetor-patron-i-stublles\/#primaryimage"},"image":{"@id":"https:\/\/fjala.info\/2009-2015\/u-kremtua-solemnisht-dita-e-shen-jozefit-punetor-patron-i-stublles\/#primaryimage"},"thumbnailUrl":"http:\/\/www.fjala.info\/2015\/meshe_stubell.jpg","datePublished":"2015-05-01T13:15:16+00:00","breadcrumb":{"@id":"https:\/\/fjala.info\/2009-2015\/u-kremtua-solemnisht-dita-e-shen-jozefit-punetor-patron-i-stublles\/#breadcrumb"},"inLanguage":"sq-AL","potentialAction":[{"@type":"ReadAction","target":["https:\/\/fjala.info\/2009-2015\/u-kremtua-solemnisht-dita-e-shen-jozefit-punetor-patron-i-stublles\/"]}]},{"@type":"ImageObject","inLanguage":"sq-AL","@id":"https:\/\/fjala.info\/2009-2015\/u-kremtua-solemnisht-dita-e-shen-jozefit-punetor-patron-i-stublles\/#primaryimage","url":"http:\/\/www.fjala.info\/2015\/meshe_stubell.jpg","contentUrl":"http:\/\/www.fjala.info\/2015\/meshe_stubell.jpg"},{"@type":"BreadcrumbList","@id":"https:\/\/fjala.info\/2009-2015\/u-kremtua-solemnisht-dita-e-shen-jozefit-punetor-patron-i-stublles\/#breadcrumb","itemListElement":[{"@type":"ListItem","position":1,"name":"Home","item":"https:\/\/fjala.info\/2009-2015\/"},{"@type":"ListItem","position":2,"name":"U KREMTUA SOLEMNISHT DITA E SH\u00cbN JOZEFIT PUN\u00cbTOR, PATRON I STUBLL\u00cbS"}]},{"@type":"WebSite","@id":"https:\/\/fjala.info\/2009-2015\/#website","url":"https:\/\/fjala.info\/2009-2015\/","name":"FjALA e LIR\u00cb - Arkivi","description":"Arkivi 2009-2015","publisher":{"@id":"https:\/\/fjala.info\/2009-2015\/#organization"},"potentialAction":[{"@type":"SearchAction","target":{"@type":"EntryPoint","urlTemplate":"https:\/\/fjala.info\/2009-2015\/?s={search_term_string}"},"query-input":{"@type":"PropertyValueSpecification","valueRequired":true,"valueName":"search_term_string"}}],"inLanguage":"sq-AL"},{"@type":"Organization","@id":"https:\/\/fjala.info\/2009-2015\/#organization","name":"FjALA e LIR\u00cb - Arkivi","url":"https:\/\/fjala.info\/2009-2015\/","logo":{"@type":"ImageObject","inLanguage":"sq-AL","@id":"https:\/\/fjala.info\/2009-2015\/#\/schema\/logo\/image\/","url":"","contentUrl":"","caption":"FjALA e LIR\u00cb - Arkivi"},"image":{"@id":"https:\/\/fjala.info\/2009-2015\/#\/schema\/logo\/image\/"}},{"@type":"Person","@id":"https:\/\/fjala.info\/2009-2015\/#\/schema\/person\/3aa1163ef05469c496fc94e77611ada2","name":"admin","image":{"@type":"ImageObject","inLanguage":"sq-AL","@id":"https:\/\/fjala.info\/2009-2015\/wp-content\/uploads\/2012\/02\/arben_cokaj-120x150.jpg","url":"https:\/\/fjala.info\/2009-2015\/wp-content\/uploads\/2012\/02\/arben_cokaj-120x150.jpg","contentUrl":"https:\/\/fjala.info\/2009-2015\/wp-content\/uploads\/2012\/02\/arben_cokaj-120x150.jpg","caption":"admin"},"description":"Admin, Fjala e Lir\u00eb","sameAs":["https:\/\/fjala.info\/"],"url":"https:\/\/fjala.info\/2009-2015\/author\/admin\/"}]}},"_links":{"self":[{"href":"https:\/\/fjala.info\/2009-2015\/wp-json\/wp\/v2\/posts\/14112","targetHints":{"allow":["GET"]}}],"collection":[{"href":"https:\/\/fjala.info\/2009-2015\/wp-json\/wp\/v2\/posts"}],"about":[{"href":"https:\/\/fjala.info\/2009-2015\/wp-json\/wp\/v2\/types\/post"}],"author":[{"embeddable":true,"href":"https:\/\/fjala.info\/2009-2015\/wp-json\/wp\/v2\/users\/1"}],"replies":[{"embeddable":true,"href":"https:\/\/fjala.info\/2009-2015\/wp-json\/wp\/v2\/comments?post=14112"}],"version-history":[{"count":0,"href":"https:\/\/fjala.info\/2009-2015\/wp-json\/wp\/v2\/posts\/14112\/revisions"}],"wp:attachment":[{"href":"https:\/\/fjala.info\/2009-2015\/wp-json\/wp\/v2\/media?parent=14112"}],"wp:term":[{"taxonomy":"category","embeddable":true,"href":"https:\/\/fjala.info\/2009-2015\/wp-json\/wp\/v2\/categories?post=14112"},{"taxonomy":"post_tag","embeddable":true,"href":"https:\/\/fjala.info\/2009-2015\/wp-json\/wp\/v2\/tags?post=14112"}],"curies":[{"name":"wp","href":"https:\/\/api.w.org\/{rel}","templated":true}]}}