{"id":1411,"date":"2012-01-27T21:21:52","date_gmt":"2012-01-27T20:21:52","guid":{"rendered":"http:\/\/fjala.shkoder.net\/?p=1411"},"modified":"2012-01-27T21:21:52","modified_gmt":"2012-01-27T20:21:52","slug":"nje-deklarate-e-padegjuar","status":"publish","type":"post","link":"https:\/\/fjala.info\/2009-2015\/nje-deklarate-e-padegjuar\/","title":{"rendered":"Nj\u00eb deklarat\u00eb e pad\u00ebgjuar"},"content":{"rendered":"<p><img decoding=\"async\" class=\"alignright size-thumbnail wp-image-7236\" title=\"Pre\u00e7 Zogaj\" src=\"http:\/\/www.shkoder.net\/images\/fjala\/prec_zogaj.jpg\" alt=\"\" width=\"150\" \/> <strong>Pre\u00e7 Zogaj<\/strong><\/p>\n<p>Berisha deklaroi parmbr\u00ebm\u00eb n\u00eb nj\u00eb intervist\u00eb me gazetarin \u00c7lirim Peka se 21 janari do t\u00eb hetohet nga Kryeprokurori i ri . Dometh\u00ebn\u00eb, nga kryeprokurori i ri, q\u00eb do t\u00eb dekretohet nga Presidenti i ri, q\u00eb do t\u00eb zgjidhet me shumic\u00eb t\u00eb thjesht\u00eb nga shumica qeveritare. N\u00eb terma konkret\u00eb, n\u00ebse gjith\u00e7ka shkon sipas k\u00ebsaj llogarie, i bie q\u00eb hetimi q\u00eb ka nd\u00ebrmend kryeministri t\u00eb filloj\u00eb nga prilli apo maji i vitit 2013.<\/p>\n<p>Bashk\u00eb me afatin e ri, Berisha p\u00ebrcaktoi n\u00eb t\u00eb nj\u00ebjt\u00ebn intervist\u00eb edhe disa nga drejtimet e hetimit t\u00eb ri. Do t\u00eb hetohet kryeprokurorja Ina Rama, por do t\u00eb hetohet edhe v\u00ebllai i t\u00eb vrarit Ziver Veizi, i cili i paska deklaruar nj\u00eb gazete se Ziveri kishte ardhur nga Greqia t\u00eb rr\u00ebzonte Berish\u00ebn!! Por ky e rr\u00ebzoi p\u00ebrpara, &#8211; do t\u00eb shtonte kronikani i ngjarjes. E rr\u00ebzoi me plumbat e gardistit Llupo teksa Ziveri po b\u00ebnte n\u00eb bulevard, me duart n\u00eb xhepa, magjin\u00eb e tij t\u00eb rr\u00ebzimit t\u00eb kryeministrit.<\/p>\n<p>A mund ta pranojn\u00eb k\u00ebt\u00eb shteti shqiptar, opinioni publik shqiptar, familjet e viktimave t\u00eb 21 janarit, Uashingtoni dhe Brukseli q\u00eb asistojn\u00eb funksionimin e shtetit t\u00eb s\u00eb drejt\u00ebs n\u00eb Shqip\u00ebri? N\u00eb asnj\u00eb m\u00ebnyr\u00eb. Si individ dhe si kryetar qeverie, zoti Berisha mund t\u2019i apeloj\u00eb n\u00eb t\u00eb gjitha instancat ligjore komb\u00ebtare e nd\u00ebrkomb\u00ebtare rezultatet e nj\u00eb hetimi apo gjykimi. Por ai nuk mund t\u00eb vendos\u00eb afate dhe detyra hetimi q\u00eb p\u00ebrkojn\u00eb me d\u00ebshirat apo synimet e tij politike. Shteti i s\u00eb drejt\u00ebs nuk \u00ebsht\u00eb an\u00ebtar i asambles\u00eb s\u00eb PD-s\u00eb q\u00eb Berisha mund ta ngrij\u00eb sa her\u00eb t\u00eb doj\u00eb.<\/p>\n<p>Megjithat\u00eb, b\u00ebh\u00ebt a s\u2019b\u00ebh\u00ebt , Berisha i foli fjal\u00ebt e veta. Fjal\u00eb q\u00eb nuk jan\u00eb th\u00ebn\u00eb e nuk kan\u00eb p\u00ebr t\u2019u th\u00ebn\u00eb ndonjeher\u00eb nga asnj\u00eb kryeminist\u00ebr i nj\u00eb vendi demokratik, ngaq\u00eb asnj\u00eb kryeminist\u00ebr i nj\u00eb vendi demokratik, sado i zem\u00ebruar, i revoltuar apo i l\u00ebnduar t\u00eb jet\u00eb, nuk e \u00e7on kurr\u00eb nep\u00ebr mend t\u00eb caktoj\u00eb axhend\u00ebn e institucionit t\u00eb akuz\u00ebs. Kuptohet: Sfida apo dorashka e hedhur nuk \u00ebsht\u00eb p\u00ebr kryeprokuroren Ina Rama. Ka koh\u00eb q\u00eb ky kryeminist\u00ebr nuk e njeh k\u00ebt\u00eb kryeprokurore. Sfida e re ka lidhje me zhbllokimin e hetimeve p\u00ebr 21 janarin, pas ekspertiz\u00ebs s\u00eb FBI-s\u00eb. Kjo ekspertiz\u00eb vendosi gur\u00ebt e themelit n\u00eb ngrehin\u00ebn e s\u00eb v\u00ebrtet\u00ebs s\u00eb 21 janarit: Q\u00eb \u00ebsht\u00eb q\u00eblluar nga forcat e Gard\u00ebs. Q\u00eb \u00ebsht\u00eb q\u00eblluar n\u00eb lart\u00ebsin\u00eb e trupit t\u00eb njeriut. Q\u00eb arma q\u00eb ka vrar\u00eb Faik Myrtajn i p\u00ebrket ish komandantit t\u00eb Gard\u00ebs, Ndre Prendi. Q\u00eb filmimet e asaj dite nga kamerat e kryeministris\u00eb jan\u00eb kopjuar e fshir\u00eb. Q\u00eb prokuroria shqiptare \u00ebsht\u00eb sabotuar e mashtruar edhe n\u00eb k\u00ebt\u00eb pik\u00eb.<\/p>\n<p>Mjaft prej ketyre t\u00eb vertetave publiku i ka ditur q\u00eb para nj\u00eb viti, por \u00ebsht\u00eb dashur \u00e7ertifikimi profesional i FBI-s\u00eb p\u00ebr t\u2019i b\u00ebr\u00eb t\u00eb palujtshme dhe t\u00eb pakonstestueshme. Fal\u00eb tyre, 21 janari po tregon tani maj\u00ebn e ajsbergut. Kjo e ka acaruar Berish\u00ebn. Ai e di mir\u00eb se zgjimi dhe zgjerimi i fush\u00ebs s\u00eb hetimeve \u00ebsht\u00eb pasoj\u00eb e ekspertiz\u00ebs. Thelb\u00ebsisht sfida e tij u drejtohet amerikan\u00ebve. Berisha po replikon me zyrtar\u00ebt amerikan\u00eb q\u00eb kan\u00eb pohuar se hetimet e nd\u00ebrmarra nga Prokuroria kan\u00eb qen\u00eb dhe jan\u00eb t\u00eb pandikuara nga politika. M\u00eb shum\u00eb se kaq, ai po k\u00ebrkon t\u2019u njoftoj\u00eb atyre se nuk e njeh k\u00ebt\u00eb hetim, se do t\u00eb ver\u00eb n\u00eb l\u00ebvizje nj\u00eb hetim t\u00eb tijin. Megjith\u00ebse \u00ebsht\u00eb pal\u00eb dhe jo mbi pal\u00ebt n\u00eb tragjedin\u00eb e 21 janarit.<\/p>\n<p>A e di vall\u00eb ky kryeminist\u00ebr pesh\u00ebn negative q\u00eb ka kjo deklarat\u00eb n\u00eb kancelarit\u00eb per\u00ebndimore dhe n\u00eb opinonin publik shqiptar? Me sa e kam njohur un\u00eb mund t\u00eb pohoj se e di. E di se n\u00eb pikwpamje t\u00eb artikulimit kjo q\u00eb ka th\u00ebn\u00eb \u00ebsht\u00eb nj\u00eb gj\u00eb q\u00eb nuk mund t\u00eb thuhet, \u00ebsht\u00eb nj\u00eb autogol i tmersh\u00ebm q\u00eb zbulon nj\u00eb koncept arkaik p\u00ebr shtetin. N\u00ebse nuk e mendojm\u00eb k\u00ebshtu, ateher\u00eb duhet t\u00eb mendojm\u00eb se gjith\u00eb sistemi per\u00ebndimor i ndarjes s\u00eb pushteteve, p\u00ebr t\u00eb cilin \u00ebsht\u00eb derdhur gjak dhe dituri nga m\u00eb e larta, paska nj\u00eb t\u00eb \u00e7ar\u00eb t\u00eb madhe, q\u00eb u zbulua n\u00eb Shqip\u00ebri. E \u00e7ara \u00ebsht\u00eb kjo: po t\u00eb mos doj\u00eb kryeministri i vendit nuk ka hetim p\u00ebr asgj\u00eb! Kjo sigurisht nuk \u00ebsht\u00eb historia e Europ\u00ebs dhe Amerik\u00ebs demokratike.<\/p>\n<p>Kryeministrave apo President\u00ebve mund t\u00eb mos u p\u00eblqejn\u00eb fare prokuror\u00ebt dhe gjyqtar\u00ebt. Madje mund t\u00eb jen\u00eb edhe n\u00eb konflikt me ta, si\u00e7 e kemi par\u00eb n\u00eb rastin e ish-kryeministrit t\u00eb Italis\u00eb, Silvio Berluskoni. Por kjo nuk e pengon shtetin ligjor t\u00eb punoj\u00eb. Konfliktet shtrohen dhe zgjidhen n\u00eb aul\u00ebn e drejt\u00ebsis\u00eb. Nga ana tjet\u00ebr nuk ndodh q\u00eb p\u00ebr ket\u00eb shkak politikani t\u00eb shtyhet n\u00eb gabimin e madh q\u00eb t\u00eb k\u00ebrkoj\u00eb vota p\u00ebr t\u00eb ndryshuar prokuror\u00ebt e shtetit me prokuror\u00ebt e oborrit t\u00eb tij. Ky gabim nd\u00ebshkohet shum\u00eb r\u00ebnd\u00eb nga zgjedhesit. Besoj se Berisha e di edhe k\u00ebt\u00eb.<\/p>\n<p>Pse at\u00ebher\u00eb ka rrezikuar kaq shum\u00eb me ato q\u00eb tha n\u00eb emisionin e \u00c7lirim Pek\u00ebs? Mos e kan\u00eb l\u00ebshuar nervat? Mos e ka marr\u00eb p\u00ebrpara zem\u00ebrimi dhe nuk ka ditur n\u00eb \u00e7far\u00eb minash po shkel? Q\u00eb kryeministri \u00ebsht\u00eb shum\u00eb nervoz, kjo duket qart\u00eb. Q\u00eb nervozizmi \u00ebsht\u00eb nj\u00eb k\u00ebshilltar shum\u00eb i keq p\u00ebr nj\u00eb qeveritar, edhe kjo dihet. Pa e p\u00ebrjashtuar rolin e nervozizmit n\u00eb shkarjet e her\u00ebpashershme t\u00eb Berish\u00ebs, un\u00eb kam p\u00ebrshtypjen se deklarata e tij p\u00ebr hetimin e 21 janarit nga nj\u00eb kryeprokuror i ri \u00ebsht\u00eb m\u00eb shum\u00eb e menduar se sa emocionale. N\u00eb k\u00ebt\u00eb moment kur ekspertiza e FBI-s\u00eb ka rr\u00ebzuar gjith\u00eb tabllon\u00eb e tij t\u00eb k\u00ebrkuar p\u00ebr ngjarjet e 21 janarit, duke sjell\u00eb n\u00eb fokus krimin e vrasjes s\u00eb kat\u00ebr qytetar\u00ebve, shqet\u00ebsimi i tij i vet\u00ebm \u00ebsht\u00eb pengimi dhe sabotimi i hetimeve. S\u2019ka r\u00ebnd\u00ebsi \u00e7far\u00eb do t\u00eb thuhet e si do t\u00eb komentohen deklarata e tij antidemokratike n\u00eb Bruksel apo n\u00eb Uashigton. Me pak fat, k\u00ebto aksidente t\u00eb fatit rregullohen rrug\u00ebs. R\u00ebnd\u00ebsi ka t\u00eb stopoj\u00eb hetimi penal. P\u00ebr ket\u00eb duhet denigruar, kompleksuar e k\u00ebrc\u00ebnuar Prokurorja e P\u00ebrgjithshme dhe gjith\u00eb prokuror\u00ebt q\u00eb merren m\u00eb hetimin e 21 janarit.<\/p>\n<p>Kushdo q\u00eb i ka ndjekur zhvillimet pas 21 janarit mund t\u2019i drejtohet kryeministrit me nj\u00eb k\u00ebrkes\u00eb t\u00eb thjesht\u00eb: Ju keni ngritur vet\u00eb nj\u00eb komision hetimor parlamentar me deputet\u00eb t\u00eb partis\u00eb suaj. P\u00ebrse nuk ia keni dh\u00ebn\u00eb k\u00ebtij komisioni s\u00ebpaku faktet q\u00eb ju thoni se keni? P\u00ebrse nuk ia keni dh\u00ebn\u00eb policis\u00eb s\u00eb shtetit q\u00eb ka hetuar organizator\u00ebt e demostarat\u00ebs dhe nuk ka gjetur asnj\u00eb fakt q\u00eb t\u2019i inkriminoj\u00eb ata penalisht? K\u00ebrkes\u00ebn e par\u00eb Berish\u00ebs ia kan\u00eb ber\u00eb edhe n\u00eb komisionin hetimor parlamentar. Nuk \u00ebsht\u00eb p\u00ebrgjigjur dhe nuk do t\u00eb p\u00ebrgjigjet p\u00ebr arsyen e thjesht\u00eb se nuk ka asnj\u00eb fakt. Fanitjet e tij t\u00eb tipit t\u00eb tabllove sinoptike nuk vlejn\u00eb n\u00eb asnj\u00eb aul\u00eb drejt\u00ebsie.<\/p>\n<p>Hetimi i 21 janarit ka hyr\u00eb n\u00eb hulli dhe po shkon p\u00ebrpara fal\u00eb ndihm\u00ebs amerikane. Ky hetim mund t\u00eb thellohet n\u00eb t\u00eb ardhmen, por Berisha nuk e ka serjozisht kur flet p\u00ebr hetim nga prokurori i ri. E gjith\u00eb kjo \u00ebsht\u00eb n\u00eb vazhd\u00ebn e trembjes s\u00eb prokuror\u00ebve dhe zvog\u00eblimit t\u00eb efekteve q\u00eb po krijojn\u00eb n\u00eb publik provat e BBI-s\u00eb. Kaq. Berisha mund t\u00eb ket\u00eb fakte q\u00eb r\u00ebndojn\u00eb edhe m\u00eb shum\u00eb pozicionin e tij br\u00ebnda kryeministris\u00eb, por nuk ka asnj\u00eb fakt q\u00eb nuk po hetohet. Berisha nuk ka asnj\u00eb garanci se do t\u00eb zgjedh\u00eb ai nj\u00eb kryeprokuror t\u00eb ri. Edhe po t\u00eb ndodh\u00eb kjo, koh\u00ebrat kan\u00eb ndryshuar, kryeprokurori i ri, cilido qoft\u00eb ai, nuk do t\u00eb b\u00ebhet kamikaz i k\u00ebrkujt.<\/p>\n<p>S\u00eb fundi, Berisha ka kund\u00ebr historin\u00eb n\u00eb k\u00ebt\u00eb m\u00ebtim politik dhe propagandistik. Gjat\u00eb k\u00ebtyre dy dekadave ai \u00ebsht\u00eb ven\u00eb n\u00eb konflikt t\u00eb hapur me gjith\u00eb kryeprokuror\u00ebt- me Maksim Haxhin\u00eb, Arben Rakipin, Dhori Sollakun dhe Ina Ram\u00ebn- pavar\u00ebsisht se tre prej tyre i ka votuar vet\u00eb. Por p\u00ebrvoj\u00ebn m\u00eb t\u00eb keqe e ka me t\u00eb vetmit prokuror\u00eb me t\u00eb cil\u00ebt i qen\u00eb puqur interesat: Me ata q\u00eb fabrikuan burgosjen e Fatos Nanos dhe i p\u00ebrgatiten Shqip\u00ebris\u00eb rr\u00ebshqitjen e tmerrshme t\u00eb vitit 1997. Shqip\u00ebria dhe miqt\u00eb e saj i k\u00ebrkojn\u00eb Berish\u00ebs si kryeminist\u00ebr ta ndaloj\u00eb dhe jo t\u2019i jap\u00eb nj\u00eb dor\u00eb tjet\u00ebr t\u00eb fuqishme rr\u00ebshqitjes s\u00eb re t\u00eb Shqip\u00ebris\u00eb. Si\u00e7 \u00ebsht\u00eb kjo q\u00eb po mundohet t\u2019i jap\u00eb me pengimin e hetimeve p\u00ebr 21 janarin.<\/p>\n","protected":false},"excerpt":{"rendered":"<p>Pre\u00e7 Zogaj Berisha deklaroi parmbr\u00ebm\u00eb n\u00eb nj\u00eb intervist\u00eb me gazetarin \u00c7lirim Peka se 21 janari do t\u00eb hetohet nga Kryeprokurori i ri . Dometh\u00ebn\u00eb, nga kryeprokurori i ri, q\u00eb do t\u00eb dekretohet nga Presidenti i ri, q\u00eb do t\u00eb zgjidhet me shumic\u00eb t\u00eb thjesht\u00eb nga shumica qeveritare. N\u00eb terma konkret\u00eb, n\u00ebse gjith\u00e7ka shkon sipas k\u00ebsaj [&hellip;]<\/p>\n","protected":false},"author":1,"featured_media":0,"comment_status":"open","ping_status":"closed","sticky":false,"template":"","format":"standard","meta":{"footnotes":""},"categories":[2],"tags":[],"class_list":{"0":"post-1411","1":"post","2":"type-post","3":"status-publish","4":"format-standard","6":"category-artikuj"},"yoast_head":"<!-- This site is optimized with the Yoast SEO plugin v27.4 - https:\/\/yoast.com\/product\/yoast-seo-wordpress\/ -->\n<title>Nj\u00eb deklarat\u00eb e pad\u00ebgjuar - FjALA e LIR\u00cb - Arkivi<\/title>\n<meta name=\"robots\" content=\"index, follow, max-snippet:-1, max-image-preview:large, max-video-preview:-1\" \/>\n<link rel=\"canonical\" href=\"https:\/\/fjala.info\/2009-2015\/nje-deklarate-e-padegjuar\/\" \/>\n<meta property=\"og:locale\" content=\"sq_AL\" \/>\n<meta property=\"og:type\" content=\"article\" \/>\n<meta property=\"og:title\" content=\"Nj\u00eb deklarat\u00eb e pad\u00ebgjuar - FjALA e LIR\u00cb - Arkivi\" \/>\n<meta property=\"og:description\" content=\"Pre\u00e7 Zogaj Berisha deklaroi parmbr\u00ebm\u00eb n\u00eb nj\u00eb intervist\u00eb me gazetarin \u00c7lirim Peka se 21 janari do t\u00eb hetohet nga Kryeprokurori i ri . Dometh\u00ebn\u00eb, nga kryeprokurori i ri, q\u00eb do t\u00eb dekretohet nga Presidenti i ri, q\u00eb do t\u00eb zgjidhet me shumic\u00eb t\u00eb thjesht\u00eb nga shumica qeveritare. N\u00eb terma konkret\u00eb, n\u00ebse gjith\u00e7ka shkon sipas k\u00ebsaj [&hellip;]\" \/>\n<meta property=\"og:url\" content=\"https:\/\/fjala.info\/2009-2015\/nje-deklarate-e-padegjuar\/\" \/>\n<meta property=\"og:site_name\" content=\"FjALA e LIR\u00cb - Arkivi\" \/>\n<meta property=\"article:published_time\" content=\"2012-01-27T20:21:52+00:00\" \/>\n<meta property=\"og:image\" content=\"http:\/\/www.shkoder.net\/images\/fjala\/prec_zogaj.jpg\" \/>\n<meta name=\"author\" content=\"admin\" \/>\n<meta name=\"twitter:card\" content=\"summary_large_image\" \/>\n<meta name=\"twitter:label1\" content=\"Written by\" \/>\n\t<meta name=\"twitter:data1\" content=\"admin\" \/>\n\t<meta name=\"twitter:label2\" content=\"Est. reading time\" \/>\n\t<meta name=\"twitter:data2\" content=\"7 minutes\" \/>\n<script type=\"application\/ld+json\" class=\"yoast-schema-graph\">{\"@context\":\"https:\\\/\\\/schema.org\",\"@graph\":[{\"@type\":\"Article\",\"@id\":\"https:\\\/\\\/fjala.info\\\/2009-2015\\\/nje-deklarate-e-padegjuar\\\/#article\",\"isPartOf\":{\"@id\":\"https:\\\/\\\/fjala.info\\\/2009-2015\\\/nje-deklarate-e-padegjuar\\\/\"},\"author\":{\"name\":\"admin\",\"@id\":\"https:\\\/\\\/fjala.info\\\/2009-2015\\\/#\\\/schema\\\/person\\\/3aa1163ef05469c496fc94e77611ada2\"},\"headline\":\"Nj\u00eb deklarat\u00eb e pad\u00ebgjuar\",\"datePublished\":\"2012-01-27T20:21:52+00:00\",\"mainEntityOfPage\":{\"@id\":\"https:\\\/\\\/fjala.info\\\/2009-2015\\\/nje-deklarate-e-padegjuar\\\/\"},\"wordCount\":1501,\"commentCount\":0,\"publisher\":{\"@id\":\"https:\\\/\\\/fjala.info\\\/2009-2015\\\/#organization\"},\"image\":{\"@id\":\"https:\\\/\\\/fjala.info\\\/2009-2015\\\/nje-deklarate-e-padegjuar\\\/#primaryimage\"},\"thumbnailUrl\":\"http:\\\/\\\/www.shkoder.net\\\/images\\\/fjala\\\/prec_zogaj.jpg\",\"articleSection\":[\"Artikuj\"],\"inLanguage\":\"sq-AL\",\"potentialAction\":[{\"@type\":\"CommentAction\",\"name\":\"Comment\",\"target\":[\"https:\\\/\\\/fjala.info\\\/2009-2015\\\/nje-deklarate-e-padegjuar\\\/#respond\"]}]},{\"@type\":\"WebPage\",\"@id\":\"https:\\\/\\\/fjala.info\\\/2009-2015\\\/nje-deklarate-e-padegjuar\\\/\",\"url\":\"https:\\\/\\\/fjala.info\\\/2009-2015\\\/nje-deklarate-e-padegjuar\\\/\",\"name\":\"Nj\u00eb deklarat\u00eb e pad\u00ebgjuar - FjALA e LIR\u00cb - Arkivi\",\"isPartOf\":{\"@id\":\"https:\\\/\\\/fjala.info\\\/2009-2015\\\/#website\"},\"primaryImageOfPage\":{\"@id\":\"https:\\\/\\\/fjala.info\\\/2009-2015\\\/nje-deklarate-e-padegjuar\\\/#primaryimage\"},\"image\":{\"@id\":\"https:\\\/\\\/fjala.info\\\/2009-2015\\\/nje-deklarate-e-padegjuar\\\/#primaryimage\"},\"thumbnailUrl\":\"http:\\\/\\\/www.shkoder.net\\\/images\\\/fjala\\\/prec_zogaj.jpg\",\"datePublished\":\"2012-01-27T20:21:52+00:00\",\"breadcrumb\":{\"@id\":\"https:\\\/\\\/fjala.info\\\/2009-2015\\\/nje-deklarate-e-padegjuar\\\/#breadcrumb\"},\"inLanguage\":\"sq-AL\",\"potentialAction\":[{\"@type\":\"ReadAction\",\"target\":[\"https:\\\/\\\/fjala.info\\\/2009-2015\\\/nje-deklarate-e-padegjuar\\\/\"]}]},{\"@type\":\"ImageObject\",\"inLanguage\":\"sq-AL\",\"@id\":\"https:\\\/\\\/fjala.info\\\/2009-2015\\\/nje-deklarate-e-padegjuar\\\/#primaryimage\",\"url\":\"http:\\\/\\\/www.shkoder.net\\\/images\\\/fjala\\\/prec_zogaj.jpg\",\"contentUrl\":\"http:\\\/\\\/www.shkoder.net\\\/images\\\/fjala\\\/prec_zogaj.jpg\"},{\"@type\":\"BreadcrumbList\",\"@id\":\"https:\\\/\\\/fjala.info\\\/2009-2015\\\/nje-deklarate-e-padegjuar\\\/#breadcrumb\",\"itemListElement\":[{\"@type\":\"ListItem\",\"position\":1,\"name\":\"Home\",\"item\":\"https:\\\/\\\/fjala.info\\\/2009-2015\\\/\"},{\"@type\":\"ListItem\",\"position\":2,\"name\":\"Nj\u00eb deklarat\u00eb e pad\u00ebgjuar\"}]},{\"@type\":\"WebSite\",\"@id\":\"https:\\\/\\\/fjala.info\\\/2009-2015\\\/#website\",\"url\":\"https:\\\/\\\/fjala.info\\\/2009-2015\\\/\",\"name\":\"FjALA e LIR\u00cb - Arkivi\",\"description\":\"Arkivi 2009-2015\",\"publisher\":{\"@id\":\"https:\\\/\\\/fjala.info\\\/2009-2015\\\/#organization\"},\"potentialAction\":[{\"@type\":\"SearchAction\",\"target\":{\"@type\":\"EntryPoint\",\"urlTemplate\":\"https:\\\/\\\/fjala.info\\\/2009-2015\\\/?s={search_term_string}\"},\"query-input\":{\"@type\":\"PropertyValueSpecification\",\"valueRequired\":true,\"valueName\":\"search_term_string\"}}],\"inLanguage\":\"sq-AL\"},{\"@type\":\"Organization\",\"@id\":\"https:\\\/\\\/fjala.info\\\/2009-2015\\\/#organization\",\"name\":\"FjALA e LIR\u00cb - Arkivi\",\"url\":\"https:\\\/\\\/fjala.info\\\/2009-2015\\\/\",\"logo\":{\"@type\":\"ImageObject\",\"inLanguage\":\"sq-AL\",\"@id\":\"https:\\\/\\\/fjala.info\\\/2009-2015\\\/#\\\/schema\\\/logo\\\/image\\\/\",\"url\":\"\",\"contentUrl\":\"\",\"caption\":\"FjALA e LIR\u00cb - Arkivi\"},\"image\":{\"@id\":\"https:\\\/\\\/fjala.info\\\/2009-2015\\\/#\\\/schema\\\/logo\\\/image\\\/\"}},{\"@type\":\"Person\",\"@id\":\"https:\\\/\\\/fjala.info\\\/2009-2015\\\/#\\\/schema\\\/person\\\/3aa1163ef05469c496fc94e77611ada2\",\"name\":\"admin\",\"image\":{\"@type\":\"ImageObject\",\"inLanguage\":\"sq-AL\",\"@id\":\"https:\\\/\\\/fjala.info\\\/2009-2015\\\/wp-content\\\/uploads\\\/2012\\\/02\\\/arben_cokaj-120x150.jpg\",\"url\":\"https:\\\/\\\/fjala.info\\\/2009-2015\\\/wp-content\\\/uploads\\\/2012\\\/02\\\/arben_cokaj-120x150.jpg\",\"contentUrl\":\"https:\\\/\\\/fjala.info\\\/2009-2015\\\/wp-content\\\/uploads\\\/2012\\\/02\\\/arben_cokaj-120x150.jpg\",\"caption\":\"admin\"},\"description\":\"Admin, Fjala e Lir\u00eb\",\"sameAs\":[\"https:\\\/\\\/fjala.info\\\/\"],\"url\":\"https:\\\/\\\/fjala.info\\\/2009-2015\\\/author\\\/admin\\\/\"}]}<\/script>\n<!-- \/ Yoast SEO plugin. -->","yoast_head_json":{"title":"Nj\u00eb deklarat\u00eb e pad\u00ebgjuar - FjALA e LIR\u00cb - Arkivi","robots":{"index":"index","follow":"follow","max-snippet":"max-snippet:-1","max-image-preview":"max-image-preview:large","max-video-preview":"max-video-preview:-1"},"canonical":"https:\/\/fjala.info\/2009-2015\/nje-deklarate-e-padegjuar\/","og_locale":"sq_AL","og_type":"article","og_title":"Nj\u00eb deklarat\u00eb e pad\u00ebgjuar - FjALA e LIR\u00cb - Arkivi","og_description":"Pre\u00e7 Zogaj Berisha deklaroi parmbr\u00ebm\u00eb n\u00eb nj\u00eb intervist\u00eb me gazetarin \u00c7lirim Peka se 21 janari do t\u00eb hetohet nga Kryeprokurori i ri . Dometh\u00ebn\u00eb, nga kryeprokurori i ri, q\u00eb do t\u00eb dekretohet nga Presidenti i ri, q\u00eb do t\u00eb zgjidhet me shumic\u00eb t\u00eb thjesht\u00eb nga shumica qeveritare. N\u00eb terma konkret\u00eb, n\u00ebse gjith\u00e7ka shkon sipas k\u00ebsaj [&hellip;]","og_url":"https:\/\/fjala.info\/2009-2015\/nje-deklarate-e-padegjuar\/","og_site_name":"FjALA e LIR\u00cb - Arkivi","article_published_time":"2012-01-27T20:21:52+00:00","og_image":[{"url":"http:\/\/www.shkoder.net\/images\/fjala\/prec_zogaj.jpg","type":"","width":"","height":""}],"author":"admin","twitter_card":"summary_large_image","twitter_misc":{"Written by":"admin","Est. reading time":"7 minutes"},"schema":{"@context":"https:\/\/schema.org","@graph":[{"@type":"Article","@id":"https:\/\/fjala.info\/2009-2015\/nje-deklarate-e-padegjuar\/#article","isPartOf":{"@id":"https:\/\/fjala.info\/2009-2015\/nje-deklarate-e-padegjuar\/"},"author":{"name":"admin","@id":"https:\/\/fjala.info\/2009-2015\/#\/schema\/person\/3aa1163ef05469c496fc94e77611ada2"},"headline":"Nj\u00eb deklarat\u00eb e pad\u00ebgjuar","datePublished":"2012-01-27T20:21:52+00:00","mainEntityOfPage":{"@id":"https:\/\/fjala.info\/2009-2015\/nje-deklarate-e-padegjuar\/"},"wordCount":1501,"commentCount":0,"publisher":{"@id":"https:\/\/fjala.info\/2009-2015\/#organization"},"image":{"@id":"https:\/\/fjala.info\/2009-2015\/nje-deklarate-e-padegjuar\/#primaryimage"},"thumbnailUrl":"http:\/\/www.shkoder.net\/images\/fjala\/prec_zogaj.jpg","articleSection":["Artikuj"],"inLanguage":"sq-AL","potentialAction":[{"@type":"CommentAction","name":"Comment","target":["https:\/\/fjala.info\/2009-2015\/nje-deklarate-e-padegjuar\/#respond"]}]},{"@type":"WebPage","@id":"https:\/\/fjala.info\/2009-2015\/nje-deklarate-e-padegjuar\/","url":"https:\/\/fjala.info\/2009-2015\/nje-deklarate-e-padegjuar\/","name":"Nj\u00eb deklarat\u00eb e pad\u00ebgjuar - FjALA e LIR\u00cb - Arkivi","isPartOf":{"@id":"https:\/\/fjala.info\/2009-2015\/#website"},"primaryImageOfPage":{"@id":"https:\/\/fjala.info\/2009-2015\/nje-deklarate-e-padegjuar\/#primaryimage"},"image":{"@id":"https:\/\/fjala.info\/2009-2015\/nje-deklarate-e-padegjuar\/#primaryimage"},"thumbnailUrl":"http:\/\/www.shkoder.net\/images\/fjala\/prec_zogaj.jpg","datePublished":"2012-01-27T20:21:52+00:00","breadcrumb":{"@id":"https:\/\/fjala.info\/2009-2015\/nje-deklarate-e-padegjuar\/#breadcrumb"},"inLanguage":"sq-AL","potentialAction":[{"@type":"ReadAction","target":["https:\/\/fjala.info\/2009-2015\/nje-deklarate-e-padegjuar\/"]}]},{"@type":"ImageObject","inLanguage":"sq-AL","@id":"https:\/\/fjala.info\/2009-2015\/nje-deklarate-e-padegjuar\/#primaryimage","url":"http:\/\/www.shkoder.net\/images\/fjala\/prec_zogaj.jpg","contentUrl":"http:\/\/www.shkoder.net\/images\/fjala\/prec_zogaj.jpg"},{"@type":"BreadcrumbList","@id":"https:\/\/fjala.info\/2009-2015\/nje-deklarate-e-padegjuar\/#breadcrumb","itemListElement":[{"@type":"ListItem","position":1,"name":"Home","item":"https:\/\/fjala.info\/2009-2015\/"},{"@type":"ListItem","position":2,"name":"Nj\u00eb deklarat\u00eb e pad\u00ebgjuar"}]},{"@type":"WebSite","@id":"https:\/\/fjala.info\/2009-2015\/#website","url":"https:\/\/fjala.info\/2009-2015\/","name":"FjALA e LIR\u00cb - Arkivi","description":"Arkivi 2009-2015","publisher":{"@id":"https:\/\/fjala.info\/2009-2015\/#organization"},"potentialAction":[{"@type":"SearchAction","target":{"@type":"EntryPoint","urlTemplate":"https:\/\/fjala.info\/2009-2015\/?s={search_term_string}"},"query-input":{"@type":"PropertyValueSpecification","valueRequired":true,"valueName":"search_term_string"}}],"inLanguage":"sq-AL"},{"@type":"Organization","@id":"https:\/\/fjala.info\/2009-2015\/#organization","name":"FjALA e LIR\u00cb - Arkivi","url":"https:\/\/fjala.info\/2009-2015\/","logo":{"@type":"ImageObject","inLanguage":"sq-AL","@id":"https:\/\/fjala.info\/2009-2015\/#\/schema\/logo\/image\/","url":"","contentUrl":"","caption":"FjALA e LIR\u00cb - Arkivi"},"image":{"@id":"https:\/\/fjala.info\/2009-2015\/#\/schema\/logo\/image\/"}},{"@type":"Person","@id":"https:\/\/fjala.info\/2009-2015\/#\/schema\/person\/3aa1163ef05469c496fc94e77611ada2","name":"admin","image":{"@type":"ImageObject","inLanguage":"sq-AL","@id":"https:\/\/fjala.info\/2009-2015\/wp-content\/uploads\/2012\/02\/arben_cokaj-120x150.jpg","url":"https:\/\/fjala.info\/2009-2015\/wp-content\/uploads\/2012\/02\/arben_cokaj-120x150.jpg","contentUrl":"https:\/\/fjala.info\/2009-2015\/wp-content\/uploads\/2012\/02\/arben_cokaj-120x150.jpg","caption":"admin"},"description":"Admin, Fjala e Lir\u00eb","sameAs":["https:\/\/fjala.info\/"],"url":"https:\/\/fjala.info\/2009-2015\/author\/admin\/"}]}},"_links":{"self":[{"href":"https:\/\/fjala.info\/2009-2015\/wp-json\/wp\/v2\/posts\/1411","targetHints":{"allow":["GET"]}}],"collection":[{"href":"https:\/\/fjala.info\/2009-2015\/wp-json\/wp\/v2\/posts"}],"about":[{"href":"https:\/\/fjala.info\/2009-2015\/wp-json\/wp\/v2\/types\/post"}],"author":[{"embeddable":true,"href":"https:\/\/fjala.info\/2009-2015\/wp-json\/wp\/v2\/users\/1"}],"replies":[{"embeddable":true,"href":"https:\/\/fjala.info\/2009-2015\/wp-json\/wp\/v2\/comments?post=1411"}],"version-history":[{"count":0,"href":"https:\/\/fjala.info\/2009-2015\/wp-json\/wp\/v2\/posts\/1411\/revisions"}],"wp:attachment":[{"href":"https:\/\/fjala.info\/2009-2015\/wp-json\/wp\/v2\/media?parent=1411"}],"wp:term":[{"taxonomy":"category","embeddable":true,"href":"https:\/\/fjala.info\/2009-2015\/wp-json\/wp\/v2\/categories?post=1411"},{"taxonomy":"post_tag","embeddable":true,"href":"https:\/\/fjala.info\/2009-2015\/wp-json\/wp\/v2\/tags?post=1411"}],"curies":[{"name":"wp","href":"https:\/\/api.w.org\/{rel}","templated":true}]}}