{"id":14086,"date":"2015-04-15T07:50:23","date_gmt":"2015-04-15T06:50:23","guid":{"rendered":"http:\/\/www.fjala.info\/?p=3461"},"modified":"2015-04-15T07:50:23","modified_gmt":"2015-04-15T06:50:23","slug":"ekspozite-e-pavarur-e-piktorit-rexhep-goci-te-nderuar-bashkatdhetare","status":"publish","type":"post","link":"https:\/\/fjala.info\/2009-2015\/ekspozite-e-pavarur-e-piktorit-rexhep-goci-te-nderuar-bashkatdhetare\/","title":{"rendered":"EKSPOZIT\u00cb e pavarur e piktorit Rexhep GO\u00c7I T\u00eb nderuar bashkatdhetar\u00eb"},"content":{"rendered":"<p><img decoding=\"async\" class=\"alignright\" src=\"http:\/\/www.fjala.info\/2015\/rexhep_goci_pikture.jpg\" alt=\"Rexhep Go\u00e7i - piktur\u00eb\" width=\"300\" \/> <strong>EKSPOZIT\u00cb e pavarur e piktorit Rexhep GO\u00c7I T\u00eb nderuar bashkatdhetar\u00eb<\/strong><\/p>\n<p>Ju ftojm\u00eb t\u00eb merrni pjes\u00eb n\u00eb Ekspozit\u00ebn e pikturave t\u00eb z.Rexhep Go\u00e7i nga Juniku, dit\u00eb e shtun\u00eb, 18 prill 2015 nga ora 10 gjer m\u00eb o\u00ebrn 17.<\/p>\n<p>Eksopzita mund\u00ebsohet nga Drejtoresha e Bibliotek\u00ebs Pestalozii n\u00eb Z\u00fcrich, zonja Suela Jorgaqi kurse organizator\u00eb jan\u00eb Piktori k\u00ebr\u00e7ovar Vesel Xhaferri \u00c7eliku i cili do t\u00eb prezentohet n\u00eb cil\u00ebsi t\u00eb mysafiri me tri piktura, z. Syl\u00eb Go\u00e7i dhe, z. Reis Mirdita.<\/p>\n<p>Ju mir\u00ebpresim n\u00eb lokalet e Bibliotek\u00ebs n\u00eb adres\u00ebn:<\/p>\n<p>Bibliothek Hardau<br \/>\nNorastrasse 20<br \/>\n8004 Z\u00fcrich<\/p>\n<p>Tel: 043 311 28 40<br \/>\n078 690 73 93<\/p>\n","protected":false},"excerpt":{"rendered":"<p>EKSPOZIT\u00cb e pavarur e piktorit Rexhep GO\u00c7I T\u00eb nderuar bashkatdhetar\u00eb Ju ftojm\u00eb t\u00eb merrni pjes\u00eb n\u00eb Ekspozit\u00ebn e pikturave t\u00eb z.Rexhep Go\u00e7i nga Juniku, dit\u00eb e shtun\u00eb, 18 prill 2015 nga ora 10 gjer m\u00eb o\u00ebrn 17. Eksopzita mund\u00ebsohet nga Drejtoresha e Bibliotek\u00ebs Pestalozii n\u00eb Z\u00fcrich, zonja Suela Jorgaqi kurse organizator\u00eb jan\u00eb Piktori k\u00ebr\u00e7ovar Vesel [&hellip;]<\/p>\n","protected":false},"author":1,"featured_media":0,"comment_status":"open","ping_status":"closed","sticky":false,"template":"","format":"standard","meta":{"footnotes":""},"categories":[6],"tags":[],"class_list":{"0":"post-14086","1":"post","2":"type-post","3":"status-publish","4":"format-standard","6":"category-lajmerime"},"yoast_head":"<!-- This site is optimized with the Yoast SEO plugin v27.4 - https:\/\/yoast.com\/product\/yoast-seo-wordpress\/ -->\n<title>EKSPOZIT\u00cb e pavarur e piktorit Rexhep GO\u00c7I T\u00eb nderuar bashkatdhetar\u00eb - FjALA e LIR\u00cb - Arkivi<\/title>\n<meta name=\"robots\" content=\"index, follow, max-snippet:-1, max-image-preview:large, max-video-preview:-1\" \/>\n<link rel=\"canonical\" href=\"https:\/\/fjala.info\/2009-2015\/ekspozite-e-pavarur-e-piktorit-rexhep-goci-te-nderuar-bashkatdhetare\/\" \/>\n<meta property=\"og:locale\" content=\"sq_AL\" \/>\n<meta property=\"og:type\" content=\"article\" \/>\n<meta property=\"og:title\" content=\"EKSPOZIT\u00cb e pavarur e piktorit Rexhep GO\u00c7I T\u00eb nderuar bashkatdhetar\u00eb - FjALA e LIR\u00cb - Arkivi\" \/>\n<meta property=\"og:description\" content=\"EKSPOZIT\u00cb e pavarur e piktorit Rexhep GO\u00c7I T\u00eb nderuar bashkatdhetar\u00eb Ju ftojm\u00eb t\u00eb merrni pjes\u00eb n\u00eb Ekspozit\u00ebn e pikturave t\u00eb z.Rexhep Go\u00e7i nga Juniku, dit\u00eb e shtun\u00eb, 18 prill 2015 nga ora 10 gjer m\u00eb o\u00ebrn 17. Eksopzita mund\u00ebsohet nga Drejtoresha e Bibliotek\u00ebs Pestalozii n\u00eb Z\u00fcrich, zonja Suela Jorgaqi kurse organizator\u00eb jan\u00eb Piktori k\u00ebr\u00e7ovar Vesel [&hellip;]\" \/>\n<meta property=\"og:url\" content=\"https:\/\/fjala.info\/2009-2015\/ekspozite-e-pavarur-e-piktorit-rexhep-goci-te-nderuar-bashkatdhetare\/\" \/>\n<meta property=\"og:site_name\" content=\"FjALA e LIR\u00cb - Arkivi\" \/>\n<meta property=\"article:published_time\" content=\"2015-04-15T06:50:23+00:00\" \/>\n<meta property=\"og:image\" content=\"http:\/\/www.fjala.info\/2015\/rexhep_goci_pikture.jpg\" \/>\n<meta name=\"author\" content=\"admin\" \/>\n<meta name=\"twitter:card\" content=\"summary_large_image\" \/>\n<meta name=\"twitter:label1\" content=\"Written by\" \/>\n\t<meta name=\"twitter:data1\" content=\"admin\" \/>\n\t<meta name=\"twitter:label2\" content=\"Est. reading time\" \/>\n\t<meta name=\"twitter:data2\" content=\"1 minute\" \/>\n<script type=\"application\/ld+json\" class=\"yoast-schema-graph\">{\"@context\":\"https:\\\/\\\/schema.org\",\"@graph\":[{\"@type\":\"Article\",\"@id\":\"https:\\\/\\\/fjala.info\\\/2009-2015\\\/ekspozite-e-pavarur-e-piktorit-rexhep-goci-te-nderuar-bashkatdhetare\\\/#article\",\"isPartOf\":{\"@id\":\"https:\\\/\\\/fjala.info\\\/2009-2015\\\/ekspozite-e-pavarur-e-piktorit-rexhep-goci-te-nderuar-bashkatdhetare\\\/\"},\"author\":{\"name\":\"admin\",\"@id\":\"https:\\\/\\\/fjala.info\\\/2009-2015\\\/#\\\/schema\\\/person\\\/3aa1163ef05469c496fc94e77611ada2\"},\"headline\":\"EKSPOZIT\u00cb e pavarur e piktorit Rexhep GO\u00c7I T\u00eb nderuar bashkatdhetar\u00eb\",\"datePublished\":\"2015-04-15T06:50:23+00:00\",\"mainEntityOfPage\":{\"@id\":\"https:\\\/\\\/fjala.info\\\/2009-2015\\\/ekspozite-e-pavarur-e-piktorit-rexhep-goci-te-nderuar-bashkatdhetare\\\/\"},\"wordCount\":112,\"commentCount\":1,\"publisher\":{\"@id\":\"https:\\\/\\\/fjala.info\\\/2009-2015\\\/#organization\"},\"image\":{\"@id\":\"https:\\\/\\\/fjala.info\\\/2009-2015\\\/ekspozite-e-pavarur-e-piktorit-rexhep-goci-te-nderuar-bashkatdhetare\\\/#primaryimage\"},\"thumbnailUrl\":\"http:\\\/\\\/www.fjala.info\\\/2015\\\/rexhep_goci_pikture.jpg\",\"articleSection\":[\"Lajm\u00ebrime\"],\"inLanguage\":\"sq-AL\",\"potentialAction\":[{\"@type\":\"CommentAction\",\"name\":\"Comment\",\"target\":[\"https:\\\/\\\/fjala.info\\\/2009-2015\\\/ekspozite-e-pavarur-e-piktorit-rexhep-goci-te-nderuar-bashkatdhetare\\\/#respond\"]}]},{\"@type\":\"WebPage\",\"@id\":\"https:\\\/\\\/fjala.info\\\/2009-2015\\\/ekspozite-e-pavarur-e-piktorit-rexhep-goci-te-nderuar-bashkatdhetare\\\/\",\"url\":\"https:\\\/\\\/fjala.info\\\/2009-2015\\\/ekspozite-e-pavarur-e-piktorit-rexhep-goci-te-nderuar-bashkatdhetare\\\/\",\"name\":\"EKSPOZIT\u00cb e pavarur e piktorit Rexhep GO\u00c7I T\u00eb nderuar bashkatdhetar\u00eb - FjALA e LIR\u00cb - Arkivi\",\"isPartOf\":{\"@id\":\"https:\\\/\\\/fjala.info\\\/2009-2015\\\/#website\"},\"primaryImageOfPage\":{\"@id\":\"https:\\\/\\\/fjala.info\\\/2009-2015\\\/ekspozite-e-pavarur-e-piktorit-rexhep-goci-te-nderuar-bashkatdhetare\\\/#primaryimage\"},\"image\":{\"@id\":\"https:\\\/\\\/fjala.info\\\/2009-2015\\\/ekspozite-e-pavarur-e-piktorit-rexhep-goci-te-nderuar-bashkatdhetare\\\/#primaryimage\"},\"thumbnailUrl\":\"http:\\\/\\\/www.fjala.info\\\/2015\\\/rexhep_goci_pikture.jpg\",\"datePublished\":\"2015-04-15T06:50:23+00:00\",\"breadcrumb\":{\"@id\":\"https:\\\/\\\/fjala.info\\\/2009-2015\\\/ekspozite-e-pavarur-e-piktorit-rexhep-goci-te-nderuar-bashkatdhetare\\\/#breadcrumb\"},\"inLanguage\":\"sq-AL\",\"potentialAction\":[{\"@type\":\"ReadAction\",\"target\":[\"https:\\\/\\\/fjala.info\\\/2009-2015\\\/ekspozite-e-pavarur-e-piktorit-rexhep-goci-te-nderuar-bashkatdhetare\\\/\"]}]},{\"@type\":\"ImageObject\",\"inLanguage\":\"sq-AL\",\"@id\":\"https:\\\/\\\/fjala.info\\\/2009-2015\\\/ekspozite-e-pavarur-e-piktorit-rexhep-goci-te-nderuar-bashkatdhetare\\\/#primaryimage\",\"url\":\"http:\\\/\\\/www.fjala.info\\\/2015\\\/rexhep_goci_pikture.jpg\",\"contentUrl\":\"http:\\\/\\\/www.fjala.info\\\/2015\\\/rexhep_goci_pikture.jpg\"},{\"@type\":\"BreadcrumbList\",\"@id\":\"https:\\\/\\\/fjala.info\\\/2009-2015\\\/ekspozite-e-pavarur-e-piktorit-rexhep-goci-te-nderuar-bashkatdhetare\\\/#breadcrumb\",\"itemListElement\":[{\"@type\":\"ListItem\",\"position\":1,\"name\":\"Home\",\"item\":\"https:\\\/\\\/fjala.info\\\/2009-2015\\\/\"},{\"@type\":\"ListItem\",\"position\":2,\"name\":\"EKSPOZIT\u00cb e pavarur e piktorit Rexhep GO\u00c7I T\u00eb nderuar bashkatdhetar\u00eb\"}]},{\"@type\":\"WebSite\",\"@id\":\"https:\\\/\\\/fjala.info\\\/2009-2015\\\/#website\",\"url\":\"https:\\\/\\\/fjala.info\\\/2009-2015\\\/\",\"name\":\"FjALA e LIR\u00cb - Arkivi\",\"description\":\"Arkivi 2009-2015\",\"publisher\":{\"@id\":\"https:\\\/\\\/fjala.info\\\/2009-2015\\\/#organization\"},\"potentialAction\":[{\"@type\":\"SearchAction\",\"target\":{\"@type\":\"EntryPoint\",\"urlTemplate\":\"https:\\\/\\\/fjala.info\\\/2009-2015\\\/?s={search_term_string}\"},\"query-input\":{\"@type\":\"PropertyValueSpecification\",\"valueRequired\":true,\"valueName\":\"search_term_string\"}}],\"inLanguage\":\"sq-AL\"},{\"@type\":\"Organization\",\"@id\":\"https:\\\/\\\/fjala.info\\\/2009-2015\\\/#organization\",\"name\":\"FjALA e LIR\u00cb - Arkivi\",\"url\":\"https:\\\/\\\/fjala.info\\\/2009-2015\\\/\",\"logo\":{\"@type\":\"ImageObject\",\"inLanguage\":\"sq-AL\",\"@id\":\"https:\\\/\\\/fjala.info\\\/2009-2015\\\/#\\\/schema\\\/logo\\\/image\\\/\",\"url\":\"\",\"contentUrl\":\"\",\"caption\":\"FjALA e LIR\u00cb - Arkivi\"},\"image\":{\"@id\":\"https:\\\/\\\/fjala.info\\\/2009-2015\\\/#\\\/schema\\\/logo\\\/image\\\/\"}},{\"@type\":\"Person\",\"@id\":\"https:\\\/\\\/fjala.info\\\/2009-2015\\\/#\\\/schema\\\/person\\\/3aa1163ef05469c496fc94e77611ada2\",\"name\":\"admin\",\"image\":{\"@type\":\"ImageObject\",\"inLanguage\":\"sq-AL\",\"@id\":\"https:\\\/\\\/fjala.info\\\/2009-2015\\\/wp-content\\\/uploads\\\/2012\\\/02\\\/arben_cokaj-120x150.jpg\",\"url\":\"https:\\\/\\\/fjala.info\\\/2009-2015\\\/wp-content\\\/uploads\\\/2012\\\/02\\\/arben_cokaj-120x150.jpg\",\"contentUrl\":\"https:\\\/\\\/fjala.info\\\/2009-2015\\\/wp-content\\\/uploads\\\/2012\\\/02\\\/arben_cokaj-120x150.jpg\",\"caption\":\"admin\"},\"description\":\"Admin, Fjala e Lir\u00eb\",\"sameAs\":[\"https:\\\/\\\/fjala.info\\\/\"],\"url\":\"https:\\\/\\\/fjala.info\\\/2009-2015\\\/author\\\/admin\\\/\"}]}<\/script>\n<!-- \/ Yoast SEO plugin. -->","yoast_head_json":{"title":"EKSPOZIT\u00cb e pavarur e piktorit Rexhep GO\u00c7I T\u00eb nderuar bashkatdhetar\u00eb - FjALA e LIR\u00cb - Arkivi","robots":{"index":"index","follow":"follow","max-snippet":"max-snippet:-1","max-image-preview":"max-image-preview:large","max-video-preview":"max-video-preview:-1"},"canonical":"https:\/\/fjala.info\/2009-2015\/ekspozite-e-pavarur-e-piktorit-rexhep-goci-te-nderuar-bashkatdhetare\/","og_locale":"sq_AL","og_type":"article","og_title":"EKSPOZIT\u00cb e pavarur e piktorit Rexhep GO\u00c7I T\u00eb nderuar bashkatdhetar\u00eb - FjALA e LIR\u00cb - Arkivi","og_description":"EKSPOZIT\u00cb e pavarur e piktorit Rexhep GO\u00c7I T\u00eb nderuar bashkatdhetar\u00eb Ju ftojm\u00eb t\u00eb merrni pjes\u00eb n\u00eb Ekspozit\u00ebn e pikturave t\u00eb z.Rexhep Go\u00e7i nga Juniku, dit\u00eb e shtun\u00eb, 18 prill 2015 nga ora 10 gjer m\u00eb o\u00ebrn 17. Eksopzita mund\u00ebsohet nga Drejtoresha e Bibliotek\u00ebs Pestalozii n\u00eb Z\u00fcrich, zonja Suela Jorgaqi kurse organizator\u00eb jan\u00eb Piktori k\u00ebr\u00e7ovar Vesel [&hellip;]","og_url":"https:\/\/fjala.info\/2009-2015\/ekspozite-e-pavarur-e-piktorit-rexhep-goci-te-nderuar-bashkatdhetare\/","og_site_name":"FjALA e LIR\u00cb - Arkivi","article_published_time":"2015-04-15T06:50:23+00:00","og_image":[{"url":"http:\/\/www.fjala.info\/2015\/rexhep_goci_pikture.jpg","type":"","width":"","height":""}],"author":"admin","twitter_card":"summary_large_image","twitter_misc":{"Written by":"admin","Est. reading time":"1 minute"},"schema":{"@context":"https:\/\/schema.org","@graph":[{"@type":"Article","@id":"https:\/\/fjala.info\/2009-2015\/ekspozite-e-pavarur-e-piktorit-rexhep-goci-te-nderuar-bashkatdhetare\/#article","isPartOf":{"@id":"https:\/\/fjala.info\/2009-2015\/ekspozite-e-pavarur-e-piktorit-rexhep-goci-te-nderuar-bashkatdhetare\/"},"author":{"name":"admin","@id":"https:\/\/fjala.info\/2009-2015\/#\/schema\/person\/3aa1163ef05469c496fc94e77611ada2"},"headline":"EKSPOZIT\u00cb e pavarur e piktorit Rexhep GO\u00c7I T\u00eb nderuar bashkatdhetar\u00eb","datePublished":"2015-04-15T06:50:23+00:00","mainEntityOfPage":{"@id":"https:\/\/fjala.info\/2009-2015\/ekspozite-e-pavarur-e-piktorit-rexhep-goci-te-nderuar-bashkatdhetare\/"},"wordCount":112,"commentCount":1,"publisher":{"@id":"https:\/\/fjala.info\/2009-2015\/#organization"},"image":{"@id":"https:\/\/fjala.info\/2009-2015\/ekspozite-e-pavarur-e-piktorit-rexhep-goci-te-nderuar-bashkatdhetare\/#primaryimage"},"thumbnailUrl":"http:\/\/www.fjala.info\/2015\/rexhep_goci_pikture.jpg","articleSection":["Lajm\u00ebrime"],"inLanguage":"sq-AL","potentialAction":[{"@type":"CommentAction","name":"Comment","target":["https:\/\/fjala.info\/2009-2015\/ekspozite-e-pavarur-e-piktorit-rexhep-goci-te-nderuar-bashkatdhetare\/#respond"]}]},{"@type":"WebPage","@id":"https:\/\/fjala.info\/2009-2015\/ekspozite-e-pavarur-e-piktorit-rexhep-goci-te-nderuar-bashkatdhetare\/","url":"https:\/\/fjala.info\/2009-2015\/ekspozite-e-pavarur-e-piktorit-rexhep-goci-te-nderuar-bashkatdhetare\/","name":"EKSPOZIT\u00cb e pavarur e piktorit Rexhep GO\u00c7I T\u00eb nderuar bashkatdhetar\u00eb - FjALA e LIR\u00cb - Arkivi","isPartOf":{"@id":"https:\/\/fjala.info\/2009-2015\/#website"},"primaryImageOfPage":{"@id":"https:\/\/fjala.info\/2009-2015\/ekspozite-e-pavarur-e-piktorit-rexhep-goci-te-nderuar-bashkatdhetare\/#primaryimage"},"image":{"@id":"https:\/\/fjala.info\/2009-2015\/ekspozite-e-pavarur-e-piktorit-rexhep-goci-te-nderuar-bashkatdhetare\/#primaryimage"},"thumbnailUrl":"http:\/\/www.fjala.info\/2015\/rexhep_goci_pikture.jpg","datePublished":"2015-04-15T06:50:23+00:00","breadcrumb":{"@id":"https:\/\/fjala.info\/2009-2015\/ekspozite-e-pavarur-e-piktorit-rexhep-goci-te-nderuar-bashkatdhetare\/#breadcrumb"},"inLanguage":"sq-AL","potentialAction":[{"@type":"ReadAction","target":["https:\/\/fjala.info\/2009-2015\/ekspozite-e-pavarur-e-piktorit-rexhep-goci-te-nderuar-bashkatdhetare\/"]}]},{"@type":"ImageObject","inLanguage":"sq-AL","@id":"https:\/\/fjala.info\/2009-2015\/ekspozite-e-pavarur-e-piktorit-rexhep-goci-te-nderuar-bashkatdhetare\/#primaryimage","url":"http:\/\/www.fjala.info\/2015\/rexhep_goci_pikture.jpg","contentUrl":"http:\/\/www.fjala.info\/2015\/rexhep_goci_pikture.jpg"},{"@type":"BreadcrumbList","@id":"https:\/\/fjala.info\/2009-2015\/ekspozite-e-pavarur-e-piktorit-rexhep-goci-te-nderuar-bashkatdhetare\/#breadcrumb","itemListElement":[{"@type":"ListItem","position":1,"name":"Home","item":"https:\/\/fjala.info\/2009-2015\/"},{"@type":"ListItem","position":2,"name":"EKSPOZIT\u00cb e pavarur e piktorit Rexhep GO\u00c7I T\u00eb nderuar bashkatdhetar\u00eb"}]},{"@type":"WebSite","@id":"https:\/\/fjala.info\/2009-2015\/#website","url":"https:\/\/fjala.info\/2009-2015\/","name":"FjALA e LIR\u00cb - Arkivi","description":"Arkivi 2009-2015","publisher":{"@id":"https:\/\/fjala.info\/2009-2015\/#organization"},"potentialAction":[{"@type":"SearchAction","target":{"@type":"EntryPoint","urlTemplate":"https:\/\/fjala.info\/2009-2015\/?s={search_term_string}"},"query-input":{"@type":"PropertyValueSpecification","valueRequired":true,"valueName":"search_term_string"}}],"inLanguage":"sq-AL"},{"@type":"Organization","@id":"https:\/\/fjala.info\/2009-2015\/#organization","name":"FjALA e LIR\u00cb - Arkivi","url":"https:\/\/fjala.info\/2009-2015\/","logo":{"@type":"ImageObject","inLanguage":"sq-AL","@id":"https:\/\/fjala.info\/2009-2015\/#\/schema\/logo\/image\/","url":"","contentUrl":"","caption":"FjALA e LIR\u00cb - Arkivi"},"image":{"@id":"https:\/\/fjala.info\/2009-2015\/#\/schema\/logo\/image\/"}},{"@type":"Person","@id":"https:\/\/fjala.info\/2009-2015\/#\/schema\/person\/3aa1163ef05469c496fc94e77611ada2","name":"admin","image":{"@type":"ImageObject","inLanguage":"sq-AL","@id":"https:\/\/fjala.info\/2009-2015\/wp-content\/uploads\/2012\/02\/arben_cokaj-120x150.jpg","url":"https:\/\/fjala.info\/2009-2015\/wp-content\/uploads\/2012\/02\/arben_cokaj-120x150.jpg","contentUrl":"https:\/\/fjala.info\/2009-2015\/wp-content\/uploads\/2012\/02\/arben_cokaj-120x150.jpg","caption":"admin"},"description":"Admin, Fjala e Lir\u00eb","sameAs":["https:\/\/fjala.info\/"],"url":"https:\/\/fjala.info\/2009-2015\/author\/admin\/"}]}},"_links":{"self":[{"href":"https:\/\/fjala.info\/2009-2015\/wp-json\/wp\/v2\/posts\/14086","targetHints":{"allow":["GET"]}}],"collection":[{"href":"https:\/\/fjala.info\/2009-2015\/wp-json\/wp\/v2\/posts"}],"about":[{"href":"https:\/\/fjala.info\/2009-2015\/wp-json\/wp\/v2\/types\/post"}],"author":[{"embeddable":true,"href":"https:\/\/fjala.info\/2009-2015\/wp-json\/wp\/v2\/users\/1"}],"replies":[{"embeddable":true,"href":"https:\/\/fjala.info\/2009-2015\/wp-json\/wp\/v2\/comments?post=14086"}],"version-history":[{"count":0,"href":"https:\/\/fjala.info\/2009-2015\/wp-json\/wp\/v2\/posts\/14086\/revisions"}],"wp:attachment":[{"href":"https:\/\/fjala.info\/2009-2015\/wp-json\/wp\/v2\/media?parent=14086"}],"wp:term":[{"taxonomy":"category","embeddable":true,"href":"https:\/\/fjala.info\/2009-2015\/wp-json\/wp\/v2\/categories?post=14086"},{"taxonomy":"post_tag","embeddable":true,"href":"https:\/\/fjala.info\/2009-2015\/wp-json\/wp\/v2\/tags?post=14086"}],"curies":[{"name":"wp","href":"https:\/\/api.w.org\/{rel}","templated":true}]}}