{"id":14034,"date":"2015-03-06T21:07:00","date_gmt":"2015-03-06T20:07:00","guid":{"rendered":"http:\/\/www.fjala.info\/?p=3191"},"modified":"2015-03-06T21:07:00","modified_gmt":"2015-03-06T20:07:00","slug":"ah-ky-6-marsi-sa-kujtime-e-dhimbje-na-sjell","status":"publish","type":"post","link":"https:\/\/fjala.info\/2009-2015\/ah-ky-6-marsi-sa-kujtime-e-dhimbje-na-sjell\/","title":{"rendered":"AH, KY 6 MARSI, SA KUJTIME E DHIMBJE NA SJELL!&#8230;"},"content":{"rendered":"<p><em>Si sot, 24 vjet m\u00eb par\u00eb<\/em>:<\/p>\n<blockquote><p><strong>AH, KY 6 MARSI, SA KUJTIME E DHIMBJE NA SJELL!&#8230;<\/strong><br \/>\nNga: <strong>Murat Gecaj<\/strong><\/p>\n<p><img decoding=\"async\" class=\"size-thumbnail wp-image-7236\" title=\"Anija me refugjat\u00eb q\u00eb u mbyt n\u00eb Otranto\" src=\"http:\/\/www.fjala.info\/2015\/anija_per_itali.jpg\" alt=\"\" width=\"300\" \/><br \/>\n<em>Durr\u00ebs, 6 mars 1991\u2026<\/em><\/p>\n<p>Kam shkruar dhe m\u00eb par\u00eb, p\u00ebr at\u00eb dat\u00eb t\u00eb paharruar,<br \/>\nq\u00eb zemrat e shum\u00eb shqiptar\u00ebve fort i pat\u2019 cop\u00ebtuar!<br \/>\nSa shpejt ik\u00ebn vitet, ato u mbush\u00ebn plot nj\u00ebzet\u2026<br \/>\nPo, a e dini, vall\u00eb, se gati jan\u00eb nj\u00eb jet\u00eb?<br \/>\nAt\u00eb dit\u00eb Tirana gj\u00ebmoi si nj\u00eb t\u00ebrmet<br \/>\ndhe dukej se k\u00ebmb\u00eb njeriu k\u00ebtu nuk mbet&#8217;.<br \/>\nVraponin e vraponin vargua, t\u00eb rinj e t\u00eb reja,<br \/>\nsa dukej q\u00eb njer\u00ebzve n\u00eb mes iu k\u00ebput jeta.<br \/>\nN\u00ebna e baballar\u00eb u lebetit\u00ebn e lotuan,<br \/>\nt\u00eb gjithe t\u00eb shtangur drejt Durresit shikuan.<br \/>\nAnija \u201cTirana\u201d priti plot miq t\u00eb paftuar<br \/>\ndhe nuk e dinte se ku kish\u2019 p\u00ebr t\u2019i d\u00ebrguar;<br \/>\nmbi uj\u00eb e tallaze ajo me shpejt\u00ebsi notoi,<br \/>\nderi sa ne brigjet italiane udh\u00ebn e ndaloi.<br \/>\nPo, ankthin tone, a e merrni me mend,<br \/>\nSa as toka aspak nuk na zinte vend?<br \/>\nNuk dinim p\u00ebr djem as p\u00ebr vajza,<br \/>\nse ku, vall\u00eb, ata i kish nxjerr\u00eb vala?!<br \/>\n\u2026\u2026\u2026\u2026\u2026\u2026\u2026\u2026\u2026\u2026\u2026\u2026\u2026\u2026\u2026\u2026\u2026\u2026\u2026<br \/>\nKjo histori \u00ebsht\u00eb nj\u00ebzet\u00ebvje\u00e7are,<br \/>\nm\u00eb besoni se dhimbja s\u2019\u00ebsht\u00eb hequr fare;<br \/>\nmendja e syt\u00eb na kan\u00eb mbetur p\u00ebrtej deti<br \/>\ne p\u00ebrs\u00ebri i ndijejm\u00eb l\u00ebkundjet e atij t\u00ebrmeti.<br \/>\nLexuesi im, m\u00eb beso q\u00eb nuk jam poet,<br \/>\npor kur njeriu kujtes\u00ebs i th\u00ebrret<br \/>\ne dhimbjen sadopak do ta pak\u00ebsoj\u00eb,<br \/>\nat\u00ebher\u00eb niska dhe t\u00eb vjersh\u00ebroj\u00eb\u2026<br \/>\nU k\u00ebrkoj t\u00eb falur p\u00ebr vargjet q\u00eb shkrova,<br \/>\npor k\u00ebshtu mendje e zem\u00ebr i leht\u00ebsova.<br \/>\n\u2026\u2026\u2026\u2026\u2026\u2026\u2026\u2026\u2026\u2026\u2026\u2026\u2026\u2026\u2026<br \/>\nTani, m\u00eb falni, se n\u00eb Internet kam sinjal<br \/>\ndhe n\u00eb an\u00ebn tjet\u00ebr \u00ebsht\u00eb nj\u00ebri djal\u00eb;<br \/>\npra, me figur\u00eb e z\u00eb do t\u00eb t\u00eb bisedojm\u00eb<br \/>\ne at\u00eb dat\u00eb t\u00eb dhimbshme do ta kujtojm\u00eb\u2026<\/p><\/blockquote>\n<p><em>Tiran\u00eb, 6 mars 2011, Ora 20.00<\/em><\/p>\n","protected":false},"excerpt":{"rendered":"<p>Si sot, 24 vjet m\u00eb par\u00eb: AH, KY 6 MARSI, SA KUJTIME E DHIMBJE NA SJELL!&#8230; Nga: Murat Gecaj Durr\u00ebs, 6 mars 1991\u2026 Kam shkruar dhe m\u00eb par\u00eb, p\u00ebr at\u00eb dat\u00eb t\u00eb paharruar, q\u00eb zemrat e shum\u00eb shqiptar\u00ebve fort i pat\u2019 cop\u00ebtuar! Sa shpejt ik\u00ebn vitet, ato u mbush\u00ebn plot nj\u00ebzet\u2026 Po, a e dini, [&hellip;]<\/p>\n","protected":false},"author":1,"featured_media":0,"comment_status":"open","ping_status":"closed","sticky":false,"template":"","format":"standard","meta":{"footnotes":""},"categories":[3,7,9],"tags":[],"class_list":{"0":"post-14034","1":"post","2":"type-post","3":"status-publish","4":"format-standard","6":"category-histori","7":"category-letersi","8":"category-poezi"},"yoast_head":"<!-- This site is optimized with the Yoast SEO plugin v27.4 - https:\/\/yoast.com\/product\/yoast-seo-wordpress\/ -->\n<title>AH, KY 6 MARSI, SA KUJTIME E DHIMBJE NA SJELL!... - FjALA e LIR\u00cb - Arkivi<\/title>\n<meta name=\"robots\" content=\"index, follow, max-snippet:-1, max-image-preview:large, max-video-preview:-1\" \/>\n<link rel=\"canonical\" href=\"https:\/\/fjala.info\/2009-2015\/ah-ky-6-marsi-sa-kujtime-e-dhimbje-na-sjell\/\" \/>\n<meta property=\"og:locale\" content=\"sq_AL\" \/>\n<meta property=\"og:type\" content=\"article\" \/>\n<meta property=\"og:title\" content=\"AH, KY 6 MARSI, SA KUJTIME E DHIMBJE NA SJELL!... - FjALA e LIR\u00cb - Arkivi\" \/>\n<meta property=\"og:description\" content=\"Si sot, 24 vjet m\u00eb par\u00eb: AH, KY 6 MARSI, SA KUJTIME E DHIMBJE NA SJELL!&#8230; Nga: Murat Gecaj Durr\u00ebs, 6 mars 1991\u2026 Kam shkruar dhe m\u00eb par\u00eb, p\u00ebr at\u00eb dat\u00eb t\u00eb paharruar, q\u00eb zemrat e shum\u00eb shqiptar\u00ebve fort i pat\u2019 cop\u00ebtuar! Sa shpejt ik\u00ebn vitet, ato u mbush\u00ebn plot nj\u00ebzet\u2026 Po, a e dini, [&hellip;]\" \/>\n<meta property=\"og:url\" content=\"https:\/\/fjala.info\/2009-2015\/ah-ky-6-marsi-sa-kujtime-e-dhimbje-na-sjell\/\" \/>\n<meta property=\"og:site_name\" content=\"FjALA e LIR\u00cb - Arkivi\" \/>\n<meta property=\"article:published_time\" content=\"2015-03-06T20:07:00+00:00\" \/>\n<meta property=\"og:image\" content=\"http:\/\/www.fjala.info\/2015\/anija_per_itali.jpg\" \/>\n<meta name=\"author\" content=\"admin\" \/>\n<meta name=\"twitter:card\" content=\"summary_large_image\" \/>\n<meta name=\"twitter:label1\" content=\"Written by\" \/>\n\t<meta name=\"twitter:data1\" content=\"admin\" \/>\n\t<meta name=\"twitter:label2\" content=\"Est. reading time\" \/>\n\t<meta name=\"twitter:data2\" content=\"2 minutes\" \/>\n<script type=\"application\/ld+json\" class=\"yoast-schema-graph\">{\"@context\":\"https:\\\/\\\/schema.org\",\"@graph\":[{\"@type\":\"Article\",\"@id\":\"https:\\\/\\\/fjala.info\\\/2009-2015\\\/ah-ky-6-marsi-sa-kujtime-e-dhimbje-na-sjell\\\/#article\",\"isPartOf\":{\"@id\":\"https:\\\/\\\/fjala.info\\\/2009-2015\\\/ah-ky-6-marsi-sa-kujtime-e-dhimbje-na-sjell\\\/\"},\"author\":{\"name\":\"admin\",\"@id\":\"https:\\\/\\\/fjala.info\\\/2009-2015\\\/#\\\/schema\\\/person\\\/3aa1163ef05469c496fc94e77611ada2\"},\"headline\":\"AH, KY 6 MARSI, SA KUJTIME E DHIMBJE NA SJELL!&#8230;\",\"datePublished\":\"2015-03-06T20:07:00+00:00\",\"mainEntityOfPage\":{\"@id\":\"https:\\\/\\\/fjala.info\\\/2009-2015\\\/ah-ky-6-marsi-sa-kujtime-e-dhimbje-na-sjell\\\/\"},\"wordCount\":323,\"commentCount\":0,\"publisher\":{\"@id\":\"https:\\\/\\\/fjala.info\\\/2009-2015\\\/#organization\"},\"image\":{\"@id\":\"https:\\\/\\\/fjala.info\\\/2009-2015\\\/ah-ky-6-marsi-sa-kujtime-e-dhimbje-na-sjell\\\/#primaryimage\"},\"thumbnailUrl\":\"http:\\\/\\\/www.fjala.info\\\/2015\\\/anija_per_itali.jpg\",\"articleSection\":[\"Histori\",\"Let\u00ebrsi\",\"Poezi\"],\"inLanguage\":\"sq-AL\",\"potentialAction\":[{\"@type\":\"CommentAction\",\"name\":\"Comment\",\"target\":[\"https:\\\/\\\/fjala.info\\\/2009-2015\\\/ah-ky-6-marsi-sa-kujtime-e-dhimbje-na-sjell\\\/#respond\"]}]},{\"@type\":\"WebPage\",\"@id\":\"https:\\\/\\\/fjala.info\\\/2009-2015\\\/ah-ky-6-marsi-sa-kujtime-e-dhimbje-na-sjell\\\/\",\"url\":\"https:\\\/\\\/fjala.info\\\/2009-2015\\\/ah-ky-6-marsi-sa-kujtime-e-dhimbje-na-sjell\\\/\",\"name\":\"AH, KY 6 MARSI, SA KUJTIME E DHIMBJE NA SJELL!... - FjALA e LIR\u00cb - Arkivi\",\"isPartOf\":{\"@id\":\"https:\\\/\\\/fjala.info\\\/2009-2015\\\/#website\"},\"primaryImageOfPage\":{\"@id\":\"https:\\\/\\\/fjala.info\\\/2009-2015\\\/ah-ky-6-marsi-sa-kujtime-e-dhimbje-na-sjell\\\/#primaryimage\"},\"image\":{\"@id\":\"https:\\\/\\\/fjala.info\\\/2009-2015\\\/ah-ky-6-marsi-sa-kujtime-e-dhimbje-na-sjell\\\/#primaryimage\"},\"thumbnailUrl\":\"http:\\\/\\\/www.fjala.info\\\/2015\\\/anija_per_itali.jpg\",\"datePublished\":\"2015-03-06T20:07:00+00:00\",\"breadcrumb\":{\"@id\":\"https:\\\/\\\/fjala.info\\\/2009-2015\\\/ah-ky-6-marsi-sa-kujtime-e-dhimbje-na-sjell\\\/#breadcrumb\"},\"inLanguage\":\"sq-AL\",\"potentialAction\":[{\"@type\":\"ReadAction\",\"target\":[\"https:\\\/\\\/fjala.info\\\/2009-2015\\\/ah-ky-6-marsi-sa-kujtime-e-dhimbje-na-sjell\\\/\"]}]},{\"@type\":\"ImageObject\",\"inLanguage\":\"sq-AL\",\"@id\":\"https:\\\/\\\/fjala.info\\\/2009-2015\\\/ah-ky-6-marsi-sa-kujtime-e-dhimbje-na-sjell\\\/#primaryimage\",\"url\":\"http:\\\/\\\/www.fjala.info\\\/2015\\\/anija_per_itali.jpg\",\"contentUrl\":\"http:\\\/\\\/www.fjala.info\\\/2015\\\/anija_per_itali.jpg\"},{\"@type\":\"BreadcrumbList\",\"@id\":\"https:\\\/\\\/fjala.info\\\/2009-2015\\\/ah-ky-6-marsi-sa-kujtime-e-dhimbje-na-sjell\\\/#breadcrumb\",\"itemListElement\":[{\"@type\":\"ListItem\",\"position\":1,\"name\":\"Home\",\"item\":\"https:\\\/\\\/fjala.info\\\/2009-2015\\\/\"},{\"@type\":\"ListItem\",\"position\":2,\"name\":\"AH, KY 6 MARSI, SA KUJTIME E DHIMBJE NA SJELL!&#8230;\"}]},{\"@type\":\"WebSite\",\"@id\":\"https:\\\/\\\/fjala.info\\\/2009-2015\\\/#website\",\"url\":\"https:\\\/\\\/fjala.info\\\/2009-2015\\\/\",\"name\":\"FjALA e LIR\u00cb - Arkivi\",\"description\":\"Arkivi 2009-2015\",\"publisher\":{\"@id\":\"https:\\\/\\\/fjala.info\\\/2009-2015\\\/#organization\"},\"potentialAction\":[{\"@type\":\"SearchAction\",\"target\":{\"@type\":\"EntryPoint\",\"urlTemplate\":\"https:\\\/\\\/fjala.info\\\/2009-2015\\\/?s={search_term_string}\"},\"query-input\":{\"@type\":\"PropertyValueSpecification\",\"valueRequired\":true,\"valueName\":\"search_term_string\"}}],\"inLanguage\":\"sq-AL\"},{\"@type\":\"Organization\",\"@id\":\"https:\\\/\\\/fjala.info\\\/2009-2015\\\/#organization\",\"name\":\"FjALA e LIR\u00cb - Arkivi\",\"url\":\"https:\\\/\\\/fjala.info\\\/2009-2015\\\/\",\"logo\":{\"@type\":\"ImageObject\",\"inLanguage\":\"sq-AL\",\"@id\":\"https:\\\/\\\/fjala.info\\\/2009-2015\\\/#\\\/schema\\\/logo\\\/image\\\/\",\"url\":\"\",\"contentUrl\":\"\",\"caption\":\"FjALA e LIR\u00cb - Arkivi\"},\"image\":{\"@id\":\"https:\\\/\\\/fjala.info\\\/2009-2015\\\/#\\\/schema\\\/logo\\\/image\\\/\"}},{\"@type\":\"Person\",\"@id\":\"https:\\\/\\\/fjala.info\\\/2009-2015\\\/#\\\/schema\\\/person\\\/3aa1163ef05469c496fc94e77611ada2\",\"name\":\"admin\",\"image\":{\"@type\":\"ImageObject\",\"inLanguage\":\"sq-AL\",\"@id\":\"https:\\\/\\\/fjala.info\\\/2009-2015\\\/wp-content\\\/uploads\\\/2012\\\/02\\\/arben_cokaj-120x150.jpg\",\"url\":\"https:\\\/\\\/fjala.info\\\/2009-2015\\\/wp-content\\\/uploads\\\/2012\\\/02\\\/arben_cokaj-120x150.jpg\",\"contentUrl\":\"https:\\\/\\\/fjala.info\\\/2009-2015\\\/wp-content\\\/uploads\\\/2012\\\/02\\\/arben_cokaj-120x150.jpg\",\"caption\":\"admin\"},\"description\":\"Admin, Fjala e Lir\u00eb\",\"sameAs\":[\"https:\\\/\\\/fjala.info\\\/\"],\"url\":\"https:\\\/\\\/fjala.info\\\/2009-2015\\\/author\\\/admin\\\/\"}]}<\/script>\n<!-- \/ Yoast SEO plugin. -->","yoast_head_json":{"title":"AH, KY 6 MARSI, SA KUJTIME E DHIMBJE NA SJELL!... - FjALA e LIR\u00cb - Arkivi","robots":{"index":"index","follow":"follow","max-snippet":"max-snippet:-1","max-image-preview":"max-image-preview:large","max-video-preview":"max-video-preview:-1"},"canonical":"https:\/\/fjala.info\/2009-2015\/ah-ky-6-marsi-sa-kujtime-e-dhimbje-na-sjell\/","og_locale":"sq_AL","og_type":"article","og_title":"AH, KY 6 MARSI, SA KUJTIME E DHIMBJE NA SJELL!... - FjALA e LIR\u00cb - Arkivi","og_description":"Si sot, 24 vjet m\u00eb par\u00eb: AH, KY 6 MARSI, SA KUJTIME E DHIMBJE NA SJELL!&#8230; Nga: Murat Gecaj Durr\u00ebs, 6 mars 1991\u2026 Kam shkruar dhe m\u00eb par\u00eb, p\u00ebr at\u00eb dat\u00eb t\u00eb paharruar, q\u00eb zemrat e shum\u00eb shqiptar\u00ebve fort i pat\u2019 cop\u00ebtuar! Sa shpejt ik\u00ebn vitet, ato u mbush\u00ebn plot nj\u00ebzet\u2026 Po, a e dini, [&hellip;]","og_url":"https:\/\/fjala.info\/2009-2015\/ah-ky-6-marsi-sa-kujtime-e-dhimbje-na-sjell\/","og_site_name":"FjALA e LIR\u00cb - Arkivi","article_published_time":"2015-03-06T20:07:00+00:00","og_image":[{"url":"http:\/\/www.fjala.info\/2015\/anija_per_itali.jpg","type":"","width":"","height":""}],"author":"admin","twitter_card":"summary_large_image","twitter_misc":{"Written by":"admin","Est. reading time":"2 minutes"},"schema":{"@context":"https:\/\/schema.org","@graph":[{"@type":"Article","@id":"https:\/\/fjala.info\/2009-2015\/ah-ky-6-marsi-sa-kujtime-e-dhimbje-na-sjell\/#article","isPartOf":{"@id":"https:\/\/fjala.info\/2009-2015\/ah-ky-6-marsi-sa-kujtime-e-dhimbje-na-sjell\/"},"author":{"name":"admin","@id":"https:\/\/fjala.info\/2009-2015\/#\/schema\/person\/3aa1163ef05469c496fc94e77611ada2"},"headline":"AH, KY 6 MARSI, SA KUJTIME E DHIMBJE NA SJELL!&#8230;","datePublished":"2015-03-06T20:07:00+00:00","mainEntityOfPage":{"@id":"https:\/\/fjala.info\/2009-2015\/ah-ky-6-marsi-sa-kujtime-e-dhimbje-na-sjell\/"},"wordCount":323,"commentCount":0,"publisher":{"@id":"https:\/\/fjala.info\/2009-2015\/#organization"},"image":{"@id":"https:\/\/fjala.info\/2009-2015\/ah-ky-6-marsi-sa-kujtime-e-dhimbje-na-sjell\/#primaryimage"},"thumbnailUrl":"http:\/\/www.fjala.info\/2015\/anija_per_itali.jpg","articleSection":["Histori","Let\u00ebrsi","Poezi"],"inLanguage":"sq-AL","potentialAction":[{"@type":"CommentAction","name":"Comment","target":["https:\/\/fjala.info\/2009-2015\/ah-ky-6-marsi-sa-kujtime-e-dhimbje-na-sjell\/#respond"]}]},{"@type":"WebPage","@id":"https:\/\/fjala.info\/2009-2015\/ah-ky-6-marsi-sa-kujtime-e-dhimbje-na-sjell\/","url":"https:\/\/fjala.info\/2009-2015\/ah-ky-6-marsi-sa-kujtime-e-dhimbje-na-sjell\/","name":"AH, KY 6 MARSI, SA KUJTIME E DHIMBJE NA SJELL!... - FjALA e LIR\u00cb - Arkivi","isPartOf":{"@id":"https:\/\/fjala.info\/2009-2015\/#website"},"primaryImageOfPage":{"@id":"https:\/\/fjala.info\/2009-2015\/ah-ky-6-marsi-sa-kujtime-e-dhimbje-na-sjell\/#primaryimage"},"image":{"@id":"https:\/\/fjala.info\/2009-2015\/ah-ky-6-marsi-sa-kujtime-e-dhimbje-na-sjell\/#primaryimage"},"thumbnailUrl":"http:\/\/www.fjala.info\/2015\/anija_per_itali.jpg","datePublished":"2015-03-06T20:07:00+00:00","breadcrumb":{"@id":"https:\/\/fjala.info\/2009-2015\/ah-ky-6-marsi-sa-kujtime-e-dhimbje-na-sjell\/#breadcrumb"},"inLanguage":"sq-AL","potentialAction":[{"@type":"ReadAction","target":["https:\/\/fjala.info\/2009-2015\/ah-ky-6-marsi-sa-kujtime-e-dhimbje-na-sjell\/"]}]},{"@type":"ImageObject","inLanguage":"sq-AL","@id":"https:\/\/fjala.info\/2009-2015\/ah-ky-6-marsi-sa-kujtime-e-dhimbje-na-sjell\/#primaryimage","url":"http:\/\/www.fjala.info\/2015\/anija_per_itali.jpg","contentUrl":"http:\/\/www.fjala.info\/2015\/anija_per_itali.jpg"},{"@type":"BreadcrumbList","@id":"https:\/\/fjala.info\/2009-2015\/ah-ky-6-marsi-sa-kujtime-e-dhimbje-na-sjell\/#breadcrumb","itemListElement":[{"@type":"ListItem","position":1,"name":"Home","item":"https:\/\/fjala.info\/2009-2015\/"},{"@type":"ListItem","position":2,"name":"AH, KY 6 MARSI, SA KUJTIME E DHIMBJE NA SJELL!&#8230;"}]},{"@type":"WebSite","@id":"https:\/\/fjala.info\/2009-2015\/#website","url":"https:\/\/fjala.info\/2009-2015\/","name":"FjALA e LIR\u00cb - Arkivi","description":"Arkivi 2009-2015","publisher":{"@id":"https:\/\/fjala.info\/2009-2015\/#organization"},"potentialAction":[{"@type":"SearchAction","target":{"@type":"EntryPoint","urlTemplate":"https:\/\/fjala.info\/2009-2015\/?s={search_term_string}"},"query-input":{"@type":"PropertyValueSpecification","valueRequired":true,"valueName":"search_term_string"}}],"inLanguage":"sq-AL"},{"@type":"Organization","@id":"https:\/\/fjala.info\/2009-2015\/#organization","name":"FjALA e LIR\u00cb - Arkivi","url":"https:\/\/fjala.info\/2009-2015\/","logo":{"@type":"ImageObject","inLanguage":"sq-AL","@id":"https:\/\/fjala.info\/2009-2015\/#\/schema\/logo\/image\/","url":"","contentUrl":"","caption":"FjALA e LIR\u00cb - Arkivi"},"image":{"@id":"https:\/\/fjala.info\/2009-2015\/#\/schema\/logo\/image\/"}},{"@type":"Person","@id":"https:\/\/fjala.info\/2009-2015\/#\/schema\/person\/3aa1163ef05469c496fc94e77611ada2","name":"admin","image":{"@type":"ImageObject","inLanguage":"sq-AL","@id":"https:\/\/fjala.info\/2009-2015\/wp-content\/uploads\/2012\/02\/arben_cokaj-120x150.jpg","url":"https:\/\/fjala.info\/2009-2015\/wp-content\/uploads\/2012\/02\/arben_cokaj-120x150.jpg","contentUrl":"https:\/\/fjala.info\/2009-2015\/wp-content\/uploads\/2012\/02\/arben_cokaj-120x150.jpg","caption":"admin"},"description":"Admin, Fjala e Lir\u00eb","sameAs":["https:\/\/fjala.info\/"],"url":"https:\/\/fjala.info\/2009-2015\/author\/admin\/"}]}},"_links":{"self":[{"href":"https:\/\/fjala.info\/2009-2015\/wp-json\/wp\/v2\/posts\/14034","targetHints":{"allow":["GET"]}}],"collection":[{"href":"https:\/\/fjala.info\/2009-2015\/wp-json\/wp\/v2\/posts"}],"about":[{"href":"https:\/\/fjala.info\/2009-2015\/wp-json\/wp\/v2\/types\/post"}],"author":[{"embeddable":true,"href":"https:\/\/fjala.info\/2009-2015\/wp-json\/wp\/v2\/users\/1"}],"replies":[{"embeddable":true,"href":"https:\/\/fjala.info\/2009-2015\/wp-json\/wp\/v2\/comments?post=14034"}],"version-history":[{"count":0,"href":"https:\/\/fjala.info\/2009-2015\/wp-json\/wp\/v2\/posts\/14034\/revisions"}],"wp:attachment":[{"href":"https:\/\/fjala.info\/2009-2015\/wp-json\/wp\/v2\/media?parent=14034"}],"wp:term":[{"taxonomy":"category","embeddable":true,"href":"https:\/\/fjala.info\/2009-2015\/wp-json\/wp\/v2\/categories?post=14034"},{"taxonomy":"post_tag","embeddable":true,"href":"https:\/\/fjala.info\/2009-2015\/wp-json\/wp\/v2\/tags?post=14034"}],"curies":[{"name":"wp","href":"https:\/\/api.w.org\/{rel}","templated":true}]}}