{"id":13889,"date":"2014-12-22T16:54:06","date_gmt":"2014-12-22T15:54:06","guid":{"rendered":"http:\/\/www.fjala.info\/?p=2496"},"modified":"2014-12-22T16:54:06","modified_gmt":"2014-12-22T15:54:06","slug":"dibra-shpreson-por-peticionin-vazhdon","status":"publish","type":"post","link":"https:\/\/fjala.info\/2009-2015\/dibra-shpreson-por-peticionin-vazhdon\/","title":{"rendered":"Dibra shpreson por peticionin vazhdon"},"content":{"rendered":"<p><strong>Dr. G\u00ebzim Alpion<\/strong><br \/>\nAngli<\/p>\n<p><em>16 dhjetor 2014<\/em><\/p>\n<p><center><strong>NJOFTIM P\u00cbR MEDIAT<\/strong><\/center><\/p>\n<p><img decoding=\"async\" class=\"alignleft size-thumbnail wp-image-7236\" title=\"Dr. G\u00ebzim Alpion\" src=\"http:\/\/www.fjala.info\/2014\/dr_gezim_alpion.jpg\" alt=\"\" width=\"300\" \/> Sot kam marr\u00eb disa mesazhe nga koleg\u00eb, miq dhe njer\u00ebz t\u00eb panjohur p\u00ebr t\u00eb m\u00eb b\u00ebr\u00eb me dije p\u00ebr njoftimin e p\u00ebrcjellur nga Kryeministri Edi Rama n\u00eb Facebook p\u00ebr n\u00ebnshkrimin e \u2018memorandumit t\u00eb bashk\u00ebpunimit\u2019 me Bank\u00ebn Kineze Exim p\u00ebr financimin e disa projekteve n\u00eb Shqip\u00ebri, p\u00ebrfshir\u00eb Rrug\u00ebn e Arb\u00ebrit, e cila, po sipas Ram\u00ebs, do t\u00eb nis\u00eb vitin e ardhsh\u00ebm.<\/p>\n<p>Ne e p\u00ebrsh\u00ebndesim sigurimin e fondeve p\u00ebr k\u00ebt\u00eb vep\u00ebr jetike p\u00ebr infrastruktur\u00ebn e Dibr\u00ebs, Shqip\u00ebris\u00eb verilindore, dhe k\u00ebtij rajoni n\u00eb Ballkan.<\/p>\n<p>Shpresojm\u00eb q\u00eb qeveria Rama t\u00eb b\u00ebj\u00eb publike sa m\u00eb shpejt kushtet e n\u00ebnshkrimit t\u00eb marr\u00ebveshjes me k\u00ebt\u00eb bank\u00eb dhe t\u00eb njoftoj\u00eb se kur do t\u00eb filloj\u00eb dhe p\u00ebrfundoj\u00eb \u00e7do segment i Rrug\u00ebs s\u00eb Arb\u00ebrit. Ne do t\u00eb b\u00ebjm\u00eb nj\u00eb prononcim m\u00eb t\u00eb detajuar p\u00ebr mediat kur t\u00eb kemi m\u00eb shum\u00eb informacion.<\/p>\n<p>Pavar\u00ebsisht lajmit optimist p\u00ebr sigurimin e fondeve, ne vazhdojm\u00eb ta monitorojm\u00eb pro\u00e7esin. Si\u00e7 kemi premtuar m\u00eb 18 mars 2013, peticioni do t\u00eb q\u00ebndroj i hapur deri n\u00eb p\u00ebrfundimin e metrit t\u00eb fundit t\u00eb rrug\u00ebs me cil\u00ebsi dhe standarde nd\u00ebrkomb\u00ebtare. Ju b\u00ebjm\u00eb thirrje t\u00eb vazhdoni t\u00eb n\u00ebnshkruani peticionin online:<\/p>\n<p>https:\/\/www.change.org\/p\/complete-the-construction-of-the-arb%C3%ABri-road-nd%C3%ABrtoni-sa-m%C3%AB-shpejt-dhe-me-standarde-rrug%C3%ABn-e-arb%C3%ABrit<\/p>\n","protected":false},"excerpt":{"rendered":"<p>Dr. G\u00ebzim Alpion Angli 16 dhjetor 2014 NJOFTIM P\u00cbR MEDIAT Sot kam marr\u00eb disa mesazhe nga koleg\u00eb, miq dhe njer\u00ebz t\u00eb panjohur p\u00ebr t\u00eb m\u00eb b\u00ebr\u00eb me dije p\u00ebr njoftimin e p\u00ebrcjellur nga Kryeministri Edi Rama n\u00eb Facebook p\u00ebr n\u00ebnshkrimin e \u2018memorandumit t\u00eb bashk\u00ebpunimit\u2019 me Bank\u00ebn Kineze Exim p\u00ebr financimin e disa projekteve n\u00eb Shqip\u00ebri, [&hellip;]<\/p>\n","protected":false},"author":1,"featured_media":0,"comment_status":"open","ping_status":"closed","sticky":false,"template":"","format":"standard","meta":{"footnotes":""},"categories":[2,6],"tags":[],"class_list":{"0":"post-13889","1":"post","2":"type-post","3":"status-publish","4":"format-standard","6":"category-artikuj","7":"category-lajmerime"},"yoast_head":"<!-- This site is optimized with the Yoast SEO plugin v27.4 - https:\/\/yoast.com\/product\/yoast-seo-wordpress\/ -->\n<title>Dibra shpreson por peticionin vazhdon - FjALA e LIR\u00cb - Arkivi<\/title>\n<meta name=\"robots\" content=\"index, follow, max-snippet:-1, max-image-preview:large, max-video-preview:-1\" \/>\n<link rel=\"canonical\" href=\"https:\/\/fjala.info\/2009-2015\/dibra-shpreson-por-peticionin-vazhdon\/\" \/>\n<meta property=\"og:locale\" content=\"sq_AL\" \/>\n<meta property=\"og:type\" content=\"article\" \/>\n<meta property=\"og:title\" content=\"Dibra shpreson por peticionin vazhdon - FjALA e LIR\u00cb - Arkivi\" \/>\n<meta property=\"og:description\" content=\"Dr. G\u00ebzim Alpion Angli 16 dhjetor 2014 NJOFTIM P\u00cbR MEDIAT Sot kam marr\u00eb disa mesazhe nga koleg\u00eb, miq dhe njer\u00ebz t\u00eb panjohur p\u00ebr t\u00eb m\u00eb b\u00ebr\u00eb me dije p\u00ebr njoftimin e p\u00ebrcjellur nga Kryeministri Edi Rama n\u00eb Facebook p\u00ebr n\u00ebnshkrimin e \u2018memorandumit t\u00eb bashk\u00ebpunimit\u2019 me Bank\u00ebn Kineze Exim p\u00ebr financimin e disa projekteve n\u00eb Shqip\u00ebri, [&hellip;]\" \/>\n<meta property=\"og:url\" content=\"https:\/\/fjala.info\/2009-2015\/dibra-shpreson-por-peticionin-vazhdon\/\" \/>\n<meta property=\"og:site_name\" content=\"FjALA e LIR\u00cb - Arkivi\" \/>\n<meta property=\"article:published_time\" content=\"2014-12-22T15:54:06+00:00\" \/>\n<meta property=\"og:image\" content=\"http:\/\/www.fjala.info\/2014\/dr_gezim_alpion.jpg\" \/>\n<meta name=\"author\" content=\"admin\" \/>\n<meta name=\"twitter:card\" content=\"summary_large_image\" \/>\n<meta name=\"twitter:label1\" content=\"Written by\" \/>\n\t<meta name=\"twitter:data1\" content=\"admin\" \/>\n\t<meta name=\"twitter:label2\" content=\"Est. reading time\" \/>\n\t<meta name=\"twitter:data2\" content=\"1 minute\" \/>\n<script type=\"application\/ld+json\" class=\"yoast-schema-graph\">{\"@context\":\"https:\\\/\\\/schema.org\",\"@graph\":[{\"@type\":\"Article\",\"@id\":\"https:\\\/\\\/fjala.info\\\/2009-2015\\\/dibra-shpreson-por-peticionin-vazhdon\\\/#article\",\"isPartOf\":{\"@id\":\"https:\\\/\\\/fjala.info\\\/2009-2015\\\/dibra-shpreson-por-peticionin-vazhdon\\\/\"},\"author\":{\"name\":\"admin\",\"@id\":\"https:\\\/\\\/fjala.info\\\/2009-2015\\\/#\\\/schema\\\/person\\\/3aa1163ef05469c496fc94e77611ada2\"},\"headline\":\"Dibra shpreson por peticionin vazhdon\",\"datePublished\":\"2014-12-22T15:54:06+00:00\",\"mainEntityOfPage\":{\"@id\":\"https:\\\/\\\/fjala.info\\\/2009-2015\\\/dibra-shpreson-por-peticionin-vazhdon\\\/\"},\"wordCount\":255,\"commentCount\":0,\"publisher\":{\"@id\":\"https:\\\/\\\/fjala.info\\\/2009-2015\\\/#organization\"},\"image\":{\"@id\":\"https:\\\/\\\/fjala.info\\\/2009-2015\\\/dibra-shpreson-por-peticionin-vazhdon\\\/#primaryimage\"},\"thumbnailUrl\":\"http:\\\/\\\/www.fjala.info\\\/2014\\\/dr_gezim_alpion.jpg\",\"articleSection\":[\"Artikuj\",\"Lajm\u00ebrime\"],\"inLanguage\":\"sq-AL\",\"potentialAction\":[{\"@type\":\"CommentAction\",\"name\":\"Comment\",\"target\":[\"https:\\\/\\\/fjala.info\\\/2009-2015\\\/dibra-shpreson-por-peticionin-vazhdon\\\/#respond\"]}]},{\"@type\":\"WebPage\",\"@id\":\"https:\\\/\\\/fjala.info\\\/2009-2015\\\/dibra-shpreson-por-peticionin-vazhdon\\\/\",\"url\":\"https:\\\/\\\/fjala.info\\\/2009-2015\\\/dibra-shpreson-por-peticionin-vazhdon\\\/\",\"name\":\"Dibra shpreson por peticionin vazhdon - FjALA e LIR\u00cb - Arkivi\",\"isPartOf\":{\"@id\":\"https:\\\/\\\/fjala.info\\\/2009-2015\\\/#website\"},\"primaryImageOfPage\":{\"@id\":\"https:\\\/\\\/fjala.info\\\/2009-2015\\\/dibra-shpreson-por-peticionin-vazhdon\\\/#primaryimage\"},\"image\":{\"@id\":\"https:\\\/\\\/fjala.info\\\/2009-2015\\\/dibra-shpreson-por-peticionin-vazhdon\\\/#primaryimage\"},\"thumbnailUrl\":\"http:\\\/\\\/www.fjala.info\\\/2014\\\/dr_gezim_alpion.jpg\",\"datePublished\":\"2014-12-22T15:54:06+00:00\",\"breadcrumb\":{\"@id\":\"https:\\\/\\\/fjala.info\\\/2009-2015\\\/dibra-shpreson-por-peticionin-vazhdon\\\/#breadcrumb\"},\"inLanguage\":\"sq-AL\",\"potentialAction\":[{\"@type\":\"ReadAction\",\"target\":[\"https:\\\/\\\/fjala.info\\\/2009-2015\\\/dibra-shpreson-por-peticionin-vazhdon\\\/\"]}]},{\"@type\":\"ImageObject\",\"inLanguage\":\"sq-AL\",\"@id\":\"https:\\\/\\\/fjala.info\\\/2009-2015\\\/dibra-shpreson-por-peticionin-vazhdon\\\/#primaryimage\",\"url\":\"http:\\\/\\\/www.fjala.info\\\/2014\\\/dr_gezim_alpion.jpg\",\"contentUrl\":\"http:\\\/\\\/www.fjala.info\\\/2014\\\/dr_gezim_alpion.jpg\"},{\"@type\":\"BreadcrumbList\",\"@id\":\"https:\\\/\\\/fjala.info\\\/2009-2015\\\/dibra-shpreson-por-peticionin-vazhdon\\\/#breadcrumb\",\"itemListElement\":[{\"@type\":\"ListItem\",\"position\":1,\"name\":\"Home\",\"item\":\"https:\\\/\\\/fjala.info\\\/2009-2015\\\/\"},{\"@type\":\"ListItem\",\"position\":2,\"name\":\"Dibra shpreson por peticionin vazhdon\"}]},{\"@type\":\"WebSite\",\"@id\":\"https:\\\/\\\/fjala.info\\\/2009-2015\\\/#website\",\"url\":\"https:\\\/\\\/fjala.info\\\/2009-2015\\\/\",\"name\":\"FjALA e LIR\u00cb - Arkivi\",\"description\":\"Arkivi 2009-2015\",\"publisher\":{\"@id\":\"https:\\\/\\\/fjala.info\\\/2009-2015\\\/#organization\"},\"potentialAction\":[{\"@type\":\"SearchAction\",\"target\":{\"@type\":\"EntryPoint\",\"urlTemplate\":\"https:\\\/\\\/fjala.info\\\/2009-2015\\\/?s={search_term_string}\"},\"query-input\":{\"@type\":\"PropertyValueSpecification\",\"valueRequired\":true,\"valueName\":\"search_term_string\"}}],\"inLanguage\":\"sq-AL\"},{\"@type\":\"Organization\",\"@id\":\"https:\\\/\\\/fjala.info\\\/2009-2015\\\/#organization\",\"name\":\"FjALA e LIR\u00cb - Arkivi\",\"url\":\"https:\\\/\\\/fjala.info\\\/2009-2015\\\/\",\"logo\":{\"@type\":\"ImageObject\",\"inLanguage\":\"sq-AL\",\"@id\":\"https:\\\/\\\/fjala.info\\\/2009-2015\\\/#\\\/schema\\\/logo\\\/image\\\/\",\"url\":\"\",\"contentUrl\":\"\",\"caption\":\"FjALA e LIR\u00cb - Arkivi\"},\"image\":{\"@id\":\"https:\\\/\\\/fjala.info\\\/2009-2015\\\/#\\\/schema\\\/logo\\\/image\\\/\"}},{\"@type\":\"Person\",\"@id\":\"https:\\\/\\\/fjala.info\\\/2009-2015\\\/#\\\/schema\\\/person\\\/3aa1163ef05469c496fc94e77611ada2\",\"name\":\"admin\",\"image\":{\"@type\":\"ImageObject\",\"inLanguage\":\"sq-AL\",\"@id\":\"https:\\\/\\\/fjala.info\\\/2009-2015\\\/wp-content\\\/uploads\\\/2012\\\/02\\\/arben_cokaj-120x150.jpg\",\"url\":\"https:\\\/\\\/fjala.info\\\/2009-2015\\\/wp-content\\\/uploads\\\/2012\\\/02\\\/arben_cokaj-120x150.jpg\",\"contentUrl\":\"https:\\\/\\\/fjala.info\\\/2009-2015\\\/wp-content\\\/uploads\\\/2012\\\/02\\\/arben_cokaj-120x150.jpg\",\"caption\":\"admin\"},\"description\":\"Admin, Fjala e Lir\u00eb\",\"sameAs\":[\"https:\\\/\\\/fjala.info\\\/\"],\"url\":\"https:\\\/\\\/fjala.info\\\/2009-2015\\\/author\\\/admin\\\/\"}]}<\/script>\n<!-- \/ Yoast SEO plugin. -->","yoast_head_json":{"title":"Dibra shpreson por peticionin vazhdon - FjALA e LIR\u00cb - Arkivi","robots":{"index":"index","follow":"follow","max-snippet":"max-snippet:-1","max-image-preview":"max-image-preview:large","max-video-preview":"max-video-preview:-1"},"canonical":"https:\/\/fjala.info\/2009-2015\/dibra-shpreson-por-peticionin-vazhdon\/","og_locale":"sq_AL","og_type":"article","og_title":"Dibra shpreson por peticionin vazhdon - FjALA e LIR\u00cb - Arkivi","og_description":"Dr. G\u00ebzim Alpion Angli 16 dhjetor 2014 NJOFTIM P\u00cbR MEDIAT Sot kam marr\u00eb disa mesazhe nga koleg\u00eb, miq dhe njer\u00ebz t\u00eb panjohur p\u00ebr t\u00eb m\u00eb b\u00ebr\u00eb me dije p\u00ebr njoftimin e p\u00ebrcjellur nga Kryeministri Edi Rama n\u00eb Facebook p\u00ebr n\u00ebnshkrimin e \u2018memorandumit t\u00eb bashk\u00ebpunimit\u2019 me Bank\u00ebn Kineze Exim p\u00ebr financimin e disa projekteve n\u00eb Shqip\u00ebri, [&hellip;]","og_url":"https:\/\/fjala.info\/2009-2015\/dibra-shpreson-por-peticionin-vazhdon\/","og_site_name":"FjALA e LIR\u00cb - Arkivi","article_published_time":"2014-12-22T15:54:06+00:00","og_image":[{"url":"http:\/\/www.fjala.info\/2014\/dr_gezim_alpion.jpg","type":"","width":"","height":""}],"author":"admin","twitter_card":"summary_large_image","twitter_misc":{"Written by":"admin","Est. reading time":"1 minute"},"schema":{"@context":"https:\/\/schema.org","@graph":[{"@type":"Article","@id":"https:\/\/fjala.info\/2009-2015\/dibra-shpreson-por-peticionin-vazhdon\/#article","isPartOf":{"@id":"https:\/\/fjala.info\/2009-2015\/dibra-shpreson-por-peticionin-vazhdon\/"},"author":{"name":"admin","@id":"https:\/\/fjala.info\/2009-2015\/#\/schema\/person\/3aa1163ef05469c496fc94e77611ada2"},"headline":"Dibra shpreson por peticionin vazhdon","datePublished":"2014-12-22T15:54:06+00:00","mainEntityOfPage":{"@id":"https:\/\/fjala.info\/2009-2015\/dibra-shpreson-por-peticionin-vazhdon\/"},"wordCount":255,"commentCount":0,"publisher":{"@id":"https:\/\/fjala.info\/2009-2015\/#organization"},"image":{"@id":"https:\/\/fjala.info\/2009-2015\/dibra-shpreson-por-peticionin-vazhdon\/#primaryimage"},"thumbnailUrl":"http:\/\/www.fjala.info\/2014\/dr_gezim_alpion.jpg","articleSection":["Artikuj","Lajm\u00ebrime"],"inLanguage":"sq-AL","potentialAction":[{"@type":"CommentAction","name":"Comment","target":["https:\/\/fjala.info\/2009-2015\/dibra-shpreson-por-peticionin-vazhdon\/#respond"]}]},{"@type":"WebPage","@id":"https:\/\/fjala.info\/2009-2015\/dibra-shpreson-por-peticionin-vazhdon\/","url":"https:\/\/fjala.info\/2009-2015\/dibra-shpreson-por-peticionin-vazhdon\/","name":"Dibra shpreson por peticionin vazhdon - FjALA e LIR\u00cb - Arkivi","isPartOf":{"@id":"https:\/\/fjala.info\/2009-2015\/#website"},"primaryImageOfPage":{"@id":"https:\/\/fjala.info\/2009-2015\/dibra-shpreson-por-peticionin-vazhdon\/#primaryimage"},"image":{"@id":"https:\/\/fjala.info\/2009-2015\/dibra-shpreson-por-peticionin-vazhdon\/#primaryimage"},"thumbnailUrl":"http:\/\/www.fjala.info\/2014\/dr_gezim_alpion.jpg","datePublished":"2014-12-22T15:54:06+00:00","breadcrumb":{"@id":"https:\/\/fjala.info\/2009-2015\/dibra-shpreson-por-peticionin-vazhdon\/#breadcrumb"},"inLanguage":"sq-AL","potentialAction":[{"@type":"ReadAction","target":["https:\/\/fjala.info\/2009-2015\/dibra-shpreson-por-peticionin-vazhdon\/"]}]},{"@type":"ImageObject","inLanguage":"sq-AL","@id":"https:\/\/fjala.info\/2009-2015\/dibra-shpreson-por-peticionin-vazhdon\/#primaryimage","url":"http:\/\/www.fjala.info\/2014\/dr_gezim_alpion.jpg","contentUrl":"http:\/\/www.fjala.info\/2014\/dr_gezim_alpion.jpg"},{"@type":"BreadcrumbList","@id":"https:\/\/fjala.info\/2009-2015\/dibra-shpreson-por-peticionin-vazhdon\/#breadcrumb","itemListElement":[{"@type":"ListItem","position":1,"name":"Home","item":"https:\/\/fjala.info\/2009-2015\/"},{"@type":"ListItem","position":2,"name":"Dibra shpreson por peticionin vazhdon"}]},{"@type":"WebSite","@id":"https:\/\/fjala.info\/2009-2015\/#website","url":"https:\/\/fjala.info\/2009-2015\/","name":"FjALA e LIR\u00cb - Arkivi","description":"Arkivi 2009-2015","publisher":{"@id":"https:\/\/fjala.info\/2009-2015\/#organization"},"potentialAction":[{"@type":"SearchAction","target":{"@type":"EntryPoint","urlTemplate":"https:\/\/fjala.info\/2009-2015\/?s={search_term_string}"},"query-input":{"@type":"PropertyValueSpecification","valueRequired":true,"valueName":"search_term_string"}}],"inLanguage":"sq-AL"},{"@type":"Organization","@id":"https:\/\/fjala.info\/2009-2015\/#organization","name":"FjALA e LIR\u00cb - Arkivi","url":"https:\/\/fjala.info\/2009-2015\/","logo":{"@type":"ImageObject","inLanguage":"sq-AL","@id":"https:\/\/fjala.info\/2009-2015\/#\/schema\/logo\/image\/","url":"","contentUrl":"","caption":"FjALA e LIR\u00cb - Arkivi"},"image":{"@id":"https:\/\/fjala.info\/2009-2015\/#\/schema\/logo\/image\/"}},{"@type":"Person","@id":"https:\/\/fjala.info\/2009-2015\/#\/schema\/person\/3aa1163ef05469c496fc94e77611ada2","name":"admin","image":{"@type":"ImageObject","inLanguage":"sq-AL","@id":"https:\/\/fjala.info\/2009-2015\/wp-content\/uploads\/2012\/02\/arben_cokaj-120x150.jpg","url":"https:\/\/fjala.info\/2009-2015\/wp-content\/uploads\/2012\/02\/arben_cokaj-120x150.jpg","contentUrl":"https:\/\/fjala.info\/2009-2015\/wp-content\/uploads\/2012\/02\/arben_cokaj-120x150.jpg","caption":"admin"},"description":"Admin, Fjala e Lir\u00eb","sameAs":["https:\/\/fjala.info\/"],"url":"https:\/\/fjala.info\/2009-2015\/author\/admin\/"}]}},"_links":{"self":[{"href":"https:\/\/fjala.info\/2009-2015\/wp-json\/wp\/v2\/posts\/13889","targetHints":{"allow":["GET"]}}],"collection":[{"href":"https:\/\/fjala.info\/2009-2015\/wp-json\/wp\/v2\/posts"}],"about":[{"href":"https:\/\/fjala.info\/2009-2015\/wp-json\/wp\/v2\/types\/post"}],"author":[{"embeddable":true,"href":"https:\/\/fjala.info\/2009-2015\/wp-json\/wp\/v2\/users\/1"}],"replies":[{"embeddable":true,"href":"https:\/\/fjala.info\/2009-2015\/wp-json\/wp\/v2\/comments?post=13889"}],"version-history":[{"count":0,"href":"https:\/\/fjala.info\/2009-2015\/wp-json\/wp\/v2\/posts\/13889\/revisions"}],"wp:attachment":[{"href":"https:\/\/fjala.info\/2009-2015\/wp-json\/wp\/v2\/media?parent=13889"}],"wp:term":[{"taxonomy":"category","embeddable":true,"href":"https:\/\/fjala.info\/2009-2015\/wp-json\/wp\/v2\/categories?post=13889"},{"taxonomy":"post_tag","embeddable":true,"href":"https:\/\/fjala.info\/2009-2015\/wp-json\/wp\/v2\/tags?post=13889"}],"curies":[{"name":"wp","href":"https:\/\/api.w.org\/{rel}","templated":true}]}}