{"id":13876,"date":"2014-12-11T16:32:05","date_gmt":"2014-12-11T15:32:05","guid":{"rendered":"http:\/\/www.fjala.info\/?p=2440"},"modified":"2014-12-11T16:32:05","modified_gmt":"2014-12-11T15:32:05","slug":"jo-burgosje-jo-shtetit-policor-shtet-mbi-norma-demokratike","status":"publish","type":"post","link":"https:\/\/fjala.info\/2009-2015\/jo-burgosje-jo-shtetit-policor-shtet-mbi-norma-demokratike\/","title":{"rendered":"JO BURGOSJE, JO SHTETIT POLICOR, SHTET MBI NORMA DEMOKRATIKE"},"content":{"rendered":"<p><img decoding=\"async\" class=\"alignleft size-thumbnail wp-image-7236\" title=\"Gjin Musa\" src=\"http:\/\/www.fjala.info\/2014\/gjin_musa.jpg\" alt=\"\" width=\"150\" \/> <strong>Let\u00ebr publike kryeministrit z. Edi Rama.<\/strong><\/p>\n<p>Qeveria aktuale erdhi ne pushtet me voten e popullit, rrezoi nji qeveri qe e kishte katandisur vendin ne nji gremin\u00eb te pa shpetim. Perbadhja me vishtersit\u00eb ishte e pranuesheme, qe ne fushaten elektorale, kete besoj edinte mire opozita e djeshme. 23 qershori beri rotacionin e shum\u00ebpritur!<br \/>\nKane kaluar 15 muaj qe nga dita qe kualicioni Rama. Meta moren pushtetin.<br \/>\nTe marresh pushtet nuk eshte donji kiamet! Po ta mbash pushtetin eshte lodhje,mund dhe sakrific,perbadhesh me premtimet qe ke bere,po gjithmon opozita punon qe ta vishtersoj qeverisjen,kjo ndodh kudo ne vendet e bashkimit Europian.<br \/>\nNe keto 15 muaj kjo mazhoranc ka punuar, ka ndermarre reforma te &#8220;frigsheme&#8221;po nuk gaboj ne analizen time,se reforma ne sistemin energjitik duhej bere, po jo me burgje dhe me forcen policore,kjo nuk ndodhe ne asnji vende te bashkimit Europian.<br \/>\nLe te ndalemi konkretisht ne zbatimin e kesaj reforme.<br \/>\nLidhjet e kundra ligjsheme duheshin eleminuar,debitoret duheshin identifikuar,shteti duhej te ishte ma racional ne masat ndeshkimore ndaj popullates dhe administrates.Nuk pritet lisi me nji te rame,nuk ndertohet shteti i te drejtes me forcen policore&#8230;.<br \/>\nQeveria dhe parlamenti duhej qe ketyre reformave tu jepnin zgjidhje, duke vene perpara drejtesis pushtetaret e djeshem,te cilet kane qeverisur ne menyren ma te keqe te mundsheme.<br \/>\nKure vendi per tete vite udhhiqej nga nji band\u00eb kusaresh, te cilet vodhen \u00e7&#8217;fare ju erdhi per dore, keshtu mesuan edhe popullaten, te jene te lire ne vjedhjen e energjis\u00eb, ne mos pagesat e qindra probleme tjera.<br \/>\nKeto besoj se i ka ditur mire z.Kryeminister, po aqe ma mire i ka ditur Ilir Meta, i cili bashkqeverisi kater vite me z. Berisha.<br \/>\nQeveria do te dergonte fillimisht prapa hekurave ata qe per tete vite e mesuan kete popull si mose ma keqe.<br \/>\nPushtetaret e \u00e7&#8217;fare do lloje ngjyre jetojn ne lukes,fshataret dhe qytetaret qe nji pjes disherojn buken e gojes arrestohen!per energjin elektrike,nji mjet jetik per jetesen&#8230;&#8230;..ketu le shume per te disheruar kjo qeverisje,pritem &#8220;Rilindjen&#8221;jo burgun dhe terrorin policor,ketu nuk ka asnji element te nji shteti qe po nderton shtetin ligjor mbi konventat nderkombetare.<br \/>\nRepresioni ne emer te ligjit eshte me shume rreziqe per demokracin e nji vendi si\u00e7e eshte Shqiperia,me nji demokraci te brisht.<br \/>\nQeveria ne asnji menyr nuk duhet tu nderpres energjin popullates,le tu vendosen aparate qe mundesojn vetem ndricimin dhe funksionimi e nji televizori dhe te nji frigoriferi,kjo perdoret ne shtetet e perendimit,keshtu duhet aplikohet edhe ne shqiperi.<br \/>\nPo le te ndalemi ne nji analiz te shkurter ekonomike,sa harxhon ne 24 ore nji familje mesatare energji elektrike?po sa harxhon shteti per nji te burgosur ne 24 ore? keto pyetje e kane pergjigjen te dhanun per nji njeri fare i pa arsimuar.<br \/>\nStermbushja e burgjeve dhe paraburgimeve eshte sinjali mai keqe per kete qeveri.Une jam i majte,po realitetit i qendroj besnik,qeveria te shkoje ne populle atje e shef realitetin e vertet,dekleratat perpara mikrofoneve sa nga e djathta sa nga e majta jane tallje me popullin.<br \/>\nPopulli i njef mire te dy krahet politik,te majt dhe te djathte duhet te ulen kame kryq e te mendojn per popullin,jeta politike e ka varferuar jeten si ne fshat po ashtu ne qytet.Populli do te jetoj,do punesim dhe shtet,po nuk do terror dhe burgje.<br \/>\nTani na sodhet ne skenen politike,hapjen e dosjeve,lustracionin,kujte i shiten keto dokrra?<br \/>\nNji here arrestoni te majt dhe te djathte qe kane dosjet duke u mykur ne prokurori,arrestoni ata qe vodhen pasurit e Shqiptareve.<br \/>\nShteti i te drejtes ligjore ndertohet kure ndeshkimi fillon nga koka,ne te kundert di\u00e7ka nuk shkon!friga ndaj njeri tjetrit,sharje politike nga ma vandalet,po letrat luhen posht tovolines,logjik tjeter nuk ka derisa forca e ligjit nuk vepron mbi krimin qeveritar,popullin mundet \u00e7&#8217;do forc politike,apo \u00e7&#8217;do qeveri ta dhunoj me forcen e shtetit,po harrojn se shteti eshte i popullit.<br \/>\nUne jame qe reformave tu shkohet deri ne fund,po jo me fushata drastike,reformat kane limite kohe, keshtu edhe populli ndergjegjesohet dhe e perkrah \u00e7&#8217;do reform te qeveris,te cilat duhet te jene me sa ma pak dhimje.<br \/>\nNji apel doi drejtoja kryeministrit te vendit tim z. Edi Rama.<br \/>\nSyte dhe shpirtin tek populli fukara,tek ata qe i nxe nata pa kafshaten e bukes, tu presesh dhe ndri\u00e7imin, ma mire tu presesh edhe jeten.<br \/>\nDemokracia persupozon ligjin,po gjithmon mbi bazat e nji demokracie te mirefillt.<br \/>\nOpozita le te gjej veteveten te bahet pjes e ndryshimeve demokratike ne vend.<br \/>\nShqiperia eshte e shqiptareve,jo penge i politikave shkaterruese te ketyre 24 viteve.<br \/>\nLisin ta presim po me te rame te ngadalsheme, me nji te rame ase shenje nuk i bejm\u00eb &#8220;lisit&#8221;<\/p>\n<p><strong>GJIN MUSA<\/strong><\/p>\n","protected":false},"excerpt":{"rendered":"<p>Let\u00ebr publike kryeministrit z. Edi Rama. Qeveria aktuale erdhi ne pushtet me voten e popullit, rrezoi nji qeveri qe e kishte katandisur vendin ne nji gremin\u00eb te pa shpetim. Perbadhja me vishtersit\u00eb ishte e pranuesheme, qe ne fushaten elektorale, kete besoj edinte mire opozita e djeshme. 23 qershori beri rotacionin e shum\u00ebpritur! Kane kaluar 15 [&hellip;]<\/p>\n","protected":false},"author":1,"featured_media":0,"comment_status":"open","ping_status":"closed","sticky":false,"template":"","format":"standard","meta":{"footnotes":""},"categories":[2],"tags":[],"class_list":{"0":"post-13876","1":"post","2":"type-post","3":"status-publish","4":"format-standard","6":"category-artikuj"},"yoast_head":"<!-- This site is optimized with the Yoast SEO plugin v27.4 - https:\/\/yoast.com\/product\/yoast-seo-wordpress\/ -->\n<title>JO BURGOSJE, JO SHTETIT POLICOR, SHTET MBI NORMA DEMOKRATIKE - FjALA e LIR\u00cb - Arkivi<\/title>\n<meta name=\"robots\" content=\"index, follow, max-snippet:-1, max-image-preview:large, max-video-preview:-1\" \/>\n<link rel=\"canonical\" href=\"https:\/\/fjala.info\/2009-2015\/jo-burgosje-jo-shtetit-policor-shtet-mbi-norma-demokratike\/\" \/>\n<meta property=\"og:locale\" content=\"sq_AL\" \/>\n<meta property=\"og:type\" content=\"article\" \/>\n<meta property=\"og:title\" content=\"JO BURGOSJE, JO SHTETIT POLICOR, SHTET MBI NORMA DEMOKRATIKE - FjALA e LIR\u00cb - Arkivi\" \/>\n<meta property=\"og:description\" content=\"Let\u00ebr publike kryeministrit z. Edi Rama. Qeveria aktuale erdhi ne pushtet me voten e popullit, rrezoi nji qeveri qe e kishte katandisur vendin ne nji gremin\u00eb te pa shpetim. Perbadhja me vishtersit\u00eb ishte e pranuesheme, qe ne fushaten elektorale, kete besoj edinte mire opozita e djeshme. 23 qershori beri rotacionin e shum\u00ebpritur! Kane kaluar 15 [&hellip;]\" \/>\n<meta property=\"og:url\" content=\"https:\/\/fjala.info\/2009-2015\/jo-burgosje-jo-shtetit-policor-shtet-mbi-norma-demokratike\/\" \/>\n<meta property=\"og:site_name\" content=\"FjALA e LIR\u00cb - Arkivi\" \/>\n<meta property=\"article:published_time\" content=\"2014-12-11T15:32:05+00:00\" \/>\n<meta property=\"og:image\" content=\"http:\/\/www.fjala.info\/2014\/gjin_musa.jpg\" \/>\n<meta name=\"author\" content=\"admin\" \/>\n<meta name=\"twitter:card\" content=\"summary_large_image\" \/>\n<meta name=\"twitter:label1\" content=\"Written by\" \/>\n\t<meta name=\"twitter:data1\" content=\"admin\" \/>\n\t<meta name=\"twitter:label2\" content=\"Est. reading time\" \/>\n\t<meta name=\"twitter:data2\" content=\"4 minutes\" \/>\n<script type=\"application\/ld+json\" class=\"yoast-schema-graph\">{\"@context\":\"https:\\\/\\\/schema.org\",\"@graph\":[{\"@type\":\"Article\",\"@id\":\"https:\\\/\\\/fjala.info\\\/2009-2015\\\/jo-burgosje-jo-shtetit-policor-shtet-mbi-norma-demokratike\\\/#article\",\"isPartOf\":{\"@id\":\"https:\\\/\\\/fjala.info\\\/2009-2015\\\/jo-burgosje-jo-shtetit-policor-shtet-mbi-norma-demokratike\\\/\"},\"author\":{\"name\":\"admin\",\"@id\":\"https:\\\/\\\/fjala.info\\\/2009-2015\\\/#\\\/schema\\\/person\\\/3aa1163ef05469c496fc94e77611ada2\"},\"headline\":\"JO BURGOSJE, JO SHTETIT POLICOR, SHTET MBI NORMA DEMOKRATIKE\",\"datePublished\":\"2014-12-11T15:32:05+00:00\",\"mainEntityOfPage\":{\"@id\":\"https:\\\/\\\/fjala.info\\\/2009-2015\\\/jo-burgosje-jo-shtetit-policor-shtet-mbi-norma-demokratike\\\/\"},\"wordCount\":812,\"commentCount\":3,\"publisher\":{\"@id\":\"https:\\\/\\\/fjala.info\\\/2009-2015\\\/#organization\"},\"image\":{\"@id\":\"https:\\\/\\\/fjala.info\\\/2009-2015\\\/jo-burgosje-jo-shtetit-policor-shtet-mbi-norma-demokratike\\\/#primaryimage\"},\"thumbnailUrl\":\"http:\\\/\\\/www.fjala.info\\\/2014\\\/gjin_musa.jpg\",\"articleSection\":[\"Artikuj\"],\"inLanguage\":\"sq-AL\",\"potentialAction\":[{\"@type\":\"CommentAction\",\"name\":\"Comment\",\"target\":[\"https:\\\/\\\/fjala.info\\\/2009-2015\\\/jo-burgosje-jo-shtetit-policor-shtet-mbi-norma-demokratike\\\/#respond\"]}]},{\"@type\":\"WebPage\",\"@id\":\"https:\\\/\\\/fjala.info\\\/2009-2015\\\/jo-burgosje-jo-shtetit-policor-shtet-mbi-norma-demokratike\\\/\",\"url\":\"https:\\\/\\\/fjala.info\\\/2009-2015\\\/jo-burgosje-jo-shtetit-policor-shtet-mbi-norma-demokratike\\\/\",\"name\":\"JO BURGOSJE, JO SHTETIT POLICOR, SHTET MBI NORMA DEMOKRATIKE - FjALA e LIR\u00cb - Arkivi\",\"isPartOf\":{\"@id\":\"https:\\\/\\\/fjala.info\\\/2009-2015\\\/#website\"},\"primaryImageOfPage\":{\"@id\":\"https:\\\/\\\/fjala.info\\\/2009-2015\\\/jo-burgosje-jo-shtetit-policor-shtet-mbi-norma-demokratike\\\/#primaryimage\"},\"image\":{\"@id\":\"https:\\\/\\\/fjala.info\\\/2009-2015\\\/jo-burgosje-jo-shtetit-policor-shtet-mbi-norma-demokratike\\\/#primaryimage\"},\"thumbnailUrl\":\"http:\\\/\\\/www.fjala.info\\\/2014\\\/gjin_musa.jpg\",\"datePublished\":\"2014-12-11T15:32:05+00:00\",\"breadcrumb\":{\"@id\":\"https:\\\/\\\/fjala.info\\\/2009-2015\\\/jo-burgosje-jo-shtetit-policor-shtet-mbi-norma-demokratike\\\/#breadcrumb\"},\"inLanguage\":\"sq-AL\",\"potentialAction\":[{\"@type\":\"ReadAction\",\"target\":[\"https:\\\/\\\/fjala.info\\\/2009-2015\\\/jo-burgosje-jo-shtetit-policor-shtet-mbi-norma-demokratike\\\/\"]}]},{\"@type\":\"ImageObject\",\"inLanguage\":\"sq-AL\",\"@id\":\"https:\\\/\\\/fjala.info\\\/2009-2015\\\/jo-burgosje-jo-shtetit-policor-shtet-mbi-norma-demokratike\\\/#primaryimage\",\"url\":\"http:\\\/\\\/www.fjala.info\\\/2014\\\/gjin_musa.jpg\",\"contentUrl\":\"http:\\\/\\\/www.fjala.info\\\/2014\\\/gjin_musa.jpg\"},{\"@type\":\"BreadcrumbList\",\"@id\":\"https:\\\/\\\/fjala.info\\\/2009-2015\\\/jo-burgosje-jo-shtetit-policor-shtet-mbi-norma-demokratike\\\/#breadcrumb\",\"itemListElement\":[{\"@type\":\"ListItem\",\"position\":1,\"name\":\"Home\",\"item\":\"https:\\\/\\\/fjala.info\\\/2009-2015\\\/\"},{\"@type\":\"ListItem\",\"position\":2,\"name\":\"JO BURGOSJE, JO SHTETIT POLICOR, SHTET MBI NORMA DEMOKRATIKE\"}]},{\"@type\":\"WebSite\",\"@id\":\"https:\\\/\\\/fjala.info\\\/2009-2015\\\/#website\",\"url\":\"https:\\\/\\\/fjala.info\\\/2009-2015\\\/\",\"name\":\"FjALA e LIR\u00cb - Arkivi\",\"description\":\"Arkivi 2009-2015\",\"publisher\":{\"@id\":\"https:\\\/\\\/fjala.info\\\/2009-2015\\\/#organization\"},\"potentialAction\":[{\"@type\":\"SearchAction\",\"target\":{\"@type\":\"EntryPoint\",\"urlTemplate\":\"https:\\\/\\\/fjala.info\\\/2009-2015\\\/?s={search_term_string}\"},\"query-input\":{\"@type\":\"PropertyValueSpecification\",\"valueRequired\":true,\"valueName\":\"search_term_string\"}}],\"inLanguage\":\"sq-AL\"},{\"@type\":\"Organization\",\"@id\":\"https:\\\/\\\/fjala.info\\\/2009-2015\\\/#organization\",\"name\":\"FjALA e LIR\u00cb - Arkivi\",\"url\":\"https:\\\/\\\/fjala.info\\\/2009-2015\\\/\",\"logo\":{\"@type\":\"ImageObject\",\"inLanguage\":\"sq-AL\",\"@id\":\"https:\\\/\\\/fjala.info\\\/2009-2015\\\/#\\\/schema\\\/logo\\\/image\\\/\",\"url\":\"\",\"contentUrl\":\"\",\"caption\":\"FjALA e LIR\u00cb - Arkivi\"},\"image\":{\"@id\":\"https:\\\/\\\/fjala.info\\\/2009-2015\\\/#\\\/schema\\\/logo\\\/image\\\/\"}},{\"@type\":\"Person\",\"@id\":\"https:\\\/\\\/fjala.info\\\/2009-2015\\\/#\\\/schema\\\/person\\\/3aa1163ef05469c496fc94e77611ada2\",\"name\":\"admin\",\"image\":{\"@type\":\"ImageObject\",\"inLanguage\":\"sq-AL\",\"@id\":\"https:\\\/\\\/fjala.info\\\/2009-2015\\\/wp-content\\\/uploads\\\/2012\\\/02\\\/arben_cokaj-120x150.jpg\",\"url\":\"https:\\\/\\\/fjala.info\\\/2009-2015\\\/wp-content\\\/uploads\\\/2012\\\/02\\\/arben_cokaj-120x150.jpg\",\"contentUrl\":\"https:\\\/\\\/fjala.info\\\/2009-2015\\\/wp-content\\\/uploads\\\/2012\\\/02\\\/arben_cokaj-120x150.jpg\",\"caption\":\"admin\"},\"description\":\"Admin, Fjala e Lir\u00eb\",\"sameAs\":[\"https:\\\/\\\/fjala.info\\\/\"],\"url\":\"https:\\\/\\\/fjala.info\\\/2009-2015\\\/author\\\/admin\\\/\"}]}<\/script>\n<!-- \/ Yoast SEO plugin. -->","yoast_head_json":{"title":"JO BURGOSJE, JO SHTETIT POLICOR, SHTET MBI NORMA DEMOKRATIKE - FjALA e LIR\u00cb - Arkivi","robots":{"index":"index","follow":"follow","max-snippet":"max-snippet:-1","max-image-preview":"max-image-preview:large","max-video-preview":"max-video-preview:-1"},"canonical":"https:\/\/fjala.info\/2009-2015\/jo-burgosje-jo-shtetit-policor-shtet-mbi-norma-demokratike\/","og_locale":"sq_AL","og_type":"article","og_title":"JO BURGOSJE, JO SHTETIT POLICOR, SHTET MBI NORMA DEMOKRATIKE - FjALA e LIR\u00cb - Arkivi","og_description":"Let\u00ebr publike kryeministrit z. Edi Rama. Qeveria aktuale erdhi ne pushtet me voten e popullit, rrezoi nji qeveri qe e kishte katandisur vendin ne nji gremin\u00eb te pa shpetim. Perbadhja me vishtersit\u00eb ishte e pranuesheme, qe ne fushaten elektorale, kete besoj edinte mire opozita e djeshme. 23 qershori beri rotacionin e shum\u00ebpritur! Kane kaluar 15 [&hellip;]","og_url":"https:\/\/fjala.info\/2009-2015\/jo-burgosje-jo-shtetit-policor-shtet-mbi-norma-demokratike\/","og_site_name":"FjALA e LIR\u00cb - Arkivi","article_published_time":"2014-12-11T15:32:05+00:00","og_image":[{"url":"http:\/\/www.fjala.info\/2014\/gjin_musa.jpg","type":"","width":"","height":""}],"author":"admin","twitter_card":"summary_large_image","twitter_misc":{"Written by":"admin","Est. reading time":"4 minutes"},"schema":{"@context":"https:\/\/schema.org","@graph":[{"@type":"Article","@id":"https:\/\/fjala.info\/2009-2015\/jo-burgosje-jo-shtetit-policor-shtet-mbi-norma-demokratike\/#article","isPartOf":{"@id":"https:\/\/fjala.info\/2009-2015\/jo-burgosje-jo-shtetit-policor-shtet-mbi-norma-demokratike\/"},"author":{"name":"admin","@id":"https:\/\/fjala.info\/2009-2015\/#\/schema\/person\/3aa1163ef05469c496fc94e77611ada2"},"headline":"JO BURGOSJE, JO SHTETIT POLICOR, SHTET MBI NORMA DEMOKRATIKE","datePublished":"2014-12-11T15:32:05+00:00","mainEntityOfPage":{"@id":"https:\/\/fjala.info\/2009-2015\/jo-burgosje-jo-shtetit-policor-shtet-mbi-norma-demokratike\/"},"wordCount":812,"commentCount":3,"publisher":{"@id":"https:\/\/fjala.info\/2009-2015\/#organization"},"image":{"@id":"https:\/\/fjala.info\/2009-2015\/jo-burgosje-jo-shtetit-policor-shtet-mbi-norma-demokratike\/#primaryimage"},"thumbnailUrl":"http:\/\/www.fjala.info\/2014\/gjin_musa.jpg","articleSection":["Artikuj"],"inLanguage":"sq-AL","potentialAction":[{"@type":"CommentAction","name":"Comment","target":["https:\/\/fjala.info\/2009-2015\/jo-burgosje-jo-shtetit-policor-shtet-mbi-norma-demokratike\/#respond"]}]},{"@type":"WebPage","@id":"https:\/\/fjala.info\/2009-2015\/jo-burgosje-jo-shtetit-policor-shtet-mbi-norma-demokratike\/","url":"https:\/\/fjala.info\/2009-2015\/jo-burgosje-jo-shtetit-policor-shtet-mbi-norma-demokratike\/","name":"JO BURGOSJE, JO SHTETIT POLICOR, SHTET MBI NORMA DEMOKRATIKE - FjALA e LIR\u00cb - Arkivi","isPartOf":{"@id":"https:\/\/fjala.info\/2009-2015\/#website"},"primaryImageOfPage":{"@id":"https:\/\/fjala.info\/2009-2015\/jo-burgosje-jo-shtetit-policor-shtet-mbi-norma-demokratike\/#primaryimage"},"image":{"@id":"https:\/\/fjala.info\/2009-2015\/jo-burgosje-jo-shtetit-policor-shtet-mbi-norma-demokratike\/#primaryimage"},"thumbnailUrl":"http:\/\/www.fjala.info\/2014\/gjin_musa.jpg","datePublished":"2014-12-11T15:32:05+00:00","breadcrumb":{"@id":"https:\/\/fjala.info\/2009-2015\/jo-burgosje-jo-shtetit-policor-shtet-mbi-norma-demokratike\/#breadcrumb"},"inLanguage":"sq-AL","potentialAction":[{"@type":"ReadAction","target":["https:\/\/fjala.info\/2009-2015\/jo-burgosje-jo-shtetit-policor-shtet-mbi-norma-demokratike\/"]}]},{"@type":"ImageObject","inLanguage":"sq-AL","@id":"https:\/\/fjala.info\/2009-2015\/jo-burgosje-jo-shtetit-policor-shtet-mbi-norma-demokratike\/#primaryimage","url":"http:\/\/www.fjala.info\/2014\/gjin_musa.jpg","contentUrl":"http:\/\/www.fjala.info\/2014\/gjin_musa.jpg"},{"@type":"BreadcrumbList","@id":"https:\/\/fjala.info\/2009-2015\/jo-burgosje-jo-shtetit-policor-shtet-mbi-norma-demokratike\/#breadcrumb","itemListElement":[{"@type":"ListItem","position":1,"name":"Home","item":"https:\/\/fjala.info\/2009-2015\/"},{"@type":"ListItem","position":2,"name":"JO BURGOSJE, JO SHTETIT POLICOR, SHTET MBI NORMA DEMOKRATIKE"}]},{"@type":"WebSite","@id":"https:\/\/fjala.info\/2009-2015\/#website","url":"https:\/\/fjala.info\/2009-2015\/","name":"FjALA e LIR\u00cb - Arkivi","description":"Arkivi 2009-2015","publisher":{"@id":"https:\/\/fjala.info\/2009-2015\/#organization"},"potentialAction":[{"@type":"SearchAction","target":{"@type":"EntryPoint","urlTemplate":"https:\/\/fjala.info\/2009-2015\/?s={search_term_string}"},"query-input":{"@type":"PropertyValueSpecification","valueRequired":true,"valueName":"search_term_string"}}],"inLanguage":"sq-AL"},{"@type":"Organization","@id":"https:\/\/fjala.info\/2009-2015\/#organization","name":"FjALA e LIR\u00cb - Arkivi","url":"https:\/\/fjala.info\/2009-2015\/","logo":{"@type":"ImageObject","inLanguage":"sq-AL","@id":"https:\/\/fjala.info\/2009-2015\/#\/schema\/logo\/image\/","url":"","contentUrl":"","caption":"FjALA e LIR\u00cb - Arkivi"},"image":{"@id":"https:\/\/fjala.info\/2009-2015\/#\/schema\/logo\/image\/"}},{"@type":"Person","@id":"https:\/\/fjala.info\/2009-2015\/#\/schema\/person\/3aa1163ef05469c496fc94e77611ada2","name":"admin","image":{"@type":"ImageObject","inLanguage":"sq-AL","@id":"https:\/\/fjala.info\/2009-2015\/wp-content\/uploads\/2012\/02\/arben_cokaj-120x150.jpg","url":"https:\/\/fjala.info\/2009-2015\/wp-content\/uploads\/2012\/02\/arben_cokaj-120x150.jpg","contentUrl":"https:\/\/fjala.info\/2009-2015\/wp-content\/uploads\/2012\/02\/arben_cokaj-120x150.jpg","caption":"admin"},"description":"Admin, Fjala e Lir\u00eb","sameAs":["https:\/\/fjala.info\/"],"url":"https:\/\/fjala.info\/2009-2015\/author\/admin\/"}]}},"_links":{"self":[{"href":"https:\/\/fjala.info\/2009-2015\/wp-json\/wp\/v2\/posts\/13876","targetHints":{"allow":["GET"]}}],"collection":[{"href":"https:\/\/fjala.info\/2009-2015\/wp-json\/wp\/v2\/posts"}],"about":[{"href":"https:\/\/fjala.info\/2009-2015\/wp-json\/wp\/v2\/types\/post"}],"author":[{"embeddable":true,"href":"https:\/\/fjala.info\/2009-2015\/wp-json\/wp\/v2\/users\/1"}],"replies":[{"embeddable":true,"href":"https:\/\/fjala.info\/2009-2015\/wp-json\/wp\/v2\/comments?post=13876"}],"version-history":[{"count":0,"href":"https:\/\/fjala.info\/2009-2015\/wp-json\/wp\/v2\/posts\/13876\/revisions"}],"wp:attachment":[{"href":"https:\/\/fjala.info\/2009-2015\/wp-json\/wp\/v2\/media?parent=13876"}],"wp:term":[{"taxonomy":"category","embeddable":true,"href":"https:\/\/fjala.info\/2009-2015\/wp-json\/wp\/v2\/categories?post=13876"},{"taxonomy":"post_tag","embeddable":true,"href":"https:\/\/fjala.info\/2009-2015\/wp-json\/wp\/v2\/tags?post=13876"}],"curies":[{"name":"wp","href":"https:\/\/api.w.org\/{rel}","templated":true}]}}