{"id":1385,"date":"2012-01-27T10:32:53","date_gmt":"2012-01-27T09:32:53","guid":{"rendered":"http:\/\/fjala.shkoder.net\/?p=1385"},"modified":"2012-01-27T10:32:53","modified_gmt":"2012-01-27T09:32:53","slug":"ina-rama-garda-nisi-te-manipulonte-provat-ishin-vrasje-me-dashje-nuk-ishin-plumba-rikoshet","status":"publish","type":"post","link":"https:\/\/fjala.info\/2009-2015\/ina-rama-garda-nisi-te-manipulonte-provat-ishin-vrasje-me-dashje-nuk-ishin-plumba-rikoshet\/","title":{"rendered":"Ina Rama: Garda nisi t\u00eb manipulonte provat. Ishin vrasje me dashje, nuk ishin plumba rikoshet"},"content":{"rendered":"<p><img decoding=\"async\" class=\"alignright size-thumbnail wp-image-7236\" title=\"Ina Rama\" src=\"http:\/\/www.shkoder.net\/2012\/ina_rama1.jpg\" alt=\"\" width=\"200\" \/> <strong>TemA<\/strong>, <em>26 Janar 2012<\/em><\/p>\n<p>Kryeprokurorja, <strong>Ina Rama<\/strong>, flet n\u00eb emisionin \u201cOpinion\u201d n\u00eb TV Klan. Ajo thot\u00eb se u k\u00ebrkua ekspertiza e FBI pasi nuk mund t\u00eb kishte besim tek laborator\u00ebt e Ministris\u00eb s\u00eb Brendshme. Rama thot\u00eb se ishte policia q\u00eb hetoi p\u00ebr organizator\u00ebt e protest\u00ebs dhe nuk k\u00ebrkoi asnj\u00eb mas\u00eb n\u00eb raportin e saj. Sipas Ina Ram\u00ebs, n\u00ebse \u00ebsht\u00eb policia q\u00eb referon ngjarjen, ajo e heton, ndaj ishte policia q\u00eb hetoi organizator\u00ebt dhe nuk gjeti asgj\u00eb. Ina Rama konfirmon fshirjen e serverit t\u00eb kryeministris\u00eb dhe deklaron se plumbat nuk ishin rikoshet. Rama thot\u00eb se urdh\u00ebr-ndalimet e 22 janarit nuk ishin p\u00ebr zinxhirin drejtues t\u00eb gard\u00ebs, por personat p\u00ebrgjegj\u00ebs at\u00eb dit\u00eb.<\/p>\n<p>Rama thot\u00eb se nuk u gjet asnj\u00eb g\u00ebzhonj\u00eb jasht\u00eb kryeministris\u00eb, q\u00eb d\u00ebshmon se vrasjet u kthyen nga brenda. Ajo thot\u00eb se lind\u00ebn dyshime nga prokuror\u00ebt kur pan\u00eb se garda po pastronte g\u00ebzhojat. P\u00ebr k\u00ebt\u00eb arsye k\u00ebrkoi urdh\u00ebr-ndalimet e gardist\u00ebve p\u00ebr t\u00eb marr\u00eb sa m\u00eb shpejt versionin origjinal t\u00eb ngjarjes para se t\u00eb ishin krijuar histori t\u00eb rreme. Kryeprokurorja thot\u00eb se demonstruesit u vran\u00eb jasht\u00eb kryeministris\u00eb, \u00e7ka e b\u00ebn akuz\u00ebn m\u00eb t\u00eb r\u00ebnd\u00eb p\u00ebr gardist\u00ebt. Madje p\u00ebr Prendin akuza \u00ebsht\u00eb shum\u00eb e r\u00ebnd\u00eb pasi ka q\u00eblluar n\u00eb m\u00ebnyr\u00eb t\u00eb rrezikshme mbi turm\u00eb. Ina Rama thot\u00eb se nuk ka nd\u00ebrmend t\u00eb k\u00ebrkoj\u00eb nj\u00eb mandat t\u00eb dyt\u00eb.<\/p>\n<p><strong>P\u00ebrse u vonua kaq shum\u00eb hetimi i 21 janarit?<\/strong><\/p>\n<p>Nuk mund t\u00eb them se \u00ebsht\u00eb vonuar shum\u00eb. Koha q\u00eb ka marr\u00eb \u00ebsht\u00eb e nevojshme p\u00ebr k\u00ebt\u00eb hetim. Prokuroria e Tiran\u00ebs, pothuajse e gjitha ka qen\u00eb q\u00eb dit\u00ebn e par\u00eb n\u00eb detyr\u00eb. Jan\u00eb ngritur disa grupe p\u00ebr shkak t\u00eb dinamik\u00ebs s\u00eb ngjarjes. Nj\u00eb grup ishin n\u00eb vendngjarje, nj\u00eb grup tjet\u00ebr ishin n\u00eb spital, nj\u00eb grup shoq\u00ebruan efektivat e policis\u00eb n\u00ebp\u00ebr rajonet e policis\u00eb dhe nj\u00eb grup mblodhi dokumentet n\u00eb gard\u00eb.<\/p>\n<p>\u00cbsht\u00eb nj\u00eb proces q\u00eb vazhdoi me ekzaminime dhe marrje provash t\u00eb t\u00eb gjitha arm\u00ebve t\u00eb gard\u00ebs q\u00eb iu n\u00ebnshtruan ekzaminimit, marrje n\u00eb pyetje. \u00cbsht\u00eb nj\u00eb pun\u00eb shum\u00eb voluminoze.<\/p>\n<p>N\u00eb nj\u00eb moment u detyruam t\u00eb presim p\u00ebr shkak se k\u00ebrkuam ndihm\u00eb n\u00eb SHBA. P\u00ebr nj\u00eb koh\u00eb relativisht t\u00eb gjat\u00eb prit\u00ebm k\u00ebt\u00eb p\u00ebrgjigje.<\/p>\n<p><strong>A nuk mund t\u2019i kryenit vet\u00eb k\u00ebto ekspertiza?<\/strong><\/p>\n<p>Disa prej ekspertizave ishin t\u00eb pamundura t\u00eb b\u00ebheshin n\u00eb Shqip\u00ebri si pastrimi i pamjeve filmike apo nd\u00ebrtimi n\u00eb 3 dimensional i ngjarjeve. N\u00eb Shqip\u00ebri kemi nj\u00eb laborator t\u00eb Ministris\u00eb s\u00eb Brendshme q\u00eb b\u00ebri ekspertiz\u00ebn balistike, por q\u00eb nuk na ktheu p\u00ebrgjigje p\u00ebr t\u00eb gjitha pyetjet tona. E b\u00ebm\u00eb di\u00e7ka t\u00eb till\u00eb edhe p\u00ebr \u00e7\u00ebshtje kredibiliteti.<\/p>\n<p><strong>Ku \u00ebsht\u00eb kredibiliteti i prokuroris\u00eb son\u00eb?<\/strong><\/p>\n<p>Ka nj\u00eb detaj esencial. Ne kemi rritur kredibilitetin duke b\u00ebr\u00eb ekspertiz\u00eb n\u00eb SHBA. N\u00eb \u00e7do rast kemi k\u00ebrkuar ekspert\u00eb. N\u00eb t\u00eb treja k\u00ebto raste ishin t\u00eb involvuar persona q\u00eb kan\u00eb lidhje me pushtetin dhe laboratori \u00ebsht\u00eb n\u00eb var\u00ebsi t\u00eb Ministris\u00eb s\u00eb Brendshme. Ky \u00ebsht\u00eb kredibiliteti. Ne nuk kemi thirrur prokuror\u00eb, por ekspert\u00eb.<\/p>\n<p><strong>Pse nuk hetuat p\u00ebr organizimin e protest\u00ebs por ia lat\u00eb k\u00ebt\u00eb \u00e7\u00ebshtje policis\u00eb?<\/strong><\/p>\n<p>Policia e Tiran\u00ebs dhe ajo e Shtetit kan\u00eb qen\u00eb n\u00eb krye t\u00eb detyr\u00ebs duke b\u00ebr\u00eb pun\u00ebn si gjithmon\u00eb. Edhe p\u00ebr k\u00ebt\u00eb pjes\u00eb, p\u00ebr rind\u00ebrtimin e ngjarjes, ne i kemi k\u00ebrkuar nj\u00eb k\u00ebrkes\u00eb FBI-s\u00eb. Pra edhe p\u00ebr k\u00ebt\u00eb pjes\u00eb ne kemi tentuar t\u00eb p\u00ebrdorim ekspertiz\u00ebn amerikane. Por nuk mund t\u00eb k\u00ebrkojm\u00eb oficer\u00eb amerikan\u00eb q\u00eb t\u00eb pyesin shqiptar\u00ebt n\u00eb La\u00e7, Shkod\u00ebr. Hetimi ende vazhdon dhe nuk kemi konkluzione p\u00ebrfundimtare.<\/p>\n<p><strong>P\u00ebrse nuk e k\u00ebrkuat imunitetin e 3 deputet\u00ebve t\u00eb PS para nj\u00eb viti? <\/strong><\/p>\n<p>Hetimi n\u00eb Shqip\u00ebri drejtohet nga prokuror\u00ebt dhe veprimtaria zhvillohet nga policia gjyq\u00ebsore. N\u00eb maj t\u00eb vitit 2008 kemi bashk\u00ebfirmosur nj\u00eb urdh\u00ebr t\u00eb p\u00ebrbashk\u00ebt me Ministrin e Brendsh\u00ebm p\u00ebr hetimin e \u00e7\u00ebshtjeve. Kishte nj\u00eb konflikt sepse nuk dihej se \u00e7\u2019duhej t\u00eb b\u00ebnin prokuror\u00ebt dhe \u00e7far\u00eb duhej t\u00eb b\u00ebnin oficer\u00ebt e policis\u00eb gjyq\u00ebsore.<\/p>\n<p>N\u00ebse \u00e7\u00ebshtja referohet nga Policia e Shtetit ajo kryen hetimet dhe ajo jep q\u00ebndrimin e saj se \u00e7\u2019duhet b\u00ebr\u00eb me t\u00eb n\u00eb mbarim t\u00eb veprimtaris\u00eb hetimore.<\/p>\n<p>Tani kthehemi tek 21 janari. N\u00eb k\u00ebt\u00eb rast kemi nj\u00eb referim t\u00eb drejtp\u00ebrdrejt\u00eb t\u00eb Policis\u00eb s\u00eb Shtetit tek prokuroria. Policia e Shtetit pati gjith\u00eb koh\u00ebn n\u00eb dispozicion q\u00eb t\u00eb propozonte \u00e7do lloj konkluzioni p\u00ebr akuza konkrete ndaj deputet\u00ebve, kryetarit t\u00eb PS, gjithmon\u00eb n\u00eb baz\u00eb t\u00eb fakteve q\u00eb mbledh.<\/p>\n<p>Jan\u00eb b\u00ebr\u00eb takime periodike \u00e7do t\u00eb h\u00ebn\u00eb n\u00eb or\u00ebn 10:00. N\u00eb muajin korrik, Policia e Shtetit sugjeron pezullimin e hetimeve. Arsyeton se nuk arrin t\u00eb identifikoj\u00eb organizator\u00ebt. Por ne u tham\u00eb s\u00ebrish q\u00eb t\u00eb vazhdojn\u00eb hetimet. Por prap\u00eb nuk pat\u00ebm nj\u00eb konkluzion nga Policia e Shtetit. Madje as p\u00ebr k\u00ebta tre deputet\u00ebt.<\/p>\n<p>Ne \u00e7muam se nuk arrijm\u00eb dot t\u00eb ngrem\u00eb akuza. Gjith\u00eb koh\u00ebn prit\u00ebm konkluzionet e policis\u00eb. Nd\u00ebrkoh\u00eb erdh\u00ebn p\u00ebrgjigjet e FBI.<\/p>\n<p><strong>A mund t\u00eb pyeteshin Rama dhe Ngjela?<\/strong><\/p>\n<p>Nuk ka fakte q\u00eb kan\u00eb nxitur urrejtje nacionale apo vrasje. Jan\u00eb deklarata politike. N\u00ebse hetojm\u00eb deklaratat politike ju e dini mir\u00eb q\u00eb pastaj politik\u00ebn duhet ta drejtojm\u00eb ne\u2026<\/p>\n<p><strong>Pse u l\u00ebshuan urdh\u00ebr ndalimet p\u00ebr zinxhir drejtues t\u00eb gard\u00ebs n\u00eb dit\u00ebn kur opozita lajm\u00ebroi nj\u00eb protest\u00eb tjet\u00ebr?<\/strong><\/p>\n<p>Dua t\u00eb sqaroj di\u00e7ka p\u00ebr zinxhirin komandues t\u00eb gard\u00ebs. K\u00ebta gjasht\u00eb emra nuk jan\u00eb zinxhir komandues i gard\u00ebs. Pse urdh\u00ebruam ndalimin? Jemi m\u00eb 21 janar dhe konstatojm\u00eb disa ngjarje. E para dhe m\u00eb e r\u00ebnda \u00ebsht\u00eb vrasja. Kemi tre t\u00eb vrar\u00eb dhe nj\u00eb t\u00eb plagosur r\u00ebnd\u00eb, shum\u00eb t\u00eb tjer\u00eb t\u00eb plagosur, shum\u00eb punonj\u00ebs policie t\u00eb d\u00ebmtuar. Ngjarje n\u00eb bulevard \u00ebsht\u00eb term ligjor, sepse aty ndodhi ngjarja.<\/p>\n<p>Ne i referohemi rrug\u00ebs. Kishim viktima, pat\u00ebm pamje filmike q\u00eb u transmetuan. Nd\u00ebrkoh\u00eb ishte mbaruar k\u00ebqyrja e vendit t\u00eb ngjarjes jasht\u00eb kryeministris\u00eb dhe nuk u gjet asnj\u00eb g\u00ebzhoj\u00eb. Dmth nuk ishte p\u00ebrdorur asnj\u00eb arm\u00eb nga protestuesit. Prokuror\u00ebt konstatuan ushtar\u00eb t\u00eb gard\u00ebs duke mbledhur g\u00ebzhoja, dmth refuzim t\u00eb gard\u00ebs p\u00ebr t\u00eb bashk\u00ebpunuar. Pam\u00eb q\u00eb kishte tendenc\u00eb p\u00ebr t\u00eb manipuluar hetimin.<\/p>\n<p>Arsyetimi q\u00eb b\u00ebm\u00eb ishte i till\u00eb. Kush ka qen\u00eb nga Garda brenda kryeministris\u00eb dhe pam\u00eb q\u00eb k\u00ebta individ\u00eb ishin t\u00eb dislokuar aty brenda. Ne nuk e dinim kush kishte q\u00eblluar. Por pam\u00eb q\u00eb ata individ\u00eb po kontrollonin situat\u00ebn at\u00eb dit\u00eb. Duke pasur dyshimet, ne e pam\u00eb t\u00eb arsyeshme t\u00eb pyesnim t\u00eb gjasht\u00eb komandant\u00ebve menj\u00ebher\u00eb, pa u dh\u00ebn\u00eb mund\u00ebsin\u00eb t\u00eb p\u00ebrpunonin nj\u00eb strategji, n\u00eb m\u00ebnyr\u00eb q\u00eb t\u00eb p\u00ebrfitonim nj\u00eb rr\u00ebfim origjinal. Kjo \u00ebsht\u00eb ajo ngjarje q\u00eb do l\u00ebr\u00eb gjurm\u00eb. Q\u00ebllimi ishte q\u00eb t\u00eb gjasht\u00eb personat t\u00eb pyeteshin menj\u00ebher\u00eb, pa u l\u00ebn\u00eb mund\u00ebsin\u00eb q\u00eb t\u00eb krijonin nj\u00eb version t\u00eb tyrin larg t\u00eb v\u00ebrtet\u00ebs.<\/p>\n<p>Urdhrat e ndalimit jan\u00eb n\u00eb kushte emergjence. Prokuroria p\u00ebrdor shpesh n\u00eb rutin\u00eb urdhrat e ndalimit. Kjo k\u00ebrkon t\u00eb ket\u00eb dyshim, arsye q\u00eb ndoshta mund t\u00eb largohet dhe t\u00eb jet\u00eb nj\u00eb vep\u00ebr q\u00eb d\u00ebnohet me m\u00eb shum\u00eb se dy vjet.<\/p>\n<p><strong>A kishte t\u00eb drejt\u00eb kjo mazhoranc\u00eb t\u00eb ishte skeptike ndaj jush pasi Drejtori i Policis\u00eb u tha q\u00eb urdh\u00ebr-ndalimet kishin nj\u00eb lapsus dhe Rama tha po k\u00ebt\u00eb gj\u00eb n\u00eb konferenc\u00eb p\u00ebr shtyp?<\/strong><\/p>\n<p>I jam rikthyer deklarat\u00ebs s\u00eb zotit Rama. Urdhrat e ndalimit jan\u00eb dor\u00ebzuar n\u00eb gjasht\u00eb t\u00eb m\u00ebngjesit n\u00eb Drejtorin\u00eb e Policis\u00eb. N\u00eb or\u00ebn shtat\u00eb t\u00eb m\u00ebngjesit drejtori i kabinetit t\u00eb zotit Burgaj i ka telefonuar z\u00ebvend\u00ebsprokurorit t\u00eb Tiran\u00ebs dhe i ka th\u00ebn\u00eb se urdh\u00ebr-ndalimet kan\u00eb nj\u00eb lapsus, por nuk ishte fondamental. Un\u00eb nuk di rast tjet\u00ebr kur urdhrat e prokurorit nuk zbatohen. Kjo \u00ebsht\u00eb ngjarje e jasht\u00ebzakonshme dhe natyrisht ka jehon\u00eb. Kjo l\u00eb gjurm\u00eb. Pas k\u00ebsaj bisede, un\u00eb kam folur me zotin Burgaj.<\/p>\n<p>Dhe disa koh\u00eb m\u00eb pas ka dal\u00eb zoti Rama. Ka qen\u00eb nj\u00eb \u00e7\u00ebshtje q\u00eb \u00ebsht\u00eb diskutuar gjith\u00eb dit\u00ebn mes prokuroris\u00eb dhe policis\u00eb. Fjala lapsus \u00ebsht\u00eb p\u00ebrmendur q\u00eb n\u00eb m\u00ebngjes. Lapsusi ka qen\u00eb motivi i p\u00ebrdorur p\u00ebr mosekzekutimin e urdhrave. Pse t\u00eb mos e nxirrte policia di\u00e7ka t\u00eb till\u00eb? Un\u00eb them q\u00eb kjo nuk ka dal\u00eb nga biseda ime, mund t\u00eb ket\u00eb dal\u00eb edhe nga prokuroria dhe nga policia.<\/p>\n<p>Me zotin Rama nuk kam folur kurr\u00eb n\u00eb jet\u00ebn time n\u00eb telefon.<\/p>\n<p><strong>A keni biseduar me presidentin?<\/strong><\/p>\n<p>Kam komunikuar me presidentin, nuk ka qen\u00eb nj\u00eb komunikim aq i shpesht\u00eb sa mendoni. Ka qen\u00eb nj\u00eb komunikim informues. Zoti Topi ka k\u00ebrkuar p\u00ebrkushtim nga ana e prokuroris\u00eb. Ka qen\u00eb krejt institucionale.<\/p>\n<p><strong>A mendon se nj\u00eb grup protestuesish kishte axhend\u00eb tjet\u00ebr?<\/strong><\/p>\n<p>Kjo \u00ebsht\u00eb nj\u00eb \u00e7\u00ebshtje q\u00eb po e hetojm\u00eb.<\/p>\n<p><strong>Berisha ka th\u00ebn\u00eb se prokuror\u00ebt kan\u00eb th\u00ebn\u00eb se do i b\u00ebjm\u00eb rreshtore kryeministrit\u2026<\/strong><\/p>\n<p>Personalisht nuk i nd\u00ebrtoj marr\u00ebdh\u00ebniet me k\u00ebto raporte, i tha atij, i tha k\u00ebt\u00eb. Un\u00eb do hyja n\u00eb diskutim n\u00ebse do kishte di\u00e7ka konkrete.<\/p>\n<p><strong>A ka insistuar ambasadori amerikan m\u00eb shum\u00eb p\u00ebr k\u00ebt\u00eb hetim?<\/strong><\/p>\n<p>Ambasadori dhe forcat e ICITAP dhe OPDAT kan\u00eb tentuar q\u00eb t\u00eb gjejn\u00eb nj\u00eb zgjidhje p\u00ebr urdhrat e ndalimit sepse u b\u00eb nj\u00eb rast i r\u00ebnd\u00eb.<\/p>\n<p>P\u00ebrgjegj\u00ebsia p\u00ebr hetimin ka qen\u00eb e jona. Kemi qen\u00eb t\u00eb gjith\u00eb t\u00eb nd\u00ebrgjegjsh\u00ebm p\u00ebr pun\u00ebn.<\/p>\n<p><strong>Pse p\u00ebrkojn\u00eb t\u00eb gjitha ngritjet e akuzave me ngjarje politike?<\/strong><\/p>\n<p>T\u00eb gjitha k\u00ebto raste lidhen me afatin e hetimit. Duke iu referuar rastit Basha, ne jemi shum\u00eb t\u00eb kujdessh\u00ebm p\u00ebr t\u00eb mos zgjatur afatet se mund t\u00eb na shkat\u00ebrrohet e gjith\u00eb \u00e7\u00ebshtja.<\/p>\n<p>P\u00ebr \u00e7\u00ebshtjen Meta jemi s\u00ebrish n\u00eb t\u00eb nj\u00ebjtin argument. Rasti Meta \u00ebsht\u00eb regjistrur m\u00eb 9 shkurt. Afati i hetimit ishte deri m\u00eb 9 maj, pra tre mujor. N\u00ebse zgjatej hetimi, Meta mund t\u00eb na e mbyllte \u00e7\u00ebshtjen. Nd\u00ebrkoh\u00eb q\u00eb Meta deklaronte se \u00e7\u00ebshtja po zvarritej. Ishte nj\u00eb predispozit\u00eb e qart\u00eb p\u00ebr t\u00eb th\u00ebn\u00eb se \u00e7\u00ebshtja nuk mund t\u00eb zgjatet. M\u00eb 19 prill \u00ebsht\u00eb kthyer p\u00ebrgjigja e dyt\u00eb e ekspertit britanik.<\/p>\n<p>M\u00eb 29 prill \u00ebsht\u00eb thirrur Meta p\u00ebr t\u2019i komunikuar p\u00ebrgjigjet e ekspertimit. Meta tha se ishte e pamundur. At\u00ebher\u00eb i tham\u00eb p\u00ebr dat\u00ebn 5. Ai s\u00ebrish tha se nuk vinte. P\u00ebr k\u00ebt\u00eb arsye e kemi thirrur Met\u00ebn me dat\u00ebn 9. E kemi thirrur kur shqiptar\u00ebt kishin votuar t\u00eb gjith\u00eb. Ne nuk mund t\u00eb k\u00ebrkonim zgjatje afati sepse Meta kishte koh\u00eb q\u00eb ankohej.<\/p>\n<p><strong>Fshirja e serverit u konstatua nga ju apo FBI?<\/strong><\/p>\n<p>U konstatua fillimisht nga laboratori i Ministris\u00eb s\u00eb Brendshme. Ne e d\u00ebrguam n\u00eb FBI se mund t\u00eb rikuperoheshin pamjet. Ato mund t\u00eb cil\u00ebsoheshin shum\u00eb t\u00eb vlefshme sepse jam\u00eb pamje nga brenda. Por pamjet nuk u rikuperuan.<\/p>\n<p><strong>Kryeministria thot\u00eb se u ka informuar n\u00eb mars p\u00ebr riformatimin e serverit&#8230;<\/strong><\/p>\n<p>N\u00eb muajin mars ka ardhur nj\u00eb shkres\u00eb ku informohemi p\u00ebr nj\u00eb auditim q\u00eb i ishte b\u00ebr\u00eb sistemit t\u00eb kamerave nga nj\u00eb kompani. N\u00eb shkres\u00ebn e auditimit thuhet se sistemi i kamerave ka qen\u00eb n\u00eb pun\u00eb m\u00eb 21 janar dhe s\u00eb dyti thuhet se \u00ebsht\u00eb zbuluar nj\u00eb pamje nga nj\u00eb kamera tjet\u00ebr, sepse na ishin sjell\u00eb pamjet e nj\u00eb kamera dhe n\u00eb shkres\u00eb flitet p\u00ebr formatim. Por jan\u00eb b\u00ebr\u00eb dy formatime m\u00eb 21 janar. Shkresa e kompanis\u00eb TIS konfirmon formatimin e b\u00ebr\u00eb n\u00eb or\u00ebn 12:00, q\u00eb serveri t\u00eb ishte bosh dhe t\u00eb regjistronte sa m\u00eb shum\u00eb pamje nga protesta. Por nuk konfirmohet formatimi i mesnat\u00ebs. Ky person q\u00eb k\u00ebrkojm\u00eb t\u00eb burgoset merret me serverin dhe ai pranon vet\u00eb se ka b\u00ebr\u00eb formatimin e drek\u00ebs duke th\u00ebn\u00eb se duhej t\u00eb ishte bosh q\u00eb t\u00eb kishte sa m\u00eb shum\u00eb pamje. Por nuk pranon formatimin e dark\u00ebs. Garda p\u00ebrgjigjet p\u00ebr kamerat, por ne po flasim p\u00ebr serverin. P\u00ebrgjegj\u00ebsi p\u00ebr serverin \u00ebsht\u00eb ai individ (Armando Kasaj).<\/p>\n<p><strong>A kan\u00eb qen\u00eb vrasje t\u00eb detyr\u00ebs nga k\u00ebta persona apo vrasje me dashje?<\/strong><\/p>\n<p>Ne kemi bindjen se jan\u00eb vrasje me dashje. Kemi konsultuar ligjet p\u00ebr gard\u00ebn, p\u00ebr arm\u00ebt e zjarrit. Rregulli \u00ebsht\u00eb se n\u00eb rast se tubimet b\u00ebhen t\u00eb kundraligjshme, parimi \u00ebsht\u00eb se duhet b\u00ebr\u00eb minimumi i forc\u00ebs. Ne kemi par\u00eb nga pamjet filmike dhe nga vendi ku jan\u00eb gjetur k\u00ebta viktima, ata nuk ishin duke sulmuar kryeministrin\u00eb. Ata ishin jasht\u00eb dhe jan\u00eb q\u00eblluar.<\/p>\n<p>Prendi ka vrar\u00eb n\u00eb m\u00ebnyr\u00eb t\u00eb rrezikshme, sepse ka q\u00eblluar n\u00eb turm\u00eb. N\u00eb rast se edhe turma tenton t\u00eb hyj\u00eb, ti duhet t\u00eb identifikosh agresorin e v\u00ebrtet\u00eb.<\/p>\n<p><strong>Mendohet se plumbat q\u00eb kan\u00eb goditur viktimat jan\u00eb rikoshet. A e keni marr\u00eb parasysh k\u00ebt\u00eb?<\/strong><\/p>\n<p>N\u00eb dijenin\u00eb time \u00ebsht\u00eb ngritur ky pretendim p\u00ebr Ziver Veizin. P\u00ebr at\u00eb \u00ebsht\u00eb ngritur ky version. Ne ia kemi shtruar k\u00ebt\u00eb pyetje laboratorit t\u00eb FBI. Ata thon\u00eb se nuk ka shenja d\u00ebmtimi, duke p\u00ebrjashtuar rikoshetin. P\u00ebr viktimat e tjera nuk \u00ebsht\u00eb ngritur kjo \u00e7\u00ebshtje.<\/p>\n<p><strong>Berisha ka th\u00ebn\u00eb q\u00eb ju jeni p\u00ebr tu hetuar vet\u00eb. Cili \u00ebsht\u00eb mendimi juaj?<\/strong><\/p>\n<p>Un\u00eb e shoh at\u00eb si nj\u00eb presion p\u00ebr hetimin. Por gjithashtu m\u00eb duhet t\u00eb them se frik\u00eb kam vet\u00ebm nga ligji. I b\u00ebj gjithmon\u00eb llogarit\u00eb me ligjin kur b\u00ebj di\u00e7ka. Them se p\u00ebrderisa nuk e kam shkelur at\u00eb, nuk kam frik\u00eb.<\/p>\n<p><strong>P\u00ebrse nuk e thirrni zotin Rama p\u00ebr k\u00ebt\u00eb \u00e7\u00ebshtje?<\/strong><\/p>\n<p>Nuk e th\u00ebrrasim zotin Rama pse do ai, por kur t\u00eb jet\u00eb e nevojshme. Po t\u00eb doj\u00eb t\u00eb ofrohet dhe t\u00eb deklaroj\u00eb fakte ose t\u00eb dh\u00ebna q\u00eb ka p\u00ebr nj\u00eb vep\u00ebr penale.<\/p>\n","protected":false},"excerpt":{"rendered":"<p>TemA, 26 Janar 2012 Kryeprokurorja, Ina Rama, flet n\u00eb emisionin \u201cOpinion\u201d n\u00eb TV Klan. Ajo thot\u00eb se u k\u00ebrkua ekspertiza e FBI pasi nuk mund t\u00eb kishte besim tek laborator\u00ebt e Ministris\u00eb s\u00eb Brendshme. Rama thot\u00eb se ishte policia q\u00eb hetoi p\u00ebr organizator\u00ebt e protest\u00ebs dhe nuk k\u00ebrkoi asnj\u00eb mas\u00eb n\u00eb raportin e saj. Sipas [&hellip;]<\/p>\n","protected":false},"author":1,"featured_media":0,"comment_status":"open","ping_status":"closed","sticky":false,"template":"","format":"standard","meta":{"footnotes":""},"categories":[2,4],"tags":[],"class_list":{"0":"post-1385","1":"post","2":"type-post","3":"status-publish","4":"format-standard","6":"category-artikuj","7":"category-intervista"},"yoast_head":"<!-- This site is optimized with the Yoast SEO plugin v27.4 - https:\/\/yoast.com\/product\/yoast-seo-wordpress\/ -->\n<title>Ina Rama: Garda nisi t\u00eb manipulonte provat. Ishin vrasje me dashje, nuk ishin plumba rikoshet - FjALA e LIR\u00cb - Arkivi<\/title>\n<meta name=\"robots\" content=\"index, follow, max-snippet:-1, max-image-preview:large, max-video-preview:-1\" \/>\n<link rel=\"canonical\" href=\"https:\/\/fjala.info\/2009-2015\/ina-rama-garda-nisi-te-manipulonte-provat-ishin-vrasje-me-dashje-nuk-ishin-plumba-rikoshet\/\" \/>\n<meta property=\"og:locale\" content=\"sq_AL\" \/>\n<meta property=\"og:type\" content=\"article\" \/>\n<meta property=\"og:title\" content=\"Ina Rama: Garda nisi t\u00eb manipulonte provat. Ishin vrasje me dashje, nuk ishin plumba rikoshet - FjALA e LIR\u00cb - Arkivi\" \/>\n<meta property=\"og:description\" content=\"TemA, 26 Janar 2012 Kryeprokurorja, Ina Rama, flet n\u00eb emisionin \u201cOpinion\u201d n\u00eb TV Klan. Ajo thot\u00eb se u k\u00ebrkua ekspertiza e FBI pasi nuk mund t\u00eb kishte besim tek laborator\u00ebt e Ministris\u00eb s\u00eb Brendshme. Rama thot\u00eb se ishte policia q\u00eb hetoi p\u00ebr organizator\u00ebt e protest\u00ebs dhe nuk k\u00ebrkoi asnj\u00eb mas\u00eb n\u00eb raportin e saj. Sipas [&hellip;]\" \/>\n<meta property=\"og:url\" content=\"https:\/\/fjala.info\/2009-2015\/ina-rama-garda-nisi-te-manipulonte-provat-ishin-vrasje-me-dashje-nuk-ishin-plumba-rikoshet\/\" \/>\n<meta property=\"og:site_name\" content=\"FjALA e LIR\u00cb - Arkivi\" \/>\n<meta property=\"article:published_time\" content=\"2012-01-27T09:32:53+00:00\" \/>\n<meta property=\"og:image\" content=\"http:\/\/www.shkoder.net\/2012\/ina_rama1.jpg\" \/>\n<meta name=\"author\" content=\"admin\" \/>\n<meta name=\"twitter:card\" content=\"summary_large_image\" \/>\n<meta name=\"twitter:label1\" content=\"Written by\" \/>\n\t<meta name=\"twitter:data1\" content=\"admin\" \/>\n\t<meta name=\"twitter:label2\" content=\"Est. reading time\" \/>\n\t<meta name=\"twitter:data2\" content=\"12 minutes\" \/>\n<script type=\"application\/ld+json\" class=\"yoast-schema-graph\">{\"@context\":\"https:\\\/\\\/schema.org\",\"@graph\":[{\"@type\":\"Article\",\"@id\":\"https:\\\/\\\/fjala.info\\\/2009-2015\\\/ina-rama-garda-nisi-te-manipulonte-provat-ishin-vrasje-me-dashje-nuk-ishin-plumba-rikoshet\\\/#article\",\"isPartOf\":{\"@id\":\"https:\\\/\\\/fjala.info\\\/2009-2015\\\/ina-rama-garda-nisi-te-manipulonte-provat-ishin-vrasje-me-dashje-nuk-ishin-plumba-rikoshet\\\/\"},\"author\":{\"name\":\"admin\",\"@id\":\"https:\\\/\\\/fjala.info\\\/2009-2015\\\/#\\\/schema\\\/person\\\/3aa1163ef05469c496fc94e77611ada2\"},\"headline\":\"Ina Rama: Garda nisi t\u00eb manipulonte provat. Ishin vrasje me dashje, nuk ishin plumba rikoshet\",\"datePublished\":\"2012-01-27T09:32:53+00:00\",\"mainEntityOfPage\":{\"@id\":\"https:\\\/\\\/fjala.info\\\/2009-2015\\\/ina-rama-garda-nisi-te-manipulonte-provat-ishin-vrasje-me-dashje-nuk-ishin-plumba-rikoshet\\\/\"},\"wordCount\":2373,\"commentCount\":0,\"publisher\":{\"@id\":\"https:\\\/\\\/fjala.info\\\/2009-2015\\\/#organization\"},\"image\":{\"@id\":\"https:\\\/\\\/fjala.info\\\/2009-2015\\\/ina-rama-garda-nisi-te-manipulonte-provat-ishin-vrasje-me-dashje-nuk-ishin-plumba-rikoshet\\\/#primaryimage\"},\"thumbnailUrl\":\"http:\\\/\\\/www.shkoder.net\\\/2012\\\/ina_rama1.jpg\",\"articleSection\":[\"Artikuj\",\"Intervista\"],\"inLanguage\":\"sq-AL\",\"potentialAction\":[{\"@type\":\"CommentAction\",\"name\":\"Comment\",\"target\":[\"https:\\\/\\\/fjala.info\\\/2009-2015\\\/ina-rama-garda-nisi-te-manipulonte-provat-ishin-vrasje-me-dashje-nuk-ishin-plumba-rikoshet\\\/#respond\"]}]},{\"@type\":\"WebPage\",\"@id\":\"https:\\\/\\\/fjala.info\\\/2009-2015\\\/ina-rama-garda-nisi-te-manipulonte-provat-ishin-vrasje-me-dashje-nuk-ishin-plumba-rikoshet\\\/\",\"url\":\"https:\\\/\\\/fjala.info\\\/2009-2015\\\/ina-rama-garda-nisi-te-manipulonte-provat-ishin-vrasje-me-dashje-nuk-ishin-plumba-rikoshet\\\/\",\"name\":\"Ina Rama: Garda nisi t\u00eb manipulonte provat. Ishin vrasje me dashje, nuk ishin plumba rikoshet - FjALA e LIR\u00cb - Arkivi\",\"isPartOf\":{\"@id\":\"https:\\\/\\\/fjala.info\\\/2009-2015\\\/#website\"},\"primaryImageOfPage\":{\"@id\":\"https:\\\/\\\/fjala.info\\\/2009-2015\\\/ina-rama-garda-nisi-te-manipulonte-provat-ishin-vrasje-me-dashje-nuk-ishin-plumba-rikoshet\\\/#primaryimage\"},\"image\":{\"@id\":\"https:\\\/\\\/fjala.info\\\/2009-2015\\\/ina-rama-garda-nisi-te-manipulonte-provat-ishin-vrasje-me-dashje-nuk-ishin-plumba-rikoshet\\\/#primaryimage\"},\"thumbnailUrl\":\"http:\\\/\\\/www.shkoder.net\\\/2012\\\/ina_rama1.jpg\",\"datePublished\":\"2012-01-27T09:32:53+00:00\",\"breadcrumb\":{\"@id\":\"https:\\\/\\\/fjala.info\\\/2009-2015\\\/ina-rama-garda-nisi-te-manipulonte-provat-ishin-vrasje-me-dashje-nuk-ishin-plumba-rikoshet\\\/#breadcrumb\"},\"inLanguage\":\"sq-AL\",\"potentialAction\":[{\"@type\":\"ReadAction\",\"target\":[\"https:\\\/\\\/fjala.info\\\/2009-2015\\\/ina-rama-garda-nisi-te-manipulonte-provat-ishin-vrasje-me-dashje-nuk-ishin-plumba-rikoshet\\\/\"]}]},{\"@type\":\"ImageObject\",\"inLanguage\":\"sq-AL\",\"@id\":\"https:\\\/\\\/fjala.info\\\/2009-2015\\\/ina-rama-garda-nisi-te-manipulonte-provat-ishin-vrasje-me-dashje-nuk-ishin-plumba-rikoshet\\\/#primaryimage\",\"url\":\"http:\\\/\\\/www.shkoder.net\\\/2012\\\/ina_rama1.jpg\",\"contentUrl\":\"http:\\\/\\\/www.shkoder.net\\\/2012\\\/ina_rama1.jpg\"},{\"@type\":\"BreadcrumbList\",\"@id\":\"https:\\\/\\\/fjala.info\\\/2009-2015\\\/ina-rama-garda-nisi-te-manipulonte-provat-ishin-vrasje-me-dashje-nuk-ishin-plumba-rikoshet\\\/#breadcrumb\",\"itemListElement\":[{\"@type\":\"ListItem\",\"position\":1,\"name\":\"Home\",\"item\":\"https:\\\/\\\/fjala.info\\\/2009-2015\\\/\"},{\"@type\":\"ListItem\",\"position\":2,\"name\":\"Ina Rama: Garda nisi t\u00eb manipulonte provat. Ishin vrasje me dashje, nuk ishin plumba rikoshet\"}]},{\"@type\":\"WebSite\",\"@id\":\"https:\\\/\\\/fjala.info\\\/2009-2015\\\/#website\",\"url\":\"https:\\\/\\\/fjala.info\\\/2009-2015\\\/\",\"name\":\"FjALA e LIR\u00cb - Arkivi\",\"description\":\"Arkivi 2009-2015\",\"publisher\":{\"@id\":\"https:\\\/\\\/fjala.info\\\/2009-2015\\\/#organization\"},\"potentialAction\":[{\"@type\":\"SearchAction\",\"target\":{\"@type\":\"EntryPoint\",\"urlTemplate\":\"https:\\\/\\\/fjala.info\\\/2009-2015\\\/?s={search_term_string}\"},\"query-input\":{\"@type\":\"PropertyValueSpecification\",\"valueRequired\":true,\"valueName\":\"search_term_string\"}}],\"inLanguage\":\"sq-AL\"},{\"@type\":\"Organization\",\"@id\":\"https:\\\/\\\/fjala.info\\\/2009-2015\\\/#organization\",\"name\":\"FjALA e LIR\u00cb - Arkivi\",\"url\":\"https:\\\/\\\/fjala.info\\\/2009-2015\\\/\",\"logo\":{\"@type\":\"ImageObject\",\"inLanguage\":\"sq-AL\",\"@id\":\"https:\\\/\\\/fjala.info\\\/2009-2015\\\/#\\\/schema\\\/logo\\\/image\\\/\",\"url\":\"\",\"contentUrl\":\"\",\"caption\":\"FjALA e LIR\u00cb - Arkivi\"},\"image\":{\"@id\":\"https:\\\/\\\/fjala.info\\\/2009-2015\\\/#\\\/schema\\\/logo\\\/image\\\/\"}},{\"@type\":\"Person\",\"@id\":\"https:\\\/\\\/fjala.info\\\/2009-2015\\\/#\\\/schema\\\/person\\\/3aa1163ef05469c496fc94e77611ada2\",\"name\":\"admin\",\"image\":{\"@type\":\"ImageObject\",\"inLanguage\":\"sq-AL\",\"@id\":\"https:\\\/\\\/fjala.info\\\/2009-2015\\\/wp-content\\\/uploads\\\/2012\\\/02\\\/arben_cokaj-120x150.jpg\",\"url\":\"https:\\\/\\\/fjala.info\\\/2009-2015\\\/wp-content\\\/uploads\\\/2012\\\/02\\\/arben_cokaj-120x150.jpg\",\"contentUrl\":\"https:\\\/\\\/fjala.info\\\/2009-2015\\\/wp-content\\\/uploads\\\/2012\\\/02\\\/arben_cokaj-120x150.jpg\",\"caption\":\"admin\"},\"description\":\"Admin, Fjala e Lir\u00eb\",\"sameAs\":[\"https:\\\/\\\/fjala.info\\\/\"],\"url\":\"https:\\\/\\\/fjala.info\\\/2009-2015\\\/author\\\/admin\\\/\"}]}<\/script>\n<!-- \/ Yoast SEO plugin. -->","yoast_head_json":{"title":"Ina Rama: Garda nisi t\u00eb manipulonte provat. Ishin vrasje me dashje, nuk ishin plumba rikoshet - FjALA e LIR\u00cb - Arkivi","robots":{"index":"index","follow":"follow","max-snippet":"max-snippet:-1","max-image-preview":"max-image-preview:large","max-video-preview":"max-video-preview:-1"},"canonical":"https:\/\/fjala.info\/2009-2015\/ina-rama-garda-nisi-te-manipulonte-provat-ishin-vrasje-me-dashje-nuk-ishin-plumba-rikoshet\/","og_locale":"sq_AL","og_type":"article","og_title":"Ina Rama: Garda nisi t\u00eb manipulonte provat. Ishin vrasje me dashje, nuk ishin plumba rikoshet - FjALA e LIR\u00cb - Arkivi","og_description":"TemA, 26 Janar 2012 Kryeprokurorja, Ina Rama, flet n\u00eb emisionin \u201cOpinion\u201d n\u00eb TV Klan. Ajo thot\u00eb se u k\u00ebrkua ekspertiza e FBI pasi nuk mund t\u00eb kishte besim tek laborator\u00ebt e Ministris\u00eb s\u00eb Brendshme. Rama thot\u00eb se ishte policia q\u00eb hetoi p\u00ebr organizator\u00ebt e protest\u00ebs dhe nuk k\u00ebrkoi asnj\u00eb mas\u00eb n\u00eb raportin e saj. Sipas [&hellip;]","og_url":"https:\/\/fjala.info\/2009-2015\/ina-rama-garda-nisi-te-manipulonte-provat-ishin-vrasje-me-dashje-nuk-ishin-plumba-rikoshet\/","og_site_name":"FjALA e LIR\u00cb - Arkivi","article_published_time":"2012-01-27T09:32:53+00:00","og_image":[{"url":"http:\/\/www.shkoder.net\/2012\/ina_rama1.jpg","type":"","width":"","height":""}],"author":"admin","twitter_card":"summary_large_image","twitter_misc":{"Written by":"admin","Est. reading time":"12 minutes"},"schema":{"@context":"https:\/\/schema.org","@graph":[{"@type":"Article","@id":"https:\/\/fjala.info\/2009-2015\/ina-rama-garda-nisi-te-manipulonte-provat-ishin-vrasje-me-dashje-nuk-ishin-plumba-rikoshet\/#article","isPartOf":{"@id":"https:\/\/fjala.info\/2009-2015\/ina-rama-garda-nisi-te-manipulonte-provat-ishin-vrasje-me-dashje-nuk-ishin-plumba-rikoshet\/"},"author":{"name":"admin","@id":"https:\/\/fjala.info\/2009-2015\/#\/schema\/person\/3aa1163ef05469c496fc94e77611ada2"},"headline":"Ina Rama: Garda nisi t\u00eb manipulonte provat. Ishin vrasje me dashje, nuk ishin plumba rikoshet","datePublished":"2012-01-27T09:32:53+00:00","mainEntityOfPage":{"@id":"https:\/\/fjala.info\/2009-2015\/ina-rama-garda-nisi-te-manipulonte-provat-ishin-vrasje-me-dashje-nuk-ishin-plumba-rikoshet\/"},"wordCount":2373,"commentCount":0,"publisher":{"@id":"https:\/\/fjala.info\/2009-2015\/#organization"},"image":{"@id":"https:\/\/fjala.info\/2009-2015\/ina-rama-garda-nisi-te-manipulonte-provat-ishin-vrasje-me-dashje-nuk-ishin-plumba-rikoshet\/#primaryimage"},"thumbnailUrl":"http:\/\/www.shkoder.net\/2012\/ina_rama1.jpg","articleSection":["Artikuj","Intervista"],"inLanguage":"sq-AL","potentialAction":[{"@type":"CommentAction","name":"Comment","target":["https:\/\/fjala.info\/2009-2015\/ina-rama-garda-nisi-te-manipulonte-provat-ishin-vrasje-me-dashje-nuk-ishin-plumba-rikoshet\/#respond"]}]},{"@type":"WebPage","@id":"https:\/\/fjala.info\/2009-2015\/ina-rama-garda-nisi-te-manipulonte-provat-ishin-vrasje-me-dashje-nuk-ishin-plumba-rikoshet\/","url":"https:\/\/fjala.info\/2009-2015\/ina-rama-garda-nisi-te-manipulonte-provat-ishin-vrasje-me-dashje-nuk-ishin-plumba-rikoshet\/","name":"Ina Rama: Garda nisi t\u00eb manipulonte provat. Ishin vrasje me dashje, nuk ishin plumba rikoshet - FjALA e LIR\u00cb - Arkivi","isPartOf":{"@id":"https:\/\/fjala.info\/2009-2015\/#website"},"primaryImageOfPage":{"@id":"https:\/\/fjala.info\/2009-2015\/ina-rama-garda-nisi-te-manipulonte-provat-ishin-vrasje-me-dashje-nuk-ishin-plumba-rikoshet\/#primaryimage"},"image":{"@id":"https:\/\/fjala.info\/2009-2015\/ina-rama-garda-nisi-te-manipulonte-provat-ishin-vrasje-me-dashje-nuk-ishin-plumba-rikoshet\/#primaryimage"},"thumbnailUrl":"http:\/\/www.shkoder.net\/2012\/ina_rama1.jpg","datePublished":"2012-01-27T09:32:53+00:00","breadcrumb":{"@id":"https:\/\/fjala.info\/2009-2015\/ina-rama-garda-nisi-te-manipulonte-provat-ishin-vrasje-me-dashje-nuk-ishin-plumba-rikoshet\/#breadcrumb"},"inLanguage":"sq-AL","potentialAction":[{"@type":"ReadAction","target":["https:\/\/fjala.info\/2009-2015\/ina-rama-garda-nisi-te-manipulonte-provat-ishin-vrasje-me-dashje-nuk-ishin-plumba-rikoshet\/"]}]},{"@type":"ImageObject","inLanguage":"sq-AL","@id":"https:\/\/fjala.info\/2009-2015\/ina-rama-garda-nisi-te-manipulonte-provat-ishin-vrasje-me-dashje-nuk-ishin-plumba-rikoshet\/#primaryimage","url":"http:\/\/www.shkoder.net\/2012\/ina_rama1.jpg","contentUrl":"http:\/\/www.shkoder.net\/2012\/ina_rama1.jpg"},{"@type":"BreadcrumbList","@id":"https:\/\/fjala.info\/2009-2015\/ina-rama-garda-nisi-te-manipulonte-provat-ishin-vrasje-me-dashje-nuk-ishin-plumba-rikoshet\/#breadcrumb","itemListElement":[{"@type":"ListItem","position":1,"name":"Home","item":"https:\/\/fjala.info\/2009-2015\/"},{"@type":"ListItem","position":2,"name":"Ina Rama: Garda nisi t\u00eb manipulonte provat. Ishin vrasje me dashje, nuk ishin plumba rikoshet"}]},{"@type":"WebSite","@id":"https:\/\/fjala.info\/2009-2015\/#website","url":"https:\/\/fjala.info\/2009-2015\/","name":"FjALA e LIR\u00cb - Arkivi","description":"Arkivi 2009-2015","publisher":{"@id":"https:\/\/fjala.info\/2009-2015\/#organization"},"potentialAction":[{"@type":"SearchAction","target":{"@type":"EntryPoint","urlTemplate":"https:\/\/fjala.info\/2009-2015\/?s={search_term_string}"},"query-input":{"@type":"PropertyValueSpecification","valueRequired":true,"valueName":"search_term_string"}}],"inLanguage":"sq-AL"},{"@type":"Organization","@id":"https:\/\/fjala.info\/2009-2015\/#organization","name":"FjALA e LIR\u00cb - Arkivi","url":"https:\/\/fjala.info\/2009-2015\/","logo":{"@type":"ImageObject","inLanguage":"sq-AL","@id":"https:\/\/fjala.info\/2009-2015\/#\/schema\/logo\/image\/","url":"","contentUrl":"","caption":"FjALA e LIR\u00cb - Arkivi"},"image":{"@id":"https:\/\/fjala.info\/2009-2015\/#\/schema\/logo\/image\/"}},{"@type":"Person","@id":"https:\/\/fjala.info\/2009-2015\/#\/schema\/person\/3aa1163ef05469c496fc94e77611ada2","name":"admin","image":{"@type":"ImageObject","inLanguage":"sq-AL","@id":"https:\/\/fjala.info\/2009-2015\/wp-content\/uploads\/2012\/02\/arben_cokaj-120x150.jpg","url":"https:\/\/fjala.info\/2009-2015\/wp-content\/uploads\/2012\/02\/arben_cokaj-120x150.jpg","contentUrl":"https:\/\/fjala.info\/2009-2015\/wp-content\/uploads\/2012\/02\/arben_cokaj-120x150.jpg","caption":"admin"},"description":"Admin, Fjala e Lir\u00eb","sameAs":["https:\/\/fjala.info\/"],"url":"https:\/\/fjala.info\/2009-2015\/author\/admin\/"}]}},"_links":{"self":[{"href":"https:\/\/fjala.info\/2009-2015\/wp-json\/wp\/v2\/posts\/1385","targetHints":{"allow":["GET"]}}],"collection":[{"href":"https:\/\/fjala.info\/2009-2015\/wp-json\/wp\/v2\/posts"}],"about":[{"href":"https:\/\/fjala.info\/2009-2015\/wp-json\/wp\/v2\/types\/post"}],"author":[{"embeddable":true,"href":"https:\/\/fjala.info\/2009-2015\/wp-json\/wp\/v2\/users\/1"}],"replies":[{"embeddable":true,"href":"https:\/\/fjala.info\/2009-2015\/wp-json\/wp\/v2\/comments?post=1385"}],"version-history":[{"count":0,"href":"https:\/\/fjala.info\/2009-2015\/wp-json\/wp\/v2\/posts\/1385\/revisions"}],"wp:attachment":[{"href":"https:\/\/fjala.info\/2009-2015\/wp-json\/wp\/v2\/media?parent=1385"}],"wp:term":[{"taxonomy":"category","embeddable":true,"href":"https:\/\/fjala.info\/2009-2015\/wp-json\/wp\/v2\/categories?post=1385"},{"taxonomy":"post_tag","embeddable":true,"href":"https:\/\/fjala.info\/2009-2015\/wp-json\/wp\/v2\/tags?post=1385"}],"curies":[{"name":"wp","href":"https:\/\/api.w.org\/{rel}","templated":true}]}}