{"id":1383,"date":"2012-01-26T23:33:21","date_gmt":"2012-01-26T22:33:21","guid":{"rendered":"http:\/\/fjala.shkoder.net\/?p=1383"},"modified":"2012-01-26T23:33:21","modified_gmt":"2012-01-26T22:33:21","slug":"te-gjitha-pushtetet-sundimtarit","status":"publish","type":"post","link":"https:\/\/fjala.info\/2009-2015\/te-gjitha-pushtetet-sundimtarit\/","title":{"rendered":"T\u00eb gjitha pushtetet, sundimtarit!"},"content":{"rendered":"<p><img decoding=\"async\" class=\"alignright size-thumbnail wp-image-7236\" title=\"Sali Berisha\" src=\"http:\/\/www.shkoder.net\/2012\/sali_berisha.jpg\" alt=\"\" width=\"300\" \/> Nga: <strong>KI\u00c7O BLUSHI <\/strong><\/p>\n<p>Tash q\u00eb shyqyr Zotit (d.m.th Amerik\u00ebs!) na ndihmoi FBI-ja t\u00eb hetojm\u00eb e t\u00eb zbulojm\u00eb vrasjet q\u00eb u b\u00ebjn\u00eb shqiptar\u00ebt shqiptar\u00ebve, zyrtar\u00ebt votuesve, udh\u00ebheq\u00ebsit demokrat\u00eb qytetar\u00ebve demokrat\u00eb, duke perifrazuar parull\u00ebn e famshme &#8220;T\u00eb gjitha pushtetet, sovjet\u00ebve&#8221;, ose &#8220;Pushtetin e mor\u00ebm me gjak e me gjak mund ta dor\u00ebzojm\u00eb&#8221;,\u2026 nuk gaboj po t\u00eb them se sundimtar\u00ebt e sot\u00ebm, hapur e pa pik\u00eb droje po k\u00ebrkojn\u00eb (n\u00eb fakt, po rik\u00ebrkojn\u00eb) t\u00eb zbatohet e nj\u00ebjta maksim\u00eb staliniste, e trash\u00ebguar nga format e edukimit dhe e p\u00ebrdit\u00ebsuar jo pa sukses: T\u00eb gjitha pushtetet duhet t\u00eb vihen n\u00ebn hyqmin jo vet\u00ebm t\u00eb nj\u00eb partie, si dikur, po t\u00eb nj\u00eb udh\u00ebheq\u00ebsi, konkretisht t\u00eb Berish\u00ebs. Tanim\u00eb kjo direktiv\u00eb kanunore po shqiptohet hapur, si nj\u00eb atribut i padiskutuesh\u00ebm e normal i demokracis\u00eb funksionale (shqiptare).<\/p>\n<p>K\u00ebshtu, brenda nj\u00eb jave dy ish-ministra Drejt\u00ebsie t\u00eb telekomanduar dol\u00ebn n\u00ebp\u00ebr ekrane dhe deklaruan z\u00ebplot\u00eb, -nj\u00ebri p\u00ebr Presidentin Topi e tjetri p\u00ebr Spahiun e KLD-s\u00eb, (t\u00eb dy pl\u00ebngprish\u00ebs t\u00eb PD-s\u00eb), se kjo &#8220;mazhoranc\u00eb legjitime&#8221; paska t\u00eb drejt\u00eb ligjore e morale t\u00eb shkarkoj\u00eb\/em\u00ebroj\u00eb\/denigroj\u00eb\/posht\u00ebroj\u00eb\/kontrolloj\u00eb\/p\u00ebrgjoj\u00eb me ose pa komisione hetimore t\u00eb Kuvendit, cilindo nga krer\u00ebt e pushteteve t\u00eb pavarura q\u00eb nuk zbatojn\u00eb &#8220;programet e partis\u00eb&#8221;, (kupto: t\u00eb Berish\u00ebs), duke nisur q\u00eb nga Presidenti i Republik\u00ebs, gjykatat, KLSH, KLD, RTSH, KKKRT, agjencit\u00eb e privatizimeve, tenderat, financat etj\u2026p\u00ebr t\u00eb mbaruar me pastrueset e minibashkive. N\u00eb tehun e thik\u00ebs s\u00eb larjes s\u00eb hesapeve tash \u00ebsht\u00eb v\u00ebn\u00eb sidomos kryeprokurorja Ina Rama.<\/p>\n<p>Kjo sepse,- gjithnj\u00eb sipas t\u00eb nj\u00ebjt\u00ebve altoparlant\u00eb,- populli i pask\u00ebsh votuar, i ka mandatuar dhe ata\/k\u00ebta uzurpator\u00eb, me logjik\u00ebn e shumic\u00ebs, d.m.th t\u00eb fuqis\u00eb ndaj duhet t\u00eb &#8220;mbajn\u00eb p\u00ebrgjegj\u00ebsi&#8221; p\u00ebr vot\u00ebn q\u00eb u ka dh\u00ebn\u00eb populli q\u00eb i ka b\u00ebr\u00eb &#8220;mazhoranc\u00eb legjitime&#8221;\u2026 &#8220;P\u00ebrgjegj\u00ebsia&#8221; n\u00eb fakt nga e gjith\u00eb hierarkia shtet\u00ebrore duhet t\u00eb deshifrohet k\u00ebshtu: Kush del kund\u00ebr Berish\u00ebs \u00ebsht\u00eb armik, nd\u00ebrsa kush vret, vjedh, denigron, shpif, p\u00ebrbalt n\u00eb em\u00ebr t\u00eb tij e t\u00eb &#8220;mazhoranc\u00ebs legjitime&#8221;, ka t\u00eb drejt\u00eb, \u00ebsht\u00eb patriot, i ndersh\u00ebm dhe \u2026i papreksh\u00ebm. Kjo do t\u00eb thot\u00eb q\u00eb, edhe n\u00ebse me protesta &#8220;t\u00eb dhunshme&#8221; do t\u00eb k\u00ebrkohet rr\u00ebzimi i qeveris\u00eb &#8220;legjitime&#8221; (kupto: i Berish\u00ebs!), at\u00ebher\u00eb Garda ka t\u00eb drejt\u00eb &#8220;legjitime&#8221; t\u00eb t\u00eb vras\u00eb mu p\u00ebrpara kangjellave t\u00eb Kryeministris\u00eb!<\/p>\n<p>A nuk vepron k\u00ebsisoj \u00e7do qeveri pushtuese kund\u00ebr atyre q\u00eb k\u00ebrkojn\u00eb ta shporrin n\u00eb em\u00ebr t\u00eb liris\u00eb? A nuk vepruan k\u00ebshtu t\u00eb gjitha qeverit\u00eb pushtuese t\u00eb Gadafit, Mubarakut e Salehit, edhe pse flisnin nat\u00eb e dit\u00eb n\u00eb em\u00ebr t\u00eb nj\u00eb mazhorance t\u00eb presupozuar, t\u00eb cil\u00ebn ata dhe mercenar\u00ebt e tyre mediatik\u00eb ndryshe e quajn\u00eb &#8216;popull&#8217;? A nuk u b\u00ebn\u00eb k\u00ebta udh\u00ebheq\u00ebs vendor\u00eb, k\u00ebta superpatriot\u00eb, k\u00ebta prij\u00ebs legjendar\u00eb, t\u00eb cil\u00ebve u vete pas historia, m\u00eb t\u00eb urryer edhe se kolonizator\u00ebt e djesh\u00ebm? E pra, kur t\u00eb vret, t\u00eb vjedh, t\u00eb posht\u00ebron, t\u00eb shtyp, t\u00eb n\u00ebp\u00ebrk\u00ebmb i yti, ai t\u00eb cilin ti e ke votuar dhe nderuar, se ke shpresuar p\u00ebr m\u00eb mir\u00eb, qenka pa dyshim ku e ku m\u00eb e dhimbshme e m\u00eb e padurueshme se kur t\u00eb shtyp e t\u00eb shkel i huaji. K\u00ebt\u00eb m\u00ebsim-p\u00ebsim na dhuroi falas ky tranzicion i pafund!<\/p>\n<p>* * *<\/p>\n<p>N\u00eb t\u00eb gjitha regjimet autoritare gjenden p\u00ebrher\u00eb me shumic\u00eb mercenar\u00eb mediatik\u00eb e partiak\u00eb, t\u00eb cil\u00ebt jan\u00eb aq t\u00eb pagdhendur dhe arrogant\u00eb, sa nuk jan\u00eb t\u00eb aft\u00eb t\u00eb kuptojn\u00eb se nuk \u00ebsht\u00eb e kap\u00ebrdishme kollaj kur vet\u00ebdemaskohesh historikisht e publikisht p\u00ebr hir t\u00eb udh\u00ebheq\u00ebsit. Jo sepse nuk kan\u00eb aq tru, cip\u00eb t\u00eb ballit e turp, jo se jan\u00eb t\u00eb gjith\u00eb pa em\u00ebr e mbiem\u00ebr vetjak, q\u00eb t\u00eb sillen m\u00eb shum\u00eb si pushtues t\u00eb pushteteve se sa si p\u00ebrfaq\u00ebsues t\u00eb denj\u00eb, por ngaq\u00eb ngulmojn\u00eb t\u00eb b\u00ebjn\u00eb &#8220;pla\u00e7k\u00eb&#8221; sa m\u00eb shpejt e sa m\u00eb shum\u00eb, pranojn\u00eb t\u00eb b\u00ebhen vegla qorre apo pisqolla mediatike me popullin e vet.<\/p>\n<p>&#8220;Qeveria ime&#8221; dhe p\u00ebrfaq\u00ebsuesit e saj m\u00eb t\u00eb lart\u00eb jo vet\u00ebm n\u00eb G\u00ebrdec, n\u00eb faljen e detit Greqis\u00eb, m\u00eb 21 janar e t\u00ebhu jan\u00eb sjell\u00eb me popullin e vet si nj\u00eb qeveri e mir\u00ebfillt\u00eb pushtuese, e cila nuk ka as turp e as frik\u00eb nga nd\u00ebshkimi i nes\u00ebrm, le m\u00eb t\u00eb ndjej\u00eb ndonj\u00eb lloj p\u00ebrgjegj\u00ebsie, pasi, vini re, nuk le rast pa i dh\u00ebn\u00eb t\u00eb drejt\u00eb vetes me mjetet e propagand\u00ebs dhe t\u00eb dhun\u00ebs verbale q\u00eb t\u00eb mbuloj\u00eb me suksese virtuale fajet, m\u00ebkatet, paudh\u00ebsit\u00eb, mjerimin, vjedhjet, abuzimet, padrejt\u00ebsit\u00eb, shkeljet e ligjit dhe krimet e saj\u2026 T\u00eb gjith\u00eb pushtuesit, diktator\u00eb e demokrat\u00eb, jan\u00eb t\u00eb prirur t\u00eb besojn\u00eb verb\u00ebrisht te propaganda, iu p\u00eblqen ajo, sado e g\u00ebnjesht\u00ebrt qoft\u00eb e pavar\u00ebsisht n\u00ebse \u00ebsht\u00eb provuar me mij\u00ebra her\u00eb, se nga t\u00eb gjitha magjit\u00eb njer\u00ebzore propaganda e tepruar dhe mashtruese qeveritare b\u00ebn boomerang, kthehet leht\u00ebsisht dhe eg\u00ebrsisht kund\u00ebr t\u00eb zotit\u2026<\/p>\n<p>Q\u00ebndrimi ndaj pron\u00ebs dhe pasurive komb\u00ebtare, arroganca dhe pap\u00ebrgjegj\u00ebsia, p\u00ebr\u00e7arjet e mbjella e t\u00eb stimuluara pa reshtur n\u00eb k\u00ebto 21 vjet, mbetja e Shqip\u00ebris\u00eb e fundit n\u00eb proceset e integrimit, problemet e r\u00ebnda me Drejt\u00ebsin\u00eb, ringjallja e vet\u00ebgjyq\u00ebsis\u00eb dhe e Kanunit, hedhjet n\u00eb er\u00eb me tritol, vrasjet n\u00eb qend\u00ebr t\u00eb qyteteve, etj., etj., jan\u00eb ana m\u00eb e dukshme e mend\u00ebsis\u00eb s\u00eb nj\u00eb pushtuesi, i cili gjykon k\u00ebsisoj: Ne e mor\u00ebm pushtetin me vot\u00eb dhe tani binduni, n\u00ebnshtrohuni, se ne (&#8220;mazhoranca legjitime&#8221;) mund t\u00eb b\u00ebjm\u00eb \u00e7&#8217;t\u00eb duam! Besohet se kat\u00ebr vjet mjaftojn\u00eb p\u00ebr t&#8217;u b\u00ebr\u00eb i pasur, i famsh\u00ebm, i shquar, publik, i papreksh\u00ebm, lider,- daha m\u00eb mir\u00eb po t\u00eb jesh n\u00eb list\u00eb edhe p\u00ebr kat\u00ebr vjet t\u00eb tjera,- por n\u00ebse jep prova besnik\u00ebrie dhe i sh\u00ebrben si mercenar i bindur Nj\u00ebshit t\u00eb partis\u00eb, kreut t\u00eb &#8220;mazhoranc\u00ebs legjitime&#8221;, at\u00ebher\u00eb mund t\u00eb b\u00ebhesh edhe i p\u00ebrhersh\u00ebm, edhe i papreksh\u00ebm, edhe i pushtetsh\u00ebm!<\/p>\n<p>Po t\u00eb ndjek\u00ebsh cilindo debat televiziv mes analist\u00ebve t\u00eb varur e t\u00eb pavarur, mes gazetar\u00ebve dhe deputet\u00ebve, at\u00ebher\u00eb mund ta kuptosh kollaj se \u00ebsht\u00eb pik\u00ebrisht kjo rac\u00eb mercenar\u00ebsh q\u00eb u sh\u00ebrbejn\u00eb pushtuesve t\u00eb pushteteve pa iu b\u00ebr\u00eb syri t\u00ebrr nga opinioni publik, ama t\u00eb gjith\u00eb s\u00eb toku si nj\u00eb hordhi karkalecash i drejtojn\u00eb energjit\u00eb, idet\u00eb, grindjet dhe sherret p\u00ebrher\u00eb n\u00eb dobi t\u00eb vetes dhe p\u00ebrher\u00eb n\u00eb kund\u00ebrshti t\u00eb interesit publik e komb\u00ebtar. Shqip\u00ebria po b\u00ebhet nj\u00eb vend djerr\u00eb, si ish-k\u00ebneta e Durr\u00ebsit, n\u00eb t\u00eb gjitha llojet e kuptimit t\u00eb k\u00ebsaj fjale, kulturor e material\u2026 Akoma m\u00eb zi: Sundimtar\u00ebt e sot\u00ebm, p\u00ebrdit\u00eb e m\u00eb tep\u00ebr i shohim t\u00eb veprojn\u00eb mercenarisht, m\u00eb keq se \u00e7do pushtues; lap\u00ebrdhar\u00eb me ambasador\u00ebt e huaj dhe harbut\u00eb t\u00eb pacip\u00eb me ne, qytetar\u00ebt. Ata sillen antikomb\u00ebtarisht jo vet\u00ebm kund\u00ebr atyre q\u00eb nuk i kan\u00eb votuar, por edhe kund\u00ebr interesave t\u00eb gjysm\u00ebs s\u00eb popullit votues q\u00eb presupozohet se i ka votuar e i ka sjell\u00eb n\u00eb pushtet.<\/p>\n<p>Jan\u00eb aq t\u00eb dehur me vetveten, sa nuk kan\u00eb asnj\u00eb ndjenj\u00eb p\u00ebrgjegj\u00ebsie, n\u00ebse po e vrasin demokracin\u00eb dhe aspirat\u00ebn e saj; jan\u00eb aq trushkulur, sa ia kalojn\u00eb edhe zullumeve t\u00eb nj\u00eb pushtuesi t\u00eb huaj, teksa nuk duan t&#8217;ia dijn\u00eb jo vet\u00ebm p\u00ebr shkat\u00ebrrimin e aseteve komb\u00ebtare, mjedisit, kultur\u00ebs, historis\u00eb, gjuh\u00ebs komb\u00ebtare, por nuk jan\u00eb n\u00eb gjendje ta kuptojn\u00eb se kur nuk funksionon normalisht e p\u00ebr s\u00eb mbari sistemi demokratik n\u00eb nj\u00eb shoq\u00ebri, at\u00ebher\u00eb edhe ata vet\u00eb, pra t\u00eb gjitha pal\u00ebt do t\u00eb jen\u00eb nj\u00eblloj t\u00eb k\u00ebrc\u00ebnuara e t\u00eb pasigurta, madje edhe ata q\u00eb sot p\u00ebr sot e kan\u00eb mir\u00eb me pushtetin, n&#8217;da\u00e7 t\u00eb PD-s\u00eb, n&#8217;da\u00e7 t\u00eb LSI-s\u00eb\u2026. Nuk ka pasur shoq\u00ebria shqiptare n\u00eb k\u00ebto 100 vjet, klas\u00eb politike m\u00eb t\u00eb pap\u00ebrgjegjshme e m\u00eb zullumsjell\u00ebse!<\/p>\n<p>Mjaftojn\u00eb, besoj, vitet &#8217;97-98-t\u00eb p\u00ebr ta kuptuar e mos harruar k\u00ebt\u00eb.<\/p>\n<p>* * *<\/p>\n<p>Sot ka jo pak naiv\u00eb, q\u00eb dalin n\u00eb publik e thon\u00eb se pushtimi italian, madje edhe ai gjerman, nuk ishin pushtime t\u00eb k\u00ebqija, &#8211; le m\u00eb pastaj ai osman!- se pushtuesit &#8220;na bashkuan me Kosov\u00ebn&#8221;, se v\u00ebrtet ishim t\u00eb pushtuar, po ama ishim vilajete e i pat\u00ebm dhuruar Perandoris\u00eb shum\u00eb vezir\u00eb e gjeneral\u00eb, se kishim m\u00eb shum\u00eb pavar\u00ebsi se vendet e tjera t\u00eb pushtuara, se u b\u00ebm\u00eb me rrug\u00eb e me kultur\u00eb dhe se, turqit, gjerman\u00ebt dhe m\u00eb pas edhe italian\u00ebt na kan\u00eb trajtuar si popull i zgjedhur, si arian\u00eb, etj etj\u2026 Por e v\u00ebrteta \u00ebsht\u00eb akoma m\u00eb e hidh\u00ebt n\u00eb kahjen tjet\u00ebr: N\u00eb k\u00ebto pushtime, mjedisi, pronat publike, pyjet, detet, lumenjt\u00eb, monumentet, kalat\u00eb, kishat, gjuha, kultura komb\u00ebtare dhe uniteti komb\u00ebtar nuk jan\u00eb goditur m\u00eb r\u00ebnd\u00eb e m\u00eb keq se n\u00eb k\u00ebto 21 vjet! D\u00ebshp\u00ebrimisht kjo \u00ebsht\u00eb tep\u00ebr e v\u00ebshtir\u00eb t\u00eb mohohet sot\u2026<\/p>\n<p>Shqip\u00ebria ka mbetur pa pyje, jo se banor\u00ebt e saj ngrohen me dru, se k\u00ebshtu jan\u00eb ngrohur tejemot, por se firma t\u00eb licencuara nga qeveria po i qethin pyjet me leje, me motosharra dhe me maune, t\u00eb cilat nuk vijn\u00eb fshehur, po dit\u00ebn p\u00ebr diell, p\u00ebr t&#8217;i shitur drut\u00eb e zjarrit n\u00eb Itali dhe Greqi\u2026K\u00ebshtu edhe detet, lumenjt\u00eb, tokat bujq\u00ebsore, kalat\u00eb, minierat, ish-uzinat dhe kombinatet q\u00eb p\u00ebrfunduan n\u00eb skrap, t\u00eb gjitha t\u00eb dh\u00ebna me licenc\u00eb apo me tender nga qeveria, p\u00ebr mercenar\u00ebt partiak\u00eb\u2026 Asnj\u00eb qeveri, e majt\u00eb dhe e djatht\u00eb, nuk b\u00ebri nj\u00eb ligj p\u00ebr shp\u00ebrndarjen e pasuris\u00eb komb\u00ebtare n\u00eb m\u00ebnyr\u00eb t\u00eb drejt\u00eb e t\u00eb barabart\u00eb\u2026 Letrat me vler\u00eb ishin g\u00ebnjeshtra m\u00eb e ndyr\u00eb q\u00eb u shpik n\u00eb fillimet e tranzicionit, p\u00ebr t&#8217;u hedhur hi syve shqiptar\u00ebve.<\/p>\n<p>Shum\u00eb shpejt nuk ka p\u00ebr t\u00eb mbetur asgj\u00eb nga privatizimet e pronave publike. Ne q\u00eb tani jemi shteti q\u00eb ka m\u00eb pak prona publike, edhe pse, n\u00ebse do t&#8217;u ktheheshin me ligj pronat e tokat pronar\u00ebve t\u00eb ligjsh\u00ebm, shifra nuk do t\u00eb ishte m\u00eb shum\u00eb se kat\u00ebr ose pes\u00eb p\u00ebr qind e gjith\u00eb territorit dhe pasuris\u00eb komb\u00ebtare\u2026.Po kush \u00ebsht\u00eb b\u00ebr\u00eb pronar sot? Kjo pyetje retorike i jep p\u00ebrgjigje dilem\u00ebs: A kemi nj\u00eb qeveri t\u00eb shqiptar\u00ebve apo nj\u00eb qeveri pushtuese? N\u00eb dallim nga diktatura staliniste, q\u00eb ligj\u00ebronte dhe stimulonte luft\u00ebn e klasave dhe sundimin e bolshevik\u00ebve (shumic\u00ebs) ndaj menshevik\u00ebve (pakic\u00ebs), demokracit\u00eb kuptohen e pranohen n\u00ebse p\u00ebrnj\u00ebmend jan\u00eb t\u00eb tilla, vet\u00ebm at\u00ebher\u00eb kur ato din\u00eb t\u00eb respektojn\u00eb pakic\u00ebn, natyrisht jo vet\u00ebm at\u00eb politike, e cila ka humbur zgjedhjet, po edhe ato fetare, etnike, racore apo kulturore\u2026<\/p>\n<p>Nuk \u00ebsht\u00eb tepri po t\u00eb thuhet, se tek ne asnj\u00ebher\u00eb, as n\u00eb koh\u00ebn e pushtimeve nga t\u00eb huajt, shqiptar\u00ebt dhe Shqip\u00ebria, pasurit\u00eb natyrore, historia dhe bashk\u00ebjetesa, vlerat morale e njer\u00ebzore, si dhe ndjesia e t\u00eb qenit nj\u00eb komb, nuk kan\u00eb qen\u00eb kaq t\u00eb rr\u00ebnuar, t\u00eb p\u00ebr\u00e7ar\u00eb, t\u00eb hallakatur e t\u00eb hap\u00ebrdar\u00eb sa sot. Fakti q\u00eb n\u00eb k\u00ebto vite \u00e7ereku i popullit ka ikur nga syt\u00eb k\u00ebmb\u00ebt, e provon k\u00ebt\u00eb rropam\u00eb ndjellakeqe, pa qen\u00eb e nevojshme t\u00eb sillen shembuj t\u00eb tjer\u00eb. &#8220;Mazhoranca legjitime&#8221; e sotme, teksa flet n\u00eb em\u00ebr t\u00eb shumic\u00ebs, t\u00eb cil\u00ebn aq shpesh e quan popull, n\u00eb t\u00eb v\u00ebrtet\u00eb nuk vepron as n\u00eb interes t\u00eb shumic\u00ebs, po t\u00eb nj\u00eb pakice, t\u00eb nj\u00eb familjeje, t\u00eb nj\u00eb rrethi t\u00eb ngusht\u00eb mafioz.<\/p>\n<p>Shum\u00ebkush nd\u00ebr ne ka kujtuar e besuar, se pushtues i nj\u00eb vendi, i nj\u00eb populli, mund t\u00eb jen\u00eb vet\u00ebm t\u00eb huajt, ata q\u00eb vijn\u00eb me ushtri e m\u00eb pas, p\u00ebr ta b\u00ebr\u00eb sundimin e tyre m\u00eb jet\u00ebgjat\u00eb, instalohen edhe me nj\u00eb qeveri kuislinge. Nuk e kemi ditur se ka raste akoma m\u00eb t\u00eb zezonta, kur m\u00eb keq edhe se pushtuesit e huaj mund t\u00eb sillen bashk\u00ebkomb\u00ebsit, d.m.th lider\u00ebt partiak\u00eb, ata q\u00eb me gjas\u00eb votohen prej nesh &#8220;n\u00eb m\u00ebnyr\u00eb t\u00eb lir\u00eb dhe demokratike&#8221;\u2026. E pra, si mund t\u00eb largohen t\u00eb zgjedhurit tan\u00eb t\u00eb dashur, kur transformohen n\u00eb pushtues, kur sillen si uzurpator\u00eb t\u00eb t\u00eb gjitha pushteteve dhe t\u00eb pasurive, kur me vot\u00ebn ton\u00eb b\u00ebhen rr\u00ebnimtar\u00eb t\u00eb palodhur t\u00eb kombit? T\u00eb presim edhe disa vjet t\u00eb tjera sa t\u00eb vijn\u00eb zgjedhjet e radh\u00ebs? Po mbushim nj\u00eb \u00e7erek shekulli me k\u00ebt\u00eb g\u00ebnjesht\u00ebr!<\/p>\n<p>Pyetjes s\u00eb m\u00ebsip\u00ebrme, pas 21 Janarit, \u00ebsht\u00eb e v\u00ebshtir\u00eb t&#8217;i p\u00ebrgjigjesh, aq m\u00eb tep\u00ebr q\u00eb shum\u00ebkush nd\u00ebr ne beson e dyshon, jo pa t\u00eb drejt\u00eb, se kjo &#8220;mazhoranc\u00eb legjitime&#8221;, k\u00ebta pushtues t\u00eb panginjur t\u00eb t\u00eb gjitha pushteteve, k\u00ebta pasunar\u00eb e t\u00eb dehur si rrall\u00ebkush me lavdi t\u00eb pamerituar, do t\u00eb b\u00ebjn\u00eb t\u00eb pab\u00ebr\u00ebn e t\u00eb pamundur\u00ebn q\u00eb t\u00eb mos e l\u00ebshojn\u00eb pushtetin, duke luftuar t\u00eb fitojn\u00eb p\u00ebrs\u00ebri me &#8220;vota t\u00eb ndershme e t\u00eb lira&#8221;\u2026 Si \u00e7do qeveri me mend\u00ebsi pushtuese, edhe kjo do ta ket\u00eb tep\u00ebr t\u00eb v\u00ebshtir\u00eb ta l\u00ebshoj\u00eb pushtetin! E pra, p\u00ebrve\u00e7 ikjes me ku\u00e7 e me ma\u00e7 nga ky vend, p\u00ebrve\u00e7 indiferenc\u00ebs, p\u00ebrbuzjes, abstenimit, besimit gjith\u00ebp\u00ebrfshir\u00ebs se &#8220;t\u00eb gjith\u00eb derrat kan\u00eb nj\u00eb turi&#8221;, a ka ndonj\u00eb zgjidhje tjet\u00ebr?<br \/>\nSigurisht q\u00eb p\u00ebr k\u00ebt\u00eb, nuk na ndihmon dot as ambasadori Arvizu, as FBI-ja!<\/p>\n<p>(<em>Gazeta Shqiptare\/BalkanWeb<\/em>)<\/p>\n","protected":false},"excerpt":{"rendered":"<p>Nga: KI\u00c7O BLUSHI Tash q\u00eb shyqyr Zotit (d.m.th Amerik\u00ebs!) na ndihmoi FBI-ja t\u00eb hetojm\u00eb e t\u00eb zbulojm\u00eb vrasjet q\u00eb u b\u00ebjn\u00eb shqiptar\u00ebt shqiptar\u00ebve, zyrtar\u00ebt votuesve, udh\u00ebheq\u00ebsit demokrat\u00eb qytetar\u00ebve demokrat\u00eb, duke perifrazuar parull\u00ebn e famshme &#8220;T\u00eb gjitha pushtetet, sovjet\u00ebve&#8221;, ose &#8220;Pushtetin e mor\u00ebm me gjak e me gjak mund ta dor\u00ebzojm\u00eb&#8221;,\u2026 nuk gaboj po t\u00eb them [&hellip;]<\/p>\n","protected":false},"author":1,"featured_media":0,"comment_status":"open","ping_status":"closed","sticky":false,"template":"","format":"standard","meta":{"footnotes":""},"categories":[2],"tags":[],"class_list":{"0":"post-1383","1":"post","2":"type-post","3":"status-publish","4":"format-standard","6":"category-artikuj"},"yoast_head":"<!-- This site is optimized with the Yoast SEO plugin v27.4 - https:\/\/yoast.com\/product\/yoast-seo-wordpress\/ -->\n<title>T\u00eb gjitha pushtetet, sundimtarit! - FjALA e LIR\u00cb - Arkivi<\/title>\n<meta name=\"robots\" content=\"index, follow, max-snippet:-1, max-image-preview:large, max-video-preview:-1\" \/>\n<link rel=\"canonical\" href=\"https:\/\/fjala.info\/2009-2015\/te-gjitha-pushtetet-sundimtarit\/\" \/>\n<meta property=\"og:locale\" content=\"sq_AL\" \/>\n<meta property=\"og:type\" content=\"article\" \/>\n<meta property=\"og:title\" content=\"T\u00eb gjitha pushtetet, sundimtarit! - FjALA e LIR\u00cb - Arkivi\" \/>\n<meta property=\"og:description\" content=\"Nga: KI\u00c7O BLUSHI Tash q\u00eb shyqyr Zotit (d.m.th Amerik\u00ebs!) na ndihmoi FBI-ja t\u00eb hetojm\u00eb e t\u00eb zbulojm\u00eb vrasjet q\u00eb u b\u00ebjn\u00eb shqiptar\u00ebt shqiptar\u00ebve, zyrtar\u00ebt votuesve, udh\u00ebheq\u00ebsit demokrat\u00eb qytetar\u00ebve demokrat\u00eb, duke perifrazuar parull\u00ebn e famshme &#8220;T\u00eb gjitha pushtetet, sovjet\u00ebve&#8221;, ose &#8220;Pushtetin e mor\u00ebm me gjak e me gjak mund ta dor\u00ebzojm\u00eb&#8221;,\u2026 nuk gaboj po t\u00eb them [&hellip;]\" \/>\n<meta property=\"og:url\" content=\"https:\/\/fjala.info\/2009-2015\/te-gjitha-pushtetet-sundimtarit\/\" \/>\n<meta property=\"og:site_name\" content=\"FjALA e LIR\u00cb - Arkivi\" \/>\n<meta property=\"article:published_time\" content=\"2012-01-26T22:33:21+00:00\" \/>\n<meta property=\"og:image\" content=\"http:\/\/www.shkoder.net\/2012\/sali_berisha.jpg\" \/>\n<meta name=\"author\" content=\"admin\" \/>\n<meta name=\"twitter:card\" content=\"summary_large_image\" \/>\n<meta name=\"twitter:label1\" content=\"Written by\" \/>\n\t<meta name=\"twitter:data1\" content=\"admin\" \/>\n\t<meta name=\"twitter:label2\" content=\"Est. reading time\" \/>\n\t<meta name=\"twitter:data2\" content=\"12 minutes\" \/>\n<script type=\"application\/ld+json\" class=\"yoast-schema-graph\">{\"@context\":\"https:\\\/\\\/schema.org\",\"@graph\":[{\"@type\":\"Article\",\"@id\":\"https:\\\/\\\/fjala.info\\\/2009-2015\\\/te-gjitha-pushtetet-sundimtarit\\\/#article\",\"isPartOf\":{\"@id\":\"https:\\\/\\\/fjala.info\\\/2009-2015\\\/te-gjitha-pushtetet-sundimtarit\\\/\"},\"author\":{\"name\":\"admin\",\"@id\":\"https:\\\/\\\/fjala.info\\\/2009-2015\\\/#\\\/schema\\\/person\\\/3aa1163ef05469c496fc94e77611ada2\"},\"headline\":\"T\u00eb gjitha pushtetet, sundimtarit!\",\"datePublished\":\"2012-01-26T22:33:21+00:00\",\"mainEntityOfPage\":{\"@id\":\"https:\\\/\\\/fjala.info\\\/2009-2015\\\/te-gjitha-pushtetet-sundimtarit\\\/\"},\"wordCount\":2384,\"commentCount\":0,\"publisher\":{\"@id\":\"https:\\\/\\\/fjala.info\\\/2009-2015\\\/#organization\"},\"image\":{\"@id\":\"https:\\\/\\\/fjala.info\\\/2009-2015\\\/te-gjitha-pushtetet-sundimtarit\\\/#primaryimage\"},\"thumbnailUrl\":\"http:\\\/\\\/www.shkoder.net\\\/2012\\\/sali_berisha.jpg\",\"articleSection\":[\"Artikuj\"],\"inLanguage\":\"sq-AL\",\"potentialAction\":[{\"@type\":\"CommentAction\",\"name\":\"Comment\",\"target\":[\"https:\\\/\\\/fjala.info\\\/2009-2015\\\/te-gjitha-pushtetet-sundimtarit\\\/#respond\"]}]},{\"@type\":\"WebPage\",\"@id\":\"https:\\\/\\\/fjala.info\\\/2009-2015\\\/te-gjitha-pushtetet-sundimtarit\\\/\",\"url\":\"https:\\\/\\\/fjala.info\\\/2009-2015\\\/te-gjitha-pushtetet-sundimtarit\\\/\",\"name\":\"T\u00eb gjitha pushtetet, sundimtarit! - FjALA e LIR\u00cb - Arkivi\",\"isPartOf\":{\"@id\":\"https:\\\/\\\/fjala.info\\\/2009-2015\\\/#website\"},\"primaryImageOfPage\":{\"@id\":\"https:\\\/\\\/fjala.info\\\/2009-2015\\\/te-gjitha-pushtetet-sundimtarit\\\/#primaryimage\"},\"image\":{\"@id\":\"https:\\\/\\\/fjala.info\\\/2009-2015\\\/te-gjitha-pushtetet-sundimtarit\\\/#primaryimage\"},\"thumbnailUrl\":\"http:\\\/\\\/www.shkoder.net\\\/2012\\\/sali_berisha.jpg\",\"datePublished\":\"2012-01-26T22:33:21+00:00\",\"breadcrumb\":{\"@id\":\"https:\\\/\\\/fjala.info\\\/2009-2015\\\/te-gjitha-pushtetet-sundimtarit\\\/#breadcrumb\"},\"inLanguage\":\"sq-AL\",\"potentialAction\":[{\"@type\":\"ReadAction\",\"target\":[\"https:\\\/\\\/fjala.info\\\/2009-2015\\\/te-gjitha-pushtetet-sundimtarit\\\/\"]}]},{\"@type\":\"ImageObject\",\"inLanguage\":\"sq-AL\",\"@id\":\"https:\\\/\\\/fjala.info\\\/2009-2015\\\/te-gjitha-pushtetet-sundimtarit\\\/#primaryimage\",\"url\":\"http:\\\/\\\/www.shkoder.net\\\/2012\\\/sali_berisha.jpg\",\"contentUrl\":\"http:\\\/\\\/www.shkoder.net\\\/2012\\\/sali_berisha.jpg\"},{\"@type\":\"BreadcrumbList\",\"@id\":\"https:\\\/\\\/fjala.info\\\/2009-2015\\\/te-gjitha-pushtetet-sundimtarit\\\/#breadcrumb\",\"itemListElement\":[{\"@type\":\"ListItem\",\"position\":1,\"name\":\"Home\",\"item\":\"https:\\\/\\\/fjala.info\\\/2009-2015\\\/\"},{\"@type\":\"ListItem\",\"position\":2,\"name\":\"T\u00eb gjitha pushtetet, sundimtarit!\"}]},{\"@type\":\"WebSite\",\"@id\":\"https:\\\/\\\/fjala.info\\\/2009-2015\\\/#website\",\"url\":\"https:\\\/\\\/fjala.info\\\/2009-2015\\\/\",\"name\":\"FjALA e LIR\u00cb - Arkivi\",\"description\":\"Arkivi 2009-2015\",\"publisher\":{\"@id\":\"https:\\\/\\\/fjala.info\\\/2009-2015\\\/#organization\"},\"potentialAction\":[{\"@type\":\"SearchAction\",\"target\":{\"@type\":\"EntryPoint\",\"urlTemplate\":\"https:\\\/\\\/fjala.info\\\/2009-2015\\\/?s={search_term_string}\"},\"query-input\":{\"@type\":\"PropertyValueSpecification\",\"valueRequired\":true,\"valueName\":\"search_term_string\"}}],\"inLanguage\":\"sq-AL\"},{\"@type\":\"Organization\",\"@id\":\"https:\\\/\\\/fjala.info\\\/2009-2015\\\/#organization\",\"name\":\"FjALA e LIR\u00cb - Arkivi\",\"url\":\"https:\\\/\\\/fjala.info\\\/2009-2015\\\/\",\"logo\":{\"@type\":\"ImageObject\",\"inLanguage\":\"sq-AL\",\"@id\":\"https:\\\/\\\/fjala.info\\\/2009-2015\\\/#\\\/schema\\\/logo\\\/image\\\/\",\"url\":\"\",\"contentUrl\":\"\",\"caption\":\"FjALA e LIR\u00cb - Arkivi\"},\"image\":{\"@id\":\"https:\\\/\\\/fjala.info\\\/2009-2015\\\/#\\\/schema\\\/logo\\\/image\\\/\"}},{\"@type\":\"Person\",\"@id\":\"https:\\\/\\\/fjala.info\\\/2009-2015\\\/#\\\/schema\\\/person\\\/3aa1163ef05469c496fc94e77611ada2\",\"name\":\"admin\",\"image\":{\"@type\":\"ImageObject\",\"inLanguage\":\"sq-AL\",\"@id\":\"https:\\\/\\\/fjala.info\\\/2009-2015\\\/wp-content\\\/uploads\\\/2012\\\/02\\\/arben_cokaj-120x150.jpg\",\"url\":\"https:\\\/\\\/fjala.info\\\/2009-2015\\\/wp-content\\\/uploads\\\/2012\\\/02\\\/arben_cokaj-120x150.jpg\",\"contentUrl\":\"https:\\\/\\\/fjala.info\\\/2009-2015\\\/wp-content\\\/uploads\\\/2012\\\/02\\\/arben_cokaj-120x150.jpg\",\"caption\":\"admin\"},\"description\":\"Admin, Fjala e Lir\u00eb\",\"sameAs\":[\"https:\\\/\\\/fjala.info\\\/\"],\"url\":\"https:\\\/\\\/fjala.info\\\/2009-2015\\\/author\\\/admin\\\/\"}]}<\/script>\n<!-- \/ Yoast SEO plugin. -->","yoast_head_json":{"title":"T\u00eb gjitha pushtetet, sundimtarit! - FjALA e LIR\u00cb - Arkivi","robots":{"index":"index","follow":"follow","max-snippet":"max-snippet:-1","max-image-preview":"max-image-preview:large","max-video-preview":"max-video-preview:-1"},"canonical":"https:\/\/fjala.info\/2009-2015\/te-gjitha-pushtetet-sundimtarit\/","og_locale":"sq_AL","og_type":"article","og_title":"T\u00eb gjitha pushtetet, sundimtarit! - FjALA e LIR\u00cb - Arkivi","og_description":"Nga: KI\u00c7O BLUSHI Tash q\u00eb shyqyr Zotit (d.m.th Amerik\u00ebs!) na ndihmoi FBI-ja t\u00eb hetojm\u00eb e t\u00eb zbulojm\u00eb vrasjet q\u00eb u b\u00ebjn\u00eb shqiptar\u00ebt shqiptar\u00ebve, zyrtar\u00ebt votuesve, udh\u00ebheq\u00ebsit demokrat\u00eb qytetar\u00ebve demokrat\u00eb, duke perifrazuar parull\u00ebn e famshme &#8220;T\u00eb gjitha pushtetet, sovjet\u00ebve&#8221;, ose &#8220;Pushtetin e mor\u00ebm me gjak e me gjak mund ta dor\u00ebzojm\u00eb&#8221;,\u2026 nuk gaboj po t\u00eb them [&hellip;]","og_url":"https:\/\/fjala.info\/2009-2015\/te-gjitha-pushtetet-sundimtarit\/","og_site_name":"FjALA e LIR\u00cb - Arkivi","article_published_time":"2012-01-26T22:33:21+00:00","og_image":[{"url":"http:\/\/www.shkoder.net\/2012\/sali_berisha.jpg","type":"","width":"","height":""}],"author":"admin","twitter_card":"summary_large_image","twitter_misc":{"Written by":"admin","Est. reading time":"12 minutes"},"schema":{"@context":"https:\/\/schema.org","@graph":[{"@type":"Article","@id":"https:\/\/fjala.info\/2009-2015\/te-gjitha-pushtetet-sundimtarit\/#article","isPartOf":{"@id":"https:\/\/fjala.info\/2009-2015\/te-gjitha-pushtetet-sundimtarit\/"},"author":{"name":"admin","@id":"https:\/\/fjala.info\/2009-2015\/#\/schema\/person\/3aa1163ef05469c496fc94e77611ada2"},"headline":"T\u00eb gjitha pushtetet, sundimtarit!","datePublished":"2012-01-26T22:33:21+00:00","mainEntityOfPage":{"@id":"https:\/\/fjala.info\/2009-2015\/te-gjitha-pushtetet-sundimtarit\/"},"wordCount":2384,"commentCount":0,"publisher":{"@id":"https:\/\/fjala.info\/2009-2015\/#organization"},"image":{"@id":"https:\/\/fjala.info\/2009-2015\/te-gjitha-pushtetet-sundimtarit\/#primaryimage"},"thumbnailUrl":"http:\/\/www.shkoder.net\/2012\/sali_berisha.jpg","articleSection":["Artikuj"],"inLanguage":"sq-AL","potentialAction":[{"@type":"CommentAction","name":"Comment","target":["https:\/\/fjala.info\/2009-2015\/te-gjitha-pushtetet-sundimtarit\/#respond"]}]},{"@type":"WebPage","@id":"https:\/\/fjala.info\/2009-2015\/te-gjitha-pushtetet-sundimtarit\/","url":"https:\/\/fjala.info\/2009-2015\/te-gjitha-pushtetet-sundimtarit\/","name":"T\u00eb gjitha pushtetet, sundimtarit! - FjALA e LIR\u00cb - Arkivi","isPartOf":{"@id":"https:\/\/fjala.info\/2009-2015\/#website"},"primaryImageOfPage":{"@id":"https:\/\/fjala.info\/2009-2015\/te-gjitha-pushtetet-sundimtarit\/#primaryimage"},"image":{"@id":"https:\/\/fjala.info\/2009-2015\/te-gjitha-pushtetet-sundimtarit\/#primaryimage"},"thumbnailUrl":"http:\/\/www.shkoder.net\/2012\/sali_berisha.jpg","datePublished":"2012-01-26T22:33:21+00:00","breadcrumb":{"@id":"https:\/\/fjala.info\/2009-2015\/te-gjitha-pushtetet-sundimtarit\/#breadcrumb"},"inLanguage":"sq-AL","potentialAction":[{"@type":"ReadAction","target":["https:\/\/fjala.info\/2009-2015\/te-gjitha-pushtetet-sundimtarit\/"]}]},{"@type":"ImageObject","inLanguage":"sq-AL","@id":"https:\/\/fjala.info\/2009-2015\/te-gjitha-pushtetet-sundimtarit\/#primaryimage","url":"http:\/\/www.shkoder.net\/2012\/sali_berisha.jpg","contentUrl":"http:\/\/www.shkoder.net\/2012\/sali_berisha.jpg"},{"@type":"BreadcrumbList","@id":"https:\/\/fjala.info\/2009-2015\/te-gjitha-pushtetet-sundimtarit\/#breadcrumb","itemListElement":[{"@type":"ListItem","position":1,"name":"Home","item":"https:\/\/fjala.info\/2009-2015\/"},{"@type":"ListItem","position":2,"name":"T\u00eb gjitha pushtetet, sundimtarit!"}]},{"@type":"WebSite","@id":"https:\/\/fjala.info\/2009-2015\/#website","url":"https:\/\/fjala.info\/2009-2015\/","name":"FjALA e LIR\u00cb - Arkivi","description":"Arkivi 2009-2015","publisher":{"@id":"https:\/\/fjala.info\/2009-2015\/#organization"},"potentialAction":[{"@type":"SearchAction","target":{"@type":"EntryPoint","urlTemplate":"https:\/\/fjala.info\/2009-2015\/?s={search_term_string}"},"query-input":{"@type":"PropertyValueSpecification","valueRequired":true,"valueName":"search_term_string"}}],"inLanguage":"sq-AL"},{"@type":"Organization","@id":"https:\/\/fjala.info\/2009-2015\/#organization","name":"FjALA e LIR\u00cb - Arkivi","url":"https:\/\/fjala.info\/2009-2015\/","logo":{"@type":"ImageObject","inLanguage":"sq-AL","@id":"https:\/\/fjala.info\/2009-2015\/#\/schema\/logo\/image\/","url":"","contentUrl":"","caption":"FjALA e LIR\u00cb - Arkivi"},"image":{"@id":"https:\/\/fjala.info\/2009-2015\/#\/schema\/logo\/image\/"}},{"@type":"Person","@id":"https:\/\/fjala.info\/2009-2015\/#\/schema\/person\/3aa1163ef05469c496fc94e77611ada2","name":"admin","image":{"@type":"ImageObject","inLanguage":"sq-AL","@id":"https:\/\/fjala.info\/2009-2015\/wp-content\/uploads\/2012\/02\/arben_cokaj-120x150.jpg","url":"https:\/\/fjala.info\/2009-2015\/wp-content\/uploads\/2012\/02\/arben_cokaj-120x150.jpg","contentUrl":"https:\/\/fjala.info\/2009-2015\/wp-content\/uploads\/2012\/02\/arben_cokaj-120x150.jpg","caption":"admin"},"description":"Admin, Fjala e Lir\u00eb","sameAs":["https:\/\/fjala.info\/"],"url":"https:\/\/fjala.info\/2009-2015\/author\/admin\/"}]}},"_links":{"self":[{"href":"https:\/\/fjala.info\/2009-2015\/wp-json\/wp\/v2\/posts\/1383","targetHints":{"allow":["GET"]}}],"collection":[{"href":"https:\/\/fjala.info\/2009-2015\/wp-json\/wp\/v2\/posts"}],"about":[{"href":"https:\/\/fjala.info\/2009-2015\/wp-json\/wp\/v2\/types\/post"}],"author":[{"embeddable":true,"href":"https:\/\/fjala.info\/2009-2015\/wp-json\/wp\/v2\/users\/1"}],"replies":[{"embeddable":true,"href":"https:\/\/fjala.info\/2009-2015\/wp-json\/wp\/v2\/comments?post=1383"}],"version-history":[{"count":0,"href":"https:\/\/fjala.info\/2009-2015\/wp-json\/wp\/v2\/posts\/1383\/revisions"}],"wp:attachment":[{"href":"https:\/\/fjala.info\/2009-2015\/wp-json\/wp\/v2\/media?parent=1383"}],"wp:term":[{"taxonomy":"category","embeddable":true,"href":"https:\/\/fjala.info\/2009-2015\/wp-json\/wp\/v2\/categories?post=1383"},{"taxonomy":"post_tag","embeddable":true,"href":"https:\/\/fjala.info\/2009-2015\/wp-json\/wp\/v2\/tags?post=1383"}],"curies":[{"name":"wp","href":"https:\/\/api.w.org\/{rel}","templated":true}]}}