{"id":13801,"date":"2014-10-30T22:11:16","date_gmt":"2014-10-30T21:11:16","guid":{"rendered":"http:\/\/www.fjala.info\/?p=2157"},"modified":"2014-10-30T22:11:16","modified_gmt":"2014-10-30T21:11:16","slug":"2157-2","status":"publish","type":"post","link":"https:\/\/fjala.info\/2009-2015\/2157-2\/","title":{"rendered":"Po t\u00eb ishin unike qeverit\u00eb e Shqip\u00ebris\u00eb dhe e Kosov\u00ebs, a do t\u00eb kishte mundur UEFA t&#8217;i diskriminoj\u00eb shqiptar\u00ebt?"},"content":{"rendered":"<p><img decoding=\"async\" class=\"alignright size-thumbnail wp-image-7236\" title=\"Asllan Dibrani\" src=\"http:\/\/www.fjala.info\/2013\/asllan_dibrani1.jpg\" alt=\"\" width=\"150\" \/> Nga <b>Asllan Dibrani<\/b><\/p>\n<p>Mediat nd\u00ebrkomb\u00ebtare u skandalizuan me padrejt\u00ebsin\u00eb, por pa efekt zyrtar qe u referua nga UEFA qe vendosi ngjarjen skandaloze n\u00eb stadiumin e Beogradit ta kthej\u00eb n\u00eb favor t\u00eb serb\u00ebve duke u dh\u00ebn\u00eb atyre fitoren 3 me 0 p\u00ebr ndeshjen e nd\u00ebrprer\u00eb kund\u00ebr Shqip\u00ebris\u00eb.<br \/>\nKy vendim i ka l\u00ebn\u00eb t\u00eb shokuar shqiptar\u00ebt, t\u00eb l\u00ebnduar p\u00ebr pafuqin\u00eb e tyre ndaj nj\u00eb gjykimi kaq t\u00eb padrejt\u00eb. Po qe t\u00eb ndodhte ndryshe me ndonj\u00eb vendim pro Shqip\u00ebris\u00eb, mund t\u00eb irritonte jo vet\u00ebm Serbin\u00eb, por edhe ca shtete t\u00eb tjera q\u00eb shqet\u00ebsohen nga shqiptar\u00ebt sepese ajo q\u00eb i shqet\u00ebson dominon nga vet gabimet e Ambasador\u00ebve q\u00eb Shqip\u00ebris\u00eb i pren\u00eb k\u00ebmb\u00eb e duar n\u00eb cop\u00ebtimin e saj. K\u00ebshtu q\u00eb nd\u00ebshkimi p\u00ebr Shqip\u00ebrin\u00eb ka qen\u00eb zgjedhja m\u00eb e leht\u00eb p\u00ebr UEFA-n e dominuar nga racizmi dhe nj\u00ebanshm\u00ebria.<br \/>\n<img decoding=\"async\" class=\"alignright size-thumbnail wp-image-7236\" title=\"Platini - karikatur\u00eb\" src=\"http:\/\/www.fjala.info\/2013\/platini_karikature.jpg\" alt=\"\" width=\"250\" \/><br \/>\n-Ndeshjen n\u00eb mes Serbis\u00eb dhe Shqip\u00ebris\u00eb ishte prioritare Shqip\u00ebria n\u00eb disiplin\u00eb , kultur\u00eb dhe n\u00eb kodin sportiv dhe pastaj nuk ka asnj\u00eb dyshim q\u00eb UEFA nuk i ka d\u00ebgjuar koret raciste, as nuk i ka par\u00eb videot e huligan\u00ebve n\u00eb fush\u00eb, goditjet e forcave t\u00eb siguris\u00eb ndaj futbollist\u00ebve shqiptar\u00eb, fotot e plag\u00ebve q\u00eb ata kan\u00eb marr\u00eb me nj\u00eb ofensive terrori t\u00eb pa par\u00eb ndonj\u00ebher\u00eb n\u00eb fush\u00ebn e futbollit !!!<br \/>\nNga kjo pa drejt\u00ebsi u krijuan plag\u00eb n\u00eb zemrat e shqiptareve sot. T\u00eb gjith\u00eb e pan\u00eb at\u00eb q\u00eb ndodhi n\u00eb Beograd dhe sot ndihen t\u00eb fyer, t\u00eb rrahur e t\u00eb p\u00ebrdhunuar nga vendimi i UEFA-s dhe madje p\u00ebr k\u00ebt\u00eb edhe u gjobit skuadra shqiptare!!!???&#8230; Nj\u00eb shuplak\u00eb komb\u00ebtare na dhan\u00eb dhe vet qeveritar\u00ebt tan\u00eb nga qe u gjenden qengja pran Evrop\u00ebs dhe pran arroganc\u00ebs serbo rebele kund\u00ebr shqiptar\u00ebve. Qeveria shqiptare as qe reagoj n\u00eb instancat nd\u00ebrkomb\u00ebtare p\u00ebr at\u00eb barbari serbe. Mezi ngrit\u00ebn nj\u00eb revolt\u00eb pa dal nga Tirana me nj\u00eb bised\u00eb me ambasadorin serb n\u00eb Tiran\u00eb , duke pire kafe, nga ideologjia komuniste se qengji i urt\u00eb pi dy n\u00ebna. Qeveria e Serbis\u00eb ngriti bot\u00ebn n\u00eb k\u00ebmb\u00eb duke u paraqitur si e viktimizuar, e provokuar, e sulmuar dmth dominoi ne opinion me propagand\u00eb duke reaguar n\u00eb instancat ma t\u00eb larta bot\u00ebrore p\u00ebr ngritjen e flamurit komb\u00ebtar atje gj\u00eb q\u00eb , as q\u00eb ka ndonj\u00eb lidhje me sportin ajo q\u00eb pretendojn\u00eb serb\u00ebt. Po t\u00eb ishin n\u00eb nivel komb\u00ebtar dhe n\u00eb sh\u00ebrbimin e shqiptar\u00ebve qeveria e Shqip\u00ebris\u00eb dhe ajo e Kosov\u00ebs , t\u00eb reagonte me koh\u00eb dhe t\u00eb alarmonte bot\u00ebn p\u00ebr fatin e futbollist\u00ebve n\u00eb ato momente nga fashizmi serbo-sllav gjendja do t\u00eb kishte marr\u00eb nj\u00eb tjet\u00ebr kuptim dhe epilog politik.<br \/>\n-Sikur t\u00eb ishin n\u00eb nivel qeveria e Shqip\u00ebris\u00eb me at\u00eb t\u00eb Kosov\u00ebs me reaguar me konferenca shtypi , me nota proteste ne nivele nd\u00ebrkomb\u00ebtare apo ne parlamentin evropian epilogu kishte me qen\u00eb ne favorin e Shqip\u00ebris\u00eb. Ma n\u00eb fund shtrohet pyetja po t\u00eb ishin unike qeverit\u00eb e Shqip\u00ebris\u00eb dhe e Kosov\u00ebs, a do t\u00eb kishte mundur UEFA t&#8217;i diskriminoj shqiptar\u00ebt aq brutalisht ?Gjithsesi se jo, fajet kryesore i kemi ne pastaj te tjer\u00ebt!!!???&#8230;Lojtar\u00ebt ishin t\u00eb shk\u00eblqyesh\u00ebm luajt\u00ebn me dinjitet mbrojt\u00ebn atdheun me vet\u00ebmohim , pa\u00e7in nderin p\u00ebrgjithmon\u00eb n\u00eb ball\u00eb t\u00eb KOMBIT&#8230;<\/p>\n","protected":false},"excerpt":{"rendered":"<p>Nga Asllan Dibrani Mediat nd\u00ebrkomb\u00ebtare u skandalizuan me padrejt\u00ebsin\u00eb, por pa efekt zyrtar qe u referua nga UEFA qe vendosi ngjarjen skandaloze n\u00eb stadiumin e Beogradit ta kthej\u00eb n\u00eb favor t\u00eb serb\u00ebve duke u dh\u00ebn\u00eb atyre fitoren 3 me 0 p\u00ebr ndeshjen e nd\u00ebrprer\u00eb kund\u00ebr Shqip\u00ebris\u00eb. Ky vendim i ka l\u00ebn\u00eb t\u00eb shokuar shqiptar\u00ebt, t\u00eb [&hellip;]<\/p>\n","protected":false},"author":1,"featured_media":0,"comment_status":"open","ping_status":"closed","sticky":false,"template":"","format":"standard","meta":{"footnotes":""},"categories":[2],"tags":[],"class_list":{"0":"post-13801","1":"post","2":"type-post","3":"status-publish","4":"format-standard","6":"category-artikuj"},"yoast_head":"<!-- This site is optimized with the Yoast SEO plugin v27.4 - https:\/\/yoast.com\/product\/yoast-seo-wordpress\/ -->\n<title>Po t\u00eb ishin unike qeverit\u00eb e Shqip\u00ebris\u00eb dhe e Kosov\u00ebs, a do t\u00eb kishte mundur UEFA t&#039;i diskriminoj\u00eb shqiptar\u00ebt? - FjALA e LIR\u00cb - Arkivi<\/title>\n<meta name=\"robots\" content=\"index, follow, max-snippet:-1, max-image-preview:large, max-video-preview:-1\" \/>\n<link rel=\"canonical\" href=\"https:\/\/fjala.info\/2009-2015\/2157-2\/\" \/>\n<meta property=\"og:locale\" content=\"sq_AL\" \/>\n<meta property=\"og:type\" content=\"article\" \/>\n<meta property=\"og:title\" content=\"Po t\u00eb ishin unike qeverit\u00eb e Shqip\u00ebris\u00eb dhe e Kosov\u00ebs, a do t\u00eb kishte mundur UEFA t&#039;i diskriminoj\u00eb shqiptar\u00ebt? - FjALA e LIR\u00cb - Arkivi\" \/>\n<meta property=\"og:description\" content=\"Nga Asllan Dibrani Mediat nd\u00ebrkomb\u00ebtare u skandalizuan me padrejt\u00ebsin\u00eb, por pa efekt zyrtar qe u referua nga UEFA qe vendosi ngjarjen skandaloze n\u00eb stadiumin e Beogradit ta kthej\u00eb n\u00eb favor t\u00eb serb\u00ebve duke u dh\u00ebn\u00eb atyre fitoren 3 me 0 p\u00ebr ndeshjen e nd\u00ebrprer\u00eb kund\u00ebr Shqip\u00ebris\u00eb. Ky vendim i ka l\u00ebn\u00eb t\u00eb shokuar shqiptar\u00ebt, t\u00eb [&hellip;]\" \/>\n<meta property=\"og:url\" content=\"https:\/\/fjala.info\/2009-2015\/2157-2\/\" \/>\n<meta property=\"og:site_name\" content=\"FjALA e LIR\u00cb - Arkivi\" \/>\n<meta property=\"article:published_time\" content=\"2014-10-30T21:11:16+00:00\" \/>\n<meta property=\"og:image\" content=\"http:\/\/www.fjala.info\/2013\/asllan_dibrani1.jpg\" \/>\n<meta name=\"author\" content=\"admin\" \/>\n<meta name=\"twitter:card\" content=\"summary_large_image\" \/>\n<meta name=\"twitter:label1\" content=\"Written by\" \/>\n\t<meta name=\"twitter:data1\" content=\"admin\" \/>\n\t<meta name=\"twitter:label2\" content=\"Est. reading time\" \/>\n\t<meta name=\"twitter:data2\" content=\"3 minutes\" \/>\n<script type=\"application\/ld+json\" class=\"yoast-schema-graph\">{\"@context\":\"https:\\\/\\\/schema.org\",\"@graph\":[{\"@type\":\"Article\",\"@id\":\"https:\\\/\\\/fjala.info\\\/2009-2015\\\/2157-2\\\/#article\",\"isPartOf\":{\"@id\":\"https:\\\/\\\/fjala.info\\\/2009-2015\\\/2157-2\\\/\"},\"author\":{\"name\":\"admin\",\"@id\":\"https:\\\/\\\/fjala.info\\\/2009-2015\\\/#\\\/schema\\\/person\\\/3aa1163ef05469c496fc94e77611ada2\"},\"headline\":\"Po t\u00eb ishin unike qeverit\u00eb e Shqip\u00ebris\u00eb dhe e Kosov\u00ebs, a do t\u00eb kishte mundur UEFA t&#8217;i diskriminoj\u00eb shqiptar\u00ebt?\",\"datePublished\":\"2014-10-30T21:11:16+00:00\",\"mainEntityOfPage\":{\"@id\":\"https:\\\/\\\/fjala.info\\\/2009-2015\\\/2157-2\\\/\"},\"wordCount\":601,\"commentCount\":0,\"publisher\":{\"@id\":\"https:\\\/\\\/fjala.info\\\/2009-2015\\\/#organization\"},\"image\":{\"@id\":\"https:\\\/\\\/fjala.info\\\/2009-2015\\\/2157-2\\\/#primaryimage\"},\"thumbnailUrl\":\"http:\\\/\\\/www.fjala.info\\\/2013\\\/asllan_dibrani1.jpg\",\"articleSection\":[\"Artikuj\"],\"inLanguage\":\"sq-AL\",\"potentialAction\":[{\"@type\":\"CommentAction\",\"name\":\"Comment\",\"target\":[\"https:\\\/\\\/fjala.info\\\/2009-2015\\\/2157-2\\\/#respond\"]}]},{\"@type\":\"WebPage\",\"@id\":\"https:\\\/\\\/fjala.info\\\/2009-2015\\\/2157-2\\\/\",\"url\":\"https:\\\/\\\/fjala.info\\\/2009-2015\\\/2157-2\\\/\",\"name\":\"Po t\u00eb ishin unike qeverit\u00eb e Shqip\u00ebris\u00eb dhe e Kosov\u00ebs, a do t\u00eb kishte mundur UEFA t'i diskriminoj\u00eb shqiptar\u00ebt? - FjALA e LIR\u00cb - Arkivi\",\"isPartOf\":{\"@id\":\"https:\\\/\\\/fjala.info\\\/2009-2015\\\/#website\"},\"primaryImageOfPage\":{\"@id\":\"https:\\\/\\\/fjala.info\\\/2009-2015\\\/2157-2\\\/#primaryimage\"},\"image\":{\"@id\":\"https:\\\/\\\/fjala.info\\\/2009-2015\\\/2157-2\\\/#primaryimage\"},\"thumbnailUrl\":\"http:\\\/\\\/www.fjala.info\\\/2013\\\/asllan_dibrani1.jpg\",\"datePublished\":\"2014-10-30T21:11:16+00:00\",\"breadcrumb\":{\"@id\":\"https:\\\/\\\/fjala.info\\\/2009-2015\\\/2157-2\\\/#breadcrumb\"},\"inLanguage\":\"sq-AL\",\"potentialAction\":[{\"@type\":\"ReadAction\",\"target\":[\"https:\\\/\\\/fjala.info\\\/2009-2015\\\/2157-2\\\/\"]}]},{\"@type\":\"ImageObject\",\"inLanguage\":\"sq-AL\",\"@id\":\"https:\\\/\\\/fjala.info\\\/2009-2015\\\/2157-2\\\/#primaryimage\",\"url\":\"http:\\\/\\\/www.fjala.info\\\/2013\\\/asllan_dibrani1.jpg\",\"contentUrl\":\"http:\\\/\\\/www.fjala.info\\\/2013\\\/asllan_dibrani1.jpg\"},{\"@type\":\"BreadcrumbList\",\"@id\":\"https:\\\/\\\/fjala.info\\\/2009-2015\\\/2157-2\\\/#breadcrumb\",\"itemListElement\":[{\"@type\":\"ListItem\",\"position\":1,\"name\":\"Home\",\"item\":\"https:\\\/\\\/fjala.info\\\/2009-2015\\\/\"},{\"@type\":\"ListItem\",\"position\":2,\"name\":\"Po t\u00eb ishin unike qeverit\u00eb e Shqip\u00ebris\u00eb dhe e Kosov\u00ebs, a do t\u00eb kishte mundur UEFA t&#8217;i diskriminoj\u00eb shqiptar\u00ebt?\"}]},{\"@type\":\"WebSite\",\"@id\":\"https:\\\/\\\/fjala.info\\\/2009-2015\\\/#website\",\"url\":\"https:\\\/\\\/fjala.info\\\/2009-2015\\\/\",\"name\":\"FjALA e LIR\u00cb - Arkivi\",\"description\":\"Arkivi 2009-2015\",\"publisher\":{\"@id\":\"https:\\\/\\\/fjala.info\\\/2009-2015\\\/#organization\"},\"potentialAction\":[{\"@type\":\"SearchAction\",\"target\":{\"@type\":\"EntryPoint\",\"urlTemplate\":\"https:\\\/\\\/fjala.info\\\/2009-2015\\\/?s={search_term_string}\"},\"query-input\":{\"@type\":\"PropertyValueSpecification\",\"valueRequired\":true,\"valueName\":\"search_term_string\"}}],\"inLanguage\":\"sq-AL\"},{\"@type\":\"Organization\",\"@id\":\"https:\\\/\\\/fjala.info\\\/2009-2015\\\/#organization\",\"name\":\"FjALA e LIR\u00cb - Arkivi\",\"url\":\"https:\\\/\\\/fjala.info\\\/2009-2015\\\/\",\"logo\":{\"@type\":\"ImageObject\",\"inLanguage\":\"sq-AL\",\"@id\":\"https:\\\/\\\/fjala.info\\\/2009-2015\\\/#\\\/schema\\\/logo\\\/image\\\/\",\"url\":\"\",\"contentUrl\":\"\",\"caption\":\"FjALA e LIR\u00cb - Arkivi\"},\"image\":{\"@id\":\"https:\\\/\\\/fjala.info\\\/2009-2015\\\/#\\\/schema\\\/logo\\\/image\\\/\"}},{\"@type\":\"Person\",\"@id\":\"https:\\\/\\\/fjala.info\\\/2009-2015\\\/#\\\/schema\\\/person\\\/3aa1163ef05469c496fc94e77611ada2\",\"name\":\"admin\",\"image\":{\"@type\":\"ImageObject\",\"inLanguage\":\"sq-AL\",\"@id\":\"https:\\\/\\\/fjala.info\\\/2009-2015\\\/wp-content\\\/uploads\\\/2012\\\/02\\\/arben_cokaj-120x150.jpg\",\"url\":\"https:\\\/\\\/fjala.info\\\/2009-2015\\\/wp-content\\\/uploads\\\/2012\\\/02\\\/arben_cokaj-120x150.jpg\",\"contentUrl\":\"https:\\\/\\\/fjala.info\\\/2009-2015\\\/wp-content\\\/uploads\\\/2012\\\/02\\\/arben_cokaj-120x150.jpg\",\"caption\":\"admin\"},\"description\":\"Admin, Fjala e Lir\u00eb\",\"sameAs\":[\"https:\\\/\\\/fjala.info\\\/\"],\"url\":\"https:\\\/\\\/fjala.info\\\/2009-2015\\\/author\\\/admin\\\/\"}]}<\/script>\n<!-- \/ Yoast SEO plugin. -->","yoast_head_json":{"title":"Po t\u00eb ishin unike qeverit\u00eb e Shqip\u00ebris\u00eb dhe e Kosov\u00ebs, a do t\u00eb kishte mundur UEFA t'i diskriminoj\u00eb shqiptar\u00ebt? - FjALA e LIR\u00cb - Arkivi","robots":{"index":"index","follow":"follow","max-snippet":"max-snippet:-1","max-image-preview":"max-image-preview:large","max-video-preview":"max-video-preview:-1"},"canonical":"https:\/\/fjala.info\/2009-2015\/2157-2\/","og_locale":"sq_AL","og_type":"article","og_title":"Po t\u00eb ishin unike qeverit\u00eb e Shqip\u00ebris\u00eb dhe e Kosov\u00ebs, a do t\u00eb kishte mundur UEFA t'i diskriminoj\u00eb shqiptar\u00ebt? - FjALA e LIR\u00cb - Arkivi","og_description":"Nga Asllan Dibrani Mediat nd\u00ebrkomb\u00ebtare u skandalizuan me padrejt\u00ebsin\u00eb, por pa efekt zyrtar qe u referua nga UEFA qe vendosi ngjarjen skandaloze n\u00eb stadiumin e Beogradit ta kthej\u00eb n\u00eb favor t\u00eb serb\u00ebve duke u dh\u00ebn\u00eb atyre fitoren 3 me 0 p\u00ebr ndeshjen e nd\u00ebrprer\u00eb kund\u00ebr Shqip\u00ebris\u00eb. Ky vendim i ka l\u00ebn\u00eb t\u00eb shokuar shqiptar\u00ebt, t\u00eb [&hellip;]","og_url":"https:\/\/fjala.info\/2009-2015\/2157-2\/","og_site_name":"FjALA e LIR\u00cb - Arkivi","article_published_time":"2014-10-30T21:11:16+00:00","og_image":[{"url":"http:\/\/www.fjala.info\/2013\/asllan_dibrani1.jpg","type":"","width":"","height":""}],"author":"admin","twitter_card":"summary_large_image","twitter_misc":{"Written by":"admin","Est. reading time":"3 minutes"},"schema":{"@context":"https:\/\/schema.org","@graph":[{"@type":"Article","@id":"https:\/\/fjala.info\/2009-2015\/2157-2\/#article","isPartOf":{"@id":"https:\/\/fjala.info\/2009-2015\/2157-2\/"},"author":{"name":"admin","@id":"https:\/\/fjala.info\/2009-2015\/#\/schema\/person\/3aa1163ef05469c496fc94e77611ada2"},"headline":"Po t\u00eb ishin unike qeverit\u00eb e Shqip\u00ebris\u00eb dhe e Kosov\u00ebs, a do t\u00eb kishte mundur UEFA t&#8217;i diskriminoj\u00eb shqiptar\u00ebt?","datePublished":"2014-10-30T21:11:16+00:00","mainEntityOfPage":{"@id":"https:\/\/fjala.info\/2009-2015\/2157-2\/"},"wordCount":601,"commentCount":0,"publisher":{"@id":"https:\/\/fjala.info\/2009-2015\/#organization"},"image":{"@id":"https:\/\/fjala.info\/2009-2015\/2157-2\/#primaryimage"},"thumbnailUrl":"http:\/\/www.fjala.info\/2013\/asllan_dibrani1.jpg","articleSection":["Artikuj"],"inLanguage":"sq-AL","potentialAction":[{"@type":"CommentAction","name":"Comment","target":["https:\/\/fjala.info\/2009-2015\/2157-2\/#respond"]}]},{"@type":"WebPage","@id":"https:\/\/fjala.info\/2009-2015\/2157-2\/","url":"https:\/\/fjala.info\/2009-2015\/2157-2\/","name":"Po t\u00eb ishin unike qeverit\u00eb e Shqip\u00ebris\u00eb dhe e Kosov\u00ebs, a do t\u00eb kishte mundur UEFA t'i diskriminoj\u00eb shqiptar\u00ebt? - FjALA e LIR\u00cb - Arkivi","isPartOf":{"@id":"https:\/\/fjala.info\/2009-2015\/#website"},"primaryImageOfPage":{"@id":"https:\/\/fjala.info\/2009-2015\/2157-2\/#primaryimage"},"image":{"@id":"https:\/\/fjala.info\/2009-2015\/2157-2\/#primaryimage"},"thumbnailUrl":"http:\/\/www.fjala.info\/2013\/asllan_dibrani1.jpg","datePublished":"2014-10-30T21:11:16+00:00","breadcrumb":{"@id":"https:\/\/fjala.info\/2009-2015\/2157-2\/#breadcrumb"},"inLanguage":"sq-AL","potentialAction":[{"@type":"ReadAction","target":["https:\/\/fjala.info\/2009-2015\/2157-2\/"]}]},{"@type":"ImageObject","inLanguage":"sq-AL","@id":"https:\/\/fjala.info\/2009-2015\/2157-2\/#primaryimage","url":"http:\/\/www.fjala.info\/2013\/asllan_dibrani1.jpg","contentUrl":"http:\/\/www.fjala.info\/2013\/asllan_dibrani1.jpg"},{"@type":"BreadcrumbList","@id":"https:\/\/fjala.info\/2009-2015\/2157-2\/#breadcrumb","itemListElement":[{"@type":"ListItem","position":1,"name":"Home","item":"https:\/\/fjala.info\/2009-2015\/"},{"@type":"ListItem","position":2,"name":"Po t\u00eb ishin unike qeverit\u00eb e Shqip\u00ebris\u00eb dhe e Kosov\u00ebs, a do t\u00eb kishte mundur UEFA t&#8217;i diskriminoj\u00eb shqiptar\u00ebt?"}]},{"@type":"WebSite","@id":"https:\/\/fjala.info\/2009-2015\/#website","url":"https:\/\/fjala.info\/2009-2015\/","name":"FjALA e LIR\u00cb - Arkivi","description":"Arkivi 2009-2015","publisher":{"@id":"https:\/\/fjala.info\/2009-2015\/#organization"},"potentialAction":[{"@type":"SearchAction","target":{"@type":"EntryPoint","urlTemplate":"https:\/\/fjala.info\/2009-2015\/?s={search_term_string}"},"query-input":{"@type":"PropertyValueSpecification","valueRequired":true,"valueName":"search_term_string"}}],"inLanguage":"sq-AL"},{"@type":"Organization","@id":"https:\/\/fjala.info\/2009-2015\/#organization","name":"FjALA e LIR\u00cb - Arkivi","url":"https:\/\/fjala.info\/2009-2015\/","logo":{"@type":"ImageObject","inLanguage":"sq-AL","@id":"https:\/\/fjala.info\/2009-2015\/#\/schema\/logo\/image\/","url":"","contentUrl":"","caption":"FjALA e LIR\u00cb - Arkivi"},"image":{"@id":"https:\/\/fjala.info\/2009-2015\/#\/schema\/logo\/image\/"}},{"@type":"Person","@id":"https:\/\/fjala.info\/2009-2015\/#\/schema\/person\/3aa1163ef05469c496fc94e77611ada2","name":"admin","image":{"@type":"ImageObject","inLanguage":"sq-AL","@id":"https:\/\/fjala.info\/2009-2015\/wp-content\/uploads\/2012\/02\/arben_cokaj-120x150.jpg","url":"https:\/\/fjala.info\/2009-2015\/wp-content\/uploads\/2012\/02\/arben_cokaj-120x150.jpg","contentUrl":"https:\/\/fjala.info\/2009-2015\/wp-content\/uploads\/2012\/02\/arben_cokaj-120x150.jpg","caption":"admin"},"description":"Admin, Fjala e Lir\u00eb","sameAs":["https:\/\/fjala.info\/"],"url":"https:\/\/fjala.info\/2009-2015\/author\/admin\/"}]}},"_links":{"self":[{"href":"https:\/\/fjala.info\/2009-2015\/wp-json\/wp\/v2\/posts\/13801","targetHints":{"allow":["GET"]}}],"collection":[{"href":"https:\/\/fjala.info\/2009-2015\/wp-json\/wp\/v2\/posts"}],"about":[{"href":"https:\/\/fjala.info\/2009-2015\/wp-json\/wp\/v2\/types\/post"}],"author":[{"embeddable":true,"href":"https:\/\/fjala.info\/2009-2015\/wp-json\/wp\/v2\/users\/1"}],"replies":[{"embeddable":true,"href":"https:\/\/fjala.info\/2009-2015\/wp-json\/wp\/v2\/comments?post=13801"}],"version-history":[{"count":0,"href":"https:\/\/fjala.info\/2009-2015\/wp-json\/wp\/v2\/posts\/13801\/revisions"}],"wp:attachment":[{"href":"https:\/\/fjala.info\/2009-2015\/wp-json\/wp\/v2\/media?parent=13801"}],"wp:term":[{"taxonomy":"category","embeddable":true,"href":"https:\/\/fjala.info\/2009-2015\/wp-json\/wp\/v2\/categories?post=13801"},{"taxonomy":"post_tag","embeddable":true,"href":"https:\/\/fjala.info\/2009-2015\/wp-json\/wp\/v2\/tags?post=13801"}],"curies":[{"name":"wp","href":"https:\/\/api.w.org\/{rel}","templated":true}]}}