{"id":1378,"date":"2012-01-26T21:01:04","date_gmt":"2012-01-26T20:01:04","guid":{"rendered":"http:\/\/fjala.shkoder.net\/?p=1378"},"modified":"2012-01-26T21:01:04","modified_gmt":"2012-01-26T20:01:04","slug":"diktaturat-lindin-nga-indiferenca-e-popujve","status":"publish","type":"post","link":"https:\/\/fjala.info\/2009-2015\/diktaturat-lindin-nga-indiferenca-e-popujve\/","title":{"rendered":"Diktaturat lindin nga indiferenca e popujve"},"content":{"rendered":"<p><img decoding=\"async\" class=\"alignright size-thumbnail wp-image-7236\" title=\"Berisha - Meta\" src=\"http:\/\/www.shkoder.net\/images\/fjala\/2011\/berisha_meta.jpg\" alt=\"\" width=\"200\" \/> Nga <strong>Etleva Bisha<\/strong>, <em>26 Janar 2012<\/em><\/p>\n<p>\u201cJu k\u00ebrkoj ndjes\u00eb paraprakisht p\u00ebr ndjesin\u00eb q\u00eb do ndaj me ju, por nuk rri dot pa th\u00ebn\u00eb se \u00e7do dit\u00eb e m\u00eb shum\u00eb Shqip\u00ebria po i ngjan nj\u00eb pacienti t\u00eb s\u00ebmur\u00eb me kancer. Tentakulat e qelizave malinje po i pushtojn\u00eb trupin dhe \u201cmjek\u00ebt\u201d shqiptar\u00eb e t\u00eb huaj po d\u00ebshtojn\u00eb seriozisht n\u00eb trajtimin e s\u00ebmundjes. Qeliza malinje lindi brenda trupit t\u00eb saj dhe filloi ta pushtonte gradualisht, n\u00eb fillim pa dhembje, tani \u00ebsht\u00eb faza e dhimbjeve t\u00eb r\u00ebnda e t\u00eb pakthyeshme. Ajo QELIZ\u00cb MALINJE ka PUSHTETIN tani mbi trupin e Shqip\u00ebris\u00eb dhe kthimin mbrapsht t\u00eb s\u00ebmundjes vet\u00ebm nj\u00eb mrekulli e b\u00ebn t\u00eb mundur!\u201d<\/p>\n<p>I vendosa mes thonj\u00ebzave k\u00ebto rreshta, sepse n\u00eb fakt ato ia drejtova miqve t\u00eb mi n\u00eb nj\u00eb prej rrjeteve sociale, n\u00eb p\u00ebrpjekjen p\u00ebr t\u00eb ndar\u00eb me ta ndjesin\u00eb q\u00eb ka koh\u00eb q\u00eb m\u00eb shoq\u00ebron. Nuk mendoja ta ktheja n\u00eb nj\u00eb shkrim, por reagimet q\u00eb morra m\u00eb nxit\u00ebn t\u00eb shkoj m\u00eb tej. Nj\u00eb prej miqve t\u00eb mi shkroi n\u00eb p\u00ebrgjigje se \u201cnuk \u00ebsht\u00eb koha p\u00ebr doktor\u00eb, \u00ebsht\u00eb koha t\u00eb gjejm\u00eb vetveten. T\u00eb fikim televizorin kur dalin ATA dhe t\u00eb mos u japim vot\u00ebn\u201d. P\u00ebr fat t\u00eb keq ka shum\u00eb nga ata q\u00eb t\u00eb lodhur nga politika e luft\u00ebs p\u00ebr t\u00eb mbajtur pushtetin dhe jo e sh\u00ebrbimit n\u00eb t\u00eb mir\u00eb t\u00eb shqiptar\u00ebve, gjejn\u00eb zgjidhjen m\u00eb t\u00eb leht\u00eb: mbyllin syt\u00eb e vesh\u00ebt p\u00ebr t\u00eb minimizuar t\u00eb pakt\u00ebn stresin e p\u00ebrditsh\u00ebm q\u00eb na vjen nga gam-gamet e politik\u00ebs (!).<\/p>\n<p>V\u00ebshtir\u00eb t\u2019i gjykosh n\u00eb pik\u00ebn ku ka arritur Shqip\u00ebria, sepse n\u00eb fakt kemi arritur n\u00eb pik\u00ebn ekstreme ku Kryeministri nuk \u00ebsht\u00eb kryeminist\u00ebr por i Gjith\u00ebpushtetshmi. Ai g\u00ebzon t\u00eb drejt\u00ebn e sharjes, k\u00ebrc\u00ebnimit, gjykimit, shpalljes fajtor, amnistis\u00eb s\u00eb ish-kund\u00ebrshtar\u00ebve dhe atyre q\u00eb u ka th\u00ebn\u00eb nj\u00ebmij\u00eb e nj\u00eb t\u00eb zeza. Ai g\u00ebzon \u00e7do t\u00eb drejt\u00eb, madje edhe ato t\u00eb drejta q\u00eb nuk i takojn\u00eb.<\/p>\n<p>Kush akuzon at\u00eb apo ata q\u00eb i sh\u00ebrbejn\u00eb apo frym\u00ebzohen prej tij jan\u00eb armiq t\u00eb demokracis\u00eb q\u00eb duhen nd\u00ebshkuar, pavar\u00ebsisht se si: me denigrim, me sharje, me rrahje deri nj\u00eb vit m\u00eb par\u00eb, por edhe me vrasje, si nj\u00eb vit m\u00eb par\u00eb! Kush guxon t\u2019i drejtohet drejt\u00ebsis\u00eb p\u00ebr t\u00eb gjetur t\u00eb drejt\u00ebn p\u00ebrball\u00eb t\u00eb Gjith\u00ebpushtetshmit apo atyre q\u00eb ka ai p\u00ebrreth merr m\u00ebsimin e radh\u00ebs: drejt\u00ebsia i sh\u00ebrben jo t\u00eb v\u00ebrtet\u00ebs dhe t\u00eb drejt\u00ebs, por imunizimit t\u00eb t\u00eb Gjith\u00ebpushtetshmit dhe atyre q\u00eb ka p\u00ebrreth, q\u00eb lundrojn\u00eb n\u00eb detin e boll\u00ebkut t\u00eb krijuar me mekanizma \u201cdemokratike\u201d.<\/p>\n<p>Nuk e them me ironi, e rip\u00ebrs\u00ebris: Boll\u00ebk me mekanizma demokratike! Nuk \u00ebsht\u00eb vota, nj\u00eb mekaniz\u00ebm demokratik? \u00cbsht\u00eb, por p\u00ebr vende demokratike ama. E kemi m\u00ebsuar tashm\u00eb t\u00eb gjith\u00eb se demokracia z\u00eb fill tek demokracia elektorale, q\u00eb i jep t\u00eb drejt\u00ebn \u00e7do shtetasi t\u00eb shprehet me vot\u00eb se nga kush dhe se si do t\u00eb qeveriset. Po kur e sheh se ajo vot\u00eb nuk ka vler\u00eb apo tjet\u00ebrsohet \u00e7\u2019kuptim ka t\u00eb marr\u00ebsh mundimin e t\u00eb shkosh tek kutia e votimit? I Gjith\u00ebpushtetshmi ta ka dh\u00ebn\u00eb leksionin n\u00eb \u00e7do pal\u00eb zgjedhje: vota jote hyn n\u00eb kuti kund\u00ebr tij dhe del nga kutia pro-tij! Shko prap\u00eb tek kutia e votimit po deshe\u2026<\/p>\n<p>K\u00ebshtu, jemi katandisur n\u00eb pik\u00ebn ku politika \u00ebsht\u00eb kthyer n\u00eb mjetin q\u00eb ka pasuruar t\u00eb Gjith\u00ebpushtetshmin e politik\u00ebs dhe oborrin e tij, duke humbur misionin e saj themelor (p\u00ebr vende demokratike kuptohet): ti sh\u00ebrbej\u00eb shqiptar\u00ebve! M\u00eb keq akoma: n\u00eb vend t\u00eb sh\u00ebrbimit i ka ofruar modelin e urrejtjes ndaj kund\u00ebrshtarit politik, modelin e konfliktit, e padrejt\u00ebsis\u00eb, e mosnd\u00ebshkimit, t\u00eb n\u00ebnshtrimit ndaj realitetit dhe indiferentizmit ndaj asaj \u00e7far\u00eb b\u00ebn e prodhon qeveria.<\/p>\n","protected":false},"excerpt":{"rendered":"<p>Nga Etleva Bisha, 26 Janar 2012 \u201cJu k\u00ebrkoj ndjes\u00eb paraprakisht p\u00ebr ndjesin\u00eb q\u00eb do ndaj me ju, por nuk rri dot pa th\u00ebn\u00eb se \u00e7do dit\u00eb e m\u00eb shum\u00eb Shqip\u00ebria po i ngjan nj\u00eb pacienti t\u00eb s\u00ebmur\u00eb me kancer. Tentakulat e qelizave malinje po i pushtojn\u00eb trupin dhe \u201cmjek\u00ebt\u201d shqiptar\u00eb e t\u00eb huaj po d\u00ebshtojn\u00eb [&hellip;]<\/p>\n","protected":false},"author":1,"featured_media":0,"comment_status":"open","ping_status":"closed","sticky":false,"template":"","format":"standard","meta":{"footnotes":""},"categories":[2],"tags":[],"class_list":{"0":"post-1378","1":"post","2":"type-post","3":"status-publish","4":"format-standard","6":"category-artikuj"},"yoast_head":"<!-- This site is optimized with the Yoast SEO plugin v27.4 - https:\/\/yoast.com\/product\/yoast-seo-wordpress\/ -->\n<title>Diktaturat lindin nga indiferenca e popujve - FjALA e LIR\u00cb - Arkivi<\/title>\n<meta name=\"robots\" content=\"index, follow, max-snippet:-1, max-image-preview:large, max-video-preview:-1\" \/>\n<link rel=\"canonical\" href=\"https:\/\/fjala.info\/2009-2015\/diktaturat-lindin-nga-indiferenca-e-popujve\/\" \/>\n<meta property=\"og:locale\" content=\"sq_AL\" \/>\n<meta property=\"og:type\" content=\"article\" \/>\n<meta property=\"og:title\" content=\"Diktaturat lindin nga indiferenca e popujve - FjALA e LIR\u00cb - Arkivi\" \/>\n<meta property=\"og:description\" content=\"Nga Etleva Bisha, 26 Janar 2012 \u201cJu k\u00ebrkoj ndjes\u00eb paraprakisht p\u00ebr ndjesin\u00eb q\u00eb do ndaj me ju, por nuk rri dot pa th\u00ebn\u00eb se \u00e7do dit\u00eb e m\u00eb shum\u00eb Shqip\u00ebria po i ngjan nj\u00eb pacienti t\u00eb s\u00ebmur\u00eb me kancer. Tentakulat e qelizave malinje po i pushtojn\u00eb trupin dhe \u201cmjek\u00ebt\u201d shqiptar\u00eb e t\u00eb huaj po d\u00ebshtojn\u00eb [&hellip;]\" \/>\n<meta property=\"og:url\" content=\"https:\/\/fjala.info\/2009-2015\/diktaturat-lindin-nga-indiferenca-e-popujve\/\" \/>\n<meta property=\"og:site_name\" content=\"FjALA e LIR\u00cb - Arkivi\" \/>\n<meta property=\"article:published_time\" content=\"2012-01-26T20:01:04+00:00\" \/>\n<meta property=\"og:image\" content=\"http:\/\/www.shkoder.net\/images\/fjala\/2011\/berisha_meta.jpg\" \/>\n<meta name=\"author\" content=\"admin\" \/>\n<meta name=\"twitter:card\" content=\"summary_large_image\" \/>\n<meta name=\"twitter:label1\" content=\"Written by\" \/>\n\t<meta name=\"twitter:data1\" content=\"admin\" \/>\n\t<meta name=\"twitter:label2\" content=\"Est. reading time\" \/>\n\t<meta name=\"twitter:data2\" content=\"3 minutes\" \/>\n<script type=\"application\/ld+json\" class=\"yoast-schema-graph\">{\"@context\":\"https:\\\/\\\/schema.org\",\"@graph\":[{\"@type\":\"Article\",\"@id\":\"https:\\\/\\\/fjala.info\\\/2009-2015\\\/diktaturat-lindin-nga-indiferenca-e-popujve\\\/#article\",\"isPartOf\":{\"@id\":\"https:\\\/\\\/fjala.info\\\/2009-2015\\\/diktaturat-lindin-nga-indiferenca-e-popujve\\\/\"},\"author\":{\"name\":\"admin\",\"@id\":\"https:\\\/\\\/fjala.info\\\/2009-2015\\\/#\\\/schema\\\/person\\\/3aa1163ef05469c496fc94e77611ada2\"},\"headline\":\"Diktaturat lindin nga indiferenca e popujve\",\"datePublished\":\"2012-01-26T20:01:04+00:00\",\"mainEntityOfPage\":{\"@id\":\"https:\\\/\\\/fjala.info\\\/2009-2015\\\/diktaturat-lindin-nga-indiferenca-e-popujve\\\/\"},\"wordCount\":680,\"commentCount\":0,\"publisher\":{\"@id\":\"https:\\\/\\\/fjala.info\\\/2009-2015\\\/#organization\"},\"image\":{\"@id\":\"https:\\\/\\\/fjala.info\\\/2009-2015\\\/diktaturat-lindin-nga-indiferenca-e-popujve\\\/#primaryimage\"},\"thumbnailUrl\":\"http:\\\/\\\/www.shkoder.net\\\/images\\\/fjala\\\/2011\\\/berisha_meta.jpg\",\"articleSection\":[\"Artikuj\"],\"inLanguage\":\"sq-AL\",\"potentialAction\":[{\"@type\":\"CommentAction\",\"name\":\"Comment\",\"target\":[\"https:\\\/\\\/fjala.info\\\/2009-2015\\\/diktaturat-lindin-nga-indiferenca-e-popujve\\\/#respond\"]}]},{\"@type\":\"WebPage\",\"@id\":\"https:\\\/\\\/fjala.info\\\/2009-2015\\\/diktaturat-lindin-nga-indiferenca-e-popujve\\\/\",\"url\":\"https:\\\/\\\/fjala.info\\\/2009-2015\\\/diktaturat-lindin-nga-indiferenca-e-popujve\\\/\",\"name\":\"Diktaturat lindin nga indiferenca e popujve - FjALA e LIR\u00cb - Arkivi\",\"isPartOf\":{\"@id\":\"https:\\\/\\\/fjala.info\\\/2009-2015\\\/#website\"},\"primaryImageOfPage\":{\"@id\":\"https:\\\/\\\/fjala.info\\\/2009-2015\\\/diktaturat-lindin-nga-indiferenca-e-popujve\\\/#primaryimage\"},\"image\":{\"@id\":\"https:\\\/\\\/fjala.info\\\/2009-2015\\\/diktaturat-lindin-nga-indiferenca-e-popujve\\\/#primaryimage\"},\"thumbnailUrl\":\"http:\\\/\\\/www.shkoder.net\\\/images\\\/fjala\\\/2011\\\/berisha_meta.jpg\",\"datePublished\":\"2012-01-26T20:01:04+00:00\",\"breadcrumb\":{\"@id\":\"https:\\\/\\\/fjala.info\\\/2009-2015\\\/diktaturat-lindin-nga-indiferenca-e-popujve\\\/#breadcrumb\"},\"inLanguage\":\"sq-AL\",\"potentialAction\":[{\"@type\":\"ReadAction\",\"target\":[\"https:\\\/\\\/fjala.info\\\/2009-2015\\\/diktaturat-lindin-nga-indiferenca-e-popujve\\\/\"]}]},{\"@type\":\"ImageObject\",\"inLanguage\":\"sq-AL\",\"@id\":\"https:\\\/\\\/fjala.info\\\/2009-2015\\\/diktaturat-lindin-nga-indiferenca-e-popujve\\\/#primaryimage\",\"url\":\"http:\\\/\\\/www.shkoder.net\\\/images\\\/fjala\\\/2011\\\/berisha_meta.jpg\",\"contentUrl\":\"http:\\\/\\\/www.shkoder.net\\\/images\\\/fjala\\\/2011\\\/berisha_meta.jpg\"},{\"@type\":\"BreadcrumbList\",\"@id\":\"https:\\\/\\\/fjala.info\\\/2009-2015\\\/diktaturat-lindin-nga-indiferenca-e-popujve\\\/#breadcrumb\",\"itemListElement\":[{\"@type\":\"ListItem\",\"position\":1,\"name\":\"Home\",\"item\":\"https:\\\/\\\/fjala.info\\\/2009-2015\\\/\"},{\"@type\":\"ListItem\",\"position\":2,\"name\":\"Diktaturat lindin nga indiferenca e popujve\"}]},{\"@type\":\"WebSite\",\"@id\":\"https:\\\/\\\/fjala.info\\\/2009-2015\\\/#website\",\"url\":\"https:\\\/\\\/fjala.info\\\/2009-2015\\\/\",\"name\":\"FjALA e LIR\u00cb - Arkivi\",\"description\":\"Arkivi 2009-2015\",\"publisher\":{\"@id\":\"https:\\\/\\\/fjala.info\\\/2009-2015\\\/#organization\"},\"potentialAction\":[{\"@type\":\"SearchAction\",\"target\":{\"@type\":\"EntryPoint\",\"urlTemplate\":\"https:\\\/\\\/fjala.info\\\/2009-2015\\\/?s={search_term_string}\"},\"query-input\":{\"@type\":\"PropertyValueSpecification\",\"valueRequired\":true,\"valueName\":\"search_term_string\"}}],\"inLanguage\":\"sq-AL\"},{\"@type\":\"Organization\",\"@id\":\"https:\\\/\\\/fjala.info\\\/2009-2015\\\/#organization\",\"name\":\"FjALA e LIR\u00cb - Arkivi\",\"url\":\"https:\\\/\\\/fjala.info\\\/2009-2015\\\/\",\"logo\":{\"@type\":\"ImageObject\",\"inLanguage\":\"sq-AL\",\"@id\":\"https:\\\/\\\/fjala.info\\\/2009-2015\\\/#\\\/schema\\\/logo\\\/image\\\/\",\"url\":\"\",\"contentUrl\":\"\",\"caption\":\"FjALA e LIR\u00cb - Arkivi\"},\"image\":{\"@id\":\"https:\\\/\\\/fjala.info\\\/2009-2015\\\/#\\\/schema\\\/logo\\\/image\\\/\"}},{\"@type\":\"Person\",\"@id\":\"https:\\\/\\\/fjala.info\\\/2009-2015\\\/#\\\/schema\\\/person\\\/3aa1163ef05469c496fc94e77611ada2\",\"name\":\"admin\",\"image\":{\"@type\":\"ImageObject\",\"inLanguage\":\"sq-AL\",\"@id\":\"https:\\\/\\\/fjala.info\\\/2009-2015\\\/wp-content\\\/uploads\\\/2012\\\/02\\\/arben_cokaj-120x150.jpg\",\"url\":\"https:\\\/\\\/fjala.info\\\/2009-2015\\\/wp-content\\\/uploads\\\/2012\\\/02\\\/arben_cokaj-120x150.jpg\",\"contentUrl\":\"https:\\\/\\\/fjala.info\\\/2009-2015\\\/wp-content\\\/uploads\\\/2012\\\/02\\\/arben_cokaj-120x150.jpg\",\"caption\":\"admin\"},\"description\":\"Admin, Fjala e Lir\u00eb\",\"sameAs\":[\"https:\\\/\\\/fjala.info\\\/\"],\"url\":\"https:\\\/\\\/fjala.info\\\/2009-2015\\\/author\\\/admin\\\/\"}]}<\/script>\n<!-- \/ Yoast SEO plugin. -->","yoast_head_json":{"title":"Diktaturat lindin nga indiferenca e popujve - FjALA e LIR\u00cb - Arkivi","robots":{"index":"index","follow":"follow","max-snippet":"max-snippet:-1","max-image-preview":"max-image-preview:large","max-video-preview":"max-video-preview:-1"},"canonical":"https:\/\/fjala.info\/2009-2015\/diktaturat-lindin-nga-indiferenca-e-popujve\/","og_locale":"sq_AL","og_type":"article","og_title":"Diktaturat lindin nga indiferenca e popujve - FjALA e LIR\u00cb - Arkivi","og_description":"Nga Etleva Bisha, 26 Janar 2012 \u201cJu k\u00ebrkoj ndjes\u00eb paraprakisht p\u00ebr ndjesin\u00eb q\u00eb do ndaj me ju, por nuk rri dot pa th\u00ebn\u00eb se \u00e7do dit\u00eb e m\u00eb shum\u00eb Shqip\u00ebria po i ngjan nj\u00eb pacienti t\u00eb s\u00ebmur\u00eb me kancer. Tentakulat e qelizave malinje po i pushtojn\u00eb trupin dhe \u201cmjek\u00ebt\u201d shqiptar\u00eb e t\u00eb huaj po d\u00ebshtojn\u00eb [&hellip;]","og_url":"https:\/\/fjala.info\/2009-2015\/diktaturat-lindin-nga-indiferenca-e-popujve\/","og_site_name":"FjALA e LIR\u00cb - Arkivi","article_published_time":"2012-01-26T20:01:04+00:00","og_image":[{"url":"http:\/\/www.shkoder.net\/images\/fjala\/2011\/berisha_meta.jpg","type":"","width":"","height":""}],"author":"admin","twitter_card":"summary_large_image","twitter_misc":{"Written by":"admin","Est. reading time":"3 minutes"},"schema":{"@context":"https:\/\/schema.org","@graph":[{"@type":"Article","@id":"https:\/\/fjala.info\/2009-2015\/diktaturat-lindin-nga-indiferenca-e-popujve\/#article","isPartOf":{"@id":"https:\/\/fjala.info\/2009-2015\/diktaturat-lindin-nga-indiferenca-e-popujve\/"},"author":{"name":"admin","@id":"https:\/\/fjala.info\/2009-2015\/#\/schema\/person\/3aa1163ef05469c496fc94e77611ada2"},"headline":"Diktaturat lindin nga indiferenca e popujve","datePublished":"2012-01-26T20:01:04+00:00","mainEntityOfPage":{"@id":"https:\/\/fjala.info\/2009-2015\/diktaturat-lindin-nga-indiferenca-e-popujve\/"},"wordCount":680,"commentCount":0,"publisher":{"@id":"https:\/\/fjala.info\/2009-2015\/#organization"},"image":{"@id":"https:\/\/fjala.info\/2009-2015\/diktaturat-lindin-nga-indiferenca-e-popujve\/#primaryimage"},"thumbnailUrl":"http:\/\/www.shkoder.net\/images\/fjala\/2011\/berisha_meta.jpg","articleSection":["Artikuj"],"inLanguage":"sq-AL","potentialAction":[{"@type":"CommentAction","name":"Comment","target":["https:\/\/fjala.info\/2009-2015\/diktaturat-lindin-nga-indiferenca-e-popujve\/#respond"]}]},{"@type":"WebPage","@id":"https:\/\/fjala.info\/2009-2015\/diktaturat-lindin-nga-indiferenca-e-popujve\/","url":"https:\/\/fjala.info\/2009-2015\/diktaturat-lindin-nga-indiferenca-e-popujve\/","name":"Diktaturat lindin nga indiferenca e popujve - FjALA e LIR\u00cb - Arkivi","isPartOf":{"@id":"https:\/\/fjala.info\/2009-2015\/#website"},"primaryImageOfPage":{"@id":"https:\/\/fjala.info\/2009-2015\/diktaturat-lindin-nga-indiferenca-e-popujve\/#primaryimage"},"image":{"@id":"https:\/\/fjala.info\/2009-2015\/diktaturat-lindin-nga-indiferenca-e-popujve\/#primaryimage"},"thumbnailUrl":"http:\/\/www.shkoder.net\/images\/fjala\/2011\/berisha_meta.jpg","datePublished":"2012-01-26T20:01:04+00:00","breadcrumb":{"@id":"https:\/\/fjala.info\/2009-2015\/diktaturat-lindin-nga-indiferenca-e-popujve\/#breadcrumb"},"inLanguage":"sq-AL","potentialAction":[{"@type":"ReadAction","target":["https:\/\/fjala.info\/2009-2015\/diktaturat-lindin-nga-indiferenca-e-popujve\/"]}]},{"@type":"ImageObject","inLanguage":"sq-AL","@id":"https:\/\/fjala.info\/2009-2015\/diktaturat-lindin-nga-indiferenca-e-popujve\/#primaryimage","url":"http:\/\/www.shkoder.net\/images\/fjala\/2011\/berisha_meta.jpg","contentUrl":"http:\/\/www.shkoder.net\/images\/fjala\/2011\/berisha_meta.jpg"},{"@type":"BreadcrumbList","@id":"https:\/\/fjala.info\/2009-2015\/diktaturat-lindin-nga-indiferenca-e-popujve\/#breadcrumb","itemListElement":[{"@type":"ListItem","position":1,"name":"Home","item":"https:\/\/fjala.info\/2009-2015\/"},{"@type":"ListItem","position":2,"name":"Diktaturat lindin nga indiferenca e popujve"}]},{"@type":"WebSite","@id":"https:\/\/fjala.info\/2009-2015\/#website","url":"https:\/\/fjala.info\/2009-2015\/","name":"FjALA e LIR\u00cb - Arkivi","description":"Arkivi 2009-2015","publisher":{"@id":"https:\/\/fjala.info\/2009-2015\/#organization"},"potentialAction":[{"@type":"SearchAction","target":{"@type":"EntryPoint","urlTemplate":"https:\/\/fjala.info\/2009-2015\/?s={search_term_string}"},"query-input":{"@type":"PropertyValueSpecification","valueRequired":true,"valueName":"search_term_string"}}],"inLanguage":"sq-AL"},{"@type":"Organization","@id":"https:\/\/fjala.info\/2009-2015\/#organization","name":"FjALA e LIR\u00cb - Arkivi","url":"https:\/\/fjala.info\/2009-2015\/","logo":{"@type":"ImageObject","inLanguage":"sq-AL","@id":"https:\/\/fjala.info\/2009-2015\/#\/schema\/logo\/image\/","url":"","contentUrl":"","caption":"FjALA e LIR\u00cb - Arkivi"},"image":{"@id":"https:\/\/fjala.info\/2009-2015\/#\/schema\/logo\/image\/"}},{"@type":"Person","@id":"https:\/\/fjala.info\/2009-2015\/#\/schema\/person\/3aa1163ef05469c496fc94e77611ada2","name":"admin","image":{"@type":"ImageObject","inLanguage":"sq-AL","@id":"https:\/\/fjala.info\/2009-2015\/wp-content\/uploads\/2012\/02\/arben_cokaj-120x150.jpg","url":"https:\/\/fjala.info\/2009-2015\/wp-content\/uploads\/2012\/02\/arben_cokaj-120x150.jpg","contentUrl":"https:\/\/fjala.info\/2009-2015\/wp-content\/uploads\/2012\/02\/arben_cokaj-120x150.jpg","caption":"admin"},"description":"Admin, Fjala e Lir\u00eb","sameAs":["https:\/\/fjala.info\/"],"url":"https:\/\/fjala.info\/2009-2015\/author\/admin\/"}]}},"_links":{"self":[{"href":"https:\/\/fjala.info\/2009-2015\/wp-json\/wp\/v2\/posts\/1378","targetHints":{"allow":["GET"]}}],"collection":[{"href":"https:\/\/fjala.info\/2009-2015\/wp-json\/wp\/v2\/posts"}],"about":[{"href":"https:\/\/fjala.info\/2009-2015\/wp-json\/wp\/v2\/types\/post"}],"author":[{"embeddable":true,"href":"https:\/\/fjala.info\/2009-2015\/wp-json\/wp\/v2\/users\/1"}],"replies":[{"embeddable":true,"href":"https:\/\/fjala.info\/2009-2015\/wp-json\/wp\/v2\/comments?post=1378"}],"version-history":[{"count":0,"href":"https:\/\/fjala.info\/2009-2015\/wp-json\/wp\/v2\/posts\/1378\/revisions"}],"wp:attachment":[{"href":"https:\/\/fjala.info\/2009-2015\/wp-json\/wp\/v2\/media?parent=1378"}],"wp:term":[{"taxonomy":"category","embeddable":true,"href":"https:\/\/fjala.info\/2009-2015\/wp-json\/wp\/v2\/categories?post=1378"},{"taxonomy":"post_tag","embeddable":true,"href":"https:\/\/fjala.info\/2009-2015\/wp-json\/wp\/v2\/tags?post=1378"}],"curies":[{"name":"wp","href":"https:\/\/api.w.org\/{rel}","templated":true}]}}