{"id":13711,"date":"2014-08-29T15:02:29","date_gmt":"2014-08-29T14:02:29","guid":{"rendered":"http:\/\/www.fjala.info\/?p=1764"},"modified":"2014-08-29T15:02:29","modified_gmt":"2014-08-29T14:02:29","slug":"festivali-i-gjinokastres-dhe-shemtuesit-e-kostumit-kombtar-shqiptar","status":"publish","type":"post","link":"https:\/\/fjala.info\/2009-2015\/festivali-i-gjinokastres-dhe-shemtuesit-e-kostumit-kombtar-shqiptar\/","title":{"rendered":"FESTIVALI I GJINOKASTRES DHE SHEMTUESIT E KOSTUMIT KOMBTAR SHQIPTAR"},"content":{"rendered":"<p>Nga <strong>Fritz RADOVANI<\/strong>: <em>Pjesa e III<\/em>.<\/p>\n<p>(<em>Fotot n\u00eb Kala t\u00eb Gjinokastres: Nga shkrimtaria Drita Lushi 2013, n\u00eb ZSH.)<\/em><\/p>\n<p>Boll me p\u00ebrralla!<br \/>\nEdhe k\u00ebte sahat q\u00eb shihni nalt\u00eb n\u00eb Kala, e keni zhgul\u00eb n\u00eb Kishat Katolike t\u00eb Shkodres!<br \/>\nDit\u00eb e nat\u00eb u mendue vetem si me e shkatrrue, pla\u00e7kit\u00eb e me e qit\u00eb faret qytetin e Shkodres!<br \/>\nPo, edhe Rozafa&#8230; vazhdonte punen e Saj: \u201cMe u m\u00ebkue disa Burrave me qum\u00ebshtin e vet, ata tipare t\u00eb pavdekshme t\u00eb Trojeve Ilire, q\u00eb ruente thell\u00eb nder temelet e gurt\u2019 e Saj historik\u00eb!<br \/>\nKostumi kombtar i Shkodres, trashigohej dhe ruhej si rrelike nder sht\u00ebpijat tona!<br \/>\nN\u00ebse nuk perdorej&#8230; Ai shihej n\u00eb t\u00eb gjitha dhomat e pritjes s\u00eb sht\u00ebpijave t\u00eb vjetra, kjoft\u00eb edhe nder fotografi q\u00eb vareshin n\u00eb krye t\u00eb vendit. Stergjysh\u00ebt tan\u00eb vazhdonin me na nderue edhe ne!<\/p>\n<p>Arkat e vjetra t\u00eb grave ishin t\u00eb kudondodhuna me thesaret e Etnografis\u00eb son\u00eb kombtare.<br \/>\nKostumi kombtar shkodran\u00eb i grave shihej nder disa raste i veshun nga gjyshja ime Ninja e Pjeter Prennushit, Lezja, nana e Gasper Ugashit, Maria e Gjon Mark Shllakut Rusit, Zina e Kol\u00eb Daj\u00ebs, Ninja e Kol\u00eb Gurashit, Shaqia e Shan Tarrnakut, Silja e Zef Kraj\u00ebs, Katrina e Gjelosh Shal\u00ebs, Roza Krroqi e ndonj\u00eb grue q\u00eb koha m\u00eb ka shlye emnat e tyne. Ndersa, grat\u00eb kosovare q\u00eb kan\u00eb jetue n\u00eb Shkoder, binin n\u00eb sy per veshjen e tyne kombtare dhe shum\u00eb t\u00eb bukur tue fillue prej t\u00eb shoqes Zef Batalakut, Luigj Shal\u00ebs, Mati Tha\u00e7it, Pashko Berish\u00ebs, Tade Shirok\u00ebs etj&#8230;<br \/>\nKostumi i grave shkodrane e tham pa pik\u00eb dyshimi se asht i papers\u00ebritsh\u00ebm edhe nder vendet tjera t\u00eb qytetnueme. Bukuria e tij tregonte kulturen shekullore q\u00eb trashigohej nder breza&#8230;<br \/>\nIshte i vetmi kostum kombtar i mbetun n\u00eb nj\u00eb qytet Martir\u00eb, n\u00eb Shkoder; mbasi nder qytetet tjera t\u00eb Shqipnis\u00eb veshjet e tyne kombtare ishin \u201casimilue\u201d nga turqit, sllav\u00ebt dhe grek\u00ebt&#8230; Prandej, dhe ai duhej per\u00e7udnue mbas viteve 1967, ashtusi, mendohej me e shpartallue edhe Shkodren!<br \/>\nK\u00ebte fakt e verteton \u201cFestivali Folklorik i Gjirokastres\u201d&#8230;<\/p>\n<p><strong>Fara e qytetnimit Europjan n\u00eb Shkoder nuk shqimet kurr\u00eb!<\/strong><br \/>\nNga familja shum\u00eb e vjeter Kamsi njoha n\u00eb vitin 1978, n\u00eb moshen 84 vje\u00e7are Burrin e dijtun e trim, mikun e Luigj Gurakuqit, Gjon Kamsin. Nj\u00eb dit\u00eb m\u00eb dha nj\u00eb leter q\u00eb i kishte shkrue Kryetarit t\u00eb Institutit Folklorit n\u00eb Tiran\u00eb, shokut Profesor Zihni Sako&#8230; Sigurisht, me shpres\u00eb se ajo leter, do t\u00eb shkoj\u00eb n\u00eb zyret dhe tavolinat e t\u00eb gjith\u00eb atyne \u201cprofesor\u00ebve\u201d (ose edhe ma nalt\u00eb), q\u00eb mendonin dhe punonin pa pushue me turpnue veshjen e Grave Shkodrane.<br \/>\nI kerkova leje me e kopjue! Ai m\u00eb dha at\u00eb t\u00eb drejt\u00eb, tue shtue q\u00eb \u201cmbasi t\u2019a lexoj, me i dhan\u00eb pershtypjen time per permbajtjen e saj!\u201d<br \/>\nUn\u00eb do t\u00eb botoj letren e plot\u00eb, pergjegjen e sh. Zihni Sako, dhe pershtypjen time t\u2019 at\u00ebhershme:<\/p>\n<p>\u201cShokut Profesor Zihni Sako, Drejtuer i Institutit t\u00eb Folklorit Tiran\u00eb.<br \/>\nShkoder, me 30 Tetuer 1978.<br \/>\nN\u00eb Festivalin folklorik t\u00eb Gjinokastres i zhvilluem sivjet, m\u00eb ka ra n\u00eb sy paraqitja e grues shkodrane, e kerkueme, si thon\u00eb, n\u00eb veshjen e saj, pa brenavek\u00eb fill n\u00eb k\u00ebmish\u00eb e tlina.<br \/>\nNji paraqitje e till\u00eb e kerkueme nuk dihet perse e me \u00e7\u2019 qellim folklorik ka pas\u00eb jo pa arsye, nji gjykim t\u00eb rand\u00eb nga ata qi kan\u00eb ndodh\u00eb ta shofin qysh n\u00eb \u00e7faqjen e par\u00eb, qi asht dhan\u00eb n\u00eb nisjen e grupit folklorik t\u00eb Shkodres per Gjinokaster.<br \/>\nE asht per at\u00eb arsye e t\u00eb bot\u00ebs s\u00eb pranishme, vendase e t\u00eb huej n\u00eb at\u00eb \u00e7faqje festivali, qi po due t\u00eb theksoj gabimin e rand\u00eb t\u00eb ndryshimit t\u00eb veshjes s\u00eb grues shkodrane, nga me brenavek\u00eb n\u00eb at\u00eb me k\u00ebmish\u00eb e tlina me boh\u00e7e perpara. Ndryshim qi nuk difton asgja t\u00eb mir\u00eb folklorike e estetike.<br \/>\nBrenaveku nuk asht ashtu si mendohet nji veshje e thjesht\u00eb me kinda por nji veshje m\u00ebndafshi t\u00eb zi a vjollc\u00eb, me kamb\u00ebsa gajtani t\u00eb kuq e qendisje mbi coh\u00eb t\u00eb kuqe, lulesh me tehri t\u00eb zez\u00eb, qi m\u00ebrrijn\u00eb te pulpat e kamb\u00ebs dhe me t\u00eb perparme, aty ku lidhet n\u00eb bel me ushkur, nji erma\u00e7 t\u00eb madh n\u00eb trajt\u00eb zemre, edhe ky i qendisun po ashtu mbi coh\u00eb t\u00eb kuqe me tehrina t\u00eb zeza. Per rreth belit, mbi brenavek\u00eb, ka brezin e m\u00ebndafshit shum\u00eb ngjyrash.<br \/>\nMandej, brenaveku nuk veshet fill mbas tlinave t\u00eb ndjeshuna trupit, por mbi t\u00eb bardh\u00eb me kinda, per nji dukje ma t\u00eb hieshme t\u00eb brenavek\u00ebve mbi trup.<br \/>\nPrandej, brenaveku n\u00eb punimin e veshjen ndjek\u00eb nji kujdes t\u00eb posa\u00e7em t\u00eb terzis per kamb\u00ebzat e erma\u00e7in, dhe t\u00eb grues.<br \/>\nGrueja shkodrane nis\u00eb veshjen fillim e mbarim k\u00ebshtu:<br \/>\na. Ma par\u00eb, njiheri me tlinat, nji fanel\u00eb t\u00eb holl\u00eb me mang\u00eb, e bardh\u00eb ose e drandofillt\u00eb, t\u00eb veshuna per mish: Fanela e gershetueme n\u00eb qaf\u00eb me nji kordel\u00eb, qi lidhet n\u00eb gush\u00eb n\u00eb trajt\u00ebn e nji flutres.<br \/>\nb. T\u00eb bardhat pambuku me kinda me k\u00ebmishen harkat siper fanel\u00ebs, me qaf\u00eb e me gryk\u00eb, e punueme me gjylpan\u00eb.<br \/>\nc. Jeleku m\u00ebndafshi me lule, merthehet n\u00eb bel me fodulla t\u00eb qendisuna me ar e lagjyhera, me kom\u00e7e t\u00eb punueme nga argjentar\u00ebt;<br \/>\nd. Brenavek\u00ebt me brez t\u00eb m\u00ebndafshit si u tha ma nalt\u00eb;<br \/>\ndh. Mbi krye me flok\u00ebt t\u00eb lidhuna bishtalec, ven sallmanin t\u00eb qendisun me tertil e lagjyhera e inxhi, i merthyem mbi krye me nji lidhc\u00eb t\u00eb gjan\u00eb, t\u00eb qendisun gjithashtu;<br \/>\n\u00eb. Sipri sallmanit degermia e qendisun me lule, fije m\u00ebndafshi t\u00eb bardhe e diku n\u00ebp\u00ebrte edhe fije ari, e cila, merthehet mbi krye rreth lidhc\u00ebs s\u00eb sallmanit dhe bije krah\u00ebve mbi xhybe.<br \/>\ne. Xhybja \u2013 pa mang\u00eb, e punueme me coh\u00eb t\u00eb kuqe dhe e qendisun me leheri t\u00eb zez\u00eb, me lule e pikla t\u00eb kuqe. Asht e punueme e artit t\u00eb terziut edhe n\u00eb premjen e saj, dhe sa e ndjeshun per shpin\u00eb aq e gjan\u00eb mbi brenavek\u00eb dhe, n\u00eb hapjen e saj kah parzma asht e stolisun me sumulla vezake m\u00ebndafshi, t\u00eb zeza me majuca t\u00eb kuq o t\u00eb m\u00ebndafshta t\u2019 arta.<br \/>\nf. Kamb\u00ebt me \u00e7orap\u00eb t\u00eb shkurt\u00eb t\u00eb pambuk\u00ebt a t\u00eb lesht\u00eb, t\u00eb bardh\u00eb simbas stin\u00ebs, mb\u00ebshtet\u00eb mbi pashmang\u00eb me shtrij\u00eb t\u00eb qendisunen e art\u00eb, si gjithashtu, siprina e gishtave qi maron n\u00eb majuca o me stivaleti lustrafini t\u00eb vizatuem e t\u00eb merthyem anash me sumbulla xhixh\u00eb.<br \/>\ng. Marama tisi t\u00eb bardh\u00eb, e holl\u00eb dhe e gjat\u00eb deri n\u00eb gju, aty kah fundi ka nji shirit t\u00eb qendisun me fije m\u00ebndafshi ngjyr\u00eb t\u00eb kuqe dhe n\u00eb mes ari, dhe vihet kur grueja del me shetit\u00eb. Ajo mb\u00eblon me nji shestini rreth f\u00ebtyr\u00ebs, me krah\u00ebt, krejt\u00eb t\u00eb perparmen e trupit.<br \/>\ngj. Japanxha n\u00eb t\u00eb kuq t\u00eb kjart\u00eb cohe, pa mang\u00eb, mb\u00eblon trupin deri n\u00eb gjuj dhe ka nji jak\u00eb permbrapa q\u00eb hidhet mbi krye dhe lidhet nen mjekerr me nji fije tertili t\u00eb art\u00eb. E perparmja e hapun asht e qendisun n\u00eb dy an\u00ebt e kapak\u00ebve me lule t\u00eb m\u00ebndafshta ngjyr\u00eb t\u00eb verdh\u00eb, t\u00eb kuqe e t\u00eb qiellt\u00eb, dhe ka n\u00eb dy an\u00ebt e supeve xhufka t\u00eb m\u00ebdhaja me po ato ngjyra, t\u00eb cilat derdhen mbi krah\u00eb.<br \/>\nl. Parzma ka per stoli gushoren (gjerdan a kolan\u00eb) dhe varsen per dupa, sinxhirin e sahatit me kapak\u00eb ari, n\u00eb vesh\u00eb ka vath\u00ebt e vjerruna, n\u00eb gishta t\u00eb dor\u00ebs unazat me gur\u00eb dhe, n\u00eb kyq t\u00eb dor\u00ebs bylyzyk\u00ebt. Gjith\u00eb stolia xhevahiresh t\u00eb argjentar\u00ebve zanat\u00e7i shkodran\u00eb.\u201d&#8230;<\/p>\n<p><em>Vazhdon tek Pjesa e IV. Melbourne, 2014.<\/em><\/p>\n","protected":false},"excerpt":{"rendered":"<p>Nga Fritz RADOVANI: Pjesa e III. (Fotot n\u00eb Kala t\u00eb Gjinokastres: Nga shkrimtaria Drita Lushi 2013, n\u00eb ZSH.) Boll me p\u00ebrralla! Edhe k\u00ebte sahat q\u00eb shihni nalt\u00eb n\u00eb Kala, e keni zhgul\u00eb n\u00eb Kishat Katolike t\u00eb Shkodres! Dit\u00eb e nat\u00eb u mendue vetem si me e shkatrrue, pla\u00e7kit\u00eb e me e qit\u00eb faret qytetin e [&hellip;]<\/p>\n","protected":false},"author":1,"featured_media":0,"comment_status":"open","ping_status":"closed","sticky":false,"template":"","format":"standard","meta":{"footnotes":""},"categories":[2],"tags":[],"class_list":{"0":"post-13711","1":"post","2":"type-post","3":"status-publish","4":"format-standard","6":"category-artikuj"},"yoast_head":"<!-- This site is optimized with the Yoast SEO plugin v27.4 - https:\/\/yoast.com\/product\/yoast-seo-wordpress\/ -->\n<title>FESTIVALI I GJINOKASTRES DHE SHEMTUESIT E KOSTUMIT KOMBTAR SHQIPTAR - FjALA e LIR\u00cb - Arkivi<\/title>\n<meta name=\"robots\" content=\"index, follow, max-snippet:-1, max-image-preview:large, max-video-preview:-1\" \/>\n<link rel=\"canonical\" href=\"https:\/\/fjala.info\/2009-2015\/festivali-i-gjinokastres-dhe-shemtuesit-e-kostumit-kombtar-shqiptar\/\" \/>\n<meta property=\"og:locale\" content=\"sq_AL\" \/>\n<meta property=\"og:type\" content=\"article\" \/>\n<meta property=\"og:title\" content=\"FESTIVALI I GJINOKASTRES DHE SHEMTUESIT E KOSTUMIT KOMBTAR SHQIPTAR - FjALA e LIR\u00cb - Arkivi\" \/>\n<meta property=\"og:description\" content=\"Nga Fritz RADOVANI: Pjesa e III. (Fotot n\u00eb Kala t\u00eb Gjinokastres: Nga shkrimtaria Drita Lushi 2013, n\u00eb ZSH.) Boll me p\u00ebrralla! Edhe k\u00ebte sahat q\u00eb shihni nalt\u00eb n\u00eb Kala, e keni zhgul\u00eb n\u00eb Kishat Katolike t\u00eb Shkodres! Dit\u00eb e nat\u00eb u mendue vetem si me e shkatrrue, pla\u00e7kit\u00eb e me e qit\u00eb faret qytetin e [&hellip;]\" \/>\n<meta property=\"og:url\" content=\"https:\/\/fjala.info\/2009-2015\/festivali-i-gjinokastres-dhe-shemtuesit-e-kostumit-kombtar-shqiptar\/\" \/>\n<meta property=\"og:site_name\" content=\"FjALA e LIR\u00cb - Arkivi\" \/>\n<meta property=\"article:published_time\" content=\"2014-08-29T14:02:29+00:00\" \/>\n<meta name=\"author\" content=\"admin\" \/>\n<meta name=\"twitter:card\" content=\"summary_large_image\" \/>\n<meta name=\"twitter:label1\" content=\"Written by\" \/>\n\t<meta name=\"twitter:data1\" content=\"admin\" \/>\n\t<meta name=\"twitter:label2\" content=\"Est. reading time\" \/>\n\t<meta name=\"twitter:data2\" content=\"6 minutes\" \/>\n<script type=\"application\/ld+json\" class=\"yoast-schema-graph\">{\"@context\":\"https:\\\/\\\/schema.org\",\"@graph\":[{\"@type\":\"Article\",\"@id\":\"https:\\\/\\\/fjala.info\\\/2009-2015\\\/festivali-i-gjinokastres-dhe-shemtuesit-e-kostumit-kombtar-shqiptar\\\/#article\",\"isPartOf\":{\"@id\":\"https:\\\/\\\/fjala.info\\\/2009-2015\\\/festivali-i-gjinokastres-dhe-shemtuesit-e-kostumit-kombtar-shqiptar\\\/\"},\"author\":{\"name\":\"admin\",\"@id\":\"https:\\\/\\\/fjala.info\\\/2009-2015\\\/#\\\/schema\\\/person\\\/3aa1163ef05469c496fc94e77611ada2\"},\"headline\":\"FESTIVALI I GJINOKASTRES DHE SHEMTUESIT E KOSTUMIT KOMBTAR SHQIPTAR\",\"datePublished\":\"2014-08-29T14:02:29+00:00\",\"mainEntityOfPage\":{\"@id\":\"https:\\\/\\\/fjala.info\\\/2009-2015\\\/festivali-i-gjinokastres-dhe-shemtuesit-e-kostumit-kombtar-shqiptar\\\/\"},\"wordCount\":1276,\"commentCount\":0,\"publisher\":{\"@id\":\"https:\\\/\\\/fjala.info\\\/2009-2015\\\/#organization\"},\"articleSection\":[\"Artikuj\"],\"inLanguage\":\"sq-AL\",\"potentialAction\":[{\"@type\":\"CommentAction\",\"name\":\"Comment\",\"target\":[\"https:\\\/\\\/fjala.info\\\/2009-2015\\\/festivali-i-gjinokastres-dhe-shemtuesit-e-kostumit-kombtar-shqiptar\\\/#respond\"]}]},{\"@type\":\"WebPage\",\"@id\":\"https:\\\/\\\/fjala.info\\\/2009-2015\\\/festivali-i-gjinokastres-dhe-shemtuesit-e-kostumit-kombtar-shqiptar\\\/\",\"url\":\"https:\\\/\\\/fjala.info\\\/2009-2015\\\/festivali-i-gjinokastres-dhe-shemtuesit-e-kostumit-kombtar-shqiptar\\\/\",\"name\":\"FESTIVALI I GJINOKASTRES DHE SHEMTUESIT E KOSTUMIT KOMBTAR SHQIPTAR - FjALA e LIR\u00cb - Arkivi\",\"isPartOf\":{\"@id\":\"https:\\\/\\\/fjala.info\\\/2009-2015\\\/#website\"},\"datePublished\":\"2014-08-29T14:02:29+00:00\",\"breadcrumb\":{\"@id\":\"https:\\\/\\\/fjala.info\\\/2009-2015\\\/festivali-i-gjinokastres-dhe-shemtuesit-e-kostumit-kombtar-shqiptar\\\/#breadcrumb\"},\"inLanguage\":\"sq-AL\",\"potentialAction\":[{\"@type\":\"ReadAction\",\"target\":[\"https:\\\/\\\/fjala.info\\\/2009-2015\\\/festivali-i-gjinokastres-dhe-shemtuesit-e-kostumit-kombtar-shqiptar\\\/\"]}]},{\"@type\":\"BreadcrumbList\",\"@id\":\"https:\\\/\\\/fjala.info\\\/2009-2015\\\/festivali-i-gjinokastres-dhe-shemtuesit-e-kostumit-kombtar-shqiptar\\\/#breadcrumb\",\"itemListElement\":[{\"@type\":\"ListItem\",\"position\":1,\"name\":\"Home\",\"item\":\"https:\\\/\\\/fjala.info\\\/2009-2015\\\/\"},{\"@type\":\"ListItem\",\"position\":2,\"name\":\"FESTIVALI I GJINOKASTRES DHE SHEMTUESIT E KOSTUMIT KOMBTAR SHQIPTAR\"}]},{\"@type\":\"WebSite\",\"@id\":\"https:\\\/\\\/fjala.info\\\/2009-2015\\\/#website\",\"url\":\"https:\\\/\\\/fjala.info\\\/2009-2015\\\/\",\"name\":\"FjALA e LIR\u00cb - Arkivi\",\"description\":\"Arkivi 2009-2015\",\"publisher\":{\"@id\":\"https:\\\/\\\/fjala.info\\\/2009-2015\\\/#organization\"},\"potentialAction\":[{\"@type\":\"SearchAction\",\"target\":{\"@type\":\"EntryPoint\",\"urlTemplate\":\"https:\\\/\\\/fjala.info\\\/2009-2015\\\/?s={search_term_string}\"},\"query-input\":{\"@type\":\"PropertyValueSpecification\",\"valueRequired\":true,\"valueName\":\"search_term_string\"}}],\"inLanguage\":\"sq-AL\"},{\"@type\":\"Organization\",\"@id\":\"https:\\\/\\\/fjala.info\\\/2009-2015\\\/#organization\",\"name\":\"FjALA e LIR\u00cb - Arkivi\",\"url\":\"https:\\\/\\\/fjala.info\\\/2009-2015\\\/\",\"logo\":{\"@type\":\"ImageObject\",\"inLanguage\":\"sq-AL\",\"@id\":\"https:\\\/\\\/fjala.info\\\/2009-2015\\\/#\\\/schema\\\/logo\\\/image\\\/\",\"url\":\"\",\"contentUrl\":\"\",\"caption\":\"FjALA e LIR\u00cb - Arkivi\"},\"image\":{\"@id\":\"https:\\\/\\\/fjala.info\\\/2009-2015\\\/#\\\/schema\\\/logo\\\/image\\\/\"}},{\"@type\":\"Person\",\"@id\":\"https:\\\/\\\/fjala.info\\\/2009-2015\\\/#\\\/schema\\\/person\\\/3aa1163ef05469c496fc94e77611ada2\",\"name\":\"admin\",\"image\":{\"@type\":\"ImageObject\",\"inLanguage\":\"sq-AL\",\"@id\":\"https:\\\/\\\/fjala.info\\\/2009-2015\\\/wp-content\\\/uploads\\\/2012\\\/02\\\/arben_cokaj-120x150.jpg\",\"url\":\"https:\\\/\\\/fjala.info\\\/2009-2015\\\/wp-content\\\/uploads\\\/2012\\\/02\\\/arben_cokaj-120x150.jpg\",\"contentUrl\":\"https:\\\/\\\/fjala.info\\\/2009-2015\\\/wp-content\\\/uploads\\\/2012\\\/02\\\/arben_cokaj-120x150.jpg\",\"caption\":\"admin\"},\"description\":\"Admin, Fjala e Lir\u00eb\",\"sameAs\":[\"https:\\\/\\\/fjala.info\\\/\"],\"url\":\"https:\\\/\\\/fjala.info\\\/2009-2015\\\/author\\\/admin\\\/\"}]}<\/script>\n<!-- \/ Yoast SEO plugin. -->","yoast_head_json":{"title":"FESTIVALI I GJINOKASTRES DHE SHEMTUESIT E KOSTUMIT KOMBTAR SHQIPTAR - FjALA e LIR\u00cb - Arkivi","robots":{"index":"index","follow":"follow","max-snippet":"max-snippet:-1","max-image-preview":"max-image-preview:large","max-video-preview":"max-video-preview:-1"},"canonical":"https:\/\/fjala.info\/2009-2015\/festivali-i-gjinokastres-dhe-shemtuesit-e-kostumit-kombtar-shqiptar\/","og_locale":"sq_AL","og_type":"article","og_title":"FESTIVALI I GJINOKASTRES DHE SHEMTUESIT E KOSTUMIT KOMBTAR SHQIPTAR - FjALA e LIR\u00cb - Arkivi","og_description":"Nga Fritz RADOVANI: Pjesa e III. (Fotot n\u00eb Kala t\u00eb Gjinokastres: Nga shkrimtaria Drita Lushi 2013, n\u00eb ZSH.) Boll me p\u00ebrralla! Edhe k\u00ebte sahat q\u00eb shihni nalt\u00eb n\u00eb Kala, e keni zhgul\u00eb n\u00eb Kishat Katolike t\u00eb Shkodres! Dit\u00eb e nat\u00eb u mendue vetem si me e shkatrrue, pla\u00e7kit\u00eb e me e qit\u00eb faret qytetin e [&hellip;]","og_url":"https:\/\/fjala.info\/2009-2015\/festivali-i-gjinokastres-dhe-shemtuesit-e-kostumit-kombtar-shqiptar\/","og_site_name":"FjALA e LIR\u00cb - Arkivi","article_published_time":"2014-08-29T14:02:29+00:00","author":"admin","twitter_card":"summary_large_image","twitter_misc":{"Written by":"admin","Est. reading time":"6 minutes"},"schema":{"@context":"https:\/\/schema.org","@graph":[{"@type":"Article","@id":"https:\/\/fjala.info\/2009-2015\/festivali-i-gjinokastres-dhe-shemtuesit-e-kostumit-kombtar-shqiptar\/#article","isPartOf":{"@id":"https:\/\/fjala.info\/2009-2015\/festivali-i-gjinokastres-dhe-shemtuesit-e-kostumit-kombtar-shqiptar\/"},"author":{"name":"admin","@id":"https:\/\/fjala.info\/2009-2015\/#\/schema\/person\/3aa1163ef05469c496fc94e77611ada2"},"headline":"FESTIVALI I GJINOKASTRES DHE SHEMTUESIT E KOSTUMIT KOMBTAR SHQIPTAR","datePublished":"2014-08-29T14:02:29+00:00","mainEntityOfPage":{"@id":"https:\/\/fjala.info\/2009-2015\/festivali-i-gjinokastres-dhe-shemtuesit-e-kostumit-kombtar-shqiptar\/"},"wordCount":1276,"commentCount":0,"publisher":{"@id":"https:\/\/fjala.info\/2009-2015\/#organization"},"articleSection":["Artikuj"],"inLanguage":"sq-AL","potentialAction":[{"@type":"CommentAction","name":"Comment","target":["https:\/\/fjala.info\/2009-2015\/festivali-i-gjinokastres-dhe-shemtuesit-e-kostumit-kombtar-shqiptar\/#respond"]}]},{"@type":"WebPage","@id":"https:\/\/fjala.info\/2009-2015\/festivali-i-gjinokastres-dhe-shemtuesit-e-kostumit-kombtar-shqiptar\/","url":"https:\/\/fjala.info\/2009-2015\/festivali-i-gjinokastres-dhe-shemtuesit-e-kostumit-kombtar-shqiptar\/","name":"FESTIVALI I GJINOKASTRES DHE SHEMTUESIT E KOSTUMIT KOMBTAR SHQIPTAR - FjALA e LIR\u00cb - Arkivi","isPartOf":{"@id":"https:\/\/fjala.info\/2009-2015\/#website"},"datePublished":"2014-08-29T14:02:29+00:00","breadcrumb":{"@id":"https:\/\/fjala.info\/2009-2015\/festivali-i-gjinokastres-dhe-shemtuesit-e-kostumit-kombtar-shqiptar\/#breadcrumb"},"inLanguage":"sq-AL","potentialAction":[{"@type":"ReadAction","target":["https:\/\/fjala.info\/2009-2015\/festivali-i-gjinokastres-dhe-shemtuesit-e-kostumit-kombtar-shqiptar\/"]}]},{"@type":"BreadcrumbList","@id":"https:\/\/fjala.info\/2009-2015\/festivali-i-gjinokastres-dhe-shemtuesit-e-kostumit-kombtar-shqiptar\/#breadcrumb","itemListElement":[{"@type":"ListItem","position":1,"name":"Home","item":"https:\/\/fjala.info\/2009-2015\/"},{"@type":"ListItem","position":2,"name":"FESTIVALI I GJINOKASTRES DHE SHEMTUESIT E KOSTUMIT KOMBTAR SHQIPTAR"}]},{"@type":"WebSite","@id":"https:\/\/fjala.info\/2009-2015\/#website","url":"https:\/\/fjala.info\/2009-2015\/","name":"FjALA e LIR\u00cb - Arkivi","description":"Arkivi 2009-2015","publisher":{"@id":"https:\/\/fjala.info\/2009-2015\/#organization"},"potentialAction":[{"@type":"SearchAction","target":{"@type":"EntryPoint","urlTemplate":"https:\/\/fjala.info\/2009-2015\/?s={search_term_string}"},"query-input":{"@type":"PropertyValueSpecification","valueRequired":true,"valueName":"search_term_string"}}],"inLanguage":"sq-AL"},{"@type":"Organization","@id":"https:\/\/fjala.info\/2009-2015\/#organization","name":"FjALA e LIR\u00cb - Arkivi","url":"https:\/\/fjala.info\/2009-2015\/","logo":{"@type":"ImageObject","inLanguage":"sq-AL","@id":"https:\/\/fjala.info\/2009-2015\/#\/schema\/logo\/image\/","url":"","contentUrl":"","caption":"FjALA e LIR\u00cb - Arkivi"},"image":{"@id":"https:\/\/fjala.info\/2009-2015\/#\/schema\/logo\/image\/"}},{"@type":"Person","@id":"https:\/\/fjala.info\/2009-2015\/#\/schema\/person\/3aa1163ef05469c496fc94e77611ada2","name":"admin","image":{"@type":"ImageObject","inLanguage":"sq-AL","@id":"https:\/\/fjala.info\/2009-2015\/wp-content\/uploads\/2012\/02\/arben_cokaj-120x150.jpg","url":"https:\/\/fjala.info\/2009-2015\/wp-content\/uploads\/2012\/02\/arben_cokaj-120x150.jpg","contentUrl":"https:\/\/fjala.info\/2009-2015\/wp-content\/uploads\/2012\/02\/arben_cokaj-120x150.jpg","caption":"admin"},"description":"Admin, Fjala e Lir\u00eb","sameAs":["https:\/\/fjala.info\/"],"url":"https:\/\/fjala.info\/2009-2015\/author\/admin\/"}]}},"_links":{"self":[{"href":"https:\/\/fjala.info\/2009-2015\/wp-json\/wp\/v2\/posts\/13711","targetHints":{"allow":["GET"]}}],"collection":[{"href":"https:\/\/fjala.info\/2009-2015\/wp-json\/wp\/v2\/posts"}],"about":[{"href":"https:\/\/fjala.info\/2009-2015\/wp-json\/wp\/v2\/types\/post"}],"author":[{"embeddable":true,"href":"https:\/\/fjala.info\/2009-2015\/wp-json\/wp\/v2\/users\/1"}],"replies":[{"embeddable":true,"href":"https:\/\/fjala.info\/2009-2015\/wp-json\/wp\/v2\/comments?post=13711"}],"version-history":[{"count":0,"href":"https:\/\/fjala.info\/2009-2015\/wp-json\/wp\/v2\/posts\/13711\/revisions"}],"wp:attachment":[{"href":"https:\/\/fjala.info\/2009-2015\/wp-json\/wp\/v2\/media?parent=13711"}],"wp:term":[{"taxonomy":"category","embeddable":true,"href":"https:\/\/fjala.info\/2009-2015\/wp-json\/wp\/v2\/categories?post=13711"},{"taxonomy":"post_tag","embeddable":true,"href":"https:\/\/fjala.info\/2009-2015\/wp-json\/wp\/v2\/tags?post=13711"}],"curies":[{"name":"wp","href":"https:\/\/api.w.org\/{rel}","templated":true}]}}