{"id":13706,"date":"2014-08-29T21:36:19","date_gmt":"2014-08-29T20:36:19","guid":{"rendered":"http:\/\/www.fjala.info\/?p=1732"},"modified":"2014-08-29T21:36:19","modified_gmt":"2014-08-29T20:36:19","slug":"edi-rama-mos-e-zhgenje-gjermanine","status":"publish","type":"post","link":"https:\/\/fjala.info\/2009-2015\/edi-rama-mos-e-zhgenje-gjermanine\/","title":{"rendered":"Edi Rama mos e zhg\u00ebnje Gjermanin\u00eb!"},"content":{"rendered":"<p><strong>Arben \u00c7okaj<\/strong><\/p>\n<p>Nj\u00eb ngjarje mjaft e r\u00ebnd\u00ebsishme, nj\u00eb investim dhe avancim mjaft serioz i politik\u00ebs dhe diplomacis\u00eb shqiptare, dhe nj\u00eb menaxhim i p\u00ebrkryer politik nga Edi Rama dhe Ditmir Bushati\ufeff, i marr\u00ebdh\u00ebnies me Gjermanin\u00eb dhe me BE-n\u00eb, dhe i marr\u00ebdh\u00ebnieve rajonale Ballkanike. Nj\u00eb Bravo e madhe p\u00ebr kryeministrin Rama! Kemi 24 vjet q\u00eb presim k\u00ebt\u00eb dit\u00eb, q\u00eb t\u00eb p\u00ebrqasemi nga Evropa dhe t\u00eb t\u00ebrheqim v\u00ebmendjen e tyre. Presim q\u00eb n\u00eb vitin 1990-t\u00eb p\u00ebr k\u00ebt\u00eb dit\u00eb! Dhe nga paaft\u00ebsia politike e politikan\u00ebve sharlatan\u00eb e me mentalitet turqeli (sheik\u00ebsh), si Nano e Berisha, etj., kemi mbetur prapa n\u00eb integrimet Evropiane, por si duket tani dielli Evropian po lind, po zbulohet nga ret\u00eb&#8230;<\/p>\n<p><img decoding=\"async\" class=\"aligncenter size-thumbnail wp-image-7236\" title=\"Merkel - Barroso - Rama\" src=\"http:\/\/www.fjala.info\/2014\/merkel_barroso_rama.jpg\" alt=\"\" width=\"500\" \/><\/p>\n<p>Duhet patur parasysh se gjerman\u00ebt si \u00e7do vend Per\u00ebndimor shikojn\u00eb interesat e tyre n\u00eb l\u00ebvizjet politike dhe ekonomike, nuk ka dyshim. K\u00ebshtu duhet t\u00eb b\u00ebjm\u00eb edhe ne, t\u00eb shohim interesat tona m\u00eb t\u00eb mira. Gjerman\u00ebt erdh\u00ebn n\u00eb Shqip\u00ebrin\u00eb e Ramiz Alis\u00eb me Shtrausin, e ne nuk dit\u00ebm ta kuptionim mesazhin e tij t\u00eb hapjes, nuk ishim n\u00eb gjendje t\u00eb vepronim si duhet n\u00eb koh\u00ebn e duhur. U mor\u00ebm me banalitet e hurmave t\u00eb papjekura, q\u00eb i mbet\u00ebn n\u00eb fyt Shtrausit&#8230;<\/p>\n<p>M\u00eb pas gjerman\u00ebt erdh\u00ebn her\u00eb pas here n\u00eb Shqip\u00ebri, soll\u00ebn investimet e tyre p\u00ebrmes bank\u00ebs KfV, etj. por ne nuk ua hap\u00ebm der\u00ebn si duhet, nuk i vler\u00ebsuam si e sa duhet, pasi interesat politike t\u00eb klik\u00ebs orientale Nano-Berisha n\u00eb pushtet, donin mbushjen e xhepave t\u00eb tyre si sheik\u00eb arab\u00eb dhe jo zhvillimin e vendit. Erdhi para disa viteve edhe ministri i pun\u00ebs i Angela Merkel, dhe tha i hidh\u00ebruar se, investimet gjermane n\u00eb Shqip\u00ebri ishin nd\u00ebr m\u00eb t\u00eb m\u00ebdhat\u00eb, p\u00ebrse shqiptar\u00ebt nuk i vler\u00ebsojn\u00eb firmat gjermane sa duhet, kur ato kryejn\u00eb pun\u00ebt m\u00eb me nivel dhe cil\u00ebsin\u00eb m\u00eb t\u00eb lart\u00eb n\u00eb bot\u00eb, dhe ne nuk iu japin akses sa duhet? P\u00ebrse ALBtelekomin, Nano-Berisha ia dhan\u00eb \u00c7alikut t\u00eb Erdoganit, kur ajo nuk ishte firm\u00eb strategjike? Kur fare mir\u00eb mund t\u00eb kishim zgjedhur Deutsche Telekon?!<\/p>\n<p>Shpeshher\u00eb shqiptar\u00ebt kan\u00eb tentuar Evrop\u00ebn n\u00eb k\u00ebto 100 vjet\u00eb e fundit, por pavet\u00ebdija muhamedane e shoq\u00ebris\u00eb, barku arab dominon p\u00ebrpjekjet dhe logjik\u00ebn Evropiane dhe i t\u00ebrheq shqiptar\u00ebt drejt turkut e arabit, drejt mentalitetit rr\u00ebnues oriental e islamik. Dhe ne m\u00eb shum\u00eb kemi zhg\u00ebnjyer veten dhe Evrop\u00ebn me veprimet e zgjedhjet tona t\u00eb marra, sesa Evropa na ka zhg\u00ebnjyer ne. E megjithat\u00eb ka njer\u00ebz q\u00eb mendoj\u00eb si kryetari aktual i PD-s\u00eb n\u00eb Shkod\u00ebr, q\u00eb citon vargjet e Fisht\u00ebs, &#8220;moj Evrop\u00eb, moj kurva e motit&#8230;&#8221; E kjo \u00ebsht\u00eb rr\u00ebnuese p\u00ebr mentalitetin ton\u00eb pro-evropian, dhe si\u00e7 e theksonte Arb\u00ebn Xhaferri, &#8220;na pengon ne t\u00eb integrohemi natyrsh\u00ebm n\u00eb Evrop\u00eb&#8221;, aty ku ne shqiptar\u00ebt e kemi edhe vendin dhe pozicionin gjeografik. Aty ku ne i kemi interesat tona m\u00eb t\u00eb p\u00ebrmbushura, m\u00eb t\u00eb plot\u00ebsuara!<\/p>\n<p>Pavet\u00ebdija muhamedane e shoq\u00ebris\u00eb son\u00eb, barku arab, q\u00eb nxjerr krye si ves i lig e regresiv, e t\u00ebrheq fatkeq\u00ebsisht p\u00ebr hunde k\u00ebt\u00eb poopull e k\u00ebt\u00eb vend, na t\u00ebrheq ne shqiptar\u00ebve n\u00eb Shqip\u00ebri, n\u00eb Kosov\u00eb, Maqedoni e m\u00eb gjer\u00eb. Na paaft\u00ebson ne p\u00ebr t\u00eb kuptuar natyr\u00ebn e marr\u00ebdh\u00ebnieve me Per\u00ebndimin, mentalitetin Pe\u00ebndimor dhe Evropian. I duam gj\u00ebrat gati, i duam per\u00ebndimor\u00ebt skllev\u00ebr, q\u00eb t\u00eb na i japin investimet e tyre falas, pa k\u00ebrkuar aspak llogari e p\u00ebrgjegj\u00ebsi nga ne, pa k\u00ebrkuar standarde, se at\u00ebher\u00eb ata e prishin pun\u00ebn! E kjo nuk shkon! Ne nuk duhet t&#8217;i zhg\u00ebnjejm\u00eb gjerman\u00ebt, BE-n\u00eb, SHBA-t\u00eb dhe Per\u00ebndimin! Ne duhet t\u00eb kuptojm\u00eb sjelljen e tyre politike, ekonomike dhe mentalitetin e tyre t\u00eb pun\u00ebs dhe zhvillimit, orientimin e tyre, dhe t\u00eb fillojm\u00eb e t\u00eb sillemi seriozisht, si ata, si Evropian\u00eb! <\/p>\n<p>Vet\u00ebm k\u00ebshtu mund t&#8217;i mir\u00ebpresim investimet gjermane n\u00eb Shqip\u00ebri, vet\u00ebm k\u00ebshtu ne do t\u00eb fillojm\u00eb t\u00eb respektojm\u00eb veten ton\u00eb, n\u00eb radh\u00eb t\u00eb par\u00eb dhe partner\u00ebt tan\u00eb serioz\u00eb nd\u00ebrkomb\u00ebtar\u00eb. Ne jemi n\u00eb NATO e aspirojm\u00eb BE-n\u00eb, at\u00ebher\u00eb p\u00ebrse b\u00ebjm\u00eb teta, p\u00ebrse shkretojm\u00eb n\u00eb fe, n\u00eb islam?! A ka ndonj\u00eb vend musliman t\u00eb zhvilluar e demokratik, q\u00eb ngjan me zhvillimet e vendeve Per\u00ebndimore e Evropiane, ku ne aspirojm\u00eb t\u00eb integrohemi? Jo, nuk ka. At\u00ebher\u00eb p\u00ebrse tregojm\u00eb ekuivoke n\u00eb veprimet tona politike, n\u00eb mentalitetin ton\u00eb t\u00eb kryerjes s\u00eb pun\u00ebve? P\u00ebrse e lejojm\u00eb mentalitetin turqeli e islamik t\u00eb na t\u00ebrheq\u00eb nga k\u00ebmb\u00ebt drejt regresit?!<\/p>\n<p>Uroj q\u00eb Rama e stafi i tij diplomatik t\u00eb jet\u00eb n\u00eb lart\u00ebsin\u00eb e duhur, p\u00ebr ta p\u00ebrballuar seriozisht k\u00ebt\u00eb vler\u00ebsim, q\u00eb po i jep momenti historik, i orientimit real t\u00eb Shqip\u00ebris\u00eb drejt Ervrop\u00ebs. \u00cbsht\u00eb merit\u00eb kryesore e vet\u00eb kryeministrit Rama edhe kjo arritje, dhe shpresoj se ai do t\u00eb dij\u00eb t\u00eb tregoj\u00eb niveloin e duhur qeveris\u00ebs, p\u00ebr ta menaxhuar k\u00ebt\u00eb vler\u00ebsim seriozisht. Shpresoj q\u00eb t\u00eb mos i zhg\u00ebnjejm\u00eb partner\u00ebt tan\u00eb nd\u00ebrkomb\u00ebtar\u00eb, por t\u00eb synojm\u00eb ta b\u00ebjm\u00eb vendin ton\u00eb t\u00eb jetuesh\u00ebm, t\u00eb zhvilluar dhe Evropian, jo duke u krenuar se jemi nj\u00eb popull me toleranc\u00eb fetare, por duke nd\u00ebrtuar nj\u00eb shtet sekular si n\u00eb Evvrop\u00eb, t\u00eb ndar\u00eb nga feja, nj\u00eb shtet modern, q\u00eb fen\u00eb e l\u00eb t\u00eb lir\u00eb, por ia kufizon teprimet e saj dhe e detyron fen\u00eb t\u00eb respektoj\u00eb si n\u00eb Per\u00ebndim, Lirit\u00eb dhe t\u00eb drejtat themelore t\u00eb qytetar\u00ebve, duke mos e tepruar me zhurmat fetare, me k\u00ebrkesat e tyre primitive p\u00ebr mbulim t\u00eb grave, etj., apo me imponimin dhe propagand\u00ebn fetare. <\/p>\n<p>Se pavet\u00ebdija muhamedane e shoq\u00ebris\u00eb son\u00eb, barku arab, na ndikon shpeshher\u00eb t&#8217;i shkrehim pun\u00ebt tona, t&#8217;i l\u00ebm\u00eb Per\u00ebndimor\u00ebt dhe Evropian\u00ebt n\u00eb balt\u00eb! Prandaj, mendoj se duhet t\u00eb tregojm\u00eb kujdesin e duhur dhe t\u00eb sillemi n\u00eb lart\u00ebsin\u00eb e duhur si Evropian\u00eb, se t\u00eb mirat nga Evropa (e jo nga turku e islami), po fillojn\u00eb t\u00eb vijn\u00eb. Varet nga sjellja jon\u00eb, nga konceptet e mentaliteti jon\u00eb shoq\u00ebror e politik, q\u00eb k\u00ebto investime t\u00eb shtohen dhe ne t\u00eb ecim suksessh\u00ebm drejt ndryshimit t\u00eb vendit ton\u00eb dhe kthimit t\u00eb trojeve shqiptare n\u00eb nj\u00eb vend pune e zhvillimi n\u00eb lart\u00ebsin\u00eb e duhur, q\u00eb shqiptar\u00ebt t\u00eb mos detyrohen t\u00eb emigrojn\u00eb nga kushtet ekonomike t\u00eb pamjaftueshme n\u00eb vendin e vet!<\/p>\n<p>\u00cbsht\u00eb mir\u00eb q\u00eb firmat gjermane dhe ekspertiza gjermane t\u00eb vler\u00ebsohen po ashtu si k\u00ebto ndihma financiare dhe ekonomike miliard\u00ebshe Euro. Auto-rruga q\u00eb mendohet t\u00eb investohet si projekti i kalt\u00ebr i bregdetit nga Dubrovniku n\u00eb Igumenic\u00eb, hekurudhat shqiptare dhe lidhja e tyre me vendet e rajonit, t&#8217;i jepen projektuesve dhe nd\u00ebrtuesve gjerman\u00eb, t\u00eb cil\u00ebt b\u00ebjn\u00eb edhe rrug\u00ebt dhe urat m\u00eb t\u00eb mira e m\u00eb t\u00eb sigurta n\u00eb bot\u00eb. Le ta nderojm\u00eb veten ton\u00eb, duke fuitur investimet dhe projektet gjermane n\u00eb Shqip\u00ebri, mentalitetin e pun\u00ebs dhe zhvillimit gjerman n\u00eb vendin ton\u00eb! Dhe t\u00eb mos e humbim koh\u00ebn me krenari e diskutime fetare, q\u00eb nuk i sjellin vendit e kombit ton\u00eb vet\u00ebm humbje kohe, nj\u00eb vrim\u00eb n\u00eb uj\u00eb!<\/p>\n","protected":false},"excerpt":{"rendered":"<p>Arben \u00c7okaj Nj\u00eb ngjarje mjaft e r\u00ebnd\u00ebsishme, nj\u00eb investim dhe avancim mjaft serioz i politik\u00ebs dhe diplomacis\u00eb shqiptare, dhe nj\u00eb menaxhim i p\u00ebrkryer politik nga Edi Rama dhe Ditmir Bushati\ufeff, i marr\u00ebdh\u00ebnies me Gjermanin\u00eb dhe me BE-n\u00eb, dhe i marr\u00ebdh\u00ebnieve rajonale Ballkanike. Nj\u00eb Bravo e madhe p\u00ebr kryeministrin Rama! Kemi 24 vjet q\u00eb presim k\u00ebt\u00eb [&hellip;]<\/p>\n","protected":false},"author":1,"featured_media":0,"comment_status":"open","ping_status":"closed","sticky":false,"template":"","format":"standard","meta":{"footnotes":""},"categories":[2],"tags":[],"class_list":{"0":"post-13706","1":"post","2":"type-post","3":"status-publish","4":"format-standard","6":"category-artikuj"},"yoast_head":"<!-- This site is optimized with the Yoast SEO plugin v27.4 - https:\/\/yoast.com\/product\/yoast-seo-wordpress\/ -->\n<title>Edi Rama mos e zhg\u00ebnje Gjermanin\u00eb! - FjALA e LIR\u00cb - Arkivi<\/title>\n<meta name=\"robots\" content=\"index, follow, max-snippet:-1, max-image-preview:large, max-video-preview:-1\" \/>\n<link rel=\"canonical\" href=\"https:\/\/fjala.info\/2009-2015\/edi-rama-mos-e-zhgenje-gjermanine\/\" \/>\n<meta property=\"og:locale\" content=\"sq_AL\" \/>\n<meta property=\"og:type\" content=\"article\" \/>\n<meta property=\"og:title\" content=\"Edi Rama mos e zhg\u00ebnje Gjermanin\u00eb! - FjALA e LIR\u00cb - Arkivi\" \/>\n<meta property=\"og:description\" content=\"Arben \u00c7okaj Nj\u00eb ngjarje mjaft e r\u00ebnd\u00ebsishme, nj\u00eb investim dhe avancim mjaft serioz i politik\u00ebs dhe diplomacis\u00eb shqiptare, dhe nj\u00eb menaxhim i p\u00ebrkryer politik nga Edi Rama dhe Ditmir Bushati\ufeff, i marr\u00ebdh\u00ebnies me Gjermanin\u00eb dhe me BE-n\u00eb, dhe i marr\u00ebdh\u00ebnieve rajonale Ballkanike. Nj\u00eb Bravo e madhe p\u00ebr kryeministrin Rama! Kemi 24 vjet q\u00eb presim k\u00ebt\u00eb [&hellip;]\" \/>\n<meta property=\"og:url\" content=\"https:\/\/fjala.info\/2009-2015\/edi-rama-mos-e-zhgenje-gjermanine\/\" \/>\n<meta property=\"og:site_name\" content=\"FjALA e LIR\u00cb - Arkivi\" \/>\n<meta property=\"article:published_time\" content=\"2014-08-29T20:36:19+00:00\" \/>\n<meta property=\"og:image\" content=\"http:\/\/www.fjala.info\/2014\/merkel_barroso_rama.jpg\" \/>\n<meta name=\"author\" content=\"admin\" \/>\n<meta name=\"twitter:card\" content=\"summary_large_image\" \/>\n<meta name=\"twitter:label1\" content=\"Written by\" \/>\n\t<meta name=\"twitter:data1\" content=\"admin\" \/>\n\t<meta name=\"twitter:label2\" content=\"Est. reading time\" \/>\n\t<meta name=\"twitter:data2\" content=\"6 minutes\" \/>\n<script type=\"application\/ld+json\" class=\"yoast-schema-graph\">{\"@context\":\"https:\\\/\\\/schema.org\",\"@graph\":[{\"@type\":\"Article\",\"@id\":\"https:\\\/\\\/fjala.info\\\/2009-2015\\\/edi-rama-mos-e-zhgenje-gjermanine\\\/#article\",\"isPartOf\":{\"@id\":\"https:\\\/\\\/fjala.info\\\/2009-2015\\\/edi-rama-mos-e-zhgenje-gjermanine\\\/\"},\"author\":{\"name\":\"admin\",\"@id\":\"https:\\\/\\\/fjala.info\\\/2009-2015\\\/#\\\/schema\\\/person\\\/3aa1163ef05469c496fc94e77611ada2\"},\"headline\":\"Edi Rama mos e zhg\u00ebnje Gjermanin\u00eb!\",\"datePublished\":\"2014-08-29T20:36:19+00:00\",\"mainEntityOfPage\":{\"@id\":\"https:\\\/\\\/fjala.info\\\/2009-2015\\\/edi-rama-mos-e-zhgenje-gjermanine\\\/\"},\"wordCount\":1259,\"commentCount\":1,\"publisher\":{\"@id\":\"https:\\\/\\\/fjala.info\\\/2009-2015\\\/#organization\"},\"image\":{\"@id\":\"https:\\\/\\\/fjala.info\\\/2009-2015\\\/edi-rama-mos-e-zhgenje-gjermanine\\\/#primaryimage\"},\"thumbnailUrl\":\"http:\\\/\\\/www.fjala.info\\\/2014\\\/merkel_barroso_rama.jpg\",\"articleSection\":[\"Artikuj\"],\"inLanguage\":\"sq-AL\",\"potentialAction\":[{\"@type\":\"CommentAction\",\"name\":\"Comment\",\"target\":[\"https:\\\/\\\/fjala.info\\\/2009-2015\\\/edi-rama-mos-e-zhgenje-gjermanine\\\/#respond\"]}]},{\"@type\":\"WebPage\",\"@id\":\"https:\\\/\\\/fjala.info\\\/2009-2015\\\/edi-rama-mos-e-zhgenje-gjermanine\\\/\",\"url\":\"https:\\\/\\\/fjala.info\\\/2009-2015\\\/edi-rama-mos-e-zhgenje-gjermanine\\\/\",\"name\":\"Edi Rama mos e zhg\u00ebnje Gjermanin\u00eb! - FjALA e LIR\u00cb - Arkivi\",\"isPartOf\":{\"@id\":\"https:\\\/\\\/fjala.info\\\/2009-2015\\\/#website\"},\"primaryImageOfPage\":{\"@id\":\"https:\\\/\\\/fjala.info\\\/2009-2015\\\/edi-rama-mos-e-zhgenje-gjermanine\\\/#primaryimage\"},\"image\":{\"@id\":\"https:\\\/\\\/fjala.info\\\/2009-2015\\\/edi-rama-mos-e-zhgenje-gjermanine\\\/#primaryimage\"},\"thumbnailUrl\":\"http:\\\/\\\/www.fjala.info\\\/2014\\\/merkel_barroso_rama.jpg\",\"datePublished\":\"2014-08-29T20:36:19+00:00\",\"breadcrumb\":{\"@id\":\"https:\\\/\\\/fjala.info\\\/2009-2015\\\/edi-rama-mos-e-zhgenje-gjermanine\\\/#breadcrumb\"},\"inLanguage\":\"sq-AL\",\"potentialAction\":[{\"@type\":\"ReadAction\",\"target\":[\"https:\\\/\\\/fjala.info\\\/2009-2015\\\/edi-rama-mos-e-zhgenje-gjermanine\\\/\"]}]},{\"@type\":\"ImageObject\",\"inLanguage\":\"sq-AL\",\"@id\":\"https:\\\/\\\/fjala.info\\\/2009-2015\\\/edi-rama-mos-e-zhgenje-gjermanine\\\/#primaryimage\",\"url\":\"http:\\\/\\\/www.fjala.info\\\/2014\\\/merkel_barroso_rama.jpg\",\"contentUrl\":\"http:\\\/\\\/www.fjala.info\\\/2014\\\/merkel_barroso_rama.jpg\"},{\"@type\":\"BreadcrumbList\",\"@id\":\"https:\\\/\\\/fjala.info\\\/2009-2015\\\/edi-rama-mos-e-zhgenje-gjermanine\\\/#breadcrumb\",\"itemListElement\":[{\"@type\":\"ListItem\",\"position\":1,\"name\":\"Home\",\"item\":\"https:\\\/\\\/fjala.info\\\/2009-2015\\\/\"},{\"@type\":\"ListItem\",\"position\":2,\"name\":\"Edi Rama mos e zhg\u00ebnje Gjermanin\u00eb!\"}]},{\"@type\":\"WebSite\",\"@id\":\"https:\\\/\\\/fjala.info\\\/2009-2015\\\/#website\",\"url\":\"https:\\\/\\\/fjala.info\\\/2009-2015\\\/\",\"name\":\"FjALA e LIR\u00cb - Arkivi\",\"description\":\"Arkivi 2009-2015\",\"publisher\":{\"@id\":\"https:\\\/\\\/fjala.info\\\/2009-2015\\\/#organization\"},\"potentialAction\":[{\"@type\":\"SearchAction\",\"target\":{\"@type\":\"EntryPoint\",\"urlTemplate\":\"https:\\\/\\\/fjala.info\\\/2009-2015\\\/?s={search_term_string}\"},\"query-input\":{\"@type\":\"PropertyValueSpecification\",\"valueRequired\":true,\"valueName\":\"search_term_string\"}}],\"inLanguage\":\"sq-AL\"},{\"@type\":\"Organization\",\"@id\":\"https:\\\/\\\/fjala.info\\\/2009-2015\\\/#organization\",\"name\":\"FjALA e LIR\u00cb - Arkivi\",\"url\":\"https:\\\/\\\/fjala.info\\\/2009-2015\\\/\",\"logo\":{\"@type\":\"ImageObject\",\"inLanguage\":\"sq-AL\",\"@id\":\"https:\\\/\\\/fjala.info\\\/2009-2015\\\/#\\\/schema\\\/logo\\\/image\\\/\",\"url\":\"\",\"contentUrl\":\"\",\"caption\":\"FjALA e LIR\u00cb - Arkivi\"},\"image\":{\"@id\":\"https:\\\/\\\/fjala.info\\\/2009-2015\\\/#\\\/schema\\\/logo\\\/image\\\/\"}},{\"@type\":\"Person\",\"@id\":\"https:\\\/\\\/fjala.info\\\/2009-2015\\\/#\\\/schema\\\/person\\\/3aa1163ef05469c496fc94e77611ada2\",\"name\":\"admin\",\"image\":{\"@type\":\"ImageObject\",\"inLanguage\":\"sq-AL\",\"@id\":\"https:\\\/\\\/fjala.info\\\/2009-2015\\\/wp-content\\\/uploads\\\/2012\\\/02\\\/arben_cokaj-120x150.jpg\",\"url\":\"https:\\\/\\\/fjala.info\\\/2009-2015\\\/wp-content\\\/uploads\\\/2012\\\/02\\\/arben_cokaj-120x150.jpg\",\"contentUrl\":\"https:\\\/\\\/fjala.info\\\/2009-2015\\\/wp-content\\\/uploads\\\/2012\\\/02\\\/arben_cokaj-120x150.jpg\",\"caption\":\"admin\"},\"description\":\"Admin, Fjala e Lir\u00eb\",\"sameAs\":[\"https:\\\/\\\/fjala.info\\\/\"],\"url\":\"https:\\\/\\\/fjala.info\\\/2009-2015\\\/author\\\/admin\\\/\"}]}<\/script>\n<!-- \/ Yoast SEO plugin. -->","yoast_head_json":{"title":"Edi Rama mos e zhg\u00ebnje Gjermanin\u00eb! - FjALA e LIR\u00cb - Arkivi","robots":{"index":"index","follow":"follow","max-snippet":"max-snippet:-1","max-image-preview":"max-image-preview:large","max-video-preview":"max-video-preview:-1"},"canonical":"https:\/\/fjala.info\/2009-2015\/edi-rama-mos-e-zhgenje-gjermanine\/","og_locale":"sq_AL","og_type":"article","og_title":"Edi Rama mos e zhg\u00ebnje Gjermanin\u00eb! - FjALA e LIR\u00cb - Arkivi","og_description":"Arben \u00c7okaj Nj\u00eb ngjarje mjaft e r\u00ebnd\u00ebsishme, nj\u00eb investim dhe avancim mjaft serioz i politik\u00ebs dhe diplomacis\u00eb shqiptare, dhe nj\u00eb menaxhim i p\u00ebrkryer politik nga Edi Rama dhe Ditmir Bushati\ufeff, i marr\u00ebdh\u00ebnies me Gjermanin\u00eb dhe me BE-n\u00eb, dhe i marr\u00ebdh\u00ebnieve rajonale Ballkanike. Nj\u00eb Bravo e madhe p\u00ebr kryeministrin Rama! Kemi 24 vjet q\u00eb presim k\u00ebt\u00eb [&hellip;]","og_url":"https:\/\/fjala.info\/2009-2015\/edi-rama-mos-e-zhgenje-gjermanine\/","og_site_name":"FjALA e LIR\u00cb - Arkivi","article_published_time":"2014-08-29T20:36:19+00:00","og_image":[{"url":"http:\/\/www.fjala.info\/2014\/merkel_barroso_rama.jpg","type":"","width":"","height":""}],"author":"admin","twitter_card":"summary_large_image","twitter_misc":{"Written by":"admin","Est. reading time":"6 minutes"},"schema":{"@context":"https:\/\/schema.org","@graph":[{"@type":"Article","@id":"https:\/\/fjala.info\/2009-2015\/edi-rama-mos-e-zhgenje-gjermanine\/#article","isPartOf":{"@id":"https:\/\/fjala.info\/2009-2015\/edi-rama-mos-e-zhgenje-gjermanine\/"},"author":{"name":"admin","@id":"https:\/\/fjala.info\/2009-2015\/#\/schema\/person\/3aa1163ef05469c496fc94e77611ada2"},"headline":"Edi Rama mos e zhg\u00ebnje Gjermanin\u00eb!","datePublished":"2014-08-29T20:36:19+00:00","mainEntityOfPage":{"@id":"https:\/\/fjala.info\/2009-2015\/edi-rama-mos-e-zhgenje-gjermanine\/"},"wordCount":1259,"commentCount":1,"publisher":{"@id":"https:\/\/fjala.info\/2009-2015\/#organization"},"image":{"@id":"https:\/\/fjala.info\/2009-2015\/edi-rama-mos-e-zhgenje-gjermanine\/#primaryimage"},"thumbnailUrl":"http:\/\/www.fjala.info\/2014\/merkel_barroso_rama.jpg","articleSection":["Artikuj"],"inLanguage":"sq-AL","potentialAction":[{"@type":"CommentAction","name":"Comment","target":["https:\/\/fjala.info\/2009-2015\/edi-rama-mos-e-zhgenje-gjermanine\/#respond"]}]},{"@type":"WebPage","@id":"https:\/\/fjala.info\/2009-2015\/edi-rama-mos-e-zhgenje-gjermanine\/","url":"https:\/\/fjala.info\/2009-2015\/edi-rama-mos-e-zhgenje-gjermanine\/","name":"Edi Rama mos e zhg\u00ebnje Gjermanin\u00eb! - FjALA e LIR\u00cb - Arkivi","isPartOf":{"@id":"https:\/\/fjala.info\/2009-2015\/#website"},"primaryImageOfPage":{"@id":"https:\/\/fjala.info\/2009-2015\/edi-rama-mos-e-zhgenje-gjermanine\/#primaryimage"},"image":{"@id":"https:\/\/fjala.info\/2009-2015\/edi-rama-mos-e-zhgenje-gjermanine\/#primaryimage"},"thumbnailUrl":"http:\/\/www.fjala.info\/2014\/merkel_barroso_rama.jpg","datePublished":"2014-08-29T20:36:19+00:00","breadcrumb":{"@id":"https:\/\/fjala.info\/2009-2015\/edi-rama-mos-e-zhgenje-gjermanine\/#breadcrumb"},"inLanguage":"sq-AL","potentialAction":[{"@type":"ReadAction","target":["https:\/\/fjala.info\/2009-2015\/edi-rama-mos-e-zhgenje-gjermanine\/"]}]},{"@type":"ImageObject","inLanguage":"sq-AL","@id":"https:\/\/fjala.info\/2009-2015\/edi-rama-mos-e-zhgenje-gjermanine\/#primaryimage","url":"http:\/\/www.fjala.info\/2014\/merkel_barroso_rama.jpg","contentUrl":"http:\/\/www.fjala.info\/2014\/merkel_barroso_rama.jpg"},{"@type":"BreadcrumbList","@id":"https:\/\/fjala.info\/2009-2015\/edi-rama-mos-e-zhgenje-gjermanine\/#breadcrumb","itemListElement":[{"@type":"ListItem","position":1,"name":"Home","item":"https:\/\/fjala.info\/2009-2015\/"},{"@type":"ListItem","position":2,"name":"Edi Rama mos e zhg\u00ebnje Gjermanin\u00eb!"}]},{"@type":"WebSite","@id":"https:\/\/fjala.info\/2009-2015\/#website","url":"https:\/\/fjala.info\/2009-2015\/","name":"FjALA e LIR\u00cb - Arkivi","description":"Arkivi 2009-2015","publisher":{"@id":"https:\/\/fjala.info\/2009-2015\/#organization"},"potentialAction":[{"@type":"SearchAction","target":{"@type":"EntryPoint","urlTemplate":"https:\/\/fjala.info\/2009-2015\/?s={search_term_string}"},"query-input":{"@type":"PropertyValueSpecification","valueRequired":true,"valueName":"search_term_string"}}],"inLanguage":"sq-AL"},{"@type":"Organization","@id":"https:\/\/fjala.info\/2009-2015\/#organization","name":"FjALA e LIR\u00cb - Arkivi","url":"https:\/\/fjala.info\/2009-2015\/","logo":{"@type":"ImageObject","inLanguage":"sq-AL","@id":"https:\/\/fjala.info\/2009-2015\/#\/schema\/logo\/image\/","url":"","contentUrl":"","caption":"FjALA e LIR\u00cb - Arkivi"},"image":{"@id":"https:\/\/fjala.info\/2009-2015\/#\/schema\/logo\/image\/"}},{"@type":"Person","@id":"https:\/\/fjala.info\/2009-2015\/#\/schema\/person\/3aa1163ef05469c496fc94e77611ada2","name":"admin","image":{"@type":"ImageObject","inLanguage":"sq-AL","@id":"https:\/\/fjala.info\/2009-2015\/wp-content\/uploads\/2012\/02\/arben_cokaj-120x150.jpg","url":"https:\/\/fjala.info\/2009-2015\/wp-content\/uploads\/2012\/02\/arben_cokaj-120x150.jpg","contentUrl":"https:\/\/fjala.info\/2009-2015\/wp-content\/uploads\/2012\/02\/arben_cokaj-120x150.jpg","caption":"admin"},"description":"Admin, Fjala e Lir\u00eb","sameAs":["https:\/\/fjala.info\/"],"url":"https:\/\/fjala.info\/2009-2015\/author\/admin\/"}]}},"_links":{"self":[{"href":"https:\/\/fjala.info\/2009-2015\/wp-json\/wp\/v2\/posts\/13706","targetHints":{"allow":["GET"]}}],"collection":[{"href":"https:\/\/fjala.info\/2009-2015\/wp-json\/wp\/v2\/posts"}],"about":[{"href":"https:\/\/fjala.info\/2009-2015\/wp-json\/wp\/v2\/types\/post"}],"author":[{"embeddable":true,"href":"https:\/\/fjala.info\/2009-2015\/wp-json\/wp\/v2\/users\/1"}],"replies":[{"embeddable":true,"href":"https:\/\/fjala.info\/2009-2015\/wp-json\/wp\/v2\/comments?post=13706"}],"version-history":[{"count":0,"href":"https:\/\/fjala.info\/2009-2015\/wp-json\/wp\/v2\/posts\/13706\/revisions"}],"wp:attachment":[{"href":"https:\/\/fjala.info\/2009-2015\/wp-json\/wp\/v2\/media?parent=13706"}],"wp:term":[{"taxonomy":"category","embeddable":true,"href":"https:\/\/fjala.info\/2009-2015\/wp-json\/wp\/v2\/categories?post=13706"},{"taxonomy":"post_tag","embeddable":true,"href":"https:\/\/fjala.info\/2009-2015\/wp-json\/wp\/v2\/tags?post=13706"}],"curies":[{"name":"wp","href":"https:\/\/api.w.org\/{rel}","templated":true}]}}