{"id":13613,"date":"2014-06-23T16:56:32","date_gmt":"2014-06-23T15:56:32","guid":{"rendered":"http:\/\/www.fjala.info\/?p=1378"},"modified":"2014-06-23T16:56:32","modified_gmt":"2014-06-23T15:56:32","slug":"barbarizmi-i-xhihadit-primitiv-islamik-kunder-kultures-artisteve-dhe-kengetareve-me-vlera","status":"publish","type":"post","link":"https:\/\/fjala.info\/2009-2015\/barbarizmi-i-xhihadit-primitiv-islamik-kunder-kultures-artisteve-dhe-kengetareve-me-vlera\/","title":{"rendered":"Barbarizmi i xhihadit primitiv islamik kund\u00ebr kultur\u00ebs, artist\u00ebve dhe k\u00ebng\u00ebtar\u00ebve me vlera!"},"content":{"rendered":"<p><img decoding=\"async\" class=\"alignright size-thumbnail wp-image-7236\" title=\"Muskan Gulnar\" src=\"http:\/\/www.fjala.info\/2014\/muskan_gulnar.jpg\" alt=\"\" width=\"300\" \/> <strong>Bota Sot<\/strong> | <em>23.06.2014<\/em> \u2022 <strong>Rrezart Kalaja<\/strong><\/p>\n<p>\u00cbsht\u00eb tep\u00ebr rr\u00ebqeth\u00ebs lajmi p\u00ebr vrasjet nga barbarizmi i xhihadit primitiv kund\u00ebr kultur\u00ebs artist\u00ebve dhe k\u00ebng\u00ebtar\u00ebve me vlera, sidomos n\u00eb shtetet aziatike ku ky fenomen po rr\u00ebnon \u00e7do gj\u00eb me karakter njer\u00ebzor dhe moral. \u00cbsht\u00eb p\u00ebr t\u00eb dyshuar n\u00eb fen\u00eb e tyre, apo ato mb\u00ebshtetje q\u00eb propagandojn\u00eb se &#8220;allahu i tyre&#8221; \u00ebsht\u00eb p\u00ebr t&#8217;i vrar\u00eb njer\u00ebzit artist dhe t\u00eb kultur\u00ebs qe vlerat e tyre artistike qoft\u00eb n\u00eb muzike k\u00ebng\u00eb film, apo gjetiu jan\u00eb themeli i ngritjes s\u00eb kulturave t\u00eb popujve n\u00eb bot\u00eb. Nj\u00eb gj\u00eb trishtuese, si fenomen ka fut rr\u00ebnj\u00eb terrori dhe barbarizmi, sidomos n\u00eb shtetet aziatike me shpallje lufte kund\u00ebr k\u00ebng\u00ebtareve dhe artisteve si\u00e7 ndodhi k\u00ebto dit\u00eb me k\u00ebng\u00ebtaren dhe artisten ma me fam\u00eb n\u00eb Pakistan.<\/p>\n<p>K\u00ebng\u00ebtarja popullor <strong>Muskan Gulnar<\/strong>, (38) u vra n\u00eb qytetin veriper\u00ebndimor pakistanez t\u00eb Peshawar, e cila \u00ebsht\u00eb e fundit n\u00eb nj\u00eb ser\u00eb sulmesh ndaj grave dhe artisteve t\u00eb angazhuara n\u00eb fush\u00ebn e artit dhe kultur\u00ebs n\u00eb &#8220;pap\u00ebrputhshm\u00ebri me udh\u00ebzimet e allahut sipas kryesve t\u00eb aktit t\u00eb vrasjes s\u00eb k\u00ebtyre grupeve terroriste dhe k\u00ebtyre barbar\u00ebve primitiv&#8221;!!!<\/p>\n<p>Gulnar, e njohur m\u00eb mir\u00eb me emrin artistik Muskan, u q\u00ebllua nga kat\u00ebr burra t\u00eb armatosur t\u00eb m\u00ebrkur\u00ebn e kaluar n\u00eb sht\u00ebpin\u00eb e saj, me \u00e7ka u torturuan dhe u masakrua dhe nga plag\u00ebt e saj vdiq, ku shum\u00eb besohet, se duke b\u00ebr\u00eb art, muzike dhe kultur\u00eb sipas k\u00ebtyre sekteve jan\u00eb n\u00eb kund\u00ebrshtim me Islamin me t\u00eb cil\u00ebn po bien \u00e7do dit\u00eb viktim\u00eb yjet e botes arabe.<\/p>\n<p>Dy vjet m\u00eb par\u00eb, u vra nj\u00eb tjet\u00ebr k\u00ebng\u00ebtare popullore pakistaneze Ghazala Javed (24), e cila duke u largua nga sallon bukurie n\u00eb Peshavar u pre nga bresh\u00ebr t\u00eb sht\u00ebnash. Kjo kategori njer\u00ebzish jan\u00eb n\u00eb sh\u00ebnjest\u00ebr shpesh nga militant\u00ebt taleban\u00eb, si dhe t\u00eb af\u00ebrmit e tyre. Disa prej t\u00eb cil\u00ebve t\u00eb k\u00ebnduarit, vall\u00ebzimin, artin, fotografin\u00eb, bukurin\u00eb, shkrimet nga gjinia fem\u00ebrore, shkollimin dhe emancipimin e tyre e konsiderojn\u00eb si thyerje t\u00eb kodit moral dhe anti-islamike nga mentaliteti i tyre primitiv.<\/p>\n<p>&#8211; Ata shpesh sulmojn\u00eb dyqane muzik\u00eb, dasma dhe ahengje, dit\u00eblindje apo ndonj\u00eb festim duke k\u00ebrkuar q\u00eb rruga e &#8220;allahut&#8221; mos t\u00eb devijohet?!. Nj\u00eb q\u00ebndrim dhe model t\u00eb indoktrinuar t\u00eb paguar dhe t\u00eb mashtruar me veprime t\u00eb ngjashme e kane filluar edhe n\u00eb trojet shqiptare .Ky sekt i prapambetur barbar nga e cila p\u00ebr \u00e7do dit\u00eb po fut rr\u00ebnj\u00eb p\u00ebrmes k\u00ebtyre rrymave ekstremiste ku organet shtet\u00ebrore n\u00eb Shqip\u00ebri dhe Kosov\u00eb e Maqedoni po rrin\u00eb duar kryq pa i penguar k\u00ebshtu q\u00eb nj\u00eb dit\u00eb do te jet\u00eb shum\u00eb e dhimbshme kur ta kuptojn\u00eb q\u00eb nj\u00eb krim i till\u00eb do ti trokas n\u00eb der\u00eb edhe trojeve shqiptare.<\/p>\n","protected":false},"excerpt":{"rendered":"<p>Bota Sot | 23.06.2014 \u2022 Rrezart Kalaja \u00cbsht\u00eb tep\u00ebr rr\u00ebqeth\u00ebs lajmi p\u00ebr vrasjet nga barbarizmi i xhihadit primitiv kund\u00ebr kultur\u00ebs artist\u00ebve dhe k\u00ebng\u00ebtar\u00ebve me vlera, sidomos n\u00eb shtetet aziatike ku ky fenomen po rr\u00ebnon \u00e7do gj\u00eb me karakter njer\u00ebzor dhe moral. \u00cbsht\u00eb p\u00ebr t\u00eb dyshuar n\u00eb fen\u00eb e tyre, apo ato mb\u00ebshtetje q\u00eb propagandojn\u00eb se [&hellip;]<\/p>\n","protected":false},"author":1,"featured_media":0,"comment_status":"open","ping_status":"closed","sticky":false,"template":"","format":"standard","meta":{"footnotes":""},"categories":[2],"tags":[],"class_list":{"0":"post-13613","1":"post","2":"type-post","3":"status-publish","4":"format-standard","6":"category-artikuj"},"yoast_head":"<!-- This site is optimized with the Yoast SEO plugin v27.4 - https:\/\/yoast.com\/product\/yoast-seo-wordpress\/ -->\n<title>Barbarizmi i xhihadit primitiv islamik kund\u00ebr kultur\u00ebs, artist\u00ebve dhe k\u00ebng\u00ebtar\u00ebve me vlera! - FjALA e LIR\u00cb - Arkivi<\/title>\n<meta name=\"robots\" content=\"index, follow, max-snippet:-1, max-image-preview:large, max-video-preview:-1\" \/>\n<link rel=\"canonical\" href=\"https:\/\/fjala.info\/2009-2015\/barbarizmi-i-xhihadit-primitiv-islamik-kunder-kultures-artisteve-dhe-kengetareve-me-vlera\/\" \/>\n<meta property=\"og:locale\" content=\"sq_AL\" \/>\n<meta property=\"og:type\" content=\"article\" \/>\n<meta property=\"og:title\" content=\"Barbarizmi i xhihadit primitiv islamik kund\u00ebr kultur\u00ebs, artist\u00ebve dhe k\u00ebng\u00ebtar\u00ebve me vlera! - FjALA e LIR\u00cb - Arkivi\" \/>\n<meta property=\"og:description\" content=\"Bota Sot | 23.06.2014 \u2022 Rrezart Kalaja \u00cbsht\u00eb tep\u00ebr rr\u00ebqeth\u00ebs lajmi p\u00ebr vrasjet nga barbarizmi i xhihadit primitiv kund\u00ebr kultur\u00ebs artist\u00ebve dhe k\u00ebng\u00ebtar\u00ebve me vlera, sidomos n\u00eb shtetet aziatike ku ky fenomen po rr\u00ebnon \u00e7do gj\u00eb me karakter njer\u00ebzor dhe moral. \u00cbsht\u00eb p\u00ebr t\u00eb dyshuar n\u00eb fen\u00eb e tyre, apo ato mb\u00ebshtetje q\u00eb propagandojn\u00eb se [&hellip;]\" \/>\n<meta property=\"og:url\" content=\"https:\/\/fjala.info\/2009-2015\/barbarizmi-i-xhihadit-primitiv-islamik-kunder-kultures-artisteve-dhe-kengetareve-me-vlera\/\" \/>\n<meta property=\"og:site_name\" content=\"FjALA e LIR\u00cb - Arkivi\" \/>\n<meta property=\"article:published_time\" content=\"2014-06-23T15:56:32+00:00\" \/>\n<meta property=\"og:image\" content=\"http:\/\/www.fjala.info\/2014\/muskan_gulnar.jpg\" \/>\n<meta name=\"author\" content=\"admin\" \/>\n<meta name=\"twitter:card\" content=\"summary_large_image\" \/>\n<meta name=\"twitter:label1\" content=\"Written by\" \/>\n\t<meta name=\"twitter:data1\" content=\"admin\" \/>\n\t<meta name=\"twitter:label2\" content=\"Est. reading time\" \/>\n\t<meta name=\"twitter:data2\" content=\"2 minutes\" \/>\n<script type=\"application\/ld+json\" class=\"yoast-schema-graph\">{\"@context\":\"https:\\\/\\\/schema.org\",\"@graph\":[{\"@type\":\"Article\",\"@id\":\"https:\\\/\\\/fjala.info\\\/2009-2015\\\/barbarizmi-i-xhihadit-primitiv-islamik-kunder-kultures-artisteve-dhe-kengetareve-me-vlera\\\/#article\",\"isPartOf\":{\"@id\":\"https:\\\/\\\/fjala.info\\\/2009-2015\\\/barbarizmi-i-xhihadit-primitiv-islamik-kunder-kultures-artisteve-dhe-kengetareve-me-vlera\\\/\"},\"author\":{\"name\":\"admin\",\"@id\":\"https:\\\/\\\/fjala.info\\\/2009-2015\\\/#\\\/schema\\\/person\\\/3aa1163ef05469c496fc94e77611ada2\"},\"headline\":\"Barbarizmi i xhihadit primitiv islamik kund\u00ebr kultur\u00ebs, artist\u00ebve dhe k\u00ebng\u00ebtar\u00ebve me vlera!\",\"datePublished\":\"2014-06-23T15:56:32+00:00\",\"mainEntityOfPage\":{\"@id\":\"https:\\\/\\\/fjala.info\\\/2009-2015\\\/barbarizmi-i-xhihadit-primitiv-islamik-kunder-kultures-artisteve-dhe-kengetareve-me-vlera\\\/\"},\"wordCount\":512,\"commentCount\":1,\"publisher\":{\"@id\":\"https:\\\/\\\/fjala.info\\\/2009-2015\\\/#organization\"},\"image\":{\"@id\":\"https:\\\/\\\/fjala.info\\\/2009-2015\\\/barbarizmi-i-xhihadit-primitiv-islamik-kunder-kultures-artisteve-dhe-kengetareve-me-vlera\\\/#primaryimage\"},\"thumbnailUrl\":\"http:\\\/\\\/www.fjala.info\\\/2014\\\/muskan_gulnar.jpg\",\"articleSection\":[\"Artikuj\"],\"inLanguage\":\"sq-AL\",\"potentialAction\":[{\"@type\":\"CommentAction\",\"name\":\"Comment\",\"target\":[\"https:\\\/\\\/fjala.info\\\/2009-2015\\\/barbarizmi-i-xhihadit-primitiv-islamik-kunder-kultures-artisteve-dhe-kengetareve-me-vlera\\\/#respond\"]}]},{\"@type\":\"WebPage\",\"@id\":\"https:\\\/\\\/fjala.info\\\/2009-2015\\\/barbarizmi-i-xhihadit-primitiv-islamik-kunder-kultures-artisteve-dhe-kengetareve-me-vlera\\\/\",\"url\":\"https:\\\/\\\/fjala.info\\\/2009-2015\\\/barbarizmi-i-xhihadit-primitiv-islamik-kunder-kultures-artisteve-dhe-kengetareve-me-vlera\\\/\",\"name\":\"Barbarizmi i xhihadit primitiv islamik kund\u00ebr kultur\u00ebs, artist\u00ebve dhe k\u00ebng\u00ebtar\u00ebve me vlera! - FjALA e LIR\u00cb - Arkivi\",\"isPartOf\":{\"@id\":\"https:\\\/\\\/fjala.info\\\/2009-2015\\\/#website\"},\"primaryImageOfPage\":{\"@id\":\"https:\\\/\\\/fjala.info\\\/2009-2015\\\/barbarizmi-i-xhihadit-primitiv-islamik-kunder-kultures-artisteve-dhe-kengetareve-me-vlera\\\/#primaryimage\"},\"image\":{\"@id\":\"https:\\\/\\\/fjala.info\\\/2009-2015\\\/barbarizmi-i-xhihadit-primitiv-islamik-kunder-kultures-artisteve-dhe-kengetareve-me-vlera\\\/#primaryimage\"},\"thumbnailUrl\":\"http:\\\/\\\/www.fjala.info\\\/2014\\\/muskan_gulnar.jpg\",\"datePublished\":\"2014-06-23T15:56:32+00:00\",\"breadcrumb\":{\"@id\":\"https:\\\/\\\/fjala.info\\\/2009-2015\\\/barbarizmi-i-xhihadit-primitiv-islamik-kunder-kultures-artisteve-dhe-kengetareve-me-vlera\\\/#breadcrumb\"},\"inLanguage\":\"sq-AL\",\"potentialAction\":[{\"@type\":\"ReadAction\",\"target\":[\"https:\\\/\\\/fjala.info\\\/2009-2015\\\/barbarizmi-i-xhihadit-primitiv-islamik-kunder-kultures-artisteve-dhe-kengetareve-me-vlera\\\/\"]}]},{\"@type\":\"ImageObject\",\"inLanguage\":\"sq-AL\",\"@id\":\"https:\\\/\\\/fjala.info\\\/2009-2015\\\/barbarizmi-i-xhihadit-primitiv-islamik-kunder-kultures-artisteve-dhe-kengetareve-me-vlera\\\/#primaryimage\",\"url\":\"http:\\\/\\\/www.fjala.info\\\/2014\\\/muskan_gulnar.jpg\",\"contentUrl\":\"http:\\\/\\\/www.fjala.info\\\/2014\\\/muskan_gulnar.jpg\"},{\"@type\":\"BreadcrumbList\",\"@id\":\"https:\\\/\\\/fjala.info\\\/2009-2015\\\/barbarizmi-i-xhihadit-primitiv-islamik-kunder-kultures-artisteve-dhe-kengetareve-me-vlera\\\/#breadcrumb\",\"itemListElement\":[{\"@type\":\"ListItem\",\"position\":1,\"name\":\"Home\",\"item\":\"https:\\\/\\\/fjala.info\\\/2009-2015\\\/\"},{\"@type\":\"ListItem\",\"position\":2,\"name\":\"Barbarizmi i xhihadit primitiv islamik kund\u00ebr kultur\u00ebs, artist\u00ebve dhe k\u00ebng\u00ebtar\u00ebve me vlera!\"}]},{\"@type\":\"WebSite\",\"@id\":\"https:\\\/\\\/fjala.info\\\/2009-2015\\\/#website\",\"url\":\"https:\\\/\\\/fjala.info\\\/2009-2015\\\/\",\"name\":\"FjALA e LIR\u00cb - Arkivi\",\"description\":\"Arkivi 2009-2015\",\"publisher\":{\"@id\":\"https:\\\/\\\/fjala.info\\\/2009-2015\\\/#organization\"},\"potentialAction\":[{\"@type\":\"SearchAction\",\"target\":{\"@type\":\"EntryPoint\",\"urlTemplate\":\"https:\\\/\\\/fjala.info\\\/2009-2015\\\/?s={search_term_string}\"},\"query-input\":{\"@type\":\"PropertyValueSpecification\",\"valueRequired\":true,\"valueName\":\"search_term_string\"}}],\"inLanguage\":\"sq-AL\"},{\"@type\":\"Organization\",\"@id\":\"https:\\\/\\\/fjala.info\\\/2009-2015\\\/#organization\",\"name\":\"FjALA e LIR\u00cb - Arkivi\",\"url\":\"https:\\\/\\\/fjala.info\\\/2009-2015\\\/\",\"logo\":{\"@type\":\"ImageObject\",\"inLanguage\":\"sq-AL\",\"@id\":\"https:\\\/\\\/fjala.info\\\/2009-2015\\\/#\\\/schema\\\/logo\\\/image\\\/\",\"url\":\"\",\"contentUrl\":\"\",\"caption\":\"FjALA e LIR\u00cb - Arkivi\"},\"image\":{\"@id\":\"https:\\\/\\\/fjala.info\\\/2009-2015\\\/#\\\/schema\\\/logo\\\/image\\\/\"}},{\"@type\":\"Person\",\"@id\":\"https:\\\/\\\/fjala.info\\\/2009-2015\\\/#\\\/schema\\\/person\\\/3aa1163ef05469c496fc94e77611ada2\",\"name\":\"admin\",\"image\":{\"@type\":\"ImageObject\",\"inLanguage\":\"sq-AL\",\"@id\":\"https:\\\/\\\/fjala.info\\\/2009-2015\\\/wp-content\\\/uploads\\\/2012\\\/02\\\/arben_cokaj-120x150.jpg\",\"url\":\"https:\\\/\\\/fjala.info\\\/2009-2015\\\/wp-content\\\/uploads\\\/2012\\\/02\\\/arben_cokaj-120x150.jpg\",\"contentUrl\":\"https:\\\/\\\/fjala.info\\\/2009-2015\\\/wp-content\\\/uploads\\\/2012\\\/02\\\/arben_cokaj-120x150.jpg\",\"caption\":\"admin\"},\"description\":\"Admin, Fjala e Lir\u00eb\",\"sameAs\":[\"https:\\\/\\\/fjala.info\\\/\"],\"url\":\"https:\\\/\\\/fjala.info\\\/2009-2015\\\/author\\\/admin\\\/\"}]}<\/script>\n<!-- \/ Yoast SEO plugin. -->","yoast_head_json":{"title":"Barbarizmi i xhihadit primitiv islamik kund\u00ebr kultur\u00ebs, artist\u00ebve dhe k\u00ebng\u00ebtar\u00ebve me vlera! - FjALA e LIR\u00cb - Arkivi","robots":{"index":"index","follow":"follow","max-snippet":"max-snippet:-1","max-image-preview":"max-image-preview:large","max-video-preview":"max-video-preview:-1"},"canonical":"https:\/\/fjala.info\/2009-2015\/barbarizmi-i-xhihadit-primitiv-islamik-kunder-kultures-artisteve-dhe-kengetareve-me-vlera\/","og_locale":"sq_AL","og_type":"article","og_title":"Barbarizmi i xhihadit primitiv islamik kund\u00ebr kultur\u00ebs, artist\u00ebve dhe k\u00ebng\u00ebtar\u00ebve me vlera! - FjALA e LIR\u00cb - Arkivi","og_description":"Bota Sot | 23.06.2014 \u2022 Rrezart Kalaja \u00cbsht\u00eb tep\u00ebr rr\u00ebqeth\u00ebs lajmi p\u00ebr vrasjet nga barbarizmi i xhihadit primitiv kund\u00ebr kultur\u00ebs artist\u00ebve dhe k\u00ebng\u00ebtar\u00ebve me vlera, sidomos n\u00eb shtetet aziatike ku ky fenomen po rr\u00ebnon \u00e7do gj\u00eb me karakter njer\u00ebzor dhe moral. \u00cbsht\u00eb p\u00ebr t\u00eb dyshuar n\u00eb fen\u00eb e tyre, apo ato mb\u00ebshtetje q\u00eb propagandojn\u00eb se [&hellip;]","og_url":"https:\/\/fjala.info\/2009-2015\/barbarizmi-i-xhihadit-primitiv-islamik-kunder-kultures-artisteve-dhe-kengetareve-me-vlera\/","og_site_name":"FjALA e LIR\u00cb - Arkivi","article_published_time":"2014-06-23T15:56:32+00:00","og_image":[{"url":"http:\/\/www.fjala.info\/2014\/muskan_gulnar.jpg","type":"","width":"","height":""}],"author":"admin","twitter_card":"summary_large_image","twitter_misc":{"Written by":"admin","Est. reading time":"2 minutes"},"schema":{"@context":"https:\/\/schema.org","@graph":[{"@type":"Article","@id":"https:\/\/fjala.info\/2009-2015\/barbarizmi-i-xhihadit-primitiv-islamik-kunder-kultures-artisteve-dhe-kengetareve-me-vlera\/#article","isPartOf":{"@id":"https:\/\/fjala.info\/2009-2015\/barbarizmi-i-xhihadit-primitiv-islamik-kunder-kultures-artisteve-dhe-kengetareve-me-vlera\/"},"author":{"name":"admin","@id":"https:\/\/fjala.info\/2009-2015\/#\/schema\/person\/3aa1163ef05469c496fc94e77611ada2"},"headline":"Barbarizmi i xhihadit primitiv islamik kund\u00ebr kultur\u00ebs, artist\u00ebve dhe k\u00ebng\u00ebtar\u00ebve me vlera!","datePublished":"2014-06-23T15:56:32+00:00","mainEntityOfPage":{"@id":"https:\/\/fjala.info\/2009-2015\/barbarizmi-i-xhihadit-primitiv-islamik-kunder-kultures-artisteve-dhe-kengetareve-me-vlera\/"},"wordCount":512,"commentCount":1,"publisher":{"@id":"https:\/\/fjala.info\/2009-2015\/#organization"},"image":{"@id":"https:\/\/fjala.info\/2009-2015\/barbarizmi-i-xhihadit-primitiv-islamik-kunder-kultures-artisteve-dhe-kengetareve-me-vlera\/#primaryimage"},"thumbnailUrl":"http:\/\/www.fjala.info\/2014\/muskan_gulnar.jpg","articleSection":["Artikuj"],"inLanguage":"sq-AL","potentialAction":[{"@type":"CommentAction","name":"Comment","target":["https:\/\/fjala.info\/2009-2015\/barbarizmi-i-xhihadit-primitiv-islamik-kunder-kultures-artisteve-dhe-kengetareve-me-vlera\/#respond"]}]},{"@type":"WebPage","@id":"https:\/\/fjala.info\/2009-2015\/barbarizmi-i-xhihadit-primitiv-islamik-kunder-kultures-artisteve-dhe-kengetareve-me-vlera\/","url":"https:\/\/fjala.info\/2009-2015\/barbarizmi-i-xhihadit-primitiv-islamik-kunder-kultures-artisteve-dhe-kengetareve-me-vlera\/","name":"Barbarizmi i xhihadit primitiv islamik kund\u00ebr kultur\u00ebs, artist\u00ebve dhe k\u00ebng\u00ebtar\u00ebve me vlera! - FjALA e LIR\u00cb - Arkivi","isPartOf":{"@id":"https:\/\/fjala.info\/2009-2015\/#website"},"primaryImageOfPage":{"@id":"https:\/\/fjala.info\/2009-2015\/barbarizmi-i-xhihadit-primitiv-islamik-kunder-kultures-artisteve-dhe-kengetareve-me-vlera\/#primaryimage"},"image":{"@id":"https:\/\/fjala.info\/2009-2015\/barbarizmi-i-xhihadit-primitiv-islamik-kunder-kultures-artisteve-dhe-kengetareve-me-vlera\/#primaryimage"},"thumbnailUrl":"http:\/\/www.fjala.info\/2014\/muskan_gulnar.jpg","datePublished":"2014-06-23T15:56:32+00:00","breadcrumb":{"@id":"https:\/\/fjala.info\/2009-2015\/barbarizmi-i-xhihadit-primitiv-islamik-kunder-kultures-artisteve-dhe-kengetareve-me-vlera\/#breadcrumb"},"inLanguage":"sq-AL","potentialAction":[{"@type":"ReadAction","target":["https:\/\/fjala.info\/2009-2015\/barbarizmi-i-xhihadit-primitiv-islamik-kunder-kultures-artisteve-dhe-kengetareve-me-vlera\/"]}]},{"@type":"ImageObject","inLanguage":"sq-AL","@id":"https:\/\/fjala.info\/2009-2015\/barbarizmi-i-xhihadit-primitiv-islamik-kunder-kultures-artisteve-dhe-kengetareve-me-vlera\/#primaryimage","url":"http:\/\/www.fjala.info\/2014\/muskan_gulnar.jpg","contentUrl":"http:\/\/www.fjala.info\/2014\/muskan_gulnar.jpg"},{"@type":"BreadcrumbList","@id":"https:\/\/fjala.info\/2009-2015\/barbarizmi-i-xhihadit-primitiv-islamik-kunder-kultures-artisteve-dhe-kengetareve-me-vlera\/#breadcrumb","itemListElement":[{"@type":"ListItem","position":1,"name":"Home","item":"https:\/\/fjala.info\/2009-2015\/"},{"@type":"ListItem","position":2,"name":"Barbarizmi i xhihadit primitiv islamik kund\u00ebr kultur\u00ebs, artist\u00ebve dhe k\u00ebng\u00ebtar\u00ebve me vlera!"}]},{"@type":"WebSite","@id":"https:\/\/fjala.info\/2009-2015\/#website","url":"https:\/\/fjala.info\/2009-2015\/","name":"FjALA e LIR\u00cb - Arkivi","description":"Arkivi 2009-2015","publisher":{"@id":"https:\/\/fjala.info\/2009-2015\/#organization"},"potentialAction":[{"@type":"SearchAction","target":{"@type":"EntryPoint","urlTemplate":"https:\/\/fjala.info\/2009-2015\/?s={search_term_string}"},"query-input":{"@type":"PropertyValueSpecification","valueRequired":true,"valueName":"search_term_string"}}],"inLanguage":"sq-AL"},{"@type":"Organization","@id":"https:\/\/fjala.info\/2009-2015\/#organization","name":"FjALA e LIR\u00cb - Arkivi","url":"https:\/\/fjala.info\/2009-2015\/","logo":{"@type":"ImageObject","inLanguage":"sq-AL","@id":"https:\/\/fjala.info\/2009-2015\/#\/schema\/logo\/image\/","url":"","contentUrl":"","caption":"FjALA e LIR\u00cb - Arkivi"},"image":{"@id":"https:\/\/fjala.info\/2009-2015\/#\/schema\/logo\/image\/"}},{"@type":"Person","@id":"https:\/\/fjala.info\/2009-2015\/#\/schema\/person\/3aa1163ef05469c496fc94e77611ada2","name":"admin","image":{"@type":"ImageObject","inLanguage":"sq-AL","@id":"https:\/\/fjala.info\/2009-2015\/wp-content\/uploads\/2012\/02\/arben_cokaj-120x150.jpg","url":"https:\/\/fjala.info\/2009-2015\/wp-content\/uploads\/2012\/02\/arben_cokaj-120x150.jpg","contentUrl":"https:\/\/fjala.info\/2009-2015\/wp-content\/uploads\/2012\/02\/arben_cokaj-120x150.jpg","caption":"admin"},"description":"Admin, Fjala e Lir\u00eb","sameAs":["https:\/\/fjala.info\/"],"url":"https:\/\/fjala.info\/2009-2015\/author\/admin\/"}]}},"_links":{"self":[{"href":"https:\/\/fjala.info\/2009-2015\/wp-json\/wp\/v2\/posts\/13613","targetHints":{"allow":["GET"]}}],"collection":[{"href":"https:\/\/fjala.info\/2009-2015\/wp-json\/wp\/v2\/posts"}],"about":[{"href":"https:\/\/fjala.info\/2009-2015\/wp-json\/wp\/v2\/types\/post"}],"author":[{"embeddable":true,"href":"https:\/\/fjala.info\/2009-2015\/wp-json\/wp\/v2\/users\/1"}],"replies":[{"embeddable":true,"href":"https:\/\/fjala.info\/2009-2015\/wp-json\/wp\/v2\/comments?post=13613"}],"version-history":[{"count":0,"href":"https:\/\/fjala.info\/2009-2015\/wp-json\/wp\/v2\/posts\/13613\/revisions"}],"wp:attachment":[{"href":"https:\/\/fjala.info\/2009-2015\/wp-json\/wp\/v2\/media?parent=13613"}],"wp:term":[{"taxonomy":"category","embeddable":true,"href":"https:\/\/fjala.info\/2009-2015\/wp-json\/wp\/v2\/categories?post=13613"},{"taxonomy":"post_tag","embeddable":true,"href":"https:\/\/fjala.info\/2009-2015\/wp-json\/wp\/v2\/tags?post=13613"}],"curies":[{"name":"wp","href":"https:\/\/api.w.org\/{rel}","templated":true}]}}