{"id":13611,"date":"2014-06-21T08:51:04","date_gmt":"2014-06-21T07:51:04","guid":{"rendered":"http:\/\/www.fjala.info\/?p=1374"},"modified":"2014-06-21T08:51:04","modified_gmt":"2014-06-21T07:51:04","slug":"prifti-i-kosines-dhe-imami-i-leshnices","status":"publish","type":"post","link":"https:\/\/fjala.info\/2009-2015\/prifti-i-kosines-dhe-imami-i-leshnices\/","title":{"rendered":"Prifti i Kosin\u00ebs dhe imami i Leshnic\u00ebs"},"content":{"rendered":"<p><img decoding=\"async\" class=\"alignleft size-thumbnail wp-image-7236\" title=\"Fatmir Lamaj\" src=\"http:\/\/www.fjala.info\/2014\/fatmir_lamaj.jpg\" alt=\"\" width=\"150\" \/> Nga <strong>Fatmir Lamaj<\/strong>, Cel: 0664128750<\/p>\n<p>Para disa vitesh, n\u00eb mediat shqiptare b\u00ebri buj\u00eb nj\u00eb fakt trondit\u00ebs ku nj\u00eb prift i fshatit Kosin\u00eb n\u00eb P\u00ebrmet zhvarroste eshtrat e shqiptar\u00ebve dhe i ambalazhonte ato n\u00eb arkivolet e ardhur nga Athina, si eshtrat e ushtar\u00ebve grek r\u00ebn\u00eb gjat\u00eb Luft\u00ebs s\u00eb II Bot\u00ebrore n\u00eb trojet shqiptare. I nj\u00ebjti prift do t\u00eb jet\u00eb prezent n\u00eb \u00e7do ngjarje me sfond antishqiptar, do t\u00eb ken\u00eb patjet\u00ebr kudo surratin e tij; s\u00eb fundmi edhe n\u00eb konfliktin p\u00ebr sht\u00ebpin\u00eb e kultur\u00ebs n\u00eb P\u00ebrmet. Ky prift \u201ctrim\u201d ose m\u00eb mir\u00eb i trim\u00ebruar nga mb\u00ebshtetja q\u00eb shteti e kisha greke i japin \u00e7do antishqiptari p\u00ebr t\u00eb realizuar q\u00ebllimet e veta nuk b\u00ebri asnj\u00eb dit\u00eb burg p\u00ebr aktin e vet makab\u00ebr.<\/p>\n<p>Janullatusi aktualisht me mb\u00ebshtetjen e pakursyer t\u00eb shtetit e kish\u00ebs greke pothuajse e ka arritur q\u00ebllimin e vet djall\u00ebzor duke i hequr autoqefalin\u00eb ose pavar\u00ebsin\u00eb e fituar nga sakrifica e patriot\u00ebve shqiptar\u00eb, kish\u00ebs ortodokse shqiptare, fal\u00eb dhe ndihm\u00ebs s\u00eb pamunguar t\u00eb disa politikan\u00ebve shqiptar\u00eb, q\u00eb p\u00ebr karriget e tyre jan\u00eb gati t\u00eb shesin dhe grat\u00eb n\u00eb qoft\u00eb se deri tani nuk i kan\u00eb shitur akoma. Ngjarjet e dit\u00ebve t\u00eb fundit lidhur me disa imam, q\u00eb kan\u00eb shkuar n\u00eb Siri p\u00ebr t\u00eb luftuar p\u00ebr nj\u00eb kauz\u00eb q\u00eb ato e quajn\u00eb t\u00eb drejt\u00eb, u shtruan k\u00ebmb\u00ebkryq n\u00eb mediat e opinionit shqiptar si nj\u00eb gj\u00ebm q\u00eb po i bie mbi kok\u00eb k\u00ebtij vendi. Arrestime t\u00eb bujshme, hamend\u00ebsime analist\u00ebsh e gazetar\u00ebsh jan\u00eb \u00e7do dit\u00eb t\u00eb pranishme n\u00eb faqet e shtypit t\u00eb shkruar si dhe n\u00eb ekranen e mediave vizive.<\/p>\n<p>Lan\u00e7uesit mediatik\u00eb arrit\u00ebn deri aty sa me zellin e tyre t\u00eb tepruar n\u00eb mallkimet e parreshtura ndaj k\u00ebtij fenomeni shpeshher\u00eb binin edhe n\u00eb shp\u00ebrfytyrime karakteriale. N\u00eb nj\u00eb debat n\u00eb TV Klan rreth k\u00ebsaj \u00e7\u00ebshtje, dy gazetar\u00eb t\u00eb njohur ose m\u00eb mir\u00eb dy sh\u00ebrb\u00ebtor\u00eb t\u00eb mir\u00ebnjohur do t\u00eb shkonin aq larg sa \u00e7do mendje e kthjell\u00eb do t\u2019a kishte t\u00eb v\u00ebshtir\u00eb p\u00ebr t\u00eb mos r\u00ebn\u00eb n\u00eb p\u00ebshtirosje. Nj\u00ebri prej tyre dikur drejtonte nj\u00eb gazete, e cila at\u00ebher\u00eb quhej gazeta e Shiku-t t\u00eb Berish\u00ebs nd\u00ebrsa tjetri, botuesi i nj\u00eb gazete q\u00eb ka rr\u00ebmbyer si titull t\u00eb saj nenin e dhimbjes t\u00eb burgosurve politik\u00eb. Ai dikur ishte gazetar i Z.P.-s\u00eb dhe bridhte hijer\u00ebnd\u00eb lart e posht\u00eb me motorrin \u2018java\u2019 t\u00eb dhuruar nga partia gjat\u00eb itinerarit Elbasan-Pogradec p\u00ebr t\u00eb zbuluar ndonj\u00eb zbutje sado pak t\u00eb luft\u00ebs s\u00eb klasave. Z.P.-ja e at\u00ebhershme dihej se cila ishte ku n\u00eb \u00e7do rrjesht t\u00eb saj flitej vet\u00ebm p\u00ebr armiqt\u00eb e klas\u00ebs dhe sukseset e bujshme t\u00eb partis\u00eb, e cila e ktheu Shqip\u00ebrin\u00eb n\u00eb nj\u00eb vend burg.<\/p>\n<p>T\u00eb dy k\u00ebta \u201canalist\u00eb\u201d u zvarrit\u00ebn gjat\u00eb n\u00eb mo\u00e7alin e mllefit p\u00ebr t\u2019u shpjeguar shqiptar\u00ebve se e keqja m\u00eb e madhe e k\u00ebtij vendi jan\u00eb disa imam q\u00eb rekrutojn\u00eb luft\u00ebtar\u00eb p\u00ebr n\u00eb Siri\u2026<br \/>\nI pari kuptohet se duke q\u00ebn\u00eb pjes\u00ebmarr\u00ebs dhe i pun\u00ebsuar e paguar nga ndonj\u00eb OJQ me orientim antishqiptar \u00ebsht\u00eb i detyruar n\u00eb q\u00ebndrime t\u00eb tilla, si nj\u00eb investim t\u00eb mundsh\u00ebm p\u00ebr t\u00eb fituar pak para. Nd\u00ebrsa i dyti k\u00ebrkon t\u00eb ruaj\u00eb e zbukuroj\u00eb imazhin e vet si nj\u00eb per\u00ebndimor i thekur n\u00eb sh\u00ebrbim t\u00eb q\u00ebllimeve t\u00eb veta. \u00cbsht\u00eb p\u00ebr t\u2019u admiruar n\u00eb at\u00eb debat q\u00ebndrimi i nj\u00eb t\u00eb burgosuri politik si Fatos Lubonja, i cili kurr\u00eb nuk doli nga llogorja e arsyes sado i provokuar prej tyre. \u201cTendencat xhihadizte\u201d si fenomene t\u00eb sapo shfaqura n\u00eb shoq\u00ebrin\u00eb ton\u00eb duhet t\u2019i d\u00ebnojm\u00eb t\u00eb gjith\u00eb, duke ruajtur besnik\u00ebrisht vlerat e bashk\u00ebjetes\u00ebs e harmonis\u00eb fetare t\u00eb krijuara prej shekujsh n\u00eb k\u00ebt\u00eb vend.<\/p>\n<p>T\u00eb mos harrojm\u00eb se kontributin m\u00eb t\u00eb madh n\u00eb k\u00ebto vlera e ka dh\u00ebn\u00eb pjesa m\u00eb e madhe e popullsis\u00eb s\u00eb k\u00ebtij vendi, q\u00eb jan\u00eb mysliman\u00ebt shqiptar\u00eb, q\u00eb kurr\u00eb ndonj\u00ebher\u00eb n\u00eb histori nuk kan\u00eb ngritur arm\u00ebt kund\u00ebt v\u00ebllez\u00ebrve t\u00eb tyre katolik dhe ortodoks, sado q\u00eb ndonj\u00ebher\u00eb mund t\u00eb jen\u00eb provokuar tep\u00ebr r\u00ebnd\u00eb prej tyre. \u201cKolonjari\u201d duhet t\u2019a dij\u00eb mir\u00eb k\u00ebt\u00eb gj\u00eb, se edhe djegja e Voskopoj\u00ebs ishte produkt i sh\u00ebmtuar i nj\u00eb mllefi q\u00eb u krijua nga sjellja e nj\u00eb pjes\u00eb t\u00eb prift\u00ebrinjve e banor\u00ebve ortodoks\u00eb t\u00eb zonave t\u00eb Jugut n\u00eb ato koh\u00ebra t\u00eb v\u00ebshtira p\u00ebr Shqip\u00ebrin\u00eb e shqiptar\u00ebt. Dystandartizimi n\u00eb gjykimin e asaj q\u00eb ka ndodhur e po ndodh aktualisht mbetet gjithmon\u00eb nj\u00eb vat\u00ebr infeksioni moral e shpirt\u00ebror p\u00ebr k\u00ebdo q\u00eb e p\u00ebrdor at\u00eb djall\u00ebzisht.<\/p>\n<p>N\u00eb inventarin e historis\u00eb s\u00eb k\u00ebtij vendi dergjen fakte e ngjarje tragjike t\u00eb asaj q\u00eb ka ndodhur prej gati dy shekujsh n\u00eb marr\u00ebdh\u00ebniet greko-shqiptare, q\u00eb nga koha e revolucionit grek t\u00eb 1821 deri n\u00eb dit\u00ebt e sotme. Grek\u00ebt q\u00eb n\u00eb fillim t\u00eb revolucionit p\u00ebr pavar\u00ebsi nga Turqia i dhan\u00eb asaj lufte nj\u00eb orientim fetar duke shkaktuar mbi popullsin\u00eb shqiptare t\u00eb atjeshme masakra t\u00eb llahtarshme. Vet\u00ebm n\u00eb Tripolic u vran\u00eb me mijra shqiptar\u00eb mysliman deri tek grat\u00eb e f\u00ebmij\u00ebt, si dhe kudo tjet\u00ebr n\u00ebp\u00ebr Greqi; aq sa, t\u00eb alarmuar prej k\u00ebtyre veprimeve, kat\u00ebr gjeneral\u00eb t\u00eb Ali Pash\u00ebs, si Ago Vasjari, Tafil Buzi e t\u00eb tjer\u00eb pasi i raportuan pashait t\u00eb Janin\u00ebs situat\u00ebn tragjike dhe nuk pam\u00eb ndonj\u00eb reagim prej tij, se ai n\u00eb at\u00eb koh\u00eb ishte i z\u00ebn\u00eb me \u00e7\u00ebshtjen e fronit, u larguan prej tij.<\/p>\n<p>Masakrimi, persekutimi, e d\u00ebbimi i shqiptar\u00ebve vazhdoi pa nd\u00ebrprerje deri n\u00eb mbarim t\u00eb Luft\u00ebs s\u00eb II Bot\u00ebrore, ku dhe u p\u00ebrzu dhe u masakrua gjith\u00eb popullsia \u00e7ame n\u00eb pretekstin absurd t\u00eb bashk\u00ebpunimit me pushtuesit. \u00cbsht\u00eb e pashmangshme, por kurr\u00eb e justifikuar q\u00eb pjes\u00eb t\u00eb frustruara e t\u00eb dhunuara t\u00eb nj\u00eb popullsie kur u jepet rasti p\u00ebr revanzh bien edhe n\u00eb gabime e faje t\u00eb d\u00ebnueshme dhe ndoshta pjes\u00ebtar\u00eb t\u00eb popullsis\u00eb \u00e7ame kan\u00eb r\u00ebn\u00eb pre e nj\u00eb tundimi t\u00eb till\u00eb por jo deri n\u00eb at\u00eb mas\u00eb sa t\u00eb nd\u00ebshkosh e t\u00eb masakrosh nj\u00eb popullsi t\u00eb t\u00ebr\u00eb. F\u00ebmij\u00ebve \u00e7am, para Luft\u00ebs Italo-Greke n\u00ebp\u00ebr shkollat greke u ndalohej t\u00eb flisnin shqip me nj\u00ebri tjetrin, se m\u00ebsueset greke u shponin gjuh\u00ebn me gjilp\u00ebr\u00eb duke u th\u00ebn\u00eb \u201cOqialvanika helenika\u201d. Tashm\u00eb dihej tragjedia e asaj popullsie q\u00eb u masakrua, u vra, u grabit e u p\u00ebrdhunuar barbarisht nga bandat e Napoleon Zerv\u00ebs.<\/p>\n<p>Vet\u00ebm n\u00eb gazermat e Filatit, qindra vajza \u00e7ame u p\u00ebrdhunuan sistematikisht nga ushtar\u00ebt e Napolon Zerv\u00ebs, dhe sot askush nuk e ka ngritur k\u00ebt\u00eb \u00e7\u00ebshtje p\u00ebr hir t\u00eb \u201cmiq\u00ebsis\u00eb\u201d shqiptaro-greke. N\u00eb vitet e uris\u00eb, kur grek\u00ebt erdh\u00ebn nga e keqja e mbijetes\u00ebs n\u00eb zonat e Jugut t\u00eb Shqip\u00ebris\u00eb, shqiptar\u00ebt sado fukarenj i prit\u00ebn ata bujarisht e denj\u00ebsisht duke ndar\u00eb kafshat\u00ebn e goj\u00ebs me ata e duke mos abuzuar n\u00eb asnj\u00eb rast me fatkeq\u00ebsin\u00eb e tyre. N\u00eb Ku\u00e7 t\u00eb Vlor\u00ebs, kryeplaku i fshatin vari dy djem t\u00eb rinj sepse kishin abuzuar seksualisht me nj\u00eb vajz\u00eb greke, nd\u00ebrsa n\u00eb Greqin\u00eb e sotme ku nga halli shum\u00eb shqiptar\u00eb t\u00eb vajtur atje, jan\u00eb b\u00ebr\u00eb pre e abuzimeve nga m\u00eb monstruozet dhe \u201c\u00e7udit\u00ebrisht\u201d gjykatat greke n\u00eb shumic\u00ebn e rasteve i nxjerrin t\u00eb pafajshme ose me d\u00ebnime qesharake. T\u00eb gjith\u00eb fshatrat me popullsi myslimane t\u00eb zon\u00ebs s\u00eb Jugut e kan\u00eb provuar pa m\u00ebshir\u00eb zjarrv\u00ebnien dhe masakrimin e grek\u00ebve, vet\u00ebm Borshi i Sarand\u00ebs i ndodhur midis fshatrave me popullsi ortodokse \u00ebsht\u00eb djegur e shkat\u00ebrruar disa her\u00eb nga grek\u00ebt.<\/p>\n<p>Po ju shkruaj k\u00ebt\u00eb rradh\u00eb jo vet\u00ebm p\u00ebr nj\u00eb kujtes\u00eb historike, se historia arkivin e saj e ka t\u00eb ruajtur mir\u00eb por p\u00ebr t\u00eb treguar e kujtuar se ne shqiptar\u00ebt kemi vuajtur shum\u00eb nga tendencat xhihadizte, q\u00eb ne kurr\u00eb si kemi b\u00ebr\u00eb ndaj t\u00eb tjer\u00ebve por t\u00eb tjer\u00ebt i kan\u00eb b\u00ebr\u00eb ndaj nesh. T\u00eb gjith\u00eb duhet t\u00eb b\u00ebjm\u00eb shum\u00eb kujdes q\u00eb hijet e p\u00ebrgjakura t\u00eb xhihadizmit t\u00eb mos enden m\u00eb midis nesh si nj\u00eb k\u00ebrc\u00ebnim ogurzi p\u00ebr t\u00eb ardhmen e k\u00ebtij vendi. N\u00eb k\u00ebt\u00eb drejtim e p\u00ebr k\u00ebt\u00eb q\u00ebllim, sot k\u00ebrkohet nga intelektual\u00ebt, politikan\u00ebt dhe \u00e7do shqiptar patriot t\u00eb rendin pareshtur n\u00eb rrug\u00ebn e atyre q\u00eb e krijuan k\u00ebt\u00eb komb dhe i dhan\u00eb atij krenarin\u00eb p\u00ebr gjith\u00e7ka q\u00eb \u00ebsht\u00eb arritur n\u00eb drejtim t\u00eb bashk\u00ebjetes\u00ebs e harmonis\u00eb fetare.<\/p>\n<p>Duhen d\u00ebnuar nj\u00ebsoj si prifti i Kosin\u00ebs q\u00eb rivret shqiptar\u00ebt p\u00ebr t\u00eb plot\u00ebsuar shifrat e pretenduara p\u00ebr q\u00ebllime t\u00eb mbrapshta ashtu edhe imami i Leshnic\u00ebs apo imam\u00ebt e tjer\u00eb q\u00eb rendin sot symbyllur e veshshurdh\u00ebs drejt nj\u00eb q\u00ebllimi q\u00eb kurr\u00eb nuk mund t\u2019i sh\u00ebrbej\u00eb p\u00ebr mir\u00eb k\u00ebtij vendi e k\u00ebtij populli. Ataturku i madh thot\u00eb \u201c I falem Zotit t\u00eb madh q\u00eb jam turk\u201d nd\u00ebrsa un\u00eb p\u00ebr veten time sot i falem Zotit t\u00eb Madh q\u00eb jam mysliman shqiptar sepse i p\u00ebrkas asaj pjese t\u00eb k\u00ebtij populli, q\u00eb n\u00eb gjith\u00eb historin\u00eb e saj ka reflektuar e mbartur dashurin\u00eb e respektin p\u00ebr k\u00ebdo shqiptar t\u00eb besimeve t\u00eb tjera. \u00c7do fanatiz\u00ebm doktrinar fetar apo politik mbart n\u00eb vetvete nj\u00eb doz\u00eb t\u00eb vet\u00ebshkat\u00ebrrimit t\u00eb shkaktuar nga urrejtja p\u00ebr tjetrin, p\u00ebr at\u00eb q\u00eb \u00ebsht\u00eb i ndrysh\u00ebm nga ty prandaj e vetmja luft\u00eb e drejt\u00eb q\u00eb duhet t\u00eb b\u00ebjn\u00eb sot t\u00eb gjith\u00eb shqiptar\u00ebt kudo q\u00eb t\u00eb jen\u00eb \u00ebsht\u00eb t\u00eb kap\u00ebrcejn\u00eb llogoret e ndarjeve t\u00eb trash\u00ebguara nga e kaluara jon\u00eb tragjike.<\/p>\n","protected":false},"excerpt":{"rendered":"<p>Nga Fatmir Lamaj, Cel: 0664128750 Para disa vitesh, n\u00eb mediat shqiptare b\u00ebri buj\u00eb nj\u00eb fakt trondit\u00ebs ku nj\u00eb prift i fshatit Kosin\u00eb n\u00eb P\u00ebrmet zhvarroste eshtrat e shqiptar\u00ebve dhe i ambalazhonte ato n\u00eb arkivolet e ardhur nga Athina, si eshtrat e ushtar\u00ebve grek r\u00ebn\u00eb gjat\u00eb Luft\u00ebs s\u00eb II Bot\u00ebrore n\u00eb trojet shqiptare. I nj\u00ebjti prift [&hellip;]<\/p>\n","protected":false},"author":1,"featured_media":0,"comment_status":"open","ping_status":"closed","sticky":false,"template":"","format":"standard","meta":{"footnotes":""},"categories":[2],"tags":[],"class_list":{"0":"post-13611","1":"post","2":"type-post","3":"status-publish","4":"format-standard","6":"category-artikuj"},"yoast_head":"<!-- This site is optimized with the Yoast SEO plugin v27.4 - https:\/\/yoast.com\/product\/yoast-seo-wordpress\/ -->\n<title>Prifti i Kosin\u00ebs dhe imami i Leshnic\u00ebs - FjALA e LIR\u00cb - Arkivi<\/title>\n<meta name=\"robots\" content=\"index, follow, max-snippet:-1, max-image-preview:large, max-video-preview:-1\" \/>\n<link rel=\"canonical\" href=\"https:\/\/fjala.info\/2009-2015\/prifti-i-kosines-dhe-imami-i-leshnices\/\" \/>\n<meta property=\"og:locale\" content=\"sq_AL\" \/>\n<meta property=\"og:type\" content=\"article\" \/>\n<meta property=\"og:title\" content=\"Prifti i Kosin\u00ebs dhe imami i Leshnic\u00ebs - FjALA e LIR\u00cb - Arkivi\" \/>\n<meta property=\"og:description\" content=\"Nga Fatmir Lamaj, Cel: 0664128750 Para disa vitesh, n\u00eb mediat shqiptare b\u00ebri buj\u00eb nj\u00eb fakt trondit\u00ebs ku nj\u00eb prift i fshatit Kosin\u00eb n\u00eb P\u00ebrmet zhvarroste eshtrat e shqiptar\u00ebve dhe i ambalazhonte ato n\u00eb arkivolet e ardhur nga Athina, si eshtrat e ushtar\u00ebve grek r\u00ebn\u00eb gjat\u00eb Luft\u00ebs s\u00eb II Bot\u00ebrore n\u00eb trojet shqiptare. I nj\u00ebjti prift [&hellip;]\" \/>\n<meta property=\"og:url\" content=\"https:\/\/fjala.info\/2009-2015\/prifti-i-kosines-dhe-imami-i-leshnices\/\" \/>\n<meta property=\"og:site_name\" content=\"FjALA e LIR\u00cb - Arkivi\" \/>\n<meta property=\"article:published_time\" content=\"2014-06-21T07:51:04+00:00\" \/>\n<meta property=\"og:image\" content=\"http:\/\/www.fjala.info\/2014\/fatmir_lamaj.jpg\" \/>\n<meta name=\"author\" content=\"admin\" \/>\n<meta name=\"twitter:card\" content=\"summary_large_image\" \/>\n<meta name=\"twitter:label1\" content=\"Written by\" \/>\n\t<meta name=\"twitter:data1\" content=\"admin\" \/>\n\t<meta name=\"twitter:label2\" content=\"Est. reading time\" \/>\n\t<meta name=\"twitter:data2\" content=\"9 minutes\" \/>\n<script type=\"application\/ld+json\" class=\"yoast-schema-graph\">{\"@context\":\"https:\\\/\\\/schema.org\",\"@graph\":[{\"@type\":\"Article\",\"@id\":\"https:\\\/\\\/fjala.info\\\/2009-2015\\\/prifti-i-kosines-dhe-imami-i-leshnices\\\/#article\",\"isPartOf\":{\"@id\":\"https:\\\/\\\/fjala.info\\\/2009-2015\\\/prifti-i-kosines-dhe-imami-i-leshnices\\\/\"},\"author\":{\"name\":\"admin\",\"@id\":\"https:\\\/\\\/fjala.info\\\/2009-2015\\\/#\\\/schema\\\/person\\\/3aa1163ef05469c496fc94e77611ada2\"},\"headline\":\"Prifti i Kosin\u00ebs dhe imami i Leshnic\u00ebs\",\"datePublished\":\"2014-06-21T07:51:04+00:00\",\"mainEntityOfPage\":{\"@id\":\"https:\\\/\\\/fjala.info\\\/2009-2015\\\/prifti-i-kosines-dhe-imami-i-leshnices\\\/\"},\"wordCount\":1716,\"commentCount\":1,\"publisher\":{\"@id\":\"https:\\\/\\\/fjala.info\\\/2009-2015\\\/#organization\"},\"image\":{\"@id\":\"https:\\\/\\\/fjala.info\\\/2009-2015\\\/prifti-i-kosines-dhe-imami-i-leshnices\\\/#primaryimage\"},\"thumbnailUrl\":\"http:\\\/\\\/www.fjala.info\\\/2014\\\/fatmir_lamaj.jpg\",\"articleSection\":[\"Artikuj\"],\"inLanguage\":\"sq-AL\",\"potentialAction\":[{\"@type\":\"CommentAction\",\"name\":\"Comment\",\"target\":[\"https:\\\/\\\/fjala.info\\\/2009-2015\\\/prifti-i-kosines-dhe-imami-i-leshnices\\\/#respond\"]}]},{\"@type\":\"WebPage\",\"@id\":\"https:\\\/\\\/fjala.info\\\/2009-2015\\\/prifti-i-kosines-dhe-imami-i-leshnices\\\/\",\"url\":\"https:\\\/\\\/fjala.info\\\/2009-2015\\\/prifti-i-kosines-dhe-imami-i-leshnices\\\/\",\"name\":\"Prifti i Kosin\u00ebs dhe imami i Leshnic\u00ebs - FjALA e LIR\u00cb - Arkivi\",\"isPartOf\":{\"@id\":\"https:\\\/\\\/fjala.info\\\/2009-2015\\\/#website\"},\"primaryImageOfPage\":{\"@id\":\"https:\\\/\\\/fjala.info\\\/2009-2015\\\/prifti-i-kosines-dhe-imami-i-leshnices\\\/#primaryimage\"},\"image\":{\"@id\":\"https:\\\/\\\/fjala.info\\\/2009-2015\\\/prifti-i-kosines-dhe-imami-i-leshnices\\\/#primaryimage\"},\"thumbnailUrl\":\"http:\\\/\\\/www.fjala.info\\\/2014\\\/fatmir_lamaj.jpg\",\"datePublished\":\"2014-06-21T07:51:04+00:00\",\"breadcrumb\":{\"@id\":\"https:\\\/\\\/fjala.info\\\/2009-2015\\\/prifti-i-kosines-dhe-imami-i-leshnices\\\/#breadcrumb\"},\"inLanguage\":\"sq-AL\",\"potentialAction\":[{\"@type\":\"ReadAction\",\"target\":[\"https:\\\/\\\/fjala.info\\\/2009-2015\\\/prifti-i-kosines-dhe-imami-i-leshnices\\\/\"]}]},{\"@type\":\"ImageObject\",\"inLanguage\":\"sq-AL\",\"@id\":\"https:\\\/\\\/fjala.info\\\/2009-2015\\\/prifti-i-kosines-dhe-imami-i-leshnices\\\/#primaryimage\",\"url\":\"http:\\\/\\\/www.fjala.info\\\/2014\\\/fatmir_lamaj.jpg\",\"contentUrl\":\"http:\\\/\\\/www.fjala.info\\\/2014\\\/fatmir_lamaj.jpg\"},{\"@type\":\"BreadcrumbList\",\"@id\":\"https:\\\/\\\/fjala.info\\\/2009-2015\\\/prifti-i-kosines-dhe-imami-i-leshnices\\\/#breadcrumb\",\"itemListElement\":[{\"@type\":\"ListItem\",\"position\":1,\"name\":\"Home\",\"item\":\"https:\\\/\\\/fjala.info\\\/2009-2015\\\/\"},{\"@type\":\"ListItem\",\"position\":2,\"name\":\"Prifti i Kosin\u00ebs dhe imami i Leshnic\u00ebs\"}]},{\"@type\":\"WebSite\",\"@id\":\"https:\\\/\\\/fjala.info\\\/2009-2015\\\/#website\",\"url\":\"https:\\\/\\\/fjala.info\\\/2009-2015\\\/\",\"name\":\"FjALA e LIR\u00cb - Arkivi\",\"description\":\"Arkivi 2009-2015\",\"publisher\":{\"@id\":\"https:\\\/\\\/fjala.info\\\/2009-2015\\\/#organization\"},\"potentialAction\":[{\"@type\":\"SearchAction\",\"target\":{\"@type\":\"EntryPoint\",\"urlTemplate\":\"https:\\\/\\\/fjala.info\\\/2009-2015\\\/?s={search_term_string}\"},\"query-input\":{\"@type\":\"PropertyValueSpecification\",\"valueRequired\":true,\"valueName\":\"search_term_string\"}}],\"inLanguage\":\"sq-AL\"},{\"@type\":\"Organization\",\"@id\":\"https:\\\/\\\/fjala.info\\\/2009-2015\\\/#organization\",\"name\":\"FjALA e LIR\u00cb - Arkivi\",\"url\":\"https:\\\/\\\/fjala.info\\\/2009-2015\\\/\",\"logo\":{\"@type\":\"ImageObject\",\"inLanguage\":\"sq-AL\",\"@id\":\"https:\\\/\\\/fjala.info\\\/2009-2015\\\/#\\\/schema\\\/logo\\\/image\\\/\",\"url\":\"\",\"contentUrl\":\"\",\"caption\":\"FjALA e LIR\u00cb - Arkivi\"},\"image\":{\"@id\":\"https:\\\/\\\/fjala.info\\\/2009-2015\\\/#\\\/schema\\\/logo\\\/image\\\/\"}},{\"@type\":\"Person\",\"@id\":\"https:\\\/\\\/fjala.info\\\/2009-2015\\\/#\\\/schema\\\/person\\\/3aa1163ef05469c496fc94e77611ada2\",\"name\":\"admin\",\"image\":{\"@type\":\"ImageObject\",\"inLanguage\":\"sq-AL\",\"@id\":\"https:\\\/\\\/fjala.info\\\/2009-2015\\\/wp-content\\\/uploads\\\/2012\\\/02\\\/arben_cokaj-120x150.jpg\",\"url\":\"https:\\\/\\\/fjala.info\\\/2009-2015\\\/wp-content\\\/uploads\\\/2012\\\/02\\\/arben_cokaj-120x150.jpg\",\"contentUrl\":\"https:\\\/\\\/fjala.info\\\/2009-2015\\\/wp-content\\\/uploads\\\/2012\\\/02\\\/arben_cokaj-120x150.jpg\",\"caption\":\"admin\"},\"description\":\"Admin, Fjala e Lir\u00eb\",\"sameAs\":[\"https:\\\/\\\/fjala.info\\\/\"],\"url\":\"https:\\\/\\\/fjala.info\\\/2009-2015\\\/author\\\/admin\\\/\"}]}<\/script>\n<!-- \/ Yoast SEO plugin. -->","yoast_head_json":{"title":"Prifti i Kosin\u00ebs dhe imami i Leshnic\u00ebs - FjALA e LIR\u00cb - Arkivi","robots":{"index":"index","follow":"follow","max-snippet":"max-snippet:-1","max-image-preview":"max-image-preview:large","max-video-preview":"max-video-preview:-1"},"canonical":"https:\/\/fjala.info\/2009-2015\/prifti-i-kosines-dhe-imami-i-leshnices\/","og_locale":"sq_AL","og_type":"article","og_title":"Prifti i Kosin\u00ebs dhe imami i Leshnic\u00ebs - FjALA e LIR\u00cb - Arkivi","og_description":"Nga Fatmir Lamaj, Cel: 0664128750 Para disa vitesh, n\u00eb mediat shqiptare b\u00ebri buj\u00eb nj\u00eb fakt trondit\u00ebs ku nj\u00eb prift i fshatit Kosin\u00eb n\u00eb P\u00ebrmet zhvarroste eshtrat e shqiptar\u00ebve dhe i ambalazhonte ato n\u00eb arkivolet e ardhur nga Athina, si eshtrat e ushtar\u00ebve grek r\u00ebn\u00eb gjat\u00eb Luft\u00ebs s\u00eb II Bot\u00ebrore n\u00eb trojet shqiptare. I nj\u00ebjti prift [&hellip;]","og_url":"https:\/\/fjala.info\/2009-2015\/prifti-i-kosines-dhe-imami-i-leshnices\/","og_site_name":"FjALA e LIR\u00cb - Arkivi","article_published_time":"2014-06-21T07:51:04+00:00","og_image":[{"url":"http:\/\/www.fjala.info\/2014\/fatmir_lamaj.jpg","type":"","width":"","height":""}],"author":"admin","twitter_card":"summary_large_image","twitter_misc":{"Written by":"admin","Est. reading time":"9 minutes"},"schema":{"@context":"https:\/\/schema.org","@graph":[{"@type":"Article","@id":"https:\/\/fjala.info\/2009-2015\/prifti-i-kosines-dhe-imami-i-leshnices\/#article","isPartOf":{"@id":"https:\/\/fjala.info\/2009-2015\/prifti-i-kosines-dhe-imami-i-leshnices\/"},"author":{"name":"admin","@id":"https:\/\/fjala.info\/2009-2015\/#\/schema\/person\/3aa1163ef05469c496fc94e77611ada2"},"headline":"Prifti i Kosin\u00ebs dhe imami i Leshnic\u00ebs","datePublished":"2014-06-21T07:51:04+00:00","mainEntityOfPage":{"@id":"https:\/\/fjala.info\/2009-2015\/prifti-i-kosines-dhe-imami-i-leshnices\/"},"wordCount":1716,"commentCount":1,"publisher":{"@id":"https:\/\/fjala.info\/2009-2015\/#organization"},"image":{"@id":"https:\/\/fjala.info\/2009-2015\/prifti-i-kosines-dhe-imami-i-leshnices\/#primaryimage"},"thumbnailUrl":"http:\/\/www.fjala.info\/2014\/fatmir_lamaj.jpg","articleSection":["Artikuj"],"inLanguage":"sq-AL","potentialAction":[{"@type":"CommentAction","name":"Comment","target":["https:\/\/fjala.info\/2009-2015\/prifti-i-kosines-dhe-imami-i-leshnices\/#respond"]}]},{"@type":"WebPage","@id":"https:\/\/fjala.info\/2009-2015\/prifti-i-kosines-dhe-imami-i-leshnices\/","url":"https:\/\/fjala.info\/2009-2015\/prifti-i-kosines-dhe-imami-i-leshnices\/","name":"Prifti i Kosin\u00ebs dhe imami i Leshnic\u00ebs - FjALA e LIR\u00cb - Arkivi","isPartOf":{"@id":"https:\/\/fjala.info\/2009-2015\/#website"},"primaryImageOfPage":{"@id":"https:\/\/fjala.info\/2009-2015\/prifti-i-kosines-dhe-imami-i-leshnices\/#primaryimage"},"image":{"@id":"https:\/\/fjala.info\/2009-2015\/prifti-i-kosines-dhe-imami-i-leshnices\/#primaryimage"},"thumbnailUrl":"http:\/\/www.fjala.info\/2014\/fatmir_lamaj.jpg","datePublished":"2014-06-21T07:51:04+00:00","breadcrumb":{"@id":"https:\/\/fjala.info\/2009-2015\/prifti-i-kosines-dhe-imami-i-leshnices\/#breadcrumb"},"inLanguage":"sq-AL","potentialAction":[{"@type":"ReadAction","target":["https:\/\/fjala.info\/2009-2015\/prifti-i-kosines-dhe-imami-i-leshnices\/"]}]},{"@type":"ImageObject","inLanguage":"sq-AL","@id":"https:\/\/fjala.info\/2009-2015\/prifti-i-kosines-dhe-imami-i-leshnices\/#primaryimage","url":"http:\/\/www.fjala.info\/2014\/fatmir_lamaj.jpg","contentUrl":"http:\/\/www.fjala.info\/2014\/fatmir_lamaj.jpg"},{"@type":"BreadcrumbList","@id":"https:\/\/fjala.info\/2009-2015\/prifti-i-kosines-dhe-imami-i-leshnices\/#breadcrumb","itemListElement":[{"@type":"ListItem","position":1,"name":"Home","item":"https:\/\/fjala.info\/2009-2015\/"},{"@type":"ListItem","position":2,"name":"Prifti i Kosin\u00ebs dhe imami i Leshnic\u00ebs"}]},{"@type":"WebSite","@id":"https:\/\/fjala.info\/2009-2015\/#website","url":"https:\/\/fjala.info\/2009-2015\/","name":"FjALA e LIR\u00cb - Arkivi","description":"Arkivi 2009-2015","publisher":{"@id":"https:\/\/fjala.info\/2009-2015\/#organization"},"potentialAction":[{"@type":"SearchAction","target":{"@type":"EntryPoint","urlTemplate":"https:\/\/fjala.info\/2009-2015\/?s={search_term_string}"},"query-input":{"@type":"PropertyValueSpecification","valueRequired":true,"valueName":"search_term_string"}}],"inLanguage":"sq-AL"},{"@type":"Organization","@id":"https:\/\/fjala.info\/2009-2015\/#organization","name":"FjALA e LIR\u00cb - Arkivi","url":"https:\/\/fjala.info\/2009-2015\/","logo":{"@type":"ImageObject","inLanguage":"sq-AL","@id":"https:\/\/fjala.info\/2009-2015\/#\/schema\/logo\/image\/","url":"","contentUrl":"","caption":"FjALA e LIR\u00cb - Arkivi"},"image":{"@id":"https:\/\/fjala.info\/2009-2015\/#\/schema\/logo\/image\/"}},{"@type":"Person","@id":"https:\/\/fjala.info\/2009-2015\/#\/schema\/person\/3aa1163ef05469c496fc94e77611ada2","name":"admin","image":{"@type":"ImageObject","inLanguage":"sq-AL","@id":"https:\/\/fjala.info\/2009-2015\/wp-content\/uploads\/2012\/02\/arben_cokaj-120x150.jpg","url":"https:\/\/fjala.info\/2009-2015\/wp-content\/uploads\/2012\/02\/arben_cokaj-120x150.jpg","contentUrl":"https:\/\/fjala.info\/2009-2015\/wp-content\/uploads\/2012\/02\/arben_cokaj-120x150.jpg","caption":"admin"},"description":"Admin, Fjala e Lir\u00eb","sameAs":["https:\/\/fjala.info\/"],"url":"https:\/\/fjala.info\/2009-2015\/author\/admin\/"}]}},"_links":{"self":[{"href":"https:\/\/fjala.info\/2009-2015\/wp-json\/wp\/v2\/posts\/13611","targetHints":{"allow":["GET"]}}],"collection":[{"href":"https:\/\/fjala.info\/2009-2015\/wp-json\/wp\/v2\/posts"}],"about":[{"href":"https:\/\/fjala.info\/2009-2015\/wp-json\/wp\/v2\/types\/post"}],"author":[{"embeddable":true,"href":"https:\/\/fjala.info\/2009-2015\/wp-json\/wp\/v2\/users\/1"}],"replies":[{"embeddable":true,"href":"https:\/\/fjala.info\/2009-2015\/wp-json\/wp\/v2\/comments?post=13611"}],"version-history":[{"count":0,"href":"https:\/\/fjala.info\/2009-2015\/wp-json\/wp\/v2\/posts\/13611\/revisions"}],"wp:attachment":[{"href":"https:\/\/fjala.info\/2009-2015\/wp-json\/wp\/v2\/media?parent=13611"}],"wp:term":[{"taxonomy":"category","embeddable":true,"href":"https:\/\/fjala.info\/2009-2015\/wp-json\/wp\/v2\/categories?post=13611"},{"taxonomy":"post_tag","embeddable":true,"href":"https:\/\/fjala.info\/2009-2015\/wp-json\/wp\/v2\/tags?post=13611"}],"curies":[{"name":"wp","href":"https:\/\/api.w.org\/{rel}","templated":true}]}}