{"id":13607,"date":"2014-06-19T22:40:57","date_gmt":"2014-06-19T21:40:57","guid":{"rendered":"http:\/\/www.fjala.info\/?p=1365"},"modified":"2014-06-19T22:40:57","modified_gmt":"2014-06-19T21:40:57","slug":"ruajtja-e-gjuhes-amtare-detyre-paresore-e-cdo-shqiptari","status":"publish","type":"post","link":"https:\/\/fjala.info\/2009-2015\/ruajtja-e-gjuhes-amtare-detyre-paresore-e-cdo-shqiptari\/","title":{"rendered":"RUAJTJA E GJUH\u00cbS AMTARE, DETYR\u00cb PAR\u00cbSORE E \u00c7DO SHQIPTARI"},"content":{"rendered":"<p><img decoding=\"async\" class=\"alignleft size-thumbnail wp-image-7236\" title=\"Llazar Vero\" src=\"http:\/\/www.fjala.info\/2014\/llazar_vero.jpg\" alt=\"\" width=\"150\" \/> <strong>10 vjet t\u00eb Shkoll\u00ebs Shqipe &#8220;Gjuha Jon\u00eb &#8220;:<\/strong><\/p>\n<p>Nga: <strong>Llazar Vero<\/strong>,\u00a0-publicist, Filadelfia -SHBA<\/p>\n<p><strong> 1. N\u00eb v\u00ebnd t\u00eb hyrjes<\/strong><\/p>\n<p>Shoqata Atdhetare-Kulturore Shqiptare-Amerikane &#8220;Bijt\u00eb e Shqipes&#8221;, n\u00eb Filadelfia, festoi 10-vjetorin e shkoll\u00ebs n\u00eb gjuh\u00ebn ton\u00eb amtare,&#8221;Gjuha Jon\u00eb&#8221;. Ishte nj\u00eb ngjarje e bukur, e mbushur me mbresa e kujtime, me k\u00ebng\u00eb e recitime, por dhe me shk\u00ebmbime mendimesh p\u00ebr t\u00eb nxjerr\u00eb m\u00ebsime nga p\u00ebrvoja e deritanishme dhe, ende m\u00eb shum\u00eb. D\u00ebshira e t\u00eb gjith\u00ebve \u00ebsht\u00eb p\u00ebr t\u00eb mos mbetur n\u00eb k\u00ebt\u00eb nivel, ku jemi, por p\u00ebr t\u00eb shkuar m\u00eb tej , n\u00eb num\u00ebr dhe cil\u00ebsi. U synua jo p\u00ebr nj\u00eb festim sa p\u00ebr t\u00eb kaluar radh\u00ebn, pra \u201cshihni se \u00e7&#8217;kemi b\u00ebr\u00eb ne&#8221;, po p\u00ebr nj\u00eb analiz\u00eb pune dhe p\u00ebrcaktim detyrash p\u00ebr t\u00eb ardhmen.<\/p>\n<p>P\u00ebrgatitjet filluan koh\u00eb m\u00eb par\u00eb. Q\u00eb n\u00eb dit\u00ebt e para t\u00eb majit iu d\u00ebrguan ftesat shkollave shqipe, p\u00ebr t\u00eb cilat kishim siguruar adresat elektronike dhe postare, p\u00ebr t\u00eb marr pjes\u00eb n\u00eb k\u00ebto festime dhe sidomos n\u00eb bashk\u00ebbisedimin, &#8220;Ruajtja e gjuh\u00ebs amtare &#8211; detyr\u00eb par\u00ebsore e \u00e7do shqiptari&#8221;. P\u00ebr k\u00ebt\u00eb q\u00ebllim, u hartua e u nis edhe nj\u00eb list\u00eb temash p\u00ebr t\u00eb diskutuar. Kur kishte filluar veprimtaria, nga Patison i Nju Xhersit erdh\u00ebn dy zonja, Gonxhe Metaj dhe Z\u00ebra Musliu, shoq\u00ebruar nga disa vajza t\u00eb reja, q\u00eb p\u00ebrfaq\u00ebsonin Shkoll\u00ebn shqipe, &#8220;Fondi i P\u00ebrbashk\u00ebt Shqiptar&#8221;. Sigurisht, kjo nuk ishte e mjaftueshme, pasi t\u00eb tjer\u00ebt nuk u p\u00ebrgjigj\u00ebn?!<br \/>\n<img decoding=\"async\" class=\"aligncenter size-thumbnail wp-image-7236\" title=\"M\u00ebsuesit, shkolla shqipe Filadelfia\" src=\"http:\/\/www.fjala.info\/2014\/mesuesit_shkolla_shqipe_filadelfia.jpg\" alt=\"\" width=\"500\" \/><br \/>\n<strong>2. Nj\u00eb kremtim pune dhe g\u00ebzimi<\/strong><\/p>\n<p>K\u00ebshtu, temat e bashk\u00ebbisedimit i mor\u00ebn p\u00ebrsip\u00ebr t&#8217;i p\u00ebrgatisnin disa an\u00ebtar\u00eb t\u00eb kryesis\u00eb s\u00eb Shoqat\u00ebs &#8220;Bijt\u00eb e Shqipes&#8221;, m\u00ebsues dhe prind\u00ebr t\u00eb nx\u00ebn\u00ebsve t\u00eb shkoll\u00ebs son\u00eb. Nd\u00ebrsa p\u00ebrgatitjen e koncertit t\u00eb f\u00ebmij\u00ebve e b\u00ebri, si p\u00ebrher\u00eb, kompzitori i njohur, sidomos p\u00ebr k\u00ebng\u00ebt kushtuar f\u00ebmij\u00ebve, Hamdi Gjana. P\u00ebr problemet e tjera t\u00eb organizimit t\u00eb nj\u00eb feste t\u00eb till\u00eb, \u00e7do an\u00ebtar i kryesis\u00eb s\u00eb Shoqat\u00ebs mori di\u00e7ka p\u00ebrsip\u00ebr dhe ata e kryen m\u00eb s\u00eb miri. Ja, Oriola Suku, an\u00ebtarja m\u00eb e re e kryesis\u00eb, mori p\u00ebrsip\u00ebr dhe realizoi me nivel profesional dizajnin e vler\u00ebsimit, &#8220;Pishtar i gjuh\u00ebs shqipe&#8221;, flet\u00ebpalosjen dhe pull\u00ebn ngjit\u00ebse, kushtuar k\u00ebsaj ngjarjeje. Nd\u00ebrsa z\u00ebvend\u00ebskryetari i ri i kryesis\u00eb s\u00eb Shoqat\u00ebs, Dritan Matraku, me t\u00eb tjer\u00eb, zgjidhi problemet e organizmit t\u00eb dark\u00ebs, &#8220;Buk\u00eb e krip\u00eb dhe zem\u00ebr\u201d. Bashkim B\u00ebrdufi mori p\u00ebrsip\u00ebr riparimin e sall\u00ebs s\u00eb mbledhjeve etj. K\u00ebshtu me radh\u00eb, sekretari &#8220;veteran&#8221; i k\u00ebsaj Shoqate, Vlashi Fili dhe Bujar Gjoka, LlazarVero, Sadik Elshani, Suzana Vangjeli, Petrit Zanaj etj. dhe m\u00eb i shqet\u00ebsuari, kryetari i ri i Shoqat\u00ebs Tajar Domi, kishin nga nj\u00eb pjes\u00eb p\u00ebr realizimin me sukses t\u00eb k\u00ebtij p\u00ebrvjetori.<\/p>\n<p>Dhe ja, erdhi dita e mir\u00ebpritur e fest\u00ebs. Si rrall\u00ebher\u00eb, salla e veprimtarive kulturore t\u00eb Shoqat\u00ebs ishte kaq e mbushur. Kishte nga ata, t\u00eb cil\u00ebt q\u00ebndronin n\u00eb k\u00ebmb\u00eb dhe disa t\u00eb tjer\u00eb kaluan n\u00eb mjediset e kafenes\u00eb, q\u00eb \u00ebsht\u00eb n\u00eb vazhdim t\u00eb sall\u00ebs e guzhin\u00ebs. Ishin t\u00eb gjith\u00eb brezat s\u00eb bashku: gjysh\u00ebrit, prind\u00ebrit dhe f\u00ebmij\u00ebt. Salla e veprimtarive kishte disa ndryshime, nga ajo m\u00eb e fundit. N\u00eb mure kishte m\u00eb shum\u00eb portrete t\u00eb njer\u00ebzve t\u00eb shquar, t\u00eb pen\u00ebs dhe fjal\u00ebs s\u00eb Kombit tone, por dhe me portretet e Presidentit t\u00eb par\u00eb Amerikan, George Washington dhe t\u00eb mikut t\u00eb shqiptar\u00ebve, Presidentit Wodro\u00eb Wilson.<\/p>\n<p>Ceremonin\u00eb e rastit e hapi kryetari i Shoqat\u00ebs &#8220;Bijt\u00eb e Shqipes&#8221;, Tajar Domi. Pasi fal\u00ebnderoi pjes\u00ebmarr\u00ebsit dhe miqt\u00eb e ardhur nga larg, grupin muzikor t\u00eb violinistit t\u00eb shquar Zeqir Sulkuqi, me k\u00ebng\u00ebtaren e njohur Eglantina Toska dhe n\u00eb tastier\u00eb pedagogun e pianistin nga Elbasani, Ellis Lloshi, n\u00eb em\u00ebr t\u00eb k\u00ebshillit drejtues t\u00eb Shoqat\u00ebs, ai u shprehu mir\u00ebnjohjen e thell\u00eb sponsorizues\u00ebve t\u00eb Bashk\u00ebsis\u00eb Shqiptare n\u00eb Filadelfia.Ata ishin: familja Risilia, q\u00eb me shum\u00ebn e dh\u00ebn\u00eb u b\u00eb e mundur blerja e k\u00ebsaj nd\u00ebrtese; familja Rrapi e dr.Silvana \u00c7umani, Mexhit Kobaci etj., q\u00eb n\u00eb vite kan\u00eb mb\u00ebshtetur me bujari jet\u00ebn e Shoqat\u00ebs dhe t\u00eb Shkoll\u00ebs shqipe. M\u00eb tej, fol\u00ebsi p\u00ebrsh\u00ebndeti m\u00ebsueset e e para t\u00eb shkoll\u00ebs shqipe k\u00ebty, Mirela Qirici, Mirjana Kina, Luljana Toshi etj., t\u00eb cilat kan\u00eb punur vullnetarisht p\u00ebr tre vite me radh\u00eb, gjith\u00eb m\u00ebsueset e tanishme, nx\u00ebn\u00ebsit dhe prind\u00ebrit, q\u00eb e kan\u00eb p\u00ebrcjell\u00eb me dashuri gjuh\u00ebn shqipe, te f\u00ebmij\u00ebt.<\/p>\n<p>Pas k\u00ebsaj fjale e kishin radh\u00ebn z\u00ebrat f\u00ebminor\u00eb t\u00eb nx\u00ebn\u00ebsve t\u00eb shkoll\u00ebs, q\u00eb k\u00ebnduan k\u00ebng\u00ebn himn t\u00eb shkoll\u00ebs, me titull: &#8220;Gjuha Jon\u00eb&#8221;, me tekst dhe muzik\u00eb t\u00eb kompozitorit Hamdi Gjana. Emocione v\u00ebrteta t\u00eb fuqishme percolli kjo k\u00ebng\u00eb te pjes\u00ebmarr\u00ebsit.T\u00eb gjith\u00eb e pwrgwzuan autorin e saj dhe f\u00ebmij\u00ebt e mrekulluesh\u00ebm t\u00eb shkoll\u00ebs: Anxhelina Sali, v\u00ebllez\u00ebrit Vjonis dhe Aris Ramizi, Vanesa Shehu, Nadija Sul\u00e7aj, Irini Ramizi, motrat Erona dhe Fijona Shurdhiqi, Emma Rama dhe vog\u00eblushja Alba Sinani, p\u00ebr k\u00ebt\u00eb k\u00ebng\u00eb t\u00eb bukur.<\/p>\n<p><strong> 3. Bashk\u00ebbisedim p\u00ebr mbar\u00ebvajtjen e shkoll\u00ebs<\/strong><\/p>\n<p>Bashk\u00ebbisedimin e hapi Ll.Vero, an\u00ebtar i k\u00ebshillit drejtues t\u00eb Shoqat\u00ebs, q\u00eb \u00ebsht\u00eb i ngarkuar nga kryesia e saj p\u00ebr ndjekjen nga af\u00ebr t\u00eb jet\u00ebs s\u00eb shkoll\u00ebs. Pasi b\u00ebri nj\u00eb kthim pas, n\u00eb historin\u00eb e gjuh\u00ebs shqipe dhe t\u00eb sakrificave t\u00eb m\u00ebdha, q\u00eb jan\u00eb dashur t\u00eb b\u00ebhen p\u00ebr ruajtjen dhe shkrimin e saj, duke nderuar vepr\u00ebn e martir\u00ebve t\u00eb saj, si Budi, Bogdani, Bardhi dhe, m\u00eb af\u00ebr, Naum Veqilharxhi e Kostandin Kristoforidhi ose Papa Kristo Negovani e Petro Nini Luarasi, etj., ai theksoi se \u00ebsht\u00eb i pandash\u00ebm ruajtja e identitetit komb\u00ebtar nga trinomi:&#8221;Gjuha shqipe &#8211; Shqipja n\u00eb Flamur &#8211; Shqip\u00ebria&#8221;.<\/p>\n<p>M\u00eb tej, ai vazhdoi: &#8220;K\u00ebshtu, 10 vjet\u00eb m\u00eb par\u00eb, n\u00eb em\u00ebr t\u00eb Gjuh\u00ebs Shqipe, Flamurit dhe Atdheut, ngrit\u00ebm k\u00ebt\u00eb faltore t\u00eb vog\u00ebl me emrin Shkolla Shqipe &#8220;Gjuha Jon\u00eb&#8221;. N\u00eb t\u00eb, kemi derdhur kaq mund dhe p\u00ebrkushtim, p\u00ebr t&#8217;u sh\u00ebrbyer q\u00ebnieve m\u00eb t\u00eb pafajshme dhe m\u00eb t\u00eb bukura, f\u00ebmij\u00ebve t\u00eb emigrant\u00ebve shqiptar\u00eb. E b\u00ebm\u00eb k\u00ebt\u00eb, sepse gjuha amtare \u00ebsht\u00eb fizinomia dhe identiteti i nj\u00eb kombi, i nj\u00eb individi&#8230;&#8230; Asgj\u00eb m\u00eb shum\u00eb nuk duam t\u00eb b\u00ebjm\u00eb, ve\u00e7 t\u00eb \u00e7ojm\u00eb n\u00eb vend porosin\u00eb e Naimit t\u00eb madh: &#8220;Gjuh\u00eb t\u00eb tjera t\u00eb m\u00ebsojm\u00eb, por gjuh\u00ebn shqipe ta kemi zonj\u00eb&#8221;. Larg mburrjeve boshe, por duke e par\u00eb realitetin n\u00eb sy, ligj\u00ebruesi theksoi se edhe kjo shkoll\u00eb, q\u00eb ne e shohim me krenari, \u00ebsht\u00eb vet\u00ebm nj\u00eb filiz, nje filles\u00eb p\u00ebr \u00e7&#8217;ka duam t\u00eb b\u00ebjm\u00eb.<\/p>\n<p>Me nj\u00eb mesatare prej 50 nx\u00ebnsish n\u00eb vit , nuk ka vend p\u00ebr eufori. T\u00eb mendosh se n\u00eb Filadelfia jetojn\u00eb rreth 25000 shqiptar\u00eb, ose 5-6 mij\u00eb familje, kuptohet se sa i madh do t\u00eb ishte numri i nx\u00ebn\u00ebsve n\u00eb shkollat shqipe. Po n\u00eb t\u00ebr\u00eb Amerik\u00ebn?! Pa pritur as nga qeverit\u00eb shqiptare ose amerikane,vet\u00eb ne s\u00eb bashku mund ta kthejm\u00eb n\u00eb realitet k\u00ebt\u00eb \u00ebnd\u00ebrr, duke e \u00e7uar shkoll\u00ebn dhe m\u00ebsuesin sa m\u00eb af\u00ebr f\u00ebmij\u00ebve\u2026 Ja, edhe n\u00eb k\u00ebt\u00eb nd\u00ebrtes\u00eb q\u00eb kemi sot, mund te m\u00ebsojn\u00eb 250-300 f\u00ebmij\u00eb \u00e7do vit, duke shfryt\u00ebzuar t\u00eb plota dit\u00ebt e shtuna e t\u00eb diela, pse jo, dhe t\u00eb premten n\u00eb mbr\u00ebmje\u201d.<\/p>\n<p>M\u00ebsuesja Rajmonda Bardhi ka vite q\u00eb punon n\u00eb k\u00ebt\u00eb shkoll\u00eb, pas nj\u00eb p\u00ebrvoje jo t\u00eb shkurt\u00ebr, kur ishte m\u00ebsuese e shkoll\u00ebs fillore n\u00eb Shqip\u00ebri. Ajo vjen nga nj\u00eb familje m\u00ebsuesish t\u00eb respektuar nga rrethi i Fierit. Nd\u00ebrsa vet\u00eb i p\u00ebrket brezit t\u00eb tret\u00eb t\u00eb tyre. N\u00eb diskutimin, q\u00eb b\u00ebri solli p\u00ebrvoj\u00ebn e nj\u00eb m\u00ebsimdhen\u00ebseje cil\u00ebsore, q\u00eb punon shum\u00eb e p\u00ebrkushtuar me f\u00ebmij\u00ebt. P\u00ebrvoj\u00ebs s\u00eb saj n\u00eb Shqip\u00ebri ajo i ka shtuar tani edhe at\u00eb t\u00eb pun\u00ebs me f\u00ebmij\u00ebt e emigr\u00ebnt\u00ebve. &#8221; N\u00eb pun\u00ebn ton\u00eb, krahas arritjeve, -tha ajo,-ka edhe t\u00eb meta. Pra, \u00ebsht\u00eb n\u00ebnvler\u00ebsimi i m\u00ebsimit t\u00eb gjuh\u00ebs amtare n\u00eb familje, s\u00eb pari dhe pun\u00ebs m\u00eb cil\u00ebsore n\u00eb shkoll\u00eb, nga m\u00ebsuesit. Prandaj k\u00ebrkohet nj\u00eb bashk\u00ebpunim dhe g\u00ebrshetim i pun\u00ebs nd\u00ebrmjet m\u00ebsuesve e prind\u00ebrve\u201d. Duke u ndalur n\u00eb pun\u00ebn q\u00eb b\u00ebhet n\u00eb shkoll\u00eb me nx\u00ebn\u00ebsit, krahas disa problemeve t\u00eb m\u00ebsimdh\u00ebnies, ajo ngriti nevoj\u00ebn p\u00ebr m\u00eb shum\u00eb or\u00eb q\u00ebndrimi n\u00eb shkoll\u00eb, duke e shtuar koh\u00ebn e m\u00ebsimit, t\u00eb pakt\u00ebn edhe m\u00eb nje or\u00eb m\u00eb shum\u00eb n\u00eb jav\u00eb. N\u00eb k\u00ebt\u00eb m\u00ebnyr\u00eb, do t\u00eb forcohet m\u00eb tej puna n\u00eb trek\u00ebnd\u00ebshin m\u00ebsues-nx\u00ebn\u00ebs-prind.<\/p>\n<p>Nj\u00eb nga problemet ose m\u00eb sakt\u00eb justifikimet e prind\u00ebrve, q\u00eb nuk i sjellin f\u00ebmij\u00ebt n\u00eb shkoll\u00ebn shqipe dhe q\u00eb nuk flasin shqip n\u00eb familje, \u00ebsht\u00eb dhe pretendimi se m\u00ebsimi i gjuh\u00ebs shqipe i pengon f\u00ebmij\u00ebt n\u00eb m\u00ebsimin e anglishtes. Rreth k\u00ebsaj \u00e7\u00ebshtjeje, u p\u00ebrqendrua diskutimi i sekretarit t\u00eb Shoqat\u00ebs, Vlashi Fili, i cili me sh\u00ebmbuj nga jeta n\u00eb shkoll\u00ebn ton\u00eb dhe m\u00eb gj\u00ebr\u00eb, solli fakte dhe argument, se sa i pav\u00ebnd dhe bosh ishte ky q\u00ebndrim. &#8221; \u00cbsht\u00eb argumentuar shkenc\u00ebrisht dhe v\u00ebrtetuar n\u00eb praktik\u00eb, q\u00eb f\u00ebmija mund t\u00eb m\u00ebsoj\u00eb disa gjuh\u00eb, pa penguar nj\u00ebra -tjetr\u00ebn, &#8211; tha ai, duke e p\u00ebrfunduar fjal\u00ebn e tij,- bile do t\u00eb thosha se ato ndihmojn\u00eb nj\u00ebra -tjetr\u00ebn dhe zhvillimin mendor t\u00eb f\u00ebmij\u00ebs\u201d.<\/p>\n<p>&#8220;Prindi \u00ebsht\u00eb kryesori p\u00ebr m\u00ebsimin e gjuh\u00ebs shqipe nga f\u00ebmij\u00ebt&#8221; &#8211; ishte baza e diskutimit t\u00eb Irena \u00c7epeles, n\u00ebn\u00eb e nj\u00eb f\u00ebmije, q\u00eb ndjek shkoll\u00ebn shqipe k\u00ebtu. &#8220;Cila \u00ebsht\u00eb arsyeja, q\u00eb edhe pse jetojm\u00eb n\u00eb vendin m\u00eb demokratik n\u00eb bot\u00eb, ku mund\u00ebsia e zot\u00ebrimit t\u00eb m\u00eb shum\u00eb se nj\u00eb gjuhe, diversiteti, si dhe gjith\u00ebp\u00ebrfshirja nxiten dhe mir\u00ebpriten, f\u00ebmij\u00ebt tan\u00eb t\u00eb lindur n\u00eb pjes\u00ebn d\u00ebrmuese nga t\u00eb dy prind\u00ebrit shqiptar\u00eb, nuk e flasin dhe lexojn\u00eb gjuh\u00ebn e m\u00ebm\u00ebs? Le t\u00eb mos harrojm\u00eb p\u00ebr asnj\u00eb moment natyr\u00ebn dhe ndjenjat atdhetare, t\u00eb cilat p\u00ebr shum\u00eb jan\u00eb ar\u00ebsyeja themelore, p\u00ebrse duhet t&#8217;u m\u00ebsojm\u00eb f\u00ebmij\u00ebve shqip dhe t\u00eb p\u00ebrq\u00ebndrohemi n\u00eb arsyet e tjera m\u00eb praktike, t\u00eb cilat jan\u00eb t\u00eb shumta, por un\u00eb do t\u00eb p\u00ebrmend disa\u201d. K\u00ebshtu, me nj\u00eb frym\u00eb debati shoq\u00ebror, por edhe t\u00eb argumentuar, ajo theksoi se p\u00ebrvet\u00ebsimi i nj\u00eb gjuhe t\u00eb dyt\u00eb, e ndihmon f\u00ebmij\u00ebn n\u00eb studimet shkollore, se gjuha e m\u00ebm\u00ebs \u00ebsht\u00eb nj\u00eb burim kryesor i p\u00ebrvojave vetjake p\u00ebr f\u00ebmij\u00ebt, se gjuha amtare na lidh dhe bashkon me rrethin familjar e shoq\u00ebror, se n\u00ebp\u00ebrmjet saj ne u tregojm\u00eb f\u00ebmij\u00ebve se trash\u00ebgimia jon\u00eb kulturore \u00ebsht\u00eb pjes\u00eb themelore e ekzistenc\u00ebs son\u00eb si komb, etj. Duke p\u00ebrfunduar, tha se si n\u00ebn\u00eb e dy vajzave, nj\u00ebra prej t\u00eb cilave flet dhe shkruan shqip e tjetra kupton pjes\u00ebrisht, por nuk flet rrjedhsh\u00ebm, \u00ebsht\u00eb plot\u00ebsisht e vet\u00ebdijshme p\u00ebr faktin q\u00eb p\u00ebrgjegj\u00ebsia p\u00ebr k\u00ebt\u00eb bie pik\u00ebrisht mbi ne, prind\u00ebrit e saj.<\/p>\n<p>Fjala e Ivzi Cipurit, n\u00eb k\u00ebt\u00eb bashk\u00ebbisedim p\u00ebr problemet e ruajtjes s\u00eb gjuh\u00ebs shqipe te f\u00ebmij\u00ebt, m\u00eb tep\u00ebr se nj\u00eb diskutim i thjesht\u00eb, ishte nj\u00eb studim q\u00eb argumentonte shkenc\u00ebrisht se m\u00ebsimi i anglishtes nuk i\u00ebsht\u00eb penges\u00eb p\u00ebr m\u00ebsimin e shqipes dhe se teknologjia moderne e leht\u00ebson m\u00ebsimin e gjuh\u00ebs amtare. Duke sjell\u00eb sh\u00ebmbuj nga bashk\u00ebsi t\u00eb tjera, q\u00eb jetojn\u00eb n\u00eb Amerik\u00eb dhe argumentimin shkencor nga shum\u00eb studiues t\u00eb k\u00ebtyre fushave, ai solli p\u00ebr pjes\u00ebmarr\u00ebsit nj\u00eb informacion t\u00eb gjer\u00eb. \u201cStudimet kan\u00eb v\u00ebrtetuar,-theksoi m\u00eb t\u00ebj ai,- p\u00ebrfitimet, q\u00eb vijn\u00eb nga m\u00ebsimi i nj\u00eb gjuhe t\u00eb dyt\u00eb, jo vet\u00ebm n\u00eb zhvillimin e aft\u00ebsive gjuh\u00ebsore t\u00eb nx\u00ebn\u00ebsve, por eshe p\u00ebr aft\u00ebsit\u00eb njoh\u00ebse &#8211; krijuese t\u00eb tyre. M\u00ebsimi i nj\u00eb gjuhe tjet\u00ebr n\u00eb SHBA mbetet domosdoshm\u00ebri p\u00ebr t\u00eb gjitha moshat, nga parashkollor\u00ebt e deri n\u00eb klas\u00ebn e 12-t\u00eb&#8221;.<\/p>\n<p><strong>4. Nderim p\u00ebr pun\u00ebn e p\u00ebrkushtuar t\u00eb m\u00ebsuesve<\/strong><\/p>\n<p>P\u00ebr t\u00eb nderuar pun\u00ebn disavje\u00e7are dhe t\u00eb p\u00ebrkushtuar t\u00eb m\u00ebsueseve, Shoqata &#8220;Bijt\u00eb e Shqipes&#8221;, me k\u00ebt\u00eb rast, p\u00ebrgatiti e miratoi vler\u00ebsimin &#8220;Pishtar i gjuh\u00ebs shqipe&#8221;. Vlashi Fili, sekretar i Shoqat\u00ebs, lexoi emrat dhe motivacionin p\u00ebr secil\u00ebn m\u00ebsuese, t\u00eb shoq\u00ebruar me n\u00eb tuf\u00eb lulesh. Kjo ishte mir\u00ebnjohja e shoqat\u00ebs dhe gjith\u00eb bashk\u00ebsis\u00eb shqiptare, n\u00eb Filadelfia, p\u00ebr pun\u00ebn e tyre t\u00eb \u00e7muar n\u00eb m\u00ebsimdh\u00ebnien e gjuh\u00ebs shqipe te f\u00ebmij\u00ebt. M\u00ebsueset Elvira Budo, Mirela Qirici, Mirjana Kina, Luljana Toshi, Mimoza Priftanji, Lindita Hysko, Sotir Binjaku, Rajmonda Bardhi, Liljana Gaba, Nikoleta Papaj, Irini Zenelaj, Kozara Doko, Majlinda Tahiraj, K\u00ebsmete Begollari e Adelina Ramizi, duke fal\u00ebnderuar p\u00ebr nderin e b\u00ebr\u00eb, u zotuan q\u00eb do t\u00eb punojn\u00eb edhe m\u00eb tej, n\u00eb sh\u00ebrbim t\u00eb shkoll\u00ebs shqipe n\u00eb emigracion.<\/p>\n<p>T\u00eb pranishmit n\u00eb k\u00ebt\u00eb bashk\u00ebbisedim dhe festim mbres\u00ebl\u00ebn\u00ebs t\u00eb 10-vjetorit t\u00eb Shkoll\u00ebs Shqipe &#8220;Gjuha Jon\u00eb&#8221;, n\u00eb Filadelfia, n\u00eb fund i p\u00ebrsh\u00ebndeti Sadik Elshani, an\u00ebtar i K\u00ebshillit Drejtues t\u00eb Shoqat\u00ebs Atdhetare-Kulturore &#8220;Bijt\u00eb e Shqipes&#8221;. Pas nj\u00eb p\u00ebrmbledhjeje t\u00eb shkurt\u00ebr t\u00eb k\u00ebsaj ngjarjeje t\u00eb sh\u00ebnuar, ai tha: &#8220;T\u00eb shpresojm\u00eb se kjo veprimtari, q\u00eb zhvilluam sot, ky bashk\u00ebbisedim, do t\u00eb na sh\u00ebrbej\u00eb, do t\u00eb na ndihmoj\u00eb q\u00eb t&#8217;i organizojm\u00eb, t&#8217;i bashk\u00ebrendojm\u00eb p\u00ebrpjekjet e pun\u00ebt tona edhe m\u00eb mire, duke i identifikuar problemet dhe sfidat, me t\u00eb cilat ballafaqohemi dhe qasjet, masat q\u00eb duhen marr\u00eb, p\u00ebr ta kaluar \u00e7do penges\u00eb. Prandaj, k\u00ebrkohet bashk\u00ebpunim dhe ndihmesa e t\u00eb gjith\u00ebve\u201d.<\/p>\n<p>Pas k\u00ebtyre fjal\u00ebve, ai i ftoi pjes\u00ebmarr\u00ebsit n\u00eb koktejin tradicional,&#8221;Buk\u00eb e krip\u00eb e zem\u00ebr&#8221;. M\u00eb tej e kishte fjal\u00ebn grupi muzikor &#8220;Egnatia&#8221;, me drejtues violinistin e njohur Zeqir Sulkuqi, k\u00ebng\u00ebtaren Eglantina Toska dhe n\u00eb tastier\u00eb, pianistin Elis Lloshi. K\u00ebnga dhe vallja popullore, pjes\u00eb klasike dhe popullore n\u00eb violin\u00eb, mbush\u00ebn or\u00ebt e mbr\u00ebmjes jubilare.<\/p>\n<p><em>Qershor, 2014<\/em><\/p>\n","protected":false},"excerpt":{"rendered":"<p>10 vjet t\u00eb Shkoll\u00ebs Shqipe &#8220;Gjuha Jon\u00eb &#8220;: Nga: Llazar Vero,\u00a0-publicist, Filadelfia -SHBA 1. N\u00eb v\u00ebnd t\u00eb hyrjes Shoqata Atdhetare-Kulturore Shqiptare-Amerikane &#8220;Bijt\u00eb e Shqipes&#8221;, n\u00eb Filadelfia, festoi 10-vjetorin e shkoll\u00ebs n\u00eb gjuh\u00ebn ton\u00eb amtare,&#8221;Gjuha Jon\u00eb&#8221;. Ishte nj\u00eb ngjarje e bukur, e mbushur me mbresa e kujtime, me k\u00ebng\u00eb e recitime, por dhe me shk\u00ebmbime mendimesh [&hellip;]<\/p>\n","protected":false},"author":1,"featured_media":0,"comment_status":"open","ping_status":"closed","sticky":false,"template":"","format":"standard","meta":{"footnotes":""},"categories":[2],"tags":[],"class_list":{"0":"post-13607","1":"post","2":"type-post","3":"status-publish","4":"format-standard","6":"category-artikuj"},"yoast_head":"<!-- This site is optimized with the Yoast SEO plugin v27.4 - https:\/\/yoast.com\/product\/yoast-seo-wordpress\/ -->\n<title>RUAJTJA E GJUH\u00cbS AMTARE, DETYR\u00cb PAR\u00cbSORE E \u00c7DO SHQIPTARI - FjALA e LIR\u00cb - Arkivi<\/title>\n<meta name=\"robots\" content=\"index, follow, max-snippet:-1, max-image-preview:large, max-video-preview:-1\" \/>\n<link rel=\"canonical\" href=\"https:\/\/fjala.info\/2009-2015\/ruajtja-e-gjuhes-amtare-detyre-paresore-e-cdo-shqiptari\/\" \/>\n<meta property=\"og:locale\" content=\"sq_AL\" \/>\n<meta property=\"og:type\" content=\"article\" \/>\n<meta property=\"og:title\" content=\"RUAJTJA E GJUH\u00cbS AMTARE, DETYR\u00cb PAR\u00cbSORE E \u00c7DO SHQIPTARI - FjALA e LIR\u00cb - Arkivi\" \/>\n<meta property=\"og:description\" content=\"10 vjet t\u00eb Shkoll\u00ebs Shqipe &#8220;Gjuha Jon\u00eb &#8220;: Nga: Llazar Vero,\u00a0-publicist, Filadelfia -SHBA 1. N\u00eb v\u00ebnd t\u00eb hyrjes Shoqata Atdhetare-Kulturore Shqiptare-Amerikane &#8220;Bijt\u00eb e Shqipes&#8221;, n\u00eb Filadelfia, festoi 10-vjetorin e shkoll\u00ebs n\u00eb gjuh\u00ebn ton\u00eb amtare,&#8221;Gjuha Jon\u00eb&#8221;. Ishte nj\u00eb ngjarje e bukur, e mbushur me mbresa e kujtime, me k\u00ebng\u00eb e recitime, por dhe me shk\u00ebmbime mendimesh [&hellip;]\" \/>\n<meta property=\"og:url\" content=\"https:\/\/fjala.info\/2009-2015\/ruajtja-e-gjuhes-amtare-detyre-paresore-e-cdo-shqiptari\/\" \/>\n<meta property=\"og:site_name\" content=\"FjALA e LIR\u00cb - Arkivi\" \/>\n<meta property=\"article:published_time\" content=\"2014-06-19T21:40:57+00:00\" \/>\n<meta property=\"og:image\" content=\"http:\/\/www.fjala.info\/2014\/llazar_vero.jpg\" \/>\n<meta name=\"author\" content=\"admin\" \/>\n<meta name=\"twitter:card\" content=\"summary_large_image\" \/>\n<meta name=\"twitter:label1\" content=\"Written by\" \/>\n\t<meta name=\"twitter:data1\" content=\"admin\" \/>\n\t<meta name=\"twitter:label2\" content=\"Est. reading time\" \/>\n\t<meta name=\"twitter:data2\" content=\"13 minutes\" \/>\n<script type=\"application\/ld+json\" class=\"yoast-schema-graph\">{\"@context\":\"https:\\\/\\\/schema.org\",\"@graph\":[{\"@type\":\"Article\",\"@id\":\"https:\\\/\\\/fjala.info\\\/2009-2015\\\/ruajtja-e-gjuhes-amtare-detyre-paresore-e-cdo-shqiptari\\\/#article\",\"isPartOf\":{\"@id\":\"https:\\\/\\\/fjala.info\\\/2009-2015\\\/ruajtja-e-gjuhes-amtare-detyre-paresore-e-cdo-shqiptari\\\/\"},\"author\":{\"name\":\"admin\",\"@id\":\"https:\\\/\\\/fjala.info\\\/2009-2015\\\/#\\\/schema\\\/person\\\/3aa1163ef05469c496fc94e77611ada2\"},\"headline\":\"RUAJTJA E GJUH\u00cbS AMTARE, DETYR\u00cb PAR\u00cbSORE E \u00c7DO SHQIPTARI\",\"datePublished\":\"2014-06-19T21:40:57+00:00\",\"mainEntityOfPage\":{\"@id\":\"https:\\\/\\\/fjala.info\\\/2009-2015\\\/ruajtja-e-gjuhes-amtare-detyre-paresore-e-cdo-shqiptari\\\/\"},\"wordCount\":2557,\"commentCount\":0,\"publisher\":{\"@id\":\"https:\\\/\\\/fjala.info\\\/2009-2015\\\/#organization\"},\"image\":{\"@id\":\"https:\\\/\\\/fjala.info\\\/2009-2015\\\/ruajtja-e-gjuhes-amtare-detyre-paresore-e-cdo-shqiptari\\\/#primaryimage\"},\"thumbnailUrl\":\"http:\\\/\\\/www.fjala.info\\\/2014\\\/llazar_vero.jpg\",\"articleSection\":[\"Artikuj\"],\"inLanguage\":\"sq-AL\",\"potentialAction\":[{\"@type\":\"CommentAction\",\"name\":\"Comment\",\"target\":[\"https:\\\/\\\/fjala.info\\\/2009-2015\\\/ruajtja-e-gjuhes-amtare-detyre-paresore-e-cdo-shqiptari\\\/#respond\"]}]},{\"@type\":\"WebPage\",\"@id\":\"https:\\\/\\\/fjala.info\\\/2009-2015\\\/ruajtja-e-gjuhes-amtare-detyre-paresore-e-cdo-shqiptari\\\/\",\"url\":\"https:\\\/\\\/fjala.info\\\/2009-2015\\\/ruajtja-e-gjuhes-amtare-detyre-paresore-e-cdo-shqiptari\\\/\",\"name\":\"RUAJTJA E GJUH\u00cbS AMTARE, DETYR\u00cb PAR\u00cbSORE E \u00c7DO SHQIPTARI - FjALA e LIR\u00cb - Arkivi\",\"isPartOf\":{\"@id\":\"https:\\\/\\\/fjala.info\\\/2009-2015\\\/#website\"},\"primaryImageOfPage\":{\"@id\":\"https:\\\/\\\/fjala.info\\\/2009-2015\\\/ruajtja-e-gjuhes-amtare-detyre-paresore-e-cdo-shqiptari\\\/#primaryimage\"},\"image\":{\"@id\":\"https:\\\/\\\/fjala.info\\\/2009-2015\\\/ruajtja-e-gjuhes-amtare-detyre-paresore-e-cdo-shqiptari\\\/#primaryimage\"},\"thumbnailUrl\":\"http:\\\/\\\/www.fjala.info\\\/2014\\\/llazar_vero.jpg\",\"datePublished\":\"2014-06-19T21:40:57+00:00\",\"breadcrumb\":{\"@id\":\"https:\\\/\\\/fjala.info\\\/2009-2015\\\/ruajtja-e-gjuhes-amtare-detyre-paresore-e-cdo-shqiptari\\\/#breadcrumb\"},\"inLanguage\":\"sq-AL\",\"potentialAction\":[{\"@type\":\"ReadAction\",\"target\":[\"https:\\\/\\\/fjala.info\\\/2009-2015\\\/ruajtja-e-gjuhes-amtare-detyre-paresore-e-cdo-shqiptari\\\/\"]}]},{\"@type\":\"ImageObject\",\"inLanguage\":\"sq-AL\",\"@id\":\"https:\\\/\\\/fjala.info\\\/2009-2015\\\/ruajtja-e-gjuhes-amtare-detyre-paresore-e-cdo-shqiptari\\\/#primaryimage\",\"url\":\"http:\\\/\\\/www.fjala.info\\\/2014\\\/llazar_vero.jpg\",\"contentUrl\":\"http:\\\/\\\/www.fjala.info\\\/2014\\\/llazar_vero.jpg\"},{\"@type\":\"BreadcrumbList\",\"@id\":\"https:\\\/\\\/fjala.info\\\/2009-2015\\\/ruajtja-e-gjuhes-amtare-detyre-paresore-e-cdo-shqiptari\\\/#breadcrumb\",\"itemListElement\":[{\"@type\":\"ListItem\",\"position\":1,\"name\":\"Home\",\"item\":\"https:\\\/\\\/fjala.info\\\/2009-2015\\\/\"},{\"@type\":\"ListItem\",\"position\":2,\"name\":\"RUAJTJA E GJUH\u00cbS AMTARE, DETYR\u00cb PAR\u00cbSORE E \u00c7DO SHQIPTARI\"}]},{\"@type\":\"WebSite\",\"@id\":\"https:\\\/\\\/fjala.info\\\/2009-2015\\\/#website\",\"url\":\"https:\\\/\\\/fjala.info\\\/2009-2015\\\/\",\"name\":\"FjALA e LIR\u00cb - Arkivi\",\"description\":\"Arkivi 2009-2015\",\"publisher\":{\"@id\":\"https:\\\/\\\/fjala.info\\\/2009-2015\\\/#organization\"},\"potentialAction\":[{\"@type\":\"SearchAction\",\"target\":{\"@type\":\"EntryPoint\",\"urlTemplate\":\"https:\\\/\\\/fjala.info\\\/2009-2015\\\/?s={search_term_string}\"},\"query-input\":{\"@type\":\"PropertyValueSpecification\",\"valueRequired\":true,\"valueName\":\"search_term_string\"}}],\"inLanguage\":\"sq-AL\"},{\"@type\":\"Organization\",\"@id\":\"https:\\\/\\\/fjala.info\\\/2009-2015\\\/#organization\",\"name\":\"FjALA e LIR\u00cb - Arkivi\",\"url\":\"https:\\\/\\\/fjala.info\\\/2009-2015\\\/\",\"logo\":{\"@type\":\"ImageObject\",\"inLanguage\":\"sq-AL\",\"@id\":\"https:\\\/\\\/fjala.info\\\/2009-2015\\\/#\\\/schema\\\/logo\\\/image\\\/\",\"url\":\"\",\"contentUrl\":\"\",\"caption\":\"FjALA e LIR\u00cb - Arkivi\"},\"image\":{\"@id\":\"https:\\\/\\\/fjala.info\\\/2009-2015\\\/#\\\/schema\\\/logo\\\/image\\\/\"}},{\"@type\":\"Person\",\"@id\":\"https:\\\/\\\/fjala.info\\\/2009-2015\\\/#\\\/schema\\\/person\\\/3aa1163ef05469c496fc94e77611ada2\",\"name\":\"admin\",\"image\":{\"@type\":\"ImageObject\",\"inLanguage\":\"sq-AL\",\"@id\":\"https:\\\/\\\/fjala.info\\\/2009-2015\\\/wp-content\\\/uploads\\\/2012\\\/02\\\/arben_cokaj-120x150.jpg\",\"url\":\"https:\\\/\\\/fjala.info\\\/2009-2015\\\/wp-content\\\/uploads\\\/2012\\\/02\\\/arben_cokaj-120x150.jpg\",\"contentUrl\":\"https:\\\/\\\/fjala.info\\\/2009-2015\\\/wp-content\\\/uploads\\\/2012\\\/02\\\/arben_cokaj-120x150.jpg\",\"caption\":\"admin\"},\"description\":\"Admin, Fjala e Lir\u00eb\",\"sameAs\":[\"https:\\\/\\\/fjala.info\\\/\"],\"url\":\"https:\\\/\\\/fjala.info\\\/2009-2015\\\/author\\\/admin\\\/\"}]}<\/script>\n<!-- \/ Yoast SEO plugin. -->","yoast_head_json":{"title":"RUAJTJA E GJUH\u00cbS AMTARE, DETYR\u00cb PAR\u00cbSORE E \u00c7DO SHQIPTARI - FjALA e LIR\u00cb - Arkivi","robots":{"index":"index","follow":"follow","max-snippet":"max-snippet:-1","max-image-preview":"max-image-preview:large","max-video-preview":"max-video-preview:-1"},"canonical":"https:\/\/fjala.info\/2009-2015\/ruajtja-e-gjuhes-amtare-detyre-paresore-e-cdo-shqiptari\/","og_locale":"sq_AL","og_type":"article","og_title":"RUAJTJA E GJUH\u00cbS AMTARE, DETYR\u00cb PAR\u00cbSORE E \u00c7DO SHQIPTARI - FjALA e LIR\u00cb - Arkivi","og_description":"10 vjet t\u00eb Shkoll\u00ebs Shqipe &#8220;Gjuha Jon\u00eb &#8220;: Nga: Llazar Vero,\u00a0-publicist, Filadelfia -SHBA 1. N\u00eb v\u00ebnd t\u00eb hyrjes Shoqata Atdhetare-Kulturore Shqiptare-Amerikane &#8220;Bijt\u00eb e Shqipes&#8221;, n\u00eb Filadelfia, festoi 10-vjetorin e shkoll\u00ebs n\u00eb gjuh\u00ebn ton\u00eb amtare,&#8221;Gjuha Jon\u00eb&#8221;. Ishte nj\u00eb ngjarje e bukur, e mbushur me mbresa e kujtime, me k\u00ebng\u00eb e recitime, por dhe me shk\u00ebmbime mendimesh [&hellip;]","og_url":"https:\/\/fjala.info\/2009-2015\/ruajtja-e-gjuhes-amtare-detyre-paresore-e-cdo-shqiptari\/","og_site_name":"FjALA e LIR\u00cb - Arkivi","article_published_time":"2014-06-19T21:40:57+00:00","og_image":[{"url":"http:\/\/www.fjala.info\/2014\/llazar_vero.jpg","type":"","width":"","height":""}],"author":"admin","twitter_card":"summary_large_image","twitter_misc":{"Written by":"admin","Est. reading time":"13 minutes"},"schema":{"@context":"https:\/\/schema.org","@graph":[{"@type":"Article","@id":"https:\/\/fjala.info\/2009-2015\/ruajtja-e-gjuhes-amtare-detyre-paresore-e-cdo-shqiptari\/#article","isPartOf":{"@id":"https:\/\/fjala.info\/2009-2015\/ruajtja-e-gjuhes-amtare-detyre-paresore-e-cdo-shqiptari\/"},"author":{"name":"admin","@id":"https:\/\/fjala.info\/2009-2015\/#\/schema\/person\/3aa1163ef05469c496fc94e77611ada2"},"headline":"RUAJTJA E GJUH\u00cbS AMTARE, DETYR\u00cb PAR\u00cbSORE E \u00c7DO SHQIPTARI","datePublished":"2014-06-19T21:40:57+00:00","mainEntityOfPage":{"@id":"https:\/\/fjala.info\/2009-2015\/ruajtja-e-gjuhes-amtare-detyre-paresore-e-cdo-shqiptari\/"},"wordCount":2557,"commentCount":0,"publisher":{"@id":"https:\/\/fjala.info\/2009-2015\/#organization"},"image":{"@id":"https:\/\/fjala.info\/2009-2015\/ruajtja-e-gjuhes-amtare-detyre-paresore-e-cdo-shqiptari\/#primaryimage"},"thumbnailUrl":"http:\/\/www.fjala.info\/2014\/llazar_vero.jpg","articleSection":["Artikuj"],"inLanguage":"sq-AL","potentialAction":[{"@type":"CommentAction","name":"Comment","target":["https:\/\/fjala.info\/2009-2015\/ruajtja-e-gjuhes-amtare-detyre-paresore-e-cdo-shqiptari\/#respond"]}]},{"@type":"WebPage","@id":"https:\/\/fjala.info\/2009-2015\/ruajtja-e-gjuhes-amtare-detyre-paresore-e-cdo-shqiptari\/","url":"https:\/\/fjala.info\/2009-2015\/ruajtja-e-gjuhes-amtare-detyre-paresore-e-cdo-shqiptari\/","name":"RUAJTJA E GJUH\u00cbS AMTARE, DETYR\u00cb PAR\u00cbSORE E \u00c7DO SHQIPTARI - FjALA e LIR\u00cb - Arkivi","isPartOf":{"@id":"https:\/\/fjala.info\/2009-2015\/#website"},"primaryImageOfPage":{"@id":"https:\/\/fjala.info\/2009-2015\/ruajtja-e-gjuhes-amtare-detyre-paresore-e-cdo-shqiptari\/#primaryimage"},"image":{"@id":"https:\/\/fjala.info\/2009-2015\/ruajtja-e-gjuhes-amtare-detyre-paresore-e-cdo-shqiptari\/#primaryimage"},"thumbnailUrl":"http:\/\/www.fjala.info\/2014\/llazar_vero.jpg","datePublished":"2014-06-19T21:40:57+00:00","breadcrumb":{"@id":"https:\/\/fjala.info\/2009-2015\/ruajtja-e-gjuhes-amtare-detyre-paresore-e-cdo-shqiptari\/#breadcrumb"},"inLanguage":"sq-AL","potentialAction":[{"@type":"ReadAction","target":["https:\/\/fjala.info\/2009-2015\/ruajtja-e-gjuhes-amtare-detyre-paresore-e-cdo-shqiptari\/"]}]},{"@type":"ImageObject","inLanguage":"sq-AL","@id":"https:\/\/fjala.info\/2009-2015\/ruajtja-e-gjuhes-amtare-detyre-paresore-e-cdo-shqiptari\/#primaryimage","url":"http:\/\/www.fjala.info\/2014\/llazar_vero.jpg","contentUrl":"http:\/\/www.fjala.info\/2014\/llazar_vero.jpg"},{"@type":"BreadcrumbList","@id":"https:\/\/fjala.info\/2009-2015\/ruajtja-e-gjuhes-amtare-detyre-paresore-e-cdo-shqiptari\/#breadcrumb","itemListElement":[{"@type":"ListItem","position":1,"name":"Home","item":"https:\/\/fjala.info\/2009-2015\/"},{"@type":"ListItem","position":2,"name":"RUAJTJA E GJUH\u00cbS AMTARE, DETYR\u00cb PAR\u00cbSORE E \u00c7DO SHQIPTARI"}]},{"@type":"WebSite","@id":"https:\/\/fjala.info\/2009-2015\/#website","url":"https:\/\/fjala.info\/2009-2015\/","name":"FjALA e LIR\u00cb - Arkivi","description":"Arkivi 2009-2015","publisher":{"@id":"https:\/\/fjala.info\/2009-2015\/#organization"},"potentialAction":[{"@type":"SearchAction","target":{"@type":"EntryPoint","urlTemplate":"https:\/\/fjala.info\/2009-2015\/?s={search_term_string}"},"query-input":{"@type":"PropertyValueSpecification","valueRequired":true,"valueName":"search_term_string"}}],"inLanguage":"sq-AL"},{"@type":"Organization","@id":"https:\/\/fjala.info\/2009-2015\/#organization","name":"FjALA e LIR\u00cb - Arkivi","url":"https:\/\/fjala.info\/2009-2015\/","logo":{"@type":"ImageObject","inLanguage":"sq-AL","@id":"https:\/\/fjala.info\/2009-2015\/#\/schema\/logo\/image\/","url":"","contentUrl":"","caption":"FjALA e LIR\u00cb - Arkivi"},"image":{"@id":"https:\/\/fjala.info\/2009-2015\/#\/schema\/logo\/image\/"}},{"@type":"Person","@id":"https:\/\/fjala.info\/2009-2015\/#\/schema\/person\/3aa1163ef05469c496fc94e77611ada2","name":"admin","image":{"@type":"ImageObject","inLanguage":"sq-AL","@id":"https:\/\/fjala.info\/2009-2015\/wp-content\/uploads\/2012\/02\/arben_cokaj-120x150.jpg","url":"https:\/\/fjala.info\/2009-2015\/wp-content\/uploads\/2012\/02\/arben_cokaj-120x150.jpg","contentUrl":"https:\/\/fjala.info\/2009-2015\/wp-content\/uploads\/2012\/02\/arben_cokaj-120x150.jpg","caption":"admin"},"description":"Admin, Fjala e Lir\u00eb","sameAs":["https:\/\/fjala.info\/"],"url":"https:\/\/fjala.info\/2009-2015\/author\/admin\/"}]}},"_links":{"self":[{"href":"https:\/\/fjala.info\/2009-2015\/wp-json\/wp\/v2\/posts\/13607","targetHints":{"allow":["GET"]}}],"collection":[{"href":"https:\/\/fjala.info\/2009-2015\/wp-json\/wp\/v2\/posts"}],"about":[{"href":"https:\/\/fjala.info\/2009-2015\/wp-json\/wp\/v2\/types\/post"}],"author":[{"embeddable":true,"href":"https:\/\/fjala.info\/2009-2015\/wp-json\/wp\/v2\/users\/1"}],"replies":[{"embeddable":true,"href":"https:\/\/fjala.info\/2009-2015\/wp-json\/wp\/v2\/comments?post=13607"}],"version-history":[{"count":0,"href":"https:\/\/fjala.info\/2009-2015\/wp-json\/wp\/v2\/posts\/13607\/revisions"}],"wp:attachment":[{"href":"https:\/\/fjala.info\/2009-2015\/wp-json\/wp\/v2\/media?parent=13607"}],"wp:term":[{"taxonomy":"category","embeddable":true,"href":"https:\/\/fjala.info\/2009-2015\/wp-json\/wp\/v2\/categories?post=13607"},{"taxonomy":"post_tag","embeddable":true,"href":"https:\/\/fjala.info\/2009-2015\/wp-json\/wp\/v2\/tags?post=13607"}],"curies":[{"name":"wp","href":"https:\/\/api.w.org\/{rel}","templated":true}]}}