{"id":13605,"date":"2014-06-19T22:20:56","date_gmt":"2014-06-19T21:20:56","guid":{"rendered":"http:\/\/www.fjala.info\/?p=1361"},"modified":"2014-06-19T22:20:56","modified_gmt":"2014-06-19T21:20:56","slug":"poezi-kushtuar-ukshin-hotit-nga-ajet-shala","status":"publish","type":"post","link":"https:\/\/fjala.info\/2009-2015\/poezi-kushtuar-ukshin-hotit-nga-ajet-shala\/","title":{"rendered":"Poezi kushtuar UKSHIN HOTIT nga Ajet Shala"},"content":{"rendered":"<p><strong>AJET SHALA<\/strong><br \/>\n<img decoding=\"async\" class=\"alignright size-thumbnail wp-image-7236\" title=\"Ajet Shala\" src=\"http:\/\/www.fjala.info\/2013\/ajet_shala.jpg\" alt=\"\" width=\"150\" \/><br \/>\n<strong>Poezi kushtuar UKSHIN HOTIT<\/strong><\/p>\n<p>Po pyet bjeshka, po pyet lisi<br \/>\nKu ka mbet v\u00eblla Ukshini?<br \/>\nN\u2019Dardani r\u00ebnkon flamuri<br \/>\nKu po gjendet ai far\u00eb burri?<br \/>\nTroll i gjyshit po k\u00ebrkon<br \/>\nUkshin Hot pse vonon?<br \/>\nPo hesht fort sllavizmi mbar\u00eb<br \/>\nSi hijena kokat han\u00eb.<\/p>\n<p>\u00c7\u2019ka po thot\u00eb sonte Dubrava<br \/>\nPse s\u2019po vijn\u00eb fjal\u00ebt e bardha\/<br \/>\nDal n\u00eb Bjeshk\u00eb nga Rugova<br \/>\nPo r\u00ebnkon e gjith\u00eb Kosova<\/p>\n<p>Na mungon yll I liris\u00eb<br \/>\nPo qan toka prej m\u00ebrzis\u00eb<br \/>\nNa mungon si oksigjeni<br \/>\nTa thot\u00eb fjal\u00ebn te kuvendi<\/p>\n<p>P\u00ebr bashkim t\u00eb Shqip\u00ebris\u00eb<br \/>\nvjen kujtimi i liris\u00eb<br \/>\nMe ne vika Ukshin Hoti,<br \/>\ndit\u00eb pas dite, mot pas moti<\/p>\n<p>(<em>Autori Ajet Shala<\/em>)<\/p>\n","protected":false},"excerpt":{"rendered":"<p>AJET SHALA Poezi kushtuar UKSHIN HOTIT Po pyet bjeshka, po pyet lisi Ku ka mbet v\u00eblla Ukshini? N\u2019Dardani r\u00ebnkon flamuri Ku po gjendet ai far\u00eb burri? Troll i gjyshit po k\u00ebrkon Ukshin Hot pse vonon? Po hesht fort sllavizmi mbar\u00eb Si hijena kokat han\u00eb. \u00c7\u2019ka po thot\u00eb sonte Dubrava Pse s\u2019po vijn\u00eb fjal\u00ebt e bardha\/ [&hellip;]<\/p>\n","protected":false},"author":1,"featured_media":0,"comment_status":"open","ping_status":"closed","sticky":false,"template":"","format":"standard","meta":{"footnotes":""},"categories":[2],"tags":[],"class_list":{"0":"post-13605","1":"post","2":"type-post","3":"status-publish","4":"format-standard","6":"category-artikuj"},"yoast_head":"<!-- This site is optimized with the Yoast SEO plugin v27.4 - https:\/\/yoast.com\/product\/yoast-seo-wordpress\/ -->\n<title>Poezi kushtuar UKSHIN HOTIT nga Ajet Shala - FjALA e LIR\u00cb - Arkivi<\/title>\n<meta name=\"robots\" content=\"index, follow, max-snippet:-1, max-image-preview:large, max-video-preview:-1\" \/>\n<link rel=\"canonical\" href=\"https:\/\/fjala.info\/2009-2015\/poezi-kushtuar-ukshin-hotit-nga-ajet-shala\/\" \/>\n<meta property=\"og:locale\" content=\"sq_AL\" \/>\n<meta property=\"og:type\" content=\"article\" \/>\n<meta property=\"og:title\" content=\"Poezi kushtuar UKSHIN HOTIT nga Ajet Shala - FjALA e LIR\u00cb - Arkivi\" \/>\n<meta property=\"og:description\" content=\"AJET SHALA Poezi kushtuar UKSHIN HOTIT Po pyet bjeshka, po pyet lisi Ku ka mbet v\u00eblla Ukshini? N\u2019Dardani r\u00ebnkon flamuri Ku po gjendet ai far\u00eb burri? Troll i gjyshit po k\u00ebrkon Ukshin Hot pse vonon? Po hesht fort sllavizmi mbar\u00eb Si hijena kokat han\u00eb. \u00c7\u2019ka po thot\u00eb sonte Dubrava Pse s\u2019po vijn\u00eb fjal\u00ebt e bardha\/ [&hellip;]\" \/>\n<meta property=\"og:url\" content=\"https:\/\/fjala.info\/2009-2015\/poezi-kushtuar-ukshin-hotit-nga-ajet-shala\/\" \/>\n<meta property=\"og:site_name\" content=\"FjALA e LIR\u00cb - Arkivi\" \/>\n<meta property=\"article:published_time\" content=\"2014-06-19T21:20:56+00:00\" \/>\n<meta property=\"og:image\" content=\"http:\/\/www.fjala.info\/2013\/ajet_shala.jpg\" \/>\n<meta name=\"author\" content=\"admin\" \/>\n<meta name=\"twitter:card\" content=\"summary_large_image\" \/>\n<meta name=\"twitter:label1\" content=\"Written by\" \/>\n\t<meta name=\"twitter:data1\" content=\"admin\" \/>\n\t<meta name=\"twitter:label2\" content=\"Est. reading time\" \/>\n\t<meta name=\"twitter:data2\" content=\"1 minute\" \/>\n<script type=\"application\/ld+json\" class=\"yoast-schema-graph\">{\"@context\":\"https:\\\/\\\/schema.org\",\"@graph\":[{\"@type\":\"Article\",\"@id\":\"https:\\\/\\\/fjala.info\\\/2009-2015\\\/poezi-kushtuar-ukshin-hotit-nga-ajet-shala\\\/#article\",\"isPartOf\":{\"@id\":\"https:\\\/\\\/fjala.info\\\/2009-2015\\\/poezi-kushtuar-ukshin-hotit-nga-ajet-shala\\\/\"},\"author\":{\"name\":\"admin\",\"@id\":\"https:\\\/\\\/fjala.info\\\/2009-2015\\\/#\\\/schema\\\/person\\\/3aa1163ef05469c496fc94e77611ada2\"},\"headline\":\"Poezi kushtuar UKSHIN HOTIT nga Ajet Shala\",\"datePublished\":\"2014-06-19T21:20:56+00:00\",\"mainEntityOfPage\":{\"@id\":\"https:\\\/\\\/fjala.info\\\/2009-2015\\\/poezi-kushtuar-ukshin-hotit-nga-ajet-shala\\\/\"},\"wordCount\":124,\"commentCount\":0,\"publisher\":{\"@id\":\"https:\\\/\\\/fjala.info\\\/2009-2015\\\/#organization\"},\"image\":{\"@id\":\"https:\\\/\\\/fjala.info\\\/2009-2015\\\/poezi-kushtuar-ukshin-hotit-nga-ajet-shala\\\/#primaryimage\"},\"thumbnailUrl\":\"http:\\\/\\\/www.fjala.info\\\/2013\\\/ajet_shala.jpg\",\"articleSection\":[\"Artikuj\"],\"inLanguage\":\"sq-AL\",\"potentialAction\":[{\"@type\":\"CommentAction\",\"name\":\"Comment\",\"target\":[\"https:\\\/\\\/fjala.info\\\/2009-2015\\\/poezi-kushtuar-ukshin-hotit-nga-ajet-shala\\\/#respond\"]}]},{\"@type\":\"WebPage\",\"@id\":\"https:\\\/\\\/fjala.info\\\/2009-2015\\\/poezi-kushtuar-ukshin-hotit-nga-ajet-shala\\\/\",\"url\":\"https:\\\/\\\/fjala.info\\\/2009-2015\\\/poezi-kushtuar-ukshin-hotit-nga-ajet-shala\\\/\",\"name\":\"Poezi kushtuar UKSHIN HOTIT nga Ajet Shala - FjALA e LIR\u00cb - Arkivi\",\"isPartOf\":{\"@id\":\"https:\\\/\\\/fjala.info\\\/2009-2015\\\/#website\"},\"primaryImageOfPage\":{\"@id\":\"https:\\\/\\\/fjala.info\\\/2009-2015\\\/poezi-kushtuar-ukshin-hotit-nga-ajet-shala\\\/#primaryimage\"},\"image\":{\"@id\":\"https:\\\/\\\/fjala.info\\\/2009-2015\\\/poezi-kushtuar-ukshin-hotit-nga-ajet-shala\\\/#primaryimage\"},\"thumbnailUrl\":\"http:\\\/\\\/www.fjala.info\\\/2013\\\/ajet_shala.jpg\",\"datePublished\":\"2014-06-19T21:20:56+00:00\",\"breadcrumb\":{\"@id\":\"https:\\\/\\\/fjala.info\\\/2009-2015\\\/poezi-kushtuar-ukshin-hotit-nga-ajet-shala\\\/#breadcrumb\"},\"inLanguage\":\"sq-AL\",\"potentialAction\":[{\"@type\":\"ReadAction\",\"target\":[\"https:\\\/\\\/fjala.info\\\/2009-2015\\\/poezi-kushtuar-ukshin-hotit-nga-ajet-shala\\\/\"]}]},{\"@type\":\"ImageObject\",\"inLanguage\":\"sq-AL\",\"@id\":\"https:\\\/\\\/fjala.info\\\/2009-2015\\\/poezi-kushtuar-ukshin-hotit-nga-ajet-shala\\\/#primaryimage\",\"url\":\"http:\\\/\\\/www.fjala.info\\\/2013\\\/ajet_shala.jpg\",\"contentUrl\":\"http:\\\/\\\/www.fjala.info\\\/2013\\\/ajet_shala.jpg\"},{\"@type\":\"BreadcrumbList\",\"@id\":\"https:\\\/\\\/fjala.info\\\/2009-2015\\\/poezi-kushtuar-ukshin-hotit-nga-ajet-shala\\\/#breadcrumb\",\"itemListElement\":[{\"@type\":\"ListItem\",\"position\":1,\"name\":\"Home\",\"item\":\"https:\\\/\\\/fjala.info\\\/2009-2015\\\/\"},{\"@type\":\"ListItem\",\"position\":2,\"name\":\"Poezi kushtuar UKSHIN HOTIT nga Ajet Shala\"}]},{\"@type\":\"WebSite\",\"@id\":\"https:\\\/\\\/fjala.info\\\/2009-2015\\\/#website\",\"url\":\"https:\\\/\\\/fjala.info\\\/2009-2015\\\/\",\"name\":\"FjALA e LIR\u00cb - Arkivi\",\"description\":\"Arkivi 2009-2015\",\"publisher\":{\"@id\":\"https:\\\/\\\/fjala.info\\\/2009-2015\\\/#organization\"},\"potentialAction\":[{\"@type\":\"SearchAction\",\"target\":{\"@type\":\"EntryPoint\",\"urlTemplate\":\"https:\\\/\\\/fjala.info\\\/2009-2015\\\/?s={search_term_string}\"},\"query-input\":{\"@type\":\"PropertyValueSpecification\",\"valueRequired\":true,\"valueName\":\"search_term_string\"}}],\"inLanguage\":\"sq-AL\"},{\"@type\":\"Organization\",\"@id\":\"https:\\\/\\\/fjala.info\\\/2009-2015\\\/#organization\",\"name\":\"FjALA e LIR\u00cb - Arkivi\",\"url\":\"https:\\\/\\\/fjala.info\\\/2009-2015\\\/\",\"logo\":{\"@type\":\"ImageObject\",\"inLanguage\":\"sq-AL\",\"@id\":\"https:\\\/\\\/fjala.info\\\/2009-2015\\\/#\\\/schema\\\/logo\\\/image\\\/\",\"url\":\"\",\"contentUrl\":\"\",\"caption\":\"FjALA e LIR\u00cb - Arkivi\"},\"image\":{\"@id\":\"https:\\\/\\\/fjala.info\\\/2009-2015\\\/#\\\/schema\\\/logo\\\/image\\\/\"}},{\"@type\":\"Person\",\"@id\":\"https:\\\/\\\/fjala.info\\\/2009-2015\\\/#\\\/schema\\\/person\\\/3aa1163ef05469c496fc94e77611ada2\",\"name\":\"admin\",\"image\":{\"@type\":\"ImageObject\",\"inLanguage\":\"sq-AL\",\"@id\":\"https:\\\/\\\/fjala.info\\\/2009-2015\\\/wp-content\\\/uploads\\\/2012\\\/02\\\/arben_cokaj-120x150.jpg\",\"url\":\"https:\\\/\\\/fjala.info\\\/2009-2015\\\/wp-content\\\/uploads\\\/2012\\\/02\\\/arben_cokaj-120x150.jpg\",\"contentUrl\":\"https:\\\/\\\/fjala.info\\\/2009-2015\\\/wp-content\\\/uploads\\\/2012\\\/02\\\/arben_cokaj-120x150.jpg\",\"caption\":\"admin\"},\"description\":\"Admin, Fjala e Lir\u00eb\",\"sameAs\":[\"https:\\\/\\\/fjala.info\\\/\"],\"url\":\"https:\\\/\\\/fjala.info\\\/2009-2015\\\/author\\\/admin\\\/\"}]}<\/script>\n<!-- \/ Yoast SEO plugin. -->","yoast_head_json":{"title":"Poezi kushtuar UKSHIN HOTIT nga Ajet Shala - FjALA e LIR\u00cb - Arkivi","robots":{"index":"index","follow":"follow","max-snippet":"max-snippet:-1","max-image-preview":"max-image-preview:large","max-video-preview":"max-video-preview:-1"},"canonical":"https:\/\/fjala.info\/2009-2015\/poezi-kushtuar-ukshin-hotit-nga-ajet-shala\/","og_locale":"sq_AL","og_type":"article","og_title":"Poezi kushtuar UKSHIN HOTIT nga Ajet Shala - FjALA e LIR\u00cb - Arkivi","og_description":"AJET SHALA Poezi kushtuar UKSHIN HOTIT Po pyet bjeshka, po pyet lisi Ku ka mbet v\u00eblla Ukshini? N\u2019Dardani r\u00ebnkon flamuri Ku po gjendet ai far\u00eb burri? Troll i gjyshit po k\u00ebrkon Ukshin Hot pse vonon? Po hesht fort sllavizmi mbar\u00eb Si hijena kokat han\u00eb. \u00c7\u2019ka po thot\u00eb sonte Dubrava Pse s\u2019po vijn\u00eb fjal\u00ebt e bardha\/ [&hellip;]","og_url":"https:\/\/fjala.info\/2009-2015\/poezi-kushtuar-ukshin-hotit-nga-ajet-shala\/","og_site_name":"FjALA e LIR\u00cb - Arkivi","article_published_time":"2014-06-19T21:20:56+00:00","og_image":[{"url":"http:\/\/www.fjala.info\/2013\/ajet_shala.jpg","type":"","width":"","height":""}],"author":"admin","twitter_card":"summary_large_image","twitter_misc":{"Written by":"admin","Est. reading time":"1 minute"},"schema":{"@context":"https:\/\/schema.org","@graph":[{"@type":"Article","@id":"https:\/\/fjala.info\/2009-2015\/poezi-kushtuar-ukshin-hotit-nga-ajet-shala\/#article","isPartOf":{"@id":"https:\/\/fjala.info\/2009-2015\/poezi-kushtuar-ukshin-hotit-nga-ajet-shala\/"},"author":{"name":"admin","@id":"https:\/\/fjala.info\/2009-2015\/#\/schema\/person\/3aa1163ef05469c496fc94e77611ada2"},"headline":"Poezi kushtuar UKSHIN HOTIT nga Ajet Shala","datePublished":"2014-06-19T21:20:56+00:00","mainEntityOfPage":{"@id":"https:\/\/fjala.info\/2009-2015\/poezi-kushtuar-ukshin-hotit-nga-ajet-shala\/"},"wordCount":124,"commentCount":0,"publisher":{"@id":"https:\/\/fjala.info\/2009-2015\/#organization"},"image":{"@id":"https:\/\/fjala.info\/2009-2015\/poezi-kushtuar-ukshin-hotit-nga-ajet-shala\/#primaryimage"},"thumbnailUrl":"http:\/\/www.fjala.info\/2013\/ajet_shala.jpg","articleSection":["Artikuj"],"inLanguage":"sq-AL","potentialAction":[{"@type":"CommentAction","name":"Comment","target":["https:\/\/fjala.info\/2009-2015\/poezi-kushtuar-ukshin-hotit-nga-ajet-shala\/#respond"]}]},{"@type":"WebPage","@id":"https:\/\/fjala.info\/2009-2015\/poezi-kushtuar-ukshin-hotit-nga-ajet-shala\/","url":"https:\/\/fjala.info\/2009-2015\/poezi-kushtuar-ukshin-hotit-nga-ajet-shala\/","name":"Poezi kushtuar UKSHIN HOTIT nga Ajet Shala - FjALA e LIR\u00cb - Arkivi","isPartOf":{"@id":"https:\/\/fjala.info\/2009-2015\/#website"},"primaryImageOfPage":{"@id":"https:\/\/fjala.info\/2009-2015\/poezi-kushtuar-ukshin-hotit-nga-ajet-shala\/#primaryimage"},"image":{"@id":"https:\/\/fjala.info\/2009-2015\/poezi-kushtuar-ukshin-hotit-nga-ajet-shala\/#primaryimage"},"thumbnailUrl":"http:\/\/www.fjala.info\/2013\/ajet_shala.jpg","datePublished":"2014-06-19T21:20:56+00:00","breadcrumb":{"@id":"https:\/\/fjala.info\/2009-2015\/poezi-kushtuar-ukshin-hotit-nga-ajet-shala\/#breadcrumb"},"inLanguage":"sq-AL","potentialAction":[{"@type":"ReadAction","target":["https:\/\/fjala.info\/2009-2015\/poezi-kushtuar-ukshin-hotit-nga-ajet-shala\/"]}]},{"@type":"ImageObject","inLanguage":"sq-AL","@id":"https:\/\/fjala.info\/2009-2015\/poezi-kushtuar-ukshin-hotit-nga-ajet-shala\/#primaryimage","url":"http:\/\/www.fjala.info\/2013\/ajet_shala.jpg","contentUrl":"http:\/\/www.fjala.info\/2013\/ajet_shala.jpg"},{"@type":"BreadcrumbList","@id":"https:\/\/fjala.info\/2009-2015\/poezi-kushtuar-ukshin-hotit-nga-ajet-shala\/#breadcrumb","itemListElement":[{"@type":"ListItem","position":1,"name":"Home","item":"https:\/\/fjala.info\/2009-2015\/"},{"@type":"ListItem","position":2,"name":"Poezi kushtuar UKSHIN HOTIT nga Ajet Shala"}]},{"@type":"WebSite","@id":"https:\/\/fjala.info\/2009-2015\/#website","url":"https:\/\/fjala.info\/2009-2015\/","name":"FjALA e LIR\u00cb - Arkivi","description":"Arkivi 2009-2015","publisher":{"@id":"https:\/\/fjala.info\/2009-2015\/#organization"},"potentialAction":[{"@type":"SearchAction","target":{"@type":"EntryPoint","urlTemplate":"https:\/\/fjala.info\/2009-2015\/?s={search_term_string}"},"query-input":{"@type":"PropertyValueSpecification","valueRequired":true,"valueName":"search_term_string"}}],"inLanguage":"sq-AL"},{"@type":"Organization","@id":"https:\/\/fjala.info\/2009-2015\/#organization","name":"FjALA e LIR\u00cb - Arkivi","url":"https:\/\/fjala.info\/2009-2015\/","logo":{"@type":"ImageObject","inLanguage":"sq-AL","@id":"https:\/\/fjala.info\/2009-2015\/#\/schema\/logo\/image\/","url":"","contentUrl":"","caption":"FjALA e LIR\u00cb - Arkivi"},"image":{"@id":"https:\/\/fjala.info\/2009-2015\/#\/schema\/logo\/image\/"}},{"@type":"Person","@id":"https:\/\/fjala.info\/2009-2015\/#\/schema\/person\/3aa1163ef05469c496fc94e77611ada2","name":"admin","image":{"@type":"ImageObject","inLanguage":"sq-AL","@id":"https:\/\/fjala.info\/2009-2015\/wp-content\/uploads\/2012\/02\/arben_cokaj-120x150.jpg","url":"https:\/\/fjala.info\/2009-2015\/wp-content\/uploads\/2012\/02\/arben_cokaj-120x150.jpg","contentUrl":"https:\/\/fjala.info\/2009-2015\/wp-content\/uploads\/2012\/02\/arben_cokaj-120x150.jpg","caption":"admin"},"description":"Admin, Fjala e Lir\u00eb","sameAs":["https:\/\/fjala.info\/"],"url":"https:\/\/fjala.info\/2009-2015\/author\/admin\/"}]}},"_links":{"self":[{"href":"https:\/\/fjala.info\/2009-2015\/wp-json\/wp\/v2\/posts\/13605","targetHints":{"allow":["GET"]}}],"collection":[{"href":"https:\/\/fjala.info\/2009-2015\/wp-json\/wp\/v2\/posts"}],"about":[{"href":"https:\/\/fjala.info\/2009-2015\/wp-json\/wp\/v2\/types\/post"}],"author":[{"embeddable":true,"href":"https:\/\/fjala.info\/2009-2015\/wp-json\/wp\/v2\/users\/1"}],"replies":[{"embeddable":true,"href":"https:\/\/fjala.info\/2009-2015\/wp-json\/wp\/v2\/comments?post=13605"}],"version-history":[{"count":0,"href":"https:\/\/fjala.info\/2009-2015\/wp-json\/wp\/v2\/posts\/13605\/revisions"}],"wp:attachment":[{"href":"https:\/\/fjala.info\/2009-2015\/wp-json\/wp\/v2\/media?parent=13605"}],"wp:term":[{"taxonomy":"category","embeddable":true,"href":"https:\/\/fjala.info\/2009-2015\/wp-json\/wp\/v2\/categories?post=13605"},{"taxonomy":"post_tag","embeddable":true,"href":"https:\/\/fjala.info\/2009-2015\/wp-json\/wp\/v2\/tags?post=13605"}],"curies":[{"name":"wp","href":"https:\/\/api.w.org\/{rel}","templated":true}]}}