{"id":13604,"date":"2014-06-19T22:18:22","date_gmt":"2014-06-19T21:18:22","guid":{"rendered":"http:\/\/www.fjala.info\/?p=1359"},"modified":"2014-06-19T22:18:22","modified_gmt":"2014-06-19T21:18:22","slug":"huqet-patologjike-te-lutfi-hazirit-dhe-ngritja-e-gishterinjve","status":"publish","type":"post","link":"https:\/\/fjala.info\/2009-2015\/huqet-patologjike-te-lutfi-hazirit-dhe-ngritja-e-gishterinjve\/","title":{"rendered":"Huqet patologjike t\u00eb Lutfi Hazirit dhe ngritja e gisht\u00ebrinjve !!!"},"content":{"rendered":"<p><img decoding=\"async\" class=\"alignleft size-thumbnail wp-image-7236\" title=\"Asllan Dibrani\" src=\"http:\/\/www.fjala.info\/2014\/asllan_dibrani.jpg\" alt=\"\" width=\"150\" \/> Nga <strong>Asllan Dibrani<\/strong><\/p>\n<p>Shum\u00eb \u00ebsht\u00eb shkruar p\u00ebr fjal\u00ebt e urta popullore, p\u00ebr zakonet dhe traditat e popujve .P\u00ebr at\u00eb \u00e7ka i p\u00ebrngjan nj\u00eb e kaluar historike t\u00eb \u00e7do populli n\u00eb marr\u00ebdh\u00ebnieve t\u00eb tij me popujt fqinj\u00eb. Dep\u00ebrtojn\u00eb kufirin midis shteteve, ku gjejm\u00eb imazhe t\u00eb tjera me \u00e7do kuptim t\u00eb karakteristikave t\u00eb d\u00ebshirueshme apo t\u00eb pad\u00ebshirueshme n\u00eb stil , jet\u00eb dhe veprime autoktone apo t\u00eb huazuara. Nga ana tjet\u00ebr, kemi shum\u00eb fjal\u00eb t\u00eb urta q\u00eb pasqyrojn\u00eb p\u00ebrvoj\u00ebn e p\u00ebrbashk\u00ebt t\u00eb popujve, kemi disa th\u00ebnie t\u00eb ngjashme, madje edhe t\u00eb nj\u00ebjta, gj\u00eb q\u00eb shpjegon edhe pranin\u00eb e saj n\u00eb af\u00ebrsin\u00eb, lidhjen ose n\u00eb komunikimin pa marr parasysh distanca t\u00eb larg\u00ebta gjeografike.<\/p>\n<p>Lutfi Haziri kryetari i komun\u00ebs s\u00eb Gjilanit, nj\u00ebherit an\u00ebtar i kryesis\u00eb s\u00eb LDK-s\u00eb, ka shum\u00eb foto t\u00eb postuara n\u00eb rrjetin e tij social, mir\u00ebpo ato q\u00eb bien m\u00eb s\u00eb shumti n\u00eb sy jan\u00eb fotot ku qart\u00eb shihet se Haziri tashm\u00eb po i p\u00ebrkushtohet shum\u00eb fes\u00eb ismale.Shihni k\u00ebto foto: fotoja m\u00eb nj\u00eb gisht q\u00eb ka kuptimin \u201cZoti \u00ebsht\u00eb nj\u00eb\u201d, kurse fotoja tjet\u00ebr me kat\u00ebr gishta q\u00eb ka kuptim \u201cSimboli i v\u00ebllaz\u00ebris\u00eb myslimane\u201d.<br \/>\nShfaqje n\u00eb k\u00ebt\u00eb kontekst, theksohet se popujt q\u00eb kan\u00eb jetuar brenda okupimit osman kan\u00eb disa th\u00ebnie t\u00eb p\u00ebrbashk\u00ebta apo t\u00eb ngjashme, si\u00e7 \u00ebsht\u00eb rasti me turqit, arab\u00ebt, kurd\u00ebt, boshnjak\u00ebt. po nj\u00eb gj\u00eb e tille v\u00ebrehet edhe tek disa shqiptare qoft\u00eb me p\u00ebrzierje nacional apo edhe etnike qe kane l\u00ebn\u00eb pasoja edhe sot n\u00eb trevat tona .<\/p>\n<p>Pamje nga publiku me ngritjen e dy gisht\u00ebrinjve nuk i p\u00ebrngjajn\u00eb shenj\u00ebs s\u00eb fitores, pak jan\u00eb ma t\u00eb zgjeruar dy gisht\u00ebrinjt\u00eb.<br \/>\n-Nj\u00eb fenomen i till\u00eb k\u00ebto dit\u00eb tronditi edhe komun\u00ebn e Gjilanit nga huqet e Lutfi Efendi Hazirit, nga k\u00ebto pasoja , i cili \u00ebsht\u00eb kryetar aktual i Gjilanit! N\u00eb prag t\u00eb zgjedhjeve nacionale ky i \u00e7oroditur u paraqit pran publikut me lloj , lloj pozash n\u00eb foto me simbole t\u00eb pa kuptimta , nga e cila edhe an\u00ebtar\u00ebt e LDK-s\u00eb i torturonte me gjeste , aq naive, aq t\u00eb pa kultur\u00eb, q\u00eb v\u00ebshtir\u00eb njeriu t&#8217;i jep nj\u00eb kuptim sadopak logjik?. Ky njeri i ngarkuar me elemente aziatike t\u00eb k\u00ebtilla sikur e ngat\u00ebrron kultur\u00ebn ton\u00eb nacionale me huqet e tij t\u00eb huazuara , apo te \u00e7pikura nga nj\u00eb tip matrapazi ordinar i pa shkoll\u00eb. Ky n\u00eb kultur\u00ebn ton\u00eb nuk merr vesh as n\u00eb etnografi, as n\u00eb etnologji, as n\u00eb autokton\u00ebsi mbi gjenez\u00ebn ton\u00eb komb\u00ebtare&#8230; Gjesti i tij me ngritjen e nj\u00eb gishti , dy gisht\u00ebrinjve, tre gisht\u00ebrinjve dhe 4 gisht\u00ebrinjve mbetet t\u00eb turp\u00ebrohet i t\u00ebr\u00eb elektorati i Partis\u00eb s\u00eb LDK-s\u00eb n\u00eb Gjilan q\u00eb kan\u00eb r\u00ebn\u00eb viktim\u00eb e k\u00ebtij \u00e7obani. Absurditeti i tij \u00ebsht\u00eb edhe m\u00eb i thell\u00eb , kur n\u00eb faqet e FB-s\u00eb se Lutfi Hazirit i keni t\u00eb ekspozuara t\u00eb t\u00ebrat si\u00e7 shihen ma posht\u00eb.<\/p>\n<p>Fotoja m\u00eb nj\u00eb gisht q\u00eb ka kuptimin \u201cZoti \u00ebsht\u00eb nj\u00eb\u201d, kurse fotoja tjet\u00ebr me kat\u00ebr gishta q\u00eb ka kuptim \u201cSimboli i v\u00ebllaz\u00ebris\u00eb myslimane\u201d.<\/p>\n<p>Me ekspozime t\u00eb tilla lind pyetja ,a thua Lutfi Haziri, \u00ebsht\u00eb kryetar i Komun\u00ebs s\u00eb Gjilanit,apo misionar i ekstremizmit islamik?<br \/>\nMe t\u00eb tilla akte \u201cV\u00ebllaz\u00ebria Myslimane\u201d ndalohet me ligj n\u00eb Egjipt n\u00eb shtetin simbol i islamizmit ku,pjes\u00ebtar\u00ebt e saj d\u00ebnohen edhe me vdekje, nd\u00ebrsa Lutfi Haziri, del n\u00eb rolin e nj\u00eb misionari islamik t\u00eb rreziksh\u00ebm p\u00ebr kombin shqiptar, duke u prir\u00eb t\u00eb tjer\u00ebve se si edhe ata t\u00eb ngrehin nga kat\u00ebr gishta larte!!!\u2026 Kryesia e LDK-s\u00eb me an\u00ebtar\u00ebsin\u00eb e k\u00ebsaj partie n\u00eb p\u00ebrgjith\u00ebsi,do t\u00eb duhej ta shprehnin veten se ku gjenden me pik\u00ebpamje e preokupime ,kur nj\u00eb z\u00eb i njohur i k\u00ebsaj partie ka madje postin e kryetarit p\u00ebr nj\u00eb komun\u00eb t\u00eb madhe t\u00eb Kosov\u00ebs, bene propaganda q\u00eb shkojn\u00eb n\u00eb favor t\u00eb agjendave islamike. LDK-ja duhet te distancohet nga politika t\u00eb tilla, ose ti p\u00ebrjashtoi nga radh\u00ebt e saj. Pavar\u00ebsisht diferencave qe mund te ekzistojn\u00eb n\u00eb mes forcave t\u00eb ndryshme politike, parimet komb\u00ebtare duhet t\u00eb jen\u00eb t\u00eb mbesin dhe t\u00eb kultivohen t\u00eb p\u00ebrbashk\u00ebta.<\/p>\n<p>Pamje e versionit t\u00eb kat\u00ebrt q\u00eb vet\u00ebm patologjia e Lutfi Hazirit ,nga e cila simptonet pataologjike p\u00ebrpiqet t&#8217;i shp\u00ebrndaj edhe tek shoq\u00ebria e sh\u00ebndosh kosovare !<br \/>\nK\u00ebtu qenkan afro 70 -80 persona t\u00eb cil\u00ebt besoj as qe e din\u00eb \u00e7ka do t\u00eb thot\u00eb ngritja e kat\u00ebr gishtave , por i ka b\u00ebr\u00eb Lutfiu si nj\u00eb kope delesh dhe manipulon me ta. Nuk ka si mos te jet\u00eb turp , dhe abuzim me vlerat tona komb\u00ebtare . N\u00ebse \u00ebsht\u00eb konvertuar n\u00eb mysliman at\u00ebher\u00eb , \u00ebsht\u00eb me leht\u00eb p\u00ebr neve shqiptar\u00ebve, sepse m\u00eb nuk duhet konsideruar si shqiptar, por si minoritar mysliman i cili nuk guxon t\u00eb p\u00ebrdhunoj vlerat tona komb\u00ebtare.<br \/>\nEksperienca e qeveris\u00eb Tha\u00e7i \u00ebsht\u00eb shume negative n\u00eb k\u00ebt\u00eb kontest q\u00eb la hap\u00ebsire veprimtarie nga ky sekt i pa kultur\u00eb ,i pa vler\u00eb dhe antishqiptare. Kjo metode politike duhet braktisur, dhe nj\u00eb parti si LDK, nuk mund t\u00eb lejoje politikan t\u00eb till\u00eb n\u00eb radh\u00ebt e saj. -Lutfiu mbeti pa e ngrit edhe gishtin e madh simbol i fitores q\u00eb e ngrit zoti Hashim Thaqi apo z.Sali Berisha, n\u00eb shenje fitoreje,por duket se \u00ebsht\u00eb zem\u00ebruar n\u00eb Hashimin!.<\/p>\n","protected":false},"excerpt":{"rendered":"<p>Nga Asllan Dibrani Shum\u00eb \u00ebsht\u00eb shkruar p\u00ebr fjal\u00ebt e urta popullore, p\u00ebr zakonet dhe traditat e popujve .P\u00ebr at\u00eb \u00e7ka i p\u00ebrngjan nj\u00eb e kaluar historike t\u00eb \u00e7do populli n\u00eb marr\u00ebdh\u00ebnieve t\u00eb tij me popujt fqinj\u00eb. Dep\u00ebrtojn\u00eb kufirin midis shteteve, ku gjejm\u00eb imazhe t\u00eb tjera me \u00e7do kuptim t\u00eb karakteristikave t\u00eb d\u00ebshirueshme apo t\u00eb pad\u00ebshirueshme [&hellip;]<\/p>\n","protected":false},"author":1,"featured_media":0,"comment_status":"open","ping_status":"closed","sticky":false,"template":"","format":"standard","meta":{"footnotes":""},"categories":[2],"tags":[],"class_list":{"0":"post-13604","1":"post","2":"type-post","3":"status-publish","4":"format-standard","6":"category-artikuj"},"yoast_head":"<!-- This site is optimized with the Yoast SEO plugin v27.4 - https:\/\/yoast.com\/product\/yoast-seo-wordpress\/ -->\n<title>Huqet patologjike t\u00eb Lutfi Hazirit dhe ngritja e gisht\u00ebrinjve !!! - FjALA e LIR\u00cb - Arkivi<\/title>\n<meta name=\"robots\" content=\"index, follow, max-snippet:-1, max-image-preview:large, max-video-preview:-1\" \/>\n<link rel=\"canonical\" href=\"https:\/\/fjala.info\/2009-2015\/huqet-patologjike-te-lutfi-hazirit-dhe-ngritja-e-gishterinjve\/\" \/>\n<meta property=\"og:locale\" content=\"sq_AL\" \/>\n<meta property=\"og:type\" content=\"article\" \/>\n<meta property=\"og:title\" content=\"Huqet patologjike t\u00eb Lutfi Hazirit dhe ngritja e gisht\u00ebrinjve !!! - FjALA e LIR\u00cb - Arkivi\" \/>\n<meta property=\"og:description\" content=\"Nga Asllan Dibrani Shum\u00eb \u00ebsht\u00eb shkruar p\u00ebr fjal\u00ebt e urta popullore, p\u00ebr zakonet dhe traditat e popujve .P\u00ebr at\u00eb \u00e7ka i p\u00ebrngjan nj\u00eb e kaluar historike t\u00eb \u00e7do populli n\u00eb marr\u00ebdh\u00ebnieve t\u00eb tij me popujt fqinj\u00eb. Dep\u00ebrtojn\u00eb kufirin midis shteteve, ku gjejm\u00eb imazhe t\u00eb tjera me \u00e7do kuptim t\u00eb karakteristikave t\u00eb d\u00ebshirueshme apo t\u00eb pad\u00ebshirueshme [&hellip;]\" \/>\n<meta property=\"og:url\" content=\"https:\/\/fjala.info\/2009-2015\/huqet-patologjike-te-lutfi-hazirit-dhe-ngritja-e-gishterinjve\/\" \/>\n<meta property=\"og:site_name\" content=\"FjALA e LIR\u00cb - Arkivi\" \/>\n<meta property=\"article:published_time\" content=\"2014-06-19T21:18:22+00:00\" \/>\n<meta property=\"og:image\" content=\"http:\/\/www.fjala.info\/2014\/asllan_dibrani.jpg\" \/>\n<meta name=\"author\" content=\"admin\" \/>\n<meta name=\"twitter:card\" content=\"summary_large_image\" \/>\n<meta name=\"twitter:label1\" content=\"Written by\" \/>\n\t<meta name=\"twitter:data1\" content=\"admin\" \/>\n\t<meta name=\"twitter:label2\" content=\"Est. reading time\" \/>\n\t<meta name=\"twitter:data2\" content=\"5 minutes\" \/>\n<script type=\"application\/ld+json\" class=\"yoast-schema-graph\">{\"@context\":\"https:\\\/\\\/schema.org\",\"@graph\":[{\"@type\":\"Article\",\"@id\":\"https:\\\/\\\/fjala.info\\\/2009-2015\\\/huqet-patologjike-te-lutfi-hazirit-dhe-ngritja-e-gishterinjve\\\/#article\",\"isPartOf\":{\"@id\":\"https:\\\/\\\/fjala.info\\\/2009-2015\\\/huqet-patologjike-te-lutfi-hazirit-dhe-ngritja-e-gishterinjve\\\/\"},\"author\":{\"name\":\"admin\",\"@id\":\"https:\\\/\\\/fjala.info\\\/2009-2015\\\/#\\\/schema\\\/person\\\/3aa1163ef05469c496fc94e77611ada2\"},\"headline\":\"Huqet patologjike t\u00eb Lutfi Hazirit dhe ngritja e gisht\u00ebrinjve !!!\",\"datePublished\":\"2014-06-19T21:18:22+00:00\",\"mainEntityOfPage\":{\"@id\":\"https:\\\/\\\/fjala.info\\\/2009-2015\\\/huqet-patologjike-te-lutfi-hazirit-dhe-ngritja-e-gishterinjve\\\/\"},\"wordCount\":941,\"commentCount\":0,\"publisher\":{\"@id\":\"https:\\\/\\\/fjala.info\\\/2009-2015\\\/#organization\"},\"image\":{\"@id\":\"https:\\\/\\\/fjala.info\\\/2009-2015\\\/huqet-patologjike-te-lutfi-hazirit-dhe-ngritja-e-gishterinjve\\\/#primaryimage\"},\"thumbnailUrl\":\"http:\\\/\\\/www.fjala.info\\\/2014\\\/asllan_dibrani.jpg\",\"articleSection\":[\"Artikuj\"],\"inLanguage\":\"sq-AL\",\"potentialAction\":[{\"@type\":\"CommentAction\",\"name\":\"Comment\",\"target\":[\"https:\\\/\\\/fjala.info\\\/2009-2015\\\/huqet-patologjike-te-lutfi-hazirit-dhe-ngritja-e-gishterinjve\\\/#respond\"]}]},{\"@type\":\"WebPage\",\"@id\":\"https:\\\/\\\/fjala.info\\\/2009-2015\\\/huqet-patologjike-te-lutfi-hazirit-dhe-ngritja-e-gishterinjve\\\/\",\"url\":\"https:\\\/\\\/fjala.info\\\/2009-2015\\\/huqet-patologjike-te-lutfi-hazirit-dhe-ngritja-e-gishterinjve\\\/\",\"name\":\"Huqet patologjike t\u00eb Lutfi Hazirit dhe ngritja e gisht\u00ebrinjve !!! - FjALA e LIR\u00cb - Arkivi\",\"isPartOf\":{\"@id\":\"https:\\\/\\\/fjala.info\\\/2009-2015\\\/#website\"},\"primaryImageOfPage\":{\"@id\":\"https:\\\/\\\/fjala.info\\\/2009-2015\\\/huqet-patologjike-te-lutfi-hazirit-dhe-ngritja-e-gishterinjve\\\/#primaryimage\"},\"image\":{\"@id\":\"https:\\\/\\\/fjala.info\\\/2009-2015\\\/huqet-patologjike-te-lutfi-hazirit-dhe-ngritja-e-gishterinjve\\\/#primaryimage\"},\"thumbnailUrl\":\"http:\\\/\\\/www.fjala.info\\\/2014\\\/asllan_dibrani.jpg\",\"datePublished\":\"2014-06-19T21:18:22+00:00\",\"breadcrumb\":{\"@id\":\"https:\\\/\\\/fjala.info\\\/2009-2015\\\/huqet-patologjike-te-lutfi-hazirit-dhe-ngritja-e-gishterinjve\\\/#breadcrumb\"},\"inLanguage\":\"sq-AL\",\"potentialAction\":[{\"@type\":\"ReadAction\",\"target\":[\"https:\\\/\\\/fjala.info\\\/2009-2015\\\/huqet-patologjike-te-lutfi-hazirit-dhe-ngritja-e-gishterinjve\\\/\"]}]},{\"@type\":\"ImageObject\",\"inLanguage\":\"sq-AL\",\"@id\":\"https:\\\/\\\/fjala.info\\\/2009-2015\\\/huqet-patologjike-te-lutfi-hazirit-dhe-ngritja-e-gishterinjve\\\/#primaryimage\",\"url\":\"http:\\\/\\\/www.fjala.info\\\/2014\\\/asllan_dibrani.jpg\",\"contentUrl\":\"http:\\\/\\\/www.fjala.info\\\/2014\\\/asllan_dibrani.jpg\"},{\"@type\":\"BreadcrumbList\",\"@id\":\"https:\\\/\\\/fjala.info\\\/2009-2015\\\/huqet-patologjike-te-lutfi-hazirit-dhe-ngritja-e-gishterinjve\\\/#breadcrumb\",\"itemListElement\":[{\"@type\":\"ListItem\",\"position\":1,\"name\":\"Home\",\"item\":\"https:\\\/\\\/fjala.info\\\/2009-2015\\\/\"},{\"@type\":\"ListItem\",\"position\":2,\"name\":\"Huqet patologjike t\u00eb Lutfi Hazirit dhe ngritja e gisht\u00ebrinjve !!!\"}]},{\"@type\":\"WebSite\",\"@id\":\"https:\\\/\\\/fjala.info\\\/2009-2015\\\/#website\",\"url\":\"https:\\\/\\\/fjala.info\\\/2009-2015\\\/\",\"name\":\"FjALA e LIR\u00cb - Arkivi\",\"description\":\"Arkivi 2009-2015\",\"publisher\":{\"@id\":\"https:\\\/\\\/fjala.info\\\/2009-2015\\\/#organization\"},\"potentialAction\":[{\"@type\":\"SearchAction\",\"target\":{\"@type\":\"EntryPoint\",\"urlTemplate\":\"https:\\\/\\\/fjala.info\\\/2009-2015\\\/?s={search_term_string}\"},\"query-input\":{\"@type\":\"PropertyValueSpecification\",\"valueRequired\":true,\"valueName\":\"search_term_string\"}}],\"inLanguage\":\"sq-AL\"},{\"@type\":\"Organization\",\"@id\":\"https:\\\/\\\/fjala.info\\\/2009-2015\\\/#organization\",\"name\":\"FjALA e LIR\u00cb - Arkivi\",\"url\":\"https:\\\/\\\/fjala.info\\\/2009-2015\\\/\",\"logo\":{\"@type\":\"ImageObject\",\"inLanguage\":\"sq-AL\",\"@id\":\"https:\\\/\\\/fjala.info\\\/2009-2015\\\/#\\\/schema\\\/logo\\\/image\\\/\",\"url\":\"\",\"contentUrl\":\"\",\"caption\":\"FjALA e LIR\u00cb - Arkivi\"},\"image\":{\"@id\":\"https:\\\/\\\/fjala.info\\\/2009-2015\\\/#\\\/schema\\\/logo\\\/image\\\/\"}},{\"@type\":\"Person\",\"@id\":\"https:\\\/\\\/fjala.info\\\/2009-2015\\\/#\\\/schema\\\/person\\\/3aa1163ef05469c496fc94e77611ada2\",\"name\":\"admin\",\"image\":{\"@type\":\"ImageObject\",\"inLanguage\":\"sq-AL\",\"@id\":\"https:\\\/\\\/fjala.info\\\/2009-2015\\\/wp-content\\\/uploads\\\/2012\\\/02\\\/arben_cokaj-120x150.jpg\",\"url\":\"https:\\\/\\\/fjala.info\\\/2009-2015\\\/wp-content\\\/uploads\\\/2012\\\/02\\\/arben_cokaj-120x150.jpg\",\"contentUrl\":\"https:\\\/\\\/fjala.info\\\/2009-2015\\\/wp-content\\\/uploads\\\/2012\\\/02\\\/arben_cokaj-120x150.jpg\",\"caption\":\"admin\"},\"description\":\"Admin, Fjala e Lir\u00eb\",\"sameAs\":[\"https:\\\/\\\/fjala.info\\\/\"],\"url\":\"https:\\\/\\\/fjala.info\\\/2009-2015\\\/author\\\/admin\\\/\"}]}<\/script>\n<!-- \/ Yoast SEO plugin. -->","yoast_head_json":{"title":"Huqet patologjike t\u00eb Lutfi Hazirit dhe ngritja e gisht\u00ebrinjve !!! - FjALA e LIR\u00cb - Arkivi","robots":{"index":"index","follow":"follow","max-snippet":"max-snippet:-1","max-image-preview":"max-image-preview:large","max-video-preview":"max-video-preview:-1"},"canonical":"https:\/\/fjala.info\/2009-2015\/huqet-patologjike-te-lutfi-hazirit-dhe-ngritja-e-gishterinjve\/","og_locale":"sq_AL","og_type":"article","og_title":"Huqet patologjike t\u00eb Lutfi Hazirit dhe ngritja e gisht\u00ebrinjve !!! - FjALA e LIR\u00cb - Arkivi","og_description":"Nga Asllan Dibrani Shum\u00eb \u00ebsht\u00eb shkruar p\u00ebr fjal\u00ebt e urta popullore, p\u00ebr zakonet dhe traditat e popujve .P\u00ebr at\u00eb \u00e7ka i p\u00ebrngjan nj\u00eb e kaluar historike t\u00eb \u00e7do populli n\u00eb marr\u00ebdh\u00ebnieve t\u00eb tij me popujt fqinj\u00eb. Dep\u00ebrtojn\u00eb kufirin midis shteteve, ku gjejm\u00eb imazhe t\u00eb tjera me \u00e7do kuptim t\u00eb karakteristikave t\u00eb d\u00ebshirueshme apo t\u00eb pad\u00ebshirueshme [&hellip;]","og_url":"https:\/\/fjala.info\/2009-2015\/huqet-patologjike-te-lutfi-hazirit-dhe-ngritja-e-gishterinjve\/","og_site_name":"FjALA e LIR\u00cb - Arkivi","article_published_time":"2014-06-19T21:18:22+00:00","og_image":[{"url":"http:\/\/www.fjala.info\/2014\/asllan_dibrani.jpg","type":"","width":"","height":""}],"author":"admin","twitter_card":"summary_large_image","twitter_misc":{"Written by":"admin","Est. reading time":"5 minutes"},"schema":{"@context":"https:\/\/schema.org","@graph":[{"@type":"Article","@id":"https:\/\/fjala.info\/2009-2015\/huqet-patologjike-te-lutfi-hazirit-dhe-ngritja-e-gishterinjve\/#article","isPartOf":{"@id":"https:\/\/fjala.info\/2009-2015\/huqet-patologjike-te-lutfi-hazirit-dhe-ngritja-e-gishterinjve\/"},"author":{"name":"admin","@id":"https:\/\/fjala.info\/2009-2015\/#\/schema\/person\/3aa1163ef05469c496fc94e77611ada2"},"headline":"Huqet patologjike t\u00eb Lutfi Hazirit dhe ngritja e gisht\u00ebrinjve !!!","datePublished":"2014-06-19T21:18:22+00:00","mainEntityOfPage":{"@id":"https:\/\/fjala.info\/2009-2015\/huqet-patologjike-te-lutfi-hazirit-dhe-ngritja-e-gishterinjve\/"},"wordCount":941,"commentCount":0,"publisher":{"@id":"https:\/\/fjala.info\/2009-2015\/#organization"},"image":{"@id":"https:\/\/fjala.info\/2009-2015\/huqet-patologjike-te-lutfi-hazirit-dhe-ngritja-e-gishterinjve\/#primaryimage"},"thumbnailUrl":"http:\/\/www.fjala.info\/2014\/asllan_dibrani.jpg","articleSection":["Artikuj"],"inLanguage":"sq-AL","potentialAction":[{"@type":"CommentAction","name":"Comment","target":["https:\/\/fjala.info\/2009-2015\/huqet-patologjike-te-lutfi-hazirit-dhe-ngritja-e-gishterinjve\/#respond"]}]},{"@type":"WebPage","@id":"https:\/\/fjala.info\/2009-2015\/huqet-patologjike-te-lutfi-hazirit-dhe-ngritja-e-gishterinjve\/","url":"https:\/\/fjala.info\/2009-2015\/huqet-patologjike-te-lutfi-hazirit-dhe-ngritja-e-gishterinjve\/","name":"Huqet patologjike t\u00eb Lutfi Hazirit dhe ngritja e gisht\u00ebrinjve !!! - FjALA e LIR\u00cb - Arkivi","isPartOf":{"@id":"https:\/\/fjala.info\/2009-2015\/#website"},"primaryImageOfPage":{"@id":"https:\/\/fjala.info\/2009-2015\/huqet-patologjike-te-lutfi-hazirit-dhe-ngritja-e-gishterinjve\/#primaryimage"},"image":{"@id":"https:\/\/fjala.info\/2009-2015\/huqet-patologjike-te-lutfi-hazirit-dhe-ngritja-e-gishterinjve\/#primaryimage"},"thumbnailUrl":"http:\/\/www.fjala.info\/2014\/asllan_dibrani.jpg","datePublished":"2014-06-19T21:18:22+00:00","breadcrumb":{"@id":"https:\/\/fjala.info\/2009-2015\/huqet-patologjike-te-lutfi-hazirit-dhe-ngritja-e-gishterinjve\/#breadcrumb"},"inLanguage":"sq-AL","potentialAction":[{"@type":"ReadAction","target":["https:\/\/fjala.info\/2009-2015\/huqet-patologjike-te-lutfi-hazirit-dhe-ngritja-e-gishterinjve\/"]}]},{"@type":"ImageObject","inLanguage":"sq-AL","@id":"https:\/\/fjala.info\/2009-2015\/huqet-patologjike-te-lutfi-hazirit-dhe-ngritja-e-gishterinjve\/#primaryimage","url":"http:\/\/www.fjala.info\/2014\/asllan_dibrani.jpg","contentUrl":"http:\/\/www.fjala.info\/2014\/asllan_dibrani.jpg"},{"@type":"BreadcrumbList","@id":"https:\/\/fjala.info\/2009-2015\/huqet-patologjike-te-lutfi-hazirit-dhe-ngritja-e-gishterinjve\/#breadcrumb","itemListElement":[{"@type":"ListItem","position":1,"name":"Home","item":"https:\/\/fjala.info\/2009-2015\/"},{"@type":"ListItem","position":2,"name":"Huqet patologjike t\u00eb Lutfi Hazirit dhe ngritja e gisht\u00ebrinjve !!!"}]},{"@type":"WebSite","@id":"https:\/\/fjala.info\/2009-2015\/#website","url":"https:\/\/fjala.info\/2009-2015\/","name":"FjALA e LIR\u00cb - Arkivi","description":"Arkivi 2009-2015","publisher":{"@id":"https:\/\/fjala.info\/2009-2015\/#organization"},"potentialAction":[{"@type":"SearchAction","target":{"@type":"EntryPoint","urlTemplate":"https:\/\/fjala.info\/2009-2015\/?s={search_term_string}"},"query-input":{"@type":"PropertyValueSpecification","valueRequired":true,"valueName":"search_term_string"}}],"inLanguage":"sq-AL"},{"@type":"Organization","@id":"https:\/\/fjala.info\/2009-2015\/#organization","name":"FjALA e LIR\u00cb - Arkivi","url":"https:\/\/fjala.info\/2009-2015\/","logo":{"@type":"ImageObject","inLanguage":"sq-AL","@id":"https:\/\/fjala.info\/2009-2015\/#\/schema\/logo\/image\/","url":"","contentUrl":"","caption":"FjALA e LIR\u00cb - Arkivi"},"image":{"@id":"https:\/\/fjala.info\/2009-2015\/#\/schema\/logo\/image\/"}},{"@type":"Person","@id":"https:\/\/fjala.info\/2009-2015\/#\/schema\/person\/3aa1163ef05469c496fc94e77611ada2","name":"admin","image":{"@type":"ImageObject","inLanguage":"sq-AL","@id":"https:\/\/fjala.info\/2009-2015\/wp-content\/uploads\/2012\/02\/arben_cokaj-120x150.jpg","url":"https:\/\/fjala.info\/2009-2015\/wp-content\/uploads\/2012\/02\/arben_cokaj-120x150.jpg","contentUrl":"https:\/\/fjala.info\/2009-2015\/wp-content\/uploads\/2012\/02\/arben_cokaj-120x150.jpg","caption":"admin"},"description":"Admin, Fjala e Lir\u00eb","sameAs":["https:\/\/fjala.info\/"],"url":"https:\/\/fjala.info\/2009-2015\/author\/admin\/"}]}},"_links":{"self":[{"href":"https:\/\/fjala.info\/2009-2015\/wp-json\/wp\/v2\/posts\/13604","targetHints":{"allow":["GET"]}}],"collection":[{"href":"https:\/\/fjala.info\/2009-2015\/wp-json\/wp\/v2\/posts"}],"about":[{"href":"https:\/\/fjala.info\/2009-2015\/wp-json\/wp\/v2\/types\/post"}],"author":[{"embeddable":true,"href":"https:\/\/fjala.info\/2009-2015\/wp-json\/wp\/v2\/users\/1"}],"replies":[{"embeddable":true,"href":"https:\/\/fjala.info\/2009-2015\/wp-json\/wp\/v2\/comments?post=13604"}],"version-history":[{"count":0,"href":"https:\/\/fjala.info\/2009-2015\/wp-json\/wp\/v2\/posts\/13604\/revisions"}],"wp:attachment":[{"href":"https:\/\/fjala.info\/2009-2015\/wp-json\/wp\/v2\/media?parent=13604"}],"wp:term":[{"taxonomy":"category","embeddable":true,"href":"https:\/\/fjala.info\/2009-2015\/wp-json\/wp\/v2\/categories?post=13604"},{"taxonomy":"post_tag","embeddable":true,"href":"https:\/\/fjala.info\/2009-2015\/wp-json\/wp\/v2\/tags?post=13604"}],"curies":[{"name":"wp","href":"https:\/\/api.w.org\/{rel}","templated":true}]}}