{"id":13601,"date":"2014-06-19T21:58:42","date_gmt":"2014-06-19T20:58:42","guid":{"rendered":"http:\/\/www.fjala.info\/?p=1353"},"modified":"2014-06-19T21:58:42","modified_gmt":"2014-06-19T20:58:42","slug":"reforma-te-domosdoshme-ne-te-gjitha-partite-politike-per-zgjedhjet-aktuale","status":"publish","type":"post","link":"https:\/\/fjala.info\/2009-2015\/reforma-te-domosdoshme-ne-te-gjitha-partite-politike-per-zgjedhjet-aktuale\/","title":{"rendered":"Reforma t\u00eb domosdoshme n\u00eb t\u00eb gjitha partit\u00eb politike p\u00ebr zgjedhjet aktuale !"},"content":{"rendered":"<p><img decoding=\"async\" class=\"alignleft size-thumbnail wp-image-7236\" title=\"Asllan Dibrani\" src=\"http:\/\/www.fjala.info\/2014\/asllan_dibrani.jpg\" alt=\"\" width=\"150\" \/> Nga <strong>Asllan Dibrani<\/strong><\/p>\n<p>Krijuesit artist\u00ebt, shkrimtar\u00ebt jan\u00eb t\u00eb popullit, e jo t\u00eb partive, si\u00e7 po keqp\u00ebrdoren Adem Demaqi, Rexhep Qosja dhe figura tjera komb\u00ebtare! Ismail Kadare u prononcua p\u00ebr koalicionin gjith\u00ebp\u00ebrfshir\u00ebs, e jo p\u00ebr partin\u00eb:<\/p>\n<p>Dashuria ndaj atdheut duhet t\u00eb jepet, pa nuanca politike, pa ngjyrime pa krahinizma, pa lokalizma, pa imponime dhe grupime t\u00eb ndryshme, po duhet t&#8217;i epet aty ku \u00ebsht\u00eb verdikti i popullit dhe vlerat e tij.<\/p>\n<p>Gj\u00ebrat q\u00eb num\u00ebrohen t\u00eb shenjta, si mendja, njohuria dhe dituria, nga shkaku i lakmis\u00eb p\u00ebr fam\u00eb e madh\u00ebshti, s\u2019mund t\u2019u q\u00ebndrojn\u00eb disa d\u00ebshirave t\u00eb kota, nd\u00ebrsa dashuria mund \u00e7do gj\u00eb. Dashuria duron varf\u00ebrin\u00eb, nevoj\u00ebn, urin\u00eb, mundimin, posht\u00ebrimin n\u00ebn\u00e7mimin abuzimin \u2014dhe \u00e7do gj\u00eb! Dashuria \u00ebsht\u00eb nj\u00eb ndjenj\u00eb e fuqishme dhe e jasht\u00ebzakonshme p\u00ebr nj\u00eb nj\u00ebri, nj\u00eb vend ose di\u00e7ka tjet\u00ebr. \u00c7do t\u00eb thot\u00eb n\u00eb dit\u00ebt e sotme fjalia \u201cDuani njeri-tjetrin\u201ddhe \u201cTa duam nj\u00ebri tjetrin\u201dsigurisht s\u2019mund t\u00eb jete edhe ndryshe?<\/p>\n<p>Dashuria \u00ebsht\u00eb nj\u00eb motiv i shpres\u00ebs, n\u00eb t\u00eb kund\u00ebrt do t\u00eb ishte nj\u00eb jet\u00eb boshe p\u00ebr njer\u00ebzimin. Dashuria ka forc\u00ebn, t\u00eb na bashkoj\u00eb pa i mohuar tjetrit dinjitetin e tij, unin e tij!?\u2026 Vet\u00ebm dashuria nuk ushtron nj\u00eb ndjenje xhelozie, as tek njer\u00ebzit, as t\u00eb kombet. Vet\u00ebm dashuria \u00ebsht\u00eb e aft\u00eb t\u00eb mos ta ndaj\u00eb njer\u00ebzimin, as nga ideologjia, as nga raca e lere ma p\u00ebrbrenda nocionit komb\u00ebtar. Vet\u00ebm dashuria mund t\u00eb na jap\u00eb energjit\u00eb e pashtershme, t\u00eb nevojshme p\u00ebr t\u00eb zhdukur urin\u00eb dhe d\u00ebshp\u00ebrimin aktual n\u00eb Kosov\u00eb dhe Shqip\u00ebri.<\/p>\n<p>Kosov\u00eb. Klasa e dhunshme politike k\u00ebto vite i n\u00ebp\u00ebrk\u00ebmbi, i p\u00ebrdhunoi dhe i anashkaloj njer\u00ebzit q\u00eb kan\u00eb potencial dhe ndikim n\u00eb aren\u00ebn nd\u00ebrkomb\u00ebtare?<\/p>\n<p>Kjo dashuri ndaj atdheut sikur u shua me dhun\u00eb nga faktor\u00ebt e ndrysh\u00ebm pas luft\u00ebs s\u00eb Kosov\u00ebs dhe pas \u00e7lirimit nga diktatura komuniste ne Shqip\u00ebri. Kjo shprehje dhe prononcim, ju mohua shume intelektual\u00ebve, krijuesve dhe patriot\u00ebve t\u00eb kombit me nivel kulture dhe bagazh t\u00eb nivelit komb\u00ebtar si n\u00eb Shqip\u00ebri ashtu edhe n\u00eb Kosov\u00eb. Klasa e dhunshme politike k\u00ebto vite i n\u00ebp\u00ebrk\u00ebmbi, i p\u00ebrdhunoi dhe i anashkaloj njer\u00ebzit q\u00eb kan\u00eb potencial dhe ndikim n\u00eb aren\u00ebn nd\u00ebrkomb\u00ebtare qe z\u00ebrin e shqiptareve ta ngren\u00eb edhe ma larg qe mos te mbesim si shport\u00eb, q\u00eb kush do t\u00eb hedhin mbeturina mbi te.<br \/>\nKoalicioni i formuar k\u00ebto dit\u00eb kund\u00ebr Qeveris\u00eb &#8220;Thaqi tre&#8221; sikur u p\u00eblqyer nga figura t\u00eb m\u00ebdha, po edhe nga Ismail Kadare!<\/p>\n<p>Zgjedhjet aktuale sikur kan\u00eb filluar ta l\u00ebkundin nj\u00eb trend t\u00eb till\u00eb nga klasa e t\u00eb pa diturve, injorant\u00ebve, abuzuesve dhe hu krah\u00ebve. Kombi shqiptar nuk duron njer\u00ebz t\u00eb k\u00ebtill\u00eb. Ky trend politik don\u00eb t&#8217;i liroj\u00eb nga kjo rob\u00ebri vetanake me q\u00ebllim t\u00eb arritjes s\u00eb synimeve tona qe kombit ti prijn\u00eb njer\u00ebzit e merituar dhe t\u00eb d\u00ebshmuar me veprimtarin\u00eb e vet paraprake.<\/p>\n<p>Koalicioni i formuar k\u00ebto dit\u00eb kund\u00ebr Qeveris\u00eb &#8220;Thaqi tre&#8221; sikur u p\u00eblqyer nga figura t\u00eb m\u00ebdha, po edhe nga Ismail Kadare ndoshta nuk do te zhg\u00ebnjehemi k\u00ebsaj here q\u00eb ky koalicion t&#8217;i zgjedh figurat e m\u00ebdha q\u00eb e meritojn\u00eb t\u00eb jen n\u00eb ball\u00eb te popullit. T\u00eb p\u00ebrfshihen n\u00eb qeverisjen e pritshme edhe se nuk ju ka dhen shans t\u00eb jen\u00eb aktor i fushat\u00ebs elektorale.<br \/>\nReformime strukturale, duhet t\u00eb ket\u00eb edhe n\u00eb LDK-n\u00eb aktuale, AAK-n\u00eb dhe Nisma p\u00ebr Kosov\u00ebn, po edhe Vet\u00ebvendosja q\u00eb don\u00eb t\u00eb hyj\u00eb n\u00eb qeverisje.<\/p>\n<p>Njer\u00ebzit me em\u00ebr dhe kultur\u00eb i nevojiten sot kombit n\u00eb t\u00ebr\u00ebsi edhe n\u00eb Shqip\u00ebrin\u00eb e p\u00ebrplasjeve dhe qe kane nevoj\u00eb t\u00eb reformohen, e jo t\u00eb mbesin dy figura pran ekraneve televizive q\u00eb 25 vjet si\u00e7 jan\u00eb, zoti Sali Berisha dhe zoti Edi Rama. Reformim duhet t\u00eb ket\u00eb edhe n\u00eb LDK-n\u00eb aktuale, AAk-n\u00eb dhe Nisma p\u00ebr Kosov\u00ebn, po edhe Vet\u00ebvendosja q\u00eb don\u00eb t\u00eb hyj\u00eb n\u00eb qeverisje. Aty duhet t\u00eb p\u00ebrfshihet i t\u00ebr\u00eb spektri intelektual n\u00eb rrafshin kosovar e jo rajonal apo lokal. Po ashtu edhe zoti Hashim Thaqi duhet ta spastroj partin\u00eb e vet nga grupet kriminale dhe njer\u00ebz t\u00eb pa vlera si\u00e7 jan\u00eb faktor\u00ebt e spektrit fetar nga e cila mendoj se edhe humbi reputacionin si parti n\u00eb k\u00ebto zgjedhje.<\/p>\n<p>Po ashtu edhe nj\u00eb fakt tjet\u00ebr kjo parti njihet si parti e krahut t\u00eb luft\u00ebs, e rezistenc\u00ebs po n\u00eb fakt me p\u00ebrfshirjen e disa figurave mafioze n\u00eb k\u00ebt\u00eb parti, ja humbi vler\u00ebn edhe U\u00c7K- s\u00eb dhe djemve ma te spikatur q\u00eb dhan\u00eb edhe jet\u00ebn p\u00ebr \u00e7lirimin e Kosov\u00ebs. Ka shum\u00eb arsye njeriu t\u00eb jet\u00eb i shqet\u00ebsuar dhe skeptik. Pse u lejuar nga zoti Tha\u00e7i t\u00eb p\u00ebrzihen luft\u00ebtar\u00ebt me demagog\u00eb dhe spektator t\u00eb luft\u00ebs s\u00eb Kosov\u00ebs ku edhe vet \u00ebsht\u00eb viktim\u00eb e tyre.<\/p>\n<p>Partit\u00eb e m\u00ebdha si LDK dhe PDK, as tjerat nuk duhet t&#8217;i shfryt\u00ebzon figurat e m\u00ebdha p\u00ebr marketing n\u00eb elektoratin e tyre si\u00e7 veproj PDK me Adem Dema\u00e7in, Rexhep Qosjen qe prononcohen t\u00eb nj\u00eb an\u00ebsohem, duke i krijuar p\u00ebr\u00e7arje m\u00eb shum\u00eb se sa ndonj\u00eb gj\u00eb pozitive. Prononcimet e tyre jan\u00eb fillimisht n\u00eb d\u00ebmin e vet figurave t\u00eb veta nga e cila krijuesit artistet, shkrimtaret jan\u00eb t\u00eb popullit e jo te partive. Mos t\u00eb bien pre e partive, po edhe mos te rrin\u00eb duar kryq pran gjendjes dramatike dhe politike n\u00eb vend.<\/p>\n","protected":false},"excerpt":{"rendered":"<p>Nga Asllan Dibrani Krijuesit artist\u00ebt, shkrimtar\u00ebt jan\u00eb t\u00eb popullit, e jo t\u00eb partive, si\u00e7 po keqp\u00ebrdoren Adem Demaqi, Rexhep Qosja dhe figura tjera komb\u00ebtare! Ismail Kadare u prononcua p\u00ebr koalicionin gjith\u00ebp\u00ebrfshir\u00ebs, e jo p\u00ebr partin\u00eb: Dashuria ndaj atdheut duhet t\u00eb jepet, pa nuanca politike, pa ngjyrime pa krahinizma, pa lokalizma, pa imponime dhe grupime t\u00eb [&hellip;]<\/p>\n","protected":false},"author":1,"featured_media":0,"comment_status":"open","ping_status":"closed","sticky":false,"template":"","format":"standard","meta":{"footnotes":""},"categories":[2],"tags":[],"class_list":{"0":"post-13601","1":"post","2":"type-post","3":"status-publish","4":"format-standard","6":"category-artikuj"},"yoast_head":"<!-- This site is optimized with the Yoast SEO plugin v27.4 - https:\/\/yoast.com\/product\/yoast-seo-wordpress\/ -->\n<title>Reforma t\u00eb domosdoshme n\u00eb t\u00eb gjitha partit\u00eb politike p\u00ebr zgjedhjet aktuale ! - FjALA e LIR\u00cb - Arkivi<\/title>\n<meta name=\"robots\" content=\"index, follow, max-snippet:-1, max-image-preview:large, max-video-preview:-1\" \/>\n<link rel=\"canonical\" href=\"https:\/\/fjala.info\/2009-2015\/reforma-te-domosdoshme-ne-te-gjitha-partite-politike-per-zgjedhjet-aktuale\/\" \/>\n<meta property=\"og:locale\" content=\"sq_AL\" \/>\n<meta property=\"og:type\" content=\"article\" \/>\n<meta property=\"og:title\" content=\"Reforma t\u00eb domosdoshme n\u00eb t\u00eb gjitha partit\u00eb politike p\u00ebr zgjedhjet aktuale ! - FjALA e LIR\u00cb - Arkivi\" \/>\n<meta property=\"og:description\" content=\"Nga Asllan Dibrani Krijuesit artist\u00ebt, shkrimtar\u00ebt jan\u00eb t\u00eb popullit, e jo t\u00eb partive, si\u00e7 po keqp\u00ebrdoren Adem Demaqi, Rexhep Qosja dhe figura tjera komb\u00ebtare! Ismail Kadare u prononcua p\u00ebr koalicionin gjith\u00ebp\u00ebrfshir\u00ebs, e jo p\u00ebr partin\u00eb: Dashuria ndaj atdheut duhet t\u00eb jepet, pa nuanca politike, pa ngjyrime pa krahinizma, pa lokalizma, pa imponime dhe grupime t\u00eb [&hellip;]\" \/>\n<meta property=\"og:url\" content=\"https:\/\/fjala.info\/2009-2015\/reforma-te-domosdoshme-ne-te-gjitha-partite-politike-per-zgjedhjet-aktuale\/\" \/>\n<meta property=\"og:site_name\" content=\"FjALA e LIR\u00cb - Arkivi\" \/>\n<meta property=\"article:published_time\" content=\"2014-06-19T20:58:42+00:00\" \/>\n<meta property=\"og:image\" content=\"http:\/\/www.fjala.info\/2014\/asllan_dibrani.jpg\" \/>\n<meta name=\"author\" content=\"admin\" \/>\n<meta name=\"twitter:card\" content=\"summary_large_image\" \/>\n<meta name=\"twitter:label1\" content=\"Written by\" \/>\n\t<meta name=\"twitter:data1\" content=\"admin\" \/>\n\t<meta name=\"twitter:label2\" content=\"Est. reading time\" \/>\n\t<meta name=\"twitter:data2\" content=\"5 minutes\" \/>\n<script type=\"application\/ld+json\" class=\"yoast-schema-graph\">{\"@context\":\"https:\\\/\\\/schema.org\",\"@graph\":[{\"@type\":\"Article\",\"@id\":\"https:\\\/\\\/fjala.info\\\/2009-2015\\\/reforma-te-domosdoshme-ne-te-gjitha-partite-politike-per-zgjedhjet-aktuale\\\/#article\",\"isPartOf\":{\"@id\":\"https:\\\/\\\/fjala.info\\\/2009-2015\\\/reforma-te-domosdoshme-ne-te-gjitha-partite-politike-per-zgjedhjet-aktuale\\\/\"},\"author\":{\"name\":\"admin\",\"@id\":\"https:\\\/\\\/fjala.info\\\/2009-2015\\\/#\\\/schema\\\/person\\\/3aa1163ef05469c496fc94e77611ada2\"},\"headline\":\"Reforma t\u00eb domosdoshme n\u00eb t\u00eb gjitha partit\u00eb politike p\u00ebr zgjedhjet aktuale !\",\"datePublished\":\"2014-06-19T20:58:42+00:00\",\"mainEntityOfPage\":{\"@id\":\"https:\\\/\\\/fjala.info\\\/2009-2015\\\/reforma-te-domosdoshme-ne-te-gjitha-partite-politike-per-zgjedhjet-aktuale\\\/\"},\"wordCount\":978,\"commentCount\":0,\"publisher\":{\"@id\":\"https:\\\/\\\/fjala.info\\\/2009-2015\\\/#organization\"},\"image\":{\"@id\":\"https:\\\/\\\/fjala.info\\\/2009-2015\\\/reforma-te-domosdoshme-ne-te-gjitha-partite-politike-per-zgjedhjet-aktuale\\\/#primaryimage\"},\"thumbnailUrl\":\"http:\\\/\\\/www.fjala.info\\\/2014\\\/asllan_dibrani.jpg\",\"articleSection\":[\"Artikuj\"],\"inLanguage\":\"sq-AL\",\"potentialAction\":[{\"@type\":\"CommentAction\",\"name\":\"Comment\",\"target\":[\"https:\\\/\\\/fjala.info\\\/2009-2015\\\/reforma-te-domosdoshme-ne-te-gjitha-partite-politike-per-zgjedhjet-aktuale\\\/#respond\"]}]},{\"@type\":\"WebPage\",\"@id\":\"https:\\\/\\\/fjala.info\\\/2009-2015\\\/reforma-te-domosdoshme-ne-te-gjitha-partite-politike-per-zgjedhjet-aktuale\\\/\",\"url\":\"https:\\\/\\\/fjala.info\\\/2009-2015\\\/reforma-te-domosdoshme-ne-te-gjitha-partite-politike-per-zgjedhjet-aktuale\\\/\",\"name\":\"Reforma t\u00eb domosdoshme n\u00eb t\u00eb gjitha partit\u00eb politike p\u00ebr zgjedhjet aktuale ! - FjALA e LIR\u00cb - Arkivi\",\"isPartOf\":{\"@id\":\"https:\\\/\\\/fjala.info\\\/2009-2015\\\/#website\"},\"primaryImageOfPage\":{\"@id\":\"https:\\\/\\\/fjala.info\\\/2009-2015\\\/reforma-te-domosdoshme-ne-te-gjitha-partite-politike-per-zgjedhjet-aktuale\\\/#primaryimage\"},\"image\":{\"@id\":\"https:\\\/\\\/fjala.info\\\/2009-2015\\\/reforma-te-domosdoshme-ne-te-gjitha-partite-politike-per-zgjedhjet-aktuale\\\/#primaryimage\"},\"thumbnailUrl\":\"http:\\\/\\\/www.fjala.info\\\/2014\\\/asllan_dibrani.jpg\",\"datePublished\":\"2014-06-19T20:58:42+00:00\",\"breadcrumb\":{\"@id\":\"https:\\\/\\\/fjala.info\\\/2009-2015\\\/reforma-te-domosdoshme-ne-te-gjitha-partite-politike-per-zgjedhjet-aktuale\\\/#breadcrumb\"},\"inLanguage\":\"sq-AL\",\"potentialAction\":[{\"@type\":\"ReadAction\",\"target\":[\"https:\\\/\\\/fjala.info\\\/2009-2015\\\/reforma-te-domosdoshme-ne-te-gjitha-partite-politike-per-zgjedhjet-aktuale\\\/\"]}]},{\"@type\":\"ImageObject\",\"inLanguage\":\"sq-AL\",\"@id\":\"https:\\\/\\\/fjala.info\\\/2009-2015\\\/reforma-te-domosdoshme-ne-te-gjitha-partite-politike-per-zgjedhjet-aktuale\\\/#primaryimage\",\"url\":\"http:\\\/\\\/www.fjala.info\\\/2014\\\/asllan_dibrani.jpg\",\"contentUrl\":\"http:\\\/\\\/www.fjala.info\\\/2014\\\/asllan_dibrani.jpg\"},{\"@type\":\"BreadcrumbList\",\"@id\":\"https:\\\/\\\/fjala.info\\\/2009-2015\\\/reforma-te-domosdoshme-ne-te-gjitha-partite-politike-per-zgjedhjet-aktuale\\\/#breadcrumb\",\"itemListElement\":[{\"@type\":\"ListItem\",\"position\":1,\"name\":\"Home\",\"item\":\"https:\\\/\\\/fjala.info\\\/2009-2015\\\/\"},{\"@type\":\"ListItem\",\"position\":2,\"name\":\"Reforma t\u00eb domosdoshme n\u00eb t\u00eb gjitha partit\u00eb politike p\u00ebr zgjedhjet aktuale !\"}]},{\"@type\":\"WebSite\",\"@id\":\"https:\\\/\\\/fjala.info\\\/2009-2015\\\/#website\",\"url\":\"https:\\\/\\\/fjala.info\\\/2009-2015\\\/\",\"name\":\"FjALA e LIR\u00cb - Arkivi\",\"description\":\"Arkivi 2009-2015\",\"publisher\":{\"@id\":\"https:\\\/\\\/fjala.info\\\/2009-2015\\\/#organization\"},\"potentialAction\":[{\"@type\":\"SearchAction\",\"target\":{\"@type\":\"EntryPoint\",\"urlTemplate\":\"https:\\\/\\\/fjala.info\\\/2009-2015\\\/?s={search_term_string}\"},\"query-input\":{\"@type\":\"PropertyValueSpecification\",\"valueRequired\":true,\"valueName\":\"search_term_string\"}}],\"inLanguage\":\"sq-AL\"},{\"@type\":\"Organization\",\"@id\":\"https:\\\/\\\/fjala.info\\\/2009-2015\\\/#organization\",\"name\":\"FjALA e LIR\u00cb - Arkivi\",\"url\":\"https:\\\/\\\/fjala.info\\\/2009-2015\\\/\",\"logo\":{\"@type\":\"ImageObject\",\"inLanguage\":\"sq-AL\",\"@id\":\"https:\\\/\\\/fjala.info\\\/2009-2015\\\/#\\\/schema\\\/logo\\\/image\\\/\",\"url\":\"\",\"contentUrl\":\"\",\"caption\":\"FjALA e LIR\u00cb - Arkivi\"},\"image\":{\"@id\":\"https:\\\/\\\/fjala.info\\\/2009-2015\\\/#\\\/schema\\\/logo\\\/image\\\/\"}},{\"@type\":\"Person\",\"@id\":\"https:\\\/\\\/fjala.info\\\/2009-2015\\\/#\\\/schema\\\/person\\\/3aa1163ef05469c496fc94e77611ada2\",\"name\":\"admin\",\"image\":{\"@type\":\"ImageObject\",\"inLanguage\":\"sq-AL\",\"@id\":\"https:\\\/\\\/fjala.info\\\/2009-2015\\\/wp-content\\\/uploads\\\/2012\\\/02\\\/arben_cokaj-120x150.jpg\",\"url\":\"https:\\\/\\\/fjala.info\\\/2009-2015\\\/wp-content\\\/uploads\\\/2012\\\/02\\\/arben_cokaj-120x150.jpg\",\"contentUrl\":\"https:\\\/\\\/fjala.info\\\/2009-2015\\\/wp-content\\\/uploads\\\/2012\\\/02\\\/arben_cokaj-120x150.jpg\",\"caption\":\"admin\"},\"description\":\"Admin, Fjala e Lir\u00eb\",\"sameAs\":[\"https:\\\/\\\/fjala.info\\\/\"],\"url\":\"https:\\\/\\\/fjala.info\\\/2009-2015\\\/author\\\/admin\\\/\"}]}<\/script>\n<!-- \/ Yoast SEO plugin. -->","yoast_head_json":{"title":"Reforma t\u00eb domosdoshme n\u00eb t\u00eb gjitha partit\u00eb politike p\u00ebr zgjedhjet aktuale ! - FjALA e LIR\u00cb - Arkivi","robots":{"index":"index","follow":"follow","max-snippet":"max-snippet:-1","max-image-preview":"max-image-preview:large","max-video-preview":"max-video-preview:-1"},"canonical":"https:\/\/fjala.info\/2009-2015\/reforma-te-domosdoshme-ne-te-gjitha-partite-politike-per-zgjedhjet-aktuale\/","og_locale":"sq_AL","og_type":"article","og_title":"Reforma t\u00eb domosdoshme n\u00eb t\u00eb gjitha partit\u00eb politike p\u00ebr zgjedhjet aktuale ! - FjALA e LIR\u00cb - Arkivi","og_description":"Nga Asllan Dibrani Krijuesit artist\u00ebt, shkrimtar\u00ebt jan\u00eb t\u00eb popullit, e jo t\u00eb partive, si\u00e7 po keqp\u00ebrdoren Adem Demaqi, Rexhep Qosja dhe figura tjera komb\u00ebtare! Ismail Kadare u prononcua p\u00ebr koalicionin gjith\u00ebp\u00ebrfshir\u00ebs, e jo p\u00ebr partin\u00eb: Dashuria ndaj atdheut duhet t\u00eb jepet, pa nuanca politike, pa ngjyrime pa krahinizma, pa lokalizma, pa imponime dhe grupime t\u00eb [&hellip;]","og_url":"https:\/\/fjala.info\/2009-2015\/reforma-te-domosdoshme-ne-te-gjitha-partite-politike-per-zgjedhjet-aktuale\/","og_site_name":"FjALA e LIR\u00cb - Arkivi","article_published_time":"2014-06-19T20:58:42+00:00","og_image":[{"url":"http:\/\/www.fjala.info\/2014\/asllan_dibrani.jpg","type":"","width":"","height":""}],"author":"admin","twitter_card":"summary_large_image","twitter_misc":{"Written by":"admin","Est. reading time":"5 minutes"},"schema":{"@context":"https:\/\/schema.org","@graph":[{"@type":"Article","@id":"https:\/\/fjala.info\/2009-2015\/reforma-te-domosdoshme-ne-te-gjitha-partite-politike-per-zgjedhjet-aktuale\/#article","isPartOf":{"@id":"https:\/\/fjala.info\/2009-2015\/reforma-te-domosdoshme-ne-te-gjitha-partite-politike-per-zgjedhjet-aktuale\/"},"author":{"name":"admin","@id":"https:\/\/fjala.info\/2009-2015\/#\/schema\/person\/3aa1163ef05469c496fc94e77611ada2"},"headline":"Reforma t\u00eb domosdoshme n\u00eb t\u00eb gjitha partit\u00eb politike p\u00ebr zgjedhjet aktuale !","datePublished":"2014-06-19T20:58:42+00:00","mainEntityOfPage":{"@id":"https:\/\/fjala.info\/2009-2015\/reforma-te-domosdoshme-ne-te-gjitha-partite-politike-per-zgjedhjet-aktuale\/"},"wordCount":978,"commentCount":0,"publisher":{"@id":"https:\/\/fjala.info\/2009-2015\/#organization"},"image":{"@id":"https:\/\/fjala.info\/2009-2015\/reforma-te-domosdoshme-ne-te-gjitha-partite-politike-per-zgjedhjet-aktuale\/#primaryimage"},"thumbnailUrl":"http:\/\/www.fjala.info\/2014\/asllan_dibrani.jpg","articleSection":["Artikuj"],"inLanguage":"sq-AL","potentialAction":[{"@type":"CommentAction","name":"Comment","target":["https:\/\/fjala.info\/2009-2015\/reforma-te-domosdoshme-ne-te-gjitha-partite-politike-per-zgjedhjet-aktuale\/#respond"]}]},{"@type":"WebPage","@id":"https:\/\/fjala.info\/2009-2015\/reforma-te-domosdoshme-ne-te-gjitha-partite-politike-per-zgjedhjet-aktuale\/","url":"https:\/\/fjala.info\/2009-2015\/reforma-te-domosdoshme-ne-te-gjitha-partite-politike-per-zgjedhjet-aktuale\/","name":"Reforma t\u00eb domosdoshme n\u00eb t\u00eb gjitha partit\u00eb politike p\u00ebr zgjedhjet aktuale ! - FjALA e LIR\u00cb - Arkivi","isPartOf":{"@id":"https:\/\/fjala.info\/2009-2015\/#website"},"primaryImageOfPage":{"@id":"https:\/\/fjala.info\/2009-2015\/reforma-te-domosdoshme-ne-te-gjitha-partite-politike-per-zgjedhjet-aktuale\/#primaryimage"},"image":{"@id":"https:\/\/fjala.info\/2009-2015\/reforma-te-domosdoshme-ne-te-gjitha-partite-politike-per-zgjedhjet-aktuale\/#primaryimage"},"thumbnailUrl":"http:\/\/www.fjala.info\/2014\/asllan_dibrani.jpg","datePublished":"2014-06-19T20:58:42+00:00","breadcrumb":{"@id":"https:\/\/fjala.info\/2009-2015\/reforma-te-domosdoshme-ne-te-gjitha-partite-politike-per-zgjedhjet-aktuale\/#breadcrumb"},"inLanguage":"sq-AL","potentialAction":[{"@type":"ReadAction","target":["https:\/\/fjala.info\/2009-2015\/reforma-te-domosdoshme-ne-te-gjitha-partite-politike-per-zgjedhjet-aktuale\/"]}]},{"@type":"ImageObject","inLanguage":"sq-AL","@id":"https:\/\/fjala.info\/2009-2015\/reforma-te-domosdoshme-ne-te-gjitha-partite-politike-per-zgjedhjet-aktuale\/#primaryimage","url":"http:\/\/www.fjala.info\/2014\/asllan_dibrani.jpg","contentUrl":"http:\/\/www.fjala.info\/2014\/asllan_dibrani.jpg"},{"@type":"BreadcrumbList","@id":"https:\/\/fjala.info\/2009-2015\/reforma-te-domosdoshme-ne-te-gjitha-partite-politike-per-zgjedhjet-aktuale\/#breadcrumb","itemListElement":[{"@type":"ListItem","position":1,"name":"Home","item":"https:\/\/fjala.info\/2009-2015\/"},{"@type":"ListItem","position":2,"name":"Reforma t\u00eb domosdoshme n\u00eb t\u00eb gjitha partit\u00eb politike p\u00ebr zgjedhjet aktuale !"}]},{"@type":"WebSite","@id":"https:\/\/fjala.info\/2009-2015\/#website","url":"https:\/\/fjala.info\/2009-2015\/","name":"FjALA e LIR\u00cb - Arkivi","description":"Arkivi 2009-2015","publisher":{"@id":"https:\/\/fjala.info\/2009-2015\/#organization"},"potentialAction":[{"@type":"SearchAction","target":{"@type":"EntryPoint","urlTemplate":"https:\/\/fjala.info\/2009-2015\/?s={search_term_string}"},"query-input":{"@type":"PropertyValueSpecification","valueRequired":true,"valueName":"search_term_string"}}],"inLanguage":"sq-AL"},{"@type":"Organization","@id":"https:\/\/fjala.info\/2009-2015\/#organization","name":"FjALA e LIR\u00cb - Arkivi","url":"https:\/\/fjala.info\/2009-2015\/","logo":{"@type":"ImageObject","inLanguage":"sq-AL","@id":"https:\/\/fjala.info\/2009-2015\/#\/schema\/logo\/image\/","url":"","contentUrl":"","caption":"FjALA e LIR\u00cb - Arkivi"},"image":{"@id":"https:\/\/fjala.info\/2009-2015\/#\/schema\/logo\/image\/"}},{"@type":"Person","@id":"https:\/\/fjala.info\/2009-2015\/#\/schema\/person\/3aa1163ef05469c496fc94e77611ada2","name":"admin","image":{"@type":"ImageObject","inLanguage":"sq-AL","@id":"https:\/\/fjala.info\/2009-2015\/wp-content\/uploads\/2012\/02\/arben_cokaj-120x150.jpg","url":"https:\/\/fjala.info\/2009-2015\/wp-content\/uploads\/2012\/02\/arben_cokaj-120x150.jpg","contentUrl":"https:\/\/fjala.info\/2009-2015\/wp-content\/uploads\/2012\/02\/arben_cokaj-120x150.jpg","caption":"admin"},"description":"Admin, Fjala e Lir\u00eb","sameAs":["https:\/\/fjala.info\/"],"url":"https:\/\/fjala.info\/2009-2015\/author\/admin\/"}]}},"_links":{"self":[{"href":"https:\/\/fjala.info\/2009-2015\/wp-json\/wp\/v2\/posts\/13601","targetHints":{"allow":["GET"]}}],"collection":[{"href":"https:\/\/fjala.info\/2009-2015\/wp-json\/wp\/v2\/posts"}],"about":[{"href":"https:\/\/fjala.info\/2009-2015\/wp-json\/wp\/v2\/types\/post"}],"author":[{"embeddable":true,"href":"https:\/\/fjala.info\/2009-2015\/wp-json\/wp\/v2\/users\/1"}],"replies":[{"embeddable":true,"href":"https:\/\/fjala.info\/2009-2015\/wp-json\/wp\/v2\/comments?post=13601"}],"version-history":[{"count":0,"href":"https:\/\/fjala.info\/2009-2015\/wp-json\/wp\/v2\/posts\/13601\/revisions"}],"wp:attachment":[{"href":"https:\/\/fjala.info\/2009-2015\/wp-json\/wp\/v2\/media?parent=13601"}],"wp:term":[{"taxonomy":"category","embeddable":true,"href":"https:\/\/fjala.info\/2009-2015\/wp-json\/wp\/v2\/categories?post=13601"},{"taxonomy":"post_tag","embeddable":true,"href":"https:\/\/fjala.info\/2009-2015\/wp-json\/wp\/v2\/tags?post=13601"}],"curies":[{"name":"wp","href":"https:\/\/api.w.org\/{rel}","templated":true}]}}