{"id":13600,"date":"2014-06-19T21:54:34","date_gmt":"2014-06-19T20:54:34","guid":{"rendered":"http:\/\/www.fjala.info\/?p=1351"},"modified":"2014-06-19T21:54:34","modified_gmt":"2014-06-19T20:54:34","slug":"pas-luftes-ndaj-droges-kthejuni-luftes-kunder-korrupsionit","status":"publish","type":"post","link":"https:\/\/fjala.info\/2009-2015\/pas-luftes-ndaj-droges-kthejuni-luftes-kunder-korrupsionit\/","title":{"rendered":"Pas luft\u00ebs ndaj drog\u00ebs kthejuni luft\u00ebs kund\u00ebr korrupsionit!"},"content":{"rendered":"<p><img decoding=\"async\" class=\"alignright size-thumbnail wp-image-7236\" title=\"Dr. Zef Mulaj\" src=\"http:\/\/www.fjala.info\/2013\/zef_mulaj_rome.jpg\" alt=\"\" width=\"300\" \/> <strong>Dr. Zef Mulaj<\/strong><\/p>\n<p>(<strong><em>Evropa hap syt\u00eb, uron qeverin\u00eb<\/em><\/strong>)<\/p>\n<p>E gjith\u00eb veprimtaria e nj\u00eb shoq\u00ebrie civile, njerzore, koshiente udh\u00ebhiqet nga rregulla t\u00eb caktuera e ligje t\u00eb cilat duhen respektuar nga t\u00eb gjith\u00eb pjestar\u00ebt e shoq\u00ebris\u00eb dhe duhet t\u00eb jen\u00eb t\u00eb barabart\u00eb.Marrdh\u00ebniet mes njerz\u00ebve dhe shtetit t\u00eb tyre duhet t\u00eb jen\u00eb themeli i besimit reciprok shtet-popull! Por kur personazhe delikuente t\u00eb korruptuar, humbin k\u00ebt\u00eb lidhje t\u00eb r\u00ebnd\u00ebsishme dhe jet\u00ebsore t\u00eb popullit me organizmat e shtetit, nuk ka t\u00eb ardhme p\u00ebr nj\u00eb vend dhe komb. Prandaj pas drog\u00ebs duhet kthyer forca kund\u00ebr korrupsionit, pastrimit t\u00eb shtetit, pra organizmave t\u00eb tij, q\u00eb e p\u00ebrb\u00ebjn\u00eb at\u00eb.<\/p>\n<p>Kjo b\u00ebhet me reforma, me ndryshime e me strukturime t\u00eb reja me njer\u00ebz t\u00eb past\u00ebr dhe profesionist. Vet\u00ebm k\u00ebshtu do sh\u00ebndoshet plaga e r\u00ebnd\u00eb q\u00eb ka kanosur Shqiprin\u00eb n\u00eb k\u00ebto nj\u00ebzet vjet! T\u00eb koruptuarit nuk mund t\u00eb d\u00ebnojn\u00eb krimin, ndaj ata duhen larguar, d\u00ebnuar dhe izoluar nga populli sepse ata veprojn\u00eb n\u00eb t\u00eb gjitha m\u00ebnyrat duke p\u00ebrfituar n\u00ebn emrin e demokracis\u00eb. Duhet kthyer edhe n\u00eb forcat politike ku nj\u00eb pjes\u00eb njer\u00ebzish jan\u00eb ushqyes t\u00eb krimit dhe e mb\u00ebshtetin at\u00eb. Pa nj\u00eb drejt\u00ebsi t\u00eb sh\u00ebndosh nuk mund t\u00eb ket\u00eb kurr\u00eb nj\u00eb shtet t\u00eb sh\u00ebndosh dhe lidhja popull-shtet do t\u00eb jet\u00eb e dobt\u00ebt dhe e humbur.<\/p>\n<p>Sh\u00ebrbimet speciale t\u00eb informacionit etj\u2026.t\u00eb cilat nuk mund t\u00eb besohen nga qeveria dhe shteti duhen reformuar. Gjith\u00eb kjo gj\u00ebndje alarmante n\u00eb Shqiperi e ka baz\u00ebn vet\u00ebm tek korrupsioni brenda politik\u00ebs dhe strukturave t\u00eb shtetit q\u00eb pik\u00ebrisht i mbeshtesin nga vet\u00eb politika. Kjo mb\u00ebshtetje nuk \u00ebsht\u00eb vet\u00ebm e brendshme, por gjithmon\u00eb e strukturuar dhe e ushqyer dhe nga jashte\u2026<\/p>\n<p>N\u00eb Shqip\u00ebri n\u00eb k\u00ebto faza shum\u00eb delikate q\u00eb duhen kryer reformat, po dhe d\u00ebnimi i atyre q\u00eb jan\u00eb fshehur tash 20 vjet mbrapa forcave t\u00eb errta dhe drejtsia nuk ka vepruar, tani duhet t\u00eb veproj nj\u00eb drejt\u00ebsi tjet\u00ebr e reformuar mbi ate \u201cdrejt\u00ebsi\u201d q\u00eb nuk ka vepruar dhe \u00ebsht\u00eb b\u00ebr\u00eb e kompromentuar p\u00ebr vazhdimin e reformave. Ndaj Shqip\u00ebria n\u00eb k\u00ebt\u00eb moment ka nevoja urgjente p\u00ebr stuktur\u00eb t\u00eb re t\u00eb sigurt\u00eb e profesioniste e mbi t\u00eb gjitha t\u00eb motivuar p\u00ebr ndryshimin dhe rilindjen e vendit, p\u00ebr kthimin e Shqip\u00ebris\u00eb shqiptar\u00ebve!<\/p>\n<p>Kjo stuktur\u00eb brenda qeveris\u00eb duhet shkat\u00ebrruar q\u00eb kontrolli mbi territorin dhe pozicionet e nd\u00ebrlikuara t\u00eb krimit shtet\u00ebror, ekonomik e korruptiv t\u00eb marr\u00eb fund nj\u00ebher e mire, k\u00ebt\u00eb praktik\u00eb e kan\u00eb aplikuar dhe vazhdojn\u00eb ta aplikojn\u00eb dhe vet\u00eb shtetet e bashkimit europian, pik\u00ebrisht n\u00eb k\u00ebto faza t\u00eb v\u00ebshtira krize dhe korrupsioni ekonomik. K\u00ebto dit\u00eb edhe k\u00ebtu n\u00eb europ\u00eb jan\u00eb arrestuar gjeneral m\u00eb t\u00eb lart\u00eb financash. Ndaj nj\u00eb grup i dal nga njer\u00ebz q\u00eb mb\u00ebshtetin k\u00ebt\u00eb qeveri p\u00ebr t\u00eb arritur at\u00eb q\u00eb nuk u arrit n\u00eb nj\u00ebzet vjet. Esht\u00eb momenti historik t\u00eb shkrihet akulli i ftoht\u00eb n\u00eb trojet shqiptare dhe t\u00eb nxehen t\u00eb lir\u00eb e t\u00eb sigurt, n\u00eb trojet e tyre me nj\u00eb shtet t\u00eb fort\u00eb e t\u00eb lidhur me nj\u00eb besim nga populli.<\/p>\n<p>Kjo ka filluar t\u00eb lind tek shqiptar\u00ebt sepse po shohim reforma t\u00eb vendosura t\u00eb qeveris\u00eb p\u00ebr t\u00eb realizuar at\u00eb q\u00eb shqiptar\u00ebt u g\u00ebnjyen n\u00eb k\u00ebto 20 vjet t\u00eb quajtura demokraci por n\u00eb t\u00eb v\u00ebrtet\u00eb kjo ka munguar. Sepse aty ku ka krim masiv nuk mund t\u00eb ket\u00eb liri. Ndaj korrupsioni ka q\u00ebn\u00eb brenda n\u00eb strukturat e shtetit n\u00eb k\u00ebto nj\u00ebzet vjet\u2026 ndaj pas luft\u00ebs ndaj drog\u00ebs kthejuni luft\u00ebs kund\u00ebr korrupsionit duke filluar nga drejt\u00ebsia dhe njerzit e ndotur nga interesat personale q\u00eb kan\u00eb d\u00ebmtuar dhe vazhdojn\u00eb t\u00eb d\u00ebmtojn\u00eb shtetin, popullin dhe kombin ton\u00eb.<\/p>\n","protected":false},"excerpt":{"rendered":"<p>Dr. Zef Mulaj (Evropa hap syt\u00eb, uron qeverin\u00eb) E gjith\u00eb veprimtaria e nj\u00eb shoq\u00ebrie civile, njerzore, koshiente udh\u00ebhiqet nga rregulla t\u00eb caktuera e ligje t\u00eb cilat duhen respektuar nga t\u00eb gjith\u00eb pjestar\u00ebt e shoq\u00ebris\u00eb dhe duhet t\u00eb jen\u00eb t\u00eb barabart\u00eb.Marrdh\u00ebniet mes njerz\u00ebve dhe shtetit t\u00eb tyre duhet t\u00eb jen\u00eb themeli i besimit reciprok shtet-popull! Por [&hellip;]<\/p>\n","protected":false},"author":1,"featured_media":0,"comment_status":"open","ping_status":"closed","sticky":false,"template":"","format":"standard","meta":{"footnotes":""},"categories":[2],"tags":[],"class_list":{"0":"post-13600","1":"post","2":"type-post","3":"status-publish","4":"format-standard","6":"category-artikuj"},"yoast_head":"<!-- This site is optimized with the Yoast SEO plugin v27.4 - https:\/\/yoast.com\/product\/yoast-seo-wordpress\/ -->\n<title>Pas luft\u00ebs ndaj drog\u00ebs kthejuni luft\u00ebs kund\u00ebr korrupsionit! - FjALA e LIR\u00cb - Arkivi<\/title>\n<meta name=\"robots\" content=\"index, follow, max-snippet:-1, max-image-preview:large, max-video-preview:-1\" \/>\n<link rel=\"canonical\" href=\"https:\/\/fjala.info\/2009-2015\/pas-luftes-ndaj-droges-kthejuni-luftes-kunder-korrupsionit\/\" \/>\n<meta property=\"og:locale\" content=\"sq_AL\" \/>\n<meta property=\"og:type\" content=\"article\" \/>\n<meta property=\"og:title\" content=\"Pas luft\u00ebs ndaj drog\u00ebs kthejuni luft\u00ebs kund\u00ebr korrupsionit! - FjALA e LIR\u00cb - Arkivi\" \/>\n<meta property=\"og:description\" content=\"Dr. Zef Mulaj (Evropa hap syt\u00eb, uron qeverin\u00eb) E gjith\u00eb veprimtaria e nj\u00eb shoq\u00ebrie civile, njerzore, koshiente udh\u00ebhiqet nga rregulla t\u00eb caktuera e ligje t\u00eb cilat duhen respektuar nga t\u00eb gjith\u00eb pjestar\u00ebt e shoq\u00ebris\u00eb dhe duhet t\u00eb jen\u00eb t\u00eb barabart\u00eb.Marrdh\u00ebniet mes njerz\u00ebve dhe shtetit t\u00eb tyre duhet t\u00eb jen\u00eb themeli i besimit reciprok shtet-popull! Por [&hellip;]\" \/>\n<meta property=\"og:url\" content=\"https:\/\/fjala.info\/2009-2015\/pas-luftes-ndaj-droges-kthejuni-luftes-kunder-korrupsionit\/\" \/>\n<meta property=\"og:site_name\" content=\"FjALA e LIR\u00cb - Arkivi\" \/>\n<meta property=\"article:published_time\" content=\"2014-06-19T20:54:34+00:00\" \/>\n<meta property=\"og:image\" content=\"http:\/\/www.fjala.info\/2013\/zef_mulaj_rome.jpg\" \/>\n<meta name=\"author\" content=\"admin\" \/>\n<meta name=\"twitter:card\" content=\"summary_large_image\" \/>\n<meta name=\"twitter:label1\" content=\"Written by\" \/>\n\t<meta name=\"twitter:data1\" content=\"admin\" \/>\n\t<meta name=\"twitter:label2\" content=\"Est. reading time\" \/>\n\t<meta name=\"twitter:data2\" content=\"3 minutes\" \/>\n<script type=\"application\/ld+json\" class=\"yoast-schema-graph\">{\"@context\":\"https:\\\/\\\/schema.org\",\"@graph\":[{\"@type\":\"Article\",\"@id\":\"https:\\\/\\\/fjala.info\\\/2009-2015\\\/pas-luftes-ndaj-droges-kthejuni-luftes-kunder-korrupsionit\\\/#article\",\"isPartOf\":{\"@id\":\"https:\\\/\\\/fjala.info\\\/2009-2015\\\/pas-luftes-ndaj-droges-kthejuni-luftes-kunder-korrupsionit\\\/\"},\"author\":{\"name\":\"admin\",\"@id\":\"https:\\\/\\\/fjala.info\\\/2009-2015\\\/#\\\/schema\\\/person\\\/3aa1163ef05469c496fc94e77611ada2\"},\"headline\":\"Pas luft\u00ebs ndaj drog\u00ebs kthejuni luft\u00ebs kund\u00ebr korrupsionit!\",\"datePublished\":\"2014-06-19T20:54:34+00:00\",\"mainEntityOfPage\":{\"@id\":\"https:\\\/\\\/fjala.info\\\/2009-2015\\\/pas-luftes-ndaj-droges-kthejuni-luftes-kunder-korrupsionit\\\/\"},\"wordCount\":668,\"commentCount\":0,\"publisher\":{\"@id\":\"https:\\\/\\\/fjala.info\\\/2009-2015\\\/#organization\"},\"image\":{\"@id\":\"https:\\\/\\\/fjala.info\\\/2009-2015\\\/pas-luftes-ndaj-droges-kthejuni-luftes-kunder-korrupsionit\\\/#primaryimage\"},\"thumbnailUrl\":\"http:\\\/\\\/www.fjala.info\\\/2013\\\/zef_mulaj_rome.jpg\",\"articleSection\":[\"Artikuj\"],\"inLanguage\":\"sq-AL\",\"potentialAction\":[{\"@type\":\"CommentAction\",\"name\":\"Comment\",\"target\":[\"https:\\\/\\\/fjala.info\\\/2009-2015\\\/pas-luftes-ndaj-droges-kthejuni-luftes-kunder-korrupsionit\\\/#respond\"]}]},{\"@type\":\"WebPage\",\"@id\":\"https:\\\/\\\/fjala.info\\\/2009-2015\\\/pas-luftes-ndaj-droges-kthejuni-luftes-kunder-korrupsionit\\\/\",\"url\":\"https:\\\/\\\/fjala.info\\\/2009-2015\\\/pas-luftes-ndaj-droges-kthejuni-luftes-kunder-korrupsionit\\\/\",\"name\":\"Pas luft\u00ebs ndaj drog\u00ebs kthejuni luft\u00ebs kund\u00ebr korrupsionit! - FjALA e LIR\u00cb - Arkivi\",\"isPartOf\":{\"@id\":\"https:\\\/\\\/fjala.info\\\/2009-2015\\\/#website\"},\"primaryImageOfPage\":{\"@id\":\"https:\\\/\\\/fjala.info\\\/2009-2015\\\/pas-luftes-ndaj-droges-kthejuni-luftes-kunder-korrupsionit\\\/#primaryimage\"},\"image\":{\"@id\":\"https:\\\/\\\/fjala.info\\\/2009-2015\\\/pas-luftes-ndaj-droges-kthejuni-luftes-kunder-korrupsionit\\\/#primaryimage\"},\"thumbnailUrl\":\"http:\\\/\\\/www.fjala.info\\\/2013\\\/zef_mulaj_rome.jpg\",\"datePublished\":\"2014-06-19T20:54:34+00:00\",\"breadcrumb\":{\"@id\":\"https:\\\/\\\/fjala.info\\\/2009-2015\\\/pas-luftes-ndaj-droges-kthejuni-luftes-kunder-korrupsionit\\\/#breadcrumb\"},\"inLanguage\":\"sq-AL\",\"potentialAction\":[{\"@type\":\"ReadAction\",\"target\":[\"https:\\\/\\\/fjala.info\\\/2009-2015\\\/pas-luftes-ndaj-droges-kthejuni-luftes-kunder-korrupsionit\\\/\"]}]},{\"@type\":\"ImageObject\",\"inLanguage\":\"sq-AL\",\"@id\":\"https:\\\/\\\/fjala.info\\\/2009-2015\\\/pas-luftes-ndaj-droges-kthejuni-luftes-kunder-korrupsionit\\\/#primaryimage\",\"url\":\"http:\\\/\\\/www.fjala.info\\\/2013\\\/zef_mulaj_rome.jpg\",\"contentUrl\":\"http:\\\/\\\/www.fjala.info\\\/2013\\\/zef_mulaj_rome.jpg\"},{\"@type\":\"BreadcrumbList\",\"@id\":\"https:\\\/\\\/fjala.info\\\/2009-2015\\\/pas-luftes-ndaj-droges-kthejuni-luftes-kunder-korrupsionit\\\/#breadcrumb\",\"itemListElement\":[{\"@type\":\"ListItem\",\"position\":1,\"name\":\"Home\",\"item\":\"https:\\\/\\\/fjala.info\\\/2009-2015\\\/\"},{\"@type\":\"ListItem\",\"position\":2,\"name\":\"Pas luft\u00ebs ndaj drog\u00ebs kthejuni luft\u00ebs kund\u00ebr korrupsionit!\"}]},{\"@type\":\"WebSite\",\"@id\":\"https:\\\/\\\/fjala.info\\\/2009-2015\\\/#website\",\"url\":\"https:\\\/\\\/fjala.info\\\/2009-2015\\\/\",\"name\":\"FjALA e LIR\u00cb - Arkivi\",\"description\":\"Arkivi 2009-2015\",\"publisher\":{\"@id\":\"https:\\\/\\\/fjala.info\\\/2009-2015\\\/#organization\"},\"potentialAction\":[{\"@type\":\"SearchAction\",\"target\":{\"@type\":\"EntryPoint\",\"urlTemplate\":\"https:\\\/\\\/fjala.info\\\/2009-2015\\\/?s={search_term_string}\"},\"query-input\":{\"@type\":\"PropertyValueSpecification\",\"valueRequired\":true,\"valueName\":\"search_term_string\"}}],\"inLanguage\":\"sq-AL\"},{\"@type\":\"Organization\",\"@id\":\"https:\\\/\\\/fjala.info\\\/2009-2015\\\/#organization\",\"name\":\"FjALA e LIR\u00cb - Arkivi\",\"url\":\"https:\\\/\\\/fjala.info\\\/2009-2015\\\/\",\"logo\":{\"@type\":\"ImageObject\",\"inLanguage\":\"sq-AL\",\"@id\":\"https:\\\/\\\/fjala.info\\\/2009-2015\\\/#\\\/schema\\\/logo\\\/image\\\/\",\"url\":\"\",\"contentUrl\":\"\",\"caption\":\"FjALA e LIR\u00cb - Arkivi\"},\"image\":{\"@id\":\"https:\\\/\\\/fjala.info\\\/2009-2015\\\/#\\\/schema\\\/logo\\\/image\\\/\"}},{\"@type\":\"Person\",\"@id\":\"https:\\\/\\\/fjala.info\\\/2009-2015\\\/#\\\/schema\\\/person\\\/3aa1163ef05469c496fc94e77611ada2\",\"name\":\"admin\",\"image\":{\"@type\":\"ImageObject\",\"inLanguage\":\"sq-AL\",\"@id\":\"https:\\\/\\\/fjala.info\\\/2009-2015\\\/wp-content\\\/uploads\\\/2012\\\/02\\\/arben_cokaj-120x150.jpg\",\"url\":\"https:\\\/\\\/fjala.info\\\/2009-2015\\\/wp-content\\\/uploads\\\/2012\\\/02\\\/arben_cokaj-120x150.jpg\",\"contentUrl\":\"https:\\\/\\\/fjala.info\\\/2009-2015\\\/wp-content\\\/uploads\\\/2012\\\/02\\\/arben_cokaj-120x150.jpg\",\"caption\":\"admin\"},\"description\":\"Admin, Fjala e Lir\u00eb\",\"sameAs\":[\"https:\\\/\\\/fjala.info\\\/\"],\"url\":\"https:\\\/\\\/fjala.info\\\/2009-2015\\\/author\\\/admin\\\/\"}]}<\/script>\n<!-- \/ Yoast SEO plugin. -->","yoast_head_json":{"title":"Pas luft\u00ebs ndaj drog\u00ebs kthejuni luft\u00ebs kund\u00ebr korrupsionit! - FjALA e LIR\u00cb - Arkivi","robots":{"index":"index","follow":"follow","max-snippet":"max-snippet:-1","max-image-preview":"max-image-preview:large","max-video-preview":"max-video-preview:-1"},"canonical":"https:\/\/fjala.info\/2009-2015\/pas-luftes-ndaj-droges-kthejuni-luftes-kunder-korrupsionit\/","og_locale":"sq_AL","og_type":"article","og_title":"Pas luft\u00ebs ndaj drog\u00ebs kthejuni luft\u00ebs kund\u00ebr korrupsionit! - FjALA e LIR\u00cb - Arkivi","og_description":"Dr. Zef Mulaj (Evropa hap syt\u00eb, uron qeverin\u00eb) E gjith\u00eb veprimtaria e nj\u00eb shoq\u00ebrie civile, njerzore, koshiente udh\u00ebhiqet nga rregulla t\u00eb caktuera e ligje t\u00eb cilat duhen respektuar nga t\u00eb gjith\u00eb pjestar\u00ebt e shoq\u00ebris\u00eb dhe duhet t\u00eb jen\u00eb t\u00eb barabart\u00eb.Marrdh\u00ebniet mes njerz\u00ebve dhe shtetit t\u00eb tyre duhet t\u00eb jen\u00eb themeli i besimit reciprok shtet-popull! Por [&hellip;]","og_url":"https:\/\/fjala.info\/2009-2015\/pas-luftes-ndaj-droges-kthejuni-luftes-kunder-korrupsionit\/","og_site_name":"FjALA e LIR\u00cb - Arkivi","article_published_time":"2014-06-19T20:54:34+00:00","og_image":[{"url":"http:\/\/www.fjala.info\/2013\/zef_mulaj_rome.jpg","type":"","width":"","height":""}],"author":"admin","twitter_card":"summary_large_image","twitter_misc":{"Written by":"admin","Est. reading time":"3 minutes"},"schema":{"@context":"https:\/\/schema.org","@graph":[{"@type":"Article","@id":"https:\/\/fjala.info\/2009-2015\/pas-luftes-ndaj-droges-kthejuni-luftes-kunder-korrupsionit\/#article","isPartOf":{"@id":"https:\/\/fjala.info\/2009-2015\/pas-luftes-ndaj-droges-kthejuni-luftes-kunder-korrupsionit\/"},"author":{"name":"admin","@id":"https:\/\/fjala.info\/2009-2015\/#\/schema\/person\/3aa1163ef05469c496fc94e77611ada2"},"headline":"Pas luft\u00ebs ndaj drog\u00ebs kthejuni luft\u00ebs kund\u00ebr korrupsionit!","datePublished":"2014-06-19T20:54:34+00:00","mainEntityOfPage":{"@id":"https:\/\/fjala.info\/2009-2015\/pas-luftes-ndaj-droges-kthejuni-luftes-kunder-korrupsionit\/"},"wordCount":668,"commentCount":0,"publisher":{"@id":"https:\/\/fjala.info\/2009-2015\/#organization"},"image":{"@id":"https:\/\/fjala.info\/2009-2015\/pas-luftes-ndaj-droges-kthejuni-luftes-kunder-korrupsionit\/#primaryimage"},"thumbnailUrl":"http:\/\/www.fjala.info\/2013\/zef_mulaj_rome.jpg","articleSection":["Artikuj"],"inLanguage":"sq-AL","potentialAction":[{"@type":"CommentAction","name":"Comment","target":["https:\/\/fjala.info\/2009-2015\/pas-luftes-ndaj-droges-kthejuni-luftes-kunder-korrupsionit\/#respond"]}]},{"@type":"WebPage","@id":"https:\/\/fjala.info\/2009-2015\/pas-luftes-ndaj-droges-kthejuni-luftes-kunder-korrupsionit\/","url":"https:\/\/fjala.info\/2009-2015\/pas-luftes-ndaj-droges-kthejuni-luftes-kunder-korrupsionit\/","name":"Pas luft\u00ebs ndaj drog\u00ebs kthejuni luft\u00ebs kund\u00ebr korrupsionit! - FjALA e LIR\u00cb - Arkivi","isPartOf":{"@id":"https:\/\/fjala.info\/2009-2015\/#website"},"primaryImageOfPage":{"@id":"https:\/\/fjala.info\/2009-2015\/pas-luftes-ndaj-droges-kthejuni-luftes-kunder-korrupsionit\/#primaryimage"},"image":{"@id":"https:\/\/fjala.info\/2009-2015\/pas-luftes-ndaj-droges-kthejuni-luftes-kunder-korrupsionit\/#primaryimage"},"thumbnailUrl":"http:\/\/www.fjala.info\/2013\/zef_mulaj_rome.jpg","datePublished":"2014-06-19T20:54:34+00:00","breadcrumb":{"@id":"https:\/\/fjala.info\/2009-2015\/pas-luftes-ndaj-droges-kthejuni-luftes-kunder-korrupsionit\/#breadcrumb"},"inLanguage":"sq-AL","potentialAction":[{"@type":"ReadAction","target":["https:\/\/fjala.info\/2009-2015\/pas-luftes-ndaj-droges-kthejuni-luftes-kunder-korrupsionit\/"]}]},{"@type":"ImageObject","inLanguage":"sq-AL","@id":"https:\/\/fjala.info\/2009-2015\/pas-luftes-ndaj-droges-kthejuni-luftes-kunder-korrupsionit\/#primaryimage","url":"http:\/\/www.fjala.info\/2013\/zef_mulaj_rome.jpg","contentUrl":"http:\/\/www.fjala.info\/2013\/zef_mulaj_rome.jpg"},{"@type":"BreadcrumbList","@id":"https:\/\/fjala.info\/2009-2015\/pas-luftes-ndaj-droges-kthejuni-luftes-kunder-korrupsionit\/#breadcrumb","itemListElement":[{"@type":"ListItem","position":1,"name":"Home","item":"https:\/\/fjala.info\/2009-2015\/"},{"@type":"ListItem","position":2,"name":"Pas luft\u00ebs ndaj drog\u00ebs kthejuni luft\u00ebs kund\u00ebr korrupsionit!"}]},{"@type":"WebSite","@id":"https:\/\/fjala.info\/2009-2015\/#website","url":"https:\/\/fjala.info\/2009-2015\/","name":"FjALA e LIR\u00cb - Arkivi","description":"Arkivi 2009-2015","publisher":{"@id":"https:\/\/fjala.info\/2009-2015\/#organization"},"potentialAction":[{"@type":"SearchAction","target":{"@type":"EntryPoint","urlTemplate":"https:\/\/fjala.info\/2009-2015\/?s={search_term_string}"},"query-input":{"@type":"PropertyValueSpecification","valueRequired":true,"valueName":"search_term_string"}}],"inLanguage":"sq-AL"},{"@type":"Organization","@id":"https:\/\/fjala.info\/2009-2015\/#organization","name":"FjALA e LIR\u00cb - Arkivi","url":"https:\/\/fjala.info\/2009-2015\/","logo":{"@type":"ImageObject","inLanguage":"sq-AL","@id":"https:\/\/fjala.info\/2009-2015\/#\/schema\/logo\/image\/","url":"","contentUrl":"","caption":"FjALA e LIR\u00cb - Arkivi"},"image":{"@id":"https:\/\/fjala.info\/2009-2015\/#\/schema\/logo\/image\/"}},{"@type":"Person","@id":"https:\/\/fjala.info\/2009-2015\/#\/schema\/person\/3aa1163ef05469c496fc94e77611ada2","name":"admin","image":{"@type":"ImageObject","inLanguage":"sq-AL","@id":"https:\/\/fjala.info\/2009-2015\/wp-content\/uploads\/2012\/02\/arben_cokaj-120x150.jpg","url":"https:\/\/fjala.info\/2009-2015\/wp-content\/uploads\/2012\/02\/arben_cokaj-120x150.jpg","contentUrl":"https:\/\/fjala.info\/2009-2015\/wp-content\/uploads\/2012\/02\/arben_cokaj-120x150.jpg","caption":"admin"},"description":"Admin, Fjala e Lir\u00eb","sameAs":["https:\/\/fjala.info\/"],"url":"https:\/\/fjala.info\/2009-2015\/author\/admin\/"}]}},"_links":{"self":[{"href":"https:\/\/fjala.info\/2009-2015\/wp-json\/wp\/v2\/posts\/13600","targetHints":{"allow":["GET"]}}],"collection":[{"href":"https:\/\/fjala.info\/2009-2015\/wp-json\/wp\/v2\/posts"}],"about":[{"href":"https:\/\/fjala.info\/2009-2015\/wp-json\/wp\/v2\/types\/post"}],"author":[{"embeddable":true,"href":"https:\/\/fjala.info\/2009-2015\/wp-json\/wp\/v2\/users\/1"}],"replies":[{"embeddable":true,"href":"https:\/\/fjala.info\/2009-2015\/wp-json\/wp\/v2\/comments?post=13600"}],"version-history":[{"count":0,"href":"https:\/\/fjala.info\/2009-2015\/wp-json\/wp\/v2\/posts\/13600\/revisions"}],"wp:attachment":[{"href":"https:\/\/fjala.info\/2009-2015\/wp-json\/wp\/v2\/media?parent=13600"}],"wp:term":[{"taxonomy":"category","embeddable":true,"href":"https:\/\/fjala.info\/2009-2015\/wp-json\/wp\/v2\/categories?post=13600"},{"taxonomy":"post_tag","embeddable":true,"href":"https:\/\/fjala.info\/2009-2015\/wp-json\/wp\/v2\/tags?post=13600"}],"curies":[{"name":"wp","href":"https:\/\/api.w.org\/{rel}","templated":true}]}}