{"id":13596,"date":"2014-06-13T08:19:32","date_gmt":"2014-06-13T07:19:32","guid":{"rendered":"http:\/\/www.fjala.info\/?p=1339"},"modified":"2014-06-13T08:19:32","modified_gmt":"2014-06-13T07:19:32","slug":"popi-i-ldk-se","status":"publish","type":"post","link":"https:\/\/fjala.info\/2009-2015\/popi-i-ldk-se\/","title":{"rendered":"POPI I LDK-s\u00eb?!&#8230;"},"content":{"rendered":"<p><strong>KOZERI<\/strong>:<\/p>\n<blockquote><p><img decoding=\"async\" class=\"alignright size-thumbnail wp-image-7236\" title=\"Shefqet Dibrani\" src=\"http:\/\/www.fjala.info\/2013\/shefqet_dibrani.jpg\" alt=\"\" width=\"150\" \/><br \/>\n\u201c<em>Barbar\u00ebt erdh\u00ebn p\u00ebr t\u00eb mos shkuar<br \/>\nnd\u00ebr vatrat tona donin q\u00ebndruar<br \/>\nn\u00eb qytete e katunde dyndeshin pa lindur dielli<br \/>\nn\u00eb bujtina rrinin gjersa k\u00ebndonte gjeli<br \/>\nGotat i cak\u00ebrronin mbi varret tona<br \/>\n(zakon i mo\u00e7\u00ebm p\u00ebr sojin e barbar\u00ebve<br \/>\ndolli e aheng t\u00eb ngritin mbi varre)<\/em>\u201d<\/p><\/blockquote>\n<p>(Nga libri me poezi: Shefqet Dibrani, \u201c<em>ANATOMIA E BRYM\u00cbS<\/em>\u201d, faqe 138 \u2013 139).<\/p>\n<p><strong>Prologu<\/strong>:<br \/>\nE mbaj mend mir\u00eb se sht\u00ebpia ime ishte n\u00eb Fshat q\u00eb kishte nj\u00eb Shpat dhe nj\u00eb \u201cBreg t\u00eb Madh\u201d, kurse rruga kalonte p\u00ebrgjat\u00eb truallit, ar\u00ebs dhe kopshtit n\u00eb nj\u00eb gjat\u00ebsi diku 300 m. Ajo sht\u00ebpi e vog\u00ebl prej qerpi\u00e7i ndodhej n\u00eb an\u00ebn e poshtme t\u00eb rrug\u00ebs kurse sip\u00ebr ndodheshin dy pal\u00eb varreza, \u201ctonat\u201d dhe \u201ct\u00eb tyret\u201d, p\u00ebrkat\u00ebsisht t\u00eb serb\u00ebve ortodoks t\u00eb cil\u00ebt kan\u00eb shkuar nga aty n\u00eb fund t\u00eb viteve t\u00eb shtat\u00ebdhjeta, duke l\u00ebn\u00eb mbi varre vet\u00ebm kujtimin e zi, q\u00eb m\u00eb pas tregoheshin si p\u00ebrralla t\u00eb trisht\u00ebta n\u00ebp\u00ebr odat e fshatit ton\u00eb. Si\u00e7 tham\u00eb, fshati e ka edhe \u201cBregun e Madh\u201d, i cili ishte n\u00eb nj\u00eb pllaj\u00eb tok\u00eb me re, tok\u00eb e pap\u00ebrcaktuar q\u00eb llogaritej n\u00eb pron\u00ebsi t\u00eb shtetit. Ndon\u00ebse asnj\u00eb p\u00ebrrall\u00eb p\u00ebr at\u00eb breg s\u2019ka pas dhe askush gj\u00eb s\u2019ka treguar, nj\u00eb dit\u00eb, nd\u00ebr dit\u00ebt moderne n\u00eb Kosov\u00ebn e Pavarur, pik\u00ebrisht \u201ckrye\u00e7lirimtari?!\u201d dhe \u201cPopi i LDK-s\u00eb\u201d, na kan\u00eb th\u00ebn\u00eb se do ta b\u00ebjm\u00eb vend ku grat\u00eb-pelegrine do t\u00eb kryejn\u00eb ritualin e vizitave t\u00eb fundjav\u00ebs p\u00ebr t\u2019i par\u00eb burrat e tyre q\u00eb mrizojn\u00eb m\u00ebtan\u00eb parmak\u00ebve t\u00eb trash\u00eb q\u00eb jan\u00eb b\u00ebr\u00eb p\u00ebr t\u2019ua b\u00ebr\u00eb \u201cSigurin\u00eb sa m\u00eb t\u00eb Lart\u00eb\u201d. Po ashtu u tha se Shteti Juridik do t\u00eb kujdes\u00ebt p\u00ebr ta kthyer nga \u201cSyrgjyni\u201d, poetin e k\u00ebtyre radh\u00ebve i cili n\u00ebp\u00ebr poezit\u00eb e tij ka l\u00ebn\u00eb gjithfar\u00eb testamentesh. Por shihet se \u201cShpirti Idil\u201d i k\u00ebtij poeti nuk do ti del pa u kthyer te \u201cBregu i Madh\u201d, jo p\u00ebr nostalgji, as p\u00ebr t\u00eb shkruar poezi, por p\u00ebr ti sistemuar n\u00ebp\u00ebr fshatin e tij ato peligrine t\u00eb shkreta q\u00eb do t\u00eb marrin statusin e \u201cGjysm\u00eb t\u00eb Vejave t\u00eb Kosov\u00ebs\u201d?!&#8230;<\/p>\n<p><strong>Pamja e par\u00eb<\/strong>:<br \/>\nVite m\u00eb par\u00eb, n\u00eb cil\u00ebsin\u00eb e gazetarit asistova n\u00eb nj\u00eb ceremoni kulturore n\u00eb Misionin Katolik Shqiptar, ku pas lutjes n\u00eb form\u00eb meshe q\u00eb do t\u00eb mbahej, ishte planifikuar edhe nj\u00eb program kulturor e artistik q\u00eb sillte simbolik\u00ebn e vendlindjes n\u00eb nj\u00eb dh\u00e9 t\u00eb larg\u00ebt. Shoq\u00ebruesi im ishte katolik, ai m\u00eb kishte ftuar dhe m\u00eb respektonte shum\u00eb, aty k\u00ebtu nd\u00ebrhynte p\u00ebr ndonj\u00eb rast liturgjik, p\u00ebr t\u00eb mi sqaruar nocionet a kuptimet e atyre fjal\u00ebve p\u00ebr t\u00eb cilat ai dyshonte se nuk i dija. Disa her\u00eb, (bile t\u00eb pakt\u00ebn nja dhjet\u00eb her\u00eb), u shpreh p\u00ebr misionarin: \u201cPopi Yn\u00eb\u201d, \u201cKy Pop\u201d, \u201c\u00cbsht\u00eb Pop\u201d, Pop dhe vet\u00ebm Pop. E luta mikun t\u00eb mos tallej, t\u00eb pakt\u00ebn p\u00ebr shkak t\u00eb prezenc\u00ebs sime, pasi ata q\u00eb besonin un\u00eb i respektoja. Jo nuk tallem, mu drejtua me nervoziz\u00ebm, e them t\u00eb v\u00ebrtet\u00ebn duke drejtuar gishtin nga misionari, tha se ky \u00ebsht\u00eb \u201cPop, bile i Madh\u201d, shprehu dufin e tij p\u00ebrs\u00ebri. Pastaj e luta t\u00eb ma shpjegonte alegorin\u00eb e k\u00ebsaj shprehje, pasi edhe ashtu koka mu kishte b\u00ebr\u00eb dhall\u00eb. Nuk ke pse i thua serb, mjafton ti thuash \u201cPop\u201d, pasi t\u00eb gjitha elementet e njeriut q\u00eb sikurse \u201csoji i barbar\u00ebve dolli e aheng q\u00eb ngritin mbi varre\u201d, i gjen n\u00eb k\u00ebt\u00eb shprehje ironike?!&#8230;<\/p>\n<p><strong>Pamja e dyt\u00eb<\/strong>:<br \/>\nNj\u00eb \u201cmuzhik\u201d (fshatari i kooperativave ruse), si zvarranik q\u00eb ishte ve\u00e7 sa nuk u \u00e7mend deri sa u probacivat (serb. probacivanje), p\u00ebrkat\u00ebsisht deri sa aderoi n\u00eb LDK, pasi qart\u00eb shiheshin ambiciet e nj\u00eb karrieristi t\u00eb s\u00ebmur i cili sikurse \u201csoji i barbar\u00ebve q\u00eb dolli e aheng ngritin mbi varre\u201d, turr e vrap u kthye n\u00eb Kosov\u00eb p\u00ebr ta ndihmuar \u201cPOPIN e LDK-s\u00eb\u201d, i cili edhe n\u00eb dit\u00eb vere nuk i hiqte \u201cXhepat nga duart\u201d. M\u00ebnyrat dhe format nuk ishin n\u00eb pyetje, sepse tashm\u00eb ishin t\u00eb m\u00ebsuar se pa sakrific\u00eb nuk arrihet q\u00ebllimi, se \u201cPOPI i Tyre\u201d, k\u00ebsaj radhe duhej t\u00eb ngadh\u00ebnjente?! Si\u00e7 u pa edhe nga sekuencat filmime n\u00eb Lajmet e Mbr\u00ebmjes, pelegrin\u00ebt kishin b\u00ebr\u00eb sakrific\u00eb t\u00eb madhe duke u p\u00ebrshkuar tejp\u00ebrtej me thika e shtiza, vet\u00ebm e vet\u00ebm q\u00eb \u201cPOPI i LDK-s\u00eb\u201d, ti fuste n\u00eb Oborr dhe n\u00eb hatrin e Tij.<\/p>\n<p><strong>Pamja e tret\u00eb<\/strong>:<br \/>\nPasi t\u00eb gjitha planet\u00ebt ia kishin kthyer shpin\u00ebn Kosov\u00ebs, e diela e 8 qershorit 2014, nuk sillte fat! Natyrisht, n\u00eb k\u00ebt\u00eb dit\u00eb p\u00ebr \u201cPOPIN e LDK-s\u00eb\u201d, nuk sillte fat as Planeti i Tij, pasi si\u00e7 dihet, p\u00ebrve\u00e7 tok\u00ebs dhe pasuris\u00eb \u201cPOPAT Politik\u201d i kan\u00eb uzurpuar edhe planet\u00ebt?! Pavar\u00ebsisht se e nes\u00ebrmja e zbardhi k\u00ebt\u00eb vend me drit\u00eb e shpres\u00eb, me yje e planete drejt Kosove, shk\u00eblqimi u err\u00ebsua sidomos kur u kuptua se me \u201cmallkim e aheng mbi varre\u201d dhe me pabesi e tradhti klasike nuk mundi t\u00eb tallej m\u00eb tutje me popullin e Kosov\u00ebs. At\u00eb popull, sistemi planetar e kishte drejtuar drejt kutive t\u00eb tjera?!&#8230; Madje as elektorati i \u201cPOPIT\u201d, nuk u mashtrua m\u00eb?! Ata nuk u frik\u00ebsohen mallkimeve t\u00eb tij, pasi ata m\u00eb par\u00eb, para se t\u00eb shkonte tek Zotat, i kishte \u201cBekuar Misionari i Tyre &#8211; Shejti R.?!\u201d Ata, as nuk besonin se me \u201cXhepa n\u00eb duar\u201d fitohet Komuna, pasi n\u00eb k\u00ebt\u00eb dit\u00eb vere s\u2019ka pasur nevoj\u00eb t\u00eb futen \u201cDuart n\u00eb xhepa\u201d, p\u00ebr ta fituar Kosov\u00ebn?!&#8230;<\/p>\n<p><strong>Epilogu<\/strong>:<br \/>\nTani \u201cPOPI i LDK-s\u00eb\u201d, \u00ebsht\u00eb n\u00eb ofensiv\u00eb, me k\u00ebdo e p\u00ebr k\u00ebdo, me duar t\u00eb lara e palara, me shkoll\u00eb e pa t\u00eb, vet\u00ebm e vet\u00ebm p\u00ebr ta \u201cRYQ\u00cbZUAR\u201d, si duhet LDK-n\u00eb. Ai m\u00eb sa Popi Jeremije kurr\u00eb nuk k\u00ebrkoi falje, as nuk zbythet dhe nuk do t\u00eb t\u00ebrhiqet. Ai s\u2019ka pse, pasi ka detyra t\u00eb m\u00ebdha p\u00ebr ta \u201cKryq\u00ebzuar edhe filozofin\u00eb e \u201cShejtit R?!\u201d. Ai nuk merr kurrfar\u00eb p\u00ebrgjegj\u00ebsie p\u00ebr shkat\u00ebrrim, pasi hala PARTIA nuk u shkat\u00ebrrua?! Dhe dihet fare mir\u00eb se Ai misionin e shkat\u00ebrrimit nuk e ka quar deri n\u00eb fund?! Prandaj, Ai kurr\u00eb s\u2019ka k\u00ebrkuar falje?! Se falja p\u00ebr krime e tradhti, p\u00ebr prerje Bese e pabesi, me thika e shtiza pas shpine sikur t\u00eb ishte dora e Popit Jeremije, \u00ebsht\u00eb sakrific\u00eb, \u00ebsht\u00eb kryq\u00ebzim. V\u00ebrtet\u00eb e tha vet, \u201cs\u2019kam koh\u00eb p\u00ebr zbythje sepse kam p\u00ebrpara detyra m\u00eb t\u00eb m\u00ebdha\u201d. Prandaj,\u201cPOPI i LDK-s\u00eb\u201d si \u201cKOMUNIST i V\u00ebrtet\u00eb\u201d, nuk zbythet kollaj, vet jo se jo, dhe as nuk do t\u00eb k\u00ebrkoj\u00eb kurr\u00eb falje pa k\u00ebrkuar p\u00ebr m\u00ebkatet Hir\u00ebsia e Tij, Popi Jremije. S\u00eb pari Ai duhet ti k\u00ebrkoj falje Kosov\u00ebs, e pastaj \u201cPOPI i LDK-s\u00eb\u201d, do ti k\u00ebrkoj falje Diaspor\u00ebs, elektoratit dhe t\u00ebr\u00eb Kosov\u00ebs. Sigurisht deri at\u00ebher\u00eb \u201cPOPI i LDK-s\u00eb\u201d do ta kryen me sukses misionin e Tij, e pastaj edhe ai mund t\u00eb mrizoj atje n\u00eb \u201cBreg t\u00eb Madh\u201d, rrethuar me parmak\u00eb t\u00eb trash\u00eb?!&#8230;<\/p>\n<p><strong>Shefqet Dibrani<\/strong>, <em>St. Gallen, 11 qershor 2014<\/em>.<\/p>\n","protected":false},"excerpt":{"rendered":"<p>KOZERI: \u201cBarbar\u00ebt erdh\u00ebn p\u00ebr t\u00eb mos shkuar nd\u00ebr vatrat tona donin q\u00ebndruar n\u00eb qytete e katunde dyndeshin pa lindur dielli n\u00eb bujtina rrinin gjersa k\u00ebndonte gjeli Gotat i cak\u00ebrronin mbi varret tona (zakon i mo\u00e7\u00ebm p\u00ebr sojin e barbar\u00ebve dolli e aheng t\u00eb ngritin mbi varre)\u201d (Nga libri me poezi: Shefqet Dibrani, \u201cANATOMIA E BRYM\u00cbS\u201d, [&hellip;]<\/p>\n","protected":false},"author":1,"featured_media":0,"comment_status":"open","ping_status":"closed","sticky":false,"template":"","format":"standard","meta":{"footnotes":""},"categories":[2],"tags":[],"class_list":{"0":"post-13596","1":"post","2":"type-post","3":"status-publish","4":"format-standard","6":"category-artikuj"},"yoast_head":"<!-- This site is optimized with the Yoast SEO plugin v27.4 - https:\/\/yoast.com\/product\/yoast-seo-wordpress\/ -->\n<title>POPI I LDK-s\u00eb?!... - FjALA e LIR\u00cb - Arkivi<\/title>\n<meta name=\"robots\" content=\"index, follow, max-snippet:-1, max-image-preview:large, max-video-preview:-1\" \/>\n<link rel=\"canonical\" href=\"https:\/\/fjala.info\/2009-2015\/popi-i-ldk-se\/\" \/>\n<meta property=\"og:locale\" content=\"sq_AL\" \/>\n<meta property=\"og:type\" content=\"article\" \/>\n<meta property=\"og:title\" content=\"POPI I LDK-s\u00eb?!... - FjALA e LIR\u00cb - Arkivi\" \/>\n<meta property=\"og:description\" content=\"KOZERI: \u201cBarbar\u00ebt erdh\u00ebn p\u00ebr t\u00eb mos shkuar nd\u00ebr vatrat tona donin q\u00ebndruar n\u00eb qytete e katunde dyndeshin pa lindur dielli n\u00eb bujtina rrinin gjersa k\u00ebndonte gjeli Gotat i cak\u00ebrronin mbi varret tona (zakon i mo\u00e7\u00ebm p\u00ebr sojin e barbar\u00ebve dolli e aheng t\u00eb ngritin mbi varre)\u201d (Nga libri me poezi: Shefqet Dibrani, \u201cANATOMIA E BRYM\u00cbS\u201d, [&hellip;]\" \/>\n<meta property=\"og:url\" content=\"https:\/\/fjala.info\/2009-2015\/popi-i-ldk-se\/\" \/>\n<meta property=\"og:site_name\" content=\"FjALA e LIR\u00cb - Arkivi\" \/>\n<meta property=\"article:published_time\" content=\"2014-06-13T07:19:32+00:00\" \/>\n<meta property=\"og:image\" content=\"http:\/\/www.fjala.info\/2013\/shefqet_dibrani.jpg\" \/>\n<meta name=\"author\" content=\"admin\" \/>\n<meta name=\"twitter:card\" content=\"summary_large_image\" \/>\n<meta name=\"twitter:label1\" content=\"Written by\" \/>\n\t<meta name=\"twitter:data1\" content=\"admin\" \/>\n\t<meta name=\"twitter:label2\" content=\"Est. reading time\" \/>\n\t<meta name=\"twitter:data2\" content=\"6 minutes\" \/>\n<script type=\"application\/ld+json\" class=\"yoast-schema-graph\">{\"@context\":\"https:\\\/\\\/schema.org\",\"@graph\":[{\"@type\":\"Article\",\"@id\":\"https:\\\/\\\/fjala.info\\\/2009-2015\\\/popi-i-ldk-se\\\/#article\",\"isPartOf\":{\"@id\":\"https:\\\/\\\/fjala.info\\\/2009-2015\\\/popi-i-ldk-se\\\/\"},\"author\":{\"name\":\"admin\",\"@id\":\"https:\\\/\\\/fjala.info\\\/2009-2015\\\/#\\\/schema\\\/person\\\/3aa1163ef05469c496fc94e77611ada2\"},\"headline\":\"POPI I LDK-s\u00eb?!&#8230;\",\"datePublished\":\"2014-06-13T07:19:32+00:00\",\"mainEntityOfPage\":{\"@id\":\"https:\\\/\\\/fjala.info\\\/2009-2015\\\/popi-i-ldk-se\\\/\"},\"wordCount\":1257,\"commentCount\":0,\"publisher\":{\"@id\":\"https:\\\/\\\/fjala.info\\\/2009-2015\\\/#organization\"},\"image\":{\"@id\":\"https:\\\/\\\/fjala.info\\\/2009-2015\\\/popi-i-ldk-se\\\/#primaryimage\"},\"thumbnailUrl\":\"http:\\\/\\\/www.fjala.info\\\/2013\\\/shefqet_dibrani.jpg\",\"articleSection\":[\"Artikuj\"],\"inLanguage\":\"sq-AL\",\"potentialAction\":[{\"@type\":\"CommentAction\",\"name\":\"Comment\",\"target\":[\"https:\\\/\\\/fjala.info\\\/2009-2015\\\/popi-i-ldk-se\\\/#respond\"]}]},{\"@type\":\"WebPage\",\"@id\":\"https:\\\/\\\/fjala.info\\\/2009-2015\\\/popi-i-ldk-se\\\/\",\"url\":\"https:\\\/\\\/fjala.info\\\/2009-2015\\\/popi-i-ldk-se\\\/\",\"name\":\"POPI I LDK-s\u00eb?!... - FjALA e LIR\u00cb - Arkivi\",\"isPartOf\":{\"@id\":\"https:\\\/\\\/fjala.info\\\/2009-2015\\\/#website\"},\"primaryImageOfPage\":{\"@id\":\"https:\\\/\\\/fjala.info\\\/2009-2015\\\/popi-i-ldk-se\\\/#primaryimage\"},\"image\":{\"@id\":\"https:\\\/\\\/fjala.info\\\/2009-2015\\\/popi-i-ldk-se\\\/#primaryimage\"},\"thumbnailUrl\":\"http:\\\/\\\/www.fjala.info\\\/2013\\\/shefqet_dibrani.jpg\",\"datePublished\":\"2014-06-13T07:19:32+00:00\",\"breadcrumb\":{\"@id\":\"https:\\\/\\\/fjala.info\\\/2009-2015\\\/popi-i-ldk-se\\\/#breadcrumb\"},\"inLanguage\":\"sq-AL\",\"potentialAction\":[{\"@type\":\"ReadAction\",\"target\":[\"https:\\\/\\\/fjala.info\\\/2009-2015\\\/popi-i-ldk-se\\\/\"]}]},{\"@type\":\"ImageObject\",\"inLanguage\":\"sq-AL\",\"@id\":\"https:\\\/\\\/fjala.info\\\/2009-2015\\\/popi-i-ldk-se\\\/#primaryimage\",\"url\":\"http:\\\/\\\/www.fjala.info\\\/2013\\\/shefqet_dibrani.jpg\",\"contentUrl\":\"http:\\\/\\\/www.fjala.info\\\/2013\\\/shefqet_dibrani.jpg\"},{\"@type\":\"BreadcrumbList\",\"@id\":\"https:\\\/\\\/fjala.info\\\/2009-2015\\\/popi-i-ldk-se\\\/#breadcrumb\",\"itemListElement\":[{\"@type\":\"ListItem\",\"position\":1,\"name\":\"Home\",\"item\":\"https:\\\/\\\/fjala.info\\\/2009-2015\\\/\"},{\"@type\":\"ListItem\",\"position\":2,\"name\":\"POPI I LDK-s\u00eb?!&#8230;\"}]},{\"@type\":\"WebSite\",\"@id\":\"https:\\\/\\\/fjala.info\\\/2009-2015\\\/#website\",\"url\":\"https:\\\/\\\/fjala.info\\\/2009-2015\\\/\",\"name\":\"FjALA e LIR\u00cb - Arkivi\",\"description\":\"Arkivi 2009-2015\",\"publisher\":{\"@id\":\"https:\\\/\\\/fjala.info\\\/2009-2015\\\/#organization\"},\"potentialAction\":[{\"@type\":\"SearchAction\",\"target\":{\"@type\":\"EntryPoint\",\"urlTemplate\":\"https:\\\/\\\/fjala.info\\\/2009-2015\\\/?s={search_term_string}\"},\"query-input\":{\"@type\":\"PropertyValueSpecification\",\"valueRequired\":true,\"valueName\":\"search_term_string\"}}],\"inLanguage\":\"sq-AL\"},{\"@type\":\"Organization\",\"@id\":\"https:\\\/\\\/fjala.info\\\/2009-2015\\\/#organization\",\"name\":\"FjALA e LIR\u00cb - Arkivi\",\"url\":\"https:\\\/\\\/fjala.info\\\/2009-2015\\\/\",\"logo\":{\"@type\":\"ImageObject\",\"inLanguage\":\"sq-AL\",\"@id\":\"https:\\\/\\\/fjala.info\\\/2009-2015\\\/#\\\/schema\\\/logo\\\/image\\\/\",\"url\":\"\",\"contentUrl\":\"\",\"caption\":\"FjALA e LIR\u00cb - Arkivi\"},\"image\":{\"@id\":\"https:\\\/\\\/fjala.info\\\/2009-2015\\\/#\\\/schema\\\/logo\\\/image\\\/\"}},{\"@type\":\"Person\",\"@id\":\"https:\\\/\\\/fjala.info\\\/2009-2015\\\/#\\\/schema\\\/person\\\/3aa1163ef05469c496fc94e77611ada2\",\"name\":\"admin\",\"image\":{\"@type\":\"ImageObject\",\"inLanguage\":\"sq-AL\",\"@id\":\"https:\\\/\\\/fjala.info\\\/2009-2015\\\/wp-content\\\/uploads\\\/2012\\\/02\\\/arben_cokaj-120x150.jpg\",\"url\":\"https:\\\/\\\/fjala.info\\\/2009-2015\\\/wp-content\\\/uploads\\\/2012\\\/02\\\/arben_cokaj-120x150.jpg\",\"contentUrl\":\"https:\\\/\\\/fjala.info\\\/2009-2015\\\/wp-content\\\/uploads\\\/2012\\\/02\\\/arben_cokaj-120x150.jpg\",\"caption\":\"admin\"},\"description\":\"Admin, Fjala e Lir\u00eb\",\"sameAs\":[\"https:\\\/\\\/fjala.info\\\/\"],\"url\":\"https:\\\/\\\/fjala.info\\\/2009-2015\\\/author\\\/admin\\\/\"}]}<\/script>\n<!-- \/ Yoast SEO plugin. -->","yoast_head_json":{"title":"POPI I LDK-s\u00eb?!... - FjALA e LIR\u00cb - Arkivi","robots":{"index":"index","follow":"follow","max-snippet":"max-snippet:-1","max-image-preview":"max-image-preview:large","max-video-preview":"max-video-preview:-1"},"canonical":"https:\/\/fjala.info\/2009-2015\/popi-i-ldk-se\/","og_locale":"sq_AL","og_type":"article","og_title":"POPI I LDK-s\u00eb?!... - FjALA e LIR\u00cb - Arkivi","og_description":"KOZERI: \u201cBarbar\u00ebt erdh\u00ebn p\u00ebr t\u00eb mos shkuar nd\u00ebr vatrat tona donin q\u00ebndruar n\u00eb qytete e katunde dyndeshin pa lindur dielli n\u00eb bujtina rrinin gjersa k\u00ebndonte gjeli Gotat i cak\u00ebrronin mbi varret tona (zakon i mo\u00e7\u00ebm p\u00ebr sojin e barbar\u00ebve dolli e aheng t\u00eb ngritin mbi varre)\u201d (Nga libri me poezi: Shefqet Dibrani, \u201cANATOMIA E BRYM\u00cbS\u201d, [&hellip;]","og_url":"https:\/\/fjala.info\/2009-2015\/popi-i-ldk-se\/","og_site_name":"FjALA e LIR\u00cb - Arkivi","article_published_time":"2014-06-13T07:19:32+00:00","og_image":[{"url":"http:\/\/www.fjala.info\/2013\/shefqet_dibrani.jpg","type":"","width":"","height":""}],"author":"admin","twitter_card":"summary_large_image","twitter_misc":{"Written by":"admin","Est. reading time":"6 minutes"},"schema":{"@context":"https:\/\/schema.org","@graph":[{"@type":"Article","@id":"https:\/\/fjala.info\/2009-2015\/popi-i-ldk-se\/#article","isPartOf":{"@id":"https:\/\/fjala.info\/2009-2015\/popi-i-ldk-se\/"},"author":{"name":"admin","@id":"https:\/\/fjala.info\/2009-2015\/#\/schema\/person\/3aa1163ef05469c496fc94e77611ada2"},"headline":"POPI I LDK-s\u00eb?!&#8230;","datePublished":"2014-06-13T07:19:32+00:00","mainEntityOfPage":{"@id":"https:\/\/fjala.info\/2009-2015\/popi-i-ldk-se\/"},"wordCount":1257,"commentCount":0,"publisher":{"@id":"https:\/\/fjala.info\/2009-2015\/#organization"},"image":{"@id":"https:\/\/fjala.info\/2009-2015\/popi-i-ldk-se\/#primaryimage"},"thumbnailUrl":"http:\/\/www.fjala.info\/2013\/shefqet_dibrani.jpg","articleSection":["Artikuj"],"inLanguage":"sq-AL","potentialAction":[{"@type":"CommentAction","name":"Comment","target":["https:\/\/fjala.info\/2009-2015\/popi-i-ldk-se\/#respond"]}]},{"@type":"WebPage","@id":"https:\/\/fjala.info\/2009-2015\/popi-i-ldk-se\/","url":"https:\/\/fjala.info\/2009-2015\/popi-i-ldk-se\/","name":"POPI I LDK-s\u00eb?!... - FjALA e LIR\u00cb - Arkivi","isPartOf":{"@id":"https:\/\/fjala.info\/2009-2015\/#website"},"primaryImageOfPage":{"@id":"https:\/\/fjala.info\/2009-2015\/popi-i-ldk-se\/#primaryimage"},"image":{"@id":"https:\/\/fjala.info\/2009-2015\/popi-i-ldk-se\/#primaryimage"},"thumbnailUrl":"http:\/\/www.fjala.info\/2013\/shefqet_dibrani.jpg","datePublished":"2014-06-13T07:19:32+00:00","breadcrumb":{"@id":"https:\/\/fjala.info\/2009-2015\/popi-i-ldk-se\/#breadcrumb"},"inLanguage":"sq-AL","potentialAction":[{"@type":"ReadAction","target":["https:\/\/fjala.info\/2009-2015\/popi-i-ldk-se\/"]}]},{"@type":"ImageObject","inLanguage":"sq-AL","@id":"https:\/\/fjala.info\/2009-2015\/popi-i-ldk-se\/#primaryimage","url":"http:\/\/www.fjala.info\/2013\/shefqet_dibrani.jpg","contentUrl":"http:\/\/www.fjala.info\/2013\/shefqet_dibrani.jpg"},{"@type":"BreadcrumbList","@id":"https:\/\/fjala.info\/2009-2015\/popi-i-ldk-se\/#breadcrumb","itemListElement":[{"@type":"ListItem","position":1,"name":"Home","item":"https:\/\/fjala.info\/2009-2015\/"},{"@type":"ListItem","position":2,"name":"POPI I LDK-s\u00eb?!&#8230;"}]},{"@type":"WebSite","@id":"https:\/\/fjala.info\/2009-2015\/#website","url":"https:\/\/fjala.info\/2009-2015\/","name":"FjALA e LIR\u00cb - Arkivi","description":"Arkivi 2009-2015","publisher":{"@id":"https:\/\/fjala.info\/2009-2015\/#organization"},"potentialAction":[{"@type":"SearchAction","target":{"@type":"EntryPoint","urlTemplate":"https:\/\/fjala.info\/2009-2015\/?s={search_term_string}"},"query-input":{"@type":"PropertyValueSpecification","valueRequired":true,"valueName":"search_term_string"}}],"inLanguage":"sq-AL"},{"@type":"Organization","@id":"https:\/\/fjala.info\/2009-2015\/#organization","name":"FjALA e LIR\u00cb - Arkivi","url":"https:\/\/fjala.info\/2009-2015\/","logo":{"@type":"ImageObject","inLanguage":"sq-AL","@id":"https:\/\/fjala.info\/2009-2015\/#\/schema\/logo\/image\/","url":"","contentUrl":"","caption":"FjALA e LIR\u00cb - Arkivi"},"image":{"@id":"https:\/\/fjala.info\/2009-2015\/#\/schema\/logo\/image\/"}},{"@type":"Person","@id":"https:\/\/fjala.info\/2009-2015\/#\/schema\/person\/3aa1163ef05469c496fc94e77611ada2","name":"admin","image":{"@type":"ImageObject","inLanguage":"sq-AL","@id":"https:\/\/fjala.info\/2009-2015\/wp-content\/uploads\/2012\/02\/arben_cokaj-120x150.jpg","url":"https:\/\/fjala.info\/2009-2015\/wp-content\/uploads\/2012\/02\/arben_cokaj-120x150.jpg","contentUrl":"https:\/\/fjala.info\/2009-2015\/wp-content\/uploads\/2012\/02\/arben_cokaj-120x150.jpg","caption":"admin"},"description":"Admin, Fjala e Lir\u00eb","sameAs":["https:\/\/fjala.info\/"],"url":"https:\/\/fjala.info\/2009-2015\/author\/admin\/"}]}},"_links":{"self":[{"href":"https:\/\/fjala.info\/2009-2015\/wp-json\/wp\/v2\/posts\/13596","targetHints":{"allow":["GET"]}}],"collection":[{"href":"https:\/\/fjala.info\/2009-2015\/wp-json\/wp\/v2\/posts"}],"about":[{"href":"https:\/\/fjala.info\/2009-2015\/wp-json\/wp\/v2\/types\/post"}],"author":[{"embeddable":true,"href":"https:\/\/fjala.info\/2009-2015\/wp-json\/wp\/v2\/users\/1"}],"replies":[{"embeddable":true,"href":"https:\/\/fjala.info\/2009-2015\/wp-json\/wp\/v2\/comments?post=13596"}],"version-history":[{"count":0,"href":"https:\/\/fjala.info\/2009-2015\/wp-json\/wp\/v2\/posts\/13596\/revisions"}],"wp:attachment":[{"href":"https:\/\/fjala.info\/2009-2015\/wp-json\/wp\/v2\/media?parent=13596"}],"wp:term":[{"taxonomy":"category","embeddable":true,"href":"https:\/\/fjala.info\/2009-2015\/wp-json\/wp\/v2\/categories?post=13596"},{"taxonomy":"post_tag","embeddable":true,"href":"https:\/\/fjala.info\/2009-2015\/wp-json\/wp\/v2\/tags?post=13596"}],"curies":[{"name":"wp","href":"https:\/\/api.w.org\/{rel}","templated":true}]}}