{"id":13595,"date":"2014-06-13T08:10:57","date_gmt":"2014-06-13T07:10:57","guid":{"rendered":"http:\/\/www.fjala.info\/?p=1334"},"modified":"2014-06-13T08:10:57","modified_gmt":"2014-06-13T07:10:57","slug":"votat-e-spicave","status":"publish","type":"post","link":"https:\/\/fjala.info\/2009-2015\/votat-e-spicave\/","title":{"rendered":"Votat e spicave dhe zgjedhjet n\u00eb Kosov\u00eb!"},"content":{"rendered":"<p>Nga <strong>Rrezart Kalaja<\/strong><\/p>\n<p><img decoding=\"async\" class=\"alignright size-thumbnail wp-image-7236\" title=\"Tha\u00e7i - Obama\" src=\"http:\/\/www.fjala.info\/2014\/thaci_obama.jpg\" alt=\"\" width=\"350\" \/> <em>Bracol\u00ebt\u00eb humoristike lidhur me ngjarjet politike aktuale n\u00eb Kosov\u00eb!<\/em><\/p>\n<p>K\u00ebto dit\u00eb Kosova i nxehu karriget e politikan\u00ebve pik\u00ebrisht me rastin e zgjedhjeve. Partia ma e madhe e PDK -s\u00eb i fitoj zgjedhjet elektorale u g\u00ebzuam t\u00eb gjith\u00eb i madh e i vog\u00ebl. Po duke hulumtuar doli se PDK-ja me shtylla i kish fituar edhe me spica. PDK-ja dhe votat e shtyllave dhe spicave e kishin b\u00ebr\u00eb koalicionin ,e tri partive t\u00eb talivabneve islamik t\u00eb Kosov\u00ebs, dmth t\u00eb ekstremit xhihadist islamik t\u00eb leshave!?.Aty ishin fut vjedhurazi me spicat e Behxhet Pacollit para shum\u00eb vitesh duke lobuar me ta.<\/p>\n<p>Pos, k\u00ebtyre do pyka me b\u00ebr\u00eb PDK-n\u00eb edhe ma t\u00eb q\u00ebndrueshme ju bashkuan edhe Partia Demokristiane, q\u00eb askund nuk p\u00ebrputhen me lesh\u00ebt taliban, po( parja e kthen uj\u00ebt p\u00ebrpjet\u00eb), thot\u00eb nj\u00eb fjal\u00eb popullore. Pos, leshave edhe demokristianve do spica, pyka, ju vun\u00eb nga k\u00ebmba e djatht\u00eb PDK-s\u00eb edhe nga partit\u00eb e hashkalive, rom\u00ebve, gabel\u00ebve, turqve, serbeve, po kot mezi arriti 30%. Me k\u00ebt\u00eb 30 % bashk\u00ebrisht dol\u00ebn festuan me goj\u00eb vesh\u00ebm vesh te gjith\u00eb Haradini i Kuqve, Feridi i Aganve Flora e \u00c7itakve Fuadi i ramiqve kish mbet pak mbas shpine duke i palu kepucet xhemtit te vet ?. Kryetari i PDK-s\u00eb, Hashim Tha\u00e7i ishte i rrethuar me talibanet dhe votuesit e spicave, bile si ma af\u00ebr i rrinte nj\u00ebfar\u00eb Memli i biri i Milazim Krasniqit me buz\u00eb t\u00eb \u00e7araveshta me plot gaz duke i p\u00ebshp\u00ebrit di\u00e7 n\u00eb vesh.<\/p>\n<p>Me t\u00eb marr vesh opozitar\u00ebt se \u00e7ka ndodhi e luajt\u00ebn nj\u00eb loj\u00eb t\u00eb fsheht\u00eb dhe ja b\u00ebn\u00eb pu\u00e7 pas 24 or\u00ebve PDK-s\u00eb.Bashkimi i koalicionit p\u00ebrmes AAK-s\u00eb s\u00eb Ramush Haradinajt, LDK-s\u00eb e Isa Mustaf\u00ebs dhe Nism\u00ebs p\u00ebr Kosov\u00ebn e Fatmir Limajt, t\u00eb shtyr\u00eb edhe k\u00ebta me spicat e Vet\u00ebvendosjes s\u00eb Albin Kurtit arrit\u00ebn ta nokautojn\u00eb me nj\u00eb goditje t\u00eb r\u00ebnd\u00eb PDK-n\u00eb e spicave dhe shtyllave. Pra 3-eshja, PDK-n\u00eb, leshat taliban, minoritar\u00ebt serb, hashkalit\u00eb, gabel\u00ebt, rom\u00ebt, b\u00ebshnjakt\u00eb, partit\u00eb e rrencave, partine e bixhozgjive, t\u00eb p\u00ebllumbagjive i qit\u00ebn jasht\u00eb loje duke i sjell n\u00eb nj\u00eb kolaps politiko-social, sa qe mbeten t\u00eb gjith\u00eb pa pun\u00eb .Bile Ramush Haradinaj, ju ka k\u00ebrc\u00ebnuar q\u00eb t&#8217;i fut n\u00eb burg patin\u00eb e hajnave. Boll ju tregova ju i njihni cil\u00ebt jan\u00eb hahhahaha. Nga kjo dridhje dramatike t\u00eb kriz\u00ebs politike n\u00eb Kosov\u00eb, zoti Hashim Thaqi ish kryeminist\u00ebr i Kosov\u00ebs i telefonoj Kryetarit te SHBA-ve pik\u00ebrisht Obames p\u00ebr pun\u00eb.<\/p>\n<p>Po ju sjell tekstualisht bised\u00ebn si ma posht\u00eb:<\/p>\n<p>&#8211; Alo, Thaqi .<br \/>\n&#8211; Alo urdh\u00ebroni, Obama.<br \/>\n&#8211; Jam Hashim Thaqi, zoti kryetar Obama.<br \/>\n&#8211; Po me k\u00ebnaq\u00ebsi zoti Thaqi respekt p\u00ebr ju \u00e7ka ka ?<br \/>\n&#8211; A ki ndonj\u00eb vend t&#8217;lir\u00eb pune p\u00ebr mua se ma ngulen 3-eshja opozitare?<br \/>\n&#8211; Qysh &#8230;qysh ta kan\u00eb ngul aaa ?Ha ha ha ha&#8230; \u00c7ka me t&#8217;ba k\u00ebshtu e ka, kur t\u00eb nx\u00ebn\u00eb tu vjedh\u00eb. Hajt tash trus kepen rri si\u00e7 e ke b\u00ebr\u00eb e ke gjet, tung Hashim se kam thirrje edhe nga Behxht Pacolli !!!<\/p>\n","protected":false},"excerpt":{"rendered":"<p>Nga Rrezart Kalaja Bracol\u00ebt\u00eb humoristike lidhur me ngjarjet politike aktuale n\u00eb Kosov\u00eb! K\u00ebto dit\u00eb Kosova i nxehu karriget e politikan\u00ebve pik\u00ebrisht me rastin e zgjedhjeve. Partia ma e madhe e PDK -s\u00eb i fitoj zgjedhjet elektorale u g\u00ebzuam t\u00eb gjith\u00eb i madh e i vog\u00ebl. Po duke hulumtuar doli se PDK-ja me shtylla i kish [&hellip;]<\/p>\n","protected":false},"author":1,"featured_media":0,"comment_status":"open","ping_status":"closed","sticky":false,"template":"","format":"standard","meta":{"footnotes":""},"categories":[2],"tags":[],"class_list":{"0":"post-13595","1":"post","2":"type-post","3":"status-publish","4":"format-standard","6":"category-artikuj"},"yoast_head":"<!-- This site is optimized with the Yoast SEO plugin v27.4 - https:\/\/yoast.com\/product\/yoast-seo-wordpress\/ -->\n<title>Votat e spicave dhe zgjedhjet n\u00eb Kosov\u00eb! - FjALA e LIR\u00cb - Arkivi<\/title>\n<meta name=\"robots\" content=\"index, follow, max-snippet:-1, max-image-preview:large, max-video-preview:-1\" \/>\n<link rel=\"canonical\" href=\"https:\/\/fjala.info\/2009-2015\/votat-e-spicave\/\" \/>\n<meta property=\"og:locale\" content=\"sq_AL\" \/>\n<meta property=\"og:type\" content=\"article\" \/>\n<meta property=\"og:title\" content=\"Votat e spicave dhe zgjedhjet n\u00eb Kosov\u00eb! - FjALA e LIR\u00cb - Arkivi\" \/>\n<meta property=\"og:description\" content=\"Nga Rrezart Kalaja Bracol\u00ebt\u00eb humoristike lidhur me ngjarjet politike aktuale n\u00eb Kosov\u00eb! K\u00ebto dit\u00eb Kosova i nxehu karriget e politikan\u00ebve pik\u00ebrisht me rastin e zgjedhjeve. Partia ma e madhe e PDK -s\u00eb i fitoj zgjedhjet elektorale u g\u00ebzuam t\u00eb gjith\u00eb i madh e i vog\u00ebl. Po duke hulumtuar doli se PDK-ja me shtylla i kish [&hellip;]\" \/>\n<meta property=\"og:url\" content=\"https:\/\/fjala.info\/2009-2015\/votat-e-spicave\/\" \/>\n<meta property=\"og:site_name\" content=\"FjALA e LIR\u00cb - Arkivi\" \/>\n<meta property=\"article:published_time\" content=\"2014-06-13T07:10:57+00:00\" \/>\n<meta property=\"og:image\" content=\"http:\/\/www.fjala.info\/2014\/thaci_obama.jpg\" \/>\n<meta name=\"author\" content=\"admin\" \/>\n<meta name=\"twitter:card\" content=\"summary_large_image\" \/>\n<meta name=\"twitter:label1\" content=\"Written by\" \/>\n\t<meta name=\"twitter:data1\" content=\"admin\" \/>\n\t<meta name=\"twitter:label2\" content=\"Est. reading time\" \/>\n\t<meta name=\"twitter:data2\" content=\"3 minutes\" \/>\n<script type=\"application\/ld+json\" class=\"yoast-schema-graph\">{\"@context\":\"https:\\\/\\\/schema.org\",\"@graph\":[{\"@type\":\"Article\",\"@id\":\"https:\\\/\\\/fjala.info\\\/2009-2015\\\/votat-e-spicave\\\/#article\",\"isPartOf\":{\"@id\":\"https:\\\/\\\/fjala.info\\\/2009-2015\\\/votat-e-spicave\\\/\"},\"author\":{\"name\":\"admin\",\"@id\":\"https:\\\/\\\/fjala.info\\\/2009-2015\\\/#\\\/schema\\\/person\\\/3aa1163ef05469c496fc94e77611ada2\"},\"headline\":\"Votat e spicave dhe zgjedhjet n\u00eb Kosov\u00eb!\",\"datePublished\":\"2014-06-13T07:10:57+00:00\",\"mainEntityOfPage\":{\"@id\":\"https:\\\/\\\/fjala.info\\\/2009-2015\\\/votat-e-spicave\\\/\"},\"wordCount\":548,\"commentCount\":0,\"publisher\":{\"@id\":\"https:\\\/\\\/fjala.info\\\/2009-2015\\\/#organization\"},\"image\":{\"@id\":\"https:\\\/\\\/fjala.info\\\/2009-2015\\\/votat-e-spicave\\\/#primaryimage\"},\"thumbnailUrl\":\"http:\\\/\\\/www.fjala.info\\\/2014\\\/thaci_obama.jpg\",\"articleSection\":[\"Artikuj\"],\"inLanguage\":\"sq-AL\",\"potentialAction\":[{\"@type\":\"CommentAction\",\"name\":\"Comment\",\"target\":[\"https:\\\/\\\/fjala.info\\\/2009-2015\\\/votat-e-spicave\\\/#respond\"]}]},{\"@type\":\"WebPage\",\"@id\":\"https:\\\/\\\/fjala.info\\\/2009-2015\\\/votat-e-spicave\\\/\",\"url\":\"https:\\\/\\\/fjala.info\\\/2009-2015\\\/votat-e-spicave\\\/\",\"name\":\"Votat e spicave dhe zgjedhjet n\u00eb Kosov\u00eb! - FjALA e LIR\u00cb - Arkivi\",\"isPartOf\":{\"@id\":\"https:\\\/\\\/fjala.info\\\/2009-2015\\\/#website\"},\"primaryImageOfPage\":{\"@id\":\"https:\\\/\\\/fjala.info\\\/2009-2015\\\/votat-e-spicave\\\/#primaryimage\"},\"image\":{\"@id\":\"https:\\\/\\\/fjala.info\\\/2009-2015\\\/votat-e-spicave\\\/#primaryimage\"},\"thumbnailUrl\":\"http:\\\/\\\/www.fjala.info\\\/2014\\\/thaci_obama.jpg\",\"datePublished\":\"2014-06-13T07:10:57+00:00\",\"breadcrumb\":{\"@id\":\"https:\\\/\\\/fjala.info\\\/2009-2015\\\/votat-e-spicave\\\/#breadcrumb\"},\"inLanguage\":\"sq-AL\",\"potentialAction\":[{\"@type\":\"ReadAction\",\"target\":[\"https:\\\/\\\/fjala.info\\\/2009-2015\\\/votat-e-spicave\\\/\"]}]},{\"@type\":\"ImageObject\",\"inLanguage\":\"sq-AL\",\"@id\":\"https:\\\/\\\/fjala.info\\\/2009-2015\\\/votat-e-spicave\\\/#primaryimage\",\"url\":\"http:\\\/\\\/www.fjala.info\\\/2014\\\/thaci_obama.jpg\",\"contentUrl\":\"http:\\\/\\\/www.fjala.info\\\/2014\\\/thaci_obama.jpg\"},{\"@type\":\"BreadcrumbList\",\"@id\":\"https:\\\/\\\/fjala.info\\\/2009-2015\\\/votat-e-spicave\\\/#breadcrumb\",\"itemListElement\":[{\"@type\":\"ListItem\",\"position\":1,\"name\":\"Home\",\"item\":\"https:\\\/\\\/fjala.info\\\/2009-2015\\\/\"},{\"@type\":\"ListItem\",\"position\":2,\"name\":\"Votat e spicave dhe zgjedhjet n\u00eb Kosov\u00eb!\"}]},{\"@type\":\"WebSite\",\"@id\":\"https:\\\/\\\/fjala.info\\\/2009-2015\\\/#website\",\"url\":\"https:\\\/\\\/fjala.info\\\/2009-2015\\\/\",\"name\":\"FjALA e LIR\u00cb - Arkivi\",\"description\":\"Arkivi 2009-2015\",\"publisher\":{\"@id\":\"https:\\\/\\\/fjala.info\\\/2009-2015\\\/#organization\"},\"potentialAction\":[{\"@type\":\"SearchAction\",\"target\":{\"@type\":\"EntryPoint\",\"urlTemplate\":\"https:\\\/\\\/fjala.info\\\/2009-2015\\\/?s={search_term_string}\"},\"query-input\":{\"@type\":\"PropertyValueSpecification\",\"valueRequired\":true,\"valueName\":\"search_term_string\"}}],\"inLanguage\":\"sq-AL\"},{\"@type\":\"Organization\",\"@id\":\"https:\\\/\\\/fjala.info\\\/2009-2015\\\/#organization\",\"name\":\"FjALA e LIR\u00cb - Arkivi\",\"url\":\"https:\\\/\\\/fjala.info\\\/2009-2015\\\/\",\"logo\":{\"@type\":\"ImageObject\",\"inLanguage\":\"sq-AL\",\"@id\":\"https:\\\/\\\/fjala.info\\\/2009-2015\\\/#\\\/schema\\\/logo\\\/image\\\/\",\"url\":\"\",\"contentUrl\":\"\",\"caption\":\"FjALA e LIR\u00cb - Arkivi\"},\"image\":{\"@id\":\"https:\\\/\\\/fjala.info\\\/2009-2015\\\/#\\\/schema\\\/logo\\\/image\\\/\"}},{\"@type\":\"Person\",\"@id\":\"https:\\\/\\\/fjala.info\\\/2009-2015\\\/#\\\/schema\\\/person\\\/3aa1163ef05469c496fc94e77611ada2\",\"name\":\"admin\",\"image\":{\"@type\":\"ImageObject\",\"inLanguage\":\"sq-AL\",\"@id\":\"https:\\\/\\\/fjala.info\\\/2009-2015\\\/wp-content\\\/uploads\\\/2012\\\/02\\\/arben_cokaj-120x150.jpg\",\"url\":\"https:\\\/\\\/fjala.info\\\/2009-2015\\\/wp-content\\\/uploads\\\/2012\\\/02\\\/arben_cokaj-120x150.jpg\",\"contentUrl\":\"https:\\\/\\\/fjala.info\\\/2009-2015\\\/wp-content\\\/uploads\\\/2012\\\/02\\\/arben_cokaj-120x150.jpg\",\"caption\":\"admin\"},\"description\":\"Admin, Fjala e Lir\u00eb\",\"sameAs\":[\"https:\\\/\\\/fjala.info\\\/\"],\"url\":\"https:\\\/\\\/fjala.info\\\/2009-2015\\\/author\\\/admin\\\/\"}]}<\/script>\n<!-- \/ Yoast SEO plugin. -->","yoast_head_json":{"title":"Votat e spicave dhe zgjedhjet n\u00eb Kosov\u00eb! - FjALA e LIR\u00cb - Arkivi","robots":{"index":"index","follow":"follow","max-snippet":"max-snippet:-1","max-image-preview":"max-image-preview:large","max-video-preview":"max-video-preview:-1"},"canonical":"https:\/\/fjala.info\/2009-2015\/votat-e-spicave\/","og_locale":"sq_AL","og_type":"article","og_title":"Votat e spicave dhe zgjedhjet n\u00eb Kosov\u00eb! - FjALA e LIR\u00cb - Arkivi","og_description":"Nga Rrezart Kalaja Bracol\u00ebt\u00eb humoristike lidhur me ngjarjet politike aktuale n\u00eb Kosov\u00eb! K\u00ebto dit\u00eb Kosova i nxehu karriget e politikan\u00ebve pik\u00ebrisht me rastin e zgjedhjeve. Partia ma e madhe e PDK -s\u00eb i fitoj zgjedhjet elektorale u g\u00ebzuam t\u00eb gjith\u00eb i madh e i vog\u00ebl. Po duke hulumtuar doli se PDK-ja me shtylla i kish [&hellip;]","og_url":"https:\/\/fjala.info\/2009-2015\/votat-e-spicave\/","og_site_name":"FjALA e LIR\u00cb - Arkivi","article_published_time":"2014-06-13T07:10:57+00:00","og_image":[{"url":"http:\/\/www.fjala.info\/2014\/thaci_obama.jpg","type":"","width":"","height":""}],"author":"admin","twitter_card":"summary_large_image","twitter_misc":{"Written by":"admin","Est. reading time":"3 minutes"},"schema":{"@context":"https:\/\/schema.org","@graph":[{"@type":"Article","@id":"https:\/\/fjala.info\/2009-2015\/votat-e-spicave\/#article","isPartOf":{"@id":"https:\/\/fjala.info\/2009-2015\/votat-e-spicave\/"},"author":{"name":"admin","@id":"https:\/\/fjala.info\/2009-2015\/#\/schema\/person\/3aa1163ef05469c496fc94e77611ada2"},"headline":"Votat e spicave dhe zgjedhjet n\u00eb Kosov\u00eb!","datePublished":"2014-06-13T07:10:57+00:00","mainEntityOfPage":{"@id":"https:\/\/fjala.info\/2009-2015\/votat-e-spicave\/"},"wordCount":548,"commentCount":0,"publisher":{"@id":"https:\/\/fjala.info\/2009-2015\/#organization"},"image":{"@id":"https:\/\/fjala.info\/2009-2015\/votat-e-spicave\/#primaryimage"},"thumbnailUrl":"http:\/\/www.fjala.info\/2014\/thaci_obama.jpg","articleSection":["Artikuj"],"inLanguage":"sq-AL","potentialAction":[{"@type":"CommentAction","name":"Comment","target":["https:\/\/fjala.info\/2009-2015\/votat-e-spicave\/#respond"]}]},{"@type":"WebPage","@id":"https:\/\/fjala.info\/2009-2015\/votat-e-spicave\/","url":"https:\/\/fjala.info\/2009-2015\/votat-e-spicave\/","name":"Votat e spicave dhe zgjedhjet n\u00eb Kosov\u00eb! - FjALA e LIR\u00cb - Arkivi","isPartOf":{"@id":"https:\/\/fjala.info\/2009-2015\/#website"},"primaryImageOfPage":{"@id":"https:\/\/fjala.info\/2009-2015\/votat-e-spicave\/#primaryimage"},"image":{"@id":"https:\/\/fjala.info\/2009-2015\/votat-e-spicave\/#primaryimage"},"thumbnailUrl":"http:\/\/www.fjala.info\/2014\/thaci_obama.jpg","datePublished":"2014-06-13T07:10:57+00:00","breadcrumb":{"@id":"https:\/\/fjala.info\/2009-2015\/votat-e-spicave\/#breadcrumb"},"inLanguage":"sq-AL","potentialAction":[{"@type":"ReadAction","target":["https:\/\/fjala.info\/2009-2015\/votat-e-spicave\/"]}]},{"@type":"ImageObject","inLanguage":"sq-AL","@id":"https:\/\/fjala.info\/2009-2015\/votat-e-spicave\/#primaryimage","url":"http:\/\/www.fjala.info\/2014\/thaci_obama.jpg","contentUrl":"http:\/\/www.fjala.info\/2014\/thaci_obama.jpg"},{"@type":"BreadcrumbList","@id":"https:\/\/fjala.info\/2009-2015\/votat-e-spicave\/#breadcrumb","itemListElement":[{"@type":"ListItem","position":1,"name":"Home","item":"https:\/\/fjala.info\/2009-2015\/"},{"@type":"ListItem","position":2,"name":"Votat e spicave dhe zgjedhjet n\u00eb Kosov\u00eb!"}]},{"@type":"WebSite","@id":"https:\/\/fjala.info\/2009-2015\/#website","url":"https:\/\/fjala.info\/2009-2015\/","name":"FjALA e LIR\u00cb - Arkivi","description":"Arkivi 2009-2015","publisher":{"@id":"https:\/\/fjala.info\/2009-2015\/#organization"},"potentialAction":[{"@type":"SearchAction","target":{"@type":"EntryPoint","urlTemplate":"https:\/\/fjala.info\/2009-2015\/?s={search_term_string}"},"query-input":{"@type":"PropertyValueSpecification","valueRequired":true,"valueName":"search_term_string"}}],"inLanguage":"sq-AL"},{"@type":"Organization","@id":"https:\/\/fjala.info\/2009-2015\/#organization","name":"FjALA e LIR\u00cb - Arkivi","url":"https:\/\/fjala.info\/2009-2015\/","logo":{"@type":"ImageObject","inLanguage":"sq-AL","@id":"https:\/\/fjala.info\/2009-2015\/#\/schema\/logo\/image\/","url":"","contentUrl":"","caption":"FjALA e LIR\u00cb - Arkivi"},"image":{"@id":"https:\/\/fjala.info\/2009-2015\/#\/schema\/logo\/image\/"}},{"@type":"Person","@id":"https:\/\/fjala.info\/2009-2015\/#\/schema\/person\/3aa1163ef05469c496fc94e77611ada2","name":"admin","image":{"@type":"ImageObject","inLanguage":"sq-AL","@id":"https:\/\/fjala.info\/2009-2015\/wp-content\/uploads\/2012\/02\/arben_cokaj-120x150.jpg","url":"https:\/\/fjala.info\/2009-2015\/wp-content\/uploads\/2012\/02\/arben_cokaj-120x150.jpg","contentUrl":"https:\/\/fjala.info\/2009-2015\/wp-content\/uploads\/2012\/02\/arben_cokaj-120x150.jpg","caption":"admin"},"description":"Admin, Fjala e Lir\u00eb","sameAs":["https:\/\/fjala.info\/"],"url":"https:\/\/fjala.info\/2009-2015\/author\/admin\/"}]}},"_links":{"self":[{"href":"https:\/\/fjala.info\/2009-2015\/wp-json\/wp\/v2\/posts\/13595","targetHints":{"allow":["GET"]}}],"collection":[{"href":"https:\/\/fjala.info\/2009-2015\/wp-json\/wp\/v2\/posts"}],"about":[{"href":"https:\/\/fjala.info\/2009-2015\/wp-json\/wp\/v2\/types\/post"}],"author":[{"embeddable":true,"href":"https:\/\/fjala.info\/2009-2015\/wp-json\/wp\/v2\/users\/1"}],"replies":[{"embeddable":true,"href":"https:\/\/fjala.info\/2009-2015\/wp-json\/wp\/v2\/comments?post=13595"}],"version-history":[{"count":0,"href":"https:\/\/fjala.info\/2009-2015\/wp-json\/wp\/v2\/posts\/13595\/revisions"}],"wp:attachment":[{"href":"https:\/\/fjala.info\/2009-2015\/wp-json\/wp\/v2\/media?parent=13595"}],"wp:term":[{"taxonomy":"category","embeddable":true,"href":"https:\/\/fjala.info\/2009-2015\/wp-json\/wp\/v2\/categories?post=13595"},{"taxonomy":"post_tag","embeddable":true,"href":"https:\/\/fjala.info\/2009-2015\/wp-json\/wp\/v2\/tags?post=13595"}],"curies":[{"name":"wp","href":"https:\/\/api.w.org\/{rel}","templated":true}]}}