{"id":13594,"date":"2014-06-13T07:58:10","date_gmt":"2014-06-13T06:58:10","guid":{"rendered":"http:\/\/www.fjala.info\/?p=1331"},"modified":"2014-06-13T07:58:10","modified_gmt":"2014-06-13T06:58:10","slug":"perdhosja-e-pasaportes-kosovare-ne-siri-akt-barbar-terrorist-dhe-antikombetar","status":"publish","type":"post","link":"https:\/\/fjala.info\/2009-2015\/perdhosja-e-pasaportes-kosovare-ne-siri-akt-barbar-terrorist-dhe-antikombetar\/","title":{"rendered":"P\u00ebrdhosja e pasaport\u00ebs kosovare n\u00eb Siri akt barbar, terrorist dhe antikomb\u00ebtar!"},"content":{"rendered":"<p><img decoding=\"async\" class=\"alignleft size-thumbnail wp-image-7236\" title=\"Asllan Dibrani\" src=\"http:\/\/www.fjala.info\/2014\/asllan_dibrani.jpg\" alt=\"\" width=\"150\" \/> Nga <strong>Asllan Dibrani<\/strong>, art@asllandibrani.com<\/p>\n<p>Muhaxhedin\u00ebt dhe fundamentalizmi islamik&#8221;shqiptar&#8221; n\u00eb Kosov\u00eb u p\u00ebrshkall\u00ebzuar edhe k\u00ebto dit\u00eb nga nx\u00ebn\u00ebsit e xhihadit me akte t\u00eb reja terroriste kund\u00ebr Kosov\u00ebs! Ja, populli im i dashur k\u00ebto jan\u00eb rezultatet fam\u00ebkeqe dhe m\u00eb t\u00eb turpshme t\u00eb historis\u00eb shqiptare t\u00eb b\u00ebra nga njer\u00ebzit, si Shefqet Krasniqi, Fuad Ramiqi, Jeton Sfirca, G\u00ebzim Kelmend, Ferid Agani etj, q\u00eb prodhojn\u00eb grupe, grupe njer\u00ebzish barbar, q\u00eb p\u00ebr interesat e huaja e djegin, dhunojn\u00eb, vrasin dhe e shuajn\u00eb qenien ton\u00eb komb\u00ebtare.<\/p>\n<p>K\u00ebto jan\u00eb aktet dhe faktet m\u00eb t\u00eb tmerrshme p\u00ebr imazhin e vendit ton\u00eb q\u00eb aq shum\u00eb vuajti nga barbar\u00ebt dhe regjimet e nj\u00ebpasnj\u00ebshme. Tash n\u00eb vend q\u00eb Kosova t\u00eb b\u00ebhet shembull i mire n\u00eb Evrop\u00eb, p\u00ebr t&#8217;u tregu vendeve bot\u00ebrore q\u00eb ne e desh\u00ebm lirin\u00eb dhe e duam integrimin. Ja armiqt\u00eb e radh\u00ebs pra, armiku aktual q\u00eb po masakron dhe po fut n\u00eb humner\u00eb vendin nga k\u00ebta njer\u00ebz direkt t\u00eb invalvuar nga qarqet serbosllave e p\u00ebrdhunos\u00ebn pasaport\u00ebn e Kosov\u00ebs n\u00eb Siri. Muhaxhedinet mercenar, e mohojn\u00eb p\u00ebrkat\u00ebsin\u00eb tjet\u00ebr t\u00eb tyre dhe thon\u00eb q\u00eb jan\u00eb vet\u00ebm mysliman.<\/p>\n<p><img decoding=\"async\" class=\"aligncenter size-thumbnail wp-image-7236\" title=\"Djegia n\u00eb Siri e pasaport\u00ebs kosovare\" src=\"http:\/\/www.fjala.info\/2014\/djegia_pass_kosova.jpg\" alt=\"\" width=\"400\" \/><br \/>\nAta n\u00eb shenj\u00eb mohimi t\u00eb identitetit kosovar i dogj\u00ebn pasaportat kosovare t\u00eb p\u00ebrcjellura me mjetet e informimit t\u00eb Serbis\u00eb si\u00e7 keni rastin ta shohim p\u00ebrmes Videos! Fatkeq\u00ebsia, rr\u00ebnimi dhe vetizolimi ndaj Evrop\u00ebs dhe drejt Amerik\u00ebs, po shkon drejt shkall\u00ebzimit q\u00eb sinjalizon nj\u00eb mesazh t\u00eb keq t\u00eb k\u00ebtij populli qe po rrin\u00eb spektator ndaj aktor\u00ebve q\u00eb po i mihin varrin e Kosov\u00ebs. Po, qese nuk i japim grusht t\u00eb fort k\u00ebtyre fund\u00ebrrinave dhe mercenar\u00ebve antikomb\u00ebtar dhe antikosovar, vendi do merr rrug\u00ebn e Siris\u00eb, Libis\u00eb dhe e k\u00ebtyre vendeve m\u00eb fam\u00ebkeqe t\u00eb planetit, q\u00eb dita dit\u00ebs.<\/p>\n<p>Ky sekt i v\u00ebllaz\u00ebris\u00eb myslimane jan\u00eb duke ja pir\u00eb gjakun njeri tjetrit, duke i thyer edhe rregullat e kuranit q\u00eb e therrin n\u00eb fyt njeriun q\u00eb \u00ebsht\u00eb me nj\u00eb bindje dhe fe tjet\u00ebr, apo edhe duke e ngr\u00ebn\u00eb edhe mishin e qenit, q\u00eb me kuran \u00ebsht\u00eb i ndaluar edhe i derrit e lere ma t\u00eb qenit !!!???&#8230; Pra mos rrini duar kryq sepse \u00e7do neglizhenc\u00eb e jona do t\u00eb na kushtoj me nj\u00eb v\u00ebllavrasje dhe me nj\u00eb luft\u00eb t\u00eb pa shmangshme civile, drejt nj\u00eb prapambetje, dhune, izolimi varf\u00ebrie dhe vet\u00ebvrasje t\u00eb pa shembullt.<\/p>\n<p>&#8211; Djegia e pasaport\u00ebs s\u00eb Kosov\u00ebs dhe flamurit i shoq\u00ebruar n\u00eb at\u00eb pasaport\u00eb \u00ebsht\u00eb nj\u00eb akt barbar, nj\u00eb vep\u00ebr kriminale dhe armiq\u00ebsore ndaj vlerave t\u00eb U\u00c7K-\u00ebs dhe luft\u00ebtar\u00ebve t\u00eb saj!Edhe se e konsideroj q\u00eb ky flamur dhe kjo pasaport\u00eb duhet t\u00eb shkrihet n\u00eb nj\u00eb, at\u00eb t\u00eb shtetit t\u00eb ardhsh\u00ebm shqiptar, n\u00eb nj\u00eb Shqip\u00ebri t\u00eb bashkuar&#8230; Ky akt i ekstremizmit fetar islamik tek shqiptar\u00ebt, i dirigjuar nga qarqe t\u00eb huaja po e cenon vet territorin ton\u00eb p\u00ebr tok\u00ebn e Shamit, p\u00ebr Irak e p\u00ebr Iran! Fundamentalizmi islamik n\u00eb Kosov\u00eb i shoq\u00ebruar me vepra terroriste, \u00ebsht\u00eb kund\u00ebr luft\u00ebs s\u00eb shenjt\u00eb shekullore q\u00eb e b\u00ebri populli i Kosov\u00ebs p\u00ebr t&#8217;a hequr \u00e7izmen e Serbis\u00eb, t\u00eb Turqis\u00eb, t\u00eb Italis\u00eb t\u00eb Austro-Hungaris\u00eb e t\u00eb dreqit e t\u00eb birit nga Kosova!<\/p>\n<p>P\u00ebrdhunosja e pasaport\u00ebs s\u00eb Kosov\u00ebs n\u00eb Siri \u00ebsht\u00eb n\u00eb kund\u00ebrshtim me qindra e mij\u00ebra student, profesor dhe intelektual q\u00eb u dergj\u00ebm n\u00eb burgjet serbosllave, p\u00ebr ta pavar\u00ebsuar Kosov\u00ebn. K\u00ebta m\u00ebrcenar dhe mbeturina t\u00eb popullit shqiptar, po e shfryt\u00ebzojn\u00eb edhe munges\u00ebn e shtetit dhe ligjit q\u00eb nuk funksionon n\u00eb proporcion me interesat tona komb\u00ebtare. O zot ruaje kombin ton\u00eb shqiptar nga vet shqiptar\u00ebt!!!???&#8230;<\/p>\n<p>Shiko videon me posht\u00eb kliko<\/p>\n<p><center><iframe loading=\"lazy\" src=\"\/\/www.youtube.com\/embed\/4J7l6RyZkb0\" width=\"560\" height=\"315\" frameborder=\"0\" allowfullscreen=\"allowfullscreen\"><\/iframe><\/center><\/p>\n","protected":false},"excerpt":{"rendered":"<p>Nga Asllan Dibrani, art@asllandibrani.com Muhaxhedin\u00ebt dhe fundamentalizmi islamik&#8221;shqiptar&#8221; n\u00eb Kosov\u00eb u p\u00ebrshkall\u00ebzuar edhe k\u00ebto dit\u00eb nga nx\u00ebn\u00ebsit e xhihadit me akte t\u00eb reja terroriste kund\u00ebr Kosov\u00ebs! Ja, populli im i dashur k\u00ebto jan\u00eb rezultatet fam\u00ebkeqe dhe m\u00eb t\u00eb turpshme t\u00eb historis\u00eb shqiptare t\u00eb b\u00ebra nga njer\u00ebzit, si Shefqet Krasniqi, Fuad Ramiqi, Jeton Sfirca, G\u00ebzim Kelmend, [&hellip;]<\/p>\n","protected":false},"author":1,"featured_media":0,"comment_status":"open","ping_status":"closed","sticky":false,"template":"","format":"standard","meta":{"footnotes":""},"categories":[2],"tags":[],"class_list":{"0":"post-13594","1":"post","2":"type-post","3":"status-publish","4":"format-standard","6":"category-artikuj"},"yoast_head":"<!-- This site is optimized with the Yoast SEO plugin v27.4 - https:\/\/yoast.com\/product\/yoast-seo-wordpress\/ -->\n<title>P\u00ebrdhosja e pasaport\u00ebs kosovare n\u00eb Siri akt barbar, terrorist dhe antikomb\u00ebtar! - FjALA e LIR\u00cb - Arkivi<\/title>\n<meta name=\"robots\" content=\"index, follow, max-snippet:-1, max-image-preview:large, max-video-preview:-1\" \/>\n<link rel=\"canonical\" href=\"https:\/\/fjala.info\/2009-2015\/perdhosja-e-pasaportes-kosovare-ne-siri-akt-barbar-terrorist-dhe-antikombetar\/\" \/>\n<meta property=\"og:locale\" content=\"sq_AL\" \/>\n<meta property=\"og:type\" content=\"article\" \/>\n<meta property=\"og:title\" content=\"P\u00ebrdhosja e pasaport\u00ebs kosovare n\u00eb Siri akt barbar, terrorist dhe antikomb\u00ebtar! - FjALA e LIR\u00cb - Arkivi\" \/>\n<meta property=\"og:description\" content=\"Nga Asllan Dibrani, art@asllandibrani.com Muhaxhedin\u00ebt dhe fundamentalizmi islamik&#8221;shqiptar&#8221; n\u00eb Kosov\u00eb u p\u00ebrshkall\u00ebzuar edhe k\u00ebto dit\u00eb nga nx\u00ebn\u00ebsit e xhihadit me akte t\u00eb reja terroriste kund\u00ebr Kosov\u00ebs! Ja, populli im i dashur k\u00ebto jan\u00eb rezultatet fam\u00ebkeqe dhe m\u00eb t\u00eb turpshme t\u00eb historis\u00eb shqiptare t\u00eb b\u00ebra nga njer\u00ebzit, si Shefqet Krasniqi, Fuad Ramiqi, Jeton Sfirca, G\u00ebzim Kelmend, [&hellip;]\" \/>\n<meta property=\"og:url\" content=\"https:\/\/fjala.info\/2009-2015\/perdhosja-e-pasaportes-kosovare-ne-siri-akt-barbar-terrorist-dhe-antikombetar\/\" \/>\n<meta property=\"og:site_name\" content=\"FjALA e LIR\u00cb - Arkivi\" \/>\n<meta property=\"article:published_time\" content=\"2014-06-13T06:58:10+00:00\" \/>\n<meta property=\"og:image\" content=\"http:\/\/www.fjala.info\/2014\/asllan_dibrani.jpg\" \/>\n<meta name=\"author\" content=\"admin\" \/>\n<meta name=\"twitter:card\" content=\"summary_large_image\" \/>\n<meta name=\"twitter:label1\" content=\"Written by\" \/>\n\t<meta name=\"twitter:data1\" content=\"admin\" \/>\n\t<meta name=\"twitter:label2\" content=\"Est. reading time\" \/>\n\t<meta name=\"twitter:data2\" content=\"3 minutes\" \/>\n<script type=\"application\/ld+json\" class=\"yoast-schema-graph\">{\"@context\":\"https:\\\/\\\/schema.org\",\"@graph\":[{\"@type\":\"Article\",\"@id\":\"https:\\\/\\\/fjala.info\\\/2009-2015\\\/perdhosja-e-pasaportes-kosovare-ne-siri-akt-barbar-terrorist-dhe-antikombetar\\\/#article\",\"isPartOf\":{\"@id\":\"https:\\\/\\\/fjala.info\\\/2009-2015\\\/perdhosja-e-pasaportes-kosovare-ne-siri-akt-barbar-terrorist-dhe-antikombetar\\\/\"},\"author\":{\"name\":\"admin\",\"@id\":\"https:\\\/\\\/fjala.info\\\/2009-2015\\\/#\\\/schema\\\/person\\\/3aa1163ef05469c496fc94e77611ada2\"},\"headline\":\"P\u00ebrdhosja e pasaport\u00ebs kosovare n\u00eb Siri akt barbar, terrorist dhe antikomb\u00ebtar!\",\"datePublished\":\"2014-06-13T06:58:10+00:00\",\"mainEntityOfPage\":{\"@id\":\"https:\\\/\\\/fjala.info\\\/2009-2015\\\/perdhosja-e-pasaportes-kosovare-ne-siri-akt-barbar-terrorist-dhe-antikombetar\\\/\"},\"wordCount\":671,\"commentCount\":0,\"publisher\":{\"@id\":\"https:\\\/\\\/fjala.info\\\/2009-2015\\\/#organization\"},\"image\":{\"@id\":\"https:\\\/\\\/fjala.info\\\/2009-2015\\\/perdhosja-e-pasaportes-kosovare-ne-siri-akt-barbar-terrorist-dhe-antikombetar\\\/#primaryimage\"},\"thumbnailUrl\":\"http:\\\/\\\/www.fjala.info\\\/2014\\\/asllan_dibrani.jpg\",\"articleSection\":[\"Artikuj\"],\"inLanguage\":\"sq-AL\",\"potentialAction\":[{\"@type\":\"CommentAction\",\"name\":\"Comment\",\"target\":[\"https:\\\/\\\/fjala.info\\\/2009-2015\\\/perdhosja-e-pasaportes-kosovare-ne-siri-akt-barbar-terrorist-dhe-antikombetar\\\/#respond\"]}]},{\"@type\":\"WebPage\",\"@id\":\"https:\\\/\\\/fjala.info\\\/2009-2015\\\/perdhosja-e-pasaportes-kosovare-ne-siri-akt-barbar-terrorist-dhe-antikombetar\\\/\",\"url\":\"https:\\\/\\\/fjala.info\\\/2009-2015\\\/perdhosja-e-pasaportes-kosovare-ne-siri-akt-barbar-terrorist-dhe-antikombetar\\\/\",\"name\":\"P\u00ebrdhosja e pasaport\u00ebs kosovare n\u00eb Siri akt barbar, terrorist dhe antikomb\u00ebtar! - FjALA e LIR\u00cb - Arkivi\",\"isPartOf\":{\"@id\":\"https:\\\/\\\/fjala.info\\\/2009-2015\\\/#website\"},\"primaryImageOfPage\":{\"@id\":\"https:\\\/\\\/fjala.info\\\/2009-2015\\\/perdhosja-e-pasaportes-kosovare-ne-siri-akt-barbar-terrorist-dhe-antikombetar\\\/#primaryimage\"},\"image\":{\"@id\":\"https:\\\/\\\/fjala.info\\\/2009-2015\\\/perdhosja-e-pasaportes-kosovare-ne-siri-akt-barbar-terrorist-dhe-antikombetar\\\/#primaryimage\"},\"thumbnailUrl\":\"http:\\\/\\\/www.fjala.info\\\/2014\\\/asllan_dibrani.jpg\",\"datePublished\":\"2014-06-13T06:58:10+00:00\",\"breadcrumb\":{\"@id\":\"https:\\\/\\\/fjala.info\\\/2009-2015\\\/perdhosja-e-pasaportes-kosovare-ne-siri-akt-barbar-terrorist-dhe-antikombetar\\\/#breadcrumb\"},\"inLanguage\":\"sq-AL\",\"potentialAction\":[{\"@type\":\"ReadAction\",\"target\":[\"https:\\\/\\\/fjala.info\\\/2009-2015\\\/perdhosja-e-pasaportes-kosovare-ne-siri-akt-barbar-terrorist-dhe-antikombetar\\\/\"]}]},{\"@type\":\"ImageObject\",\"inLanguage\":\"sq-AL\",\"@id\":\"https:\\\/\\\/fjala.info\\\/2009-2015\\\/perdhosja-e-pasaportes-kosovare-ne-siri-akt-barbar-terrorist-dhe-antikombetar\\\/#primaryimage\",\"url\":\"http:\\\/\\\/www.fjala.info\\\/2014\\\/asllan_dibrani.jpg\",\"contentUrl\":\"http:\\\/\\\/www.fjala.info\\\/2014\\\/asllan_dibrani.jpg\"},{\"@type\":\"BreadcrumbList\",\"@id\":\"https:\\\/\\\/fjala.info\\\/2009-2015\\\/perdhosja-e-pasaportes-kosovare-ne-siri-akt-barbar-terrorist-dhe-antikombetar\\\/#breadcrumb\",\"itemListElement\":[{\"@type\":\"ListItem\",\"position\":1,\"name\":\"Home\",\"item\":\"https:\\\/\\\/fjala.info\\\/2009-2015\\\/\"},{\"@type\":\"ListItem\",\"position\":2,\"name\":\"P\u00ebrdhosja e pasaport\u00ebs kosovare n\u00eb Siri akt barbar, terrorist dhe antikomb\u00ebtar!\"}]},{\"@type\":\"WebSite\",\"@id\":\"https:\\\/\\\/fjala.info\\\/2009-2015\\\/#website\",\"url\":\"https:\\\/\\\/fjala.info\\\/2009-2015\\\/\",\"name\":\"FjALA e LIR\u00cb - Arkivi\",\"description\":\"Arkivi 2009-2015\",\"publisher\":{\"@id\":\"https:\\\/\\\/fjala.info\\\/2009-2015\\\/#organization\"},\"potentialAction\":[{\"@type\":\"SearchAction\",\"target\":{\"@type\":\"EntryPoint\",\"urlTemplate\":\"https:\\\/\\\/fjala.info\\\/2009-2015\\\/?s={search_term_string}\"},\"query-input\":{\"@type\":\"PropertyValueSpecification\",\"valueRequired\":true,\"valueName\":\"search_term_string\"}}],\"inLanguage\":\"sq-AL\"},{\"@type\":\"Organization\",\"@id\":\"https:\\\/\\\/fjala.info\\\/2009-2015\\\/#organization\",\"name\":\"FjALA e LIR\u00cb - Arkivi\",\"url\":\"https:\\\/\\\/fjala.info\\\/2009-2015\\\/\",\"logo\":{\"@type\":\"ImageObject\",\"inLanguage\":\"sq-AL\",\"@id\":\"https:\\\/\\\/fjala.info\\\/2009-2015\\\/#\\\/schema\\\/logo\\\/image\\\/\",\"url\":\"\",\"contentUrl\":\"\",\"caption\":\"FjALA e LIR\u00cb - Arkivi\"},\"image\":{\"@id\":\"https:\\\/\\\/fjala.info\\\/2009-2015\\\/#\\\/schema\\\/logo\\\/image\\\/\"}},{\"@type\":\"Person\",\"@id\":\"https:\\\/\\\/fjala.info\\\/2009-2015\\\/#\\\/schema\\\/person\\\/3aa1163ef05469c496fc94e77611ada2\",\"name\":\"admin\",\"image\":{\"@type\":\"ImageObject\",\"inLanguage\":\"sq-AL\",\"@id\":\"https:\\\/\\\/fjala.info\\\/2009-2015\\\/wp-content\\\/uploads\\\/2012\\\/02\\\/arben_cokaj-120x150.jpg\",\"url\":\"https:\\\/\\\/fjala.info\\\/2009-2015\\\/wp-content\\\/uploads\\\/2012\\\/02\\\/arben_cokaj-120x150.jpg\",\"contentUrl\":\"https:\\\/\\\/fjala.info\\\/2009-2015\\\/wp-content\\\/uploads\\\/2012\\\/02\\\/arben_cokaj-120x150.jpg\",\"caption\":\"admin\"},\"description\":\"Admin, Fjala e Lir\u00eb\",\"sameAs\":[\"https:\\\/\\\/fjala.info\\\/\"],\"url\":\"https:\\\/\\\/fjala.info\\\/2009-2015\\\/author\\\/admin\\\/\"}]}<\/script>\n<!-- \/ Yoast SEO plugin. -->","yoast_head_json":{"title":"P\u00ebrdhosja e pasaport\u00ebs kosovare n\u00eb Siri akt barbar, terrorist dhe antikomb\u00ebtar! - FjALA e LIR\u00cb - Arkivi","robots":{"index":"index","follow":"follow","max-snippet":"max-snippet:-1","max-image-preview":"max-image-preview:large","max-video-preview":"max-video-preview:-1"},"canonical":"https:\/\/fjala.info\/2009-2015\/perdhosja-e-pasaportes-kosovare-ne-siri-akt-barbar-terrorist-dhe-antikombetar\/","og_locale":"sq_AL","og_type":"article","og_title":"P\u00ebrdhosja e pasaport\u00ebs kosovare n\u00eb Siri akt barbar, terrorist dhe antikomb\u00ebtar! - FjALA e LIR\u00cb - Arkivi","og_description":"Nga Asllan Dibrani, art@asllandibrani.com Muhaxhedin\u00ebt dhe fundamentalizmi islamik&#8221;shqiptar&#8221; n\u00eb Kosov\u00eb u p\u00ebrshkall\u00ebzuar edhe k\u00ebto dit\u00eb nga nx\u00ebn\u00ebsit e xhihadit me akte t\u00eb reja terroriste kund\u00ebr Kosov\u00ebs! Ja, populli im i dashur k\u00ebto jan\u00eb rezultatet fam\u00ebkeqe dhe m\u00eb t\u00eb turpshme t\u00eb historis\u00eb shqiptare t\u00eb b\u00ebra nga njer\u00ebzit, si Shefqet Krasniqi, Fuad Ramiqi, Jeton Sfirca, G\u00ebzim Kelmend, [&hellip;]","og_url":"https:\/\/fjala.info\/2009-2015\/perdhosja-e-pasaportes-kosovare-ne-siri-akt-barbar-terrorist-dhe-antikombetar\/","og_site_name":"FjALA e LIR\u00cb - Arkivi","article_published_time":"2014-06-13T06:58:10+00:00","og_image":[{"url":"http:\/\/www.fjala.info\/2014\/asllan_dibrani.jpg","type":"","width":"","height":""}],"author":"admin","twitter_card":"summary_large_image","twitter_misc":{"Written by":"admin","Est. reading time":"3 minutes"},"schema":{"@context":"https:\/\/schema.org","@graph":[{"@type":"Article","@id":"https:\/\/fjala.info\/2009-2015\/perdhosja-e-pasaportes-kosovare-ne-siri-akt-barbar-terrorist-dhe-antikombetar\/#article","isPartOf":{"@id":"https:\/\/fjala.info\/2009-2015\/perdhosja-e-pasaportes-kosovare-ne-siri-akt-barbar-terrorist-dhe-antikombetar\/"},"author":{"name":"admin","@id":"https:\/\/fjala.info\/2009-2015\/#\/schema\/person\/3aa1163ef05469c496fc94e77611ada2"},"headline":"P\u00ebrdhosja e pasaport\u00ebs kosovare n\u00eb Siri akt barbar, terrorist dhe antikomb\u00ebtar!","datePublished":"2014-06-13T06:58:10+00:00","mainEntityOfPage":{"@id":"https:\/\/fjala.info\/2009-2015\/perdhosja-e-pasaportes-kosovare-ne-siri-akt-barbar-terrorist-dhe-antikombetar\/"},"wordCount":671,"commentCount":0,"publisher":{"@id":"https:\/\/fjala.info\/2009-2015\/#organization"},"image":{"@id":"https:\/\/fjala.info\/2009-2015\/perdhosja-e-pasaportes-kosovare-ne-siri-akt-barbar-terrorist-dhe-antikombetar\/#primaryimage"},"thumbnailUrl":"http:\/\/www.fjala.info\/2014\/asllan_dibrani.jpg","articleSection":["Artikuj"],"inLanguage":"sq-AL","potentialAction":[{"@type":"CommentAction","name":"Comment","target":["https:\/\/fjala.info\/2009-2015\/perdhosja-e-pasaportes-kosovare-ne-siri-akt-barbar-terrorist-dhe-antikombetar\/#respond"]}]},{"@type":"WebPage","@id":"https:\/\/fjala.info\/2009-2015\/perdhosja-e-pasaportes-kosovare-ne-siri-akt-barbar-terrorist-dhe-antikombetar\/","url":"https:\/\/fjala.info\/2009-2015\/perdhosja-e-pasaportes-kosovare-ne-siri-akt-barbar-terrorist-dhe-antikombetar\/","name":"P\u00ebrdhosja e pasaport\u00ebs kosovare n\u00eb Siri akt barbar, terrorist dhe antikomb\u00ebtar! - FjALA e LIR\u00cb - Arkivi","isPartOf":{"@id":"https:\/\/fjala.info\/2009-2015\/#website"},"primaryImageOfPage":{"@id":"https:\/\/fjala.info\/2009-2015\/perdhosja-e-pasaportes-kosovare-ne-siri-akt-barbar-terrorist-dhe-antikombetar\/#primaryimage"},"image":{"@id":"https:\/\/fjala.info\/2009-2015\/perdhosja-e-pasaportes-kosovare-ne-siri-akt-barbar-terrorist-dhe-antikombetar\/#primaryimage"},"thumbnailUrl":"http:\/\/www.fjala.info\/2014\/asllan_dibrani.jpg","datePublished":"2014-06-13T06:58:10+00:00","breadcrumb":{"@id":"https:\/\/fjala.info\/2009-2015\/perdhosja-e-pasaportes-kosovare-ne-siri-akt-barbar-terrorist-dhe-antikombetar\/#breadcrumb"},"inLanguage":"sq-AL","potentialAction":[{"@type":"ReadAction","target":["https:\/\/fjala.info\/2009-2015\/perdhosja-e-pasaportes-kosovare-ne-siri-akt-barbar-terrorist-dhe-antikombetar\/"]}]},{"@type":"ImageObject","inLanguage":"sq-AL","@id":"https:\/\/fjala.info\/2009-2015\/perdhosja-e-pasaportes-kosovare-ne-siri-akt-barbar-terrorist-dhe-antikombetar\/#primaryimage","url":"http:\/\/www.fjala.info\/2014\/asllan_dibrani.jpg","contentUrl":"http:\/\/www.fjala.info\/2014\/asllan_dibrani.jpg"},{"@type":"BreadcrumbList","@id":"https:\/\/fjala.info\/2009-2015\/perdhosja-e-pasaportes-kosovare-ne-siri-akt-barbar-terrorist-dhe-antikombetar\/#breadcrumb","itemListElement":[{"@type":"ListItem","position":1,"name":"Home","item":"https:\/\/fjala.info\/2009-2015\/"},{"@type":"ListItem","position":2,"name":"P\u00ebrdhosja e pasaport\u00ebs kosovare n\u00eb Siri akt barbar, terrorist dhe antikomb\u00ebtar!"}]},{"@type":"WebSite","@id":"https:\/\/fjala.info\/2009-2015\/#website","url":"https:\/\/fjala.info\/2009-2015\/","name":"FjALA e LIR\u00cb - Arkivi","description":"Arkivi 2009-2015","publisher":{"@id":"https:\/\/fjala.info\/2009-2015\/#organization"},"potentialAction":[{"@type":"SearchAction","target":{"@type":"EntryPoint","urlTemplate":"https:\/\/fjala.info\/2009-2015\/?s={search_term_string}"},"query-input":{"@type":"PropertyValueSpecification","valueRequired":true,"valueName":"search_term_string"}}],"inLanguage":"sq-AL"},{"@type":"Organization","@id":"https:\/\/fjala.info\/2009-2015\/#organization","name":"FjALA e LIR\u00cb - Arkivi","url":"https:\/\/fjala.info\/2009-2015\/","logo":{"@type":"ImageObject","inLanguage":"sq-AL","@id":"https:\/\/fjala.info\/2009-2015\/#\/schema\/logo\/image\/","url":"","contentUrl":"","caption":"FjALA e LIR\u00cb - Arkivi"},"image":{"@id":"https:\/\/fjala.info\/2009-2015\/#\/schema\/logo\/image\/"}},{"@type":"Person","@id":"https:\/\/fjala.info\/2009-2015\/#\/schema\/person\/3aa1163ef05469c496fc94e77611ada2","name":"admin","image":{"@type":"ImageObject","inLanguage":"sq-AL","@id":"https:\/\/fjala.info\/2009-2015\/wp-content\/uploads\/2012\/02\/arben_cokaj-120x150.jpg","url":"https:\/\/fjala.info\/2009-2015\/wp-content\/uploads\/2012\/02\/arben_cokaj-120x150.jpg","contentUrl":"https:\/\/fjala.info\/2009-2015\/wp-content\/uploads\/2012\/02\/arben_cokaj-120x150.jpg","caption":"admin"},"description":"Admin, Fjala e Lir\u00eb","sameAs":["https:\/\/fjala.info\/"],"url":"https:\/\/fjala.info\/2009-2015\/author\/admin\/"}]}},"_links":{"self":[{"href":"https:\/\/fjala.info\/2009-2015\/wp-json\/wp\/v2\/posts\/13594","targetHints":{"allow":["GET"]}}],"collection":[{"href":"https:\/\/fjala.info\/2009-2015\/wp-json\/wp\/v2\/posts"}],"about":[{"href":"https:\/\/fjala.info\/2009-2015\/wp-json\/wp\/v2\/types\/post"}],"author":[{"embeddable":true,"href":"https:\/\/fjala.info\/2009-2015\/wp-json\/wp\/v2\/users\/1"}],"replies":[{"embeddable":true,"href":"https:\/\/fjala.info\/2009-2015\/wp-json\/wp\/v2\/comments?post=13594"}],"version-history":[{"count":0,"href":"https:\/\/fjala.info\/2009-2015\/wp-json\/wp\/v2\/posts\/13594\/revisions"}],"wp:attachment":[{"href":"https:\/\/fjala.info\/2009-2015\/wp-json\/wp\/v2\/media?parent=13594"}],"wp:term":[{"taxonomy":"category","embeddable":true,"href":"https:\/\/fjala.info\/2009-2015\/wp-json\/wp\/v2\/categories?post=13594"},{"taxonomy":"post_tag","embeddable":true,"href":"https:\/\/fjala.info\/2009-2015\/wp-json\/wp\/v2\/tags?post=13594"}],"curies":[{"name":"wp","href":"https:\/\/api.w.org\/{rel}","templated":true}]}}