{"id":13592,"date":"2014-06-12T07:19:52","date_gmt":"2014-06-12T06:19:52","guid":{"rendered":"http:\/\/www.fjala.info\/?p=1327"},"modified":"2014-06-12T07:19:52","modified_gmt":"2014-06-12T06:19:52","slug":"islamizmi-ekstremist-ne-kosove-miqesi-te-perhershme-me-qeverite-e-serbise-madje-edhe-te-perkedhelur-nga-sllobodan-millosheviqi","status":"publish","type":"post","link":"https:\/\/fjala.info\/2009-2015\/islamizmi-ekstremist-ne-kosove-miqesi-te-perhershme-me-qeverite-e-serbise-madje-edhe-te-perkedhelur-nga-sllobodan-millosheviqi\/","title":{"rendered":"Islamizmi ekstremist n\u00eb Kosov\u00eb, miq\u00ebsi t\u00eb p\u00ebrhershme me qeverit\u00eb e Serbis\u00eb, madje edhe t\u00eb p\u00ebrk\u00ebdhelur nga Sllobodan Millosheviqi!!!"},"content":{"rendered":"<p>Shkruan <strong>Rrezart Kalaja<\/strong><\/p>\n<p>N\u00eb zgjedhjet nacionale konkurruan edhe PD me Ferid Aganin ajo NDZh-ja e Amir Ahmetit, si dhe LISBA, \u201cL\u00ebvizja Islame Bashkohu\u201d, q\u00eb vazhdojn\u00eb nj\u00eb aktivitet antikomb\u00ebtar. Krenimi i k\u00ebtyre forcave te err\u00ebta nga p\u00ebrfaq\u00ebsuesit e k\u00ebtyre partive se ne Kosove jan\u00eb mbi 800 xhami ne vend qe te luftojne m ei bere 800 fabrika?!<\/p>\n<p>N\u00eb Kosov\u00eb tashm\u00eb jan\u00eb tri parti q\u00eb me aktivitete jan\u00eb me orientim fetar islamik. \u00cbsht\u00eb \u201cPartia e Drejt\u00ebsis\u00eb\u201d (PD) e Ferid Aganit, \u201cNisma p\u00ebr Drejt\u00ebsi dhe Zhvillim\u201d (NDZh) e Amir Ahmetit, \u201cL\u00ebvizja Islame Bashkohu\u201d\/ LISBA e Arsim Krasniqit dh Fuad Ramiqit.<\/p>\n<p><a href=\"http:\/\/www.fjala.info\/2014\/islamizimi_kosoves.jpg\"><img decoding=\"async\" class=\"aligncenter size-thumbnail wp-image-7236\" title=\"Islamizimi i Kosov\u00ebs\" src=\"http:\/\/www.fjala.info\/2014\/islamizimi_kosoves.jpg\" alt=\"\" width=\"500\" \/><\/a><br \/>\nFigurat q\u00eb p\u00ebrfaq\u00ebsojn\u00eb ekstremizmin fetar n\u00eb Kosov\u00eb si\u00e7 jan\u00eb: <em>Shefqet Krasniqi, Naim Ternava, Fuad Ramiqi, Milazim Krasniqi, Irfan Salihu, Ferid Agani, G\u00ebzim K\u00eblmendi dhe Amir Ahmeti<\/em> t\u00eb p\u00ebrk\u00ebdhelur gjithmon\u00eb nga pushtuesit e huaj madje edhe nga kryekasapi i Ballkanit Sllobodan Millosheviqi q\u00eb financonte n\u00eb shkollimin e hoxhallar\u00ebve n\u00eb Kosov\u00eb. N\u00eb ish Jugosllavi edhe rus kane luajtur rolin e hoxhallar\u00ebve duke u shkolluar nga Moska dhe Beogradi. Parti, qe veprojn\u00eb dhe cenojn\u00eb marr\u00ebdh\u00ebniet shqiptaro amerikane dhe shqiptaro evropiane!!!???&#8230;<\/p>\n<p>N\u00eb zgjedhjet nacionale t\u00eb 8 qershorit n\u00eb vendvotime paraqiten edhe njer\u00ebz me mjekra, femra me shami e per\u00e7e. Deri m\u00eb tani \u201cPartia e Drejt\u00ebsis\u00eb\u201d\/ PD e Ferid Aganit ishte n\u00ebn streh\u00ebn e qeverisjes s\u00eb korruptuar t\u00eb Hashim Tha\u00e7i dhe i p\u00ebrk\u00ebdhelur p\u00ebr p\u00ebrfitime votash.<br \/>\nFerid Agani ishte minist\u00ebr i sh\u00ebndet\u00ebsis\u00eb q\u00eb gjat\u00eb mandatit t\u00eb tij pati disa skandale me \u00e7ka krijoj nj\u00eb imazh t\u00eb keq n\u00eb sh\u00ebndet\u00ebsin\u00eb e Kosov\u00ebs. Q\u00eb t\u00eb tri k\u00ebto parti me orientim islamik, me religjion dhe me nj\u00eb ekstremiz\u00ebm t\u00eb papar\u00eb si parti rivale n\u00eb bashk\u00ebpunim po e cenojn\u00eb luft\u00ebn mij\u00ebvje\u00e7are t\u00eb k\u00ebtij kombi t\u00eb jet\u00eb i lire dhe te \u00e7liruar.<\/p>\n<p>PD me Ferid Aganin ajo NDZh-ja e Amir Ahmetit, si dhe LISBA, \u201cL\u00ebvizja Islame Bashkohu\u201d, vazhdojn\u00eb nj\u00eb aktivitet antikomb\u00ebtar qe as gj\u00eb s&#8217;kan\u00eb t\u00eb p\u00ebrbashk\u00ebt me interesat tona komb\u00ebtare. Krenimi i k\u00ebtyre forcave t\u00eb err\u00ebta nga p\u00ebrfaq\u00ebsuesit e \u201cPartis\u00eb s\u00eb Drejt\u00ebsis\u00eb\u201d t\u00eb \u201cLISBA\u201d e Ramiqit si dhe te ajo NDZh-ja e Amir Ahmetiti se n\u00eb Kosov\u00eb jan\u00eb mbi 800 xhami , dicka kontradiktore p\u00ebr nj\u00eb grusht Kosov\u00eb.<\/p>\n<p>K\u00ebto forca ekstremiste kishte me qen\u00eb ma mir\u00eb me u krenuar sikur ta kishin th\u00ebn\u00eb se n\u00eb Kosov\u00eb kemi 800 fabrika se sa q\u00eb krenoheni me 800 xhamia qe edhe shume para kane financuar shtete arabe qe se dhe serbe. Lind pyetja se \u00e7ka pritet prej tyre ve\u00e7 izolim, shkat\u00ebrrim, mashtrim, rrena vjedhje dhe terror nga parazit qe pretendojn\u00eb ta i varrosin Kosov\u00ebn p\u00ebr se gjalli dhe kombin n\u00eb t\u00ebresi.<\/p>\n<p>Populli duhet te mendoj mir\u00eb kan\u00eb do ta votoj shkat\u00ebrrimin izolimin e Kosov\u00ebs, PDK-ne largim q\u00eb gjat\u00eb qeverisjes nuk dha rezultate duk e ju krijuar hap\u00ebsira operimi k\u00ebtyre mbeturinave aziatiko-sllave, tradhtareve t\u00eb vendit n\u00eb d\u00ebmin e kultur\u00ebs dhe vlerave tona.<br \/>\nVota ndaj k\u00ebtyre partive, rezulton me vet\u00ebmohim, vet\u00ebvrasje sikur gjat\u00eb 13 vjet\u00ebve qeverisje nga t\u00eb korruptuarit dhe t\u00eb degjeneruarit t\u00eb pa vizion kombetar.<\/p>\n<p>-Un\u00eb kam d\u00ebgjuar \u00e7do hoxhe, \u00e7do imam dhe \u00e7do p\u00ebrfaq\u00ebsues dhe klerik t\u00eb fes\u00eb islame duke th\u00ebn\u00eb qe gjat\u00eb koh\u00ebs s\u00eb Rankoviqit t\u00eb Titos t\u00eb komunizmit, pastaj edhe regjimit t\u00eb dhunsh\u00ebm t\u00eb Sllobodan Millosheviqit, asnj\u00ebher\u00eb nuk e kan\u00eb penguar islamin. Madje kan\u00eb qen\u00eb edhe t\u00eb p\u00ebrk\u00ebdhelur nga regjimi i Milloosheviqit, citojm\u00eb th\u00ebniet e tyre n\u00eb shum\u00eb media (q\u00eb as nj\u00ebher\u00eb nuk ju kan\u00eb ndaluar ezanin as qe i kan\u00eb d\u00ebmtuar objektet myslimane dhe xhamit\u00eb, p\u00ebrkundrazi i kan\u00eb financuar dhe p\u00ebrkrahur. Nd\u00ebrsa tash pas \u00e7lirimit t\u00eb Kosov\u00ebs jan\u00eb ardhur e hipur n\u00eb pushtet vazhdojm\u00eb citatin ( mynafik\u00ebt, laik\u00ebt e pa fe, pabesimtar\u00ebt, ateistet, paganet dreq\u00ebr, e tash k\u00ebta dreqen t\u00eb mallkuar qafir\u00eb, &#8220;fjala \u00ebsht\u00eb p\u00ebr shqiptar&#8221;, po mundohen me \u00e7do kusht me ndaluar ezanin, dhe po b\u00ebjn\u00eb \u00e7mos kund\u00ebr fes\u00eb islame.<\/p>\n<p>Keto forca me k\u00ebmb\u00ebngulje kusht refuzojn\u00eb t&#8217;i njohin t\u00eb par\u00ebt tan\u00eb dhe gjenez\u00ebn pellazgo- ilire .Nga kjo rryme aq brutale kund\u00ebr vlerave tona mundohen ta vler\u00ebsojn\u00eb periudh\u00ebn ilire si pagane, pabesimtar, thjesht\u00eb barbar, pastaj i ofendojn\u00eb figurat komb\u00ebtare si Sk\u00ebnderbeun, e fyen N\u00ebn\u00ebn Terez\u00ebn, thon\u00eb se Turqia na ka \u00e7liruar nga sundimi ortodoks, Turqia na ka shp\u00ebtuar nga shpata e Sk\u00ebnderbeut krishtere, gjoja se ne e kemi pranuar fen\u00eb islame me d\u00ebshir\u00eb, e jo me dhun\u00eb etj. Te gjitha k\u00ebta teza jan\u00eb t\u00eb rrezikshme, ndjell\u00eb keqe q\u00eb qojn\u00eb uj\u00eb n\u00eb mullirin e armiqve. Prandaj i ftoj t\u00eb gjith\u00eb votuesit mos e hidhni vot\u00ebn k\u00ebtyre veglave t\u00eb huaja k\u00ebtyre barbar\u00ebve t\u00eb pa shkolluar po hidhni atje ku \u00ebsht\u00eb ardhm\u00ebria e kombit tone pa elemente sllavo aziatike.<\/p>\n","protected":false},"excerpt":{"rendered":"<p>Shkruan Rrezart Kalaja N\u00eb zgjedhjet nacionale konkurruan edhe PD me Ferid Aganin ajo NDZh-ja e Amir Ahmetit, si dhe LISBA, \u201cL\u00ebvizja Islame Bashkohu\u201d, q\u00eb vazhdojn\u00eb nj\u00eb aktivitet antikomb\u00ebtar. Krenimi i k\u00ebtyre forcave te err\u00ebta nga p\u00ebrfaq\u00ebsuesit e k\u00ebtyre partive se ne Kosove jan\u00eb mbi 800 xhami ne vend qe te luftojne m ei bere 800 [&hellip;]<\/p>\n","protected":false},"author":1,"featured_media":0,"comment_status":"open","ping_status":"closed","sticky":false,"template":"","format":"standard","meta":{"footnotes":""},"categories":[2],"tags":[],"class_list":{"0":"post-13592","1":"post","2":"type-post","3":"status-publish","4":"format-standard","6":"category-artikuj"},"yoast_head":"<!-- This site is optimized with the Yoast SEO plugin v27.4 - https:\/\/yoast.com\/product\/yoast-seo-wordpress\/ -->\n<title>Islamizmi ekstremist n\u00eb Kosov\u00eb, miq\u00ebsi t\u00eb p\u00ebrhershme me qeverit\u00eb e Serbis\u00eb, madje edhe t\u00eb p\u00ebrk\u00ebdhelur nga Sllobodan Millosheviqi!!! - FjALA e LIR\u00cb - Arkivi<\/title>\n<meta name=\"robots\" content=\"index, follow, max-snippet:-1, max-image-preview:large, max-video-preview:-1\" \/>\n<link rel=\"canonical\" href=\"https:\/\/fjala.info\/2009-2015\/islamizmi-ekstremist-ne-kosove-miqesi-te-perhershme-me-qeverite-e-serbise-madje-edhe-te-perkedhelur-nga-sllobodan-millosheviqi\/\" \/>\n<meta property=\"og:locale\" content=\"sq_AL\" \/>\n<meta property=\"og:type\" content=\"article\" \/>\n<meta property=\"og:title\" content=\"Islamizmi ekstremist n\u00eb Kosov\u00eb, miq\u00ebsi t\u00eb p\u00ebrhershme me qeverit\u00eb e Serbis\u00eb, madje edhe t\u00eb p\u00ebrk\u00ebdhelur nga Sllobodan Millosheviqi!!! - FjALA e LIR\u00cb - Arkivi\" \/>\n<meta property=\"og:description\" content=\"Shkruan Rrezart Kalaja N\u00eb zgjedhjet nacionale konkurruan edhe PD me Ferid Aganin ajo NDZh-ja e Amir Ahmetit, si dhe LISBA, \u201cL\u00ebvizja Islame Bashkohu\u201d, q\u00eb vazhdojn\u00eb nj\u00eb aktivitet antikomb\u00ebtar. Krenimi i k\u00ebtyre forcave te err\u00ebta nga p\u00ebrfaq\u00ebsuesit e k\u00ebtyre partive se ne Kosove jan\u00eb mbi 800 xhami ne vend qe te luftojne m ei bere 800 [&hellip;]\" \/>\n<meta property=\"og:url\" content=\"https:\/\/fjala.info\/2009-2015\/islamizmi-ekstremist-ne-kosove-miqesi-te-perhershme-me-qeverite-e-serbise-madje-edhe-te-perkedhelur-nga-sllobodan-millosheviqi\/\" \/>\n<meta property=\"og:site_name\" content=\"FjALA e LIR\u00cb - Arkivi\" \/>\n<meta property=\"article:published_time\" content=\"2014-06-12T06:19:52+00:00\" \/>\n<meta property=\"og:image\" content=\"http:\/\/www.fjala.info\/2014\/islamizimi_kosoves.jpg\" \/>\n<meta name=\"author\" content=\"admin\" \/>\n<meta name=\"twitter:card\" content=\"summary_large_image\" \/>\n<meta name=\"twitter:label1\" content=\"Written by\" \/>\n\t<meta name=\"twitter:data1\" content=\"admin\" \/>\n\t<meta name=\"twitter:label2\" content=\"Est. reading time\" \/>\n\t<meta name=\"twitter:data2\" content=\"4 minutes\" \/>\n<script type=\"application\/ld+json\" class=\"yoast-schema-graph\">{\"@context\":\"https:\\\/\\\/schema.org\",\"@graph\":[{\"@type\":\"Article\",\"@id\":\"https:\\\/\\\/fjala.info\\\/2009-2015\\\/islamizmi-ekstremist-ne-kosove-miqesi-te-perhershme-me-qeverite-e-serbise-madje-edhe-te-perkedhelur-nga-sllobodan-millosheviqi\\\/#article\",\"isPartOf\":{\"@id\":\"https:\\\/\\\/fjala.info\\\/2009-2015\\\/islamizmi-ekstremist-ne-kosove-miqesi-te-perhershme-me-qeverite-e-serbise-madje-edhe-te-perkedhelur-nga-sllobodan-millosheviqi\\\/\"},\"author\":{\"name\":\"admin\",\"@id\":\"https:\\\/\\\/fjala.info\\\/2009-2015\\\/#\\\/schema\\\/person\\\/3aa1163ef05469c496fc94e77611ada2\"},\"headline\":\"Islamizmi ekstremist n\u00eb Kosov\u00eb, miq\u00ebsi t\u00eb p\u00ebrhershme me qeverit\u00eb e Serbis\u00eb, madje edhe t\u00eb p\u00ebrk\u00ebdhelur nga Sllobodan Millosheviqi!!!\",\"datePublished\":\"2014-06-12T06:19:52+00:00\",\"mainEntityOfPage\":{\"@id\":\"https:\\\/\\\/fjala.info\\\/2009-2015\\\/islamizmi-ekstremist-ne-kosove-miqesi-te-perhershme-me-qeverite-e-serbise-madje-edhe-te-perkedhelur-nga-sllobodan-millosheviqi\\\/\"},\"wordCount\":865,\"commentCount\":0,\"publisher\":{\"@id\":\"https:\\\/\\\/fjala.info\\\/2009-2015\\\/#organization\"},\"image\":{\"@id\":\"https:\\\/\\\/fjala.info\\\/2009-2015\\\/islamizmi-ekstremist-ne-kosove-miqesi-te-perhershme-me-qeverite-e-serbise-madje-edhe-te-perkedhelur-nga-sllobodan-millosheviqi\\\/#primaryimage\"},\"thumbnailUrl\":\"http:\\\/\\\/www.fjala.info\\\/2014\\\/islamizimi_kosoves.jpg\",\"articleSection\":[\"Artikuj\"],\"inLanguage\":\"sq-AL\",\"potentialAction\":[{\"@type\":\"CommentAction\",\"name\":\"Comment\",\"target\":[\"https:\\\/\\\/fjala.info\\\/2009-2015\\\/islamizmi-ekstremist-ne-kosove-miqesi-te-perhershme-me-qeverite-e-serbise-madje-edhe-te-perkedhelur-nga-sllobodan-millosheviqi\\\/#respond\"]}]},{\"@type\":\"WebPage\",\"@id\":\"https:\\\/\\\/fjala.info\\\/2009-2015\\\/islamizmi-ekstremist-ne-kosove-miqesi-te-perhershme-me-qeverite-e-serbise-madje-edhe-te-perkedhelur-nga-sllobodan-millosheviqi\\\/\",\"url\":\"https:\\\/\\\/fjala.info\\\/2009-2015\\\/islamizmi-ekstremist-ne-kosove-miqesi-te-perhershme-me-qeverite-e-serbise-madje-edhe-te-perkedhelur-nga-sllobodan-millosheviqi\\\/\",\"name\":\"Islamizmi ekstremist n\u00eb Kosov\u00eb, miq\u00ebsi t\u00eb p\u00ebrhershme me qeverit\u00eb e Serbis\u00eb, madje edhe t\u00eb p\u00ebrk\u00ebdhelur nga Sllobodan Millosheviqi!!! - FjALA e LIR\u00cb - Arkivi\",\"isPartOf\":{\"@id\":\"https:\\\/\\\/fjala.info\\\/2009-2015\\\/#website\"},\"primaryImageOfPage\":{\"@id\":\"https:\\\/\\\/fjala.info\\\/2009-2015\\\/islamizmi-ekstremist-ne-kosove-miqesi-te-perhershme-me-qeverite-e-serbise-madje-edhe-te-perkedhelur-nga-sllobodan-millosheviqi\\\/#primaryimage\"},\"image\":{\"@id\":\"https:\\\/\\\/fjala.info\\\/2009-2015\\\/islamizmi-ekstremist-ne-kosove-miqesi-te-perhershme-me-qeverite-e-serbise-madje-edhe-te-perkedhelur-nga-sllobodan-millosheviqi\\\/#primaryimage\"},\"thumbnailUrl\":\"http:\\\/\\\/www.fjala.info\\\/2014\\\/islamizimi_kosoves.jpg\",\"datePublished\":\"2014-06-12T06:19:52+00:00\",\"breadcrumb\":{\"@id\":\"https:\\\/\\\/fjala.info\\\/2009-2015\\\/islamizmi-ekstremist-ne-kosove-miqesi-te-perhershme-me-qeverite-e-serbise-madje-edhe-te-perkedhelur-nga-sllobodan-millosheviqi\\\/#breadcrumb\"},\"inLanguage\":\"sq-AL\",\"potentialAction\":[{\"@type\":\"ReadAction\",\"target\":[\"https:\\\/\\\/fjala.info\\\/2009-2015\\\/islamizmi-ekstremist-ne-kosove-miqesi-te-perhershme-me-qeverite-e-serbise-madje-edhe-te-perkedhelur-nga-sllobodan-millosheviqi\\\/\"]}]},{\"@type\":\"ImageObject\",\"inLanguage\":\"sq-AL\",\"@id\":\"https:\\\/\\\/fjala.info\\\/2009-2015\\\/islamizmi-ekstremist-ne-kosove-miqesi-te-perhershme-me-qeverite-e-serbise-madje-edhe-te-perkedhelur-nga-sllobodan-millosheviqi\\\/#primaryimage\",\"url\":\"http:\\\/\\\/www.fjala.info\\\/2014\\\/islamizimi_kosoves.jpg\",\"contentUrl\":\"http:\\\/\\\/www.fjala.info\\\/2014\\\/islamizimi_kosoves.jpg\"},{\"@type\":\"BreadcrumbList\",\"@id\":\"https:\\\/\\\/fjala.info\\\/2009-2015\\\/islamizmi-ekstremist-ne-kosove-miqesi-te-perhershme-me-qeverite-e-serbise-madje-edhe-te-perkedhelur-nga-sllobodan-millosheviqi\\\/#breadcrumb\",\"itemListElement\":[{\"@type\":\"ListItem\",\"position\":1,\"name\":\"Home\",\"item\":\"https:\\\/\\\/fjala.info\\\/2009-2015\\\/\"},{\"@type\":\"ListItem\",\"position\":2,\"name\":\"Islamizmi ekstremist n\u00eb Kosov\u00eb, miq\u00ebsi t\u00eb p\u00ebrhershme me qeverit\u00eb e Serbis\u00eb, madje edhe t\u00eb p\u00ebrk\u00ebdhelur nga Sllobodan Millosheviqi!!!\"}]},{\"@type\":\"WebSite\",\"@id\":\"https:\\\/\\\/fjala.info\\\/2009-2015\\\/#website\",\"url\":\"https:\\\/\\\/fjala.info\\\/2009-2015\\\/\",\"name\":\"FjALA e LIR\u00cb - Arkivi\",\"description\":\"Arkivi 2009-2015\",\"publisher\":{\"@id\":\"https:\\\/\\\/fjala.info\\\/2009-2015\\\/#organization\"},\"potentialAction\":[{\"@type\":\"SearchAction\",\"target\":{\"@type\":\"EntryPoint\",\"urlTemplate\":\"https:\\\/\\\/fjala.info\\\/2009-2015\\\/?s={search_term_string}\"},\"query-input\":{\"@type\":\"PropertyValueSpecification\",\"valueRequired\":true,\"valueName\":\"search_term_string\"}}],\"inLanguage\":\"sq-AL\"},{\"@type\":\"Organization\",\"@id\":\"https:\\\/\\\/fjala.info\\\/2009-2015\\\/#organization\",\"name\":\"FjALA e LIR\u00cb - Arkivi\",\"url\":\"https:\\\/\\\/fjala.info\\\/2009-2015\\\/\",\"logo\":{\"@type\":\"ImageObject\",\"inLanguage\":\"sq-AL\",\"@id\":\"https:\\\/\\\/fjala.info\\\/2009-2015\\\/#\\\/schema\\\/logo\\\/image\\\/\",\"url\":\"\",\"contentUrl\":\"\",\"caption\":\"FjALA e LIR\u00cb - Arkivi\"},\"image\":{\"@id\":\"https:\\\/\\\/fjala.info\\\/2009-2015\\\/#\\\/schema\\\/logo\\\/image\\\/\"}},{\"@type\":\"Person\",\"@id\":\"https:\\\/\\\/fjala.info\\\/2009-2015\\\/#\\\/schema\\\/person\\\/3aa1163ef05469c496fc94e77611ada2\",\"name\":\"admin\",\"image\":{\"@type\":\"ImageObject\",\"inLanguage\":\"sq-AL\",\"@id\":\"https:\\\/\\\/fjala.info\\\/2009-2015\\\/wp-content\\\/uploads\\\/2012\\\/02\\\/arben_cokaj-120x150.jpg\",\"url\":\"https:\\\/\\\/fjala.info\\\/2009-2015\\\/wp-content\\\/uploads\\\/2012\\\/02\\\/arben_cokaj-120x150.jpg\",\"contentUrl\":\"https:\\\/\\\/fjala.info\\\/2009-2015\\\/wp-content\\\/uploads\\\/2012\\\/02\\\/arben_cokaj-120x150.jpg\",\"caption\":\"admin\"},\"description\":\"Admin, Fjala e Lir\u00eb\",\"sameAs\":[\"https:\\\/\\\/fjala.info\\\/\"],\"url\":\"https:\\\/\\\/fjala.info\\\/2009-2015\\\/author\\\/admin\\\/\"}]}<\/script>\n<!-- \/ Yoast SEO plugin. -->","yoast_head_json":{"title":"Islamizmi ekstremist n\u00eb Kosov\u00eb, miq\u00ebsi t\u00eb p\u00ebrhershme me qeverit\u00eb e Serbis\u00eb, madje edhe t\u00eb p\u00ebrk\u00ebdhelur nga Sllobodan Millosheviqi!!! - FjALA e LIR\u00cb - Arkivi","robots":{"index":"index","follow":"follow","max-snippet":"max-snippet:-1","max-image-preview":"max-image-preview:large","max-video-preview":"max-video-preview:-1"},"canonical":"https:\/\/fjala.info\/2009-2015\/islamizmi-ekstremist-ne-kosove-miqesi-te-perhershme-me-qeverite-e-serbise-madje-edhe-te-perkedhelur-nga-sllobodan-millosheviqi\/","og_locale":"sq_AL","og_type":"article","og_title":"Islamizmi ekstremist n\u00eb Kosov\u00eb, miq\u00ebsi t\u00eb p\u00ebrhershme me qeverit\u00eb e Serbis\u00eb, madje edhe t\u00eb p\u00ebrk\u00ebdhelur nga Sllobodan Millosheviqi!!! - FjALA e LIR\u00cb - Arkivi","og_description":"Shkruan Rrezart Kalaja N\u00eb zgjedhjet nacionale konkurruan edhe PD me Ferid Aganin ajo NDZh-ja e Amir Ahmetit, si dhe LISBA, \u201cL\u00ebvizja Islame Bashkohu\u201d, q\u00eb vazhdojn\u00eb nj\u00eb aktivitet antikomb\u00ebtar. Krenimi i k\u00ebtyre forcave te err\u00ebta nga p\u00ebrfaq\u00ebsuesit e k\u00ebtyre partive se ne Kosove jan\u00eb mbi 800 xhami ne vend qe te luftojne m ei bere 800 [&hellip;]","og_url":"https:\/\/fjala.info\/2009-2015\/islamizmi-ekstremist-ne-kosove-miqesi-te-perhershme-me-qeverite-e-serbise-madje-edhe-te-perkedhelur-nga-sllobodan-millosheviqi\/","og_site_name":"FjALA e LIR\u00cb - Arkivi","article_published_time":"2014-06-12T06:19:52+00:00","og_image":[{"url":"http:\/\/www.fjala.info\/2014\/islamizimi_kosoves.jpg","type":"","width":"","height":""}],"author":"admin","twitter_card":"summary_large_image","twitter_misc":{"Written by":"admin","Est. reading time":"4 minutes"},"schema":{"@context":"https:\/\/schema.org","@graph":[{"@type":"Article","@id":"https:\/\/fjala.info\/2009-2015\/islamizmi-ekstremist-ne-kosove-miqesi-te-perhershme-me-qeverite-e-serbise-madje-edhe-te-perkedhelur-nga-sllobodan-millosheviqi\/#article","isPartOf":{"@id":"https:\/\/fjala.info\/2009-2015\/islamizmi-ekstremist-ne-kosove-miqesi-te-perhershme-me-qeverite-e-serbise-madje-edhe-te-perkedhelur-nga-sllobodan-millosheviqi\/"},"author":{"name":"admin","@id":"https:\/\/fjala.info\/2009-2015\/#\/schema\/person\/3aa1163ef05469c496fc94e77611ada2"},"headline":"Islamizmi ekstremist n\u00eb Kosov\u00eb, miq\u00ebsi t\u00eb p\u00ebrhershme me qeverit\u00eb e Serbis\u00eb, madje edhe t\u00eb p\u00ebrk\u00ebdhelur nga Sllobodan Millosheviqi!!!","datePublished":"2014-06-12T06:19:52+00:00","mainEntityOfPage":{"@id":"https:\/\/fjala.info\/2009-2015\/islamizmi-ekstremist-ne-kosove-miqesi-te-perhershme-me-qeverite-e-serbise-madje-edhe-te-perkedhelur-nga-sllobodan-millosheviqi\/"},"wordCount":865,"commentCount":0,"publisher":{"@id":"https:\/\/fjala.info\/2009-2015\/#organization"},"image":{"@id":"https:\/\/fjala.info\/2009-2015\/islamizmi-ekstremist-ne-kosove-miqesi-te-perhershme-me-qeverite-e-serbise-madje-edhe-te-perkedhelur-nga-sllobodan-millosheviqi\/#primaryimage"},"thumbnailUrl":"http:\/\/www.fjala.info\/2014\/islamizimi_kosoves.jpg","articleSection":["Artikuj"],"inLanguage":"sq-AL","potentialAction":[{"@type":"CommentAction","name":"Comment","target":["https:\/\/fjala.info\/2009-2015\/islamizmi-ekstremist-ne-kosove-miqesi-te-perhershme-me-qeverite-e-serbise-madje-edhe-te-perkedhelur-nga-sllobodan-millosheviqi\/#respond"]}]},{"@type":"WebPage","@id":"https:\/\/fjala.info\/2009-2015\/islamizmi-ekstremist-ne-kosove-miqesi-te-perhershme-me-qeverite-e-serbise-madje-edhe-te-perkedhelur-nga-sllobodan-millosheviqi\/","url":"https:\/\/fjala.info\/2009-2015\/islamizmi-ekstremist-ne-kosove-miqesi-te-perhershme-me-qeverite-e-serbise-madje-edhe-te-perkedhelur-nga-sllobodan-millosheviqi\/","name":"Islamizmi ekstremist n\u00eb Kosov\u00eb, miq\u00ebsi t\u00eb p\u00ebrhershme me qeverit\u00eb e Serbis\u00eb, madje edhe t\u00eb p\u00ebrk\u00ebdhelur nga Sllobodan Millosheviqi!!! - FjALA e LIR\u00cb - Arkivi","isPartOf":{"@id":"https:\/\/fjala.info\/2009-2015\/#website"},"primaryImageOfPage":{"@id":"https:\/\/fjala.info\/2009-2015\/islamizmi-ekstremist-ne-kosove-miqesi-te-perhershme-me-qeverite-e-serbise-madje-edhe-te-perkedhelur-nga-sllobodan-millosheviqi\/#primaryimage"},"image":{"@id":"https:\/\/fjala.info\/2009-2015\/islamizmi-ekstremist-ne-kosove-miqesi-te-perhershme-me-qeverite-e-serbise-madje-edhe-te-perkedhelur-nga-sllobodan-millosheviqi\/#primaryimage"},"thumbnailUrl":"http:\/\/www.fjala.info\/2014\/islamizimi_kosoves.jpg","datePublished":"2014-06-12T06:19:52+00:00","breadcrumb":{"@id":"https:\/\/fjala.info\/2009-2015\/islamizmi-ekstremist-ne-kosove-miqesi-te-perhershme-me-qeverite-e-serbise-madje-edhe-te-perkedhelur-nga-sllobodan-millosheviqi\/#breadcrumb"},"inLanguage":"sq-AL","potentialAction":[{"@type":"ReadAction","target":["https:\/\/fjala.info\/2009-2015\/islamizmi-ekstremist-ne-kosove-miqesi-te-perhershme-me-qeverite-e-serbise-madje-edhe-te-perkedhelur-nga-sllobodan-millosheviqi\/"]}]},{"@type":"ImageObject","inLanguage":"sq-AL","@id":"https:\/\/fjala.info\/2009-2015\/islamizmi-ekstremist-ne-kosove-miqesi-te-perhershme-me-qeverite-e-serbise-madje-edhe-te-perkedhelur-nga-sllobodan-millosheviqi\/#primaryimage","url":"http:\/\/www.fjala.info\/2014\/islamizimi_kosoves.jpg","contentUrl":"http:\/\/www.fjala.info\/2014\/islamizimi_kosoves.jpg"},{"@type":"BreadcrumbList","@id":"https:\/\/fjala.info\/2009-2015\/islamizmi-ekstremist-ne-kosove-miqesi-te-perhershme-me-qeverite-e-serbise-madje-edhe-te-perkedhelur-nga-sllobodan-millosheviqi\/#breadcrumb","itemListElement":[{"@type":"ListItem","position":1,"name":"Home","item":"https:\/\/fjala.info\/2009-2015\/"},{"@type":"ListItem","position":2,"name":"Islamizmi ekstremist n\u00eb Kosov\u00eb, miq\u00ebsi t\u00eb p\u00ebrhershme me qeverit\u00eb e Serbis\u00eb, madje edhe t\u00eb p\u00ebrk\u00ebdhelur nga Sllobodan Millosheviqi!!!"}]},{"@type":"WebSite","@id":"https:\/\/fjala.info\/2009-2015\/#website","url":"https:\/\/fjala.info\/2009-2015\/","name":"FjALA e LIR\u00cb - Arkivi","description":"Arkivi 2009-2015","publisher":{"@id":"https:\/\/fjala.info\/2009-2015\/#organization"},"potentialAction":[{"@type":"SearchAction","target":{"@type":"EntryPoint","urlTemplate":"https:\/\/fjala.info\/2009-2015\/?s={search_term_string}"},"query-input":{"@type":"PropertyValueSpecification","valueRequired":true,"valueName":"search_term_string"}}],"inLanguage":"sq-AL"},{"@type":"Organization","@id":"https:\/\/fjala.info\/2009-2015\/#organization","name":"FjALA e LIR\u00cb - Arkivi","url":"https:\/\/fjala.info\/2009-2015\/","logo":{"@type":"ImageObject","inLanguage":"sq-AL","@id":"https:\/\/fjala.info\/2009-2015\/#\/schema\/logo\/image\/","url":"","contentUrl":"","caption":"FjALA e LIR\u00cb - Arkivi"},"image":{"@id":"https:\/\/fjala.info\/2009-2015\/#\/schema\/logo\/image\/"}},{"@type":"Person","@id":"https:\/\/fjala.info\/2009-2015\/#\/schema\/person\/3aa1163ef05469c496fc94e77611ada2","name":"admin","image":{"@type":"ImageObject","inLanguage":"sq-AL","@id":"https:\/\/fjala.info\/2009-2015\/wp-content\/uploads\/2012\/02\/arben_cokaj-120x150.jpg","url":"https:\/\/fjala.info\/2009-2015\/wp-content\/uploads\/2012\/02\/arben_cokaj-120x150.jpg","contentUrl":"https:\/\/fjala.info\/2009-2015\/wp-content\/uploads\/2012\/02\/arben_cokaj-120x150.jpg","caption":"admin"},"description":"Admin, Fjala e Lir\u00eb","sameAs":["https:\/\/fjala.info\/"],"url":"https:\/\/fjala.info\/2009-2015\/author\/admin\/"}]}},"_links":{"self":[{"href":"https:\/\/fjala.info\/2009-2015\/wp-json\/wp\/v2\/posts\/13592","targetHints":{"allow":["GET"]}}],"collection":[{"href":"https:\/\/fjala.info\/2009-2015\/wp-json\/wp\/v2\/posts"}],"about":[{"href":"https:\/\/fjala.info\/2009-2015\/wp-json\/wp\/v2\/types\/post"}],"author":[{"embeddable":true,"href":"https:\/\/fjala.info\/2009-2015\/wp-json\/wp\/v2\/users\/1"}],"replies":[{"embeddable":true,"href":"https:\/\/fjala.info\/2009-2015\/wp-json\/wp\/v2\/comments?post=13592"}],"version-history":[{"count":0,"href":"https:\/\/fjala.info\/2009-2015\/wp-json\/wp\/v2\/posts\/13592\/revisions"}],"wp:attachment":[{"href":"https:\/\/fjala.info\/2009-2015\/wp-json\/wp\/v2\/media?parent=13592"}],"wp:term":[{"taxonomy":"category","embeddable":true,"href":"https:\/\/fjala.info\/2009-2015\/wp-json\/wp\/v2\/categories?post=13592"},{"taxonomy":"post_tag","embeddable":true,"href":"https:\/\/fjala.info\/2009-2015\/wp-json\/wp\/v2\/tags?post=13592"}],"curies":[{"name":"wp","href":"https:\/\/api.w.org\/{rel}","templated":true}]}}