{"id":13588,"date":"2014-06-08T08:03:30","date_gmt":"2014-06-08T07:03:30","guid":{"rendered":"http:\/\/www.fjala.info\/?p=1309"},"modified":"2014-06-08T08:03:30","modified_gmt":"2014-06-08T07:03:30","slug":"ndahet-nga-jeta-studiuesi-dhe-intelektuali-mentor-quku","status":"publish","type":"post","link":"https:\/\/fjala.info\/2009-2015\/ndahet-nga-jeta-studiuesi-dhe-intelektuali-mentor-quku\/","title":{"rendered":"NDAHET NGA JETA STUDIUESI DHE INTELEKTUALI MENTOR QUKU"},"content":{"rendered":"<p><img decoding=\"async\" class=\"alignright size-thumbnail wp-image-7236\" title=\"Mentor Quku\" src=\"http:\/\/www.fjala.info\/2014\/dr_mentor_quku.jpg\" alt=\"\" width=\"300\" \/> <strong><em>In Memoriam<\/em><\/strong><\/p>\n<p><strong>Dr. Nail Draga<\/strong><\/p>\n<p>N\u00eb banes\u00ebn e tij n\u00eb Shkod\u00ebr e 31 maj 2014 n\u00eb mosh\u00ebn 75 vje\u00e7are, vdiq intelektuali dhe studiuesi i shquar prof. Mentor Quku, nd\u00ebrsa . varrimi u be.1.06. 2014 ne varrezat e Stom Golemit n\u00eb Shkoder.N\u00eb em\u00ebr t\u00eb miq\u00ebve dhe koleg\u00ebve fjal\u00ebn e mbajti studiuesi Nexhmi Bushati nd\u00ebrsa n\u00eb em\u00ebr t\u00eb familjes Bardhyl Quku.<br \/>\nMentor Quku ka lindur n\u00eb Bilisht t\u00eb Kor\u00e7\u00ebs m\u00eb 20 janar 1939. U arsimua n\u00eb Shkoll\u00ebn Pedagogjike &#8220;Shejnaze Juka&#8221; n\u00eb Shkod\u00ebr (1951-1954), kurse studimet e larta i kreu n\u00eb Institutin e Lart\u00eb Pedagogjik n\u00eb Tiran\u00eb (1955-1957) dhe pastaj n\u00eb Universitetin e Tiran\u00ebs (1960-1963).<\/p>\n<p>Ka punuar m\u00ebsues n\u00eb shkollat e Shtiq\u00ebnit, Brutit dhe Kuk\u00ebsit (1954-1957), n\u00eb shkoll\u00ebn e mesme &#8220;Xheladin Fishta&#8221; n\u00eb Shkod\u00ebr (1961-1963), n\u00eb shkoll\u00ebn e Barbullushit (1965-1991), n\u00eb shkoll\u00ebn e Bah\u00e7allekut (1991-1992). P\u00ear veprimtarin\u00eb e tij pedagogjike, didaktike e m\u00ebsimore \u00ebsht\u00eb nderuar me medaljen &#8220;M\u00ebsues i merituar&#8221;.<br \/>\nSi drejtor i Muzeut Historik Shkod\u00ebr (1992-2000), ai ka organizuar, drejtuar dhe botuar, gjasht\u00eb seminare nd\u00ebrkomb\u00ebtare me titull &#8220;Shkodra n\u00eb shekuj&#8221;, si dhe ka drejtuar revist\u00ebn &#8220;Kumtari&#8221;.<\/p>\n<p>Mentor Quku \u00ebsht\u00eb autor i shum\u00eb artikujve dhe studimeve n\u00eb fusha t\u00eb ndryshme t\u00eb dijes, si metodik\u00eb e m\u00ebsimdh\u00ebnies, pedagogji familjare, pedagogji shkollore, pedagogji sportive, tekstologji, psikologji e arteve figurative, psikologji sportive, psikologji moshore, histori, histori arti, let\u00ebrsi biografike, let\u00ebrsi p\u00ebr f\u00ebmij\u00eb, let\u00ebrsi politike, histori e let\u00ebrsis\u00eb p\u00ebr f\u00ebmij\u00eb, mitologji, folklor, frazeologji, toponomastik\u00eb. Ai ka marr\u00eb pjes\u00eb n\u00eb shum\u00eb konferenca komb\u00ebtare e nd\u00ebrkomb\u00ebtare, ku kontributi i tij ka qen\u00eb gjithmon\u00eb i mir\u00ebpritur. N\u00eb aspektin politik ishte idhtar i t\u00eb djatht\u00ebs shqiptare dhe idealist i sikurse personaliteti i Mit&#8217;hat Frash\u00ebrit.<\/p>\n<p>Ka botuar n\u00eb Studime filologjike, Studime historike, Studime pedagogjike, Kultura popullore, Buletin shkencor i Universitetit Luigj Gurakuqi Shkod\u00ebr, Kumtari i Muzeut Historik Shkod\u00ebr, Seminari Shkencor Nd\u00ebrkomb\u00ebtar Shkodra n\u00eb shekuj, N\u00ebntori, Les Lettres Albanaises, Shqip\u00ebria e Re, Ylli, Hylli i Drit\u00ebs, Gjuha e Jon\u00eb, Albanica Ekskluzive, Lemba, Flaka, Illyria, Dielli, Koha Javore etj.<\/p>\n<p>Tema qendrore e k\u00ebrkimeve dhe e studimoreve t\u00eb Mentor Qukut mbetet figura e Ndre Mjed\u00ebs, p\u00ebr t\u00eb cil\u00ebn ai ka punuar 40 vjet dhe ka botuar nj\u00eb kolan\u00eb studimore shum\u00ebv\u00ebllimshe. P\u00ebr t&#8217;u dokumentuar rreth jet\u00ebs e vepr\u00ebs s\u00eb Mjed\u00ebs, ai ka shfryt\u00ebzuar arkivat e t\u00eb gjitha vendeve ku Mjeda ka studiuar e punuar, ose q\u00eb kan\u00eb ruajtur dokumentacion p\u00ebr Mjed\u00ebn, si psh. Arkivi i Propaganda Fides, Arkivi i Jezuit\u00ebve Rom\u00eb, fondi Peters Mahringer-Fonds (Austri), arkivat, bibliotekat dhe muzeumet e Vjen\u00ebs, si edhe arkiva e bibioteka t\u00eb shumta n\u00eb Gjermani, Franc\u00eb, Poloni, Danimark\u00eb, Spanj\u00eb, apo kuvendet fran\u00e7eskane e jezuite t\u00eb Bosnjes e t\u00eb Kroacis\u00eb.<br \/>\nBotimin e plot\u00eb t\u00eb kolan\u00ebs studimore &#8220;Mjeda&#8221;, autori Mentor Quku e p\u00ebrfundoi m\u00eb 2013, me rastin e kremtimeve t\u00eb 100-vjetorit t\u00eb Pavar\u00ebsis\u00eb. Kjo kolan\u00eb, e botuar nga Sht\u00ebpia Botuese &#8220;Ilar&#8221; n\u00eb vitet 2004-2013, paraqitet me k\u00ebto v\u00ebllime:<\/p>\n<blockquote><p>1. Mjeda 1 (1866-1888): RINIA, fq. 642, 2004<br \/>\n2. Mjeda 2 (1888-1899): ALBANOLOGU, fq. 642, 2006<br \/>\n3. Mjeda 3 (1899-1912), i p\u00ebrb\u00ebr\u00eb nga dy libra:<br \/>\n4. ALFABETI, fq.680, 2007<br \/>\n5. LIRIA, fq. 766, 2008<br \/>\n6. Mjeda 4 (1912-1925): IDENTITET, fq. 634, 2009<br \/>\n7. Mjeda 5 (1925-1937): GJUHETARI, fq. 740, Tiran\u00eb, 2010<br \/>\n8. Mjeda 6, i p\u00ebrb\u00ebr\u00eb nga dy libra:<br \/>\n9. BIBLIOGRAFIA (e Mjed\u00ebs), fq. 325, Tiran\u00eb 2012<br \/>\n10. BIBLIOGRAFIA (mbi Mjed\u00ebn), fq. 730, Tiran\u00eb 2012<br \/>\n11. Mjeda 7: BASHKEKOHESIT, fq. 494, Tiran\u00eb 2005<br \/>\n12. Mjeda 8: ALBUM, fq. 196, Tiran\u00eb 2010<br \/>\n13. Mjeda 9, P\u00ebrmbledhje, fq. 254, Tirane, 2013.<br \/>\n14. Prof . Mustaf Dervishi, fq.199, Tirane, 2013.<\/p><\/blockquote>\n<p>Ka d\u00ebrguar p\u00ebr ribotim proz\u00ebn e Mjed\u00ebs e cila pritet te del k\u00ebto dit\u00eb nga shtypi.<br \/>\nMjedisi intelektual i qytetit t\u00eb Shkodr\u00ebs, si edhe mbar\u00eb komuniteti i studiuesve t\u00eb let\u00ebrsis\u00eb shqipe, e kan\u00eb vler\u00ebsuar dhe e \u00e7mojn\u00eb n\u00eb m\u00ebnyr\u00eb t\u00eb ve\u00e7ant\u00eb kontributin e Mentor Qukut, puna e t\u00eb cilit tashm\u00eb sh\u00ebrben si referenc\u00eb e paz\u00ebvend\u00ebsueshme p\u00ebr studimet shqiptare, e n\u00eb ve\u00e7anti p\u00ebr studimet mbi Ndre Mjed\u00ebn dhe mbi vepr\u00ebn e tij. K\u00ebt\u00eb e d\u00ebshmon, s\u00eb fundi, edhe botimi i numrit t\u00eb par\u00eb t\u00eb revist\u00ebs studimore \u201cMjedologji\u201d, e cila p\u00ebrmban nj\u00ebzet punime mbi Ndre Mjed\u00ebn nga studiues t\u00eb konfirmuar t\u00eb t\u00eb gjitha trojeve shqiptare dhe i kushtohet mjedologut Mentor Quku.<\/p>\n<p>P\u00ebr kontributin e tij, Z. Mentor Quku \u00ebsht\u00eb vler\u00ebsuar me medaljen \u201cM\u00ebsues i Merituar\u201d (1991) dhe \u201cMir\u00ebnjohje e qytetit t\u00eb Shkodr\u00ebs\u201d (2011). Mori titullin &#8221; Profesor Nderi&#8221;, i Universitetit te Shkodres, 26 prill 2014.<\/p>\n<p>T\u00eb gjith\u00eb ata t\u00eb cil\u00ebt n\u00eb t\u00eb ardhmen do t\u00eb trajtojn\u00eb figur\u00ebn shum\u00ebplaneshe t\u00eb Mjed\u00ebs, do t iu referohen kolan\u00ebs s\u00eb Mentor Qukut, q\u00eb lirisht mund t\u00eb quhet edhe INSTITUTI QUKU. Sepse ate \u00e7ka e ka b\u00ebr\u00eb M.Quku, nuk e kan\u00eb b\u00ebr\u00eb institucuionet shkencore dhe akademike. Ai Mjed\u00ebs dhe veht\u00ebs i ka ngritur nj\u00eb monument si pak kush n\u00eb bot\u00ebn shqiptare q\u00eb do t\u00eb jet\u00eb i p\u00ebrjetsh\u00ebm.<br \/>\nMentor Quku ka nj\u00eb merit\u00eb t\u00eb jasht\u00ebzakonshme n\u00eb rivendosjen e bashk\u00ebpunimit shkencor dhe kulturor me shqiptar\u00ebt n\u00eb Mal t\u00eb Zi, pas vitit 1990. Duhet ve\u00e7uar sidomos qytetin e Ulqinit dhe krijuesit entuziast t\u00eb bashkuar n\u00eb Shoqat\u00ebn e \u201dArt Clubit\u201d, q\u00eb ka t\u00eb b\u00ebj\u00eb m\u00eb koh\u00ebn kur ishte drejtor i Muzeut Historik n\u00eb Shkod\u00ebr.Ishte i pranish\u00ebm ne sesione shkencore e p\u00ebrurime botimesh. Emri tij figuron si recenzent i botimeve t\u00eb ndryshme nga Art Clubi. Ai g\u00ebzonte respekt t\u00eb ve\u00e7ant\u00eb ne Ulqin, duke ndikuar n\u00eb forcimin e lidhjeve kulturore ne mes Ulqinit dhe Shkodr\u00ebs.<\/p>\n<p>Ka bashk\u00ebpunuar me revist\u00ebn LEMBA dhe gazet\u00ebn KOHA JAVORE.<br \/>\nMe vdekjen e tij familja humbi nj\u00ebriun e dashur, koleg\u00ebt dhe miqet intelektualin e nderuar, nd\u00ebrsa bota kulturore dhe shkencore shqiptare studiuesin e devotsh\u00ebm q\u00eb do t\u00eb jet\u00eb model p\u00ebr brezat e ardhsh\u00ebm.<\/p>\n","protected":false},"excerpt":{"rendered":"<p>In Memoriam Dr. Nail Draga N\u00eb banes\u00ebn e tij n\u00eb Shkod\u00ebr e 31 maj 2014 n\u00eb mosh\u00ebn 75 vje\u00e7are, vdiq intelektuali dhe studiuesi i shquar prof. Mentor Quku, nd\u00ebrsa . varrimi u be.1.06. 2014 ne varrezat e Stom Golemit n\u00eb Shkoder.N\u00eb em\u00ebr t\u00eb miq\u00ebve dhe koleg\u00ebve fjal\u00ebn e mbajti studiuesi Nexhmi Bushati nd\u00ebrsa n\u00eb em\u00ebr [&hellip;]<\/p>\n","protected":false},"author":1,"featured_media":0,"comment_status":"open","ping_status":"closed","sticky":false,"template":"","format":"standard","meta":{"footnotes":""},"categories":[2],"tags":[],"class_list":{"0":"post-13588","1":"post","2":"type-post","3":"status-publish","4":"format-standard","6":"category-artikuj"},"yoast_head":"<!-- This site is optimized with the Yoast SEO plugin v27.4 - https:\/\/yoast.com\/product\/yoast-seo-wordpress\/ -->\n<title>NDAHET NGA JETA STUDIUESI DHE INTELEKTUALI MENTOR QUKU - FjALA e LIR\u00cb - Arkivi<\/title>\n<meta name=\"robots\" content=\"index, follow, max-snippet:-1, max-image-preview:large, max-video-preview:-1\" \/>\n<link rel=\"canonical\" href=\"https:\/\/fjala.info\/2009-2015\/ndahet-nga-jeta-studiuesi-dhe-intelektuali-mentor-quku\/\" \/>\n<meta property=\"og:locale\" content=\"sq_AL\" \/>\n<meta property=\"og:type\" content=\"article\" \/>\n<meta property=\"og:title\" content=\"NDAHET NGA JETA STUDIUESI DHE INTELEKTUALI MENTOR QUKU - FjALA e LIR\u00cb - Arkivi\" \/>\n<meta property=\"og:description\" content=\"In Memoriam Dr. Nail Draga N\u00eb banes\u00ebn e tij n\u00eb Shkod\u00ebr e 31 maj 2014 n\u00eb mosh\u00ebn 75 vje\u00e7are, vdiq intelektuali dhe studiuesi i shquar prof. Mentor Quku, nd\u00ebrsa . varrimi u be.1.06. 2014 ne varrezat e Stom Golemit n\u00eb Shkoder.N\u00eb em\u00ebr t\u00eb miq\u00ebve dhe koleg\u00ebve fjal\u00ebn e mbajti studiuesi Nexhmi Bushati nd\u00ebrsa n\u00eb em\u00ebr [&hellip;]\" \/>\n<meta property=\"og:url\" content=\"https:\/\/fjala.info\/2009-2015\/ndahet-nga-jeta-studiuesi-dhe-intelektuali-mentor-quku\/\" \/>\n<meta property=\"og:site_name\" content=\"FjALA e LIR\u00cb - Arkivi\" \/>\n<meta property=\"article:published_time\" content=\"2014-06-08T07:03:30+00:00\" \/>\n<meta property=\"og:image\" content=\"http:\/\/www.fjala.info\/2014\/dr_mentor_quku.jpg\" \/>\n<meta name=\"author\" content=\"admin\" \/>\n<meta name=\"twitter:card\" content=\"summary_large_image\" \/>\n<meta name=\"twitter:label1\" content=\"Written by\" \/>\n\t<meta name=\"twitter:data1\" content=\"admin\" \/>\n\t<meta name=\"twitter:label2\" content=\"Est. reading time\" \/>\n\t<meta name=\"twitter:data2\" content=\"5 minutes\" \/>\n<script type=\"application\/ld+json\" class=\"yoast-schema-graph\">{\"@context\":\"https:\\\/\\\/schema.org\",\"@graph\":[{\"@type\":\"Article\",\"@id\":\"https:\\\/\\\/fjala.info\\\/2009-2015\\\/ndahet-nga-jeta-studiuesi-dhe-intelektuali-mentor-quku\\\/#article\",\"isPartOf\":{\"@id\":\"https:\\\/\\\/fjala.info\\\/2009-2015\\\/ndahet-nga-jeta-studiuesi-dhe-intelektuali-mentor-quku\\\/\"},\"author\":{\"name\":\"admin\",\"@id\":\"https:\\\/\\\/fjala.info\\\/2009-2015\\\/#\\\/schema\\\/person\\\/3aa1163ef05469c496fc94e77611ada2\"},\"headline\":\"NDAHET NGA JETA STUDIUESI DHE INTELEKTUALI MENTOR QUKU\",\"datePublished\":\"2014-06-08T07:03:30+00:00\",\"mainEntityOfPage\":{\"@id\":\"https:\\\/\\\/fjala.info\\\/2009-2015\\\/ndahet-nga-jeta-studiuesi-dhe-intelektuali-mentor-quku\\\/\"},\"wordCount\":1003,\"commentCount\":0,\"publisher\":{\"@id\":\"https:\\\/\\\/fjala.info\\\/2009-2015\\\/#organization\"},\"image\":{\"@id\":\"https:\\\/\\\/fjala.info\\\/2009-2015\\\/ndahet-nga-jeta-studiuesi-dhe-intelektuali-mentor-quku\\\/#primaryimage\"},\"thumbnailUrl\":\"http:\\\/\\\/www.fjala.info\\\/2014\\\/dr_mentor_quku.jpg\",\"articleSection\":[\"Artikuj\"],\"inLanguage\":\"sq-AL\",\"potentialAction\":[{\"@type\":\"CommentAction\",\"name\":\"Comment\",\"target\":[\"https:\\\/\\\/fjala.info\\\/2009-2015\\\/ndahet-nga-jeta-studiuesi-dhe-intelektuali-mentor-quku\\\/#respond\"]}]},{\"@type\":\"WebPage\",\"@id\":\"https:\\\/\\\/fjala.info\\\/2009-2015\\\/ndahet-nga-jeta-studiuesi-dhe-intelektuali-mentor-quku\\\/\",\"url\":\"https:\\\/\\\/fjala.info\\\/2009-2015\\\/ndahet-nga-jeta-studiuesi-dhe-intelektuali-mentor-quku\\\/\",\"name\":\"NDAHET NGA JETA STUDIUESI DHE INTELEKTUALI MENTOR QUKU - FjALA e LIR\u00cb - Arkivi\",\"isPartOf\":{\"@id\":\"https:\\\/\\\/fjala.info\\\/2009-2015\\\/#website\"},\"primaryImageOfPage\":{\"@id\":\"https:\\\/\\\/fjala.info\\\/2009-2015\\\/ndahet-nga-jeta-studiuesi-dhe-intelektuali-mentor-quku\\\/#primaryimage\"},\"image\":{\"@id\":\"https:\\\/\\\/fjala.info\\\/2009-2015\\\/ndahet-nga-jeta-studiuesi-dhe-intelektuali-mentor-quku\\\/#primaryimage\"},\"thumbnailUrl\":\"http:\\\/\\\/www.fjala.info\\\/2014\\\/dr_mentor_quku.jpg\",\"datePublished\":\"2014-06-08T07:03:30+00:00\",\"breadcrumb\":{\"@id\":\"https:\\\/\\\/fjala.info\\\/2009-2015\\\/ndahet-nga-jeta-studiuesi-dhe-intelektuali-mentor-quku\\\/#breadcrumb\"},\"inLanguage\":\"sq-AL\",\"potentialAction\":[{\"@type\":\"ReadAction\",\"target\":[\"https:\\\/\\\/fjala.info\\\/2009-2015\\\/ndahet-nga-jeta-studiuesi-dhe-intelektuali-mentor-quku\\\/\"]}]},{\"@type\":\"ImageObject\",\"inLanguage\":\"sq-AL\",\"@id\":\"https:\\\/\\\/fjala.info\\\/2009-2015\\\/ndahet-nga-jeta-studiuesi-dhe-intelektuali-mentor-quku\\\/#primaryimage\",\"url\":\"http:\\\/\\\/www.fjala.info\\\/2014\\\/dr_mentor_quku.jpg\",\"contentUrl\":\"http:\\\/\\\/www.fjala.info\\\/2014\\\/dr_mentor_quku.jpg\"},{\"@type\":\"BreadcrumbList\",\"@id\":\"https:\\\/\\\/fjala.info\\\/2009-2015\\\/ndahet-nga-jeta-studiuesi-dhe-intelektuali-mentor-quku\\\/#breadcrumb\",\"itemListElement\":[{\"@type\":\"ListItem\",\"position\":1,\"name\":\"Home\",\"item\":\"https:\\\/\\\/fjala.info\\\/2009-2015\\\/\"},{\"@type\":\"ListItem\",\"position\":2,\"name\":\"NDAHET NGA JETA STUDIUESI DHE INTELEKTUALI MENTOR QUKU\"}]},{\"@type\":\"WebSite\",\"@id\":\"https:\\\/\\\/fjala.info\\\/2009-2015\\\/#website\",\"url\":\"https:\\\/\\\/fjala.info\\\/2009-2015\\\/\",\"name\":\"FjALA e LIR\u00cb - Arkivi\",\"description\":\"Arkivi 2009-2015\",\"publisher\":{\"@id\":\"https:\\\/\\\/fjala.info\\\/2009-2015\\\/#organization\"},\"potentialAction\":[{\"@type\":\"SearchAction\",\"target\":{\"@type\":\"EntryPoint\",\"urlTemplate\":\"https:\\\/\\\/fjala.info\\\/2009-2015\\\/?s={search_term_string}\"},\"query-input\":{\"@type\":\"PropertyValueSpecification\",\"valueRequired\":true,\"valueName\":\"search_term_string\"}}],\"inLanguage\":\"sq-AL\"},{\"@type\":\"Organization\",\"@id\":\"https:\\\/\\\/fjala.info\\\/2009-2015\\\/#organization\",\"name\":\"FjALA e LIR\u00cb - Arkivi\",\"url\":\"https:\\\/\\\/fjala.info\\\/2009-2015\\\/\",\"logo\":{\"@type\":\"ImageObject\",\"inLanguage\":\"sq-AL\",\"@id\":\"https:\\\/\\\/fjala.info\\\/2009-2015\\\/#\\\/schema\\\/logo\\\/image\\\/\",\"url\":\"\",\"contentUrl\":\"\",\"caption\":\"FjALA e LIR\u00cb - Arkivi\"},\"image\":{\"@id\":\"https:\\\/\\\/fjala.info\\\/2009-2015\\\/#\\\/schema\\\/logo\\\/image\\\/\"}},{\"@type\":\"Person\",\"@id\":\"https:\\\/\\\/fjala.info\\\/2009-2015\\\/#\\\/schema\\\/person\\\/3aa1163ef05469c496fc94e77611ada2\",\"name\":\"admin\",\"image\":{\"@type\":\"ImageObject\",\"inLanguage\":\"sq-AL\",\"@id\":\"https:\\\/\\\/fjala.info\\\/2009-2015\\\/wp-content\\\/uploads\\\/2012\\\/02\\\/arben_cokaj-120x150.jpg\",\"url\":\"https:\\\/\\\/fjala.info\\\/2009-2015\\\/wp-content\\\/uploads\\\/2012\\\/02\\\/arben_cokaj-120x150.jpg\",\"contentUrl\":\"https:\\\/\\\/fjala.info\\\/2009-2015\\\/wp-content\\\/uploads\\\/2012\\\/02\\\/arben_cokaj-120x150.jpg\",\"caption\":\"admin\"},\"description\":\"Admin, Fjala e Lir\u00eb\",\"sameAs\":[\"https:\\\/\\\/fjala.info\\\/\"],\"url\":\"https:\\\/\\\/fjala.info\\\/2009-2015\\\/author\\\/admin\\\/\"}]}<\/script>\n<!-- \/ Yoast SEO plugin. -->","yoast_head_json":{"title":"NDAHET NGA JETA STUDIUESI DHE INTELEKTUALI MENTOR QUKU - FjALA e LIR\u00cb - Arkivi","robots":{"index":"index","follow":"follow","max-snippet":"max-snippet:-1","max-image-preview":"max-image-preview:large","max-video-preview":"max-video-preview:-1"},"canonical":"https:\/\/fjala.info\/2009-2015\/ndahet-nga-jeta-studiuesi-dhe-intelektuali-mentor-quku\/","og_locale":"sq_AL","og_type":"article","og_title":"NDAHET NGA JETA STUDIUESI DHE INTELEKTUALI MENTOR QUKU - FjALA e LIR\u00cb - Arkivi","og_description":"In Memoriam Dr. Nail Draga N\u00eb banes\u00ebn e tij n\u00eb Shkod\u00ebr e 31 maj 2014 n\u00eb mosh\u00ebn 75 vje\u00e7are, vdiq intelektuali dhe studiuesi i shquar prof. Mentor Quku, nd\u00ebrsa . varrimi u be.1.06. 2014 ne varrezat e Stom Golemit n\u00eb Shkoder.N\u00eb em\u00ebr t\u00eb miq\u00ebve dhe koleg\u00ebve fjal\u00ebn e mbajti studiuesi Nexhmi Bushati nd\u00ebrsa n\u00eb em\u00ebr [&hellip;]","og_url":"https:\/\/fjala.info\/2009-2015\/ndahet-nga-jeta-studiuesi-dhe-intelektuali-mentor-quku\/","og_site_name":"FjALA e LIR\u00cb - Arkivi","article_published_time":"2014-06-08T07:03:30+00:00","og_image":[{"url":"http:\/\/www.fjala.info\/2014\/dr_mentor_quku.jpg","type":"","width":"","height":""}],"author":"admin","twitter_card":"summary_large_image","twitter_misc":{"Written by":"admin","Est. reading time":"5 minutes"},"schema":{"@context":"https:\/\/schema.org","@graph":[{"@type":"Article","@id":"https:\/\/fjala.info\/2009-2015\/ndahet-nga-jeta-studiuesi-dhe-intelektuali-mentor-quku\/#article","isPartOf":{"@id":"https:\/\/fjala.info\/2009-2015\/ndahet-nga-jeta-studiuesi-dhe-intelektuali-mentor-quku\/"},"author":{"name":"admin","@id":"https:\/\/fjala.info\/2009-2015\/#\/schema\/person\/3aa1163ef05469c496fc94e77611ada2"},"headline":"NDAHET NGA JETA STUDIUESI DHE INTELEKTUALI MENTOR QUKU","datePublished":"2014-06-08T07:03:30+00:00","mainEntityOfPage":{"@id":"https:\/\/fjala.info\/2009-2015\/ndahet-nga-jeta-studiuesi-dhe-intelektuali-mentor-quku\/"},"wordCount":1003,"commentCount":0,"publisher":{"@id":"https:\/\/fjala.info\/2009-2015\/#organization"},"image":{"@id":"https:\/\/fjala.info\/2009-2015\/ndahet-nga-jeta-studiuesi-dhe-intelektuali-mentor-quku\/#primaryimage"},"thumbnailUrl":"http:\/\/www.fjala.info\/2014\/dr_mentor_quku.jpg","articleSection":["Artikuj"],"inLanguage":"sq-AL","potentialAction":[{"@type":"CommentAction","name":"Comment","target":["https:\/\/fjala.info\/2009-2015\/ndahet-nga-jeta-studiuesi-dhe-intelektuali-mentor-quku\/#respond"]}]},{"@type":"WebPage","@id":"https:\/\/fjala.info\/2009-2015\/ndahet-nga-jeta-studiuesi-dhe-intelektuali-mentor-quku\/","url":"https:\/\/fjala.info\/2009-2015\/ndahet-nga-jeta-studiuesi-dhe-intelektuali-mentor-quku\/","name":"NDAHET NGA JETA STUDIUESI DHE INTELEKTUALI MENTOR QUKU - FjALA e LIR\u00cb - Arkivi","isPartOf":{"@id":"https:\/\/fjala.info\/2009-2015\/#website"},"primaryImageOfPage":{"@id":"https:\/\/fjala.info\/2009-2015\/ndahet-nga-jeta-studiuesi-dhe-intelektuali-mentor-quku\/#primaryimage"},"image":{"@id":"https:\/\/fjala.info\/2009-2015\/ndahet-nga-jeta-studiuesi-dhe-intelektuali-mentor-quku\/#primaryimage"},"thumbnailUrl":"http:\/\/www.fjala.info\/2014\/dr_mentor_quku.jpg","datePublished":"2014-06-08T07:03:30+00:00","breadcrumb":{"@id":"https:\/\/fjala.info\/2009-2015\/ndahet-nga-jeta-studiuesi-dhe-intelektuali-mentor-quku\/#breadcrumb"},"inLanguage":"sq-AL","potentialAction":[{"@type":"ReadAction","target":["https:\/\/fjala.info\/2009-2015\/ndahet-nga-jeta-studiuesi-dhe-intelektuali-mentor-quku\/"]}]},{"@type":"ImageObject","inLanguage":"sq-AL","@id":"https:\/\/fjala.info\/2009-2015\/ndahet-nga-jeta-studiuesi-dhe-intelektuali-mentor-quku\/#primaryimage","url":"http:\/\/www.fjala.info\/2014\/dr_mentor_quku.jpg","contentUrl":"http:\/\/www.fjala.info\/2014\/dr_mentor_quku.jpg"},{"@type":"BreadcrumbList","@id":"https:\/\/fjala.info\/2009-2015\/ndahet-nga-jeta-studiuesi-dhe-intelektuali-mentor-quku\/#breadcrumb","itemListElement":[{"@type":"ListItem","position":1,"name":"Home","item":"https:\/\/fjala.info\/2009-2015\/"},{"@type":"ListItem","position":2,"name":"NDAHET NGA JETA STUDIUESI DHE INTELEKTUALI MENTOR QUKU"}]},{"@type":"WebSite","@id":"https:\/\/fjala.info\/2009-2015\/#website","url":"https:\/\/fjala.info\/2009-2015\/","name":"FjALA e LIR\u00cb - Arkivi","description":"Arkivi 2009-2015","publisher":{"@id":"https:\/\/fjala.info\/2009-2015\/#organization"},"potentialAction":[{"@type":"SearchAction","target":{"@type":"EntryPoint","urlTemplate":"https:\/\/fjala.info\/2009-2015\/?s={search_term_string}"},"query-input":{"@type":"PropertyValueSpecification","valueRequired":true,"valueName":"search_term_string"}}],"inLanguage":"sq-AL"},{"@type":"Organization","@id":"https:\/\/fjala.info\/2009-2015\/#organization","name":"FjALA e LIR\u00cb - Arkivi","url":"https:\/\/fjala.info\/2009-2015\/","logo":{"@type":"ImageObject","inLanguage":"sq-AL","@id":"https:\/\/fjala.info\/2009-2015\/#\/schema\/logo\/image\/","url":"","contentUrl":"","caption":"FjALA e LIR\u00cb - Arkivi"},"image":{"@id":"https:\/\/fjala.info\/2009-2015\/#\/schema\/logo\/image\/"}},{"@type":"Person","@id":"https:\/\/fjala.info\/2009-2015\/#\/schema\/person\/3aa1163ef05469c496fc94e77611ada2","name":"admin","image":{"@type":"ImageObject","inLanguage":"sq-AL","@id":"https:\/\/fjala.info\/2009-2015\/wp-content\/uploads\/2012\/02\/arben_cokaj-120x150.jpg","url":"https:\/\/fjala.info\/2009-2015\/wp-content\/uploads\/2012\/02\/arben_cokaj-120x150.jpg","contentUrl":"https:\/\/fjala.info\/2009-2015\/wp-content\/uploads\/2012\/02\/arben_cokaj-120x150.jpg","caption":"admin"},"description":"Admin, Fjala e Lir\u00eb","sameAs":["https:\/\/fjala.info\/"],"url":"https:\/\/fjala.info\/2009-2015\/author\/admin\/"}]}},"_links":{"self":[{"href":"https:\/\/fjala.info\/2009-2015\/wp-json\/wp\/v2\/posts\/13588","targetHints":{"allow":["GET"]}}],"collection":[{"href":"https:\/\/fjala.info\/2009-2015\/wp-json\/wp\/v2\/posts"}],"about":[{"href":"https:\/\/fjala.info\/2009-2015\/wp-json\/wp\/v2\/types\/post"}],"author":[{"embeddable":true,"href":"https:\/\/fjala.info\/2009-2015\/wp-json\/wp\/v2\/users\/1"}],"replies":[{"embeddable":true,"href":"https:\/\/fjala.info\/2009-2015\/wp-json\/wp\/v2\/comments?post=13588"}],"version-history":[{"count":0,"href":"https:\/\/fjala.info\/2009-2015\/wp-json\/wp\/v2\/posts\/13588\/revisions"}],"wp:attachment":[{"href":"https:\/\/fjala.info\/2009-2015\/wp-json\/wp\/v2\/media?parent=13588"}],"wp:term":[{"taxonomy":"category","embeddable":true,"href":"https:\/\/fjala.info\/2009-2015\/wp-json\/wp\/v2\/categories?post=13588"},{"taxonomy":"post_tag","embeddable":true,"href":"https:\/\/fjala.info\/2009-2015\/wp-json\/wp\/v2\/tags?post=13588"}],"curies":[{"name":"wp","href":"https:\/\/api.w.org\/{rel}","templated":true}]}}